{"id":6492,"date":"2023-03-20T08:22:20","date_gmt":"2023-03-20T08:22:20","guid":{"rendered":"https:\/\/www.mobilier-design-occasion.fr\/magazine\/?p=6492"},"modified":"2023-09-25T13:39:47","modified_gmt":"2023-09-25T13:39:47","slug":"comment-optimiser-lespace-sous-les-escaliers","status":"publish","type":"post","link":"https:\/\/www.mobilier-design-occasion.fr\/magazine\/comment-optimiser-lespace-sous-les-escaliers\/","title":{"rendered":"Comment optimiser l\u2019espace sous les escaliers\u2009?"},"content":{"rendered":"\n<p>L\u2019espace sous l\u2019escalier est g\u00e9n\u00e9ralement consid\u00e9r\u00e9 comme un&nbsp;<strong>espace perdu<\/strong>. Cependant, il est possible d\u2019<strong>exploiter les quelques m\u00e8tres carr\u00e9s sous vos escaliers<\/strong>&nbsp;pour rendre l\u2019espace fonctionnel. Plusieurs possibilit\u00e9s s\u2019offrent \u00e0 vous pour l\u2019am\u00e9nagement de l\u2019espace sous vos escaliers.<\/p>\n\n\n\n<h2 class=\"wp-block-heading\">Installer un dressing suppl\u00e9mentaire sous les escaliers<\/h2>\n\n\n\n<p>Lorsque vous \u00eates en manque d\u2019espace pour ranger vos chaussures et manteaux par exemple, le&nbsp;<strong><a href=\"https:\/\/www.mobilier-design-occasion.fr\/magazine\/quand-lelegance-rencontre-lergonomie-pourquoi-je-suis-convaincu-que-votre-dressing-sur-mesure-doit-etre-une-signature-interieure\/\">dressing<\/a> sous escalier<\/strong>&nbsp;sera la solution id\u00e9ale. En effet, il est possible de disposer d\u2019un espace de rangement suppl\u00e9mentaire qui se veut fonctionnel. Si vous avez un escalier droit, il est conseill\u00e9 d\u2019<strong>exploiter toute la hauteur et la profondeur des marches<\/strong>.<\/p>\n\n\n\n<p>Discret et apportant du style \u00e0 l\u2019espace, le&nbsp;<a href=\"https:\/\/artisanat-france.fr\/le-placard-sous-escalier\/\">meuble de rangement sous un escalier<\/a>&nbsp;permettra de&nbsp;<strong>d\u00e9sencombrer vos placards<\/strong>. Ainsi, pour des escaliers situ\u00e9s \u00e0 c\u00f4t\u00e9 de l\u2019entr\u00e9e, il est possible de&nbsp;<strong>fixer une barre de penderie en haut pour accrocher les manteaux<\/strong>. Des&nbsp;<strong>paniers en osier serviront pour vos gants, \u00e9charpes, cl\u00e9s<\/strong>, etc.<\/p>\n\n\n\n<h2 class=\"wp-block-heading\">Gagner en fonctionnalit\u00e9 avec un bureau sous escalier<\/h2>\n\n\n\n<p>Sous un escalier ouvert, le bureau sera un excellent choix d\u2019am\u00e9nagement. C\u2019est l\u2019option id\u00e9ale pour les personnes qui souhaitent&nbsp;<strong>am\u00e9nager un espace de travail \u00e0 la maison<\/strong>. Il est possible de concevoir un&nbsp;<strong>meuble de bureau sur-mesure<\/strong>&nbsp;de sorte qu\u2019il soit adapt\u00e9 \u00e0 l\u2019escalier.<\/p>\n\n\n\n<p>Vous pourrez \u00e9galement&nbsp;<strong>pr\u00e9voir un petit espace de d\u00e9tente<\/strong>&nbsp;pour lire un livre ou regarder votre s\u00e9rie pr\u00e9f\u00e9r\u00e9e. Il est alors n\u00e9cessaire de pr\u00e9voir&nbsp;:<\/p>\n\n\n\n<ul class=\"wp-block-list\">\n<li><strong>Des prises \u00e9lectriques&nbsp;<\/strong>;<\/li>\n\n\n\n<li>Un \u00e9clairage suffisant ;<\/li>\n\n\n\n<li><strong>Un fauteu<\/strong>il, etc.<\/li>\n<\/ul>\n\n\n\n<p>\u00c0 vous de choisir le style qui convient le mieux \u00e0 ce bureau sous vos escaliers.<\/p>\n","protected":false},"excerpt":{"rendered":"<p>L\u2019espace sous l\u2019escalier est g\u00e9n\u00e9ralement consid\u00e9r\u00e9 comme un&nbsp;espace perdu. Cependant, il est possible d\u2019exploiter les quelques m\u00e8tres carr\u00e9s sous vos escaliers&nbsp;pour rendre l\u2019espace fonctionnel. Plusieurs possibilit\u00e9s s\u2019offrent \u00e0 vous pour l\u2019am\u00e9nagement de l\u2019espace sous vos escaliers. Installer un dressing suppl\u00e9mentaire sous les escaliers Lorsque vous \u00eates en manque d\u2019espace pour ranger vos chaussures et manteaux [&hellip;]<\/p>\n","protected":false},"author":1,"featured_media":6493,"comment_status":"open","ping_status":"open","sticky":false,"template":"","format":"standard","meta":{"footnotes":""},"categories":[2],"tags":[],"class_list":["post-6492","post","type-post","status-publish","format-standard","has-post-thumbnail","hentry","category-tendances"],"yoast_head":"<!-- This site is optimized with the Yoast SEO plugin v27.5 - https:\/\/yoast.com\/product\/yoast-seo-wordpress\/ -->\n<title>Comment optimiser l\u2019espace sous les escaliers\u2009? - Mobilier Design Magazine<\/title>\n<meta name=\"robots\" content=\"index, follow, max-snippet:-1, max-image-preview:large, max-video-preview:-1\" \/>\n<link rel=\"canonical\" href=\"https:\/\/www.mobilier-design-occasion.fr\/magazine\/comment-optimiser-lespace-sous-les-escaliers\/\" \/>\n<meta property=\"og:locale\" content=\"fr_FR\" \/>\n<meta property=\"og:type\" content=\"article\" \/>\n<meta property=\"og:title\" content=\"Comment optimiser l\u2019espace sous les escaliers\u2009? - Mobilier Design Magazine\" \/>\n<meta property=\"og:description\" content=\"L\u2019espace sous l\u2019escalier est g\u00e9n\u00e9ralement consid\u00e9r\u00e9 comme un&nbsp;espace perdu. Cependant, il est possible d\u2019exploiter les quelques m\u00e8tres carr\u00e9s sous vos escaliers&nbsp;pour rendre l\u2019espace fonctionnel. Plusieurs possibilit\u00e9s s\u2019offrent \u00e0 vous pour l\u2019am\u00e9nagement de l\u2019espace sous vos escaliers. Installer un dressing suppl\u00e9mentaire sous les escaliers Lorsque vous \u00eates en manque d\u2019espace pour ranger vos chaussures et manteaux [&hellip;]\" \/>\n<meta property=\"og:url\" content=\"https:\/\/www.mobilier-design-occasion.fr\/magazine\/comment-optimiser-lespace-sous-les-escaliers\/\" \/>\n<meta property=\"og:site_name\" content=\"Mobilier Design Magazine\" \/>\n<meta property=\"article:publisher\" content=\"https:\/\/www.facebook.com\/mobilierdesignoccasion\" \/>\n<meta property=\"article:published_time\" content=\"2023-03-20T08:22:20+00:00\" \/>\n<meta property=\"article:modified_time\" content=\"2023-09-25T13:39:47+00:00\" \/>\n<meta property=\"og:image\" content=\"https:\/\/www.mobilier-design-occasion.fr\/magazine\/wp-content\/uploads\/2023\/03\/cbebd7b371774aa9e33a90000bc860ab.jpg\" \/>\n\t<meta property=\"og:image:width\" content=\"1280\" \/>\n\t<meta property=\"og:image:height\" content=\"853\" \/>\n\t<meta property=\"og:image:type\" content=\"image\/jpeg\" \/>\n<meta name=\"author\" content=\"Cyrielle Poirot\" \/>\n<meta name=\"twitter:card\" content=\"summary_large_image\" \/>\n<meta name=\"twitter:label1\" content=\"\u00c9crit par\" \/>\n\t<meta name=\"twitter:data1\" content=\"Cyrielle Poirot\" \/>\n\t<meta name=\"twitter:label2\" content=\"Dur\u00e9e de lecture estim\u00e9e\" \/>\n\t<meta name=\"twitter:data2\" content=\"2 minutes\" \/>\n<script type=\"application\/ld+json\" class=\"yoast-schema-graph\">{\"@context\":\"https:\\\/\\\/schema.org\",\"@graph\":[{\"@type\":\"Article\",\"@id\":\"https:\\\/\\\/www.mobilier-design-occasion.fr\\\/magazine\\\/comment-optimiser-lespace-sous-les-escaliers\\\/#article\",\"isPartOf\":{\"@id\":\"https:\\\/\\\/www.mobilier-design-occasion.fr\\\/magazine\\\/comment-optimiser-lespace-sous-les-escaliers\\\/\"},\"author\":{\"name\":\"Cyrielle Poirot\",\"@id\":\"https:\\\/\\\/www.mobilier-design-occasion.fr\\\/magazine\\\/#\\\/schema\\\/person\\\/5b2e5627a714ddadaaf8c9b886c55eff\"},\"headline\":\"Comment optimiser l\u2019espace sous les escaliers\u2009?\",\"datePublished\":\"2023-03-20T08:22:20+00:00\",\"dateModified\":\"2023-09-25T13:39:47+00:00\",\"mainEntityOfPage\":{\"@id\":\"https:\\\/\\\/www.mobilier-design-occasion.fr\\\/magazine\\\/comment-optimiser-lespace-sous-les-escaliers\\\/\"},\"wordCount\":315,\"commentCount\":0,\"publisher\":{\"@id\":\"https:\\\/\\\/www.mobilier-design-occasion.fr\\\/magazine\\\/#organization\"},\"image\":{\"@id\":\"https:\\\/\\\/www.mobilier-design-occasion.fr\\\/magazine\\\/comment-optimiser-lespace-sous-les-escaliers\\\/#primaryimage\"},\"thumbnailUrl\":\"https:\\\/\\\/www.mobilier-design-occasion.fr\\\/magazine\\\/wp-content\\\/uploads\\\/2023\\\/03\\\/cbebd7b371774aa9e33a90000bc860ab.jpg\",\"articleSection\":[\"Tendances\"],\"inLanguage\":\"fr-FR\",\"potentialAction\":[{\"@type\":\"CommentAction\",\"name\":\"Comment\",\"target\":[\"https:\\\/\\\/www.mobilier-design-occasion.fr\\\/magazine\\\/comment-optimiser-lespace-sous-les-escaliers\\\/#respond\"]}]},{\"@type\":\"WebPage\",\"@id\":\"https:\\\/\\\/www.mobilier-design-occasion.fr\\\/magazine\\\/comment-optimiser-lespace-sous-les-escaliers\\\/\",\"url\":\"https:\\\/\\\/www.mobilier-design-occasion.fr\\\/magazine\\\/comment-optimiser-lespace-sous-les-escaliers\\\/\",\"name\":\"Comment optimiser l\u2019espace sous les escaliers\u2009? - Mobilier Design Magazine\",\"isPartOf\":{\"@id\":\"https:\\\/\\\/www.mobilier-design-occasion.fr\\\/magazine\\\/#website\"},\"primaryImageOfPage\":{\"@id\":\"https:\\\/\\\/www.mobilier-design-occasion.fr\\\/magazine\\\/comment-optimiser-lespace-sous-les-escaliers\\\/#primaryimage\"},\"image\":{\"@id\":\"https:\\\/\\\/www.mobilier-design-occasion.fr\\\/magazine\\\/comment-optimiser-lespace-sous-les-escaliers\\\/#primaryimage\"},\"thumbnailUrl\":\"https:\\\/\\\/www.mobilier-design-occasion.fr\\\/magazine\\\/wp-content\\\/uploads\\\/2023\\\/03\\\/cbebd7b371774aa9e33a90000bc860ab.jpg\",\"datePublished\":\"2023-03-20T08:22:20+00:00\",\"dateModified\":\"2023-09-25T13:39:47+00:00\",\"breadcrumb\":{\"@id\":\"https:\\\/\\\/www.mobilier-design-occasion.fr\\\/magazine\\\/comment-optimiser-lespace-sous-les-escaliers\\\/#breadcrumb\"},\"inLanguage\":\"fr-FR\",\"potentialAction\":[{\"@type\":\"ReadAction\",\"target\":[\"https:\\\/\\\/www.mobilier-design-occasion.fr\\\/magazine\\\/comment-optimiser-lespace-sous-les-escaliers\\\/\"]}]},{\"@type\":\"ImageObject\",\"inLanguage\":\"fr-FR\",\"@id\":\"https:\\\/\\\/www.mobilier-design-occasion.fr\\\/magazine\\\/comment-optimiser-lespace-sous-les-escaliers\\\/#primaryimage\",\"url\":\"https:\\\/\\\/www.mobilier-design-occasion.fr\\\/magazine\\\/wp-content\\\/uploads\\\/2023\\\/03\\\/cbebd7b371774aa9e33a90000bc860ab.jpg\",\"contentUrl\":\"https:\\\/\\\/www.mobilier-design-occasion.fr\\\/magazine\\\/wp-content\\\/uploads\\\/2023\\\/03\\\/cbebd7b371774aa9e33a90000bc860ab.jpg\",\"width\":1280,\"height\":853},{\"@type\":\"BreadcrumbList\",\"@id\":\"https:\\\/\\\/www.mobilier-design-occasion.fr\\\/magazine\\\/comment-optimiser-lespace-sous-les-escaliers\\\/#breadcrumb\",\"itemListElement\":[{\"@type\":\"ListItem\",\"position\":1,\"name\":\"Accueil\",\"item\":\"https:\\\/\\\/www.mobilier-design-occasion.fr\\\/magazine\\\/\"},{\"@type\":\"ListItem\",\"position\":2,\"name\":\"Comment optimiser l\u2019espace sous les escaliers\u2009?\"}]},{\"@type\":\"WebSite\",\"@id\":\"https:\\\/\\\/www.mobilier-design-occasion.fr\\\/magazine\\\/#website\",\"url\":\"https:\\\/\\\/www.mobilier-design-occasion.fr\\\/magazine\\\/\",\"name\":\"Mobilier Design Magazine\",\"description\":\"\",\"publisher\":{\"@id\":\"https:\\\/\\\/www.mobilier-design-occasion.fr\\\/magazine\\\/#organization\"},\"potentialAction\":[{\"@type\":\"SearchAction\",\"target\":{\"@type\":\"EntryPoint\",\"urlTemplate\":\"https:\\\/\\\/www.mobilier-design-occasion.fr\\\/magazine\\\/?s={search_term_string}\"},\"query-input\":{\"@type\":\"PropertyValueSpecification\",\"valueRequired\":true,\"valueName\":\"search_term_string\"}}],\"inLanguage\":\"fr-FR\"},{\"@type\":\"Organization\",\"@id\":\"https:\\\/\\\/www.mobilier-design-occasion.fr\\\/magazine\\\/#organization\",\"name\":\"Mobilier Design Magazine\",\"url\":\"https:\\\/\\\/www.mobilier-design-occasion.fr\\\/magazine\\\/\",\"logo\":{\"@type\":\"ImageObject\",\"inLanguage\":\"fr-FR\",\"@id\":\"https:\\\/\\\/www.mobilier-design-occasion.fr\\\/magazine\\\/#\\\/schema\\\/logo\\\/image\\\/\",\"url\":\"https:\\\/\\\/www.mobilier-design-occasion.fr\\\/magazine\\\/wp-content\\\/uploads\\\/2024\\\/02\\\/android-chrome-192x192-1.png\",\"contentUrl\":\"https:\\\/\\\/www.mobilier-design-occasion.fr\\\/magazine\\\/wp-content\\\/uploads\\\/2024\\\/02\\\/android-chrome-192x192-1.png\",\"width\":192,\"height\":192,\"caption\":\"Mobilier Design Magazine\"},\"image\":{\"@id\":\"https:\\\/\\\/www.mobilier-design-occasion.fr\\\/magazine\\\/#\\\/schema\\\/logo\\\/image\\\/\"},\"sameAs\":[\"https:\\\/\\\/www.facebook.com\\\/mobilierdesignoccasion\"]},{\"@type\":\"Person\",\"@id\":\"https:\\\/\\\/www.mobilier-design-occasion.fr\\\/magazine\\\/#\\\/schema\\\/person\\\/5b2e5627a714ddadaaf8c9b886c55eff\",\"name\":\"Cyrielle Poirot\",\"image\":{\"@type\":\"ImageObject\",\"inLanguage\":\"fr-FR\",\"@id\":\"https:\\\/\\\/secure.gravatar.com\\\/avatar\\\/c8d2674e093b06894d8d1dc468b626bd752523471f3ac6e75f7c7a1400d40b4d?s=96&d=mm&r=g\",\"url\":\"https:\\\/\\\/secure.gravatar.com\\\/avatar\\\/c8d2674e093b06894d8d1dc468b626bd752523471f3ac6e75f7c7a1400d40b4d?s=96&d=mm&r=g\",\"contentUrl\":\"https:\\\/\\\/secure.gravatar.com\\\/avatar\\\/c8d2674e093b06894d8d1dc468b626bd752523471f3ac6e75f7c7a1400d40b4d?s=96&d=mm&r=g\",\"caption\":\"Cyrielle Poirot\"},\"description\":\"Cyrielle est passionn\u00e9e par la d\u00e9coration d'int\u00e9rieur et s'est sp\u00e9cialis\u00e9e depuis quelques ann\u00e9es dans l'\u00e9dition du site Mobilier-Design, avec une touche sp\u00e9cifique pour les produits d'occasion.\",\"sameAs\":[\"https:\\\/\\\/www.mobilier-design-occasion.fr\\\/magazine\"],\"url\":\"https:\\\/\\\/www.mobilier-design-occasion.fr\\\/magazine\\\/author\\\/cyrielle\\\/\"}]}<\/script>\n<!-- \/ Yoast SEO plugin. -->","yoast_head_json":{"title":"Comment optimiser l\u2019espace sous les escaliers\u2009? - Mobilier Design Magazine","robots":{"index":"index","follow":"follow","max-snippet":"max-snippet:-1","max-image-preview":"max-image-preview:large","max-video-preview":"max-video-preview:-1"},"canonical":"https:\/\/www.mobilier-design-occasion.fr\/magazine\/comment-optimiser-lespace-sous-les-escaliers\/","og_locale":"fr_FR","og_type":"article","og_title":"Comment optimiser l\u2019espace sous les escaliers\u2009? - Mobilier Design Magazine","og_description":"L\u2019espace sous l\u2019escalier est g\u00e9n\u00e9ralement consid\u00e9r\u00e9 comme un&nbsp;espace perdu. Cependant, il est possible d\u2019exploiter les quelques m\u00e8tres carr\u00e9s sous vos escaliers&nbsp;pour rendre l\u2019espace fonctionnel. Plusieurs possibilit\u00e9s s\u2019offrent \u00e0 vous pour l\u2019am\u00e9nagement de l\u2019espace sous vos escaliers. Installer un dressing suppl\u00e9mentaire sous les escaliers Lorsque vous \u00eates en manque d\u2019espace pour ranger vos chaussures et manteaux [&hellip;]","og_url":"https:\/\/www.mobilier-design-occasion.fr\/magazine\/comment-optimiser-lespace-sous-les-escaliers\/","og_site_name":"Mobilier Design Magazine","article_publisher":"https:\/\/www.facebook.com\/mobilierdesignoccasion","article_published_time":"2023-03-20T08:22:20+00:00","article_modified_time":"2023-09-25T13:39:47+00:00","og_image":[{"width":1280,"height":853,"url":"https:\/\/www.mobilier-design-occasion.fr\/magazine\/wp-content\/uploads\/2023\/03\/cbebd7b371774aa9e33a90000bc860ab.jpg","type":"image\/jpeg"}],"author":"Cyrielle Poirot","twitter_card":"summary_large_image","twitter_misc":{"\u00c9crit par":"Cyrielle Poirot","Dur\u00e9e de lecture estim\u00e9e":"2 minutes"},"schema":{"@context":"https:\/\/schema.org","@graph":[{"@type":"Article","@id":"https:\/\/www.mobilier-design-occasion.fr\/magazine\/comment-optimiser-lespace-sous-les-escaliers\/#article","isPartOf":{"@id":"https:\/\/www.mobilier-design-occasion.fr\/magazine\/comment-optimiser-lespace-sous-les-escaliers\/"},"author":{"name":"Cyrielle Poirot","@id":"https:\/\/www.mobilier-design-occasion.fr\/magazine\/#\/schema\/person\/5b2e5627a714ddadaaf8c9b886c55eff"},"headline":"Comment optimiser l\u2019espace sous les escaliers\u2009?","datePublished":"2023-03-20T08:22:20+00:00","dateModified":"2023-09-25T13:39:47+00:00","mainEntityOfPage":{"@id":"https:\/\/www.mobilier-design-occasion.fr\/magazine\/comment-optimiser-lespace-sous-les-escaliers\/"},"wordCount":315,"commentCount":0,"publisher":{"@id":"https:\/\/www.mobilier-design-occasion.fr\/magazine\/#organization"},"image":{"@id":"https:\/\/www.mobilier-design-occasion.fr\/magazine\/comment-optimiser-lespace-sous-les-escaliers\/#primaryimage"},"thumbnailUrl":"https:\/\/www.mobilier-design-occasion.fr\/magazine\/wp-content\/uploads\/2023\/03\/cbebd7b371774aa9e33a90000bc860ab.jpg","articleSection":["Tendances"],"inLanguage":"fr-FR","potentialAction":[{"@type":"CommentAction","name":"Comment","target":["https:\/\/www.mobilier-design-occasion.fr\/magazine\/comment-optimiser-lespace-sous-les-escaliers\/#respond"]}]},{"@type":"WebPage","@id":"https:\/\/www.mobilier-design-occasion.fr\/magazine\/comment-optimiser-lespace-sous-les-escaliers\/","url":"https:\/\/www.mobilier-design-occasion.fr\/magazine\/comment-optimiser-lespace-sous-les-escaliers\/","name":"Comment optimiser l\u2019espace sous les escaliers\u2009? - Mobilier Design Magazine","isPartOf":{"@id":"https:\/\/www.mobilier-design-occasion.fr\/magazine\/#website"},"primaryImageOfPage":{"@id":"https:\/\/www.mobilier-design-occasion.fr\/magazine\/comment-optimiser-lespace-sous-les-escaliers\/#primaryimage"},"image":{"@id":"https:\/\/www.mobilier-design-occasion.fr\/magazine\/comment-optimiser-lespace-sous-les-escaliers\/#primaryimage"},"thumbnailUrl":"https:\/\/www.mobilier-design-occasion.fr\/magazine\/wp-content\/uploads\/2023\/03\/cbebd7b371774aa9e33a90000bc860ab.jpg","datePublished":"2023-03-20T08:22:20+00:00","dateModified":"2023-09-25T13:39:47+00:00","breadcrumb":{"@id":"https:\/\/www.mobilier-design-occasion.fr\/magazine\/comment-optimiser-lespace-sous-les-escaliers\/#breadcrumb"},"inLanguage":"fr-FR","potentialAction":[{"@type":"ReadAction","target":["https:\/\/www.mobilier-design-occasion.fr\/magazine\/comment-optimiser-lespace-sous-les-escaliers\/"]}]},{"@type":"ImageObject","inLanguage":"fr-FR","@id":"https:\/\/www.mobilier-design-occasion.fr\/magazine\/comment-optimiser-lespace-sous-les-escaliers\/#primaryimage","url":"https:\/\/www.mobilier-design-occasion.fr\/magazine\/wp-content\/uploads\/2023\/03\/cbebd7b371774aa9e33a90000bc860ab.jpg","contentUrl":"https:\/\/www.mobilier-design-occasion.fr\/magazine\/wp-content\/uploads\/2023\/03\/cbebd7b371774aa9e33a90000bc860ab.jpg","width":1280,"height":853},{"@type":"BreadcrumbList","@id":"https:\/\/www.mobilier-design-occasion.fr\/magazine\/comment-optimiser-lespace-sous-les-escaliers\/#breadcrumb","itemListElement":[{"@type":"ListItem","position":1,"name":"Accueil","item":"https:\/\/www.mobilier-design-occasion.fr\/magazine\/"},{"@type":"ListItem","position":2,"name":"Comment optimiser l\u2019espace sous les escaliers\u2009?"}]},{"@type":"WebSite","@id":"https:\/\/www.mobilier-design-occasion.fr\/magazine\/#website","url":"https:\/\/www.mobilier-design-occasion.fr\/magazine\/","name":"Mobilier Design Magazine","description":"","publisher":{"@id":"https:\/\/www.mobilier-design-occasion.fr\/magazine\/#organization"},"potentialAction":[{"@type":"SearchAction","target":{"@type":"EntryPoint","urlTemplate":"https:\/\/www.mobilier-design-occasion.fr\/magazine\/?s={search_term_string}"},"query-input":{"@type":"PropertyValueSpecification","valueRequired":true,"valueName":"search_term_string"}}],"inLanguage":"fr-FR"},{"@type":"Organization","@id":"https:\/\/www.mobilier-design-occasion.fr\/magazine\/#organization","name":"Mobilier Design Magazine","url":"https:\/\/www.mobilier-design-occasion.fr\/magazine\/","logo":{"@type":"ImageObject","inLanguage":"fr-FR","@id":"https:\/\/www.mobilier-design-occasion.fr\/magazine\/#\/schema\/logo\/image\/","url":"https:\/\/www.mobilier-design-occasion.fr\/magazine\/wp-content\/uploads\/2024\/02\/android-chrome-192x192-1.png","contentUrl":"https:\/\/www.mobilier-design-occasion.fr\/magazine\/wp-content\/uploads\/2024\/02\/android-chrome-192x192-1.png","width":192,"height":192,"caption":"Mobilier Design Magazine"},"image":{"@id":"https:\/\/www.mobilier-design-occasion.fr\/magazine\/#\/schema\/logo\/image\/"},"sameAs":["https:\/\/www.facebook.com\/mobilierdesignoccasion"]},{"@type":"Person","@id":"https:\/\/www.mobilier-design-occasion.fr\/magazine\/#\/schema\/person\/5b2e5627a714ddadaaf8c9b886c55eff","name":"Cyrielle Poirot","image":{"@type":"ImageObject","inLanguage":"fr-FR","@id":"https:\/\/secure.gravatar.com\/avatar\/c8d2674e093b06894d8d1dc468b626bd752523471f3ac6e75f7c7a1400d40b4d?s=96&d=mm&r=g","url":"https:\/\/secure.gravatar.com\/avatar\/c8d2674e093b06894d8d1dc468b626bd752523471f3ac6e75f7c7a1400d40b4d?s=96&d=mm&r=g","contentUrl":"https:\/\/secure.gravatar.com\/avatar\/c8d2674e093b06894d8d1dc468b626bd752523471f3ac6e75f7c7a1400d40b4d?s=96&d=mm&r=g","caption":"Cyrielle Poirot"},"description":"Cyrielle est passionn\u00e9e par la d\u00e9coration d'int\u00e9rieur et s'est sp\u00e9cialis\u00e9e depuis quelques ann\u00e9es dans l'\u00e9dition du site Mobilier-Design, avec une touche sp\u00e9cifique pour les produits d'occasion.","sameAs":["https:\/\/www.mobilier-design-occasion.fr\/magazine"],"url":"https:\/\/www.mobilier-design-occasion.fr\/magazine\/author\/cyrielle\/"}]}},"_links":{"self":[{"href":"https:\/\/www.mobilier-design-occasion.fr\/magazine\/wp-json\/wp\/v2\/posts\/6492","targetHints":{"allow":["GET"]}}],"collection":[{"href":"https:\/\/www.mobilier-design-occasion.fr\/magazine\/wp-json\/wp\/v2\/posts"}],"about":[{"href":"https:\/\/www.mobilier-design-occasion.fr\/magazine\/wp-json\/wp\/v2\/types\/post"}],"author":[{"embeddable":true,"href":"https:\/\/www.mobilier-design-occasion.fr\/magazine\/wp-json\/wp\/v2\/users\/1"}],"replies":[{"embeddable":true,"href":"https:\/\/www.mobilier-design-occasion.fr\/magazine\/wp-json\/wp\/v2\/comments?post=6492"}],"version-history":[{"count":1,"href":"https:\/\/www.mobilier-design-occasion.fr\/magazine\/wp-json\/wp\/v2\/posts\/6492\/revisions"}],"predecessor-version":[{"id":6494,"href":"https:\/\/www.mobilier-design-occasion.fr\/magazine\/wp-json\/wp\/v2\/posts\/6492\/revisions\/6494"}],"wp:featuredmedia":[{"embeddable":true,"href":"https:\/\/www.mobilier-design-occasion.fr\/magazine\/wp-json\/wp\/v2\/media\/6493"}],"wp:attachment":[{"href":"https:\/\/www.mobilier-design-occasion.fr\/magazine\/wp-json\/wp\/v2\/media?parent=6492"}],"wp:term":[{"taxonomy":"category","embeddable":true,"href":"https:\/\/www.mobilier-design-occasion.fr\/magazine\/wp-json\/wp\/v2\/categories?post=6492"},{"taxonomy":"post_tag","embeddable":true,"href":"https:\/\/www.mobilier-design-occasion.fr\/magazine\/wp-json\/wp\/v2\/tags?post=6492"}],"curies":[{"name":"wp","href":"https:\/\/api.w.org\/{rel}","templated":true}]}}