{"id":6429,"date":"2023-03-01T08:09:36","date_gmt":"2023-03-01T08:09:36","guid":{"rendered":"https:\/\/www.mobilier-design-occasion.fr\/magazine\/?p=6429"},"modified":"2023-03-01T08:09:58","modified_gmt":"2023-03-01T08:09:58","slug":"illuminez-votre-espace-de-travail-avec-la-lampe-de-bureau-ideale","status":"publish","type":"post","link":"https:\/\/www.mobilier-design-occasion.fr\/magazine\/illuminez-votre-espace-de-travail-avec-la-lampe-de-bureau-ideale\/","title":{"rendered":"Illuminez votre espace de travail avec la lampe de bureau id\u00e9ale !"},"content":{"rendered":"\n<p>Habitants de la France, avoir une <strong>lampe de bureau<\/strong> dans votre espace de travail est plus qu&#8217;un simple objet d\u00e9coratif. Elle peut en fait rendre votre vie professionnelle plus facile et plus efficace. Un \u00e9clairage appropri\u00e9 est essentiel pour accomplir des<br>t\u00e2ches rapidement et avec pr\u00e9cision, r\u00e9duire la fatigue oculaire et vous aider \u00e0 vous concentrer sur la t\u00e2che \u00e0 accomplir.<\/p>\n\n\n\n<p>C&#8217;est pourquoi il est important de trouver le bon type de <strong>lampe de bureau <\/strong>pour votre espace de travail. Examinons de plus pr\u00e8s pourquoi vous en avez besoin et quels types de lampes sont disponibles.<\/p>\n\n\n\n<h2 class=\"has-text-align-left wp-block-heading\">Pourquoi avez-vous besoin d&#8217;une lampe de bureau dans votre espace de travail ?<\/h2>\n\n\n\n<p>\u00c0 l&#8217;\u00e8re du digital, il ne fait aucun doute que nous passons la plupart de notre temps devant des \u00e9crans &#8211; ordinateurs, tablettes, t\u00e9l\u00e9phones, etc. Cela signifie que nos yeux sont expos\u00e9s \u00e0 la lumi\u00e8re bleue pendant de longues p\u00e9riodes, ce qui peut les<br>fatiguer et les fatiguer facilement.<\/p>\n\n\n\n<p>Si l&#8217;utilisation d&#8217;\u00e9crans antireflets peut contribuer \u00e0 r\u00e9duire les effets nocifs de la lumi\u00e8re bleue sur nos yeux, un espace de travail bien \u00e9clair\u00e9 permet de r\u00e9duire davantage la fatigue oculaire et d&#8217;am\u00e9liorer la productivit\u00e9.<\/p>\n\n\n\n<p>Avoir une <a href=\"https:\/\/www.madeindesign.com\/luminaire\/lampes-de-bureau.html\">lampe de bureau<\/a> dans votre espace de travail est plus qu&#8217;un simple objet d\u00e9coratif. Elle peut rendre votre vie professionnelle plus facile et plus efficace. Un \u00e9clairage appropri\u00e9 est essentiel pour accomplir des t\u00e2ches rapidement et avec<br>pr\u00e9cision, r\u00e9duire la fatigue oculaire et vous aider \u00e0 vous concentrer sur la t\u00e2che \u00e0 accomplir.<\/p>\n\n\n\n<h2 class=\"wp-block-heading\">Types de lampes de bureau disponibles<\/h2>\n\n\n\n<figure class=\"wp-block-image size-large\"><img loading=\"lazy\" decoding=\"async\" width=\"1024\" height=\"1024\" src=\"https:\/\/www.mobilier-design-occasion.fr\/magazine\/wp-content\/uploads\/2023\/03\/50-OFF-13-1024x1024.png\" alt=\"\" class=\"wp-image-6431\" srcset=\"https:\/\/www.mobilier-design-occasion.fr\/magazine\/wp-content\/uploads\/2023\/03\/50-OFF-13-1024x1024.png 1024w, https:\/\/www.mobilier-design-occasion.fr\/magazine\/wp-content\/uploads\/2023\/03\/50-OFF-13-300x300.png 300w, https:\/\/www.mobilier-design-occasion.fr\/magazine\/wp-content\/uploads\/2023\/03\/50-OFF-13-150x150.png 150w, https:\/\/www.mobilier-design-occasion.fr\/magazine\/wp-content\/uploads\/2023\/03\/50-OFF-13-768x768.png 768w, https:\/\/www.mobilier-design-occasion.fr\/magazine\/wp-content\/uploads\/2023\/03\/50-OFF-13-810x810.png 810w, https:\/\/www.mobilier-design-occasion.fr\/magazine\/wp-content\/uploads\/2023\/03\/50-OFF-13.png 1080w\" sizes=\"auto, (max-width: 1024px) 100vw, 1024px\" \/><\/figure>\n\n\n\n<p>Lorsque vous choisissez la lampe de bureau id\u00e9ale, il est important de tenir compte \u00e0 la fois de la fonction et du style pour prendre votre d\u00e9cision. Voici quelques types de lampes populaires disponibles sur le march\u00e9 aujourd&#8217;hui :<\/p>\n\n\n\n<ol class=\"wp-block-list\">\n<li><strong>Lampes de bureau \u00e0 LED<\/strong> : Les lampes \u00e0 LED sont \u00e9co \u00e9nerg\u00e9tiques et n\u00e9cessitent peu d&#8217;entretien, car elles consomment moins d&#8217;\u00e9nergie que les ampoules traditionnelles tout en fournissant un \u00e9clairage brillant. Elles existent<br>\u00e9galement en diff\u00e9rentes formes et tailles, ce qui les rend id\u00e9ales pour tout espace de travail ou bureau \u00e0 domicile ;<\/li>\n\n\n\n<li><strong>Lampes de travail<\/strong> : Les lampes de travail sont con\u00e7ues sp\u00e9cifiquement pour concentrer la lumi\u00e8re directement sur une zone sp\u00e9cifique telle qu&#8217;une maquette d&#8217;architecture ou une table \u00e0 dessin ; elles existent dans diff\u00e9rents styles, y compris les lampes \u00e0 bras oscillant qui vous permettent de d\u00e9placer l&#8217;abat-jour vers le haut ou vers le bas selon l&#8217;endroit o\u00f9 vous avez besoin de concentrer la lumi\u00e8re ;<\/li>\n\n\n\n<li><strong>Lampes \u00e0 pince<\/strong> : Les lampes \u00e0 pince se fixent solidement sur les bureaux gr\u00e2ce \u00e0 leurs pinces int\u00e9gr\u00e9es, ce qui les rend id\u00e9ales pour ceux qui veulent un \u00e9clairage suppl\u00e9mentaire sans prendre trop de place ; ce type de lampe est g\u00e9n\u00e9ralement dot\u00e9 de bras r\u00e9glables afin que vous puissiez positionner l&#8217;abat-jour exactement l\u00e0 o\u00f9 vous en avez besoin ;<\/li>\n\n\n\n<li><strong>Lampes sur pied <\/strong>: Les lampes sur pied fournissent un \u00e9clairage suffisant sans prendre trop de place puisqu&#8217;elles se tiennent debout au lieu de reposer sur les bureaux ; ce type de lampe est id\u00e9al pour ceux qui ont besoin d&#8217;un \u00e9clairage g\u00e9n\u00e9ral mais qui n&#8217;ont pas assez de place pour une lampe de table traditionnelle.<\/li>\n\n\n\n<li><strong>Lampes de table <\/strong>: Les lampes de table offrent \u00e0 la fois style et commodit\u00e9 puisqu&#8217;elles s&#8217;installent sur les bureaux tout en fournissant un \u00e9clairage suffisant ; ce type de lampe est disponible dans diff\u00e9rents designs allant du style minimaliste moderne au style vintage classique, ce qui permet de les adapter \u00e0 tout type de d\u00e9cor d&#8217;espace de travail.<\/li>\n<\/ol>\n","protected":false},"excerpt":{"rendered":"<p>Habitants de la France, avoir une lampe de bureau dans votre espace de travail est plus qu&#8217;un simple objet d\u00e9coratif. Elle peut en fait rendre votre vie professionnelle plus facile et plus efficace. Un \u00e9clairage appropri\u00e9 est essentiel pour accomplir dest\u00e2ches rapidement et avec pr\u00e9cision, r\u00e9duire la fatigue oculaire et vous aider \u00e0 vous concentrer [&hellip;]<\/p>\n","protected":false},"author":1,"featured_media":6430,"comment_status":"open","ping_status":"open","sticky":false,"template":"","format":"standard","meta":{"footnotes":""},"categories":[2],"tags":[],"class_list":["post-6429","post","type-post","status-publish","format-standard","has-post-thumbnail","hentry","category-tendances"],"yoast_head":"<!-- This site is optimized with the Yoast SEO plugin v27.5 - https:\/\/yoast.com\/product\/yoast-seo-wordpress\/ -->\n<title>Illuminez votre espace de travail avec la lampe de bureau id\u00e9ale ! - Mobilier Design Magazine<\/title>\n<meta name=\"robots\" content=\"index, follow, max-snippet:-1, max-image-preview:large, max-video-preview:-1\" \/>\n<link rel=\"canonical\" href=\"https:\/\/www.mobilier-design-occasion.fr\/magazine\/illuminez-votre-espace-de-travail-avec-la-lampe-de-bureau-ideale\/\" \/>\n<meta property=\"og:locale\" content=\"fr_FR\" \/>\n<meta property=\"og:type\" content=\"article\" \/>\n<meta property=\"og:title\" content=\"Illuminez votre espace de travail avec la lampe de bureau id\u00e9ale ! - Mobilier Design Magazine\" \/>\n<meta property=\"og:description\" content=\"Habitants de la France, avoir une lampe de bureau dans votre espace de travail est plus qu&#8217;un simple objet d\u00e9coratif. Elle peut en fait rendre votre vie professionnelle plus facile et plus efficace. Un \u00e9clairage appropri\u00e9 est essentiel pour accomplir dest\u00e2ches rapidement et avec pr\u00e9cision, r\u00e9duire la fatigue oculaire et vous aider \u00e0 vous concentrer [&hellip;]\" \/>\n<meta property=\"og:url\" content=\"https:\/\/www.mobilier-design-occasion.fr\/magazine\/illuminez-votre-espace-de-travail-avec-la-lampe-de-bureau-ideale\/\" \/>\n<meta property=\"og:site_name\" content=\"Mobilier Design Magazine\" \/>\n<meta property=\"article:publisher\" content=\"https:\/\/www.facebook.com\/mobilierdesignoccasion\" \/>\n<meta property=\"article:published_time\" content=\"2023-03-01T08:09:36+00:00\" \/>\n<meta property=\"article:modified_time\" content=\"2023-03-01T08:09:58+00:00\" \/>\n<meta property=\"og:image\" content=\"https:\/\/www.mobilier-design-occasion.fr\/magazine\/wp-content\/uploads\/2023\/03\/50-OFF-11.png\" \/>\n\t<meta property=\"og:image:width\" content=\"1080\" \/>\n\t<meta property=\"og:image:height\" content=\"1080\" \/>\n\t<meta property=\"og:image:type\" content=\"image\/png\" \/>\n<meta name=\"author\" content=\"Cyrielle Poirot\" \/>\n<meta name=\"twitter:card\" content=\"summary_large_image\" \/>\n<meta name=\"twitter:label1\" content=\"\u00c9crit par\" \/>\n\t<meta name=\"twitter:data1\" content=\"Cyrielle Poirot\" \/>\n\t<meta name=\"twitter:label2\" content=\"Dur\u00e9e de lecture estim\u00e9e\" \/>\n\t<meta name=\"twitter:data2\" content=\"3 minutes\" \/>\n<script type=\"application\/ld+json\" class=\"yoast-schema-graph\">{\"@context\":\"https:\\\/\\\/schema.org\",\"@graph\":[{\"@type\":\"Article\",\"@id\":\"https:\\\/\\\/www.mobilier-design-occasion.fr\\\/magazine\\\/illuminez-votre-espace-de-travail-avec-la-lampe-de-bureau-ideale\\\/#article\",\"isPartOf\":{\"@id\":\"https:\\\/\\\/www.mobilier-design-occasion.fr\\\/magazine\\\/illuminez-votre-espace-de-travail-avec-la-lampe-de-bureau-ideale\\\/\"},\"author\":{\"name\":\"Cyrielle Poirot\",\"@id\":\"https:\\\/\\\/www.mobilier-design-occasion.fr\\\/magazine\\\/#\\\/schema\\\/person\\\/5b2e5627a714ddadaaf8c9b886c55eff\"},\"headline\":\"Illuminez votre espace de travail avec la lampe de bureau id\u00e9ale !\",\"datePublished\":\"2023-03-01T08:09:36+00:00\",\"dateModified\":\"2023-03-01T08:09:58+00:00\",\"mainEntityOfPage\":{\"@id\":\"https:\\\/\\\/www.mobilier-design-occasion.fr\\\/magazine\\\/illuminez-votre-espace-de-travail-avec-la-lampe-de-bureau-ideale\\\/\"},\"wordCount\":635,\"commentCount\":0,\"publisher\":{\"@id\":\"https:\\\/\\\/www.mobilier-design-occasion.fr\\\/magazine\\\/#organization\"},\"image\":{\"@id\":\"https:\\\/\\\/www.mobilier-design-occasion.fr\\\/magazine\\\/illuminez-votre-espace-de-travail-avec-la-lampe-de-bureau-ideale\\\/#primaryimage\"},\"thumbnailUrl\":\"https:\\\/\\\/www.mobilier-design-occasion.fr\\\/magazine\\\/wp-content\\\/uploads\\\/2023\\\/03\\\/50-OFF-11.png\",\"articleSection\":[\"Tendances\"],\"inLanguage\":\"fr-FR\",\"potentialAction\":[{\"@type\":\"CommentAction\",\"name\":\"Comment\",\"target\":[\"https:\\\/\\\/www.mobilier-design-occasion.fr\\\/magazine\\\/illuminez-votre-espace-de-travail-avec-la-lampe-de-bureau-ideale\\\/#respond\"]}]},{\"@type\":\"WebPage\",\"@id\":\"https:\\\/\\\/www.mobilier-design-occasion.fr\\\/magazine\\\/illuminez-votre-espace-de-travail-avec-la-lampe-de-bureau-ideale\\\/\",\"url\":\"https:\\\/\\\/www.mobilier-design-occasion.fr\\\/magazine\\\/illuminez-votre-espace-de-travail-avec-la-lampe-de-bureau-ideale\\\/\",\"name\":\"Illuminez votre espace de travail avec la lampe de bureau id\u00e9ale ! - Mobilier Design Magazine\",\"isPartOf\":{\"@id\":\"https:\\\/\\\/www.mobilier-design-occasion.fr\\\/magazine\\\/#website\"},\"primaryImageOfPage\":{\"@id\":\"https:\\\/\\\/www.mobilier-design-occasion.fr\\\/magazine\\\/illuminez-votre-espace-de-travail-avec-la-lampe-de-bureau-ideale\\\/#primaryimage\"},\"image\":{\"@id\":\"https:\\\/\\\/www.mobilier-design-occasion.fr\\\/magazine\\\/illuminez-votre-espace-de-travail-avec-la-lampe-de-bureau-ideale\\\/#primaryimage\"},\"thumbnailUrl\":\"https:\\\/\\\/www.mobilier-design-occasion.fr\\\/magazine\\\/wp-content\\\/uploads\\\/2023\\\/03\\\/50-OFF-11.png\",\"datePublished\":\"2023-03-01T08:09:36+00:00\",\"dateModified\":\"2023-03-01T08:09:58+00:00\",\"breadcrumb\":{\"@id\":\"https:\\\/\\\/www.mobilier-design-occasion.fr\\\/magazine\\\/illuminez-votre-espace-de-travail-avec-la-lampe-de-bureau-ideale\\\/#breadcrumb\"},\"inLanguage\":\"fr-FR\",\"potentialAction\":[{\"@type\":\"ReadAction\",\"target\":[\"https:\\\/\\\/www.mobilier-design-occasion.fr\\\/magazine\\\/illuminez-votre-espace-de-travail-avec-la-lampe-de-bureau-ideale\\\/\"]}]},{\"@type\":\"ImageObject\",\"inLanguage\":\"fr-FR\",\"@id\":\"https:\\\/\\\/www.mobilier-design-occasion.fr\\\/magazine\\\/illuminez-votre-espace-de-travail-avec-la-lampe-de-bureau-ideale\\\/#primaryimage\",\"url\":\"https:\\\/\\\/www.mobilier-design-occasion.fr\\\/magazine\\\/wp-content\\\/uploads\\\/2023\\\/03\\\/50-OFF-11.png\",\"contentUrl\":\"https:\\\/\\\/www.mobilier-design-occasion.fr\\\/magazine\\\/wp-content\\\/uploads\\\/2023\\\/03\\\/50-OFF-11.png\",\"width\":1080,\"height\":1080},{\"@type\":\"BreadcrumbList\",\"@id\":\"https:\\\/\\\/www.mobilier-design-occasion.fr\\\/magazine\\\/illuminez-votre-espace-de-travail-avec-la-lampe-de-bureau-ideale\\\/#breadcrumb\",\"itemListElement\":[{\"@type\":\"ListItem\",\"position\":1,\"name\":\"Accueil\",\"item\":\"https:\\\/\\\/www.mobilier-design-occasion.fr\\\/magazine\\\/\"},{\"@type\":\"ListItem\",\"position\":2,\"name\":\"Illuminez votre espace de travail avec la lampe de bureau id\u00e9ale !\"}]},{\"@type\":\"WebSite\",\"@id\":\"https:\\\/\\\/www.mobilier-design-occasion.fr\\\/magazine\\\/#website\",\"url\":\"https:\\\/\\\/www.mobilier-design-occasion.fr\\\/magazine\\\/\",\"name\":\"Mobilier Design Magazine\",\"description\":\"\",\"publisher\":{\"@id\":\"https:\\\/\\\/www.mobilier-design-occasion.fr\\\/magazine\\\/#organization\"},\"potentialAction\":[{\"@type\":\"SearchAction\",\"target\":{\"@type\":\"EntryPoint\",\"urlTemplate\":\"https:\\\/\\\/www.mobilier-design-occasion.fr\\\/magazine\\\/?s={search_term_string}\"},\"query-input\":{\"@type\":\"PropertyValueSpecification\",\"valueRequired\":true,\"valueName\":\"search_term_string\"}}],\"inLanguage\":\"fr-FR\"},{\"@type\":\"Organization\",\"@id\":\"https:\\\/\\\/www.mobilier-design-occasion.fr\\\/magazine\\\/#organization\",\"name\":\"Mobilier Design Magazine\",\"url\":\"https:\\\/\\\/www.mobilier-design-occasion.fr\\\/magazine\\\/\",\"logo\":{\"@type\":\"ImageObject\",\"inLanguage\":\"fr-FR\",\"@id\":\"https:\\\/\\\/www.mobilier-design-occasion.fr\\\/magazine\\\/#\\\/schema\\\/logo\\\/image\\\/\",\"url\":\"https:\\\/\\\/www.mobilier-design-occasion.fr\\\/magazine\\\/wp-content\\\/uploads\\\/2024\\\/02\\\/android-chrome-192x192-1.png\",\"contentUrl\":\"https:\\\/\\\/www.mobilier-design-occasion.fr\\\/magazine\\\/wp-content\\\/uploads\\\/2024\\\/02\\\/android-chrome-192x192-1.png\",\"width\":192,\"height\":192,\"caption\":\"Mobilier Design Magazine\"},\"image\":{\"@id\":\"https:\\\/\\\/www.mobilier-design-occasion.fr\\\/magazine\\\/#\\\/schema\\\/logo\\\/image\\\/\"},\"sameAs\":[\"https:\\\/\\\/www.facebook.com\\\/mobilierdesignoccasion\"]},{\"@type\":\"Person\",\"@id\":\"https:\\\/\\\/www.mobilier-design-occasion.fr\\\/magazine\\\/#\\\/schema\\\/person\\\/5b2e5627a714ddadaaf8c9b886c55eff\",\"name\":\"Cyrielle Poirot\",\"image\":{\"@type\":\"ImageObject\",\"inLanguage\":\"fr-FR\",\"@id\":\"https:\\\/\\\/secure.gravatar.com\\\/avatar\\\/c8d2674e093b06894d8d1dc468b626bd752523471f3ac6e75f7c7a1400d40b4d?s=96&d=mm&r=g\",\"url\":\"https:\\\/\\\/secure.gravatar.com\\\/avatar\\\/c8d2674e093b06894d8d1dc468b626bd752523471f3ac6e75f7c7a1400d40b4d?s=96&d=mm&r=g\",\"contentUrl\":\"https:\\\/\\\/secure.gravatar.com\\\/avatar\\\/c8d2674e093b06894d8d1dc468b626bd752523471f3ac6e75f7c7a1400d40b4d?s=96&d=mm&r=g\",\"caption\":\"Cyrielle Poirot\"},\"description\":\"Cyrielle est passionn\u00e9e par la d\u00e9coration d'int\u00e9rieur et s'est sp\u00e9cialis\u00e9e depuis quelques ann\u00e9es dans l'\u00e9dition du site Mobilier-Design, avec une touche sp\u00e9cifique pour les produits d'occasion.\",\"sameAs\":[\"https:\\\/\\\/www.mobilier-design-occasion.fr\\\/magazine\"],\"url\":\"https:\\\/\\\/www.mobilier-design-occasion.fr\\\/magazine\\\/author\\\/cyrielle\\\/\"}]}<\/script>\n<!-- \/ Yoast SEO plugin. -->","yoast_head_json":{"title":"Illuminez votre espace de travail avec la lampe de bureau id\u00e9ale ! - Mobilier Design Magazine","robots":{"index":"index","follow":"follow","max-snippet":"max-snippet:-1","max-image-preview":"max-image-preview:large","max-video-preview":"max-video-preview:-1"},"canonical":"https:\/\/www.mobilier-design-occasion.fr\/magazine\/illuminez-votre-espace-de-travail-avec-la-lampe-de-bureau-ideale\/","og_locale":"fr_FR","og_type":"article","og_title":"Illuminez votre espace de travail avec la lampe de bureau id\u00e9ale ! - Mobilier Design Magazine","og_description":"Habitants de la France, avoir une lampe de bureau dans votre espace de travail est plus qu&#8217;un simple objet d\u00e9coratif. Elle peut en fait rendre votre vie professionnelle plus facile et plus efficace. Un \u00e9clairage appropri\u00e9 est essentiel pour accomplir dest\u00e2ches rapidement et avec pr\u00e9cision, r\u00e9duire la fatigue oculaire et vous aider \u00e0 vous concentrer [&hellip;]","og_url":"https:\/\/www.mobilier-design-occasion.fr\/magazine\/illuminez-votre-espace-de-travail-avec-la-lampe-de-bureau-ideale\/","og_site_name":"Mobilier Design Magazine","article_publisher":"https:\/\/www.facebook.com\/mobilierdesignoccasion","article_published_time":"2023-03-01T08:09:36+00:00","article_modified_time":"2023-03-01T08:09:58+00:00","og_image":[{"width":1080,"height":1080,"url":"https:\/\/www.mobilier-design-occasion.fr\/magazine\/wp-content\/uploads\/2023\/03\/50-OFF-11.png","type":"image\/png"}],"author":"Cyrielle Poirot","twitter_card":"summary_large_image","twitter_misc":{"\u00c9crit par":"Cyrielle Poirot","Dur\u00e9e de lecture estim\u00e9e":"3 minutes"},"schema":{"@context":"https:\/\/schema.org","@graph":[{"@type":"Article","@id":"https:\/\/www.mobilier-design-occasion.fr\/magazine\/illuminez-votre-espace-de-travail-avec-la-lampe-de-bureau-ideale\/#article","isPartOf":{"@id":"https:\/\/www.mobilier-design-occasion.fr\/magazine\/illuminez-votre-espace-de-travail-avec-la-lampe-de-bureau-ideale\/"},"author":{"name":"Cyrielle Poirot","@id":"https:\/\/www.mobilier-design-occasion.fr\/magazine\/#\/schema\/person\/5b2e5627a714ddadaaf8c9b886c55eff"},"headline":"Illuminez votre espace de travail avec la lampe de bureau id\u00e9ale !","datePublished":"2023-03-01T08:09:36+00:00","dateModified":"2023-03-01T08:09:58+00:00","mainEntityOfPage":{"@id":"https:\/\/www.mobilier-design-occasion.fr\/magazine\/illuminez-votre-espace-de-travail-avec-la-lampe-de-bureau-ideale\/"},"wordCount":635,"commentCount":0,"publisher":{"@id":"https:\/\/www.mobilier-design-occasion.fr\/magazine\/#organization"},"image":{"@id":"https:\/\/www.mobilier-design-occasion.fr\/magazine\/illuminez-votre-espace-de-travail-avec-la-lampe-de-bureau-ideale\/#primaryimage"},"thumbnailUrl":"https:\/\/www.mobilier-design-occasion.fr\/magazine\/wp-content\/uploads\/2023\/03\/50-OFF-11.png","articleSection":["Tendances"],"inLanguage":"fr-FR","potentialAction":[{"@type":"CommentAction","name":"Comment","target":["https:\/\/www.mobilier-design-occasion.fr\/magazine\/illuminez-votre-espace-de-travail-avec-la-lampe-de-bureau-ideale\/#respond"]}]},{"@type":"WebPage","@id":"https:\/\/www.mobilier-design-occasion.fr\/magazine\/illuminez-votre-espace-de-travail-avec-la-lampe-de-bureau-ideale\/","url":"https:\/\/www.mobilier-design-occasion.fr\/magazine\/illuminez-votre-espace-de-travail-avec-la-lampe-de-bureau-ideale\/","name":"Illuminez votre espace de travail avec la lampe de bureau id\u00e9ale ! - Mobilier Design Magazine","isPartOf":{"@id":"https:\/\/www.mobilier-design-occasion.fr\/magazine\/#website"},"primaryImageOfPage":{"@id":"https:\/\/www.mobilier-design-occasion.fr\/magazine\/illuminez-votre-espace-de-travail-avec-la-lampe-de-bureau-ideale\/#primaryimage"},"image":{"@id":"https:\/\/www.mobilier-design-occasion.fr\/magazine\/illuminez-votre-espace-de-travail-avec-la-lampe-de-bureau-ideale\/#primaryimage"},"thumbnailUrl":"https:\/\/www.mobilier-design-occasion.fr\/magazine\/wp-content\/uploads\/2023\/03\/50-OFF-11.png","datePublished":"2023-03-01T08:09:36+00:00","dateModified":"2023-03-01T08:09:58+00:00","breadcrumb":{"@id":"https:\/\/www.mobilier-design-occasion.fr\/magazine\/illuminez-votre-espace-de-travail-avec-la-lampe-de-bureau-ideale\/#breadcrumb"},"inLanguage":"fr-FR","potentialAction":[{"@type":"ReadAction","target":["https:\/\/www.mobilier-design-occasion.fr\/magazine\/illuminez-votre-espace-de-travail-avec-la-lampe-de-bureau-ideale\/"]}]},{"@type":"ImageObject","inLanguage":"fr-FR","@id":"https:\/\/www.mobilier-design-occasion.fr\/magazine\/illuminez-votre-espace-de-travail-avec-la-lampe-de-bureau-ideale\/#primaryimage","url":"https:\/\/www.mobilier-design-occasion.fr\/magazine\/wp-content\/uploads\/2023\/03\/50-OFF-11.png","contentUrl":"https:\/\/www.mobilier-design-occasion.fr\/magazine\/wp-content\/uploads\/2023\/03\/50-OFF-11.png","width":1080,"height":1080},{"@type":"BreadcrumbList","@id":"https:\/\/www.mobilier-design-occasion.fr\/magazine\/illuminez-votre-espace-de-travail-avec-la-lampe-de-bureau-ideale\/#breadcrumb","itemListElement":[{"@type":"ListItem","position":1,"name":"Accueil","item":"https:\/\/www.mobilier-design-occasion.fr\/magazine\/"},{"@type":"ListItem","position":2,"name":"Illuminez votre espace de travail avec la lampe de bureau id\u00e9ale !"}]},{"@type":"WebSite","@id":"https:\/\/www.mobilier-design-occasion.fr\/magazine\/#website","url":"https:\/\/www.mobilier-design-occasion.fr\/magazine\/","name":"Mobilier Design Magazine","description":"","publisher":{"@id":"https:\/\/www.mobilier-design-occasion.fr\/magazine\/#organization"},"potentialAction":[{"@type":"SearchAction","target":{"@type":"EntryPoint","urlTemplate":"https:\/\/www.mobilier-design-occasion.fr\/magazine\/?s={search_term_string}"},"query-input":{"@type":"PropertyValueSpecification","valueRequired":true,"valueName":"search_term_string"}}],"inLanguage":"fr-FR"},{"@type":"Organization","@id":"https:\/\/www.mobilier-design-occasion.fr\/magazine\/#organization","name":"Mobilier Design Magazine","url":"https:\/\/www.mobilier-design-occasion.fr\/magazine\/","logo":{"@type":"ImageObject","inLanguage":"fr-FR","@id":"https:\/\/www.mobilier-design-occasion.fr\/magazine\/#\/schema\/logo\/image\/","url":"https:\/\/www.mobilier-design-occasion.fr\/magazine\/wp-content\/uploads\/2024\/02\/android-chrome-192x192-1.png","contentUrl":"https:\/\/www.mobilier-design-occasion.fr\/magazine\/wp-content\/uploads\/2024\/02\/android-chrome-192x192-1.png","width":192,"height":192,"caption":"Mobilier Design Magazine"},"image":{"@id":"https:\/\/www.mobilier-design-occasion.fr\/magazine\/#\/schema\/logo\/image\/"},"sameAs":["https:\/\/www.facebook.com\/mobilierdesignoccasion"]},{"@type":"Person","@id":"https:\/\/www.mobilier-design-occasion.fr\/magazine\/#\/schema\/person\/5b2e5627a714ddadaaf8c9b886c55eff","name":"Cyrielle Poirot","image":{"@type":"ImageObject","inLanguage":"fr-FR","@id":"https:\/\/secure.gravatar.com\/avatar\/c8d2674e093b06894d8d1dc468b626bd752523471f3ac6e75f7c7a1400d40b4d?s=96&d=mm&r=g","url":"https:\/\/secure.gravatar.com\/avatar\/c8d2674e093b06894d8d1dc468b626bd752523471f3ac6e75f7c7a1400d40b4d?s=96&d=mm&r=g","contentUrl":"https:\/\/secure.gravatar.com\/avatar\/c8d2674e093b06894d8d1dc468b626bd752523471f3ac6e75f7c7a1400d40b4d?s=96&d=mm&r=g","caption":"Cyrielle Poirot"},"description":"Cyrielle est passionn\u00e9e par la d\u00e9coration d'int\u00e9rieur et s'est sp\u00e9cialis\u00e9e depuis quelques ann\u00e9es dans l'\u00e9dition du site Mobilier-Design, avec une touche sp\u00e9cifique pour les produits d'occasion.","sameAs":["https:\/\/www.mobilier-design-occasion.fr\/magazine"],"url":"https:\/\/www.mobilier-design-occasion.fr\/magazine\/author\/cyrielle\/"}]}},"_links":{"self":[{"href":"https:\/\/www.mobilier-design-occasion.fr\/magazine\/wp-json\/wp\/v2\/posts\/6429","targetHints":{"allow":["GET"]}}],"collection":[{"href":"https:\/\/www.mobilier-design-occasion.fr\/magazine\/wp-json\/wp\/v2\/posts"}],"about":[{"href":"https:\/\/www.mobilier-design-occasion.fr\/magazine\/wp-json\/wp\/v2\/types\/post"}],"author":[{"embeddable":true,"href":"https:\/\/www.mobilier-design-occasion.fr\/magazine\/wp-json\/wp\/v2\/users\/1"}],"replies":[{"embeddable":true,"href":"https:\/\/www.mobilier-design-occasion.fr\/magazine\/wp-json\/wp\/v2\/comments?post=6429"}],"version-history":[{"count":2,"href":"https:\/\/www.mobilier-design-occasion.fr\/magazine\/wp-json\/wp\/v2\/posts\/6429\/revisions"}],"predecessor-version":[{"id":6433,"href":"https:\/\/www.mobilier-design-occasion.fr\/magazine\/wp-json\/wp\/v2\/posts\/6429\/revisions\/6433"}],"wp:featuredmedia":[{"embeddable":true,"href":"https:\/\/www.mobilier-design-occasion.fr\/magazine\/wp-json\/wp\/v2\/media\/6430"}],"wp:attachment":[{"href":"https:\/\/www.mobilier-design-occasion.fr\/magazine\/wp-json\/wp\/v2\/media?parent=6429"}],"wp:term":[{"taxonomy":"category","embeddable":true,"href":"https:\/\/www.mobilier-design-occasion.fr\/magazine\/wp-json\/wp\/v2\/categories?post=6429"},{"taxonomy":"post_tag","embeddable":true,"href":"https:\/\/www.mobilier-design-occasion.fr\/magazine\/wp-json\/wp\/v2\/tags?post=6429"}],"curies":[{"name":"wp","href":"https:\/\/api.w.org\/{rel}","templated":true}]}}