{"id":6409,"date":"2023-02-27T11:37:44","date_gmt":"2023-02-27T11:37:44","guid":{"rendered":"https:\/\/www.mobilier-design-occasion.fr\/magazine\/?p=6409"},"modified":"2023-09-25T13:40:09","modified_gmt":"2023-09-25T13:40:09","slug":"10-canapes-vintage-a-ne-pas-manquer","status":"publish","type":"post","link":"https:\/\/www.mobilier-design-occasion.fr\/magazine\/10-canapes-vintage-a-ne-pas-manquer\/","title":{"rendered":"10 canap\u00e9s Vintage \u00e0 ne pas manquer"},"content":{"rendered":"\n<p>Vous en avez marre des canap\u00e9s Ikea, But et Conforama qu&#8217;on retrouve partout? Vous avez envie d&#8217;un int\u00e9rieur cosy, \u00e0 votre image, loin des grandes enseignes? Un canap\u00e9 qui vous ressemble et qui a une histoire, un v\u00e9cu.<\/p>\n\n\n\n<p>On vous comprend, vraiment. On a donc d\u00e9cid\u00e9 de vous aider dans cette qu\u00eate du canap&#8217; id\u00e9al. On a plut\u00f4t choisi le canap\u00e9 Vintage, car il a un c\u00f4t\u00e9 un peu glamour, hors du commun. Des mati\u00e8res uniques, et un style \u00e0 part enti\u00e8re. <\/p>\n\n\n\n<h2 class=\"wp-block-heading\"><span class=\"ez-toc-section\" id=\"1_Canape_Michel_Cadestin_%E2%80%93_Karate_-3_places\"><\/span>1. <strong>Canap\u00e9 Michel Cadestin &#8211; Karat\u00e9 -3 places\u00a0<\/strong><span class=\"ez-toc-section-end\"><\/span><\/h2><div id=\"ez-toc-container\" class=\"ez-toc-v2_0_82_2 counter-hierarchy ez-toc-counter ez-toc-grey ez-toc-container-direction\">\n<div class=\"ez-toc-title-container\">\n<span class=\"ez-toc-title-toggle\"><a href=\"#\" class=\"ez-toc-pull-right ez-toc-btn ez-toc-btn-xs ez-toc-btn-default ez-toc-toggle\" aria-label=\"Toggle Table of Content\"><span class=\"ez-toc-js-icon-con\"><span class=\"\"><span class=\"eztoc-hide\" style=\"display:none;\">Toggle<\/span><span class=\"ez-toc-icon-toggle-span\"><svg style=\"fill: #999;color:#999\" xmlns=\"http:\/\/www.w3.org\/2000\/svg\" class=\"list-377408\" width=\"20px\" height=\"20px\" viewBox=\"0 0 24 24\" fill=\"none\"><path d=\"M6 6H4v2h2V6zm14 0H8v2h12V6zM4 11h2v2H4v-2zm16 0H8v2h12v-2zM4 16h2v2H4v-2zm16 0H8v2h12v-2z\" fill=\"currentColor\"><\/path><\/svg><svg style=\"fill: #999;color:#999\" class=\"arrow-unsorted-368013\" xmlns=\"http:\/\/www.w3.org\/2000\/svg\" width=\"10px\" height=\"10px\" viewBox=\"0 0 24 24\" version=\"1.2\" baseProfile=\"tiny\"><path d=\"M18.2 9.3l-6.2-6.3-6.2 6.3c-.2.2-.3.4-.3.7s.1.5.3.7c.2.2.4.3.7.3h11c.3 0 .5-.1.7-.3.2-.2.3-.5.3-.7s-.1-.5-.3-.7zM5.8 14.7l6.2 6.3 6.2-6.3c.2-.2.3-.5.3-.7s-.1-.5-.3-.7c-.2-.2-.4-.3-.7-.3h-11c-.3 0-.5.1-.7.3-.2.2-.3.5-.3.7s.1.5.3.7z\"\/><\/svg><\/span><\/span><\/span><\/a><\/span><\/div>\n<nav><ul class='ez-toc-list ez-toc-list-level-1 eztoc-toggle-hide-by-default' ><li class='ez-toc-page-1 ez-toc-heading-level-2'><a class=\"ez-toc-link ez-toc-heading-1\" href=\"https:\/\/www.mobilier-design-occasion.fr\/magazine\/10-canapes-vintage-a-ne-pas-manquer\/#1_Canape_Michel_Cadestin_%E2%80%93_Karate_-3_places\" >1. Canap\u00e9 Michel Cadestin &#8211; Karat\u00e9 -3 places\u00a0<\/a><ul class='ez-toc-list-level-3' ><li class='ez-toc-heading-level-3'><a class=\"ez-toc-link ez-toc-heading-2\" href=\"https:\/\/www.mobilier-design-occasion.fr\/magazine\/10-canapes-vintage-a-ne-pas-manquer\/#Notre_analyse_en_5_points\" >Notre analyse en 5 points<\/a><\/li><\/ul><\/li><li class='ez-toc-page-1 ez-toc-heading-level-2'><a class=\"ez-toc-link ez-toc-heading-3\" href=\"https:\/\/www.mobilier-design-occasion.fr\/magazine\/10-canapes-vintage-a-ne-pas-manquer\/#2_Canape_Et_Paire_De_Fauteuils_Sofo_Poltronova_Design_superstudio_1966_Vintage\" >2. Canap\u00e9 Et Paire De Fauteuils Sofo Poltronova Design superstudio 1966 Vintage<\/a><\/li><li class='ez-toc-page-1 ez-toc-heading-level-2'><a class=\"ez-toc-link ez-toc-heading-4\" href=\"https:\/\/www.mobilier-design-occasion.fr\/magazine\/10-canapes-vintage-a-ne-pas-manquer\/#3_Chesterfield_Vintage_Canape_en_Cuir_Coin\" >3. Chesterfield Vintage Canap\u00e9 en Cuir Coin<\/a><ul class='ez-toc-list-level-3' ><li class='ez-toc-heading-level-3'><a class=\"ez-toc-link ez-toc-heading-5\" href=\"https:\/\/www.mobilier-design-occasion.fr\/magazine\/10-canapes-vintage-a-ne-pas-manquer\/#Notre_analyse_en_5_points-2\" >Notre analyse en 5 points<\/a><\/li><\/ul><\/li><li class='ez-toc-page-1 ez-toc-heading-level-2'><a class=\"ez-toc-link ez-toc-heading-6\" href=\"https:\/\/www.mobilier-design-occasion.fr\/magazine\/10-canapes-vintage-a-ne-pas-manquer\/#4_Sofagarnitur_32_Places_Canape\" >4. Sofagarnitur 3+2 Places Canap\u00e9<\/a><ul class='ez-toc-list-level-3' ><li class='ez-toc-heading-level-3'><a class=\"ez-toc-link ez-toc-heading-7\" href=\"https:\/\/www.mobilier-design-occasion.fr\/magazine\/10-canapes-vintage-a-ne-pas-manquer\/#On_a_beaucoup_aime\" >On a beaucoup aim\u00e9<\/a><\/li><\/ul><\/li><li class='ez-toc-page-1 ez-toc-heading-level-2'><a class=\"ez-toc-link ez-toc-heading-8\" href=\"https:\/\/www.mobilier-design-occasion.fr\/magazine\/10-canapes-vintage-a-ne-pas-manquer\/#5_Salon_CanapeDaybed_Et_2_Fauteuils_Scandinave\" >5. Salon Canap\u00e9\/Daybed Et 2 Fauteuils Scandinave<\/a><\/li><li class='ez-toc-page-1 ez-toc-heading-level-2'><a class=\"ez-toc-link ez-toc-heading-9\" href=\"https:\/\/www.mobilier-design-occasion.fr\/magazine\/10-canapes-vintage-a-ne-pas-manquer\/#6_Canape_George_Nelson_Vintage_Modular_Seating_System_Table_Basse_Herman_Miller\" >6. Canap\u00e9 George Nelson Vintage Modular Seating System Table Basse Herman Miller<\/a><ul class='ez-toc-list-level-3' ><li class='ez-toc-heading-level-3'><a class=\"ez-toc-link ez-toc-heading-10\" href=\"https:\/\/www.mobilier-design-occasion.fr\/magazine\/10-canapes-vintage-a-ne-pas-manquer\/#Les_informations_cles\" >Les informations cl\u00e9s?<\/a><\/li><\/ul><\/li><li class='ez-toc-page-1 ez-toc-heading-level-2'><a class=\"ez-toc-link ez-toc-heading-11\" href=\"https:\/\/www.mobilier-design-occasion.fr\/magazine\/10-canapes-vintage-a-ne-pas-manquer\/#7_Les_chauffeuses_vintage_de_chez_ligne_Roset\" >7. Les chauffeuses vintage de chez ligne Roset<\/a><ul class='ez-toc-list-level-3' ><li class='ez-toc-heading-level-3'><a class=\"ez-toc-link ez-toc-heading-12\" href=\"https:\/\/www.mobilier-design-occasion.fr\/magazine\/10-canapes-vintage-a-ne-pas-manquer\/#On_la_analyse_sous_toutes_ses_coutures\" >On l&#8217;a analys\u00e9 sous toutes ses coutures<\/a><\/li><\/ul><\/li><li class='ez-toc-page-1 ez-toc-heading-level-2'><a class=\"ez-toc-link ez-toc-heading-13\" href=\"https:\/\/www.mobilier-design-occasion.fr\/magazine\/10-canapes-vintage-a-ne-pas-manquer\/#8_Canape_style_art_deco_et_tissu_vintage_80S\" >8. Canap\u00e9 style art d\u00e9co et tissu vintage 80&#8217;S<\/a><\/li><li class='ez-toc-page-1 ez-toc-heading-level-2'><a class=\"ez-toc-link ez-toc-heading-14\" href=\"https:\/\/www.mobilier-design-occasion.fr\/magazine\/10-canapes-vintage-a-ne-pas-manquer\/#9_Canape_Poltrona_Frau_vintage_modele_Quadra\" >9. Canap\u00e9 Poltrona Frau vintage mod\u00e8le Quadra<\/a><\/li><li class='ez-toc-page-1 ez-toc-heading-level-2'><a class=\"ez-toc-link ez-toc-heading-15\" href=\"https:\/\/www.mobilier-design-occasion.fr\/magazine\/10-canapes-vintage-a-ne-pas-manquer\/#10_Canape_Scandinave_vintage_3_places_1960_Ref_Doriana\" >10. Canap\u00e9 Scandinave vintage 3 places, 1960 Ref Doriana.<\/a><\/li><li class='ez-toc-page-1 ez-toc-heading-level-2'><a class=\"ez-toc-link ez-toc-heading-16\" href=\"https:\/\/www.mobilier-design-occasion.fr\/magazine\/10-canapes-vintage-a-ne-pas-manquer\/#Aller_on_se_perd_pas_de_vue_hein\" >Aller, on se perd pas de vue hein?<\/a><\/li><\/ul><\/nav><\/div>\n\n\n\n\n<figure class=\"wp-block-image size-full\"><img loading=\"lazy\" decoding=\"async\" width=\"385\" height=\"278\" src=\"https:\/\/www.mobilier-design-occasion.fr\/magazine\/wp-content\/uploads\/2023\/02\/image.png\" alt=\"\" class=\"wp-image-6410\" srcset=\"https:\/\/www.mobilier-design-occasion.fr\/magazine\/wp-content\/uploads\/2023\/02\/image.png 385w, https:\/\/www.mobilier-design-occasion.fr\/magazine\/wp-content\/uploads\/2023\/02\/image-300x217.png 300w\" sizes=\"auto, (max-width: 385px) 100vw, 385px\" \/><\/figure>\n\n\n\n<p>Il est tout simplement splendide, son cuir est doux et chaleureux, il s&#8217;int\u00e8gre parfaitement dans un int\u00e9rieur clair. Son assise est moelleuse et le pied en inox sur\u00e9l\u00e8ve \u00e9l\u00e9gament. <\/p>\n\n\n\n<h3 class=\"wp-block-heading\"><span class=\"ez-toc-section\" id=\"Notre_analyse_en_5_points\"><\/span>Notre analyse en 5 points<span class=\"ez-toc-section-end\"><\/span><\/h3>\n\n\n\n<ol class=\"wp-block-list\">\n<li>Le canap\u00e9 Airborne est un meuble vintage des ann\u00e9es 1970 au style \u00e9pur\u00e9 et aux lignes courbes.<\/li>\n\n\n\n<li>Fabriqu\u00e9 en cuir de haute qualit\u00e9 et en acier robuste, ce canap\u00e9 offre une durabilit\u00e9 et une r\u00e9sistance exceptionnelles.<\/li>\n\n\n\n<li>Avec une longueur de 190 cm, une largeur de 57 cm et une hauteur de 91 cm, il peut accueillir confortablement trois personnes.<\/li>\n\n\n\n<li>Sa couleur neutre en blanc et beige lui permet de s&#8217;int\u00e9grer facilement dans tous les styles de d\u00e9coration int\u00e9rieure.<\/li>\n\n\n\n<li>La marque Airborne est connue pour son engagement envers la qualit\u00e9 de fabrication et le design innovant, faisant de ce canap\u00e9 un investissement s\u00fbr pour ceux qui cherchent \u00e0 ajouter une touche r\u00e9tro \u00e0 leur espace.<\/li>\n<\/ol>\n\n\n\n<h2 class=\"wp-block-heading\"><span class=\"ez-toc-section\" id=\"2_Canape_Et_Paire_De_Fauteuils_Sofo_Poltronova_Design_superstudio_1966_Vintage\"><\/span>2. <strong>Canap\u00e9 Et Paire De Fauteuils Sofo Poltronova Design superstudio 1966 Vintage<\/strong><span class=\"ez-toc-section-end\"><\/span><\/h2>\n\n\n\n<figure class=\"wp-block-image size-full\"><img loading=\"lazy\" decoding=\"async\" width=\"438\" height=\"229\" src=\"https:\/\/www.mobilier-design-occasion.fr\/magazine\/wp-content\/uploads\/2023\/02\/image-1.png\" alt=\"\" class=\"wp-image-6411\" srcset=\"https:\/\/www.mobilier-design-occasion.fr\/magazine\/wp-content\/uploads\/2023\/02\/image-1.png 438w, https:\/\/www.mobilier-design-occasion.fr\/magazine\/wp-content\/uploads\/2023\/02\/image-1-300x157.png 300w, https:\/\/www.mobilier-design-occasion.fr\/magazine\/wp-content\/uploads\/2023\/02\/image-1-375x195.png 375w\" sizes=\"auto, (max-width: 438px) 100vw, 438px\" \/><\/figure>\n\n\n\n<p>J&#8217;adore les couleurs. Les ann\u00e9es &#8217;60 \u00e9taient compl\u00e8tement folles, avec des couleurs fortes et une identit\u00e9e unique. La forme est splendide et agr\u00e9able \u00e0 l&#8217;assise. La marque Poltronova est un must dans le vintage.<\/p>\n\n\n\n<p>Splendide salon &#8220;sofo&#8221;, production originale Poltronova des ann\u00e9es 60, con\u00e7u par l&#8217;\u00e9quipe Superstudio. Il est compos\u00e9 d&#8217;un canap\u00e9 et de deux fauteuils, structure en polyur\u00e9thane, rev\u00eatement en velours bicolore, pi\u00e8tement en abs.<\/p>\n\n\n\n<h2 class=\"wp-block-heading\"><span class=\"ez-toc-section\" id=\"3_Chesterfield_Vintage_Canape_en_Cuir_Coin\"><\/span>3. <strong>Chesterfield Vintage Canap\u00e9 en Cuir Coin<\/strong><span class=\"ez-toc-section-end\"><\/span><\/h2>\n\n\n\n<figure class=\"wp-block-image size-full\"><img loading=\"lazy\" decoding=\"async\" width=\"500\" height=\"394\" src=\"https:\/\/www.mobilier-design-occasion.fr\/magazine\/wp-content\/uploads\/2023\/02\/image-2.png\" alt=\"\" class=\"wp-image-6412\" srcset=\"https:\/\/www.mobilier-design-occasion.fr\/magazine\/wp-content\/uploads\/2023\/02\/image-2.png 500w, https:\/\/www.mobilier-design-occasion.fr\/magazine\/wp-content\/uploads\/2023\/02\/image-2-300x236.png 300w\" sizes=\"auto, (max-width: 500px) 100vw, 500px\" \/><\/figure>\n\n\n\n<p>Impossible de manquer le fameux Chesterfield en cuir. Il est puissant, fort et robuste. Il marque d&#8217;une empreinte unique votre int\u00e9rieur mais aussi d\u00e9termine la personnalit\u00e9 de son heureux propri\u00e9taire. Son cuir fonc\u00e9 est unique en son genre et se marie parfaitement avec un int\u00e9rieur bois ou clair. On peut trancher avec une table noir en verre comme pr\u00e9sent\u00e9 ci-dessus.<\/p>\n\n\n\n<h3 class=\"wp-block-heading\"><span class=\"ez-toc-section\" id=\"Notre_analyse_en_5_points-2\"><\/span>Notre analyse en 5 points<span class=\"ez-toc-section-end\"><\/span><\/h3>\n\n\n\n<ol class=\"wp-block-list\">\n<li>Le canap\u00e9 de la marque JV M\u00f6bel est neuf, dans son emballage d&#8217;origine, jamais utilis\u00e9.<\/li>\n\n\n\n<li>Avec une taille XXL de 245 x 245 cm, ce canap\u00e9 d&#8217;angle offre suffisamment de place pour jusqu&#8217;\u00e0 6 personnes.<\/li>\n\n\n\n<li>Le canap\u00e9 est con\u00e7u dans un style classique avec un motif uni, mais il pr\u00e9sente \u00e9galement des caract\u00e9ristiques modernes telles que la suspension de vague.<\/li>\n\n\n\n<li>La tapisserie d&#8217;ameublement en polyester et le cuir pour l&#8217;armature garantissent un confort et une durabilit\u00e9 sup\u00e9rieurs.<\/li>\n\n\n\n<li>Le canap\u00e9 est livr\u00e9 avec toutes les pi\u00e8ces n\u00e9cessaires et ne n\u00e9cessite pas d&#8217;assemblage suppl\u00e9mentaire, faisant de lui un choix facile et pratique pour votre salon, chambre \u00e0 coucher, salle de jeux, salle \u00e0 manger ou cuisine.<\/li>\n<\/ol>\n\n\n\n<h2 class=\"wp-block-heading\"><span class=\"ez-toc-section\" id=\"4_Sofagarnitur_32_Places_Canape\"><\/span>4. <strong>Sofagarnitur 3+2 Places Canap\u00e9<\/strong><span class=\"ez-toc-section-end\"><\/span><\/h2>\n\n\n\n<figure class=\"wp-block-image size-large\"><img loading=\"lazy\" decoding=\"async\" width=\"1024\" height=\"373\" src=\"https:\/\/www.mobilier-design-occasion.fr\/magazine\/wp-content\/uploads\/2023\/02\/image-3-1024x373.png\" alt=\"\" class=\"wp-image-6414\" srcset=\"https:\/\/www.mobilier-design-occasion.fr\/magazine\/wp-content\/uploads\/2023\/02\/image-3-1024x373.png 1024w, https:\/\/www.mobilier-design-occasion.fr\/magazine\/wp-content\/uploads\/2023\/02\/image-3-300x109.png 300w, https:\/\/www.mobilier-design-occasion.fr\/magazine\/wp-content\/uploads\/2023\/02\/image-3-768x280.png 768w, https:\/\/www.mobilier-design-occasion.fr\/magazine\/wp-content\/uploads\/2023\/02\/image-3-810x295.png 810w, https:\/\/www.mobilier-design-occasion.fr\/magazine\/wp-content\/uploads\/2023\/02\/image-3-1140x416.png 1140w, https:\/\/www.mobilier-design-occasion.fr\/magazine\/wp-content\/uploads\/2023\/02\/image-3.png 1355w\" sizes=\"auto, (max-width: 1024px) 100vw, 1024px\" \/><\/figure>\n\n\n\n<p>On est en plein dans le vintage, le cuir et m\u00eame le retro. Ces lignes \u00e0 la fois \u00e9pur\u00e9es et massives lui conf\u00e8re un style unique, d&#8217;un ton fonc\u00e9 entrecoup\u00e9 de cuir et d&#8217;inox. Le Sofagarnitur est une pi\u00e8ce vintage unique.<\/p>\n\n\n\n<h3 class=\"wp-block-heading\"><span class=\"ez-toc-section\" id=\"On_a_beaucoup_aime\"><\/span>On a beaucoup aim\u00e9<span class=\"ez-toc-section-end\"><\/span><\/h3>\n\n\n\n<ol class=\"wp-block-list\">\n<li>L&#8217;ensemble de canap\u00e9 de marque JV M\u00f6bel est neuf et non ouvert dans son emballage d&#8217;origine.<\/li>\n\n\n\n<li>Le style vintage\/r\u00e9tro avec un motif uni de couleur marron est parfait pour une salle de jeux, une salle de s\u00e9jour, une \u00e9tude ou un patio.<\/li>\n\n\n\n<li>L&#8217;ensemble comprend un canap\u00e9 3 places de 215x100x76cm et un canap\u00e9 2 places de 150x100x76cm pour un total de 5 places.<\/li>\n\n\n\n<li>Le remplissage en tapisserie d&#8217;ameublement en polyester et l&#8217;armature en cuir assurent un confort sup\u00e9rieur avec une profondeur d&#8217;assise d&#8217;environ 64cm et une hauteur d&#8217;assise d&#8217;environ 45cm.<\/li>\n\n\n\n<li>L&#8217;ensemble de canap\u00e9 ne n\u00e9cessite pas d&#8217;assemblage suppl\u00e9mentaire et est livr\u00e9 dans un carton.<\/li>\n<\/ol>\n\n\n\n<h2 class=\"wp-block-heading\"><span class=\"ez-toc-section\" id=\"5_Salon_CanapeDaybed_Et_2_Fauteuils_Scandinave\"><\/span>5. <strong>Salon Canap\u00e9\/Daybed Et 2 Fauteuils Scandinave<\/strong><span class=\"ez-toc-section-end\"><\/span><\/h2>\n\n\n\n<figure class=\"wp-block-image size-large\"><img loading=\"lazy\" decoding=\"async\" width=\"1024\" height=\"768\" src=\"https:\/\/www.mobilier-design-occasion.fr\/magazine\/wp-content\/uploads\/2023\/02\/image-4-1024x768.png\" alt=\"\" class=\"wp-image-6415\" srcset=\"https:\/\/www.mobilier-design-occasion.fr\/magazine\/wp-content\/uploads\/2023\/02\/image-4-1024x768.png 1024w, https:\/\/www.mobilier-design-occasion.fr\/magazine\/wp-content\/uploads\/2023\/02\/image-4-300x225.png 300w, https:\/\/www.mobilier-design-occasion.fr\/magazine\/wp-content\/uploads\/2023\/02\/image-4-768x576.png 768w, https:\/\/www.mobilier-design-occasion.fr\/magazine\/wp-content\/uploads\/2023\/02\/image-4-1536x1152.png 1536w, https:\/\/www.mobilier-design-occasion.fr\/magazine\/wp-content\/uploads\/2023\/02\/image-4-810x608.png 810w, https:\/\/www.mobilier-design-occasion.fr\/magazine\/wp-content\/uploads\/2023\/02\/image-4-1140x855.png 1140w, https:\/\/www.mobilier-design-occasion.fr\/magazine\/wp-content\/uploads\/2023\/02\/image-4.png 1600w\" sizes=\"auto, (max-width: 1024px) 100vw, 1024px\" \/><\/figure>\n\n\n\n<p>On change compl\u00e8tement de style ici pour ce canap\u00e9 Scandinave. Mis en avant dans un int\u00e9rieur en ruine, il va sublimer la pi\u00e8ce sans nul doute. Il date des ann\u00e9es 50 et n\u00e9cessitera plus que probablement une petite retouche.<\/p>\n\n\n\n<p>Notre avis? Une pi\u00e8ce rare qu&#8217;on ne trouve que chez les chineurs avertis. Elle est rare car il ne reste plus beaucoup de pi\u00e8ces des ann\u00e9es 50, et d&#8217;autant moins dans cet \u00e9tat tr\u00e8s correct. La mousse reste moelleuse et le bois est particuli\u00e8rement bien travaill\u00e9.<\/p>\n\n\n\n<h2 class=\"wp-block-heading\"><span class=\"ez-toc-section\" id=\"6_Canape_George_Nelson_Vintage_Modular_Seating_System_Table_Basse_Herman_Miller\"><\/span>6. <strong>Canap\u00e9 George Nelson Vintage Modular Seating System Table Basse Herman Miller<\/strong><span class=\"ez-toc-section-end\"><\/span><\/h2>\n\n\n\n<figure class=\"wp-block-image size-large\"><img loading=\"lazy\" decoding=\"async\" width=\"1024\" height=\"768\" src=\"https:\/\/www.mobilier-design-occasion.fr\/magazine\/wp-content\/uploads\/2023\/02\/image-5-1024x768.png\" alt=\"\" class=\"wp-image-6416\" srcset=\"https:\/\/www.mobilier-design-occasion.fr\/magazine\/wp-content\/uploads\/2023\/02\/image-5-1024x768.png 1024w, https:\/\/www.mobilier-design-occasion.fr\/magazine\/wp-content\/uploads\/2023\/02\/image-5-300x225.png 300w, https:\/\/www.mobilier-design-occasion.fr\/magazine\/wp-content\/uploads\/2023\/02\/image-5-768x576.png 768w, https:\/\/www.mobilier-design-occasion.fr\/magazine\/wp-content\/uploads\/2023\/02\/image-5-1536x1152.png 1536w, https:\/\/www.mobilier-design-occasion.fr\/magazine\/wp-content\/uploads\/2023\/02\/image-5-810x608.png 810w, https:\/\/www.mobilier-design-occasion.fr\/magazine\/wp-content\/uploads\/2023\/02\/image-5-1140x855.png 1140w, https:\/\/www.mobilier-design-occasion.fr\/magazine\/wp-content\/uploads\/2023\/02\/image-5.png 1600w\" sizes=\"auto, (max-width: 1024px) 100vw, 1024px\" \/><\/figure>\n\n\n\n<p>On part ici sur du Herman Miller, color\u00e9 en velours. Datant des ann\u00e9es 70, on retrouve bien les couleurs et le style de cette p\u00e9riode. Un canap\u00e9 3+2 assez sympa, mis en valeur sur un solr marbr\u00e9 et une <a href=\"https:\/\/www.mobilier-design-occasion.fr\/magazine\/comment-acheter-une-table-basse-pas-chere-sans-compromettre-la-qualite-7-etapes\/\">table basse<\/a> blanche.<\/p>\n\n\n\n<h3 class=\"wp-block-heading\"><span class=\"ez-toc-section\" id=\"Les_informations_cles\"><\/span>Les informations cl\u00e9s?<span class=\"ez-toc-section-end\"><\/span><\/h3>\n\n\n\n<ol class=\"wp-block-list\">\n<li>Marque : Herman Miller, un grand classique connu du vintage.<\/li>\n\n\n\n<li>Conception : Classiques du design des ann\u00e9es 60 et 70, ensemble de canap\u00e9 modulaire con\u00e7u par George Nelson<\/li>\n\n\n\n<li>Style : Ann\u00e9es 1960, motif multicolore ann\u00e9es 60\/70<\/li>\n\n\n\n<li>Dimensions : 250 cm de longueur, jusqu&#8217;\u00e0 5 places assises, profondeur d&#8217;assise de 58 cm, hauteur de 72 cm<\/li>\n\n\n\n<li>Mat\u00e9riaux : tissu d&#8217;ameublement, cadre en substance et m\u00e9tal de couleur blanche, aucun assemblage requis.<\/li>\n<\/ol>\n\n\n\n<p><\/p>\n\n\n\n<h2 class=\"wp-block-heading\"><span class=\"ez-toc-section\" id=\"7_Les_chauffeuses_vintage_de_chez_ligne_Roset\"><\/span>7. Les <strong>chauffeuses vintage de chez ligne Roset<\/strong><span class=\"ez-toc-section-end\"><\/span><\/h2>\n\n\n\n<figure class=\"wp-block-image size-large\"><img loading=\"lazy\" decoding=\"async\" width=\"1024\" height=\"768\" src=\"https:\/\/www.mobilier-design-occasion.fr\/magazine\/wp-content\/uploads\/2023\/02\/image-6-1024x768.png\" alt=\"\" class=\"wp-image-6417\" srcset=\"https:\/\/www.mobilier-design-occasion.fr\/magazine\/wp-content\/uploads\/2023\/02\/image-6-1024x768.png 1024w, https:\/\/www.mobilier-design-occasion.fr\/magazine\/wp-content\/uploads\/2023\/02\/image-6-300x225.png 300w, https:\/\/www.mobilier-design-occasion.fr\/magazine\/wp-content\/uploads\/2023\/02\/image-6-768x576.png 768w, https:\/\/www.mobilier-design-occasion.fr\/magazine\/wp-content\/uploads\/2023\/02\/image-6-1536x1152.png 1536w, https:\/\/www.mobilier-design-occasion.fr\/magazine\/wp-content\/uploads\/2023\/02\/image-6-810x608.png 810w, https:\/\/www.mobilier-design-occasion.fr\/magazine\/wp-content\/uploads\/2023\/02\/image-6-1140x855.png 1140w, https:\/\/www.mobilier-design-occasion.fr\/magazine\/wp-content\/uploads\/2023\/02\/image-6.png 1600w\" sizes=\"auto, (max-width: 1024px) 100vw, 1024px\" \/><\/figure>\n\n\n\n<p>Wow, c&#8217;est notre coup de coeur. Magnifique chauffeuse de Ligne Roset. Hyper confortable, styl\u00e9e, rembour\u00e9e et facile \u00e0 placer autour d&#8217;une table basse. Le plaisir de l&#8217;ap\u00e9ro dans un univers cocooning. On adooore!<\/p>\n\n\n\n<h3 class=\"wp-block-heading\"><span class=\"ez-toc-section\" id=\"On_la_analyse_sous_toutes_ses_coutures\"><\/span>On l&#8217;a analys\u00e9 sous toutes ses coutures<span class=\"ez-toc-section-end\"><\/span><\/h3>\n\n\n\n<ol class=\"wp-block-list\">\n<li>Ensemble de 4 chauffeuses vintage de chez ligne Roset, formant un arc de cercle de 3m60 x 1m80 de profondeur.<\/li>\n\n\n\n<li>Habillage en velours c\u00f4tel\u00e9 de couleur rouille orang\u00e9, avec des s\u00e9parations entre chaque assise garnies du m\u00eame habillage avec un dessus formica marron chocolat.<\/li>\n\n\n\n<li>Con\u00e7u par le designer Hansen (\u00e0 v\u00e9rifier), rappelant des mod\u00e8les tr\u00e8s recherch\u00e9s tels que le Kashima de Michel Ducaroy ou Magistretti ou les Designer Afra &amp; Tobia Scarpa pour Cassina.<\/li>\n\n\n\n<li>\u00c9tat exceptionnel, sans d\u00e9coloration, d\u00e9chirure ou couture \u00e0 reprendre, offrant un confort optimal.<\/li>\n\n\n\n<li>Dimensions d&#8217;un fauteuil: Largeur de 95 cm, hauteur d&#8217;assise de 45 cm, profondeur d&#8217;assise de 55 cm, hauteur dossier 50 cm, hauteur totale 75 cm, avec une coque rigide.<\/li>\n<\/ol>\n\n\n\n<h2 class=\"wp-block-heading\"><span class=\"ez-toc-section\" id=\"8_Canape_style_art_deco_et_tissu_vintage_80S\"><\/span>8. <strong>Canap\u00e9 style art d\u00e9co et tissu vintage 80&#8217;S<\/strong><span class=\"ez-toc-section-end\"><\/span><\/h2>\n\n\n\n<figure class=\"wp-block-image size-large\"><img loading=\"lazy\" decoding=\"async\" width=\"1024\" height=\"768\" src=\"https:\/\/www.mobilier-design-occasion.fr\/magazine\/wp-content\/uploads\/2023\/02\/image-7-1024x768.png\" alt=\"\" class=\"wp-image-6418\" srcset=\"https:\/\/www.mobilier-design-occasion.fr\/magazine\/wp-content\/uploads\/2023\/02\/image-7-1024x768.png 1024w, https:\/\/www.mobilier-design-occasion.fr\/magazine\/wp-content\/uploads\/2023\/02\/image-7-300x225.png 300w, https:\/\/www.mobilier-design-occasion.fr\/magazine\/wp-content\/uploads\/2023\/02\/image-7-768x576.png 768w, https:\/\/www.mobilier-design-occasion.fr\/magazine\/wp-content\/uploads\/2023\/02\/image-7-1536x1152.png 1536w, https:\/\/www.mobilier-design-occasion.fr\/magazine\/wp-content\/uploads\/2023\/02\/image-7-810x608.png 810w, https:\/\/www.mobilier-design-occasion.fr\/magazine\/wp-content\/uploads\/2023\/02\/image-7-1140x855.png 1140w, https:\/\/www.mobilier-design-occasion.fr\/magazine\/wp-content\/uploads\/2023\/02\/image-7.png 1600w\" sizes=\"auto, (max-width: 1024px) 100vw, 1024px\" \/><\/figure>\n\n\n\n<p>Un int\u00e9rieur hors du comun. Ce canap\u00e9 vintage est de l&#8217;\u00e9poque art d\u00e9co, en cuir fonc\u00e9, il apporte du caract\u00e8re \u00e0 votre salon. Dans le go\u00fbt de duc chevalier en placage de palissandre \u00e0 larges joues reposants sur des plinthes d\u00e9bordantes<\/p>\n\n\n\n<ol class=\"wp-block-list\">\n<li>Il s&#8217;agit d&#8217;un canap\u00e9 en tissu de couleur marron.<\/li>\n\n\n\n<li>Le canap\u00e9 a \u00e9t\u00e9 utilis\u00e9 et pr\u00e9sente quelques marques d&#8217;usure superficielle.<\/li>\n\n\n\n<li>Le canap\u00e9 mesure 230 cm de large, peut accueillir 3 personnes et est de style Art d\u00e9co.<\/li>\n<\/ol>\n\n\n\n<h2 class=\"wp-block-heading\"><span class=\"ez-toc-section\" id=\"9_Canape_Poltrona_Frau_vintage_modele_Quadra\"><\/span>9. <strong>Canap\u00e9 Poltrona Frau vintage mod\u00e8le Quadra<\/strong><span class=\"ez-toc-section-end\"><\/span><\/h2>\n\n\n\n<figure class=\"wp-block-image size-large\"><img loading=\"lazy\" decoding=\"async\" width=\"768\" height=\"1024\" src=\"https:\/\/www.mobilier-design-occasion.fr\/magazine\/wp-content\/uploads\/2023\/02\/image-8-768x1024.png\" alt=\"\" class=\"wp-image-6419\" srcset=\"https:\/\/www.mobilier-design-occasion.fr\/magazine\/wp-content\/uploads\/2023\/02\/image-8-768x1024.png 768w, https:\/\/www.mobilier-design-occasion.fr\/magazine\/wp-content\/uploads\/2023\/02\/image-8-225x300.png 225w, https:\/\/www.mobilier-design-occasion.fr\/magazine\/wp-content\/uploads\/2023\/02\/image-8-1152x1536.png 1152w, https:\/\/www.mobilier-design-occasion.fr\/magazine\/wp-content\/uploads\/2023\/02\/image-8-810x1080.png 810w, https:\/\/www.mobilier-design-occasion.fr\/magazine\/wp-content\/uploads\/2023\/02\/image-8-1140x1520.png 1140w, https:\/\/www.mobilier-design-occasion.fr\/magazine\/wp-content\/uploads\/2023\/02\/image-8.png 1200w\" sizes=\"auto, (max-width: 768px) 100vw, 768px\" \/><\/figure>\n\n\n\n<p>Cyrielle nous en parle. Tu cherches un canap\u00e9 styl\u00e9 et confortable pour ton salon ? Je te pr\u00e9sente le canap\u00e9 Poltrona Frau vintage mod\u00e8le Quadra. Il a \u00e9t\u00e9 con\u00e7u par Pierluigi Cerri du studio Cerri, Milano en 2001, ce qui lui conf\u00e8re un look \u00e0 la fois moderne et vintage.<\/p>\n\n\n\n<p>Le canap\u00e9 est en tr\u00e8s bon \u00e9tat, avec une magnifique patine qui lui donne un charme unique. Son rev\u00eatement en cuir Pelle Frau\u00ae blanc cass\u00e9 est sublime, et le pi\u00e9tement en m\u00e9tal chrom\u00e9 lui apporte une touche d&#8217;\u00e9l\u00e9gance suppl\u00e9mentaire.<\/p>\n\n\n\n<p>Dans l&#8217;ensemble, le canap\u00e9 est en excellent \u00e9tat, \u00e0 l&#8217;exception d&#8217;une petite griffure sur le c\u00f4t\u00e9 gauche qui est visible sur la photo. Mais cela ne devrait pas g\u00e2cher ton plaisir, car ce canap\u00e9 est vraiment exceptionnel. Alors, tu le veux pour ton salon ?<\/p>\n\n\n\n<p><\/p>\n\n\n\n<h2 class=\"wp-block-heading\"><span class=\"ez-toc-section\" id=\"10_Canape_Scandinave_vintage_3_places_1960_Ref_Doriana\"><\/span>10. <strong>Canap\u00e9 Scandinave vintage 3 places, 1960 Ref Doriana.<\/strong><span class=\"ez-toc-section-end\"><\/span><\/h2>\n\n\n\n<figure class=\"wp-block-image size-large\"><img loading=\"lazy\" decoding=\"async\" width=\"1024\" height=\"682\" src=\"https:\/\/www.mobilier-design-occasion.fr\/magazine\/wp-content\/uploads\/2023\/02\/image-9-1024x682.png\" alt=\"\" class=\"wp-image-6420\" srcset=\"https:\/\/www.mobilier-design-occasion.fr\/magazine\/wp-content\/uploads\/2023\/02\/image-9-1024x682.png 1024w, https:\/\/www.mobilier-design-occasion.fr\/magazine\/wp-content\/uploads\/2023\/02\/image-9-300x200.png 300w, https:\/\/www.mobilier-design-occasion.fr\/magazine\/wp-content\/uploads\/2023\/02\/image-9-768x512.png 768w, https:\/\/www.mobilier-design-occasion.fr\/magazine\/wp-content\/uploads\/2023\/02\/image-9-1536x1023.png 1536w, https:\/\/www.mobilier-design-occasion.fr\/magazine\/wp-content\/uploads\/2023\/02\/image-9-810x540.png 810w, https:\/\/www.mobilier-design-occasion.fr\/magazine\/wp-content\/uploads\/2023\/02\/image-9-1140x760.png 1140w, https:\/\/www.mobilier-design-occasion.fr\/magazine\/wp-content\/uploads\/2023\/02\/image-9.png 1600w\" sizes=\"auto, (max-width: 1024px) 100vw, 1024px\" \/><\/figure>\n\n\n\n<p>On termine avec ce canap\u00e9-lit. Peut-\u00eatre pas le plus confortable, mais certainement le plus joli! On est tr\u00e8s loin du canap\u00e9-lit Ikea !!<\/p>\n\n\n\n<p>Vincent nous dit ce qu&#8217;il en pense : <\/p>\n\n\n\n<p>Tu cherches un canap\u00e9 styl\u00e9 pour ton salon ? J&#8217;ai exactement ce qu&#8217;il te faut : un canap\u00e9 3 places scandinave qui date des ann\u00e9es 60, et qui est m\u00eame convertible en lit pour accueillir tes amis.<\/p>\n\n\n\n<p>Ce canap\u00e9 a une ligne \u00e9pur\u00e9e et minimaliste qui lui donne un look \u00e9l\u00e9gant et intemporel. L&#8217;architecture est belle, avec des structures en noy\u00e9 qui ajoutent une touche de chaleur \u00e0 ton int\u00e9rieur. L&#8217;assise et le dossier ont \u00e9t\u00e9 restaur\u00e9s et retapiss\u00e9s dans un Tissu de couleur vert fonc\u00e9, trait\u00e9 antitache, pour que tu puisses profiter de ton canap\u00e9 sans avoir peur des taches.<\/p>\n\n\n\n<p>L&#8217;assise est confortable et tr\u00e8s agr\u00e9able, parfait pour te d\u00e9tendre apr\u00e8s une longue journ\u00e9e. La structure en bois est d&#8217;origine et n&#8217;a pas subi de restaurations, donc tu peux \u00eatre s\u00fbr qu&#8217;il est authentique. Bien s\u00fbr, il y a quelques \u00e9gratignures li\u00e9es \u00e0 l&#8217;\u00e2ge du produit, mais cela fait partie de son charme vintage.<\/p>\n\n\n\n<p>En termes de dimensions, il mesure 80 cm de hauteur, 200 cm de largeur et 75 cm de profondeur, avec une hauteur d&#8217;assise de 39 cm. Alors si tu cherches un canap\u00e9 qui allie style et confort, ne cherche pas plus loin !<\/p>\n\n\n\n<h2 class=\"wp-block-heading\"><span class=\"ez-toc-section\" id=\"Aller_on_se_perd_pas_de_vue_hein\"><\/span>Aller, on se perd pas de vue hein?<span class=\"ez-toc-section-end\"><\/span><\/h2>\n\n\n\n<p>Si tu es fan de mobilier vintage et que tu cherches des meubles design d&#8217;occasion pour compl\u00e9ter ta d\u00e9coration, alors la newsletter de Mobilier Design Occasion est faite pour toi ! <\/p>\n\n\n\n<div class=\"wp-block-buttons is-layout-flex wp-block-buttons-is-layout-flex\">\n<div class=\"wp-block-button\"><a class=\"wp-block-button__link wp-element-button\" href=\"https:\/\/www.mobilier-design-occasion.fr\/index.php#subscriber\">Je m&#8217;inscris<\/a><\/div>\n<\/div>\n\n\n\n<p>En t&#8217;inscrivant, tu auras acc\u00e8s \u00e0 des informations exclusives sur les derni\u00e8res tendances en mati\u00e8re de mobilier vintage et d&#8217;occasion. Tu seras inform\u00e9 en avant-premi\u00e8re des nouveaut\u00e9s disponibles sur notre site web, des ventes sp\u00e9ciales et des offres promotionnelles.<\/p>\n","protected":false},"excerpt":{"rendered":"<p>Vous en avez marre des canap\u00e9s Ikea, But et Conforama qu&#8217;on retrouve partout? Vous avez envie d&#8217;un int\u00e9rieur cosy, \u00e0 votre image, loin des grandes enseignes? Un canap\u00e9 qui vous ressemble et qui a une histoire, un v\u00e9cu. On vous comprend, vraiment. On a donc d\u00e9cid\u00e9 de vous aider dans cette qu\u00eate du canap&#8217; id\u00e9al. [&hellip;]<\/p>\n","protected":false},"author":2,"featured_media":6411,"comment_status":"open","ping_status":"open","sticky":false,"template":"","format":"standard","meta":{"footnotes":""},"categories":[2],"tags":[],"class_list":["post-6409","post","type-post","status-publish","format-standard","has-post-thumbnail","hentry","category-tendances"],"yoast_head":"<!-- This site is optimized with the Yoast SEO plugin v27.5 - https:\/\/yoast.com\/product\/yoast-seo-wordpress\/ -->\n<title>10 canap\u00e9s Vintage \u00e0 ne pas manquer - Mobilier Design Magazine<\/title>\n<meta name=\"robots\" content=\"index, follow, max-snippet:-1, max-image-preview:large, max-video-preview:-1\" \/>\n<link rel=\"canonical\" href=\"https:\/\/www.mobilier-design-occasion.fr\/magazine\/10-canapes-vintage-a-ne-pas-manquer\/\" \/>\n<meta property=\"og:locale\" content=\"fr_FR\" \/>\n<meta property=\"og:type\" content=\"article\" \/>\n<meta property=\"og:title\" content=\"10 canap\u00e9s Vintage \u00e0 ne pas manquer - Mobilier Design Magazine\" \/>\n<meta property=\"og:description\" content=\"Vous en avez marre des canap\u00e9s Ikea, But et Conforama qu&#8217;on retrouve partout? Vous avez envie d&#8217;un int\u00e9rieur cosy, \u00e0 votre image, loin des grandes enseignes? Un canap\u00e9 qui vous ressemble et qui a une histoire, un v\u00e9cu. On vous comprend, vraiment. On a donc d\u00e9cid\u00e9 de vous aider dans cette qu\u00eate du canap&#8217; id\u00e9al. [&hellip;]\" \/>\n<meta property=\"og:url\" content=\"https:\/\/www.mobilier-design-occasion.fr\/magazine\/10-canapes-vintage-a-ne-pas-manquer\/\" \/>\n<meta property=\"og:site_name\" content=\"Mobilier Design Magazine\" \/>\n<meta property=\"article:publisher\" content=\"https:\/\/www.facebook.com\/mobilierdesignoccasion\" \/>\n<meta property=\"article:published_time\" content=\"2023-02-27T11:37:44+00:00\" \/>\n<meta property=\"article:modified_time\" content=\"2023-09-25T13:40:09+00:00\" \/>\n<meta property=\"og:image\" content=\"https:\/\/www.mobilier-design-occasion.fr\/magazine\/wp-content\/uploads\/2023\/02\/image-1.png\" \/>\n\t<meta property=\"og:image:width\" content=\"438\" \/>\n\t<meta property=\"og:image:height\" content=\"229\" \/>\n\t<meta property=\"og:image:type\" content=\"image\/png\" \/>\n<meta name=\"author\" content=\"Vincent Vandegans\" \/>\n<meta name=\"twitter:card\" content=\"summary_large_image\" \/>\n<meta name=\"twitter:label1\" content=\"\u00c9crit par\" \/>\n\t<meta name=\"twitter:data1\" content=\"Vincent Vandegans\" \/>\n\t<meta name=\"twitter:label2\" content=\"Dur\u00e9e de lecture estim\u00e9e\" \/>\n\t<meta name=\"twitter:data2\" content=\"8 minutes\" \/>\n<script type=\"application\/ld+json\" class=\"yoast-schema-graph\">{\"@context\":\"https:\\\/\\\/schema.org\",\"@graph\":[{\"@type\":\"Article\",\"@id\":\"https:\\\/\\\/www.mobilier-design-occasion.fr\\\/magazine\\\/10-canapes-vintage-a-ne-pas-manquer\\\/#article\",\"isPartOf\":{\"@id\":\"https:\\\/\\\/www.mobilier-design-occasion.fr\\\/magazine\\\/10-canapes-vintage-a-ne-pas-manquer\\\/\"},\"author\":{\"name\":\"Vincent Vandegans\",\"@id\":\"https:\\\/\\\/www.mobilier-design-occasion.fr\\\/magazine\\\/#\\\/schema\\\/person\\\/af895bedc80bfb6b17730a672fddac9e\"},\"headline\":\"10 canap\u00e9s Vintage \u00e0 ne pas manquer\",\"datePublished\":\"2023-02-27T11:37:44+00:00\",\"dateModified\":\"2023-09-25T13:40:09+00:00\",\"mainEntityOfPage\":{\"@id\":\"https:\\\/\\\/www.mobilier-design-occasion.fr\\\/magazine\\\/10-canapes-vintage-a-ne-pas-manquer\\\/\"},\"wordCount\":1706,\"commentCount\":0,\"publisher\":{\"@id\":\"https:\\\/\\\/www.mobilier-design-occasion.fr\\\/magazine\\\/#organization\"},\"image\":{\"@id\":\"https:\\\/\\\/www.mobilier-design-occasion.fr\\\/magazine\\\/10-canapes-vintage-a-ne-pas-manquer\\\/#primaryimage\"},\"thumbnailUrl\":\"https:\\\/\\\/www.mobilier-design-occasion.fr\\\/magazine\\\/wp-content\\\/uploads\\\/2023\\\/02\\\/image-1.png\",\"articleSection\":[\"Tendances\"],\"inLanguage\":\"fr-FR\",\"potentialAction\":[{\"@type\":\"CommentAction\",\"name\":\"Comment\",\"target\":[\"https:\\\/\\\/www.mobilier-design-occasion.fr\\\/magazine\\\/10-canapes-vintage-a-ne-pas-manquer\\\/#respond\"]}]},{\"@type\":\"WebPage\",\"@id\":\"https:\\\/\\\/www.mobilier-design-occasion.fr\\\/magazine\\\/10-canapes-vintage-a-ne-pas-manquer\\\/\",\"url\":\"https:\\\/\\\/www.mobilier-design-occasion.fr\\\/magazine\\\/10-canapes-vintage-a-ne-pas-manquer\\\/\",\"name\":\"10 canap\u00e9s Vintage \u00e0 ne pas manquer - Mobilier Design Magazine\",\"isPartOf\":{\"@id\":\"https:\\\/\\\/www.mobilier-design-occasion.fr\\\/magazine\\\/#website\"},\"primaryImageOfPage\":{\"@id\":\"https:\\\/\\\/www.mobilier-design-occasion.fr\\\/magazine\\\/10-canapes-vintage-a-ne-pas-manquer\\\/#primaryimage\"},\"image\":{\"@id\":\"https:\\\/\\\/www.mobilier-design-occasion.fr\\\/magazine\\\/10-canapes-vintage-a-ne-pas-manquer\\\/#primaryimage\"},\"thumbnailUrl\":\"https:\\\/\\\/www.mobilier-design-occasion.fr\\\/magazine\\\/wp-content\\\/uploads\\\/2023\\\/02\\\/image-1.png\",\"datePublished\":\"2023-02-27T11:37:44+00:00\",\"dateModified\":\"2023-09-25T13:40:09+00:00\",\"breadcrumb\":{\"@id\":\"https:\\\/\\\/www.mobilier-design-occasion.fr\\\/magazine\\\/10-canapes-vintage-a-ne-pas-manquer\\\/#breadcrumb\"},\"inLanguage\":\"fr-FR\",\"potentialAction\":[{\"@type\":\"ReadAction\",\"target\":[\"https:\\\/\\\/www.mobilier-design-occasion.fr\\\/magazine\\\/10-canapes-vintage-a-ne-pas-manquer\\\/\"]}]},{\"@type\":\"ImageObject\",\"inLanguage\":\"fr-FR\",\"@id\":\"https:\\\/\\\/www.mobilier-design-occasion.fr\\\/magazine\\\/10-canapes-vintage-a-ne-pas-manquer\\\/#primaryimage\",\"url\":\"https:\\\/\\\/www.mobilier-design-occasion.fr\\\/magazine\\\/wp-content\\\/uploads\\\/2023\\\/02\\\/image-1.png\",\"contentUrl\":\"https:\\\/\\\/www.mobilier-design-occasion.fr\\\/magazine\\\/wp-content\\\/uploads\\\/2023\\\/02\\\/image-1.png\",\"width\":438,\"height\":229},{\"@type\":\"BreadcrumbList\",\"@id\":\"https:\\\/\\\/www.mobilier-design-occasion.fr\\\/magazine\\\/10-canapes-vintage-a-ne-pas-manquer\\\/#breadcrumb\",\"itemListElement\":[{\"@type\":\"ListItem\",\"position\":1,\"name\":\"Accueil\",\"item\":\"https:\\\/\\\/www.mobilier-design-occasion.fr\\\/magazine\\\/\"},{\"@type\":\"ListItem\",\"position\":2,\"name\":\"10 canap\u00e9s Vintage \u00e0 ne pas manquer\"}]},{\"@type\":\"WebSite\",\"@id\":\"https:\\\/\\\/www.mobilier-design-occasion.fr\\\/magazine\\\/#website\",\"url\":\"https:\\\/\\\/www.mobilier-design-occasion.fr\\\/magazine\\\/\",\"name\":\"Mobilier Design Magazine\",\"description\":\"\",\"publisher\":{\"@id\":\"https:\\\/\\\/www.mobilier-design-occasion.fr\\\/magazine\\\/#organization\"},\"potentialAction\":[{\"@type\":\"SearchAction\",\"target\":{\"@type\":\"EntryPoint\",\"urlTemplate\":\"https:\\\/\\\/www.mobilier-design-occasion.fr\\\/magazine\\\/?s={search_term_string}\"},\"query-input\":{\"@type\":\"PropertyValueSpecification\",\"valueRequired\":true,\"valueName\":\"search_term_string\"}}],\"inLanguage\":\"fr-FR\"},{\"@type\":\"Organization\",\"@id\":\"https:\\\/\\\/www.mobilier-design-occasion.fr\\\/magazine\\\/#organization\",\"name\":\"Mobilier Design Magazine\",\"url\":\"https:\\\/\\\/www.mobilier-design-occasion.fr\\\/magazine\\\/\",\"logo\":{\"@type\":\"ImageObject\",\"inLanguage\":\"fr-FR\",\"@id\":\"https:\\\/\\\/www.mobilier-design-occasion.fr\\\/magazine\\\/#\\\/schema\\\/logo\\\/image\\\/\",\"url\":\"https:\\\/\\\/www.mobilier-design-occasion.fr\\\/magazine\\\/wp-content\\\/uploads\\\/2024\\\/02\\\/android-chrome-192x192-1.png\",\"contentUrl\":\"https:\\\/\\\/www.mobilier-design-occasion.fr\\\/magazine\\\/wp-content\\\/uploads\\\/2024\\\/02\\\/android-chrome-192x192-1.png\",\"width\":192,\"height\":192,\"caption\":\"Mobilier Design Magazine\"},\"image\":{\"@id\":\"https:\\\/\\\/www.mobilier-design-occasion.fr\\\/magazine\\\/#\\\/schema\\\/logo\\\/image\\\/\"},\"sameAs\":[\"https:\\\/\\\/www.facebook.com\\\/mobilierdesignoccasion\"]},{\"@type\":\"Person\",\"@id\":\"https:\\\/\\\/www.mobilier-design-occasion.fr\\\/magazine\\\/#\\\/schema\\\/person\\\/af895bedc80bfb6b17730a672fddac9e\",\"name\":\"Vincent Vandegans\",\"image\":{\"@type\":\"ImageObject\",\"inLanguage\":\"fr-FR\",\"@id\":\"https:\\\/\\\/secure.gravatar.com\\\/avatar\\\/b984800dabdf722d5e3f03f637c8932dea77d81118467d17ad2953e3b273ec66?s=96&d=mm&r=g\",\"url\":\"https:\\\/\\\/secure.gravatar.com\\\/avatar\\\/b984800dabdf722d5e3f03f637c8932dea77d81118467d17ad2953e3b273ec66?s=96&d=mm&r=g\",\"contentUrl\":\"https:\\\/\\\/secure.gravatar.com\\\/avatar\\\/b984800dabdf722d5e3f03f637c8932dea77d81118467d17ad2953e3b273ec66?s=96&d=mm&r=g\",\"caption\":\"Vincent Vandegans\"},\"description\":\"Vincent est passionn\u00e9 par les produits d'occasion, il a ouvert le site MDO avec Cyrielle pour aider les gens \u00e0 trouver du mobilier d'occasion, vintage ou usag\u00e9. Depuis, ils ont \u00e9tendu leurs activit\u00e9s et conseillent tout le monde sur le mobilier d'int\u00e9rieur et d'ext\u00e9rieur au quotidien \u00e0 travers le magazine MDO.\",\"url\":\"https:\\\/\\\/www.mobilier-design-occasion.fr\\\/magazine\\\/author\\\/vincent\\\/\"}]}<\/script>\n<!-- \/ Yoast SEO plugin. -->","yoast_head_json":{"title":"10 canap\u00e9s Vintage \u00e0 ne pas manquer - Mobilier Design Magazine","robots":{"index":"index","follow":"follow","max-snippet":"max-snippet:-1","max-image-preview":"max-image-preview:large","max-video-preview":"max-video-preview:-1"},"canonical":"https:\/\/www.mobilier-design-occasion.fr\/magazine\/10-canapes-vintage-a-ne-pas-manquer\/","og_locale":"fr_FR","og_type":"article","og_title":"10 canap\u00e9s Vintage \u00e0 ne pas manquer - Mobilier Design Magazine","og_description":"Vous en avez marre des canap\u00e9s Ikea, But et Conforama qu&#8217;on retrouve partout? Vous avez envie d&#8217;un int\u00e9rieur cosy, \u00e0 votre image, loin des grandes enseignes? Un canap\u00e9 qui vous ressemble et qui a une histoire, un v\u00e9cu. On vous comprend, vraiment. On a donc d\u00e9cid\u00e9 de vous aider dans cette qu\u00eate du canap&#8217; id\u00e9al. [&hellip;]","og_url":"https:\/\/www.mobilier-design-occasion.fr\/magazine\/10-canapes-vintage-a-ne-pas-manquer\/","og_site_name":"Mobilier Design Magazine","article_publisher":"https:\/\/www.facebook.com\/mobilierdesignoccasion","article_published_time":"2023-02-27T11:37:44+00:00","article_modified_time":"2023-09-25T13:40:09+00:00","og_image":[{"width":438,"height":229,"url":"https:\/\/www.mobilier-design-occasion.fr\/magazine\/wp-content\/uploads\/2023\/02\/image-1.png","type":"image\/png"}],"author":"Vincent Vandegans","twitter_card":"summary_large_image","twitter_misc":{"\u00c9crit par":"Vincent Vandegans","Dur\u00e9e de lecture estim\u00e9e":"8 minutes"},"schema":{"@context":"https:\/\/schema.org","@graph":[{"@type":"Article","@id":"https:\/\/www.mobilier-design-occasion.fr\/magazine\/10-canapes-vintage-a-ne-pas-manquer\/#article","isPartOf":{"@id":"https:\/\/www.mobilier-design-occasion.fr\/magazine\/10-canapes-vintage-a-ne-pas-manquer\/"},"author":{"name":"Vincent Vandegans","@id":"https:\/\/www.mobilier-design-occasion.fr\/magazine\/#\/schema\/person\/af895bedc80bfb6b17730a672fddac9e"},"headline":"10 canap\u00e9s Vintage \u00e0 ne pas manquer","datePublished":"2023-02-27T11:37:44+00:00","dateModified":"2023-09-25T13:40:09+00:00","mainEntityOfPage":{"@id":"https:\/\/www.mobilier-design-occasion.fr\/magazine\/10-canapes-vintage-a-ne-pas-manquer\/"},"wordCount":1706,"commentCount":0,"publisher":{"@id":"https:\/\/www.mobilier-design-occasion.fr\/magazine\/#organization"},"image":{"@id":"https:\/\/www.mobilier-design-occasion.fr\/magazine\/10-canapes-vintage-a-ne-pas-manquer\/#primaryimage"},"thumbnailUrl":"https:\/\/www.mobilier-design-occasion.fr\/magazine\/wp-content\/uploads\/2023\/02\/image-1.png","articleSection":["Tendances"],"inLanguage":"fr-FR","potentialAction":[{"@type":"CommentAction","name":"Comment","target":["https:\/\/www.mobilier-design-occasion.fr\/magazine\/10-canapes-vintage-a-ne-pas-manquer\/#respond"]}]},{"@type":"WebPage","@id":"https:\/\/www.mobilier-design-occasion.fr\/magazine\/10-canapes-vintage-a-ne-pas-manquer\/","url":"https:\/\/www.mobilier-design-occasion.fr\/magazine\/10-canapes-vintage-a-ne-pas-manquer\/","name":"10 canap\u00e9s Vintage \u00e0 ne pas manquer - Mobilier Design Magazine","isPartOf":{"@id":"https:\/\/www.mobilier-design-occasion.fr\/magazine\/#website"},"primaryImageOfPage":{"@id":"https:\/\/www.mobilier-design-occasion.fr\/magazine\/10-canapes-vintage-a-ne-pas-manquer\/#primaryimage"},"image":{"@id":"https:\/\/www.mobilier-design-occasion.fr\/magazine\/10-canapes-vintage-a-ne-pas-manquer\/#primaryimage"},"thumbnailUrl":"https:\/\/www.mobilier-design-occasion.fr\/magazine\/wp-content\/uploads\/2023\/02\/image-1.png","datePublished":"2023-02-27T11:37:44+00:00","dateModified":"2023-09-25T13:40:09+00:00","breadcrumb":{"@id":"https:\/\/www.mobilier-design-occasion.fr\/magazine\/10-canapes-vintage-a-ne-pas-manquer\/#breadcrumb"},"inLanguage":"fr-FR","potentialAction":[{"@type":"ReadAction","target":["https:\/\/www.mobilier-design-occasion.fr\/magazine\/10-canapes-vintage-a-ne-pas-manquer\/"]}]},{"@type":"ImageObject","inLanguage":"fr-FR","@id":"https:\/\/www.mobilier-design-occasion.fr\/magazine\/10-canapes-vintage-a-ne-pas-manquer\/#primaryimage","url":"https:\/\/www.mobilier-design-occasion.fr\/magazine\/wp-content\/uploads\/2023\/02\/image-1.png","contentUrl":"https:\/\/www.mobilier-design-occasion.fr\/magazine\/wp-content\/uploads\/2023\/02\/image-1.png","width":438,"height":229},{"@type":"BreadcrumbList","@id":"https:\/\/www.mobilier-design-occasion.fr\/magazine\/10-canapes-vintage-a-ne-pas-manquer\/#breadcrumb","itemListElement":[{"@type":"ListItem","position":1,"name":"Accueil","item":"https:\/\/www.mobilier-design-occasion.fr\/magazine\/"},{"@type":"ListItem","position":2,"name":"10 canap\u00e9s Vintage \u00e0 ne pas manquer"}]},{"@type":"WebSite","@id":"https:\/\/www.mobilier-design-occasion.fr\/magazine\/#website","url":"https:\/\/www.mobilier-design-occasion.fr\/magazine\/","name":"Mobilier Design Magazine","description":"","publisher":{"@id":"https:\/\/www.mobilier-design-occasion.fr\/magazine\/#organization"},"potentialAction":[{"@type":"SearchAction","target":{"@type":"EntryPoint","urlTemplate":"https:\/\/www.mobilier-design-occasion.fr\/magazine\/?s={search_term_string}"},"query-input":{"@type":"PropertyValueSpecification","valueRequired":true,"valueName":"search_term_string"}}],"inLanguage":"fr-FR"},{"@type":"Organization","@id":"https:\/\/www.mobilier-design-occasion.fr\/magazine\/#organization","name":"Mobilier Design Magazine","url":"https:\/\/www.mobilier-design-occasion.fr\/magazine\/","logo":{"@type":"ImageObject","inLanguage":"fr-FR","@id":"https:\/\/www.mobilier-design-occasion.fr\/magazine\/#\/schema\/logo\/image\/","url":"https:\/\/www.mobilier-design-occasion.fr\/magazine\/wp-content\/uploads\/2024\/02\/android-chrome-192x192-1.png","contentUrl":"https:\/\/www.mobilier-design-occasion.fr\/magazine\/wp-content\/uploads\/2024\/02\/android-chrome-192x192-1.png","width":192,"height":192,"caption":"Mobilier Design Magazine"},"image":{"@id":"https:\/\/www.mobilier-design-occasion.fr\/magazine\/#\/schema\/logo\/image\/"},"sameAs":["https:\/\/www.facebook.com\/mobilierdesignoccasion"]},{"@type":"Person","@id":"https:\/\/www.mobilier-design-occasion.fr\/magazine\/#\/schema\/person\/af895bedc80bfb6b17730a672fddac9e","name":"Vincent Vandegans","image":{"@type":"ImageObject","inLanguage":"fr-FR","@id":"https:\/\/secure.gravatar.com\/avatar\/b984800dabdf722d5e3f03f637c8932dea77d81118467d17ad2953e3b273ec66?s=96&d=mm&r=g","url":"https:\/\/secure.gravatar.com\/avatar\/b984800dabdf722d5e3f03f637c8932dea77d81118467d17ad2953e3b273ec66?s=96&d=mm&r=g","contentUrl":"https:\/\/secure.gravatar.com\/avatar\/b984800dabdf722d5e3f03f637c8932dea77d81118467d17ad2953e3b273ec66?s=96&d=mm&r=g","caption":"Vincent Vandegans"},"description":"Vincent est passionn\u00e9 par les produits d'occasion, il a ouvert le site MDO avec Cyrielle pour aider les gens \u00e0 trouver du mobilier d'occasion, vintage ou usag\u00e9. Depuis, ils ont \u00e9tendu leurs activit\u00e9s et conseillent tout le monde sur le mobilier d'int\u00e9rieur et d'ext\u00e9rieur au quotidien \u00e0 travers le magazine MDO.","url":"https:\/\/www.mobilier-design-occasion.fr\/magazine\/author\/vincent\/"}]}},"_links":{"self":[{"href":"https:\/\/www.mobilier-design-occasion.fr\/magazine\/wp-json\/wp\/v2\/posts\/6409","targetHints":{"allow":["GET"]}}],"collection":[{"href":"https:\/\/www.mobilier-design-occasion.fr\/magazine\/wp-json\/wp\/v2\/posts"}],"about":[{"href":"https:\/\/www.mobilier-design-occasion.fr\/magazine\/wp-json\/wp\/v2\/types\/post"}],"author":[{"embeddable":true,"href":"https:\/\/www.mobilier-design-occasion.fr\/magazine\/wp-json\/wp\/v2\/users\/2"}],"replies":[{"embeddable":true,"href":"https:\/\/www.mobilier-design-occasion.fr\/magazine\/wp-json\/wp\/v2\/comments?post=6409"}],"version-history":[{"count":2,"href":"https:\/\/www.mobilier-design-occasion.fr\/magazine\/wp-json\/wp\/v2\/posts\/6409\/revisions"}],"predecessor-version":[{"id":6421,"href":"https:\/\/www.mobilier-design-occasion.fr\/magazine\/wp-json\/wp\/v2\/posts\/6409\/revisions\/6421"}],"wp:featuredmedia":[{"embeddable":true,"href":"https:\/\/www.mobilier-design-occasion.fr\/magazine\/wp-json\/wp\/v2\/media\/6411"}],"wp:attachment":[{"href":"https:\/\/www.mobilier-design-occasion.fr\/magazine\/wp-json\/wp\/v2\/media?parent=6409"}],"wp:term":[{"taxonomy":"category","embeddable":true,"href":"https:\/\/www.mobilier-design-occasion.fr\/magazine\/wp-json\/wp\/v2\/categories?post=6409"},{"taxonomy":"post_tag","embeddable":true,"href":"https:\/\/www.mobilier-design-occasion.fr\/magazine\/wp-json\/wp\/v2\/tags?post=6409"}],"curies":[{"name":"wp","href":"https:\/\/api.w.org\/{rel}","templated":true}]}}