{"id":6399,"date":"2023-02-22T22:50:30","date_gmt":"2023-02-22T22:50:30","guid":{"rendered":"https:\/\/www.mobilier-design-occasion.fr\/magazine\/les-tendances-en-matiere-de-mobilier-scandinave-pour-2023\/"},"modified":"2023-02-22T22:50:30","modified_gmt":"2023-02-22T22:50:30","slug":"les-tendances-en-matiere-de-mobilier-scandinave-pour-2023","status":"publish","type":"post","link":"https:\/\/www.mobilier-design-occasion.fr\/magazine\/les-tendances-en-matiere-de-mobilier-scandinave-pour-2023\/","title":{"rendered":"Les tendances en mati\u00e8re de mobilier scandinave pour 2023"},"content":{"rendered":"<p>Vous \u00eates \u00e0 la recherche des derni\u00e8res tendances en mati\u00e8re de mobilier scandinave pour 2023\u2009? Vous voulez un int\u00e9rieur de maison moderne et \u00e9l\u00e9gant\u2009? Vous \u00eates au bon endroit\u2009! Le style scandinave s\u2019est impos\u00e9 comme le style de d\u00e9coration int\u00e9rieure le plus populaire des derni\u00e8res ann\u00e9es. Il est caract\u00e9ris\u00e9 par des lignes \u00e9pur\u00e9es, des couleurs neutres et des mati\u00e8res naturelles. Les meubles scandinaves sont \u00e9l\u00e9gants et modernes, mais ils sont aussi tr\u00e8s fonctionnels. Ils sont parfaits pour les petits espaces, car ils sont con\u00e7us pour optimiser l\u2019espace disponible et offrir un maximum de confort. Dans cet article, nous vous pr\u00e9sentons les tendances en mati\u00e8re de mobilier scandinave pour 2023.<\/p>\n<h2><span class=\"ez-toc-section\" id=\"Les_couleurs_a_choisir\"><\/span>Les couleurs \u00e0 choisir<span class=\"ez-toc-section-end\"><\/span><\/h2><div id=\"ez-toc-container\" class=\"ez-toc-v2_0_82_2 counter-hierarchy ez-toc-counter ez-toc-grey ez-toc-container-direction\">\n<div class=\"ez-toc-title-container\">\n<span class=\"ez-toc-title-toggle\"><a href=\"#\" class=\"ez-toc-pull-right ez-toc-btn ez-toc-btn-xs ez-toc-btn-default ez-toc-toggle\" aria-label=\"Toggle Table of Content\"><span class=\"ez-toc-js-icon-con\"><span class=\"\"><span class=\"eztoc-hide\" style=\"display:none;\">Toggle<\/span><span class=\"ez-toc-icon-toggle-span\"><svg style=\"fill: #999;color:#999\" xmlns=\"http:\/\/www.w3.org\/2000\/svg\" class=\"list-377408\" width=\"20px\" height=\"20px\" viewBox=\"0 0 24 24\" fill=\"none\"><path d=\"M6 6H4v2h2V6zm14 0H8v2h12V6zM4 11h2v2H4v-2zm16 0H8v2h12v-2zM4 16h2v2H4v-2zm16 0H8v2h12v-2z\" fill=\"currentColor\"><\/path><\/svg><svg style=\"fill: #999;color:#999\" class=\"arrow-unsorted-368013\" xmlns=\"http:\/\/www.w3.org\/2000\/svg\" width=\"10px\" height=\"10px\" viewBox=\"0 0 24 24\" version=\"1.2\" baseProfile=\"tiny\"><path d=\"M18.2 9.3l-6.2-6.3-6.2 6.3c-.2.2-.3.4-.3.7s.1.5.3.7c.2.2.4.3.7.3h11c.3 0 .5-.1.7-.3.2-.2.3-.5.3-.7s-.1-.5-.3-.7zM5.8 14.7l6.2 6.3 6.2-6.3c.2-.2.3-.5.3-.7s-.1-.5-.3-.7c-.2-.2-.4-.3-.7-.3h-11c-.3 0-.5.1-.7.3-.2.2-.3.5-.3.7s.1.5.3.7z\"\/><\/svg><\/span><\/span><\/span><\/a><\/span><\/div>\n<nav><ul class='ez-toc-list ez-toc-list-level-1 eztoc-toggle-hide-by-default' ><li class='ez-toc-page-1 ez-toc-heading-level-2'><a class=\"ez-toc-link ez-toc-heading-1\" href=\"https:\/\/www.mobilier-design-occasion.fr\/magazine\/les-tendances-en-matiere-de-mobilier-scandinave-pour-2023\/#Les_couleurs_a_choisir\" >Les couleurs \u00e0 choisir<\/a><\/li><li class='ez-toc-page-1 ez-toc-heading-level-2'><a class=\"ez-toc-link ez-toc-heading-2\" href=\"https:\/\/www.mobilier-design-occasion.fr\/magazine\/les-tendances-en-matiere-de-mobilier-scandinave-pour-2023\/#Les_matieres_a_utiliser\" >Les mati\u00e8res \u00e0 utiliser<\/a><\/li><li class='ez-toc-page-1 ez-toc-heading-level-2'><a class=\"ez-toc-link ez-toc-heading-3\" href=\"https:\/\/www.mobilier-design-occasion.fr\/magazine\/les-tendances-en-matiere-de-mobilier-scandinave-pour-2023\/#Les_styles_a_adopter\" >Les styles \u00e0 adopter<\/a><\/li><li class='ez-toc-page-1 ez-toc-heading-level-2'><a class=\"ez-toc-link ez-toc-heading-4\" href=\"https:\/\/www.mobilier-design-occasion.fr\/magazine\/les-tendances-en-matiere-de-mobilier-scandinave-pour-2023\/#Tendances_en_matiere_de_decoration_pour_les_salles_de_bain\" >Tendances en mati\u00e8re de d\u00e9coration pour les salles de bain<\/a><ul class='ez-toc-list-level-3' ><li class='ez-toc-heading-level-3'><a class=\"ez-toc-link ez-toc-heading-5\" href=\"https:\/\/www.mobilier-design-occasion.fr\/magazine\/les-tendances-en-matiere-de-mobilier-scandinave-pour-2023\/#Les_couleurs\" >Les couleurs<\/a><\/li><li class='ez-toc-page-1 ez-toc-heading-level-3'><a class=\"ez-toc-link ez-toc-heading-6\" href=\"https:\/\/www.mobilier-design-occasion.fr\/magazine\/les-tendances-en-matiere-de-mobilier-scandinave-pour-2023\/#Les_matieres\" >Les mati\u00e8res<\/a><\/li><li class='ez-toc-page-1 ez-toc-heading-level-3'><a class=\"ez-toc-link ez-toc-heading-7\" href=\"https:\/\/www.mobilier-design-occasion.fr\/magazine\/les-tendances-en-matiere-de-mobilier-scandinave-pour-2023\/#Les_styles\" >Les styles<\/a><\/li><li class='ez-toc-page-1 ez-toc-heading-level-3'><a class=\"ez-toc-link ez-toc-heading-8\" href=\"https:\/\/www.mobilier-design-occasion.fr\/magazine\/les-tendances-en-matiere-de-mobilier-scandinave-pour-2023\/#Les_accessoires\" >Les accessoires<\/a><\/li><\/ul><\/li><li class='ez-toc-page-1 ez-toc-heading-level-2'><a class=\"ez-toc-link ez-toc-heading-9\" href=\"https:\/\/www.mobilier-design-occasion.fr\/magazine\/les-tendances-en-matiere-de-mobilier-scandinave-pour-2023\/#Conclusion\" >Conclusion<\/a><\/li><\/ul><\/nav><\/div>\n\n<p>Les couleurs ont toujours \u00e9t\u00e9 un <a href=\"https:\/\/www.mobilier-design-occasion.fr\/magazine\/pourquoi-et-comment-adopter-la-decoration-scandinave-dans-son-interieur\/\">\u00e9l\u00e9ment cl\u00e9 du style scandinave<\/a>. Les couleurs neutres sont \u00e0 l\u2019honneur, telles que le blanc, le gris et le beige. Elles sont parfaites pour cr\u00e9er un int\u00e9rieur zen et cr\u00e9er une ambiance calme et apaisante. Cependant, les plus vives sont \u00e9galement tr\u00e8s populaires. Les tons pastel, tels que le rose, le bleu et le vert, sont parfaits pour ajouter une touche de couleur \u00e0 l\u2019int\u00e9rieur de votre maison. Les couleurs vibrantes, telles que l\u2019orange, le jaune et le rouge, sont \u00e9galement tr\u00e8s appr\u00e9ci\u00e9es et peuvent \u00eatre utilis\u00e9es pour ajouter une touche de fra\u00eecheur \u00e0 votre int\u00e9rieur.<\/p>\n<h2><span class=\"ez-toc-section\" id=\"Les_matieres_a_utiliser\"><\/span>Les mati\u00e8res \u00e0 utiliser<span class=\"ez-toc-section-end\"><\/span><\/h2>\n<p>Les mati\u00e8res naturelles sont tr\u00e8s populaires dans le style scandinave. Le bois est le mat\u00e9riau le plus utilis\u00e9, car il est durable, \u00e9l\u00e9gant et tr\u00e8s facile \u00e0 entretenir. Le bois est \u00e9galement tr\u00e8s polyvalent\u00a0: il peut \u00eatre utilis\u00e9 pour cr\u00e9er des meubles, des rev\u00eatements de sol et de murs, et m\u00eame des accessoires. Les autres mati\u00e8res naturelles populaires sont le lin, le coton et le cuir. Les mati\u00e8res synth\u00e9tiques, telles que le plastique et le m\u00e9tal, peuvent \u00e9galement \u00eatre utilis\u00e9es, mais elles doivent \u00eatre utilis\u00e9es avec parcimonie pour \u00e9viter de donner \u00e0 votre int\u00e9rieur un aspect trop clinique.<\/p>\n<h2><span class=\"ez-toc-section\" id=\"Les_styles_a_adopter\"><\/span>Les styles \u00e0 adopter<span class=\"ez-toc-section-end\"><\/span><\/h2>\n<p>Le style scandinave est tr\u00e8s vari\u00e9 et offre de nombreuses possibilit\u00e9s. Les styles classiques, tels que le style nordique et le style mid-century modern, sont tr\u00e8s tendance. Il est possible d\u2019opter pour un style plus contemporain, avec des meubles et des accessoires modernes et \u00e9pur\u00e9s. Vous pouvez aussi opter pour un style plus rustique, avec des meubles en bois et des mati\u00e8res naturelles. Il est original de m\u00e9langer les styles pour cr\u00e9er un int\u00e9rieur unique et personnel. Vous pouvez m\u00e9langer des meubles modernes avec des objets d\u00e9coratifs vintage ou des mati\u00e8res naturelles avec des mati\u00e8res synth\u00e9tiques. Il est \u00e9galement possible de m\u00e9langer des styles diff\u00e9rents, tels que le style scandinave et le style m\u00e9diterran\u00e9en.<\/p>\n<h2><span class=\"ez-toc-section\" id=\"Tendances_en_matiere_de_decoration_pour_les_salles_de_bain\"><\/span>Tendances en mati\u00e8re de d\u00e9coration pour les salles de bain<span class=\"ez-toc-section-end\"><\/span><\/h2>\n<p>Les salles de bain sont une des pi\u00e8ces les plus importantes d\u2019une maison et leur d\u00e9coration est tr\u00e8s importante. Les tendances en mati\u00e8re de d\u00e9coration pour les salles de bain sont vari\u00e9es et il existe de nombreuses options pour cr\u00e9er un espace unique et personnel.<\/p>\n<p><img loading=\"lazy\" decoding=\"async\" class=\"alignnone size-full wp-image-3421\" style=\"margin-left: auto;margin-right: auto\" src=\"https:\/\/i0.wp.com\/scrib.serveur-test.fr\/wp-content\/uploads\/2023\/02\/mobilier-scandinave.jpg?resize=1024%2C512&amp;ssl=1\" alt=\"mobilier scandinave\" width=\"1024\" height=\"512\" \/><\/p>\n<h3><span class=\"ez-toc-section\" id=\"Les_couleurs\"><\/span>Les couleurs<span class=\"ez-toc-section-end\"><\/span><\/h3>\n<p>Les couleurs sont essentielles pour donner une atmosph\u00e8re unique \u00e0 la salle de bain. Les couleurs neutres sont toujours tr\u00e8s populaires et peuvent \u00eatre utilis\u00e9es pour cr\u00e9er un espace zen et relaxant. Les couleurs pastel, telles que le bleu et le vert, sont tr\u00e8s populaires et peuvent \u00eatre utilis\u00e9es pour ajouter une touche de fra\u00eecheur \u00e0 la salle de bain. Les couleurs plus vives, telles que le jaune et le rouge, peuvent \u00e9galement \u00eatre utilis\u00e9es pour ajouter une touche de couleur \u00e0 la pi\u00e8ce.<\/p>\n<h3><span class=\"ez-toc-section\" id=\"Les_matieres\"><\/span>Les mati\u00e8res<span class=\"ez-toc-section-end\"><\/span><\/h3>\n<p>Les mati\u00e8res naturelles sont tr\u00e8s populaires dans les salles de bain. Le bois est le mat\u00e9riau le plus utilis\u00e9 pour cr\u00e9er des meubles et des rev\u00eatements de sol et de murs. Le bois est tr\u00e8s durable et il est tr\u00e8s facile \u00e0 entretenir. Les autres mati\u00e8res naturelles populaires sont le lin, le coton et le cuir. Les mati\u00e8res synth\u00e9tiques, telles que le plastique et le m\u00e9tal, peuvent \u00e9galement \u00eatre utilis\u00e9es pour cr\u00e9er un int\u00e9rieur moderne et \u00e9l\u00e9gant. Les mati\u00e8res synth\u00e9tiques sont \u00e9galement tr\u00e8s faciles \u00e0 entretenir et elles sont tr\u00e8s r\u00e9sistantes \u00e0 l\u2019humidit\u00e9.<\/p>\n<h3><span class=\"ez-toc-section\" id=\"Les_styles\"><\/span>Les styles<span class=\"ez-toc-section-end\"><\/span><\/h3>\n<p>Le style scandinave est tr\u00e8s populaire dans les salles de bain. Il est caract\u00e9ris\u00e9 par des lignes \u00e9pur\u00e9es, des couleurs neutres et des mati\u00e8res naturelles. Les meubles scandinaves sont \u00e9l\u00e9gants et modernes, mais ils sont aussi tr\u00e8s fonctionnels.<\/p>\n<h3><span class=\"ez-toc-section\" id=\"Les_accessoires\"><\/span>Les accessoires<span class=\"ez-toc-section-end\"><\/span><\/h3>\n<p>Les accessoires sont essentiels pour cr\u00e9er un int\u00e9rieur unique et personnel. Vous pouvez opter pour des objets d\u00e9coratifs vintage ou des accessoires modernes et \u00e9pur\u00e9s. Ajoutez des plantes pour avoir une touche de couleur et de fra\u00eecheur \u00e0 votre salle de bain. Vous pouvez aussi ajouter des rev\u00eatements muraux et des rev\u00eatements de sol pour donner \u00e0 votre salle de bain un look unique. Les papiers peints, les carrelages, les lames de bois et les dalles de pierre sont des mat\u00e9riaux tr\u00e8s populaires pour les rev\u00eatements de sol et de murs.<\/p>\n<h2><span class=\"ez-toc-section\" id=\"Conclusion\"><\/span>Conclusion<span class=\"ez-toc-section-end\"><\/span><\/h2>\n<p>Les tendances en mati\u00e8re de d\u00e9coration pour les salles de bain sont vari\u00e9es et il existe de nombreuses possibilit\u00e9s pour cr\u00e9er un espace unique et personnel. Les couleurs sont essentielles pour donner une atmosph\u00e8re unique \u00e0 la salle de bain. Les couleurs neutres sont tr\u00e8s populaires, mais les couleurs plus vives peuvent \u00e9galement \u00eatre utilis\u00e9es pour ajouter une touche de couleur \u00e0 la pi\u00e8ce. Les mati\u00e8res naturelles, telles que le bois, le lin et le cuir, sont tr\u00e8s populaires, mais les mati\u00e8res synth\u00e9tiques peuvent \u00e9galement \u00eatre utilis\u00e9es pour cr\u00e9er un int\u00e9rieur moderne et \u00e9l\u00e9gant. Il est possible de m\u00e9langer diff\u00e9rents styles et mati\u00e8res pour cr\u00e9er un int\u00e9rieur unique et personnel. Les accessoires sont essentiels pour donner \u00e0 votre salle de bain un look unique.<\/p>\n<p style=\"text-align: center\"><iframe loading=\"lazy\" title=\"Les nouvelles tendance d\u00e9co 2023 !\" width=\"810\" height=\"456\" src=\"https:\/\/www.youtube.com\/embed\/8AwIRIOu3Ko?feature=oembed\" frameborder=\"0\" allow=\"accelerometer; autoplay; clipboard-write; encrypted-media; gyroscope; picture-in-picture; web-share\" allowfullscreen><\/iframe><\/p>\n","protected":false},"excerpt":{"rendered":"<p>Vous \u00eates \u00e0 la recherche des derni\u00e8res tendances en mati\u00e8re de mobilier scandinave pour 2023\u2009? Vous voulez un int\u00e9rieur de maison moderne et \u00e9l\u00e9gant\u2009? Vous \u00eates au bon endroit\u2009! Le style scandinave s\u2019est impos\u00e9 comme le style de d\u00e9coration int\u00e9rieure le plus populaire des derni\u00e8res ann\u00e9es. Il est caract\u00e9ris\u00e9 par des lignes \u00e9pur\u00e9es, des couleurs [&hellip;]<\/p>\n","protected":false},"author":1,"featured_media":6400,"comment_status":"open","ping_status":"open","sticky":false,"template":"","format":"standard","meta":{"footnotes":""},"categories":[2],"tags":[],"class_list":["post-6399","post","type-post","status-publish","format-standard","has-post-thumbnail","hentry","category-tendances"],"yoast_head":"<!-- This site is optimized with the Yoast SEO plugin v27.5 - https:\/\/yoast.com\/product\/yoast-seo-wordpress\/ -->\n<title>Les tendances en mati\u00e8re de mobilier scandinave pour 2023 - Mobilier Design Magazine<\/title>\n<meta name=\"robots\" content=\"index, follow, max-snippet:-1, max-image-preview:large, max-video-preview:-1\" \/>\n<link rel=\"canonical\" href=\"https:\/\/www.mobilier-design-occasion.fr\/magazine\/les-tendances-en-matiere-de-mobilier-scandinave-pour-2023\/\" \/>\n<meta property=\"og:locale\" content=\"fr_FR\" \/>\n<meta property=\"og:type\" content=\"article\" \/>\n<meta property=\"og:title\" content=\"Les tendances en mati\u00e8re de mobilier scandinave pour 2023 - Mobilier Design Magazine\" \/>\n<meta property=\"og:description\" content=\"Vous \u00eates \u00e0 la recherche des derni\u00e8res tendances en mati\u00e8re de mobilier scandinave pour 2023\u2009? Vous voulez un int\u00e9rieur de maison moderne et \u00e9l\u00e9gant\u2009? Vous \u00eates au bon endroit\u2009! Le style scandinave s\u2019est impos\u00e9 comme le style de d\u00e9coration int\u00e9rieure le plus populaire des derni\u00e8res ann\u00e9es. Il est caract\u00e9ris\u00e9 par des lignes \u00e9pur\u00e9es, des couleurs [&hellip;]\" \/>\n<meta property=\"og:url\" content=\"https:\/\/www.mobilier-design-occasion.fr\/magazine\/les-tendances-en-matiere-de-mobilier-scandinave-pour-2023\/\" \/>\n<meta property=\"og:site_name\" content=\"Mobilier Design Magazine\" \/>\n<meta property=\"article:publisher\" content=\"https:\/\/www.facebook.com\/mobilierdesignoccasion\" \/>\n<meta property=\"article:published_time\" content=\"2023-02-22T22:50:30+00:00\" \/>\n<meta property=\"og:image\" content=\"https:\/\/www.mobilier-design-occasion.fr\/magazine\/wp-content\/uploads\/2023\/02\/meuble-scandinave.jpg\" \/>\n\t<meta property=\"og:image:width\" content=\"1200\" \/>\n\t<meta property=\"og:image:height\" content=\"600\" \/>\n\t<meta property=\"og:image:type\" content=\"image\/jpeg\" \/>\n<meta name=\"author\" content=\"Cyrielle Poirot\" \/>\n<meta name=\"twitter:card\" content=\"summary_large_image\" \/>\n<meta name=\"twitter:label1\" content=\"\u00c9crit par\" \/>\n\t<meta name=\"twitter:data1\" content=\"Cyrielle Poirot\" \/>\n\t<meta name=\"twitter:label2\" content=\"Dur\u00e9e de lecture estim\u00e9e\" \/>\n\t<meta name=\"twitter:data2\" content=\"5 minutes\" \/>\n<script type=\"application\/ld+json\" class=\"yoast-schema-graph\">{\"@context\":\"https:\\\/\\\/schema.org\",\"@graph\":[{\"@type\":\"Article\",\"@id\":\"https:\\\/\\\/www.mobilier-design-occasion.fr\\\/magazine\\\/les-tendances-en-matiere-de-mobilier-scandinave-pour-2023\\\/#article\",\"isPartOf\":{\"@id\":\"https:\\\/\\\/www.mobilier-design-occasion.fr\\\/magazine\\\/les-tendances-en-matiere-de-mobilier-scandinave-pour-2023\\\/\"},\"author\":{\"name\":\"Cyrielle Poirot\",\"@id\":\"https:\\\/\\\/www.mobilier-design-occasion.fr\\\/magazine\\\/#\\\/schema\\\/person\\\/5b2e5627a714ddadaaf8c9b886c55eff\"},\"headline\":\"Les tendances en mati\u00e8re de mobilier scandinave pour 2023\",\"datePublished\":\"2023-02-22T22:50:30+00:00\",\"mainEntityOfPage\":{\"@id\":\"https:\\\/\\\/www.mobilier-design-occasion.fr\\\/magazine\\\/les-tendances-en-matiere-de-mobilier-scandinave-pour-2023\\\/\"},\"wordCount\":1071,\"commentCount\":0,\"publisher\":{\"@id\":\"https:\\\/\\\/www.mobilier-design-occasion.fr\\\/magazine\\\/#organization\"},\"image\":{\"@id\":\"https:\\\/\\\/www.mobilier-design-occasion.fr\\\/magazine\\\/les-tendances-en-matiere-de-mobilier-scandinave-pour-2023\\\/#primaryimage\"},\"thumbnailUrl\":\"https:\\\/\\\/www.mobilier-design-occasion.fr\\\/magazine\\\/wp-content\\\/uploads\\\/2023\\\/02\\\/meuble-scandinave.jpg\",\"articleSection\":[\"Tendances\"],\"inLanguage\":\"fr-FR\",\"potentialAction\":[{\"@type\":\"CommentAction\",\"name\":\"Comment\",\"target\":[\"https:\\\/\\\/www.mobilier-design-occasion.fr\\\/magazine\\\/les-tendances-en-matiere-de-mobilier-scandinave-pour-2023\\\/#respond\"]}]},{\"@type\":\"WebPage\",\"@id\":\"https:\\\/\\\/www.mobilier-design-occasion.fr\\\/magazine\\\/les-tendances-en-matiere-de-mobilier-scandinave-pour-2023\\\/\",\"url\":\"https:\\\/\\\/www.mobilier-design-occasion.fr\\\/magazine\\\/les-tendances-en-matiere-de-mobilier-scandinave-pour-2023\\\/\",\"name\":\"Les tendances en mati\u00e8re de mobilier scandinave pour 2023 - Mobilier Design Magazine\",\"isPartOf\":{\"@id\":\"https:\\\/\\\/www.mobilier-design-occasion.fr\\\/magazine\\\/#website\"},\"primaryImageOfPage\":{\"@id\":\"https:\\\/\\\/www.mobilier-design-occasion.fr\\\/magazine\\\/les-tendances-en-matiere-de-mobilier-scandinave-pour-2023\\\/#primaryimage\"},\"image\":{\"@id\":\"https:\\\/\\\/www.mobilier-design-occasion.fr\\\/magazine\\\/les-tendances-en-matiere-de-mobilier-scandinave-pour-2023\\\/#primaryimage\"},\"thumbnailUrl\":\"https:\\\/\\\/www.mobilier-design-occasion.fr\\\/magazine\\\/wp-content\\\/uploads\\\/2023\\\/02\\\/meuble-scandinave.jpg\",\"datePublished\":\"2023-02-22T22:50:30+00:00\",\"breadcrumb\":{\"@id\":\"https:\\\/\\\/www.mobilier-design-occasion.fr\\\/magazine\\\/les-tendances-en-matiere-de-mobilier-scandinave-pour-2023\\\/#breadcrumb\"},\"inLanguage\":\"fr-FR\",\"potentialAction\":[{\"@type\":\"ReadAction\",\"target\":[\"https:\\\/\\\/www.mobilier-design-occasion.fr\\\/magazine\\\/les-tendances-en-matiere-de-mobilier-scandinave-pour-2023\\\/\"]}]},{\"@type\":\"ImageObject\",\"inLanguage\":\"fr-FR\",\"@id\":\"https:\\\/\\\/www.mobilier-design-occasion.fr\\\/magazine\\\/les-tendances-en-matiere-de-mobilier-scandinave-pour-2023\\\/#primaryimage\",\"url\":\"https:\\\/\\\/www.mobilier-design-occasion.fr\\\/magazine\\\/wp-content\\\/uploads\\\/2023\\\/02\\\/meuble-scandinave.jpg\",\"contentUrl\":\"https:\\\/\\\/www.mobilier-design-occasion.fr\\\/magazine\\\/wp-content\\\/uploads\\\/2023\\\/02\\\/meuble-scandinave.jpg\",\"width\":1200,\"height\":600},{\"@type\":\"BreadcrumbList\",\"@id\":\"https:\\\/\\\/www.mobilier-design-occasion.fr\\\/magazine\\\/les-tendances-en-matiere-de-mobilier-scandinave-pour-2023\\\/#breadcrumb\",\"itemListElement\":[{\"@type\":\"ListItem\",\"position\":1,\"name\":\"Accueil\",\"item\":\"https:\\\/\\\/www.mobilier-design-occasion.fr\\\/magazine\\\/\"},{\"@type\":\"ListItem\",\"position\":2,\"name\":\"Les tendances en mati\u00e8re de mobilier scandinave pour 2023\"}]},{\"@type\":\"WebSite\",\"@id\":\"https:\\\/\\\/www.mobilier-design-occasion.fr\\\/magazine\\\/#website\",\"url\":\"https:\\\/\\\/www.mobilier-design-occasion.fr\\\/magazine\\\/\",\"name\":\"Mobilier Design Magazine\",\"description\":\"\",\"publisher\":{\"@id\":\"https:\\\/\\\/www.mobilier-design-occasion.fr\\\/magazine\\\/#organization\"},\"potentialAction\":[{\"@type\":\"SearchAction\",\"target\":{\"@type\":\"EntryPoint\",\"urlTemplate\":\"https:\\\/\\\/www.mobilier-design-occasion.fr\\\/magazine\\\/?s={search_term_string}\"},\"query-input\":{\"@type\":\"PropertyValueSpecification\",\"valueRequired\":true,\"valueName\":\"search_term_string\"}}],\"inLanguage\":\"fr-FR\"},{\"@type\":\"Organization\",\"@id\":\"https:\\\/\\\/www.mobilier-design-occasion.fr\\\/magazine\\\/#organization\",\"name\":\"Mobilier Design Magazine\",\"url\":\"https:\\\/\\\/www.mobilier-design-occasion.fr\\\/magazine\\\/\",\"logo\":{\"@type\":\"ImageObject\",\"inLanguage\":\"fr-FR\",\"@id\":\"https:\\\/\\\/www.mobilier-design-occasion.fr\\\/magazine\\\/#\\\/schema\\\/logo\\\/image\\\/\",\"url\":\"https:\\\/\\\/www.mobilier-design-occasion.fr\\\/magazine\\\/wp-content\\\/uploads\\\/2024\\\/02\\\/android-chrome-192x192-1.png\",\"contentUrl\":\"https:\\\/\\\/www.mobilier-design-occasion.fr\\\/magazine\\\/wp-content\\\/uploads\\\/2024\\\/02\\\/android-chrome-192x192-1.png\",\"width\":192,\"height\":192,\"caption\":\"Mobilier Design Magazine\"},\"image\":{\"@id\":\"https:\\\/\\\/www.mobilier-design-occasion.fr\\\/magazine\\\/#\\\/schema\\\/logo\\\/image\\\/\"},\"sameAs\":[\"https:\\\/\\\/www.facebook.com\\\/mobilierdesignoccasion\"]},{\"@type\":\"Person\",\"@id\":\"https:\\\/\\\/www.mobilier-design-occasion.fr\\\/magazine\\\/#\\\/schema\\\/person\\\/5b2e5627a714ddadaaf8c9b886c55eff\",\"name\":\"Cyrielle Poirot\",\"image\":{\"@type\":\"ImageObject\",\"inLanguage\":\"fr-FR\",\"@id\":\"https:\\\/\\\/secure.gravatar.com\\\/avatar\\\/c8d2674e093b06894d8d1dc468b626bd752523471f3ac6e75f7c7a1400d40b4d?s=96&d=mm&r=g\",\"url\":\"https:\\\/\\\/secure.gravatar.com\\\/avatar\\\/c8d2674e093b06894d8d1dc468b626bd752523471f3ac6e75f7c7a1400d40b4d?s=96&d=mm&r=g\",\"contentUrl\":\"https:\\\/\\\/secure.gravatar.com\\\/avatar\\\/c8d2674e093b06894d8d1dc468b626bd752523471f3ac6e75f7c7a1400d40b4d?s=96&d=mm&r=g\",\"caption\":\"Cyrielle Poirot\"},\"description\":\"Cyrielle est passionn\u00e9e par la d\u00e9coration d'int\u00e9rieur et s'est sp\u00e9cialis\u00e9e depuis quelques ann\u00e9es dans l'\u00e9dition du site Mobilier-Design, avec une touche sp\u00e9cifique pour les produits d'occasion.\",\"sameAs\":[\"https:\\\/\\\/www.mobilier-design-occasion.fr\\\/magazine\"],\"url\":\"https:\\\/\\\/www.mobilier-design-occasion.fr\\\/magazine\\\/author\\\/cyrielle\\\/\"}]}<\/script>\n<!-- \/ Yoast SEO plugin. -->","yoast_head_json":{"title":"Les tendances en mati\u00e8re de mobilier scandinave pour 2023 - Mobilier Design Magazine","robots":{"index":"index","follow":"follow","max-snippet":"max-snippet:-1","max-image-preview":"max-image-preview:large","max-video-preview":"max-video-preview:-1"},"canonical":"https:\/\/www.mobilier-design-occasion.fr\/magazine\/les-tendances-en-matiere-de-mobilier-scandinave-pour-2023\/","og_locale":"fr_FR","og_type":"article","og_title":"Les tendances en mati\u00e8re de mobilier scandinave pour 2023 - Mobilier Design Magazine","og_description":"Vous \u00eates \u00e0 la recherche des derni\u00e8res tendances en mati\u00e8re de mobilier scandinave pour 2023\u2009? Vous voulez un int\u00e9rieur de maison moderne et \u00e9l\u00e9gant\u2009? Vous \u00eates au bon endroit\u2009! Le style scandinave s\u2019est impos\u00e9 comme le style de d\u00e9coration int\u00e9rieure le plus populaire des derni\u00e8res ann\u00e9es. Il est caract\u00e9ris\u00e9 par des lignes \u00e9pur\u00e9es, des couleurs [&hellip;]","og_url":"https:\/\/www.mobilier-design-occasion.fr\/magazine\/les-tendances-en-matiere-de-mobilier-scandinave-pour-2023\/","og_site_name":"Mobilier Design Magazine","article_publisher":"https:\/\/www.facebook.com\/mobilierdesignoccasion","article_published_time":"2023-02-22T22:50:30+00:00","og_image":[{"width":1200,"height":600,"url":"https:\/\/www.mobilier-design-occasion.fr\/magazine\/wp-content\/uploads\/2023\/02\/meuble-scandinave.jpg","type":"image\/jpeg"}],"author":"Cyrielle Poirot","twitter_card":"summary_large_image","twitter_misc":{"\u00c9crit par":"Cyrielle Poirot","Dur\u00e9e de lecture estim\u00e9e":"5 minutes"},"schema":{"@context":"https:\/\/schema.org","@graph":[{"@type":"Article","@id":"https:\/\/www.mobilier-design-occasion.fr\/magazine\/les-tendances-en-matiere-de-mobilier-scandinave-pour-2023\/#article","isPartOf":{"@id":"https:\/\/www.mobilier-design-occasion.fr\/magazine\/les-tendances-en-matiere-de-mobilier-scandinave-pour-2023\/"},"author":{"name":"Cyrielle Poirot","@id":"https:\/\/www.mobilier-design-occasion.fr\/magazine\/#\/schema\/person\/5b2e5627a714ddadaaf8c9b886c55eff"},"headline":"Les tendances en mati\u00e8re de mobilier scandinave pour 2023","datePublished":"2023-02-22T22:50:30+00:00","mainEntityOfPage":{"@id":"https:\/\/www.mobilier-design-occasion.fr\/magazine\/les-tendances-en-matiere-de-mobilier-scandinave-pour-2023\/"},"wordCount":1071,"commentCount":0,"publisher":{"@id":"https:\/\/www.mobilier-design-occasion.fr\/magazine\/#organization"},"image":{"@id":"https:\/\/www.mobilier-design-occasion.fr\/magazine\/les-tendances-en-matiere-de-mobilier-scandinave-pour-2023\/#primaryimage"},"thumbnailUrl":"https:\/\/www.mobilier-design-occasion.fr\/magazine\/wp-content\/uploads\/2023\/02\/meuble-scandinave.jpg","articleSection":["Tendances"],"inLanguage":"fr-FR","potentialAction":[{"@type":"CommentAction","name":"Comment","target":["https:\/\/www.mobilier-design-occasion.fr\/magazine\/les-tendances-en-matiere-de-mobilier-scandinave-pour-2023\/#respond"]}]},{"@type":"WebPage","@id":"https:\/\/www.mobilier-design-occasion.fr\/magazine\/les-tendances-en-matiere-de-mobilier-scandinave-pour-2023\/","url":"https:\/\/www.mobilier-design-occasion.fr\/magazine\/les-tendances-en-matiere-de-mobilier-scandinave-pour-2023\/","name":"Les tendances en mati\u00e8re de mobilier scandinave pour 2023 - Mobilier Design Magazine","isPartOf":{"@id":"https:\/\/www.mobilier-design-occasion.fr\/magazine\/#website"},"primaryImageOfPage":{"@id":"https:\/\/www.mobilier-design-occasion.fr\/magazine\/les-tendances-en-matiere-de-mobilier-scandinave-pour-2023\/#primaryimage"},"image":{"@id":"https:\/\/www.mobilier-design-occasion.fr\/magazine\/les-tendances-en-matiere-de-mobilier-scandinave-pour-2023\/#primaryimage"},"thumbnailUrl":"https:\/\/www.mobilier-design-occasion.fr\/magazine\/wp-content\/uploads\/2023\/02\/meuble-scandinave.jpg","datePublished":"2023-02-22T22:50:30+00:00","breadcrumb":{"@id":"https:\/\/www.mobilier-design-occasion.fr\/magazine\/les-tendances-en-matiere-de-mobilier-scandinave-pour-2023\/#breadcrumb"},"inLanguage":"fr-FR","potentialAction":[{"@type":"ReadAction","target":["https:\/\/www.mobilier-design-occasion.fr\/magazine\/les-tendances-en-matiere-de-mobilier-scandinave-pour-2023\/"]}]},{"@type":"ImageObject","inLanguage":"fr-FR","@id":"https:\/\/www.mobilier-design-occasion.fr\/magazine\/les-tendances-en-matiere-de-mobilier-scandinave-pour-2023\/#primaryimage","url":"https:\/\/www.mobilier-design-occasion.fr\/magazine\/wp-content\/uploads\/2023\/02\/meuble-scandinave.jpg","contentUrl":"https:\/\/www.mobilier-design-occasion.fr\/magazine\/wp-content\/uploads\/2023\/02\/meuble-scandinave.jpg","width":1200,"height":600},{"@type":"BreadcrumbList","@id":"https:\/\/www.mobilier-design-occasion.fr\/magazine\/les-tendances-en-matiere-de-mobilier-scandinave-pour-2023\/#breadcrumb","itemListElement":[{"@type":"ListItem","position":1,"name":"Accueil","item":"https:\/\/www.mobilier-design-occasion.fr\/magazine\/"},{"@type":"ListItem","position":2,"name":"Les tendances en mati\u00e8re de mobilier scandinave pour 2023"}]},{"@type":"WebSite","@id":"https:\/\/www.mobilier-design-occasion.fr\/magazine\/#website","url":"https:\/\/www.mobilier-design-occasion.fr\/magazine\/","name":"Mobilier Design Magazine","description":"","publisher":{"@id":"https:\/\/www.mobilier-design-occasion.fr\/magazine\/#organization"},"potentialAction":[{"@type":"SearchAction","target":{"@type":"EntryPoint","urlTemplate":"https:\/\/www.mobilier-design-occasion.fr\/magazine\/?s={search_term_string}"},"query-input":{"@type":"PropertyValueSpecification","valueRequired":true,"valueName":"search_term_string"}}],"inLanguage":"fr-FR"},{"@type":"Organization","@id":"https:\/\/www.mobilier-design-occasion.fr\/magazine\/#organization","name":"Mobilier Design Magazine","url":"https:\/\/www.mobilier-design-occasion.fr\/magazine\/","logo":{"@type":"ImageObject","inLanguage":"fr-FR","@id":"https:\/\/www.mobilier-design-occasion.fr\/magazine\/#\/schema\/logo\/image\/","url":"https:\/\/www.mobilier-design-occasion.fr\/magazine\/wp-content\/uploads\/2024\/02\/android-chrome-192x192-1.png","contentUrl":"https:\/\/www.mobilier-design-occasion.fr\/magazine\/wp-content\/uploads\/2024\/02\/android-chrome-192x192-1.png","width":192,"height":192,"caption":"Mobilier Design Magazine"},"image":{"@id":"https:\/\/www.mobilier-design-occasion.fr\/magazine\/#\/schema\/logo\/image\/"},"sameAs":["https:\/\/www.facebook.com\/mobilierdesignoccasion"]},{"@type":"Person","@id":"https:\/\/www.mobilier-design-occasion.fr\/magazine\/#\/schema\/person\/5b2e5627a714ddadaaf8c9b886c55eff","name":"Cyrielle Poirot","image":{"@type":"ImageObject","inLanguage":"fr-FR","@id":"https:\/\/secure.gravatar.com\/avatar\/c8d2674e093b06894d8d1dc468b626bd752523471f3ac6e75f7c7a1400d40b4d?s=96&d=mm&r=g","url":"https:\/\/secure.gravatar.com\/avatar\/c8d2674e093b06894d8d1dc468b626bd752523471f3ac6e75f7c7a1400d40b4d?s=96&d=mm&r=g","contentUrl":"https:\/\/secure.gravatar.com\/avatar\/c8d2674e093b06894d8d1dc468b626bd752523471f3ac6e75f7c7a1400d40b4d?s=96&d=mm&r=g","caption":"Cyrielle Poirot"},"description":"Cyrielle est passionn\u00e9e par la d\u00e9coration d'int\u00e9rieur et s'est sp\u00e9cialis\u00e9e depuis quelques ann\u00e9es dans l'\u00e9dition du site Mobilier-Design, avec une touche sp\u00e9cifique pour les produits d'occasion.","sameAs":["https:\/\/www.mobilier-design-occasion.fr\/magazine"],"url":"https:\/\/www.mobilier-design-occasion.fr\/magazine\/author\/cyrielle\/"}]}},"_links":{"self":[{"href":"https:\/\/www.mobilier-design-occasion.fr\/magazine\/wp-json\/wp\/v2\/posts\/6399","targetHints":{"allow":["GET"]}}],"collection":[{"href":"https:\/\/www.mobilier-design-occasion.fr\/magazine\/wp-json\/wp\/v2\/posts"}],"about":[{"href":"https:\/\/www.mobilier-design-occasion.fr\/magazine\/wp-json\/wp\/v2\/types\/post"}],"author":[{"embeddable":true,"href":"https:\/\/www.mobilier-design-occasion.fr\/magazine\/wp-json\/wp\/v2\/users\/1"}],"replies":[{"embeddable":true,"href":"https:\/\/www.mobilier-design-occasion.fr\/magazine\/wp-json\/wp\/v2\/comments?post=6399"}],"version-history":[{"count":0,"href":"https:\/\/www.mobilier-design-occasion.fr\/magazine\/wp-json\/wp\/v2\/posts\/6399\/revisions"}],"wp:featuredmedia":[{"embeddable":true,"href":"https:\/\/www.mobilier-design-occasion.fr\/magazine\/wp-json\/wp\/v2\/media\/6400"}],"wp:attachment":[{"href":"https:\/\/www.mobilier-design-occasion.fr\/magazine\/wp-json\/wp\/v2\/media?parent=6399"}],"wp:term":[{"taxonomy":"category","embeddable":true,"href":"https:\/\/www.mobilier-design-occasion.fr\/magazine\/wp-json\/wp\/v2\/categories?post=6399"},{"taxonomy":"post_tag","embeddable":true,"href":"https:\/\/www.mobilier-design-occasion.fr\/magazine\/wp-json\/wp\/v2\/tags?post=6399"}],"curies":[{"name":"wp","href":"https:\/\/api.w.org\/{rel}","templated":true}]}}