{"id":6393,"date":"2023-02-18T01:57:07","date_gmt":"2023-02-18T01:57:07","guid":{"rendered":"https:\/\/www.mobilier-design-occasion.fr\/magazine\/le-mobilier-modulable-la-solution-ideale-pour-votre-petit-appartement\/"},"modified":"2023-09-25T13:39:47","modified_gmt":"2023-09-25T13:39:47","slug":"le-mobilier-modulable-la-solution-ideale-pour-votre-petit-appartement","status":"publish","type":"post","link":"https:\/\/www.mobilier-design-occasion.fr\/magazine\/le-mobilier-modulable-la-solution-ideale-pour-votre-petit-appartement\/","title":{"rendered":"Le mobilier modulable : la solution id\u00e9ale pour votre petit appartement"},"content":{"rendered":"<p>Vous \u00eates \u00e0 la recherche de solutions pour optimiser l\u2019espace de votre petit appartement\u2009? Vous \u00eates au bon endroit\u2009! Dans cet article, nous vous donnerons des astuces pour am\u00e9nager votre petit appartement et pour y trouver plus de place. Nous vous pr\u00e9senterons les meubles modulables qui peuvent vous aider \u00e0 am\u00e9nager votre int\u00e9rieur avec le moins de m2 possible.<\/p>\n<h2><span class=\"ez-toc-section\" id=\"Optimiser_lespace_disponible_avec_des_meubles_modulables\"><\/span>Optimiser l\u2019espace disponible avec des meubles modulables<span class=\"ez-toc-section-end\"><\/span><\/h2><div id=\"ez-toc-container\" class=\"ez-toc-v2_0_82_2 counter-hierarchy ez-toc-counter ez-toc-grey ez-toc-container-direction\">\n<div class=\"ez-toc-title-container\">\n<span class=\"ez-toc-title-toggle\"><a href=\"#\" class=\"ez-toc-pull-right ez-toc-btn ez-toc-btn-xs ez-toc-btn-default ez-toc-toggle\" aria-label=\"Toggle Table of Content\"><span class=\"ez-toc-js-icon-con\"><span class=\"\"><span class=\"eztoc-hide\" style=\"display:none;\">Toggle<\/span><span class=\"ez-toc-icon-toggle-span\"><svg style=\"fill: #999;color:#999\" xmlns=\"http:\/\/www.w3.org\/2000\/svg\" class=\"list-377408\" width=\"20px\" height=\"20px\" viewBox=\"0 0 24 24\" fill=\"none\"><path d=\"M6 6H4v2h2V6zm14 0H8v2h12V6zM4 11h2v2H4v-2zm16 0H8v2h12v-2zM4 16h2v2H4v-2zm16 0H8v2h12v-2z\" fill=\"currentColor\"><\/path><\/svg><svg style=\"fill: #999;color:#999\" class=\"arrow-unsorted-368013\" xmlns=\"http:\/\/www.w3.org\/2000\/svg\" width=\"10px\" height=\"10px\" viewBox=\"0 0 24 24\" version=\"1.2\" baseProfile=\"tiny\"><path d=\"M18.2 9.3l-6.2-6.3-6.2 6.3c-.2.2-.3.4-.3.7s.1.5.3.7c.2.2.4.3.7.3h11c.3 0 .5-.1.7-.3.2-.2.3-.5.3-.7s-.1-.5-.3-.7zM5.8 14.7l6.2 6.3 6.2-6.3c.2-.2.3-.5.3-.7s-.1-.5-.3-.7c-.2-.2-.4-.3-.7-.3h-11c-.3 0-.5.1-.7.3-.2.2-.3.5-.3.7s.1.5.3.7z\"\/><\/svg><\/span><\/span><\/span><\/a><\/span><\/div>\n<nav><ul class='ez-toc-list ez-toc-list-level-1 eztoc-toggle-hide-by-default' ><li class='ez-toc-page-1 ez-toc-heading-level-2'><a class=\"ez-toc-link ez-toc-heading-1\" href=\"https:\/\/www.mobilier-design-occasion.fr\/magazine\/le-mobilier-modulable-la-solution-ideale-pour-votre-petit-appartement\/#Optimiser_lespace_disponible_avec_des_meubles_modulables\" >Optimiser l\u2019espace disponible avec des meubles modulables<\/a><\/li><li class='ez-toc-page-1 ez-toc-heading-level-2'><a class=\"ez-toc-link ez-toc-heading-2\" href=\"https:\/\/www.mobilier-design-occasion.fr\/magazine\/le-mobilier-modulable-la-solution-ideale-pour-votre-petit-appartement\/#Amenager_votre_petit_appartement_avec_des_astuces_pour_optimiser_lespace\" >Am\u00e9nager votre petit appartement avec des astuces pour optimiser l\u2019espace<\/a><\/li><li class='ez-toc-page-1 ez-toc-heading-level-2'><a class=\"ez-toc-link ez-toc-heading-3\" href=\"https:\/\/www.mobilier-design-occasion.fr\/magazine\/le-mobilier-modulable-la-solution-ideale-pour-votre-petit-appartement\/#Quelles_sont_les_autres_astuces_pour_amenager_votre_petit_appartement%E2%80%89\" >Quelles sont les autres astuces pour am\u00e9nager votre petit appartement\u2009?<\/a><\/li><li class='ez-toc-page-1 ez-toc-heading-level-2'><a class=\"ez-toc-link ez-toc-heading-4\" href=\"https:\/\/www.mobilier-design-occasion.fr\/magazine\/le-mobilier-modulable-la-solution-ideale-pour-votre-petit-appartement\/#Comment_bien_choisir_le_mobilier_modulable_pour_votre_petit_appartement%E2%80%89\" >Comment bien choisir le mobilier modulable pour votre petit appartement\u2009?<\/a><\/li><li class='ez-toc-page-1 ez-toc-heading-level-2'><a class=\"ez-toc-link ez-toc-heading-5\" href=\"https:\/\/www.mobilier-design-occasion.fr\/magazine\/le-mobilier-modulable-la-solution-ideale-pour-votre-petit-appartement\/#Conclusion\" >Conclusion<\/a><\/li><\/ul><\/nav><\/div>\n\n<p>Votre petit appartement est peut-\u00eatre l\u2019endroit id\u00e9al pour vous-m\u00eame, mais il peut \u00eatre un v\u00e9ritable d\u00e9fi \u00e0 <a href=\"https:\/\/www.mobilier-design-occasion.fr\/magazine\/comment-mieux-amenager-son-salon\/\">am\u00e9nager dans un souci de gain de place<\/a>. Avec le bon mobilier modulable, vous pourrez trouver des solutions pour am\u00e9nager votre petit espace et optimiser l\u2019espace disponible. Les meubles modulables sont une solution id\u00e9ale pour les petits appartements, car ils peuvent \u00eatre facilement adapt\u00e9s \u00e0 tous types de surfaces et de configurations. Vous pouvez \u00e9galement choisir des meubles \u00e0 roulettes, des tables basses et des chaises pliantes pour ajouter de la flexibilit\u00e9 \u00e0 votre int\u00e9rieur.<\/p>\n<h2><span class=\"ez-toc-section\" id=\"Amenager_votre_petit_appartement_avec_des_astuces_pour_optimiser_lespace\"><\/span>Am\u00e9nager votre petit appartement avec des astuces pour optimiser l\u2019espace<span class=\"ez-toc-section-end\"><\/span><\/h2>\n<p>Lorsque vous am\u00e9nagez votre petit appartement, vous devez penser \u00e0 l\u2019utilisation la plus efficace possible de l\u2019espace. Vous pouvez utiliser la couleur et la disposition des meubles pour cr\u00e9er l\u2019illusion d\u2019un espace plus grand, et vous pouvez \u00e9galement choisir des meubles faciles \u00e0 transporter. <strong>Les lits escamotables et les canap\u00e9s-lits sont parfaits pour les petites pi\u00e8ces et peuvent vous aider \u00e0 optimiser l\u2019espace de votre petit appartement. <\/strong> Vous pouvez \u00e9galement choisir des meubles qui peuvent \u00eatre utilis\u00e9s \u00e0 plusieurs fins, comme des chaises qui peuvent \u00e9galement servir de <a href=\"https:\/\/www.mobilier-design-occasion.fr\/magazine\/comment-acheter-une-table-basse-pas-chere-sans-compromettre-la-qualite-7-etapes\/\">table basse<\/a> ou une table pouvant servir de plan de travail.<\/p>\n<p style=\"text-align: center\"><img loading=\"lazy\" decoding=\"async\" class=\"alignnone size-full wp-image-3410\" src=\"https:\/\/i0.wp.com\/scrib.serveur-test.fr\/wp-content\/uploads\/2023\/02\/mobilier-modulable-appartement.jpg?resize=1024%2C684&amp;ssl=1\" alt=\"mobilier modulable petit appartement\" width=\"1024\" height=\"684\" \/><\/p>\n<h2><span class=\"ez-toc-section\" id=\"Quelles_sont_les_autres_astuces_pour_amenager_votre_petit_appartement%E2%80%89\"><\/span>Quelles sont les autres astuces pour am\u00e9nager votre petit appartement\u2009?<span class=\"ez-toc-section-end\"><\/span><\/h2>\n<p><strong>Il existe de nombreuses fa\u00e7ons de tirer le meilleur parti de l\u2019espace disponible dans votre petit appartement. <\/strong>Vous pouvez \u00e9galement choisir des meubles qui peuvent \u00eatre facilement d\u00e9plac\u00e9s ou qui sont adapt\u00e9s \u00e0 la taille de votre espace. Vous pouvez \u00e9galement choisir des solutions de rangement astucieuses, comme des \u00e9tag\u00e8res murales qui permettent d&#8217;utiliser le volume de la pi\u00e9ce plut\u00f4t que l&#8217;emprise au sol. Vous pouvez \u00e9galement choisir des solutions de rangement pratiques, comme des bancs ou des caisses de rangement.<\/p>\n<h2><span class=\"ez-toc-section\" id=\"Comment_bien_choisir_le_mobilier_modulable_pour_votre_petit_appartement%E2%80%89\"><\/span>Comment bien choisir le mobilier modulable pour votre petit appartement\u2009?<span class=\"ez-toc-section-end\"><\/span><\/h2>\n<p>Lorsque vous choisissez des meubles modulables pour votre petit appartement, vous devez prendre en compte plusieurs facteurs. Vous devez \u00e9galement vous assurer que les meubles sont bien con\u00e7us et fabriqu\u00e9s, qu\u2019ils sont solides et stables, et qu\u2019ils sont faciles \u00e0 nettoyer. Vous devez \u00e9galement vous assurer que les meubles sont esth\u00e9tiquement agr\u00e9ables et qu\u2019ils s\u2019int\u00e8grent bien dans votre int\u00e9rieur.<\/p>\n<h2><span class=\"ez-toc-section\" id=\"Conclusion\"><\/span>Conclusion<span class=\"ez-toc-section-end\"><\/span><\/h2>\n<p>Am\u00e9nager un petit appartement peut \u00eatre un d\u00e9fi, mais il existe des solutions pour optimiser l\u2019espace et pour profiter au mieux de votre petit espace. Les meubles modulables sont une solution id\u00e9ale pour am\u00e9nager votre petit appartement et pour gagner de la place. Vous pouvez \u00e9galement choisir des solutions astucieuses pour am\u00e9nager votre int\u00e9rieur, comme des meubles qui peuvent \u00eatre utilis\u00e9s \u00e0 double fonction ou des solutions de rangement astucieuses. Avec ces astuces, vous pourrez profiter de votre petit appartement et en tirer le meilleur parti\u2009!<\/p>\n<p style=\"text-align: center\"><iframe loading=\"lazy\" title=\"Comment optimiser de l&#039;espace dans un petit appartement?\/id\u00e9es pour optimiser les m\u00e8tres carr\u00e9s\" width=\"810\" height=\"608\" src=\"https:\/\/www.youtube.com\/embed\/hjiHiZAA4rw?feature=oembed\" frameborder=\"0\" allow=\"accelerometer; autoplay; clipboard-write; encrypted-media; gyroscope; picture-in-picture; web-share\" allowfullscreen><\/iframe><\/p>\n","protected":false},"excerpt":{"rendered":"<p>Vous \u00eates \u00e0 la recherche de solutions pour optimiser l\u2019espace de votre petit appartement\u2009? Vous \u00eates au bon endroit\u2009! Dans cet article, nous vous donnerons des astuces pour am\u00e9nager votre petit appartement et pour y trouver plus de place. Nous vous pr\u00e9senterons les meubles modulables qui peuvent vous aider \u00e0 am\u00e9nager votre int\u00e9rieur avec le [&hellip;]<\/p>\n","protected":false},"author":1,"featured_media":6394,"comment_status":"open","ping_status":"open","sticky":false,"template":"","format":"standard","meta":{"footnotes":""},"categories":[2],"tags":[],"class_list":["post-6393","post","type-post","status-publish","format-standard","has-post-thumbnail","hentry","category-tendances"],"yoast_head":"<!-- This site is optimized with the Yoast SEO plugin v27.5 - https:\/\/yoast.com\/product\/yoast-seo-wordpress\/ -->\n<title>Le mobilier modulable : la solution id\u00e9ale pour votre petit appartement - Mobilier Design Magazine<\/title>\n<meta name=\"robots\" content=\"index, follow, max-snippet:-1, max-image-preview:large, max-video-preview:-1\" \/>\n<link rel=\"canonical\" href=\"https:\/\/www.mobilier-design-occasion.fr\/magazine\/le-mobilier-modulable-la-solution-ideale-pour-votre-petit-appartement\/\" \/>\n<meta property=\"og:locale\" content=\"fr_FR\" \/>\n<meta property=\"og:type\" content=\"article\" \/>\n<meta property=\"og:title\" content=\"Le mobilier modulable : la solution id\u00e9ale pour votre petit appartement - Mobilier Design Magazine\" \/>\n<meta property=\"og:description\" content=\"Vous \u00eates \u00e0 la recherche de solutions pour optimiser l\u2019espace de votre petit appartement\u2009? Vous \u00eates au bon endroit\u2009! Dans cet article, nous vous donnerons des astuces pour am\u00e9nager votre petit appartement et pour y trouver plus de place. Nous vous pr\u00e9senterons les meubles modulables qui peuvent vous aider \u00e0 am\u00e9nager votre int\u00e9rieur avec le [&hellip;]\" \/>\n<meta property=\"og:url\" content=\"https:\/\/www.mobilier-design-occasion.fr\/magazine\/le-mobilier-modulable-la-solution-ideale-pour-votre-petit-appartement\/\" \/>\n<meta property=\"og:site_name\" content=\"Mobilier Design Magazine\" \/>\n<meta property=\"article:publisher\" content=\"https:\/\/www.facebook.com\/mobilierdesignoccasion\" \/>\n<meta property=\"article:published_time\" content=\"2023-02-18T01:57:07+00:00\" \/>\n<meta property=\"article:modified_time\" content=\"2023-09-25T13:39:47+00:00\" \/>\n<meta property=\"og:image\" content=\"https:\/\/www.mobilier-design-occasion.fr\/magazine\/wp-content\/uploads\/2023\/02\/mobilier-modulable.jpg\" \/>\n\t<meta property=\"og:image:width\" content=\"1920\" \/>\n\t<meta property=\"og:image:height\" content=\"1636\" \/>\n\t<meta property=\"og:image:type\" content=\"image\/jpeg\" \/>\n<meta name=\"author\" content=\"Cyrielle Poirot\" \/>\n<meta name=\"twitter:card\" content=\"summary_large_image\" \/>\n<meta name=\"twitter:label1\" content=\"\u00c9crit par\" \/>\n\t<meta name=\"twitter:data1\" content=\"Cyrielle Poirot\" \/>\n\t<meta name=\"twitter:label2\" content=\"Dur\u00e9e de lecture estim\u00e9e\" \/>\n\t<meta name=\"twitter:data2\" content=\"3 minutes\" \/>\n<script type=\"application\/ld+json\" class=\"yoast-schema-graph\">{\"@context\":\"https:\\\/\\\/schema.org\",\"@graph\":[{\"@type\":\"Article\",\"@id\":\"https:\\\/\\\/www.mobilier-design-occasion.fr\\\/magazine\\\/le-mobilier-modulable-la-solution-ideale-pour-votre-petit-appartement\\\/#article\",\"isPartOf\":{\"@id\":\"https:\\\/\\\/www.mobilier-design-occasion.fr\\\/magazine\\\/le-mobilier-modulable-la-solution-ideale-pour-votre-petit-appartement\\\/\"},\"author\":{\"name\":\"Cyrielle Poirot\",\"@id\":\"https:\\\/\\\/www.mobilier-design-occasion.fr\\\/magazine\\\/#\\\/schema\\\/person\\\/5b2e5627a714ddadaaf8c9b886c55eff\"},\"headline\":\"Le mobilier modulable : la solution id\u00e9ale pour votre petit appartement\",\"datePublished\":\"2023-02-18T01:57:07+00:00\",\"dateModified\":\"2023-09-25T13:39:47+00:00\",\"mainEntityOfPage\":{\"@id\":\"https:\\\/\\\/www.mobilier-design-occasion.fr\\\/magazine\\\/le-mobilier-modulable-la-solution-ideale-pour-votre-petit-appartement\\\/\"},\"wordCount\":579,\"commentCount\":1,\"publisher\":{\"@id\":\"https:\\\/\\\/www.mobilier-design-occasion.fr\\\/magazine\\\/#organization\"},\"image\":{\"@id\":\"https:\\\/\\\/www.mobilier-design-occasion.fr\\\/magazine\\\/le-mobilier-modulable-la-solution-ideale-pour-votre-petit-appartement\\\/#primaryimage\"},\"thumbnailUrl\":\"https:\\\/\\\/www.mobilier-design-occasion.fr\\\/magazine\\\/wp-content\\\/uploads\\\/2023\\\/02\\\/mobilier-modulable.jpg\",\"articleSection\":[\"Tendances\"],\"inLanguage\":\"fr-FR\",\"potentialAction\":[{\"@type\":\"CommentAction\",\"name\":\"Comment\",\"target\":[\"https:\\\/\\\/www.mobilier-design-occasion.fr\\\/magazine\\\/le-mobilier-modulable-la-solution-ideale-pour-votre-petit-appartement\\\/#respond\"]}]},{\"@type\":\"WebPage\",\"@id\":\"https:\\\/\\\/www.mobilier-design-occasion.fr\\\/magazine\\\/le-mobilier-modulable-la-solution-ideale-pour-votre-petit-appartement\\\/\",\"url\":\"https:\\\/\\\/www.mobilier-design-occasion.fr\\\/magazine\\\/le-mobilier-modulable-la-solution-ideale-pour-votre-petit-appartement\\\/\",\"name\":\"Le mobilier modulable : la solution id\u00e9ale pour votre petit appartement - Mobilier Design Magazine\",\"isPartOf\":{\"@id\":\"https:\\\/\\\/www.mobilier-design-occasion.fr\\\/magazine\\\/#website\"},\"primaryImageOfPage\":{\"@id\":\"https:\\\/\\\/www.mobilier-design-occasion.fr\\\/magazine\\\/le-mobilier-modulable-la-solution-ideale-pour-votre-petit-appartement\\\/#primaryimage\"},\"image\":{\"@id\":\"https:\\\/\\\/www.mobilier-design-occasion.fr\\\/magazine\\\/le-mobilier-modulable-la-solution-ideale-pour-votre-petit-appartement\\\/#primaryimage\"},\"thumbnailUrl\":\"https:\\\/\\\/www.mobilier-design-occasion.fr\\\/magazine\\\/wp-content\\\/uploads\\\/2023\\\/02\\\/mobilier-modulable.jpg\",\"datePublished\":\"2023-02-18T01:57:07+00:00\",\"dateModified\":\"2023-09-25T13:39:47+00:00\",\"breadcrumb\":{\"@id\":\"https:\\\/\\\/www.mobilier-design-occasion.fr\\\/magazine\\\/le-mobilier-modulable-la-solution-ideale-pour-votre-petit-appartement\\\/#breadcrumb\"},\"inLanguage\":\"fr-FR\",\"potentialAction\":[{\"@type\":\"ReadAction\",\"target\":[\"https:\\\/\\\/www.mobilier-design-occasion.fr\\\/magazine\\\/le-mobilier-modulable-la-solution-ideale-pour-votre-petit-appartement\\\/\"]}]},{\"@type\":\"ImageObject\",\"inLanguage\":\"fr-FR\",\"@id\":\"https:\\\/\\\/www.mobilier-design-occasion.fr\\\/magazine\\\/le-mobilier-modulable-la-solution-ideale-pour-votre-petit-appartement\\\/#primaryimage\",\"url\":\"https:\\\/\\\/www.mobilier-design-occasion.fr\\\/magazine\\\/wp-content\\\/uploads\\\/2023\\\/02\\\/mobilier-modulable.jpg\",\"contentUrl\":\"https:\\\/\\\/www.mobilier-design-occasion.fr\\\/magazine\\\/wp-content\\\/uploads\\\/2023\\\/02\\\/mobilier-modulable.jpg\",\"width\":1920,\"height\":1636},{\"@type\":\"BreadcrumbList\",\"@id\":\"https:\\\/\\\/www.mobilier-design-occasion.fr\\\/magazine\\\/le-mobilier-modulable-la-solution-ideale-pour-votre-petit-appartement\\\/#breadcrumb\",\"itemListElement\":[{\"@type\":\"ListItem\",\"position\":1,\"name\":\"Accueil\",\"item\":\"https:\\\/\\\/www.mobilier-design-occasion.fr\\\/magazine\\\/\"},{\"@type\":\"ListItem\",\"position\":2,\"name\":\"Le mobilier modulable : la solution id\u00e9ale pour votre petit appartement\"}]},{\"@type\":\"WebSite\",\"@id\":\"https:\\\/\\\/www.mobilier-design-occasion.fr\\\/magazine\\\/#website\",\"url\":\"https:\\\/\\\/www.mobilier-design-occasion.fr\\\/magazine\\\/\",\"name\":\"Mobilier Design Magazine\",\"description\":\"\",\"publisher\":{\"@id\":\"https:\\\/\\\/www.mobilier-design-occasion.fr\\\/magazine\\\/#organization\"},\"potentialAction\":[{\"@type\":\"SearchAction\",\"target\":{\"@type\":\"EntryPoint\",\"urlTemplate\":\"https:\\\/\\\/www.mobilier-design-occasion.fr\\\/magazine\\\/?s={search_term_string}\"},\"query-input\":{\"@type\":\"PropertyValueSpecification\",\"valueRequired\":true,\"valueName\":\"search_term_string\"}}],\"inLanguage\":\"fr-FR\"},{\"@type\":\"Organization\",\"@id\":\"https:\\\/\\\/www.mobilier-design-occasion.fr\\\/magazine\\\/#organization\",\"name\":\"Mobilier Design Magazine\",\"url\":\"https:\\\/\\\/www.mobilier-design-occasion.fr\\\/magazine\\\/\",\"logo\":{\"@type\":\"ImageObject\",\"inLanguage\":\"fr-FR\",\"@id\":\"https:\\\/\\\/www.mobilier-design-occasion.fr\\\/magazine\\\/#\\\/schema\\\/logo\\\/image\\\/\",\"url\":\"https:\\\/\\\/www.mobilier-design-occasion.fr\\\/magazine\\\/wp-content\\\/uploads\\\/2024\\\/02\\\/android-chrome-192x192-1.png\",\"contentUrl\":\"https:\\\/\\\/www.mobilier-design-occasion.fr\\\/magazine\\\/wp-content\\\/uploads\\\/2024\\\/02\\\/android-chrome-192x192-1.png\",\"width\":192,\"height\":192,\"caption\":\"Mobilier Design Magazine\"},\"image\":{\"@id\":\"https:\\\/\\\/www.mobilier-design-occasion.fr\\\/magazine\\\/#\\\/schema\\\/logo\\\/image\\\/\"},\"sameAs\":[\"https:\\\/\\\/www.facebook.com\\\/mobilierdesignoccasion\"]},{\"@type\":\"Person\",\"@id\":\"https:\\\/\\\/www.mobilier-design-occasion.fr\\\/magazine\\\/#\\\/schema\\\/person\\\/5b2e5627a714ddadaaf8c9b886c55eff\",\"name\":\"Cyrielle Poirot\",\"image\":{\"@type\":\"ImageObject\",\"inLanguage\":\"fr-FR\",\"@id\":\"https:\\\/\\\/secure.gravatar.com\\\/avatar\\\/c8d2674e093b06894d8d1dc468b626bd752523471f3ac6e75f7c7a1400d40b4d?s=96&d=mm&r=g\",\"url\":\"https:\\\/\\\/secure.gravatar.com\\\/avatar\\\/c8d2674e093b06894d8d1dc468b626bd752523471f3ac6e75f7c7a1400d40b4d?s=96&d=mm&r=g\",\"contentUrl\":\"https:\\\/\\\/secure.gravatar.com\\\/avatar\\\/c8d2674e093b06894d8d1dc468b626bd752523471f3ac6e75f7c7a1400d40b4d?s=96&d=mm&r=g\",\"caption\":\"Cyrielle Poirot\"},\"description\":\"Cyrielle est passionn\u00e9e par la d\u00e9coration d'int\u00e9rieur et s'est sp\u00e9cialis\u00e9e depuis quelques ann\u00e9es dans l'\u00e9dition du site Mobilier-Design, avec une touche sp\u00e9cifique pour les produits d'occasion.\",\"sameAs\":[\"https:\\\/\\\/www.mobilier-design-occasion.fr\\\/magazine\"],\"url\":\"https:\\\/\\\/www.mobilier-design-occasion.fr\\\/magazine\\\/author\\\/cyrielle\\\/\"}]}<\/script>\n<!-- \/ Yoast SEO plugin. -->","yoast_head_json":{"title":"Le mobilier modulable : la solution id\u00e9ale pour votre petit appartement - Mobilier Design Magazine","robots":{"index":"index","follow":"follow","max-snippet":"max-snippet:-1","max-image-preview":"max-image-preview:large","max-video-preview":"max-video-preview:-1"},"canonical":"https:\/\/www.mobilier-design-occasion.fr\/magazine\/le-mobilier-modulable-la-solution-ideale-pour-votre-petit-appartement\/","og_locale":"fr_FR","og_type":"article","og_title":"Le mobilier modulable : la solution id\u00e9ale pour votre petit appartement - Mobilier Design Magazine","og_description":"Vous \u00eates \u00e0 la recherche de solutions pour optimiser l\u2019espace de votre petit appartement\u2009? Vous \u00eates au bon endroit\u2009! Dans cet article, nous vous donnerons des astuces pour am\u00e9nager votre petit appartement et pour y trouver plus de place. Nous vous pr\u00e9senterons les meubles modulables qui peuvent vous aider \u00e0 am\u00e9nager votre int\u00e9rieur avec le [&hellip;]","og_url":"https:\/\/www.mobilier-design-occasion.fr\/magazine\/le-mobilier-modulable-la-solution-ideale-pour-votre-petit-appartement\/","og_site_name":"Mobilier Design Magazine","article_publisher":"https:\/\/www.facebook.com\/mobilierdesignoccasion","article_published_time":"2023-02-18T01:57:07+00:00","article_modified_time":"2023-09-25T13:39:47+00:00","og_image":[{"width":1920,"height":1636,"url":"https:\/\/www.mobilier-design-occasion.fr\/magazine\/wp-content\/uploads\/2023\/02\/mobilier-modulable.jpg","type":"image\/jpeg"}],"author":"Cyrielle Poirot","twitter_card":"summary_large_image","twitter_misc":{"\u00c9crit par":"Cyrielle Poirot","Dur\u00e9e de lecture estim\u00e9e":"3 minutes"},"schema":{"@context":"https:\/\/schema.org","@graph":[{"@type":"Article","@id":"https:\/\/www.mobilier-design-occasion.fr\/magazine\/le-mobilier-modulable-la-solution-ideale-pour-votre-petit-appartement\/#article","isPartOf":{"@id":"https:\/\/www.mobilier-design-occasion.fr\/magazine\/le-mobilier-modulable-la-solution-ideale-pour-votre-petit-appartement\/"},"author":{"name":"Cyrielle Poirot","@id":"https:\/\/www.mobilier-design-occasion.fr\/magazine\/#\/schema\/person\/5b2e5627a714ddadaaf8c9b886c55eff"},"headline":"Le mobilier modulable : la solution id\u00e9ale pour votre petit appartement","datePublished":"2023-02-18T01:57:07+00:00","dateModified":"2023-09-25T13:39:47+00:00","mainEntityOfPage":{"@id":"https:\/\/www.mobilier-design-occasion.fr\/magazine\/le-mobilier-modulable-la-solution-ideale-pour-votre-petit-appartement\/"},"wordCount":579,"commentCount":1,"publisher":{"@id":"https:\/\/www.mobilier-design-occasion.fr\/magazine\/#organization"},"image":{"@id":"https:\/\/www.mobilier-design-occasion.fr\/magazine\/le-mobilier-modulable-la-solution-ideale-pour-votre-petit-appartement\/#primaryimage"},"thumbnailUrl":"https:\/\/www.mobilier-design-occasion.fr\/magazine\/wp-content\/uploads\/2023\/02\/mobilier-modulable.jpg","articleSection":["Tendances"],"inLanguage":"fr-FR","potentialAction":[{"@type":"CommentAction","name":"Comment","target":["https:\/\/www.mobilier-design-occasion.fr\/magazine\/le-mobilier-modulable-la-solution-ideale-pour-votre-petit-appartement\/#respond"]}]},{"@type":"WebPage","@id":"https:\/\/www.mobilier-design-occasion.fr\/magazine\/le-mobilier-modulable-la-solution-ideale-pour-votre-petit-appartement\/","url":"https:\/\/www.mobilier-design-occasion.fr\/magazine\/le-mobilier-modulable-la-solution-ideale-pour-votre-petit-appartement\/","name":"Le mobilier modulable : la solution id\u00e9ale pour votre petit appartement - Mobilier Design Magazine","isPartOf":{"@id":"https:\/\/www.mobilier-design-occasion.fr\/magazine\/#website"},"primaryImageOfPage":{"@id":"https:\/\/www.mobilier-design-occasion.fr\/magazine\/le-mobilier-modulable-la-solution-ideale-pour-votre-petit-appartement\/#primaryimage"},"image":{"@id":"https:\/\/www.mobilier-design-occasion.fr\/magazine\/le-mobilier-modulable-la-solution-ideale-pour-votre-petit-appartement\/#primaryimage"},"thumbnailUrl":"https:\/\/www.mobilier-design-occasion.fr\/magazine\/wp-content\/uploads\/2023\/02\/mobilier-modulable.jpg","datePublished":"2023-02-18T01:57:07+00:00","dateModified":"2023-09-25T13:39:47+00:00","breadcrumb":{"@id":"https:\/\/www.mobilier-design-occasion.fr\/magazine\/le-mobilier-modulable-la-solution-ideale-pour-votre-petit-appartement\/#breadcrumb"},"inLanguage":"fr-FR","potentialAction":[{"@type":"ReadAction","target":["https:\/\/www.mobilier-design-occasion.fr\/magazine\/le-mobilier-modulable-la-solution-ideale-pour-votre-petit-appartement\/"]}]},{"@type":"ImageObject","inLanguage":"fr-FR","@id":"https:\/\/www.mobilier-design-occasion.fr\/magazine\/le-mobilier-modulable-la-solution-ideale-pour-votre-petit-appartement\/#primaryimage","url":"https:\/\/www.mobilier-design-occasion.fr\/magazine\/wp-content\/uploads\/2023\/02\/mobilier-modulable.jpg","contentUrl":"https:\/\/www.mobilier-design-occasion.fr\/magazine\/wp-content\/uploads\/2023\/02\/mobilier-modulable.jpg","width":1920,"height":1636},{"@type":"BreadcrumbList","@id":"https:\/\/www.mobilier-design-occasion.fr\/magazine\/le-mobilier-modulable-la-solution-ideale-pour-votre-petit-appartement\/#breadcrumb","itemListElement":[{"@type":"ListItem","position":1,"name":"Accueil","item":"https:\/\/www.mobilier-design-occasion.fr\/magazine\/"},{"@type":"ListItem","position":2,"name":"Le mobilier modulable : la solution id\u00e9ale pour votre petit appartement"}]},{"@type":"WebSite","@id":"https:\/\/www.mobilier-design-occasion.fr\/magazine\/#website","url":"https:\/\/www.mobilier-design-occasion.fr\/magazine\/","name":"Mobilier Design Magazine","description":"","publisher":{"@id":"https:\/\/www.mobilier-design-occasion.fr\/magazine\/#organization"},"potentialAction":[{"@type":"SearchAction","target":{"@type":"EntryPoint","urlTemplate":"https:\/\/www.mobilier-design-occasion.fr\/magazine\/?s={search_term_string}"},"query-input":{"@type":"PropertyValueSpecification","valueRequired":true,"valueName":"search_term_string"}}],"inLanguage":"fr-FR"},{"@type":"Organization","@id":"https:\/\/www.mobilier-design-occasion.fr\/magazine\/#organization","name":"Mobilier Design Magazine","url":"https:\/\/www.mobilier-design-occasion.fr\/magazine\/","logo":{"@type":"ImageObject","inLanguage":"fr-FR","@id":"https:\/\/www.mobilier-design-occasion.fr\/magazine\/#\/schema\/logo\/image\/","url":"https:\/\/www.mobilier-design-occasion.fr\/magazine\/wp-content\/uploads\/2024\/02\/android-chrome-192x192-1.png","contentUrl":"https:\/\/www.mobilier-design-occasion.fr\/magazine\/wp-content\/uploads\/2024\/02\/android-chrome-192x192-1.png","width":192,"height":192,"caption":"Mobilier Design Magazine"},"image":{"@id":"https:\/\/www.mobilier-design-occasion.fr\/magazine\/#\/schema\/logo\/image\/"},"sameAs":["https:\/\/www.facebook.com\/mobilierdesignoccasion"]},{"@type":"Person","@id":"https:\/\/www.mobilier-design-occasion.fr\/magazine\/#\/schema\/person\/5b2e5627a714ddadaaf8c9b886c55eff","name":"Cyrielle Poirot","image":{"@type":"ImageObject","inLanguage":"fr-FR","@id":"https:\/\/secure.gravatar.com\/avatar\/c8d2674e093b06894d8d1dc468b626bd752523471f3ac6e75f7c7a1400d40b4d?s=96&d=mm&r=g","url":"https:\/\/secure.gravatar.com\/avatar\/c8d2674e093b06894d8d1dc468b626bd752523471f3ac6e75f7c7a1400d40b4d?s=96&d=mm&r=g","contentUrl":"https:\/\/secure.gravatar.com\/avatar\/c8d2674e093b06894d8d1dc468b626bd752523471f3ac6e75f7c7a1400d40b4d?s=96&d=mm&r=g","caption":"Cyrielle Poirot"},"description":"Cyrielle est passionn\u00e9e par la d\u00e9coration d'int\u00e9rieur et s'est sp\u00e9cialis\u00e9e depuis quelques ann\u00e9es dans l'\u00e9dition du site Mobilier-Design, avec une touche sp\u00e9cifique pour les produits d'occasion.","sameAs":["https:\/\/www.mobilier-design-occasion.fr\/magazine"],"url":"https:\/\/www.mobilier-design-occasion.fr\/magazine\/author\/cyrielle\/"}]}},"_links":{"self":[{"href":"https:\/\/www.mobilier-design-occasion.fr\/magazine\/wp-json\/wp\/v2\/posts\/6393","targetHints":{"allow":["GET"]}}],"collection":[{"href":"https:\/\/www.mobilier-design-occasion.fr\/magazine\/wp-json\/wp\/v2\/posts"}],"about":[{"href":"https:\/\/www.mobilier-design-occasion.fr\/magazine\/wp-json\/wp\/v2\/types\/post"}],"author":[{"embeddable":true,"href":"https:\/\/www.mobilier-design-occasion.fr\/magazine\/wp-json\/wp\/v2\/users\/1"}],"replies":[{"embeddable":true,"href":"https:\/\/www.mobilier-design-occasion.fr\/magazine\/wp-json\/wp\/v2\/comments?post=6393"}],"version-history":[{"count":1,"href":"https:\/\/www.mobilier-design-occasion.fr\/magazine\/wp-json\/wp\/v2\/posts\/6393\/revisions"}],"predecessor-version":[{"id":6798,"href":"https:\/\/www.mobilier-design-occasion.fr\/magazine\/wp-json\/wp\/v2\/posts\/6393\/revisions\/6798"}],"wp:featuredmedia":[{"embeddable":true,"href":"https:\/\/www.mobilier-design-occasion.fr\/magazine\/wp-json\/wp\/v2\/media\/6394"}],"wp:attachment":[{"href":"https:\/\/www.mobilier-design-occasion.fr\/magazine\/wp-json\/wp\/v2\/media?parent=6393"}],"wp:term":[{"taxonomy":"category","embeddable":true,"href":"https:\/\/www.mobilier-design-occasion.fr\/magazine\/wp-json\/wp\/v2\/categories?post=6393"},{"taxonomy":"post_tag","embeddable":true,"href":"https:\/\/www.mobilier-design-occasion.fr\/magazine\/wp-json\/wp\/v2\/tags?post=6393"}],"curies":[{"name":"wp","href":"https:\/\/api.w.org\/{rel}","templated":true}]}}