{"id":6384,"date":"2023-02-09T16:13:58","date_gmt":"2023-02-09T16:13:58","guid":{"rendered":"https:\/\/www.mobilier-design-occasion.fr\/magazine\/les-tendances-en-matiere-de-meubles-dentree-et-de-rangement\/"},"modified":"2023-02-09T16:13:58","modified_gmt":"2023-02-09T16:13:58","slug":"les-tendances-en-matiere-de-meubles-dentree-et-de-rangement","status":"publish","type":"post","link":"https:\/\/www.mobilier-design-occasion.fr\/magazine\/les-tendances-en-matiere-de-meubles-dentree-et-de-rangement\/","title":{"rendered":"Les tendances en mati\u00e8re de meubles d\u2019entr\u00e9e et de rangement"},"content":{"rendered":"<p>Lorsque vous cherchez \u00e0 am\u00e9nager votre entr\u00e9e ou un espace de rangement, le choix des meubles est tr\u00e8s important. En effet, les meubles d\u2019entr\u00e9e et de rangement sont indispensables pour cr\u00e9er un espace fonctionnel et esth\u00e9tique. Quelles sont les tendances actuelles en mati\u00e8re de meubles d\u2019entr\u00e9e et de rangement\u2009? Quels mod\u00e8les de meubles sont \u00e0 privil\u00e9gier\u2009? D\u00e9couvrez nos conseils pour choisir les meubles qui s\u2019adapteront \u00e0 votre int\u00e9rieur dans cet article.<\/p>\n<h2><span class=\"ez-toc-section\" id=\"Choisir_un_meuble_dentree_tendance\"><\/span>Choisir un meuble d\u2019entr\u00e9e tendance<span class=\"ez-toc-section-end\"><\/span><\/h2><div id=\"ez-toc-container\" class=\"ez-toc-v2_0_82_2 counter-hierarchy ez-toc-counter ez-toc-grey ez-toc-container-direction\">\n<div class=\"ez-toc-title-container\">\n<span class=\"ez-toc-title-toggle\"><a href=\"#\" class=\"ez-toc-pull-right ez-toc-btn ez-toc-btn-xs ez-toc-btn-default ez-toc-toggle\" aria-label=\"Toggle Table of Content\"><span class=\"ez-toc-js-icon-con\"><span class=\"\"><span class=\"eztoc-hide\" style=\"display:none;\">Toggle<\/span><span class=\"ez-toc-icon-toggle-span\"><svg style=\"fill: #999;color:#999\" xmlns=\"http:\/\/www.w3.org\/2000\/svg\" class=\"list-377408\" width=\"20px\" height=\"20px\" viewBox=\"0 0 24 24\" fill=\"none\"><path d=\"M6 6H4v2h2V6zm14 0H8v2h12V6zM4 11h2v2H4v-2zm16 0H8v2h12v-2zM4 16h2v2H4v-2zm16 0H8v2h12v-2z\" fill=\"currentColor\"><\/path><\/svg><svg style=\"fill: #999;color:#999\" class=\"arrow-unsorted-368013\" xmlns=\"http:\/\/www.w3.org\/2000\/svg\" width=\"10px\" height=\"10px\" viewBox=\"0 0 24 24\" version=\"1.2\" baseProfile=\"tiny\"><path d=\"M18.2 9.3l-6.2-6.3-6.2 6.3c-.2.2-.3.4-.3.7s.1.5.3.7c.2.2.4.3.7.3h11c.3 0 .5-.1.7-.3.2-.2.3-.5.3-.7s-.1-.5-.3-.7zM5.8 14.7l6.2 6.3 6.2-6.3c.2-.2.3-.5.3-.7s-.1-.5-.3-.7c-.2-.2-.4-.3-.7-.3h-11c-.3 0-.5.1-.7.3-.2.2-.3.5-.3.7s.1.5.3.7z\"\/><\/svg><\/span><\/span><\/span><\/a><\/span><\/div>\n<nav><ul class='ez-toc-list ez-toc-list-level-1 eztoc-toggle-hide-by-default' ><li class='ez-toc-page-1 ez-toc-heading-level-2'><a class=\"ez-toc-link ez-toc-heading-1\" href=\"https:\/\/www.mobilier-design-occasion.fr\/magazine\/les-tendances-en-matiere-de-meubles-dentree-et-de-rangement\/#Choisir_un_meuble_dentree_tendance\" >Choisir un meuble d\u2019entr\u00e9e tendance<\/a><\/li><li class='ez-toc-page-1 ez-toc-heading-level-2'><a class=\"ez-toc-link ez-toc-heading-2\" href=\"https:\/\/www.mobilier-design-occasion.fr\/magazine\/les-tendances-en-matiere-de-meubles-dentree-et-de-rangement\/#Choisir_un_meuble_de_rangement_typique\" >Choisir un meuble de rangement typique<\/a><\/li><li class='ez-toc-page-1 ez-toc-heading-level-2'><a class=\"ez-toc-link ez-toc-heading-3\" href=\"https:\/\/www.mobilier-design-occasion.fr\/magazine\/les-tendances-en-matiere-de-meubles-dentree-et-de-rangement\/#Meubles_dentree_et_de_rangement_a_prix_abordable\" >Meubles d\u2019entr\u00e9e et de rangement \u00e0 prix abordable<\/a><\/li><li class='ez-toc-page-1 ez-toc-heading-level-2'><a class=\"ez-toc-link ez-toc-heading-4\" href=\"https:\/\/www.mobilier-design-occasion.fr\/magazine\/les-tendances-en-matiere-de-meubles-dentree-et-de-rangement\/#Meuble_dentree_comment_choisir_le_bon_modele%E2%80%89\" >Meuble d\u2019entr\u00e9e\u00a0: comment choisir le bon mod\u00e8le\u2009?<\/a><\/li><li class='ez-toc-page-1 ez-toc-heading-level-2'><a class=\"ez-toc-link ez-toc-heading-5\" href=\"https:\/\/www.mobilier-design-occasion.fr\/magazine\/les-tendances-en-matiere-de-meubles-dentree-et-de-rangement\/#Criteres_de_selection_dun_meuble_dentree\" >Crit\u00e8res de s\u00e9lection d\u2019un meuble d\u2019entr\u00e9e<\/a><ul class='ez-toc-list-level-3' ><li class='ez-toc-heading-level-3'><a class=\"ez-toc-link ez-toc-heading-6\" href=\"https:\/\/www.mobilier-design-occasion.fr\/magazine\/les-tendances-en-matiere-de-meubles-dentree-et-de-rangement\/#Style_et_materiaux\" >Style et mat\u00e9riaux<\/a><\/li><li class='ez-toc-page-1 ez-toc-heading-level-3'><a class=\"ez-toc-link ez-toc-heading-7\" href=\"https:\/\/www.mobilier-design-occasion.fr\/magazine\/les-tendances-en-matiere-de-meubles-dentree-et-de-rangement\/#La_taille\" >La taille<\/a><\/li><li class='ez-toc-page-1 ez-toc-heading-level-3'><a class=\"ez-toc-link ez-toc-heading-8\" href=\"https:\/\/www.mobilier-design-occasion.fr\/magazine\/les-tendances-en-matiere-de-meubles-dentree-et-de-rangement\/#Le_style\" >Le style<\/a><\/li><li class='ez-toc-page-1 ez-toc-heading-level-3'><a class=\"ez-toc-link ez-toc-heading-9\" href=\"https:\/\/www.mobilier-design-occasion.fr\/magazine\/les-tendances-en-matiere-de-meubles-dentree-et-de-rangement\/#Le_design\" >Le design<\/a><\/li><li class='ez-toc-page-1 ez-toc-heading-level-3'><a class=\"ez-toc-link ez-toc-heading-10\" href=\"https:\/\/www.mobilier-design-occasion.fr\/magazine\/les-tendances-en-matiere-de-meubles-dentree-et-de-rangement\/#La_securite\" >La s\u00e9curit\u00e9<\/a><\/li><\/ul><\/li><li class='ez-toc-page-1 ez-toc-heading-level-2'><a class=\"ez-toc-link ez-toc-heading-11\" href=\"https:\/\/www.mobilier-design-occasion.fr\/magazine\/les-tendances-en-matiere-de-meubles-dentree-et-de-rangement\/#Conclusion\" >Conclusion<\/a><\/li><li class='ez-toc-page-1 ez-toc-heading-level-2'><a class=\"ez-toc-link ez-toc-heading-12\" href=\"https:\/\/www.mobilier-design-occasion.fr\/magazine\/les-tendances-en-matiere-de-meubles-dentree-et-de-rangement\/#FAQ\" >FAQ<\/a><ul class='ez-toc-list-level-3' ><li class='ez-toc-heading-level-3'><a class=\"ez-toc-link ez-toc-heading-13\" href=\"https:\/\/www.mobilier-design-occasion.fr\/magazine\/les-tendances-en-matiere-de-meubles-dentree-et-de-rangement\/#Quel_meuble_dentree_choisir%E2%80%89\" >Quel meuble d\u2019entr\u00e9e choisir\u2009?<\/a><\/li><li class='ez-toc-page-1 ez-toc-heading-level-3'><a class=\"ez-toc-link ez-toc-heading-14\" href=\"https:\/\/www.mobilier-design-occasion.fr\/magazine\/les-tendances-en-matiere-de-meubles-dentree-et-de-rangement\/#Quelles_sont_les_differences_entre_un_meuble_dentree_et_un_meuble_de_rangement%E2%80%89\" >Quelles sont les diff\u00e9rences entre un meuble d\u2019entr\u00e9e et un meuble de rangement\u2009?<\/a><\/li><li class='ez-toc-page-1 ez-toc-heading-level-3'><a class=\"ez-toc-link ez-toc-heading-15\" href=\"https:\/\/www.mobilier-design-occasion.fr\/magazine\/les-tendances-en-matiere-de-meubles-dentree-et-de-rangement\/#Quelle_hauteur_pour_un_meuble_dentree%E2%80%89\" >Quelle hauteur pour un meuble d\u2019entr\u00e9e\u2009?<\/a><\/li><\/ul><\/li><\/ul><\/nav><\/div>\n\n<p>Si vous souhaitez accueillir vos invit\u00e9s comme il se doit, un meuble d\u2019entr\u00e9e est indispensable. Pour commencer, vous devez choisir un meuble <strong>adapt\u00e9 \u00e0 la taille de votre entr\u00e9e<\/strong>. Si votre entr\u00e9e est petite, vous pouvez opter pour un meuble plus petit, comme un <strong>banc ou une console<\/strong>. Si vous avez plus d\u2019espace, vous pouvez choisir un meuble plus grand et plus imposant, comme un <strong>meuble \u00e0 manteaux ou un meuble \u00e0 chaussures<\/strong>. En ce qui concerne le style de votre meuble, vous avez le choix entre diff\u00e9rents mod\u00e8les. Si vous cherchez un meuble qui s\u2019int\u00e9grera dans un int\u00e9rieur classique, optez pour un meuble en <strong>bois massif ou en m\u00e9tal noir<\/strong>. Pour un style plus moderne, vous pouvez choisir un meuble en <strong>bois et acier<\/strong> ou un meuble design. Enfin, pour un look plus contemporain, optez pour un meuble en <strong>bois recycl\u00e9 ou en m\u00e9tal<\/strong>.<\/p>\n<h2><span class=\"ez-toc-section\" id=\"Choisir_un_meuble_de_rangement_typique\"><\/span>Choisir un meuble de rangement typique<span class=\"ez-toc-section-end\"><\/span><\/h2>\n<p>Un meuble de rangement est essentiel pour <strong>organiser et optimiser l\u2019espace<\/strong> dans votre maison ou votre appartement. Vous pouvez choisir un meuble de rangement de diff\u00e9rents styles et tailles. Si vous avez besoin de beaucoup d\u2019espace, optez pour un meuble \u00e0 tiroirs ou un grand meuble \u00e0 chaussures. Si votre espace est limit\u00e9, vous pouvez choisir un meuble d\u2019appoint ou un banc de coffre. Enfin,\u00a0 votre choix peut se d\u00e9cider entre diff\u00e9rents mat\u00e9riaux et coloris disponibles. Les meubles en bois massif sont tr\u00e8s populaires et offrent une touche naturelle \u00e0 l\u2019int\u00e9rieur. Les meubles en acier sont \u00e9galement tr\u00e8s populaires et offrent un look plus moderne. Les deux mat\u00e9riaux sont de bonnes options si vous recherchez un style plus contemporain.<\/p>\n<h2><span class=\"ez-toc-section\" id=\"Meubles_dentree_et_de_rangement_a_prix_abordable\"><\/span>Meubles d\u2019entr\u00e9e et de rangement \u00e0 prix abordable<span class=\"ez-toc-section-end\"><\/span><\/h2>\n<p>Aujourd\u2019hui, il est possible de trouver des meubles d\u2019entr\u00e9e et de rangement \u00e0 des prix abordables. Les magasins en ligne proposent des meubles de qualit\u00e9 \u00e0 des prix tr\u00e8s attractifs. Il est \u00e9galement possible de trouver des meubles d\u2019entr\u00e9e et de rangement \u00e0 des prix tr\u00e8s int\u00e9ressants sur les sites de vente en ligne comme eBay ou Amazon. De plus, il existe de nombreux magasins sp\u00e9cialis\u00e9s qui proposent des <strong>meubles \u00e0 des prix tr\u00e8s attractifs<\/strong>. Ces magasins proposent souvent des meubles en bois massif, avec des portes coulissantes et des tiroirs pour ranger vos chaussures et autres objets. Il existe aussi des meubles \u00e0 des prix tr\u00e8s abordables dans les magasins d\u2019usine ou les magasins discount.<\/p>\n<p><img loading=\"lazy\" decoding=\"async\" class=\"alignnone size-full wp-image-2871\" style=\"margin-left: auto;margin-right: auto\" src=\"https:\/\/i0.wp.com\/scrib.serveur-test.fr\/wp-content\/uploads\/2023\/02\/meuble-dentre-de-maison.jpg?resize=1024%2C512&amp;ssl=1\" alt=\"meuble d'entr\u00e9 de maison\" width=\"1024\" height=\"512\" \/><\/p>\n<h2><span class=\"ez-toc-section\" id=\"Meuble_dentree_comment_choisir_le_bon_modele%E2%80%89\"><\/span>Meuble d\u2019entr\u00e9e\u00a0: comment choisir le bon mod\u00e8le\u2009?<span class=\"ez-toc-section-end\"><\/span><\/h2>\n<p>Lorsque vous cherchez \u00e0 am\u00e9nager votre entr\u00e9e, le choix du meuble est primordial. En effet, le meuble d\u2019entr\u00e9e permet de cr\u00e9er <strong>une ambiance conviviale et accueillante<\/strong>. Mais comment choisir le bon mod\u00e8le\u2009? Quels sont les crit\u00e8res \u00e0 prendre en compte\u2009? Le meuble d\u2019entr\u00e9e doit \u00eatre fonctionnel et pratique. Pour cela, il doit \u00eatre adapt\u00e9 au volume de votre entr\u00e9e. En effet, plus votre pi\u00e8ce est grande, plus il est n\u00e9cessaire d\u2019opter pour un meuble \u00e0 l\u2019encombrement important. Si vous avez des enfants, le meuble d\u2019entr\u00e9e doit \u00eatre suffisamment grand pour les accueillir sans qu\u2019ils ne se marchent dessus. Pour une entr\u00e9e spacieuse, il est \u00e9galement pr\u00e9f\u00e9rable d\u2019opter pour un meuble d\u2019entr\u00e9e de forme ronde ou carr\u00e9e, qui permet de d\u00e9limiter les espaces et de cr\u00e9er un sentiment de s\u00e9curit\u00e9. Pour une entr\u00e9e plus r\u00e9duite, un meuble d\u2019entr\u00e9e en forme de L peut s\u2019av\u00e9rer tr\u00e8s pratique. En effet, il permet de d\u00e9limiter l\u2019int\u00e9rieur de la pi\u00e8ce et de s\u00e9parer les pi\u00e8ces. Il est \u00e9galement plus esth\u00e9tique qu\u2019un meuble d\u2019entr\u00e9e rond. Pour une entr\u00e9e \u00e9troite, il est pr\u00e9f\u00e9rable d\u2019opter pour un meuble d\u2019entr\u00e9e de forme rectangulaire. Il est plus esth\u00e9tique et offre davantage de possibilit\u00e9s en mati\u00e8re de rangements.<\/p>\n<h2><span class=\"ez-toc-section\" id=\"Criteres_de_selection_dun_meuble_dentree\"><\/span>Crit\u00e8res de s\u00e9lection d\u2019un meuble d\u2019entr\u00e9e<span class=\"ez-toc-section-end\"><\/span><\/h2>\n<p>Voici les crit\u00e8res de s\u00e9lection que vous devez prendre en compte pour votre meuble d\u2019entr\u00e9e\u00a0:<\/p>\n<h3><span class=\"ez-toc-section\" id=\"Style_et_materiaux\"><\/span>Style et mat\u00e9riaux<span class=\"ez-toc-section-end\"><\/span><\/h3>\n<p>En ce qui concerne le style du meuble, vous avez le choix entre diff\u00e9rents mod\u00e8les. Si vous cherchez un meuble qui s\u2019int\u00e9grera dans un int\u00e9rieur classique, choisissez entre le m\u00e9tal ou le bois. De plus, pour un style plus moderne, vous pouvez <a href=\"https:\/\/www.mobilier-design-occasion.fr\/magazine\/decoration-interieure-pourquoi-le-mobilier-design-doccasion-reste-un-bon-choix\/\">choisir un meuble design<\/a>.<\/p>\n<h3><span class=\"ez-toc-section\" id=\"La_taille\"><\/span>La taille<span class=\"ez-toc-section-end\"><\/span><\/h3>\n<p>Pour un meuble d\u2019entr\u00e9e, la dimension est importante. En effet, si vous avez une petite entr\u00e9e, choisissez un mod\u00e8le avec des dimensions raisonnables. De plus, pour que le meuble s\u2019int\u00e8gre dans l\u2019ensemble, il est pr\u00e9f\u00e9rable qu\u2019il soit de petite taille.<\/p>\n<h3><span class=\"ez-toc-section\" id=\"Le_style\"><\/span>Le style<span class=\"ez-toc-section-end\"><\/span><\/h3>\n<p>Pour un meuble d\u2019entr\u00e9e au style contemporain et design, optez pour une couleur neutre comme le gris ou le noir. En revanche, pour un style plus classique, choisissez plut\u00f4t des couleurs chaudes comme le beige ou le rose poudr\u00e9.<\/p>\n<h3><span class=\"ez-toc-section\" id=\"Le_design\"><\/span>Le design<span class=\"ez-toc-section-end\"><\/span><\/h3>\n<p>Si vous avez un grand espace, il est pr\u00e9f\u00e9rable d\u2019opter pour des meubles de style contemporain et design. Par exemple, si votre entr\u00e9e a la taille d\u2019un salon, choisissez un meuble d\u2019entr\u00e9e en bois massif.<\/p>\n<h3><span class=\"ez-toc-section\" id=\"La_securite\"><\/span>La s\u00e9curit\u00e9<span class=\"ez-toc-section-end\"><\/span><\/h3>\n<p>Si vous avez un enfant \u00e0 la maison, choisissez un meuble d\u2019entr\u00e9e qui est assez haut pour qu\u2019il ne puisse pas le toucher. De plus, pour les personnes \u00e2g\u00e9es et les personnes \u00e0 mobilit\u00e9 r\u00e9duite, choisissez un mod\u00e8le en verre ou en m\u00e9tal qui permet une meilleure vue sur la rue.<\/p>\n<h2><span class=\"ez-toc-section\" id=\"Conclusion\"><\/span>Conclusion<span class=\"ez-toc-section-end\"><\/span><\/h2>\n<p>Les meubles d\u2019entr\u00e9e et de rangement sont indispensables pour cr\u00e9er un espace fonctionnel et esth\u00e9tique. Il existe de nombreux mod\u00e8les de meubles adapt\u00e9s \u00e0 votre espace et \u00e0 votre style. Quel que soit votre budget, il est possible de trouver un meuble d&#8217;entr\u00e9e ou un meuble de rangement \u00e0 des prix attractifs. Il existe de nombreuses possibilit\u00e9s pour trouver le meuble parfait pour votre entr\u00e9e ou votre espace de rangement.<\/p>\n<p style=\"text-align: center\"><iframe loading=\"lazy\" title=\"Meuble de rangement - LesTendances.fr\" width=\"810\" height=\"456\" src=\"https:\/\/www.youtube.com\/embed\/ORAMDzxWmcE?feature=oembed\" frameborder=\"0\" allow=\"accelerometer; autoplay; clipboard-write; encrypted-media; gyroscope; picture-in-picture; web-share\" allowfullscreen><\/iframe><\/p>\n<h2><span class=\"ez-toc-section\" id=\"FAQ\"><\/span>FAQ<span class=\"ez-toc-section-end\"><\/span><\/h2>\n<h3><span class=\"ez-toc-section\" id=\"Quel_meuble_dentree_choisir%E2%80%89\"><\/span>Quel meuble d\u2019entr\u00e9e choisir\u2009?<span class=\"ez-toc-section-end\"><\/span><\/h3>\n<p>Il existe de nombreux mod\u00e8les de meubles d\u2019entr\u00e9e. Il est pr\u00e9f\u00e9rable de bien choisir votre mobilier en fonction de votre style pour un int\u00e9rieur \u00e9l\u00e9gant et fonctionnel.<\/p>\n<h3><span class=\"ez-toc-section\" id=\"Quelles_sont_les_differences_entre_un_meuble_dentree_et_un_meuble_de_rangement%E2%80%89\"><\/span>Quelles sont les diff\u00e9rences entre un meuble d\u2019entr\u00e9e et un meuble de rangement\u2009?<span class=\"ez-toc-section-end\"><\/span><\/h3>\n<p>Il existe de nombreuses diff\u00e9rences entre ces deux types d\u2019objets. En effet, un meuble de rangement est plus fonctionnel qu\u2019un meuble d\u2019entr\u00e9e.<\/p>\n<h3><span class=\"ez-toc-section\" id=\"Quelle_hauteur_pour_un_meuble_dentree%E2%80%89\"><\/span>Quelle hauteur pour un meuble d\u2019entr\u00e9e\u2009?<span class=\"ez-toc-section-end\"><\/span><\/h3>\n<p>La hauteur des meubles d\u2019entr\u00e9e varie entre 60 et 80\u00a0centim\u00e8tres. Pour un meuble d\u2019entr\u00e9e, il est pr\u00e9f\u00e9rable de choisir une hauteur comprise entre 40 et 60\u00a0centim\u00e8tres.<\/p>\n","protected":false},"excerpt":{"rendered":"<p>Lorsque vous cherchez \u00e0 am\u00e9nager votre entr\u00e9e ou un espace de rangement, le choix des meubles est tr\u00e8s important. En effet, les meubles d\u2019entr\u00e9e et de rangement sont indispensables pour cr\u00e9er un espace fonctionnel et esth\u00e9tique. Quelles sont les tendances actuelles en mati\u00e8re de meubles d\u2019entr\u00e9e et de rangement\u2009? Quels mod\u00e8les de meubles sont \u00e0 [&hellip;]<\/p>\n","protected":false},"author":1,"featured_media":6385,"comment_status":"open","ping_status":"open","sticky":false,"template":"","format":"standard","meta":{"footnotes":""},"categories":[2],"tags":[],"class_list":["post-6384","post","type-post","status-publish","format-standard","has-post-thumbnail","hentry","category-tendances"],"yoast_head":"<!-- This site is optimized with the Yoast SEO plugin v27.5 - https:\/\/yoast.com\/product\/yoast-seo-wordpress\/ -->\n<title>Les tendances en mati\u00e8re de meubles d\u2019entr\u00e9e et de rangement - Mobilier Design Magazine<\/title>\n<meta name=\"robots\" content=\"index, follow, max-snippet:-1, max-image-preview:large, max-video-preview:-1\" \/>\n<link rel=\"canonical\" href=\"https:\/\/www.mobilier-design-occasion.fr\/magazine\/les-tendances-en-matiere-de-meubles-dentree-et-de-rangement\/\" \/>\n<meta property=\"og:locale\" content=\"fr_FR\" \/>\n<meta property=\"og:type\" content=\"article\" \/>\n<meta property=\"og:title\" content=\"Les tendances en mati\u00e8re de meubles d\u2019entr\u00e9e et de rangement - Mobilier Design Magazine\" \/>\n<meta property=\"og:description\" content=\"Lorsque vous cherchez \u00e0 am\u00e9nager votre entr\u00e9e ou un espace de rangement, le choix des meubles est tr\u00e8s important. En effet, les meubles d\u2019entr\u00e9e et de rangement sont indispensables pour cr\u00e9er un espace fonctionnel et esth\u00e9tique. Quelles sont les tendances actuelles en mati\u00e8re de meubles d\u2019entr\u00e9e et de rangement\u2009? Quels mod\u00e8les de meubles sont \u00e0 [&hellip;]\" \/>\n<meta property=\"og:url\" content=\"https:\/\/www.mobilier-design-occasion.fr\/magazine\/les-tendances-en-matiere-de-meubles-dentree-et-de-rangement\/\" \/>\n<meta property=\"og:site_name\" content=\"Mobilier Design Magazine\" \/>\n<meta property=\"article:publisher\" content=\"https:\/\/www.facebook.com\/mobilierdesignoccasion\" \/>\n<meta property=\"article:published_time\" content=\"2023-02-09T16:13:58+00:00\" \/>\n<meta property=\"og:image\" content=\"https:\/\/www.mobilier-design-occasion.fr\/magazine\/wp-content\/uploads\/2023\/02\/meuble.jpg\" \/>\n\t<meta property=\"og:image:width\" content=\"1200\" \/>\n\t<meta property=\"og:image:height\" content=\"600\" \/>\n\t<meta property=\"og:image:type\" content=\"image\/jpeg\" \/>\n<meta name=\"author\" content=\"Cyrielle Poirot\" \/>\n<meta name=\"twitter:card\" content=\"summary_large_image\" \/>\n<meta name=\"twitter:label1\" content=\"\u00c9crit par\" \/>\n\t<meta name=\"twitter:data1\" content=\"Cyrielle Poirot\" \/>\n\t<meta name=\"twitter:label2\" content=\"Dur\u00e9e de lecture estim\u00e9e\" \/>\n\t<meta name=\"twitter:data2\" content=\"6 minutes\" \/>\n<script type=\"application\/ld+json\" class=\"yoast-schema-graph\">{\"@context\":\"https:\\\/\\\/schema.org\",\"@graph\":[{\"@type\":\"Article\",\"@id\":\"https:\\\/\\\/www.mobilier-design-occasion.fr\\\/magazine\\\/les-tendances-en-matiere-de-meubles-dentree-et-de-rangement\\\/#article\",\"isPartOf\":{\"@id\":\"https:\\\/\\\/www.mobilier-design-occasion.fr\\\/magazine\\\/les-tendances-en-matiere-de-meubles-dentree-et-de-rangement\\\/\"},\"author\":{\"name\":\"Cyrielle Poirot\",\"@id\":\"https:\\\/\\\/www.mobilier-design-occasion.fr\\\/magazine\\\/#\\\/schema\\\/person\\\/5b2e5627a714ddadaaf8c9b886c55eff\"},\"headline\":\"Les tendances en mati\u00e8re de meubles d\u2019entr\u00e9e et de rangement\",\"datePublished\":\"2023-02-09T16:13:58+00:00\",\"mainEntityOfPage\":{\"@id\":\"https:\\\/\\\/www.mobilier-design-occasion.fr\\\/magazine\\\/les-tendances-en-matiere-de-meubles-dentree-et-de-rangement\\\/\"},\"wordCount\":1276,\"commentCount\":0,\"publisher\":{\"@id\":\"https:\\\/\\\/www.mobilier-design-occasion.fr\\\/magazine\\\/#organization\"},\"image\":{\"@id\":\"https:\\\/\\\/www.mobilier-design-occasion.fr\\\/magazine\\\/les-tendances-en-matiere-de-meubles-dentree-et-de-rangement\\\/#primaryimage\"},\"thumbnailUrl\":\"https:\\\/\\\/www.mobilier-design-occasion.fr\\\/magazine\\\/wp-content\\\/uploads\\\/2023\\\/02\\\/meuble.jpg\",\"articleSection\":[\"Tendances\"],\"inLanguage\":\"fr-FR\",\"potentialAction\":[{\"@type\":\"CommentAction\",\"name\":\"Comment\",\"target\":[\"https:\\\/\\\/www.mobilier-design-occasion.fr\\\/magazine\\\/les-tendances-en-matiere-de-meubles-dentree-et-de-rangement\\\/#respond\"]}]},{\"@type\":\"WebPage\",\"@id\":\"https:\\\/\\\/www.mobilier-design-occasion.fr\\\/magazine\\\/les-tendances-en-matiere-de-meubles-dentree-et-de-rangement\\\/\",\"url\":\"https:\\\/\\\/www.mobilier-design-occasion.fr\\\/magazine\\\/les-tendances-en-matiere-de-meubles-dentree-et-de-rangement\\\/\",\"name\":\"Les tendances en mati\u00e8re de meubles d\u2019entr\u00e9e et de rangement - Mobilier Design Magazine\",\"isPartOf\":{\"@id\":\"https:\\\/\\\/www.mobilier-design-occasion.fr\\\/magazine\\\/#website\"},\"primaryImageOfPage\":{\"@id\":\"https:\\\/\\\/www.mobilier-design-occasion.fr\\\/magazine\\\/les-tendances-en-matiere-de-meubles-dentree-et-de-rangement\\\/#primaryimage\"},\"image\":{\"@id\":\"https:\\\/\\\/www.mobilier-design-occasion.fr\\\/magazine\\\/les-tendances-en-matiere-de-meubles-dentree-et-de-rangement\\\/#primaryimage\"},\"thumbnailUrl\":\"https:\\\/\\\/www.mobilier-design-occasion.fr\\\/magazine\\\/wp-content\\\/uploads\\\/2023\\\/02\\\/meuble.jpg\",\"datePublished\":\"2023-02-09T16:13:58+00:00\",\"breadcrumb\":{\"@id\":\"https:\\\/\\\/www.mobilier-design-occasion.fr\\\/magazine\\\/les-tendances-en-matiere-de-meubles-dentree-et-de-rangement\\\/#breadcrumb\"},\"inLanguage\":\"fr-FR\",\"potentialAction\":[{\"@type\":\"ReadAction\",\"target\":[\"https:\\\/\\\/www.mobilier-design-occasion.fr\\\/magazine\\\/les-tendances-en-matiere-de-meubles-dentree-et-de-rangement\\\/\"]}]},{\"@type\":\"ImageObject\",\"inLanguage\":\"fr-FR\",\"@id\":\"https:\\\/\\\/www.mobilier-design-occasion.fr\\\/magazine\\\/les-tendances-en-matiere-de-meubles-dentree-et-de-rangement\\\/#primaryimage\",\"url\":\"https:\\\/\\\/www.mobilier-design-occasion.fr\\\/magazine\\\/wp-content\\\/uploads\\\/2023\\\/02\\\/meuble.jpg\",\"contentUrl\":\"https:\\\/\\\/www.mobilier-design-occasion.fr\\\/magazine\\\/wp-content\\\/uploads\\\/2023\\\/02\\\/meuble.jpg\",\"width\":1200,\"height\":600},{\"@type\":\"BreadcrumbList\",\"@id\":\"https:\\\/\\\/www.mobilier-design-occasion.fr\\\/magazine\\\/les-tendances-en-matiere-de-meubles-dentree-et-de-rangement\\\/#breadcrumb\",\"itemListElement\":[{\"@type\":\"ListItem\",\"position\":1,\"name\":\"Accueil\",\"item\":\"https:\\\/\\\/www.mobilier-design-occasion.fr\\\/magazine\\\/\"},{\"@type\":\"ListItem\",\"position\":2,\"name\":\"Les tendances en mati\u00e8re de meubles d\u2019entr\u00e9e et de rangement\"}]},{\"@type\":\"WebSite\",\"@id\":\"https:\\\/\\\/www.mobilier-design-occasion.fr\\\/magazine\\\/#website\",\"url\":\"https:\\\/\\\/www.mobilier-design-occasion.fr\\\/magazine\\\/\",\"name\":\"Mobilier Design Magazine\",\"description\":\"\",\"publisher\":{\"@id\":\"https:\\\/\\\/www.mobilier-design-occasion.fr\\\/magazine\\\/#organization\"},\"potentialAction\":[{\"@type\":\"SearchAction\",\"target\":{\"@type\":\"EntryPoint\",\"urlTemplate\":\"https:\\\/\\\/www.mobilier-design-occasion.fr\\\/magazine\\\/?s={search_term_string}\"},\"query-input\":{\"@type\":\"PropertyValueSpecification\",\"valueRequired\":true,\"valueName\":\"search_term_string\"}}],\"inLanguage\":\"fr-FR\"},{\"@type\":\"Organization\",\"@id\":\"https:\\\/\\\/www.mobilier-design-occasion.fr\\\/magazine\\\/#organization\",\"name\":\"Mobilier Design Magazine\",\"url\":\"https:\\\/\\\/www.mobilier-design-occasion.fr\\\/magazine\\\/\",\"logo\":{\"@type\":\"ImageObject\",\"inLanguage\":\"fr-FR\",\"@id\":\"https:\\\/\\\/www.mobilier-design-occasion.fr\\\/magazine\\\/#\\\/schema\\\/logo\\\/image\\\/\",\"url\":\"https:\\\/\\\/www.mobilier-design-occasion.fr\\\/magazine\\\/wp-content\\\/uploads\\\/2024\\\/02\\\/android-chrome-192x192-1.png\",\"contentUrl\":\"https:\\\/\\\/www.mobilier-design-occasion.fr\\\/magazine\\\/wp-content\\\/uploads\\\/2024\\\/02\\\/android-chrome-192x192-1.png\",\"width\":192,\"height\":192,\"caption\":\"Mobilier Design Magazine\"},\"image\":{\"@id\":\"https:\\\/\\\/www.mobilier-design-occasion.fr\\\/magazine\\\/#\\\/schema\\\/logo\\\/image\\\/\"},\"sameAs\":[\"https:\\\/\\\/www.facebook.com\\\/mobilierdesignoccasion\"]},{\"@type\":\"Person\",\"@id\":\"https:\\\/\\\/www.mobilier-design-occasion.fr\\\/magazine\\\/#\\\/schema\\\/person\\\/5b2e5627a714ddadaaf8c9b886c55eff\",\"name\":\"Cyrielle Poirot\",\"image\":{\"@type\":\"ImageObject\",\"inLanguage\":\"fr-FR\",\"@id\":\"https:\\\/\\\/secure.gravatar.com\\\/avatar\\\/c8d2674e093b06894d8d1dc468b626bd752523471f3ac6e75f7c7a1400d40b4d?s=96&d=mm&r=g\",\"url\":\"https:\\\/\\\/secure.gravatar.com\\\/avatar\\\/c8d2674e093b06894d8d1dc468b626bd752523471f3ac6e75f7c7a1400d40b4d?s=96&d=mm&r=g\",\"contentUrl\":\"https:\\\/\\\/secure.gravatar.com\\\/avatar\\\/c8d2674e093b06894d8d1dc468b626bd752523471f3ac6e75f7c7a1400d40b4d?s=96&d=mm&r=g\",\"caption\":\"Cyrielle Poirot\"},\"description\":\"Cyrielle est passionn\u00e9e par la d\u00e9coration d'int\u00e9rieur et s'est sp\u00e9cialis\u00e9e depuis quelques ann\u00e9es dans l'\u00e9dition du site Mobilier-Design, avec une touche sp\u00e9cifique pour les produits d'occasion.\",\"sameAs\":[\"https:\\\/\\\/www.mobilier-design-occasion.fr\\\/magazine\"],\"url\":\"https:\\\/\\\/www.mobilier-design-occasion.fr\\\/magazine\\\/author\\\/cyrielle\\\/\"}]}<\/script>\n<!-- \/ Yoast SEO plugin. -->","yoast_head_json":{"title":"Les tendances en mati\u00e8re de meubles d\u2019entr\u00e9e et de rangement - Mobilier Design Magazine","robots":{"index":"index","follow":"follow","max-snippet":"max-snippet:-1","max-image-preview":"max-image-preview:large","max-video-preview":"max-video-preview:-1"},"canonical":"https:\/\/www.mobilier-design-occasion.fr\/magazine\/les-tendances-en-matiere-de-meubles-dentree-et-de-rangement\/","og_locale":"fr_FR","og_type":"article","og_title":"Les tendances en mati\u00e8re de meubles d\u2019entr\u00e9e et de rangement - Mobilier Design Magazine","og_description":"Lorsque vous cherchez \u00e0 am\u00e9nager votre entr\u00e9e ou un espace de rangement, le choix des meubles est tr\u00e8s important. En effet, les meubles d\u2019entr\u00e9e et de rangement sont indispensables pour cr\u00e9er un espace fonctionnel et esth\u00e9tique. Quelles sont les tendances actuelles en mati\u00e8re de meubles d\u2019entr\u00e9e et de rangement\u2009? Quels mod\u00e8les de meubles sont \u00e0 [&hellip;]","og_url":"https:\/\/www.mobilier-design-occasion.fr\/magazine\/les-tendances-en-matiere-de-meubles-dentree-et-de-rangement\/","og_site_name":"Mobilier Design Magazine","article_publisher":"https:\/\/www.facebook.com\/mobilierdesignoccasion","article_published_time":"2023-02-09T16:13:58+00:00","og_image":[{"width":1200,"height":600,"url":"https:\/\/www.mobilier-design-occasion.fr\/magazine\/wp-content\/uploads\/2023\/02\/meuble.jpg","type":"image\/jpeg"}],"author":"Cyrielle Poirot","twitter_card":"summary_large_image","twitter_misc":{"\u00c9crit par":"Cyrielle Poirot","Dur\u00e9e de lecture estim\u00e9e":"6 minutes"},"schema":{"@context":"https:\/\/schema.org","@graph":[{"@type":"Article","@id":"https:\/\/www.mobilier-design-occasion.fr\/magazine\/les-tendances-en-matiere-de-meubles-dentree-et-de-rangement\/#article","isPartOf":{"@id":"https:\/\/www.mobilier-design-occasion.fr\/magazine\/les-tendances-en-matiere-de-meubles-dentree-et-de-rangement\/"},"author":{"name":"Cyrielle Poirot","@id":"https:\/\/www.mobilier-design-occasion.fr\/magazine\/#\/schema\/person\/5b2e5627a714ddadaaf8c9b886c55eff"},"headline":"Les tendances en mati\u00e8re de meubles d\u2019entr\u00e9e et de rangement","datePublished":"2023-02-09T16:13:58+00:00","mainEntityOfPage":{"@id":"https:\/\/www.mobilier-design-occasion.fr\/magazine\/les-tendances-en-matiere-de-meubles-dentree-et-de-rangement\/"},"wordCount":1276,"commentCount":0,"publisher":{"@id":"https:\/\/www.mobilier-design-occasion.fr\/magazine\/#organization"},"image":{"@id":"https:\/\/www.mobilier-design-occasion.fr\/magazine\/les-tendances-en-matiere-de-meubles-dentree-et-de-rangement\/#primaryimage"},"thumbnailUrl":"https:\/\/www.mobilier-design-occasion.fr\/magazine\/wp-content\/uploads\/2023\/02\/meuble.jpg","articleSection":["Tendances"],"inLanguage":"fr-FR","potentialAction":[{"@type":"CommentAction","name":"Comment","target":["https:\/\/www.mobilier-design-occasion.fr\/magazine\/les-tendances-en-matiere-de-meubles-dentree-et-de-rangement\/#respond"]}]},{"@type":"WebPage","@id":"https:\/\/www.mobilier-design-occasion.fr\/magazine\/les-tendances-en-matiere-de-meubles-dentree-et-de-rangement\/","url":"https:\/\/www.mobilier-design-occasion.fr\/magazine\/les-tendances-en-matiere-de-meubles-dentree-et-de-rangement\/","name":"Les tendances en mati\u00e8re de meubles d\u2019entr\u00e9e et de rangement - Mobilier Design Magazine","isPartOf":{"@id":"https:\/\/www.mobilier-design-occasion.fr\/magazine\/#website"},"primaryImageOfPage":{"@id":"https:\/\/www.mobilier-design-occasion.fr\/magazine\/les-tendances-en-matiere-de-meubles-dentree-et-de-rangement\/#primaryimage"},"image":{"@id":"https:\/\/www.mobilier-design-occasion.fr\/magazine\/les-tendances-en-matiere-de-meubles-dentree-et-de-rangement\/#primaryimage"},"thumbnailUrl":"https:\/\/www.mobilier-design-occasion.fr\/magazine\/wp-content\/uploads\/2023\/02\/meuble.jpg","datePublished":"2023-02-09T16:13:58+00:00","breadcrumb":{"@id":"https:\/\/www.mobilier-design-occasion.fr\/magazine\/les-tendances-en-matiere-de-meubles-dentree-et-de-rangement\/#breadcrumb"},"inLanguage":"fr-FR","potentialAction":[{"@type":"ReadAction","target":["https:\/\/www.mobilier-design-occasion.fr\/magazine\/les-tendances-en-matiere-de-meubles-dentree-et-de-rangement\/"]}]},{"@type":"ImageObject","inLanguage":"fr-FR","@id":"https:\/\/www.mobilier-design-occasion.fr\/magazine\/les-tendances-en-matiere-de-meubles-dentree-et-de-rangement\/#primaryimage","url":"https:\/\/www.mobilier-design-occasion.fr\/magazine\/wp-content\/uploads\/2023\/02\/meuble.jpg","contentUrl":"https:\/\/www.mobilier-design-occasion.fr\/magazine\/wp-content\/uploads\/2023\/02\/meuble.jpg","width":1200,"height":600},{"@type":"BreadcrumbList","@id":"https:\/\/www.mobilier-design-occasion.fr\/magazine\/les-tendances-en-matiere-de-meubles-dentree-et-de-rangement\/#breadcrumb","itemListElement":[{"@type":"ListItem","position":1,"name":"Accueil","item":"https:\/\/www.mobilier-design-occasion.fr\/magazine\/"},{"@type":"ListItem","position":2,"name":"Les tendances en mati\u00e8re de meubles d\u2019entr\u00e9e et de rangement"}]},{"@type":"WebSite","@id":"https:\/\/www.mobilier-design-occasion.fr\/magazine\/#website","url":"https:\/\/www.mobilier-design-occasion.fr\/magazine\/","name":"Mobilier Design Magazine","description":"","publisher":{"@id":"https:\/\/www.mobilier-design-occasion.fr\/magazine\/#organization"},"potentialAction":[{"@type":"SearchAction","target":{"@type":"EntryPoint","urlTemplate":"https:\/\/www.mobilier-design-occasion.fr\/magazine\/?s={search_term_string}"},"query-input":{"@type":"PropertyValueSpecification","valueRequired":true,"valueName":"search_term_string"}}],"inLanguage":"fr-FR"},{"@type":"Organization","@id":"https:\/\/www.mobilier-design-occasion.fr\/magazine\/#organization","name":"Mobilier Design Magazine","url":"https:\/\/www.mobilier-design-occasion.fr\/magazine\/","logo":{"@type":"ImageObject","inLanguage":"fr-FR","@id":"https:\/\/www.mobilier-design-occasion.fr\/magazine\/#\/schema\/logo\/image\/","url":"https:\/\/www.mobilier-design-occasion.fr\/magazine\/wp-content\/uploads\/2024\/02\/android-chrome-192x192-1.png","contentUrl":"https:\/\/www.mobilier-design-occasion.fr\/magazine\/wp-content\/uploads\/2024\/02\/android-chrome-192x192-1.png","width":192,"height":192,"caption":"Mobilier Design Magazine"},"image":{"@id":"https:\/\/www.mobilier-design-occasion.fr\/magazine\/#\/schema\/logo\/image\/"},"sameAs":["https:\/\/www.facebook.com\/mobilierdesignoccasion"]},{"@type":"Person","@id":"https:\/\/www.mobilier-design-occasion.fr\/magazine\/#\/schema\/person\/5b2e5627a714ddadaaf8c9b886c55eff","name":"Cyrielle Poirot","image":{"@type":"ImageObject","inLanguage":"fr-FR","@id":"https:\/\/secure.gravatar.com\/avatar\/c8d2674e093b06894d8d1dc468b626bd752523471f3ac6e75f7c7a1400d40b4d?s=96&d=mm&r=g","url":"https:\/\/secure.gravatar.com\/avatar\/c8d2674e093b06894d8d1dc468b626bd752523471f3ac6e75f7c7a1400d40b4d?s=96&d=mm&r=g","contentUrl":"https:\/\/secure.gravatar.com\/avatar\/c8d2674e093b06894d8d1dc468b626bd752523471f3ac6e75f7c7a1400d40b4d?s=96&d=mm&r=g","caption":"Cyrielle Poirot"},"description":"Cyrielle est passionn\u00e9e par la d\u00e9coration d'int\u00e9rieur et s'est sp\u00e9cialis\u00e9e depuis quelques ann\u00e9es dans l'\u00e9dition du site Mobilier-Design, avec une touche sp\u00e9cifique pour les produits d'occasion.","sameAs":["https:\/\/www.mobilier-design-occasion.fr\/magazine"],"url":"https:\/\/www.mobilier-design-occasion.fr\/magazine\/author\/cyrielle\/"}]}},"_links":{"self":[{"href":"https:\/\/www.mobilier-design-occasion.fr\/magazine\/wp-json\/wp\/v2\/posts\/6384","targetHints":{"allow":["GET"]}}],"collection":[{"href":"https:\/\/www.mobilier-design-occasion.fr\/magazine\/wp-json\/wp\/v2\/posts"}],"about":[{"href":"https:\/\/www.mobilier-design-occasion.fr\/magazine\/wp-json\/wp\/v2\/types\/post"}],"author":[{"embeddable":true,"href":"https:\/\/www.mobilier-design-occasion.fr\/magazine\/wp-json\/wp\/v2\/users\/1"}],"replies":[{"embeddable":true,"href":"https:\/\/www.mobilier-design-occasion.fr\/magazine\/wp-json\/wp\/v2\/comments?post=6384"}],"version-history":[{"count":0,"href":"https:\/\/www.mobilier-design-occasion.fr\/magazine\/wp-json\/wp\/v2\/posts\/6384\/revisions"}],"wp:featuredmedia":[{"embeddable":true,"href":"https:\/\/www.mobilier-design-occasion.fr\/magazine\/wp-json\/wp\/v2\/media\/6385"}],"wp:attachment":[{"href":"https:\/\/www.mobilier-design-occasion.fr\/magazine\/wp-json\/wp\/v2\/media?parent=6384"}],"wp:term":[{"taxonomy":"category","embeddable":true,"href":"https:\/\/www.mobilier-design-occasion.fr\/magazine\/wp-json\/wp\/v2\/categories?post=6384"},{"taxonomy":"post_tag","embeddable":true,"href":"https:\/\/www.mobilier-design-occasion.fr\/magazine\/wp-json\/wp\/v2\/tags?post=6384"}],"curies":[{"name":"wp","href":"https:\/\/api.w.org\/{rel}","templated":true}]}}