{"id":6381,"date":"2023-02-07T09:47:07","date_gmt":"2023-02-07T09:47:07","guid":{"rendered":"https:\/\/www.mobilier-design-occasion.fr\/magazine\/?p=6381"},"modified":"2023-09-25T13:39:47","modified_gmt":"2023-09-25T13:39:47","slug":"comment-mieux-amenager-son-salon","status":"publish","type":"post","link":"https:\/\/www.mobilier-design-occasion.fr\/magazine\/comment-mieux-amenager-son-salon\/","title":{"rendered":"Comment mieux am\u00e9nager son salon ?"},"content":{"rendered":"\n<p>Le salon est le c\u0153ur de toute habitation. C\u2019est en effet la pi\u00e8ce qui est utilis\u00e9e et qui est accessible \u00e0 tout le monde. Lorsqu\u2019il est mal rang\u00e9, il ne permettra pas un certain nombre de conforts et repoussera tout de suite les invit\u00e9s. De ce fait, pour lui conf\u00e9rer un aspect esth\u00e9tique et cosy, il est important de bien l\u2019am\u00e9nager. Si vous vous demandiez comment r\u00e9ussir l\u2019am\u00e9nagement de votre salon, ce billet devrait vous int\u00e9resser.&nbsp;&nbsp;&nbsp;<\/p>\n\n\n\n<h2 class=\"wp-block-heading\"><span class=\"ez-toc-section\" id=\"Bien_disposer_les_meubles\"><\/span>Bien disposer les meubles&nbsp;<span class=\"ez-toc-section-end\"><\/span><\/h2><div id=\"ez-toc-container\" class=\"ez-toc-v2_0_82_2 counter-hierarchy ez-toc-counter ez-toc-grey ez-toc-container-direction\">\n<div class=\"ez-toc-title-container\">\n<span class=\"ez-toc-title-toggle\"><a href=\"#\" class=\"ez-toc-pull-right ez-toc-btn ez-toc-btn-xs ez-toc-btn-default ez-toc-toggle\" aria-label=\"Toggle Table of Content\"><span class=\"ez-toc-js-icon-con\"><span class=\"\"><span class=\"eztoc-hide\" style=\"display:none;\">Toggle<\/span><span class=\"ez-toc-icon-toggle-span\"><svg style=\"fill: #999;color:#999\" xmlns=\"http:\/\/www.w3.org\/2000\/svg\" class=\"list-377408\" width=\"20px\" height=\"20px\" viewBox=\"0 0 24 24\" fill=\"none\"><path d=\"M6 6H4v2h2V6zm14 0H8v2h12V6zM4 11h2v2H4v-2zm16 0H8v2h12v-2zM4 16h2v2H4v-2zm16 0H8v2h12v-2z\" fill=\"currentColor\"><\/path><\/svg><svg style=\"fill: #999;color:#999\" class=\"arrow-unsorted-368013\" xmlns=\"http:\/\/www.w3.org\/2000\/svg\" width=\"10px\" height=\"10px\" viewBox=\"0 0 24 24\" version=\"1.2\" baseProfile=\"tiny\"><path d=\"M18.2 9.3l-6.2-6.3-6.2 6.3c-.2.2-.3.4-.3.7s.1.5.3.7c.2.2.4.3.7.3h11c.3 0 .5-.1.7-.3.2-.2.3-.5.3-.7s-.1-.5-.3-.7zM5.8 14.7l6.2 6.3 6.2-6.3c.2-.2.3-.5.3-.7s-.1-.5-.3-.7c-.2-.2-.4-.3-.7-.3h-11c-.3 0-.5.1-.7.3-.2.2-.3.5-.3.7s.1.5.3.7z\"\/><\/svg><\/span><\/span><\/span><\/a><\/span><\/div>\n<nav><ul class='ez-toc-list ez-toc-list-level-1 eztoc-toggle-hide-by-default' ><li class='ez-toc-page-1 ez-toc-heading-level-2'><a class=\"ez-toc-link ez-toc-heading-1\" href=\"https:\/\/www.mobilier-design-occasion.fr\/magazine\/comment-mieux-amenager-son-salon\/#Bien_disposer_les_meubles\" >Bien disposer les meubles&nbsp;<\/a><\/li><li class='ez-toc-page-1 ez-toc-heading-level-2'><a class=\"ez-toc-link ez-toc-heading-2\" href=\"https:\/\/www.mobilier-design-occasion.fr\/magazine\/comment-mieux-amenager-son-salon\/#Opter_pour_la_creation_dun_espace_personnalise_et_cosy\" >Opter pour la cr\u00e9ation d\u2019un espace personnalis\u00e9 et cosy&nbsp;<\/a><\/li><li class='ez-toc-page-1 ez-toc-heading-level-2'><a class=\"ez-toc-link ez-toc-heading-3\" href=\"https:\/\/www.mobilier-design-occasion.fr\/magazine\/comment-mieux-amenager-son-salon\/#Veillez_a_la_presence_de_la_lumiere\" >Veillez \u00e0 la pr\u00e9sence de la lumi\u00e8re<\/a><\/li><li class='ez-toc-page-1 ez-toc-heading-level-2'><a class=\"ez-toc-link ez-toc-heading-4\" href=\"https:\/\/www.mobilier-design-occasion.fr\/magazine\/comment-mieux-amenager-son-salon\/#Prevoir_un_sol_pratique\" >Pr\u00e9voir un sol pratique&nbsp;<\/a><\/li><\/ul><\/nav><\/div>\n\n\n\n\n<p>Pour&nbsp;<strong>mieux disposer les meubles<\/strong>&nbsp;de votre salon, vous devrez prendre en consid\u00e9ration un certain nombre de param\u00e8tres. D\u2019abord, vous devrez avoir une id\u00e9e claire du nombre de personnes qui y vivent ainsi que des activit\u00e9s qui y sont g\u00e9n\u00e9ralement men\u00e9es. En d\u2019autres termes, le sch\u00e9ma de la pi\u00e8ce avec la disposition des meubles doit \u00eatre en&nbsp;<strong>ad\u00e9quation&nbsp;<\/strong>avec le quotidien.&nbsp;<\/p>\n\n\n\n<p>\u00c0 titre d\u2019exemple, pour d\u00eener ou pour d\u00e9jeuner dans la pi\u00e8ce, vous pourriez disposer la table \u00e0&nbsp;<strong>proximit\u00e9 de la cuisine<\/strong>. Vous devrez \u00e9galement&nbsp;<strong>pr\u00e9voir un meuble<\/strong>&nbsp;pour le rangement de la vaisselle. Dans un espace restreint, il sera possible de mettre le <a href=\"https:\/\/www.mobilier-design-occasion.fr\/magazine\/test-avis-sur-poltronesofa\/\">canap\u00e9<\/a> en face des fauteuils. Faites en sorte de pr\u00e9voir de l\u2019espace pour&nbsp;<strong>faciliter les allers et retours<\/strong>. Pour d\u2019autres conseils concernant la disposition de meubles dans votre salon, consultez&nbsp;<a href=\"https:\/\/www.labellemaison.fr\/\">labellemaison<\/a>.&nbsp;<\/p>\n\n\n\n<h2 class=\"wp-block-heading\"><span class=\"ez-toc-section\" id=\"Opter_pour_la_creation_dun_espace_personnalise_et_cosy\"><\/span>Opter pour la cr\u00e9ation d\u2019un espace personnalis\u00e9 et cosy&nbsp;<span class=\"ez-toc-section-end\"><\/span><\/h2>\n\n\n\n<p>Le salon fait partie des pi\u00e8ces qui permettent de profiter d\u2019un certain nombre de&nbsp;<strong>conforts<\/strong>. \u00c0 cet effet, son am\u00e9nagement doit se faire en fonction de votre personnalit\u00e9. \u00c0 titre illustratif, pour mieux l\u2019am\u00e9nager, vous devrez utiliser&nbsp;<strong>les couleurs et les mati\u00e8res<\/strong>&nbsp;que vous pr\u00e9f\u00e9rez. Vous pourrez le personnaliser en habillant tous les murs et en vous basant sur vos envies.&nbsp;<\/p>\n\n\n\n<p>Utilisez certains \u00e9l\u00e9ments (<strong>photos, tableaux, affiches<\/strong>\u2026) pour mieux dessiner le caract\u00e8re cosy de la pi\u00e8ce. Aussi, pour une atmosph\u00e8re cocon, on vous conseillera d\u2019utiliser plus de coussins sur le canap\u00e9. Vous pouvez par exemple opter pour&nbsp;<strong>les brocantes&nbsp;<\/strong>en ce qui concerne votre ameublement. Il est possible que vous tombiez sur d\u2019importants tr\u00e9sors que vous pourrez retaper pour votre salon. Pour trouver de nouvelles id\u00e9es, il est recommand\u00e9 de faire un tour sur les&nbsp;<strong>lieux d\u2019exposition<\/strong>&nbsp;de meubles de marques.&nbsp;&nbsp;&nbsp;&nbsp;<\/p>\n\n\n\n<h2 class=\"wp-block-heading\"><span class=\"ez-toc-section\" id=\"Veillez_a_la_presence_de_la_lumiere\"><\/span>Veillez \u00e0 la pr\u00e9sence de la lumi\u00e8re<span class=\"ez-toc-section-end\"><\/span><\/h2>\n\n\n\n<p>Tout au long de la journ\u00e9e, il est important de veiller \u00e0&nbsp;<strong>la pr\u00e9sence de la lumi\u00e8re<\/strong>&nbsp;dans le salon. \u00c0 cet effet, il est souhaitable de placer le coin canap\u00e9&nbsp;<strong>\u00e0 proximit\u00e9 de la fen\u00eatre<\/strong>&nbsp;afin de profiter d\u2019une&nbsp;<strong>luminosit\u00e9 naturelle<\/strong>&nbsp;et abondante. Pr\u00e9f\u00e9rez \u00e9galement les&nbsp;<strong>couleurs claires<\/strong>&nbsp;dans le but de faire r\u00e9gner une sensation de grand espace.<\/p>\n\n\n\n<p>Le salon \u00e9tant une&nbsp;<strong>pi\u00e8ce multifonction<\/strong>, il est important d\u2019y&nbsp;<strong>multiplier les sources de lumi\u00e8re<\/strong>&nbsp;pour avoir un cadre agr\u00e9able \u00e0 vivre. Comme id\u00e9e de lumi\u00e8re principale dans cette pi\u00e8ce, vous pourrez par exemple opter pour&nbsp;<strong>l\u2019utilisation d\u2019une lampe \u00e0 suspension<\/strong>. Ensuite, il faut ajouter \u00e0 chacun des coins de la pi\u00e8ce, des lampes compl\u00e9mentaires pour mieux agr\u00e9menter l\u2019ambiance lumineuse qui r\u00e9gnera.&nbsp;<\/p>\n\n\n\n<h2 class=\"wp-block-heading\"><span class=\"ez-toc-section\" id=\"Prevoir_un_sol_pratique\"><\/span>Pr\u00e9voir un sol pratique&nbsp;<span class=\"ez-toc-section-end\"><\/span><\/h2>\n\n\n\n<p>Vu que le salon est un lieu o\u00f9 les passages sont fr\u00e9quents, il est n\u00e9cessaire de prendre toutes les dispositions qu\u2019il faudra pour que le sol soit&nbsp;<strong>pratique<\/strong>. Ainsi, pour savoir quel type de sol mettre, vous devrez prendre en consid\u00e9ration le&nbsp;<strong>profil des personnes<\/strong>&nbsp;qui y vivent ainsi que&nbsp;<strong>leur nombre<\/strong>.&nbsp;<\/p>\n\n\n\n<p>Pour le sol de votre salon, vous aurez le choix entre du&nbsp;<strong>carrelage, du <a href=\"https:\/\/www.mobilier-design-occasion.fr\/magazine\/avis-mathy-by-bols\/\">bois<\/a> ou du PVC<\/strong>. Par ailleurs, le carrelage est tr\u00e8s utilis\u00e9 en raison de ses nombreux avantages dont le plus important est la facilit\u00e9 d\u2019entretien. Le sol en bois est cependant excellent pour son c\u00f4t\u00e9 d\u00e9co. Quant au PVC, il convient aux habitations dans lesquelles vivent peu de personnes.&nbsp;<\/p>\n","protected":false},"excerpt":{"rendered":"<p>Le salon est le c\u0153ur de toute habitation. C\u2019est en effet la pi\u00e8ce qui est utilis\u00e9e et qui est accessible \u00e0 tout le monde. Lorsqu\u2019il est mal rang\u00e9, il ne permettra pas un certain nombre de conforts et repoussera tout de suite les invit\u00e9s. De ce fait, pour lui conf\u00e9rer un aspect esth\u00e9tique et cosy, [&hellip;]<\/p>\n","protected":false},"author":1,"featured_media":6382,"comment_status":"open","ping_status":"open","sticky":false,"template":"","format":"standard","meta":{"footnotes":""},"categories":[2],"tags":[],"class_list":["post-6381","post","type-post","status-publish","format-standard","has-post-thumbnail","hentry","category-tendances"],"yoast_head":"<!-- This site is optimized with the Yoast SEO plugin v27.5 - https:\/\/yoast.com\/product\/yoast-seo-wordpress\/ -->\n<title>Comment mieux am\u00e9nager son salon ? - Mobilier Design Magazine<\/title>\n<meta name=\"robots\" content=\"index, follow, max-snippet:-1, max-image-preview:large, max-video-preview:-1\" \/>\n<link rel=\"canonical\" href=\"https:\/\/www.mobilier-design-occasion.fr\/magazine\/comment-mieux-amenager-son-salon\/\" \/>\n<meta property=\"og:locale\" content=\"fr_FR\" \/>\n<meta property=\"og:type\" content=\"article\" \/>\n<meta property=\"og:title\" content=\"Comment mieux am\u00e9nager son salon ? - Mobilier Design Magazine\" \/>\n<meta property=\"og:description\" content=\"Le salon est le c\u0153ur de toute habitation. C\u2019est en effet la pi\u00e8ce qui est utilis\u00e9e et qui est accessible \u00e0 tout le monde. Lorsqu\u2019il est mal rang\u00e9, il ne permettra pas un certain nombre de conforts et repoussera tout de suite les invit\u00e9s. De ce fait, pour lui conf\u00e9rer un aspect esth\u00e9tique et cosy, [&hellip;]\" \/>\n<meta property=\"og:url\" content=\"https:\/\/www.mobilier-design-occasion.fr\/magazine\/comment-mieux-amenager-son-salon\/\" \/>\n<meta property=\"og:site_name\" content=\"Mobilier Design Magazine\" \/>\n<meta property=\"article:publisher\" content=\"https:\/\/www.facebook.com\/mobilierdesignoccasion\" \/>\n<meta property=\"article:published_time\" content=\"2023-02-07T09:47:07+00:00\" \/>\n<meta property=\"article:modified_time\" content=\"2023-09-25T13:39:47+00:00\" \/>\n<meta property=\"og:image\" content=\"https:\/\/www.mobilier-design-occasion.fr\/magazine\/wp-content\/uploads\/2023\/02\/de44d453bd8ab7d0754f82ea3444b3fe-scaled.jpg\" \/>\n\t<meta property=\"og:image:width\" content=\"2048\" \/>\n\t<meta property=\"og:image:height\" content=\"1608\" \/>\n\t<meta property=\"og:image:type\" content=\"image\/jpeg\" \/>\n<meta name=\"author\" content=\"Cyrielle Poirot\" \/>\n<meta name=\"twitter:card\" content=\"summary_large_image\" \/>\n<meta name=\"twitter:label1\" content=\"\u00c9crit par\" \/>\n\t<meta name=\"twitter:data1\" content=\"Cyrielle Poirot\" \/>\n\t<meta name=\"twitter:label2\" content=\"Dur\u00e9e de lecture estim\u00e9e\" \/>\n\t<meta name=\"twitter:data2\" content=\"4 minutes\" \/>\n<script type=\"application\/ld+json\" class=\"yoast-schema-graph\">{\"@context\":\"https:\\\/\\\/schema.org\",\"@graph\":[{\"@type\":\"Article\",\"@id\":\"https:\\\/\\\/www.mobilier-design-occasion.fr\\\/magazine\\\/comment-mieux-amenager-son-salon\\\/#article\",\"isPartOf\":{\"@id\":\"https:\\\/\\\/www.mobilier-design-occasion.fr\\\/magazine\\\/comment-mieux-amenager-son-salon\\\/\"},\"author\":{\"name\":\"Cyrielle Poirot\",\"@id\":\"https:\\\/\\\/www.mobilier-design-occasion.fr\\\/magazine\\\/#\\\/schema\\\/person\\\/5b2e5627a714ddadaaf8c9b886c55eff\"},\"headline\":\"Comment mieux am\u00e9nager son salon ?\",\"datePublished\":\"2023-02-07T09:47:07+00:00\",\"dateModified\":\"2023-09-25T13:39:47+00:00\",\"mainEntityOfPage\":{\"@id\":\"https:\\\/\\\/www.mobilier-design-occasion.fr\\\/magazine\\\/comment-mieux-amenager-son-salon\\\/\"},\"wordCount\":742,\"commentCount\":1,\"publisher\":{\"@id\":\"https:\\\/\\\/www.mobilier-design-occasion.fr\\\/magazine\\\/#organization\"},\"image\":{\"@id\":\"https:\\\/\\\/www.mobilier-design-occasion.fr\\\/magazine\\\/comment-mieux-amenager-son-salon\\\/#primaryimage\"},\"thumbnailUrl\":\"https:\\\/\\\/www.mobilier-design-occasion.fr\\\/magazine\\\/wp-content\\\/uploads\\\/2023\\\/02\\\/de44d453bd8ab7d0754f82ea3444b3fe-scaled.jpg\",\"articleSection\":[\"Tendances\"],\"inLanguage\":\"fr-FR\",\"potentialAction\":[{\"@type\":\"CommentAction\",\"name\":\"Comment\",\"target\":[\"https:\\\/\\\/www.mobilier-design-occasion.fr\\\/magazine\\\/comment-mieux-amenager-son-salon\\\/#respond\"]}]},{\"@type\":\"WebPage\",\"@id\":\"https:\\\/\\\/www.mobilier-design-occasion.fr\\\/magazine\\\/comment-mieux-amenager-son-salon\\\/\",\"url\":\"https:\\\/\\\/www.mobilier-design-occasion.fr\\\/magazine\\\/comment-mieux-amenager-son-salon\\\/\",\"name\":\"Comment mieux am\u00e9nager son salon ? - Mobilier Design Magazine\",\"isPartOf\":{\"@id\":\"https:\\\/\\\/www.mobilier-design-occasion.fr\\\/magazine\\\/#website\"},\"primaryImageOfPage\":{\"@id\":\"https:\\\/\\\/www.mobilier-design-occasion.fr\\\/magazine\\\/comment-mieux-amenager-son-salon\\\/#primaryimage\"},\"image\":{\"@id\":\"https:\\\/\\\/www.mobilier-design-occasion.fr\\\/magazine\\\/comment-mieux-amenager-son-salon\\\/#primaryimage\"},\"thumbnailUrl\":\"https:\\\/\\\/www.mobilier-design-occasion.fr\\\/magazine\\\/wp-content\\\/uploads\\\/2023\\\/02\\\/de44d453bd8ab7d0754f82ea3444b3fe-scaled.jpg\",\"datePublished\":\"2023-02-07T09:47:07+00:00\",\"dateModified\":\"2023-09-25T13:39:47+00:00\",\"breadcrumb\":{\"@id\":\"https:\\\/\\\/www.mobilier-design-occasion.fr\\\/magazine\\\/comment-mieux-amenager-son-salon\\\/#breadcrumb\"},\"inLanguage\":\"fr-FR\",\"potentialAction\":[{\"@type\":\"ReadAction\",\"target\":[\"https:\\\/\\\/www.mobilier-design-occasion.fr\\\/magazine\\\/comment-mieux-amenager-son-salon\\\/\"]}]},{\"@type\":\"ImageObject\",\"inLanguage\":\"fr-FR\",\"@id\":\"https:\\\/\\\/www.mobilier-design-occasion.fr\\\/magazine\\\/comment-mieux-amenager-son-salon\\\/#primaryimage\",\"url\":\"https:\\\/\\\/www.mobilier-design-occasion.fr\\\/magazine\\\/wp-content\\\/uploads\\\/2023\\\/02\\\/de44d453bd8ab7d0754f82ea3444b3fe-scaled.jpg\",\"contentUrl\":\"https:\\\/\\\/www.mobilier-design-occasion.fr\\\/magazine\\\/wp-content\\\/uploads\\\/2023\\\/02\\\/de44d453bd8ab7d0754f82ea3444b3fe-scaled.jpg\",\"width\":2048,\"height\":1608,\"caption\":\"Mobilier Design Occasion\"},{\"@type\":\"BreadcrumbList\",\"@id\":\"https:\\\/\\\/www.mobilier-design-occasion.fr\\\/magazine\\\/comment-mieux-amenager-son-salon\\\/#breadcrumb\",\"itemListElement\":[{\"@type\":\"ListItem\",\"position\":1,\"name\":\"Accueil\",\"item\":\"https:\\\/\\\/www.mobilier-design-occasion.fr\\\/magazine\\\/\"},{\"@type\":\"ListItem\",\"position\":2,\"name\":\"Comment mieux am\u00e9nager son salon ?\"}]},{\"@type\":\"WebSite\",\"@id\":\"https:\\\/\\\/www.mobilier-design-occasion.fr\\\/magazine\\\/#website\",\"url\":\"https:\\\/\\\/www.mobilier-design-occasion.fr\\\/magazine\\\/\",\"name\":\"Mobilier Design Magazine\",\"description\":\"\",\"publisher\":{\"@id\":\"https:\\\/\\\/www.mobilier-design-occasion.fr\\\/magazine\\\/#organization\"},\"potentialAction\":[{\"@type\":\"SearchAction\",\"target\":{\"@type\":\"EntryPoint\",\"urlTemplate\":\"https:\\\/\\\/www.mobilier-design-occasion.fr\\\/magazine\\\/?s={search_term_string}\"},\"query-input\":{\"@type\":\"PropertyValueSpecification\",\"valueRequired\":true,\"valueName\":\"search_term_string\"}}],\"inLanguage\":\"fr-FR\"},{\"@type\":\"Organization\",\"@id\":\"https:\\\/\\\/www.mobilier-design-occasion.fr\\\/magazine\\\/#organization\",\"name\":\"Mobilier Design Magazine\",\"url\":\"https:\\\/\\\/www.mobilier-design-occasion.fr\\\/magazine\\\/\",\"logo\":{\"@type\":\"ImageObject\",\"inLanguage\":\"fr-FR\",\"@id\":\"https:\\\/\\\/www.mobilier-design-occasion.fr\\\/magazine\\\/#\\\/schema\\\/logo\\\/image\\\/\",\"url\":\"https:\\\/\\\/www.mobilier-design-occasion.fr\\\/magazine\\\/wp-content\\\/uploads\\\/2024\\\/02\\\/android-chrome-192x192-1.png\",\"contentUrl\":\"https:\\\/\\\/www.mobilier-design-occasion.fr\\\/magazine\\\/wp-content\\\/uploads\\\/2024\\\/02\\\/android-chrome-192x192-1.png\",\"width\":192,\"height\":192,\"caption\":\"Mobilier Design Magazine\"},\"image\":{\"@id\":\"https:\\\/\\\/www.mobilier-design-occasion.fr\\\/magazine\\\/#\\\/schema\\\/logo\\\/image\\\/\"},\"sameAs\":[\"https:\\\/\\\/www.facebook.com\\\/mobilierdesignoccasion\"]},{\"@type\":\"Person\",\"@id\":\"https:\\\/\\\/www.mobilier-design-occasion.fr\\\/magazine\\\/#\\\/schema\\\/person\\\/5b2e5627a714ddadaaf8c9b886c55eff\",\"name\":\"Cyrielle Poirot\",\"image\":{\"@type\":\"ImageObject\",\"inLanguage\":\"fr-FR\",\"@id\":\"https:\\\/\\\/secure.gravatar.com\\\/avatar\\\/c8d2674e093b06894d8d1dc468b626bd752523471f3ac6e75f7c7a1400d40b4d?s=96&d=mm&r=g\",\"url\":\"https:\\\/\\\/secure.gravatar.com\\\/avatar\\\/c8d2674e093b06894d8d1dc468b626bd752523471f3ac6e75f7c7a1400d40b4d?s=96&d=mm&r=g\",\"contentUrl\":\"https:\\\/\\\/secure.gravatar.com\\\/avatar\\\/c8d2674e093b06894d8d1dc468b626bd752523471f3ac6e75f7c7a1400d40b4d?s=96&d=mm&r=g\",\"caption\":\"Cyrielle Poirot\"},\"description\":\"Cyrielle est passionn\u00e9e par la d\u00e9coration d'int\u00e9rieur et s'est sp\u00e9cialis\u00e9e depuis quelques ann\u00e9es dans l'\u00e9dition du site Mobilier-Design, avec une touche sp\u00e9cifique pour les produits d'occasion.\",\"sameAs\":[\"https:\\\/\\\/www.mobilier-design-occasion.fr\\\/magazine\"],\"url\":\"https:\\\/\\\/www.mobilier-design-occasion.fr\\\/magazine\\\/author\\\/cyrielle\\\/\"}]}<\/script>\n<!-- \/ Yoast SEO plugin. -->","yoast_head_json":{"title":"Comment mieux am\u00e9nager son salon ? - Mobilier Design Magazine","robots":{"index":"index","follow":"follow","max-snippet":"max-snippet:-1","max-image-preview":"max-image-preview:large","max-video-preview":"max-video-preview:-1"},"canonical":"https:\/\/www.mobilier-design-occasion.fr\/magazine\/comment-mieux-amenager-son-salon\/","og_locale":"fr_FR","og_type":"article","og_title":"Comment mieux am\u00e9nager son salon ? - Mobilier Design Magazine","og_description":"Le salon est le c\u0153ur de toute habitation. C\u2019est en effet la pi\u00e8ce qui est utilis\u00e9e et qui est accessible \u00e0 tout le monde. Lorsqu\u2019il est mal rang\u00e9, il ne permettra pas un certain nombre de conforts et repoussera tout de suite les invit\u00e9s. De ce fait, pour lui conf\u00e9rer un aspect esth\u00e9tique et cosy, [&hellip;]","og_url":"https:\/\/www.mobilier-design-occasion.fr\/magazine\/comment-mieux-amenager-son-salon\/","og_site_name":"Mobilier Design Magazine","article_publisher":"https:\/\/www.facebook.com\/mobilierdesignoccasion","article_published_time":"2023-02-07T09:47:07+00:00","article_modified_time":"2023-09-25T13:39:47+00:00","og_image":[{"width":2048,"height":1608,"url":"https:\/\/www.mobilier-design-occasion.fr\/magazine\/wp-content\/uploads\/2023\/02\/de44d453bd8ab7d0754f82ea3444b3fe-scaled.jpg","type":"image\/jpeg"}],"author":"Cyrielle Poirot","twitter_card":"summary_large_image","twitter_misc":{"\u00c9crit par":"Cyrielle Poirot","Dur\u00e9e de lecture estim\u00e9e":"4 minutes"},"schema":{"@context":"https:\/\/schema.org","@graph":[{"@type":"Article","@id":"https:\/\/www.mobilier-design-occasion.fr\/magazine\/comment-mieux-amenager-son-salon\/#article","isPartOf":{"@id":"https:\/\/www.mobilier-design-occasion.fr\/magazine\/comment-mieux-amenager-son-salon\/"},"author":{"name":"Cyrielle Poirot","@id":"https:\/\/www.mobilier-design-occasion.fr\/magazine\/#\/schema\/person\/5b2e5627a714ddadaaf8c9b886c55eff"},"headline":"Comment mieux am\u00e9nager son salon ?","datePublished":"2023-02-07T09:47:07+00:00","dateModified":"2023-09-25T13:39:47+00:00","mainEntityOfPage":{"@id":"https:\/\/www.mobilier-design-occasion.fr\/magazine\/comment-mieux-amenager-son-salon\/"},"wordCount":742,"commentCount":1,"publisher":{"@id":"https:\/\/www.mobilier-design-occasion.fr\/magazine\/#organization"},"image":{"@id":"https:\/\/www.mobilier-design-occasion.fr\/magazine\/comment-mieux-amenager-son-salon\/#primaryimage"},"thumbnailUrl":"https:\/\/www.mobilier-design-occasion.fr\/magazine\/wp-content\/uploads\/2023\/02\/de44d453bd8ab7d0754f82ea3444b3fe-scaled.jpg","articleSection":["Tendances"],"inLanguage":"fr-FR","potentialAction":[{"@type":"CommentAction","name":"Comment","target":["https:\/\/www.mobilier-design-occasion.fr\/magazine\/comment-mieux-amenager-son-salon\/#respond"]}]},{"@type":"WebPage","@id":"https:\/\/www.mobilier-design-occasion.fr\/magazine\/comment-mieux-amenager-son-salon\/","url":"https:\/\/www.mobilier-design-occasion.fr\/magazine\/comment-mieux-amenager-son-salon\/","name":"Comment mieux am\u00e9nager son salon ? - Mobilier Design Magazine","isPartOf":{"@id":"https:\/\/www.mobilier-design-occasion.fr\/magazine\/#website"},"primaryImageOfPage":{"@id":"https:\/\/www.mobilier-design-occasion.fr\/magazine\/comment-mieux-amenager-son-salon\/#primaryimage"},"image":{"@id":"https:\/\/www.mobilier-design-occasion.fr\/magazine\/comment-mieux-amenager-son-salon\/#primaryimage"},"thumbnailUrl":"https:\/\/www.mobilier-design-occasion.fr\/magazine\/wp-content\/uploads\/2023\/02\/de44d453bd8ab7d0754f82ea3444b3fe-scaled.jpg","datePublished":"2023-02-07T09:47:07+00:00","dateModified":"2023-09-25T13:39:47+00:00","breadcrumb":{"@id":"https:\/\/www.mobilier-design-occasion.fr\/magazine\/comment-mieux-amenager-son-salon\/#breadcrumb"},"inLanguage":"fr-FR","potentialAction":[{"@type":"ReadAction","target":["https:\/\/www.mobilier-design-occasion.fr\/magazine\/comment-mieux-amenager-son-salon\/"]}]},{"@type":"ImageObject","inLanguage":"fr-FR","@id":"https:\/\/www.mobilier-design-occasion.fr\/magazine\/comment-mieux-amenager-son-salon\/#primaryimage","url":"https:\/\/www.mobilier-design-occasion.fr\/magazine\/wp-content\/uploads\/2023\/02\/de44d453bd8ab7d0754f82ea3444b3fe-scaled.jpg","contentUrl":"https:\/\/www.mobilier-design-occasion.fr\/magazine\/wp-content\/uploads\/2023\/02\/de44d453bd8ab7d0754f82ea3444b3fe-scaled.jpg","width":2048,"height":1608,"caption":"Mobilier Design Occasion"},{"@type":"BreadcrumbList","@id":"https:\/\/www.mobilier-design-occasion.fr\/magazine\/comment-mieux-amenager-son-salon\/#breadcrumb","itemListElement":[{"@type":"ListItem","position":1,"name":"Accueil","item":"https:\/\/www.mobilier-design-occasion.fr\/magazine\/"},{"@type":"ListItem","position":2,"name":"Comment mieux am\u00e9nager son salon ?"}]},{"@type":"WebSite","@id":"https:\/\/www.mobilier-design-occasion.fr\/magazine\/#website","url":"https:\/\/www.mobilier-design-occasion.fr\/magazine\/","name":"Mobilier Design Magazine","description":"","publisher":{"@id":"https:\/\/www.mobilier-design-occasion.fr\/magazine\/#organization"},"potentialAction":[{"@type":"SearchAction","target":{"@type":"EntryPoint","urlTemplate":"https:\/\/www.mobilier-design-occasion.fr\/magazine\/?s={search_term_string}"},"query-input":{"@type":"PropertyValueSpecification","valueRequired":true,"valueName":"search_term_string"}}],"inLanguage":"fr-FR"},{"@type":"Organization","@id":"https:\/\/www.mobilier-design-occasion.fr\/magazine\/#organization","name":"Mobilier Design Magazine","url":"https:\/\/www.mobilier-design-occasion.fr\/magazine\/","logo":{"@type":"ImageObject","inLanguage":"fr-FR","@id":"https:\/\/www.mobilier-design-occasion.fr\/magazine\/#\/schema\/logo\/image\/","url":"https:\/\/www.mobilier-design-occasion.fr\/magazine\/wp-content\/uploads\/2024\/02\/android-chrome-192x192-1.png","contentUrl":"https:\/\/www.mobilier-design-occasion.fr\/magazine\/wp-content\/uploads\/2024\/02\/android-chrome-192x192-1.png","width":192,"height":192,"caption":"Mobilier Design Magazine"},"image":{"@id":"https:\/\/www.mobilier-design-occasion.fr\/magazine\/#\/schema\/logo\/image\/"},"sameAs":["https:\/\/www.facebook.com\/mobilierdesignoccasion"]},{"@type":"Person","@id":"https:\/\/www.mobilier-design-occasion.fr\/magazine\/#\/schema\/person\/5b2e5627a714ddadaaf8c9b886c55eff","name":"Cyrielle Poirot","image":{"@type":"ImageObject","inLanguage":"fr-FR","@id":"https:\/\/secure.gravatar.com\/avatar\/c8d2674e093b06894d8d1dc468b626bd752523471f3ac6e75f7c7a1400d40b4d?s=96&d=mm&r=g","url":"https:\/\/secure.gravatar.com\/avatar\/c8d2674e093b06894d8d1dc468b626bd752523471f3ac6e75f7c7a1400d40b4d?s=96&d=mm&r=g","contentUrl":"https:\/\/secure.gravatar.com\/avatar\/c8d2674e093b06894d8d1dc468b626bd752523471f3ac6e75f7c7a1400d40b4d?s=96&d=mm&r=g","caption":"Cyrielle Poirot"},"description":"Cyrielle est passionn\u00e9e par la d\u00e9coration d'int\u00e9rieur et s'est sp\u00e9cialis\u00e9e depuis quelques ann\u00e9es dans l'\u00e9dition du site Mobilier-Design, avec une touche sp\u00e9cifique pour les produits d'occasion.","sameAs":["https:\/\/www.mobilier-design-occasion.fr\/magazine"],"url":"https:\/\/www.mobilier-design-occasion.fr\/magazine\/author\/cyrielle\/"}]}},"_links":{"self":[{"href":"https:\/\/www.mobilier-design-occasion.fr\/magazine\/wp-json\/wp\/v2\/posts\/6381","targetHints":{"allow":["GET"]}}],"collection":[{"href":"https:\/\/www.mobilier-design-occasion.fr\/magazine\/wp-json\/wp\/v2\/posts"}],"about":[{"href":"https:\/\/www.mobilier-design-occasion.fr\/magazine\/wp-json\/wp\/v2\/types\/post"}],"author":[{"embeddable":true,"href":"https:\/\/www.mobilier-design-occasion.fr\/magazine\/wp-json\/wp\/v2\/users\/1"}],"replies":[{"embeddable":true,"href":"https:\/\/www.mobilier-design-occasion.fr\/magazine\/wp-json\/wp\/v2\/comments?post=6381"}],"version-history":[{"count":1,"href":"https:\/\/www.mobilier-design-occasion.fr\/magazine\/wp-json\/wp\/v2\/posts\/6381\/revisions"}],"predecessor-version":[{"id":6383,"href":"https:\/\/www.mobilier-design-occasion.fr\/magazine\/wp-json\/wp\/v2\/posts\/6381\/revisions\/6383"}],"wp:featuredmedia":[{"embeddable":true,"href":"https:\/\/www.mobilier-design-occasion.fr\/magazine\/wp-json\/wp\/v2\/media\/6382"}],"wp:attachment":[{"href":"https:\/\/www.mobilier-design-occasion.fr\/magazine\/wp-json\/wp\/v2\/media?parent=6381"}],"wp:term":[{"taxonomy":"category","embeddable":true,"href":"https:\/\/www.mobilier-design-occasion.fr\/magazine\/wp-json\/wp\/v2\/categories?post=6381"},{"taxonomy":"post_tag","embeddable":true,"href":"https:\/\/www.mobilier-design-occasion.fr\/magazine\/wp-json\/wp\/v2\/tags?post=6381"}],"curies":[{"name":"wp","href":"https:\/\/api.w.org\/{rel}","templated":true}]}}