{"id":6326,"date":"2023-01-10T08:44:33","date_gmt":"2023-01-10T08:44:33","guid":{"rendered":"https:\/\/www.mobilier-design-occasion.fr\/magazine\/?p=6326"},"modified":"2023-09-25T13:40:09","modified_gmt":"2023-09-25T13:40:09","slug":"quel-est-le-role-des-luminaires-dans-la-decoration-interieure","status":"publish","type":"post","link":"https:\/\/www.mobilier-design-occasion.fr\/magazine\/quel-est-le-role-des-luminaires-dans-la-decoration-interieure\/","title":{"rendered":"Quel est le r\u00f4le des luminaires dans la d\u00e9coration int\u00e9rieure?"},"content":{"rendered":"\n<p>La&nbsp;<strong>d\u00e9coration d\u2019int\u00e9rieur<\/strong>&nbsp;permet de sublimer toutes les pi\u00e8ces de vie de votre maison, en favorisant une ambiance propice au bien-\u00eatre. A l\u2019occasion, divers aspects sont pris en compte notamment les luminaires, qui jouent un r\u00f4le fondamental. Quel est le r\u00f4le des luminaires dans la d\u00e9coration d\u2019int\u00e9rieur\u2009? Tout ce qu\u2019il faut savoir dans cet article.<\/p>\n\n\n\n<h2 class=\"wp-block-heading\">Les fonctions des luminaires dans la d\u00e9coration d\u2019int\u00e9rieur<\/h2>\n\n\n\n<p>Les luminaires peuvent \u00eatre utilis\u00e9s de diff\u00e9rentes mani\u00e8res dans la d\u00e9coration d\u2019int\u00e9rieur. D\u2019abord, ils sont utilis\u00e9s pour&nbsp;<strong>cr\u00e9er de l\u2019ambiance<\/strong>. En jouant sur la couleur et l\u2019intensit\u00e9 de la lumi\u00e8re, vous pouvez instaurer une ambiance de choix dans votre int\u00e9rieur. En pratique, une lumi\u00e8re chaude et tamis\u00e9e peut \u00eatre propice \u00e0 la d\u00e9tente, tandis qu\u2019une lumi\u00e8re blanche et vive peut \u00eatre plus adapt\u00e9e \u00e0 un espace de travail.<\/p>\n\n\n\n<p>Les lustres et les plafonniers sont aussi utilis\u00e9s pour r\u00e9v\u00e9ler l\u2019aspect particulier de certains \u00e9l\u00e9ments de d\u00e9coration. Ils peuvent ainsi mettre en avant des \u00e9l\u00e9ments de d\u00e9coration tels qu\u2019une \u0153uvre d\u2019art,&nbsp;<strong>un meuble de design<\/strong>&nbsp;ou encore une plante. Sur la boutique&nbsp;<a href=\"https:\/\/ma-suspension.com\/collections\/suspension-bambou\">https:\/\/ma-suspension.com\/collections\/suspension-bambou<\/a>, d\u00e9couvrez des luminaires en bambou de haute qualit\u00e9 et fabriqu\u00e9 \u00e0 la main pour tous vos besoins. Vous y trouverez notamment :<\/p>\n\n\n\n<ul class=\"wp-block-list\">\n<li>Des suspensions en bambou\u2009;<\/li>\n\n\n\n<li>Des lustres en bambou design\u2009;<\/li>\n\n\n\n<li>Des plafonniers bambou\u2009; etc.<\/li>\n<\/ul>\n\n\n\n<h2 class=\"wp-block-heading\">Autres avantages des luminaires dans la d\u00e9coration d\u2019int\u00e9rieur<\/h2>\n\n\n\n<p>Les suspensions luminaires sont aussi employ\u00e9s pour&nbsp;<strong>cr\u00e9er des points de lumi\u00e8re<\/strong>. En disposant des luminaires judicieusement dans votre int\u00e9rieur, vous pouvez cr\u00e9er des points de lumi\u00e8re qui viendront \u00e9clairer les diff\u00e9rents espaces et donneront du relief \u00e0 votre d\u00e9coration. Aussi, vous pouvez utiliser des luminaires de diff\u00e9rentes tailles et de diff\u00e9rents styles, pour d\u00e9limiter des zones dans votre int\u00e9rieur (un coin salon, une zone de repas, etc.).<br><br>Une suspension est un&nbsp;<strong>\u00e9l\u00e9ment central d&#8217;une d\u00e9coration int\u00e9rieure r\u00e9ussite<\/strong>&nbsp;et de qualit\u00e9, c&#8217;est pour cela que bien choisir son lustre est primordiale. Une d\u00e9co r\u00e9ussite est synonyme d&#8217;une suspension adapt\u00e9e et d&#8217;un \u00e9clairage de qualit\u00e9. Il permettra de rehausser et mettre davantage en valeur le mobilier de votre pi\u00e8ce. Il est important de choisir un style de luminaire en fonction du style de d\u00e9coration de sa maison ou de son appartement. En effet, un lustre d&#8217;inspiration scandinave et rustique se m\u00e9langera mieux avec une d\u00e9coration moderne que baroque. L&#8217;avantage des suspensions bambou ou fabriqu\u00e9s avec des mati\u00e8res naturelles comme le bois, le rotin ou l&#8217;osier; est qu&#8217;ils seront s&#8217;adapter \u00e0 votre n&#8217;importe quelle type de d\u00e9coration.&nbsp;<br><br>Un lustre permettra \u00e9galement d&#8217;<strong>augmenter la taille per\u00e7ue de votre pi\u00e8ce<\/strong>. Il peut donner l&#8217;illusion que vos pi\u00e8ces sont plus grandes et plus spacieuses. Un lustre au caract\u00e8re design et moderne dans une pi\u00e8ce \u00e0 vivre comme un salon ou une salle \u00e0 manger est tr\u00e8s utile car il donnera une impression de grandeur et d&#8217;espacement.&nbsp;<br><br>La fonction et le r\u00f4le des luminaires d\u00e9pendront \u00e9videmment des pi\u00e8ces dans lesquels ils se trouvent. Par exemple, dans une salle de bain, il est plus pratique d&#8217;installer des luminaires qui ont une lumi\u00e8re blanche et puissante pour favoriser la visibilit\u00e9. Il est \u00e9galement conseiller de poser les luminaires sur le mur et non sur le plafond pour \u00e9viter les ombres sur le visage.<\/p>\n\n\n\n<p>En somme, les luminaires sont des&nbsp;<strong>\u00e9l\u00e9ments d\u00e9coratifs \u00e0 part enti\u00e8re<\/strong>&nbsp;et peuvent \u00eatre utilis\u00e9s de mani\u00e8re cr\u00e9ative pour apporter de la lumi\u00e8re et de l\u2019ambiance \u00e0 votre int\u00e9rieur. Une d\u00e9coration int\u00e9rieure r\u00e9ussite aura de nombreuses cons\u00e9quences positives sur vous et votre environnement, comme une augmentation de votre bien-\u00eatre. N&#8217;h\u00e9sitez pas \u00e0 faire un tour sur la boutique en ligne Ma Suspension si vous recherchez des ravissants luminaires de qualit\u00e9 en bambou et en bois.&nbsp;<\/p>\n","protected":false},"excerpt":{"rendered":"<p>La&nbsp;d\u00e9coration d\u2019int\u00e9rieur&nbsp;permet de sublimer toutes les pi\u00e8ces de vie de votre maison, en favorisant une ambiance propice au bien-\u00eatre. A l\u2019occasion, divers aspects sont pris en compte notamment les luminaires, qui jouent un r\u00f4le fondamental. Quel est le r\u00f4le des luminaires dans la d\u00e9coration d\u2019int\u00e9rieur\u2009? Tout ce qu\u2019il faut savoir dans cet article. Les fonctions [&hellip;]<\/p>\n","protected":false},"author":1,"featured_media":6327,"comment_status":"open","ping_status":"open","sticky":false,"template":"","format":"standard","meta":{"footnotes":""},"categories":[2],"tags":[],"class_list":["post-6326","post","type-post","status-publish","format-standard","has-post-thumbnail","hentry","category-tendances"],"yoast_head":"<!-- This site is optimized with the Yoast SEO plugin v27.5 - https:\/\/yoast.com\/product\/yoast-seo-wordpress\/ -->\n<title>Quel est le r\u00f4le des luminaires dans la d\u00e9coration int\u00e9rieure? - Mobilier Design Magazine<\/title>\n<meta name=\"robots\" content=\"index, follow, max-snippet:-1, max-image-preview:large, max-video-preview:-1\" \/>\n<link rel=\"canonical\" href=\"https:\/\/www.mobilier-design-occasion.fr\/magazine\/quel-est-le-role-des-luminaires-dans-la-decoration-interieure\/\" \/>\n<meta property=\"og:locale\" content=\"fr_FR\" \/>\n<meta property=\"og:type\" content=\"article\" \/>\n<meta property=\"og:title\" content=\"Quel est le r\u00f4le des luminaires dans la d\u00e9coration int\u00e9rieure? - Mobilier Design Magazine\" \/>\n<meta property=\"og:description\" content=\"La&nbsp;d\u00e9coration d\u2019int\u00e9rieur&nbsp;permet de sublimer toutes les pi\u00e8ces de vie de votre maison, en favorisant une ambiance propice au bien-\u00eatre. A l\u2019occasion, divers aspects sont pris en compte notamment les luminaires, qui jouent un r\u00f4le fondamental. Quel est le r\u00f4le des luminaires dans la d\u00e9coration d\u2019int\u00e9rieur\u2009? Tout ce qu\u2019il faut savoir dans cet article. Les fonctions [&hellip;]\" \/>\n<meta property=\"og:url\" content=\"https:\/\/www.mobilier-design-occasion.fr\/magazine\/quel-est-le-role-des-luminaires-dans-la-decoration-interieure\/\" \/>\n<meta property=\"og:site_name\" content=\"Mobilier Design Magazine\" \/>\n<meta property=\"article:publisher\" content=\"https:\/\/www.facebook.com\/mobilierdesignoccasion\" \/>\n<meta property=\"article:published_time\" content=\"2023-01-10T08:44:33+00:00\" \/>\n<meta property=\"article:modified_time\" content=\"2023-09-25T13:40:09+00:00\" \/>\n<meta property=\"og:image\" content=\"https:\/\/www.mobilier-design-occasion.fr\/magazine\/wp-content\/uploads\/2023\/01\/d6988aa1df01052a74a323d55f0aa6a6.jpeg\" \/>\n\t<meta property=\"og:image:width\" content=\"847\" \/>\n\t<meta property=\"og:image:height\" content=\"565\" \/>\n\t<meta property=\"og:image:type\" content=\"image\/jpeg\" \/>\n<meta name=\"author\" content=\"Cyrielle Poirot\" \/>\n<meta name=\"twitter:card\" content=\"summary_large_image\" \/>\n<meta name=\"twitter:label1\" content=\"\u00c9crit par\" \/>\n\t<meta name=\"twitter:data1\" content=\"Cyrielle Poirot\" \/>\n\t<meta name=\"twitter:label2\" content=\"Dur\u00e9e de lecture estim\u00e9e\" \/>\n\t<meta name=\"twitter:data2\" content=\"4 minutes\" \/>\n<script type=\"application\/ld+json\" class=\"yoast-schema-graph\">{\"@context\":\"https:\\\/\\\/schema.org\",\"@graph\":[{\"@type\":\"Article\",\"@id\":\"https:\\\/\\\/www.mobilier-design-occasion.fr\\\/magazine\\\/quel-est-le-role-des-luminaires-dans-la-decoration-interieure\\\/#article\",\"isPartOf\":{\"@id\":\"https:\\\/\\\/www.mobilier-design-occasion.fr\\\/magazine\\\/quel-est-le-role-des-luminaires-dans-la-decoration-interieure\\\/\"},\"author\":{\"name\":\"Cyrielle Poirot\",\"@id\":\"https:\\\/\\\/www.mobilier-design-occasion.fr\\\/magazine\\\/#\\\/schema\\\/person\\\/5b2e5627a714ddadaaf8c9b886c55eff\"},\"headline\":\"Quel est le r\u00f4le des luminaires dans la d\u00e9coration int\u00e9rieure?\",\"datePublished\":\"2023-01-10T08:44:33+00:00\",\"dateModified\":\"2023-09-25T13:40:09+00:00\",\"mainEntityOfPage\":{\"@id\":\"https:\\\/\\\/www.mobilier-design-occasion.fr\\\/magazine\\\/quel-est-le-role-des-luminaires-dans-la-decoration-interieure\\\/\"},\"wordCount\":731,\"commentCount\":0,\"publisher\":{\"@id\":\"https:\\\/\\\/www.mobilier-design-occasion.fr\\\/magazine\\\/#organization\"},\"image\":{\"@id\":\"https:\\\/\\\/www.mobilier-design-occasion.fr\\\/magazine\\\/quel-est-le-role-des-luminaires-dans-la-decoration-interieure\\\/#primaryimage\"},\"thumbnailUrl\":\"https:\\\/\\\/www.mobilier-design-occasion.fr\\\/magazine\\\/wp-content\\\/uploads\\\/2023\\\/01\\\/d6988aa1df01052a74a323d55f0aa6a6.jpeg\",\"articleSection\":[\"Tendances\"],\"inLanguage\":\"fr-FR\",\"potentialAction\":[{\"@type\":\"CommentAction\",\"name\":\"Comment\",\"target\":[\"https:\\\/\\\/www.mobilier-design-occasion.fr\\\/magazine\\\/quel-est-le-role-des-luminaires-dans-la-decoration-interieure\\\/#respond\"]}]},{\"@type\":\"WebPage\",\"@id\":\"https:\\\/\\\/www.mobilier-design-occasion.fr\\\/magazine\\\/quel-est-le-role-des-luminaires-dans-la-decoration-interieure\\\/\",\"url\":\"https:\\\/\\\/www.mobilier-design-occasion.fr\\\/magazine\\\/quel-est-le-role-des-luminaires-dans-la-decoration-interieure\\\/\",\"name\":\"Quel est le r\u00f4le des luminaires dans la d\u00e9coration int\u00e9rieure? - Mobilier Design Magazine\",\"isPartOf\":{\"@id\":\"https:\\\/\\\/www.mobilier-design-occasion.fr\\\/magazine\\\/#website\"},\"primaryImageOfPage\":{\"@id\":\"https:\\\/\\\/www.mobilier-design-occasion.fr\\\/magazine\\\/quel-est-le-role-des-luminaires-dans-la-decoration-interieure\\\/#primaryimage\"},\"image\":{\"@id\":\"https:\\\/\\\/www.mobilier-design-occasion.fr\\\/magazine\\\/quel-est-le-role-des-luminaires-dans-la-decoration-interieure\\\/#primaryimage\"},\"thumbnailUrl\":\"https:\\\/\\\/www.mobilier-design-occasion.fr\\\/magazine\\\/wp-content\\\/uploads\\\/2023\\\/01\\\/d6988aa1df01052a74a323d55f0aa6a6.jpeg\",\"datePublished\":\"2023-01-10T08:44:33+00:00\",\"dateModified\":\"2023-09-25T13:40:09+00:00\",\"breadcrumb\":{\"@id\":\"https:\\\/\\\/www.mobilier-design-occasion.fr\\\/magazine\\\/quel-est-le-role-des-luminaires-dans-la-decoration-interieure\\\/#breadcrumb\"},\"inLanguage\":\"fr-FR\",\"potentialAction\":[{\"@type\":\"ReadAction\",\"target\":[\"https:\\\/\\\/www.mobilier-design-occasion.fr\\\/magazine\\\/quel-est-le-role-des-luminaires-dans-la-decoration-interieure\\\/\"]}]},{\"@type\":\"ImageObject\",\"inLanguage\":\"fr-FR\",\"@id\":\"https:\\\/\\\/www.mobilier-design-occasion.fr\\\/magazine\\\/quel-est-le-role-des-luminaires-dans-la-decoration-interieure\\\/#primaryimage\",\"url\":\"https:\\\/\\\/www.mobilier-design-occasion.fr\\\/magazine\\\/wp-content\\\/uploads\\\/2023\\\/01\\\/d6988aa1df01052a74a323d55f0aa6a6.jpeg\",\"contentUrl\":\"https:\\\/\\\/www.mobilier-design-occasion.fr\\\/magazine\\\/wp-content\\\/uploads\\\/2023\\\/01\\\/d6988aa1df01052a74a323d55f0aa6a6.jpeg\",\"width\":847,\"height\":565},{\"@type\":\"BreadcrumbList\",\"@id\":\"https:\\\/\\\/www.mobilier-design-occasion.fr\\\/magazine\\\/quel-est-le-role-des-luminaires-dans-la-decoration-interieure\\\/#breadcrumb\",\"itemListElement\":[{\"@type\":\"ListItem\",\"position\":1,\"name\":\"Accueil\",\"item\":\"https:\\\/\\\/www.mobilier-design-occasion.fr\\\/magazine\\\/\"},{\"@type\":\"ListItem\",\"position\":2,\"name\":\"Quel est le r\u00f4le des luminaires dans la d\u00e9coration int\u00e9rieure?\"}]},{\"@type\":\"WebSite\",\"@id\":\"https:\\\/\\\/www.mobilier-design-occasion.fr\\\/magazine\\\/#website\",\"url\":\"https:\\\/\\\/www.mobilier-design-occasion.fr\\\/magazine\\\/\",\"name\":\"Mobilier Design Magazine\",\"description\":\"\",\"publisher\":{\"@id\":\"https:\\\/\\\/www.mobilier-design-occasion.fr\\\/magazine\\\/#organization\"},\"potentialAction\":[{\"@type\":\"SearchAction\",\"target\":{\"@type\":\"EntryPoint\",\"urlTemplate\":\"https:\\\/\\\/www.mobilier-design-occasion.fr\\\/magazine\\\/?s={search_term_string}\"},\"query-input\":{\"@type\":\"PropertyValueSpecification\",\"valueRequired\":true,\"valueName\":\"search_term_string\"}}],\"inLanguage\":\"fr-FR\"},{\"@type\":\"Organization\",\"@id\":\"https:\\\/\\\/www.mobilier-design-occasion.fr\\\/magazine\\\/#organization\",\"name\":\"Mobilier Design Magazine\",\"url\":\"https:\\\/\\\/www.mobilier-design-occasion.fr\\\/magazine\\\/\",\"logo\":{\"@type\":\"ImageObject\",\"inLanguage\":\"fr-FR\",\"@id\":\"https:\\\/\\\/www.mobilier-design-occasion.fr\\\/magazine\\\/#\\\/schema\\\/logo\\\/image\\\/\",\"url\":\"https:\\\/\\\/www.mobilier-design-occasion.fr\\\/magazine\\\/wp-content\\\/uploads\\\/2024\\\/02\\\/android-chrome-192x192-1.png\",\"contentUrl\":\"https:\\\/\\\/www.mobilier-design-occasion.fr\\\/magazine\\\/wp-content\\\/uploads\\\/2024\\\/02\\\/android-chrome-192x192-1.png\",\"width\":192,\"height\":192,\"caption\":\"Mobilier Design Magazine\"},\"image\":{\"@id\":\"https:\\\/\\\/www.mobilier-design-occasion.fr\\\/magazine\\\/#\\\/schema\\\/logo\\\/image\\\/\"},\"sameAs\":[\"https:\\\/\\\/www.facebook.com\\\/mobilierdesignoccasion\"]},{\"@type\":\"Person\",\"@id\":\"https:\\\/\\\/www.mobilier-design-occasion.fr\\\/magazine\\\/#\\\/schema\\\/person\\\/5b2e5627a714ddadaaf8c9b886c55eff\",\"name\":\"Cyrielle Poirot\",\"image\":{\"@type\":\"ImageObject\",\"inLanguage\":\"fr-FR\",\"@id\":\"https:\\\/\\\/secure.gravatar.com\\\/avatar\\\/c8d2674e093b06894d8d1dc468b626bd752523471f3ac6e75f7c7a1400d40b4d?s=96&d=mm&r=g\",\"url\":\"https:\\\/\\\/secure.gravatar.com\\\/avatar\\\/c8d2674e093b06894d8d1dc468b626bd752523471f3ac6e75f7c7a1400d40b4d?s=96&d=mm&r=g\",\"contentUrl\":\"https:\\\/\\\/secure.gravatar.com\\\/avatar\\\/c8d2674e093b06894d8d1dc468b626bd752523471f3ac6e75f7c7a1400d40b4d?s=96&d=mm&r=g\",\"caption\":\"Cyrielle Poirot\"},\"description\":\"Cyrielle est passionn\u00e9e par la d\u00e9coration d'int\u00e9rieur et s'est sp\u00e9cialis\u00e9e depuis quelques ann\u00e9es dans l'\u00e9dition du site Mobilier-Design, avec une touche sp\u00e9cifique pour les produits d'occasion.\",\"sameAs\":[\"https:\\\/\\\/www.mobilier-design-occasion.fr\\\/magazine\"],\"url\":\"https:\\\/\\\/www.mobilier-design-occasion.fr\\\/magazine\\\/author\\\/cyrielle\\\/\"}]}<\/script>\n<!-- \/ Yoast SEO plugin. -->","yoast_head_json":{"title":"Quel est le r\u00f4le des luminaires dans la d\u00e9coration int\u00e9rieure? - Mobilier Design Magazine","robots":{"index":"index","follow":"follow","max-snippet":"max-snippet:-1","max-image-preview":"max-image-preview:large","max-video-preview":"max-video-preview:-1"},"canonical":"https:\/\/www.mobilier-design-occasion.fr\/magazine\/quel-est-le-role-des-luminaires-dans-la-decoration-interieure\/","og_locale":"fr_FR","og_type":"article","og_title":"Quel est le r\u00f4le des luminaires dans la d\u00e9coration int\u00e9rieure? - Mobilier Design Magazine","og_description":"La&nbsp;d\u00e9coration d\u2019int\u00e9rieur&nbsp;permet de sublimer toutes les pi\u00e8ces de vie de votre maison, en favorisant une ambiance propice au bien-\u00eatre. A l\u2019occasion, divers aspects sont pris en compte notamment les luminaires, qui jouent un r\u00f4le fondamental. Quel est le r\u00f4le des luminaires dans la d\u00e9coration d\u2019int\u00e9rieur\u2009? Tout ce qu\u2019il faut savoir dans cet article. Les fonctions [&hellip;]","og_url":"https:\/\/www.mobilier-design-occasion.fr\/magazine\/quel-est-le-role-des-luminaires-dans-la-decoration-interieure\/","og_site_name":"Mobilier Design Magazine","article_publisher":"https:\/\/www.facebook.com\/mobilierdesignoccasion","article_published_time":"2023-01-10T08:44:33+00:00","article_modified_time":"2023-09-25T13:40:09+00:00","og_image":[{"width":847,"height":565,"url":"https:\/\/www.mobilier-design-occasion.fr\/magazine\/wp-content\/uploads\/2023\/01\/d6988aa1df01052a74a323d55f0aa6a6.jpeg","type":"image\/jpeg"}],"author":"Cyrielle Poirot","twitter_card":"summary_large_image","twitter_misc":{"\u00c9crit par":"Cyrielle Poirot","Dur\u00e9e de lecture estim\u00e9e":"4 minutes"},"schema":{"@context":"https:\/\/schema.org","@graph":[{"@type":"Article","@id":"https:\/\/www.mobilier-design-occasion.fr\/magazine\/quel-est-le-role-des-luminaires-dans-la-decoration-interieure\/#article","isPartOf":{"@id":"https:\/\/www.mobilier-design-occasion.fr\/magazine\/quel-est-le-role-des-luminaires-dans-la-decoration-interieure\/"},"author":{"name":"Cyrielle Poirot","@id":"https:\/\/www.mobilier-design-occasion.fr\/magazine\/#\/schema\/person\/5b2e5627a714ddadaaf8c9b886c55eff"},"headline":"Quel est le r\u00f4le des luminaires dans la d\u00e9coration int\u00e9rieure?","datePublished":"2023-01-10T08:44:33+00:00","dateModified":"2023-09-25T13:40:09+00:00","mainEntityOfPage":{"@id":"https:\/\/www.mobilier-design-occasion.fr\/magazine\/quel-est-le-role-des-luminaires-dans-la-decoration-interieure\/"},"wordCount":731,"commentCount":0,"publisher":{"@id":"https:\/\/www.mobilier-design-occasion.fr\/magazine\/#organization"},"image":{"@id":"https:\/\/www.mobilier-design-occasion.fr\/magazine\/quel-est-le-role-des-luminaires-dans-la-decoration-interieure\/#primaryimage"},"thumbnailUrl":"https:\/\/www.mobilier-design-occasion.fr\/magazine\/wp-content\/uploads\/2023\/01\/d6988aa1df01052a74a323d55f0aa6a6.jpeg","articleSection":["Tendances"],"inLanguage":"fr-FR","potentialAction":[{"@type":"CommentAction","name":"Comment","target":["https:\/\/www.mobilier-design-occasion.fr\/magazine\/quel-est-le-role-des-luminaires-dans-la-decoration-interieure\/#respond"]}]},{"@type":"WebPage","@id":"https:\/\/www.mobilier-design-occasion.fr\/magazine\/quel-est-le-role-des-luminaires-dans-la-decoration-interieure\/","url":"https:\/\/www.mobilier-design-occasion.fr\/magazine\/quel-est-le-role-des-luminaires-dans-la-decoration-interieure\/","name":"Quel est le r\u00f4le des luminaires dans la d\u00e9coration int\u00e9rieure? - Mobilier Design Magazine","isPartOf":{"@id":"https:\/\/www.mobilier-design-occasion.fr\/magazine\/#website"},"primaryImageOfPage":{"@id":"https:\/\/www.mobilier-design-occasion.fr\/magazine\/quel-est-le-role-des-luminaires-dans-la-decoration-interieure\/#primaryimage"},"image":{"@id":"https:\/\/www.mobilier-design-occasion.fr\/magazine\/quel-est-le-role-des-luminaires-dans-la-decoration-interieure\/#primaryimage"},"thumbnailUrl":"https:\/\/www.mobilier-design-occasion.fr\/magazine\/wp-content\/uploads\/2023\/01\/d6988aa1df01052a74a323d55f0aa6a6.jpeg","datePublished":"2023-01-10T08:44:33+00:00","dateModified":"2023-09-25T13:40:09+00:00","breadcrumb":{"@id":"https:\/\/www.mobilier-design-occasion.fr\/magazine\/quel-est-le-role-des-luminaires-dans-la-decoration-interieure\/#breadcrumb"},"inLanguage":"fr-FR","potentialAction":[{"@type":"ReadAction","target":["https:\/\/www.mobilier-design-occasion.fr\/magazine\/quel-est-le-role-des-luminaires-dans-la-decoration-interieure\/"]}]},{"@type":"ImageObject","inLanguage":"fr-FR","@id":"https:\/\/www.mobilier-design-occasion.fr\/magazine\/quel-est-le-role-des-luminaires-dans-la-decoration-interieure\/#primaryimage","url":"https:\/\/www.mobilier-design-occasion.fr\/magazine\/wp-content\/uploads\/2023\/01\/d6988aa1df01052a74a323d55f0aa6a6.jpeg","contentUrl":"https:\/\/www.mobilier-design-occasion.fr\/magazine\/wp-content\/uploads\/2023\/01\/d6988aa1df01052a74a323d55f0aa6a6.jpeg","width":847,"height":565},{"@type":"BreadcrumbList","@id":"https:\/\/www.mobilier-design-occasion.fr\/magazine\/quel-est-le-role-des-luminaires-dans-la-decoration-interieure\/#breadcrumb","itemListElement":[{"@type":"ListItem","position":1,"name":"Accueil","item":"https:\/\/www.mobilier-design-occasion.fr\/magazine\/"},{"@type":"ListItem","position":2,"name":"Quel est le r\u00f4le des luminaires dans la d\u00e9coration int\u00e9rieure?"}]},{"@type":"WebSite","@id":"https:\/\/www.mobilier-design-occasion.fr\/magazine\/#website","url":"https:\/\/www.mobilier-design-occasion.fr\/magazine\/","name":"Mobilier Design Magazine","description":"","publisher":{"@id":"https:\/\/www.mobilier-design-occasion.fr\/magazine\/#organization"},"potentialAction":[{"@type":"SearchAction","target":{"@type":"EntryPoint","urlTemplate":"https:\/\/www.mobilier-design-occasion.fr\/magazine\/?s={search_term_string}"},"query-input":{"@type":"PropertyValueSpecification","valueRequired":true,"valueName":"search_term_string"}}],"inLanguage":"fr-FR"},{"@type":"Organization","@id":"https:\/\/www.mobilier-design-occasion.fr\/magazine\/#organization","name":"Mobilier Design Magazine","url":"https:\/\/www.mobilier-design-occasion.fr\/magazine\/","logo":{"@type":"ImageObject","inLanguage":"fr-FR","@id":"https:\/\/www.mobilier-design-occasion.fr\/magazine\/#\/schema\/logo\/image\/","url":"https:\/\/www.mobilier-design-occasion.fr\/magazine\/wp-content\/uploads\/2024\/02\/android-chrome-192x192-1.png","contentUrl":"https:\/\/www.mobilier-design-occasion.fr\/magazine\/wp-content\/uploads\/2024\/02\/android-chrome-192x192-1.png","width":192,"height":192,"caption":"Mobilier Design Magazine"},"image":{"@id":"https:\/\/www.mobilier-design-occasion.fr\/magazine\/#\/schema\/logo\/image\/"},"sameAs":["https:\/\/www.facebook.com\/mobilierdesignoccasion"]},{"@type":"Person","@id":"https:\/\/www.mobilier-design-occasion.fr\/magazine\/#\/schema\/person\/5b2e5627a714ddadaaf8c9b886c55eff","name":"Cyrielle Poirot","image":{"@type":"ImageObject","inLanguage":"fr-FR","@id":"https:\/\/secure.gravatar.com\/avatar\/c8d2674e093b06894d8d1dc468b626bd752523471f3ac6e75f7c7a1400d40b4d?s=96&d=mm&r=g","url":"https:\/\/secure.gravatar.com\/avatar\/c8d2674e093b06894d8d1dc468b626bd752523471f3ac6e75f7c7a1400d40b4d?s=96&d=mm&r=g","contentUrl":"https:\/\/secure.gravatar.com\/avatar\/c8d2674e093b06894d8d1dc468b626bd752523471f3ac6e75f7c7a1400d40b4d?s=96&d=mm&r=g","caption":"Cyrielle Poirot"},"description":"Cyrielle est passionn\u00e9e par la d\u00e9coration d'int\u00e9rieur et s'est sp\u00e9cialis\u00e9e depuis quelques ann\u00e9es dans l'\u00e9dition du site Mobilier-Design, avec une touche sp\u00e9cifique pour les produits d'occasion.","sameAs":["https:\/\/www.mobilier-design-occasion.fr\/magazine"],"url":"https:\/\/www.mobilier-design-occasion.fr\/magazine\/author\/cyrielle\/"}]}},"_links":{"self":[{"href":"https:\/\/www.mobilier-design-occasion.fr\/magazine\/wp-json\/wp\/v2\/posts\/6326","targetHints":{"allow":["GET"]}}],"collection":[{"href":"https:\/\/www.mobilier-design-occasion.fr\/magazine\/wp-json\/wp\/v2\/posts"}],"about":[{"href":"https:\/\/www.mobilier-design-occasion.fr\/magazine\/wp-json\/wp\/v2\/types\/post"}],"author":[{"embeddable":true,"href":"https:\/\/www.mobilier-design-occasion.fr\/magazine\/wp-json\/wp\/v2\/users\/1"}],"replies":[{"embeddable":true,"href":"https:\/\/www.mobilier-design-occasion.fr\/magazine\/wp-json\/wp\/v2\/comments?post=6326"}],"version-history":[{"count":1,"href":"https:\/\/www.mobilier-design-occasion.fr\/magazine\/wp-json\/wp\/v2\/posts\/6326\/revisions"}],"predecessor-version":[{"id":6328,"href":"https:\/\/www.mobilier-design-occasion.fr\/magazine\/wp-json\/wp\/v2\/posts\/6326\/revisions\/6328"}],"wp:featuredmedia":[{"embeddable":true,"href":"https:\/\/www.mobilier-design-occasion.fr\/magazine\/wp-json\/wp\/v2\/media\/6327"}],"wp:attachment":[{"href":"https:\/\/www.mobilier-design-occasion.fr\/magazine\/wp-json\/wp\/v2\/media?parent=6326"}],"wp:term":[{"taxonomy":"category","embeddable":true,"href":"https:\/\/www.mobilier-design-occasion.fr\/magazine\/wp-json\/wp\/v2\/categories?post=6326"},{"taxonomy":"post_tag","embeddable":true,"href":"https:\/\/www.mobilier-design-occasion.fr\/magazine\/wp-json\/wp\/v2\/tags?post=6326"}],"curies":[{"name":"wp","href":"https:\/\/api.w.org\/{rel}","templated":true}]}}