{"id":6322,"date":"2023-01-02T11:12:36","date_gmt":"2023-01-02T11:12:36","guid":{"rendered":"https:\/\/www.mobilier-design-occasion.fr\/magazine\/?p=6322"},"modified":"2023-09-25T13:39:47","modified_gmt":"2023-09-25T13:39:47","slug":"quels-sont-les-avantages-dun-bon-surmatelas-a-memoire-de-forme","status":"publish","type":"post","link":"https:\/\/www.mobilier-design-occasion.fr\/magazine\/quels-sont-les-avantages-dun-bon-surmatelas-a-memoire-de-forme\/","title":{"rendered":"Quels sont les avantages d&#8217;un bon surmatelas \u00e0 m\u00e9moire de forme?"},"content":{"rendered":"\n<p>Quand il s&#8217;agit de votre <a href=\"https:\/\/www.mobilier-design-occasion.fr\/magazine\/mes-conseils-pour-ameliorer-le-sommeil-de-votre-enfant\/\">sommeil<\/a>, seul le meilleur sera suffisant. C\u2019est pourquoi la marque DODO a d\u00e9velopp\u00e9 sa gamme d\u2019accessoires de literie et de surmatelas \u00e0 m\u00e9moire de forme. Ces produits sont con\u00e7us pour offrir une couche suppl\u00e9mentaire de confort et aider \u00e0 r\u00e9gulariser votre temp\u00e9rature corporelle durant votre sommeil tout en offrant le soutien n\u00e9cessaire. Dans cet article nous allons vous pr\u00e9senter les avantages qu&#8217;offrent un bon surmatelas \u00e0 m\u00e9moire de forme !<\/p>\n\n\n\n<h2 class=\"wp-block-heading\"><span class=\"ez-toc-section\" id=\"Confort_et_soutien_optimal_pour_une_bonne_nuit_de_sommeil\"><\/span>Confort et soutien optimal pour une bonne nuit de sommeil<span class=\"ez-toc-section-end\"><\/span><\/h2><div id=\"ez-toc-container\" class=\"ez-toc-v2_0_82_2 counter-hierarchy ez-toc-counter ez-toc-grey ez-toc-container-direction\">\n<div class=\"ez-toc-title-container\">\n<span class=\"ez-toc-title-toggle\"><a href=\"#\" class=\"ez-toc-pull-right ez-toc-btn ez-toc-btn-xs ez-toc-btn-default ez-toc-toggle\" aria-label=\"Toggle Table of Content\"><span class=\"ez-toc-js-icon-con\"><span class=\"\"><span class=\"eztoc-hide\" style=\"display:none;\">Toggle<\/span><span class=\"ez-toc-icon-toggle-span\"><svg style=\"fill: #999;color:#999\" xmlns=\"http:\/\/www.w3.org\/2000\/svg\" class=\"list-377408\" width=\"20px\" height=\"20px\" viewBox=\"0 0 24 24\" fill=\"none\"><path d=\"M6 6H4v2h2V6zm14 0H8v2h12V6zM4 11h2v2H4v-2zm16 0H8v2h12v-2zM4 16h2v2H4v-2zm16 0H8v2h12v-2z\" fill=\"currentColor\"><\/path><\/svg><svg style=\"fill: #999;color:#999\" class=\"arrow-unsorted-368013\" xmlns=\"http:\/\/www.w3.org\/2000\/svg\" width=\"10px\" height=\"10px\" viewBox=\"0 0 24 24\" version=\"1.2\" baseProfile=\"tiny\"><path d=\"M18.2 9.3l-6.2-6.3-6.2 6.3c-.2.2-.3.4-.3.7s.1.5.3.7c.2.2.4.3.7.3h11c.3 0 .5-.1.7-.3.2-.2.3-.5.3-.7s-.1-.5-.3-.7zM5.8 14.7l6.2 6.3 6.2-6.3c.2-.2.3-.5.3-.7s-.1-.5-.3-.7c-.2-.2-.4-.3-.7-.3h-11c-.3 0-.5.1-.7.3-.2.2-.3.5-.3.7s.1.5.3.7z\"\/><\/svg><\/span><\/span><\/span><\/a><\/span><\/div>\n<nav><ul class='ez-toc-list ez-toc-list-level-1 eztoc-toggle-hide-by-default' ><li class='ez-toc-page-1 ez-toc-heading-level-2'><a class=\"ez-toc-link ez-toc-heading-1\" href=\"https:\/\/www.mobilier-design-occasion.fr\/magazine\/quels-sont-les-avantages-dun-bon-surmatelas-a-memoire-de-forme\/#Confort_et_soutien_optimal_pour_une_bonne_nuit_de_sommeil\" >Confort et soutien optimal pour une bonne nuit de sommeil<\/a><\/li><li class='ez-toc-page-1 ez-toc-heading-level-2'><a class=\"ez-toc-link ez-toc-heading-2\" href=\"https:\/\/www.mobilier-design-occasion.fr\/magazine\/quels-sont-les-avantages-dun-bon-surmatelas-a-memoire-de-forme\/#Adapte_aux_contours_du_corps_humain\" >Adapt\u00e9 aux contours du corps humain<\/a><\/li><li class='ez-toc-page-1 ez-toc-heading-level-2'><a class=\"ez-toc-link ez-toc-heading-3\" href=\"https:\/\/www.mobilier-design-occasion.fr\/magazine\/quels-sont-les-avantages-dun-bon-surmatelas-a-memoire-de-forme\/#Technologies_anti-transpirante_brevetes\" >Technologies anti-transpirante brevet\u00e9s<\/a><\/li><li class='ez-toc-page-1 ez-toc-heading-level-2'><a class=\"ez-toc-link ez-toc-heading-4\" href=\"https:\/\/www.mobilier-design-occasion.fr\/magazine\/quels-sont-les-avantages-dun-bon-surmatelas-a-memoire-de-forme\/#Durabilite\" >Durabilit\u00e9<\/a><\/li><li class='ez-toc-page-1 ez-toc-heading-level-2'><a class=\"ez-toc-link ez-toc-heading-5\" href=\"https:\/\/www.mobilier-design-occasion.fr\/magazine\/quels-sont-les-avantages-dun-bon-surmatelas-a-memoire-de-forme\/#Une_excellente_qualite_de_sommeil_promis_par_Dodo\" >Une excellente qualit\u00e9 de sommeil promis par Dodo<\/a><\/li><\/ul><\/nav><\/div>\n\n\n\n\n<p>Pour ceux qui recherchent la meilleure <a href=\"https:\/\/www.mobilier-design-occasion.fr\/magazine\/combien-dheures-de-sommeil-pour-mon-enfant\/\">nuit<\/a> de sommeil, <strong><a href=\"https:\/\/www.dodo.fr\/surmatelas.html\">un bon surmatelas \u00e0 m\u00e9moire de forme<\/a><\/strong> offre un grand confort et un soutien optimal. Contrairement \u00e0 la literie en mousse ordinaire, la mousse \u00e0 m\u00e9moire de forme est con\u00e7ue pour r\u00e9partir uniform\u00e9ment le poids et la pression afin que le corps puisse se d\u00e9tendre facilement sans se sentir comprim\u00e9 dans le lit.<\/p>\n\n\n\n<p>La mousse \u00e0 m\u00e9moire de forme \u00e9pouse les contours de votre corps, soutenant votre t\u00eate, vos hanches, votre dos et vos jambes tout en vous ber\u00e7ant doucement dans un coussin d&#8217;air apaisant. Avec un bon surmatelas en mousse \u00e0 m\u00e9moire de forme, vous remarquerez que vous vous retournerez moins souvent pendant la nuit, ce qui vous permettra de dormir d&#8217;un sommeil r\u00e9parateur.<\/p>\n\n\n\n<h2 class=\"wp-block-heading\"><span class=\"ez-toc-section\" id=\"Adapte_aux_contours_du_corps_humain\"><\/span>Adapt\u00e9 aux contours du corps humain<span class=\"ez-toc-section-end\"><\/span><\/h2>\n\n\n\n<p>Il peut s&#8217;adapter pratiquement aux contours du corps humain et r\u00e9partir uniform\u00e9ment la pression le long du corps pour un meilleur confort. Lorsque vous dormez sur un matelas ou un <a href=\"https:\/\/www.mobilier-design-occasion.fr\/magazine\/test-avis-essix-home\/\">oreiller<\/a> ferme, vos articulations peuvent se sentir douloureuses et inconfortables si elles n\u2019ont pas assez d\u2019espace pour bouger librement. Le type ergonomique et flexible des produits DODO \u00e0 base de mousse \u00e0 m\u00e9moire permet aux apon\u00e9vroses (les tissus conjonctifs qui entourent les muscles) de reposer plus naturellement, ce qui soulage progressivement la pression autour des points faibles vers un alignement optimal du cou et des \u00e9paules.<\/p>\n\n\n\n<h2 class=\"wp-block-heading\"><span class=\"ez-toc-section\" id=\"Technologies_anti-transpirante_brevetes\"><\/span>Technologies anti-transpirante brevet\u00e9s<span class=\"ez-toc-section-end\"><\/span><\/h2>\n\n\n\n<p>De plus, le mat\u00e9riau utilis\u00e9 est trait\u00e9 avec des technologies anti-transpirante brevet\u00e9s afin que l&#8217;humidit\u00e9 soit \u00e9vacu\u00e9e lorsque vous transpirez durant la nuit. Cela signifie que lorsque vous vous r\u00e9veillez apr\u00e8s une nuit agr\u00e9able pass\u00e9e sur votre matelas DODO, votre visage ne sera plus humide et collant comme c&#8217;est g\u00e9n\u00e9ralement le cas avec les lits classiques.<\/p>\n\n\n\n<h2 class=\"wp-block-heading\"><span class=\"ez-toc-section\" id=\"Durabilite\"><\/span>Durabilit\u00e9<span class=\"ez-toc-section-end\"><\/span><\/h2>\n\n\n\n<p>Un surmatelas \u00e0 m\u00e9moire de forme de bonne qualit\u00e9 offre la m\u00eame surface de sommeil confortable, nuit apr\u00e8s nuit et ann\u00e9e apr\u00e8s ann\u00e9e. Non seulement il conserve sa forme et ses contours avec une utilisation r\u00e9guli\u00e8re, mais il r\u00e9siste \u00e9galement aux indentations ou aux creux cr\u00e9\u00e9s par les corps en appui. Contrairement aux ressorts qui s&#8217;affaiblissent ou se d\u00e9forment avec le temps, la mousse \u00e0 m\u00e9moire de forme conserve sa structure et son soutien pour un confort durable, ce qui en fait un produit id\u00e9al pour maximiser l&#8217;utilisation de votre matelas d&#8217;origine.<\/p>\n\n\n\n<h2 class=\"wp-block-heading\"><span class=\"ez-toc-section\" id=\"Une_excellente_qualite_de_sommeil_promis_par_Dodo\"><\/span>Une excellente qualit\u00e9 de sommeil promis par Dodo<span class=\"ez-toc-section-end\"><\/span><\/h2>\n\n\n\n<p>Avec la gamme de surmatelas \u00e0 m\u00e9moire de forme de qualit\u00e9 de Dodo, vous pouvez \u00eatre tranquille en sachant que vous pourrez profiter d&#8217;une exp\u00e9rience de sommeil ultime. Avec sa construction \u00e9paisse et son soutien et sa mousse \u00e0 m\u00e9moire de forme qui soulage la pression, le surmatelas de Dodo offre un confort de sommeil in\u00e9gal\u00e9. Qu&#8217;il s&#8217;agisse d&#8217;un lit simple ou double, ou m\u00eame d&#8217;un lit king-size, Dodo veille \u00e0 ce que chaque centim\u00e8tre de votre lit soit aussi confortable et apaisant que possible.<\/p>\n","protected":false},"excerpt":{"rendered":"<p>Quand il s&#8217;agit de votre sommeil, seul le meilleur sera suffisant. C\u2019est pourquoi la marque DODO a d\u00e9velopp\u00e9 sa gamme d\u2019accessoires de literie et de surmatelas \u00e0 m\u00e9moire de forme. Ces produits sont con\u00e7us pour offrir une couche suppl\u00e9mentaire de confort et aider \u00e0 r\u00e9gulariser votre temp\u00e9rature corporelle durant votre sommeil tout en offrant le [&hellip;]<\/p>\n","protected":false},"author":1,"featured_media":6323,"comment_status":"open","ping_status":"open","sticky":false,"template":"","format":"standard","meta":{"footnotes":""},"categories":[2],"tags":[],"class_list":["post-6322","post","type-post","status-publish","format-standard","has-post-thumbnail","hentry","category-tendances"],"yoast_head":"<!-- This site is optimized with the Yoast SEO plugin v27.5 - https:\/\/yoast.com\/product\/yoast-seo-wordpress\/ -->\n<title>Quels sont les avantages d&#039;un bon surmatelas \u00e0 m\u00e9moire de forme? - Mobilier Design Magazine<\/title>\n<meta name=\"robots\" content=\"index, follow, max-snippet:-1, max-image-preview:large, max-video-preview:-1\" \/>\n<link rel=\"canonical\" href=\"https:\/\/www.mobilier-design-occasion.fr\/magazine\/quels-sont-les-avantages-dun-bon-surmatelas-a-memoire-de-forme\/\" \/>\n<meta property=\"og:locale\" content=\"fr_FR\" \/>\n<meta property=\"og:type\" content=\"article\" \/>\n<meta property=\"og:title\" content=\"Quels sont les avantages d&#039;un bon surmatelas \u00e0 m\u00e9moire de forme? - Mobilier Design Magazine\" \/>\n<meta property=\"og:description\" content=\"Quand il s&#8217;agit de votre sommeil, seul le meilleur sera suffisant. C\u2019est pourquoi la marque DODO a d\u00e9velopp\u00e9 sa gamme d\u2019accessoires de literie et de surmatelas \u00e0 m\u00e9moire de forme. Ces produits sont con\u00e7us pour offrir une couche suppl\u00e9mentaire de confort et aider \u00e0 r\u00e9gulariser votre temp\u00e9rature corporelle durant votre sommeil tout en offrant le [&hellip;]\" \/>\n<meta property=\"og:url\" content=\"https:\/\/www.mobilier-design-occasion.fr\/magazine\/quels-sont-les-avantages-dun-bon-surmatelas-a-memoire-de-forme\/\" \/>\n<meta property=\"og:site_name\" content=\"Mobilier Design Magazine\" \/>\n<meta property=\"article:publisher\" content=\"https:\/\/www.facebook.com\/mobilierdesignoccasion\" \/>\n<meta property=\"article:published_time\" content=\"2023-01-02T11:12:36+00:00\" \/>\n<meta property=\"article:modified_time\" content=\"2023-09-25T13:39:47+00:00\" \/>\n<meta property=\"og:image\" content=\"https:\/\/www.mobilier-design-occasion.fr\/magazine\/wp-content\/uploads\/2023\/01\/MDO-scaled.jpg\" \/>\n\t<meta property=\"og:image:width\" content=\"2048\" \/>\n\t<meta property=\"og:image:height\" content=\"1365\" \/>\n\t<meta property=\"og:image:type\" content=\"image\/jpeg\" \/>\n<meta name=\"author\" content=\"Cyrielle Poirot\" \/>\n<meta name=\"twitter:card\" content=\"summary_large_image\" \/>\n<meta name=\"twitter:label1\" content=\"\u00c9crit par\" \/>\n\t<meta name=\"twitter:data1\" content=\"Cyrielle Poirot\" \/>\n\t<meta name=\"twitter:label2\" content=\"Dur\u00e9e de lecture estim\u00e9e\" \/>\n\t<meta name=\"twitter:data2\" content=\"3 minutes\" \/>\n<script type=\"application\/ld+json\" class=\"yoast-schema-graph\">{\"@context\":\"https:\\\/\\\/schema.org\",\"@graph\":[{\"@type\":\"Article\",\"@id\":\"https:\\\/\\\/www.mobilier-design-occasion.fr\\\/magazine\\\/quels-sont-les-avantages-dun-bon-surmatelas-a-memoire-de-forme\\\/#article\",\"isPartOf\":{\"@id\":\"https:\\\/\\\/www.mobilier-design-occasion.fr\\\/magazine\\\/quels-sont-les-avantages-dun-bon-surmatelas-a-memoire-de-forme\\\/\"},\"author\":{\"name\":\"Cyrielle Poirot\",\"@id\":\"https:\\\/\\\/www.mobilier-design-occasion.fr\\\/magazine\\\/#\\\/schema\\\/person\\\/5b2e5627a714ddadaaf8c9b886c55eff\"},\"headline\":\"Quels sont les avantages d&#8217;un bon surmatelas \u00e0 m\u00e9moire de forme?\",\"datePublished\":\"2023-01-02T11:12:36+00:00\",\"dateModified\":\"2023-09-25T13:39:47+00:00\",\"mainEntityOfPage\":{\"@id\":\"https:\\\/\\\/www.mobilier-design-occasion.fr\\\/magazine\\\/quels-sont-les-avantages-dun-bon-surmatelas-a-memoire-de-forme\\\/\"},\"wordCount\":624,\"commentCount\":0,\"publisher\":{\"@id\":\"https:\\\/\\\/www.mobilier-design-occasion.fr\\\/magazine\\\/#organization\"},\"image\":{\"@id\":\"https:\\\/\\\/www.mobilier-design-occasion.fr\\\/magazine\\\/quels-sont-les-avantages-dun-bon-surmatelas-a-memoire-de-forme\\\/#primaryimage\"},\"thumbnailUrl\":\"https:\\\/\\\/www.mobilier-design-occasion.fr\\\/magazine\\\/wp-content\\\/uploads\\\/2023\\\/01\\\/MDO-scaled.jpg\",\"articleSection\":[\"Tendances\"],\"inLanguage\":\"fr-FR\",\"potentialAction\":[{\"@type\":\"CommentAction\",\"name\":\"Comment\",\"target\":[\"https:\\\/\\\/www.mobilier-design-occasion.fr\\\/magazine\\\/quels-sont-les-avantages-dun-bon-surmatelas-a-memoire-de-forme\\\/#respond\"]}]},{\"@type\":\"WebPage\",\"@id\":\"https:\\\/\\\/www.mobilier-design-occasion.fr\\\/magazine\\\/quels-sont-les-avantages-dun-bon-surmatelas-a-memoire-de-forme\\\/\",\"url\":\"https:\\\/\\\/www.mobilier-design-occasion.fr\\\/magazine\\\/quels-sont-les-avantages-dun-bon-surmatelas-a-memoire-de-forme\\\/\",\"name\":\"Quels sont les avantages d'un bon surmatelas \u00e0 m\u00e9moire de forme? - Mobilier Design Magazine\",\"isPartOf\":{\"@id\":\"https:\\\/\\\/www.mobilier-design-occasion.fr\\\/magazine\\\/#website\"},\"primaryImageOfPage\":{\"@id\":\"https:\\\/\\\/www.mobilier-design-occasion.fr\\\/magazine\\\/quels-sont-les-avantages-dun-bon-surmatelas-a-memoire-de-forme\\\/#primaryimage\"},\"image\":{\"@id\":\"https:\\\/\\\/www.mobilier-design-occasion.fr\\\/magazine\\\/quels-sont-les-avantages-dun-bon-surmatelas-a-memoire-de-forme\\\/#primaryimage\"},\"thumbnailUrl\":\"https:\\\/\\\/www.mobilier-design-occasion.fr\\\/magazine\\\/wp-content\\\/uploads\\\/2023\\\/01\\\/MDO-scaled.jpg\",\"datePublished\":\"2023-01-02T11:12:36+00:00\",\"dateModified\":\"2023-09-25T13:39:47+00:00\",\"breadcrumb\":{\"@id\":\"https:\\\/\\\/www.mobilier-design-occasion.fr\\\/magazine\\\/quels-sont-les-avantages-dun-bon-surmatelas-a-memoire-de-forme\\\/#breadcrumb\"},\"inLanguage\":\"fr-FR\",\"potentialAction\":[{\"@type\":\"ReadAction\",\"target\":[\"https:\\\/\\\/www.mobilier-design-occasion.fr\\\/magazine\\\/quels-sont-les-avantages-dun-bon-surmatelas-a-memoire-de-forme\\\/\"]}]},{\"@type\":\"ImageObject\",\"inLanguage\":\"fr-FR\",\"@id\":\"https:\\\/\\\/www.mobilier-design-occasion.fr\\\/magazine\\\/quels-sont-les-avantages-dun-bon-surmatelas-a-memoire-de-forme\\\/#primaryimage\",\"url\":\"https:\\\/\\\/www.mobilier-design-occasion.fr\\\/magazine\\\/wp-content\\\/uploads\\\/2023\\\/01\\\/MDO-scaled.jpg\",\"contentUrl\":\"https:\\\/\\\/www.mobilier-design-occasion.fr\\\/magazine\\\/wp-content\\\/uploads\\\/2023\\\/01\\\/MDO-scaled.jpg\",\"width\":2048,\"height\":1365},{\"@type\":\"BreadcrumbList\",\"@id\":\"https:\\\/\\\/www.mobilier-design-occasion.fr\\\/magazine\\\/quels-sont-les-avantages-dun-bon-surmatelas-a-memoire-de-forme\\\/#breadcrumb\",\"itemListElement\":[{\"@type\":\"ListItem\",\"position\":1,\"name\":\"Accueil\",\"item\":\"https:\\\/\\\/www.mobilier-design-occasion.fr\\\/magazine\\\/\"},{\"@type\":\"ListItem\",\"position\":2,\"name\":\"Quels sont les avantages d&rsquo;un bon surmatelas \u00e0 m\u00e9moire de forme?\"}]},{\"@type\":\"WebSite\",\"@id\":\"https:\\\/\\\/www.mobilier-design-occasion.fr\\\/magazine\\\/#website\",\"url\":\"https:\\\/\\\/www.mobilier-design-occasion.fr\\\/magazine\\\/\",\"name\":\"Mobilier Design Magazine\",\"description\":\"\",\"publisher\":{\"@id\":\"https:\\\/\\\/www.mobilier-design-occasion.fr\\\/magazine\\\/#organization\"},\"potentialAction\":[{\"@type\":\"SearchAction\",\"target\":{\"@type\":\"EntryPoint\",\"urlTemplate\":\"https:\\\/\\\/www.mobilier-design-occasion.fr\\\/magazine\\\/?s={search_term_string}\"},\"query-input\":{\"@type\":\"PropertyValueSpecification\",\"valueRequired\":true,\"valueName\":\"search_term_string\"}}],\"inLanguage\":\"fr-FR\"},{\"@type\":\"Organization\",\"@id\":\"https:\\\/\\\/www.mobilier-design-occasion.fr\\\/magazine\\\/#organization\",\"name\":\"Mobilier Design Magazine\",\"url\":\"https:\\\/\\\/www.mobilier-design-occasion.fr\\\/magazine\\\/\",\"logo\":{\"@type\":\"ImageObject\",\"inLanguage\":\"fr-FR\",\"@id\":\"https:\\\/\\\/www.mobilier-design-occasion.fr\\\/magazine\\\/#\\\/schema\\\/logo\\\/image\\\/\",\"url\":\"https:\\\/\\\/www.mobilier-design-occasion.fr\\\/magazine\\\/wp-content\\\/uploads\\\/2024\\\/02\\\/android-chrome-192x192-1.png\",\"contentUrl\":\"https:\\\/\\\/www.mobilier-design-occasion.fr\\\/magazine\\\/wp-content\\\/uploads\\\/2024\\\/02\\\/android-chrome-192x192-1.png\",\"width\":192,\"height\":192,\"caption\":\"Mobilier Design Magazine\"},\"image\":{\"@id\":\"https:\\\/\\\/www.mobilier-design-occasion.fr\\\/magazine\\\/#\\\/schema\\\/logo\\\/image\\\/\"},\"sameAs\":[\"https:\\\/\\\/www.facebook.com\\\/mobilierdesignoccasion\"]},{\"@type\":\"Person\",\"@id\":\"https:\\\/\\\/www.mobilier-design-occasion.fr\\\/magazine\\\/#\\\/schema\\\/person\\\/5b2e5627a714ddadaaf8c9b886c55eff\",\"name\":\"Cyrielle Poirot\",\"image\":{\"@type\":\"ImageObject\",\"inLanguage\":\"fr-FR\",\"@id\":\"https:\\\/\\\/secure.gravatar.com\\\/avatar\\\/c8d2674e093b06894d8d1dc468b626bd752523471f3ac6e75f7c7a1400d40b4d?s=96&d=mm&r=g\",\"url\":\"https:\\\/\\\/secure.gravatar.com\\\/avatar\\\/c8d2674e093b06894d8d1dc468b626bd752523471f3ac6e75f7c7a1400d40b4d?s=96&d=mm&r=g\",\"contentUrl\":\"https:\\\/\\\/secure.gravatar.com\\\/avatar\\\/c8d2674e093b06894d8d1dc468b626bd752523471f3ac6e75f7c7a1400d40b4d?s=96&d=mm&r=g\",\"caption\":\"Cyrielle Poirot\"},\"description\":\"Cyrielle est passionn\u00e9e par la d\u00e9coration d'int\u00e9rieur et s'est sp\u00e9cialis\u00e9e depuis quelques ann\u00e9es dans l'\u00e9dition du site Mobilier-Design, avec une touche sp\u00e9cifique pour les produits d'occasion.\",\"sameAs\":[\"https:\\\/\\\/www.mobilier-design-occasion.fr\\\/magazine\"],\"url\":\"https:\\\/\\\/www.mobilier-design-occasion.fr\\\/magazine\\\/author\\\/cyrielle\\\/\"}]}<\/script>\n<!-- \/ Yoast SEO plugin. -->","yoast_head_json":{"title":"Quels sont les avantages d'un bon surmatelas \u00e0 m\u00e9moire de forme? - Mobilier Design Magazine","robots":{"index":"index","follow":"follow","max-snippet":"max-snippet:-1","max-image-preview":"max-image-preview:large","max-video-preview":"max-video-preview:-1"},"canonical":"https:\/\/www.mobilier-design-occasion.fr\/magazine\/quels-sont-les-avantages-dun-bon-surmatelas-a-memoire-de-forme\/","og_locale":"fr_FR","og_type":"article","og_title":"Quels sont les avantages d'un bon surmatelas \u00e0 m\u00e9moire de forme? - Mobilier Design Magazine","og_description":"Quand il s&#8217;agit de votre sommeil, seul le meilleur sera suffisant. C\u2019est pourquoi la marque DODO a d\u00e9velopp\u00e9 sa gamme d\u2019accessoires de literie et de surmatelas \u00e0 m\u00e9moire de forme. Ces produits sont con\u00e7us pour offrir une couche suppl\u00e9mentaire de confort et aider \u00e0 r\u00e9gulariser votre temp\u00e9rature corporelle durant votre sommeil tout en offrant le [&hellip;]","og_url":"https:\/\/www.mobilier-design-occasion.fr\/magazine\/quels-sont-les-avantages-dun-bon-surmatelas-a-memoire-de-forme\/","og_site_name":"Mobilier Design Magazine","article_publisher":"https:\/\/www.facebook.com\/mobilierdesignoccasion","article_published_time":"2023-01-02T11:12:36+00:00","article_modified_time":"2023-09-25T13:39:47+00:00","og_image":[{"width":2048,"height":1365,"url":"https:\/\/www.mobilier-design-occasion.fr\/magazine\/wp-content\/uploads\/2023\/01\/MDO-scaled.jpg","type":"image\/jpeg"}],"author":"Cyrielle Poirot","twitter_card":"summary_large_image","twitter_misc":{"\u00c9crit par":"Cyrielle Poirot","Dur\u00e9e de lecture estim\u00e9e":"3 minutes"},"schema":{"@context":"https:\/\/schema.org","@graph":[{"@type":"Article","@id":"https:\/\/www.mobilier-design-occasion.fr\/magazine\/quels-sont-les-avantages-dun-bon-surmatelas-a-memoire-de-forme\/#article","isPartOf":{"@id":"https:\/\/www.mobilier-design-occasion.fr\/magazine\/quels-sont-les-avantages-dun-bon-surmatelas-a-memoire-de-forme\/"},"author":{"name":"Cyrielle Poirot","@id":"https:\/\/www.mobilier-design-occasion.fr\/magazine\/#\/schema\/person\/5b2e5627a714ddadaaf8c9b886c55eff"},"headline":"Quels sont les avantages d&#8217;un bon surmatelas \u00e0 m\u00e9moire de forme?","datePublished":"2023-01-02T11:12:36+00:00","dateModified":"2023-09-25T13:39:47+00:00","mainEntityOfPage":{"@id":"https:\/\/www.mobilier-design-occasion.fr\/magazine\/quels-sont-les-avantages-dun-bon-surmatelas-a-memoire-de-forme\/"},"wordCount":624,"commentCount":0,"publisher":{"@id":"https:\/\/www.mobilier-design-occasion.fr\/magazine\/#organization"},"image":{"@id":"https:\/\/www.mobilier-design-occasion.fr\/magazine\/quels-sont-les-avantages-dun-bon-surmatelas-a-memoire-de-forme\/#primaryimage"},"thumbnailUrl":"https:\/\/www.mobilier-design-occasion.fr\/magazine\/wp-content\/uploads\/2023\/01\/MDO-scaled.jpg","articleSection":["Tendances"],"inLanguage":"fr-FR","potentialAction":[{"@type":"CommentAction","name":"Comment","target":["https:\/\/www.mobilier-design-occasion.fr\/magazine\/quels-sont-les-avantages-dun-bon-surmatelas-a-memoire-de-forme\/#respond"]}]},{"@type":"WebPage","@id":"https:\/\/www.mobilier-design-occasion.fr\/magazine\/quels-sont-les-avantages-dun-bon-surmatelas-a-memoire-de-forme\/","url":"https:\/\/www.mobilier-design-occasion.fr\/magazine\/quels-sont-les-avantages-dun-bon-surmatelas-a-memoire-de-forme\/","name":"Quels sont les avantages d'un bon surmatelas \u00e0 m\u00e9moire de forme? - Mobilier Design Magazine","isPartOf":{"@id":"https:\/\/www.mobilier-design-occasion.fr\/magazine\/#website"},"primaryImageOfPage":{"@id":"https:\/\/www.mobilier-design-occasion.fr\/magazine\/quels-sont-les-avantages-dun-bon-surmatelas-a-memoire-de-forme\/#primaryimage"},"image":{"@id":"https:\/\/www.mobilier-design-occasion.fr\/magazine\/quels-sont-les-avantages-dun-bon-surmatelas-a-memoire-de-forme\/#primaryimage"},"thumbnailUrl":"https:\/\/www.mobilier-design-occasion.fr\/magazine\/wp-content\/uploads\/2023\/01\/MDO-scaled.jpg","datePublished":"2023-01-02T11:12:36+00:00","dateModified":"2023-09-25T13:39:47+00:00","breadcrumb":{"@id":"https:\/\/www.mobilier-design-occasion.fr\/magazine\/quels-sont-les-avantages-dun-bon-surmatelas-a-memoire-de-forme\/#breadcrumb"},"inLanguage":"fr-FR","potentialAction":[{"@type":"ReadAction","target":["https:\/\/www.mobilier-design-occasion.fr\/magazine\/quels-sont-les-avantages-dun-bon-surmatelas-a-memoire-de-forme\/"]}]},{"@type":"ImageObject","inLanguage":"fr-FR","@id":"https:\/\/www.mobilier-design-occasion.fr\/magazine\/quels-sont-les-avantages-dun-bon-surmatelas-a-memoire-de-forme\/#primaryimage","url":"https:\/\/www.mobilier-design-occasion.fr\/magazine\/wp-content\/uploads\/2023\/01\/MDO-scaled.jpg","contentUrl":"https:\/\/www.mobilier-design-occasion.fr\/magazine\/wp-content\/uploads\/2023\/01\/MDO-scaled.jpg","width":2048,"height":1365},{"@type":"BreadcrumbList","@id":"https:\/\/www.mobilier-design-occasion.fr\/magazine\/quels-sont-les-avantages-dun-bon-surmatelas-a-memoire-de-forme\/#breadcrumb","itemListElement":[{"@type":"ListItem","position":1,"name":"Accueil","item":"https:\/\/www.mobilier-design-occasion.fr\/magazine\/"},{"@type":"ListItem","position":2,"name":"Quels sont les avantages d&rsquo;un bon surmatelas \u00e0 m\u00e9moire de forme?"}]},{"@type":"WebSite","@id":"https:\/\/www.mobilier-design-occasion.fr\/magazine\/#website","url":"https:\/\/www.mobilier-design-occasion.fr\/magazine\/","name":"Mobilier Design Magazine","description":"","publisher":{"@id":"https:\/\/www.mobilier-design-occasion.fr\/magazine\/#organization"},"potentialAction":[{"@type":"SearchAction","target":{"@type":"EntryPoint","urlTemplate":"https:\/\/www.mobilier-design-occasion.fr\/magazine\/?s={search_term_string}"},"query-input":{"@type":"PropertyValueSpecification","valueRequired":true,"valueName":"search_term_string"}}],"inLanguage":"fr-FR"},{"@type":"Organization","@id":"https:\/\/www.mobilier-design-occasion.fr\/magazine\/#organization","name":"Mobilier Design Magazine","url":"https:\/\/www.mobilier-design-occasion.fr\/magazine\/","logo":{"@type":"ImageObject","inLanguage":"fr-FR","@id":"https:\/\/www.mobilier-design-occasion.fr\/magazine\/#\/schema\/logo\/image\/","url":"https:\/\/www.mobilier-design-occasion.fr\/magazine\/wp-content\/uploads\/2024\/02\/android-chrome-192x192-1.png","contentUrl":"https:\/\/www.mobilier-design-occasion.fr\/magazine\/wp-content\/uploads\/2024\/02\/android-chrome-192x192-1.png","width":192,"height":192,"caption":"Mobilier Design Magazine"},"image":{"@id":"https:\/\/www.mobilier-design-occasion.fr\/magazine\/#\/schema\/logo\/image\/"},"sameAs":["https:\/\/www.facebook.com\/mobilierdesignoccasion"]},{"@type":"Person","@id":"https:\/\/www.mobilier-design-occasion.fr\/magazine\/#\/schema\/person\/5b2e5627a714ddadaaf8c9b886c55eff","name":"Cyrielle Poirot","image":{"@type":"ImageObject","inLanguage":"fr-FR","@id":"https:\/\/secure.gravatar.com\/avatar\/c8d2674e093b06894d8d1dc468b626bd752523471f3ac6e75f7c7a1400d40b4d?s=96&d=mm&r=g","url":"https:\/\/secure.gravatar.com\/avatar\/c8d2674e093b06894d8d1dc468b626bd752523471f3ac6e75f7c7a1400d40b4d?s=96&d=mm&r=g","contentUrl":"https:\/\/secure.gravatar.com\/avatar\/c8d2674e093b06894d8d1dc468b626bd752523471f3ac6e75f7c7a1400d40b4d?s=96&d=mm&r=g","caption":"Cyrielle Poirot"},"description":"Cyrielle est passionn\u00e9e par la d\u00e9coration d'int\u00e9rieur et s'est sp\u00e9cialis\u00e9e depuis quelques ann\u00e9es dans l'\u00e9dition du site Mobilier-Design, avec une touche sp\u00e9cifique pour les produits d'occasion.","sameAs":["https:\/\/www.mobilier-design-occasion.fr\/magazine"],"url":"https:\/\/www.mobilier-design-occasion.fr\/magazine\/author\/cyrielle\/"}]}},"_links":{"self":[{"href":"https:\/\/www.mobilier-design-occasion.fr\/magazine\/wp-json\/wp\/v2\/posts\/6322","targetHints":{"allow":["GET"]}}],"collection":[{"href":"https:\/\/www.mobilier-design-occasion.fr\/magazine\/wp-json\/wp\/v2\/posts"}],"about":[{"href":"https:\/\/www.mobilier-design-occasion.fr\/magazine\/wp-json\/wp\/v2\/types\/post"}],"author":[{"embeddable":true,"href":"https:\/\/www.mobilier-design-occasion.fr\/magazine\/wp-json\/wp\/v2\/users\/1"}],"replies":[{"embeddable":true,"href":"https:\/\/www.mobilier-design-occasion.fr\/magazine\/wp-json\/wp\/v2\/comments?post=6322"}],"version-history":[{"count":1,"href":"https:\/\/www.mobilier-design-occasion.fr\/magazine\/wp-json\/wp\/v2\/posts\/6322\/revisions"}],"predecessor-version":[{"id":6324,"href":"https:\/\/www.mobilier-design-occasion.fr\/magazine\/wp-json\/wp\/v2\/posts\/6322\/revisions\/6324"}],"wp:featuredmedia":[{"embeddable":true,"href":"https:\/\/www.mobilier-design-occasion.fr\/magazine\/wp-json\/wp\/v2\/media\/6323"}],"wp:attachment":[{"href":"https:\/\/www.mobilier-design-occasion.fr\/magazine\/wp-json\/wp\/v2\/media?parent=6322"}],"wp:term":[{"taxonomy":"category","embeddable":true,"href":"https:\/\/www.mobilier-design-occasion.fr\/magazine\/wp-json\/wp\/v2\/categories?post=6322"},{"taxonomy":"post_tag","embeddable":true,"href":"https:\/\/www.mobilier-design-occasion.fr\/magazine\/wp-json\/wp\/v2\/tags?post=6322"}],"curies":[{"name":"wp","href":"https:\/\/api.w.org\/{rel}","templated":true}]}}