{"id":6302,"date":"2023-01-02T09:06:25","date_gmt":"2023-01-02T09:06:25","guid":{"rendered":"https:\/\/www.mobilier-design-occasion.fr\/magazine\/?p=6302"},"modified":"2023-09-25T13:39:47","modified_gmt":"2023-09-25T13:39:47","slug":"decoration-interieure-pourquoi-le-mobilier-design-doccasion-reste-un-bon-choix","status":"publish","type":"post","link":"https:\/\/www.mobilier-design-occasion.fr\/magazine\/decoration-interieure-pourquoi-le-mobilier-design-doccasion-reste-un-bon-choix\/","title":{"rendered":"D\u00e9coration int\u00e9rieure&nbsp;: pourquoi le mobilier design d\u2019occasion reste un bon choix\u2009?"},"content":{"rendered":"\n<p>Le <a href=\"https:\/\/www.mobilier-design-occasion.fr\/magazine\/test-avis-sur-la-redoute-interieurs-am-pm\/\">mobilier<\/a> fait partie int\u00e9grante de l\u2019attrait d\u2019une maison. Au c\u0153ur m\u00eame de la d\u00e9coration int\u00e9rieure, son importance va au-del\u00e0 de l\u2019<strong>esth\u00e9tique<\/strong>&nbsp;puisqu\u2019il&nbsp;<strong>conditionne le<\/strong>&nbsp;<strong>confort<\/strong>&nbsp;de la maison. Il est donc important de le choisir judicieusement. Vous souhaitez red\u00e9corer votre maison pour pas cher\u2009? Voici quelques bonnes raisons de choisir un&nbsp;<strong><a href=\"https:\/\/www.mobilier-design-occasion.fr\/magazine\/nos-idees-pour-amenager-votre-terrasse-avec-fermob\/\">mobilier design<\/a> d\u2019occasion<\/strong>.<\/p>\n\n\n\n<h2 class=\"wp-block-heading\">Choisir un mobilier design d\u2019occasion, c&#8217;est faire un choix \u00e9colo<\/h2>\n\n\n\n<figure class=\"wp-block-image size-full\"><img loading=\"lazy\" decoding=\"async\" width=\"847\" height=\"565\" src=\"https:\/\/www.mobilier-design-occasion.fr\/magazine\/wp-content\/uploads\/2023\/01\/7192f8594823eef21c0ee09d6132b496.jpeg\" alt=\"\" class=\"wp-image-6303\" srcset=\"https:\/\/www.mobilier-design-occasion.fr\/magazine\/wp-content\/uploads\/2023\/01\/7192f8594823eef21c0ee09d6132b496.jpeg 847w, https:\/\/www.mobilier-design-occasion.fr\/magazine\/wp-content\/uploads\/2023\/01\/7192f8594823eef21c0ee09d6132b496-300x200.jpeg 300w, https:\/\/www.mobilier-design-occasion.fr\/magazine\/wp-content\/uploads\/2023\/01\/7192f8594823eef21c0ee09d6132b496-768x512.jpeg 768w, https:\/\/www.mobilier-design-occasion.fr\/magazine\/wp-content\/uploads\/2023\/01\/7192f8594823eef21c0ee09d6132b496-810x540.jpeg 810w\" sizes=\"auto, (max-width: 847px) 100vw, 847px\" \/><\/figure>\n\n\n\n<p>Il ne fait plus aucun doute aujourd\u2019hui que nos modes de consommation et nos activit\u00e9s anarchiques d\u00e9truisent notre plan\u00e8te. Chaque individu doit alors jouer son r\u00f4le en r\u00e9duisant au mieux son&nbsp;<strong>empreinte carbone quotidienne<\/strong>. Suivez&nbsp;<a href=\"https:\/\/greenly.earth\/fr-fr\/blog\/guide-entreprise\/empreinte-carbone-definition-methode-calcul\" target=\"_blank\" rel=\"noreferrer noopener\">le lien ici<\/a>&nbsp;pour en savoir plus sur l\u2019empreinte carbone.<\/p>\n\n\n\n<p>En achetant ou en vendant vos meubles d&#8217;occasion, vous participez \u00e0 la&nbsp;<strong>transition \u00e9cologique<\/strong>&nbsp;initi\u00e9e par diff\u00e9rents pays du monde tels que :<\/p>\n\n\n\n<ul class=\"wp-block-list\">\n<li>l&#8217;Islande ;<\/li>\n\n\n\n<li>le Br\u00e9sil ;<\/li>\n\n\n\n<li>la Norv\u00e8ge, etc.<\/li>\n<\/ul>\n\n\n\n<p>En effet, le mobilier vintage d\u2019occasion constitue une&nbsp;<strong>alternative \u00e9cologique<\/strong>&nbsp;aux meubles neufs.<\/p>\n\n\n\n<p>En apportant votre pierre \u00e0 l\u2019\u00e9difice, vous participez \u00e0 la construction d\u2019un monde meilleur pour la post\u00e9rit\u00e9. Le mobilier vintage de <a href=\"https:\/\/www.mobilier-design-occasion.fr\/magazine\/reussir-a-vendre-son-mobilier\/\">seconde main<\/a> est un&nbsp;<strong>mode de consommation plus responsable et plus respectueux de l\u2019environnement<\/strong>&nbsp;qui donne une seconde vie \u00e0 vos meubles.<\/p>\n\n\n\n<h2 class=\"wp-block-heading\">Meubles design d\u2019occasion\u00a0: des pi\u00e8ces originales et peu co\u00fbteuses<\/h2>\n\n\n\n<figure class=\"wp-block-image size-large\"><img loading=\"lazy\" decoding=\"async\" width=\"1024\" height=\"680\" src=\"https:\/\/www.mobilier-design-occasion.fr\/magazine\/wp-content\/uploads\/2023\/01\/b53047fb603c72e7ccc5d0a52b5a8170-1024x680.jpeg\" alt=\"\" class=\"wp-image-6304\" srcset=\"https:\/\/www.mobilier-design-occasion.fr\/magazine\/wp-content\/uploads\/2023\/01\/b53047fb603c72e7ccc5d0a52b5a8170-1024x680.jpeg 1024w, https:\/\/www.mobilier-design-occasion.fr\/magazine\/wp-content\/uploads\/2023\/01\/b53047fb603c72e7ccc5d0a52b5a8170-300x199.jpeg 300w, https:\/\/www.mobilier-design-occasion.fr\/magazine\/wp-content\/uploads\/2023\/01\/b53047fb603c72e7ccc5d0a52b5a8170-768x510.jpeg 768w, https:\/\/www.mobilier-design-occasion.fr\/magazine\/wp-content\/uploads\/2023\/01\/b53047fb603c72e7ccc5d0a52b5a8170-810x538.jpeg 810w, https:\/\/www.mobilier-design-occasion.fr\/magazine\/wp-content\/uploads\/2023\/01\/b53047fb603c72e7ccc5d0a52b5a8170-1140x757.jpeg 1140w, https:\/\/www.mobilier-design-occasion.fr\/magazine\/wp-content\/uploads\/2023\/01\/b53047fb603c72e7ccc5d0a52b5a8170.jpeg 1280w\" sizes=\"auto, (max-width: 1024px) 100vw, 1024px\" \/><\/figure>\n\n\n\n<p>Le mobilier <a href=\"https:\/\/www.mobilier-design-occasion.fr\/magazine\/table-tulipe-knoll-indemodable-du-design\/\">design<\/a> d\u2019occasion n\u2019est&nbsp;<strong>pas cher<\/strong>. Sur certains sites, il est m\u00eame possible de gagner de l\u2019argent en vendant des meubles dont on ne veut plus. Il est important de savoir que les meubles design et les objets vintage ont \u00e9galement leur communaut\u00e9 de passionn\u00e9s. Il est donc tr\u00e8s facile de trouver des acheteurs pr\u00eats \u00e0 d\u00e9penser d\u2019\u00e9normes sommes d\u2019argent pour ces articles.<\/p>\n\n\n\n<p>Une m\u00e9thode simple, rapide et efficace consiste \u00e0 publier une&nbsp;<strong>annonce<\/strong>&nbsp;sur un site web de vente de mobilier design d\u2019occasion. Le service propos\u00e9 se veut de&nbsp;<strong>grande qualit\u00e9<\/strong>&nbsp;et, qui sait, vous trouverez peut-\u00eatre un&nbsp;<strong>beau meuble design \u00e0 bas prix<\/strong>.<\/p>\n","protected":false},"excerpt":{"rendered":"<p>Le mobilier fait partie int\u00e9grante de l\u2019attrait d\u2019une maison. Au c\u0153ur m\u00eame de la d\u00e9coration int\u00e9rieure, son importance va au-del\u00e0 de l\u2019esth\u00e9tique&nbsp;puisqu\u2019il&nbsp;conditionne le&nbsp;confort&nbsp;de la maison. Il est donc important de le choisir judicieusement. Vous souhaitez red\u00e9corer votre maison pour pas cher\u2009? Voici quelques bonnes raisons de choisir un&nbsp;mobilier design d\u2019occasion. Choisir un mobilier design d\u2019occasion, [&hellip;]<\/p>\n","protected":false},"author":1,"featured_media":6290,"comment_status":"open","ping_status":"open","sticky":false,"template":"","format":"standard","meta":{"footnotes":""},"categories":[2],"tags":[],"class_list":["post-6302","post","type-post","status-publish","format-standard","has-post-thumbnail","hentry","category-tendances"],"yoast_head":"<!-- This site is optimized with the Yoast SEO plugin v27.5 - https:\/\/yoast.com\/product\/yoast-seo-wordpress\/ -->\n<title>D\u00e9coration int\u00e9rieure&nbsp;: pourquoi le mobilier design d\u2019occasion reste un bon choix\u2009? - Mobilier Design Magazine<\/title>\n<meta name=\"robots\" content=\"index, follow, max-snippet:-1, max-image-preview:large, max-video-preview:-1\" \/>\n<link rel=\"canonical\" href=\"https:\/\/www.mobilier-design-occasion.fr\/magazine\/decoration-interieure-pourquoi-le-mobilier-design-doccasion-reste-un-bon-choix\/\" \/>\n<meta property=\"og:locale\" content=\"fr_FR\" \/>\n<meta property=\"og:type\" content=\"article\" \/>\n<meta property=\"og:title\" content=\"D\u00e9coration int\u00e9rieure&nbsp;: pourquoi le mobilier design d\u2019occasion reste un bon choix\u2009? - Mobilier Design Magazine\" \/>\n<meta property=\"og:description\" content=\"Le mobilier fait partie int\u00e9grante de l\u2019attrait d\u2019une maison. Au c\u0153ur m\u00eame de la d\u00e9coration int\u00e9rieure, son importance va au-del\u00e0 de l\u2019esth\u00e9tique&nbsp;puisqu\u2019il&nbsp;conditionne le&nbsp;confort&nbsp;de la maison. Il est donc important de le choisir judicieusement. Vous souhaitez red\u00e9corer votre maison pour pas cher\u2009? Voici quelques bonnes raisons de choisir un&nbsp;mobilier design d\u2019occasion. Choisir un mobilier design d\u2019occasion, [&hellip;]\" \/>\n<meta property=\"og:url\" content=\"https:\/\/www.mobilier-design-occasion.fr\/magazine\/decoration-interieure-pourquoi-le-mobilier-design-doccasion-reste-un-bon-choix\/\" \/>\n<meta property=\"og:site_name\" content=\"Mobilier Design Magazine\" \/>\n<meta property=\"article:publisher\" content=\"https:\/\/www.facebook.com\/mobilierdesignoccasion\" \/>\n<meta property=\"article:published_time\" content=\"2023-01-02T09:06:25+00:00\" \/>\n<meta property=\"article:modified_time\" content=\"2023-09-25T13:39:47+00:00\" \/>\n<meta property=\"og:image\" content=\"https:\/\/www.mobilier-design-occasion.fr\/magazine\/wp-content\/uploads\/2022\/12\/5b449889af4ee6360d3757aa6fdf799d-1.jpg\" \/>\n\t<meta property=\"og:image:width\" content=\"848\" \/>\n\t<meta property=\"og:image:height\" content=\"565\" \/>\n\t<meta property=\"og:image:type\" content=\"image\/jpeg\" \/>\n<meta name=\"author\" content=\"Cyrielle Poirot\" \/>\n<meta name=\"twitter:card\" content=\"summary_large_image\" \/>\n<meta name=\"twitter:label1\" content=\"\u00c9crit par\" \/>\n\t<meta name=\"twitter:data1\" content=\"Cyrielle Poirot\" \/>\n\t<meta name=\"twitter:label2\" content=\"Dur\u00e9e de lecture estim\u00e9e\" \/>\n\t<meta name=\"twitter:data2\" content=\"2 minutes\" \/>\n<script type=\"application\/ld+json\" class=\"yoast-schema-graph\">{\"@context\":\"https:\\\/\\\/schema.org\",\"@graph\":[{\"@type\":\"Article\",\"@id\":\"https:\\\/\\\/www.mobilier-design-occasion.fr\\\/magazine\\\/decoration-interieure-pourquoi-le-mobilier-design-doccasion-reste-un-bon-choix\\\/#article\",\"isPartOf\":{\"@id\":\"https:\\\/\\\/www.mobilier-design-occasion.fr\\\/magazine\\\/decoration-interieure-pourquoi-le-mobilier-design-doccasion-reste-un-bon-choix\\\/\"},\"author\":{\"name\":\"Cyrielle Poirot\",\"@id\":\"https:\\\/\\\/www.mobilier-design-occasion.fr\\\/magazine\\\/#\\\/schema\\\/person\\\/5b2e5627a714ddadaaf8c9b886c55eff\"},\"headline\":\"D\u00e9coration int\u00e9rieure&nbsp;: pourquoi le mobilier design d\u2019occasion reste un bon choix\u2009?\",\"datePublished\":\"2023-01-02T09:06:25+00:00\",\"dateModified\":\"2023-09-25T13:39:47+00:00\",\"mainEntityOfPage\":{\"@id\":\"https:\\\/\\\/www.mobilier-design-occasion.fr\\\/magazine\\\/decoration-interieure-pourquoi-le-mobilier-design-doccasion-reste-un-bon-choix\\\/\"},\"wordCount\":385,\"commentCount\":1,\"publisher\":{\"@id\":\"https:\\\/\\\/www.mobilier-design-occasion.fr\\\/magazine\\\/#organization\"},\"image\":{\"@id\":\"https:\\\/\\\/www.mobilier-design-occasion.fr\\\/magazine\\\/decoration-interieure-pourquoi-le-mobilier-design-doccasion-reste-un-bon-choix\\\/#primaryimage\"},\"thumbnailUrl\":\"https:\\\/\\\/www.mobilier-design-occasion.fr\\\/magazine\\\/wp-content\\\/uploads\\\/2022\\\/12\\\/5b449889af4ee6360d3757aa6fdf799d-1.jpg\",\"articleSection\":[\"Tendances\"],\"inLanguage\":\"fr-FR\",\"potentialAction\":[{\"@type\":\"CommentAction\",\"name\":\"Comment\",\"target\":[\"https:\\\/\\\/www.mobilier-design-occasion.fr\\\/magazine\\\/decoration-interieure-pourquoi-le-mobilier-design-doccasion-reste-un-bon-choix\\\/#respond\"]}]},{\"@type\":\"WebPage\",\"@id\":\"https:\\\/\\\/www.mobilier-design-occasion.fr\\\/magazine\\\/decoration-interieure-pourquoi-le-mobilier-design-doccasion-reste-un-bon-choix\\\/\",\"url\":\"https:\\\/\\\/www.mobilier-design-occasion.fr\\\/magazine\\\/decoration-interieure-pourquoi-le-mobilier-design-doccasion-reste-un-bon-choix\\\/\",\"name\":\"D\u00e9coration int\u00e9rieure&nbsp;: pourquoi le mobilier design d\u2019occasion reste un bon choix\u2009? - Mobilier Design Magazine\",\"isPartOf\":{\"@id\":\"https:\\\/\\\/www.mobilier-design-occasion.fr\\\/magazine\\\/#website\"},\"primaryImageOfPage\":{\"@id\":\"https:\\\/\\\/www.mobilier-design-occasion.fr\\\/magazine\\\/decoration-interieure-pourquoi-le-mobilier-design-doccasion-reste-un-bon-choix\\\/#primaryimage\"},\"image\":{\"@id\":\"https:\\\/\\\/www.mobilier-design-occasion.fr\\\/magazine\\\/decoration-interieure-pourquoi-le-mobilier-design-doccasion-reste-un-bon-choix\\\/#primaryimage\"},\"thumbnailUrl\":\"https:\\\/\\\/www.mobilier-design-occasion.fr\\\/magazine\\\/wp-content\\\/uploads\\\/2022\\\/12\\\/5b449889af4ee6360d3757aa6fdf799d-1.jpg\",\"datePublished\":\"2023-01-02T09:06:25+00:00\",\"dateModified\":\"2023-09-25T13:39:47+00:00\",\"breadcrumb\":{\"@id\":\"https:\\\/\\\/www.mobilier-design-occasion.fr\\\/magazine\\\/decoration-interieure-pourquoi-le-mobilier-design-doccasion-reste-un-bon-choix\\\/#breadcrumb\"},\"inLanguage\":\"fr-FR\",\"potentialAction\":[{\"@type\":\"ReadAction\",\"target\":[\"https:\\\/\\\/www.mobilier-design-occasion.fr\\\/magazine\\\/decoration-interieure-pourquoi-le-mobilier-design-doccasion-reste-un-bon-choix\\\/\"]}]},{\"@type\":\"ImageObject\",\"inLanguage\":\"fr-FR\",\"@id\":\"https:\\\/\\\/www.mobilier-design-occasion.fr\\\/magazine\\\/decoration-interieure-pourquoi-le-mobilier-design-doccasion-reste-un-bon-choix\\\/#primaryimage\",\"url\":\"https:\\\/\\\/www.mobilier-design-occasion.fr\\\/magazine\\\/wp-content\\\/uploads\\\/2022\\\/12\\\/5b449889af4ee6360d3757aa6fdf799d-1.jpg\",\"contentUrl\":\"https:\\\/\\\/www.mobilier-design-occasion.fr\\\/magazine\\\/wp-content\\\/uploads\\\/2022\\\/12\\\/5b449889af4ee6360d3757aa6fdf799d-1.jpg\",\"width\":848,\"height\":565,\"caption\":\"Mobilier Design Occasion\"},{\"@type\":\"BreadcrumbList\",\"@id\":\"https:\\\/\\\/www.mobilier-design-occasion.fr\\\/magazine\\\/decoration-interieure-pourquoi-le-mobilier-design-doccasion-reste-un-bon-choix\\\/#breadcrumb\",\"itemListElement\":[{\"@type\":\"ListItem\",\"position\":1,\"name\":\"Accueil\",\"item\":\"https:\\\/\\\/www.mobilier-design-occasion.fr\\\/magazine\\\/\"},{\"@type\":\"ListItem\",\"position\":2,\"name\":\"D\u00e9coration int\u00e9rieure&nbsp;: pourquoi le mobilier design d\u2019occasion reste un bon choix\u2009?\"}]},{\"@type\":\"WebSite\",\"@id\":\"https:\\\/\\\/www.mobilier-design-occasion.fr\\\/magazine\\\/#website\",\"url\":\"https:\\\/\\\/www.mobilier-design-occasion.fr\\\/magazine\\\/\",\"name\":\"Mobilier Design Magazine\",\"description\":\"\",\"publisher\":{\"@id\":\"https:\\\/\\\/www.mobilier-design-occasion.fr\\\/magazine\\\/#organization\"},\"potentialAction\":[{\"@type\":\"SearchAction\",\"target\":{\"@type\":\"EntryPoint\",\"urlTemplate\":\"https:\\\/\\\/www.mobilier-design-occasion.fr\\\/magazine\\\/?s={search_term_string}\"},\"query-input\":{\"@type\":\"PropertyValueSpecification\",\"valueRequired\":true,\"valueName\":\"search_term_string\"}}],\"inLanguage\":\"fr-FR\"},{\"@type\":\"Organization\",\"@id\":\"https:\\\/\\\/www.mobilier-design-occasion.fr\\\/magazine\\\/#organization\",\"name\":\"Mobilier Design Magazine\",\"url\":\"https:\\\/\\\/www.mobilier-design-occasion.fr\\\/magazine\\\/\",\"logo\":{\"@type\":\"ImageObject\",\"inLanguage\":\"fr-FR\",\"@id\":\"https:\\\/\\\/www.mobilier-design-occasion.fr\\\/magazine\\\/#\\\/schema\\\/logo\\\/image\\\/\",\"url\":\"https:\\\/\\\/www.mobilier-design-occasion.fr\\\/magazine\\\/wp-content\\\/uploads\\\/2024\\\/02\\\/android-chrome-192x192-1.png\",\"contentUrl\":\"https:\\\/\\\/www.mobilier-design-occasion.fr\\\/magazine\\\/wp-content\\\/uploads\\\/2024\\\/02\\\/android-chrome-192x192-1.png\",\"width\":192,\"height\":192,\"caption\":\"Mobilier Design Magazine\"},\"image\":{\"@id\":\"https:\\\/\\\/www.mobilier-design-occasion.fr\\\/magazine\\\/#\\\/schema\\\/logo\\\/image\\\/\"},\"sameAs\":[\"https:\\\/\\\/www.facebook.com\\\/mobilierdesignoccasion\"]},{\"@type\":\"Person\",\"@id\":\"https:\\\/\\\/www.mobilier-design-occasion.fr\\\/magazine\\\/#\\\/schema\\\/person\\\/5b2e5627a714ddadaaf8c9b886c55eff\",\"name\":\"Cyrielle Poirot\",\"image\":{\"@type\":\"ImageObject\",\"inLanguage\":\"fr-FR\",\"@id\":\"https:\\\/\\\/secure.gravatar.com\\\/avatar\\\/c8d2674e093b06894d8d1dc468b626bd752523471f3ac6e75f7c7a1400d40b4d?s=96&d=mm&r=g\",\"url\":\"https:\\\/\\\/secure.gravatar.com\\\/avatar\\\/c8d2674e093b06894d8d1dc468b626bd752523471f3ac6e75f7c7a1400d40b4d?s=96&d=mm&r=g\",\"contentUrl\":\"https:\\\/\\\/secure.gravatar.com\\\/avatar\\\/c8d2674e093b06894d8d1dc468b626bd752523471f3ac6e75f7c7a1400d40b4d?s=96&d=mm&r=g\",\"caption\":\"Cyrielle Poirot\"},\"description\":\"Cyrielle est passionn\u00e9e par la d\u00e9coration d'int\u00e9rieur et s'est sp\u00e9cialis\u00e9e depuis quelques ann\u00e9es dans l'\u00e9dition du site Mobilier-Design, avec une touche sp\u00e9cifique pour les produits d'occasion.\",\"sameAs\":[\"https:\\\/\\\/www.mobilier-design-occasion.fr\\\/magazine\"],\"url\":\"https:\\\/\\\/www.mobilier-design-occasion.fr\\\/magazine\\\/author\\\/cyrielle\\\/\"}]}<\/script>\n<!-- \/ Yoast SEO plugin. -->","yoast_head_json":{"title":"D\u00e9coration int\u00e9rieure&nbsp;: pourquoi le mobilier design d\u2019occasion reste un bon choix\u2009? - Mobilier Design Magazine","robots":{"index":"index","follow":"follow","max-snippet":"max-snippet:-1","max-image-preview":"max-image-preview:large","max-video-preview":"max-video-preview:-1"},"canonical":"https:\/\/www.mobilier-design-occasion.fr\/magazine\/decoration-interieure-pourquoi-le-mobilier-design-doccasion-reste-un-bon-choix\/","og_locale":"fr_FR","og_type":"article","og_title":"D\u00e9coration int\u00e9rieure&nbsp;: pourquoi le mobilier design d\u2019occasion reste un bon choix\u2009? - Mobilier Design Magazine","og_description":"Le mobilier fait partie int\u00e9grante de l\u2019attrait d\u2019une maison. Au c\u0153ur m\u00eame de la d\u00e9coration int\u00e9rieure, son importance va au-del\u00e0 de l\u2019esth\u00e9tique&nbsp;puisqu\u2019il&nbsp;conditionne le&nbsp;confort&nbsp;de la maison. Il est donc important de le choisir judicieusement. Vous souhaitez red\u00e9corer votre maison pour pas cher\u2009? Voici quelques bonnes raisons de choisir un&nbsp;mobilier design d\u2019occasion. Choisir un mobilier design d\u2019occasion, [&hellip;]","og_url":"https:\/\/www.mobilier-design-occasion.fr\/magazine\/decoration-interieure-pourquoi-le-mobilier-design-doccasion-reste-un-bon-choix\/","og_site_name":"Mobilier Design Magazine","article_publisher":"https:\/\/www.facebook.com\/mobilierdesignoccasion","article_published_time":"2023-01-02T09:06:25+00:00","article_modified_time":"2023-09-25T13:39:47+00:00","og_image":[{"width":848,"height":565,"url":"https:\/\/www.mobilier-design-occasion.fr\/magazine\/wp-content\/uploads\/2022\/12\/5b449889af4ee6360d3757aa6fdf799d-1.jpg","type":"image\/jpeg"}],"author":"Cyrielle Poirot","twitter_card":"summary_large_image","twitter_misc":{"\u00c9crit par":"Cyrielle Poirot","Dur\u00e9e de lecture estim\u00e9e":"2 minutes"},"schema":{"@context":"https:\/\/schema.org","@graph":[{"@type":"Article","@id":"https:\/\/www.mobilier-design-occasion.fr\/magazine\/decoration-interieure-pourquoi-le-mobilier-design-doccasion-reste-un-bon-choix\/#article","isPartOf":{"@id":"https:\/\/www.mobilier-design-occasion.fr\/magazine\/decoration-interieure-pourquoi-le-mobilier-design-doccasion-reste-un-bon-choix\/"},"author":{"name":"Cyrielle Poirot","@id":"https:\/\/www.mobilier-design-occasion.fr\/magazine\/#\/schema\/person\/5b2e5627a714ddadaaf8c9b886c55eff"},"headline":"D\u00e9coration int\u00e9rieure&nbsp;: pourquoi le mobilier design d\u2019occasion reste un bon choix\u2009?","datePublished":"2023-01-02T09:06:25+00:00","dateModified":"2023-09-25T13:39:47+00:00","mainEntityOfPage":{"@id":"https:\/\/www.mobilier-design-occasion.fr\/magazine\/decoration-interieure-pourquoi-le-mobilier-design-doccasion-reste-un-bon-choix\/"},"wordCount":385,"commentCount":1,"publisher":{"@id":"https:\/\/www.mobilier-design-occasion.fr\/magazine\/#organization"},"image":{"@id":"https:\/\/www.mobilier-design-occasion.fr\/magazine\/decoration-interieure-pourquoi-le-mobilier-design-doccasion-reste-un-bon-choix\/#primaryimage"},"thumbnailUrl":"https:\/\/www.mobilier-design-occasion.fr\/magazine\/wp-content\/uploads\/2022\/12\/5b449889af4ee6360d3757aa6fdf799d-1.jpg","articleSection":["Tendances"],"inLanguage":"fr-FR","potentialAction":[{"@type":"CommentAction","name":"Comment","target":["https:\/\/www.mobilier-design-occasion.fr\/magazine\/decoration-interieure-pourquoi-le-mobilier-design-doccasion-reste-un-bon-choix\/#respond"]}]},{"@type":"WebPage","@id":"https:\/\/www.mobilier-design-occasion.fr\/magazine\/decoration-interieure-pourquoi-le-mobilier-design-doccasion-reste-un-bon-choix\/","url":"https:\/\/www.mobilier-design-occasion.fr\/magazine\/decoration-interieure-pourquoi-le-mobilier-design-doccasion-reste-un-bon-choix\/","name":"D\u00e9coration int\u00e9rieure&nbsp;: pourquoi le mobilier design d\u2019occasion reste un bon choix\u2009? - Mobilier Design Magazine","isPartOf":{"@id":"https:\/\/www.mobilier-design-occasion.fr\/magazine\/#website"},"primaryImageOfPage":{"@id":"https:\/\/www.mobilier-design-occasion.fr\/magazine\/decoration-interieure-pourquoi-le-mobilier-design-doccasion-reste-un-bon-choix\/#primaryimage"},"image":{"@id":"https:\/\/www.mobilier-design-occasion.fr\/magazine\/decoration-interieure-pourquoi-le-mobilier-design-doccasion-reste-un-bon-choix\/#primaryimage"},"thumbnailUrl":"https:\/\/www.mobilier-design-occasion.fr\/magazine\/wp-content\/uploads\/2022\/12\/5b449889af4ee6360d3757aa6fdf799d-1.jpg","datePublished":"2023-01-02T09:06:25+00:00","dateModified":"2023-09-25T13:39:47+00:00","breadcrumb":{"@id":"https:\/\/www.mobilier-design-occasion.fr\/magazine\/decoration-interieure-pourquoi-le-mobilier-design-doccasion-reste-un-bon-choix\/#breadcrumb"},"inLanguage":"fr-FR","potentialAction":[{"@type":"ReadAction","target":["https:\/\/www.mobilier-design-occasion.fr\/magazine\/decoration-interieure-pourquoi-le-mobilier-design-doccasion-reste-un-bon-choix\/"]}]},{"@type":"ImageObject","inLanguage":"fr-FR","@id":"https:\/\/www.mobilier-design-occasion.fr\/magazine\/decoration-interieure-pourquoi-le-mobilier-design-doccasion-reste-un-bon-choix\/#primaryimage","url":"https:\/\/www.mobilier-design-occasion.fr\/magazine\/wp-content\/uploads\/2022\/12\/5b449889af4ee6360d3757aa6fdf799d-1.jpg","contentUrl":"https:\/\/www.mobilier-design-occasion.fr\/magazine\/wp-content\/uploads\/2022\/12\/5b449889af4ee6360d3757aa6fdf799d-1.jpg","width":848,"height":565,"caption":"Mobilier Design Occasion"},{"@type":"BreadcrumbList","@id":"https:\/\/www.mobilier-design-occasion.fr\/magazine\/decoration-interieure-pourquoi-le-mobilier-design-doccasion-reste-un-bon-choix\/#breadcrumb","itemListElement":[{"@type":"ListItem","position":1,"name":"Accueil","item":"https:\/\/www.mobilier-design-occasion.fr\/magazine\/"},{"@type":"ListItem","position":2,"name":"D\u00e9coration int\u00e9rieure&nbsp;: pourquoi le mobilier design d\u2019occasion reste un bon choix\u2009?"}]},{"@type":"WebSite","@id":"https:\/\/www.mobilier-design-occasion.fr\/magazine\/#website","url":"https:\/\/www.mobilier-design-occasion.fr\/magazine\/","name":"Mobilier Design Magazine","description":"","publisher":{"@id":"https:\/\/www.mobilier-design-occasion.fr\/magazine\/#organization"},"potentialAction":[{"@type":"SearchAction","target":{"@type":"EntryPoint","urlTemplate":"https:\/\/www.mobilier-design-occasion.fr\/magazine\/?s={search_term_string}"},"query-input":{"@type":"PropertyValueSpecification","valueRequired":true,"valueName":"search_term_string"}}],"inLanguage":"fr-FR"},{"@type":"Organization","@id":"https:\/\/www.mobilier-design-occasion.fr\/magazine\/#organization","name":"Mobilier Design Magazine","url":"https:\/\/www.mobilier-design-occasion.fr\/magazine\/","logo":{"@type":"ImageObject","inLanguage":"fr-FR","@id":"https:\/\/www.mobilier-design-occasion.fr\/magazine\/#\/schema\/logo\/image\/","url":"https:\/\/www.mobilier-design-occasion.fr\/magazine\/wp-content\/uploads\/2024\/02\/android-chrome-192x192-1.png","contentUrl":"https:\/\/www.mobilier-design-occasion.fr\/magazine\/wp-content\/uploads\/2024\/02\/android-chrome-192x192-1.png","width":192,"height":192,"caption":"Mobilier Design Magazine"},"image":{"@id":"https:\/\/www.mobilier-design-occasion.fr\/magazine\/#\/schema\/logo\/image\/"},"sameAs":["https:\/\/www.facebook.com\/mobilierdesignoccasion"]},{"@type":"Person","@id":"https:\/\/www.mobilier-design-occasion.fr\/magazine\/#\/schema\/person\/5b2e5627a714ddadaaf8c9b886c55eff","name":"Cyrielle Poirot","image":{"@type":"ImageObject","inLanguage":"fr-FR","@id":"https:\/\/secure.gravatar.com\/avatar\/c8d2674e093b06894d8d1dc468b626bd752523471f3ac6e75f7c7a1400d40b4d?s=96&d=mm&r=g","url":"https:\/\/secure.gravatar.com\/avatar\/c8d2674e093b06894d8d1dc468b626bd752523471f3ac6e75f7c7a1400d40b4d?s=96&d=mm&r=g","contentUrl":"https:\/\/secure.gravatar.com\/avatar\/c8d2674e093b06894d8d1dc468b626bd752523471f3ac6e75f7c7a1400d40b4d?s=96&d=mm&r=g","caption":"Cyrielle Poirot"},"description":"Cyrielle est passionn\u00e9e par la d\u00e9coration d'int\u00e9rieur et s'est sp\u00e9cialis\u00e9e depuis quelques ann\u00e9es dans l'\u00e9dition du site Mobilier-Design, avec une touche sp\u00e9cifique pour les produits d'occasion.","sameAs":["https:\/\/www.mobilier-design-occasion.fr\/magazine"],"url":"https:\/\/www.mobilier-design-occasion.fr\/magazine\/author\/cyrielle\/"}]}},"_links":{"self":[{"href":"https:\/\/www.mobilier-design-occasion.fr\/magazine\/wp-json\/wp\/v2\/posts\/6302","targetHints":{"allow":["GET"]}}],"collection":[{"href":"https:\/\/www.mobilier-design-occasion.fr\/magazine\/wp-json\/wp\/v2\/posts"}],"about":[{"href":"https:\/\/www.mobilier-design-occasion.fr\/magazine\/wp-json\/wp\/v2\/types\/post"}],"author":[{"embeddable":true,"href":"https:\/\/www.mobilier-design-occasion.fr\/magazine\/wp-json\/wp\/v2\/users\/1"}],"replies":[{"embeddable":true,"href":"https:\/\/www.mobilier-design-occasion.fr\/magazine\/wp-json\/wp\/v2\/comments?post=6302"}],"version-history":[{"count":1,"href":"https:\/\/www.mobilier-design-occasion.fr\/magazine\/wp-json\/wp\/v2\/posts\/6302\/revisions"}],"predecessor-version":[{"id":6305,"href":"https:\/\/www.mobilier-design-occasion.fr\/magazine\/wp-json\/wp\/v2\/posts\/6302\/revisions\/6305"}],"wp:featuredmedia":[{"embeddable":true,"href":"https:\/\/www.mobilier-design-occasion.fr\/magazine\/wp-json\/wp\/v2\/media\/6290"}],"wp:attachment":[{"href":"https:\/\/www.mobilier-design-occasion.fr\/magazine\/wp-json\/wp\/v2\/media?parent=6302"}],"wp:term":[{"taxonomy":"category","embeddable":true,"href":"https:\/\/www.mobilier-design-occasion.fr\/magazine\/wp-json\/wp\/v2\/categories?post=6302"},{"taxonomy":"post_tag","embeddable":true,"href":"https:\/\/www.mobilier-design-occasion.fr\/magazine\/wp-json\/wp\/v2\/tags?post=6302"}],"curies":[{"name":"wp","href":"https:\/\/api.w.org\/{rel}","templated":true}]}}