{"id":6196,"date":"2022-11-30T10:24:35","date_gmt":"2022-11-30T10:24:35","guid":{"rendered":"https:\/\/www.mobilier-design-occasion.fr\/magazine\/?p=6196"},"modified":"2023-09-25T13:40:09","modified_gmt":"2023-09-25T13:40:09","slug":"comment-faire-pour-acheter-un-mobilier-de-collection","status":"publish","type":"post","link":"https:\/\/www.mobilier-design-occasion.fr\/magazine\/comment-faire-pour-acheter-un-mobilier-de-collection\/","title":{"rendered":"Comment faire pour acheter un mobilier de collection?"},"content":{"rendered":"\n<p>Les mobiliers rares et originaux fascinent pour leur caract\u00e8re styl\u00e9 et ind\u00e9modable. D\u00e9couvrez les astuces pour que vous puissiez d\u00e9goter des meubles en tirage limit\u00e9.<\/p>\n\n\n\n<h2 class=\"wp-block-heading\"><span class=\"ez-toc-section\" id=\"Comment_denicher_du_mobilier_de_collection_en_edition_limitee\"><\/span>Comment d\u00e9nicher du mobilier de collection en \u00e9dition limit\u00e9e?<span class=\"ez-toc-section-end\"><\/span><\/h2><div id=\"ez-toc-container\" class=\"ez-toc-v2_0_82_2 counter-hierarchy ez-toc-counter ez-toc-grey ez-toc-container-direction\">\n<div class=\"ez-toc-title-container\">\n<span class=\"ez-toc-title-toggle\"><a href=\"#\" class=\"ez-toc-pull-right ez-toc-btn ez-toc-btn-xs ez-toc-btn-default ez-toc-toggle\" aria-label=\"Toggle Table of Content\"><span class=\"ez-toc-js-icon-con\"><span class=\"\"><span class=\"eztoc-hide\" style=\"display:none;\">Toggle<\/span><span class=\"ez-toc-icon-toggle-span\"><svg style=\"fill: #999;color:#999\" xmlns=\"http:\/\/www.w3.org\/2000\/svg\" class=\"list-377408\" width=\"20px\" height=\"20px\" viewBox=\"0 0 24 24\" fill=\"none\"><path d=\"M6 6H4v2h2V6zm14 0H8v2h12V6zM4 11h2v2H4v-2zm16 0H8v2h12v-2zM4 16h2v2H4v-2zm16 0H8v2h12v-2z\" fill=\"currentColor\"><\/path><\/svg><svg style=\"fill: #999;color:#999\" class=\"arrow-unsorted-368013\" xmlns=\"http:\/\/www.w3.org\/2000\/svg\" width=\"10px\" height=\"10px\" viewBox=\"0 0 24 24\" version=\"1.2\" baseProfile=\"tiny\"><path d=\"M18.2 9.3l-6.2-6.3-6.2 6.3c-.2.2-.3.4-.3.7s.1.5.3.7c.2.2.4.3.7.3h11c.3 0 .5-.1.7-.3.2-.2.3-.5.3-.7s-.1-.5-.3-.7zM5.8 14.7l6.2 6.3 6.2-6.3c.2-.2.3-.5.3-.7s-.1-.5-.3-.7c-.2-.2-.4-.3-.7-.3h-11c-.3 0-.5.1-.7.3-.2.2-.3.5-.3.7s.1.5.3.7z\"\/><\/svg><\/span><\/span><\/span><\/a><\/span><\/div>\n<nav><ul class='ez-toc-list ez-toc-list-level-1 eztoc-toggle-hide-by-default' ><li class='ez-toc-page-1 ez-toc-heading-level-2'><a class=\"ez-toc-link ez-toc-heading-1\" href=\"https:\/\/www.mobilier-design-occasion.fr\/magazine\/comment-faire-pour-acheter-un-mobilier-de-collection\/#Comment_denicher_du_mobilier_de_collection_en_edition_limitee\" >Comment d\u00e9nicher du mobilier de collection en \u00e9dition limit\u00e9e?<\/a><\/li><li class='ez-toc-page-1 ez-toc-heading-level-2'><a class=\"ez-toc-link ez-toc-heading-2\" href=\"https:\/\/www.mobilier-design-occasion.fr\/magazine\/comment-faire-pour-acheter-un-mobilier-de-collection\/#Ou_trouver_des_meubles_de_collection\" >O\u00f9 trouver des meubles de collection?\u00a0<\/a><\/li><li class='ez-toc-page-1 ez-toc-heading-level-2'><a class=\"ez-toc-link ez-toc-heading-3\" href=\"https:\/\/www.mobilier-design-occasion.fr\/magazine\/comment-faire-pour-acheter-un-mobilier-de-collection\/#Pourquoi_opter_pour_des_meubles_de_collection\" >Pourquoi opter pour des meubles de collection?\u00a0<\/a><\/li><li class='ez-toc-page-1 ez-toc-heading-level-2'><a class=\"ez-toc-link ez-toc-heading-4\" href=\"https:\/\/www.mobilier-design-occasion.fr\/magazine\/comment-faire-pour-acheter-un-mobilier-de-collection\/#Pourquoi_les_artistes_concoivent_des_meubles_de_collection%E2%80%89\" >Pourquoi les artistes con\u00e7oivent des meubles de collection\u2009?&nbsp;<\/a><\/li><\/ul><\/nav><\/div>\n\n\n\n\n<p>L\u2019am\u00e9nagement d\u2019un <strong>mobillier de collection <\/strong>permet \u00e0 un habitat de se diff\u00e9rencier des autres \u00e0 cause du look qu\u2019il projette dans la pi\u00e8ce o\u00f9 il sera plac\u00e9. La possession de ce type de meuble est donc un atout d\u2019un point de vue <a href=\"https:\/\/www.mobilier-design-occasion.fr\/magazine\/table-tulipe-knoll-indemodable-du-design\/\">design<\/a>. Offrant une touche romantique \u00e0 une pi\u00e8ce vintage, les <strong>meubles rares<\/strong> sont d\u00e9clin\u00e9s sous diverses vari\u00e9t\u00e9s comme le cabinet de Badminton qui constituait l\u2019un des plus grands \u0153uvres Florentine du 18\u00e8me si\u00e8cle. Imaginez-vous que ce meuble a \u00e9t\u00e9 vendu \u00e0 27,5 millions d\u2019euros en 2004. Mais rassurez-vous, il existe des mobiliers accessibles pour toutes les cat\u00e9gories de budgets.<\/p>\n\n\n\n<figure class=\"wp-block-image size-large\"><img loading=\"lazy\" decoding=\"async\" width=\"1024\" height=\"1024\" src=\"https:\/\/www.mobilier-design-occasion.fr\/magazine\/wp-content\/uploads\/2022\/11\/5-1024x1024.jpg\" alt=\"\" class=\"wp-image-6197\" srcset=\"https:\/\/www.mobilier-design-occasion.fr\/magazine\/wp-content\/uploads\/2022\/11\/5-1024x1024.jpg 1024w, https:\/\/www.mobilier-design-occasion.fr\/magazine\/wp-content\/uploads\/2022\/11\/5-300x300.jpg 300w, https:\/\/www.mobilier-design-occasion.fr\/magazine\/wp-content\/uploads\/2022\/11\/5-150x150.jpg 150w, https:\/\/www.mobilier-design-occasion.fr\/magazine\/wp-content\/uploads\/2022\/11\/5-768x768.jpg 768w, https:\/\/www.mobilier-design-occasion.fr\/magazine\/wp-content\/uploads\/2022\/11\/5-810x810.jpg 810w, https:\/\/www.mobilier-design-occasion.fr\/magazine\/wp-content\/uploads\/2022\/11\/5.jpg 1080w\" sizes=\"auto, (max-width: 1024px) 100vw, 1024px\" \/><\/figure>\n\n\n\n<h2 class=\"wp-block-heading\"><span class=\"ez-toc-section\" id=\"Ou_trouver_des_meubles_de_collection\"><\/span>O\u00f9 trouver des meubles de collection?\u00a0<span class=\"ez-toc-section-end\"><\/span><\/h2>\n\n\n\n<p>Pour un <strong>collectionneur<\/strong>, un <a href=\"https:\/\/www.mobilier-design-occasion.fr\/magazine\/test-avis-sur-la-redoute-interieurs-am-pm\/\">mobilier<\/a> en <strong>\u00e9dition limit\u00e9e<\/strong> fait partie des articles \u00e0 absolument avoir. En effet, il s\u2019agit d\u2019un objet sortant de l\u2019ordinaire, mais dont les \u00e9b\u00e9nistes ont pass\u00e9 du temps \u00e0 cr\u00e9er. \u00c0 cause de cette raret\u00e9, les fins connaisseurs sont pr\u00eats \u00e0 y mettre le prix.<\/p>\n\n\n\n<p>Que vous soyez acheteur ou vendeur, avoir le flair est une facult\u00e9 indissociable quand on d\u00e9sire se lancer dans la <strong>collection de meubles<\/strong> en <strong>\u00e9dition limit\u00e9e <\/strong>sur le march\u00e9. D\u2019ailleurs, sachez qu\u2019en tant que <strong>collectionneur<\/strong>, c\u2019est le nombre de perles rares que vous d\u00e9tenez \u00e0 la maison ou votre lieu de stockage qui compte. Mais au-del\u00e0 de cet aspect rarissime, vous devez \u00e9galement tenir compte de la qualit\u00e9 de l\u2019article. Dans cette optique, il est normal de s\u2019orienter vers un magasin expert dans <a href=\"https:\/\/leclaireur.com\/collections\/meubles\">la vente de <strong>meubles rares<\/strong><\/a><strong> <\/strong>qui propose des collections vari\u00e9es de produits allant des chaises aux tables.<\/p>\n\n\n\n<p>L\u2019acheteur peut \u00e9galement acheter une <strong>collection de meubles<\/strong> aupr\u00e8s des brocantes et antiquaires. Cependant, dans le cas o\u00f9 vous choisissez l\u2019option de la brocanterie, vous devez pr\u00e9voir une restauration. Les frais de r\u00e9novation viendront alors s\u2019ajouter au prix d\u2019achat du meuble.<\/p>\n\n\n\n<p>Pour acqu\u00e9rir des ameublements rares, vous pouvez encore miser sur les annonces. Ici, il existe deux m\u00e9thodes qui peuvent \u00eatre adopt\u00e9es. Soit, vous r\u00e9pondez \u00e0 des annonces de vendeurs potentiels sur internet. Bien que cela soit rare, il s\u2019agit quand m\u00eame d\u2019une astuce \u00e0 votre disposition pour acqu\u00e9rir ces meubles valeureux. Soit, vous d\u00e9posez une annonce en ligne sur les types et les caract\u00e9ristiques de mobiliers que vous souhaitez vous procurer. Enfin, le <strong>collectionneur <\/strong>peut assister \u00e0 des ventes aux ench\u00e8res.<\/p>\n\n\n\n<h2 class=\"wp-block-heading\"><span class=\"ez-toc-section\" id=\"Pourquoi_opter_pour_des_meubles_de_collection\"><\/span>Pourquoi opter pour des meubles de collection?\u00a0<span class=\"ez-toc-section-end\"><\/span><\/h2>\n\n\n\n<p>Les meubles fabriqu\u00e9s en <strong>\u00e9dition limit\u00e9e<\/strong> ne sont pas syst\u00e9matiquement vieillots. Certes, il existe des mobiliers \u00e2g\u00e9s con\u00e7us lors des mouvements artistiques comme de l\u2019art d\u00e9co ou l\u2019art contemporain, mais vous trouverez aussi des mobiliers modernes r\u00e9pondant \u00e0 la description. Il est donc facile de trouver la bonne combinaison avec votre style d\u00e9coratif.<\/p>\n\n\n\n<p>En outre, les mobiliers de collection sont capables d\u2019emmener un c\u00f4t\u00e9 glamour et \u00e9l\u00e9gant \u00e0 votre d\u00e9coration int\u00e9rieure. \u00c9voquons aussi l\u2019aspect chic des meubles surtout si les artisans utilisaient des mati\u00e8res nobles telles que le <a href=\"https:\/\/www.mobilier-design-occasion.fr\/magazine\/avis-mathy-by-bols\/\">bois<\/a>. Convaincu\u2009? Avant d\u2019acheter un <strong>mobilier de collection<\/strong>, n\u2019h\u00e9sitez pas \u00e0 d\u00e9couvrir l\u2019histoire du designer, ses styles et ses sources d\u2019inspiration.<\/p>\n\n\n\n<h2 class=\"wp-block-heading\"><span class=\"ez-toc-section\" id=\"Pourquoi_les_artistes_concoivent_des_meubles_de_collection%E2%80%89\"><\/span>Pourquoi les artistes con\u00e7oivent des meubles de collection\u2009?&nbsp;<span class=\"ez-toc-section-end\"><\/span><\/h2>\n\n\n\n<p>Les \u00e9b\u00e9nistes ont veill\u00e9 \u00e0 ce que les articles qu\u2019ils cr\u00e9ent soient limit\u00e9s \u00e0 moins d\u2019une dizaine d\u2019exemplaires. Cela signifie que vous pourriez \u00eatre l\u2019un des \u00e9lus qui pourraient exposer le <strong>mobilier de collection <\/strong>chez vous. Les artisans visionnaires choisissent de limiter leur production pour diff\u00e9rentes raisons. G\u00e9n\u00e9ralement, cette d\u00e9marche est li\u00e9e \u00e0 un probl\u00e8me de ressources puisqu\u2019ils n\u2019ont pas la capacit\u00e9 financi\u00e8re d\u2019assurer une production en s\u00e9rie. Ils con\u00e7oivent alors leurs produits avec passion. C\u2019est ce sentiment qu\u2019il va transmettre aux acheteurs.<\/p>\n","protected":false},"excerpt":{"rendered":"<p>Les mobiliers rares et originaux fascinent pour leur caract\u00e8re styl\u00e9 et ind\u00e9modable. D\u00e9couvrez les astuces pour que vous puissiez d\u00e9goter des meubles en tirage limit\u00e9. Comment d\u00e9nicher du mobilier de collection en \u00e9dition limit\u00e9e? L\u2019am\u00e9nagement d\u2019un mobillier de collection permet \u00e0 un habitat de se diff\u00e9rencier des autres \u00e0 cause du look qu\u2019il projette dans [&hellip;]<\/p>\n","protected":false},"author":1,"featured_media":6198,"comment_status":"open","ping_status":"open","sticky":false,"template":"","format":"standard","meta":{"footnotes":""},"categories":[2],"tags":[],"class_list":["post-6196","post","type-post","status-publish","format-standard","has-post-thumbnail","hentry","category-tendances"],"yoast_head":"<!-- This site is optimized with the Yoast SEO plugin v27.5 - https:\/\/yoast.com\/product\/yoast-seo-wordpress\/ -->\n<title>Comment faire pour acheter un mobilier de collection? - Mobilier Design Magazine<\/title>\n<meta name=\"robots\" content=\"index, follow, max-snippet:-1, max-image-preview:large, max-video-preview:-1\" \/>\n<link rel=\"canonical\" href=\"https:\/\/www.mobilier-design-occasion.fr\/magazine\/comment-faire-pour-acheter-un-mobilier-de-collection\/\" \/>\n<meta property=\"og:locale\" content=\"fr_FR\" \/>\n<meta property=\"og:type\" content=\"article\" \/>\n<meta property=\"og:title\" content=\"Comment faire pour acheter un mobilier de collection? - Mobilier Design Magazine\" \/>\n<meta property=\"og:description\" content=\"Les mobiliers rares et originaux fascinent pour leur caract\u00e8re styl\u00e9 et ind\u00e9modable. D\u00e9couvrez les astuces pour que vous puissiez d\u00e9goter des meubles en tirage limit\u00e9. Comment d\u00e9nicher du mobilier de collection en \u00e9dition limit\u00e9e? L\u2019am\u00e9nagement d\u2019un mobillier de collection permet \u00e0 un habitat de se diff\u00e9rencier des autres \u00e0 cause du look qu\u2019il projette dans [&hellip;]\" \/>\n<meta property=\"og:url\" content=\"https:\/\/www.mobilier-design-occasion.fr\/magazine\/comment-faire-pour-acheter-un-mobilier-de-collection\/\" \/>\n<meta property=\"og:site_name\" content=\"Mobilier Design Magazine\" \/>\n<meta property=\"article:publisher\" content=\"https:\/\/www.facebook.com\/mobilierdesignoccasion\" \/>\n<meta property=\"article:published_time\" content=\"2022-11-30T10:24:35+00:00\" \/>\n<meta property=\"article:modified_time\" content=\"2023-09-25T13:40:09+00:00\" \/>\n<meta property=\"og:image\" content=\"https:\/\/www.mobilier-design-occasion.fr\/magazine\/wp-content\/uploads\/2022\/11\/6.jpg\" \/>\n\t<meta property=\"og:image:width\" content=\"1080\" \/>\n\t<meta property=\"og:image:height\" content=\"1080\" \/>\n\t<meta property=\"og:image:type\" content=\"image\/jpeg\" \/>\n<meta name=\"author\" content=\"Cyrielle Poirot\" \/>\n<meta name=\"twitter:card\" content=\"summary_large_image\" \/>\n<meta name=\"twitter:label1\" content=\"\u00c9crit par\" \/>\n\t<meta name=\"twitter:data1\" content=\"Cyrielle Poirot\" \/>\n\t<meta name=\"twitter:label2\" content=\"Dur\u00e9e de lecture estim\u00e9e\" \/>\n\t<meta name=\"twitter:data2\" content=\"4 minutes\" \/>\n<script type=\"application\/ld+json\" class=\"yoast-schema-graph\">{\"@context\":\"https:\\\/\\\/schema.org\",\"@graph\":[{\"@type\":\"Article\",\"@id\":\"https:\\\/\\\/www.mobilier-design-occasion.fr\\\/magazine\\\/comment-faire-pour-acheter-un-mobilier-de-collection\\\/#article\",\"isPartOf\":{\"@id\":\"https:\\\/\\\/www.mobilier-design-occasion.fr\\\/magazine\\\/comment-faire-pour-acheter-un-mobilier-de-collection\\\/\"},\"author\":{\"name\":\"Cyrielle Poirot\",\"@id\":\"https:\\\/\\\/www.mobilier-design-occasion.fr\\\/magazine\\\/#\\\/schema\\\/person\\\/5b2e5627a714ddadaaf8c9b886c55eff\"},\"headline\":\"Comment faire pour acheter un mobilier de collection?\",\"datePublished\":\"2022-11-30T10:24:35+00:00\",\"dateModified\":\"2023-09-25T13:40:09+00:00\",\"mainEntityOfPage\":{\"@id\":\"https:\\\/\\\/www.mobilier-design-occasion.fr\\\/magazine\\\/comment-faire-pour-acheter-un-mobilier-de-collection\\\/\"},\"wordCount\":709,\"commentCount\":0,\"publisher\":{\"@id\":\"https:\\\/\\\/www.mobilier-design-occasion.fr\\\/magazine\\\/#organization\"},\"image\":{\"@id\":\"https:\\\/\\\/www.mobilier-design-occasion.fr\\\/magazine\\\/comment-faire-pour-acheter-un-mobilier-de-collection\\\/#primaryimage\"},\"thumbnailUrl\":\"https:\\\/\\\/www.mobilier-design-occasion.fr\\\/magazine\\\/wp-content\\\/uploads\\\/2022\\\/11\\\/6.jpg\",\"articleSection\":[\"Tendances\"],\"inLanguage\":\"fr-FR\",\"potentialAction\":[{\"@type\":\"CommentAction\",\"name\":\"Comment\",\"target\":[\"https:\\\/\\\/www.mobilier-design-occasion.fr\\\/magazine\\\/comment-faire-pour-acheter-un-mobilier-de-collection\\\/#respond\"]}]},{\"@type\":\"WebPage\",\"@id\":\"https:\\\/\\\/www.mobilier-design-occasion.fr\\\/magazine\\\/comment-faire-pour-acheter-un-mobilier-de-collection\\\/\",\"url\":\"https:\\\/\\\/www.mobilier-design-occasion.fr\\\/magazine\\\/comment-faire-pour-acheter-un-mobilier-de-collection\\\/\",\"name\":\"Comment faire pour acheter un mobilier de collection? - Mobilier Design Magazine\",\"isPartOf\":{\"@id\":\"https:\\\/\\\/www.mobilier-design-occasion.fr\\\/magazine\\\/#website\"},\"primaryImageOfPage\":{\"@id\":\"https:\\\/\\\/www.mobilier-design-occasion.fr\\\/magazine\\\/comment-faire-pour-acheter-un-mobilier-de-collection\\\/#primaryimage\"},\"image\":{\"@id\":\"https:\\\/\\\/www.mobilier-design-occasion.fr\\\/magazine\\\/comment-faire-pour-acheter-un-mobilier-de-collection\\\/#primaryimage\"},\"thumbnailUrl\":\"https:\\\/\\\/www.mobilier-design-occasion.fr\\\/magazine\\\/wp-content\\\/uploads\\\/2022\\\/11\\\/6.jpg\",\"datePublished\":\"2022-11-30T10:24:35+00:00\",\"dateModified\":\"2023-09-25T13:40:09+00:00\",\"breadcrumb\":{\"@id\":\"https:\\\/\\\/www.mobilier-design-occasion.fr\\\/magazine\\\/comment-faire-pour-acheter-un-mobilier-de-collection\\\/#breadcrumb\"},\"inLanguage\":\"fr-FR\",\"potentialAction\":[{\"@type\":\"ReadAction\",\"target\":[\"https:\\\/\\\/www.mobilier-design-occasion.fr\\\/magazine\\\/comment-faire-pour-acheter-un-mobilier-de-collection\\\/\"]}]},{\"@type\":\"ImageObject\",\"inLanguage\":\"fr-FR\",\"@id\":\"https:\\\/\\\/www.mobilier-design-occasion.fr\\\/magazine\\\/comment-faire-pour-acheter-un-mobilier-de-collection\\\/#primaryimage\",\"url\":\"https:\\\/\\\/www.mobilier-design-occasion.fr\\\/magazine\\\/wp-content\\\/uploads\\\/2022\\\/11\\\/6.jpg\",\"contentUrl\":\"https:\\\/\\\/www.mobilier-design-occasion.fr\\\/magazine\\\/wp-content\\\/uploads\\\/2022\\\/11\\\/6.jpg\",\"width\":1080,\"height\":1080},{\"@type\":\"BreadcrumbList\",\"@id\":\"https:\\\/\\\/www.mobilier-design-occasion.fr\\\/magazine\\\/comment-faire-pour-acheter-un-mobilier-de-collection\\\/#breadcrumb\",\"itemListElement\":[{\"@type\":\"ListItem\",\"position\":1,\"name\":\"Accueil\",\"item\":\"https:\\\/\\\/www.mobilier-design-occasion.fr\\\/magazine\\\/\"},{\"@type\":\"ListItem\",\"position\":2,\"name\":\"Comment faire pour acheter un mobilier de collection?\"}]},{\"@type\":\"WebSite\",\"@id\":\"https:\\\/\\\/www.mobilier-design-occasion.fr\\\/magazine\\\/#website\",\"url\":\"https:\\\/\\\/www.mobilier-design-occasion.fr\\\/magazine\\\/\",\"name\":\"Mobilier Design Magazine\",\"description\":\"\",\"publisher\":{\"@id\":\"https:\\\/\\\/www.mobilier-design-occasion.fr\\\/magazine\\\/#organization\"},\"potentialAction\":[{\"@type\":\"SearchAction\",\"target\":{\"@type\":\"EntryPoint\",\"urlTemplate\":\"https:\\\/\\\/www.mobilier-design-occasion.fr\\\/magazine\\\/?s={search_term_string}\"},\"query-input\":{\"@type\":\"PropertyValueSpecification\",\"valueRequired\":true,\"valueName\":\"search_term_string\"}}],\"inLanguage\":\"fr-FR\"},{\"@type\":\"Organization\",\"@id\":\"https:\\\/\\\/www.mobilier-design-occasion.fr\\\/magazine\\\/#organization\",\"name\":\"Mobilier Design Magazine\",\"url\":\"https:\\\/\\\/www.mobilier-design-occasion.fr\\\/magazine\\\/\",\"logo\":{\"@type\":\"ImageObject\",\"inLanguage\":\"fr-FR\",\"@id\":\"https:\\\/\\\/www.mobilier-design-occasion.fr\\\/magazine\\\/#\\\/schema\\\/logo\\\/image\\\/\",\"url\":\"https:\\\/\\\/www.mobilier-design-occasion.fr\\\/magazine\\\/wp-content\\\/uploads\\\/2024\\\/02\\\/android-chrome-192x192-1.png\",\"contentUrl\":\"https:\\\/\\\/www.mobilier-design-occasion.fr\\\/magazine\\\/wp-content\\\/uploads\\\/2024\\\/02\\\/android-chrome-192x192-1.png\",\"width\":192,\"height\":192,\"caption\":\"Mobilier Design Magazine\"},\"image\":{\"@id\":\"https:\\\/\\\/www.mobilier-design-occasion.fr\\\/magazine\\\/#\\\/schema\\\/logo\\\/image\\\/\"},\"sameAs\":[\"https:\\\/\\\/www.facebook.com\\\/mobilierdesignoccasion\"]},{\"@type\":\"Person\",\"@id\":\"https:\\\/\\\/www.mobilier-design-occasion.fr\\\/magazine\\\/#\\\/schema\\\/person\\\/5b2e5627a714ddadaaf8c9b886c55eff\",\"name\":\"Cyrielle Poirot\",\"image\":{\"@type\":\"ImageObject\",\"inLanguage\":\"fr-FR\",\"@id\":\"https:\\\/\\\/secure.gravatar.com\\\/avatar\\\/c8d2674e093b06894d8d1dc468b626bd752523471f3ac6e75f7c7a1400d40b4d?s=96&d=mm&r=g\",\"url\":\"https:\\\/\\\/secure.gravatar.com\\\/avatar\\\/c8d2674e093b06894d8d1dc468b626bd752523471f3ac6e75f7c7a1400d40b4d?s=96&d=mm&r=g\",\"contentUrl\":\"https:\\\/\\\/secure.gravatar.com\\\/avatar\\\/c8d2674e093b06894d8d1dc468b626bd752523471f3ac6e75f7c7a1400d40b4d?s=96&d=mm&r=g\",\"caption\":\"Cyrielle Poirot\"},\"description\":\"Cyrielle est passionn\u00e9e par la d\u00e9coration d'int\u00e9rieur et s'est sp\u00e9cialis\u00e9e depuis quelques ann\u00e9es dans l'\u00e9dition du site Mobilier-Design, avec une touche sp\u00e9cifique pour les produits d'occasion.\",\"sameAs\":[\"https:\\\/\\\/www.mobilier-design-occasion.fr\\\/magazine\"],\"url\":\"https:\\\/\\\/www.mobilier-design-occasion.fr\\\/magazine\\\/author\\\/cyrielle\\\/\"}]}<\/script>\n<!-- \/ Yoast SEO plugin. -->","yoast_head_json":{"title":"Comment faire pour acheter un mobilier de collection? - Mobilier Design Magazine","robots":{"index":"index","follow":"follow","max-snippet":"max-snippet:-1","max-image-preview":"max-image-preview:large","max-video-preview":"max-video-preview:-1"},"canonical":"https:\/\/www.mobilier-design-occasion.fr\/magazine\/comment-faire-pour-acheter-un-mobilier-de-collection\/","og_locale":"fr_FR","og_type":"article","og_title":"Comment faire pour acheter un mobilier de collection? - Mobilier Design Magazine","og_description":"Les mobiliers rares et originaux fascinent pour leur caract\u00e8re styl\u00e9 et ind\u00e9modable. D\u00e9couvrez les astuces pour que vous puissiez d\u00e9goter des meubles en tirage limit\u00e9. Comment d\u00e9nicher du mobilier de collection en \u00e9dition limit\u00e9e? L\u2019am\u00e9nagement d\u2019un mobillier de collection permet \u00e0 un habitat de se diff\u00e9rencier des autres \u00e0 cause du look qu\u2019il projette dans [&hellip;]","og_url":"https:\/\/www.mobilier-design-occasion.fr\/magazine\/comment-faire-pour-acheter-un-mobilier-de-collection\/","og_site_name":"Mobilier Design Magazine","article_publisher":"https:\/\/www.facebook.com\/mobilierdesignoccasion","article_published_time":"2022-11-30T10:24:35+00:00","article_modified_time":"2023-09-25T13:40:09+00:00","og_image":[{"width":1080,"height":1080,"url":"https:\/\/www.mobilier-design-occasion.fr\/magazine\/wp-content\/uploads\/2022\/11\/6.jpg","type":"image\/jpeg"}],"author":"Cyrielle Poirot","twitter_card":"summary_large_image","twitter_misc":{"\u00c9crit par":"Cyrielle Poirot","Dur\u00e9e de lecture estim\u00e9e":"4 minutes"},"schema":{"@context":"https:\/\/schema.org","@graph":[{"@type":"Article","@id":"https:\/\/www.mobilier-design-occasion.fr\/magazine\/comment-faire-pour-acheter-un-mobilier-de-collection\/#article","isPartOf":{"@id":"https:\/\/www.mobilier-design-occasion.fr\/magazine\/comment-faire-pour-acheter-un-mobilier-de-collection\/"},"author":{"name":"Cyrielle Poirot","@id":"https:\/\/www.mobilier-design-occasion.fr\/magazine\/#\/schema\/person\/5b2e5627a714ddadaaf8c9b886c55eff"},"headline":"Comment faire pour acheter un mobilier de collection?","datePublished":"2022-11-30T10:24:35+00:00","dateModified":"2023-09-25T13:40:09+00:00","mainEntityOfPage":{"@id":"https:\/\/www.mobilier-design-occasion.fr\/magazine\/comment-faire-pour-acheter-un-mobilier-de-collection\/"},"wordCount":709,"commentCount":0,"publisher":{"@id":"https:\/\/www.mobilier-design-occasion.fr\/magazine\/#organization"},"image":{"@id":"https:\/\/www.mobilier-design-occasion.fr\/magazine\/comment-faire-pour-acheter-un-mobilier-de-collection\/#primaryimage"},"thumbnailUrl":"https:\/\/www.mobilier-design-occasion.fr\/magazine\/wp-content\/uploads\/2022\/11\/6.jpg","articleSection":["Tendances"],"inLanguage":"fr-FR","potentialAction":[{"@type":"CommentAction","name":"Comment","target":["https:\/\/www.mobilier-design-occasion.fr\/magazine\/comment-faire-pour-acheter-un-mobilier-de-collection\/#respond"]}]},{"@type":"WebPage","@id":"https:\/\/www.mobilier-design-occasion.fr\/magazine\/comment-faire-pour-acheter-un-mobilier-de-collection\/","url":"https:\/\/www.mobilier-design-occasion.fr\/magazine\/comment-faire-pour-acheter-un-mobilier-de-collection\/","name":"Comment faire pour acheter un mobilier de collection? - Mobilier Design Magazine","isPartOf":{"@id":"https:\/\/www.mobilier-design-occasion.fr\/magazine\/#website"},"primaryImageOfPage":{"@id":"https:\/\/www.mobilier-design-occasion.fr\/magazine\/comment-faire-pour-acheter-un-mobilier-de-collection\/#primaryimage"},"image":{"@id":"https:\/\/www.mobilier-design-occasion.fr\/magazine\/comment-faire-pour-acheter-un-mobilier-de-collection\/#primaryimage"},"thumbnailUrl":"https:\/\/www.mobilier-design-occasion.fr\/magazine\/wp-content\/uploads\/2022\/11\/6.jpg","datePublished":"2022-11-30T10:24:35+00:00","dateModified":"2023-09-25T13:40:09+00:00","breadcrumb":{"@id":"https:\/\/www.mobilier-design-occasion.fr\/magazine\/comment-faire-pour-acheter-un-mobilier-de-collection\/#breadcrumb"},"inLanguage":"fr-FR","potentialAction":[{"@type":"ReadAction","target":["https:\/\/www.mobilier-design-occasion.fr\/magazine\/comment-faire-pour-acheter-un-mobilier-de-collection\/"]}]},{"@type":"ImageObject","inLanguage":"fr-FR","@id":"https:\/\/www.mobilier-design-occasion.fr\/magazine\/comment-faire-pour-acheter-un-mobilier-de-collection\/#primaryimage","url":"https:\/\/www.mobilier-design-occasion.fr\/magazine\/wp-content\/uploads\/2022\/11\/6.jpg","contentUrl":"https:\/\/www.mobilier-design-occasion.fr\/magazine\/wp-content\/uploads\/2022\/11\/6.jpg","width":1080,"height":1080},{"@type":"BreadcrumbList","@id":"https:\/\/www.mobilier-design-occasion.fr\/magazine\/comment-faire-pour-acheter-un-mobilier-de-collection\/#breadcrumb","itemListElement":[{"@type":"ListItem","position":1,"name":"Accueil","item":"https:\/\/www.mobilier-design-occasion.fr\/magazine\/"},{"@type":"ListItem","position":2,"name":"Comment faire pour acheter un mobilier de collection?"}]},{"@type":"WebSite","@id":"https:\/\/www.mobilier-design-occasion.fr\/magazine\/#website","url":"https:\/\/www.mobilier-design-occasion.fr\/magazine\/","name":"Mobilier Design Magazine","description":"","publisher":{"@id":"https:\/\/www.mobilier-design-occasion.fr\/magazine\/#organization"},"potentialAction":[{"@type":"SearchAction","target":{"@type":"EntryPoint","urlTemplate":"https:\/\/www.mobilier-design-occasion.fr\/magazine\/?s={search_term_string}"},"query-input":{"@type":"PropertyValueSpecification","valueRequired":true,"valueName":"search_term_string"}}],"inLanguage":"fr-FR"},{"@type":"Organization","@id":"https:\/\/www.mobilier-design-occasion.fr\/magazine\/#organization","name":"Mobilier Design Magazine","url":"https:\/\/www.mobilier-design-occasion.fr\/magazine\/","logo":{"@type":"ImageObject","inLanguage":"fr-FR","@id":"https:\/\/www.mobilier-design-occasion.fr\/magazine\/#\/schema\/logo\/image\/","url":"https:\/\/www.mobilier-design-occasion.fr\/magazine\/wp-content\/uploads\/2024\/02\/android-chrome-192x192-1.png","contentUrl":"https:\/\/www.mobilier-design-occasion.fr\/magazine\/wp-content\/uploads\/2024\/02\/android-chrome-192x192-1.png","width":192,"height":192,"caption":"Mobilier Design Magazine"},"image":{"@id":"https:\/\/www.mobilier-design-occasion.fr\/magazine\/#\/schema\/logo\/image\/"},"sameAs":["https:\/\/www.facebook.com\/mobilierdesignoccasion"]},{"@type":"Person","@id":"https:\/\/www.mobilier-design-occasion.fr\/magazine\/#\/schema\/person\/5b2e5627a714ddadaaf8c9b886c55eff","name":"Cyrielle Poirot","image":{"@type":"ImageObject","inLanguage":"fr-FR","@id":"https:\/\/secure.gravatar.com\/avatar\/c8d2674e093b06894d8d1dc468b626bd752523471f3ac6e75f7c7a1400d40b4d?s=96&d=mm&r=g","url":"https:\/\/secure.gravatar.com\/avatar\/c8d2674e093b06894d8d1dc468b626bd752523471f3ac6e75f7c7a1400d40b4d?s=96&d=mm&r=g","contentUrl":"https:\/\/secure.gravatar.com\/avatar\/c8d2674e093b06894d8d1dc468b626bd752523471f3ac6e75f7c7a1400d40b4d?s=96&d=mm&r=g","caption":"Cyrielle Poirot"},"description":"Cyrielle est passionn\u00e9e par la d\u00e9coration d'int\u00e9rieur et s'est sp\u00e9cialis\u00e9e depuis quelques ann\u00e9es dans l'\u00e9dition du site Mobilier-Design, avec une touche sp\u00e9cifique pour les produits d'occasion.","sameAs":["https:\/\/www.mobilier-design-occasion.fr\/magazine"],"url":"https:\/\/www.mobilier-design-occasion.fr\/magazine\/author\/cyrielle\/"}]}},"_links":{"self":[{"href":"https:\/\/www.mobilier-design-occasion.fr\/magazine\/wp-json\/wp\/v2\/posts\/6196","targetHints":{"allow":["GET"]}}],"collection":[{"href":"https:\/\/www.mobilier-design-occasion.fr\/magazine\/wp-json\/wp\/v2\/posts"}],"about":[{"href":"https:\/\/www.mobilier-design-occasion.fr\/magazine\/wp-json\/wp\/v2\/types\/post"}],"author":[{"embeddable":true,"href":"https:\/\/www.mobilier-design-occasion.fr\/magazine\/wp-json\/wp\/v2\/users\/1"}],"replies":[{"embeddable":true,"href":"https:\/\/www.mobilier-design-occasion.fr\/magazine\/wp-json\/wp\/v2\/comments?post=6196"}],"version-history":[{"count":1,"href":"https:\/\/www.mobilier-design-occasion.fr\/magazine\/wp-json\/wp\/v2\/posts\/6196\/revisions"}],"predecessor-version":[{"id":6199,"href":"https:\/\/www.mobilier-design-occasion.fr\/magazine\/wp-json\/wp\/v2\/posts\/6196\/revisions\/6199"}],"wp:featuredmedia":[{"embeddable":true,"href":"https:\/\/www.mobilier-design-occasion.fr\/magazine\/wp-json\/wp\/v2\/media\/6198"}],"wp:attachment":[{"href":"https:\/\/www.mobilier-design-occasion.fr\/magazine\/wp-json\/wp\/v2\/media?parent=6196"}],"wp:term":[{"taxonomy":"category","embeddable":true,"href":"https:\/\/www.mobilier-design-occasion.fr\/magazine\/wp-json\/wp\/v2\/categories?post=6196"},{"taxonomy":"post_tag","embeddable":true,"href":"https:\/\/www.mobilier-design-occasion.fr\/magazine\/wp-json\/wp\/v2\/tags?post=6196"}],"curies":[{"name":"wp","href":"https:\/\/api.w.org\/{rel}","templated":true}]}}