{"id":6193,"date":"2022-11-30T10:13:05","date_gmt":"2022-11-30T10:13:05","guid":{"rendered":"https:\/\/www.mobilier-design-occasion.fr\/magazine\/?p=6193"},"modified":"2023-09-25T13:39:47","modified_gmt":"2023-09-25T13:39:47","slug":"tout-savoir-sur-la-vente-aux-encheres-design-a-paris","status":"publish","type":"post","link":"https:\/\/www.mobilier-design-occasion.fr\/magazine\/tout-savoir-sur-la-vente-aux-encheres-design-a-paris\/","title":{"rendered":"Tout savoir sur la vente aux ench\u00e8res design \u00e0 Paris"},"content":{"rendered":"\n<p>Le syst\u00e8me de vente aux ench\u00e8res de meubles <a href=\"https:\/\/www.mobilier-design-occasion.fr\/magazine\/table-tulipe-knoll-indemodable-du-design\/\">design<\/a> b\u00e9n\u00e9ficie de<br>l\u2019essor technologique. La vente aux ench\u00e8res design \u00e0 Paris est devenue ainsi accessible \u00e0 tous.<\/p>\n\n\n\n<h2 class=\"wp-block-heading\"><span class=\"ez-toc-section\" id=\"Assister_a_une_vente_aux_encheres_de_meubles_design_a_Paris\"><\/span>Assister \u00e0 une vente aux ench\u00e8res de meubles design \u00e0 Paris<span class=\"ez-toc-section-end\"><\/span><\/h2><div id=\"ez-toc-container\" class=\"ez-toc-v2_0_82_2 counter-hierarchy ez-toc-counter ez-toc-grey ez-toc-container-direction\">\n<div class=\"ez-toc-title-container\">\n<span class=\"ez-toc-title-toggle\"><a href=\"#\" class=\"ez-toc-pull-right ez-toc-btn ez-toc-btn-xs ez-toc-btn-default ez-toc-toggle\" aria-label=\"Toggle Table of Content\"><span class=\"ez-toc-js-icon-con\"><span class=\"\"><span class=\"eztoc-hide\" style=\"display:none;\">Toggle<\/span><span class=\"ez-toc-icon-toggle-span\"><svg style=\"fill: #999;color:#999\" xmlns=\"http:\/\/www.w3.org\/2000\/svg\" class=\"list-377408\" width=\"20px\" height=\"20px\" viewBox=\"0 0 24 24\" fill=\"none\"><path d=\"M6 6H4v2h2V6zm14 0H8v2h12V6zM4 11h2v2H4v-2zm16 0H8v2h12v-2zM4 16h2v2H4v-2zm16 0H8v2h12v-2z\" fill=\"currentColor\"><\/path><\/svg><svg style=\"fill: #999;color:#999\" class=\"arrow-unsorted-368013\" xmlns=\"http:\/\/www.w3.org\/2000\/svg\" width=\"10px\" height=\"10px\" viewBox=\"0 0 24 24\" version=\"1.2\" baseProfile=\"tiny\"><path d=\"M18.2 9.3l-6.2-6.3-6.2 6.3c-.2.2-.3.4-.3.7s.1.5.3.7c.2.2.4.3.7.3h11c.3 0 .5-.1.7-.3.2-.2.3-.5.3-.7s-.1-.5-.3-.7zM5.8 14.7l6.2 6.3 6.2-6.3c.2-.2.3-.5.3-.7s-.1-.5-.3-.7c-.2-.2-.4-.3-.7-.3h-11c-.3 0-.5.1-.7.3-.2.2-.3.5-.3.7s.1.5.3.7z\"\/><\/svg><\/span><\/span><\/span><\/a><\/span><\/div>\n<nav><ul class='ez-toc-list ez-toc-list-level-1 eztoc-toggle-hide-by-default' ><li class='ez-toc-page-1 ez-toc-heading-level-2'><a class=\"ez-toc-link ez-toc-heading-1\" href=\"https:\/\/www.mobilier-design-occasion.fr\/magazine\/tout-savoir-sur-la-vente-aux-encheres-design-a-paris\/#Assister_a_une_vente_aux_encheres_de_meubles_design_a_Paris\" >Assister \u00e0 une vente aux ench\u00e8res de meubles design \u00e0 Paris<\/a><\/li><li class='ez-toc-page-1 ez-toc-heading-level-2'><a class=\"ez-toc-link ez-toc-heading-2\" href=\"https:\/\/www.mobilier-design-occasion.fr\/magazine\/tout-savoir-sur-la-vente-aux-encheres-design-a-paris\/#Deroulement_dune_vente_aux_encheres_de_meubles\" >D\u00e9roulement d\u2019une vente aux ench\u00e8res de meubles<\/a><\/li><li class='ez-toc-page-1 ez-toc-heading-level-2'><a class=\"ez-toc-link ez-toc-heading-3\" href=\"https:\/\/www.mobilier-design-occasion.fr\/magazine\/tout-savoir-sur-la-vente-aux-encheres-design-a-paris\/#Des_demarches_simplifiees_grace_aux_plateformes_dediees\" >Des d\u00e9marches simplifi\u00e9es gr\u00e2ce aux plateformes d\u00e9di\u00e9es<\/a><\/li><li class='ez-toc-page-1 ez-toc-heading-level-2'><a class=\"ez-toc-link ez-toc-heading-4\" href=\"https:\/\/www.mobilier-design-occasion.fr\/magazine\/tout-savoir-sur-la-vente-aux-encheres-design-a-paris\/#Acheter_et_vendre_un_mobilier_design\" >Acheter et vendre un mobilier design<\/a><\/li><\/ul><\/nav><\/div>\n\n\n\n\n<p>Une <strong>vente aux ench\u00e8res de meuble design<\/strong> est un rendez-vous incontournable pour les passionn\u00e9s d\u00e9coration int\u00e9rieure et d\u2019ameublement. Comme pour des \u0153uvres d\u2019art, des bijoux, ou encore des voitures anciennes, se renseigner et se pr\u00e9parer s\u2019imposent en vue de tirer les meilleurs profits d\u2019un tel \u00e9v\u00e9nement. Tel est le cas pour l\u2019estimation d\u2019un <strong><a href=\"https:\/\/www.mobilier-design-occasion.fr\/magazine\/test-avis-sur-la-redoute-interieurs-am-pm\/\">mobilier<\/a> rare<\/strong> par un sp\u00e9cialiste, plus pr\u00e9cis\u00e9ment un <strong>commissaire-priseur<\/strong>. Pour la vente ou la recherche d\u2019un <strong><a href=\"https:\/\/www.mobilier-design-occasion.fr\/magazine\/nos-idees-pour-amenager-votre-terrasse-avec-fermob\/\">mobilier design<\/a> en ench\u00e8res \u00e0 Paris<\/strong>, voici quelques \u00e9l\u00e9ments qui vous permettent de vous aider \u00e0 mieux proc\u00e9der.<\/p>\n\n\n\n<h2 class=\"wp-block-heading\"><span class=\"ez-toc-section\" id=\"Deroulement_dune_vente_aux_encheres_de_meubles\"><\/span>D\u00e9roulement d\u2019une vente aux ench\u00e8res de meubles<span class=\"ez-toc-section-end\"><\/span><\/h2>\n\n\n\n<p><br>D\u2019une mani\u00e8re g\u00e9n\u00e9rale, la <strong>vente aux ench\u00e8res de meubles design, rares ou anciens <\/strong>se d\u00e9roule dans une <strong>salle de vente<\/strong>. Toutefois, avec la r\u00e9volution du num\u00e9rique, quelques nouveaut\u00e9s ont \u00e9t\u00e9 introduites dans la d\u00e9marche. Aujourd\u2019hui, vous pouvez consulter en amont de l\u2019\u00e9v\u00e9nement un <a href=\"https:\/\/www.aguttes.com\/nos-bureaux\">mobilier design en ench\u00e8res \u00e0 Paris<\/a> en parcourant les produits disponibles sur le site d\u00e9di\u00e9 \u00e0 cet effet. Il s\u2019agit de \u00ab l\u2019exposition des lots \u00bb qui se tient quelques jours avant le jour J. Un des avantages de cette innovation r\u00e9side notamment dans la possibilit\u00e9 de bien vous pr\u00e9parer \u00e0 l\u2019avance. Les d\u00e9placements pour cette \u00e9tape pr\u00e9liminaire vous sont ainsi \u00e9pargn\u00e9s dans le cas o\u00f9 aucun article ne vous int\u00e9resse. N\u00e9anmoins, vu que la vente est organis\u00e9e par des experts, vous y trouverez probablement un mobilier <strong>rare<\/strong>, voire quelques dizaines. <\/p>\n\n\n\n<h2 class=\"wp-block-heading\"><span class=\"ez-toc-section\" id=\"Des_demarches_simplifiees_grace_aux_plateformes_dediees\"><\/span>Des d\u00e9marches simplifi\u00e9es gr\u00e2ce aux plateformes d\u00e9di\u00e9es <span class=\"ez-toc-section-end\"><\/span><\/h2>\n\n\n\n<p>Les plateformes d\u2019ench\u00e8re ont vraiment facilit\u00e9 l\u2019organisation et la participation \u00e0 une <strong>vente aux ench\u00e8res de meubles design<\/strong>. En quelques clics, vous aurez \u00e0 votre disposition tous les d\u00e9tails sur un <strong>mobilier rare<\/strong>, \u00e0 savoir son origine, sa mati\u00e8re de fabrication, etc., et \u00e9ventuellement sa <strong>valeur<\/strong>. D\u2019ailleurs, avec le classement par cat\u00e9gorie, la recherche sera davantage plus ais\u00e9e. Si vous courez juste apr\u00e8s les commodes, les chaises, les tables, les bureaux ou autres, le triage sera simplifi\u00e9. Une fois dans la salle de vente, vous n\u2019avez plus qu\u2019\u00e0 attendre le tour de l\u2019article que vous convoitez. N\u2019oubliez pas de prendre connaissance du num\u00e9ro qui identifie chaque article de votre choix dans le but de le suivre de pr\u00e8s. Si vous n\u2019\u00eates pas disponible le jour J, il faudra mandater une personne agr\u00e9\u00e9e. Celle-ci va suivre la hausse des ench\u00e8res selon le montant maximal que vous indiquerez. Ce qui n\u2019emp\u00eache pas que vous avez acc\u00e8s au suivi \u00e0 distance de la vente, en cas de besoin. Avec la tendance actuelle de la technologie, les nouvelles proc\u00e9dures pr\u00e9sentent la m\u00eame l\u00e9gitimit\u00e9 que leur homologue traditionnelle.<\/p>\n\n\n\n<h2 class=\"wp-block-heading\"><span class=\"ez-toc-section\" id=\"Acheter_et_vendre_un_mobilier_design\"><\/span>Acheter et vendre un mobilier design<span class=\"ez-toc-section-end\"><\/span><\/h2>\n\n\n\n<p>Un autre atout du syst\u00e8me d\u2019ench\u00e8re actuel n\u2019est autre que la facilit\u00e9 de la mise en vente de <strong>votre mobilier design en ench\u00e8res \u00e0 Paris<\/strong>. Quoi qu\u2019il en soit, en tant que vendeur, vous avez int\u00e9r\u00eat \u00e0 collecter toutes les informations utiles pour les potentiels acheteurs. Quant au prix de votre <strong>mobilier rare<\/strong>, passer par un <strong>commissaire-priseur<\/strong> est incontournable. Cet expert en <strong>ench\u00e8re<\/strong> est \u00e9galement l\u2019individu qui va pr\u00e9sider la vente qui aura lieu dans u<strong>ne salle de vente<\/strong>. Durant l\u2019\u00e9v\u00e9nement proprement dit, l\u2019augmentation des prix est encadr\u00e9e par un syst\u00e8me de pas. Cependant, un acheteur a le droit de booster les ench\u00e8res selon sa pr\u00e9f\u00e9rence. Par ailleurs, toute une panoplie de meubles d\u2019occasion est \u00e0 votre disposition lors d\u2019une vente aux ench\u00e8res de meubles design. Une fois que votre proposition de prix est adjug\u00e9e, vous pouvez r\u00e9gler la note et retirer directement le produit afin d\u2019\u00e9viter d\u2019\u00e9ventuels frais de garde.<\/p>\n","protected":false},"excerpt":{"rendered":"<p>Le syst\u00e8me de vente aux ench\u00e8res de meubles design b\u00e9n\u00e9ficie del\u2019essor technologique. La vente aux ench\u00e8res design \u00e0 Paris est devenue ainsi accessible \u00e0 tous. Assister \u00e0 une vente aux ench\u00e8res de meubles design \u00e0 Paris Une vente aux ench\u00e8res de meuble design est un rendez-vous incontournable pour les passionn\u00e9s d\u00e9coration int\u00e9rieure et d\u2019ameublement. Comme [&hellip;]<\/p>\n","protected":false},"author":1,"featured_media":6194,"comment_status":"open","ping_status":"open","sticky":false,"template":"","format":"standard","meta":{"footnotes":""},"categories":[2],"tags":[],"class_list":["post-6193","post","type-post","status-publish","format-standard","has-post-thumbnail","hentry","category-tendances"],"yoast_head":"<!-- This site is optimized with the Yoast SEO plugin v27.5 - https:\/\/yoast.com\/product\/yoast-seo-wordpress\/ -->\n<title>Tout savoir sur la vente aux ench\u00e8res design \u00e0 Paris - Mobilier Design Magazine<\/title>\n<meta name=\"robots\" content=\"index, follow, max-snippet:-1, max-image-preview:large, max-video-preview:-1\" \/>\n<link rel=\"canonical\" href=\"https:\/\/www.mobilier-design-occasion.fr\/magazine\/tout-savoir-sur-la-vente-aux-encheres-design-a-paris\/\" \/>\n<meta property=\"og:locale\" content=\"fr_FR\" \/>\n<meta property=\"og:type\" content=\"article\" \/>\n<meta property=\"og:title\" content=\"Tout savoir sur la vente aux ench\u00e8res design \u00e0 Paris - Mobilier Design Magazine\" \/>\n<meta property=\"og:description\" content=\"Le syst\u00e8me de vente aux ench\u00e8res de meubles design b\u00e9n\u00e9ficie del\u2019essor technologique. La vente aux ench\u00e8res design \u00e0 Paris est devenue ainsi accessible \u00e0 tous. Assister \u00e0 une vente aux ench\u00e8res de meubles design \u00e0 Paris Une vente aux ench\u00e8res de meuble design est un rendez-vous incontournable pour les passionn\u00e9s d\u00e9coration int\u00e9rieure et d\u2019ameublement. Comme [&hellip;]\" \/>\n<meta property=\"og:url\" content=\"https:\/\/www.mobilier-design-occasion.fr\/magazine\/tout-savoir-sur-la-vente-aux-encheres-design-a-paris\/\" \/>\n<meta property=\"og:site_name\" content=\"Mobilier Design Magazine\" \/>\n<meta property=\"article:publisher\" content=\"https:\/\/www.facebook.com\/mobilierdesignoccasion\" \/>\n<meta property=\"article:published_time\" content=\"2022-11-30T10:13:05+00:00\" \/>\n<meta property=\"article:modified_time\" content=\"2023-09-25T13:39:47+00:00\" \/>\n<meta property=\"og:image\" content=\"https:\/\/www.mobilier-design-occasion.fr\/magazine\/wp-content\/uploads\/2022\/11\/3.png\" \/>\n\t<meta property=\"og:image:width\" content=\"1080\" \/>\n\t<meta property=\"og:image:height\" content=\"1080\" \/>\n\t<meta property=\"og:image:type\" content=\"image\/png\" \/>\n<meta name=\"author\" content=\"Cyrielle Poirot\" \/>\n<meta name=\"twitter:card\" content=\"summary_large_image\" \/>\n<meta name=\"twitter:label1\" content=\"\u00c9crit par\" \/>\n\t<meta name=\"twitter:data1\" content=\"Cyrielle Poirot\" \/>\n\t<meta name=\"twitter:label2\" content=\"Dur\u00e9e de lecture estim\u00e9e\" \/>\n\t<meta name=\"twitter:data2\" content=\"4 minutes\" \/>\n<script type=\"application\/ld+json\" class=\"yoast-schema-graph\">{\"@context\":\"https:\\\/\\\/schema.org\",\"@graph\":[{\"@type\":\"Article\",\"@id\":\"https:\\\/\\\/www.mobilier-design-occasion.fr\\\/magazine\\\/tout-savoir-sur-la-vente-aux-encheres-design-a-paris\\\/#article\",\"isPartOf\":{\"@id\":\"https:\\\/\\\/www.mobilier-design-occasion.fr\\\/magazine\\\/tout-savoir-sur-la-vente-aux-encheres-design-a-paris\\\/\"},\"author\":{\"name\":\"Cyrielle Poirot\",\"@id\":\"https:\\\/\\\/www.mobilier-design-occasion.fr\\\/magazine\\\/#\\\/schema\\\/person\\\/5b2e5627a714ddadaaf8c9b886c55eff\"},\"headline\":\"Tout savoir sur la vente aux ench\u00e8res design \u00e0 Paris\",\"datePublished\":\"2022-11-30T10:13:05+00:00\",\"dateModified\":\"2023-09-25T13:39:47+00:00\",\"mainEntityOfPage\":{\"@id\":\"https:\\\/\\\/www.mobilier-design-occasion.fr\\\/magazine\\\/tout-savoir-sur-la-vente-aux-encheres-design-a-paris\\\/\"},\"wordCount\":714,\"commentCount\":0,\"publisher\":{\"@id\":\"https:\\\/\\\/www.mobilier-design-occasion.fr\\\/magazine\\\/#organization\"},\"image\":{\"@id\":\"https:\\\/\\\/www.mobilier-design-occasion.fr\\\/magazine\\\/tout-savoir-sur-la-vente-aux-encheres-design-a-paris\\\/#primaryimage\"},\"thumbnailUrl\":\"https:\\\/\\\/www.mobilier-design-occasion.fr\\\/magazine\\\/wp-content\\\/uploads\\\/2022\\\/11\\\/3.png\",\"articleSection\":[\"Tendances\"],\"inLanguage\":\"fr-FR\",\"potentialAction\":[{\"@type\":\"CommentAction\",\"name\":\"Comment\",\"target\":[\"https:\\\/\\\/www.mobilier-design-occasion.fr\\\/magazine\\\/tout-savoir-sur-la-vente-aux-encheres-design-a-paris\\\/#respond\"]}]},{\"@type\":\"WebPage\",\"@id\":\"https:\\\/\\\/www.mobilier-design-occasion.fr\\\/magazine\\\/tout-savoir-sur-la-vente-aux-encheres-design-a-paris\\\/\",\"url\":\"https:\\\/\\\/www.mobilier-design-occasion.fr\\\/magazine\\\/tout-savoir-sur-la-vente-aux-encheres-design-a-paris\\\/\",\"name\":\"Tout savoir sur la vente aux ench\u00e8res design \u00e0 Paris - Mobilier Design Magazine\",\"isPartOf\":{\"@id\":\"https:\\\/\\\/www.mobilier-design-occasion.fr\\\/magazine\\\/#website\"},\"primaryImageOfPage\":{\"@id\":\"https:\\\/\\\/www.mobilier-design-occasion.fr\\\/magazine\\\/tout-savoir-sur-la-vente-aux-encheres-design-a-paris\\\/#primaryimage\"},\"image\":{\"@id\":\"https:\\\/\\\/www.mobilier-design-occasion.fr\\\/magazine\\\/tout-savoir-sur-la-vente-aux-encheres-design-a-paris\\\/#primaryimage\"},\"thumbnailUrl\":\"https:\\\/\\\/www.mobilier-design-occasion.fr\\\/magazine\\\/wp-content\\\/uploads\\\/2022\\\/11\\\/3.png\",\"datePublished\":\"2022-11-30T10:13:05+00:00\",\"dateModified\":\"2023-09-25T13:39:47+00:00\",\"breadcrumb\":{\"@id\":\"https:\\\/\\\/www.mobilier-design-occasion.fr\\\/magazine\\\/tout-savoir-sur-la-vente-aux-encheres-design-a-paris\\\/#breadcrumb\"},\"inLanguage\":\"fr-FR\",\"potentialAction\":[{\"@type\":\"ReadAction\",\"target\":[\"https:\\\/\\\/www.mobilier-design-occasion.fr\\\/magazine\\\/tout-savoir-sur-la-vente-aux-encheres-design-a-paris\\\/\"]}]},{\"@type\":\"ImageObject\",\"inLanguage\":\"fr-FR\",\"@id\":\"https:\\\/\\\/www.mobilier-design-occasion.fr\\\/magazine\\\/tout-savoir-sur-la-vente-aux-encheres-design-a-paris\\\/#primaryimage\",\"url\":\"https:\\\/\\\/www.mobilier-design-occasion.fr\\\/magazine\\\/wp-content\\\/uploads\\\/2022\\\/11\\\/3.png\",\"contentUrl\":\"https:\\\/\\\/www.mobilier-design-occasion.fr\\\/magazine\\\/wp-content\\\/uploads\\\/2022\\\/11\\\/3.png\",\"width\":1080,\"height\":1080},{\"@type\":\"BreadcrumbList\",\"@id\":\"https:\\\/\\\/www.mobilier-design-occasion.fr\\\/magazine\\\/tout-savoir-sur-la-vente-aux-encheres-design-a-paris\\\/#breadcrumb\",\"itemListElement\":[{\"@type\":\"ListItem\",\"position\":1,\"name\":\"Accueil\",\"item\":\"https:\\\/\\\/www.mobilier-design-occasion.fr\\\/magazine\\\/\"},{\"@type\":\"ListItem\",\"position\":2,\"name\":\"Tout savoir sur la vente aux ench\u00e8res design \u00e0 Paris\"}]},{\"@type\":\"WebSite\",\"@id\":\"https:\\\/\\\/www.mobilier-design-occasion.fr\\\/magazine\\\/#website\",\"url\":\"https:\\\/\\\/www.mobilier-design-occasion.fr\\\/magazine\\\/\",\"name\":\"Mobilier Design Magazine\",\"description\":\"\",\"publisher\":{\"@id\":\"https:\\\/\\\/www.mobilier-design-occasion.fr\\\/magazine\\\/#organization\"},\"potentialAction\":[{\"@type\":\"SearchAction\",\"target\":{\"@type\":\"EntryPoint\",\"urlTemplate\":\"https:\\\/\\\/www.mobilier-design-occasion.fr\\\/magazine\\\/?s={search_term_string}\"},\"query-input\":{\"@type\":\"PropertyValueSpecification\",\"valueRequired\":true,\"valueName\":\"search_term_string\"}}],\"inLanguage\":\"fr-FR\"},{\"@type\":\"Organization\",\"@id\":\"https:\\\/\\\/www.mobilier-design-occasion.fr\\\/magazine\\\/#organization\",\"name\":\"Mobilier Design Magazine\",\"url\":\"https:\\\/\\\/www.mobilier-design-occasion.fr\\\/magazine\\\/\",\"logo\":{\"@type\":\"ImageObject\",\"inLanguage\":\"fr-FR\",\"@id\":\"https:\\\/\\\/www.mobilier-design-occasion.fr\\\/magazine\\\/#\\\/schema\\\/logo\\\/image\\\/\",\"url\":\"https:\\\/\\\/www.mobilier-design-occasion.fr\\\/magazine\\\/wp-content\\\/uploads\\\/2024\\\/02\\\/android-chrome-192x192-1.png\",\"contentUrl\":\"https:\\\/\\\/www.mobilier-design-occasion.fr\\\/magazine\\\/wp-content\\\/uploads\\\/2024\\\/02\\\/android-chrome-192x192-1.png\",\"width\":192,\"height\":192,\"caption\":\"Mobilier Design Magazine\"},\"image\":{\"@id\":\"https:\\\/\\\/www.mobilier-design-occasion.fr\\\/magazine\\\/#\\\/schema\\\/logo\\\/image\\\/\"},\"sameAs\":[\"https:\\\/\\\/www.facebook.com\\\/mobilierdesignoccasion\"]},{\"@type\":\"Person\",\"@id\":\"https:\\\/\\\/www.mobilier-design-occasion.fr\\\/magazine\\\/#\\\/schema\\\/person\\\/5b2e5627a714ddadaaf8c9b886c55eff\",\"name\":\"Cyrielle Poirot\",\"image\":{\"@type\":\"ImageObject\",\"inLanguage\":\"fr-FR\",\"@id\":\"https:\\\/\\\/secure.gravatar.com\\\/avatar\\\/c8d2674e093b06894d8d1dc468b626bd752523471f3ac6e75f7c7a1400d40b4d?s=96&d=mm&r=g\",\"url\":\"https:\\\/\\\/secure.gravatar.com\\\/avatar\\\/c8d2674e093b06894d8d1dc468b626bd752523471f3ac6e75f7c7a1400d40b4d?s=96&d=mm&r=g\",\"contentUrl\":\"https:\\\/\\\/secure.gravatar.com\\\/avatar\\\/c8d2674e093b06894d8d1dc468b626bd752523471f3ac6e75f7c7a1400d40b4d?s=96&d=mm&r=g\",\"caption\":\"Cyrielle Poirot\"},\"description\":\"Cyrielle est passionn\u00e9e par la d\u00e9coration d'int\u00e9rieur et s'est sp\u00e9cialis\u00e9e depuis quelques ann\u00e9es dans l'\u00e9dition du site Mobilier-Design, avec une touche sp\u00e9cifique pour les produits d'occasion.\",\"sameAs\":[\"https:\\\/\\\/www.mobilier-design-occasion.fr\\\/magazine\"],\"url\":\"https:\\\/\\\/www.mobilier-design-occasion.fr\\\/magazine\\\/author\\\/cyrielle\\\/\"}]}<\/script>\n<!-- \/ Yoast SEO plugin. -->","yoast_head_json":{"title":"Tout savoir sur la vente aux ench\u00e8res design \u00e0 Paris - Mobilier Design Magazine","robots":{"index":"index","follow":"follow","max-snippet":"max-snippet:-1","max-image-preview":"max-image-preview:large","max-video-preview":"max-video-preview:-1"},"canonical":"https:\/\/www.mobilier-design-occasion.fr\/magazine\/tout-savoir-sur-la-vente-aux-encheres-design-a-paris\/","og_locale":"fr_FR","og_type":"article","og_title":"Tout savoir sur la vente aux ench\u00e8res design \u00e0 Paris - Mobilier Design Magazine","og_description":"Le syst\u00e8me de vente aux ench\u00e8res de meubles design b\u00e9n\u00e9ficie del\u2019essor technologique. La vente aux ench\u00e8res design \u00e0 Paris est devenue ainsi accessible \u00e0 tous. Assister \u00e0 une vente aux ench\u00e8res de meubles design \u00e0 Paris Une vente aux ench\u00e8res de meuble design est un rendez-vous incontournable pour les passionn\u00e9s d\u00e9coration int\u00e9rieure et d\u2019ameublement. Comme [&hellip;]","og_url":"https:\/\/www.mobilier-design-occasion.fr\/magazine\/tout-savoir-sur-la-vente-aux-encheres-design-a-paris\/","og_site_name":"Mobilier Design Magazine","article_publisher":"https:\/\/www.facebook.com\/mobilierdesignoccasion","article_published_time":"2022-11-30T10:13:05+00:00","article_modified_time":"2023-09-25T13:39:47+00:00","og_image":[{"width":1080,"height":1080,"url":"https:\/\/www.mobilier-design-occasion.fr\/magazine\/wp-content\/uploads\/2022\/11\/3.png","type":"image\/png"}],"author":"Cyrielle Poirot","twitter_card":"summary_large_image","twitter_misc":{"\u00c9crit par":"Cyrielle Poirot","Dur\u00e9e de lecture estim\u00e9e":"4 minutes"},"schema":{"@context":"https:\/\/schema.org","@graph":[{"@type":"Article","@id":"https:\/\/www.mobilier-design-occasion.fr\/magazine\/tout-savoir-sur-la-vente-aux-encheres-design-a-paris\/#article","isPartOf":{"@id":"https:\/\/www.mobilier-design-occasion.fr\/magazine\/tout-savoir-sur-la-vente-aux-encheres-design-a-paris\/"},"author":{"name":"Cyrielle Poirot","@id":"https:\/\/www.mobilier-design-occasion.fr\/magazine\/#\/schema\/person\/5b2e5627a714ddadaaf8c9b886c55eff"},"headline":"Tout savoir sur la vente aux ench\u00e8res design \u00e0 Paris","datePublished":"2022-11-30T10:13:05+00:00","dateModified":"2023-09-25T13:39:47+00:00","mainEntityOfPage":{"@id":"https:\/\/www.mobilier-design-occasion.fr\/magazine\/tout-savoir-sur-la-vente-aux-encheres-design-a-paris\/"},"wordCount":714,"commentCount":0,"publisher":{"@id":"https:\/\/www.mobilier-design-occasion.fr\/magazine\/#organization"},"image":{"@id":"https:\/\/www.mobilier-design-occasion.fr\/magazine\/tout-savoir-sur-la-vente-aux-encheres-design-a-paris\/#primaryimage"},"thumbnailUrl":"https:\/\/www.mobilier-design-occasion.fr\/magazine\/wp-content\/uploads\/2022\/11\/3.png","articleSection":["Tendances"],"inLanguage":"fr-FR","potentialAction":[{"@type":"CommentAction","name":"Comment","target":["https:\/\/www.mobilier-design-occasion.fr\/magazine\/tout-savoir-sur-la-vente-aux-encheres-design-a-paris\/#respond"]}]},{"@type":"WebPage","@id":"https:\/\/www.mobilier-design-occasion.fr\/magazine\/tout-savoir-sur-la-vente-aux-encheres-design-a-paris\/","url":"https:\/\/www.mobilier-design-occasion.fr\/magazine\/tout-savoir-sur-la-vente-aux-encheres-design-a-paris\/","name":"Tout savoir sur la vente aux ench\u00e8res design \u00e0 Paris - Mobilier Design Magazine","isPartOf":{"@id":"https:\/\/www.mobilier-design-occasion.fr\/magazine\/#website"},"primaryImageOfPage":{"@id":"https:\/\/www.mobilier-design-occasion.fr\/magazine\/tout-savoir-sur-la-vente-aux-encheres-design-a-paris\/#primaryimage"},"image":{"@id":"https:\/\/www.mobilier-design-occasion.fr\/magazine\/tout-savoir-sur-la-vente-aux-encheres-design-a-paris\/#primaryimage"},"thumbnailUrl":"https:\/\/www.mobilier-design-occasion.fr\/magazine\/wp-content\/uploads\/2022\/11\/3.png","datePublished":"2022-11-30T10:13:05+00:00","dateModified":"2023-09-25T13:39:47+00:00","breadcrumb":{"@id":"https:\/\/www.mobilier-design-occasion.fr\/magazine\/tout-savoir-sur-la-vente-aux-encheres-design-a-paris\/#breadcrumb"},"inLanguage":"fr-FR","potentialAction":[{"@type":"ReadAction","target":["https:\/\/www.mobilier-design-occasion.fr\/magazine\/tout-savoir-sur-la-vente-aux-encheres-design-a-paris\/"]}]},{"@type":"ImageObject","inLanguage":"fr-FR","@id":"https:\/\/www.mobilier-design-occasion.fr\/magazine\/tout-savoir-sur-la-vente-aux-encheres-design-a-paris\/#primaryimage","url":"https:\/\/www.mobilier-design-occasion.fr\/magazine\/wp-content\/uploads\/2022\/11\/3.png","contentUrl":"https:\/\/www.mobilier-design-occasion.fr\/magazine\/wp-content\/uploads\/2022\/11\/3.png","width":1080,"height":1080},{"@type":"BreadcrumbList","@id":"https:\/\/www.mobilier-design-occasion.fr\/magazine\/tout-savoir-sur-la-vente-aux-encheres-design-a-paris\/#breadcrumb","itemListElement":[{"@type":"ListItem","position":1,"name":"Accueil","item":"https:\/\/www.mobilier-design-occasion.fr\/magazine\/"},{"@type":"ListItem","position":2,"name":"Tout savoir sur la vente aux ench\u00e8res design \u00e0 Paris"}]},{"@type":"WebSite","@id":"https:\/\/www.mobilier-design-occasion.fr\/magazine\/#website","url":"https:\/\/www.mobilier-design-occasion.fr\/magazine\/","name":"Mobilier Design Magazine","description":"","publisher":{"@id":"https:\/\/www.mobilier-design-occasion.fr\/magazine\/#organization"},"potentialAction":[{"@type":"SearchAction","target":{"@type":"EntryPoint","urlTemplate":"https:\/\/www.mobilier-design-occasion.fr\/magazine\/?s={search_term_string}"},"query-input":{"@type":"PropertyValueSpecification","valueRequired":true,"valueName":"search_term_string"}}],"inLanguage":"fr-FR"},{"@type":"Organization","@id":"https:\/\/www.mobilier-design-occasion.fr\/magazine\/#organization","name":"Mobilier Design Magazine","url":"https:\/\/www.mobilier-design-occasion.fr\/magazine\/","logo":{"@type":"ImageObject","inLanguage":"fr-FR","@id":"https:\/\/www.mobilier-design-occasion.fr\/magazine\/#\/schema\/logo\/image\/","url":"https:\/\/www.mobilier-design-occasion.fr\/magazine\/wp-content\/uploads\/2024\/02\/android-chrome-192x192-1.png","contentUrl":"https:\/\/www.mobilier-design-occasion.fr\/magazine\/wp-content\/uploads\/2024\/02\/android-chrome-192x192-1.png","width":192,"height":192,"caption":"Mobilier Design Magazine"},"image":{"@id":"https:\/\/www.mobilier-design-occasion.fr\/magazine\/#\/schema\/logo\/image\/"},"sameAs":["https:\/\/www.facebook.com\/mobilierdesignoccasion"]},{"@type":"Person","@id":"https:\/\/www.mobilier-design-occasion.fr\/magazine\/#\/schema\/person\/5b2e5627a714ddadaaf8c9b886c55eff","name":"Cyrielle Poirot","image":{"@type":"ImageObject","inLanguage":"fr-FR","@id":"https:\/\/secure.gravatar.com\/avatar\/c8d2674e093b06894d8d1dc468b626bd752523471f3ac6e75f7c7a1400d40b4d?s=96&d=mm&r=g","url":"https:\/\/secure.gravatar.com\/avatar\/c8d2674e093b06894d8d1dc468b626bd752523471f3ac6e75f7c7a1400d40b4d?s=96&d=mm&r=g","contentUrl":"https:\/\/secure.gravatar.com\/avatar\/c8d2674e093b06894d8d1dc468b626bd752523471f3ac6e75f7c7a1400d40b4d?s=96&d=mm&r=g","caption":"Cyrielle Poirot"},"description":"Cyrielle est passionn\u00e9e par la d\u00e9coration d'int\u00e9rieur et s'est sp\u00e9cialis\u00e9e depuis quelques ann\u00e9es dans l'\u00e9dition du site Mobilier-Design, avec une touche sp\u00e9cifique pour les produits d'occasion.","sameAs":["https:\/\/www.mobilier-design-occasion.fr\/magazine"],"url":"https:\/\/www.mobilier-design-occasion.fr\/magazine\/author\/cyrielle\/"}]}},"_links":{"self":[{"href":"https:\/\/www.mobilier-design-occasion.fr\/magazine\/wp-json\/wp\/v2\/posts\/6193","targetHints":{"allow":["GET"]}}],"collection":[{"href":"https:\/\/www.mobilier-design-occasion.fr\/magazine\/wp-json\/wp\/v2\/posts"}],"about":[{"href":"https:\/\/www.mobilier-design-occasion.fr\/magazine\/wp-json\/wp\/v2\/types\/post"}],"author":[{"embeddable":true,"href":"https:\/\/www.mobilier-design-occasion.fr\/magazine\/wp-json\/wp\/v2\/users\/1"}],"replies":[{"embeddable":true,"href":"https:\/\/www.mobilier-design-occasion.fr\/magazine\/wp-json\/wp\/v2\/comments?post=6193"}],"version-history":[{"count":1,"href":"https:\/\/www.mobilier-design-occasion.fr\/magazine\/wp-json\/wp\/v2\/posts\/6193\/revisions"}],"predecessor-version":[{"id":6195,"href":"https:\/\/www.mobilier-design-occasion.fr\/magazine\/wp-json\/wp\/v2\/posts\/6193\/revisions\/6195"}],"wp:featuredmedia":[{"embeddable":true,"href":"https:\/\/www.mobilier-design-occasion.fr\/magazine\/wp-json\/wp\/v2\/media\/6194"}],"wp:attachment":[{"href":"https:\/\/www.mobilier-design-occasion.fr\/magazine\/wp-json\/wp\/v2\/media?parent=6193"}],"wp:term":[{"taxonomy":"category","embeddable":true,"href":"https:\/\/www.mobilier-design-occasion.fr\/magazine\/wp-json\/wp\/v2\/categories?post=6193"},{"taxonomy":"post_tag","embeddable":true,"href":"https:\/\/www.mobilier-design-occasion.fr\/magazine\/wp-json\/wp\/v2\/tags?post=6193"}],"curies":[{"name":"wp","href":"https:\/\/api.w.org\/{rel}","templated":true}]}}