{"id":6101,"date":"2022-10-23T16:00:55","date_gmt":"2022-10-23T16:00:55","guid":{"rendered":"https:\/\/www.mobilier-design-occasion.fr\/magazine\/?p=6101"},"modified":"2023-09-25T13:39:48","modified_gmt":"2023-09-25T13:39:48","slug":"comment-anticiper-la-degradation-de-son-mobilier","status":"publish","type":"post","link":"https:\/\/www.mobilier-design-occasion.fr\/magazine\/comment-anticiper-la-degradation-de-son-mobilier\/","title":{"rendered":"Comment anticiper la d\u00e9gradation de son mobilier?"},"content":{"rendered":"\n<p>Les meubles une fois acquis doivent \u00eatre r\u00e9guli\u00e8rement entretenus pour ne pas finir en mauvais \u00e9tat. En hiver comme en \u00e9t\u00e9, il est int\u00e9ressant de mettre certaines strat\u00e9gies en place pour anticiper leur&nbsp;<strong>d\u00e9gradation<\/strong>.&nbsp;<\/p>\n\n\n\n<h2 class=\"wp-block-heading\">Prot\u00e9ger les diff\u00e9rents constituants du meuble<\/h2>\n\n\n\n<p>Les principales d\u00e9gradations engendr\u00e9es sur un meuble sont li\u00e9es \u00e0 l\u2019humidit\u00e9 et \u00e0 des temp\u00e9ratures tr\u00e8s froides. En ces p\u00e9riodes, il est recommand\u00e9 de nettoyer la pi\u00e8ce qui contient le <a href=\"https:\/\/www.mobilier-design-occasion.fr\/magazine\/test-avis-sur-la-redoute-interieurs-am-pm\/\">mobilier<\/a> et la&nbsp;<strong>d\u00e9barrasser<\/strong>&nbsp;de toute salet\u00e9, poussi\u00e8re ou imperfection pouvant amener la pr\u00e9sence d&#8217;insectes. Des solutions efficaces comme&nbsp;<a href=\"https:\/\/www.rattus.fr\/\" target=\"_blank\" rel=\"noreferrer noopener\">Rattus<\/a>&nbsp;sont recommand\u00e9es pour \u00e9vacuer la maison de toute bestiole nuisible si ceux-ci pointent souvent leur nez chez vous. De fa\u00e7on pratique, quelques \u00e9l\u00e9ments sont \u00e0 prendre en compte dans l\u2019entretien :<\/p>\n\n\n\n<ul class=\"wp-block-list\"><li>le <a href=\"https:\/\/www.mobilier-design-occasion.fr\/magazine\/avis-mathy-by-bols\/\">bois<\/a> ;&nbsp;<\/li><li>les m\u00e9taux ;&nbsp;<\/li><li>le fer forg\u00e9.<\/li><\/ul>\n\n\n\n<p>Pour nettoyer le bois, il faut se munir d\u2019une brosse et de l\u2019huile de lin puis bien frotter les parties concern\u00e9es. Quant aux m\u00e9taux et au&nbsp;<strong>fer forg\u00e9<\/strong>, il est recommand\u00e9 de faire recours \u00e0 des \u00e9l\u00e9ments antirouille.&nbsp;<\/p>\n\n\n\n<p>Par contre, lorsque les meubles sont d\u00e9j\u00e0 en cours de d\u00e9gradation, il faut proc\u00e9der \u00e0 la r\u00e9novation en utilisant une technique appel\u00e9e le&nbsp;<strong>thermo laquage<\/strong>. Cette technique prot\u00e8ge le meuble efficacement contre les intemp\u00e9ries s\u2019ils sont install\u00e9s en <a href=\"https:\/\/www.mobilier-design-occasion.fr\/magazine\/fermob-occasion\/\">ext\u00e9rieur<\/a>.&nbsp;<\/p>\n\n\n\n<h2 class=\"wp-block-heading\">Quelques gestes \u00e0 faire<\/h2>\n\n\n\n<p>En dehors de l\u2019entretien r\u00e9gulier de la pi\u00e8ce ainsi que des diff\u00e9rents constituants du mobilier, une bonne astuce consiste \u00e0 prendre le soin de laisser ses meubles s\u00e9cher au&nbsp;<strong>soleil<\/strong>&nbsp;surtout en p\u00e9riode d\u2019\u00e9t\u00e9. La chaleur apport\u00e9e par les rayons solaires a un effet b\u00e9n\u00e9fique pour le meuble.&nbsp;<\/p>\n\n\n\n<p>Toutefois, lorsqu\u2019il est d\u00e9j\u00e0 ab\u00eem\u00e9 malgr\u00e9 ces techniques pr\u00e9ventives, il existe toujours des moyens efficaces pour le remettre sur pied en peu de temps.&nbsp;&nbsp;<\/p>\n","protected":false},"excerpt":{"rendered":"<p>Les meubles une fois acquis doivent \u00eatre r\u00e9guli\u00e8rement entretenus pour ne pas finir en mauvais \u00e9tat. En hiver comme en \u00e9t\u00e9, il est int\u00e9ressant de mettre certaines strat\u00e9gies en place pour anticiper leur&nbsp;d\u00e9gradation.&nbsp; Prot\u00e9ger les diff\u00e9rents constituants du meuble Les principales d\u00e9gradations engendr\u00e9es sur un meuble sont li\u00e9es \u00e0 l\u2019humidit\u00e9 et \u00e0 des temp\u00e9ratures tr\u00e8s [&hellip;]<\/p>\n","protected":false},"author":1,"featured_media":6102,"comment_status":"open","ping_status":"open","sticky":false,"template":"","format":"standard","meta":{"footnotes":""},"categories":[2],"tags":[],"class_list":["post-6101","post","type-post","status-publish","format-standard","has-post-thumbnail","hentry","category-tendances"],"yoast_head":"<!-- This site is optimized with the Yoast SEO plugin v27.5 - https:\/\/yoast.com\/product\/yoast-seo-wordpress\/ -->\n<title>Comment anticiper la d\u00e9gradation de son mobilier? - Mobilier Design Magazine<\/title>\n<meta name=\"robots\" content=\"index, follow, max-snippet:-1, max-image-preview:large, max-video-preview:-1\" \/>\n<link rel=\"canonical\" href=\"https:\/\/www.mobilier-design-occasion.fr\/magazine\/comment-anticiper-la-degradation-de-son-mobilier\/\" \/>\n<meta property=\"og:locale\" content=\"fr_FR\" \/>\n<meta property=\"og:type\" content=\"article\" \/>\n<meta property=\"og:title\" content=\"Comment anticiper la d\u00e9gradation de son mobilier? - Mobilier Design Magazine\" \/>\n<meta property=\"og:description\" content=\"Les meubles une fois acquis doivent \u00eatre r\u00e9guli\u00e8rement entretenus pour ne pas finir en mauvais \u00e9tat. En hiver comme en \u00e9t\u00e9, il est int\u00e9ressant de mettre certaines strat\u00e9gies en place pour anticiper leur&nbsp;d\u00e9gradation.&nbsp; Prot\u00e9ger les diff\u00e9rents constituants du meuble Les principales d\u00e9gradations engendr\u00e9es sur un meuble sont li\u00e9es \u00e0 l\u2019humidit\u00e9 et \u00e0 des temp\u00e9ratures tr\u00e8s [&hellip;]\" \/>\n<meta property=\"og:url\" content=\"https:\/\/www.mobilier-design-occasion.fr\/magazine\/comment-anticiper-la-degradation-de-son-mobilier\/\" \/>\n<meta property=\"og:site_name\" content=\"Mobilier Design Magazine\" \/>\n<meta property=\"article:publisher\" content=\"https:\/\/www.facebook.com\/mobilierdesignoccasion\" \/>\n<meta property=\"article:published_time\" content=\"2022-10-23T16:00:55+00:00\" \/>\n<meta property=\"article:modified_time\" content=\"2023-09-25T13:39:48+00:00\" \/>\n<meta property=\"og:image\" content=\"https:\/\/www.mobilier-design-occasion.fr\/magazine\/wp-content\/uploads\/2022\/10\/2d2fefa73b41409b3722d38473736db9.jpg\" \/>\n\t<meta property=\"og:image:width\" content=\"848\" \/>\n\t<meta property=\"og:image:height\" content=\"565\" \/>\n\t<meta property=\"og:image:type\" content=\"image\/jpeg\" \/>\n<meta name=\"author\" content=\"Cyrielle Poirot\" \/>\n<meta name=\"twitter:card\" content=\"summary_large_image\" \/>\n<meta name=\"twitter:label1\" content=\"\u00c9crit par\" \/>\n\t<meta name=\"twitter:data1\" content=\"Cyrielle Poirot\" \/>\n\t<meta name=\"twitter:label2\" content=\"Dur\u00e9e de lecture estim\u00e9e\" \/>\n\t<meta name=\"twitter:data2\" content=\"2 minutes\" \/>\n<script type=\"application\/ld+json\" class=\"yoast-schema-graph\">{\"@context\":\"https:\\\/\\\/schema.org\",\"@graph\":[{\"@type\":\"Article\",\"@id\":\"https:\\\/\\\/www.mobilier-design-occasion.fr\\\/magazine\\\/comment-anticiper-la-degradation-de-son-mobilier\\\/#article\",\"isPartOf\":{\"@id\":\"https:\\\/\\\/www.mobilier-design-occasion.fr\\\/magazine\\\/comment-anticiper-la-degradation-de-son-mobilier\\\/\"},\"author\":{\"name\":\"Cyrielle Poirot\",\"@id\":\"https:\\\/\\\/www.mobilier-design-occasion.fr\\\/magazine\\\/#\\\/schema\\\/person\\\/5b2e5627a714ddadaaf8c9b886c55eff\"},\"headline\":\"Comment anticiper la d\u00e9gradation de son mobilier?\",\"datePublished\":\"2022-10-23T16:00:55+00:00\",\"dateModified\":\"2023-09-25T13:39:48+00:00\",\"mainEntityOfPage\":{\"@id\":\"https:\\\/\\\/www.mobilier-design-occasion.fr\\\/magazine\\\/comment-anticiper-la-degradation-de-son-mobilier\\\/\"},\"wordCount\":351,\"commentCount\":0,\"publisher\":{\"@id\":\"https:\\\/\\\/www.mobilier-design-occasion.fr\\\/magazine\\\/#organization\"},\"image\":{\"@id\":\"https:\\\/\\\/www.mobilier-design-occasion.fr\\\/magazine\\\/comment-anticiper-la-degradation-de-son-mobilier\\\/#primaryimage\"},\"thumbnailUrl\":\"https:\\\/\\\/www.mobilier-design-occasion.fr\\\/magazine\\\/wp-content\\\/uploads\\\/2022\\\/10\\\/2d2fefa73b41409b3722d38473736db9.jpg\",\"articleSection\":[\"Tendances\"],\"inLanguage\":\"fr-FR\",\"potentialAction\":[{\"@type\":\"CommentAction\",\"name\":\"Comment\",\"target\":[\"https:\\\/\\\/www.mobilier-design-occasion.fr\\\/magazine\\\/comment-anticiper-la-degradation-de-son-mobilier\\\/#respond\"]}]},{\"@type\":\"WebPage\",\"@id\":\"https:\\\/\\\/www.mobilier-design-occasion.fr\\\/magazine\\\/comment-anticiper-la-degradation-de-son-mobilier\\\/\",\"url\":\"https:\\\/\\\/www.mobilier-design-occasion.fr\\\/magazine\\\/comment-anticiper-la-degradation-de-son-mobilier\\\/\",\"name\":\"Comment anticiper la d\u00e9gradation de son mobilier? - Mobilier Design Magazine\",\"isPartOf\":{\"@id\":\"https:\\\/\\\/www.mobilier-design-occasion.fr\\\/magazine\\\/#website\"},\"primaryImageOfPage\":{\"@id\":\"https:\\\/\\\/www.mobilier-design-occasion.fr\\\/magazine\\\/comment-anticiper-la-degradation-de-son-mobilier\\\/#primaryimage\"},\"image\":{\"@id\":\"https:\\\/\\\/www.mobilier-design-occasion.fr\\\/magazine\\\/comment-anticiper-la-degradation-de-son-mobilier\\\/#primaryimage\"},\"thumbnailUrl\":\"https:\\\/\\\/www.mobilier-design-occasion.fr\\\/magazine\\\/wp-content\\\/uploads\\\/2022\\\/10\\\/2d2fefa73b41409b3722d38473736db9.jpg\",\"datePublished\":\"2022-10-23T16:00:55+00:00\",\"dateModified\":\"2023-09-25T13:39:48+00:00\",\"breadcrumb\":{\"@id\":\"https:\\\/\\\/www.mobilier-design-occasion.fr\\\/magazine\\\/comment-anticiper-la-degradation-de-son-mobilier\\\/#breadcrumb\"},\"inLanguage\":\"fr-FR\",\"potentialAction\":[{\"@type\":\"ReadAction\",\"target\":[\"https:\\\/\\\/www.mobilier-design-occasion.fr\\\/magazine\\\/comment-anticiper-la-degradation-de-son-mobilier\\\/\"]}]},{\"@type\":\"ImageObject\",\"inLanguage\":\"fr-FR\",\"@id\":\"https:\\\/\\\/www.mobilier-design-occasion.fr\\\/magazine\\\/comment-anticiper-la-degradation-de-son-mobilier\\\/#primaryimage\",\"url\":\"https:\\\/\\\/www.mobilier-design-occasion.fr\\\/magazine\\\/wp-content\\\/uploads\\\/2022\\\/10\\\/2d2fefa73b41409b3722d38473736db9.jpg\",\"contentUrl\":\"https:\\\/\\\/www.mobilier-design-occasion.fr\\\/magazine\\\/wp-content\\\/uploads\\\/2022\\\/10\\\/2d2fefa73b41409b3722d38473736db9.jpg\",\"width\":848,\"height\":565},{\"@type\":\"BreadcrumbList\",\"@id\":\"https:\\\/\\\/www.mobilier-design-occasion.fr\\\/magazine\\\/comment-anticiper-la-degradation-de-son-mobilier\\\/#breadcrumb\",\"itemListElement\":[{\"@type\":\"ListItem\",\"position\":1,\"name\":\"Accueil\",\"item\":\"https:\\\/\\\/www.mobilier-design-occasion.fr\\\/magazine\\\/\"},{\"@type\":\"ListItem\",\"position\":2,\"name\":\"Comment anticiper la d\u00e9gradation de son mobilier?\"}]},{\"@type\":\"WebSite\",\"@id\":\"https:\\\/\\\/www.mobilier-design-occasion.fr\\\/magazine\\\/#website\",\"url\":\"https:\\\/\\\/www.mobilier-design-occasion.fr\\\/magazine\\\/\",\"name\":\"Mobilier Design Magazine\",\"description\":\"\",\"publisher\":{\"@id\":\"https:\\\/\\\/www.mobilier-design-occasion.fr\\\/magazine\\\/#organization\"},\"potentialAction\":[{\"@type\":\"SearchAction\",\"target\":{\"@type\":\"EntryPoint\",\"urlTemplate\":\"https:\\\/\\\/www.mobilier-design-occasion.fr\\\/magazine\\\/?s={search_term_string}\"},\"query-input\":{\"@type\":\"PropertyValueSpecification\",\"valueRequired\":true,\"valueName\":\"search_term_string\"}}],\"inLanguage\":\"fr-FR\"},{\"@type\":\"Organization\",\"@id\":\"https:\\\/\\\/www.mobilier-design-occasion.fr\\\/magazine\\\/#organization\",\"name\":\"Mobilier Design Magazine\",\"url\":\"https:\\\/\\\/www.mobilier-design-occasion.fr\\\/magazine\\\/\",\"logo\":{\"@type\":\"ImageObject\",\"inLanguage\":\"fr-FR\",\"@id\":\"https:\\\/\\\/www.mobilier-design-occasion.fr\\\/magazine\\\/#\\\/schema\\\/logo\\\/image\\\/\",\"url\":\"https:\\\/\\\/www.mobilier-design-occasion.fr\\\/magazine\\\/wp-content\\\/uploads\\\/2024\\\/02\\\/android-chrome-192x192-1.png\",\"contentUrl\":\"https:\\\/\\\/www.mobilier-design-occasion.fr\\\/magazine\\\/wp-content\\\/uploads\\\/2024\\\/02\\\/android-chrome-192x192-1.png\",\"width\":192,\"height\":192,\"caption\":\"Mobilier Design Magazine\"},\"image\":{\"@id\":\"https:\\\/\\\/www.mobilier-design-occasion.fr\\\/magazine\\\/#\\\/schema\\\/logo\\\/image\\\/\"},\"sameAs\":[\"https:\\\/\\\/www.facebook.com\\\/mobilierdesignoccasion\"]},{\"@type\":\"Person\",\"@id\":\"https:\\\/\\\/www.mobilier-design-occasion.fr\\\/magazine\\\/#\\\/schema\\\/person\\\/5b2e5627a714ddadaaf8c9b886c55eff\",\"name\":\"Cyrielle Poirot\",\"image\":{\"@type\":\"ImageObject\",\"inLanguage\":\"fr-FR\",\"@id\":\"https:\\\/\\\/secure.gravatar.com\\\/avatar\\\/c8d2674e093b06894d8d1dc468b626bd752523471f3ac6e75f7c7a1400d40b4d?s=96&d=mm&r=g\",\"url\":\"https:\\\/\\\/secure.gravatar.com\\\/avatar\\\/c8d2674e093b06894d8d1dc468b626bd752523471f3ac6e75f7c7a1400d40b4d?s=96&d=mm&r=g\",\"contentUrl\":\"https:\\\/\\\/secure.gravatar.com\\\/avatar\\\/c8d2674e093b06894d8d1dc468b626bd752523471f3ac6e75f7c7a1400d40b4d?s=96&d=mm&r=g\",\"caption\":\"Cyrielle Poirot\"},\"description\":\"Cyrielle est passionn\u00e9e par la d\u00e9coration d'int\u00e9rieur et s'est sp\u00e9cialis\u00e9e depuis quelques ann\u00e9es dans l'\u00e9dition du site Mobilier-Design, avec une touche sp\u00e9cifique pour les produits d'occasion.\",\"sameAs\":[\"https:\\\/\\\/www.mobilier-design-occasion.fr\\\/magazine\"],\"url\":\"https:\\\/\\\/www.mobilier-design-occasion.fr\\\/magazine\\\/author\\\/cyrielle\\\/\"}]}<\/script>\n<!-- \/ Yoast SEO plugin. -->","yoast_head_json":{"title":"Comment anticiper la d\u00e9gradation de son mobilier? - Mobilier Design Magazine","robots":{"index":"index","follow":"follow","max-snippet":"max-snippet:-1","max-image-preview":"max-image-preview:large","max-video-preview":"max-video-preview:-1"},"canonical":"https:\/\/www.mobilier-design-occasion.fr\/magazine\/comment-anticiper-la-degradation-de-son-mobilier\/","og_locale":"fr_FR","og_type":"article","og_title":"Comment anticiper la d\u00e9gradation de son mobilier? - Mobilier Design Magazine","og_description":"Les meubles une fois acquis doivent \u00eatre r\u00e9guli\u00e8rement entretenus pour ne pas finir en mauvais \u00e9tat. En hiver comme en \u00e9t\u00e9, il est int\u00e9ressant de mettre certaines strat\u00e9gies en place pour anticiper leur&nbsp;d\u00e9gradation.&nbsp; Prot\u00e9ger les diff\u00e9rents constituants du meuble Les principales d\u00e9gradations engendr\u00e9es sur un meuble sont li\u00e9es \u00e0 l\u2019humidit\u00e9 et \u00e0 des temp\u00e9ratures tr\u00e8s [&hellip;]","og_url":"https:\/\/www.mobilier-design-occasion.fr\/magazine\/comment-anticiper-la-degradation-de-son-mobilier\/","og_site_name":"Mobilier Design Magazine","article_publisher":"https:\/\/www.facebook.com\/mobilierdesignoccasion","article_published_time":"2022-10-23T16:00:55+00:00","article_modified_time":"2023-09-25T13:39:48+00:00","og_image":[{"width":848,"height":565,"url":"https:\/\/www.mobilier-design-occasion.fr\/magazine\/wp-content\/uploads\/2022\/10\/2d2fefa73b41409b3722d38473736db9.jpg","type":"image\/jpeg"}],"author":"Cyrielle Poirot","twitter_card":"summary_large_image","twitter_misc":{"\u00c9crit par":"Cyrielle Poirot","Dur\u00e9e de lecture estim\u00e9e":"2 minutes"},"schema":{"@context":"https:\/\/schema.org","@graph":[{"@type":"Article","@id":"https:\/\/www.mobilier-design-occasion.fr\/magazine\/comment-anticiper-la-degradation-de-son-mobilier\/#article","isPartOf":{"@id":"https:\/\/www.mobilier-design-occasion.fr\/magazine\/comment-anticiper-la-degradation-de-son-mobilier\/"},"author":{"name":"Cyrielle Poirot","@id":"https:\/\/www.mobilier-design-occasion.fr\/magazine\/#\/schema\/person\/5b2e5627a714ddadaaf8c9b886c55eff"},"headline":"Comment anticiper la d\u00e9gradation de son mobilier?","datePublished":"2022-10-23T16:00:55+00:00","dateModified":"2023-09-25T13:39:48+00:00","mainEntityOfPage":{"@id":"https:\/\/www.mobilier-design-occasion.fr\/magazine\/comment-anticiper-la-degradation-de-son-mobilier\/"},"wordCount":351,"commentCount":0,"publisher":{"@id":"https:\/\/www.mobilier-design-occasion.fr\/magazine\/#organization"},"image":{"@id":"https:\/\/www.mobilier-design-occasion.fr\/magazine\/comment-anticiper-la-degradation-de-son-mobilier\/#primaryimage"},"thumbnailUrl":"https:\/\/www.mobilier-design-occasion.fr\/magazine\/wp-content\/uploads\/2022\/10\/2d2fefa73b41409b3722d38473736db9.jpg","articleSection":["Tendances"],"inLanguage":"fr-FR","potentialAction":[{"@type":"CommentAction","name":"Comment","target":["https:\/\/www.mobilier-design-occasion.fr\/magazine\/comment-anticiper-la-degradation-de-son-mobilier\/#respond"]}]},{"@type":"WebPage","@id":"https:\/\/www.mobilier-design-occasion.fr\/magazine\/comment-anticiper-la-degradation-de-son-mobilier\/","url":"https:\/\/www.mobilier-design-occasion.fr\/magazine\/comment-anticiper-la-degradation-de-son-mobilier\/","name":"Comment anticiper la d\u00e9gradation de son mobilier? - Mobilier Design Magazine","isPartOf":{"@id":"https:\/\/www.mobilier-design-occasion.fr\/magazine\/#website"},"primaryImageOfPage":{"@id":"https:\/\/www.mobilier-design-occasion.fr\/magazine\/comment-anticiper-la-degradation-de-son-mobilier\/#primaryimage"},"image":{"@id":"https:\/\/www.mobilier-design-occasion.fr\/magazine\/comment-anticiper-la-degradation-de-son-mobilier\/#primaryimage"},"thumbnailUrl":"https:\/\/www.mobilier-design-occasion.fr\/magazine\/wp-content\/uploads\/2022\/10\/2d2fefa73b41409b3722d38473736db9.jpg","datePublished":"2022-10-23T16:00:55+00:00","dateModified":"2023-09-25T13:39:48+00:00","breadcrumb":{"@id":"https:\/\/www.mobilier-design-occasion.fr\/magazine\/comment-anticiper-la-degradation-de-son-mobilier\/#breadcrumb"},"inLanguage":"fr-FR","potentialAction":[{"@type":"ReadAction","target":["https:\/\/www.mobilier-design-occasion.fr\/magazine\/comment-anticiper-la-degradation-de-son-mobilier\/"]}]},{"@type":"ImageObject","inLanguage":"fr-FR","@id":"https:\/\/www.mobilier-design-occasion.fr\/magazine\/comment-anticiper-la-degradation-de-son-mobilier\/#primaryimage","url":"https:\/\/www.mobilier-design-occasion.fr\/magazine\/wp-content\/uploads\/2022\/10\/2d2fefa73b41409b3722d38473736db9.jpg","contentUrl":"https:\/\/www.mobilier-design-occasion.fr\/magazine\/wp-content\/uploads\/2022\/10\/2d2fefa73b41409b3722d38473736db9.jpg","width":848,"height":565},{"@type":"BreadcrumbList","@id":"https:\/\/www.mobilier-design-occasion.fr\/magazine\/comment-anticiper-la-degradation-de-son-mobilier\/#breadcrumb","itemListElement":[{"@type":"ListItem","position":1,"name":"Accueil","item":"https:\/\/www.mobilier-design-occasion.fr\/magazine\/"},{"@type":"ListItem","position":2,"name":"Comment anticiper la d\u00e9gradation de son mobilier?"}]},{"@type":"WebSite","@id":"https:\/\/www.mobilier-design-occasion.fr\/magazine\/#website","url":"https:\/\/www.mobilier-design-occasion.fr\/magazine\/","name":"Mobilier Design Magazine","description":"","publisher":{"@id":"https:\/\/www.mobilier-design-occasion.fr\/magazine\/#organization"},"potentialAction":[{"@type":"SearchAction","target":{"@type":"EntryPoint","urlTemplate":"https:\/\/www.mobilier-design-occasion.fr\/magazine\/?s={search_term_string}"},"query-input":{"@type":"PropertyValueSpecification","valueRequired":true,"valueName":"search_term_string"}}],"inLanguage":"fr-FR"},{"@type":"Organization","@id":"https:\/\/www.mobilier-design-occasion.fr\/magazine\/#organization","name":"Mobilier Design Magazine","url":"https:\/\/www.mobilier-design-occasion.fr\/magazine\/","logo":{"@type":"ImageObject","inLanguage":"fr-FR","@id":"https:\/\/www.mobilier-design-occasion.fr\/magazine\/#\/schema\/logo\/image\/","url":"https:\/\/www.mobilier-design-occasion.fr\/magazine\/wp-content\/uploads\/2024\/02\/android-chrome-192x192-1.png","contentUrl":"https:\/\/www.mobilier-design-occasion.fr\/magazine\/wp-content\/uploads\/2024\/02\/android-chrome-192x192-1.png","width":192,"height":192,"caption":"Mobilier Design Magazine"},"image":{"@id":"https:\/\/www.mobilier-design-occasion.fr\/magazine\/#\/schema\/logo\/image\/"},"sameAs":["https:\/\/www.facebook.com\/mobilierdesignoccasion"]},{"@type":"Person","@id":"https:\/\/www.mobilier-design-occasion.fr\/magazine\/#\/schema\/person\/5b2e5627a714ddadaaf8c9b886c55eff","name":"Cyrielle Poirot","image":{"@type":"ImageObject","inLanguage":"fr-FR","@id":"https:\/\/secure.gravatar.com\/avatar\/c8d2674e093b06894d8d1dc468b626bd752523471f3ac6e75f7c7a1400d40b4d?s=96&d=mm&r=g","url":"https:\/\/secure.gravatar.com\/avatar\/c8d2674e093b06894d8d1dc468b626bd752523471f3ac6e75f7c7a1400d40b4d?s=96&d=mm&r=g","contentUrl":"https:\/\/secure.gravatar.com\/avatar\/c8d2674e093b06894d8d1dc468b626bd752523471f3ac6e75f7c7a1400d40b4d?s=96&d=mm&r=g","caption":"Cyrielle Poirot"},"description":"Cyrielle est passionn\u00e9e par la d\u00e9coration d'int\u00e9rieur et s'est sp\u00e9cialis\u00e9e depuis quelques ann\u00e9es dans l'\u00e9dition du site Mobilier-Design, avec une touche sp\u00e9cifique pour les produits d'occasion.","sameAs":["https:\/\/www.mobilier-design-occasion.fr\/magazine"],"url":"https:\/\/www.mobilier-design-occasion.fr\/magazine\/author\/cyrielle\/"}]}},"_links":{"self":[{"href":"https:\/\/www.mobilier-design-occasion.fr\/magazine\/wp-json\/wp\/v2\/posts\/6101","targetHints":{"allow":["GET"]}}],"collection":[{"href":"https:\/\/www.mobilier-design-occasion.fr\/magazine\/wp-json\/wp\/v2\/posts"}],"about":[{"href":"https:\/\/www.mobilier-design-occasion.fr\/magazine\/wp-json\/wp\/v2\/types\/post"}],"author":[{"embeddable":true,"href":"https:\/\/www.mobilier-design-occasion.fr\/magazine\/wp-json\/wp\/v2\/users\/1"}],"replies":[{"embeddable":true,"href":"https:\/\/www.mobilier-design-occasion.fr\/magazine\/wp-json\/wp\/v2\/comments?post=6101"}],"version-history":[{"count":1,"href":"https:\/\/www.mobilier-design-occasion.fr\/magazine\/wp-json\/wp\/v2\/posts\/6101\/revisions"}],"predecessor-version":[{"id":6103,"href":"https:\/\/www.mobilier-design-occasion.fr\/magazine\/wp-json\/wp\/v2\/posts\/6101\/revisions\/6103"}],"wp:featuredmedia":[{"embeddable":true,"href":"https:\/\/www.mobilier-design-occasion.fr\/magazine\/wp-json\/wp\/v2\/media\/6102"}],"wp:attachment":[{"href":"https:\/\/www.mobilier-design-occasion.fr\/magazine\/wp-json\/wp\/v2\/media?parent=6101"}],"wp:term":[{"taxonomy":"category","embeddable":true,"href":"https:\/\/www.mobilier-design-occasion.fr\/magazine\/wp-json\/wp\/v2\/categories?post=6101"},{"taxonomy":"post_tag","embeddable":true,"href":"https:\/\/www.mobilier-design-occasion.fr\/magazine\/wp-json\/wp\/v2\/tags?post=6101"}],"curies":[{"name":"wp","href":"https:\/\/api.w.org\/{rel}","templated":true}]}}