{"id":6051,"date":"2022-10-20T07:37:50","date_gmt":"2022-10-20T07:37:50","guid":{"rendered":"https:\/\/www.mobilier-design-occasion.fr\/magazine\/?p=6051"},"modified":"2022-10-20T07:37:51","modified_gmt":"2022-10-20T07:37:51","slug":"test-avis-muralconcept","status":"publish","type":"post","link":"https:\/\/www.mobilier-design-occasion.fr\/magazine\/test-avis-muralconcept\/","title":{"rendered":"Test &#038; avis MuralConcept"},"content":{"rendered":"\n<h2 class=\"wp-block-heading\"><span class=\"ez-toc-section\" id=\"Qui_est_MuralConcept\"><\/span><strong>Qui est MuralConcept ?<\/strong><span class=\"ez-toc-section-end\"><\/span><\/h2><div id=\"ez-toc-container\" class=\"ez-toc-v2_0_82_2 counter-hierarchy ez-toc-counter ez-toc-grey ez-toc-container-direction\">\n<div class=\"ez-toc-title-container\">\n<span class=\"ez-toc-title-toggle\"><a href=\"#\" class=\"ez-toc-pull-right ez-toc-btn ez-toc-btn-xs ez-toc-btn-default ez-toc-toggle\" aria-label=\"Toggle Table of Content\"><span class=\"ez-toc-js-icon-con\"><span class=\"\"><span class=\"eztoc-hide\" style=\"display:none;\">Toggle<\/span><span class=\"ez-toc-icon-toggle-span\"><svg style=\"fill: #999;color:#999\" xmlns=\"http:\/\/www.w3.org\/2000\/svg\" class=\"list-377408\" width=\"20px\" height=\"20px\" viewBox=\"0 0 24 24\" fill=\"none\"><path d=\"M6 6H4v2h2V6zm14 0H8v2h12V6zM4 11h2v2H4v-2zm16 0H8v2h12v-2zM4 16h2v2H4v-2zm16 0H8v2h12v-2z\" fill=\"currentColor\"><\/path><\/svg><svg style=\"fill: #999;color:#999\" class=\"arrow-unsorted-368013\" xmlns=\"http:\/\/www.w3.org\/2000\/svg\" width=\"10px\" height=\"10px\" viewBox=\"0 0 24 24\" version=\"1.2\" baseProfile=\"tiny\"><path d=\"M18.2 9.3l-6.2-6.3-6.2 6.3c-.2.2-.3.4-.3.7s.1.5.3.7c.2.2.4.3.7.3h11c.3 0 .5-.1.7-.3.2-.2.3-.5.3-.7s-.1-.5-.3-.7zM5.8 14.7l6.2 6.3 6.2-6.3c.2-.2.3-.5.3-.7s-.1-.5-.3-.7c-.2-.2-.4-.3-.7-.3h-11c-.3 0-.5.1-.7.3-.2.2-.3.5-.3.7s.1.5.3.7z\"\/><\/svg><\/span><\/span><\/span><\/a><\/span><\/div>\n<nav><ul class='ez-toc-list ez-toc-list-level-1 eztoc-toggle-hide-by-default' ><li class='ez-toc-page-1 ez-toc-heading-level-2'><a class=\"ez-toc-link ez-toc-heading-1\" href=\"https:\/\/www.mobilier-design-occasion.fr\/magazine\/test-avis-muralconcept\/#Qui_est_MuralConcept\" >Qui est MuralConcept ?<\/a><\/li><li class='ez-toc-page-1 ez-toc-heading-level-2'><a class=\"ez-toc-link ez-toc-heading-2\" href=\"https:\/\/www.mobilier-design-occasion.fr\/magazine\/test-avis-muralconcept\/#La_promesse\" >La promesse<\/a><ul class='ez-toc-list-level-3' ><li class='ez-toc-heading-level-3'><a class=\"ez-toc-link ez-toc-heading-3\" href=\"https:\/\/www.mobilier-design-occasion.fr\/magazine\/test-avis-muralconcept\/#Des_papiers-peints_exclusifs\" >Des papiers-peints exclusifs<\/a><\/li><li class='ez-toc-page-1 ez-toc-heading-level-3'><a class=\"ez-toc-link ez-toc-heading-4\" href=\"https:\/\/www.mobilier-design-occasion.fr\/magazine\/test-avis-muralconcept\/#Des_papiers_peints_de_qualite\" >Des papiers peints de qualit\u00e9<\/a><\/li><li class='ez-toc-page-1 ez-toc-heading-level-3'><a class=\"ez-toc-link ez-toc-heading-5\" href=\"https:\/\/www.mobilier-design-occasion.fr\/magazine\/test-avis-muralconcept\/#Un_service_client_a_lecoute\" >Un service client \u00e0 l&#8217;\u00e9coute<\/a><\/li><\/ul><\/li><li class='ez-toc-page-1 ez-toc-heading-level-2'><a class=\"ez-toc-link ez-toc-heading-6\" href=\"https:\/\/www.mobilier-design-occasion.fr\/magazine\/test-avis-muralconcept\/#Leur_collection\" >Leur collection<\/a><\/li><li class='ez-toc-page-1 ez-toc-heading-level-2'><a class=\"ez-toc-link ez-toc-heading-7\" href=\"https:\/\/www.mobilier-design-occasion.fr\/magazine\/test-avis-muralconcept\/#Made_in_France\" >Made in France<\/a><\/li><li class='ez-toc-page-1 ez-toc-heading-level-2'><a class=\"ez-toc-link ez-toc-heading-8\" href=\"https:\/\/www.mobilier-design-occasion.fr\/magazine\/test-avis-muralconcept\/#Contacter_le_service_client_MuralConcept\" >Contacter le service client MuralConcept<\/a><\/li><li class='ez-toc-page-1 ez-toc-heading-level-2'><a class=\"ez-toc-link ez-toc-heading-9\" href=\"https:\/\/www.mobilier-design-occasion.fr\/magazine\/test-avis-muralconcept\/#Ou_trouver_la_collection_MuralConcept\" >O\u00f9 trouver la collection MuralConcept ?<\/a><\/li><li class='ez-toc-page-1 ez-toc-heading-level-2'><a class=\"ez-toc-link ez-toc-heading-10\" href=\"https:\/\/www.mobilier-design-occasion.fr\/magazine\/test-avis-muralconcept\/#Les_boutiques_MuralConcept\" >Les boutiques MuralConcept<\/a><\/li><li class='ez-toc-page-1 ez-toc-heading-level-2'><a class=\"ez-toc-link ez-toc-heading-11\" href=\"https:\/\/www.mobilier-design-occasion.fr\/magazine\/test-avis-muralconcept\/#Les_avis_des_clients_sur_MuralConcept\" >Les avis des clients sur MuralConcept<\/a><\/li><\/ul><\/nav><\/div>\n\n\n\n<div class=\"wp-block-image\">\n<figure class=\"alignleft size-large is-resized\"><img loading=\"lazy\" decoding=\"async\" src=\"https:\/\/www.mobilier-design-occasion.fr\/magazine\/wp-content\/uploads\/2022\/10\/MuralConcept-logo-400x100-1-1024x536.webp\" alt=\"\" class=\"wp-image-6053\" width=\"273\" height=\"142\" srcset=\"https:\/\/www.mobilier-design-occasion.fr\/magazine\/wp-content\/uploads\/2022\/10\/MuralConcept-logo-400x100-1-1024x536.webp 1024w, https:\/\/www.mobilier-design-occasion.fr\/magazine\/wp-content\/uploads\/2022\/10\/MuralConcept-logo-400x100-1-300x157.webp 300w, https:\/\/www.mobilier-design-occasion.fr\/magazine\/wp-content\/uploads\/2022\/10\/MuralConcept-logo-400x100-1-768x402.webp 768w, https:\/\/www.mobilier-design-occasion.fr\/magazine\/wp-content\/uploads\/2022\/10\/MuralConcept-logo-400x100-1-810x424.webp 810w, https:\/\/www.mobilier-design-occasion.fr\/magazine\/wp-content\/uploads\/2022\/10\/MuralConcept-logo-400x100-1-1140x597.webp 1140w, https:\/\/www.mobilier-design-occasion.fr\/magazine\/wp-content\/uploads\/2022\/10\/MuralConcept-logo-400x100-1-375x195.webp 375w, https:\/\/www.mobilier-design-occasion.fr\/magazine\/wp-content\/uploads\/2022\/10\/MuralConcept-logo-400x100-1.webp 1200w\" sizes=\"auto, (max-width: 273px) 100vw, 273px\" \/><\/figure>\n<\/div>\n\n\n<p>MuralConcept est fabricant fran\u00e7ais de papier peint panoramique sur-mesure bas\u00e9 pr\u00e8s d&#8217;Annecy. La marque r\u00e9alise des papier-peints magnifiques et uniques qui s&#8217;adaptent \u00e0 tous les styles d&#8217;int\u00e9rieur<\/p>\n\n\n\n<h2 class=\"wp-block-heading\"><span class=\"ez-toc-section\" id=\"La_promesse\"><\/span><strong>La promesse<\/strong><span class=\"ez-toc-section-end\"><\/span><\/h2>\n\n\n\n<h3 class=\"wp-block-heading\"><span class=\"ez-toc-section\" id=\"Des_papiers-peints_exclusifs\"><\/span>Des papiers-peints exclusifs<span class=\"ez-toc-section-end\"><\/span><\/h3>\n\n\n\n<p>MuralConcept con\u00e7oit les papiers peints sur-mesure selon les demandes, parfois tr\u00e8s sp\u00e9cifiques de ses clients. S&#8217;adapter \u00e0 chaque demande pour <strong>un rendu unique de qualit\u00e9 <\/strong>est sa force. La marque cr\u00e9e les papiers peints selon les contraintes d&#8217;agencement d&#8217;int\u00e9rieur de chaque client.<\/p>\n\n\n\n<figure class=\"wp-block-image size-large\"><img loading=\"lazy\" decoding=\"async\" width=\"1024\" height=\"838\" src=\"https:\/\/www.mobilier-design-occasion.fr\/magazine\/wp-content\/uploads\/2022\/10\/PAPEIR-PEINT-MONTAGNE-MONT-BLANC-MURALCONCEPT-NOIR-ET-BLANC_1100x900_crop_center-1024x838.webp\" alt=\"\" class=\"wp-image-6055\" srcset=\"https:\/\/www.mobilier-design-occasion.fr\/magazine\/wp-content\/uploads\/2022\/10\/PAPEIR-PEINT-MONTAGNE-MONT-BLANC-MURALCONCEPT-NOIR-ET-BLANC_1100x900_crop_center-1024x838.webp 1024w, https:\/\/www.mobilier-design-occasion.fr\/magazine\/wp-content\/uploads\/2022\/10\/PAPEIR-PEINT-MONTAGNE-MONT-BLANC-MURALCONCEPT-NOIR-ET-BLANC_1100x900_crop_center-300x245.webp 300w, https:\/\/www.mobilier-design-occasion.fr\/magazine\/wp-content\/uploads\/2022\/10\/PAPEIR-PEINT-MONTAGNE-MONT-BLANC-MURALCONCEPT-NOIR-ET-BLANC_1100x900_crop_center-768x628.webp 768w, https:\/\/www.mobilier-design-occasion.fr\/magazine\/wp-content\/uploads\/2022\/10\/PAPEIR-PEINT-MONTAGNE-MONT-BLANC-MURALCONCEPT-NOIR-ET-BLANC_1100x900_crop_center-810x663.webp 810w, https:\/\/www.mobilier-design-occasion.fr\/magazine\/wp-content\/uploads\/2022\/10\/PAPEIR-PEINT-MONTAGNE-MONT-BLANC-MURALCONCEPT-NOIR-ET-BLANC_1100x900_crop_center.webp 1100w\" sizes=\"auto, (max-width: 1024px) 100vw, 1024px\" \/><\/figure>\n\n\n\n<h3 class=\"wp-block-heading\"><span class=\"ez-toc-section\" id=\"Des_papiers_peints_de_qualite\"><\/span>Des papiers peints de qualit\u00e9 <span class=\"ez-toc-section-end\"><\/span><\/h3>\n\n\n\n<p>Les papiers peints de MuralConcept sont con\u00e7us avec des mat\u00e9riaux de qualit\u00e9 et une finition haut de gamme. Fabriqu\u00e9 en <a href=\"https:\/\/www.mobilier-design-occasion.fr\/magazine\/test-avis-sur-ripaton\/\">France<\/a> pr\u00e8s d&#8217;Annecy, MuralConcept met un point d&#8217;honneur \u00e0 respecter l&#8217;environnement et la plan\u00e8te en menant des actions concr\u00e8tes, comme:<\/p>\n\n\n\n<ul class=\"wp-block-list\"><li>une production locale et \u00e0 la commande<\/li><li>travail avec des ateliers d&#8217;impression labellis\u00e9s Imprim&#8217;vert<\/li><li>les papiers peints et emballages sont recyclables<\/li><li>les encres utilis\u00e9es sont \u00e0 base d&#8217;eau<\/li><li>Les mati\u00e8res premi\u00e8res servant \u00e0 la fabrication des papiers peints panoramiques proviennent de for\u00eats durables \u00e9co-g\u00e9r\u00e9es FSC<\/li><\/ul>\n\n\n\n<h3 class=\"wp-block-heading\"><span class=\"ez-toc-section\" id=\"Un_service_client_a_lecoute\"><\/span>Un service client \u00e0 l&#8217;\u00e9coute<span class=\"ez-toc-section-end\"><\/span><\/h3>\n\n\n\n<p>MuralConcept b\u00e9n\u00e9ficie d&#8217;une excellente r\u00e9putation de son service client. Ainsi la qualit\u00e9 des interlocuteurs vous permet d&#8217;\u00eatre conseill\u00e9 et de b\u00e9n\u00e9ficier d&#8217;un suivi de projet de qualit\u00e9 et sur-mesure. <\/p>\n\n\n\n<figure class=\"wp-block-image size-large\"><img loading=\"lazy\" decoding=\"async\" width=\"1024\" height=\"838\" src=\"https:\/\/www.mobilier-design-occasion.fr\/magazine\/wp-content\/uploads\/2022\/10\/PAPIER-PEINT-ENFANT-CHAMBRE-FOND-MARIN-MURALCONCEPT_1100x900_crop_center-1024x838.webp\" alt=\"\" class=\"wp-image-6058\" srcset=\"https:\/\/www.mobilier-design-occasion.fr\/magazine\/wp-content\/uploads\/2022\/10\/PAPIER-PEINT-ENFANT-CHAMBRE-FOND-MARIN-MURALCONCEPT_1100x900_crop_center-1024x838.webp 1024w, https:\/\/www.mobilier-design-occasion.fr\/magazine\/wp-content\/uploads\/2022\/10\/PAPIER-PEINT-ENFANT-CHAMBRE-FOND-MARIN-MURALCONCEPT_1100x900_crop_center-300x245.webp 300w, https:\/\/www.mobilier-design-occasion.fr\/magazine\/wp-content\/uploads\/2022\/10\/PAPIER-PEINT-ENFANT-CHAMBRE-FOND-MARIN-MURALCONCEPT_1100x900_crop_center-768x628.webp 768w, https:\/\/www.mobilier-design-occasion.fr\/magazine\/wp-content\/uploads\/2022\/10\/PAPIER-PEINT-ENFANT-CHAMBRE-FOND-MARIN-MURALCONCEPT_1100x900_crop_center-810x663.webp 810w, https:\/\/www.mobilier-design-occasion.fr\/magazine\/wp-content\/uploads\/2022\/10\/PAPIER-PEINT-ENFANT-CHAMBRE-FOND-MARIN-MURALCONCEPT_1100x900_crop_center.webp 1100w\" sizes=\"auto, (max-width: 1024px) 100vw, 1024px\" \/><\/figure>\n\n\n\n<h2 class=\"wp-block-heading\"><span class=\"ez-toc-section\" id=\"Leur_collection\"><\/span><strong>Leur collection<\/strong><span class=\"ez-toc-section-end\"><\/span><\/h2>\n\n\n\n<p>MuralConcept propose une <strong>vaste collection<\/strong> de papiers peints panoramiques qui <strong>s&#8217;adaptent \u00e0 tous les styles et toutes les envies<\/strong>. <\/p>\n\n\n\n<p>Si vous \u00eates en manque d&#8217;inspiration, naviguez \u00e0 travers les diff\u00e9rentes cat\u00e9gories tr\u00e8s bien class\u00e9es. La marque a en effet ordonn\u00e9 les diff\u00e9rents mod\u00e8les de papiers en plusieurs cat\u00e9gories:<\/p>\n\n\n\n<ul class=\"wp-block-list\"><li><strong>Par ambiance<\/strong>: dans cette cat\u00e9gorie, il y a des papiers peints v\u00e9g\u00e9taux, voyage, scandinave, vintage, boh\u00e8me, enfant et b\u00e9b\u00e9\u2026<\/li><li><strong>Par motif<\/strong>: il y a des papiers peints \u00e0 motif floral, g\u00e9om\u00e9trique, plume, animaux, voiture, carte du monde, ville, graffiti\u2026<\/li><li><strong>Par effet visuel<\/strong>: dans cette cat\u00e9gorie, il y a des papiers peints trompe-l\u2019\u0153il, paysage, s\u00e9pia, noir et blanc, pastel, aquarelle\u2026<\/li><li><strong>Par type de pi\u00e8ce:<\/strong> <a href=\"https:\/\/www.mobilier-design-occasion.fr\/magazine\/5-elements-pour-amenager-une-chambre-montessori\/\">chambre<\/a> enfant, salon, salle \u00e0 manger etc&#8230;<\/li><\/ul>\n\n\n\n<figure class=\"wp-block-image size-large\"><img loading=\"lazy\" decoding=\"async\" width=\"1024\" height=\"838\" src=\"https:\/\/www.mobilier-design-occasion.fr\/magazine\/wp-content\/uploads\/2022\/10\/PAPIER-PEINT-GRAPHIQUE-ARCHE-BLEU-MURALCONCEPT_1100x900_crop_center-1024x838.webp\" alt=\"\" class=\"wp-image-6059\" srcset=\"https:\/\/www.mobilier-design-occasion.fr\/magazine\/wp-content\/uploads\/2022\/10\/PAPIER-PEINT-GRAPHIQUE-ARCHE-BLEU-MURALCONCEPT_1100x900_crop_center-1024x838.webp 1024w, https:\/\/www.mobilier-design-occasion.fr\/magazine\/wp-content\/uploads\/2022\/10\/PAPIER-PEINT-GRAPHIQUE-ARCHE-BLEU-MURALCONCEPT_1100x900_crop_center-300x245.webp 300w, https:\/\/www.mobilier-design-occasion.fr\/magazine\/wp-content\/uploads\/2022\/10\/PAPIER-PEINT-GRAPHIQUE-ARCHE-BLEU-MURALCONCEPT_1100x900_crop_center-768x628.webp 768w, https:\/\/www.mobilier-design-occasion.fr\/magazine\/wp-content\/uploads\/2022\/10\/PAPIER-PEINT-GRAPHIQUE-ARCHE-BLEU-MURALCONCEPT_1100x900_crop_center-810x663.webp 810w, https:\/\/www.mobilier-design-occasion.fr\/magazine\/wp-content\/uploads\/2022\/10\/PAPIER-PEINT-GRAPHIQUE-ARCHE-BLEU-MURALCONCEPT_1100x900_crop_center.webp 1100w\" sizes=\"auto, (max-width: 1024px) 100vw, 1024px\" \/><\/figure>\n\n\n\n<h2 class=\"wp-block-heading\"><span class=\"ez-toc-section\" id=\"Made_in_France\"><\/span><strong>Made in France<\/strong><span class=\"ez-toc-section-end\"><\/span><\/h2>\n\n\n\n<p>Comme d\u00e9j\u00e0 \u00e9voqu\u00e9 pr\u00e9c\u00e9demment MuralConcept est une soci\u00e9t\u00e9 <strong>100% fran\u00e7aise<\/strong>, bas\u00e9e pr\u00e8s d&#8217;Annecy, au pied des Alpes. Tous les papiers peints sont fabriqu\u00e9s dans la r\u00e9gion. De quoi favoriser l&#8217;emploi local et r\u00e9duire l&#8217;empreinte carbone. <\/p>\n\n\n\n<figure class=\"wp-block-image size-large\"><img loading=\"lazy\" decoding=\"async\" width=\"1024\" height=\"838\" src=\"https:\/\/www.mobilier-design-occasion.fr\/magazine\/wp-content\/uploads\/2022\/10\/PAPIER-PEINT-HOTEL-HALL-SANTORIN-OIA-PHOTO-MURALCONCEPT_1100x900_crop_center-1024x838.webp\" alt=\"\" class=\"wp-image-6060\" srcset=\"https:\/\/www.mobilier-design-occasion.fr\/magazine\/wp-content\/uploads\/2022\/10\/PAPIER-PEINT-HOTEL-HALL-SANTORIN-OIA-PHOTO-MURALCONCEPT_1100x900_crop_center-1024x838.webp 1024w, https:\/\/www.mobilier-design-occasion.fr\/magazine\/wp-content\/uploads\/2022\/10\/PAPIER-PEINT-HOTEL-HALL-SANTORIN-OIA-PHOTO-MURALCONCEPT_1100x900_crop_center-300x245.webp 300w, https:\/\/www.mobilier-design-occasion.fr\/magazine\/wp-content\/uploads\/2022\/10\/PAPIER-PEINT-HOTEL-HALL-SANTORIN-OIA-PHOTO-MURALCONCEPT_1100x900_crop_center-768x628.webp 768w, https:\/\/www.mobilier-design-occasion.fr\/magazine\/wp-content\/uploads\/2022\/10\/PAPIER-PEINT-HOTEL-HALL-SANTORIN-OIA-PHOTO-MURALCONCEPT_1100x900_crop_center-810x663.webp 810w, https:\/\/www.mobilier-design-occasion.fr\/magazine\/wp-content\/uploads\/2022\/10\/PAPIER-PEINT-HOTEL-HALL-SANTORIN-OIA-PHOTO-MURALCONCEPT_1100x900_crop_center.webp 1100w\" sizes=\"auto, (max-width: 1024px) 100vw, 1024px\" \/><\/figure>\n\n\n\n<h2 class=\"wp-block-heading\"><span class=\"ez-toc-section\" id=\"Contacter_le_service_client_MuralConcept\"><\/span><strong>Contacter le service client <\/strong><strong>MuralConcept<\/strong><span class=\"ez-toc-section-end\"><\/span><\/h2>\n\n\n\n<p>Le service client de MuralConcept est disponible 5 jours sur 7. <\/p>\n\n\n\n<p>Vous pouvez les joindre du lundi au vendredi de 9h30 \u00e0 17h30 soit:<\/p>\n\n\n\n<ul class=\"wp-block-list\"><li>en les appelant directement au 04 80 97 49 28 <\/li><\/ul>\n\n\n\n<ul class=\"wp-block-list\"><li>en envoyant un email \u00e0 l\u2019adresse <a href=\"mailto:contact@muralconcept.fr\">contact@muralconcept.fr<\/a> \u00a0\u00a0<\/li><\/ul>\n\n\n\n<ul class=\"wp-block-list\"><li>envoyer un message via le formulaire de contact pr\u00e9sent sur <a href=\"https:\/\/muralconcept.fr\/pages\/contacter-muralconcept\">https:\/\/muralconcept.fr\/pages\/contacter-muralconcept<\/a><\/li><\/ul>\n\n\n\n<p>Si vous souhaitez envoyer un courrier, vous pouvez l\u2019envoyer \u00e0 l\u2019adresse:<\/p>\n\n\n\n<p>MuralConcept<br>Za du Fier, 400 route de l&#8217;Aigli\u00e8re <\/p>\n\n\n\n<p>74370 ARGONAY<\/p>\n\n\n\n<figure class=\"wp-block-image size-large\"><img loading=\"lazy\" decoding=\"async\" width=\"1024\" height=\"838\" src=\"https:\/\/www.mobilier-design-occasion.fr\/magazine\/wp-content\/uploads\/2022\/10\/PAPIER-PEINT-ILLUSTRATION-PAMPA-AUTOMNE-SUR-MESURE-MURALCONCEPT_1100x900_crop_center-1024x838.webp\" alt=\"\" class=\"wp-image-6061\" srcset=\"https:\/\/www.mobilier-design-occasion.fr\/magazine\/wp-content\/uploads\/2022\/10\/PAPIER-PEINT-ILLUSTRATION-PAMPA-AUTOMNE-SUR-MESURE-MURALCONCEPT_1100x900_crop_center-1024x838.webp 1024w, https:\/\/www.mobilier-design-occasion.fr\/magazine\/wp-content\/uploads\/2022\/10\/PAPIER-PEINT-ILLUSTRATION-PAMPA-AUTOMNE-SUR-MESURE-MURALCONCEPT_1100x900_crop_center-300x245.webp 300w, https:\/\/www.mobilier-design-occasion.fr\/magazine\/wp-content\/uploads\/2022\/10\/PAPIER-PEINT-ILLUSTRATION-PAMPA-AUTOMNE-SUR-MESURE-MURALCONCEPT_1100x900_crop_center-768x628.webp 768w, https:\/\/www.mobilier-design-occasion.fr\/magazine\/wp-content\/uploads\/2022\/10\/PAPIER-PEINT-ILLUSTRATION-PAMPA-AUTOMNE-SUR-MESURE-MURALCONCEPT_1100x900_crop_center-810x663.webp 810w, https:\/\/www.mobilier-design-occasion.fr\/magazine\/wp-content\/uploads\/2022\/10\/PAPIER-PEINT-ILLUSTRATION-PAMPA-AUTOMNE-SUR-MESURE-MURALCONCEPT_1100x900_crop_center.webp 1100w\" sizes=\"auto, (max-width: 1024px) 100vw, 1024px\" \/><\/figure>\n\n\n\n<h2 class=\"wp-block-heading\"><span class=\"ez-toc-section\" id=\"Ou_trouver_la_collection_MuralConcept\"><\/span><strong>O\u00f9 trouver la collection <\/strong><strong>MuralConcept <\/strong><strong>?<\/strong><span class=\"ez-toc-section-end\"><\/span><\/h2>\n\n\n\n<p>MuralConcept cr\u00e9e un large choix de papiers peints selon les go\u00fbts et les demandes des clients. <\/p>\n\n\n\n<p>La marque propose des papiers peints art d\u00e9co, relax, super-h\u00e9ros, romantique, for\u00eat\u2026 elle cr\u00e9e des papiers peints selon les diff\u00e9rentes pi\u00e8ces de la maison.<\/p>\n\n\n\n<p>Toutes les collections de papiers peints MuralConcept sont pr\u00e9sentes sur leur site <a href=\"https:\/\/muralconcept.fr\/\">https:\/\/muralconcept.fr\/<\/a><\/p>\n\n\n\n<figure class=\"wp-block-image size-full\"><img loading=\"lazy\" decoding=\"async\" width=\"900\" height=\"900\" src=\"https:\/\/www.mobilier-design-occasion.fr\/magazine\/wp-content\/uploads\/2022\/10\/Papier-peint-jungle-bleu-marbre_900x900_crop_center.webp\" alt=\"\" class=\"wp-image-6062\" srcset=\"https:\/\/www.mobilier-design-occasion.fr\/magazine\/wp-content\/uploads\/2022\/10\/Papier-peint-jungle-bleu-marbre_900x900_crop_center.webp 900w, https:\/\/www.mobilier-design-occasion.fr\/magazine\/wp-content\/uploads\/2022\/10\/Papier-peint-jungle-bleu-marbre_900x900_crop_center-300x300.webp 300w, https:\/\/www.mobilier-design-occasion.fr\/magazine\/wp-content\/uploads\/2022\/10\/Papier-peint-jungle-bleu-marbre_900x900_crop_center-150x150.webp 150w, https:\/\/www.mobilier-design-occasion.fr\/magazine\/wp-content\/uploads\/2022\/10\/Papier-peint-jungle-bleu-marbre_900x900_crop_center-768x768.webp 768w, https:\/\/www.mobilier-design-occasion.fr\/magazine\/wp-content\/uploads\/2022\/10\/Papier-peint-jungle-bleu-marbre_900x900_crop_center-810x810.webp 810w\" sizes=\"auto, (max-width: 900px) 100vw, 900px\" \/><\/figure>\n\n\n\n<h2 class=\"wp-block-heading\"><span class=\"ez-toc-section\" id=\"Les_boutiques_MuralConcept\"><\/span><strong>Les boutiques <\/strong><strong>MuralConcept<\/strong><span class=\"ez-toc-section-end\"><\/span><\/h2>\n\n\n\n<p>MuralConcept ne dispose pas de boutiques physiques, tout se passe en ligne via leur site internet <a href=\"https:\/\/muralconcept.fr\/\">https:\/\/muralconcept.fr\/<\/a><\/p>\n\n\n\n<h2 class=\"wp-block-heading\"><span class=\"ez-toc-section\" id=\"Les_avis_des_clients_sur_MuralConcept\"><\/span><strong>Les avis des clients sur <\/strong><strong>MuralConcept<\/strong><strong><\/strong><span class=\"ez-toc-section-end\"><\/span><\/h2>\n\n\n\n<p>MuralConcept a re\u00e7u une note de 4,2 \u00e9toiles sur 5. Ceci est une excellente note, et voici quelques retours de clients:<\/p>\n\n\n\n<div class=\"wp-block-columns is-layout-flex wp-container-core-columns-is-layout-9d6595d7 wp-block-columns-is-layout-flex\">\n<div class=\"wp-block-column is-layout-flow wp-block-column-is-layout-flow\">\n<figure class=\"wp-block-image size-full\"><img loading=\"lazy\" decoding=\"async\" width=\"600\" height=\"316\" src=\"https:\/\/www.mobilier-design-occasion.fr\/magazine\/wp-content\/uploads\/2022\/10\/papier-peint-carte-du-monde-en-francais-enfantpanoramique-sur-mesure-muralconcept-597847_600x_crop_center.webp\" alt=\"\" class=\"wp-image-6065\" srcset=\"https:\/\/www.mobilier-design-occasion.fr\/magazine\/wp-content\/uploads\/2022\/10\/papier-peint-carte-du-monde-en-francais-enfantpanoramique-sur-mesure-muralconcept-597847_600x_crop_center.webp 600w, https:\/\/www.mobilier-design-occasion.fr\/magazine\/wp-content\/uploads\/2022\/10\/papier-peint-carte-du-monde-en-francais-enfantpanoramique-sur-mesure-muralconcept-597847_600x_crop_center-300x158.webp 300w\" sizes=\"auto, (max-width: 600px) 100vw, 600px\" \/><\/figure>\n<\/div>\n\n\n\n<div class=\"wp-block-column is-layout-flow wp-block-column-is-layout-flow\">\n<figure class=\"wp-block-image size-full\"><img loading=\"lazy\" decoding=\"async\" width=\"600\" height=\"400\" src=\"https:\/\/www.mobilier-design-occasion.fr\/magazine\/wp-content\/uploads\/2022\/10\/papier-peint-panoramique-flower-dreampanoramique-sur-mesure-muralconcept-662105_600x_crop_center.webp\" alt=\"\" class=\"wp-image-6064\" srcset=\"https:\/\/www.mobilier-design-occasion.fr\/magazine\/wp-content\/uploads\/2022\/10\/papier-peint-panoramique-flower-dreampanoramique-sur-mesure-muralconcept-662105_600x_crop_center.webp 600w, https:\/\/www.mobilier-design-occasion.fr\/magazine\/wp-content\/uploads\/2022\/10\/papier-peint-panoramique-flower-dreampanoramique-sur-mesure-muralconcept-662105_600x_crop_center-300x200.webp 300w\" sizes=\"auto, (max-width: 600px) 100vw, 600px\" \/><\/figure>\n<\/div>\n<\/div>\n\n\n\n<blockquote class=\"wp-block-quote is-layout-flow wp-block-quote-is-layout-flow\"><p><strong>&nbsp;<\/strong>J&#8217;ai command\u00e9 un papier peint jungle pour ma chambre (mur t\u00eate de <a href=\"https:\/\/www.mobilier-design-occasion.fr\/magazine\/combien-dheures-de-sommeil-pour-mon-enfant\/\">lit<\/a>). J&#8217;h\u00e9sitais entre deux mod\u00e8les, le service client m&#8217;a bien conseill\u00e9 et m&#8217;a aid\u00e9 \u00e0 faire mon choix. Papier peint arriv\u00e9 dans les d\u00e9lais, niquel. J&#8217;avais 5 L\u00e9s \u00e0 poser. En une heure mon mur \u00e9tait absolument sublime. Le rendu est parfait, les couleurs sont supers belles. J&#8217;adore. Je conseille vivement ce site !&nbsp;<\/p><cite>Julie B.<\/cite><\/blockquote>\n\n\n\n<blockquote class=\"wp-block-quote is-layout-flow wp-block-quote-is-layout-flow\"><p>&nbsp;Excellente exp\u00e9rience ! Qualit\u00e9 du papier peint parfait, facile \u00e0 poser et a entretenir. D\u00e9lais de livraison assez rapide.&nbsp;<\/p><cite>Kim D.<\/cite><\/blockquote>\n\n\n\n<blockquote class=\"wp-block-quote is-layout-flow wp-block-quote-is-layout-flow\"><p>Un rendu exceptionnel, et sur mesure. J&#8217;ai achet\u00e9 deux papiers peints sur mesure pour la chambre de mes enfants. Le r\u00e9sultat est magnifique. Pas d&#8217;odeur, \u00e9cologique et une marque Fran\u00e7aise !&nbsp;<\/p><cite>Laetitia<\/cite><\/blockquote>\n\n\n\n<div class=\"wp-block-columns is-layout-flex wp-container-core-columns-is-layout-9d6595d7 wp-block-columns-is-layout-flex\">\n<div class=\"wp-block-column is-layout-flow wp-block-column-is-layout-flow\">\n<figure class=\"wp-block-image size-full\"><img loading=\"lazy\" decoding=\"async\" width=\"600\" height=\"420\" src=\"https:\/\/www.mobilier-design-occasion.fr\/magazine\/wp-content\/uploads\/2022\/10\/papier-peint-enfant-animaux-de-la-savanepanoramique-sur-mesure-muralconcept-198702_600x_crop_center.webp\" alt=\"\" class=\"wp-image-6063\" srcset=\"https:\/\/www.mobilier-design-occasion.fr\/magazine\/wp-content\/uploads\/2022\/10\/papier-peint-enfant-animaux-de-la-savanepanoramique-sur-mesure-muralconcept-198702_600x_crop_center.webp 600w, https:\/\/www.mobilier-design-occasion.fr\/magazine\/wp-content\/uploads\/2022\/10\/papier-peint-enfant-animaux-de-la-savanepanoramique-sur-mesure-muralconcept-198702_600x_crop_center-300x210.webp 300w\" sizes=\"auto, (max-width: 600px) 100vw, 600px\" \/><\/figure>\n<\/div>\n\n\n\n<div class=\"wp-block-column is-layout-flow wp-block-column-is-layout-flow\">\n<figure class=\"wp-block-image size-full\"><img loading=\"lazy\" decoding=\"async\" width=\"600\" height=\"420\" src=\"https:\/\/www.mobilier-design-occasion.fr\/magazine\/wp-content\/uploads\/2022\/10\/papier-peint-contemporain-ginkgo-zen-bleupanoramique-sur-mesure-muralconcept-153102_600x_crop_center.webp\" alt=\"\" class=\"wp-image-6066\" srcset=\"https:\/\/www.mobilier-design-occasion.fr\/magazine\/wp-content\/uploads\/2022\/10\/papier-peint-contemporain-ginkgo-zen-bleupanoramique-sur-mesure-muralconcept-153102_600x_crop_center.webp 600w, https:\/\/www.mobilier-design-occasion.fr\/magazine\/wp-content\/uploads\/2022\/10\/papier-peint-contemporain-ginkgo-zen-bleupanoramique-sur-mesure-muralconcept-153102_600x_crop_center-300x210.webp 300w\" sizes=\"auto, (max-width: 600px) 100vw, 600px\" \/><\/figure>\n<\/div>\n<\/div>\n","protected":false},"excerpt":{"rendered":"<p>Qui est MuralConcept ? MuralConcept est fabricant fran\u00e7ais de papier peint panoramique sur-mesure bas\u00e9 pr\u00e8s d&#8217;Annecy. La marque r\u00e9alise des papier-peints magnifiques et uniques qui s&#8217;adaptent \u00e0 tous les styles d&#8217;int\u00e9rieur La promesse Des papiers-peints exclusifs MuralConcept con\u00e7oit les papiers peints sur-mesure selon les demandes, parfois tr\u00e8s sp\u00e9cifiques de ses clients. S&#8217;adapter \u00e0 chaque demande [&hellip;]<\/p>\n","protected":false},"author":1,"featured_media":6062,"comment_status":"open","ping_status":"open","sticky":false,"template":"","format":"standard","meta":{"footnotes":""},"categories":[8],"tags":[],"class_list":["post-6051","post","type-post","status-publish","format-standard","has-post-thumbnail","hentry","category-avis"],"yoast_head":"<!-- This site is optimized with the Yoast SEO plugin v27.5 - https:\/\/yoast.com\/product\/yoast-seo-wordpress\/ -->\n<title>Test &amp; avis MuralConcept - Mobilier Design Magazine<\/title>\n<meta name=\"robots\" content=\"index, follow, max-snippet:-1, max-image-preview:large, max-video-preview:-1\" \/>\n<link rel=\"canonical\" href=\"https:\/\/www.mobilier-design-occasion.fr\/magazine\/test-avis-muralconcept\/\" \/>\n<meta property=\"og:locale\" content=\"fr_FR\" \/>\n<meta property=\"og:type\" content=\"article\" \/>\n<meta property=\"og:title\" content=\"Test &amp; avis MuralConcept - Mobilier Design Magazine\" \/>\n<meta property=\"og:description\" content=\"Qui est MuralConcept ? MuralConcept est fabricant fran\u00e7ais de papier peint panoramique sur-mesure bas\u00e9 pr\u00e8s d&#8217;Annecy. La marque r\u00e9alise des papier-peints magnifiques et uniques qui s&#8217;adaptent \u00e0 tous les styles d&#8217;int\u00e9rieur La promesse Des papiers-peints exclusifs MuralConcept con\u00e7oit les papiers peints sur-mesure selon les demandes, parfois tr\u00e8s sp\u00e9cifiques de ses clients. S&#8217;adapter \u00e0 chaque demande [&hellip;]\" \/>\n<meta property=\"og:url\" content=\"https:\/\/www.mobilier-design-occasion.fr\/magazine\/test-avis-muralconcept\/\" \/>\n<meta property=\"og:site_name\" content=\"Mobilier Design Magazine\" \/>\n<meta property=\"article:publisher\" content=\"https:\/\/www.facebook.com\/mobilierdesignoccasion\" \/>\n<meta property=\"article:published_time\" content=\"2022-10-20T07:37:50+00:00\" \/>\n<meta property=\"article:modified_time\" content=\"2022-10-20T07:37:51+00:00\" \/>\n<meta property=\"og:image\" content=\"https:\/\/www.mobilier-design-occasion.fr\/magazine\/wp-content\/uploads\/2022\/10\/Papier-peint-jungle-bleu-marbre_900x900_crop_center.webp\" \/>\n\t<meta property=\"og:image:width\" content=\"900\" \/>\n\t<meta property=\"og:image:height\" content=\"900\" \/>\n\t<meta property=\"og:image:type\" content=\"image\/webp\" \/>\n<meta name=\"author\" content=\"Cyrielle Poirot\" \/>\n<meta name=\"twitter:card\" content=\"summary_large_image\" \/>\n<meta name=\"twitter:label1\" content=\"\u00c9crit par\" \/>\n\t<meta name=\"twitter:data1\" content=\"Cyrielle Poirot\" \/>\n\t<meta name=\"twitter:label2\" content=\"Dur\u00e9e de lecture estim\u00e9e\" \/>\n\t<meta name=\"twitter:data2\" content=\"4 minutes\" \/>\n<script type=\"application\/ld+json\" class=\"yoast-schema-graph\">{\"@context\":\"https:\\\/\\\/schema.org\",\"@graph\":[{\"@type\":\"Article\",\"@id\":\"https:\\\/\\\/www.mobilier-design-occasion.fr\\\/magazine\\\/test-avis-muralconcept\\\/#article\",\"isPartOf\":{\"@id\":\"https:\\\/\\\/www.mobilier-design-occasion.fr\\\/magazine\\\/test-avis-muralconcept\\\/\"},\"author\":{\"name\":\"Cyrielle Poirot\",\"@id\":\"https:\\\/\\\/www.mobilier-design-occasion.fr\\\/magazine\\\/#\\\/schema\\\/person\\\/5b2e5627a714ddadaaf8c9b886c55eff\"},\"headline\":\"Test &#038; avis MuralConcept\",\"datePublished\":\"2022-10-20T07:37:50+00:00\",\"dateModified\":\"2022-10-20T07:37:51+00:00\",\"mainEntityOfPage\":{\"@id\":\"https:\\\/\\\/www.mobilier-design-occasion.fr\\\/magazine\\\/test-avis-muralconcept\\\/\"},\"wordCount\":755,\"commentCount\":1,\"publisher\":{\"@id\":\"https:\\\/\\\/www.mobilier-design-occasion.fr\\\/magazine\\\/#organization\"},\"image\":{\"@id\":\"https:\\\/\\\/www.mobilier-design-occasion.fr\\\/magazine\\\/test-avis-muralconcept\\\/#primaryimage\"},\"thumbnailUrl\":\"https:\\\/\\\/www.mobilier-design-occasion.fr\\\/magazine\\\/wp-content\\\/uploads\\\/2022\\\/10\\\/Papier-peint-jungle-bleu-marbre_900x900_crop_center.webp\",\"articleSection\":[\"Avis marques d\u00e9co\"],\"inLanguage\":\"fr-FR\",\"potentialAction\":[{\"@type\":\"CommentAction\",\"name\":\"Comment\",\"target\":[\"https:\\\/\\\/www.mobilier-design-occasion.fr\\\/magazine\\\/test-avis-muralconcept\\\/#respond\"]}]},{\"@type\":\"WebPage\",\"@id\":\"https:\\\/\\\/www.mobilier-design-occasion.fr\\\/magazine\\\/test-avis-muralconcept\\\/\",\"url\":\"https:\\\/\\\/www.mobilier-design-occasion.fr\\\/magazine\\\/test-avis-muralconcept\\\/\",\"name\":\"Test & avis MuralConcept - Mobilier Design Magazine\",\"isPartOf\":{\"@id\":\"https:\\\/\\\/www.mobilier-design-occasion.fr\\\/magazine\\\/#website\"},\"primaryImageOfPage\":{\"@id\":\"https:\\\/\\\/www.mobilier-design-occasion.fr\\\/magazine\\\/test-avis-muralconcept\\\/#primaryimage\"},\"image\":{\"@id\":\"https:\\\/\\\/www.mobilier-design-occasion.fr\\\/magazine\\\/test-avis-muralconcept\\\/#primaryimage\"},\"thumbnailUrl\":\"https:\\\/\\\/www.mobilier-design-occasion.fr\\\/magazine\\\/wp-content\\\/uploads\\\/2022\\\/10\\\/Papier-peint-jungle-bleu-marbre_900x900_crop_center.webp\",\"datePublished\":\"2022-10-20T07:37:50+00:00\",\"dateModified\":\"2022-10-20T07:37:51+00:00\",\"breadcrumb\":{\"@id\":\"https:\\\/\\\/www.mobilier-design-occasion.fr\\\/magazine\\\/test-avis-muralconcept\\\/#breadcrumb\"},\"inLanguage\":\"fr-FR\",\"potentialAction\":[{\"@type\":\"ReadAction\",\"target\":[\"https:\\\/\\\/www.mobilier-design-occasion.fr\\\/magazine\\\/test-avis-muralconcept\\\/\"]}]},{\"@type\":\"ImageObject\",\"inLanguage\":\"fr-FR\",\"@id\":\"https:\\\/\\\/www.mobilier-design-occasion.fr\\\/magazine\\\/test-avis-muralconcept\\\/#primaryimage\",\"url\":\"https:\\\/\\\/www.mobilier-design-occasion.fr\\\/magazine\\\/wp-content\\\/uploads\\\/2022\\\/10\\\/Papier-peint-jungle-bleu-marbre_900x900_crop_center.webp\",\"contentUrl\":\"https:\\\/\\\/www.mobilier-design-occasion.fr\\\/magazine\\\/wp-content\\\/uploads\\\/2022\\\/10\\\/Papier-peint-jungle-bleu-marbre_900x900_crop_center.webp\",\"width\":900,\"height\":900},{\"@type\":\"BreadcrumbList\",\"@id\":\"https:\\\/\\\/www.mobilier-design-occasion.fr\\\/magazine\\\/test-avis-muralconcept\\\/#breadcrumb\",\"itemListElement\":[{\"@type\":\"ListItem\",\"position\":1,\"name\":\"Accueil\",\"item\":\"https:\\\/\\\/www.mobilier-design-occasion.fr\\\/magazine\\\/\"},{\"@type\":\"ListItem\",\"position\":2,\"name\":\"Test &#038; avis MuralConcept\"}]},{\"@type\":\"WebSite\",\"@id\":\"https:\\\/\\\/www.mobilier-design-occasion.fr\\\/magazine\\\/#website\",\"url\":\"https:\\\/\\\/www.mobilier-design-occasion.fr\\\/magazine\\\/\",\"name\":\"Mobilier Design Magazine\",\"description\":\"\",\"publisher\":{\"@id\":\"https:\\\/\\\/www.mobilier-design-occasion.fr\\\/magazine\\\/#organization\"},\"potentialAction\":[{\"@type\":\"SearchAction\",\"target\":{\"@type\":\"EntryPoint\",\"urlTemplate\":\"https:\\\/\\\/www.mobilier-design-occasion.fr\\\/magazine\\\/?s={search_term_string}\"},\"query-input\":{\"@type\":\"PropertyValueSpecification\",\"valueRequired\":true,\"valueName\":\"search_term_string\"}}],\"inLanguage\":\"fr-FR\"},{\"@type\":\"Organization\",\"@id\":\"https:\\\/\\\/www.mobilier-design-occasion.fr\\\/magazine\\\/#organization\",\"name\":\"Mobilier Design Magazine\",\"url\":\"https:\\\/\\\/www.mobilier-design-occasion.fr\\\/magazine\\\/\",\"logo\":{\"@type\":\"ImageObject\",\"inLanguage\":\"fr-FR\",\"@id\":\"https:\\\/\\\/www.mobilier-design-occasion.fr\\\/magazine\\\/#\\\/schema\\\/logo\\\/image\\\/\",\"url\":\"https:\\\/\\\/www.mobilier-design-occasion.fr\\\/magazine\\\/wp-content\\\/uploads\\\/2024\\\/02\\\/android-chrome-192x192-1.png\",\"contentUrl\":\"https:\\\/\\\/www.mobilier-design-occasion.fr\\\/magazine\\\/wp-content\\\/uploads\\\/2024\\\/02\\\/android-chrome-192x192-1.png\",\"width\":192,\"height\":192,\"caption\":\"Mobilier Design Magazine\"},\"image\":{\"@id\":\"https:\\\/\\\/www.mobilier-design-occasion.fr\\\/magazine\\\/#\\\/schema\\\/logo\\\/image\\\/\"},\"sameAs\":[\"https:\\\/\\\/www.facebook.com\\\/mobilierdesignoccasion\"]},{\"@type\":\"Person\",\"@id\":\"https:\\\/\\\/www.mobilier-design-occasion.fr\\\/magazine\\\/#\\\/schema\\\/person\\\/5b2e5627a714ddadaaf8c9b886c55eff\",\"name\":\"Cyrielle Poirot\",\"image\":{\"@type\":\"ImageObject\",\"inLanguage\":\"fr-FR\",\"@id\":\"https:\\\/\\\/secure.gravatar.com\\\/avatar\\\/c8d2674e093b06894d8d1dc468b626bd752523471f3ac6e75f7c7a1400d40b4d?s=96&d=mm&r=g\",\"url\":\"https:\\\/\\\/secure.gravatar.com\\\/avatar\\\/c8d2674e093b06894d8d1dc468b626bd752523471f3ac6e75f7c7a1400d40b4d?s=96&d=mm&r=g\",\"contentUrl\":\"https:\\\/\\\/secure.gravatar.com\\\/avatar\\\/c8d2674e093b06894d8d1dc468b626bd752523471f3ac6e75f7c7a1400d40b4d?s=96&d=mm&r=g\",\"caption\":\"Cyrielle Poirot\"},\"description\":\"Cyrielle est passionn\u00e9e par la d\u00e9coration d'int\u00e9rieur et s'est sp\u00e9cialis\u00e9e depuis quelques ann\u00e9es dans l'\u00e9dition du site Mobilier-Design, avec une touche sp\u00e9cifique pour les produits d'occasion.\",\"sameAs\":[\"https:\\\/\\\/www.mobilier-design-occasion.fr\\\/magazine\"],\"url\":\"https:\\\/\\\/www.mobilier-design-occasion.fr\\\/magazine\\\/author\\\/cyrielle\\\/\"}]}<\/script>\n<!-- \/ Yoast SEO plugin. -->","yoast_head_json":{"title":"Test & avis MuralConcept - Mobilier Design Magazine","robots":{"index":"index","follow":"follow","max-snippet":"max-snippet:-1","max-image-preview":"max-image-preview:large","max-video-preview":"max-video-preview:-1"},"canonical":"https:\/\/www.mobilier-design-occasion.fr\/magazine\/test-avis-muralconcept\/","og_locale":"fr_FR","og_type":"article","og_title":"Test & avis MuralConcept - Mobilier Design Magazine","og_description":"Qui est MuralConcept ? MuralConcept est fabricant fran\u00e7ais de papier peint panoramique sur-mesure bas\u00e9 pr\u00e8s d&#8217;Annecy. La marque r\u00e9alise des papier-peints magnifiques et uniques qui s&#8217;adaptent \u00e0 tous les styles d&#8217;int\u00e9rieur La promesse Des papiers-peints exclusifs MuralConcept con\u00e7oit les papiers peints sur-mesure selon les demandes, parfois tr\u00e8s sp\u00e9cifiques de ses clients. S&#8217;adapter \u00e0 chaque demande [&hellip;]","og_url":"https:\/\/www.mobilier-design-occasion.fr\/magazine\/test-avis-muralconcept\/","og_site_name":"Mobilier Design Magazine","article_publisher":"https:\/\/www.facebook.com\/mobilierdesignoccasion","article_published_time":"2022-10-20T07:37:50+00:00","article_modified_time":"2022-10-20T07:37:51+00:00","og_image":[{"width":900,"height":900,"url":"https:\/\/www.mobilier-design-occasion.fr\/magazine\/wp-content\/uploads\/2022\/10\/Papier-peint-jungle-bleu-marbre_900x900_crop_center.webp","type":"image\/webp"}],"author":"Cyrielle Poirot","twitter_card":"summary_large_image","twitter_misc":{"\u00c9crit par":"Cyrielle Poirot","Dur\u00e9e de lecture estim\u00e9e":"4 minutes"},"schema":{"@context":"https:\/\/schema.org","@graph":[{"@type":"Article","@id":"https:\/\/www.mobilier-design-occasion.fr\/magazine\/test-avis-muralconcept\/#article","isPartOf":{"@id":"https:\/\/www.mobilier-design-occasion.fr\/magazine\/test-avis-muralconcept\/"},"author":{"name":"Cyrielle Poirot","@id":"https:\/\/www.mobilier-design-occasion.fr\/magazine\/#\/schema\/person\/5b2e5627a714ddadaaf8c9b886c55eff"},"headline":"Test &#038; avis MuralConcept","datePublished":"2022-10-20T07:37:50+00:00","dateModified":"2022-10-20T07:37:51+00:00","mainEntityOfPage":{"@id":"https:\/\/www.mobilier-design-occasion.fr\/magazine\/test-avis-muralconcept\/"},"wordCount":755,"commentCount":1,"publisher":{"@id":"https:\/\/www.mobilier-design-occasion.fr\/magazine\/#organization"},"image":{"@id":"https:\/\/www.mobilier-design-occasion.fr\/magazine\/test-avis-muralconcept\/#primaryimage"},"thumbnailUrl":"https:\/\/www.mobilier-design-occasion.fr\/magazine\/wp-content\/uploads\/2022\/10\/Papier-peint-jungle-bleu-marbre_900x900_crop_center.webp","articleSection":["Avis marques d\u00e9co"],"inLanguage":"fr-FR","potentialAction":[{"@type":"CommentAction","name":"Comment","target":["https:\/\/www.mobilier-design-occasion.fr\/magazine\/test-avis-muralconcept\/#respond"]}]},{"@type":"WebPage","@id":"https:\/\/www.mobilier-design-occasion.fr\/magazine\/test-avis-muralconcept\/","url":"https:\/\/www.mobilier-design-occasion.fr\/magazine\/test-avis-muralconcept\/","name":"Test & avis MuralConcept - Mobilier Design Magazine","isPartOf":{"@id":"https:\/\/www.mobilier-design-occasion.fr\/magazine\/#website"},"primaryImageOfPage":{"@id":"https:\/\/www.mobilier-design-occasion.fr\/magazine\/test-avis-muralconcept\/#primaryimage"},"image":{"@id":"https:\/\/www.mobilier-design-occasion.fr\/magazine\/test-avis-muralconcept\/#primaryimage"},"thumbnailUrl":"https:\/\/www.mobilier-design-occasion.fr\/magazine\/wp-content\/uploads\/2022\/10\/Papier-peint-jungle-bleu-marbre_900x900_crop_center.webp","datePublished":"2022-10-20T07:37:50+00:00","dateModified":"2022-10-20T07:37:51+00:00","breadcrumb":{"@id":"https:\/\/www.mobilier-design-occasion.fr\/magazine\/test-avis-muralconcept\/#breadcrumb"},"inLanguage":"fr-FR","potentialAction":[{"@type":"ReadAction","target":["https:\/\/www.mobilier-design-occasion.fr\/magazine\/test-avis-muralconcept\/"]}]},{"@type":"ImageObject","inLanguage":"fr-FR","@id":"https:\/\/www.mobilier-design-occasion.fr\/magazine\/test-avis-muralconcept\/#primaryimage","url":"https:\/\/www.mobilier-design-occasion.fr\/magazine\/wp-content\/uploads\/2022\/10\/Papier-peint-jungle-bleu-marbre_900x900_crop_center.webp","contentUrl":"https:\/\/www.mobilier-design-occasion.fr\/magazine\/wp-content\/uploads\/2022\/10\/Papier-peint-jungle-bleu-marbre_900x900_crop_center.webp","width":900,"height":900},{"@type":"BreadcrumbList","@id":"https:\/\/www.mobilier-design-occasion.fr\/magazine\/test-avis-muralconcept\/#breadcrumb","itemListElement":[{"@type":"ListItem","position":1,"name":"Accueil","item":"https:\/\/www.mobilier-design-occasion.fr\/magazine\/"},{"@type":"ListItem","position":2,"name":"Test &#038; avis MuralConcept"}]},{"@type":"WebSite","@id":"https:\/\/www.mobilier-design-occasion.fr\/magazine\/#website","url":"https:\/\/www.mobilier-design-occasion.fr\/magazine\/","name":"Mobilier Design Magazine","description":"","publisher":{"@id":"https:\/\/www.mobilier-design-occasion.fr\/magazine\/#organization"},"potentialAction":[{"@type":"SearchAction","target":{"@type":"EntryPoint","urlTemplate":"https:\/\/www.mobilier-design-occasion.fr\/magazine\/?s={search_term_string}"},"query-input":{"@type":"PropertyValueSpecification","valueRequired":true,"valueName":"search_term_string"}}],"inLanguage":"fr-FR"},{"@type":"Organization","@id":"https:\/\/www.mobilier-design-occasion.fr\/magazine\/#organization","name":"Mobilier Design Magazine","url":"https:\/\/www.mobilier-design-occasion.fr\/magazine\/","logo":{"@type":"ImageObject","inLanguage":"fr-FR","@id":"https:\/\/www.mobilier-design-occasion.fr\/magazine\/#\/schema\/logo\/image\/","url":"https:\/\/www.mobilier-design-occasion.fr\/magazine\/wp-content\/uploads\/2024\/02\/android-chrome-192x192-1.png","contentUrl":"https:\/\/www.mobilier-design-occasion.fr\/magazine\/wp-content\/uploads\/2024\/02\/android-chrome-192x192-1.png","width":192,"height":192,"caption":"Mobilier Design Magazine"},"image":{"@id":"https:\/\/www.mobilier-design-occasion.fr\/magazine\/#\/schema\/logo\/image\/"},"sameAs":["https:\/\/www.facebook.com\/mobilierdesignoccasion"]},{"@type":"Person","@id":"https:\/\/www.mobilier-design-occasion.fr\/magazine\/#\/schema\/person\/5b2e5627a714ddadaaf8c9b886c55eff","name":"Cyrielle Poirot","image":{"@type":"ImageObject","inLanguage":"fr-FR","@id":"https:\/\/secure.gravatar.com\/avatar\/c8d2674e093b06894d8d1dc468b626bd752523471f3ac6e75f7c7a1400d40b4d?s=96&d=mm&r=g","url":"https:\/\/secure.gravatar.com\/avatar\/c8d2674e093b06894d8d1dc468b626bd752523471f3ac6e75f7c7a1400d40b4d?s=96&d=mm&r=g","contentUrl":"https:\/\/secure.gravatar.com\/avatar\/c8d2674e093b06894d8d1dc468b626bd752523471f3ac6e75f7c7a1400d40b4d?s=96&d=mm&r=g","caption":"Cyrielle Poirot"},"description":"Cyrielle est passionn\u00e9e par la d\u00e9coration d'int\u00e9rieur et s'est sp\u00e9cialis\u00e9e depuis quelques ann\u00e9es dans l'\u00e9dition du site Mobilier-Design, avec une touche sp\u00e9cifique pour les produits d'occasion.","sameAs":["https:\/\/www.mobilier-design-occasion.fr\/magazine"],"url":"https:\/\/www.mobilier-design-occasion.fr\/magazine\/author\/cyrielle\/"}]}},"_links":{"self":[{"href":"https:\/\/www.mobilier-design-occasion.fr\/magazine\/wp-json\/wp\/v2\/posts\/6051","targetHints":{"allow":["GET"]}}],"collection":[{"href":"https:\/\/www.mobilier-design-occasion.fr\/magazine\/wp-json\/wp\/v2\/posts"}],"about":[{"href":"https:\/\/www.mobilier-design-occasion.fr\/magazine\/wp-json\/wp\/v2\/types\/post"}],"author":[{"embeddable":true,"href":"https:\/\/www.mobilier-design-occasion.fr\/magazine\/wp-json\/wp\/v2\/users\/1"}],"replies":[{"embeddable":true,"href":"https:\/\/www.mobilier-design-occasion.fr\/magazine\/wp-json\/wp\/v2\/comments?post=6051"}],"version-history":[{"count":8,"href":"https:\/\/www.mobilier-design-occasion.fr\/magazine\/wp-json\/wp\/v2\/posts\/6051\/revisions"}],"predecessor-version":[{"id":6090,"href":"https:\/\/www.mobilier-design-occasion.fr\/magazine\/wp-json\/wp\/v2\/posts\/6051\/revisions\/6090"}],"wp:featuredmedia":[{"embeddable":true,"href":"https:\/\/www.mobilier-design-occasion.fr\/magazine\/wp-json\/wp\/v2\/media\/6062"}],"wp:attachment":[{"href":"https:\/\/www.mobilier-design-occasion.fr\/magazine\/wp-json\/wp\/v2\/media?parent=6051"}],"wp:term":[{"taxonomy":"category","embeddable":true,"href":"https:\/\/www.mobilier-design-occasion.fr\/magazine\/wp-json\/wp\/v2\/categories?post=6051"},{"taxonomy":"post_tag","embeddable":true,"href":"https:\/\/www.mobilier-design-occasion.fr\/magazine\/wp-json\/wp\/v2\/tags?post=6051"}],"curies":[{"name":"wp","href":"https:\/\/api.w.org\/{rel}","templated":true}]}}