{"id":6007,"date":"2022-10-12T07:27:16","date_gmt":"2022-10-12T07:27:16","guid":{"rendered":"https:\/\/www.mobilier-design-occasion.fr\/magazine\/?p=6007"},"modified":"2023-09-25T13:39:48","modified_gmt":"2023-09-25T13:39:48","slug":"3-conseils-pour-une-decoration-boheme-chic","status":"publish","type":"post","link":"https:\/\/www.mobilier-design-occasion.fr\/magazine\/3-conseils-pour-une-decoration-boheme-chic\/","title":{"rendered":"3 conseils pour une d\u00e9coration boh\u00e8me chic"},"content":{"rendered":"\n<p>La d\u00e9coration, qu\u2019elle soit pour une <a href=\"https:\/\/www.mobilier-design-occasion.fr\/magazine\/5-elements-pour-amenager-une-chambre-montessori\/\">chambre<\/a> ou pour le salon, doit avoir un style bien particulier. Il faut qu&#8217;elle repr\u00e9sente la personne que vous \u00eates et mette en avant votre logement. Si vous aimez le style boh\u00e8me chic, voici trois conseils qui peuvent vous aider.<\/p>\n\n\n\n<h2 class=\"wp-block-heading\"><span class=\"ez-toc-section\" id=\"Choisissez_une_couleur_dans_les_tons_clairs\"><\/span>Choisissez une couleur dans les tons clairs<span class=\"ez-toc-section-end\"><\/span><\/h2><div id=\"ez-toc-container\" class=\"ez-toc-v2_0_82_2 counter-hierarchy ez-toc-counter ez-toc-grey ez-toc-container-direction\">\n<div class=\"ez-toc-title-container\">\n<span class=\"ez-toc-title-toggle\"><a href=\"#\" class=\"ez-toc-pull-right ez-toc-btn ez-toc-btn-xs ez-toc-btn-default ez-toc-toggle\" aria-label=\"Toggle Table of Content\"><span class=\"ez-toc-js-icon-con\"><span class=\"\"><span class=\"eztoc-hide\" style=\"display:none;\">Toggle<\/span><span class=\"ez-toc-icon-toggle-span\"><svg style=\"fill: #999;color:#999\" xmlns=\"http:\/\/www.w3.org\/2000\/svg\" class=\"list-377408\" width=\"20px\" height=\"20px\" viewBox=\"0 0 24 24\" fill=\"none\"><path d=\"M6 6H4v2h2V6zm14 0H8v2h12V6zM4 11h2v2H4v-2zm16 0H8v2h12v-2zM4 16h2v2H4v-2zm16 0H8v2h12v-2z\" fill=\"currentColor\"><\/path><\/svg><svg style=\"fill: #999;color:#999\" class=\"arrow-unsorted-368013\" xmlns=\"http:\/\/www.w3.org\/2000\/svg\" width=\"10px\" height=\"10px\" viewBox=\"0 0 24 24\" version=\"1.2\" baseProfile=\"tiny\"><path d=\"M18.2 9.3l-6.2-6.3-6.2 6.3c-.2.2-.3.4-.3.7s.1.5.3.7c.2.2.4.3.7.3h11c.3 0 .5-.1.7-.3.2-.2.3-.5.3-.7s-.1-.5-.3-.7zM5.8 14.7l6.2 6.3 6.2-6.3c.2-.2.3-.5.3-.7s-.1-.5-.3-.7c-.2-.2-.4-.3-.7-.3h-11c-.3 0-.5.1-.7.3-.2.2-.3.5-.3.7s.1.5.3.7z\"\/><\/svg><\/span><\/span><\/span><\/a><\/span><\/div>\n<nav><ul class='ez-toc-list ez-toc-list-level-1 eztoc-toggle-hide-by-default' ><li class='ez-toc-page-1 ez-toc-heading-level-2'><a class=\"ez-toc-link ez-toc-heading-1\" href=\"https:\/\/www.mobilier-design-occasion.fr\/magazine\/3-conseils-pour-une-decoration-boheme-chic\/#Choisissez_une_couleur_dans_les_tons_clairs\" >Choisissez une couleur dans les tons clairs<\/a><\/li><li class='ez-toc-page-1 ez-toc-heading-level-2'><a class=\"ez-toc-link ez-toc-heading-2\" href=\"https:\/\/www.mobilier-design-occasion.fr\/magazine\/3-conseils-pour-une-decoration-boheme-chic\/#Privilegiez_les_meubles_en_matiere_naturelle\" >Privil\u00e9giez les meubles en mati\u00e8re naturelle<\/a><\/li><li class='ez-toc-page-1 ez-toc-heading-level-2'><a class=\"ez-toc-link ez-toc-heading-3\" href=\"https:\/\/www.mobilier-design-occasion.fr\/magazine\/3-conseils-pour-une-decoration-boheme-chic\/#Choisissez_des_accessoires_artisanaux\" >Choisissez des accessoires artisanaux<\/a><\/li><\/ul><\/nav><\/div>\n\n\n\n\n<figure class=\"wp-block-image size-full\"><img loading=\"lazy\" decoding=\"async\" width=\"877\" height=\"546\" src=\"https:\/\/www.mobilier-design-occasion.fr\/magazine\/wp-content\/uploads\/2022\/10\/352bfd57f82510b170097f9397c82d89.jpg\" alt=\"\" class=\"wp-image-6008\" srcset=\"https:\/\/www.mobilier-design-occasion.fr\/magazine\/wp-content\/uploads\/2022\/10\/352bfd57f82510b170097f9397c82d89.jpg 877w, https:\/\/www.mobilier-design-occasion.fr\/magazine\/wp-content\/uploads\/2022\/10\/352bfd57f82510b170097f9397c82d89-300x187.jpg 300w, https:\/\/www.mobilier-design-occasion.fr\/magazine\/wp-content\/uploads\/2022\/10\/352bfd57f82510b170097f9397c82d89-768x478.jpg 768w, https:\/\/www.mobilier-design-occasion.fr\/magazine\/wp-content\/uploads\/2022\/10\/352bfd57f82510b170097f9397c82d89-810x504.jpg 810w\" sizes=\"auto, (max-width: 877px) 100vw, 877px\" \/><\/figure>\n\n\n\n<p>Les couleurs claires sont les&nbsp;<strong>principales caract\u00e9ristiques&nbsp;<\/strong>d&#8217;une d\u00e9coration boh\u00e8me chic. Le boh\u00e8me chic s\u2019exprime aussi avec des couleurs sobres. Faites un m\u00e9lange avec des couleurs qui peuvent mieux s\u2019entrem\u00ealer. Les couleurs \u00e0 choisir doivent \u00eatre&nbsp;<strong>lumineuses et joyeuses<\/strong>.Que ce soit de votre salon jusqu&#8217;\u00e0 votre chambre \u00e0 <a href=\"https:\/\/www.mobilier-design-occasion.fr\/magazine\/combien-dheures-de-sommeil-pour-mon-enfant\/\">coucher<\/a>, les couleurs doivent \u00eatre harmonieuses et surtout assorties. Il s&#8217;agit des couleurs comme :<\/p>\n\n\n\n<ul class=\"wp-block-list\"><li>Le blanc ;<\/li><li>Le gris ;<\/li><li>Le rose poudr\u00e9 ;<\/li><li>Le beige ;<\/li><li>Le jaune ;<\/li><li>L&#8217;orange.<\/li><\/ul>\n\n\n\n<p>Si vous choisissez le blanc comme couleur de base, faites un m\u00e9lange avec du jaune ou du beige.&nbsp;Par contre, si vous optez pour l&#8217;orange, le gris est la meilleure couleur avec laquelle accompagner pour cr\u00e9er une ambiance boh\u00e8me chic. Il faut savoir que les couleurs choisies doivent \u00eatre de la m\u00eame teinte que celle des accessoires.<br>Qu&#8217;il s&#8217;agisse de votre <a href=\"https:\/\/www.mobilier-design-occasion.fr\/magazine\/test-avis-sur-poltronesofa\/\">canap\u00e9<\/a>, des coussins de votre lit, vos <a href=\"https:\/\/www.mobilier-design-occasion.fr\/magazine\/pourquoi-adopter-un-tapis-en-jute-dans-son-salon\/\">tapis<\/a> ou de vos commodes, il est primordial que&nbsp;<strong>les teintes soient constantes.&nbsp;<\/strong>Si vous souhaitez en savoir plus sur la d\u00e9coration boh\u00e8me, vous pouvez vous renseigner&nbsp;<a href=\"https:\/\/nalou.fr\/decoration-boheme-chic\/\">sur cette page<\/a>.<\/p>\n\n\n\n<h2 class=\"wp-block-heading\"><span class=\"ez-toc-section\" id=\"Privilegiez_les_meubles_en_matiere_naturelle\"><\/span>Privil\u00e9giez les meubles en mati\u00e8re naturelle<span class=\"ez-toc-section-end\"><\/span><\/h2>\n\n\n\n<figure class=\"wp-block-image size-full\"><img loading=\"lazy\" decoding=\"async\" width=\"720\" height=\"665\" src=\"https:\/\/www.mobilier-design-occasion.fr\/magazine\/wp-content\/uploads\/2022\/10\/78eb6b2e282b54c5a023b7a93f334715.jpg\" alt=\"\" class=\"wp-image-6009\" srcset=\"https:\/\/www.mobilier-design-occasion.fr\/magazine\/wp-content\/uploads\/2022\/10\/78eb6b2e282b54c5a023b7a93f334715.jpg 720w, https:\/\/www.mobilier-design-occasion.fr\/magazine\/wp-content\/uploads\/2022\/10\/78eb6b2e282b54c5a023b7a93f334715-300x277.jpg 300w\" sizes=\"auto, (max-width: 720px) 100vw, 720px\" \/><\/figure>\n\n\n\n<p>Pour r\u00e9ussir votre d\u00e9coration boh\u00e8me chic, pensez \u00e0 faire le&nbsp;<strong>m\u00e9lange de plusieurs mati\u00e8res diff\u00e9rentes<\/strong>. Il faut choisir des meubles qui font penser aux voyages et \u00e0 la nature. Pour les meubles de votre pi\u00e8ce principale, choisissez un&nbsp;<strong>canap\u00e9 en coton ou en laine<\/strong>&nbsp;et mettez un plaid par-dessus. Mettez aussi des tabourets \u00e0 poufs, \u00e0 fourrure ou en <a href=\"https:\/\/www.mobilier-design-occasion.fr\/magazine\/avis-mathy-by-bols\/\">bois<\/a> pour mettre en avant votre la d\u00e9coration de votre salon. Ajoutez des coussins sur vos tabourets en bois pour accentuer le c\u00f4t\u00e9 chic.<\/p>\n\n\n\n<p>Une&nbsp;<strong>table en bois clair<\/strong>&nbsp;avec une nappe en laine dans votre cuisine r\u00e9pond convenablement \u00e0 ce type de d\u00e9coration. Ajoutez une jolie plante verte qui permet de purifier l&#8217;air dans une maison. Pour la t\u00eate de lit par exemple, choisissez plut\u00f4t de l&#8217;osier ou du bois fonc\u00e9. Ses deux mati\u00e8res donnent du caract\u00e8re \u00e0 une chambre.<\/p>\n\n\n\n<p>Pour les chaises ou les fauteuils en chambre, le rotin est la meilleure mati\u00e8re adapt\u00e9e \u00e0 ce type de d\u00e9coration. Vous pouvez aussi choisir&nbsp;<strong>des fauteuils en bambou<\/strong>. Compl\u00e9tez ensuite votre d\u00e9coration avec des accessoires.<\/p>\n\n\n\n<h2 class=\"wp-block-heading\"><span class=\"ez-toc-section\" id=\"Choisissez_des_accessoires_artisanaux\"><\/span>Choisissez des accessoires artisanaux<span class=\"ez-toc-section-end\"><\/span><\/h2>\n\n\n\n<p>Le plaid \u00e0 utiliser sur votre canap\u00e9 peut \u00eatre en fausse fourrure ou en laine. Optez pour les mati\u00e8res en coton, en velours pour vos rideaux et vos draps. En plus d&#8217;\u00eatre confortable, ces mati\u00e8res tiennent bien au chaud pendant la p\u00e9riode hivernale. Mettez un tas de&nbsp;<strong>coussins avec des imprim\u00e9s<\/strong>&nbsp;sur votre lit pour mieux l&#8217;habiller.<\/p>\n\n\n\n<p>Placez-y aussi sur des&nbsp;<strong>miroirs avec une bordure en fleurs s\u00e9ch\u00e9es<\/strong>&nbsp;\u00e0 l&#8217;entr\u00e9e ou dans la pi\u00e8ce principale de votre maison. Votre armoire doit \u00eatre&nbsp;<strong>en bois Karachi<\/strong>. Les armoires de ce type refl\u00e8tent un <a href=\"https:\/\/www.mobilier-design-occasion.fr\/magazine\/table-tulipe-knoll-indemodable-du-design\/\">design<\/a> naturel. Elles peuvent devenir la pi\u00e8ce principale dans votre chambre \u00e0 cause de son unicit\u00e9.&nbsp;<\/p>\n\n\n\n<p>Optez pour les&nbsp;<strong>fauteuils suspendus<\/strong>&nbsp;vers le plafond. Vous pouvez aussi rassembler des paniers de tout genre que vous allez ensuite peindre avec diff\u00e9rentes couleurs. Ajoutez aussi de&nbsp;<strong>petites touches de dor\u00e9s<\/strong>&nbsp;pour mieux illuminer la pi\u00e8ce.<\/p>\n","protected":false},"excerpt":{"rendered":"<p>La d\u00e9coration, qu\u2019elle soit pour une chambre ou pour le salon, doit avoir un style bien particulier. Il faut qu&#8217;elle repr\u00e9sente la personne que vous \u00eates et mette en avant votre logement. Si vous aimez le style boh\u00e8me chic, voici trois conseils qui peuvent vous aider. Choisissez une couleur dans les tons clairs Les couleurs [&hellip;]<\/p>\n","protected":false},"author":1,"featured_media":6009,"comment_status":"open","ping_status":"open","sticky":false,"template":"","format":"standard","meta":{"footnotes":""},"categories":[2],"tags":[],"class_list":["post-6007","post","type-post","status-publish","format-standard","has-post-thumbnail","hentry","category-tendances"],"yoast_head":"<!-- This site is optimized with the Yoast SEO plugin v27.5 - https:\/\/yoast.com\/product\/yoast-seo-wordpress\/ -->\n<title>3 conseils pour une d\u00e9coration boh\u00e8me chic - Mobilier Design Magazine<\/title>\n<meta name=\"robots\" content=\"index, follow, max-snippet:-1, max-image-preview:large, max-video-preview:-1\" \/>\n<link rel=\"canonical\" href=\"https:\/\/www.mobilier-design-occasion.fr\/magazine\/3-conseils-pour-une-decoration-boheme-chic\/\" \/>\n<meta property=\"og:locale\" content=\"fr_FR\" \/>\n<meta property=\"og:type\" content=\"article\" \/>\n<meta property=\"og:title\" content=\"3 conseils pour une d\u00e9coration boh\u00e8me chic - Mobilier Design Magazine\" \/>\n<meta property=\"og:description\" content=\"La d\u00e9coration, qu\u2019elle soit pour une chambre ou pour le salon, doit avoir un style bien particulier. Il faut qu&#8217;elle repr\u00e9sente la personne que vous \u00eates et mette en avant votre logement. Si vous aimez le style boh\u00e8me chic, voici trois conseils qui peuvent vous aider. Choisissez une couleur dans les tons clairs Les couleurs [&hellip;]\" \/>\n<meta property=\"og:url\" content=\"https:\/\/www.mobilier-design-occasion.fr\/magazine\/3-conseils-pour-une-decoration-boheme-chic\/\" \/>\n<meta property=\"og:site_name\" content=\"Mobilier Design Magazine\" \/>\n<meta property=\"article:publisher\" content=\"https:\/\/www.facebook.com\/mobilierdesignoccasion\" \/>\n<meta property=\"article:published_time\" content=\"2022-10-12T07:27:16+00:00\" \/>\n<meta property=\"article:modified_time\" content=\"2023-09-25T13:39:48+00:00\" \/>\n<meta property=\"og:image\" content=\"https:\/\/www.mobilier-design-occasion.fr\/magazine\/wp-content\/uploads\/2022\/10\/78eb6b2e282b54c5a023b7a93f334715.jpg\" \/>\n\t<meta property=\"og:image:width\" content=\"720\" \/>\n\t<meta property=\"og:image:height\" content=\"665\" \/>\n\t<meta property=\"og:image:type\" content=\"image\/jpeg\" \/>\n<meta name=\"author\" content=\"Cyrielle Poirot\" \/>\n<meta name=\"twitter:card\" content=\"summary_large_image\" \/>\n<meta name=\"twitter:label1\" content=\"\u00c9crit par\" \/>\n\t<meta name=\"twitter:data1\" content=\"Cyrielle Poirot\" \/>\n\t<meta name=\"twitter:label2\" content=\"Dur\u00e9e de lecture estim\u00e9e\" \/>\n\t<meta name=\"twitter:data2\" content=\"3 minutes\" \/>\n<script type=\"application\/ld+json\" class=\"yoast-schema-graph\">{\"@context\":\"https:\\\/\\\/schema.org\",\"@graph\":[{\"@type\":\"Article\",\"@id\":\"https:\\\/\\\/www.mobilier-design-occasion.fr\\\/magazine\\\/3-conseils-pour-une-decoration-boheme-chic\\\/#article\",\"isPartOf\":{\"@id\":\"https:\\\/\\\/www.mobilier-design-occasion.fr\\\/magazine\\\/3-conseils-pour-une-decoration-boheme-chic\\\/\"},\"author\":{\"name\":\"Cyrielle Poirot\",\"@id\":\"https:\\\/\\\/www.mobilier-design-occasion.fr\\\/magazine\\\/#\\\/schema\\\/person\\\/5b2e5627a714ddadaaf8c9b886c55eff\"},\"headline\":\"3 conseils pour une d\u00e9coration boh\u00e8me chic\",\"datePublished\":\"2022-10-12T07:27:16+00:00\",\"dateModified\":\"2023-09-25T13:39:48+00:00\",\"mainEntityOfPage\":{\"@id\":\"https:\\\/\\\/www.mobilier-design-occasion.fr\\\/magazine\\\/3-conseils-pour-une-decoration-boheme-chic\\\/\"},\"wordCount\":640,\"commentCount\":0,\"publisher\":{\"@id\":\"https:\\\/\\\/www.mobilier-design-occasion.fr\\\/magazine\\\/#organization\"},\"image\":{\"@id\":\"https:\\\/\\\/www.mobilier-design-occasion.fr\\\/magazine\\\/3-conseils-pour-une-decoration-boheme-chic\\\/#primaryimage\"},\"thumbnailUrl\":\"https:\\\/\\\/www.mobilier-design-occasion.fr\\\/magazine\\\/wp-content\\\/uploads\\\/2022\\\/10\\\/78eb6b2e282b54c5a023b7a93f334715.jpg\",\"articleSection\":[\"Tendances\"],\"inLanguage\":\"fr-FR\",\"potentialAction\":[{\"@type\":\"CommentAction\",\"name\":\"Comment\",\"target\":[\"https:\\\/\\\/www.mobilier-design-occasion.fr\\\/magazine\\\/3-conseils-pour-une-decoration-boheme-chic\\\/#respond\"]}]},{\"@type\":\"WebPage\",\"@id\":\"https:\\\/\\\/www.mobilier-design-occasion.fr\\\/magazine\\\/3-conseils-pour-une-decoration-boheme-chic\\\/\",\"url\":\"https:\\\/\\\/www.mobilier-design-occasion.fr\\\/magazine\\\/3-conseils-pour-une-decoration-boheme-chic\\\/\",\"name\":\"3 conseils pour une d\u00e9coration boh\u00e8me chic - Mobilier Design Magazine\",\"isPartOf\":{\"@id\":\"https:\\\/\\\/www.mobilier-design-occasion.fr\\\/magazine\\\/#website\"},\"primaryImageOfPage\":{\"@id\":\"https:\\\/\\\/www.mobilier-design-occasion.fr\\\/magazine\\\/3-conseils-pour-une-decoration-boheme-chic\\\/#primaryimage\"},\"image\":{\"@id\":\"https:\\\/\\\/www.mobilier-design-occasion.fr\\\/magazine\\\/3-conseils-pour-une-decoration-boheme-chic\\\/#primaryimage\"},\"thumbnailUrl\":\"https:\\\/\\\/www.mobilier-design-occasion.fr\\\/magazine\\\/wp-content\\\/uploads\\\/2022\\\/10\\\/78eb6b2e282b54c5a023b7a93f334715.jpg\",\"datePublished\":\"2022-10-12T07:27:16+00:00\",\"dateModified\":\"2023-09-25T13:39:48+00:00\",\"breadcrumb\":{\"@id\":\"https:\\\/\\\/www.mobilier-design-occasion.fr\\\/magazine\\\/3-conseils-pour-une-decoration-boheme-chic\\\/#breadcrumb\"},\"inLanguage\":\"fr-FR\",\"potentialAction\":[{\"@type\":\"ReadAction\",\"target\":[\"https:\\\/\\\/www.mobilier-design-occasion.fr\\\/magazine\\\/3-conseils-pour-une-decoration-boheme-chic\\\/\"]}]},{\"@type\":\"ImageObject\",\"inLanguage\":\"fr-FR\",\"@id\":\"https:\\\/\\\/www.mobilier-design-occasion.fr\\\/magazine\\\/3-conseils-pour-une-decoration-boheme-chic\\\/#primaryimage\",\"url\":\"https:\\\/\\\/www.mobilier-design-occasion.fr\\\/magazine\\\/wp-content\\\/uploads\\\/2022\\\/10\\\/78eb6b2e282b54c5a023b7a93f334715.jpg\",\"contentUrl\":\"https:\\\/\\\/www.mobilier-design-occasion.fr\\\/magazine\\\/wp-content\\\/uploads\\\/2022\\\/10\\\/78eb6b2e282b54c5a023b7a93f334715.jpg\",\"width\":720,\"height\":665},{\"@type\":\"BreadcrumbList\",\"@id\":\"https:\\\/\\\/www.mobilier-design-occasion.fr\\\/magazine\\\/3-conseils-pour-une-decoration-boheme-chic\\\/#breadcrumb\",\"itemListElement\":[{\"@type\":\"ListItem\",\"position\":1,\"name\":\"Accueil\",\"item\":\"https:\\\/\\\/www.mobilier-design-occasion.fr\\\/magazine\\\/\"},{\"@type\":\"ListItem\",\"position\":2,\"name\":\"3 conseils pour une d\u00e9coration boh\u00e8me chic\"}]},{\"@type\":\"WebSite\",\"@id\":\"https:\\\/\\\/www.mobilier-design-occasion.fr\\\/magazine\\\/#website\",\"url\":\"https:\\\/\\\/www.mobilier-design-occasion.fr\\\/magazine\\\/\",\"name\":\"Mobilier Design Magazine\",\"description\":\"\",\"publisher\":{\"@id\":\"https:\\\/\\\/www.mobilier-design-occasion.fr\\\/magazine\\\/#organization\"},\"potentialAction\":[{\"@type\":\"SearchAction\",\"target\":{\"@type\":\"EntryPoint\",\"urlTemplate\":\"https:\\\/\\\/www.mobilier-design-occasion.fr\\\/magazine\\\/?s={search_term_string}\"},\"query-input\":{\"@type\":\"PropertyValueSpecification\",\"valueRequired\":true,\"valueName\":\"search_term_string\"}}],\"inLanguage\":\"fr-FR\"},{\"@type\":\"Organization\",\"@id\":\"https:\\\/\\\/www.mobilier-design-occasion.fr\\\/magazine\\\/#organization\",\"name\":\"Mobilier Design Magazine\",\"url\":\"https:\\\/\\\/www.mobilier-design-occasion.fr\\\/magazine\\\/\",\"logo\":{\"@type\":\"ImageObject\",\"inLanguage\":\"fr-FR\",\"@id\":\"https:\\\/\\\/www.mobilier-design-occasion.fr\\\/magazine\\\/#\\\/schema\\\/logo\\\/image\\\/\",\"url\":\"https:\\\/\\\/www.mobilier-design-occasion.fr\\\/magazine\\\/wp-content\\\/uploads\\\/2024\\\/02\\\/android-chrome-192x192-1.png\",\"contentUrl\":\"https:\\\/\\\/www.mobilier-design-occasion.fr\\\/magazine\\\/wp-content\\\/uploads\\\/2024\\\/02\\\/android-chrome-192x192-1.png\",\"width\":192,\"height\":192,\"caption\":\"Mobilier Design Magazine\"},\"image\":{\"@id\":\"https:\\\/\\\/www.mobilier-design-occasion.fr\\\/magazine\\\/#\\\/schema\\\/logo\\\/image\\\/\"},\"sameAs\":[\"https:\\\/\\\/www.facebook.com\\\/mobilierdesignoccasion\"]},{\"@type\":\"Person\",\"@id\":\"https:\\\/\\\/www.mobilier-design-occasion.fr\\\/magazine\\\/#\\\/schema\\\/person\\\/5b2e5627a714ddadaaf8c9b886c55eff\",\"name\":\"Cyrielle Poirot\",\"image\":{\"@type\":\"ImageObject\",\"inLanguage\":\"fr-FR\",\"@id\":\"https:\\\/\\\/secure.gravatar.com\\\/avatar\\\/c8d2674e093b06894d8d1dc468b626bd752523471f3ac6e75f7c7a1400d40b4d?s=96&d=mm&r=g\",\"url\":\"https:\\\/\\\/secure.gravatar.com\\\/avatar\\\/c8d2674e093b06894d8d1dc468b626bd752523471f3ac6e75f7c7a1400d40b4d?s=96&d=mm&r=g\",\"contentUrl\":\"https:\\\/\\\/secure.gravatar.com\\\/avatar\\\/c8d2674e093b06894d8d1dc468b626bd752523471f3ac6e75f7c7a1400d40b4d?s=96&d=mm&r=g\",\"caption\":\"Cyrielle Poirot\"},\"description\":\"Cyrielle est passionn\u00e9e par la d\u00e9coration d'int\u00e9rieur et s'est sp\u00e9cialis\u00e9e depuis quelques ann\u00e9es dans l'\u00e9dition du site Mobilier-Design, avec une touche sp\u00e9cifique pour les produits d'occasion.\",\"sameAs\":[\"https:\\\/\\\/www.mobilier-design-occasion.fr\\\/magazine\"],\"url\":\"https:\\\/\\\/www.mobilier-design-occasion.fr\\\/magazine\\\/author\\\/cyrielle\\\/\"}]}<\/script>\n<!-- \/ Yoast SEO plugin. -->","yoast_head_json":{"title":"3 conseils pour une d\u00e9coration boh\u00e8me chic - Mobilier Design Magazine","robots":{"index":"index","follow":"follow","max-snippet":"max-snippet:-1","max-image-preview":"max-image-preview:large","max-video-preview":"max-video-preview:-1"},"canonical":"https:\/\/www.mobilier-design-occasion.fr\/magazine\/3-conseils-pour-une-decoration-boheme-chic\/","og_locale":"fr_FR","og_type":"article","og_title":"3 conseils pour une d\u00e9coration boh\u00e8me chic - Mobilier Design Magazine","og_description":"La d\u00e9coration, qu\u2019elle soit pour une chambre ou pour le salon, doit avoir un style bien particulier. Il faut qu&#8217;elle repr\u00e9sente la personne que vous \u00eates et mette en avant votre logement. Si vous aimez le style boh\u00e8me chic, voici trois conseils qui peuvent vous aider. Choisissez une couleur dans les tons clairs Les couleurs [&hellip;]","og_url":"https:\/\/www.mobilier-design-occasion.fr\/magazine\/3-conseils-pour-une-decoration-boheme-chic\/","og_site_name":"Mobilier Design Magazine","article_publisher":"https:\/\/www.facebook.com\/mobilierdesignoccasion","article_published_time":"2022-10-12T07:27:16+00:00","article_modified_time":"2023-09-25T13:39:48+00:00","og_image":[{"width":720,"height":665,"url":"https:\/\/www.mobilier-design-occasion.fr\/magazine\/wp-content\/uploads\/2022\/10\/78eb6b2e282b54c5a023b7a93f334715.jpg","type":"image\/jpeg"}],"author":"Cyrielle Poirot","twitter_card":"summary_large_image","twitter_misc":{"\u00c9crit par":"Cyrielle Poirot","Dur\u00e9e de lecture estim\u00e9e":"3 minutes"},"schema":{"@context":"https:\/\/schema.org","@graph":[{"@type":"Article","@id":"https:\/\/www.mobilier-design-occasion.fr\/magazine\/3-conseils-pour-une-decoration-boheme-chic\/#article","isPartOf":{"@id":"https:\/\/www.mobilier-design-occasion.fr\/magazine\/3-conseils-pour-une-decoration-boheme-chic\/"},"author":{"name":"Cyrielle Poirot","@id":"https:\/\/www.mobilier-design-occasion.fr\/magazine\/#\/schema\/person\/5b2e5627a714ddadaaf8c9b886c55eff"},"headline":"3 conseils pour une d\u00e9coration boh\u00e8me chic","datePublished":"2022-10-12T07:27:16+00:00","dateModified":"2023-09-25T13:39:48+00:00","mainEntityOfPage":{"@id":"https:\/\/www.mobilier-design-occasion.fr\/magazine\/3-conseils-pour-une-decoration-boheme-chic\/"},"wordCount":640,"commentCount":0,"publisher":{"@id":"https:\/\/www.mobilier-design-occasion.fr\/magazine\/#organization"},"image":{"@id":"https:\/\/www.mobilier-design-occasion.fr\/magazine\/3-conseils-pour-une-decoration-boheme-chic\/#primaryimage"},"thumbnailUrl":"https:\/\/www.mobilier-design-occasion.fr\/magazine\/wp-content\/uploads\/2022\/10\/78eb6b2e282b54c5a023b7a93f334715.jpg","articleSection":["Tendances"],"inLanguage":"fr-FR","potentialAction":[{"@type":"CommentAction","name":"Comment","target":["https:\/\/www.mobilier-design-occasion.fr\/magazine\/3-conseils-pour-une-decoration-boheme-chic\/#respond"]}]},{"@type":"WebPage","@id":"https:\/\/www.mobilier-design-occasion.fr\/magazine\/3-conseils-pour-une-decoration-boheme-chic\/","url":"https:\/\/www.mobilier-design-occasion.fr\/magazine\/3-conseils-pour-une-decoration-boheme-chic\/","name":"3 conseils pour une d\u00e9coration boh\u00e8me chic - Mobilier Design Magazine","isPartOf":{"@id":"https:\/\/www.mobilier-design-occasion.fr\/magazine\/#website"},"primaryImageOfPage":{"@id":"https:\/\/www.mobilier-design-occasion.fr\/magazine\/3-conseils-pour-une-decoration-boheme-chic\/#primaryimage"},"image":{"@id":"https:\/\/www.mobilier-design-occasion.fr\/magazine\/3-conseils-pour-une-decoration-boheme-chic\/#primaryimage"},"thumbnailUrl":"https:\/\/www.mobilier-design-occasion.fr\/magazine\/wp-content\/uploads\/2022\/10\/78eb6b2e282b54c5a023b7a93f334715.jpg","datePublished":"2022-10-12T07:27:16+00:00","dateModified":"2023-09-25T13:39:48+00:00","breadcrumb":{"@id":"https:\/\/www.mobilier-design-occasion.fr\/magazine\/3-conseils-pour-une-decoration-boheme-chic\/#breadcrumb"},"inLanguage":"fr-FR","potentialAction":[{"@type":"ReadAction","target":["https:\/\/www.mobilier-design-occasion.fr\/magazine\/3-conseils-pour-une-decoration-boheme-chic\/"]}]},{"@type":"ImageObject","inLanguage":"fr-FR","@id":"https:\/\/www.mobilier-design-occasion.fr\/magazine\/3-conseils-pour-une-decoration-boheme-chic\/#primaryimage","url":"https:\/\/www.mobilier-design-occasion.fr\/magazine\/wp-content\/uploads\/2022\/10\/78eb6b2e282b54c5a023b7a93f334715.jpg","contentUrl":"https:\/\/www.mobilier-design-occasion.fr\/magazine\/wp-content\/uploads\/2022\/10\/78eb6b2e282b54c5a023b7a93f334715.jpg","width":720,"height":665},{"@type":"BreadcrumbList","@id":"https:\/\/www.mobilier-design-occasion.fr\/magazine\/3-conseils-pour-une-decoration-boheme-chic\/#breadcrumb","itemListElement":[{"@type":"ListItem","position":1,"name":"Accueil","item":"https:\/\/www.mobilier-design-occasion.fr\/magazine\/"},{"@type":"ListItem","position":2,"name":"3 conseils pour une d\u00e9coration boh\u00e8me chic"}]},{"@type":"WebSite","@id":"https:\/\/www.mobilier-design-occasion.fr\/magazine\/#website","url":"https:\/\/www.mobilier-design-occasion.fr\/magazine\/","name":"Mobilier Design Magazine","description":"","publisher":{"@id":"https:\/\/www.mobilier-design-occasion.fr\/magazine\/#organization"},"potentialAction":[{"@type":"SearchAction","target":{"@type":"EntryPoint","urlTemplate":"https:\/\/www.mobilier-design-occasion.fr\/magazine\/?s={search_term_string}"},"query-input":{"@type":"PropertyValueSpecification","valueRequired":true,"valueName":"search_term_string"}}],"inLanguage":"fr-FR"},{"@type":"Organization","@id":"https:\/\/www.mobilier-design-occasion.fr\/magazine\/#organization","name":"Mobilier Design Magazine","url":"https:\/\/www.mobilier-design-occasion.fr\/magazine\/","logo":{"@type":"ImageObject","inLanguage":"fr-FR","@id":"https:\/\/www.mobilier-design-occasion.fr\/magazine\/#\/schema\/logo\/image\/","url":"https:\/\/www.mobilier-design-occasion.fr\/magazine\/wp-content\/uploads\/2024\/02\/android-chrome-192x192-1.png","contentUrl":"https:\/\/www.mobilier-design-occasion.fr\/magazine\/wp-content\/uploads\/2024\/02\/android-chrome-192x192-1.png","width":192,"height":192,"caption":"Mobilier Design Magazine"},"image":{"@id":"https:\/\/www.mobilier-design-occasion.fr\/magazine\/#\/schema\/logo\/image\/"},"sameAs":["https:\/\/www.facebook.com\/mobilierdesignoccasion"]},{"@type":"Person","@id":"https:\/\/www.mobilier-design-occasion.fr\/magazine\/#\/schema\/person\/5b2e5627a714ddadaaf8c9b886c55eff","name":"Cyrielle Poirot","image":{"@type":"ImageObject","inLanguage":"fr-FR","@id":"https:\/\/secure.gravatar.com\/avatar\/c8d2674e093b06894d8d1dc468b626bd752523471f3ac6e75f7c7a1400d40b4d?s=96&d=mm&r=g","url":"https:\/\/secure.gravatar.com\/avatar\/c8d2674e093b06894d8d1dc468b626bd752523471f3ac6e75f7c7a1400d40b4d?s=96&d=mm&r=g","contentUrl":"https:\/\/secure.gravatar.com\/avatar\/c8d2674e093b06894d8d1dc468b626bd752523471f3ac6e75f7c7a1400d40b4d?s=96&d=mm&r=g","caption":"Cyrielle Poirot"},"description":"Cyrielle est passionn\u00e9e par la d\u00e9coration d'int\u00e9rieur et s'est sp\u00e9cialis\u00e9e depuis quelques ann\u00e9es dans l'\u00e9dition du site Mobilier-Design, avec une touche sp\u00e9cifique pour les produits d'occasion.","sameAs":["https:\/\/www.mobilier-design-occasion.fr\/magazine"],"url":"https:\/\/www.mobilier-design-occasion.fr\/magazine\/author\/cyrielle\/"}]}},"_links":{"self":[{"href":"https:\/\/www.mobilier-design-occasion.fr\/magazine\/wp-json\/wp\/v2\/posts\/6007","targetHints":{"allow":["GET"]}}],"collection":[{"href":"https:\/\/www.mobilier-design-occasion.fr\/magazine\/wp-json\/wp\/v2\/posts"}],"about":[{"href":"https:\/\/www.mobilier-design-occasion.fr\/magazine\/wp-json\/wp\/v2\/types\/post"}],"author":[{"embeddable":true,"href":"https:\/\/www.mobilier-design-occasion.fr\/magazine\/wp-json\/wp\/v2\/users\/1"}],"replies":[{"embeddable":true,"href":"https:\/\/www.mobilier-design-occasion.fr\/magazine\/wp-json\/wp\/v2\/comments?post=6007"}],"version-history":[{"count":1,"href":"https:\/\/www.mobilier-design-occasion.fr\/magazine\/wp-json\/wp\/v2\/posts\/6007\/revisions"}],"predecessor-version":[{"id":6010,"href":"https:\/\/www.mobilier-design-occasion.fr\/magazine\/wp-json\/wp\/v2\/posts\/6007\/revisions\/6010"}],"wp:featuredmedia":[{"embeddable":true,"href":"https:\/\/www.mobilier-design-occasion.fr\/magazine\/wp-json\/wp\/v2\/media\/6009"}],"wp:attachment":[{"href":"https:\/\/www.mobilier-design-occasion.fr\/magazine\/wp-json\/wp\/v2\/media?parent=6007"}],"wp:term":[{"taxonomy":"category","embeddable":true,"href":"https:\/\/www.mobilier-design-occasion.fr\/magazine\/wp-json\/wp\/v2\/categories?post=6007"},{"taxonomy":"post_tag","embeddable":true,"href":"https:\/\/www.mobilier-design-occasion.fr\/magazine\/wp-json\/wp\/v2\/tags?post=6007"}],"curies":[{"name":"wp","href":"https:\/\/api.w.org\/{rel}","templated":true}]}}