{"id":5919,"date":"2022-09-15T06:56:09","date_gmt":"2022-09-15T06:56:09","guid":{"rendered":"https:\/\/www.mobilier-design-occasion.fr\/magazine\/?p=5919"},"modified":"2023-09-25T13:39:48","modified_gmt":"2023-09-25T13:39:48","slug":"comment-mettre-en-valeur-des-meubles-anciens-dans-la-decoration","status":"publish","type":"post","link":"https:\/\/www.mobilier-design-occasion.fr\/magazine\/comment-mettre-en-valeur-des-meubles-anciens-dans-la-decoration\/","title":{"rendered":"Comment mettre en valeur des meubles anciens dans la d\u00e9coration?"},"content":{"rendered":"\n<p>Pour la d\u00e9coration int\u00e9rieure, vous pouvez tout vous permettre du moment o\u00f9 vous avez un espace dans lequel vous \u00eates \u00e0 l\u2019aise. Ainsi, si vous aimez les meubles anciens, sachez qu\u2019ils ne sont pas uniquement adapt\u00e9s \u00e0 une&nbsp;<strong>maison rustique et ancienne<\/strong>. Ces meubles trouvent facilement leur place dans toutes les pi\u00e8ces d\u2019une&nbsp;<strong>maison traditionnelle ou moderne<\/strong>. Mais certaines r\u00e8gles sont \u00e0 respecter pour&nbsp;<strong>trouver le bon \u00e9quilibre<\/strong>. Cet article vous dit tout sur ce que vous devez savoir \u00e0 ce sujet.<\/p>\n\n\n\n<h2 class=\"wp-block-heading\"><span class=\"ez-toc-section\" id=\"Optez_pour_un_seul_meuble_ancien_par_piece\"><\/span>Optez pour un seul meuble ancien par pi\u00e8ce<span class=\"ez-toc-section-end\"><\/span><\/h2><div id=\"ez-toc-container\" class=\"ez-toc-v2_0_82_2 counter-hierarchy ez-toc-counter ez-toc-grey ez-toc-container-direction\">\n<div class=\"ez-toc-title-container\">\n<span class=\"ez-toc-title-toggle\"><a href=\"#\" class=\"ez-toc-pull-right ez-toc-btn ez-toc-btn-xs ez-toc-btn-default ez-toc-toggle\" aria-label=\"Toggle Table of Content\"><span class=\"ez-toc-js-icon-con\"><span class=\"\"><span class=\"eztoc-hide\" style=\"display:none;\">Toggle<\/span><span class=\"ez-toc-icon-toggle-span\"><svg style=\"fill: #999;color:#999\" xmlns=\"http:\/\/www.w3.org\/2000\/svg\" class=\"list-377408\" width=\"20px\" height=\"20px\" viewBox=\"0 0 24 24\" fill=\"none\"><path d=\"M6 6H4v2h2V6zm14 0H8v2h12V6zM4 11h2v2H4v-2zm16 0H8v2h12v-2zM4 16h2v2H4v-2zm16 0H8v2h12v-2z\" fill=\"currentColor\"><\/path><\/svg><svg style=\"fill: #999;color:#999\" class=\"arrow-unsorted-368013\" xmlns=\"http:\/\/www.w3.org\/2000\/svg\" width=\"10px\" height=\"10px\" viewBox=\"0 0 24 24\" version=\"1.2\" baseProfile=\"tiny\"><path d=\"M18.2 9.3l-6.2-6.3-6.2 6.3c-.2.2-.3.4-.3.7s.1.5.3.7c.2.2.4.3.7.3h11c.3 0 .5-.1.7-.3.2-.2.3-.5.3-.7s-.1-.5-.3-.7zM5.8 14.7l6.2 6.3 6.2-6.3c.2-.2.3-.5.3-.7s-.1-.5-.3-.7c-.2-.2-.4-.3-.7-.3h-11c-.3 0-.5.1-.7.3-.2.2-.3.5-.3.7s.1.5.3.7z\"\/><\/svg><\/span><\/span><\/span><\/a><\/span><\/div>\n<nav><ul class='ez-toc-list ez-toc-list-level-1 eztoc-toggle-hide-by-default' ><li class='ez-toc-page-1 ez-toc-heading-level-2'><a class=\"ez-toc-link ez-toc-heading-1\" href=\"https:\/\/www.mobilier-design-occasion.fr\/magazine\/comment-mettre-en-valeur-des-meubles-anciens-dans-la-decoration\/#Optez_pour_un_seul_meuble_ancien_par_piece\" >Optez pour un seul meuble ancien par pi\u00e8ce<\/a><\/li><li class='ez-toc-page-1 ez-toc-heading-level-2'><a class=\"ez-toc-link ez-toc-heading-2\" href=\"https:\/\/www.mobilier-design-occasion.fr\/magazine\/comment-mettre-en-valeur-des-meubles-anciens-dans-la-decoration\/#Detournez_les_meubles_anciens_de_leur_fonction_initiale\" >D\u00e9tournez les meubles anciens de leur fonction initiale<\/a><\/li><li class='ez-toc-page-1 ez-toc-heading-level-2'><a class=\"ez-toc-link ez-toc-heading-3\" href=\"https:\/\/www.mobilier-design-occasion.fr\/magazine\/comment-mettre-en-valeur-des-meubles-anciens-dans-la-decoration\/#Recouvrez_les_anciens_meubles_de_peinture_ou_nouveau_tissu\" >Recouvrez les anciens meubles de peinture ou nouveau tissu<\/a><\/li><\/ul><\/nav><\/div>\n\n\n\n\n<p>Pour r\u00e9ussir \u00e0 mettre en valeur des meubles anciens dans sa d\u00e9coration, la meilleure chose \u00e0 faire est d\u2019<strong>\u00e9viter l\u2019accumulation<\/strong>. En effet, vous devez trouver l\u2019\u00e9quilibre parfait pour&nbsp;<strong>cr\u00e9er une belle harmonie<\/strong>&nbsp;et ne pas encombrer la pi\u00e8ce avec des meubles anciens. De ce fait, si vous avez un&nbsp;<strong>appartement de style haussmannien<\/strong>&nbsp;par exemple, le parquet et les moulures anciennes vous donneront certainement envie d\u2019abuser des meubles anciens qui y trouveront facilement leur place. Mais, c\u2019est une erreur \u00e0 ne surtout pas commettre pour&nbsp;<strong>ne pas \u00e9touffer l\u2019ambiance<\/strong>.<\/p>\n\n\n\n<p>Dans une maison moderne, vous ne pouvez pas tout vous permettre, un seul meuble ancien convient parfaitement pour la pi\u00e8ce. En effet, vous n\u2019avez pas besoin d\u2019ajouter plusieurs meubles anciens pour avoir un&nbsp;<strong>contraste int\u00e9ressant<\/strong>. Un seul meuble ancien convient parfaitement pour obtenir une&nbsp;<strong>d\u00e9coration int\u00e9rieure \u00e0 la fois sobre et chic<\/strong>. Vous r\u00e9ussirez par exemple \u00e0 faire la diff\u00e9rence avec un&nbsp;<strong>beau meuble industriel<\/strong>. La meilleure fa\u00e7on de mettre en valeur des meubles anciens, c\u2019est de r\u00e9ussir \u00e0&nbsp;<strong>marier le style d\u00e9suet \u00e0 la mode actuelle<\/strong>. Il est par exemple possible d\u2019utiliser&nbsp;<strong>un <a href=\"https:\/\/www.mobilier-design-occasion.fr\/magazine\/combien-dheures-de-sommeil-pour-mon-enfant\/\">lit<\/a> italien avec un bureau dos d\u2019\u00e2ne<\/strong>. Vous pouvez aussi&nbsp;<a href=\"https:\/\/www.ruedesiam.com\/univers-deco\/meuble-chinois.html\">apporter une touche originale dans votre d\u00e9coration<\/a>&nbsp;avec des meubles chinois anciens. Il est \u00e9galement possible d\u2019int\u00e9grer les meubles <a href=\"https:\/\/www.mobilier-design-occasion.fr\/magazine\/table-tulipe-knoll-indemodable-du-design\/\">design<\/a> dont le c\u00f4t\u00e9 ancien sera mis en valeur par une petite \u0153uvre d\u2019art \u00e0 accrocher au mur.<\/p>\n\n\n\n<h2 class=\"wp-block-heading\"><span class=\"ez-toc-section\" id=\"Detournez_les_meubles_anciens_de_leur_fonction_initiale\"><\/span>D\u00e9tournez les meubles anciens de leur fonction initiale<span class=\"ez-toc-section-end\"><\/span><\/h2>\n\n\n\n<p>Il est possible de donner vie aux meubles anciens en privil\u00e9giant&nbsp;<strong>l\u2019upcycling<\/strong>&nbsp;dont le principe est relativement simple. Vous devez&nbsp;<strong>imaginer une autre utilisation des meubles anciens<\/strong>&nbsp;de sorte \u00e0 leur apporter les modifications n\u00e9cessaires. Vous pouvez par exemple choisir de&nbsp;<strong>transformer une table ancienne en un meuble vasque<\/strong>&nbsp;pour votre salle de bain. Il est aussi possible d\u2019utiliser une commode comme un buffet ou une&nbsp;<strong>enfilade \u00e0 laquelle int\u00e9grer une ou deux vasques pos\u00e9es<\/strong>. Vous aurez ainsi un meuble ancien unique parfaitement mis en valeur. Si vous avez une vieille commode, vous pouvez la d\u00e9tourner en meuble de rangement dans votre salle de bain moderne. Elle sera davantage mise en valeur avec des objets d\u00e9coratifs d\u2019\u00e9poque.<\/p>\n\n\n\n<p>Cependant, l\u2019utilisation du <a href=\"https:\/\/www.mobilier-design-occasion.fr\/magazine\/avis-mathy-by-bols\/\">bois<\/a> dans votre salle de bain demande un&nbsp;<strong>traitement particulier contre les projections d\u2019eau et l\u2019humidit\u00e9<\/strong>. Une autre fa\u00e7on de d\u00e9tourner un meuble ancien consiste \u00e0 utiliser une&nbsp;<strong>porte ancienne pour la transformer en plateau de table<\/strong>. Il n\u2019y a v\u00e9ritablement pas de limite si vous souhaitez mettre en valeur des meubles anciens dans la d\u00e9coration.<\/p>\n\n\n\n<h2 class=\"wp-block-heading\"><span class=\"ez-toc-section\" id=\"Recouvrez_les_anciens_meubles_de_peinture_ou_nouveau_tissu\"><\/span>Recouvrez les anciens meubles de peinture ou nouveau tissu<span class=\"ez-toc-section-end\"><\/span><\/h2>\n\n\n\n<p>Si vous aimez particuli\u00e8rement les meubles anciens avec une taille imposante, sachez qu\u2019il peut \u00eatre compliqu\u00e9 de les mettre en valeur dans votre d\u00e9coration. Ceux-ci ont tendance \u00e0 \u00eatre un peu trop rustiques, mais vous pouvez&nbsp;<strong>les repeindre pour les adoucir<\/strong>. Veillez simplement \u00e0&nbsp;<strong>conserver l\u2019apparence du veinage du bois<\/strong>&nbsp;pour que les meubles restent authentiques. Vous \u00eates libre de choisir les couleurs de vos meubles anciens du moment o\u00f9 il existe une belle harmonie avec l\u2019ensemble de la d\u00e9coration. Toutefois, l\u2019avantage avec la peinture est qu\u2019elle convient aussi pour les meubles anciens de petite taille qui font grise mine. Il est facile de leur redonner de l\u2019\u00e9clat avec toutes les couleurs qui conviennent \u00e0 vos go\u00fbts. Vous pouvez choisir&nbsp;:<\/p>\n\n\n\n<ul class=\"wp-block-list\"><li><strong>Les couleurs vives pour une d\u00e9coration moderne et dynamique&nbsp;<\/strong>;<\/li><li><strong>Les couleurs grises ou noire pour une d\u00e9coration industrielle&nbsp;<\/strong>;<\/li><li><strong>Les couleurs pastel pour une d\u00e9coration scandinave<\/strong>.<\/li><\/ul>\n\n\n\n<p>Un autre moyen de mettre en valeur des meubles anciens dans la d\u00e9coration est de les recouvrir de tissus. Il existe un vaste choix de tissus qui vous permettront de&nbsp;<strong>donner une seconde vie aux meubles anciens et rustiques<\/strong>. Selon le style d\u00e9coratif voulu, il est possible de choisir des&nbsp;<strong>tissus aux couleurs relev\u00e9es<\/strong>, des&nbsp;<strong>motifs uniques<\/strong>, des&nbsp;<strong>textures en tout genre<\/strong>, etc. Changer le rev\u00eatement d\u2019un meuble ancien vous permet ainsi de garder un <a href=\"https:\/\/www.mobilier-design-occasion.fr\/magazine\/test-avis-sur-poltronesofa\/\">fauteuil<\/a> ou un <a href=\"https:\/\/www.mobilier-design-occasion.fr\/magazine\/test-avis-sur-deco-in-paris\/\">canap\u00e9<\/a> qui est dans la famille depuis toujours. Pour maintenir par exemple l\u2019aspect vintage de votre int\u00e9rieur, privil\u00e9giez un&nbsp;<strong>tissu en velours<\/strong>. Des&nbsp;<strong>tissus en coton ou en lin<\/strong>&nbsp;conviendront pour un effet moderne. Pour faire le meilleur choix possible, vous aurez besoin des conseils d\u2019un tapissier ou d\u2019un \u00e9b\u00e9niste. Ces sp\u00e9cialistes sont en mesure de vous aider \u00e0 trouver la meilleure fa\u00e7on de mettre vos meubles anciens en valeur avec des tissus.<\/p>\n\n\n\n<p>Pour conclure, que les meubles anciens soient achet\u00e9s, chin\u00e9s ou r\u00e9cup\u00e9r\u00e9s, ils sont parfaits pour personnaliser votre int\u00e9rieur. Tout ce que vous avez \u00e0 faire est de suivre les r\u00e8gles pour les mettre en valeur.<\/p>\n","protected":false},"excerpt":{"rendered":"<p>Pour la d\u00e9coration int\u00e9rieure, vous pouvez tout vous permettre du moment o\u00f9 vous avez un espace dans lequel vous \u00eates \u00e0 l\u2019aise. Ainsi, si vous aimez les meubles anciens, sachez qu\u2019ils ne sont pas uniquement adapt\u00e9s \u00e0 une&nbsp;maison rustique et ancienne. Ces meubles trouvent facilement leur place dans toutes les pi\u00e8ces d\u2019une&nbsp;maison traditionnelle ou moderne. [&hellip;]<\/p>\n","protected":false},"author":1,"featured_media":5920,"comment_status":"open","ping_status":"open","sticky":false,"template":"","format":"standard","meta":{"footnotes":""},"categories":[2],"tags":[],"class_list":["post-5919","post","type-post","status-publish","format-standard","has-post-thumbnail","hentry","category-tendances"],"yoast_head":"<!-- This site is optimized with the Yoast SEO plugin v27.5 - https:\/\/yoast.com\/product\/yoast-seo-wordpress\/ -->\n<title>Comment mettre en valeur des meubles anciens dans la d\u00e9coration? - Mobilier Design Magazine<\/title>\n<meta name=\"robots\" content=\"index, follow, max-snippet:-1, max-image-preview:large, max-video-preview:-1\" \/>\n<link rel=\"canonical\" href=\"https:\/\/www.mobilier-design-occasion.fr\/magazine\/comment-mettre-en-valeur-des-meubles-anciens-dans-la-decoration\/\" \/>\n<meta property=\"og:locale\" content=\"fr_FR\" \/>\n<meta property=\"og:type\" content=\"article\" \/>\n<meta property=\"og:title\" content=\"Comment mettre en valeur des meubles anciens dans la d\u00e9coration? - Mobilier Design Magazine\" \/>\n<meta property=\"og:description\" content=\"Pour la d\u00e9coration int\u00e9rieure, vous pouvez tout vous permettre du moment o\u00f9 vous avez un espace dans lequel vous \u00eates \u00e0 l\u2019aise. Ainsi, si vous aimez les meubles anciens, sachez qu\u2019ils ne sont pas uniquement adapt\u00e9s \u00e0 une&nbsp;maison rustique et ancienne. Ces meubles trouvent facilement leur place dans toutes les pi\u00e8ces d\u2019une&nbsp;maison traditionnelle ou moderne. [&hellip;]\" \/>\n<meta property=\"og:url\" content=\"https:\/\/www.mobilier-design-occasion.fr\/magazine\/comment-mettre-en-valeur-des-meubles-anciens-dans-la-decoration\/\" \/>\n<meta property=\"og:site_name\" content=\"Mobilier Design Magazine\" \/>\n<meta property=\"article:publisher\" content=\"https:\/\/www.facebook.com\/mobilierdesignoccasion\" \/>\n<meta property=\"article:published_time\" content=\"2022-09-15T06:56:09+00:00\" \/>\n<meta property=\"article:modified_time\" content=\"2023-09-25T13:39:48+00:00\" \/>\n<meta property=\"og:image\" content=\"https:\/\/www.mobilier-design-occasion.fr\/magazine\/wp-content\/uploads\/2022\/09\/pexels-lisa-fotios-909504-scaled.jpg\" \/>\n\t<meta property=\"og:image:width\" content=\"1365\" \/>\n\t<meta property=\"og:image:height\" content=\"2048\" \/>\n\t<meta property=\"og:image:type\" content=\"image\/jpeg\" \/>\n<meta name=\"author\" content=\"Cyrielle Poirot\" \/>\n<meta name=\"twitter:card\" content=\"summary_large_image\" \/>\n<meta name=\"twitter:label1\" content=\"\u00c9crit par\" \/>\n\t<meta name=\"twitter:data1\" content=\"Cyrielle Poirot\" \/>\n\t<meta name=\"twitter:label2\" content=\"Dur\u00e9e de lecture estim\u00e9e\" \/>\n\t<meta name=\"twitter:data2\" content=\"5 minutes\" \/>\n<script type=\"application\/ld+json\" class=\"yoast-schema-graph\">{\"@context\":\"https:\\\/\\\/schema.org\",\"@graph\":[{\"@type\":\"Article\",\"@id\":\"https:\\\/\\\/www.mobilier-design-occasion.fr\\\/magazine\\\/comment-mettre-en-valeur-des-meubles-anciens-dans-la-decoration\\\/#article\",\"isPartOf\":{\"@id\":\"https:\\\/\\\/www.mobilier-design-occasion.fr\\\/magazine\\\/comment-mettre-en-valeur-des-meubles-anciens-dans-la-decoration\\\/\"},\"author\":{\"name\":\"Cyrielle Poirot\",\"@id\":\"https:\\\/\\\/www.mobilier-design-occasion.fr\\\/magazine\\\/#\\\/schema\\\/person\\\/5b2e5627a714ddadaaf8c9b886c55eff\"},\"headline\":\"Comment mettre en valeur des meubles anciens dans la d\u00e9coration?\",\"datePublished\":\"2022-09-15T06:56:09+00:00\",\"dateModified\":\"2023-09-25T13:39:48+00:00\",\"mainEntityOfPage\":{\"@id\":\"https:\\\/\\\/www.mobilier-design-occasion.fr\\\/magazine\\\/comment-mettre-en-valeur-des-meubles-anciens-dans-la-decoration\\\/\"},\"wordCount\":961,\"commentCount\":2,\"publisher\":{\"@id\":\"https:\\\/\\\/www.mobilier-design-occasion.fr\\\/magazine\\\/#organization\"},\"image\":{\"@id\":\"https:\\\/\\\/www.mobilier-design-occasion.fr\\\/magazine\\\/comment-mettre-en-valeur-des-meubles-anciens-dans-la-decoration\\\/#primaryimage\"},\"thumbnailUrl\":\"https:\\\/\\\/www.mobilier-design-occasion.fr\\\/magazine\\\/wp-content\\\/uploads\\\/2022\\\/09\\\/pexels-lisa-fotios-909504-scaled.jpg\",\"articleSection\":[\"Tendances\"],\"inLanguage\":\"fr-FR\",\"potentialAction\":[{\"@type\":\"CommentAction\",\"name\":\"Comment\",\"target\":[\"https:\\\/\\\/www.mobilier-design-occasion.fr\\\/magazine\\\/comment-mettre-en-valeur-des-meubles-anciens-dans-la-decoration\\\/#respond\"]}]},{\"@type\":\"WebPage\",\"@id\":\"https:\\\/\\\/www.mobilier-design-occasion.fr\\\/magazine\\\/comment-mettre-en-valeur-des-meubles-anciens-dans-la-decoration\\\/\",\"url\":\"https:\\\/\\\/www.mobilier-design-occasion.fr\\\/magazine\\\/comment-mettre-en-valeur-des-meubles-anciens-dans-la-decoration\\\/\",\"name\":\"Comment mettre en valeur des meubles anciens dans la d\u00e9coration? - Mobilier Design Magazine\",\"isPartOf\":{\"@id\":\"https:\\\/\\\/www.mobilier-design-occasion.fr\\\/magazine\\\/#website\"},\"primaryImageOfPage\":{\"@id\":\"https:\\\/\\\/www.mobilier-design-occasion.fr\\\/magazine\\\/comment-mettre-en-valeur-des-meubles-anciens-dans-la-decoration\\\/#primaryimage\"},\"image\":{\"@id\":\"https:\\\/\\\/www.mobilier-design-occasion.fr\\\/magazine\\\/comment-mettre-en-valeur-des-meubles-anciens-dans-la-decoration\\\/#primaryimage\"},\"thumbnailUrl\":\"https:\\\/\\\/www.mobilier-design-occasion.fr\\\/magazine\\\/wp-content\\\/uploads\\\/2022\\\/09\\\/pexels-lisa-fotios-909504-scaled.jpg\",\"datePublished\":\"2022-09-15T06:56:09+00:00\",\"dateModified\":\"2023-09-25T13:39:48+00:00\",\"breadcrumb\":{\"@id\":\"https:\\\/\\\/www.mobilier-design-occasion.fr\\\/magazine\\\/comment-mettre-en-valeur-des-meubles-anciens-dans-la-decoration\\\/#breadcrumb\"},\"inLanguage\":\"fr-FR\",\"potentialAction\":[{\"@type\":\"ReadAction\",\"target\":[\"https:\\\/\\\/www.mobilier-design-occasion.fr\\\/magazine\\\/comment-mettre-en-valeur-des-meubles-anciens-dans-la-decoration\\\/\"]}]},{\"@type\":\"ImageObject\",\"inLanguage\":\"fr-FR\",\"@id\":\"https:\\\/\\\/www.mobilier-design-occasion.fr\\\/magazine\\\/comment-mettre-en-valeur-des-meubles-anciens-dans-la-decoration\\\/#primaryimage\",\"url\":\"https:\\\/\\\/www.mobilier-design-occasion.fr\\\/magazine\\\/wp-content\\\/uploads\\\/2022\\\/09\\\/pexels-lisa-fotios-909504-scaled.jpg\",\"contentUrl\":\"https:\\\/\\\/www.mobilier-design-occasion.fr\\\/magazine\\\/wp-content\\\/uploads\\\/2022\\\/09\\\/pexels-lisa-fotios-909504-scaled.jpg\",\"width\":1365,\"height\":2048},{\"@type\":\"BreadcrumbList\",\"@id\":\"https:\\\/\\\/www.mobilier-design-occasion.fr\\\/magazine\\\/comment-mettre-en-valeur-des-meubles-anciens-dans-la-decoration\\\/#breadcrumb\",\"itemListElement\":[{\"@type\":\"ListItem\",\"position\":1,\"name\":\"Accueil\",\"item\":\"https:\\\/\\\/www.mobilier-design-occasion.fr\\\/magazine\\\/\"},{\"@type\":\"ListItem\",\"position\":2,\"name\":\"Comment mettre en valeur des meubles anciens dans la d\u00e9coration?\"}]},{\"@type\":\"WebSite\",\"@id\":\"https:\\\/\\\/www.mobilier-design-occasion.fr\\\/magazine\\\/#website\",\"url\":\"https:\\\/\\\/www.mobilier-design-occasion.fr\\\/magazine\\\/\",\"name\":\"Mobilier Design Magazine\",\"description\":\"\",\"publisher\":{\"@id\":\"https:\\\/\\\/www.mobilier-design-occasion.fr\\\/magazine\\\/#organization\"},\"potentialAction\":[{\"@type\":\"SearchAction\",\"target\":{\"@type\":\"EntryPoint\",\"urlTemplate\":\"https:\\\/\\\/www.mobilier-design-occasion.fr\\\/magazine\\\/?s={search_term_string}\"},\"query-input\":{\"@type\":\"PropertyValueSpecification\",\"valueRequired\":true,\"valueName\":\"search_term_string\"}}],\"inLanguage\":\"fr-FR\"},{\"@type\":\"Organization\",\"@id\":\"https:\\\/\\\/www.mobilier-design-occasion.fr\\\/magazine\\\/#organization\",\"name\":\"Mobilier Design Magazine\",\"url\":\"https:\\\/\\\/www.mobilier-design-occasion.fr\\\/magazine\\\/\",\"logo\":{\"@type\":\"ImageObject\",\"inLanguage\":\"fr-FR\",\"@id\":\"https:\\\/\\\/www.mobilier-design-occasion.fr\\\/magazine\\\/#\\\/schema\\\/logo\\\/image\\\/\",\"url\":\"https:\\\/\\\/www.mobilier-design-occasion.fr\\\/magazine\\\/wp-content\\\/uploads\\\/2024\\\/02\\\/android-chrome-192x192-1.png\",\"contentUrl\":\"https:\\\/\\\/www.mobilier-design-occasion.fr\\\/magazine\\\/wp-content\\\/uploads\\\/2024\\\/02\\\/android-chrome-192x192-1.png\",\"width\":192,\"height\":192,\"caption\":\"Mobilier Design Magazine\"},\"image\":{\"@id\":\"https:\\\/\\\/www.mobilier-design-occasion.fr\\\/magazine\\\/#\\\/schema\\\/logo\\\/image\\\/\"},\"sameAs\":[\"https:\\\/\\\/www.facebook.com\\\/mobilierdesignoccasion\"]},{\"@type\":\"Person\",\"@id\":\"https:\\\/\\\/www.mobilier-design-occasion.fr\\\/magazine\\\/#\\\/schema\\\/person\\\/5b2e5627a714ddadaaf8c9b886c55eff\",\"name\":\"Cyrielle Poirot\",\"image\":{\"@type\":\"ImageObject\",\"inLanguage\":\"fr-FR\",\"@id\":\"https:\\\/\\\/secure.gravatar.com\\\/avatar\\\/c8d2674e093b06894d8d1dc468b626bd752523471f3ac6e75f7c7a1400d40b4d?s=96&d=mm&r=g\",\"url\":\"https:\\\/\\\/secure.gravatar.com\\\/avatar\\\/c8d2674e093b06894d8d1dc468b626bd752523471f3ac6e75f7c7a1400d40b4d?s=96&d=mm&r=g\",\"contentUrl\":\"https:\\\/\\\/secure.gravatar.com\\\/avatar\\\/c8d2674e093b06894d8d1dc468b626bd752523471f3ac6e75f7c7a1400d40b4d?s=96&d=mm&r=g\",\"caption\":\"Cyrielle Poirot\"},\"description\":\"Cyrielle est passionn\u00e9e par la d\u00e9coration d'int\u00e9rieur et s'est sp\u00e9cialis\u00e9e depuis quelques ann\u00e9es dans l'\u00e9dition du site Mobilier-Design, avec une touche sp\u00e9cifique pour les produits d'occasion.\",\"sameAs\":[\"https:\\\/\\\/www.mobilier-design-occasion.fr\\\/magazine\"],\"url\":\"https:\\\/\\\/www.mobilier-design-occasion.fr\\\/magazine\\\/author\\\/cyrielle\\\/\"}]}<\/script>\n<!-- \/ Yoast SEO plugin. -->","yoast_head_json":{"title":"Comment mettre en valeur des meubles anciens dans la d\u00e9coration? - Mobilier Design Magazine","robots":{"index":"index","follow":"follow","max-snippet":"max-snippet:-1","max-image-preview":"max-image-preview:large","max-video-preview":"max-video-preview:-1"},"canonical":"https:\/\/www.mobilier-design-occasion.fr\/magazine\/comment-mettre-en-valeur-des-meubles-anciens-dans-la-decoration\/","og_locale":"fr_FR","og_type":"article","og_title":"Comment mettre en valeur des meubles anciens dans la d\u00e9coration? - Mobilier Design Magazine","og_description":"Pour la d\u00e9coration int\u00e9rieure, vous pouvez tout vous permettre du moment o\u00f9 vous avez un espace dans lequel vous \u00eates \u00e0 l\u2019aise. Ainsi, si vous aimez les meubles anciens, sachez qu\u2019ils ne sont pas uniquement adapt\u00e9s \u00e0 une&nbsp;maison rustique et ancienne. Ces meubles trouvent facilement leur place dans toutes les pi\u00e8ces d\u2019une&nbsp;maison traditionnelle ou moderne. [&hellip;]","og_url":"https:\/\/www.mobilier-design-occasion.fr\/magazine\/comment-mettre-en-valeur-des-meubles-anciens-dans-la-decoration\/","og_site_name":"Mobilier Design Magazine","article_publisher":"https:\/\/www.facebook.com\/mobilierdesignoccasion","article_published_time":"2022-09-15T06:56:09+00:00","article_modified_time":"2023-09-25T13:39:48+00:00","og_image":[{"width":1365,"height":2048,"url":"https:\/\/www.mobilier-design-occasion.fr\/magazine\/wp-content\/uploads\/2022\/09\/pexels-lisa-fotios-909504-scaled.jpg","type":"image\/jpeg"}],"author":"Cyrielle Poirot","twitter_card":"summary_large_image","twitter_misc":{"\u00c9crit par":"Cyrielle Poirot","Dur\u00e9e de lecture estim\u00e9e":"5 minutes"},"schema":{"@context":"https:\/\/schema.org","@graph":[{"@type":"Article","@id":"https:\/\/www.mobilier-design-occasion.fr\/magazine\/comment-mettre-en-valeur-des-meubles-anciens-dans-la-decoration\/#article","isPartOf":{"@id":"https:\/\/www.mobilier-design-occasion.fr\/magazine\/comment-mettre-en-valeur-des-meubles-anciens-dans-la-decoration\/"},"author":{"name":"Cyrielle Poirot","@id":"https:\/\/www.mobilier-design-occasion.fr\/magazine\/#\/schema\/person\/5b2e5627a714ddadaaf8c9b886c55eff"},"headline":"Comment mettre en valeur des meubles anciens dans la d\u00e9coration?","datePublished":"2022-09-15T06:56:09+00:00","dateModified":"2023-09-25T13:39:48+00:00","mainEntityOfPage":{"@id":"https:\/\/www.mobilier-design-occasion.fr\/magazine\/comment-mettre-en-valeur-des-meubles-anciens-dans-la-decoration\/"},"wordCount":961,"commentCount":2,"publisher":{"@id":"https:\/\/www.mobilier-design-occasion.fr\/magazine\/#organization"},"image":{"@id":"https:\/\/www.mobilier-design-occasion.fr\/magazine\/comment-mettre-en-valeur-des-meubles-anciens-dans-la-decoration\/#primaryimage"},"thumbnailUrl":"https:\/\/www.mobilier-design-occasion.fr\/magazine\/wp-content\/uploads\/2022\/09\/pexels-lisa-fotios-909504-scaled.jpg","articleSection":["Tendances"],"inLanguage":"fr-FR","potentialAction":[{"@type":"CommentAction","name":"Comment","target":["https:\/\/www.mobilier-design-occasion.fr\/magazine\/comment-mettre-en-valeur-des-meubles-anciens-dans-la-decoration\/#respond"]}]},{"@type":"WebPage","@id":"https:\/\/www.mobilier-design-occasion.fr\/magazine\/comment-mettre-en-valeur-des-meubles-anciens-dans-la-decoration\/","url":"https:\/\/www.mobilier-design-occasion.fr\/magazine\/comment-mettre-en-valeur-des-meubles-anciens-dans-la-decoration\/","name":"Comment mettre en valeur des meubles anciens dans la d\u00e9coration? - Mobilier Design Magazine","isPartOf":{"@id":"https:\/\/www.mobilier-design-occasion.fr\/magazine\/#website"},"primaryImageOfPage":{"@id":"https:\/\/www.mobilier-design-occasion.fr\/magazine\/comment-mettre-en-valeur-des-meubles-anciens-dans-la-decoration\/#primaryimage"},"image":{"@id":"https:\/\/www.mobilier-design-occasion.fr\/magazine\/comment-mettre-en-valeur-des-meubles-anciens-dans-la-decoration\/#primaryimage"},"thumbnailUrl":"https:\/\/www.mobilier-design-occasion.fr\/magazine\/wp-content\/uploads\/2022\/09\/pexels-lisa-fotios-909504-scaled.jpg","datePublished":"2022-09-15T06:56:09+00:00","dateModified":"2023-09-25T13:39:48+00:00","breadcrumb":{"@id":"https:\/\/www.mobilier-design-occasion.fr\/magazine\/comment-mettre-en-valeur-des-meubles-anciens-dans-la-decoration\/#breadcrumb"},"inLanguage":"fr-FR","potentialAction":[{"@type":"ReadAction","target":["https:\/\/www.mobilier-design-occasion.fr\/magazine\/comment-mettre-en-valeur-des-meubles-anciens-dans-la-decoration\/"]}]},{"@type":"ImageObject","inLanguage":"fr-FR","@id":"https:\/\/www.mobilier-design-occasion.fr\/magazine\/comment-mettre-en-valeur-des-meubles-anciens-dans-la-decoration\/#primaryimage","url":"https:\/\/www.mobilier-design-occasion.fr\/magazine\/wp-content\/uploads\/2022\/09\/pexels-lisa-fotios-909504-scaled.jpg","contentUrl":"https:\/\/www.mobilier-design-occasion.fr\/magazine\/wp-content\/uploads\/2022\/09\/pexels-lisa-fotios-909504-scaled.jpg","width":1365,"height":2048},{"@type":"BreadcrumbList","@id":"https:\/\/www.mobilier-design-occasion.fr\/magazine\/comment-mettre-en-valeur-des-meubles-anciens-dans-la-decoration\/#breadcrumb","itemListElement":[{"@type":"ListItem","position":1,"name":"Accueil","item":"https:\/\/www.mobilier-design-occasion.fr\/magazine\/"},{"@type":"ListItem","position":2,"name":"Comment mettre en valeur des meubles anciens dans la d\u00e9coration?"}]},{"@type":"WebSite","@id":"https:\/\/www.mobilier-design-occasion.fr\/magazine\/#website","url":"https:\/\/www.mobilier-design-occasion.fr\/magazine\/","name":"Mobilier Design Magazine","description":"","publisher":{"@id":"https:\/\/www.mobilier-design-occasion.fr\/magazine\/#organization"},"potentialAction":[{"@type":"SearchAction","target":{"@type":"EntryPoint","urlTemplate":"https:\/\/www.mobilier-design-occasion.fr\/magazine\/?s={search_term_string}"},"query-input":{"@type":"PropertyValueSpecification","valueRequired":true,"valueName":"search_term_string"}}],"inLanguage":"fr-FR"},{"@type":"Organization","@id":"https:\/\/www.mobilier-design-occasion.fr\/magazine\/#organization","name":"Mobilier Design Magazine","url":"https:\/\/www.mobilier-design-occasion.fr\/magazine\/","logo":{"@type":"ImageObject","inLanguage":"fr-FR","@id":"https:\/\/www.mobilier-design-occasion.fr\/magazine\/#\/schema\/logo\/image\/","url":"https:\/\/www.mobilier-design-occasion.fr\/magazine\/wp-content\/uploads\/2024\/02\/android-chrome-192x192-1.png","contentUrl":"https:\/\/www.mobilier-design-occasion.fr\/magazine\/wp-content\/uploads\/2024\/02\/android-chrome-192x192-1.png","width":192,"height":192,"caption":"Mobilier Design Magazine"},"image":{"@id":"https:\/\/www.mobilier-design-occasion.fr\/magazine\/#\/schema\/logo\/image\/"},"sameAs":["https:\/\/www.facebook.com\/mobilierdesignoccasion"]},{"@type":"Person","@id":"https:\/\/www.mobilier-design-occasion.fr\/magazine\/#\/schema\/person\/5b2e5627a714ddadaaf8c9b886c55eff","name":"Cyrielle Poirot","image":{"@type":"ImageObject","inLanguage":"fr-FR","@id":"https:\/\/secure.gravatar.com\/avatar\/c8d2674e093b06894d8d1dc468b626bd752523471f3ac6e75f7c7a1400d40b4d?s=96&d=mm&r=g","url":"https:\/\/secure.gravatar.com\/avatar\/c8d2674e093b06894d8d1dc468b626bd752523471f3ac6e75f7c7a1400d40b4d?s=96&d=mm&r=g","contentUrl":"https:\/\/secure.gravatar.com\/avatar\/c8d2674e093b06894d8d1dc468b626bd752523471f3ac6e75f7c7a1400d40b4d?s=96&d=mm&r=g","caption":"Cyrielle Poirot"},"description":"Cyrielle est passionn\u00e9e par la d\u00e9coration d'int\u00e9rieur et s'est sp\u00e9cialis\u00e9e depuis quelques ann\u00e9es dans l'\u00e9dition du site Mobilier-Design, avec une touche sp\u00e9cifique pour les produits d'occasion.","sameAs":["https:\/\/www.mobilier-design-occasion.fr\/magazine"],"url":"https:\/\/www.mobilier-design-occasion.fr\/magazine\/author\/cyrielle\/"}]}},"_links":{"self":[{"href":"https:\/\/www.mobilier-design-occasion.fr\/magazine\/wp-json\/wp\/v2\/posts\/5919","targetHints":{"allow":["GET"]}}],"collection":[{"href":"https:\/\/www.mobilier-design-occasion.fr\/magazine\/wp-json\/wp\/v2\/posts"}],"about":[{"href":"https:\/\/www.mobilier-design-occasion.fr\/magazine\/wp-json\/wp\/v2\/types\/post"}],"author":[{"embeddable":true,"href":"https:\/\/www.mobilier-design-occasion.fr\/magazine\/wp-json\/wp\/v2\/users\/1"}],"replies":[{"embeddable":true,"href":"https:\/\/www.mobilier-design-occasion.fr\/magazine\/wp-json\/wp\/v2\/comments?post=5919"}],"version-history":[{"count":1,"href":"https:\/\/www.mobilier-design-occasion.fr\/magazine\/wp-json\/wp\/v2\/posts\/5919\/revisions"}],"predecessor-version":[{"id":5921,"href":"https:\/\/www.mobilier-design-occasion.fr\/magazine\/wp-json\/wp\/v2\/posts\/5919\/revisions\/5921"}],"wp:featuredmedia":[{"embeddable":true,"href":"https:\/\/www.mobilier-design-occasion.fr\/magazine\/wp-json\/wp\/v2\/media\/5920"}],"wp:attachment":[{"href":"https:\/\/www.mobilier-design-occasion.fr\/magazine\/wp-json\/wp\/v2\/media?parent=5919"}],"wp:term":[{"taxonomy":"category","embeddable":true,"href":"https:\/\/www.mobilier-design-occasion.fr\/magazine\/wp-json\/wp\/v2\/categories?post=5919"},{"taxonomy":"post_tag","embeddable":true,"href":"https:\/\/www.mobilier-design-occasion.fr\/magazine\/wp-json\/wp\/v2\/tags?post=5919"}],"curies":[{"name":"wp","href":"https:\/\/api.w.org\/{rel}","templated":true}]}}