{"id":5851,"date":"2022-08-25T08:42:50","date_gmt":"2022-08-25T08:42:50","guid":{"rendered":"https:\/\/www.mobilier-design-occasion.fr\/magazine\/?p=5851"},"modified":"2023-09-25T13:40:09","modified_gmt":"2023-09-25T13:40:09","slug":"craquez-pour-liconique-suspension-vertigo-de-constance-guisset-incontournable-du-design-francais","status":"publish","type":"post","link":"https:\/\/www.mobilier-design-occasion.fr\/magazine\/craquez-pour-liconique-suspension-vertigo-de-constance-guisset-incontournable-du-design-francais\/","title":{"rendered":"Craquez pour l&#8217;iconique suspension Vertigo de Constance Guisset, incontournable du design fran\u00e7ais!"},"content":{"rendered":"\n<h2 class=\"wp-block-heading\"><span class=\"ez-toc-section\" id=\"Quest-ce_quune_suspension_Vertigo\"><\/span><strong>Qu\u2019est-ce qu\u2019une suspension Vertigo&nbsp;?<\/strong><span class=\"ez-toc-section-end\"><\/span><\/h2><div id=\"ez-toc-container\" class=\"ez-toc-v2_0_82_2 counter-hierarchy ez-toc-counter ez-toc-grey ez-toc-container-direction\">\n<div class=\"ez-toc-title-container\">\n<span class=\"ez-toc-title-toggle\"><a href=\"#\" class=\"ez-toc-pull-right ez-toc-btn ez-toc-btn-xs ez-toc-btn-default ez-toc-toggle\" aria-label=\"Toggle Table of Content\"><span class=\"ez-toc-js-icon-con\"><span class=\"\"><span class=\"eztoc-hide\" style=\"display:none;\">Toggle<\/span><span class=\"ez-toc-icon-toggle-span\"><svg style=\"fill: #999;color:#999\" xmlns=\"http:\/\/www.w3.org\/2000\/svg\" class=\"list-377408\" width=\"20px\" height=\"20px\" viewBox=\"0 0 24 24\" fill=\"none\"><path d=\"M6 6H4v2h2V6zm14 0H8v2h12V6zM4 11h2v2H4v-2zm16 0H8v2h12v-2zM4 16h2v2H4v-2zm16 0H8v2h12v-2z\" fill=\"currentColor\"><\/path><\/svg><svg style=\"fill: #999;color:#999\" class=\"arrow-unsorted-368013\" xmlns=\"http:\/\/www.w3.org\/2000\/svg\" width=\"10px\" height=\"10px\" viewBox=\"0 0 24 24\" version=\"1.2\" baseProfile=\"tiny\"><path d=\"M18.2 9.3l-6.2-6.3-6.2 6.3c-.2.2-.3.4-.3.7s.1.5.3.7c.2.2.4.3.7.3h11c.3 0 .5-.1.7-.3.2-.2.3-.5.3-.7s-.1-.5-.3-.7zM5.8 14.7l6.2 6.3 6.2-6.3c.2-.2.3-.5.3-.7s-.1-.5-.3-.7c-.2-.2-.4-.3-.7-.3h-11c-.3 0-.5.1-.7.3-.2.2-.3.5-.3.7s.1.5.3.7z\"\/><\/svg><\/span><\/span><\/span><\/a><\/span><\/div>\n<nav><ul class='ez-toc-list ez-toc-list-level-1 eztoc-toggle-hide-by-default' ><li class='ez-toc-page-1 ez-toc-heading-level-2'><a class=\"ez-toc-link ez-toc-heading-1\" href=\"https:\/\/www.mobilier-design-occasion.fr\/magazine\/craquez-pour-liconique-suspension-vertigo-de-constance-guisset-incontournable-du-design-francais\/#Quest-ce_quune_suspension_Vertigo\" >Qu\u2019est-ce qu\u2019une suspension Vertigo&nbsp;?<\/a><\/li><li class='ez-toc-page-1 ez-toc-heading-level-2'><a class=\"ez-toc-link ez-toc-heading-2\" href=\"https:\/\/www.mobilier-design-occasion.fr\/magazine\/craquez-pour-liconique-suspension-vertigo-de-constance-guisset-incontournable-du-design-francais\/#Quelles_sont_les_differentes_versions_dune_suspension_Vertigo\" >Quelles sont les diff\u00e9rentes versions d\u2019une suspension Vertigo&nbsp;?<\/a><\/li><li class='ez-toc-page-1 ez-toc-heading-level-2'><a class=\"ez-toc-link ez-toc-heading-3\" href=\"https:\/\/www.mobilier-design-occasion.fr\/magazine\/craquez-pour-liconique-suspension-vertigo-de-constance-guisset-incontournable-du-design-francais\/#Quelles_sont_les_caracteristiques_dune_suspension_Vertigo\" >Quelles sont les caract\u00e9ristiques d\u2019une suspension Vertigo&nbsp;?<\/a><ul class='ez-toc-list-level-3' ><li class='ez-toc-heading-level-3'><a class=\"ez-toc-link ez-toc-heading-4\" href=\"https:\/\/www.mobilier-design-occasion.fr\/magazine\/craquez-pour-liconique-suspension-vertigo-de-constance-guisset-incontournable-du-design-francais\/#Dimension\" >Dimension<\/a><\/li><li class='ez-toc-page-1 ez-toc-heading-level-3'><a class=\"ez-toc-link ez-toc-heading-5\" href=\"https:\/\/www.mobilier-design-occasion.fr\/magazine\/craquez-pour-liconique-suspension-vertigo-de-constance-guisset-incontournable-du-design-francais\/#Materiaux\" >Mat\u00e9riaux<\/a><\/li><li class='ez-toc-page-1 ez-toc-heading-level-3'><a class=\"ez-toc-link ez-toc-heading-6\" href=\"https:\/\/www.mobilier-design-occasion.fr\/magazine\/craquez-pour-liconique-suspension-vertigo-de-constance-guisset-incontournable-du-design-francais\/#Couleur\" >Couleur<\/a><\/li><\/ul><\/li><li class='ez-toc-page-1 ez-toc-heading-level-2'><a class=\"ez-toc-link ez-toc-heading-7\" href=\"https:\/\/www.mobilier-design-occasion.fr\/magazine\/craquez-pour-liconique-suspension-vertigo-de-constance-guisset-incontournable-du-design-francais\/#Notre_selection_des_plus_belles_suspensions_Vertigo\" >Notre s\u00e9lection des plus belles suspensions Vertigo<\/a><\/li><li class='ez-toc-page-1 ez-toc-heading-level-2'><a class=\"ez-toc-link ez-toc-heading-8\" href=\"https:\/\/www.mobilier-design-occasion.fr\/magazine\/craquez-pour-liconique-suspension-vertigo-de-constance-guisset-incontournable-du-design-francais\/#Comment_integrer_une_suspension_Vertigo_dans_sa_decoration\" >Comment int\u00e9grer une suspension Vertigo dans sa d\u00e9coration&nbsp;?<\/a><\/li><li class='ez-toc-page-1 ez-toc-heading-level-2'><a class=\"ez-toc-link ez-toc-heading-9\" href=\"https:\/\/www.mobilier-design-occasion.fr\/magazine\/craquez-pour-liconique-suspension-vertigo-de-constance-guisset-incontournable-du-design-francais\/#Pourquoi_acheter_une_suspension_Vertigo_doccasion\" >Pourquoi acheter une suspension Vertigo d\u2019occasion&nbsp;?<\/a><\/li><li class='ez-toc-page-1 ez-toc-heading-level-2'><a class=\"ez-toc-link ez-toc-heading-10\" href=\"https:\/\/www.mobilier-design-occasion.fr\/magazine\/craquez-pour-liconique-suspension-vertigo-de-constance-guisset-incontournable-du-design-francais\/#Ou_acheter_une_suspension_Vertigo_doccasion\" >O\u00f9 acheter une suspension Vertigo d\u2019occasion&nbsp;?<\/a><\/li><li class='ez-toc-page-1 ez-toc-heading-level-2'><a class=\"ez-toc-link ez-toc-heading-11\" href=\"https:\/\/www.mobilier-design-occasion.fr\/magazine\/craquez-pour-liconique-suspension-vertigo-de-constance-guisset-incontournable-du-design-francais\/#Comment_reconnaitre_une_vraie_suspension_Vertigo\" >Comment reconna\u00eetre une vraie suspension Vertigo&nbsp;?<\/a><\/li><\/ul><\/nav><\/div>\n\n\n\n\n<p>La suspension Vertigo est une lampe cr\u00e9\u00e9e par la designer Constance Guisset en 2010 pour le catalogue de l\u2019\u00e9diteur Petite Friture. Cette suspension au style unique est devenue tr\u00e8s rapidement une icone du <a href=\"https:\/\/www.mobilier-design-occasion.fr\/magazine\/table-tulipe-knoll-indemodable-du-design\/\">design<\/a>.<\/p>\n\n\n\n<figure class=\"wp-block-image size-large\"><img loading=\"lazy\" decoding=\"async\" width=\"1024\" height=\"1024\" src=\"https:\/\/www.mobilier-design-occasion.fr\/magazine\/wp-content\/uploads\/2022\/08\/VN-1024x1024.jpg\" alt=\"\" class=\"wp-image-5853\" srcset=\"https:\/\/www.mobilier-design-occasion.fr\/magazine\/wp-content\/uploads\/2022\/08\/VN-1024x1024.jpg 1024w, https:\/\/www.mobilier-design-occasion.fr\/magazine\/wp-content\/uploads\/2022\/08\/VN-300x300.jpg 300w, https:\/\/www.mobilier-design-occasion.fr\/magazine\/wp-content\/uploads\/2022\/08\/VN-150x150.jpg 150w, https:\/\/www.mobilier-design-occasion.fr\/magazine\/wp-content\/uploads\/2022\/08\/VN-768x768.jpg 768w, https:\/\/www.mobilier-design-occasion.fr\/magazine\/wp-content\/uploads\/2022\/08\/VN-810x810.jpg 810w, https:\/\/www.mobilier-design-occasion.fr\/magazine\/wp-content\/uploads\/2022\/08\/VN-1140x1140.jpg 1140w, https:\/\/www.mobilier-design-occasion.fr\/magazine\/wp-content\/uploads\/2022\/08\/VN.jpg 1260w\" sizes=\"auto, (max-width: 1024px) 100vw, 1024px\" \/><figcaption>\u00a9Petite Friture<\/figcaption><\/figure>\n\n\n\n<p>La<a href=\"https:\/\/petitefriture.com\/fr\/suspensions\/903-1136-suspension-vertigo.html#\/\"> suspension Vertigo<\/a> allie l\u2019\u00e9l\u00e9gance, la l\u00e9g\u00e8ret\u00e9 ainsi que le design et la d\u00e9licatesse.&nbsp; C\u2019est une lampe graphique qui se classe parmi les collections les plus prestigieuses.<\/p>\n\n\n\n<h2 class=\"wp-block-heading\"><span class=\"ez-toc-section\" id=\"Quelles_sont_les_differentes_versions_dune_suspension_Vertigo\"><\/span><strong>Quelles sont les diff\u00e9rentes versions d\u2019une suspension Vertigo&nbsp;?<\/strong><span class=\"ez-toc-section-end\"><\/span><\/h2>\n\n\n\n<p>En 2020, Constance Guisset et Petite Friture lance de nouvelle version de la suspension Vertigo de 2010. Il y a donc&nbsp;:<\/p>\n\n\n\n<div class=\"wp-block-columns is-layout-flex wp-container-core-columns-is-layout-9d6595d7 wp-block-columns-is-layout-flex\">\n<div class=\"wp-block-column is-layout-flow wp-block-column-is-layout-flow\">\n<figure class=\"wp-block-image size-large\"><img loading=\"lazy\" decoding=\"async\" width=\"1024\" height=\"1024\" src=\"https:\/\/www.mobilier-design-occasion.fr\/magazine\/wp-content\/uploads\/2022\/08\/VN7-1024x1024.jpg\" alt=\"\" class=\"wp-image-5855\" srcset=\"https:\/\/www.mobilier-design-occasion.fr\/magazine\/wp-content\/uploads\/2022\/08\/VN7-1024x1024.jpg 1024w, https:\/\/www.mobilier-design-occasion.fr\/magazine\/wp-content\/uploads\/2022\/08\/VN7-300x300.jpg 300w, https:\/\/www.mobilier-design-occasion.fr\/magazine\/wp-content\/uploads\/2022\/08\/VN7-150x150.jpg 150w, https:\/\/www.mobilier-design-occasion.fr\/magazine\/wp-content\/uploads\/2022\/08\/VN7-768x768.jpg 768w, https:\/\/www.mobilier-design-occasion.fr\/magazine\/wp-content\/uploads\/2022\/08\/VN7-810x810.jpg 810w, https:\/\/www.mobilier-design-occasion.fr\/magazine\/wp-content\/uploads\/2022\/08\/VN7-1140x1140.jpg 1140w, https:\/\/www.mobilier-design-occasion.fr\/magazine\/wp-content\/uploads\/2022\/08\/VN7.jpg 1260w\" sizes=\"auto, (max-width: 1024px) 100vw, 1024px\" \/><figcaption>\u00a9Petite Friture<\/figcaption><\/figure>\n<\/div>\n\n\n\n<div class=\"wp-block-column is-layout-flow wp-block-column-is-layout-flow\">\n<figure class=\"wp-block-image size-large\"><img loading=\"lazy\" decoding=\"async\" width=\"1024\" height=\"1024\" src=\"https:\/\/www.mobilier-design-occasion.fr\/magazine\/wp-content\/uploads\/2022\/08\/VN2-1024x1024.jpg\" alt=\"\" class=\"wp-image-5856\" srcset=\"https:\/\/www.mobilier-design-occasion.fr\/magazine\/wp-content\/uploads\/2022\/08\/VN2-1024x1024.jpg 1024w, https:\/\/www.mobilier-design-occasion.fr\/magazine\/wp-content\/uploads\/2022\/08\/VN2-300x300.jpg 300w, https:\/\/www.mobilier-design-occasion.fr\/magazine\/wp-content\/uploads\/2022\/08\/VN2-150x150.jpg 150w, https:\/\/www.mobilier-design-occasion.fr\/magazine\/wp-content\/uploads\/2022\/08\/VN2-768x768.jpg 768w, https:\/\/www.mobilier-design-occasion.fr\/magazine\/wp-content\/uploads\/2022\/08\/VN2-810x810.jpg 810w, https:\/\/www.mobilier-design-occasion.fr\/magazine\/wp-content\/uploads\/2022\/08\/VN2-1140x1140.jpg 1140w, https:\/\/www.mobilier-design-occasion.fr\/magazine\/wp-content\/uploads\/2022\/08\/VN2.jpg 1260w\" sizes=\"auto, (max-width: 1024px) 100vw, 1024px\" \/><figcaption>\u00a9Petite Friture<\/figcaption><\/figure>\n<\/div>\n<\/div>\n\n\n\n<ul class=\"wp-block-list\"><li>La suspension Vertigo<\/li><li>La suspension Vertigo Nova<\/li><li>Le lampadaire Vertigo Nova<\/li><li>la potence Vertigo Nova<\/li><\/ul>\n\n\n\n<h2 class=\"wp-block-heading\"><span class=\"ez-toc-section\" id=\"Quelles_sont_les_caracteristiques_dune_suspension_Vertigo\"><\/span><strong>Quelles sont les caract\u00e9ristiques d\u2019une suspension Vertigo&nbsp;?<\/strong><span class=\"ez-toc-section-end\"><\/span><\/h2>\n\n\n\n<p>Les diff\u00e9rentes versions de la suspension Vertigo poss\u00e8dent chacune ses propres caract\u00e9ristiques.<\/p>\n\n\n\n<div class=\"wp-block-columns is-layout-flex wp-container-core-columns-is-layout-9d6595d7 wp-block-columns-is-layout-flex\">\n<div class=\"wp-block-column is-layout-flow wp-block-column-is-layout-flow\">\n<figure class=\"wp-block-image size-large\"><img loading=\"lazy\" decoding=\"async\" width=\"1024\" height=\"1024\" src=\"https:\/\/www.mobilier-design-occasion.fr\/magazine\/wp-content\/uploads\/2022\/08\/VN4-1024x1024.jpg\" alt=\"\" class=\"wp-image-5857\" srcset=\"https:\/\/www.mobilier-design-occasion.fr\/magazine\/wp-content\/uploads\/2022\/08\/VN4-1024x1024.jpg 1024w, https:\/\/www.mobilier-design-occasion.fr\/magazine\/wp-content\/uploads\/2022\/08\/VN4-300x300.jpg 300w, https:\/\/www.mobilier-design-occasion.fr\/magazine\/wp-content\/uploads\/2022\/08\/VN4-150x150.jpg 150w, https:\/\/www.mobilier-design-occasion.fr\/magazine\/wp-content\/uploads\/2022\/08\/VN4-768x768.jpg 768w, https:\/\/www.mobilier-design-occasion.fr\/magazine\/wp-content\/uploads\/2022\/08\/VN4-810x810.jpg 810w, https:\/\/www.mobilier-design-occasion.fr\/magazine\/wp-content\/uploads\/2022\/08\/VN4-1140x1140.jpg 1140w, https:\/\/www.mobilier-design-occasion.fr\/magazine\/wp-content\/uploads\/2022\/08\/VN4.jpg 1260w\" sizes=\"auto, (max-width: 1024px) 100vw, 1024px\" \/><figcaption>\u00a9Petite Friture<\/figcaption><\/figure>\n<\/div>\n\n\n\n<div class=\"wp-block-column is-layout-flow wp-block-column-is-layout-flow\">\n<figure class=\"wp-block-image size-large\"><img loading=\"lazy\" decoding=\"async\" width=\"1024\" height=\"1024\" src=\"https:\/\/www.mobilier-design-occasion.fr\/magazine\/wp-content\/uploads\/2022\/08\/VN6-1024x1024.jpg\" alt=\"\" class=\"wp-image-5858\" srcset=\"https:\/\/www.mobilier-design-occasion.fr\/magazine\/wp-content\/uploads\/2022\/08\/VN6-1024x1024.jpg 1024w, https:\/\/www.mobilier-design-occasion.fr\/magazine\/wp-content\/uploads\/2022\/08\/VN6-300x300.jpg 300w, https:\/\/www.mobilier-design-occasion.fr\/magazine\/wp-content\/uploads\/2022\/08\/VN6-150x150.jpg 150w, https:\/\/www.mobilier-design-occasion.fr\/magazine\/wp-content\/uploads\/2022\/08\/VN6-768x768.jpg 768w, https:\/\/www.mobilier-design-occasion.fr\/magazine\/wp-content\/uploads\/2022\/08\/VN6-810x810.jpg 810w, https:\/\/www.mobilier-design-occasion.fr\/magazine\/wp-content\/uploads\/2022\/08\/VN6-1140x1140.jpg 1140w, https:\/\/www.mobilier-design-occasion.fr\/magazine\/wp-content\/uploads\/2022\/08\/VN6.jpg 1260w\" sizes=\"auto, (max-width: 1024px) 100vw, 1024px\" \/><figcaption>\u00a9Petite Friture<\/figcaption><\/figure>\n<\/div>\n<\/div>\n\n\n\n<h3 class=\"wp-block-heading\"><span class=\"ez-toc-section\" id=\"Dimension\"><\/span><strong>Dimension<\/strong><span class=\"ez-toc-section-end\"><\/span><\/h3>\n\n\n\n<ul class=\"wp-block-list\"><li>Petite Suspension Vertigo&nbsp;: \u00d8 140 cm, avec une hauteur de 15cm<\/li><li>Grande Suspension Vertigo&nbsp;: \u00d8 200 cm, avec une hauteur de 17 cm<\/li><li>Petite Suspension Vertigo Nova&nbsp;: \u00d8 110 cm<\/li><li>Moyenne Suspension Vertigo Nova&nbsp;: \u00d8 140 cm<\/li><li>Grande Suspension Vertigo Nova&nbsp;: \u00d8 190 cm<\/li><li>Potence Vertigo Nova&nbsp;: \u00d8 110 cm<\/li><li>Lampadaire Vertigo Nova&nbsp;: \u00d8 110 cm, avec 2 positions \u00e0 1,65 m ou 2 m.<\/li><\/ul>\n\n\n\n<h3 class=\"wp-block-heading\"><span class=\"ez-toc-section\" id=\"Materiaux\"><\/span><strong>Mat\u00e9riaux<\/strong><span class=\"ez-toc-section-end\"><\/span><\/h3>\n\n\n\n<ul class=\"wp-block-list\"><li><a href=\"https:\/\/www.for-interieur.fr\/suspension-vertigo\/\">Suspension Vertigo<\/a>&nbsp;: &nbsp;Fibre de verre, acier, ruban en polyur\u00e9thane pos\u00e9 \u00e0 la main. Douille et plafonnier en plastique.<\/li><li>Suspension Vertigo Nova&nbsp;: Fibre de verre, acier, polyur\u00e9thane, verre Triplex, aluminium<\/li><li>Potence Vertigo Nova&nbsp;: Fibre de verre, acier, polyur\u00e9thane, verre Triplex, aluminium. Le pavillon de mur et tube sont en acier.<\/li><li>Lampadaire Vertigo Nova&nbsp;: Fibre de verre, acier, polyur\u00e9thane, verre Triplex, aluminium. Les pieds sont en acier<\/li><\/ul>\n\n\n\n<div class=\"wp-block-columns is-layout-flex wp-container-core-columns-is-layout-9d6595d7 wp-block-columns-is-layout-flex\">\n<div class=\"wp-block-column is-layout-flow wp-block-column-is-layout-flow\">\n<figure class=\"wp-block-image size-large\"><img loading=\"lazy\" decoding=\"async\" width=\"1024\" height=\"1024\" src=\"https:\/\/www.mobilier-design-occasion.fr\/magazine\/wp-content\/uploads\/2022\/08\/VN9-1024x1024.jpg\" alt=\"\" class=\"wp-image-5859\" srcset=\"https:\/\/www.mobilier-design-occasion.fr\/magazine\/wp-content\/uploads\/2022\/08\/VN9-1024x1024.jpg 1024w, https:\/\/www.mobilier-design-occasion.fr\/magazine\/wp-content\/uploads\/2022\/08\/VN9-300x300.jpg 300w, https:\/\/www.mobilier-design-occasion.fr\/magazine\/wp-content\/uploads\/2022\/08\/VN9-150x150.jpg 150w, https:\/\/www.mobilier-design-occasion.fr\/magazine\/wp-content\/uploads\/2022\/08\/VN9-768x768.jpg 768w, https:\/\/www.mobilier-design-occasion.fr\/magazine\/wp-content\/uploads\/2022\/08\/VN9-810x810.jpg 810w, https:\/\/www.mobilier-design-occasion.fr\/magazine\/wp-content\/uploads\/2022\/08\/VN9-1140x1140.jpg 1140w, https:\/\/www.mobilier-design-occasion.fr\/magazine\/wp-content\/uploads\/2022\/08\/VN9.jpg 1260w\" sizes=\"auto, (max-width: 1024px) 100vw, 1024px\" \/><figcaption>\u00a9Petite Friture<\/figcaption><\/figure>\n<\/div>\n\n\n\n<div class=\"wp-block-column is-layout-flow wp-block-column-is-layout-flow\">\n<figure class=\"wp-block-image size-large\"><img loading=\"lazy\" decoding=\"async\" width=\"1024\" height=\"1024\" src=\"https:\/\/www.mobilier-design-occasion.fr\/magazine\/wp-content\/uploads\/2022\/08\/VN11-1024x1024.jpg\" alt=\"\" class=\"wp-image-5860\" srcset=\"https:\/\/www.mobilier-design-occasion.fr\/magazine\/wp-content\/uploads\/2022\/08\/VN11-1024x1024.jpg 1024w, https:\/\/www.mobilier-design-occasion.fr\/magazine\/wp-content\/uploads\/2022\/08\/VN11-300x300.jpg 300w, https:\/\/www.mobilier-design-occasion.fr\/magazine\/wp-content\/uploads\/2022\/08\/VN11-150x150.jpg 150w, https:\/\/www.mobilier-design-occasion.fr\/magazine\/wp-content\/uploads\/2022\/08\/VN11-768x768.jpg 768w, https:\/\/www.mobilier-design-occasion.fr\/magazine\/wp-content\/uploads\/2022\/08\/VN11-810x810.jpg 810w, https:\/\/www.mobilier-design-occasion.fr\/magazine\/wp-content\/uploads\/2022\/08\/VN11-1140x1140.jpg 1140w, https:\/\/www.mobilier-design-occasion.fr\/magazine\/wp-content\/uploads\/2022\/08\/VN11.jpg 1260w\" sizes=\"auto, (max-width: 1024px) 100vw, 1024px\" \/><figcaption>\u00a9Petite Friture<\/figcaption><\/figure>\n<\/div>\n<\/div>\n\n\n\n<h3 class=\"wp-block-heading\"><span class=\"ez-toc-section\" id=\"Couleur\"><\/span><strong>Couleur<\/strong><span class=\"ez-toc-section-end\"><\/span><\/h3>\n\n\n\n<p>Les versions Vertigo Nova sont disponible en noir ou en blanc. En revanche, la suspension Vertigo de 2010 est disponible en&nbsp;:<\/p>\n\n\n\n<ul class=\"wp-block-list\"><li>Noir<\/li><li>Blanc<\/li><li>Cuivre<\/li><li>Vert<\/li><li>Cobalt<\/li><li>Scarab\u00e9e<\/li><\/ul>\n\n\n\n<h2 class=\"wp-block-heading\"><span class=\"ez-toc-section\" id=\"Notre_selection_des_plus_belles_suspensions_Vertigo\"><\/span><strong>Notre s\u00e9lection des plus belles suspensions Vertigo<\/strong><span class=\"ez-toc-section-end\"><\/span><\/h2>\n\n\n\n<div class=\"wp-block-columns is-layout-flex wp-container-core-columns-is-layout-9d6595d7 wp-block-columns-is-layout-flex\">\n<div class=\"wp-block-column is-layout-flow wp-block-column-is-layout-flow\">\n<figure class=\"wp-block-image size-full\"><a href=\"https:\/\/www.selency.fr\/produit\/8PX3ZVEH\/luminaire-vertigo-par-petite-friture-2mm.html?utm_source=effinity_fr&amp;utm_medium=affiliation&amp;utm_campaign=1395109901&amp;eff_cpt=22605728\"><img loading=\"lazy\" decoding=\"async\" width=\"653\" height=\"654\" src=\"https:\/\/www.mobilier-design-occasion.fr\/magazine\/wp-content\/uploads\/2022\/08\/VNA.jpg\" alt=\"\" class=\"wp-image-5872\" srcset=\"https:\/\/www.mobilier-design-occasion.fr\/magazine\/wp-content\/uploads\/2022\/08\/VNA.jpg 653w, https:\/\/www.mobilier-design-occasion.fr\/magazine\/wp-content\/uploads\/2022\/08\/VNA-300x300.jpg 300w, https:\/\/www.mobilier-design-occasion.fr\/magazine\/wp-content\/uploads\/2022\/08\/VNA-150x150.jpg 150w\" sizes=\"auto, (max-width: 653px) 100vw, 653px\" \/><\/a><\/figure>\n<\/div>\n\n\n\n<div class=\"wp-block-column is-layout-flow wp-block-column-is-layout-flow\">\n<figure class=\"wp-block-image size-full\"><a href=\"https:\/\/www.selency.fr\/produit\/D3A25BJC\/suspension-vertigo-petite-friture.html?utm_source=effinity_fr&amp;utm_medium=affiliation&amp;utm_campaign=1395109901&amp;eff_cpt=22605728\"><img loading=\"lazy\" decoding=\"async\" width=\"648\" height=\"650\" src=\"https:\/\/www.mobilier-design-occasion.fr\/magazine\/wp-content\/uploads\/2022\/08\/VNB.jpg\" alt=\"\" class=\"wp-image-5873\" srcset=\"https:\/\/www.mobilier-design-occasion.fr\/magazine\/wp-content\/uploads\/2022\/08\/VNB.jpg 648w, https:\/\/www.mobilier-design-occasion.fr\/magazine\/wp-content\/uploads\/2022\/08\/VNB-300x300.jpg 300w, https:\/\/www.mobilier-design-occasion.fr\/magazine\/wp-content\/uploads\/2022\/08\/VNB-150x150.jpg 150w\" sizes=\"auto, (max-width: 648px) 100vw, 648px\" \/><\/a><\/figure>\n<\/div>\n<\/div>\n\n\n\n<div class=\"wp-block-columns is-layout-flex wp-container-core-columns-is-layout-9d6595d7 wp-block-columns-is-layout-flex\">\n<div class=\"wp-block-column is-layout-flow wp-block-column-is-layout-flow\">\n<figure class=\"wp-block-image size-full\"><a href=\"https:\/\/www.selency.fr\/produit\/E91B7VWQ\/suspension-vertigo-par-petite-friture-bleu-pastel.html?utm_source=effinity_fr&amp;utm_medium=affiliation&amp;utm_campaign=1395109901&amp;eff_cpt=22605728\"><img loading=\"lazy\" decoding=\"async\" width=\"651\" height=\"651\" src=\"https:\/\/www.mobilier-design-occasion.fr\/magazine\/wp-content\/uploads\/2022\/08\/VNC.jpg\" alt=\"\" class=\"wp-image-5874\" srcset=\"https:\/\/www.mobilier-design-occasion.fr\/magazine\/wp-content\/uploads\/2022\/08\/VNC.jpg 651w, https:\/\/www.mobilier-design-occasion.fr\/magazine\/wp-content\/uploads\/2022\/08\/VNC-300x300.jpg 300w, https:\/\/www.mobilier-design-occasion.fr\/magazine\/wp-content\/uploads\/2022\/08\/VNC-150x150.jpg 150w\" sizes=\"auto, (max-width: 651px) 100vw, 651px\" \/><\/a><\/figure>\n<\/div>\n\n\n\n<div class=\"wp-block-column is-layout-flow wp-block-column-is-layout-flow\">\n<figure class=\"wp-block-image size-full\"><a href=\"https:\/\/www.selency.fr\/produit\/BHJFYFAP\/vertigo-nova-petite-friture.html?utm_source=effinity_fr&amp;utm_medium=affiliation&amp;utm_campaign=1395109901&amp;eff_cpt=22605728\"><img loading=\"lazy\" decoding=\"async\" width=\"652\" height=\"650\" src=\"https:\/\/www.mobilier-design-occasion.fr\/magazine\/wp-content\/uploads\/2022\/08\/VND.jpg\" alt=\"\" class=\"wp-image-5875\" srcset=\"https:\/\/www.mobilier-design-occasion.fr\/magazine\/wp-content\/uploads\/2022\/08\/VND.jpg 652w, https:\/\/www.mobilier-design-occasion.fr\/magazine\/wp-content\/uploads\/2022\/08\/VND-300x300.jpg 300w, https:\/\/www.mobilier-design-occasion.fr\/magazine\/wp-content\/uploads\/2022\/08\/VND-150x150.jpg 150w\" sizes=\"auto, (max-width: 652px) 100vw, 652px\" \/><\/a><\/figure>\n<\/div>\n<\/div>\n\n\n\n<h2 class=\"wp-block-heading\"><span class=\"ez-toc-section\" id=\"Comment_integrer_une_suspension_Vertigo_dans_sa_decoration\"><\/span><strong>Comment int\u00e9grer une suspension Vertigo dans sa d\u00e9coration&nbsp;?<\/strong><span class=\"ez-toc-section-end\"><\/span><\/h2>\n\n\n\n<p>Une suspension Vertigo est une pi\u00e8ce de d\u00e9coration tr\u00e8s \u00e9l\u00e9gante. En plus d\u2019\u00eatre une lampe au style unique et luxueuse, la suspension Vertigo est \u00e9galement une icone du design. Elle s\u2019int\u00e8gre parfaitement \u00e0 tous les styles de d\u00e9corations. Elle apporte une touche de modernit\u00e9 \u00e0 un int\u00e9rieur vintage ou rustique. La suspension Vertigo est \u00e9galement une d\u00e9coration graphique qui souligne la modernit\u00e9 de la pi\u00e8ce. Gr\u00e2ce \u00e0 ses diff\u00e9rentes versions, la lampe Vertigo peut \u00eatre suspendu au plafond ou plac\u00e9e directement au sol.<\/p>\n\n\n\n<div class=\"wp-block-columns is-layout-flex wp-container-core-columns-is-layout-9d6595d7 wp-block-columns-is-layout-flex\">\n<div class=\"wp-block-column is-layout-flow wp-block-column-is-layout-flow\">\n<figure class=\"wp-block-image size-large\"><img loading=\"lazy\" decoding=\"async\" width=\"1024\" height=\"1024\" src=\"https:\/\/www.mobilier-design-occasion.fr\/magazine\/wp-content\/uploads\/2022\/08\/VN10-1024x1024.jpg\" alt=\"\" class=\"wp-image-5861\" srcset=\"https:\/\/www.mobilier-design-occasion.fr\/magazine\/wp-content\/uploads\/2022\/08\/VN10-1024x1024.jpg 1024w, https:\/\/www.mobilier-design-occasion.fr\/magazine\/wp-content\/uploads\/2022\/08\/VN10-300x300.jpg 300w, https:\/\/www.mobilier-design-occasion.fr\/magazine\/wp-content\/uploads\/2022\/08\/VN10-150x150.jpg 150w, https:\/\/www.mobilier-design-occasion.fr\/magazine\/wp-content\/uploads\/2022\/08\/VN10-768x768.jpg 768w, https:\/\/www.mobilier-design-occasion.fr\/magazine\/wp-content\/uploads\/2022\/08\/VN10-810x810.jpg 810w, https:\/\/www.mobilier-design-occasion.fr\/magazine\/wp-content\/uploads\/2022\/08\/VN10-1140x1140.jpg 1140w, https:\/\/www.mobilier-design-occasion.fr\/magazine\/wp-content\/uploads\/2022\/08\/VN10.jpg 1260w\" sizes=\"auto, (max-width: 1024px) 100vw, 1024px\" \/><figcaption>\u00a9Petite Friture<\/figcaption><\/figure>\n<\/div>\n\n\n\n<div class=\"wp-block-column is-layout-flow wp-block-column-is-layout-flow\">\n<figure class=\"wp-block-image size-large\"><img loading=\"lazy\" decoding=\"async\" width=\"1024\" height=\"1024\" src=\"https:\/\/www.mobilier-design-occasion.fr\/magazine\/wp-content\/uploads\/2022\/08\/VN5-1024x1024.jpg\" alt=\"\" class=\"wp-image-5862\" srcset=\"https:\/\/www.mobilier-design-occasion.fr\/magazine\/wp-content\/uploads\/2022\/08\/VN5-1024x1024.jpg 1024w, https:\/\/www.mobilier-design-occasion.fr\/magazine\/wp-content\/uploads\/2022\/08\/VN5-300x300.jpg 300w, https:\/\/www.mobilier-design-occasion.fr\/magazine\/wp-content\/uploads\/2022\/08\/VN5-150x150.jpg 150w, https:\/\/www.mobilier-design-occasion.fr\/magazine\/wp-content\/uploads\/2022\/08\/VN5-768x768.jpg 768w, https:\/\/www.mobilier-design-occasion.fr\/magazine\/wp-content\/uploads\/2022\/08\/VN5-810x810.jpg 810w, https:\/\/www.mobilier-design-occasion.fr\/magazine\/wp-content\/uploads\/2022\/08\/VN5-1140x1140.jpg 1140w, https:\/\/www.mobilier-design-occasion.fr\/magazine\/wp-content\/uploads\/2022\/08\/VN5.jpg 1260w\" sizes=\"auto, (max-width: 1024px) 100vw, 1024px\" \/><figcaption>\u00a9Petite Friture<\/figcaption><\/figure>\n<\/div>\n<\/div>\n\n\n\n<h2 class=\"wp-block-heading\"><span class=\"ez-toc-section\" id=\"Pourquoi_acheter_une_suspension_Vertigo_doccasion\"><\/span><strong>Pourquoi acheter une suspension Vertigo d\u2019occasion&nbsp;?<\/strong><span class=\"ez-toc-section-end\"><\/span><\/h2>\n\n\n\n<p>Le premier facteur qui influence les clients \u00e0 acheter une suspension Vertigo d\u2019occasion est son prix. Etant une pi\u00e8ce de designer, une lampe Vertigo neuve n\u00e9cessite un petit investissement. C\u2019est pour cela que plusieurs personnes souhaitant s\u2019en procurer se tournent vers la <a href=\"https:\/\/www.mobilier-design-occasion.fr\/magazine\/reussir-a-vendre-son-mobilier\/\">seconde main<\/a>.<\/p>\n\n\n\n<div class=\"wp-block-columns is-layout-flex wp-container-core-columns-is-layout-9d6595d7 wp-block-columns-is-layout-flex\">\n<div class=\"wp-block-column is-layout-flow wp-block-column-is-layout-flow\">\n<figure class=\"wp-block-image size-large\"><img loading=\"lazy\" decoding=\"async\" width=\"1024\" height=\"1024\" src=\"https:\/\/www.mobilier-design-occasion.fr\/magazine\/wp-content\/uploads\/2022\/08\/VN1-1024x1024.jpg\" alt=\"\" class=\"wp-image-5865\" srcset=\"https:\/\/www.mobilier-design-occasion.fr\/magazine\/wp-content\/uploads\/2022\/08\/VN1-1024x1024.jpg 1024w, https:\/\/www.mobilier-design-occasion.fr\/magazine\/wp-content\/uploads\/2022\/08\/VN1-300x300.jpg 300w, https:\/\/www.mobilier-design-occasion.fr\/magazine\/wp-content\/uploads\/2022\/08\/VN1-150x150.jpg 150w, https:\/\/www.mobilier-design-occasion.fr\/magazine\/wp-content\/uploads\/2022\/08\/VN1-768x768.jpg 768w, https:\/\/www.mobilier-design-occasion.fr\/magazine\/wp-content\/uploads\/2022\/08\/VN1-810x810.jpg 810w, https:\/\/www.mobilier-design-occasion.fr\/magazine\/wp-content\/uploads\/2022\/08\/VN1-1140x1140.jpg 1140w, https:\/\/www.mobilier-design-occasion.fr\/magazine\/wp-content\/uploads\/2022\/08\/VN1.jpg 1260w\" sizes=\"auto, (max-width: 1024px) 100vw, 1024px\" \/><figcaption>\u00a9Petite Friture<\/figcaption><\/figure>\n<\/div>\n\n\n\n<div class=\"wp-block-column is-layout-flow wp-block-column-is-layout-flow\">\n<figure class=\"wp-block-image size-large\"><img loading=\"lazy\" decoding=\"async\" width=\"1024\" height=\"1024\" src=\"https:\/\/www.mobilier-design-occasion.fr\/magazine\/wp-content\/uploads\/2022\/08\/VN14-1024x1024.jpg\" alt=\"\" class=\"wp-image-5867\" srcset=\"https:\/\/www.mobilier-design-occasion.fr\/magazine\/wp-content\/uploads\/2022\/08\/VN14-1024x1024.jpg 1024w, https:\/\/www.mobilier-design-occasion.fr\/magazine\/wp-content\/uploads\/2022\/08\/VN14-300x300.jpg 300w, https:\/\/www.mobilier-design-occasion.fr\/magazine\/wp-content\/uploads\/2022\/08\/VN14-150x150.jpg 150w, https:\/\/www.mobilier-design-occasion.fr\/magazine\/wp-content\/uploads\/2022\/08\/VN14-768x768.jpg 768w, https:\/\/www.mobilier-design-occasion.fr\/magazine\/wp-content\/uploads\/2022\/08\/VN14-810x810.jpg 810w, https:\/\/www.mobilier-design-occasion.fr\/magazine\/wp-content\/uploads\/2022\/08\/VN14-1140x1140.jpg 1140w, https:\/\/www.mobilier-design-occasion.fr\/magazine\/wp-content\/uploads\/2022\/08\/VN14.jpg 1260w\" sizes=\"auto, (max-width: 1024px) 100vw, 1024px\" \/><figcaption>\u00a9Petite Friture<\/figcaption><\/figure>\n<\/div>\n<\/div>\n\n\n\n<h2 class=\"wp-block-heading\"><span class=\"ez-toc-section\" id=\"Ou_acheter_une_suspension_Vertigo_doccasion\"><\/span><strong>O\u00f9 acheter une suspension Vertigo d\u2019occasion&nbsp;?<\/strong><span class=\"ez-toc-section-end\"><\/span><\/h2>\n\n\n\n<p>Si vous faites partie de ceux qui souhaitent acheter une suspension Vertigo d\u2019occasion, vous avez plusieurs options pour en trouver. Vous pouvez passer faire un tour dans les vide-greniers du coin ou aller voir directement dans des brocantes. De nos jours, avec l\u2019avanc\u00e9e de la technologie, de nombreux sites internet sont sp\u00e9cialis\u00e9s dans la vente d\u2019articles d\u2019occasions. Passez un peu de temps sur internet pour voir ce qu\u2019ils proposent. Parmi eux, il y a&nbsp;:<\/p>\n\n\n\n<ul class=\"wp-block-list\"><li><a href=\"https:\/\/www.mobilier-design-occasion.fr\/\">Mobilier Design Occasion<\/a><\/li><li><a href=\"https:\/\/track.effiliation.com\/servlet\/effi.redir?id_compteur=22784688&amp;url=https%3A%2F%2Fwww.selency.fr%2F\">Selency<\/a><\/li><li><a href=\"https:\/\/track.effiliation.com\/servlet\/effi.redir?id_compteur=22733111&amp;url=https%3A%2F%2Fwww.design-market.eu%2Ffr%2F\">Design Market<\/a><\/li><\/ul>\n\n\n\n<figure class=\"wp-block-embed is-type-rich is-provider-twitter wp-block-embed-twitter\"><div class=\"wp-block-embed__wrapper\">\n<blockquote class=\"twitter-tweet\" data-width=\"550\" data-dnt=\"true\"><p lang=\"fr\" dir=\"ltr\">\ud83d\udca1 Suspension VERTIGO, Cuivre, 1 lumi\u00e8re, Large VERTIGO est une \u00ab\u00a0lampe cabane\u00a0\u00bb selon les termes me?mes de son designer; a? la fois ae?rienne et graphique, elle s\u0092adapte aux grands volumes comme aux&#8230; <a href=\"https:\/\/twitter.com\/hashtag\/Luminaires?src=hash&amp;ref_src=twsrc%5Etfw\">#Luminaires<\/a> LUMILAND \ud83d\udc49 <a href=\"https:\/\/t.co\/Y5rrOa7TkB\">pic.twitter.com\/Y5rrOa7TkB<\/a><\/p>&mdash; Luminaires LUMILAND (@lumiland59) <a href=\"https:\/\/twitter.com\/lumiland59\/status\/1367915325463871494?ref_src=twsrc%5Etfw\">March 5, 2021<\/a><\/blockquote><script async src=\"https:\/\/platform.twitter.com\/widgets.js\" charset=\"utf-8\"><\/script>\n<\/div><\/figure>\n\n\n\n<h2 class=\"wp-block-heading\"><span class=\"ez-toc-section\" id=\"Comment_reconnaitre_une_vraie_suspension_Vertigo\"><\/span><strong>Comment reconna\u00eetre une vraie suspension Vertigo&nbsp;?<\/strong><span class=\"ez-toc-section-end\"><\/span><\/h2>\n\n\n\n<p>La suspension Vertigo est souvent imit\u00e9e, c\u2019est pour cela qu\u2019il faut faire attention lors de son achat. Voici quelques id\u00e9es qui vont vous aider \u00e0 reconna\u00eetre une authentique suspension Vertigo.<\/p>\n\n\n\n<figure class=\"wp-block-image size-large\"><img loading=\"lazy\" decoding=\"async\" width=\"1024\" height=\"1024\" src=\"https:\/\/www.mobilier-design-occasion.fr\/magazine\/wp-content\/uploads\/2022\/08\/VN3-1-1024x1024.jpg\" alt=\"\" class=\"wp-image-5868\" srcset=\"https:\/\/www.mobilier-design-occasion.fr\/magazine\/wp-content\/uploads\/2022\/08\/VN3-1-1024x1024.jpg 1024w, https:\/\/www.mobilier-design-occasion.fr\/magazine\/wp-content\/uploads\/2022\/08\/VN3-1-300x300.jpg 300w, https:\/\/www.mobilier-design-occasion.fr\/magazine\/wp-content\/uploads\/2022\/08\/VN3-1-150x150.jpg 150w, https:\/\/www.mobilier-design-occasion.fr\/magazine\/wp-content\/uploads\/2022\/08\/VN3-1-768x768.jpg 768w, https:\/\/www.mobilier-design-occasion.fr\/magazine\/wp-content\/uploads\/2022\/08\/VN3-1-810x810.jpg 810w, https:\/\/www.mobilier-design-occasion.fr\/magazine\/wp-content\/uploads\/2022\/08\/VN3-1-1140x1140.jpg 1140w, https:\/\/www.mobilier-design-occasion.fr\/magazine\/wp-content\/uploads\/2022\/08\/VN3-1.jpg 1260w\" sizes=\"auto, (max-width: 1024px) 100vw, 1024px\" \/><figcaption>\u00a9Petite Friture<\/figcaption><\/figure>\n\n\n\n<ul class=\"wp-block-list\"><li>La suspension Vertigo est \u00e9dit\u00e9e en <a href=\"https:\/\/www.mobilier-design-occasion.fr\/magazine\/test-avis-sur-ripaton\/\">France<\/a> par Petite Friture.<\/li><li>La suspension Vertigo p\u00e8se 500g<\/li><li>La suspension Vertigo poss\u00e8de une structure en fibre de verre.<\/li><li>La structure de l\u2019abat-jour est m\u00e9tallique. Elle est laqu\u00e9e de la m\u00eame couleur que les rubans.<\/li><li>Les rubans sont en polyur\u00e9thane.<\/li><li>Le c\u00e2ble mesure 3 m et est gain\u00e9 de <a href=\"https:\/\/www.mobilier-design-occasion.fr\/magazine\/test-avis-essix-home\/\">textile<\/a>.<\/li><\/ul>\n","protected":false},"excerpt":{"rendered":"<p>Qu\u2019est-ce qu\u2019une suspension Vertigo&nbsp;? La suspension Vertigo est une lampe cr\u00e9\u00e9e par la designer Constance Guisset en 2010 pour le catalogue de l\u2019\u00e9diteur Petite Friture. Cette suspension au style unique est devenue tr\u00e8s rapidement une icone du design. La suspension Vertigo allie l\u2019\u00e9l\u00e9gance, la l\u00e9g\u00e8ret\u00e9 ainsi que le design et la d\u00e9licatesse.&nbsp; C\u2019est une lampe [&hellip;]<\/p>\n","protected":false},"author":1,"featured_media":5854,"comment_status":"open","ping_status":"open","sticky":false,"template":"","format":"standard","meta":{"footnotes":""},"categories":[2],"tags":[],"class_list":["post-5851","post","type-post","status-publish","format-standard","has-post-thumbnail","hentry","category-tendances"],"yoast_head":"<!-- This site is optimized with the Yoast SEO plugin v27.5 - https:\/\/yoast.com\/product\/yoast-seo-wordpress\/ -->\n<title>Craquez pour l&#039;iconique suspension Vertigo de Constance Guisset, incontournable du design fran\u00e7ais! - Mobilier Design Magazine<\/title>\n<meta name=\"robots\" content=\"index, follow, max-snippet:-1, max-image-preview:large, max-video-preview:-1\" \/>\n<link rel=\"canonical\" href=\"https:\/\/www.mobilier-design-occasion.fr\/magazine\/craquez-pour-liconique-suspension-vertigo-de-constance-guisset-incontournable-du-design-francais\/\" \/>\n<meta property=\"og:locale\" content=\"fr_FR\" \/>\n<meta property=\"og:type\" content=\"article\" \/>\n<meta property=\"og:title\" content=\"Craquez pour l&#039;iconique suspension Vertigo de Constance Guisset, incontournable du design fran\u00e7ais! - Mobilier Design Magazine\" \/>\n<meta property=\"og:description\" content=\"Qu\u2019est-ce qu\u2019une suspension Vertigo&nbsp;? La suspension Vertigo est une lampe cr\u00e9\u00e9e par la designer Constance Guisset en 2010 pour le catalogue de l\u2019\u00e9diteur Petite Friture. Cette suspension au style unique est devenue tr\u00e8s rapidement une icone du design. La suspension Vertigo allie l\u2019\u00e9l\u00e9gance, la l\u00e9g\u00e8ret\u00e9 ainsi que le design et la d\u00e9licatesse.&nbsp; C\u2019est une lampe [&hellip;]\" \/>\n<meta property=\"og:url\" content=\"https:\/\/www.mobilier-design-occasion.fr\/magazine\/craquez-pour-liconique-suspension-vertigo-de-constance-guisset-incontournable-du-design-francais\/\" \/>\n<meta property=\"og:site_name\" content=\"Mobilier Design Magazine\" \/>\n<meta property=\"article:publisher\" content=\"https:\/\/www.facebook.com\/mobilierdesignoccasion\" \/>\n<meta property=\"article:published_time\" content=\"2022-08-25T08:42:50+00:00\" \/>\n<meta property=\"article:modified_time\" content=\"2023-09-25T13:40:09+00:00\" \/>\n<meta property=\"og:image\" content=\"https:\/\/www.mobilier-design-occasion.fr\/magazine\/wp-content\/uploads\/2022\/08\/VN12.jpg\" \/>\n\t<meta property=\"og:image:width\" content=\"1260\" \/>\n\t<meta property=\"og:image:height\" content=\"1260\" \/>\n\t<meta property=\"og:image:type\" content=\"image\/jpeg\" \/>\n<meta name=\"author\" content=\"Cyrielle Poirot\" \/>\n<meta name=\"twitter:card\" content=\"summary_large_image\" \/>\n<meta name=\"twitter:label1\" content=\"\u00c9crit par\" \/>\n\t<meta name=\"twitter:data1\" content=\"Cyrielle Poirot\" \/>\n\t<meta name=\"twitter:label2\" content=\"Dur\u00e9e de lecture estim\u00e9e\" \/>\n\t<meta name=\"twitter:data2\" content=\"3 minutes\" \/>\n<script type=\"application\/ld+json\" class=\"yoast-schema-graph\">{\"@context\":\"https:\\\/\\\/schema.org\",\"@graph\":[{\"@type\":\"Article\",\"@id\":\"https:\\\/\\\/www.mobilier-design-occasion.fr\\\/magazine\\\/craquez-pour-liconique-suspension-vertigo-de-constance-guisset-incontournable-du-design-francais\\\/#article\",\"isPartOf\":{\"@id\":\"https:\\\/\\\/www.mobilier-design-occasion.fr\\\/magazine\\\/craquez-pour-liconique-suspension-vertigo-de-constance-guisset-incontournable-du-design-francais\\\/\"},\"author\":{\"name\":\"Cyrielle Poirot\",\"@id\":\"https:\\\/\\\/www.mobilier-design-occasion.fr\\\/magazine\\\/#\\\/schema\\\/person\\\/5b2e5627a714ddadaaf8c9b886c55eff\"},\"headline\":\"Craquez pour l&#8217;iconique suspension Vertigo de Constance Guisset, incontournable du design fran\u00e7ais!\",\"datePublished\":\"2022-08-25T08:42:50+00:00\",\"dateModified\":\"2023-09-25T13:40:09+00:00\",\"mainEntityOfPage\":{\"@id\":\"https:\\\/\\\/www.mobilier-design-occasion.fr\\\/magazine\\\/craquez-pour-liconique-suspension-vertigo-de-constance-guisset-incontournable-du-design-francais\\\/\"},\"wordCount\":721,\"commentCount\":0,\"publisher\":{\"@id\":\"https:\\\/\\\/www.mobilier-design-occasion.fr\\\/magazine\\\/#organization\"},\"image\":{\"@id\":\"https:\\\/\\\/www.mobilier-design-occasion.fr\\\/magazine\\\/craquez-pour-liconique-suspension-vertigo-de-constance-guisset-incontournable-du-design-francais\\\/#primaryimage\"},\"thumbnailUrl\":\"https:\\\/\\\/www.mobilier-design-occasion.fr\\\/magazine\\\/wp-content\\\/uploads\\\/2022\\\/08\\\/VN12.jpg\",\"articleSection\":[\"Tendances\"],\"inLanguage\":\"fr-FR\",\"potentialAction\":[{\"@type\":\"CommentAction\",\"name\":\"Comment\",\"target\":[\"https:\\\/\\\/www.mobilier-design-occasion.fr\\\/magazine\\\/craquez-pour-liconique-suspension-vertigo-de-constance-guisset-incontournable-du-design-francais\\\/#respond\"]}]},{\"@type\":\"WebPage\",\"@id\":\"https:\\\/\\\/www.mobilier-design-occasion.fr\\\/magazine\\\/craquez-pour-liconique-suspension-vertigo-de-constance-guisset-incontournable-du-design-francais\\\/\",\"url\":\"https:\\\/\\\/www.mobilier-design-occasion.fr\\\/magazine\\\/craquez-pour-liconique-suspension-vertigo-de-constance-guisset-incontournable-du-design-francais\\\/\",\"name\":\"Craquez pour l'iconique suspension Vertigo de Constance Guisset, incontournable du design fran\u00e7ais! - Mobilier Design Magazine\",\"isPartOf\":{\"@id\":\"https:\\\/\\\/www.mobilier-design-occasion.fr\\\/magazine\\\/#website\"},\"primaryImageOfPage\":{\"@id\":\"https:\\\/\\\/www.mobilier-design-occasion.fr\\\/magazine\\\/craquez-pour-liconique-suspension-vertigo-de-constance-guisset-incontournable-du-design-francais\\\/#primaryimage\"},\"image\":{\"@id\":\"https:\\\/\\\/www.mobilier-design-occasion.fr\\\/magazine\\\/craquez-pour-liconique-suspension-vertigo-de-constance-guisset-incontournable-du-design-francais\\\/#primaryimage\"},\"thumbnailUrl\":\"https:\\\/\\\/www.mobilier-design-occasion.fr\\\/magazine\\\/wp-content\\\/uploads\\\/2022\\\/08\\\/VN12.jpg\",\"datePublished\":\"2022-08-25T08:42:50+00:00\",\"dateModified\":\"2023-09-25T13:40:09+00:00\",\"breadcrumb\":{\"@id\":\"https:\\\/\\\/www.mobilier-design-occasion.fr\\\/magazine\\\/craquez-pour-liconique-suspension-vertigo-de-constance-guisset-incontournable-du-design-francais\\\/#breadcrumb\"},\"inLanguage\":\"fr-FR\",\"potentialAction\":[{\"@type\":\"ReadAction\",\"target\":[\"https:\\\/\\\/www.mobilier-design-occasion.fr\\\/magazine\\\/craquez-pour-liconique-suspension-vertigo-de-constance-guisset-incontournable-du-design-francais\\\/\"]}]},{\"@type\":\"ImageObject\",\"inLanguage\":\"fr-FR\",\"@id\":\"https:\\\/\\\/www.mobilier-design-occasion.fr\\\/magazine\\\/craquez-pour-liconique-suspension-vertigo-de-constance-guisset-incontournable-du-design-francais\\\/#primaryimage\",\"url\":\"https:\\\/\\\/www.mobilier-design-occasion.fr\\\/magazine\\\/wp-content\\\/uploads\\\/2022\\\/08\\\/VN12.jpg\",\"contentUrl\":\"https:\\\/\\\/www.mobilier-design-occasion.fr\\\/magazine\\\/wp-content\\\/uploads\\\/2022\\\/08\\\/VN12.jpg\",\"width\":1260,\"height\":1260},{\"@type\":\"BreadcrumbList\",\"@id\":\"https:\\\/\\\/www.mobilier-design-occasion.fr\\\/magazine\\\/craquez-pour-liconique-suspension-vertigo-de-constance-guisset-incontournable-du-design-francais\\\/#breadcrumb\",\"itemListElement\":[{\"@type\":\"ListItem\",\"position\":1,\"name\":\"Accueil\",\"item\":\"https:\\\/\\\/www.mobilier-design-occasion.fr\\\/magazine\\\/\"},{\"@type\":\"ListItem\",\"position\":2,\"name\":\"Craquez pour l&rsquo;iconique suspension Vertigo de Constance Guisset, incontournable du design fran\u00e7ais!\"}]},{\"@type\":\"WebSite\",\"@id\":\"https:\\\/\\\/www.mobilier-design-occasion.fr\\\/magazine\\\/#website\",\"url\":\"https:\\\/\\\/www.mobilier-design-occasion.fr\\\/magazine\\\/\",\"name\":\"Mobilier Design Magazine\",\"description\":\"\",\"publisher\":{\"@id\":\"https:\\\/\\\/www.mobilier-design-occasion.fr\\\/magazine\\\/#organization\"},\"potentialAction\":[{\"@type\":\"SearchAction\",\"target\":{\"@type\":\"EntryPoint\",\"urlTemplate\":\"https:\\\/\\\/www.mobilier-design-occasion.fr\\\/magazine\\\/?s={search_term_string}\"},\"query-input\":{\"@type\":\"PropertyValueSpecification\",\"valueRequired\":true,\"valueName\":\"search_term_string\"}}],\"inLanguage\":\"fr-FR\"},{\"@type\":\"Organization\",\"@id\":\"https:\\\/\\\/www.mobilier-design-occasion.fr\\\/magazine\\\/#organization\",\"name\":\"Mobilier Design Magazine\",\"url\":\"https:\\\/\\\/www.mobilier-design-occasion.fr\\\/magazine\\\/\",\"logo\":{\"@type\":\"ImageObject\",\"inLanguage\":\"fr-FR\",\"@id\":\"https:\\\/\\\/www.mobilier-design-occasion.fr\\\/magazine\\\/#\\\/schema\\\/logo\\\/image\\\/\",\"url\":\"https:\\\/\\\/www.mobilier-design-occasion.fr\\\/magazine\\\/wp-content\\\/uploads\\\/2024\\\/02\\\/android-chrome-192x192-1.png\",\"contentUrl\":\"https:\\\/\\\/www.mobilier-design-occasion.fr\\\/magazine\\\/wp-content\\\/uploads\\\/2024\\\/02\\\/android-chrome-192x192-1.png\",\"width\":192,\"height\":192,\"caption\":\"Mobilier Design Magazine\"},\"image\":{\"@id\":\"https:\\\/\\\/www.mobilier-design-occasion.fr\\\/magazine\\\/#\\\/schema\\\/logo\\\/image\\\/\"},\"sameAs\":[\"https:\\\/\\\/www.facebook.com\\\/mobilierdesignoccasion\"]},{\"@type\":\"Person\",\"@id\":\"https:\\\/\\\/www.mobilier-design-occasion.fr\\\/magazine\\\/#\\\/schema\\\/person\\\/5b2e5627a714ddadaaf8c9b886c55eff\",\"name\":\"Cyrielle Poirot\",\"image\":{\"@type\":\"ImageObject\",\"inLanguage\":\"fr-FR\",\"@id\":\"https:\\\/\\\/secure.gravatar.com\\\/avatar\\\/c8d2674e093b06894d8d1dc468b626bd752523471f3ac6e75f7c7a1400d40b4d?s=96&d=mm&r=g\",\"url\":\"https:\\\/\\\/secure.gravatar.com\\\/avatar\\\/c8d2674e093b06894d8d1dc468b626bd752523471f3ac6e75f7c7a1400d40b4d?s=96&d=mm&r=g\",\"contentUrl\":\"https:\\\/\\\/secure.gravatar.com\\\/avatar\\\/c8d2674e093b06894d8d1dc468b626bd752523471f3ac6e75f7c7a1400d40b4d?s=96&d=mm&r=g\",\"caption\":\"Cyrielle Poirot\"},\"description\":\"Cyrielle est passionn\u00e9e par la d\u00e9coration d'int\u00e9rieur et s'est sp\u00e9cialis\u00e9e depuis quelques ann\u00e9es dans l'\u00e9dition du site Mobilier-Design, avec une touche sp\u00e9cifique pour les produits d'occasion.\",\"sameAs\":[\"https:\\\/\\\/www.mobilier-design-occasion.fr\\\/magazine\"],\"url\":\"https:\\\/\\\/www.mobilier-design-occasion.fr\\\/magazine\\\/author\\\/cyrielle\\\/\"}]}<\/script>\n<!-- \/ Yoast SEO plugin. -->","yoast_head_json":{"title":"Craquez pour l'iconique suspension Vertigo de Constance Guisset, incontournable du design fran\u00e7ais! - Mobilier Design Magazine","robots":{"index":"index","follow":"follow","max-snippet":"max-snippet:-1","max-image-preview":"max-image-preview:large","max-video-preview":"max-video-preview:-1"},"canonical":"https:\/\/www.mobilier-design-occasion.fr\/magazine\/craquez-pour-liconique-suspension-vertigo-de-constance-guisset-incontournable-du-design-francais\/","og_locale":"fr_FR","og_type":"article","og_title":"Craquez pour l'iconique suspension Vertigo de Constance Guisset, incontournable du design fran\u00e7ais! - Mobilier Design Magazine","og_description":"Qu\u2019est-ce qu\u2019une suspension Vertigo&nbsp;? La suspension Vertigo est une lampe cr\u00e9\u00e9e par la designer Constance Guisset en 2010 pour le catalogue de l\u2019\u00e9diteur Petite Friture. Cette suspension au style unique est devenue tr\u00e8s rapidement une icone du design. La suspension Vertigo allie l\u2019\u00e9l\u00e9gance, la l\u00e9g\u00e8ret\u00e9 ainsi que le design et la d\u00e9licatesse.&nbsp; C\u2019est une lampe [&hellip;]","og_url":"https:\/\/www.mobilier-design-occasion.fr\/magazine\/craquez-pour-liconique-suspension-vertigo-de-constance-guisset-incontournable-du-design-francais\/","og_site_name":"Mobilier Design Magazine","article_publisher":"https:\/\/www.facebook.com\/mobilierdesignoccasion","article_published_time":"2022-08-25T08:42:50+00:00","article_modified_time":"2023-09-25T13:40:09+00:00","og_image":[{"width":1260,"height":1260,"url":"https:\/\/www.mobilier-design-occasion.fr\/magazine\/wp-content\/uploads\/2022\/08\/VN12.jpg","type":"image\/jpeg"}],"author":"Cyrielle Poirot","twitter_card":"summary_large_image","twitter_misc":{"\u00c9crit par":"Cyrielle Poirot","Dur\u00e9e de lecture estim\u00e9e":"3 minutes"},"schema":{"@context":"https:\/\/schema.org","@graph":[{"@type":"Article","@id":"https:\/\/www.mobilier-design-occasion.fr\/magazine\/craquez-pour-liconique-suspension-vertigo-de-constance-guisset-incontournable-du-design-francais\/#article","isPartOf":{"@id":"https:\/\/www.mobilier-design-occasion.fr\/magazine\/craquez-pour-liconique-suspension-vertigo-de-constance-guisset-incontournable-du-design-francais\/"},"author":{"name":"Cyrielle Poirot","@id":"https:\/\/www.mobilier-design-occasion.fr\/magazine\/#\/schema\/person\/5b2e5627a714ddadaaf8c9b886c55eff"},"headline":"Craquez pour l&#8217;iconique suspension Vertigo de Constance Guisset, incontournable du design fran\u00e7ais!","datePublished":"2022-08-25T08:42:50+00:00","dateModified":"2023-09-25T13:40:09+00:00","mainEntityOfPage":{"@id":"https:\/\/www.mobilier-design-occasion.fr\/magazine\/craquez-pour-liconique-suspension-vertigo-de-constance-guisset-incontournable-du-design-francais\/"},"wordCount":721,"commentCount":0,"publisher":{"@id":"https:\/\/www.mobilier-design-occasion.fr\/magazine\/#organization"},"image":{"@id":"https:\/\/www.mobilier-design-occasion.fr\/magazine\/craquez-pour-liconique-suspension-vertigo-de-constance-guisset-incontournable-du-design-francais\/#primaryimage"},"thumbnailUrl":"https:\/\/www.mobilier-design-occasion.fr\/magazine\/wp-content\/uploads\/2022\/08\/VN12.jpg","articleSection":["Tendances"],"inLanguage":"fr-FR","potentialAction":[{"@type":"CommentAction","name":"Comment","target":["https:\/\/www.mobilier-design-occasion.fr\/magazine\/craquez-pour-liconique-suspension-vertigo-de-constance-guisset-incontournable-du-design-francais\/#respond"]}]},{"@type":"WebPage","@id":"https:\/\/www.mobilier-design-occasion.fr\/magazine\/craquez-pour-liconique-suspension-vertigo-de-constance-guisset-incontournable-du-design-francais\/","url":"https:\/\/www.mobilier-design-occasion.fr\/magazine\/craquez-pour-liconique-suspension-vertigo-de-constance-guisset-incontournable-du-design-francais\/","name":"Craquez pour l'iconique suspension Vertigo de Constance Guisset, incontournable du design fran\u00e7ais! - Mobilier Design Magazine","isPartOf":{"@id":"https:\/\/www.mobilier-design-occasion.fr\/magazine\/#website"},"primaryImageOfPage":{"@id":"https:\/\/www.mobilier-design-occasion.fr\/magazine\/craquez-pour-liconique-suspension-vertigo-de-constance-guisset-incontournable-du-design-francais\/#primaryimage"},"image":{"@id":"https:\/\/www.mobilier-design-occasion.fr\/magazine\/craquez-pour-liconique-suspension-vertigo-de-constance-guisset-incontournable-du-design-francais\/#primaryimage"},"thumbnailUrl":"https:\/\/www.mobilier-design-occasion.fr\/magazine\/wp-content\/uploads\/2022\/08\/VN12.jpg","datePublished":"2022-08-25T08:42:50+00:00","dateModified":"2023-09-25T13:40:09+00:00","breadcrumb":{"@id":"https:\/\/www.mobilier-design-occasion.fr\/magazine\/craquez-pour-liconique-suspension-vertigo-de-constance-guisset-incontournable-du-design-francais\/#breadcrumb"},"inLanguage":"fr-FR","potentialAction":[{"@type":"ReadAction","target":["https:\/\/www.mobilier-design-occasion.fr\/magazine\/craquez-pour-liconique-suspension-vertigo-de-constance-guisset-incontournable-du-design-francais\/"]}]},{"@type":"ImageObject","inLanguage":"fr-FR","@id":"https:\/\/www.mobilier-design-occasion.fr\/magazine\/craquez-pour-liconique-suspension-vertigo-de-constance-guisset-incontournable-du-design-francais\/#primaryimage","url":"https:\/\/www.mobilier-design-occasion.fr\/magazine\/wp-content\/uploads\/2022\/08\/VN12.jpg","contentUrl":"https:\/\/www.mobilier-design-occasion.fr\/magazine\/wp-content\/uploads\/2022\/08\/VN12.jpg","width":1260,"height":1260},{"@type":"BreadcrumbList","@id":"https:\/\/www.mobilier-design-occasion.fr\/magazine\/craquez-pour-liconique-suspension-vertigo-de-constance-guisset-incontournable-du-design-francais\/#breadcrumb","itemListElement":[{"@type":"ListItem","position":1,"name":"Accueil","item":"https:\/\/www.mobilier-design-occasion.fr\/magazine\/"},{"@type":"ListItem","position":2,"name":"Craquez pour l&rsquo;iconique suspension Vertigo de Constance Guisset, incontournable du design fran\u00e7ais!"}]},{"@type":"WebSite","@id":"https:\/\/www.mobilier-design-occasion.fr\/magazine\/#website","url":"https:\/\/www.mobilier-design-occasion.fr\/magazine\/","name":"Mobilier Design Magazine","description":"","publisher":{"@id":"https:\/\/www.mobilier-design-occasion.fr\/magazine\/#organization"},"potentialAction":[{"@type":"SearchAction","target":{"@type":"EntryPoint","urlTemplate":"https:\/\/www.mobilier-design-occasion.fr\/magazine\/?s={search_term_string}"},"query-input":{"@type":"PropertyValueSpecification","valueRequired":true,"valueName":"search_term_string"}}],"inLanguage":"fr-FR"},{"@type":"Organization","@id":"https:\/\/www.mobilier-design-occasion.fr\/magazine\/#organization","name":"Mobilier Design Magazine","url":"https:\/\/www.mobilier-design-occasion.fr\/magazine\/","logo":{"@type":"ImageObject","inLanguage":"fr-FR","@id":"https:\/\/www.mobilier-design-occasion.fr\/magazine\/#\/schema\/logo\/image\/","url":"https:\/\/www.mobilier-design-occasion.fr\/magazine\/wp-content\/uploads\/2024\/02\/android-chrome-192x192-1.png","contentUrl":"https:\/\/www.mobilier-design-occasion.fr\/magazine\/wp-content\/uploads\/2024\/02\/android-chrome-192x192-1.png","width":192,"height":192,"caption":"Mobilier Design Magazine"},"image":{"@id":"https:\/\/www.mobilier-design-occasion.fr\/magazine\/#\/schema\/logo\/image\/"},"sameAs":["https:\/\/www.facebook.com\/mobilierdesignoccasion"]},{"@type":"Person","@id":"https:\/\/www.mobilier-design-occasion.fr\/magazine\/#\/schema\/person\/5b2e5627a714ddadaaf8c9b886c55eff","name":"Cyrielle Poirot","image":{"@type":"ImageObject","inLanguage":"fr-FR","@id":"https:\/\/secure.gravatar.com\/avatar\/c8d2674e093b06894d8d1dc468b626bd752523471f3ac6e75f7c7a1400d40b4d?s=96&d=mm&r=g","url":"https:\/\/secure.gravatar.com\/avatar\/c8d2674e093b06894d8d1dc468b626bd752523471f3ac6e75f7c7a1400d40b4d?s=96&d=mm&r=g","contentUrl":"https:\/\/secure.gravatar.com\/avatar\/c8d2674e093b06894d8d1dc468b626bd752523471f3ac6e75f7c7a1400d40b4d?s=96&d=mm&r=g","caption":"Cyrielle Poirot"},"description":"Cyrielle est passionn\u00e9e par la d\u00e9coration d'int\u00e9rieur et s'est sp\u00e9cialis\u00e9e depuis quelques ann\u00e9es dans l'\u00e9dition du site Mobilier-Design, avec une touche sp\u00e9cifique pour les produits d'occasion.","sameAs":["https:\/\/www.mobilier-design-occasion.fr\/magazine"],"url":"https:\/\/www.mobilier-design-occasion.fr\/magazine\/author\/cyrielle\/"}]}},"_links":{"self":[{"href":"https:\/\/www.mobilier-design-occasion.fr\/magazine\/wp-json\/wp\/v2\/posts\/5851","targetHints":{"allow":["GET"]}}],"collection":[{"href":"https:\/\/www.mobilier-design-occasion.fr\/magazine\/wp-json\/wp\/v2\/posts"}],"about":[{"href":"https:\/\/www.mobilier-design-occasion.fr\/magazine\/wp-json\/wp\/v2\/types\/post"}],"author":[{"embeddable":true,"href":"https:\/\/www.mobilier-design-occasion.fr\/magazine\/wp-json\/wp\/v2\/users\/1"}],"replies":[{"embeddable":true,"href":"https:\/\/www.mobilier-design-occasion.fr\/magazine\/wp-json\/wp\/v2\/comments?post=5851"}],"version-history":[{"count":5,"href":"https:\/\/www.mobilier-design-occasion.fr\/magazine\/wp-json\/wp\/v2\/posts\/5851\/revisions"}],"predecessor-version":[{"id":5886,"href":"https:\/\/www.mobilier-design-occasion.fr\/magazine\/wp-json\/wp\/v2\/posts\/5851\/revisions\/5886"}],"wp:featuredmedia":[{"embeddable":true,"href":"https:\/\/www.mobilier-design-occasion.fr\/magazine\/wp-json\/wp\/v2\/media\/5854"}],"wp:attachment":[{"href":"https:\/\/www.mobilier-design-occasion.fr\/magazine\/wp-json\/wp\/v2\/media?parent=5851"}],"wp:term":[{"taxonomy":"category","embeddable":true,"href":"https:\/\/www.mobilier-design-occasion.fr\/magazine\/wp-json\/wp\/v2\/categories?post=5851"},{"taxonomy":"post_tag","embeddable":true,"href":"https:\/\/www.mobilier-design-occasion.fr\/magazine\/wp-json\/wp\/v2\/tags?post=5851"}],"curies":[{"name":"wp","href":"https:\/\/api.w.org\/{rel}","templated":true}]}}