{"id":5682,"date":"2023-08-01T07:40:01","date_gmt":"2023-08-01T07:40:01","guid":{"rendered":"https:\/\/www.mobilier-design-occasion.fr\/magazine\/?p=5682"},"modified":"2023-08-31T14:16:28","modified_gmt":"2023-08-31T14:16:28","slug":"quel-couchage-pour-son-bebe","status":"publish","type":"post","link":"https:\/\/www.mobilier-design-occasion.fr\/magazine\/quel-couchage-pour-son-bebe\/","title":{"rendered":"Quel couchage pour son b\u00e9b\u00e9\u2009?"},"content":{"rendered":"\n<p>Pour de nombreux parents, le choix du couchage id\u00e9al pour b\u00e9b\u00e9 est un choix corn\u00e9lien. En raison des nombreux types de lits disponibles sur le march\u00e9, il n\u2019est pas \u00e9vident de choisir celui qui convient le mieux. Cet article propose quelques r\u00e9ponses pour un choix moins difficile.<\/p>\n\n\n\n<div class=\"wp-block-buttons is-layout-flex wp-block-buttons-is-layout-flex\">\n<div class=\"wp-block-button\"><a class=\"wp-block-button__link wp-element-button\" href=\"https:\/\/www.lelitcabane.fr\/collections\/ciel-de-lit-1\">Voir les ciels de lit pour la chambre de b\u00e9b\u00e9<\/a><\/div>\n<\/div>\n\n\n\n<h2 class=\"wp-block-heading\">Le lit \u00e0 barreaux&nbsp;: la solution pour b\u00e9b\u00e9 par excellence<\/h2>\n\n\n\n<p>Comme son nom l\u2019indique, c\u2019est un couchage muni de barreaux montants. Il est particuli\u00e8rement recommand\u00e9 pour b\u00e9b\u00e9 en raison de son aspect pratique et des garanties s\u00e9curitaires qu\u2019il propose.<\/p>\n\n\n\n<p>En effet, les barreaux&nbsp;<strong>prot\u00e8gent le b\u00e9b\u00e9 de la chute<\/strong>. Il est m\u00eame possible d\u2019ajuster leurs hauteurs selon le comportement de l\u2019enfant. De m\u00eame, ce lit dispose g\u00e9n\u00e9ralement de roulettes qui permettent de d\u00e9placer la couchette.<\/p>\n\n\n\n<p>Mais en dehors de ces \u00e9l\u00e9ments, le principal int\u00e9r\u00eat du lit \u00e0 barreaux r\u00e9side dans ses d\u00e9clinaisons. Aujourd\u2019hui, il existe de nombreux mod\u00e8les et styles de lits \u00e0 barreaux. Il est possible d\u2019opter pour des&nbsp;<strong>lits \u00e0 barreaux \u00e9volutifs<\/strong>&nbsp;qui offrent des possibilit\u00e9s de personnalisation en fonction du d\u00e9veloppement de l\u2019enfant. Pour cela, il suffit d\u2019allonger les sommiers ou d\u2019enlever les barri\u00e8res.<\/p>\n\n\n\n<p>Il est aussi possible d\u2019opter pour des lits au style contemporain ou industriel. Toutefois, il est pr\u00e9f\u00e9rable de choisir des lits faits avec des mat\u00e9riaux viables. \u00c0 ce titre,\u00a0d\u00e9couvrez le lit b\u00e9b\u00e9 vintage Chambrekids\u00a0par exemple, une petite merveille de couchage. Chambrekids propose des lits b\u00e9b\u00e9 fabriqu\u00e9s dans leur usine en France \u00e0 partir de bois \u00e9cologiques et durables.\u00a0<\/p>\n\n\n\n<figure class=\"wp-block-image size-full\"><img loading=\"lazy\" decoding=\"async\" width=\"848\" height=\"565\" src=\"https:\/\/www.mobilier-design-occasion.fr\/magazine\/wp-content\/uploads\/2022\/08\/a0a00c9451591b9cd75ae3dae0e0d1d3.jpg\" alt=\"\" class=\"wp-image-5683\" srcset=\"https:\/\/www.mobilier-design-occasion.fr\/magazine\/wp-content\/uploads\/2022\/08\/a0a00c9451591b9cd75ae3dae0e0d1d3.jpg 848w, https:\/\/www.mobilier-design-occasion.fr\/magazine\/wp-content\/uploads\/2022\/08\/a0a00c9451591b9cd75ae3dae0e0d1d3-300x200.jpg 300w, https:\/\/www.mobilier-design-occasion.fr\/magazine\/wp-content\/uploads\/2022\/08\/a0a00c9451591b9cd75ae3dae0e0d1d3-768x512.jpg 768w, https:\/\/www.mobilier-design-occasion.fr\/magazine\/wp-content\/uploads\/2022\/08\/a0a00c9451591b9cd75ae3dae0e0d1d3-810x540.jpg 810w\" sizes=\"auto, (max-width: 848px) 100vw, 848px\" \/><\/figure>\n\n\n\n<h2 class=\"wp-block-heading\">Le lit d\u2019appoint<\/h2>\n\n\n\n<p>\u00c0 d\u00e9faut du lit \u00e0 barreau, il est possible d\u2019opter pour&nbsp;:<\/p>\n\n\n\n<ul class=\"wp-block-list\">\n<li>le berceau\u2009;<\/li>\n\n\n\n<li>le couffin\u2009;<\/li>\n\n\n\n<li>le cododo\u2009;<\/li>\n\n\n\n<li>ou des lits d\u2019appoint (la nacelle ou le lit parapluie).<\/li>\n<\/ul>\n\n\n\n<p>La nacelle se fixe sur le ch\u00e2ssis de la poussette tandis que le lit parapluie se plie ou se d\u00e9plie ais\u00e9ment. Mais bien que ces solutions soient int\u00e9ressantes, elles ne sont adapt\u00e9es qu\u2019au premier mois de vie du b\u00e9b\u00e9. D\u00e8s qu\u2019il commencera \u00e0 se lever, il faudra trouver une autre solution. Dans ce cas, il faudra opter soit pour le lit \u00e0 barreau pr\u00e9c\u00e9demment \u00e9voqu\u00e9 ou pour&nbsp;<strong>un lit junior<\/strong>.<\/p>\n","protected":false},"excerpt":{"rendered":"<p>Pour de nombreux parents, le choix du couchage id\u00e9al pour b\u00e9b\u00e9 est un choix corn\u00e9lien. En raison des nombreux types de lits disponibles sur le march\u00e9, il n\u2019est pas \u00e9vident de choisir celui qui convient le mieux. Cet article propose quelques r\u00e9ponses pour un choix moins difficile. Le lit \u00e0 barreaux&nbsp;: la solution pour b\u00e9b\u00e9 [&hellip;]<\/p>\n","protected":false},"author":1,"featured_media":5684,"comment_status":"open","ping_status":"open","sticky":false,"template":"","format":"standard","meta":{"footnotes":""},"categories":[2],"tags":[],"class_list":["post-5682","post","type-post","status-publish","format-standard","has-post-thumbnail","hentry","category-tendances"],"yoast_head":"<!-- This site is optimized with the Yoast SEO plugin v27.5 - https:\/\/yoast.com\/product\/yoast-seo-wordpress\/ -->\n<title>Quel couchage pour son b\u00e9b\u00e9\u2009? - Mobilier Design Magazine<\/title>\n<meta name=\"robots\" content=\"index, follow, max-snippet:-1, max-image-preview:large, max-video-preview:-1\" \/>\n<link rel=\"canonical\" href=\"https:\/\/www.mobilier-design-occasion.fr\/magazine\/quel-couchage-pour-son-bebe\/\" \/>\n<meta property=\"og:locale\" content=\"fr_FR\" \/>\n<meta property=\"og:type\" content=\"article\" \/>\n<meta property=\"og:title\" content=\"Quel couchage pour son b\u00e9b\u00e9\u2009? - Mobilier Design Magazine\" \/>\n<meta property=\"og:description\" content=\"Pour de nombreux parents, le choix du couchage id\u00e9al pour b\u00e9b\u00e9 est un choix corn\u00e9lien. En raison des nombreux types de lits disponibles sur le march\u00e9, il n\u2019est pas \u00e9vident de choisir celui qui convient le mieux. Cet article propose quelques r\u00e9ponses pour un choix moins difficile. Le lit \u00e0 barreaux&nbsp;: la solution pour b\u00e9b\u00e9 [&hellip;]\" \/>\n<meta property=\"og:url\" content=\"https:\/\/www.mobilier-design-occasion.fr\/magazine\/quel-couchage-pour-son-bebe\/\" \/>\n<meta property=\"og:site_name\" content=\"Mobilier Design Magazine\" \/>\n<meta property=\"article:publisher\" content=\"https:\/\/www.facebook.com\/mobilierdesignoccasion\" \/>\n<meta property=\"article:published_time\" content=\"2023-08-01T07:40:01+00:00\" \/>\n<meta property=\"article:modified_time\" content=\"2023-08-31T14:16:28+00:00\" \/>\n<meta property=\"og:image\" content=\"https:\/\/www.mobilier-design-occasion.fr\/magazine\/wp-content\/uploads\/2022\/08\/9ce1de5691d00db4bb47858e45863a53.jpg\" \/>\n\t<meta property=\"og:image:width\" content=\"848\" \/>\n\t<meta property=\"og:image:height\" content=\"565\" \/>\n\t<meta property=\"og:image:type\" content=\"image\/jpeg\" \/>\n<meta name=\"author\" content=\"Cyrielle Poirot\" \/>\n<meta name=\"twitter:card\" content=\"summary_large_image\" \/>\n<meta name=\"twitter:label1\" content=\"\u00c9crit par\" \/>\n\t<meta name=\"twitter:data1\" content=\"Cyrielle Poirot\" \/>\n\t<meta name=\"twitter:label2\" content=\"Dur\u00e9e de lecture estim\u00e9e\" \/>\n\t<meta name=\"twitter:data2\" content=\"2 minutes\" \/>\n<script type=\"application\/ld+json\" class=\"yoast-schema-graph\">{\"@context\":\"https:\\\/\\\/schema.org\",\"@graph\":[{\"@type\":\"Article\",\"@id\":\"https:\\\/\\\/www.mobilier-design-occasion.fr\\\/magazine\\\/quel-couchage-pour-son-bebe\\\/#article\",\"isPartOf\":{\"@id\":\"https:\\\/\\\/www.mobilier-design-occasion.fr\\\/magazine\\\/quel-couchage-pour-son-bebe\\\/\"},\"author\":{\"name\":\"Cyrielle Poirot\",\"@id\":\"https:\\\/\\\/www.mobilier-design-occasion.fr\\\/magazine\\\/#\\\/schema\\\/person\\\/5b2e5627a714ddadaaf8c9b886c55eff\"},\"headline\":\"Quel couchage pour son b\u00e9b\u00e9\u2009?\",\"datePublished\":\"2023-08-01T07:40:01+00:00\",\"dateModified\":\"2023-08-31T14:16:28+00:00\",\"mainEntityOfPage\":{\"@id\":\"https:\\\/\\\/www.mobilier-design-occasion.fr\\\/magazine\\\/quel-couchage-pour-son-bebe\\\/\"},\"wordCount\":415,\"commentCount\":0,\"publisher\":{\"@id\":\"https:\\\/\\\/www.mobilier-design-occasion.fr\\\/magazine\\\/#organization\"},\"image\":{\"@id\":\"https:\\\/\\\/www.mobilier-design-occasion.fr\\\/magazine\\\/quel-couchage-pour-son-bebe\\\/#primaryimage\"},\"thumbnailUrl\":\"https:\\\/\\\/www.mobilier-design-occasion.fr\\\/magazine\\\/wp-content\\\/uploads\\\/2022\\\/08\\\/9ce1de5691d00db4bb47858e45863a53.jpg\",\"articleSection\":[\"Tendances\"],\"inLanguage\":\"fr-FR\",\"potentialAction\":[{\"@type\":\"CommentAction\",\"name\":\"Comment\",\"target\":[\"https:\\\/\\\/www.mobilier-design-occasion.fr\\\/magazine\\\/quel-couchage-pour-son-bebe\\\/#respond\"]}]},{\"@type\":\"WebPage\",\"@id\":\"https:\\\/\\\/www.mobilier-design-occasion.fr\\\/magazine\\\/quel-couchage-pour-son-bebe\\\/\",\"url\":\"https:\\\/\\\/www.mobilier-design-occasion.fr\\\/magazine\\\/quel-couchage-pour-son-bebe\\\/\",\"name\":\"Quel couchage pour son b\u00e9b\u00e9\u2009? - Mobilier Design Magazine\",\"isPartOf\":{\"@id\":\"https:\\\/\\\/www.mobilier-design-occasion.fr\\\/magazine\\\/#website\"},\"primaryImageOfPage\":{\"@id\":\"https:\\\/\\\/www.mobilier-design-occasion.fr\\\/magazine\\\/quel-couchage-pour-son-bebe\\\/#primaryimage\"},\"image\":{\"@id\":\"https:\\\/\\\/www.mobilier-design-occasion.fr\\\/magazine\\\/quel-couchage-pour-son-bebe\\\/#primaryimage\"},\"thumbnailUrl\":\"https:\\\/\\\/www.mobilier-design-occasion.fr\\\/magazine\\\/wp-content\\\/uploads\\\/2022\\\/08\\\/9ce1de5691d00db4bb47858e45863a53.jpg\",\"datePublished\":\"2023-08-01T07:40:01+00:00\",\"dateModified\":\"2023-08-31T14:16:28+00:00\",\"breadcrumb\":{\"@id\":\"https:\\\/\\\/www.mobilier-design-occasion.fr\\\/magazine\\\/quel-couchage-pour-son-bebe\\\/#breadcrumb\"},\"inLanguage\":\"fr-FR\",\"potentialAction\":[{\"@type\":\"ReadAction\",\"target\":[\"https:\\\/\\\/www.mobilier-design-occasion.fr\\\/magazine\\\/quel-couchage-pour-son-bebe\\\/\"]}]},{\"@type\":\"ImageObject\",\"inLanguage\":\"fr-FR\",\"@id\":\"https:\\\/\\\/www.mobilier-design-occasion.fr\\\/magazine\\\/quel-couchage-pour-son-bebe\\\/#primaryimage\",\"url\":\"https:\\\/\\\/www.mobilier-design-occasion.fr\\\/magazine\\\/wp-content\\\/uploads\\\/2022\\\/08\\\/9ce1de5691d00db4bb47858e45863a53.jpg\",\"contentUrl\":\"https:\\\/\\\/www.mobilier-design-occasion.fr\\\/magazine\\\/wp-content\\\/uploads\\\/2022\\\/08\\\/9ce1de5691d00db4bb47858e45863a53.jpg\",\"width\":848,\"height\":565},{\"@type\":\"BreadcrumbList\",\"@id\":\"https:\\\/\\\/www.mobilier-design-occasion.fr\\\/magazine\\\/quel-couchage-pour-son-bebe\\\/#breadcrumb\",\"itemListElement\":[{\"@type\":\"ListItem\",\"position\":1,\"name\":\"Accueil\",\"item\":\"https:\\\/\\\/www.mobilier-design-occasion.fr\\\/magazine\\\/\"},{\"@type\":\"ListItem\",\"position\":2,\"name\":\"Quel couchage pour son b\u00e9b\u00e9\u2009?\"}]},{\"@type\":\"WebSite\",\"@id\":\"https:\\\/\\\/www.mobilier-design-occasion.fr\\\/magazine\\\/#website\",\"url\":\"https:\\\/\\\/www.mobilier-design-occasion.fr\\\/magazine\\\/\",\"name\":\"Mobilier Design Magazine\",\"description\":\"\",\"publisher\":{\"@id\":\"https:\\\/\\\/www.mobilier-design-occasion.fr\\\/magazine\\\/#organization\"},\"potentialAction\":[{\"@type\":\"SearchAction\",\"target\":{\"@type\":\"EntryPoint\",\"urlTemplate\":\"https:\\\/\\\/www.mobilier-design-occasion.fr\\\/magazine\\\/?s={search_term_string}\"},\"query-input\":{\"@type\":\"PropertyValueSpecification\",\"valueRequired\":true,\"valueName\":\"search_term_string\"}}],\"inLanguage\":\"fr-FR\"},{\"@type\":\"Organization\",\"@id\":\"https:\\\/\\\/www.mobilier-design-occasion.fr\\\/magazine\\\/#organization\",\"name\":\"Mobilier Design Magazine\",\"url\":\"https:\\\/\\\/www.mobilier-design-occasion.fr\\\/magazine\\\/\",\"logo\":{\"@type\":\"ImageObject\",\"inLanguage\":\"fr-FR\",\"@id\":\"https:\\\/\\\/www.mobilier-design-occasion.fr\\\/magazine\\\/#\\\/schema\\\/logo\\\/image\\\/\",\"url\":\"https:\\\/\\\/www.mobilier-design-occasion.fr\\\/magazine\\\/wp-content\\\/uploads\\\/2024\\\/02\\\/android-chrome-192x192-1.png\",\"contentUrl\":\"https:\\\/\\\/www.mobilier-design-occasion.fr\\\/magazine\\\/wp-content\\\/uploads\\\/2024\\\/02\\\/android-chrome-192x192-1.png\",\"width\":192,\"height\":192,\"caption\":\"Mobilier Design Magazine\"},\"image\":{\"@id\":\"https:\\\/\\\/www.mobilier-design-occasion.fr\\\/magazine\\\/#\\\/schema\\\/logo\\\/image\\\/\"},\"sameAs\":[\"https:\\\/\\\/www.facebook.com\\\/mobilierdesignoccasion\"]},{\"@type\":\"Person\",\"@id\":\"https:\\\/\\\/www.mobilier-design-occasion.fr\\\/magazine\\\/#\\\/schema\\\/person\\\/5b2e5627a714ddadaaf8c9b886c55eff\",\"name\":\"Cyrielle Poirot\",\"image\":{\"@type\":\"ImageObject\",\"inLanguage\":\"fr-FR\",\"@id\":\"https:\\\/\\\/secure.gravatar.com\\\/avatar\\\/c8d2674e093b06894d8d1dc468b626bd752523471f3ac6e75f7c7a1400d40b4d?s=96&d=mm&r=g\",\"url\":\"https:\\\/\\\/secure.gravatar.com\\\/avatar\\\/c8d2674e093b06894d8d1dc468b626bd752523471f3ac6e75f7c7a1400d40b4d?s=96&d=mm&r=g\",\"contentUrl\":\"https:\\\/\\\/secure.gravatar.com\\\/avatar\\\/c8d2674e093b06894d8d1dc468b626bd752523471f3ac6e75f7c7a1400d40b4d?s=96&d=mm&r=g\",\"caption\":\"Cyrielle Poirot\"},\"description\":\"Cyrielle est passionn\u00e9e par la d\u00e9coration d'int\u00e9rieur et s'est sp\u00e9cialis\u00e9e depuis quelques ann\u00e9es dans l'\u00e9dition du site Mobilier-Design, avec une touche sp\u00e9cifique pour les produits d'occasion.\",\"sameAs\":[\"https:\\\/\\\/www.mobilier-design-occasion.fr\\\/magazine\"],\"url\":\"https:\\\/\\\/www.mobilier-design-occasion.fr\\\/magazine\\\/author\\\/cyrielle\\\/\"}]}<\/script>\n<!-- \/ Yoast SEO plugin. -->","yoast_head_json":{"title":"Quel couchage pour son b\u00e9b\u00e9\u2009? - Mobilier Design Magazine","robots":{"index":"index","follow":"follow","max-snippet":"max-snippet:-1","max-image-preview":"max-image-preview:large","max-video-preview":"max-video-preview:-1"},"canonical":"https:\/\/www.mobilier-design-occasion.fr\/magazine\/quel-couchage-pour-son-bebe\/","og_locale":"fr_FR","og_type":"article","og_title":"Quel couchage pour son b\u00e9b\u00e9\u2009? - Mobilier Design Magazine","og_description":"Pour de nombreux parents, le choix du couchage id\u00e9al pour b\u00e9b\u00e9 est un choix corn\u00e9lien. En raison des nombreux types de lits disponibles sur le march\u00e9, il n\u2019est pas \u00e9vident de choisir celui qui convient le mieux. Cet article propose quelques r\u00e9ponses pour un choix moins difficile. Le lit \u00e0 barreaux&nbsp;: la solution pour b\u00e9b\u00e9 [&hellip;]","og_url":"https:\/\/www.mobilier-design-occasion.fr\/magazine\/quel-couchage-pour-son-bebe\/","og_site_name":"Mobilier Design Magazine","article_publisher":"https:\/\/www.facebook.com\/mobilierdesignoccasion","article_published_time":"2023-08-01T07:40:01+00:00","article_modified_time":"2023-08-31T14:16:28+00:00","og_image":[{"width":848,"height":565,"url":"https:\/\/www.mobilier-design-occasion.fr\/magazine\/wp-content\/uploads\/2022\/08\/9ce1de5691d00db4bb47858e45863a53.jpg","type":"image\/jpeg"}],"author":"Cyrielle Poirot","twitter_card":"summary_large_image","twitter_misc":{"\u00c9crit par":"Cyrielle Poirot","Dur\u00e9e de lecture estim\u00e9e":"2 minutes"},"schema":{"@context":"https:\/\/schema.org","@graph":[{"@type":"Article","@id":"https:\/\/www.mobilier-design-occasion.fr\/magazine\/quel-couchage-pour-son-bebe\/#article","isPartOf":{"@id":"https:\/\/www.mobilier-design-occasion.fr\/magazine\/quel-couchage-pour-son-bebe\/"},"author":{"name":"Cyrielle Poirot","@id":"https:\/\/www.mobilier-design-occasion.fr\/magazine\/#\/schema\/person\/5b2e5627a714ddadaaf8c9b886c55eff"},"headline":"Quel couchage pour son b\u00e9b\u00e9\u2009?","datePublished":"2023-08-01T07:40:01+00:00","dateModified":"2023-08-31T14:16:28+00:00","mainEntityOfPage":{"@id":"https:\/\/www.mobilier-design-occasion.fr\/magazine\/quel-couchage-pour-son-bebe\/"},"wordCount":415,"commentCount":0,"publisher":{"@id":"https:\/\/www.mobilier-design-occasion.fr\/magazine\/#organization"},"image":{"@id":"https:\/\/www.mobilier-design-occasion.fr\/magazine\/quel-couchage-pour-son-bebe\/#primaryimage"},"thumbnailUrl":"https:\/\/www.mobilier-design-occasion.fr\/magazine\/wp-content\/uploads\/2022\/08\/9ce1de5691d00db4bb47858e45863a53.jpg","articleSection":["Tendances"],"inLanguage":"fr-FR","potentialAction":[{"@type":"CommentAction","name":"Comment","target":["https:\/\/www.mobilier-design-occasion.fr\/magazine\/quel-couchage-pour-son-bebe\/#respond"]}]},{"@type":"WebPage","@id":"https:\/\/www.mobilier-design-occasion.fr\/magazine\/quel-couchage-pour-son-bebe\/","url":"https:\/\/www.mobilier-design-occasion.fr\/magazine\/quel-couchage-pour-son-bebe\/","name":"Quel couchage pour son b\u00e9b\u00e9\u2009? - Mobilier Design Magazine","isPartOf":{"@id":"https:\/\/www.mobilier-design-occasion.fr\/magazine\/#website"},"primaryImageOfPage":{"@id":"https:\/\/www.mobilier-design-occasion.fr\/magazine\/quel-couchage-pour-son-bebe\/#primaryimage"},"image":{"@id":"https:\/\/www.mobilier-design-occasion.fr\/magazine\/quel-couchage-pour-son-bebe\/#primaryimage"},"thumbnailUrl":"https:\/\/www.mobilier-design-occasion.fr\/magazine\/wp-content\/uploads\/2022\/08\/9ce1de5691d00db4bb47858e45863a53.jpg","datePublished":"2023-08-01T07:40:01+00:00","dateModified":"2023-08-31T14:16:28+00:00","breadcrumb":{"@id":"https:\/\/www.mobilier-design-occasion.fr\/magazine\/quel-couchage-pour-son-bebe\/#breadcrumb"},"inLanguage":"fr-FR","potentialAction":[{"@type":"ReadAction","target":["https:\/\/www.mobilier-design-occasion.fr\/magazine\/quel-couchage-pour-son-bebe\/"]}]},{"@type":"ImageObject","inLanguage":"fr-FR","@id":"https:\/\/www.mobilier-design-occasion.fr\/magazine\/quel-couchage-pour-son-bebe\/#primaryimage","url":"https:\/\/www.mobilier-design-occasion.fr\/magazine\/wp-content\/uploads\/2022\/08\/9ce1de5691d00db4bb47858e45863a53.jpg","contentUrl":"https:\/\/www.mobilier-design-occasion.fr\/magazine\/wp-content\/uploads\/2022\/08\/9ce1de5691d00db4bb47858e45863a53.jpg","width":848,"height":565},{"@type":"BreadcrumbList","@id":"https:\/\/www.mobilier-design-occasion.fr\/magazine\/quel-couchage-pour-son-bebe\/#breadcrumb","itemListElement":[{"@type":"ListItem","position":1,"name":"Accueil","item":"https:\/\/www.mobilier-design-occasion.fr\/magazine\/"},{"@type":"ListItem","position":2,"name":"Quel couchage pour son b\u00e9b\u00e9\u2009?"}]},{"@type":"WebSite","@id":"https:\/\/www.mobilier-design-occasion.fr\/magazine\/#website","url":"https:\/\/www.mobilier-design-occasion.fr\/magazine\/","name":"Mobilier Design Magazine","description":"","publisher":{"@id":"https:\/\/www.mobilier-design-occasion.fr\/magazine\/#organization"},"potentialAction":[{"@type":"SearchAction","target":{"@type":"EntryPoint","urlTemplate":"https:\/\/www.mobilier-design-occasion.fr\/magazine\/?s={search_term_string}"},"query-input":{"@type":"PropertyValueSpecification","valueRequired":true,"valueName":"search_term_string"}}],"inLanguage":"fr-FR"},{"@type":"Organization","@id":"https:\/\/www.mobilier-design-occasion.fr\/magazine\/#organization","name":"Mobilier Design Magazine","url":"https:\/\/www.mobilier-design-occasion.fr\/magazine\/","logo":{"@type":"ImageObject","inLanguage":"fr-FR","@id":"https:\/\/www.mobilier-design-occasion.fr\/magazine\/#\/schema\/logo\/image\/","url":"https:\/\/www.mobilier-design-occasion.fr\/magazine\/wp-content\/uploads\/2024\/02\/android-chrome-192x192-1.png","contentUrl":"https:\/\/www.mobilier-design-occasion.fr\/magazine\/wp-content\/uploads\/2024\/02\/android-chrome-192x192-1.png","width":192,"height":192,"caption":"Mobilier Design Magazine"},"image":{"@id":"https:\/\/www.mobilier-design-occasion.fr\/magazine\/#\/schema\/logo\/image\/"},"sameAs":["https:\/\/www.facebook.com\/mobilierdesignoccasion"]},{"@type":"Person","@id":"https:\/\/www.mobilier-design-occasion.fr\/magazine\/#\/schema\/person\/5b2e5627a714ddadaaf8c9b886c55eff","name":"Cyrielle Poirot","image":{"@type":"ImageObject","inLanguage":"fr-FR","@id":"https:\/\/secure.gravatar.com\/avatar\/c8d2674e093b06894d8d1dc468b626bd752523471f3ac6e75f7c7a1400d40b4d?s=96&d=mm&r=g","url":"https:\/\/secure.gravatar.com\/avatar\/c8d2674e093b06894d8d1dc468b626bd752523471f3ac6e75f7c7a1400d40b4d?s=96&d=mm&r=g","contentUrl":"https:\/\/secure.gravatar.com\/avatar\/c8d2674e093b06894d8d1dc468b626bd752523471f3ac6e75f7c7a1400d40b4d?s=96&d=mm&r=g","caption":"Cyrielle Poirot"},"description":"Cyrielle est passionn\u00e9e par la d\u00e9coration d'int\u00e9rieur et s'est sp\u00e9cialis\u00e9e depuis quelques ann\u00e9es dans l'\u00e9dition du site Mobilier-Design, avec une touche sp\u00e9cifique pour les produits d'occasion.","sameAs":["https:\/\/www.mobilier-design-occasion.fr\/magazine"],"url":"https:\/\/www.mobilier-design-occasion.fr\/magazine\/author\/cyrielle\/"}]}},"_links":{"self":[{"href":"https:\/\/www.mobilier-design-occasion.fr\/magazine\/wp-json\/wp\/v2\/posts\/5682","targetHints":{"allow":["GET"]}}],"collection":[{"href":"https:\/\/www.mobilier-design-occasion.fr\/magazine\/wp-json\/wp\/v2\/posts"}],"about":[{"href":"https:\/\/www.mobilier-design-occasion.fr\/magazine\/wp-json\/wp\/v2\/types\/post"}],"author":[{"embeddable":true,"href":"https:\/\/www.mobilier-design-occasion.fr\/magazine\/wp-json\/wp\/v2\/users\/1"}],"replies":[{"embeddable":true,"href":"https:\/\/www.mobilier-design-occasion.fr\/magazine\/wp-json\/wp\/v2\/comments?post=5682"}],"version-history":[{"count":2,"href":"https:\/\/www.mobilier-design-occasion.fr\/magazine\/wp-json\/wp\/v2\/posts\/5682\/revisions"}],"predecessor-version":[{"id":6746,"href":"https:\/\/www.mobilier-design-occasion.fr\/magazine\/wp-json\/wp\/v2\/posts\/5682\/revisions\/6746"}],"wp:featuredmedia":[{"embeddable":true,"href":"https:\/\/www.mobilier-design-occasion.fr\/magazine\/wp-json\/wp\/v2\/media\/5684"}],"wp:attachment":[{"href":"https:\/\/www.mobilier-design-occasion.fr\/magazine\/wp-json\/wp\/v2\/media?parent=5682"}],"wp:term":[{"taxonomy":"category","embeddable":true,"href":"https:\/\/www.mobilier-design-occasion.fr\/magazine\/wp-json\/wp\/v2\/categories?post=5682"},{"taxonomy":"post_tag","embeddable":true,"href":"https:\/\/www.mobilier-design-occasion.fr\/magazine\/wp-json\/wp\/v2\/tags?post=5682"}],"curies":[{"name":"wp","href":"https:\/\/api.w.org\/{rel}","templated":true}]}}