{"id":5615,"date":"2022-08-02T06:45:01","date_gmt":"2022-08-02T06:45:01","guid":{"rendered":"https:\/\/www.mobilier-design-occasion.fr\/magazine\/?p=5615"},"modified":"2022-08-02T06:45:18","modified_gmt":"2022-08-02T06:45:18","slug":"japandi-tout-ce-que-vous-devez-savoir-sur-la-tendance-deco-minimaliste-dont-tout-le-monde-parle","status":"publish","type":"post","link":"https:\/\/www.mobilier-design-occasion.fr\/magazine\/japandi-tout-ce-que-vous-devez-savoir-sur-la-tendance-deco-minimaliste-dont-tout-le-monde-parle\/","title":{"rendered":"Japandi: tout ce que vous devez savoir sur la tendance d\u00e9co minimaliste dont tout le monde parle!"},"content":{"rendered":"\n<h2 class=\"wp-block-heading\"><span class=\"ez-toc-section\" id=\"Quest-ce_que_la_tendance_Japandi\"><\/span><strong>Qu\u2019est-ce que la tendance Japandi&nbsp;?<\/strong><span class=\"ez-toc-section-end\"><\/span><\/h2><div id=\"ez-toc-container\" class=\"ez-toc-v2_0_82_2 counter-hierarchy ez-toc-counter ez-toc-grey ez-toc-container-direction\">\n<div class=\"ez-toc-title-container\">\n<span class=\"ez-toc-title-toggle\"><a href=\"#\" class=\"ez-toc-pull-right ez-toc-btn ez-toc-btn-xs ez-toc-btn-default ez-toc-toggle\" aria-label=\"Toggle Table of Content\"><span class=\"ez-toc-js-icon-con\"><span class=\"\"><span class=\"eztoc-hide\" style=\"display:none;\">Toggle<\/span><span class=\"ez-toc-icon-toggle-span\"><svg style=\"fill: #999;color:#999\" xmlns=\"http:\/\/www.w3.org\/2000\/svg\" class=\"list-377408\" width=\"20px\" height=\"20px\" viewBox=\"0 0 24 24\" fill=\"none\"><path d=\"M6 6H4v2h2V6zm14 0H8v2h12V6zM4 11h2v2H4v-2zm16 0H8v2h12v-2zM4 16h2v2H4v-2zm16 0H8v2h12v-2z\" fill=\"currentColor\"><\/path><\/svg><svg style=\"fill: #999;color:#999\" class=\"arrow-unsorted-368013\" xmlns=\"http:\/\/www.w3.org\/2000\/svg\" width=\"10px\" height=\"10px\" viewBox=\"0 0 24 24\" version=\"1.2\" baseProfile=\"tiny\"><path d=\"M18.2 9.3l-6.2-6.3-6.2 6.3c-.2.2-.3.4-.3.7s.1.5.3.7c.2.2.4.3.7.3h11c.3 0 .5-.1.7-.3.2-.2.3-.5.3-.7s-.1-.5-.3-.7zM5.8 14.7l6.2 6.3 6.2-6.3c.2-.2.3-.5.3-.7s-.1-.5-.3-.7c-.2-.2-.4-.3-.7-.3h-11c-.3 0-.5.1-.7.3-.2.2-.3.5-.3.7s.1.5.3.7z\"\/><\/svg><\/span><\/span><\/span><\/a><\/span><\/div>\n<nav><ul class='ez-toc-list ez-toc-list-level-1 eztoc-toggle-hide-by-default' ><li class='ez-toc-page-1 ez-toc-heading-level-2'><a class=\"ez-toc-link ez-toc-heading-1\" href=\"https:\/\/www.mobilier-design-occasion.fr\/magazine\/japandi-tout-ce-que-vous-devez-savoir-sur-la-tendance-deco-minimaliste-dont-tout-le-monde-parle\/#Quest-ce_que_la_tendance_Japandi\" >Qu\u2019est-ce que la tendance Japandi&nbsp;?<\/a><\/li><li class='ez-toc-page-1 ez-toc-heading-level-2'><a class=\"ez-toc-link ez-toc-heading-2\" href=\"https:\/\/www.mobilier-design-occasion.fr\/magazine\/japandi-tout-ce-que-vous-devez-savoir-sur-la-tendance-deco-minimaliste-dont-tout-le-monde-parle\/#Le_hygge_danois_et_le_wabi-sabi_japonais\" >Le hygge danois et le wabi-sabi japonais<\/a><\/li><li class='ez-toc-page-1 ez-toc-heading-level-2'><a class=\"ez-toc-link ez-toc-heading-3\" href=\"https:\/\/www.mobilier-design-occasion.fr\/magazine\/japandi-tout-ce-que-vous-devez-savoir-sur-la-tendance-deco-minimaliste-dont-tout-le-monde-parle\/#Les_caracteristiques_de_la_tendance_Japandi\" >Les caract\u00e9ristiques de la tendance Japandi<\/a><ul class='ez-toc-list-level-3' ><li class='ez-toc-heading-level-3'><a class=\"ez-toc-link ez-toc-heading-4\" href=\"https:\/\/www.mobilier-design-occasion.fr\/magazine\/japandi-tout-ce-que-vous-devez-savoir-sur-la-tendance-deco-minimaliste-dont-tout-le-monde-parle\/#Les_couleurs\" >Les couleurs<\/a><\/li><li class='ez-toc-page-1 ez-toc-heading-level-3'><a class=\"ez-toc-link ez-toc-heading-5\" href=\"https:\/\/www.mobilier-design-occasion.fr\/magazine\/japandi-tout-ce-que-vous-devez-savoir-sur-la-tendance-deco-minimaliste-dont-tout-le-monde-parle\/#Les_materiaux\" >Les mat\u00e9riaux<\/a><\/li><li class='ez-toc-page-1 ez-toc-heading-level-3'><a class=\"ez-toc-link ez-toc-heading-6\" href=\"https:\/\/www.mobilier-design-occasion.fr\/magazine\/japandi-tout-ce-que-vous-devez-savoir-sur-la-tendance-deco-minimaliste-dont-tout-le-monde-parle\/#Les_formes\" >Les formes<\/a><\/li><\/ul><\/li><li class='ez-toc-page-1 ez-toc-heading-level-2'><a class=\"ez-toc-link ez-toc-heading-7\" href=\"https:\/\/www.mobilier-design-occasion.fr\/magazine\/japandi-tout-ce-que-vous-devez-savoir-sur-la-tendance-deco-minimaliste-dont-tout-le-monde-parle\/#Comment_suivre_la_tendance_Japandi_pour_sa_decoration_interieure\" >Comment suivre la tendance Japandi pour sa d\u00e9coration int\u00e9rieure\u00a0?<\/a><\/li><li class='ez-toc-page-1 ez-toc-heading-level-2'><a class=\"ez-toc-link ez-toc-heading-8\" href=\"https:\/\/www.mobilier-design-occasion.fr\/magazine\/japandi-tout-ce-que-vous-devez-savoir-sur-la-tendance-deco-minimaliste-dont-tout-le-monde-parle\/#Le_style_Japandi_dans_le_salon\" >Le style Japandi dans le salon<\/a><\/li><li class='ez-toc-page-1 ez-toc-heading-level-2'><a class=\"ez-toc-link ez-toc-heading-9\" href=\"https:\/\/www.mobilier-design-occasion.fr\/magazine\/japandi-tout-ce-que-vous-devez-savoir-sur-la-tendance-deco-minimaliste-dont-tout-le-monde-parle\/#Le_style_Japandi_dans_la_cuisine\" >Le style Japandi dans la cuisine<\/a><\/li><li class='ez-toc-page-1 ez-toc-heading-level-2'><a class=\"ez-toc-link ez-toc-heading-10\" href=\"https:\/\/www.mobilier-design-occasion.fr\/magazine\/japandi-tout-ce-que-vous-devez-savoir-sur-la-tendance-deco-minimaliste-dont-tout-le-monde-parle\/#La_tendance_Japandi_dans_la_salle_a_manger\" >La tendance Japandi dans la salle \u00e0 manger<\/a><\/li><li class='ez-toc-page-1 ez-toc-heading-level-2'><a class=\"ez-toc-link ez-toc-heading-11\" href=\"https:\/\/www.mobilier-design-occasion.fr\/magazine\/japandi-tout-ce-que-vous-devez-savoir-sur-la-tendance-deco-minimaliste-dont-tout-le-monde-parle\/#Le_style_Japandi_dans_la_chambre\" >Le style Japandi dans la chambre<\/a><\/li><\/ul><\/nav><\/div>\n\n\n\n\n<p>La tendance <a href=\"https:\/\/www.optiondinterieur.com\/tendance-japandi-decoration-epuree-chaleureuse\/\">Japandi<\/a> est la combinaison du <strong>minimalisme scandinave<\/strong> et <strong>l\u2019esprit <a href=\"https:\/\/www.mobilier-design-occasion.fr\/magazine\/elements-de-decoration-japonaise-qui-subliment-les-interieurs-modernes\/\">japonais<\/a><\/strong>. Le mot Japandi vient d\u2019ailleurs des mots \u00ab\u00a0Japon\u00a0\u00bb et \u00ab\u00a0Scandinavie\u00a0\u00bb. Le style Japandi est un m\u00e9lange du hygge danois et du wabi-sabi japonais. Cette tendance allie fonctionnalit\u00e9, simplicit\u00e9, qualit\u00e9 de vie et confortabilit\u00e9.<\/p>\n\n\n\n<figure class=\"wp-block-image size-large\"><img loading=\"lazy\" decoding=\"async\" width=\"1024\" height=\"575\" src=\"https:\/\/www.mobilier-design-occasion.fr\/magazine\/wp-content\/uploads\/2022\/07\/O-1024x575.jpg\" alt=\"\" class=\"wp-image-5620\" srcset=\"https:\/\/www.mobilier-design-occasion.fr\/magazine\/wp-content\/uploads\/2022\/07\/O-1024x575.jpg 1024w, https:\/\/www.mobilier-design-occasion.fr\/magazine\/wp-content\/uploads\/2022\/07\/O-300x168.jpg 300w, https:\/\/www.mobilier-design-occasion.fr\/magazine\/wp-content\/uploads\/2022\/07\/O-768x431.jpg 768w, https:\/\/www.mobilier-design-occasion.fr\/magazine\/wp-content\/uploads\/2022\/07\/O-810x455.jpg 810w, https:\/\/www.mobilier-design-occasion.fr\/magazine\/wp-content\/uploads\/2022\/07\/O-1140x640.jpg 1140w, https:\/\/www.mobilier-design-occasion.fr\/magazine\/wp-content\/uploads\/2022\/07\/O.jpg 1161w\" sizes=\"auto, (max-width: 1024px) 100vw, 1024px\" \/><figcaption>Maison et demeure<\/figcaption><\/figure>\n\n\n\n<h2 class=\"wp-block-heading\"><span class=\"ez-toc-section\" id=\"Le_hygge_danois_et_le_wabi-sabi_japonais\"><\/span><strong>Le hygge danois et le wabi-sabi japonais<\/strong><span class=\"ez-toc-section-end\"><\/span><\/h2>\n\n\n\n<p>Le hygge danois est un style de vie qui combine convivialit\u00e9, simplicit\u00e9 et bien-\u00eatre. Ce style consiste \u00e0 profiter de l\u2019instant pr\u00e9sent, \u00e0 prendre soin de soi et de ses proches, de savourer la lumi\u00e8re, surtout celle de la <a href=\"https:\/\/www.mobilier-design-occasion.fr\/magazine\/collection-fete-des-meres-my-jolie-candle\/\">bougie<\/a>, d\u2019appr\u00e9cier la beaut\u00e9 de la nature et de vivre pleinement chaque jour.<\/p>\n\n\n\n<div class=\"wp-block-columns is-layout-flex wp-container-core-columns-is-layout-9d6595d7 wp-block-columns-is-layout-flex\">\n<div class=\"wp-block-column is-layout-flow wp-block-column-is-layout-flow\">\n<figure class=\"wp-block-image size-full\"><img loading=\"lazy\" decoding=\"async\" width=\"750\" height=\"500\" src=\"https:\/\/www.mobilier-design-occasion.fr\/magazine\/wp-content\/uploads\/2022\/07\/N.jpg\" alt=\"\" class=\"wp-image-5617\" srcset=\"https:\/\/www.mobilier-design-occasion.fr\/magazine\/wp-content\/uploads\/2022\/07\/N.jpg 750w, https:\/\/www.mobilier-design-occasion.fr\/magazine\/wp-content\/uploads\/2022\/07\/N-300x200.jpg 300w\" sizes=\"auto, (max-width: 750px) 100vw, 750px\" \/><figcaption>Blog Fidensio<\/figcaption><\/figure>\n<\/div>\n\n\n\n<div class=\"wp-block-column is-layout-flow wp-block-column-is-layout-flow\">\n<figure class=\"wp-block-image size-large\"><img loading=\"lazy\" decoding=\"async\" width=\"1024\" height=\"683\" src=\"https:\/\/www.mobilier-design-occasion.fr\/magazine\/wp-content\/uploads\/2022\/07\/wabi_sabi_1-1024x683.jpeg\" alt=\"\" class=\"wp-image-5618\" srcset=\"https:\/\/www.mobilier-design-occasion.fr\/magazine\/wp-content\/uploads\/2022\/07\/wabi_sabi_1-1024x683.jpeg 1024w, https:\/\/www.mobilier-design-occasion.fr\/magazine\/wp-content\/uploads\/2022\/07\/wabi_sabi_1-300x200.jpeg 300w, https:\/\/www.mobilier-design-occasion.fr\/magazine\/wp-content\/uploads\/2022\/07\/wabi_sabi_1-768x512.jpeg 768w, https:\/\/www.mobilier-design-occasion.fr\/magazine\/wp-content\/uploads\/2022\/07\/wabi_sabi_1-1536x1025.jpeg 1536w, https:\/\/www.mobilier-design-occasion.fr\/magazine\/wp-content\/uploads\/2022\/07\/wabi_sabi_1-810x540.jpeg 810w, https:\/\/www.mobilier-design-occasion.fr\/magazine\/wp-content\/uploads\/2022\/07\/wabi_sabi_1-1140x760.jpeg 1140w, https:\/\/www.mobilier-design-occasion.fr\/magazine\/wp-content\/uploads\/2022\/07\/wabi_sabi_1.jpeg 2000w\" sizes=\"auto, (max-width: 1024px) 100vw, 1024px\" \/><figcaption>Bonheurs Int\u00e9rieurs <\/figcaption><\/figure>\n<\/div>\n<\/div>\n\n\n\n<p>Le wabi-sabi japonais est un style qui r\u00e9side dans la simplicit\u00e9, la spontan\u00e9it\u00e9, la naturalit\u00e9 et l\u2019imperfection. Ce style se traduit par l\u2019harmonie procur\u00e9e par les choses originales, asym\u00e9triques et avec des traces d\u2019usures naturelles.<\/p>\n\n\n\n<h2 class=\"wp-block-heading\"><span class=\"ez-toc-section\" id=\"Les_caracteristiques_de_la_tendance_Japandi\"><\/span><strong>Les caract\u00e9ristiques de la tendance Japandi<\/strong><span class=\"ez-toc-section-end\"><\/span><\/h2>\n\n\n\n<h3 class=\"wp-block-heading\"><span class=\"ez-toc-section\" id=\"Les_couleurs\"><\/span><strong>Les couleurs<\/strong><span class=\"ez-toc-section-end\"><\/span><\/h3>\n\n\n\n<p>Dans le style Japandi, on oublie les couleurs vives, on utilise les teintes sobres et neutres.<\/p>\n\n\n\n<ul class=\"wp-block-list\"><li>Noir<\/li><li>Blanc<\/li><li>Gris<\/li><li>Beige<\/li><li>Bleu clair<\/li><li>Taupe<\/li><li>\u00c9cru<\/li><li>Vert de gris <\/li><li>Ivoire<\/li><li>Terracotta<\/li><li>Cr\u00e8me<\/li><li>Vert amande<\/li><li>Rose poudr\u00e9<\/li><li>Les tons pastel, uniquement par touche<\/li><\/ul>\n\n\n\n<div class=\"wp-block-columns is-layout-flex wp-container-core-columns-is-layout-9d6595d7 wp-block-columns-is-layout-flex\">\n<div class=\"wp-block-column is-layout-flow wp-block-column-is-layout-flow\">\n<figure class=\"wp-block-image size-full\"><img loading=\"lazy\" decoding=\"async\" width=\"996\" height=\"298\" src=\"https:\/\/www.mobilier-design-occasion.fr\/magazine\/wp-content\/uploads\/2022\/07\/P-1.jpg\" alt=\"\" class=\"wp-image-5622\" srcset=\"https:\/\/www.mobilier-design-occasion.fr\/magazine\/wp-content\/uploads\/2022\/07\/P-1.jpg 996w, https:\/\/www.mobilier-design-occasion.fr\/magazine\/wp-content\/uploads\/2022\/07\/P-1-300x90.jpg 300w, https:\/\/www.mobilier-design-occasion.fr\/magazine\/wp-content\/uploads\/2022\/07\/P-1-768x230.jpg 768w, https:\/\/www.mobilier-design-occasion.fr\/magazine\/wp-content\/uploads\/2022\/07\/P-1-810x242.jpg 810w\" sizes=\"auto, (max-width: 996px) 100vw, 996px\" \/><figcaption>Ocean Clock<\/figcaption><\/figure>\n<\/div>\n<\/div>\n\n\n\n<h3 class=\"wp-block-heading\"><span class=\"ez-toc-section\" id=\"Les_materiaux\"><\/span><strong>Les mat\u00e9riaux<\/strong><span class=\"ez-toc-section-end\"><\/span><\/h3>\n\n\n\n<p>Dans la tendance Japandi, l\u2019utilisation des mat\u00e9riaux naturels est fondamentale.<\/p>\n\n\n\n<ul class=\"wp-block-list\"><li>Le <a href=\"https:\/\/www.mobilier-design-occasion.fr\/magazine\/avis-mathy-by-bols\/\">bois<\/a>, de pr\u00e9f\u00e9rence clair comme le sapin, h\u00eatre ou ch\u00eane.<\/li><li>La jute<\/li><li>Le lin<\/li><li>Le coton<\/li><li>La laine<\/li><li>Le bambou<\/li><li>Le rotin<\/li><li>La <a href=\"https:\/\/www.mobilier-design-occasion.fr\/magazine\/avis-calm-for-dreamers\/\">c\u00e9ramique<\/a><\/li><li>Le m\u00e9tal<\/li><li>Le b\u00e9ton<\/li><li>La terre cuite<\/li><li>Le cuir<\/li><li>La porcelaine<\/li><li>La pierre<\/li><\/ul>\n\n\n\n<div class=\"wp-block-columns is-layout-flex wp-container-core-columns-is-layout-9d6595d7 wp-block-columns-is-layout-flex\">\n<div class=\"wp-block-column is-layout-flow wp-block-column-is-layout-flow\">\n<figure class=\"wp-block-image size-full\"><img loading=\"lazy\" decoding=\"async\" width=\"675\" height=\"542\" src=\"https:\/\/www.mobilier-design-occasion.fr\/magazine\/wp-content\/uploads\/2022\/07\/Q.jpg\" alt=\"\" class=\"wp-image-5623\" srcset=\"https:\/\/www.mobilier-design-occasion.fr\/magazine\/wp-content\/uploads\/2022\/07\/Q.jpg 675w, https:\/\/www.mobilier-design-occasion.fr\/magazine\/wp-content\/uploads\/2022\/07\/Q-300x241.jpg 300w\" sizes=\"auto, (max-width: 675px) 100vw, 675px\" \/><figcaption>Respire et d\u00e9core<\/figcaption><\/figure>\n<\/div>\n<\/div>\n\n\n\n<h3 class=\"wp-block-heading\"><span class=\"ez-toc-section\" id=\"Les_formes\"><\/span><strong>Les formes<\/strong><span class=\"ez-toc-section-end\"><\/span><\/h3>\n\n\n\n<p>Dans la tendance Japandi, on \u00e9vite les formes complexes et superflues, on opte pour des formes simples.<\/p>\n\n\n\n<ul class=\"wp-block-list\"><li>Rectangle<\/li><li>Carr\u00e9<\/li><li>Rond<\/li><li>Organique, comme celle du bois<\/li><\/ul>\n\n\n\n<h2 class=\"wp-block-heading\"><span class=\"ez-toc-section\" id=\"Comment_suivre_la_tendance_Japandi_pour_sa_decoration_interieure\"><\/span><strong>Comment suivre la tendance Japandi pour sa d\u00e9coration int\u00e9rieure\u00a0?<\/strong><span class=\"ez-toc-section-end\"><\/span><\/h2>\n\n\n\n<p>Afin d\u2019int\u00e9grer la tendance Japandi dans sa d\u00e9coration int\u00e9rieure, il faut noter quelques points.<\/p>\n\n\n\n<figure class=\"wp-block-embed is-type-rich is-provider-twitter wp-block-embed-twitter\"><div class=\"wp-block-embed__wrapper\">\n<blockquote class=\"twitter-tweet\" data-width=\"550\" data-dnt=\"true\"><p lang=\"fr\" dir=\"ltr\">La tendance japandi, un doux m\u00e9lange entre le style scandinave et l&#39;esprit japonais avec comme point commun, le minimalisme! Elle se caract\u00e9rise par des lignes \u00e9pur\u00e9es, des couleurs claires et des mat\u00e9riaux naturels. \u00c9l\u00e9gance &amp; sobri\u00e9t\u00e9.<a href=\"https:\/\/twitter.com\/hashtag\/inspiration?src=hash&amp;ref_src=twsrc%5Etfw\">#inspiration<\/a> <a href=\"https:\/\/twitter.com\/hashtag\/deco?src=hash&amp;ref_src=twsrc%5Etfw\">#deco<\/a> <a href=\"https:\/\/twitter.com\/hashtag\/tendance?src=hash&amp;ref_src=twsrc%5Etfw\">#tendance<\/a> <a href=\"https:\/\/t.co\/gtv92RgHOS\">pic.twitter.com\/gtv92RgHOS<\/a><\/p>&mdash; Little Worker (@littleworker) <a href=\"https:\/\/twitter.com\/littleworker\/status\/1238882333169782784?ref_src=twsrc%5Etfw\">March 14, 2020<\/a><\/blockquote><script async src=\"https:\/\/platform.twitter.com\/widgets.js\" charset=\"utf-8\"><\/script>\n<\/div><\/figure>\n\n\n\n<ul class=\"wp-block-list\"><li>Le style<a href=\"https:\/\/www.elle.fr\/Deco\/News-tendances\/Japandi-la-tendance-deco-dont-tout-le-monde-parle-3812046\"> Japandi<\/a> allie la simplicit\u00e9 et la fonctionnalit\u00e9. La d\u00e9co est \u00e0 la fois utilitaire. Par exemple, on opte pour une vase qui est \u00e0 la fois d\u00e9corative et peut \u00eatre utilis\u00e9e pour stocker des choses.<\/li><li>Dans la tendance Japandi, on utilise, le plus souvent, des mat\u00e9riaux durables, naturels ou recycl\u00e9s. Le bois est une mati\u00e8re tr\u00e8s importante dans la d\u00e9co Japandi.<\/li><li>Dans la tendance Japandi, la lumi\u00e8re est tr\u00e8s importante. Que \u00e7a soit la lumi\u00e8re naturelle, les luminaires ou le choix des couleurs qui apporte de la luminosit\u00e9 \u00e0 l\u2019espace.<\/li><li>Il ne faut surtout pas oublier la v\u00e9g\u00e9tation lorsque l\u2019on souhaite int\u00e9grer le style Japandi dans sa d\u00e9coration.<\/li><\/ul>\n\n\n\n<h2 class=\"wp-block-heading\"><span class=\"ez-toc-section\" id=\"Le_style_Japandi_dans_le_salon\"><\/span><strong>Le style Japandi dans le salon<\/strong><span class=\"ez-toc-section-end\"><\/span><\/h2>\n\n\n\n<p>Afin d\u2019avoir un style Japandi dans le salon, il est n\u00e9cessaire d\u2019utiliser des tons neutres et de minimaliser au maximum. Par exemple, on peut opter pour une <a href=\"https:\/\/www.mobilier-design-occasion.fr\/magazine\/comment-acheter-une-table-basse-pas-chere-sans-compromettre-la-qualite-7-etapes\/\">table basse<\/a> en bois, un <a href=\"https:\/\/www.mobilier-design-occasion.fr\/magazine\/test-avis-sur-poltronesofa\/\">canap\u00e9<\/a> en laine, si n\u00e9cessaire, des cloisons amovibles en papier de riz ou en bois, des petites plantes dans des pots en terre cuite&#8230; Pour les mobiliers et les luminaires, on privil\u00e9gie la forme simple, minimaliste et fonctionnelle.<\/p>\n\n\n\n<div class=\"wp-block-columns is-layout-flex wp-container-core-columns-is-layout-9d6595d7 wp-block-columns-is-layout-flex\">\n<div class=\"wp-block-column is-layout-flow wp-block-column-is-layout-flow\">\n<figure class=\"wp-block-image size-full\"><img loading=\"lazy\" decoding=\"async\" width=\"979\" height=\"656\" src=\"https:\/\/www.mobilier-design-occasion.fr\/magazine\/wp-content\/uploads\/2022\/07\/PP.jpg\" alt=\"\" class=\"wp-image-5625\" srcset=\"https:\/\/www.mobilier-design-occasion.fr\/magazine\/wp-content\/uploads\/2022\/07\/PP.jpg 979w, https:\/\/www.mobilier-design-occasion.fr\/magazine\/wp-content\/uploads\/2022\/07\/PP-300x201.jpg 300w, https:\/\/www.mobilier-design-occasion.fr\/magazine\/wp-content\/uploads\/2022\/07\/PP-768x515.jpg 768w, https:\/\/www.mobilier-design-occasion.fr\/magazine\/wp-content\/uploads\/2022\/07\/PP-810x543.jpg 810w\" sizes=\"auto, (max-width: 979px) 100vw, 979px\" \/><figcaption>Incidence d\u00e9co<\/figcaption><\/figure>\n<\/div>\n\n\n\n<div class=\"wp-block-column is-layout-flow wp-block-column-is-layout-flow\">\n<figure class=\"wp-block-image size-full\"><img loading=\"lazy\" decoding=\"async\" width=\"1024\" height=\"569\" src=\"https:\/\/www.mobilier-design-occasion.fr\/magazine\/wp-content\/uploads\/2022\/07\/salon-chaleureux-style-japandi-matiere-naturelle-bois-1024x569-1.jpg\" alt=\"\" class=\"wp-image-5626\" srcset=\"https:\/\/www.mobilier-design-occasion.fr\/magazine\/wp-content\/uploads\/2022\/07\/salon-chaleureux-style-japandi-matiere-naturelle-bois-1024x569-1.jpg 1024w, https:\/\/www.mobilier-design-occasion.fr\/magazine\/wp-content\/uploads\/2022\/07\/salon-chaleureux-style-japandi-matiere-naturelle-bois-1024x569-1-300x167.jpg 300w, https:\/\/www.mobilier-design-occasion.fr\/magazine\/wp-content\/uploads\/2022\/07\/salon-chaleureux-style-japandi-matiere-naturelle-bois-1024x569-1-768x427.jpg 768w, https:\/\/www.mobilier-design-occasion.fr\/magazine\/wp-content\/uploads\/2022\/07\/salon-chaleureux-style-japandi-matiere-naturelle-bois-1024x569-1-810x450.jpg 810w\" sizes=\"auto, (max-width: 1024px) 100vw, 1024px\" \/><figcaption>Option d&#8217;Int\u00e9rieur<\/figcaption><\/figure>\n<\/div>\n<\/div>\n\n\n\n<h2 class=\"wp-block-heading\"><span class=\"ez-toc-section\" id=\"Le_style_Japandi_dans_la_cuisine\"><\/span><strong>Le style Japandi dans la cuisine<\/strong><span class=\"ez-toc-section-end\"><\/span><\/h2>\n\n\n\n<p>Dans une cuisine au style Japandi, on combine des meubles de cuisine unis avec des mobiliers en bois. On peut choisir des meubles de cuisine avec une finition bois ou de couleur blanche ou un m\u00e9lange des deux. Une table en bois munie de <a href=\"https:\/\/www.mobilier-design-occasion.fr\/magazine\/fermob-occasion\/\">chaise<\/a> en cannage ou en cuir fonctionne aussi tr\u00e8s bien. Il ne faut pas oublier la v\u00e9g\u00e9tation.<\/p>\n\n\n\n<div class=\"wp-block-columns is-layout-flex wp-container-core-columns-is-layout-9d6595d7 wp-block-columns-is-layout-flex\">\n<div class=\"wp-block-column is-layout-flow wp-block-column-is-layout-flow\">\n<figure class=\"wp-block-image size-large\"><img loading=\"lazy\" decoding=\"async\" width=\"1024\" height=\"768\" src=\"https:\/\/www.mobilier-design-occasion.fr\/magazine\/wp-content\/uploads\/2022\/07\/cuisine-salle-a-manger-style-japandi-en-bois-rotin-cannage-1024x768.jpg\" alt=\"\" class=\"wp-image-5628\" srcset=\"https:\/\/www.mobilier-design-occasion.fr\/magazine\/wp-content\/uploads\/2022\/07\/cuisine-salle-a-manger-style-japandi-en-bois-rotin-cannage-1024x768.jpg 1024w, https:\/\/www.mobilier-design-occasion.fr\/magazine\/wp-content\/uploads\/2022\/07\/cuisine-salle-a-manger-style-japandi-en-bois-rotin-cannage-300x225.jpg 300w, https:\/\/www.mobilier-design-occasion.fr\/magazine\/wp-content\/uploads\/2022\/07\/cuisine-salle-a-manger-style-japandi-en-bois-rotin-cannage-768x576.jpg 768w, https:\/\/www.mobilier-design-occasion.fr\/magazine\/wp-content\/uploads\/2022\/07\/cuisine-salle-a-manger-style-japandi-en-bois-rotin-cannage-810x608.jpg 810w, https:\/\/www.mobilier-design-occasion.fr\/magazine\/wp-content\/uploads\/2022\/07\/cuisine-salle-a-manger-style-japandi-en-bois-rotin-cannage-1140x855.jpg 1140w, https:\/\/www.mobilier-design-occasion.fr\/magazine\/wp-content\/uploads\/2022\/07\/cuisine-salle-a-manger-style-japandi-en-bois-rotin-cannage.jpg 1400w\" sizes=\"auto, (max-width: 1024px) 100vw, 1024px\" \/><figcaption>Option d&#8217;Int\u00e9rieur<\/figcaption><\/figure>\n<\/div>\n\n\n\n<div class=\"wp-block-column is-layout-flow wp-block-column-is-layout-flow\">\n<figure class=\"wp-block-image size-large\"><img loading=\"lazy\" decoding=\"async\" width=\"1024\" height=\"576\" src=\"https:\/\/www.mobilier-design-occasion.fr\/magazine\/wp-content\/uploads\/2022\/07\/cuisine-style-japandi-minimaliste-bois-clair-design-1024x576.jpg\" alt=\"\" class=\"wp-image-5629\" srcset=\"https:\/\/www.mobilier-design-occasion.fr\/magazine\/wp-content\/uploads\/2022\/07\/cuisine-style-japandi-minimaliste-bois-clair-design-1024x576.jpg 1024w, https:\/\/www.mobilier-design-occasion.fr\/magazine\/wp-content\/uploads\/2022\/07\/cuisine-style-japandi-minimaliste-bois-clair-design-300x169.jpg 300w, https:\/\/www.mobilier-design-occasion.fr\/magazine\/wp-content\/uploads\/2022\/07\/cuisine-style-japandi-minimaliste-bois-clair-design-768x432.jpg 768w, https:\/\/www.mobilier-design-occasion.fr\/magazine\/wp-content\/uploads\/2022\/07\/cuisine-style-japandi-minimaliste-bois-clair-design-810x456.jpg 810w, https:\/\/www.mobilier-design-occasion.fr\/magazine\/wp-content\/uploads\/2022\/07\/cuisine-style-japandi-minimaliste-bois-clair-design-1140x641.jpg 1140w, https:\/\/www.mobilier-design-occasion.fr\/magazine\/wp-content\/uploads\/2022\/07\/cuisine-style-japandi-minimaliste-bois-clair-design.jpg 1280w\" sizes=\"auto, (max-width: 1024px) 100vw, 1024px\" \/><figcaption>Bobochic Paris<\/figcaption><\/figure>\n<\/div>\n<\/div>\n\n\n\n<h2 class=\"wp-block-heading\"><span class=\"ez-toc-section\" id=\"La_tendance_Japandi_dans_la_salle_a_manger\"><\/span><strong>La tendance Japandi dans la salle \u00e0 manger<\/strong><span class=\"ez-toc-section-end\"><\/span><\/h2>\n\n\n\n<p>La tendance Japandi apporte une atmosph\u00e8re naturelle et chaleureuse \u00e0 la salle \u00e0 manger. Pour se faire, on opte pour des mobiliers en bois&nbsp;: noyer, rotin, bambou\u2026 compl\u00e9t\u00e9 par du lin, du m\u00e9tal ou du cuir. Le bois blond est toujours \u00e0 privil\u00e9gier, mais on le contraste avec un sol plus fonc\u00e9 pour un rendu harmonieux.<\/p>\n\n\n\n<div class=\"wp-block-columns is-layout-flex wp-container-core-columns-is-layout-9d6595d7 wp-block-columns-is-layout-flex\">\n<div class=\"wp-block-column is-layout-flow wp-block-column-is-layout-flow\">\n<figure class=\"wp-block-image size-large\"><img loading=\"lazy\" decoding=\"async\" width=\"1024\" height=\"616\" src=\"https:\/\/www.mobilier-design-occasion.fr\/magazine\/wp-content\/uploads\/2022\/07\/salle-a-manger-style-japandi-mobilier-bois-clair-mur-blanc-1024x616.jpg\" alt=\"\" class=\"wp-image-5631\" srcset=\"https:\/\/www.mobilier-design-occasion.fr\/magazine\/wp-content\/uploads\/2022\/07\/salle-a-manger-style-japandi-mobilier-bois-clair-mur-blanc-1024x616.jpg 1024w, https:\/\/www.mobilier-design-occasion.fr\/magazine\/wp-content\/uploads\/2022\/07\/salle-a-manger-style-japandi-mobilier-bois-clair-mur-blanc-300x180.jpg 300w, https:\/\/www.mobilier-design-occasion.fr\/magazine\/wp-content\/uploads\/2022\/07\/salle-a-manger-style-japandi-mobilier-bois-clair-mur-blanc-768x462.jpg 768w, https:\/\/www.mobilier-design-occasion.fr\/magazine\/wp-content\/uploads\/2022\/07\/salle-a-manger-style-japandi-mobilier-bois-clair-mur-blanc-810x487.jpg 810w, https:\/\/www.mobilier-design-occasion.fr\/magazine\/wp-content\/uploads\/2022\/07\/salle-a-manger-style-japandi-mobilier-bois-clair-mur-blanc-1140x686.jpg 1140w, https:\/\/www.mobilier-design-occasion.fr\/magazine\/wp-content\/uploads\/2022\/07\/salle-a-manger-style-japandi-mobilier-bois-clair-mur-blanc.jpg 1310w\" sizes=\"auto, (max-width: 1024px) 100vw, 1024px\" \/><figcaption>Option d&#8217;Int\u00e9rieur<\/figcaption><\/figure>\n<\/div>\n\n\n\n<div class=\"wp-block-column is-layout-flow wp-block-column-is-layout-flow\">\n<figure class=\"wp-block-image size-large\"><img loading=\"lazy\" decoding=\"async\" width=\"1024\" height=\"686\" src=\"https:\/\/www.mobilier-design-occasion.fr\/magazine\/wp-content\/uploads\/2022\/07\/salle-a-manger-inspiration-japandi-1024x686.jpg\" alt=\"\" class=\"wp-image-5632\" srcset=\"https:\/\/www.mobilier-design-occasion.fr\/magazine\/wp-content\/uploads\/2022\/07\/salle-a-manger-inspiration-japandi-1024x686.jpg 1024w, https:\/\/www.mobilier-design-occasion.fr\/magazine\/wp-content\/uploads\/2022\/07\/salle-a-manger-inspiration-japandi-300x201.jpg 300w, https:\/\/www.mobilier-design-occasion.fr\/magazine\/wp-content\/uploads\/2022\/07\/salle-a-manger-inspiration-japandi-768x515.jpg 768w, https:\/\/www.mobilier-design-occasion.fr\/magazine\/wp-content\/uploads\/2022\/07\/salle-a-manger-inspiration-japandi-810x543.jpg 810w, https:\/\/www.mobilier-design-occasion.fr\/magazine\/wp-content\/uploads\/2022\/07\/salle-a-manger-inspiration-japandi.jpg 1100w\" sizes=\"auto, (max-width: 1024px) 100vw, 1024px\" \/><figcaption>Cocon de d\u00e9coration<\/figcaption><\/figure>\n<\/div>\n<\/div>\n\n\n\n<h2 class=\"wp-block-heading\"><span class=\"ez-toc-section\" id=\"Le_style_Japandi_dans_la_chambre\"><\/span><strong>Le style Japandi dans la chambre<\/strong><span class=\"ez-toc-section-end\"><\/span><\/h2>\n\n\n\n<p>La <a href=\"https:\/\/www.mobilier-design-occasion.fr\/magazine\/5-elements-pour-amenager-une-chambre-montessori\/\">chambre<\/a> est la pi\u00e8ce id\u00e9ale pour int\u00e9grer le style Japandi. L\u2019ambiance zen, cocooning et apaisante du style convient parfaitement \u00e0 une chambre \u00e0 <a href=\"https:\/\/www.mobilier-design-occasion.fr\/magazine\/combien-dheures-de-sommeil-pour-mon-enfant\/\">coucher<\/a>. Pour le <a href=\"https:\/\/www.mobilier-design-occasion.fr\/magazine\/test-avis-sur-la-redoute-interieurs-am-pm\/\">mobilier<\/a>, on privil\u00e9gie plus les teintes claires du bois. Pour les rev\u00eatements, on peut opter pour du b\u00e9ton cir\u00e9, du bois ou des pierres.<\/p>\n\n\n\n<div class=\"wp-block-columns is-layout-flex wp-container-core-columns-is-layout-9d6595d7 wp-block-columns-is-layout-flex\">\n<div class=\"wp-block-column is-layout-flow wp-block-column-is-layout-flow\">\n<figure class=\"wp-block-image size-full\"><img loading=\"lazy\" decoding=\"async\" width=\"640\" height=\"853\" src=\"https:\/\/www.mobilier-design-occasion.fr\/magazine\/wp-content\/uploads\/2022\/07\/R.jpg\" alt=\"\" class=\"wp-image-5637\" srcset=\"https:\/\/www.mobilier-design-occasion.fr\/magazine\/wp-content\/uploads\/2022\/07\/R.jpg 640w, https:\/\/www.mobilier-design-occasion.fr\/magazine\/wp-content\/uploads\/2022\/07\/R-225x300.jpg 225w\" sizes=\"auto, (max-width: 640px) 100vw, 640px\" \/><figcaption>Pinterest<\/figcaption><\/figure>\n<\/div>\n\n\n\n<div class=\"wp-block-column is-layout-flow wp-block-column-is-layout-flow\">\n<figure class=\"wp-block-image size-full\"><img loading=\"lazy\" decoding=\"async\" width=\"735\" height=\"678\" src=\"https:\/\/www.mobilier-design-occasion.fr\/magazine\/wp-content\/uploads\/2022\/07\/chambre_japandi.png\" alt=\"\" class=\"wp-image-5636\" srcset=\"https:\/\/www.mobilier-design-occasion.fr\/magazine\/wp-content\/uploads\/2022\/07\/chambre_japandi.png 735w, https:\/\/www.mobilier-design-occasion.fr\/magazine\/wp-content\/uploads\/2022\/07\/chambre_japandi-300x277.png 300w\" sizes=\"auto, (max-width: 735px) 100vw, 735px\" \/><figcaption>Storiste de <a href=\"https:\/\/www.mobilier-design-occasion.fr\/magazine\/test-avis-sur-ripaton\/\">France<\/a><\/figcaption><\/figure>\n<\/div>\n<\/div>\n","protected":false},"excerpt":{"rendered":"<p>Qu\u2019est-ce que la tendance Japandi&nbsp;? La tendance Japandi est la combinaison du minimalisme scandinave et l\u2019esprit japonais. Le mot Japandi vient d\u2019ailleurs des mots \u00ab\u00a0Japon\u00a0\u00bb et \u00ab\u00a0Scandinavie\u00a0\u00bb. Le style Japandi est un m\u00e9lange du hygge danois et du wabi-sabi japonais. Cette tendance allie fonctionnalit\u00e9, simplicit\u00e9, qualit\u00e9 de vie et confortabilit\u00e9. Le hygge danois et le [&hellip;]<\/p>\n","protected":false},"author":1,"featured_media":5693,"comment_status":"open","ping_status":"open","sticky":false,"template":"","format":"standard","meta":{"footnotes":""},"categories":[2],"tags":[],"class_list":["post-5615","post","type-post","status-publish","format-standard","has-post-thumbnail","hentry","category-tendances"],"yoast_head":"<!-- This site is optimized with the Yoast SEO plugin v27.5 - https:\/\/yoast.com\/product\/yoast-seo-wordpress\/ -->\n<title>Japandi: tout ce que vous devez savoir sur la tendance d\u00e9co minimaliste dont tout le monde parle! - Mobilier Design Magazine<\/title>\n<meta name=\"robots\" content=\"index, follow, max-snippet:-1, max-image-preview:large, max-video-preview:-1\" \/>\n<link rel=\"canonical\" href=\"https:\/\/www.mobilier-design-occasion.fr\/magazine\/japandi-tout-ce-que-vous-devez-savoir-sur-la-tendance-deco-minimaliste-dont-tout-le-monde-parle\/\" \/>\n<meta property=\"og:locale\" content=\"fr_FR\" \/>\n<meta property=\"og:type\" content=\"article\" \/>\n<meta property=\"og:title\" content=\"Japandi: tout ce que vous devez savoir sur la tendance d\u00e9co minimaliste dont tout le monde parle! - Mobilier Design Magazine\" \/>\n<meta property=\"og:description\" content=\"Qu\u2019est-ce que la tendance Japandi&nbsp;? La tendance Japandi est la combinaison du minimalisme scandinave et l\u2019esprit japonais. Le mot Japandi vient d\u2019ailleurs des mots \u00ab\u00a0Japon\u00a0\u00bb et \u00ab\u00a0Scandinavie\u00a0\u00bb. Le style Japandi est un m\u00e9lange du hygge danois et du wabi-sabi japonais. Cette tendance allie fonctionnalit\u00e9, simplicit\u00e9, qualit\u00e9 de vie et confortabilit\u00e9. Le hygge danois et le [&hellip;]\" \/>\n<meta property=\"og:url\" content=\"https:\/\/www.mobilier-design-occasion.fr\/magazine\/japandi-tout-ce-que-vous-devez-savoir-sur-la-tendance-deco-minimaliste-dont-tout-le-monde-parle\/\" \/>\n<meta property=\"og:site_name\" content=\"Mobilier Design Magazine\" \/>\n<meta property=\"article:publisher\" content=\"https:\/\/www.facebook.com\/mobilierdesignoccasion\" \/>\n<meta property=\"article:published_time\" content=\"2022-08-02T06:45:01+00:00\" \/>\n<meta property=\"article:modified_time\" content=\"2022-08-02T06:45:18+00:00\" \/>\n<meta property=\"og:image\" content=\"https:\/\/www.mobilier-design-occasion.fr\/magazine\/wp-content\/uploads\/2022\/07\/48325189950e0ac8e927d7e3bedbf286.jpg\" \/>\n\t<meta property=\"og:image:width\" content=\"564\" \/>\n\t<meta property=\"og:image:height\" content=\"699\" \/>\n\t<meta property=\"og:image:type\" content=\"image\/jpeg\" \/>\n<meta name=\"author\" content=\"Cyrielle Poirot\" \/>\n<meta name=\"twitter:card\" content=\"summary_large_image\" \/>\n<meta name=\"twitter:label1\" content=\"\u00c9crit par\" \/>\n\t<meta name=\"twitter:data1\" content=\"Cyrielle Poirot\" \/>\n\t<meta name=\"twitter:label2\" content=\"Dur\u00e9e de lecture estim\u00e9e\" \/>\n\t<meta name=\"twitter:data2\" content=\"4 minutes\" \/>\n<script type=\"application\/ld+json\" class=\"yoast-schema-graph\">{\"@context\":\"https:\\\/\\\/schema.org\",\"@graph\":[{\"@type\":\"Article\",\"@id\":\"https:\\\/\\\/www.mobilier-design-occasion.fr\\\/magazine\\\/japandi-tout-ce-que-vous-devez-savoir-sur-la-tendance-deco-minimaliste-dont-tout-le-monde-parle\\\/#article\",\"isPartOf\":{\"@id\":\"https:\\\/\\\/www.mobilier-design-occasion.fr\\\/magazine\\\/japandi-tout-ce-que-vous-devez-savoir-sur-la-tendance-deco-minimaliste-dont-tout-le-monde-parle\\\/\"},\"author\":{\"name\":\"Cyrielle Poirot\",\"@id\":\"https:\\\/\\\/www.mobilier-design-occasion.fr\\\/magazine\\\/#\\\/schema\\\/person\\\/5b2e5627a714ddadaaf8c9b886c55eff\"},\"headline\":\"Japandi: tout ce que vous devez savoir sur la tendance d\u00e9co minimaliste dont tout le monde parle!\",\"datePublished\":\"2022-08-02T06:45:01+00:00\",\"dateModified\":\"2022-08-02T06:45:18+00:00\",\"mainEntityOfPage\":{\"@id\":\"https:\\\/\\\/www.mobilier-design-occasion.fr\\\/magazine\\\/japandi-tout-ce-que-vous-devez-savoir-sur-la-tendance-deco-minimaliste-dont-tout-le-monde-parle\\\/\"},\"wordCount\":791,\"commentCount\":0,\"publisher\":{\"@id\":\"https:\\\/\\\/www.mobilier-design-occasion.fr\\\/magazine\\\/#organization\"},\"image\":{\"@id\":\"https:\\\/\\\/www.mobilier-design-occasion.fr\\\/magazine\\\/japandi-tout-ce-que-vous-devez-savoir-sur-la-tendance-deco-minimaliste-dont-tout-le-monde-parle\\\/#primaryimage\"},\"thumbnailUrl\":\"https:\\\/\\\/www.mobilier-design-occasion.fr\\\/magazine\\\/wp-content\\\/uploads\\\/2022\\\/07\\\/48325189950e0ac8e927d7e3bedbf286.jpg\",\"articleSection\":[\"Tendances\"],\"inLanguage\":\"fr-FR\",\"potentialAction\":[{\"@type\":\"CommentAction\",\"name\":\"Comment\",\"target\":[\"https:\\\/\\\/www.mobilier-design-occasion.fr\\\/magazine\\\/japandi-tout-ce-que-vous-devez-savoir-sur-la-tendance-deco-minimaliste-dont-tout-le-monde-parle\\\/#respond\"]}]},{\"@type\":\"WebPage\",\"@id\":\"https:\\\/\\\/www.mobilier-design-occasion.fr\\\/magazine\\\/japandi-tout-ce-que-vous-devez-savoir-sur-la-tendance-deco-minimaliste-dont-tout-le-monde-parle\\\/\",\"url\":\"https:\\\/\\\/www.mobilier-design-occasion.fr\\\/magazine\\\/japandi-tout-ce-que-vous-devez-savoir-sur-la-tendance-deco-minimaliste-dont-tout-le-monde-parle\\\/\",\"name\":\"Japandi: tout ce que vous devez savoir sur la tendance d\u00e9co minimaliste dont tout le monde parle! - Mobilier Design Magazine\",\"isPartOf\":{\"@id\":\"https:\\\/\\\/www.mobilier-design-occasion.fr\\\/magazine\\\/#website\"},\"primaryImageOfPage\":{\"@id\":\"https:\\\/\\\/www.mobilier-design-occasion.fr\\\/magazine\\\/japandi-tout-ce-que-vous-devez-savoir-sur-la-tendance-deco-minimaliste-dont-tout-le-monde-parle\\\/#primaryimage\"},\"image\":{\"@id\":\"https:\\\/\\\/www.mobilier-design-occasion.fr\\\/magazine\\\/japandi-tout-ce-que-vous-devez-savoir-sur-la-tendance-deco-minimaliste-dont-tout-le-monde-parle\\\/#primaryimage\"},\"thumbnailUrl\":\"https:\\\/\\\/www.mobilier-design-occasion.fr\\\/magazine\\\/wp-content\\\/uploads\\\/2022\\\/07\\\/48325189950e0ac8e927d7e3bedbf286.jpg\",\"datePublished\":\"2022-08-02T06:45:01+00:00\",\"dateModified\":\"2022-08-02T06:45:18+00:00\",\"breadcrumb\":{\"@id\":\"https:\\\/\\\/www.mobilier-design-occasion.fr\\\/magazine\\\/japandi-tout-ce-que-vous-devez-savoir-sur-la-tendance-deco-minimaliste-dont-tout-le-monde-parle\\\/#breadcrumb\"},\"inLanguage\":\"fr-FR\",\"potentialAction\":[{\"@type\":\"ReadAction\",\"target\":[\"https:\\\/\\\/www.mobilier-design-occasion.fr\\\/magazine\\\/japandi-tout-ce-que-vous-devez-savoir-sur-la-tendance-deco-minimaliste-dont-tout-le-monde-parle\\\/\"]}]},{\"@type\":\"ImageObject\",\"inLanguage\":\"fr-FR\",\"@id\":\"https:\\\/\\\/www.mobilier-design-occasion.fr\\\/magazine\\\/japandi-tout-ce-que-vous-devez-savoir-sur-la-tendance-deco-minimaliste-dont-tout-le-monde-parle\\\/#primaryimage\",\"url\":\"https:\\\/\\\/www.mobilier-design-occasion.fr\\\/magazine\\\/wp-content\\\/uploads\\\/2022\\\/07\\\/48325189950e0ac8e927d7e3bedbf286.jpg\",\"contentUrl\":\"https:\\\/\\\/www.mobilier-design-occasion.fr\\\/magazine\\\/wp-content\\\/uploads\\\/2022\\\/07\\\/48325189950e0ac8e927d7e3bedbf286.jpg\",\"width\":564,\"height\":699},{\"@type\":\"BreadcrumbList\",\"@id\":\"https:\\\/\\\/www.mobilier-design-occasion.fr\\\/magazine\\\/japandi-tout-ce-que-vous-devez-savoir-sur-la-tendance-deco-minimaliste-dont-tout-le-monde-parle\\\/#breadcrumb\",\"itemListElement\":[{\"@type\":\"ListItem\",\"position\":1,\"name\":\"Accueil\",\"item\":\"https:\\\/\\\/www.mobilier-design-occasion.fr\\\/magazine\\\/\"},{\"@type\":\"ListItem\",\"position\":2,\"name\":\"Japandi: tout ce que vous devez savoir sur la tendance d\u00e9co minimaliste dont tout le monde parle!\"}]},{\"@type\":\"WebSite\",\"@id\":\"https:\\\/\\\/www.mobilier-design-occasion.fr\\\/magazine\\\/#website\",\"url\":\"https:\\\/\\\/www.mobilier-design-occasion.fr\\\/magazine\\\/\",\"name\":\"Mobilier Design Magazine\",\"description\":\"\",\"publisher\":{\"@id\":\"https:\\\/\\\/www.mobilier-design-occasion.fr\\\/magazine\\\/#organization\"},\"potentialAction\":[{\"@type\":\"SearchAction\",\"target\":{\"@type\":\"EntryPoint\",\"urlTemplate\":\"https:\\\/\\\/www.mobilier-design-occasion.fr\\\/magazine\\\/?s={search_term_string}\"},\"query-input\":{\"@type\":\"PropertyValueSpecification\",\"valueRequired\":true,\"valueName\":\"search_term_string\"}}],\"inLanguage\":\"fr-FR\"},{\"@type\":\"Organization\",\"@id\":\"https:\\\/\\\/www.mobilier-design-occasion.fr\\\/magazine\\\/#organization\",\"name\":\"Mobilier Design Magazine\",\"url\":\"https:\\\/\\\/www.mobilier-design-occasion.fr\\\/magazine\\\/\",\"logo\":{\"@type\":\"ImageObject\",\"inLanguage\":\"fr-FR\",\"@id\":\"https:\\\/\\\/www.mobilier-design-occasion.fr\\\/magazine\\\/#\\\/schema\\\/logo\\\/image\\\/\",\"url\":\"https:\\\/\\\/www.mobilier-design-occasion.fr\\\/magazine\\\/wp-content\\\/uploads\\\/2024\\\/02\\\/android-chrome-192x192-1.png\",\"contentUrl\":\"https:\\\/\\\/www.mobilier-design-occasion.fr\\\/magazine\\\/wp-content\\\/uploads\\\/2024\\\/02\\\/android-chrome-192x192-1.png\",\"width\":192,\"height\":192,\"caption\":\"Mobilier Design Magazine\"},\"image\":{\"@id\":\"https:\\\/\\\/www.mobilier-design-occasion.fr\\\/magazine\\\/#\\\/schema\\\/logo\\\/image\\\/\"},\"sameAs\":[\"https:\\\/\\\/www.facebook.com\\\/mobilierdesignoccasion\"]},{\"@type\":\"Person\",\"@id\":\"https:\\\/\\\/www.mobilier-design-occasion.fr\\\/magazine\\\/#\\\/schema\\\/person\\\/5b2e5627a714ddadaaf8c9b886c55eff\",\"name\":\"Cyrielle Poirot\",\"image\":{\"@type\":\"ImageObject\",\"inLanguage\":\"fr-FR\",\"@id\":\"https:\\\/\\\/secure.gravatar.com\\\/avatar\\\/c8d2674e093b06894d8d1dc468b626bd752523471f3ac6e75f7c7a1400d40b4d?s=96&d=mm&r=g\",\"url\":\"https:\\\/\\\/secure.gravatar.com\\\/avatar\\\/c8d2674e093b06894d8d1dc468b626bd752523471f3ac6e75f7c7a1400d40b4d?s=96&d=mm&r=g\",\"contentUrl\":\"https:\\\/\\\/secure.gravatar.com\\\/avatar\\\/c8d2674e093b06894d8d1dc468b626bd752523471f3ac6e75f7c7a1400d40b4d?s=96&d=mm&r=g\",\"caption\":\"Cyrielle Poirot\"},\"description\":\"Cyrielle est passionn\u00e9e par la d\u00e9coration d'int\u00e9rieur et s'est sp\u00e9cialis\u00e9e depuis quelques ann\u00e9es dans l'\u00e9dition du site Mobilier-Design, avec une touche sp\u00e9cifique pour les produits d'occasion.\",\"sameAs\":[\"https:\\\/\\\/www.mobilier-design-occasion.fr\\\/magazine\"],\"url\":\"https:\\\/\\\/www.mobilier-design-occasion.fr\\\/magazine\\\/author\\\/cyrielle\\\/\"}]}<\/script>\n<!-- \/ Yoast SEO plugin. -->","yoast_head_json":{"title":"Japandi: tout ce que vous devez savoir sur la tendance d\u00e9co minimaliste dont tout le monde parle! - Mobilier Design Magazine","robots":{"index":"index","follow":"follow","max-snippet":"max-snippet:-1","max-image-preview":"max-image-preview:large","max-video-preview":"max-video-preview:-1"},"canonical":"https:\/\/www.mobilier-design-occasion.fr\/magazine\/japandi-tout-ce-que-vous-devez-savoir-sur-la-tendance-deco-minimaliste-dont-tout-le-monde-parle\/","og_locale":"fr_FR","og_type":"article","og_title":"Japandi: tout ce que vous devez savoir sur la tendance d\u00e9co minimaliste dont tout le monde parle! - Mobilier Design Magazine","og_description":"Qu\u2019est-ce que la tendance Japandi&nbsp;? La tendance Japandi est la combinaison du minimalisme scandinave et l\u2019esprit japonais. Le mot Japandi vient d\u2019ailleurs des mots \u00ab\u00a0Japon\u00a0\u00bb et \u00ab\u00a0Scandinavie\u00a0\u00bb. Le style Japandi est un m\u00e9lange du hygge danois et du wabi-sabi japonais. Cette tendance allie fonctionnalit\u00e9, simplicit\u00e9, qualit\u00e9 de vie et confortabilit\u00e9. Le hygge danois et le [&hellip;]","og_url":"https:\/\/www.mobilier-design-occasion.fr\/magazine\/japandi-tout-ce-que-vous-devez-savoir-sur-la-tendance-deco-minimaliste-dont-tout-le-monde-parle\/","og_site_name":"Mobilier Design Magazine","article_publisher":"https:\/\/www.facebook.com\/mobilierdesignoccasion","article_published_time":"2022-08-02T06:45:01+00:00","article_modified_time":"2022-08-02T06:45:18+00:00","og_image":[{"width":564,"height":699,"url":"https:\/\/www.mobilier-design-occasion.fr\/magazine\/wp-content\/uploads\/2022\/07\/48325189950e0ac8e927d7e3bedbf286.jpg","type":"image\/jpeg"}],"author":"Cyrielle Poirot","twitter_card":"summary_large_image","twitter_misc":{"\u00c9crit par":"Cyrielle Poirot","Dur\u00e9e de lecture estim\u00e9e":"4 minutes"},"schema":{"@context":"https:\/\/schema.org","@graph":[{"@type":"Article","@id":"https:\/\/www.mobilier-design-occasion.fr\/magazine\/japandi-tout-ce-que-vous-devez-savoir-sur-la-tendance-deco-minimaliste-dont-tout-le-monde-parle\/#article","isPartOf":{"@id":"https:\/\/www.mobilier-design-occasion.fr\/magazine\/japandi-tout-ce-que-vous-devez-savoir-sur-la-tendance-deco-minimaliste-dont-tout-le-monde-parle\/"},"author":{"name":"Cyrielle Poirot","@id":"https:\/\/www.mobilier-design-occasion.fr\/magazine\/#\/schema\/person\/5b2e5627a714ddadaaf8c9b886c55eff"},"headline":"Japandi: tout ce que vous devez savoir sur la tendance d\u00e9co minimaliste dont tout le monde parle!","datePublished":"2022-08-02T06:45:01+00:00","dateModified":"2022-08-02T06:45:18+00:00","mainEntityOfPage":{"@id":"https:\/\/www.mobilier-design-occasion.fr\/magazine\/japandi-tout-ce-que-vous-devez-savoir-sur-la-tendance-deco-minimaliste-dont-tout-le-monde-parle\/"},"wordCount":791,"commentCount":0,"publisher":{"@id":"https:\/\/www.mobilier-design-occasion.fr\/magazine\/#organization"},"image":{"@id":"https:\/\/www.mobilier-design-occasion.fr\/magazine\/japandi-tout-ce-que-vous-devez-savoir-sur-la-tendance-deco-minimaliste-dont-tout-le-monde-parle\/#primaryimage"},"thumbnailUrl":"https:\/\/www.mobilier-design-occasion.fr\/magazine\/wp-content\/uploads\/2022\/07\/48325189950e0ac8e927d7e3bedbf286.jpg","articleSection":["Tendances"],"inLanguage":"fr-FR","potentialAction":[{"@type":"CommentAction","name":"Comment","target":["https:\/\/www.mobilier-design-occasion.fr\/magazine\/japandi-tout-ce-que-vous-devez-savoir-sur-la-tendance-deco-minimaliste-dont-tout-le-monde-parle\/#respond"]}]},{"@type":"WebPage","@id":"https:\/\/www.mobilier-design-occasion.fr\/magazine\/japandi-tout-ce-que-vous-devez-savoir-sur-la-tendance-deco-minimaliste-dont-tout-le-monde-parle\/","url":"https:\/\/www.mobilier-design-occasion.fr\/magazine\/japandi-tout-ce-que-vous-devez-savoir-sur-la-tendance-deco-minimaliste-dont-tout-le-monde-parle\/","name":"Japandi: tout ce que vous devez savoir sur la tendance d\u00e9co minimaliste dont tout le monde parle! - Mobilier Design Magazine","isPartOf":{"@id":"https:\/\/www.mobilier-design-occasion.fr\/magazine\/#website"},"primaryImageOfPage":{"@id":"https:\/\/www.mobilier-design-occasion.fr\/magazine\/japandi-tout-ce-que-vous-devez-savoir-sur-la-tendance-deco-minimaliste-dont-tout-le-monde-parle\/#primaryimage"},"image":{"@id":"https:\/\/www.mobilier-design-occasion.fr\/magazine\/japandi-tout-ce-que-vous-devez-savoir-sur-la-tendance-deco-minimaliste-dont-tout-le-monde-parle\/#primaryimage"},"thumbnailUrl":"https:\/\/www.mobilier-design-occasion.fr\/magazine\/wp-content\/uploads\/2022\/07\/48325189950e0ac8e927d7e3bedbf286.jpg","datePublished":"2022-08-02T06:45:01+00:00","dateModified":"2022-08-02T06:45:18+00:00","breadcrumb":{"@id":"https:\/\/www.mobilier-design-occasion.fr\/magazine\/japandi-tout-ce-que-vous-devez-savoir-sur-la-tendance-deco-minimaliste-dont-tout-le-monde-parle\/#breadcrumb"},"inLanguage":"fr-FR","potentialAction":[{"@type":"ReadAction","target":["https:\/\/www.mobilier-design-occasion.fr\/magazine\/japandi-tout-ce-que-vous-devez-savoir-sur-la-tendance-deco-minimaliste-dont-tout-le-monde-parle\/"]}]},{"@type":"ImageObject","inLanguage":"fr-FR","@id":"https:\/\/www.mobilier-design-occasion.fr\/magazine\/japandi-tout-ce-que-vous-devez-savoir-sur-la-tendance-deco-minimaliste-dont-tout-le-monde-parle\/#primaryimage","url":"https:\/\/www.mobilier-design-occasion.fr\/magazine\/wp-content\/uploads\/2022\/07\/48325189950e0ac8e927d7e3bedbf286.jpg","contentUrl":"https:\/\/www.mobilier-design-occasion.fr\/magazine\/wp-content\/uploads\/2022\/07\/48325189950e0ac8e927d7e3bedbf286.jpg","width":564,"height":699},{"@type":"BreadcrumbList","@id":"https:\/\/www.mobilier-design-occasion.fr\/magazine\/japandi-tout-ce-que-vous-devez-savoir-sur-la-tendance-deco-minimaliste-dont-tout-le-monde-parle\/#breadcrumb","itemListElement":[{"@type":"ListItem","position":1,"name":"Accueil","item":"https:\/\/www.mobilier-design-occasion.fr\/magazine\/"},{"@type":"ListItem","position":2,"name":"Japandi: tout ce que vous devez savoir sur la tendance d\u00e9co minimaliste dont tout le monde parle!"}]},{"@type":"WebSite","@id":"https:\/\/www.mobilier-design-occasion.fr\/magazine\/#website","url":"https:\/\/www.mobilier-design-occasion.fr\/magazine\/","name":"Mobilier Design Magazine","description":"","publisher":{"@id":"https:\/\/www.mobilier-design-occasion.fr\/magazine\/#organization"},"potentialAction":[{"@type":"SearchAction","target":{"@type":"EntryPoint","urlTemplate":"https:\/\/www.mobilier-design-occasion.fr\/magazine\/?s={search_term_string}"},"query-input":{"@type":"PropertyValueSpecification","valueRequired":true,"valueName":"search_term_string"}}],"inLanguage":"fr-FR"},{"@type":"Organization","@id":"https:\/\/www.mobilier-design-occasion.fr\/magazine\/#organization","name":"Mobilier Design Magazine","url":"https:\/\/www.mobilier-design-occasion.fr\/magazine\/","logo":{"@type":"ImageObject","inLanguage":"fr-FR","@id":"https:\/\/www.mobilier-design-occasion.fr\/magazine\/#\/schema\/logo\/image\/","url":"https:\/\/www.mobilier-design-occasion.fr\/magazine\/wp-content\/uploads\/2024\/02\/android-chrome-192x192-1.png","contentUrl":"https:\/\/www.mobilier-design-occasion.fr\/magazine\/wp-content\/uploads\/2024\/02\/android-chrome-192x192-1.png","width":192,"height":192,"caption":"Mobilier Design Magazine"},"image":{"@id":"https:\/\/www.mobilier-design-occasion.fr\/magazine\/#\/schema\/logo\/image\/"},"sameAs":["https:\/\/www.facebook.com\/mobilierdesignoccasion"]},{"@type":"Person","@id":"https:\/\/www.mobilier-design-occasion.fr\/magazine\/#\/schema\/person\/5b2e5627a714ddadaaf8c9b886c55eff","name":"Cyrielle Poirot","image":{"@type":"ImageObject","inLanguage":"fr-FR","@id":"https:\/\/secure.gravatar.com\/avatar\/c8d2674e093b06894d8d1dc468b626bd752523471f3ac6e75f7c7a1400d40b4d?s=96&d=mm&r=g","url":"https:\/\/secure.gravatar.com\/avatar\/c8d2674e093b06894d8d1dc468b626bd752523471f3ac6e75f7c7a1400d40b4d?s=96&d=mm&r=g","contentUrl":"https:\/\/secure.gravatar.com\/avatar\/c8d2674e093b06894d8d1dc468b626bd752523471f3ac6e75f7c7a1400d40b4d?s=96&d=mm&r=g","caption":"Cyrielle Poirot"},"description":"Cyrielle est passionn\u00e9e par la d\u00e9coration d'int\u00e9rieur et s'est sp\u00e9cialis\u00e9e depuis quelques ann\u00e9es dans l'\u00e9dition du site Mobilier-Design, avec une touche sp\u00e9cifique pour les produits d'occasion.","sameAs":["https:\/\/www.mobilier-design-occasion.fr\/magazine"],"url":"https:\/\/www.mobilier-design-occasion.fr\/magazine\/author\/cyrielle\/"}]}},"_links":{"self":[{"href":"https:\/\/www.mobilier-design-occasion.fr\/magazine\/wp-json\/wp\/v2\/posts\/5615","targetHints":{"allow":["GET"]}}],"collection":[{"href":"https:\/\/www.mobilier-design-occasion.fr\/magazine\/wp-json\/wp\/v2\/posts"}],"about":[{"href":"https:\/\/www.mobilier-design-occasion.fr\/magazine\/wp-json\/wp\/v2\/types\/post"}],"author":[{"embeddable":true,"href":"https:\/\/www.mobilier-design-occasion.fr\/magazine\/wp-json\/wp\/v2\/users\/1"}],"replies":[{"embeddable":true,"href":"https:\/\/www.mobilier-design-occasion.fr\/magazine\/wp-json\/wp\/v2\/comments?post=5615"}],"version-history":[{"count":10,"href":"https:\/\/www.mobilier-design-occasion.fr\/magazine\/wp-json\/wp\/v2\/posts\/5615\/revisions"}],"predecessor-version":[{"id":5694,"href":"https:\/\/www.mobilier-design-occasion.fr\/magazine\/wp-json\/wp\/v2\/posts\/5615\/revisions\/5694"}],"wp:featuredmedia":[{"embeddable":true,"href":"https:\/\/www.mobilier-design-occasion.fr\/magazine\/wp-json\/wp\/v2\/media\/5693"}],"wp:attachment":[{"href":"https:\/\/www.mobilier-design-occasion.fr\/magazine\/wp-json\/wp\/v2\/media?parent=5615"}],"wp:term":[{"taxonomy":"category","embeddable":true,"href":"https:\/\/www.mobilier-design-occasion.fr\/magazine\/wp-json\/wp\/v2\/categories?post=5615"},{"taxonomy":"post_tag","embeddable":true,"href":"https:\/\/www.mobilier-design-occasion.fr\/magazine\/wp-json\/wp\/v2\/tags?post=5615"}],"curies":[{"name":"wp","href":"https:\/\/api.w.org\/{rel}","templated":true}]}}