{"id":5593,"date":"2022-07-29T08:21:51","date_gmt":"2022-07-29T08:21:51","guid":{"rendered":"https:\/\/www.mobilier-design-occasion.fr\/magazine\/?p=5593"},"modified":"2023-09-25T13:40:10","modified_gmt":"2023-09-25T13:40:10","slug":"le-fauteuil-oeuf-darne-jacobsen-la-piece-design-la-plus-celebre-depuis-plus-dun-demi-siecle","status":"publish","type":"post","link":"https:\/\/www.mobilier-design-occasion.fr\/magazine\/le-fauteuil-oeuf-darne-jacobsen-la-piece-design-la-plus-celebre-depuis-plus-dun-demi-siecle\/","title":{"rendered":"Le fauteuil \u0153uf d&#8217;Arne Jacobsen: la pi\u00e8ce design la plus c\u00e9l\u00e8bre depuis plus d&#8217;un demi-si\u00e8cle!"},"content":{"rendered":"\n<h2 class=\"wp-block-heading\"><span class=\"ez-toc-section\" id=\"Quelle_est_lhistoire_du_fauteuil_oeuf\"><\/span><strong>Quelle est l\u2019histoire du fauteuil \u0153uf?<\/strong><span class=\"ez-toc-section-end\"><\/span><\/h2><div id=\"ez-toc-container\" class=\"ez-toc-v2_0_82_2 counter-hierarchy ez-toc-counter ez-toc-grey ez-toc-container-direction\">\n<div class=\"ez-toc-title-container\">\n<span class=\"ez-toc-title-toggle\"><a href=\"#\" class=\"ez-toc-pull-right ez-toc-btn ez-toc-btn-xs ez-toc-btn-default ez-toc-toggle\" aria-label=\"Toggle Table of Content\"><span class=\"ez-toc-js-icon-con\"><span class=\"\"><span class=\"eztoc-hide\" style=\"display:none;\">Toggle<\/span><span class=\"ez-toc-icon-toggle-span\"><svg style=\"fill: #999;color:#999\" xmlns=\"http:\/\/www.w3.org\/2000\/svg\" class=\"list-377408\" width=\"20px\" height=\"20px\" viewBox=\"0 0 24 24\" fill=\"none\"><path d=\"M6 6H4v2h2V6zm14 0H8v2h12V6zM4 11h2v2H4v-2zm16 0H8v2h12v-2zM4 16h2v2H4v-2zm16 0H8v2h12v-2z\" fill=\"currentColor\"><\/path><\/svg><svg style=\"fill: #999;color:#999\" class=\"arrow-unsorted-368013\" xmlns=\"http:\/\/www.w3.org\/2000\/svg\" width=\"10px\" height=\"10px\" viewBox=\"0 0 24 24\" version=\"1.2\" baseProfile=\"tiny\"><path d=\"M18.2 9.3l-6.2-6.3-6.2 6.3c-.2.2-.3.4-.3.7s.1.5.3.7c.2.2.4.3.7.3h11c.3 0 .5-.1.7-.3.2-.2.3-.5.3-.7s-.1-.5-.3-.7zM5.8 14.7l6.2 6.3 6.2-6.3c.2-.2.3-.5.3-.7s-.1-.5-.3-.7c-.2-.2-.4-.3-.7-.3h-11c-.3 0-.5.1-.7.3-.2.2-.3.5-.3.7s.1.5.3.7z\"\/><\/svg><\/span><\/span><\/span><\/a><\/span><\/div>\n<nav><ul class='ez-toc-list ez-toc-list-level-1 eztoc-toggle-hide-by-default' ><li class='ez-toc-page-1 ez-toc-heading-level-2'><a class=\"ez-toc-link ez-toc-heading-1\" href=\"https:\/\/www.mobilier-design-occasion.fr\/magazine\/le-fauteuil-oeuf-darne-jacobsen-la-piece-design-la-plus-celebre-depuis-plus-dun-demi-siecle\/#Quelle_est_lhistoire_du_fauteuil_oeuf\" >Quelle est l\u2019histoire du fauteuil \u0153uf?<\/a><\/li><li class='ez-toc-page-1 ez-toc-heading-level-2'><a class=\"ez-toc-link ez-toc-heading-2\" href=\"https:\/\/www.mobilier-design-occasion.fr\/magazine\/le-fauteuil-oeuf-darne-jacobsen-la-piece-design-la-plus-celebre-depuis-plus-dun-demi-siecle\/#Quelles_sont_les_differentes_versions_du_fauteuil_oeuf\" >Quelles sont les diff\u00e9rentes versions du fauteuil \u0153uf&nbsp;?<\/a><\/li><li class='ez-toc-page-1 ez-toc-heading-level-2'><a class=\"ez-toc-link ez-toc-heading-3\" href=\"https:\/\/www.mobilier-design-occasion.fr\/magazine\/le-fauteuil-oeuf-darne-jacobsen-la-piece-design-la-plus-celebre-depuis-plus-dun-demi-siecle\/#Quelles_sont_les_caracteristiques_du_fauteuil_oeuf\" >Quelles sont les caract\u00e9ristiques du fauteuil \u0153uf&nbsp;?<\/a><ul class='ez-toc-list-level-3' ><li class='ez-toc-heading-level-3'><a class=\"ez-toc-link ez-toc-heading-4\" href=\"https:\/\/www.mobilier-design-occasion.fr\/magazine\/le-fauteuil-oeuf-darne-jacobsen-la-piece-design-la-plus-celebre-depuis-plus-dun-demi-siecle\/#Les_dimensions\" >Les dimensions<\/a><\/li><li class='ez-toc-page-1 ez-toc-heading-level-3'><a class=\"ez-toc-link ez-toc-heading-5\" href=\"https:\/\/www.mobilier-design-occasion.fr\/magazine\/le-fauteuil-oeuf-darne-jacobsen-la-piece-design-la-plus-celebre-depuis-plus-dun-demi-siecle\/#Les_matieres\" >Les mati\u00e8res<\/a><\/li><li class='ez-toc-page-1 ez-toc-heading-level-3'><a class=\"ez-toc-link ez-toc-heading-6\" href=\"https:\/\/www.mobilier-design-occasion.fr\/magazine\/le-fauteuil-oeuf-darne-jacobsen-la-piece-design-la-plus-celebre-depuis-plus-dun-demi-siecle\/#Les_couleurs\" >Les couleurs<\/a><\/li><\/ul><\/li><li class='ez-toc-page-1 ez-toc-heading-level-2'><a class=\"ez-toc-link ez-toc-heading-7\" href=\"https:\/\/www.mobilier-design-occasion.fr\/magazine\/le-fauteuil-oeuf-darne-jacobsen-la-piece-design-la-plus-celebre-depuis-plus-dun-demi-siecle\/#Comment_integrer_le_fauteuil_oeuf_dans_sa_decoration\" >Comment int\u00e9grer le fauteuil \u0153uf dans sa d\u00e9coration&nbsp;?<\/a><\/li><li class='ez-toc-page-1 ez-toc-heading-level-2'><a class=\"ez-toc-link ez-toc-heading-8\" href=\"https:\/\/www.mobilier-design-occasion.fr\/magazine\/le-fauteuil-oeuf-darne-jacobsen-la-piece-design-la-plus-celebre-depuis-plus-dun-demi-siecle\/#Notre_selection_des_meilleurs_fauteuils_oeufs\" >Notre s\u00e9lection des meilleurs fauteuils \u0153ufs<\/a><ul class='ez-toc-list-level-3' ><li class='ez-toc-heading-level-3'><a class=\"ez-toc-link ez-toc-heading-9\" href=\"https:\/\/www.mobilier-design-occasion.fr\/magazine\/le-fauteuil-oeuf-darne-jacobsen-la-piece-design-la-plus-celebre-depuis-plus-dun-demi-siecle\/#Pourquoi_acheter_un_fauteuil_oeuf\" >Pourquoi acheter un fauteuil \u0153uf ?<\/a><\/li><li class='ez-toc-page-1 ez-toc-heading-level-3'><a class=\"ez-toc-link ez-toc-heading-10\" href=\"https:\/\/www.mobilier-design-occasion.fr\/magazine\/le-fauteuil-oeuf-darne-jacobsen-la-piece-design-la-plus-celebre-depuis-plus-dun-demi-siecle\/#Le_confort\" >Le confort<\/a><\/li><li class='ez-toc-page-1 ez-toc-heading-level-3'><a class=\"ez-toc-link ez-toc-heading-11\" href=\"https:\/\/www.mobilier-design-occasion.fr\/magazine\/le-fauteuil-oeuf-darne-jacobsen-la-piece-design-la-plus-celebre-depuis-plus-dun-demi-siecle\/#Le_design\" >Le design<\/a><\/li><li class='ez-toc-page-1 ez-toc-heading-level-3'><a class=\"ez-toc-link ez-toc-heading-12\" href=\"https:\/\/www.mobilier-design-occasion.fr\/magazine\/le-fauteuil-oeuf-darne-jacobsen-la-piece-design-la-plus-celebre-depuis-plus-dun-demi-siecle\/#Ou_acheter_un_fauteuil_oeuf_doccasion\" >O\u00f9 acheter un fauteuil \u0153uf\u00a0d\u2019occasion?<\/a><\/li><li class='ez-toc-page-1 ez-toc-heading-level-3'><a class=\"ez-toc-link ez-toc-heading-13\" href=\"https:\/\/www.mobilier-design-occasion.fr\/magazine\/le-fauteuil-oeuf-darne-jacobsen-la-piece-design-la-plus-celebre-depuis-plus-dun-demi-siecle\/#Comment_verifier_lauthenticite_dun_fauteuil_oeuf\" >Comment v\u00e9rifier l\u2019authenticit\u00e9 d\u2019un fauteuil \u0153uf?<\/a><\/li><\/ul><\/li><\/ul><\/nav><\/div>\n\n\n\n\n<p>Le premier <a href=\"https:\/\/www.mobilier-design-occasion.fr\/magazine\/test-avis-sur-poltronesofa\/\">fauteuil<\/a> \u0153uf est con\u00e7u par Arne Jacobsen en 1958. Jacobsen a cr\u00e9\u00e9 ce fauteuil qui procure une certaine intimit\u00e9 pour le hall de l\u2019h\u00f4tel royal SAS de Copenhague. Un an plus tard, en 1959, Nanna et Jorgen Ditzel cr\u00e9ent le fauteuil \u0153uf suspendu. Apr\u00e8s cela, vers 1970, de nombreux mod\u00e8les de fauteuils sont apparus. Plusieurs designers se sont mis \u00e0 produire leurs versions de l\u2019iconique fauteuil \u0153uf.<\/p>\n\n\n\n<figure class=\"wp-block-image size-full\"><img loading=\"lazy\" decoding=\"async\" width=\"982\" height=\"653\" src=\"https:\/\/www.mobilier-design-occasion.fr\/magazine\/wp-content\/uploads\/2022\/07\/1-3.jpg\" alt=\"\" class=\"wp-image-5599\" srcset=\"https:\/\/www.mobilier-design-occasion.fr\/magazine\/wp-content\/uploads\/2022\/07\/1-3.jpg 982w, https:\/\/www.mobilier-design-occasion.fr\/magazine\/wp-content\/uploads\/2022\/07\/1-3-300x199.jpg 300w, https:\/\/www.mobilier-design-occasion.fr\/magazine\/wp-content\/uploads\/2022\/07\/1-3-768x511.jpg 768w, https:\/\/www.mobilier-design-occasion.fr\/magazine\/wp-content\/uploads\/2022\/07\/1-3-810x539.jpg 810w\" sizes=\"auto, (max-width: 982px) 100vw, 982px\" \/><figcaption>\u00a9Fritz Hansen<\/figcaption><\/figure>\n\n\n\n<h2 class=\"wp-block-heading\"><span class=\"ez-toc-section\" id=\"Quelles_sont_les_differentes_versions_du_fauteuil_oeuf\"><\/span><strong>Quelles sont les diff\u00e9rentes versions du fauteuil \u0153uf&nbsp;?<\/strong><span class=\"ez-toc-section-end\"><\/span><\/h2>\n\n\n\n<p>Depuis les premi\u00e8res versions du fauteuil \u0153uf vers la fin des ann\u00e9es 1950, il y a eu de nombreuses vari\u00e9t\u00e9s. Voici quelques-unes&nbsp;:<\/p>\n\n\n\n<ul class=\"wp-block-list\"><li>Fauteuil \u0153uf de Arne Jacobsen<\/li><li>Fauteuil \u0153uf d\u2019Eero Aarnio<\/li><li>Fauteuil \u0153uf de Nanna et Jorgen Ditzel<\/li><li>Fauteuil \u0153uf de Giovanni Marchesi<\/li><li>Fauteuil \u0153uf de Giovanni Travasa pour Bonacina 1889<\/li><li>Fauteuil \u0153uf de Henrik Thor-Larsen<\/li><li>Fauteuil \u0153uf de Peter Ghyczy<\/li><li>Fauteuil \u0153uf de Daniele Lo Scalzo Moschieri pour i4 Mariani<\/li><li>Fauteuil \u0153uf Yuko de Mikodam<\/li><\/ul>\n\n\n\n<div class=\"wp-block-columns is-layout-flex wp-container-core-columns-is-layout-9d6595d7 wp-block-columns-is-layout-flex\">\n<div class=\"wp-block-column is-layout-flow wp-block-column-is-layout-flow\">\n<figure class=\"wp-block-image size-full is-resized\"><img loading=\"lazy\" decoding=\"async\" src=\"https:\/\/www.mobilier-design-occasion.fr\/magazine\/wp-content\/uploads\/2022\/07\/A4.jpg\" alt=\"\" class=\"wp-image-5602\" width=\"284\" height=\"449\" srcset=\"https:\/\/www.mobilier-design-occasion.fr\/magazine\/wp-content\/uploads\/2022\/07\/A4.jpg 293w, https:\/\/www.mobilier-design-occasion.fr\/magazine\/wp-content\/uploads\/2022\/07\/A4-189x300.jpg 189w\" sizes=\"auto, (max-width: 284px) 100vw, 284px\" \/><figcaption>fauteuil oeuf<\/figcaption><\/figure>\n<\/div>\n\n\n\n<div class=\"wp-block-column is-layout-flow wp-block-column-is-layout-flow\">\n<figure class=\"wp-block-image size-full\"><img loading=\"lazy\" decoding=\"async\" width=\"564\" height=\"789\" src=\"https:\/\/www.mobilier-design-occasion.fr\/magazine\/wp-content\/uploads\/2022\/07\/21.jpg\" alt=\"\" class=\"wp-image-5603\" srcset=\"https:\/\/www.mobilier-design-occasion.fr\/magazine\/wp-content\/uploads\/2022\/07\/21.jpg 564w, https:\/\/www.mobilier-design-occasion.fr\/magazine\/wp-content\/uploads\/2022\/07\/21-214x300.jpg 214w\" sizes=\"auto, (max-width: 564px) 100vw, 564px\" \/><figcaption>marie claire maison via Pinterest<\/figcaption><\/figure>\n<\/div>\n<\/div>\n\n\n\n<h2 class=\"wp-block-heading\"><span class=\"ez-toc-section\" id=\"Quelles_sont_les_caracteristiques_du_fauteuil_oeuf\"><\/span><strong>Quelles sont les caract\u00e9ristiques du fauteuil \u0153uf&nbsp;?<\/strong><span class=\"ez-toc-section-end\"><\/span><\/h2>\n\n\n\n<p>Le fauteuil \u0153uf se caract\u00e9rise g\u00e9n\u00e9ralement par sa forme ovo\u00efde qui embo\u00eete la personne pour un effet cocooning. Les diff\u00e9rentes versions du fauteuil \u0153uf ont chacune leurs caract\u00e9ristiques.<\/p>\n\n\n\n<h3 class=\"wp-block-heading\"><span class=\"ez-toc-section\" id=\"Les_dimensions\"><\/span><strong>Les dimensions<\/strong><span class=\"ez-toc-section-end\"><\/span><\/h3>\n\n\n\n<p>Selon le mod\u00e8le, il existe de nombreuses dimensions du fauteuil \u0153uf, voici quelques exemples&nbsp;:<\/p>\n\n\n\n<ul class=\"wp-block-list\"><li>Fauteuil \u0153uf Fritz Hansen&nbsp;: longueur 86 cm, profondeur 95 cm, hauteur 104 cm, hauteur d\u2019assise 37 cm<\/li><li>Fauteuil \u0153uf de Giovanni Marchesi&nbsp;: hauteur 140 cm avec pied, profondeur d\u2019assise 80 cm, largeur 70 cm<\/li><li>Fauteuil \u0153uf Tectake suspendu&nbsp;: longueur 115cm, profondeur 120 cm et hauteur 202 cm<\/li><li>Fauteuil \u0153uf Festnight Fauteuil suspendu&nbsp;: hauteur 195 cm, profondeur 105 cm et largeur 105 cm<\/li><li>Fauteuil \u0153uf ball pod&nbsp;: hauteur 140 cm, profondeur d\u2019assise 80 cm et largeur 70 cm<\/li><\/ul>\n\n\n\n<div class=\"wp-block-columns is-layout-flex wp-container-core-columns-is-layout-9d6595d7 wp-block-columns-is-layout-flex\">\n<div class=\"wp-block-column is-layout-flow wp-block-column-is-layout-flow\">\n<figure class=\"wp-block-image size-full\"><img loading=\"lazy\" decoding=\"async\" width=\"496\" height=\"681\" src=\"https:\/\/www.mobilier-design-occasion.fr\/magazine\/wp-content\/uploads\/2022\/07\/22.jpg\" alt=\"\" class=\"wp-image-5608\" srcset=\"https:\/\/www.mobilier-design-occasion.fr\/magazine\/wp-content\/uploads\/2022\/07\/22.jpg 496w, https:\/\/www.mobilier-design-occasion.fr\/magazine\/wp-content\/uploads\/2022\/07\/22-219x300.jpg 219w\" sizes=\"auto, (max-width: 496px) 100vw, 496px\" \/><figcaption>DecorPad via Pinterest<\/figcaption><\/figure>\n<\/div>\n\n\n\n<div class=\"wp-block-column is-layout-flow wp-block-column-is-layout-flow\">\n<figure class=\"wp-block-image size-full\"><img loading=\"lazy\" decoding=\"async\" width=\"534\" height=\"800\" src=\"https:\/\/www.mobilier-design-occasion.fr\/magazine\/wp-content\/uploads\/2022\/07\/23.jpg\" alt=\"\" class=\"wp-image-5609\" srcset=\"https:\/\/www.mobilier-design-occasion.fr\/magazine\/wp-content\/uploads\/2022\/07\/23.jpg 534w, https:\/\/www.mobilier-design-occasion.fr\/magazine\/wp-content\/uploads\/2022\/07\/23-200x300.jpg 200w\" sizes=\"auto, (max-width: 534px) 100vw, 534px\" \/><figcaption>\u00a9Fritz Hansen<\/figcaption><\/figure>\n<\/div>\n<\/div>\n\n\n\n<h3 class=\"wp-block-heading\"><span class=\"ez-toc-section\" id=\"Les_matieres\"><\/span><strong>Les mati\u00e8res<\/strong><span class=\"ez-toc-section-end\"><\/span><\/h3>\n\n\n\n<p>Les diff\u00e9rents mod\u00e8les disposent de leur propre mati\u00e8re de conception. Il existe donc des fauteuil \u0153uf en cuir, en rotin, en m\u00e9tal, en r\u00e9sine, en fibre de verre, en <a href=\"https:\/\/www.mobilier-design-occasion.fr\/magazine\/test-avis-sur-ripaton\/\">acier<\/a>, en aluminium \u2026<\/p>\n\n\n\n<h3 class=\"wp-block-heading\"><span class=\"ez-toc-section\" id=\"Les_couleurs\"><\/span><strong>Les couleurs<\/strong><span class=\"ez-toc-section-end\"><\/span><\/h3>\n\n\n\n<p>Chaque fauteuil \u0153uf poss\u00e8de sa propre couleur, il est donc normal de trouver de nombreux coloris comme<\/p>\n\n\n\n<ul class=\"wp-block-list\"><li>le blanc, <\/li><li>le rouge, <\/li><li>le gris, <\/li><li>le noir, <\/li><li>le marron, <\/li><li>le beige \u2026<\/li><\/ul>\n\n\n\n<h2 class=\"wp-block-heading\"><span class=\"ez-toc-section\" id=\"Comment_integrer_le_fauteuil_oeuf_dans_sa_decoration\"><\/span><strong>Comment int\u00e9grer le fauteuil \u0153uf dans sa d\u00e9coration&nbsp;?<\/strong><span class=\"ez-toc-section-end\"><\/span><\/h2>\n\n\n\n<p>Le fauteuil \u0153uf, en plus d\u2019avoir les m\u00eames fonctionnalit\u00e9s qu\u2019un fauteuil classique est \u00e9galement un objet de d\u00e9coration tr\u00e8s pris\u00e9. Ce fauteuil intemporel s\u2019int\u00e8gre parfaitement \u00e0 toutes les d\u00e9corations gr\u00e2ce \u00e0 ses nombreux mod\u00e8les et coloris.<\/p>\n\n\n\n<div class=\"wp-block-columns is-layout-flex wp-container-core-columns-is-layout-9d6595d7 wp-block-columns-is-layout-flex\">\n<div class=\"wp-block-column is-layout-flow wp-block-column-is-layout-flow\">\n<figure class=\"wp-block-image size-full\"><img loading=\"lazy\" decoding=\"async\" width=\"462\" height=\"654\" src=\"https:\/\/www.mobilier-design-occasion.fr\/magazine\/wp-content\/uploads\/2022\/07\/12-1.jpg\" alt=\"\" class=\"wp-image-5605\" srcset=\"https:\/\/www.mobilier-design-occasion.fr\/magazine\/wp-content\/uploads\/2022\/07\/12-1.jpg 462w, https:\/\/www.mobilier-design-occasion.fr\/magazine\/wp-content\/uploads\/2022\/07\/12-1-212x300.jpg 212w\" sizes=\"auto, (max-width: 462px) 100vw, 462px\" \/><figcaption>\u00a9Fritz Hansen<\/figcaption><\/figure>\n<\/div>\n\n\n\n<div class=\"wp-block-column is-layout-flow wp-block-column-is-layout-flow\">\n<figure class=\"wp-block-image size-full\"><img loading=\"lazy\" decoding=\"async\" width=\"564\" height=\"1002\" src=\"https:\/\/www.mobilier-design-occasion.fr\/magazine\/wp-content\/uploads\/2022\/07\/13.jpg\" alt=\"\" class=\"wp-image-5606\" srcset=\"https:\/\/www.mobilier-design-occasion.fr\/magazine\/wp-content\/uploads\/2022\/07\/13.jpg 564w, https:\/\/www.mobilier-design-occasion.fr\/magazine\/wp-content\/uploads\/2022\/07\/13-169x300.jpg 169w\" sizes=\"auto, (max-width: 564px) 100vw, 564px\" \/><figcaption>Pinterest<\/figcaption><\/figure>\n<\/div>\n<\/div>\n\n\n\n<p>A l\u2019int\u00e9rieur tout comme \u00e0 l\u2019<a href=\"https:\/\/www.mobilier-design-occasion.fr\/magazine\/fermob-occasion\/\">ext\u00e9rieur<\/a>, ce fauteuil \u0153uf apporte une touche de d\u00e9coration et de confort. Il sert de <a href=\"https:\/\/www.mobilier-design-occasion.fr\/magazine\/test-avis-sur-la-redoute-interieurs-am-pm\/\">mobilier<\/a> de repos, de relaxation et de tranquillit\u00e9.<\/p>\n\n\n\n<h2 class=\"wp-block-heading\"><span class=\"ez-toc-section\" id=\"Notre_selection_des_meilleurs_fauteuils_oeufs\"><\/span><strong>Notre s\u00e9lection des meilleurs fauteuils \u0153ufs<\/strong><span class=\"ez-toc-section-end\"><\/span><\/h2>\n\n\n\n<div class=\"wp-block-columns is-layout-flex wp-container-core-columns-is-layout-9d6595d7 wp-block-columns-is-layout-flex\">\n<div class=\"wp-block-column is-layout-flow wp-block-column-is-layout-flow\">\n<figure class=\"wp-block-image size-full\"><a href=\"https:\/\/www.selency.fr\/produit\/6K5CXJ8C\/fauteuil-oeuf.html?utm_source=effinity_fr&amp;utm_medium=affiliation&amp;utm_campaign=1395109901&amp;eff_cpt=22605728\"><img loading=\"lazy\" decoding=\"async\" width=\"536\" height=\"537\" src=\"https:\/\/www.mobilier-design-occasion.fr\/magazine\/wp-content\/uploads\/2022\/07\/3.jpg\" alt=\"\" class=\"wp-image-5610\" srcset=\"https:\/\/www.mobilier-design-occasion.fr\/magazine\/wp-content\/uploads\/2022\/07\/3.jpg 536w, https:\/\/www.mobilier-design-occasion.fr\/magazine\/wp-content\/uploads\/2022\/07\/3-300x300.jpg 300w, https:\/\/www.mobilier-design-occasion.fr\/magazine\/wp-content\/uploads\/2022\/07\/3-150x150.jpg 150w\" sizes=\"auto, (max-width: 536px) 100vw, 536px\" \/><\/a><\/figure>\n<\/div>\n\n\n\n<div class=\"wp-block-column is-layout-flow wp-block-column-is-layout-flow\">\n<figure class=\"wp-block-image size-full\"><a href=\"https:\/\/www.selency.fr\/produit\/113153\/fauteuil-oeuf-egg-annee-50.html?utm_source=effinity_fr&amp;utm_medium=affiliation&amp;utm_campaign=1395109901&amp;eff_cpt=22605728\"><img loading=\"lazy\" decoding=\"async\" width=\"712\" height=\"537\" src=\"https:\/\/www.mobilier-design-occasion.fr\/magazine\/wp-content\/uploads\/2022\/07\/31.jpg\" alt=\"\" class=\"wp-image-5611\" srcset=\"https:\/\/www.mobilier-design-occasion.fr\/magazine\/wp-content\/uploads\/2022\/07\/31.jpg 712w, https:\/\/www.mobilier-design-occasion.fr\/magazine\/wp-content\/uploads\/2022\/07\/31-300x226.jpg 300w\" sizes=\"auto, (max-width: 712px) 100vw, 712px\" \/><\/a><\/figure>\n<\/div>\n<\/div>\n\n\n\n<div class=\"wp-block-columns is-layout-flex wp-container-core-columns-is-layout-9d6595d7 wp-block-columns-is-layout-flex\">\n<div class=\"wp-block-column is-layout-flow wp-block-column-is-layout-flow\">\n<figure class=\"wp-block-image size-full\"><a href=\"https:\/\/www.selency.fr\/produit\/3X9FUYF6\/oeuf-d-arne-jacobsen-de-1961-tissu-original-dans-l-essence.html?utm_source=effinity_fr&amp;utm_medium=affiliation&amp;utm_campaign=1395109901&amp;eff_cpt=22605728\"><img loading=\"lazy\" decoding=\"async\" width=\"536\" height=\"538\" src=\"https:\/\/www.mobilier-design-occasion.fr\/magazine\/wp-content\/uploads\/2022\/07\/32.jpg\" alt=\"\" class=\"wp-image-5612\" srcset=\"https:\/\/www.mobilier-design-occasion.fr\/magazine\/wp-content\/uploads\/2022\/07\/32.jpg 536w, https:\/\/www.mobilier-design-occasion.fr\/magazine\/wp-content\/uploads\/2022\/07\/32-300x300.jpg 300w, https:\/\/www.mobilier-design-occasion.fr\/magazine\/wp-content\/uploads\/2022\/07\/32-150x150.jpg 150w\" sizes=\"auto, (max-width: 536px) 100vw, 536px\" \/><\/a><\/figure>\n<\/div>\n\n\n\n<div class=\"wp-block-column is-layout-flow wp-block-column-is-layout-flow\">\n<figure class=\"wp-block-image size-full\"><a href=\"https:\/\/www.selency.fr\/produit\/DWFYCHU2\/fauteuil-egg-d-arne-jacobsen-bleu.html?utm_source=effinity_fr&amp;utm_medium=affiliation&amp;utm_campaign=1395109901&amp;eff_cpt=22605728\"><img loading=\"lazy\" decoding=\"async\" width=\"536\" height=\"535\" src=\"https:\/\/www.mobilier-design-occasion.fr\/magazine\/wp-content\/uploads\/2022\/07\/33.jpg\" alt=\"\" class=\"wp-image-5613\" srcset=\"https:\/\/www.mobilier-design-occasion.fr\/magazine\/wp-content\/uploads\/2022\/07\/33.jpg 536w, https:\/\/www.mobilier-design-occasion.fr\/magazine\/wp-content\/uploads\/2022\/07\/33-300x300.jpg 300w, https:\/\/www.mobilier-design-occasion.fr\/magazine\/wp-content\/uploads\/2022\/07\/33-150x150.jpg 150w\" sizes=\"auto, (max-width: 536px) 100vw, 536px\" \/><\/a><\/figure>\n<\/div>\n<\/div>\n\n\n\n<h3 class=\"wp-block-heading\"><span class=\"ez-toc-section\" id=\"Pourquoi_acheter_un_fauteuil_oeuf\"><\/span><strong>Pourquoi acheter un fauteuil \u0153uf ?<\/strong><span class=\"ez-toc-section-end\"><\/span><\/h3>\n\n\n\n<h3 class=\"wp-block-heading\"><span class=\"ez-toc-section\" id=\"Le_confort\"><\/span><strong>Le confort<\/strong><span class=\"ez-toc-section-end\"><\/span><\/h3>\n\n\n\n<p>En plus d\u2019\u00eatre joli, le fauteuil \u0153uf est \u00e9galement tr\u00e8s confortable. Le fauteuil \u0153uf a \u00e9t\u00e9 con\u00e7u pour son intimit\u00e9 et sa capacit\u00e9 de procurer un effet cocon pour un r\u00e9confort optimal. Le courbe d\u2019un fauteuil \u0153uf corrige la posture et r\u00e9duit des maux de dos.<\/p>\n\n\n\n<figure class=\"wp-block-embed is-type-rich is-provider-twitter wp-block-embed-twitter\"><div class=\"wp-block-embed__wrapper\">\n<blockquote class=\"twitter-tweet\" data-width=\"550\" data-dnt=\"true\"><p lang=\"fr\" dir=\"ltr\">Nouveau produit (Fauteuil Oeuf du designer Arm Jacobsen &#8211; Coup de coeur) a \u00e9t\u00e9 publi\u00e9 sur Addesign &#8211; <a href=\"https:\/\/t.co\/kfxJMqoxMF\">https:\/\/t.co\/kfxJMqoxMF<\/a> <a href=\"https:\/\/t.co\/dvL38trxCd\">pic.twitter.com\/dvL38trxCd<\/a><\/p>&mdash; Addesign (@addesignfr) <a href=\"https:\/\/twitter.com\/addesignfr\/status\/1101065181105397761?ref_src=twsrc%5Etfw\">February 28, 2019<\/a><\/blockquote><script async src=\"https:\/\/platform.twitter.com\/widgets.js\" charset=\"utf-8\"><\/script>\n<\/div><\/figure>\n\n\n\n<h3 class=\"wp-block-heading\"><span class=\"ez-toc-section\" id=\"Le_design\"><\/span><strong>Le design<\/strong><span class=\"ez-toc-section-end\"><\/span><\/h3>\n\n\n\n<p>Quoi de mieux que d\u2019avoir un fauteuil au <a href=\"https:\/\/www.mobilier-design-occasion.fr\/magazine\/table-tulipe-knoll-indemodable-du-design\/\">design<\/a> unique pour se d\u00e9tendre apr\u00e8s une longue journ\u00e9e de travail&nbsp;! Le <a href=\"https:\/\/fauteuil-oeuf.com\/\">fauteuil \u0153uf<\/a> poss\u00e8de un design intemporel qui ajoute une aire de modernit\u00e9 \u00e0 votre espace int\u00e9rieur ou ext\u00e9rieur.<\/p>\n\n\n\n<h3 class=\"wp-block-heading\"><span class=\"ez-toc-section\" id=\"Ou_acheter_un_fauteuil_oeuf_doccasion\"><\/span><strong>O\u00f9 acheter un fauteuil \u0153uf\u00a0d\u2019occasion?<\/strong><span class=\"ez-toc-section-end\"><\/span><\/h3>\n\n\n\n<p>Le fauteuil ind\u00e9modable en forme d\u2019\u0153uf est tr\u00e8s recherch\u00e9 par les clients et aussi par les collectionneurs. Si vous souhaitez vous procurer un fauteuil \u0153uf sans vous ruiner, optez pour un fauteuil egg d\u2019occasion. Il existe plusieurs mod\u00e8les dans les brocantes, les magasins d\u2019objets vintage et les diff\u00e9rents sites sp\u00e9cialis\u00e9s en mobilier de secondes mains. Parmi ces sites, vous pouvez visiter&nbsp;:<\/p>\n\n\n\n<ul class=\"wp-block-list\"><li><a href=\"https:\/\/www.mobilier-design-occasion.fr\/\">Mobilier Design Occasion<\/a><\/li><li><a href=\"https:\/\/track.effiliation.com\/servlet\/effi.redir?id_compteur=22784688&amp;url=https%3A%2F%2Fwww.selency.fr%2F\">Selency<\/a><\/li><li><a href=\"https:\/\/track.effiliation.com\/servlet\/effi.redir?id_compteur=22733111&amp;url=https%3A%2F%2Fwww.design-market.eu%2Ffr%2F\">Design Market<\/a><\/li><\/ul>\n\n\n\n<figure class=\"wp-block-embed is-type-video is-provider-youtube wp-block-embed-youtube wp-embed-aspect-16-9 wp-has-aspect-ratio\"><div class=\"wp-block-embed__wrapper\">\n<iframe loading=\"lazy\" title=\"La Minute Design, le fauteuil Egg d&#039;Arne Jacobsen (1957)\" width=\"810\" height=\"456\" src=\"https:\/\/www.youtube.com\/embed\/a7litk7ZkeU?feature=oembed\" frameborder=\"0\" allow=\"accelerometer; autoplay; clipboard-write; encrypted-media; gyroscope; picture-in-picture\" allowfullscreen><\/iframe>\n<\/div><\/figure>\n\n\n\n<h3 class=\"wp-block-heading\"><span class=\"ez-toc-section\" id=\"Comment_verifier_lauthenticite_dun_fauteuil_oeuf\"><\/span><strong>Comment v\u00e9rifier l\u2019authenticit\u00e9 d\u2019un fauteuil \u0153uf?<\/strong><span class=\"ez-toc-section-end\"><\/span><\/h3>\n\n\n\n<p>Depuis sa cr\u00e9ation, le <a href=\"https:\/\/aio.caqe.com\/15703\/comment-identifier-une-veritable-chaise-oeuf-arne-jacobsen\">fauteuil \u0153uf<\/a> est tr\u00e8s copi\u00e9. Chaque mod\u00e8le a ses caract\u00e9ristiques particuli\u00e8res mais ici, on va vous montrer comment authentifier le fauteuil \u0153uf de Arne Jacobsen.<\/p>\n\n\n\n<ul class=\"wp-block-list\"><li>Le fauteuil \u0153uf du designer Arne Jacobsen est toujours en production par Fritz Hansen.<\/li><li>V\u00e9rifier les \u00e9tiquettes sur le fauteuil \u0153uf, elles peuvent \u00eatre rouge ou brune, cela d\u00e9pend de l\u2019ann\u00e9e de fabrication. Il peut y avoir un cachet \u00ab&nbsp;FH Made in Denmark&nbsp;\u00bb marqu\u00e9 directement sur le cuir du fauteuil. L\u2019\u00e9tiquette peut aussi \u00eatre un autocollant \u00ab&nbsp;Made in Denmark par Fritz Hansen&nbsp;\u00bb avec une date.<\/li><li>Le fauteuil \u0153uf original est cousu avec un motif ondul\u00e9.<\/li><li>Les dimensions d\u2019un fauteuil \u0153uf Arne Jacobsen n\u2019a pas chang\u00e9 depuis sa cr\u00e9ation.<\/li><li>Le prix d\u2019un fauteuil \u0153uf par Arne Jacobsen est toujours assez \u00e9lev\u00e9, m\u00eame d\u2019occasion.<\/li><\/ul>\n\n\n\n<figure class=\"wp-block-image size-full\"><img loading=\"lazy\" decoding=\"async\" width=\"1000\" height=\"667\" src=\"https:\/\/www.mobilier-design-occasion.fr\/magazine\/wp-content\/uploads\/2022\/07\/2-2.jpg\" alt=\"\" class=\"wp-image-5601\" srcset=\"https:\/\/www.mobilier-design-occasion.fr\/magazine\/wp-content\/uploads\/2022\/07\/2-2.jpg 1000w, https:\/\/www.mobilier-design-occasion.fr\/magazine\/wp-content\/uploads\/2022\/07\/2-2-300x200.jpg 300w, https:\/\/www.mobilier-design-occasion.fr\/magazine\/wp-content\/uploads\/2022\/07\/2-2-768x512.jpg 768w, https:\/\/www.mobilier-design-occasion.fr\/magazine\/wp-content\/uploads\/2022\/07\/2-2-810x540.jpg 810w\" sizes=\"auto, (max-width: 1000px) 100vw, 1000px\" \/><figcaption><a href=\"https:\/\/www.mobilier-design-occasion.fr\/magazine\/test-avis-sur-deco-in-paris\/\">Canap\u00e9<\/a> salon<\/figcaption><\/figure>\n\n\n\n<p><\/p>\n","protected":false},"excerpt":{"rendered":"<p>Quelle est l\u2019histoire du fauteuil \u0153uf? Le premier fauteuil \u0153uf est con\u00e7u par Arne Jacobsen en 1958. Jacobsen a cr\u00e9\u00e9 ce fauteuil qui procure une certaine intimit\u00e9 pour le hall de l\u2019h\u00f4tel royal SAS de Copenhague. Un an plus tard, en 1959, Nanna et Jorgen Ditzel cr\u00e9ent le fauteuil \u0153uf suspendu. Apr\u00e8s cela, vers 1970, [&hellip;]<\/p>\n","protected":false},"author":1,"featured_media":5675,"comment_status":"open","ping_status":"open","sticky":false,"template":"","format":"standard","meta":{"footnotes":""},"categories":[2],"tags":[],"class_list":["post-5593","post","type-post","status-publish","format-standard","has-post-thumbnail","hentry","category-tendances"],"yoast_head":"<!-- This site is optimized with the Yoast SEO plugin v27.5 - https:\/\/yoast.com\/product\/yoast-seo-wordpress\/ -->\n<title>Le fauteuil \u0153uf d&#039;Arne Jacobsen: la pi\u00e8ce design la plus c\u00e9l\u00e8bre depuis plus d&#039;un demi-si\u00e8cle! - Mobilier Design Magazine<\/title>\n<meta name=\"robots\" content=\"index, follow, max-snippet:-1, max-image-preview:large, max-video-preview:-1\" \/>\n<link rel=\"canonical\" href=\"https:\/\/www.mobilier-design-occasion.fr\/magazine\/le-fauteuil-oeuf-darne-jacobsen-la-piece-design-la-plus-celebre-depuis-plus-dun-demi-siecle\/\" \/>\n<meta property=\"og:locale\" content=\"fr_FR\" \/>\n<meta property=\"og:type\" content=\"article\" \/>\n<meta property=\"og:title\" content=\"Le fauteuil \u0153uf d&#039;Arne Jacobsen: la pi\u00e8ce design la plus c\u00e9l\u00e8bre depuis plus d&#039;un demi-si\u00e8cle! - Mobilier Design Magazine\" \/>\n<meta property=\"og:description\" content=\"Quelle est l\u2019histoire du fauteuil \u0153uf? Le premier fauteuil \u0153uf est con\u00e7u par Arne Jacobsen en 1958. Jacobsen a cr\u00e9\u00e9 ce fauteuil qui procure une certaine intimit\u00e9 pour le hall de l\u2019h\u00f4tel royal SAS de Copenhague. Un an plus tard, en 1959, Nanna et Jorgen Ditzel cr\u00e9ent le fauteuil \u0153uf suspendu. Apr\u00e8s cela, vers 1970, [&hellip;]\" \/>\n<meta property=\"og:url\" content=\"https:\/\/www.mobilier-design-occasion.fr\/magazine\/le-fauteuil-oeuf-darne-jacobsen-la-piece-design-la-plus-celebre-depuis-plus-dun-demi-siecle\/\" \/>\n<meta property=\"og:site_name\" content=\"Mobilier Design Magazine\" \/>\n<meta property=\"article:publisher\" content=\"https:\/\/www.facebook.com\/mobilierdesignoccasion\" \/>\n<meta property=\"article:published_time\" content=\"2022-07-29T08:21:51+00:00\" \/>\n<meta property=\"article:modified_time\" content=\"2023-09-25T13:40:10+00:00\" \/>\n<meta property=\"og:image\" content=\"https:\/\/www.mobilier-design-occasion.fr\/magazine\/wp-content\/uploads\/2022\/07\/93305619882ffa56c335446dc638e150.jpg\" \/>\n\t<meta property=\"og:image:width\" content=\"564\" \/>\n\t<meta property=\"og:image:height\" content=\"564\" \/>\n\t<meta property=\"og:image:type\" content=\"image\/jpeg\" \/>\n<meta name=\"author\" content=\"Cyrielle Poirot\" \/>\n<meta name=\"twitter:card\" content=\"summary_large_image\" \/>\n<meta name=\"twitter:label1\" content=\"\u00c9crit par\" \/>\n\t<meta name=\"twitter:data1\" content=\"Cyrielle Poirot\" \/>\n\t<meta name=\"twitter:label2\" content=\"Dur\u00e9e de lecture estim\u00e9e\" \/>\n\t<meta name=\"twitter:data2\" content=\"4 minutes\" \/>\n<script type=\"application\/ld+json\" class=\"yoast-schema-graph\">{\"@context\":\"https:\\\/\\\/schema.org\",\"@graph\":[{\"@type\":\"Article\",\"@id\":\"https:\\\/\\\/www.mobilier-design-occasion.fr\\\/magazine\\\/le-fauteuil-oeuf-darne-jacobsen-la-piece-design-la-plus-celebre-depuis-plus-dun-demi-siecle\\\/#article\",\"isPartOf\":{\"@id\":\"https:\\\/\\\/www.mobilier-design-occasion.fr\\\/magazine\\\/le-fauteuil-oeuf-darne-jacobsen-la-piece-design-la-plus-celebre-depuis-plus-dun-demi-siecle\\\/\"},\"author\":{\"name\":\"Cyrielle Poirot\",\"@id\":\"https:\\\/\\\/www.mobilier-design-occasion.fr\\\/magazine\\\/#\\\/schema\\\/person\\\/5b2e5627a714ddadaaf8c9b886c55eff\"},\"headline\":\"Le fauteuil \u0153uf d&#8217;Arne Jacobsen: la pi\u00e8ce design la plus c\u00e9l\u00e8bre depuis plus d&#8217;un demi-si\u00e8cle!\",\"datePublished\":\"2022-07-29T08:21:51+00:00\",\"dateModified\":\"2023-09-25T13:40:10+00:00\",\"mainEntityOfPage\":{\"@id\":\"https:\\\/\\\/www.mobilier-design-occasion.fr\\\/magazine\\\/le-fauteuil-oeuf-darne-jacobsen-la-piece-design-la-plus-celebre-depuis-plus-dun-demi-siecle\\\/\"},\"wordCount\":872,\"commentCount\":0,\"publisher\":{\"@id\":\"https:\\\/\\\/www.mobilier-design-occasion.fr\\\/magazine\\\/#organization\"},\"image\":{\"@id\":\"https:\\\/\\\/www.mobilier-design-occasion.fr\\\/magazine\\\/le-fauteuil-oeuf-darne-jacobsen-la-piece-design-la-plus-celebre-depuis-plus-dun-demi-siecle\\\/#primaryimage\"},\"thumbnailUrl\":\"https:\\\/\\\/www.mobilier-design-occasion.fr\\\/magazine\\\/wp-content\\\/uploads\\\/2022\\\/07\\\/93305619882ffa56c335446dc638e150.jpg\",\"articleSection\":[\"Tendances\"],\"inLanguage\":\"fr-FR\",\"potentialAction\":[{\"@type\":\"CommentAction\",\"name\":\"Comment\",\"target\":[\"https:\\\/\\\/www.mobilier-design-occasion.fr\\\/magazine\\\/le-fauteuil-oeuf-darne-jacobsen-la-piece-design-la-plus-celebre-depuis-plus-dun-demi-siecle\\\/#respond\"]}]},{\"@type\":\"WebPage\",\"@id\":\"https:\\\/\\\/www.mobilier-design-occasion.fr\\\/magazine\\\/le-fauteuil-oeuf-darne-jacobsen-la-piece-design-la-plus-celebre-depuis-plus-dun-demi-siecle\\\/\",\"url\":\"https:\\\/\\\/www.mobilier-design-occasion.fr\\\/magazine\\\/le-fauteuil-oeuf-darne-jacobsen-la-piece-design-la-plus-celebre-depuis-plus-dun-demi-siecle\\\/\",\"name\":\"Le fauteuil \u0153uf d'Arne Jacobsen: la pi\u00e8ce design la plus c\u00e9l\u00e8bre depuis plus d'un demi-si\u00e8cle! - Mobilier Design Magazine\",\"isPartOf\":{\"@id\":\"https:\\\/\\\/www.mobilier-design-occasion.fr\\\/magazine\\\/#website\"},\"primaryImageOfPage\":{\"@id\":\"https:\\\/\\\/www.mobilier-design-occasion.fr\\\/magazine\\\/le-fauteuil-oeuf-darne-jacobsen-la-piece-design-la-plus-celebre-depuis-plus-dun-demi-siecle\\\/#primaryimage\"},\"image\":{\"@id\":\"https:\\\/\\\/www.mobilier-design-occasion.fr\\\/magazine\\\/le-fauteuil-oeuf-darne-jacobsen-la-piece-design-la-plus-celebre-depuis-plus-dun-demi-siecle\\\/#primaryimage\"},\"thumbnailUrl\":\"https:\\\/\\\/www.mobilier-design-occasion.fr\\\/magazine\\\/wp-content\\\/uploads\\\/2022\\\/07\\\/93305619882ffa56c335446dc638e150.jpg\",\"datePublished\":\"2022-07-29T08:21:51+00:00\",\"dateModified\":\"2023-09-25T13:40:10+00:00\",\"breadcrumb\":{\"@id\":\"https:\\\/\\\/www.mobilier-design-occasion.fr\\\/magazine\\\/le-fauteuil-oeuf-darne-jacobsen-la-piece-design-la-plus-celebre-depuis-plus-dun-demi-siecle\\\/#breadcrumb\"},\"inLanguage\":\"fr-FR\",\"potentialAction\":[{\"@type\":\"ReadAction\",\"target\":[\"https:\\\/\\\/www.mobilier-design-occasion.fr\\\/magazine\\\/le-fauteuil-oeuf-darne-jacobsen-la-piece-design-la-plus-celebre-depuis-plus-dun-demi-siecle\\\/\"]}]},{\"@type\":\"ImageObject\",\"inLanguage\":\"fr-FR\",\"@id\":\"https:\\\/\\\/www.mobilier-design-occasion.fr\\\/magazine\\\/le-fauteuil-oeuf-darne-jacobsen-la-piece-design-la-plus-celebre-depuis-plus-dun-demi-siecle\\\/#primaryimage\",\"url\":\"https:\\\/\\\/www.mobilier-design-occasion.fr\\\/magazine\\\/wp-content\\\/uploads\\\/2022\\\/07\\\/93305619882ffa56c335446dc638e150.jpg\",\"contentUrl\":\"https:\\\/\\\/www.mobilier-design-occasion.fr\\\/magazine\\\/wp-content\\\/uploads\\\/2022\\\/07\\\/93305619882ffa56c335446dc638e150.jpg\",\"width\":564,\"height\":564},{\"@type\":\"BreadcrumbList\",\"@id\":\"https:\\\/\\\/www.mobilier-design-occasion.fr\\\/magazine\\\/le-fauteuil-oeuf-darne-jacobsen-la-piece-design-la-plus-celebre-depuis-plus-dun-demi-siecle\\\/#breadcrumb\",\"itemListElement\":[{\"@type\":\"ListItem\",\"position\":1,\"name\":\"Accueil\",\"item\":\"https:\\\/\\\/www.mobilier-design-occasion.fr\\\/magazine\\\/\"},{\"@type\":\"ListItem\",\"position\":2,\"name\":\"Le fauteuil \u0153uf d&rsquo;Arne Jacobsen: la pi\u00e8ce design la plus c\u00e9l\u00e8bre depuis plus d&rsquo;un demi-si\u00e8cle!\"}]},{\"@type\":\"WebSite\",\"@id\":\"https:\\\/\\\/www.mobilier-design-occasion.fr\\\/magazine\\\/#website\",\"url\":\"https:\\\/\\\/www.mobilier-design-occasion.fr\\\/magazine\\\/\",\"name\":\"Mobilier Design Magazine\",\"description\":\"\",\"publisher\":{\"@id\":\"https:\\\/\\\/www.mobilier-design-occasion.fr\\\/magazine\\\/#organization\"},\"potentialAction\":[{\"@type\":\"SearchAction\",\"target\":{\"@type\":\"EntryPoint\",\"urlTemplate\":\"https:\\\/\\\/www.mobilier-design-occasion.fr\\\/magazine\\\/?s={search_term_string}\"},\"query-input\":{\"@type\":\"PropertyValueSpecification\",\"valueRequired\":true,\"valueName\":\"search_term_string\"}}],\"inLanguage\":\"fr-FR\"},{\"@type\":\"Organization\",\"@id\":\"https:\\\/\\\/www.mobilier-design-occasion.fr\\\/magazine\\\/#organization\",\"name\":\"Mobilier Design Magazine\",\"url\":\"https:\\\/\\\/www.mobilier-design-occasion.fr\\\/magazine\\\/\",\"logo\":{\"@type\":\"ImageObject\",\"inLanguage\":\"fr-FR\",\"@id\":\"https:\\\/\\\/www.mobilier-design-occasion.fr\\\/magazine\\\/#\\\/schema\\\/logo\\\/image\\\/\",\"url\":\"https:\\\/\\\/www.mobilier-design-occasion.fr\\\/magazine\\\/wp-content\\\/uploads\\\/2024\\\/02\\\/android-chrome-192x192-1.png\",\"contentUrl\":\"https:\\\/\\\/www.mobilier-design-occasion.fr\\\/magazine\\\/wp-content\\\/uploads\\\/2024\\\/02\\\/android-chrome-192x192-1.png\",\"width\":192,\"height\":192,\"caption\":\"Mobilier Design Magazine\"},\"image\":{\"@id\":\"https:\\\/\\\/www.mobilier-design-occasion.fr\\\/magazine\\\/#\\\/schema\\\/logo\\\/image\\\/\"},\"sameAs\":[\"https:\\\/\\\/www.facebook.com\\\/mobilierdesignoccasion\"]},{\"@type\":\"Person\",\"@id\":\"https:\\\/\\\/www.mobilier-design-occasion.fr\\\/magazine\\\/#\\\/schema\\\/person\\\/5b2e5627a714ddadaaf8c9b886c55eff\",\"name\":\"Cyrielle Poirot\",\"image\":{\"@type\":\"ImageObject\",\"inLanguage\":\"fr-FR\",\"@id\":\"https:\\\/\\\/secure.gravatar.com\\\/avatar\\\/c8d2674e093b06894d8d1dc468b626bd752523471f3ac6e75f7c7a1400d40b4d?s=96&d=mm&r=g\",\"url\":\"https:\\\/\\\/secure.gravatar.com\\\/avatar\\\/c8d2674e093b06894d8d1dc468b626bd752523471f3ac6e75f7c7a1400d40b4d?s=96&d=mm&r=g\",\"contentUrl\":\"https:\\\/\\\/secure.gravatar.com\\\/avatar\\\/c8d2674e093b06894d8d1dc468b626bd752523471f3ac6e75f7c7a1400d40b4d?s=96&d=mm&r=g\",\"caption\":\"Cyrielle Poirot\"},\"description\":\"Cyrielle est passionn\u00e9e par la d\u00e9coration d'int\u00e9rieur et s'est sp\u00e9cialis\u00e9e depuis quelques ann\u00e9es dans l'\u00e9dition du site Mobilier-Design, avec une touche sp\u00e9cifique pour les produits d'occasion.\",\"sameAs\":[\"https:\\\/\\\/www.mobilier-design-occasion.fr\\\/magazine\"],\"url\":\"https:\\\/\\\/www.mobilier-design-occasion.fr\\\/magazine\\\/author\\\/cyrielle\\\/\"}]}<\/script>\n<!-- \/ Yoast SEO plugin. -->","yoast_head_json":{"title":"Le fauteuil \u0153uf d'Arne Jacobsen: la pi\u00e8ce design la plus c\u00e9l\u00e8bre depuis plus d'un demi-si\u00e8cle! - Mobilier Design Magazine","robots":{"index":"index","follow":"follow","max-snippet":"max-snippet:-1","max-image-preview":"max-image-preview:large","max-video-preview":"max-video-preview:-1"},"canonical":"https:\/\/www.mobilier-design-occasion.fr\/magazine\/le-fauteuil-oeuf-darne-jacobsen-la-piece-design-la-plus-celebre-depuis-plus-dun-demi-siecle\/","og_locale":"fr_FR","og_type":"article","og_title":"Le fauteuil \u0153uf d'Arne Jacobsen: la pi\u00e8ce design la plus c\u00e9l\u00e8bre depuis plus d'un demi-si\u00e8cle! - Mobilier Design Magazine","og_description":"Quelle est l\u2019histoire du fauteuil \u0153uf? Le premier fauteuil \u0153uf est con\u00e7u par Arne Jacobsen en 1958. Jacobsen a cr\u00e9\u00e9 ce fauteuil qui procure une certaine intimit\u00e9 pour le hall de l\u2019h\u00f4tel royal SAS de Copenhague. Un an plus tard, en 1959, Nanna et Jorgen Ditzel cr\u00e9ent le fauteuil \u0153uf suspendu. Apr\u00e8s cela, vers 1970, [&hellip;]","og_url":"https:\/\/www.mobilier-design-occasion.fr\/magazine\/le-fauteuil-oeuf-darne-jacobsen-la-piece-design-la-plus-celebre-depuis-plus-dun-demi-siecle\/","og_site_name":"Mobilier Design Magazine","article_publisher":"https:\/\/www.facebook.com\/mobilierdesignoccasion","article_published_time":"2022-07-29T08:21:51+00:00","article_modified_time":"2023-09-25T13:40:10+00:00","og_image":[{"width":564,"height":564,"url":"https:\/\/www.mobilier-design-occasion.fr\/magazine\/wp-content\/uploads\/2022\/07\/93305619882ffa56c335446dc638e150.jpg","type":"image\/jpeg"}],"author":"Cyrielle Poirot","twitter_card":"summary_large_image","twitter_misc":{"\u00c9crit par":"Cyrielle Poirot","Dur\u00e9e de lecture estim\u00e9e":"4 minutes"},"schema":{"@context":"https:\/\/schema.org","@graph":[{"@type":"Article","@id":"https:\/\/www.mobilier-design-occasion.fr\/magazine\/le-fauteuil-oeuf-darne-jacobsen-la-piece-design-la-plus-celebre-depuis-plus-dun-demi-siecle\/#article","isPartOf":{"@id":"https:\/\/www.mobilier-design-occasion.fr\/magazine\/le-fauteuil-oeuf-darne-jacobsen-la-piece-design-la-plus-celebre-depuis-plus-dun-demi-siecle\/"},"author":{"name":"Cyrielle Poirot","@id":"https:\/\/www.mobilier-design-occasion.fr\/magazine\/#\/schema\/person\/5b2e5627a714ddadaaf8c9b886c55eff"},"headline":"Le fauteuil \u0153uf d&#8217;Arne Jacobsen: la pi\u00e8ce design la plus c\u00e9l\u00e8bre depuis plus d&#8217;un demi-si\u00e8cle!","datePublished":"2022-07-29T08:21:51+00:00","dateModified":"2023-09-25T13:40:10+00:00","mainEntityOfPage":{"@id":"https:\/\/www.mobilier-design-occasion.fr\/magazine\/le-fauteuil-oeuf-darne-jacobsen-la-piece-design-la-plus-celebre-depuis-plus-dun-demi-siecle\/"},"wordCount":872,"commentCount":0,"publisher":{"@id":"https:\/\/www.mobilier-design-occasion.fr\/magazine\/#organization"},"image":{"@id":"https:\/\/www.mobilier-design-occasion.fr\/magazine\/le-fauteuil-oeuf-darne-jacobsen-la-piece-design-la-plus-celebre-depuis-plus-dun-demi-siecle\/#primaryimage"},"thumbnailUrl":"https:\/\/www.mobilier-design-occasion.fr\/magazine\/wp-content\/uploads\/2022\/07\/93305619882ffa56c335446dc638e150.jpg","articleSection":["Tendances"],"inLanguage":"fr-FR","potentialAction":[{"@type":"CommentAction","name":"Comment","target":["https:\/\/www.mobilier-design-occasion.fr\/magazine\/le-fauteuil-oeuf-darne-jacobsen-la-piece-design-la-plus-celebre-depuis-plus-dun-demi-siecle\/#respond"]}]},{"@type":"WebPage","@id":"https:\/\/www.mobilier-design-occasion.fr\/magazine\/le-fauteuil-oeuf-darne-jacobsen-la-piece-design-la-plus-celebre-depuis-plus-dun-demi-siecle\/","url":"https:\/\/www.mobilier-design-occasion.fr\/magazine\/le-fauteuil-oeuf-darne-jacobsen-la-piece-design-la-plus-celebre-depuis-plus-dun-demi-siecle\/","name":"Le fauteuil \u0153uf d'Arne Jacobsen: la pi\u00e8ce design la plus c\u00e9l\u00e8bre depuis plus d'un demi-si\u00e8cle! - Mobilier Design Magazine","isPartOf":{"@id":"https:\/\/www.mobilier-design-occasion.fr\/magazine\/#website"},"primaryImageOfPage":{"@id":"https:\/\/www.mobilier-design-occasion.fr\/magazine\/le-fauteuil-oeuf-darne-jacobsen-la-piece-design-la-plus-celebre-depuis-plus-dun-demi-siecle\/#primaryimage"},"image":{"@id":"https:\/\/www.mobilier-design-occasion.fr\/magazine\/le-fauteuil-oeuf-darne-jacobsen-la-piece-design-la-plus-celebre-depuis-plus-dun-demi-siecle\/#primaryimage"},"thumbnailUrl":"https:\/\/www.mobilier-design-occasion.fr\/magazine\/wp-content\/uploads\/2022\/07\/93305619882ffa56c335446dc638e150.jpg","datePublished":"2022-07-29T08:21:51+00:00","dateModified":"2023-09-25T13:40:10+00:00","breadcrumb":{"@id":"https:\/\/www.mobilier-design-occasion.fr\/magazine\/le-fauteuil-oeuf-darne-jacobsen-la-piece-design-la-plus-celebre-depuis-plus-dun-demi-siecle\/#breadcrumb"},"inLanguage":"fr-FR","potentialAction":[{"@type":"ReadAction","target":["https:\/\/www.mobilier-design-occasion.fr\/magazine\/le-fauteuil-oeuf-darne-jacobsen-la-piece-design-la-plus-celebre-depuis-plus-dun-demi-siecle\/"]}]},{"@type":"ImageObject","inLanguage":"fr-FR","@id":"https:\/\/www.mobilier-design-occasion.fr\/magazine\/le-fauteuil-oeuf-darne-jacobsen-la-piece-design-la-plus-celebre-depuis-plus-dun-demi-siecle\/#primaryimage","url":"https:\/\/www.mobilier-design-occasion.fr\/magazine\/wp-content\/uploads\/2022\/07\/93305619882ffa56c335446dc638e150.jpg","contentUrl":"https:\/\/www.mobilier-design-occasion.fr\/magazine\/wp-content\/uploads\/2022\/07\/93305619882ffa56c335446dc638e150.jpg","width":564,"height":564},{"@type":"BreadcrumbList","@id":"https:\/\/www.mobilier-design-occasion.fr\/magazine\/le-fauteuil-oeuf-darne-jacobsen-la-piece-design-la-plus-celebre-depuis-plus-dun-demi-siecle\/#breadcrumb","itemListElement":[{"@type":"ListItem","position":1,"name":"Accueil","item":"https:\/\/www.mobilier-design-occasion.fr\/magazine\/"},{"@type":"ListItem","position":2,"name":"Le fauteuil \u0153uf d&rsquo;Arne Jacobsen: la pi\u00e8ce design la plus c\u00e9l\u00e8bre depuis plus d&rsquo;un demi-si\u00e8cle!"}]},{"@type":"WebSite","@id":"https:\/\/www.mobilier-design-occasion.fr\/magazine\/#website","url":"https:\/\/www.mobilier-design-occasion.fr\/magazine\/","name":"Mobilier Design Magazine","description":"","publisher":{"@id":"https:\/\/www.mobilier-design-occasion.fr\/magazine\/#organization"},"potentialAction":[{"@type":"SearchAction","target":{"@type":"EntryPoint","urlTemplate":"https:\/\/www.mobilier-design-occasion.fr\/magazine\/?s={search_term_string}"},"query-input":{"@type":"PropertyValueSpecification","valueRequired":true,"valueName":"search_term_string"}}],"inLanguage":"fr-FR"},{"@type":"Organization","@id":"https:\/\/www.mobilier-design-occasion.fr\/magazine\/#organization","name":"Mobilier Design Magazine","url":"https:\/\/www.mobilier-design-occasion.fr\/magazine\/","logo":{"@type":"ImageObject","inLanguage":"fr-FR","@id":"https:\/\/www.mobilier-design-occasion.fr\/magazine\/#\/schema\/logo\/image\/","url":"https:\/\/www.mobilier-design-occasion.fr\/magazine\/wp-content\/uploads\/2024\/02\/android-chrome-192x192-1.png","contentUrl":"https:\/\/www.mobilier-design-occasion.fr\/magazine\/wp-content\/uploads\/2024\/02\/android-chrome-192x192-1.png","width":192,"height":192,"caption":"Mobilier Design Magazine"},"image":{"@id":"https:\/\/www.mobilier-design-occasion.fr\/magazine\/#\/schema\/logo\/image\/"},"sameAs":["https:\/\/www.facebook.com\/mobilierdesignoccasion"]},{"@type":"Person","@id":"https:\/\/www.mobilier-design-occasion.fr\/magazine\/#\/schema\/person\/5b2e5627a714ddadaaf8c9b886c55eff","name":"Cyrielle Poirot","image":{"@type":"ImageObject","inLanguage":"fr-FR","@id":"https:\/\/secure.gravatar.com\/avatar\/c8d2674e093b06894d8d1dc468b626bd752523471f3ac6e75f7c7a1400d40b4d?s=96&d=mm&r=g","url":"https:\/\/secure.gravatar.com\/avatar\/c8d2674e093b06894d8d1dc468b626bd752523471f3ac6e75f7c7a1400d40b4d?s=96&d=mm&r=g","contentUrl":"https:\/\/secure.gravatar.com\/avatar\/c8d2674e093b06894d8d1dc468b626bd752523471f3ac6e75f7c7a1400d40b4d?s=96&d=mm&r=g","caption":"Cyrielle Poirot"},"description":"Cyrielle est passionn\u00e9e par la d\u00e9coration d'int\u00e9rieur et s'est sp\u00e9cialis\u00e9e depuis quelques ann\u00e9es dans l'\u00e9dition du site Mobilier-Design, avec une touche sp\u00e9cifique pour les produits d'occasion.","sameAs":["https:\/\/www.mobilier-design-occasion.fr\/magazine"],"url":"https:\/\/www.mobilier-design-occasion.fr\/magazine\/author\/cyrielle\/"}]}},"_links":{"self":[{"href":"https:\/\/www.mobilier-design-occasion.fr\/magazine\/wp-json\/wp\/v2\/posts\/5593","targetHints":{"allow":["GET"]}}],"collection":[{"href":"https:\/\/www.mobilier-design-occasion.fr\/magazine\/wp-json\/wp\/v2\/posts"}],"about":[{"href":"https:\/\/www.mobilier-design-occasion.fr\/magazine\/wp-json\/wp\/v2\/types\/post"}],"author":[{"embeddable":true,"href":"https:\/\/www.mobilier-design-occasion.fr\/magazine\/wp-json\/wp\/v2\/users\/1"}],"replies":[{"embeddable":true,"href":"https:\/\/www.mobilier-design-occasion.fr\/magazine\/wp-json\/wp\/v2\/comments?post=5593"}],"version-history":[{"count":7,"href":"https:\/\/www.mobilier-design-occasion.fr\/magazine\/wp-json\/wp\/v2\/posts\/5593\/revisions"}],"predecessor-version":[{"id":5676,"href":"https:\/\/www.mobilier-design-occasion.fr\/magazine\/wp-json\/wp\/v2\/posts\/5593\/revisions\/5676"}],"wp:featuredmedia":[{"embeddable":true,"href":"https:\/\/www.mobilier-design-occasion.fr\/magazine\/wp-json\/wp\/v2\/media\/5675"}],"wp:attachment":[{"href":"https:\/\/www.mobilier-design-occasion.fr\/magazine\/wp-json\/wp\/v2\/media?parent=5593"}],"wp:term":[{"taxonomy":"category","embeddable":true,"href":"https:\/\/www.mobilier-design-occasion.fr\/magazine\/wp-json\/wp\/v2\/categories?post=5593"},{"taxonomy":"post_tag","embeddable":true,"href":"https:\/\/www.mobilier-design-occasion.fr\/magazine\/wp-json\/wp\/v2\/tags?post=5593"}],"curies":[{"name":"wp","href":"https:\/\/api.w.org\/{rel}","templated":true}]}}