{"id":5568,"date":"2023-11-13T07:33:49","date_gmt":"2023-11-13T07:33:49","guid":{"rendered":"https:\/\/www.mobilier-design-occasion.fr\/magazine\/?p=5568"},"modified":"2023-11-13T07:33:50","modified_gmt":"2023-11-13T07:33:50","slug":"chaise-baumann","status":"publish","type":"post","link":"https:\/\/www.mobilier-design-occasion.fr\/magazine\/chaise-baumann\/","title":{"rendered":"Chaise Baumann : 5 choses \u00e0 absolument savoir !"},"content":{"rendered":"\n<p>La chaise Baumann est un exemple remarquable de design industriel dans le domaine du mobilier. Voici quelques anecdotes et faits moins connus \u00e0 son sujet :<\/p>\n\n\n\n<ol class=\"wp-block-list\">\n<li><strong>Origine de la marque Baumann<\/strong> : La soci\u00e9t\u00e9 Baumann a \u00e9t\u00e9 fond\u00e9e en 1901 par Emile Baumann, dans la r\u00e9gion de Bistroff en France. Au d\u00e9part, elle \u00e9tait sp\u00e9cialis\u00e9e dans la fabrication de b\u00e2tons de ski avant de se tourner vers les meubles.<br><\/li>\n\n\n\n<li><strong>Innovation dans la production<\/strong> : Baumann \u00e9tait l&#8217;une des premi\u00e8res entreprises \u00e0 utiliser des techniques de production en s\u00e9rie pour les meubles, ce qui lui a permis de proposer des chaises de haute qualit\u00e9 \u00e0 des prix abordables.<br><\/li>\n\n\n\n<li><strong>Le &#8220;N\u0153ud Baumann&#8221;<\/strong> : Ce terme d\u00e9signe une technique particuli\u00e8re de courbure du bois, devenue un \u00e9l\u00e9ment distinctif des chaises Baumann. Cette m\u00e9thode permettait de courber le bois sans le briser, donnant aux chaises leur forme caract\u00e9ristique et leur r\u00e9sistance.<br><\/li>\n\n\n\n<li><strong>Diversit\u00e9 des mod\u00e8les<\/strong> : Bien que certaines chaises Baumann soient tr\u00e8s connues, la soci\u00e9t\u00e9 a produit une grande vari\u00e9t\u00e9 de mod\u00e8les au cours de son histoire, dont beaucoup restent m\u00e9connus du grand public.<br><\/li>\n\n\n\n<li><strong>Chaises pour enfants<\/strong> : Baumann a \u00e9galement produit des chaises pour enfants, qui sont devenues des objets de collection pris\u00e9s en raison de leur conception unique et de leur raret\u00e9<\/li>\n<\/ol>\n\n\n\n<figure class=\"wp-block-image size-large\"><img loading=\"lazy\" decoding=\"async\" width=\"1024\" height=\"610\" src=\"https:\/\/www.mobilier-design-occasion.fr\/magazine\/wp-content\/uploads\/2023\/11\/image-47-1024x610.png\" alt=\"\" class=\"wp-image-7031\" srcset=\"https:\/\/www.mobilier-design-occasion.fr\/magazine\/wp-content\/uploads\/2023\/11\/image-47-1024x610.png 1024w, https:\/\/www.mobilier-design-occasion.fr\/magazine\/wp-content\/uploads\/2023\/11\/image-47-300x179.png 300w, https:\/\/www.mobilier-design-occasion.fr\/magazine\/wp-content\/uploads\/2023\/11\/image-47-768x458.png 768w, https:\/\/www.mobilier-design-occasion.fr\/magazine\/wp-content\/uploads\/2023\/11\/image-47-810x483.png 810w, https:\/\/www.mobilier-design-occasion.fr\/magazine\/wp-content\/uploads\/2023\/11\/image-47-1140x680.png 1140w, https:\/\/www.mobilier-design-occasion.fr\/magazine\/wp-content\/uploads\/2023\/11\/image-47.png 1186w\" sizes=\"auto, (max-width: 1024px) 100vw, 1024px\" \/><\/figure>\n\n\n\n<h2 class=\"wp-block-heading\"><span class=\"ez-toc-section\" id=\"Lhistoire_de_la_chaise_Baumann\"><\/span><strong>L\u2019histoire de la chaise Baumann<\/strong><span class=\"ez-toc-section-end\"><\/span><\/h2><div id=\"ez-toc-container\" class=\"ez-toc-v2_0_82_2 counter-hierarchy ez-toc-counter ez-toc-grey ez-toc-container-direction\">\n<div class=\"ez-toc-title-container\">\n<span class=\"ez-toc-title-toggle\"><a href=\"#\" class=\"ez-toc-pull-right ez-toc-btn ez-toc-btn-xs ez-toc-btn-default ez-toc-toggle\" aria-label=\"Toggle Table of Content\"><span class=\"ez-toc-js-icon-con\"><span class=\"\"><span class=\"eztoc-hide\" style=\"display:none;\">Toggle<\/span><span class=\"ez-toc-icon-toggle-span\"><svg style=\"fill: #999;color:#999\" xmlns=\"http:\/\/www.w3.org\/2000\/svg\" class=\"list-377408\" width=\"20px\" height=\"20px\" viewBox=\"0 0 24 24\" fill=\"none\"><path d=\"M6 6H4v2h2V6zm14 0H8v2h12V6zM4 11h2v2H4v-2zm16 0H8v2h12v-2zM4 16h2v2H4v-2zm16 0H8v2h12v-2z\" fill=\"currentColor\"><\/path><\/svg><svg style=\"fill: #999;color:#999\" class=\"arrow-unsorted-368013\" xmlns=\"http:\/\/www.w3.org\/2000\/svg\" width=\"10px\" height=\"10px\" viewBox=\"0 0 24 24\" version=\"1.2\" baseProfile=\"tiny\"><path d=\"M18.2 9.3l-6.2-6.3-6.2 6.3c-.2.2-.3.4-.3.7s.1.5.3.7c.2.2.4.3.7.3h11c.3 0 .5-.1.7-.3.2-.2.3-.5.3-.7s-.1-.5-.3-.7zM5.8 14.7l6.2 6.3 6.2-6.3c.2-.2.3-.5.3-.7s-.1-.5-.3-.7c-.2-.2-.4-.3-.7-.3h-11c-.3 0-.5.1-.7.3-.2.2-.3.5-.3.7s.1.5.3.7z\"\/><\/svg><\/span><\/span><\/span><\/a><\/span><\/div>\n<nav><ul class='ez-toc-list ez-toc-list-level-1 eztoc-toggle-hide-by-default' ><li class='ez-toc-page-1 ez-toc-heading-level-2'><a class=\"ez-toc-link ez-toc-heading-1\" href=\"https:\/\/www.mobilier-design-occasion.fr\/magazine\/chaise-baumann\/#Lhistoire_de_la_chaise_Baumann\" >L\u2019histoire de la chaise Baumann<\/a><\/li><li class='ez-toc-page-1 ez-toc-heading-level-2'><a class=\"ez-toc-link ez-toc-heading-2\" href=\"https:\/\/www.mobilier-design-occasion.fr\/magazine\/chaise-baumann\/#Quelles_sont_les_differentes_versions_de_la_chaise_Baumann\" >Quelles sont les diff\u00e9rentes versions de la chaise Baumann?<\/a><\/li><li class='ez-toc-page-1 ez-toc-heading-level-2'><a class=\"ez-toc-link ez-toc-heading-3\" href=\"https:\/\/www.mobilier-design-occasion.fr\/magazine\/chaise-baumann\/#Quels_sont_les_caracteristiques_de_la_chaise_Baumann\" >Quels sont les caract\u00e9ristiques de la chaise Baumann?<\/a><ul class='ez-toc-list-level-3' ><li class='ez-toc-heading-level-3'><a class=\"ez-toc-link ez-toc-heading-4\" href=\"https:\/\/www.mobilier-design-occasion.fr\/magazine\/chaise-baumann\/#La_structure\" >La structure<\/a><\/li><li class='ez-toc-page-1 ez-toc-heading-level-3'><a class=\"ez-toc-link ez-toc-heading-5\" href=\"https:\/\/www.mobilier-design-occasion.fr\/magazine\/chaise-baumann\/#Les_pieds\" >Les pieds<\/a><\/li><li class='ez-toc-page-1 ez-toc-heading-level-3'><a class=\"ez-toc-link ez-toc-heading-6\" href=\"https:\/\/www.mobilier-design-occasion.fr\/magazine\/chaise-baumann\/#La_finition\" >La finition<\/a><\/li><\/ul><\/li><li class='ez-toc-page-1 ez-toc-heading-level-2'><a class=\"ez-toc-link ez-toc-heading-7\" href=\"https:\/\/www.mobilier-design-occasion.fr\/magazine\/chaise-baumann\/#Comment_integrer_la_chaise_Baumann_dans_la_decoration\" >Comment int\u00e9grer la chaise Baumann dans la d\u00e9coration?<\/a><ul class='ez-toc-list-level-3' ><li class='ez-toc-heading-level-3'><a class=\"ez-toc-link ez-toc-heading-8\" href=\"https:\/\/www.mobilier-design-occasion.fr\/magazine\/chaise-baumann\/#Pourquoi_acheter_une_chaise_Baumann_doccasion_est_une_bonne_idee\" >Pourquoi acheter une chaise Baumann d\u2019occasion est une bonne id\u00e9e?<\/a><\/li><li class='ez-toc-page-1 ez-toc-heading-level-3'><a class=\"ez-toc-link ez-toc-heading-9\" href=\"https:\/\/www.mobilier-design-occasion.fr\/magazine\/chaise-baumann\/#La_marque\" >La marque<\/a><\/li><li class='ez-toc-page-1 ez-toc-heading-level-3'><a class=\"ez-toc-link ez-toc-heading-10\" href=\"https:\/\/www.mobilier-design-occasion.fr\/magazine\/chaise-baumann\/#La_qualite\" >La qualit\u00e9<\/a><\/li><li class='ez-toc-page-1 ez-toc-heading-level-3'><a class=\"ez-toc-link ez-toc-heading-11\" href=\"https:\/\/www.mobilier-design-occasion.fr\/magazine\/chaise-baumann\/#Le_prix\" >Le prix<\/a><\/li><\/ul><\/li><li class='ez-toc-page-1 ez-toc-heading-level-2'><a class=\"ez-toc-link ez-toc-heading-12\" href=\"https:\/\/www.mobilier-design-occasion.fr\/magazine\/chaise-baumann\/#Ou_trouver_une_chaise_Baumann_doccasion\" >O\u00f9 trouver une chaise Baumann d\u2019occasion?<\/a><\/li><li class='ez-toc-page-1 ez-toc-heading-level-2'><a class=\"ez-toc-link ez-toc-heading-13\" href=\"https:\/\/www.mobilier-design-occasion.fr\/magazine\/chaise-baumann\/#Comment_reconnaitre_une_vraie_chaise_Baumann\" >Comment reconna\u00eetre une vraie chaise Baumann?<\/a><\/li><li class='ez-toc-page-1 ez-toc-heading-level-2'><a class=\"ez-toc-link ez-toc-heading-14\" href=\"https:\/\/www.mobilier-design-occasion.fr\/magazine\/chaise-baumann\/#Envie_den_savoir_davantage\" >Envie d&#8217;en savoir davantage?<\/a><\/li><\/ul><\/nav><\/div>\n\n\n\n\n<p>En 1901, le Suisse \u00c9mile Baumann cr\u00e9e l\u2019entreprise Baumann, son fils reprend les r\u00e8gnes en 1903. Baumann cr\u00e9e des mobiliers pour enfants puis plus tard des mobiliers pour bistrots, des \u00ab&nbsp;charettes&nbsp;\u00bb, des porte-manteaux et des gu\u00e9ridons. Baumann utilise la technique du bois courb\u00e9 pour la fabrication de ses meubles.<\/p>\n\n\n\n<figure class=\"wp-block-image size-large\"><img loading=\"lazy\" decoding=\"async\" width=\"1024\" height=\"768\" src=\"https:\/\/www.mobilier-design-occasion.fr\/magazine\/wp-content\/uploads\/2022\/07\/A-1-1024x768.jpg\" alt=\"\" class=\"wp-image-5571\" srcset=\"https:\/\/www.mobilier-design-occasion.fr\/magazine\/wp-content\/uploads\/2022\/07\/A-1-1024x768.jpg 1024w, https:\/\/www.mobilier-design-occasion.fr\/magazine\/wp-content\/uploads\/2022\/07\/A-1-300x225.jpg 300w, https:\/\/www.mobilier-design-occasion.fr\/magazine\/wp-content\/uploads\/2022\/07\/A-1-768x576.jpg 768w, https:\/\/www.mobilier-design-occasion.fr\/magazine\/wp-content\/uploads\/2022\/07\/A-1-810x608.jpg 810w, https:\/\/www.mobilier-design-occasion.fr\/magazine\/wp-content\/uploads\/2022\/07\/A-1-1140x855.jpg 1140w, https:\/\/www.mobilier-design-occasion.fr\/magazine\/wp-content\/uploads\/2022\/07\/A-1.jpg 1200w\" sizes=\"auto, (max-width: 1024px) 100vw, 1024px\" \/><figcaption class=\"wp-element-caption\">Luckyfind<\/figcaption><\/figure>\n\n\n\n<p>La <a href=\"https:\/\/fr.wikipedia.org\/wiki\/Manufacture_Baumann\">manufacture Baumann<\/a> est c\u00e9l\u00e8bre gr\u00e2ce \u00e0 ses chaises. Au fil des ann\u00e9es, l\u2019entreprise Baumann a su adapter ses cr\u00e9ations aux diverses tendances du moment. Malheureusement, l\u2019entreprise a ferm\u00e9 ses portes en 2003 suite \u00e0 des probl\u00e8mes financiers.<\/p>\n\n\n\n<figure class=\"wp-block-image size-full\"><img loading=\"lazy\" decoding=\"async\" width=\"707\" height=\"351\" src=\"https:\/\/www.mobilier-design-occasion.fr\/magazine\/wp-content\/uploads\/2023\/11\/image-49.png\" alt=\"\" class=\"wp-image-7033\" srcset=\"https:\/\/www.mobilier-design-occasion.fr\/magazine\/wp-content\/uploads\/2023\/11\/image-49.png 707w, https:\/\/www.mobilier-design-occasion.fr\/magazine\/wp-content\/uploads\/2023\/11\/image-49-300x149.png 300w\" sizes=\"auto, (max-width: 707px) 100vw, 707px\" \/><\/figure>\n\n\n\n<h2 class=\"wp-block-heading\"><span class=\"ez-toc-section\" id=\"Quelles_sont_les_differentes_versions_de_la_chaise_Baumann\"><\/span><strong>Quelles sont les diff\u00e9rentes versions de la chaise Baumann?<\/strong><span class=\"ez-toc-section-end\"><\/span><\/h2>\n\n\n\n<p>Depuis sa cr\u00e9ation en 1901 jusqu\u2019\u00e0 sa fermeture en 2003, l\u2019entreprise Baumann a cr\u00e9\u00e9 250 types de chaises. Parmi eux, il y a&nbsp;:<\/p>\n\n\n\n<ul class=\"wp-block-list\">\n<li>Les chaises Traineau<\/li>\n\n\n\n<li>Les chaises Menuet<\/li>\n\n\n\n<li>Les chaises Bistrot<\/li>\n\n\n\n<li>Les chaises Mondor<\/li>\n\n\n\n<li>Les chaises Dallas<\/li>\n\n\n\n<li>Les chaises Gentiane<\/li>\n\n\n\n<li>Les chaises Mouette<\/li>\n\n\n\n<li>Les chaises Tonneau<\/li>\n\n\n\n<li>les tabourets<\/li>\n\n\n\n<li>les fauteuils ou chaises \u00e0 bascule<\/li>\n<\/ul>\n\n\n\n<div class=\"wp-block-columns is-layout-flex wp-container-core-columns-is-layout-9d6595d7 wp-block-columns-is-layout-flex\">\n<div class=\"wp-block-column is-layout-flow wp-block-column-is-layout-flow\">\n<figure class=\"wp-block-image size-full\"><img loading=\"lazy\" decoding=\"async\" width=\"1024\" height=\"768\" src=\"https:\/\/www.mobilier-design-occasion.fr\/magazine\/wp-content\/uploads\/2022\/07\/B-1.jpg\" alt=\"\" class=\"wp-image-5572\" srcset=\"https:\/\/www.mobilier-design-occasion.fr\/magazine\/wp-content\/uploads\/2022\/07\/B-1.jpg 1024w, https:\/\/www.mobilier-design-occasion.fr\/magazine\/wp-content\/uploads\/2022\/07\/B-1-300x225.jpg 300w, https:\/\/www.mobilier-design-occasion.fr\/magazine\/wp-content\/uploads\/2022\/07\/B-1-768x576.jpg 768w, https:\/\/www.mobilier-design-occasion.fr\/magazine\/wp-content\/uploads\/2022\/07\/B-1-810x608.jpg 810w\" sizes=\"auto, (max-width: 1024px) 100vw, 1024px\" \/><figcaption class=\"wp-element-caption\">TooVintage<\/figcaption><\/figure>\n<\/div>\n\n\n\n<div class=\"wp-block-column is-layout-flow wp-block-column-is-layout-flow\">\n<figure class=\"wp-block-image size-full\"><img loading=\"lazy\" decoding=\"async\" width=\"1024\" height=\"678\" src=\"https:\/\/www.mobilier-design-occasion.fr\/magazine\/wp-content\/uploads\/2022\/07\/C-1.jpg\" alt=\"\" class=\"wp-image-5573\" srcset=\"https:\/\/www.mobilier-design-occasion.fr\/magazine\/wp-content\/uploads\/2022\/07\/C-1.jpg 1024w, https:\/\/www.mobilier-design-occasion.fr\/magazine\/wp-content\/uploads\/2022\/07\/C-1-300x199.jpg 300w, https:\/\/www.mobilier-design-occasion.fr\/magazine\/wp-content\/uploads\/2022\/07\/C-1-768x509.jpg 768w, https:\/\/www.mobilier-design-occasion.fr\/magazine\/wp-content\/uploads\/2022\/07\/C-1-810x536.jpg 810w\" sizes=\"auto, (max-width: 1024px) 100vw, 1024px\" \/><figcaption class=\"wp-element-caption\">Belle Lurette<\/figcaption><\/figure>\n<\/div>\n<\/div>\n\n\n\n<h2 class=\"wp-block-heading\"><span class=\"ez-toc-section\" id=\"Quels_sont_les_caracteristiques_de_la_chaise_Baumann\"><\/span><strong>Quels sont les caract\u00e9ristiques de la chaise Baumann?<\/strong><span class=\"ez-toc-section-end\"><\/span><\/h2>\n\n\n\n<p><\/p>\n\n\n\n<h3 class=\"wp-block-heading\"><span class=\"ez-toc-section\" id=\"La_structure\"><\/span><strong>La structure<\/strong><span class=\"ez-toc-section-end\"><\/span><\/h3>\n\n\n\n<p>Entre 1901 et 1950, les diff\u00e9rentes <a href=\"https:\/\/www.leblogdelamaison.fr\/chaise-baumann-tout-savoir-sur-elle\/\">chaises Baumann<\/a> poss\u00e8dent une structure en bois courb\u00e9 et cintr\u00e9. Apr\u00e8s 1950, l\u2019entreprise Baumann int\u00e8gre d\u2019autres mati\u00e8res dans ses mobiliers. Il y du contreplaqu\u00e9, du plastique et du vinyle.<\/p>\n\n\n\n<h3 class=\"wp-block-heading\"><span class=\"ez-toc-section\" id=\"Les_pieds\"><\/span><strong>Les pieds<\/strong><span class=\"ez-toc-section-end\"><\/span><\/h3>\n\n\n\n<p>Les pieds des chaises Baumann sont g\u00e9n\u00e9ralement en bois, de forme ronds et courb\u00e9s. Mais il y a \u00e9galement des chaises Baumann qui ont des pieds carr\u00e9s.<\/p>\n\n\n\n<div class=\"wp-block-columns is-layout-flex wp-container-core-columns-is-layout-9d6595d7 wp-block-columns-is-layout-flex\">\n<div class=\"wp-block-column is-layout-flow wp-block-column-is-layout-flow\">\n<figure class=\"wp-block-image size-full is-resized\"><img loading=\"lazy\" decoding=\"async\" width=\"587\" height=\"782\" src=\"https:\/\/www.mobilier-design-occasion.fr\/magazine\/wp-content\/uploads\/2022\/07\/E.jpg\" alt=\"\" class=\"wp-image-5575\" style=\"width:284px;height:378px\" srcset=\"https:\/\/www.mobilier-design-occasion.fr\/magazine\/wp-content\/uploads\/2022\/07\/E.jpg 587w, https:\/\/www.mobilier-design-occasion.fr\/magazine\/wp-content\/uploads\/2022\/07\/E-225x300.jpg 225w\" sizes=\"auto, (max-width: 587px) 100vw, 587px\" \/><figcaption class=\"wp-element-caption\">Pinterest<\/figcaption><\/figure>\n<\/div>\n\n\n\n<div class=\"wp-block-column is-layout-flow wp-block-column-is-layout-flow\">\n<figure class=\"wp-block-image size-full is-resized\"><img loading=\"lazy\" decoding=\"async\" width=\"800\" height=\"800\" src=\"https:\/\/www.mobilier-design-occasion.fr\/magazine\/wp-content\/uploads\/2022\/07\/F.jpg\" alt=\"\" class=\"wp-image-5576\" style=\"width:284px;height:284px\" srcset=\"https:\/\/www.mobilier-design-occasion.fr\/magazine\/wp-content\/uploads\/2022\/07\/F.jpg 800w, https:\/\/www.mobilier-design-occasion.fr\/magazine\/wp-content\/uploads\/2022\/07\/F-300x300.jpg 300w, https:\/\/www.mobilier-design-occasion.fr\/magazine\/wp-content\/uploads\/2022\/07\/F-150x150.jpg 150w, https:\/\/www.mobilier-design-occasion.fr\/magazine\/wp-content\/uploads\/2022\/07\/F-768x768.jpg 768w\" sizes=\"auto, (max-width: 800px) 100vw, 800px\" \/><figcaption class=\"wp-element-caption\">l&#8217;Atelier Quai 69<\/figcaption><\/figure>\n<\/div>\n<\/div>\n\n\n\n<h3 class=\"wp-block-heading\"><span class=\"ez-toc-section\" id=\"La_finition\"><\/span><strong>La finition<\/strong><span class=\"ez-toc-section-end\"><\/span><\/h3>\n\n\n\n<p>Les chaises Baumann ont une finition naturelle ou teint\u00e9e en ch\u00eane clair, en marron fonc\u00e9 fa\u00e7on noyer ou en bordeaux acajou.<\/p>\n\n\n\n<h2 class=\"wp-block-heading\"><span class=\"ez-toc-section\" id=\"Comment_integrer_la_chaise_Baumann_dans_la_decoration\"><\/span><strong>Comment int\u00e9grer la chaise Baumann dans la d\u00e9coration?<\/strong><span class=\"ez-toc-section-end\"><\/span><\/h2>\n\n\n\n<p>Quel que soit le mod\u00e8le, la chaise Baumann est une pi\u00e8ce ind\u00e9modable. La chaise Baumann s\u2019int\u00e8gre \u00e0 toutes les d\u00e9corations existantes. G\u00e9n\u00e9ralement en bois, elle apporte une touche chaleureuse \u00e0 toutes les pi\u00e8ces de la maison.<\/p>\n\n\n\n<div class=\"wp-block-columns is-layout-flex wp-container-core-columns-is-layout-9d6595d7 wp-block-columns-is-layout-flex\">\n<div class=\"wp-block-column is-layout-flow wp-block-column-is-layout-flow\">\n<figure class=\"wp-block-image size-full\"><img loading=\"lazy\" decoding=\"async\" width=\"438\" height=\"583\" src=\"https:\/\/www.mobilier-design-occasion.fr\/magazine\/wp-content\/uploads\/2022\/07\/G..jpg\" alt=\"\" class=\"wp-image-5578\" srcset=\"https:\/\/www.mobilier-design-occasion.fr\/magazine\/wp-content\/uploads\/2022\/07\/G..jpg 438w, https:\/\/www.mobilier-design-occasion.fr\/magazine\/wp-content\/uploads\/2022\/07\/G.-225x300.jpg 225w\" sizes=\"auto, (max-width: 438px) 100vw, 438px\" \/><figcaption class=\"wp-element-caption\">le blog d\u00e9co de MLC<\/figcaption><\/figure>\n<\/div>\n\n\n\n<div class=\"wp-block-column is-layout-flow wp-block-column-is-layout-flow\">\n<figure class=\"wp-block-image size-large\"><img loading=\"lazy\" decoding=\"async\" width=\"719\" height=\"1024\" src=\"https:\/\/www.mobilier-design-occasion.fr\/magazine\/wp-content\/uploads\/2022\/07\/H-719x1024.jpg\" alt=\"\" class=\"wp-image-5582\" srcset=\"https:\/\/www.mobilier-design-occasion.fr\/magazine\/wp-content\/uploads\/2022\/07\/H-719x1024.jpg 719w, https:\/\/www.mobilier-design-occasion.fr\/magazine\/wp-content\/uploads\/2022\/07\/H-211x300.jpg 211w, https:\/\/www.mobilier-design-occasion.fr\/magazine\/wp-content\/uploads\/2022\/07\/H-768x1094.jpg 768w, https:\/\/www.mobilier-design-occasion.fr\/magazine\/wp-content\/uploads\/2022\/07\/H-1078x1536.jpg 1078w, https:\/\/www.mobilier-design-occasion.fr\/magazine\/wp-content\/uploads\/2022\/07\/H-scaled.jpg 1437w, https:\/\/www.mobilier-design-occasion.fr\/magazine\/wp-content\/uploads\/2022\/07\/H-810x1154.jpg 810w, https:\/\/www.mobilier-design-occasion.fr\/magazine\/wp-content\/uploads\/2022\/07\/H-1140x1624.jpg 1140w\" sizes=\"auto, (max-width: 719px) 100vw, 719px\" \/><figcaption class=\"wp-element-caption\">Pinterest<\/figcaption><\/figure>\n<\/div>\n<\/div>\n\n\n\n<p>La chaise Baumann s\u2019associe parfaitement \u00e0 une table industrielle ou scandinave, mais aussi \u00e0 une table plus sophistiqu\u00e9e en verre pour un jolie contraste. D\u00e9pareiller une chaise vintage Baumann avec d\u2019autres mod\u00e8les de chaises s\u2019av\u00e8re \u00e9galement \u00eatre une excellente id\u00e9e de d\u00e9coration.<\/p>\n\n\n\n<p><strong>Notre s\u00e9lection des plus belles chaises Baumann<\/strong><\/p>\n\n\n\n<div class=\"wp-block-columns is-layout-flex wp-container-core-columns-is-layout-9d6595d7 wp-block-columns-is-layout-flex\">\n<div class=\"wp-block-column is-layout-flow wp-block-column-is-layout-flow\">\n<figure class=\"wp-block-image size-full\"><a href=\"https:\/\/www.selency.fr\/produit\/1F5CT546\/chaise-bistrot-en-bois-baumann-de-1920.html?utm_source=effinity_fr&amp;utm_medium=affiliation&amp;utm_campaign=1395109901&amp;eff_cpt=22605728\"><img loading=\"lazy\" decoding=\"async\" width=\"588\" height=\"589\" src=\"https:\/\/www.mobilier-design-occasion.fr\/magazine\/wp-content\/uploads\/2022\/07\/AA-1.jpg\" alt=\"\" class=\"wp-image-5587\" srcset=\"https:\/\/www.mobilier-design-occasion.fr\/magazine\/wp-content\/uploads\/2022\/07\/AA-1.jpg 588w, https:\/\/www.mobilier-design-occasion.fr\/magazine\/wp-content\/uploads\/2022\/07\/AA-1-300x300.jpg 300w, https:\/\/www.mobilier-design-occasion.fr\/magazine\/wp-content\/uploads\/2022\/07\/AA-1-150x150.jpg 150w\" sizes=\"auto, (max-width: 588px) 100vw, 588px\" \/><\/a><\/figure>\n<\/div>\n\n\n\n<div class=\"wp-block-column is-layout-flow wp-block-column-is-layout-flow\">\n<figure class=\"wp-block-image size-full\"><a href=\"https:\/\/www.selency.fr\/produit\/SH5WWR81\/chaise-bistrot-gaufree-par-les-editions-baumann.html?utm_source=effinity_fr&amp;utm_medium=affiliation&amp;utm_campaign=1395109901&amp;eff_cpt=22605728\"><img loading=\"lazy\" decoding=\"async\" width=\"587\" height=\"587\" src=\"https:\/\/www.mobilier-design-occasion.fr\/magazine\/wp-content\/uploads\/2022\/07\/BB-1.jpg\" alt=\"\" class=\"wp-image-5588\" srcset=\"https:\/\/www.mobilier-design-occasion.fr\/magazine\/wp-content\/uploads\/2022\/07\/BB-1.jpg 587w, https:\/\/www.mobilier-design-occasion.fr\/magazine\/wp-content\/uploads\/2022\/07\/BB-1-300x300.jpg 300w, https:\/\/www.mobilier-design-occasion.fr\/magazine\/wp-content\/uploads\/2022\/07\/BB-1-150x150.jpg 150w\" sizes=\"auto, (max-width: 587px) 100vw, 587px\" \/><\/a><\/figure>\n<\/div>\n<\/div>\n\n\n\n<div class=\"wp-block-columns is-layout-flex wp-container-core-columns-is-layout-9d6595d7 wp-block-columns-is-layout-flex\">\n<div class=\"wp-block-column is-layout-flow wp-block-column-is-layout-flow\">\n<figure class=\"wp-block-image size-full\"><a href=\"https:\/\/www.selency.fr\/produit\/GF5UKUVU\/chaise-menuet-par-baumann.html?utm_source=effinity_fr&amp;utm_medium=affiliation&amp;utm_campaign=1395109901&amp;eff_cpt=22605728\"><img loading=\"lazy\" decoding=\"async\" width=\"588\" height=\"587\" src=\"https:\/\/www.mobilier-design-occasion.fr\/magazine\/wp-content\/uploads\/2022\/07\/CC.jpg\" alt=\"\" class=\"wp-image-5589\" srcset=\"https:\/\/www.mobilier-design-occasion.fr\/magazine\/wp-content\/uploads\/2022\/07\/CC.jpg 588w, https:\/\/www.mobilier-design-occasion.fr\/magazine\/wp-content\/uploads\/2022\/07\/CC-300x300.jpg 300w, https:\/\/www.mobilier-design-occasion.fr\/magazine\/wp-content\/uploads\/2022\/07\/CC-150x150.jpg 150w\" sizes=\"auto, (max-width: 588px) 100vw, 588px\" \/><\/a><\/figure>\n<\/div>\n\n\n\n<div class=\"wp-block-column is-layout-flow wp-block-column-is-layout-flow\">\n<figure class=\"wp-block-image size-full\"><a href=\"https:\/\/www.selency.fr\/produit\/6VVWQCF4\/fauteuil-de-bureau-brasserie-baumann-bois.html?utm_source=effinity_fr&amp;utm_medium=affiliation&amp;utm_campaign=1395109901&amp;eff_cpt=22605728\"><img loading=\"lazy\" decoding=\"async\" width=\"589\" height=\"586\" src=\"https:\/\/www.mobilier-design-occasion.fr\/magazine\/wp-content\/uploads\/2022\/07\/DD.jpg\" alt=\"\" class=\"wp-image-5590\" srcset=\"https:\/\/www.mobilier-design-occasion.fr\/magazine\/wp-content\/uploads\/2022\/07\/DD.jpg 589w, https:\/\/www.mobilier-design-occasion.fr\/magazine\/wp-content\/uploads\/2022\/07\/DD-300x298.jpg 300w, https:\/\/www.mobilier-design-occasion.fr\/magazine\/wp-content\/uploads\/2022\/07\/DD-150x150.jpg 150w\" sizes=\"auto, (max-width: 589px) 100vw, 589px\" \/><\/a><\/figure>\n<\/div>\n<\/div>\n\n\n\n<h3 class=\"wp-block-heading\"><span class=\"ez-toc-section\" id=\"Pourquoi_acheter_une_chaise_Baumann_doccasion_est_une_bonne_idee\"><\/span><strong>Pourquoi acheter une chaise Baumann d\u2019occasion est une bonne id\u00e9e?<\/strong><span class=\"ez-toc-section-end\"><\/span><\/h3>\n\n\n\n<h3 class=\"wp-block-heading\"><span class=\"ez-toc-section\" id=\"La_marque\"><\/span><strong>La marque<\/strong><span class=\"ez-toc-section-end\"><\/span><\/h3>\n\n\n\n<p>Malgr\u00e9 le fait que les chaises Baumann sont des chaises industrielles, la marque de fabrique Baumann est une ic\u00f4ne en mati\u00e8re de chaise en bois.<\/p>\n\n\n\n<figure class=\"wp-block-embed is-type-rich is-provider-twitter wp-block-embed-twitter\"><div class=\"wp-block-embed__wrapper\">\n<blockquote class=\"twitter-tweet\" data-width=\"550\" data-dnt=\"true\"><p lang=\"fr\" dir=\"ltr\">Si\u00e8ge \u00e0 bascule ou fauteuil, il y en a pour tous les go\u00fbts avec <a href=\"https:\/\/twitter.com\/hashtag\/Baumann?src=hash&amp;ref_src=twsrc%5Etfw\">#Baumann<\/a> <a href=\"https:\/\/t.co\/q4DYYB6xle\">https:\/\/t.co\/q4DYYB6xle<\/a> <a href=\"https:\/\/twitter.com\/hashtag\/design?src=hash&amp;ref_src=twsrc%5Etfw\">#design<\/a> <a href=\"https:\/\/twitter.com\/hashtag\/chairs?src=hash&amp;ref_src=twsrc%5Etfw\">#chairs<\/a> <a href=\"https:\/\/t.co\/dFpsyCQWOR\">pic.twitter.com\/dFpsyCQWOR<\/a><\/p>&mdash; La Marelle (@LaMarelleAntiqu) <a href=\"https:\/\/twitter.com\/LaMarelleAntiqu\/status\/673597973180325888?ref_src=twsrc%5Etfw\">December 6, 2015<\/a><\/blockquote><script async src=\"https:\/\/platform.twitter.com\/widgets.js\" charset=\"utf-8\"><\/script>\n<\/div><\/figure>\n\n\n\n<h3 class=\"wp-block-heading\"><span class=\"ez-toc-section\" id=\"La_qualite\"><\/span><strong>La qualit\u00e9<\/strong><span class=\"ez-toc-section-end\"><\/span><\/h3>\n\n\n\n<p>En plus de son originalit\u00e9, la chaise Baumann est aussi connue pour sa qualit\u00e9. Auparavant, il para\u00eet que les vendeurs des chaises Baumann jetaient les chaises du 4<sup>e<\/sup> \u00e9tages pour prouver sa solidit\u00e9.<\/p>\n\n\n\n<h3 class=\"wp-block-heading\"><span class=\"ez-toc-section\" id=\"Le_prix\"><\/span><strong>Le prix<\/strong><span class=\"ez-toc-section-end\"><\/span><\/h3>\n\n\n\n<p>Etant donn\u00e9 que les chaises Baumann ne sont plus en production depuis 2003, il est donc impossible de trouver des chaises Baumann neuves. Les chaises Baumann sont tr\u00e8s pris\u00e9es par les collectionneurs en vue de leur design et leur qualit\u00e9. Il est logique que le prix \u00e9quivaille \u00e9galement \u00e0 cette r\u00e9putation, mais on peut toujours trouver des chaises Baumann \u00e0 prix abordables.<\/p>\n\n\n\n<h2 class=\"wp-block-heading\"><span class=\"ez-toc-section\" id=\"Ou_trouver_une_chaise_Baumann_doccasion\"><\/span><strong>O\u00f9 trouver une chaise Baumann d\u2019occasion?<\/strong><span class=\"ez-toc-section-end\"><\/span><\/h2>\n\n\n\n<p>Au fil des ann\u00e9es, l\u2019entreprise Baumann a fabriqu\u00e9 de nombreux types de chaises Baumann. Il n\u2019est, donc, pas difficile de trouver une chaise Baumann d\u2019occasion. On peut tout \u00e0 fait en trouver dans les magasins d\u2019antiquit\u00e9s ou dans les brocantes, tout comme les vide-greniers. Il ne faut pas oublier de surfer sur internet et visiter les diff\u00e9rents sites de mobiliers de secondes mains comme&nbsp;:<\/p>\n\n\n\n<ul class=\"wp-block-list\">\n<li>Selency<\/li>\n\n\n\n<li>Mobilier Design Occasion<\/li>\n\n\n\n<li>Design Market<\/li>\n\n\n\n<li>Leboncoin<\/li>\n\n\n\n<li>Ebay<\/li>\n<\/ul>\n\n\n\n<figure class=\"wp-block-embed is-type-video is-provider-youtube wp-block-embed-youtube wp-embed-aspect-16-9 wp-has-aspect-ratio\"><div class=\"wp-block-embed__wrapper\">\n<iframe loading=\"lazy\" title=\"Repeindre une chaise bistrot\" width=\"810\" height=\"456\" src=\"https:\/\/www.youtube.com\/embed\/rxKosbACkJ4?feature=oembed\" frameborder=\"0\" allow=\"accelerometer; autoplay; clipboard-write; encrypted-media; gyroscope; picture-in-picture; web-share\" allowfullscreen><\/iframe>\n<\/div><\/figure>\n\n\n\n<h2 class=\"wp-block-heading\"><span class=\"ez-toc-section\" id=\"Comment_reconnaitre_une_vraie_chaise_Baumann\"><\/span><strong>Comment reconna\u00eetre une vraie chaise Baumann?<\/strong><span class=\"ez-toc-section-end\"><\/span><\/h2>\n\n\n\n<p>Tr\u00e8s recherch\u00e9 par les clients et les collectionneurs, la chaise Baumann s\u2019est vu \u00eatre falsifi\u00e9 de nombreuses fois. La chaise Baumann est une chaise intemporelle de grande valeur. Il est n\u00e9cessaire de faire tr\u00e8s attention lorsque l\u2019on souhaite se procurer une chaise Baumann d\u2019occasion. Voici quelques astuces qui vont vous aider \u00e0 distinguer le vrai du faux&nbsp;:<\/p>\n\n\n\n<ul class=\"wp-block-list\">\n<li>Il faut faire attention \u00e0 la qualit\u00e9 des mat\u00e9riaux qui composent une chaise Baumann. M\u00eame si la chaise est d\u2019occasion, la bonne qualit\u00e9 de ses mat\u00e9riaux prouve son authenticit\u00e9.<\/li>\n\n\n\n<li>Une chaise Baumann est une chaise iconique, et m\u00eame si c\u2019est le cas, il faut faire attention au prix. Le prix d\u2019une chaise Baumann de secondes mains d\u00e9pend de son \u00e9tat.<\/li>\n\n\n\n<li>Noter bien qu\u2019une vraie chaise Baumann est toujours sign\u00e9e. Lors que vous acheter une chaise Baumann d\u2019occasion, v\u00e9rifier le dos de l\u2019assise, il doit y avoir le label de fabrication.<\/li>\n<\/ul>\n\n\n\n<figure class=\"wp-block-image size-large\"><img loading=\"lazy\" decoding=\"async\" width=\"1024\" height=\"801\" src=\"https:\/\/www.mobilier-design-occasion.fr\/magazine\/wp-content\/uploads\/2022\/07\/chaise-baumann-western-35-bistrot-vintage-bar-5francs-7-1048x820-1-1024x801.jpg\" alt=\"\" class=\"wp-image-5585\" srcset=\"https:\/\/www.mobilier-design-occasion.fr\/magazine\/wp-content\/uploads\/2022\/07\/chaise-baumann-western-35-bistrot-vintage-bar-5francs-7-1048x820-1-1024x801.jpg 1024w, https:\/\/www.mobilier-design-occasion.fr\/magazine\/wp-content\/uploads\/2022\/07\/chaise-baumann-western-35-bistrot-vintage-bar-5francs-7-1048x820-1-300x235.jpg 300w, https:\/\/www.mobilier-design-occasion.fr\/magazine\/wp-content\/uploads\/2022\/07\/chaise-baumann-western-35-bistrot-vintage-bar-5francs-7-1048x820-1-768x601.jpg 768w, https:\/\/www.mobilier-design-occasion.fr\/magazine\/wp-content\/uploads\/2022\/07\/chaise-baumann-western-35-bistrot-vintage-bar-5francs-7-1048x820-1-810x634.jpg 810w, https:\/\/www.mobilier-design-occasion.fr\/magazine\/wp-content\/uploads\/2022\/07\/chaise-baumann-western-35-bistrot-vintage-bar-5francs-7-1048x820-1.jpg 1048w\" sizes=\"auto, (max-width: 1024px) 100vw, 1024px\" \/><figcaption class=\"wp-element-caption\">5 francs<\/figcaption><\/figure>\n\n\n\n<h2 class=\"wp-block-heading\"><span class=\"ez-toc-section\" id=\"Envie_den_savoir_davantage\"><\/span>Envie d&#8217;en savoir davantage?<span class=\"ez-toc-section-end\"><\/span><\/h2>\n\n\n\n<ol class=\"wp-block-list\">\n<li><strong>Survie \u00e0 travers les \u00e9poques<\/strong> : Malgr\u00e9 les changements de tendances dans le design de mobilier, les chaises Baumann ont surv\u00e9cu gr\u00e2ce \u00e0 leur design intemporel et leur qualit\u00e9 de fabrication.<br><\/li>\n\n\n\n<li><strong>Impact culturel<\/strong> : Les chaises Baumann ont \u00e9t\u00e9 largement utilis\u00e9es dans les caf\u00e9s et restaurants europ\u00e9ens au cours du 20e si\u00e8cle, devenant ainsi une partie int\u00e9grante de la culture caf\u00e9 de nombreux pays.<br><\/li>\n\n\n\n<li><strong>Reconnaissance tardive<\/strong> : Pendant longtemps, les chaises Baumann n&#8217;ont pas \u00e9t\u00e9 consid\u00e9r\u00e9es comme des pi\u00e8ces de design majeures. Ce n&#8217;est que r\u00e9cemment qu&#8217;elles ont gagn\u00e9 une reconnaissance et une appr\u00e9ciation consid\u00e9rables dans le monde du design et de la d\u00e9coration int\u00e9rieure.<\/li>\n<\/ol>\n","protected":false},"excerpt":{"rendered":"<p>La chaise Baumann est un exemple remarquable de design industriel dans le domaine du mobilier. Voici quelques anecdotes et faits moins connus \u00e0 son sujet : L\u2019histoire de la chaise Baumann En 1901, le Suisse \u00c9mile Baumann cr\u00e9e l\u2019entreprise Baumann, son fils reprend les r\u00e8gnes en 1903. Baumann cr\u00e9e des mobiliers pour enfants puis plus [&hellip;]<\/p>\n","protected":false},"author":1,"featured_media":5669,"comment_status":"open","ping_status":"open","sticky":false,"template":"","format":"standard","meta":{"footnotes":""},"categories":[2],"tags":[],"class_list":["post-5568","post","type-post","status-publish","format-standard","has-post-thumbnail","hentry","category-tendances"],"yoast_head":"<!-- This site is optimized with the Yoast SEO plugin v27.5 - https:\/\/yoast.com\/product\/yoast-seo-wordpress\/ -->\n<title>Chaise Baumann : 5 choses \u00e0 absolument savoir ! - Mobilier Design Magazine<\/title>\n<meta name=\"robots\" content=\"index, follow, max-snippet:-1, max-image-preview:large, max-video-preview:-1\" \/>\n<link rel=\"canonical\" href=\"https:\/\/www.mobilier-design-occasion.fr\/magazine\/chaise-baumann\/\" \/>\n<meta property=\"og:locale\" content=\"fr_FR\" \/>\n<meta property=\"og:type\" content=\"article\" \/>\n<meta property=\"og:title\" content=\"Chaise Baumann : 5 choses \u00e0 absolument savoir ! - Mobilier Design Magazine\" \/>\n<meta property=\"og:description\" content=\"La chaise Baumann est un exemple remarquable de design industriel dans le domaine du mobilier. Voici quelques anecdotes et faits moins connus \u00e0 son sujet : L\u2019histoire de la chaise Baumann En 1901, le Suisse \u00c9mile Baumann cr\u00e9e l\u2019entreprise Baumann, son fils reprend les r\u00e8gnes en 1903. Baumann cr\u00e9e des mobiliers pour enfants puis plus [&hellip;]\" \/>\n<meta property=\"og:url\" content=\"https:\/\/www.mobilier-design-occasion.fr\/magazine\/chaise-baumann\/\" \/>\n<meta property=\"og:site_name\" content=\"Mobilier Design Magazine\" \/>\n<meta property=\"article:publisher\" content=\"https:\/\/www.facebook.com\/mobilierdesignoccasion\" \/>\n<meta property=\"article:published_time\" content=\"2023-11-13T07:33:49+00:00\" \/>\n<meta property=\"article:modified_time\" content=\"2023-11-13T07:33:50+00:00\" \/>\n<meta property=\"og:image\" content=\"https:\/\/www.mobilier-design-occasion.fr\/magazine\/wp-content\/uploads\/2022\/07\/Capture-7.png\" \/>\n\t<meta property=\"og:image:width\" content=\"1124\" \/>\n\t<meta property=\"og:image:height\" content=\"895\" \/>\n\t<meta property=\"og:image:type\" content=\"image\/png\" \/>\n<meta name=\"author\" content=\"Cyrielle Poirot\" \/>\n<meta name=\"twitter:card\" content=\"summary_large_image\" \/>\n<meta name=\"twitter:label1\" content=\"\u00c9crit par\" \/>\n\t<meta name=\"twitter:data1\" content=\"Cyrielle Poirot\" \/>\n\t<meta name=\"twitter:label2\" content=\"Dur\u00e9e de lecture estim\u00e9e\" \/>\n\t<meta name=\"twitter:data2\" content=\"6 minutes\" \/>\n<script type=\"application\/ld+json\" class=\"yoast-schema-graph\">{\"@context\":\"https:\\\/\\\/schema.org\",\"@graph\":[{\"@type\":\"Article\",\"@id\":\"https:\\\/\\\/www.mobilier-design-occasion.fr\\\/magazine\\\/chaise-baumann\\\/#article\",\"isPartOf\":{\"@id\":\"https:\\\/\\\/www.mobilier-design-occasion.fr\\\/magazine\\\/chaise-baumann\\\/\"},\"author\":{\"name\":\"Cyrielle Poirot\",\"@id\":\"https:\\\/\\\/www.mobilier-design-occasion.fr\\\/magazine\\\/#\\\/schema\\\/person\\\/5b2e5627a714ddadaaf8c9b886c55eff\"},\"headline\":\"Chaise Baumann : 5 choses \u00e0 absolument savoir !\",\"datePublished\":\"2023-11-13T07:33:49+00:00\",\"dateModified\":\"2023-11-13T07:33:50+00:00\",\"mainEntityOfPage\":{\"@id\":\"https:\\\/\\\/www.mobilier-design-occasion.fr\\\/magazine\\\/chaise-baumann\\\/\"},\"wordCount\":1165,\"commentCount\":0,\"publisher\":{\"@id\":\"https:\\\/\\\/www.mobilier-design-occasion.fr\\\/magazine\\\/#organization\"},\"image\":{\"@id\":\"https:\\\/\\\/www.mobilier-design-occasion.fr\\\/magazine\\\/chaise-baumann\\\/#primaryimage\"},\"thumbnailUrl\":\"https:\\\/\\\/www.mobilier-design-occasion.fr\\\/magazine\\\/wp-content\\\/uploads\\\/2022\\\/07\\\/Capture-7.png\",\"articleSection\":[\"Tendances\"],\"inLanguage\":\"fr-FR\",\"potentialAction\":[{\"@type\":\"CommentAction\",\"name\":\"Comment\",\"target\":[\"https:\\\/\\\/www.mobilier-design-occasion.fr\\\/magazine\\\/chaise-baumann\\\/#respond\"]}]},{\"@type\":\"WebPage\",\"@id\":\"https:\\\/\\\/www.mobilier-design-occasion.fr\\\/magazine\\\/chaise-baumann\\\/\",\"url\":\"https:\\\/\\\/www.mobilier-design-occasion.fr\\\/magazine\\\/chaise-baumann\\\/\",\"name\":\"Chaise Baumann : 5 choses \u00e0 absolument savoir ! - Mobilier Design Magazine\",\"isPartOf\":{\"@id\":\"https:\\\/\\\/www.mobilier-design-occasion.fr\\\/magazine\\\/#website\"},\"primaryImageOfPage\":{\"@id\":\"https:\\\/\\\/www.mobilier-design-occasion.fr\\\/magazine\\\/chaise-baumann\\\/#primaryimage\"},\"image\":{\"@id\":\"https:\\\/\\\/www.mobilier-design-occasion.fr\\\/magazine\\\/chaise-baumann\\\/#primaryimage\"},\"thumbnailUrl\":\"https:\\\/\\\/www.mobilier-design-occasion.fr\\\/magazine\\\/wp-content\\\/uploads\\\/2022\\\/07\\\/Capture-7.png\",\"datePublished\":\"2023-11-13T07:33:49+00:00\",\"dateModified\":\"2023-11-13T07:33:50+00:00\",\"breadcrumb\":{\"@id\":\"https:\\\/\\\/www.mobilier-design-occasion.fr\\\/magazine\\\/chaise-baumann\\\/#breadcrumb\"},\"inLanguage\":\"fr-FR\",\"potentialAction\":[{\"@type\":\"ReadAction\",\"target\":[\"https:\\\/\\\/www.mobilier-design-occasion.fr\\\/magazine\\\/chaise-baumann\\\/\"]}]},{\"@type\":\"ImageObject\",\"inLanguage\":\"fr-FR\",\"@id\":\"https:\\\/\\\/www.mobilier-design-occasion.fr\\\/magazine\\\/chaise-baumann\\\/#primaryimage\",\"url\":\"https:\\\/\\\/www.mobilier-design-occasion.fr\\\/magazine\\\/wp-content\\\/uploads\\\/2022\\\/07\\\/Capture-7.png\",\"contentUrl\":\"https:\\\/\\\/www.mobilier-design-occasion.fr\\\/magazine\\\/wp-content\\\/uploads\\\/2022\\\/07\\\/Capture-7.png\",\"width\":1124,\"height\":895},{\"@type\":\"BreadcrumbList\",\"@id\":\"https:\\\/\\\/www.mobilier-design-occasion.fr\\\/magazine\\\/chaise-baumann\\\/#breadcrumb\",\"itemListElement\":[{\"@type\":\"ListItem\",\"position\":1,\"name\":\"Accueil\",\"item\":\"https:\\\/\\\/www.mobilier-design-occasion.fr\\\/magazine\\\/\"},{\"@type\":\"ListItem\",\"position\":2,\"name\":\"Chaise Baumann : 5 choses \u00e0 absolument savoir !\"}]},{\"@type\":\"WebSite\",\"@id\":\"https:\\\/\\\/www.mobilier-design-occasion.fr\\\/magazine\\\/#website\",\"url\":\"https:\\\/\\\/www.mobilier-design-occasion.fr\\\/magazine\\\/\",\"name\":\"Mobilier Design Magazine\",\"description\":\"\",\"publisher\":{\"@id\":\"https:\\\/\\\/www.mobilier-design-occasion.fr\\\/magazine\\\/#organization\"},\"potentialAction\":[{\"@type\":\"SearchAction\",\"target\":{\"@type\":\"EntryPoint\",\"urlTemplate\":\"https:\\\/\\\/www.mobilier-design-occasion.fr\\\/magazine\\\/?s={search_term_string}\"},\"query-input\":{\"@type\":\"PropertyValueSpecification\",\"valueRequired\":true,\"valueName\":\"search_term_string\"}}],\"inLanguage\":\"fr-FR\"},{\"@type\":\"Organization\",\"@id\":\"https:\\\/\\\/www.mobilier-design-occasion.fr\\\/magazine\\\/#organization\",\"name\":\"Mobilier Design Magazine\",\"url\":\"https:\\\/\\\/www.mobilier-design-occasion.fr\\\/magazine\\\/\",\"logo\":{\"@type\":\"ImageObject\",\"inLanguage\":\"fr-FR\",\"@id\":\"https:\\\/\\\/www.mobilier-design-occasion.fr\\\/magazine\\\/#\\\/schema\\\/logo\\\/image\\\/\",\"url\":\"https:\\\/\\\/www.mobilier-design-occasion.fr\\\/magazine\\\/wp-content\\\/uploads\\\/2024\\\/02\\\/android-chrome-192x192-1.png\",\"contentUrl\":\"https:\\\/\\\/www.mobilier-design-occasion.fr\\\/magazine\\\/wp-content\\\/uploads\\\/2024\\\/02\\\/android-chrome-192x192-1.png\",\"width\":192,\"height\":192,\"caption\":\"Mobilier Design Magazine\"},\"image\":{\"@id\":\"https:\\\/\\\/www.mobilier-design-occasion.fr\\\/magazine\\\/#\\\/schema\\\/logo\\\/image\\\/\"},\"sameAs\":[\"https:\\\/\\\/www.facebook.com\\\/mobilierdesignoccasion\"]},{\"@type\":\"Person\",\"@id\":\"https:\\\/\\\/www.mobilier-design-occasion.fr\\\/magazine\\\/#\\\/schema\\\/person\\\/5b2e5627a714ddadaaf8c9b886c55eff\",\"name\":\"Cyrielle Poirot\",\"image\":{\"@type\":\"ImageObject\",\"inLanguage\":\"fr-FR\",\"@id\":\"https:\\\/\\\/secure.gravatar.com\\\/avatar\\\/c8d2674e093b06894d8d1dc468b626bd752523471f3ac6e75f7c7a1400d40b4d?s=96&d=mm&r=g\",\"url\":\"https:\\\/\\\/secure.gravatar.com\\\/avatar\\\/c8d2674e093b06894d8d1dc468b626bd752523471f3ac6e75f7c7a1400d40b4d?s=96&d=mm&r=g\",\"contentUrl\":\"https:\\\/\\\/secure.gravatar.com\\\/avatar\\\/c8d2674e093b06894d8d1dc468b626bd752523471f3ac6e75f7c7a1400d40b4d?s=96&d=mm&r=g\",\"caption\":\"Cyrielle Poirot\"},\"description\":\"Cyrielle est passionn\u00e9e par la d\u00e9coration d'int\u00e9rieur et s'est sp\u00e9cialis\u00e9e depuis quelques ann\u00e9es dans l'\u00e9dition du site Mobilier-Design, avec une touche sp\u00e9cifique pour les produits d'occasion.\",\"sameAs\":[\"https:\\\/\\\/www.mobilier-design-occasion.fr\\\/magazine\"],\"url\":\"https:\\\/\\\/www.mobilier-design-occasion.fr\\\/magazine\\\/author\\\/cyrielle\\\/\"}]}<\/script>\n<!-- \/ Yoast SEO plugin. -->","yoast_head_json":{"title":"Chaise Baumann : 5 choses \u00e0 absolument savoir ! - Mobilier Design Magazine","robots":{"index":"index","follow":"follow","max-snippet":"max-snippet:-1","max-image-preview":"max-image-preview:large","max-video-preview":"max-video-preview:-1"},"canonical":"https:\/\/www.mobilier-design-occasion.fr\/magazine\/chaise-baumann\/","og_locale":"fr_FR","og_type":"article","og_title":"Chaise Baumann : 5 choses \u00e0 absolument savoir ! - Mobilier Design Magazine","og_description":"La chaise Baumann est un exemple remarquable de design industriel dans le domaine du mobilier. Voici quelques anecdotes et faits moins connus \u00e0 son sujet : L\u2019histoire de la chaise Baumann En 1901, le Suisse \u00c9mile Baumann cr\u00e9e l\u2019entreprise Baumann, son fils reprend les r\u00e8gnes en 1903. Baumann cr\u00e9e des mobiliers pour enfants puis plus [&hellip;]","og_url":"https:\/\/www.mobilier-design-occasion.fr\/magazine\/chaise-baumann\/","og_site_name":"Mobilier Design Magazine","article_publisher":"https:\/\/www.facebook.com\/mobilierdesignoccasion","article_published_time":"2023-11-13T07:33:49+00:00","article_modified_time":"2023-11-13T07:33:50+00:00","og_image":[{"width":1124,"height":895,"url":"https:\/\/www.mobilier-design-occasion.fr\/magazine\/wp-content\/uploads\/2022\/07\/Capture-7.png","type":"image\/png"}],"author":"Cyrielle Poirot","twitter_card":"summary_large_image","twitter_misc":{"\u00c9crit par":"Cyrielle Poirot","Dur\u00e9e de lecture estim\u00e9e":"6 minutes"},"schema":{"@context":"https:\/\/schema.org","@graph":[{"@type":"Article","@id":"https:\/\/www.mobilier-design-occasion.fr\/magazine\/chaise-baumann\/#article","isPartOf":{"@id":"https:\/\/www.mobilier-design-occasion.fr\/magazine\/chaise-baumann\/"},"author":{"name":"Cyrielle Poirot","@id":"https:\/\/www.mobilier-design-occasion.fr\/magazine\/#\/schema\/person\/5b2e5627a714ddadaaf8c9b886c55eff"},"headline":"Chaise Baumann : 5 choses \u00e0 absolument savoir !","datePublished":"2023-11-13T07:33:49+00:00","dateModified":"2023-11-13T07:33:50+00:00","mainEntityOfPage":{"@id":"https:\/\/www.mobilier-design-occasion.fr\/magazine\/chaise-baumann\/"},"wordCount":1165,"commentCount":0,"publisher":{"@id":"https:\/\/www.mobilier-design-occasion.fr\/magazine\/#organization"},"image":{"@id":"https:\/\/www.mobilier-design-occasion.fr\/magazine\/chaise-baumann\/#primaryimage"},"thumbnailUrl":"https:\/\/www.mobilier-design-occasion.fr\/magazine\/wp-content\/uploads\/2022\/07\/Capture-7.png","articleSection":["Tendances"],"inLanguage":"fr-FR","potentialAction":[{"@type":"CommentAction","name":"Comment","target":["https:\/\/www.mobilier-design-occasion.fr\/magazine\/chaise-baumann\/#respond"]}]},{"@type":"WebPage","@id":"https:\/\/www.mobilier-design-occasion.fr\/magazine\/chaise-baumann\/","url":"https:\/\/www.mobilier-design-occasion.fr\/magazine\/chaise-baumann\/","name":"Chaise Baumann : 5 choses \u00e0 absolument savoir ! - Mobilier Design Magazine","isPartOf":{"@id":"https:\/\/www.mobilier-design-occasion.fr\/magazine\/#website"},"primaryImageOfPage":{"@id":"https:\/\/www.mobilier-design-occasion.fr\/magazine\/chaise-baumann\/#primaryimage"},"image":{"@id":"https:\/\/www.mobilier-design-occasion.fr\/magazine\/chaise-baumann\/#primaryimage"},"thumbnailUrl":"https:\/\/www.mobilier-design-occasion.fr\/magazine\/wp-content\/uploads\/2022\/07\/Capture-7.png","datePublished":"2023-11-13T07:33:49+00:00","dateModified":"2023-11-13T07:33:50+00:00","breadcrumb":{"@id":"https:\/\/www.mobilier-design-occasion.fr\/magazine\/chaise-baumann\/#breadcrumb"},"inLanguage":"fr-FR","potentialAction":[{"@type":"ReadAction","target":["https:\/\/www.mobilier-design-occasion.fr\/magazine\/chaise-baumann\/"]}]},{"@type":"ImageObject","inLanguage":"fr-FR","@id":"https:\/\/www.mobilier-design-occasion.fr\/magazine\/chaise-baumann\/#primaryimage","url":"https:\/\/www.mobilier-design-occasion.fr\/magazine\/wp-content\/uploads\/2022\/07\/Capture-7.png","contentUrl":"https:\/\/www.mobilier-design-occasion.fr\/magazine\/wp-content\/uploads\/2022\/07\/Capture-7.png","width":1124,"height":895},{"@type":"BreadcrumbList","@id":"https:\/\/www.mobilier-design-occasion.fr\/magazine\/chaise-baumann\/#breadcrumb","itemListElement":[{"@type":"ListItem","position":1,"name":"Accueil","item":"https:\/\/www.mobilier-design-occasion.fr\/magazine\/"},{"@type":"ListItem","position":2,"name":"Chaise Baumann : 5 choses \u00e0 absolument savoir !"}]},{"@type":"WebSite","@id":"https:\/\/www.mobilier-design-occasion.fr\/magazine\/#website","url":"https:\/\/www.mobilier-design-occasion.fr\/magazine\/","name":"Mobilier Design Magazine","description":"","publisher":{"@id":"https:\/\/www.mobilier-design-occasion.fr\/magazine\/#organization"},"potentialAction":[{"@type":"SearchAction","target":{"@type":"EntryPoint","urlTemplate":"https:\/\/www.mobilier-design-occasion.fr\/magazine\/?s={search_term_string}"},"query-input":{"@type":"PropertyValueSpecification","valueRequired":true,"valueName":"search_term_string"}}],"inLanguage":"fr-FR"},{"@type":"Organization","@id":"https:\/\/www.mobilier-design-occasion.fr\/magazine\/#organization","name":"Mobilier Design Magazine","url":"https:\/\/www.mobilier-design-occasion.fr\/magazine\/","logo":{"@type":"ImageObject","inLanguage":"fr-FR","@id":"https:\/\/www.mobilier-design-occasion.fr\/magazine\/#\/schema\/logo\/image\/","url":"https:\/\/www.mobilier-design-occasion.fr\/magazine\/wp-content\/uploads\/2024\/02\/android-chrome-192x192-1.png","contentUrl":"https:\/\/www.mobilier-design-occasion.fr\/magazine\/wp-content\/uploads\/2024\/02\/android-chrome-192x192-1.png","width":192,"height":192,"caption":"Mobilier Design Magazine"},"image":{"@id":"https:\/\/www.mobilier-design-occasion.fr\/magazine\/#\/schema\/logo\/image\/"},"sameAs":["https:\/\/www.facebook.com\/mobilierdesignoccasion"]},{"@type":"Person","@id":"https:\/\/www.mobilier-design-occasion.fr\/magazine\/#\/schema\/person\/5b2e5627a714ddadaaf8c9b886c55eff","name":"Cyrielle Poirot","image":{"@type":"ImageObject","inLanguage":"fr-FR","@id":"https:\/\/secure.gravatar.com\/avatar\/c8d2674e093b06894d8d1dc468b626bd752523471f3ac6e75f7c7a1400d40b4d?s=96&d=mm&r=g","url":"https:\/\/secure.gravatar.com\/avatar\/c8d2674e093b06894d8d1dc468b626bd752523471f3ac6e75f7c7a1400d40b4d?s=96&d=mm&r=g","contentUrl":"https:\/\/secure.gravatar.com\/avatar\/c8d2674e093b06894d8d1dc468b626bd752523471f3ac6e75f7c7a1400d40b4d?s=96&d=mm&r=g","caption":"Cyrielle Poirot"},"description":"Cyrielle est passionn\u00e9e par la d\u00e9coration d'int\u00e9rieur et s'est sp\u00e9cialis\u00e9e depuis quelques ann\u00e9es dans l'\u00e9dition du site Mobilier-Design, avec une touche sp\u00e9cifique pour les produits d'occasion.","sameAs":["https:\/\/www.mobilier-design-occasion.fr\/magazine"],"url":"https:\/\/www.mobilier-design-occasion.fr\/magazine\/author\/cyrielle\/"}]}},"_links":{"self":[{"href":"https:\/\/www.mobilier-design-occasion.fr\/magazine\/wp-json\/wp\/v2\/posts\/5568","targetHints":{"allow":["GET"]}}],"collection":[{"href":"https:\/\/www.mobilier-design-occasion.fr\/magazine\/wp-json\/wp\/v2\/posts"}],"about":[{"href":"https:\/\/www.mobilier-design-occasion.fr\/magazine\/wp-json\/wp\/v2\/types\/post"}],"author":[{"embeddable":true,"href":"https:\/\/www.mobilier-design-occasion.fr\/magazine\/wp-json\/wp\/v2\/users\/1"}],"replies":[{"embeddable":true,"href":"https:\/\/www.mobilier-design-occasion.fr\/magazine\/wp-json\/wp\/v2\/comments?post=5568"}],"version-history":[{"count":11,"href":"https:\/\/www.mobilier-design-occasion.fr\/magazine\/wp-json\/wp\/v2\/posts\/5568\/revisions"}],"predecessor-version":[{"id":7034,"href":"https:\/\/www.mobilier-design-occasion.fr\/magazine\/wp-json\/wp\/v2\/posts\/5568\/revisions\/7034"}],"wp:featuredmedia":[{"embeddable":true,"href":"https:\/\/www.mobilier-design-occasion.fr\/magazine\/wp-json\/wp\/v2\/media\/5669"}],"wp:attachment":[{"href":"https:\/\/www.mobilier-design-occasion.fr\/magazine\/wp-json\/wp\/v2\/media?parent=5568"}],"wp:term":[{"taxonomy":"category","embeddable":true,"href":"https:\/\/www.mobilier-design-occasion.fr\/magazine\/wp-json\/wp\/v2\/categories?post=5568"},{"taxonomy":"post_tag","embeddable":true,"href":"https:\/\/www.mobilier-design-occasion.fr\/magazine\/wp-json\/wp\/v2\/tags?post=5568"}],"curies":[{"name":"wp","href":"https:\/\/api.w.org\/{rel}","templated":true}]}}