{"id":5501,"date":"2022-07-25T08:53:21","date_gmt":"2022-07-25T08:53:21","guid":{"rendered":"https:\/\/www.mobilier-design-occasion.fr\/magazine\/?p=5501"},"modified":"2023-09-25T13:40:10","modified_gmt":"2023-09-25T13:40:10","slug":"10-choses-a-savoir-sur-lincontournable-du-design-la-lampe-pipistrello-de-gae-aulenti-en-collaboration-avec-la-marque-italienne-martinelli-luce","status":"publish","type":"post","link":"https:\/\/www.mobilier-design-occasion.fr\/magazine\/10-choses-a-savoir-sur-lincontournable-du-design-la-lampe-pipistrello-de-gae-aulenti-en-collaboration-avec-la-marque-italienne-martinelli-luce\/","title":{"rendered":"10 choses \u00e0 savoir sur l&#8217;incontournable du design: la lampe Pipistrello de Gae Aulenti en collaboration avec la marque italienne Martinelli Luce"},"content":{"rendered":"\n<h2 class=\"wp-block-heading\"><span class=\"ez-toc-section\" id=\"Quelle_est_lhistoire_de_la_lampe_Pipistrello\"><\/span><strong>Quelle est l\u2019histoire de la lampe Pipistrello&nbsp;?<\/strong><span class=\"ez-toc-section-end\"><\/span><\/h2><div id=\"ez-toc-container\" class=\"ez-toc-v2_0_82_2 counter-hierarchy ez-toc-counter ez-toc-grey ez-toc-container-direction\">\n<div class=\"ez-toc-title-container\">\n<span class=\"ez-toc-title-toggle\"><a href=\"#\" class=\"ez-toc-pull-right ez-toc-btn ez-toc-btn-xs ez-toc-btn-default ez-toc-toggle\" aria-label=\"Toggle Table of Content\"><span class=\"ez-toc-js-icon-con\"><span class=\"\"><span class=\"eztoc-hide\" style=\"display:none;\">Toggle<\/span><span class=\"ez-toc-icon-toggle-span\"><svg style=\"fill: #999;color:#999\" xmlns=\"http:\/\/www.w3.org\/2000\/svg\" class=\"list-377408\" width=\"20px\" height=\"20px\" viewBox=\"0 0 24 24\" fill=\"none\"><path d=\"M6 6H4v2h2V6zm14 0H8v2h12V6zM4 11h2v2H4v-2zm16 0H8v2h12v-2zM4 16h2v2H4v-2zm16 0H8v2h12v-2z\" fill=\"currentColor\"><\/path><\/svg><svg style=\"fill: #999;color:#999\" class=\"arrow-unsorted-368013\" xmlns=\"http:\/\/www.w3.org\/2000\/svg\" width=\"10px\" height=\"10px\" viewBox=\"0 0 24 24\" version=\"1.2\" baseProfile=\"tiny\"><path d=\"M18.2 9.3l-6.2-6.3-6.2 6.3c-.2.2-.3.4-.3.7s.1.5.3.7c.2.2.4.3.7.3h11c.3 0 .5-.1.7-.3.2-.2.3-.5.3-.7s-.1-.5-.3-.7zM5.8 14.7l6.2 6.3 6.2-6.3c.2-.2.3-.5.3-.7s-.1-.5-.3-.7c-.2-.2-.4-.3-.7-.3h-11c-.3 0-.5.1-.7.3-.2.2-.3.5-.3.7s.1.5.3.7z\"\/><\/svg><\/span><\/span><\/span><\/a><\/span><\/div>\n<nav><ul class='ez-toc-list ez-toc-list-level-1 eztoc-toggle-hide-by-default' ><li class='ez-toc-page-1 ez-toc-heading-level-2'><a class=\"ez-toc-link ez-toc-heading-1\" href=\"https:\/\/www.mobilier-design-occasion.fr\/magazine\/10-choses-a-savoir-sur-lincontournable-du-design-la-lampe-pipistrello-de-gae-aulenti-en-collaboration-avec-la-marque-italienne-martinelli-luce\/#Quelle_est_lhistoire_de_la_lampe_Pipistrello\" >Quelle est l\u2019histoire de la lampe Pipistrello&nbsp;?<\/a><\/li><li class='ez-toc-page-1 ez-toc-heading-level-2'><a class=\"ez-toc-link ez-toc-heading-2\" href=\"https:\/\/www.mobilier-design-occasion.fr\/magazine\/10-choses-a-savoir-sur-lincontournable-du-design-la-lampe-pipistrello-de-gae-aulenti-en-collaboration-avec-la-marque-italienne-martinelli-luce\/#Quelles_sont_les_differentes_versions_de_la_lampe_Pipistrello\" >Quelles sont les diff\u00e9rentes versions de la lampe Pipistrello&nbsp;?<\/a><\/li><li class='ez-toc-page-1 ez-toc-heading-level-2'><a class=\"ez-toc-link ez-toc-heading-3\" href=\"https:\/\/www.mobilier-design-occasion.fr\/magazine\/10-choses-a-savoir-sur-lincontournable-du-design-la-lampe-pipistrello-de-gae-aulenti-en-collaboration-avec-la-marque-italienne-martinelli-luce\/#Quels_sont_les_caracteristiques_dune_lampe_Pipistrello\" >Quels sont les caract\u00e9ristiques d\u2019une lampe Pipistrello&nbsp;?<\/a><ul class='ez-toc-list-level-3' ><li class='ez-toc-heading-level-3'><a class=\"ez-toc-link ez-toc-heading-4\" href=\"https:\/\/www.mobilier-design-occasion.fr\/magazine\/10-choses-a-savoir-sur-lincontournable-du-design-la-lampe-pipistrello-de-gae-aulenti-en-collaboration-avec-la-marque-italienne-martinelli-luce\/#La_taille\" >La taille<\/a><\/li><li class='ez-toc-page-1 ez-toc-heading-level-3'><a class=\"ez-toc-link ez-toc-heading-5\" href=\"https:\/\/www.mobilier-design-occasion.fr\/magazine\/10-choses-a-savoir-sur-lincontournable-du-design-la-lampe-pipistrello-de-gae-aulenti-en-collaboration-avec-la-marque-italienne-martinelli-luce\/#La_couleur\" >La couleur<\/a><\/li><li class='ez-toc-page-1 ez-toc-heading-level-3'><a class=\"ez-toc-link ez-toc-heading-6\" href=\"https:\/\/www.mobilier-design-occasion.fr\/magazine\/10-choses-a-savoir-sur-lincontournable-du-design-la-lampe-pipistrello-de-gae-aulenti-en-collaboration-avec-la-marque-italienne-martinelli-luce\/#La_matiere\" >La mati\u00e8re<\/a><\/li><\/ul><\/li><li class='ez-toc-page-1 ez-toc-heading-level-2'><a class=\"ez-toc-link ez-toc-heading-7\" href=\"https:\/\/www.mobilier-design-occasion.fr\/magazine\/10-choses-a-savoir-sur-lincontournable-du-design-la-lampe-pipistrello-de-gae-aulenti-en-collaboration-avec-la-marque-italienne-martinelli-luce\/#Comment_integrer_une_lampe_Pipistrello_dans_sa_decoration_interieure\" >Comment int\u00e9grer une lampe Pipistrello dans sa d\u00e9coration\u00a0int\u00e9rieure?<\/a><\/li><li class='ez-toc-page-1 ez-toc-heading-level-2'><a class=\"ez-toc-link ez-toc-heading-8\" href=\"https:\/\/www.mobilier-design-occasion.fr\/magazine\/10-choses-a-savoir-sur-lincontournable-du-design-la-lampe-pipistrello-de-gae-aulenti-en-collaboration-avec-la-marque-italienne-martinelli-luce\/#Notre_selection_des_plus_belles_lampes_Pipistrello_en_seconde_main\" >Notre s\u00e9lection des plus belles lampes Pipistrello en seconde main<\/a><\/li><li class='ez-toc-page-1 ez-toc-heading-level-2'><a class=\"ez-toc-link ez-toc-heading-9\" href=\"https:\/\/www.mobilier-design-occasion.fr\/magazine\/10-choses-a-savoir-sur-lincontournable-du-design-la-lampe-pipistrello-de-gae-aulenti-en-collaboration-avec-la-marque-italienne-martinelli-luce\/#Acheter_une_lampe_Pipistrello_doccasion_pour_est-ce_une_excellente_alternative\" >Acheter une lampe Pipistrello d\u2019occasion, pour est-ce une excellente alternative?<\/a><ul class='ez-toc-list-level-3' ><li class='ez-toc-heading-level-3'><a class=\"ez-toc-link ez-toc-heading-10\" href=\"https:\/\/www.mobilier-design-occasion.fr\/magazine\/10-choses-a-savoir-sur-lincontournable-du-design-la-lampe-pipistrello-de-gae-aulenti-en-collaboration-avec-la-marque-italienne-martinelli-luce\/#Le_prix\" >Le prix<\/a><\/li><li class='ez-toc-page-1 ez-toc-heading-level-3'><a class=\"ez-toc-link ez-toc-heading-11\" href=\"https:\/\/www.mobilier-design-occasion.fr\/magazine\/10-choses-a-savoir-sur-lincontournable-du-design-la-lampe-pipistrello-de-gae-aulenti-en-collaboration-avec-la-marque-italienne-martinelli-luce\/#La_qualite\" >La qualit\u00e9<\/a><\/li><\/ul><\/li><li class='ez-toc-page-1 ez-toc-heading-level-2'><a class=\"ez-toc-link ez-toc-heading-12\" href=\"https:\/\/www.mobilier-design-occasion.fr\/magazine\/10-choses-a-savoir-sur-lincontournable-du-design-la-lampe-pipistrello-de-gae-aulenti-en-collaboration-avec-la-marque-italienne-martinelli-luce\/#Ou_trouver_une_lampe_Pipistrello_doccasion\" >O\u00f9 trouver une lampe Pipistrello d\u2019occasion&nbsp;?<\/a><\/li><li class='ez-toc-page-1 ez-toc-heading-level-2'><a class=\"ez-toc-link ez-toc-heading-13\" href=\"https:\/\/www.mobilier-design-occasion.fr\/magazine\/10-choses-a-savoir-sur-lincontournable-du-design-la-lampe-pipistrello-de-gae-aulenti-en-collaboration-avec-la-marque-italienne-martinelli-luce\/#Comment_reconnaitre_une_vraie_lampe_authentique_Pipistrello_dune_copie\" >Comment reconna\u00eetre une vraie lampe authentique Pipistrello\u00a0d&#8217;une copie?<\/a><\/li><\/ul><\/nav><\/div>\n\n\n\n\n<p>C\u2019est en 1965 que la designer italienne Gae Aulenti cr\u00e9e la <a href=\"https:\/\/frenchyfancy.com\/lampe-pipistrello\/#:~:text=Lampe%20Pipistrello%20%3A%20les%20diff%C3%A9rentes%20tailles%20et%20couleurs,-V%C3%A9ritable%20ic%C3%B4ne%20du&amp;text=Aujourd'hui%2C%20elle%20existe%20dans,%C3%A0%2082%20cm%20de%20hauteur).\">lampe Pipistrello<\/a> en collaboration avec la maison <strong>Martinelli Luce<\/strong>. <\/p>\n\n\n\n<p>Le pied de la lampe fait r\u00e9f\u00e9rence \u00e0 la silhouette d\u2019une chauve-souris. Pipistrello d\u00e9signe une chauve-souris en italien. La lampe Pipistrello offre un <a href=\"https:\/\/www.mobilier-design-occasion.fr\/magazine\/table-tulipe-knoll-indemodable-du-design\/\">design<\/a> innovant qui le rend si unique. <\/p>\n\n\n\n<figure class=\"wp-block-image size-large\"><a href=\"https:\/\/fnty.co\/c\/r-mbrCtmQJ\"><img loading=\"lazy\" decoding=\"async\" width=\"1024\" height=\"716\" src=\"https:\/\/www.mobilier-design-occasion.fr\/magazine\/wp-content\/uploads\/2022\/07\/Design-iconique-la-lampe-Pipistrello-de-Martinelli-Luce-1024x716.jpg\" alt=\"\" class=\"wp-image-5506\" srcset=\"https:\/\/www.mobilier-design-occasion.fr\/magazine\/wp-content\/uploads\/2022\/07\/Design-iconique-la-lampe-Pipistrello-de-Martinelli-Luce-1024x716.jpg 1024w, https:\/\/www.mobilier-design-occasion.fr\/magazine\/wp-content\/uploads\/2022\/07\/Design-iconique-la-lampe-Pipistrello-de-Martinelli-Luce-300x210.jpg 300w, https:\/\/www.mobilier-design-occasion.fr\/magazine\/wp-content\/uploads\/2022\/07\/Design-iconique-la-lampe-Pipistrello-de-Martinelli-Luce-768x537.jpg 768w, https:\/\/www.mobilier-design-occasion.fr\/magazine\/wp-content\/uploads\/2022\/07\/Design-iconique-la-lampe-Pipistrello-de-Martinelli-Luce-1536x1075.jpg 1536w, https:\/\/www.mobilier-design-occasion.fr\/magazine\/wp-content\/uploads\/2022\/07\/Design-iconique-la-lampe-Pipistrello-de-Martinelli-Luce-810x567.jpg 810w, https:\/\/www.mobilier-design-occasion.fr\/magazine\/wp-content\/uploads\/2022\/07\/Design-iconique-la-lampe-Pipistrello-de-Martinelli-Luce-1140x798.jpg 1140w, https:\/\/www.mobilier-design-occasion.fr\/magazine\/wp-content\/uploads\/2022\/07\/Design-iconique-la-lampe-Pipistrello-de-Martinelli-Luce-145x100.jpg 145w, https:\/\/www.mobilier-design-occasion.fr\/magazine\/wp-content\/uploads\/2022\/07\/Design-iconique-la-lampe-Pipistrello-de-Martinelli-Luce.jpg 1558w\" sizes=\"auto, (max-width: 1024px) 100vw, 1024px\" \/><\/a><figcaption>Credit Photo Elle Magazine<\/figcaption><\/figure>\n\n\n\n<h2 class=\"wp-block-heading\"><span class=\"ez-toc-section\" id=\"Quelles_sont_les_differentes_versions_de_la_lampe_Pipistrello\"><\/span><strong>Quelles sont les diff\u00e9rentes versions de la lampe Pipistrello&nbsp;?<\/strong><span class=\"ez-toc-section-end\"><\/span><\/h2>\n\n\n\n<p>Depuis sa cr\u00e9ation, la maison Martinelli Luce apporte r\u00e9guli\u00e8rement de nouvelles variantes \u00e0 la lampe Pipistrello.<\/p>\n\n\n\n<ul class=\"wp-block-list\"><li>La lampe Pipistrello version chrom\u00e9e<\/li><li>La lampe Pipistrello version plaqu\u00e9e or<\/li><li>La lampe Pipistrello version bleu ardoise<\/li><li>La lampe Pipistrello version mini ou MiniPipistrello<\/li><li>La lampe Pipistrello medium<\/li><li>La grande lampe Pipistrello<\/li><li>La lampe Pipistrello 4.0<\/li><li>La lampe Pipistrello sable dor\u00e9<\/li><li>La lampe Pipistrello graphite<\/li><li>La lampe Pipistrello en version Tunable White<\/li><\/ul>\n\n\n\n<div class=\"wp-block-columns is-layout-flex wp-container-core-columns-is-layout-9d6595d7 wp-block-columns-is-layout-flex\">\n<div class=\"wp-block-column is-layout-flow wp-block-column-is-layout-flow\">\n<figure class=\"wp-block-image size-full\"><a href=\"https:\/\/fnty.co\/c\/r-mbrCtmQJ\"><img loading=\"lazy\" decoding=\"async\" width=\"400\" height=\"400\" src=\"https:\/\/www.mobilier-design-occasion.fr\/magazine\/wp-content\/uploads\/2022\/07\/lampe-de-table-pipistrello-medium-led-marron-fonce_madeindesign_290689_large.jpg\" alt=\"\" class=\"wp-image-5507\" srcset=\"https:\/\/www.mobilier-design-occasion.fr\/magazine\/wp-content\/uploads\/2022\/07\/lampe-de-table-pipistrello-medium-led-marron-fonce_madeindesign_290689_large.jpg 400w, https:\/\/www.mobilier-design-occasion.fr\/magazine\/wp-content\/uploads\/2022\/07\/lampe-de-table-pipistrello-medium-led-marron-fonce_madeindesign_290689_large-300x300.jpg 300w, https:\/\/www.mobilier-design-occasion.fr\/magazine\/wp-content\/uploads\/2022\/07\/lampe-de-table-pipistrello-medium-led-marron-fonce_madeindesign_290689_large-150x150.jpg 150w\" sizes=\"auto, (max-width: 400px) 100vw, 400px\" \/><\/a><figcaption>made in design<\/figcaption><\/figure>\n<\/div>\n\n\n\n<div class=\"wp-block-column is-layout-flow wp-block-column-is-layout-flow\">\n<figure class=\"wp-block-image size-full\"><a href=\"https:\/\/fnty.co\/c\/r-mbrCtmQJ\"><img loading=\"lazy\" decoding=\"async\" width=\"740\" height=\"740\" src=\"https:\/\/www.mobilier-design-occasion.fr\/magazine\/wp-content\/uploads\/2022\/07\/d_pipistrello-medium-lampe-dimmer-led-pied-telescopique-h50-62cm-martinelli-luce-sable-dore-client2-2353.jpg\" alt=\"\" class=\"wp-image-5508\" srcset=\"https:\/\/www.mobilier-design-occasion.fr\/magazine\/wp-content\/uploads\/2022\/07\/d_pipistrello-medium-lampe-dimmer-led-pied-telescopique-h50-62cm-martinelli-luce-sable-dore-client2-2353.jpg 740w, https:\/\/www.mobilier-design-occasion.fr\/magazine\/wp-content\/uploads\/2022\/07\/d_pipistrello-medium-lampe-dimmer-led-pied-telescopique-h50-62cm-martinelli-luce-sable-dore-client2-2353-300x300.jpg 300w, https:\/\/www.mobilier-design-occasion.fr\/magazine\/wp-content\/uploads\/2022\/07\/d_pipistrello-medium-lampe-dimmer-led-pied-telescopique-h50-62cm-martinelli-luce-sable-dore-client2-2353-150x150.jpg 150w\" sizes=\"auto, (max-width: 740px) 100vw, 740px\" \/><\/a><figcaption>lightonline.fr<\/figcaption><\/figure>\n<\/div>\n<\/div>\n\n\n\n<h2 class=\"wp-block-heading\"><span class=\"ez-toc-section\" id=\"Quels_sont_les_caracteristiques_dune_lampe_Pipistrello\"><\/span><strong>Quels sont les caract\u00e9ristiques d\u2019une lampe Pipistrello&nbsp;?<\/strong><span class=\"ez-toc-section-end\"><\/span><\/h2>\n\n\n\n<h3 class=\"wp-block-heading\"><span class=\"ez-toc-section\" id=\"La_taille\"><\/span><strong>La taille<\/strong><span class=\"ez-toc-section-end\"><\/span><\/h3>\n\n\n\n<p>La taille d\u2019une lampe Pipistrello d\u00e9pend de sa version.<\/p>\n\n\n\n<ul class=\"wp-block-list\"><li>Minipipistrello&nbsp;: 35 cm de hauteur \/ 27 cm de diam\u00e8tre<\/li><li>Pipistrello&nbsp;: hauteur variable entre 66 et 86 cm \/ 55 cm de diam\u00e8tre<\/li><li>Pipistrello medium&nbsp;: hauteur variable entre 50 et 62 cm \/ 40 cm de diam\u00e8tre<\/li><li>Grande lampe Pipistrello&nbsp;: hauteur variable entre 66 et 82 cm<\/li><\/ul>\n\n\n\n<div class=\"wp-block-columns is-layout-flex wp-container-core-columns-is-layout-9d6595d7 wp-block-columns-is-layout-flex\">\n<div class=\"wp-block-column is-layout-flow wp-block-column-is-layout-flow\">\n<figure class=\"wp-block-image size-full\"><a href=\"https:\/\/fnty.co\/c\/r-mbrCtmQJ\"><img loading=\"lazy\" decoding=\"async\" width=\"400\" height=\"267\" src=\"https:\/\/www.mobilier-design-occasion.fr\/magazine\/wp-content\/uploads\/2022\/07\/lampe-sans-fil-minipipistrello-led-blanc-abat-jour-blanc_madeindesign_290683_large.jpg\" alt=\"\" class=\"wp-image-5511\" srcset=\"https:\/\/www.mobilier-design-occasion.fr\/magazine\/wp-content\/uploads\/2022\/07\/lampe-sans-fil-minipipistrello-led-blanc-abat-jour-blanc_madeindesign_290683_large.jpg 400w, https:\/\/www.mobilier-design-occasion.fr\/magazine\/wp-content\/uploads\/2022\/07\/lampe-sans-fil-minipipistrello-led-blanc-abat-jour-blanc_madeindesign_290683_large-300x200.jpg 300w\" sizes=\"auto, (max-width: 400px) 100vw, 400px\" \/><\/a><figcaption>made in design<\/figcaption><\/figure>\n<\/div>\n\n\n\n<div class=\"wp-block-column is-layout-flow wp-block-column-is-layout-flow\">\n<figure class=\"wp-block-image size-full\"><a href=\"https:\/\/fnty.co\/c\/r-mbrCtmQJ\"><img loading=\"lazy\" decoding=\"async\" width=\"800\" height=\"533\" src=\"https:\/\/www.mobilier-design-occasion.fr\/magazine\/wp-content\/uploads\/2022\/07\/lampe-pipistrello.jpg\" alt=\"\" class=\"wp-image-5510\" srcset=\"https:\/\/www.mobilier-design-occasion.fr\/magazine\/wp-content\/uploads\/2022\/07\/lampe-pipistrello.jpg 800w, https:\/\/www.mobilier-design-occasion.fr\/magazine\/wp-content\/uploads\/2022\/07\/lampe-pipistrello-300x200.jpg 300w, https:\/\/www.mobilier-design-occasion.fr\/magazine\/wp-content\/uploads\/2022\/07\/lampe-pipistrello-768x512.jpg 768w\" sizes=\"auto, (max-width: 800px) 100vw, 800px\" \/><\/a><figcaption>Youprix<\/figcaption><\/figure>\n<\/div>\n<\/div>\n\n\n\n<h3 class=\"wp-block-heading\"><span class=\"ez-toc-section\" id=\"La_couleur\"><\/span><strong>La couleur<\/strong><span class=\"ez-toc-section-end\"><\/span><\/h3>\n\n\n\n<p>La couleur d\u2019origine de la lampe Pipistrello de Gae Aulenti est le marron. Aujourd\u2019hui, la lampe existe en plusieurs coloris afin de mieux r\u00e9pondre aux besoins des clients.<\/p>\n\n\n\n<ul class=\"wp-block-list\"><li>Marron<\/li><li>Noir<\/li><li>Gris<\/li><li>Dor\u00e9<\/li><li>Argent\u00e9<\/li><li>Cuivre<\/li><li>Laiton<\/li><li>Rouge<\/li><li>Bleu ardoise<\/li><li>Champagne<\/li><li>Vert agave<\/li><li>Sable dor\u00e9<\/li><li>Graphite<\/li><li>Blanc<\/li><\/ul>\n\n\n\n<div class=\"wp-block-columns is-layout-flex wp-container-core-columns-is-layout-9d6595d7 wp-block-columns-is-layout-flex\">\n<div class=\"wp-block-column is-layout-flow wp-block-column-is-layout-flow\">\n<figure class=\"wp-block-image size-full\"><a href=\"https:\/\/fnty.co\/c\/r-mbrCtmQJ\"><img loading=\"lazy\" decoding=\"async\" width=\"600\" height=\"337\" src=\"https:\/\/www.mobilier-design-occasion.fr\/magazine\/wp-content\/uploads\/2022\/07\/lampe-pipistrello-couleurs.jpg\" alt=\"\" class=\"wp-image-5512\" srcset=\"https:\/\/www.mobilier-design-occasion.fr\/magazine\/wp-content\/uploads\/2022\/07\/lampe-pipistrello-couleurs.jpg 600w, https:\/\/www.mobilier-design-occasion.fr\/magazine\/wp-content\/uploads\/2022\/07\/lampe-pipistrello-couleurs-300x169.jpg 300w\" sizes=\"auto, (max-width: 600px) 100vw, 600px\" \/><\/a><figcaption>antiques MC<\/figcaption><\/figure>\n<\/div>\n\n\n\n<div class=\"wp-block-column is-layout-flow wp-block-column-is-layout-flow\">\n<figure class=\"wp-block-image size-full\"><a href=\"https:\/\/fnty.co\/c\/r-mbrCtmQJ\"><img loading=\"lazy\" decoding=\"async\" width=\"800\" height=\"800\" src=\"https:\/\/www.mobilier-design-occasion.fr\/magazine\/wp-content\/uploads\/2022\/07\/lampes-pipistrello-declinaisons.jpg\" alt=\"\" class=\"wp-image-5514\" srcset=\"https:\/\/www.mobilier-design-occasion.fr\/magazine\/wp-content\/uploads\/2022\/07\/lampes-pipistrello-declinaisons.jpg 800w, https:\/\/www.mobilier-design-occasion.fr\/magazine\/wp-content\/uploads\/2022\/07\/lampes-pipistrello-declinaisons-300x300.jpg 300w, https:\/\/www.mobilier-design-occasion.fr\/magazine\/wp-content\/uploads\/2022\/07\/lampes-pipistrello-declinaisons-150x150.jpg 150w, https:\/\/www.mobilier-design-occasion.fr\/magazine\/wp-content\/uploads\/2022\/07\/lampes-pipistrello-declinaisons-768x768.jpg 768w\" sizes=\"auto, (max-width: 800px) 100vw, 800px\" \/><\/a><figcaption>decorazine<\/figcaption><\/figure>\n<\/div>\n<\/div>\n\n\n\n<h3 class=\"wp-block-heading\"><span class=\"ez-toc-section\" id=\"La_matiere\"><\/span><strong>La mati\u00e8re<\/strong><span class=\"ez-toc-section-end\"><\/span><\/h3>\n\n\n\n<p>Le diffuseur de la <a href=\"https:\/\/martinelliluce.it\/fr\/catalog\/pipistrello\">lampe Pipistrello<\/a> est en m\u00e9thacrylate opal blanc. D\u00e9pendant du mod\u00e8le, le pied de la lampe Pipistrello est en <a href=\"https:\/\/www.mobilier-design-occasion.fr\/magazine\/test-avis-sur-ripaton\/\">acier<\/a> laqu\u00e9 ou en aluminium satin\u00e9. Mais on peut aussi la trouver en plaqu\u00e9 or comme ici chez Made In Design:<\/p>\n\n\n\n<div class=\"wp-block-columns is-layout-flex wp-container-core-columns-is-layout-9d6595d7 wp-block-columns-is-layout-flex\">\n<div class=\"wp-block-column is-layout-flow wp-block-column-is-layout-flow\">\n<figure class=\"wp-block-image size-full\"><a href=\"https:\/\/fnty.co\/c\/r-mUAOiEmN\"><img loading=\"lazy\" decoding=\"async\" width=\"429\" height=\"604\" src=\"https:\/\/www.mobilier-design-occasion.fr\/magazine\/wp-content\/uploads\/2022\/07\/Capture-4.png\" alt=\"\" class=\"wp-image-5554\" srcset=\"https:\/\/www.mobilier-design-occasion.fr\/magazine\/wp-content\/uploads\/2022\/07\/Capture-4.png 429w, https:\/\/www.mobilier-design-occasion.fr\/magazine\/wp-content\/uploads\/2022\/07\/Capture-4-213x300.png 213w\" sizes=\"auto, (max-width: 429px) 100vw, 429px\" \/><\/a><\/figure>\n<\/div>\n\n\n\n<div class=\"wp-block-column is-layout-flow wp-block-column-is-layout-flow\"><\/div>\n<\/div>\n\n\n\n<div class=\"wp-block-columns is-layout-flex wp-container-core-columns-is-layout-9d6595d7 wp-block-columns-is-layout-flex\">\n<div class=\"wp-block-column is-layout-flow wp-block-column-is-layout-flow\">\n<figure class=\"wp-block-image size-full\"><a href=\"https:\/\/fnty.co\/c\/r-mUAOiEmN\"><img loading=\"lazy\" decoding=\"async\" width=\"523\" height=\"523\" src=\"https:\/\/www.mobilier-design-occasion.fr\/magazine\/wp-content\/uploads\/2022\/07\/Capture2-1.png\" alt=\"\" class=\"wp-image-5556\" srcset=\"https:\/\/www.mobilier-design-occasion.fr\/magazine\/wp-content\/uploads\/2022\/07\/Capture2-1.png 523w, https:\/\/www.mobilier-design-occasion.fr\/magazine\/wp-content\/uploads\/2022\/07\/Capture2-1-300x300.png 300w, https:\/\/www.mobilier-design-occasion.fr\/magazine\/wp-content\/uploads\/2022\/07\/Capture2-1-150x150.png 150w\" sizes=\"auto, (max-width: 523px) 100vw, 523px\" \/><\/a><\/figure>\n<\/div>\n\n\n\n<div class=\"wp-block-column is-layout-flow wp-block-column-is-layout-flow\"><\/div>\n<\/div>\n\n\n\n<h2 class=\"wp-block-heading\"><span class=\"ez-toc-section\" id=\"Comment_integrer_une_lampe_Pipistrello_dans_sa_decoration_interieure\"><\/span><strong>Comment int\u00e9grer une lampe Pipistrello dans sa d\u00e9coration\u00a0int\u00e9rieure?<\/strong><span class=\"ez-toc-section-end\"><\/span><\/h2>\n\n\n\n<p>La lampe Pipistrello se distingue par son style iconique qui inspire l\u2019art d\u00e9co. Gr\u00e2ce \u00e0 sa forme unique, cette lampe s\u2019int\u00e8gre facilement dans tous les styles de d\u00e9corations. Avec ses pieds t\u00e9lescopiques, la lampe Pipistrello peut se poser au sol tout comme sur un meuble.<\/p>\n\n\n\n<div class=\"wp-block-columns is-layout-flex wp-container-core-columns-is-layout-9d6595d7 wp-block-columns-is-layout-flex\">\n<div class=\"wp-block-column is-layout-flow wp-block-column-is-layout-flow\">\n<figure class=\"wp-block-image size-full\"><img loading=\"lazy\" decoding=\"async\" width=\"600\" height=\"400\" src=\"https:\/\/www.mobilier-design-occasion.fr\/magazine\/wp-content\/uploads\/2022\/07\/lampe-pipistrello-desgin-interieur.jpg\" alt=\"\" class=\"wp-image-5516\" srcset=\"https:\/\/www.mobilier-design-occasion.fr\/magazine\/wp-content\/uploads\/2022\/07\/lampe-pipistrello-desgin-interieur.jpg 600w, https:\/\/www.mobilier-design-occasion.fr\/magazine\/wp-content\/uploads\/2022\/07\/lampe-pipistrello-desgin-interieur-300x200.jpg 300w\" sizes=\"auto, (max-width: 600px) 100vw, 600px\" \/><figcaption>archzine<\/figcaption><\/figure>\n<\/div>\n\n\n\n<div class=\"wp-block-column is-layout-flow wp-block-column-is-layout-flow\">\n<figure class=\"wp-block-image size-full\"><img loading=\"lazy\" decoding=\"async\" width=\"745\" height=\"580\" src=\"https:\/\/www.mobilier-design-occasion.fr\/magazine\/wp-content\/uploads\/2022\/07\/autour-de-la-lampe-Pipitresllo_Isle-Crawfor-745x580-1.jpg\" alt=\"\" class=\"wp-image-5518\" srcset=\"https:\/\/www.mobilier-design-occasion.fr\/magazine\/wp-content\/uploads\/2022\/07\/autour-de-la-lampe-Pipitresllo_Isle-Crawfor-745x580-1.jpg 745w, https:\/\/www.mobilier-design-occasion.fr\/magazine\/wp-content\/uploads\/2022\/07\/autour-de-la-lampe-Pipitresllo_Isle-Crawfor-745x580-1-300x234.jpg 300w\" sizes=\"auto, (max-width: 745px) 100vw, 745px\" \/><figcaption>turbulences deco<\/figcaption><\/figure>\n<\/div>\n<\/div>\n\n\n\n<p>La lampe se place aussi bien dans un salon au design \u00e9pur\u00e9 que dans un bureau au style tropical. La lampe peut \u00e9galement \u00eatre plac\u00e9e dans une salle \u00e0 manger ou dans une <a href=\"https:\/\/www.mobilier-design-occasion.fr\/magazine\/5-elements-pour-amenager-une-chambre-montessori\/\">chambre<\/a> comme lampe de chevet. Elle se marie avec tous les styles, allant d\u2019une pi\u00e8ce avec des d\u00e9corations scandinaves jusqu\u2019\u00e0 une pi\u00e8ce minimaliste, en passant par le contemporain et la modernit\u00e9.<\/p>\n\n\n\n<h2 class=\"wp-block-heading\"><span class=\"ez-toc-section\" id=\"Notre_selection_des_plus_belles_lampes_Pipistrello_en_seconde_main\"><\/span><strong>Notre s\u00e9lection des plus belles lampes Pipistrello en seconde main<\/strong><span class=\"ez-toc-section-end\"><\/span><\/h2>\n\n\n\n<p>La lampe Pipistrello est tr\u00e8s recherch\u00e9e et se fait donc rare sur le march\u00e9 de l&#8217;occasion. Nous avons s\u00e9lectionn\u00e9 pour vous les meilleures offres du moment:<\/p>\n\n\n\n<div class=\"wp-block-columns is-layout-flex wp-container-core-columns-is-layout-9d6595d7 wp-block-columns-is-layout-flex\">\n<div class=\"wp-block-column is-layout-flow wp-block-column-is-layout-flow\">\n<figure class=\"wp-block-image size-full\"><a href=\"https:\/\/fnty.co\/c\/r-mUAOiEmN\"><img loading=\"lazy\" decoding=\"async\" width=\"521\" height=\"524\" src=\"https:\/\/www.mobilier-design-occasion.fr\/magazine\/wp-content\/uploads\/2022\/07\/Capture-5.png\" alt=\"\" class=\"wp-image-5557\" srcset=\"https:\/\/www.mobilier-design-occasion.fr\/magazine\/wp-content\/uploads\/2022\/07\/Capture-5.png 521w, https:\/\/www.mobilier-design-occasion.fr\/magazine\/wp-content\/uploads\/2022\/07\/Capture-5-298x300.png 298w, https:\/\/www.mobilier-design-occasion.fr\/magazine\/wp-content\/uploads\/2022\/07\/Capture-5-150x150.png 150w\" sizes=\"auto, (max-width: 521px) 100vw, 521px\" \/><\/a><\/figure>\n<\/div>\n\n\n\n<div class=\"wp-block-column is-layout-flow wp-block-column-is-layout-flow\"><\/div>\n<\/div>\n\n\n\n<div class=\"wp-block-columns is-layout-flex wp-container-core-columns-is-layout-9d6595d7 wp-block-columns-is-layout-flex\">\n<div class=\"wp-block-column is-layout-flow wp-block-column-is-layout-flow\">\n<figure class=\"wp-block-image size-full\"><a href=\"https:\/\/fnty.co\/c\/r-FVTydpNg\"><img loading=\"lazy\" decoding=\"async\" width=\"580\" height=\"631\" src=\"https:\/\/www.mobilier-design-occasion.fr\/magazine\/wp-content\/uploads\/2022\/07\/Capture-6.png\" alt=\"\" class=\"wp-image-5558\" srcset=\"https:\/\/www.mobilier-design-occasion.fr\/magazine\/wp-content\/uploads\/2022\/07\/Capture-6.png 580w, https:\/\/www.mobilier-design-occasion.fr\/magazine\/wp-content\/uploads\/2022\/07\/Capture-6-276x300.png 276w\" sizes=\"auto, (max-width: 580px) 100vw, 580px\" \/><\/a><\/figure>\n<\/div>\n\n\n\n<div class=\"wp-block-column is-layout-flow wp-block-column-is-layout-flow\"><\/div>\n<\/div>\n\n\n\n<h2 class=\"wp-block-heading\"><span class=\"ez-toc-section\" id=\"Acheter_une_lampe_Pipistrello_doccasion_pour_est-ce_une_excellente_alternative\"><\/span><strong>Acheter une lampe Pipistrello d\u2019occasion, pour est-ce une excellente alternative?<\/strong><span class=\"ez-toc-section-end\"><\/span><\/h2>\n\n\n\n<h3 class=\"wp-block-heading\"><span class=\"ez-toc-section\" id=\"Le_prix\"><\/span><strong>Le prix<\/strong><span class=\"ez-toc-section-end\"><\/span><\/h3>\n\n\n\n<p>Etant donn\u00e9 que la lampe Pipistrello est une lampe sign\u00e9e par un designer, son prix neuf est relativement \u00e9lev\u00e9 et correspond au prix du design haute de gamme. Si vous souhaitez acqu\u00e9rir cette lampe intemporelle sans vous ruiner, alors n\u2019h\u00e9sitez pas \u00e0 vous tournez vers une lampe Pipistrello d\u2019occasion.<\/p>\n\n\n\n<div class=\"wp-block-columns is-layout-flex wp-container-core-columns-is-layout-9d6595d7 wp-block-columns-is-layout-flex\">\n<div class=\"wp-block-column is-layout-flow wp-block-column-is-layout-flow\">\n<figure class=\"wp-block-image size-full\"><img loading=\"lazy\" decoding=\"async\" width=\"550\" height=\"800\" src=\"https:\/\/www.mobilier-design-occasion.fr\/magazine\/wp-content\/uploads\/2022\/07\/lampe-pipistrello-41.jpg\" alt=\"\" class=\"wp-image-5520\" srcset=\"https:\/\/www.mobilier-design-occasion.fr\/magazine\/wp-content\/uploads\/2022\/07\/lampe-pipistrello-41.jpg 550w, https:\/\/www.mobilier-design-occasion.fr\/magazine\/wp-content\/uploads\/2022\/07\/lampe-pipistrello-41-206x300.jpg 206w\" sizes=\"auto, (max-width: 550px) 100vw, 550px\" \/><figcaption>for interieur<\/figcaption><\/figure>\n<\/div>\n\n\n\n<div class=\"wp-block-column is-layout-flow wp-block-column-is-layout-flow\">\n<figure class=\"wp-block-image size-full\"><img loading=\"lazy\" decoding=\"async\" width=\"550\" height=\"800\" src=\"https:\/\/www.mobilier-design-occasion.fr\/magazine\/wp-content\/uploads\/2022\/07\/lampe-pipistrello-25.jpg\" alt=\"\" class=\"wp-image-5521\" srcset=\"https:\/\/www.mobilier-design-occasion.fr\/magazine\/wp-content\/uploads\/2022\/07\/lampe-pipistrello-25.jpg 550w, https:\/\/www.mobilier-design-occasion.fr\/magazine\/wp-content\/uploads\/2022\/07\/lampe-pipistrello-25-206x300.jpg 206w\" sizes=\"auto, (max-width: 550px) 100vw, 550px\" \/><figcaption>for interieur<\/figcaption><\/figure>\n<\/div>\n<\/div>\n\n\n\n<h3 class=\"wp-block-heading\"><span class=\"ez-toc-section\" id=\"La_qualite\"><\/span><strong>La qualit\u00e9<\/strong><span class=\"ez-toc-section-end\"><\/span><\/h3>\n\n\n\n<p>Cr\u00e9\u00e9 il y a plus de 50ans, la lampe Pipistrello est connue pour son design unique et sa qualit\u00e9. Une vraie lampe Pipistrello, qu\u2019elle soit neuve ou d\u2019occasion est impeccable. Ses mat\u00e9riaux sont durables et r\u00e9sistants, elle procure un \u00e9clairage optimal.<\/p>\n\n\n\n<p>Acheter une lampe Pipistrello en <a href=\"https:\/\/www.mobilier-design-occasion.fr\/magazine\/reussir-a-vendre-son-mobilier\/\">seconde main<\/a> sur un site sp\u00e9cialis\u00e9 vous garantit d&#8217;avoir acc\u00e8s \u00e0 la qualit\u00e9 du design \u00e0 un <a href=\"https:\/\/www.mobilier-design-occasion.fr\/magazine\/test-avis-sur-deco-in-paris\/\">prix abordable<\/a>.<\/p>\n\n\n\n<h2 class=\"wp-block-heading\"><span class=\"ez-toc-section\" id=\"Ou_trouver_une_lampe_Pipistrello_doccasion\"><\/span><strong>O\u00f9 trouver une lampe Pipistrello d\u2019occasion&nbsp;?<\/strong><span class=\"ez-toc-section-end\"><\/span><\/h2>\n\n\n\n<p>Etant donn\u00e9 que la maison Martinelli Luce produit toujours la lampe Pipistrello, il est quand m\u00eame un peu difficile d\u2019en trouver de seconde main. Si vous souhaitez vous procurer une lampe Pipistrello d\u2019occasion, il va falloir pers\u00e9v\u00e9rer dans la recherche.<\/p>\n\n\n\n<figure class=\"wp-block-embed is-type-rich is-provider-twitter wp-block-embed-twitter\"><div class=\"wp-block-embed__wrapper\">\n<blockquote class=\"twitter-tweet\" data-width=\"550\" data-dnt=\"true\"><p lang=\"fr\" dir=\"ltr\">Lumi\u00e8re sur : la c\u00e9l\u00e8bre lampe Pipistrello de martinelli luce.<br>Une ambiance tamis\u00e9e et un int\u00e9rieur design \u00e0 souhait ! <br>Pour \u00ab \u00e9blouir \u00bb vos invit\u00e9s, direction I.D DECO. <a href=\"https:\/\/t.co\/96PFAwLrJC\">pic.twitter.com\/96PFAwLrJC<\/a><\/p>&mdash; Les Docks Village (@DocksVillage) <a href=\"https:\/\/twitter.com\/DocksVillage\/status\/1298899551756091392?ref_src=twsrc%5Etfw\">August 27, 2020<\/a><\/blockquote><script async src=\"https:\/\/platform.twitter.com\/widgets.js\" charset=\"utf-8\"><\/script>\n<\/div><\/figure>\n\n\n\n<p>Vous avez plusieurs options comme chiner les brocantes, aller faire un tour chez des antiquaires, ne pas rater les vide-greniers, surfer sur internet, parcourir les petites annonces, visiter les diff\u00e9rents sites sp\u00e9cialis\u00e9s en objets design de seconde main authentique comme:<\/p>\n\n\n\n<ul class=\"wp-block-list\"><li><a href=\"https:\/\/track.effiliation.com\/servlet\/effi.redir?id_compteur=22784688&amp;url=https%3A%2F%2Fwww.selency.fr%2F\">Selency<\/a><\/li><li><a href=\"https:\/\/track.effiliation.com\/servlet\/effi.redir?id_compteur=22733111&amp;url=https%3A%2F%2Fwww.design-market.eu%2Ffr%2F\">Design Market<\/a><\/li><li><a href=\"https:\/\/www.mobilier-design-occasion.fr\/\">Mobilier design occasion<\/a><\/li><\/ul>\n\n\n\n<h2 class=\"wp-block-heading\"><span class=\"ez-toc-section\" id=\"Comment_reconnaitre_une_vraie_lampe_authentique_Pipistrello_dune_copie\"><\/span><strong>Comment reconna\u00eetre une vraie lampe authentique Pipistrello\u00a0d&#8217;une copie?<\/strong><span class=\"ez-toc-section-end\"><\/span><\/h2>\n\n\n\n<p>Devenue tr\u00e8s recherch\u00e9e par les clients, de nombreuses copies de la lampe Pipistrello ont vu le jour. <\/p>\n\n\n\n<p>Afin de reconna\u00eetre une vraie lampe Pipistrello, v\u00e9rifiez la certification de la lampe, elle se trouve g\u00e9n\u00e9ralement sous la base de la lampe. Voici ce que vous devez trouver sous la lampe\u00a0:<\/p>\n\n\n\n<figure class=\"wp-block-embed is-type-video is-provider-youtube wp-block-embed-youtube wp-embed-aspect-16-9 wp-has-aspect-ratio\"><div class=\"wp-block-embed__wrapper\">\n<iframe loading=\"lazy\" title=\"Pipistrello Martinelli Luce - R\u00e9glage en hauteur avec mouvement t\u00e9lescopique.\" width=\"810\" height=\"456\" src=\"https:\/\/www.youtube.com\/embed\/CcKJsJr8vfk?feature=oembed\" frameborder=\"0\" allow=\"accelerometer; autoplay; clipboard-write; encrypted-media; gyroscope; picture-in-picture\" allowfullscreen><\/iframe>\n<\/div><\/figure>\n\n\n\n<ul class=\"wp-block-list\"><li>Le logo de la marque Martinelli Luce<\/li><li>L\u2019origine ou le pays d\u2019origine<\/li><li>La date de cr\u00e9ation<\/li><li>La signature de Gae Aulenti<\/li><li>La marque 620<\/li><li>Le nom du mod\u00e8le<\/li><\/ul>\n\n\n\n<p>Une lampe Pipistrello authentique poss\u00e8de une hauteur r\u00e9glable. Elle p\u00e8se plus de 10kg pour la lampe Pipistrello version maxi.<\/p>\n","protected":false},"excerpt":{"rendered":"<p>Quelle est l\u2019histoire de la lampe Pipistrello&nbsp;? C\u2019est en 1965 que la designer italienne Gae Aulenti cr\u00e9e la lampe Pipistrello en collaboration avec la maison Martinelli Luce. Le pied de la lampe fait r\u00e9f\u00e9rence \u00e0 la silhouette d\u2019une chauve-souris. Pipistrello d\u00e9signe une chauve-souris en italien. La lampe Pipistrello offre un design innovant qui le rend [&hellip;]<\/p>\n","protected":false},"author":1,"featured_media":5560,"comment_status":"open","ping_status":"open","sticky":false,"template":"","format":"standard","meta":{"footnotes":""},"categories":[2],"tags":[],"class_list":["post-5501","post","type-post","status-publish","format-standard","has-post-thumbnail","hentry","category-tendances"],"yoast_head":"<!-- This site is optimized with the Yoast SEO plugin v27.5 - https:\/\/yoast.com\/product\/yoast-seo-wordpress\/ -->\n<title>10 choses \u00e0 savoir sur l&#039;incontournable du design: la lampe Pipistrello de Gae Aulenti en collaboration avec la marque italienne Martinelli Luce - Mobilier Design Magazine<\/title>\n<meta name=\"robots\" content=\"index, follow, max-snippet:-1, max-image-preview:large, max-video-preview:-1\" \/>\n<link rel=\"canonical\" href=\"https:\/\/www.mobilier-design-occasion.fr\/magazine\/10-choses-a-savoir-sur-lincontournable-du-design-la-lampe-pipistrello-de-gae-aulenti-en-collaboration-avec-la-marque-italienne-martinelli-luce\/\" \/>\n<meta property=\"og:locale\" content=\"fr_FR\" \/>\n<meta property=\"og:type\" content=\"article\" \/>\n<meta property=\"og:title\" content=\"10 choses \u00e0 savoir sur l&#039;incontournable du design: la lampe Pipistrello de Gae Aulenti en collaboration avec la marque italienne Martinelli Luce - Mobilier Design Magazine\" \/>\n<meta property=\"og:description\" content=\"Quelle est l\u2019histoire de la lampe Pipistrello&nbsp;? C\u2019est en 1965 que la designer italienne Gae Aulenti cr\u00e9e la lampe Pipistrello en collaboration avec la maison Martinelli Luce. Le pied de la lampe fait r\u00e9f\u00e9rence \u00e0 la silhouette d\u2019une chauve-souris. Pipistrello d\u00e9signe une chauve-souris en italien. La lampe Pipistrello offre un design innovant qui le rend [&hellip;]\" \/>\n<meta property=\"og:url\" content=\"https:\/\/www.mobilier-design-occasion.fr\/magazine\/10-choses-a-savoir-sur-lincontournable-du-design-la-lampe-pipistrello-de-gae-aulenti-en-collaboration-avec-la-marque-italienne-martinelli-luce\/\" \/>\n<meta property=\"og:site_name\" content=\"Mobilier Design Magazine\" \/>\n<meta property=\"article:publisher\" content=\"https:\/\/www.facebook.com\/mobilierdesignoccasion\" \/>\n<meta property=\"article:published_time\" content=\"2022-07-25T08:53:21+00:00\" \/>\n<meta property=\"article:modified_time\" content=\"2023-09-25T13:40:10+00:00\" \/>\n<meta property=\"og:image\" content=\"https:\/\/www.mobilier-design-occasion.fr\/magazine\/wp-content\/uploads\/2022\/07\/Capture2-2.png\" \/>\n\t<meta property=\"og:image:width\" content=\"523\" \/>\n\t<meta property=\"og:image:height\" content=\"523\" \/>\n\t<meta property=\"og:image:type\" content=\"image\/png\" \/>\n<meta name=\"author\" content=\"Cyrielle Poirot\" \/>\n<meta name=\"twitter:card\" content=\"summary_large_image\" \/>\n<meta name=\"twitter:label1\" content=\"\u00c9crit par\" \/>\n\t<meta name=\"twitter:data1\" content=\"Cyrielle Poirot\" \/>\n\t<meta name=\"twitter:label2\" content=\"Dur\u00e9e de lecture estim\u00e9e\" \/>\n\t<meta name=\"twitter:data2\" content=\"4 minutes\" \/>\n<script type=\"application\/ld+json\" class=\"yoast-schema-graph\">{\"@context\":\"https:\\\/\\\/schema.org\",\"@graph\":[{\"@type\":\"Article\",\"@id\":\"https:\\\/\\\/www.mobilier-design-occasion.fr\\\/magazine\\\/10-choses-a-savoir-sur-lincontournable-du-design-la-lampe-pipistrello-de-gae-aulenti-en-collaboration-avec-la-marque-italienne-martinelli-luce\\\/#article\",\"isPartOf\":{\"@id\":\"https:\\\/\\\/www.mobilier-design-occasion.fr\\\/magazine\\\/10-choses-a-savoir-sur-lincontournable-du-design-la-lampe-pipistrello-de-gae-aulenti-en-collaboration-avec-la-marque-italienne-martinelli-luce\\\/\"},\"author\":{\"name\":\"Cyrielle Poirot\",\"@id\":\"https:\\\/\\\/www.mobilier-design-occasion.fr\\\/magazine\\\/#\\\/schema\\\/person\\\/5b2e5627a714ddadaaf8c9b886c55eff\"},\"headline\":\"10 choses \u00e0 savoir sur l&#8217;incontournable du design: la lampe Pipistrello de Gae Aulenti en collaboration avec la marque italienne Martinelli Luce\",\"datePublished\":\"2022-07-25T08:53:21+00:00\",\"dateModified\":\"2023-09-25T13:40:10+00:00\",\"mainEntityOfPage\":{\"@id\":\"https:\\\/\\\/www.mobilier-design-occasion.fr\\\/magazine\\\/10-choses-a-savoir-sur-lincontournable-du-design-la-lampe-pipistrello-de-gae-aulenti-en-collaboration-avec-la-marque-italienne-martinelli-luce\\\/\"},\"wordCount\":896,\"commentCount\":0,\"publisher\":{\"@id\":\"https:\\\/\\\/www.mobilier-design-occasion.fr\\\/magazine\\\/#organization\"},\"image\":{\"@id\":\"https:\\\/\\\/www.mobilier-design-occasion.fr\\\/magazine\\\/10-choses-a-savoir-sur-lincontournable-du-design-la-lampe-pipistrello-de-gae-aulenti-en-collaboration-avec-la-marque-italienne-martinelli-luce\\\/#primaryimage\"},\"thumbnailUrl\":\"https:\\\/\\\/www.mobilier-design-occasion.fr\\\/magazine\\\/wp-content\\\/uploads\\\/2022\\\/07\\\/Capture2-2.png\",\"articleSection\":[\"Tendances\"],\"inLanguage\":\"fr-FR\",\"potentialAction\":[{\"@type\":\"CommentAction\",\"name\":\"Comment\",\"target\":[\"https:\\\/\\\/www.mobilier-design-occasion.fr\\\/magazine\\\/10-choses-a-savoir-sur-lincontournable-du-design-la-lampe-pipistrello-de-gae-aulenti-en-collaboration-avec-la-marque-italienne-martinelli-luce\\\/#respond\"]}]},{\"@type\":\"WebPage\",\"@id\":\"https:\\\/\\\/www.mobilier-design-occasion.fr\\\/magazine\\\/10-choses-a-savoir-sur-lincontournable-du-design-la-lampe-pipistrello-de-gae-aulenti-en-collaboration-avec-la-marque-italienne-martinelli-luce\\\/\",\"url\":\"https:\\\/\\\/www.mobilier-design-occasion.fr\\\/magazine\\\/10-choses-a-savoir-sur-lincontournable-du-design-la-lampe-pipistrello-de-gae-aulenti-en-collaboration-avec-la-marque-italienne-martinelli-luce\\\/\",\"name\":\"10 choses \u00e0 savoir sur l'incontournable du design: la lampe Pipistrello de Gae Aulenti en collaboration avec la marque italienne Martinelli Luce - Mobilier Design Magazine\",\"isPartOf\":{\"@id\":\"https:\\\/\\\/www.mobilier-design-occasion.fr\\\/magazine\\\/#website\"},\"primaryImageOfPage\":{\"@id\":\"https:\\\/\\\/www.mobilier-design-occasion.fr\\\/magazine\\\/10-choses-a-savoir-sur-lincontournable-du-design-la-lampe-pipistrello-de-gae-aulenti-en-collaboration-avec-la-marque-italienne-martinelli-luce\\\/#primaryimage\"},\"image\":{\"@id\":\"https:\\\/\\\/www.mobilier-design-occasion.fr\\\/magazine\\\/10-choses-a-savoir-sur-lincontournable-du-design-la-lampe-pipistrello-de-gae-aulenti-en-collaboration-avec-la-marque-italienne-martinelli-luce\\\/#primaryimage\"},\"thumbnailUrl\":\"https:\\\/\\\/www.mobilier-design-occasion.fr\\\/magazine\\\/wp-content\\\/uploads\\\/2022\\\/07\\\/Capture2-2.png\",\"datePublished\":\"2022-07-25T08:53:21+00:00\",\"dateModified\":\"2023-09-25T13:40:10+00:00\",\"breadcrumb\":{\"@id\":\"https:\\\/\\\/www.mobilier-design-occasion.fr\\\/magazine\\\/10-choses-a-savoir-sur-lincontournable-du-design-la-lampe-pipistrello-de-gae-aulenti-en-collaboration-avec-la-marque-italienne-martinelli-luce\\\/#breadcrumb\"},\"inLanguage\":\"fr-FR\",\"potentialAction\":[{\"@type\":\"ReadAction\",\"target\":[\"https:\\\/\\\/www.mobilier-design-occasion.fr\\\/magazine\\\/10-choses-a-savoir-sur-lincontournable-du-design-la-lampe-pipistrello-de-gae-aulenti-en-collaboration-avec-la-marque-italienne-martinelli-luce\\\/\"]}]},{\"@type\":\"ImageObject\",\"inLanguage\":\"fr-FR\",\"@id\":\"https:\\\/\\\/www.mobilier-design-occasion.fr\\\/magazine\\\/10-choses-a-savoir-sur-lincontournable-du-design-la-lampe-pipistrello-de-gae-aulenti-en-collaboration-avec-la-marque-italienne-martinelli-luce\\\/#primaryimage\",\"url\":\"https:\\\/\\\/www.mobilier-design-occasion.fr\\\/magazine\\\/wp-content\\\/uploads\\\/2022\\\/07\\\/Capture2-2.png\",\"contentUrl\":\"https:\\\/\\\/www.mobilier-design-occasion.fr\\\/magazine\\\/wp-content\\\/uploads\\\/2022\\\/07\\\/Capture2-2.png\",\"width\":523,\"height\":523,\"caption\":\"Pipistrello Mobilier Design Occasion\"},{\"@type\":\"BreadcrumbList\",\"@id\":\"https:\\\/\\\/www.mobilier-design-occasion.fr\\\/magazine\\\/10-choses-a-savoir-sur-lincontournable-du-design-la-lampe-pipistrello-de-gae-aulenti-en-collaboration-avec-la-marque-italienne-martinelli-luce\\\/#breadcrumb\",\"itemListElement\":[{\"@type\":\"ListItem\",\"position\":1,\"name\":\"Accueil\",\"item\":\"https:\\\/\\\/www.mobilier-design-occasion.fr\\\/magazine\\\/\"},{\"@type\":\"ListItem\",\"position\":2,\"name\":\"10 choses \u00e0 savoir sur l&rsquo;incontournable du design: la lampe Pipistrello de Gae Aulenti en collaboration avec la marque italienne Martinelli Luce\"}]},{\"@type\":\"WebSite\",\"@id\":\"https:\\\/\\\/www.mobilier-design-occasion.fr\\\/magazine\\\/#website\",\"url\":\"https:\\\/\\\/www.mobilier-design-occasion.fr\\\/magazine\\\/\",\"name\":\"Mobilier Design Magazine\",\"description\":\"\",\"publisher\":{\"@id\":\"https:\\\/\\\/www.mobilier-design-occasion.fr\\\/magazine\\\/#organization\"},\"potentialAction\":[{\"@type\":\"SearchAction\",\"target\":{\"@type\":\"EntryPoint\",\"urlTemplate\":\"https:\\\/\\\/www.mobilier-design-occasion.fr\\\/magazine\\\/?s={search_term_string}\"},\"query-input\":{\"@type\":\"PropertyValueSpecification\",\"valueRequired\":true,\"valueName\":\"search_term_string\"}}],\"inLanguage\":\"fr-FR\"},{\"@type\":\"Organization\",\"@id\":\"https:\\\/\\\/www.mobilier-design-occasion.fr\\\/magazine\\\/#organization\",\"name\":\"Mobilier Design Magazine\",\"url\":\"https:\\\/\\\/www.mobilier-design-occasion.fr\\\/magazine\\\/\",\"logo\":{\"@type\":\"ImageObject\",\"inLanguage\":\"fr-FR\",\"@id\":\"https:\\\/\\\/www.mobilier-design-occasion.fr\\\/magazine\\\/#\\\/schema\\\/logo\\\/image\\\/\",\"url\":\"https:\\\/\\\/www.mobilier-design-occasion.fr\\\/magazine\\\/wp-content\\\/uploads\\\/2024\\\/02\\\/android-chrome-192x192-1.png\",\"contentUrl\":\"https:\\\/\\\/www.mobilier-design-occasion.fr\\\/magazine\\\/wp-content\\\/uploads\\\/2024\\\/02\\\/android-chrome-192x192-1.png\",\"width\":192,\"height\":192,\"caption\":\"Mobilier Design Magazine\"},\"image\":{\"@id\":\"https:\\\/\\\/www.mobilier-design-occasion.fr\\\/magazine\\\/#\\\/schema\\\/logo\\\/image\\\/\"},\"sameAs\":[\"https:\\\/\\\/www.facebook.com\\\/mobilierdesignoccasion\"]},{\"@type\":\"Person\",\"@id\":\"https:\\\/\\\/www.mobilier-design-occasion.fr\\\/magazine\\\/#\\\/schema\\\/person\\\/5b2e5627a714ddadaaf8c9b886c55eff\",\"name\":\"Cyrielle Poirot\",\"image\":{\"@type\":\"ImageObject\",\"inLanguage\":\"fr-FR\",\"@id\":\"https:\\\/\\\/secure.gravatar.com\\\/avatar\\\/c8d2674e093b06894d8d1dc468b626bd752523471f3ac6e75f7c7a1400d40b4d?s=96&d=mm&r=g\",\"url\":\"https:\\\/\\\/secure.gravatar.com\\\/avatar\\\/c8d2674e093b06894d8d1dc468b626bd752523471f3ac6e75f7c7a1400d40b4d?s=96&d=mm&r=g\",\"contentUrl\":\"https:\\\/\\\/secure.gravatar.com\\\/avatar\\\/c8d2674e093b06894d8d1dc468b626bd752523471f3ac6e75f7c7a1400d40b4d?s=96&d=mm&r=g\",\"caption\":\"Cyrielle Poirot\"},\"description\":\"Cyrielle est passionn\u00e9e par la d\u00e9coration d'int\u00e9rieur et s'est sp\u00e9cialis\u00e9e depuis quelques ann\u00e9es dans l'\u00e9dition du site Mobilier-Design, avec une touche sp\u00e9cifique pour les produits d'occasion.\",\"sameAs\":[\"https:\\\/\\\/www.mobilier-design-occasion.fr\\\/magazine\"],\"url\":\"https:\\\/\\\/www.mobilier-design-occasion.fr\\\/magazine\\\/author\\\/cyrielle\\\/\"}]}<\/script>\n<!-- \/ Yoast SEO plugin. -->","yoast_head_json":{"title":"10 choses \u00e0 savoir sur l'incontournable du design: la lampe Pipistrello de Gae Aulenti en collaboration avec la marque italienne Martinelli Luce - Mobilier Design Magazine","robots":{"index":"index","follow":"follow","max-snippet":"max-snippet:-1","max-image-preview":"max-image-preview:large","max-video-preview":"max-video-preview:-1"},"canonical":"https:\/\/www.mobilier-design-occasion.fr\/magazine\/10-choses-a-savoir-sur-lincontournable-du-design-la-lampe-pipistrello-de-gae-aulenti-en-collaboration-avec-la-marque-italienne-martinelli-luce\/","og_locale":"fr_FR","og_type":"article","og_title":"10 choses \u00e0 savoir sur l'incontournable du design: la lampe Pipistrello de Gae Aulenti en collaboration avec la marque italienne Martinelli Luce - Mobilier Design Magazine","og_description":"Quelle est l\u2019histoire de la lampe Pipistrello&nbsp;? C\u2019est en 1965 que la designer italienne Gae Aulenti cr\u00e9e la lampe Pipistrello en collaboration avec la maison Martinelli Luce. Le pied de la lampe fait r\u00e9f\u00e9rence \u00e0 la silhouette d\u2019une chauve-souris. Pipistrello d\u00e9signe une chauve-souris en italien. La lampe Pipistrello offre un design innovant qui le rend [&hellip;]","og_url":"https:\/\/www.mobilier-design-occasion.fr\/magazine\/10-choses-a-savoir-sur-lincontournable-du-design-la-lampe-pipistrello-de-gae-aulenti-en-collaboration-avec-la-marque-italienne-martinelli-luce\/","og_site_name":"Mobilier Design Magazine","article_publisher":"https:\/\/www.facebook.com\/mobilierdesignoccasion","article_published_time":"2022-07-25T08:53:21+00:00","article_modified_time":"2023-09-25T13:40:10+00:00","og_image":[{"width":523,"height":523,"url":"https:\/\/www.mobilier-design-occasion.fr\/magazine\/wp-content\/uploads\/2022\/07\/Capture2-2.png","type":"image\/png"}],"author":"Cyrielle Poirot","twitter_card":"summary_large_image","twitter_misc":{"\u00c9crit par":"Cyrielle Poirot","Dur\u00e9e de lecture estim\u00e9e":"4 minutes"},"schema":{"@context":"https:\/\/schema.org","@graph":[{"@type":"Article","@id":"https:\/\/www.mobilier-design-occasion.fr\/magazine\/10-choses-a-savoir-sur-lincontournable-du-design-la-lampe-pipistrello-de-gae-aulenti-en-collaboration-avec-la-marque-italienne-martinelli-luce\/#article","isPartOf":{"@id":"https:\/\/www.mobilier-design-occasion.fr\/magazine\/10-choses-a-savoir-sur-lincontournable-du-design-la-lampe-pipistrello-de-gae-aulenti-en-collaboration-avec-la-marque-italienne-martinelli-luce\/"},"author":{"name":"Cyrielle Poirot","@id":"https:\/\/www.mobilier-design-occasion.fr\/magazine\/#\/schema\/person\/5b2e5627a714ddadaaf8c9b886c55eff"},"headline":"10 choses \u00e0 savoir sur l&#8217;incontournable du design: la lampe Pipistrello de Gae Aulenti en collaboration avec la marque italienne Martinelli Luce","datePublished":"2022-07-25T08:53:21+00:00","dateModified":"2023-09-25T13:40:10+00:00","mainEntityOfPage":{"@id":"https:\/\/www.mobilier-design-occasion.fr\/magazine\/10-choses-a-savoir-sur-lincontournable-du-design-la-lampe-pipistrello-de-gae-aulenti-en-collaboration-avec-la-marque-italienne-martinelli-luce\/"},"wordCount":896,"commentCount":0,"publisher":{"@id":"https:\/\/www.mobilier-design-occasion.fr\/magazine\/#organization"},"image":{"@id":"https:\/\/www.mobilier-design-occasion.fr\/magazine\/10-choses-a-savoir-sur-lincontournable-du-design-la-lampe-pipistrello-de-gae-aulenti-en-collaboration-avec-la-marque-italienne-martinelli-luce\/#primaryimage"},"thumbnailUrl":"https:\/\/www.mobilier-design-occasion.fr\/magazine\/wp-content\/uploads\/2022\/07\/Capture2-2.png","articleSection":["Tendances"],"inLanguage":"fr-FR","potentialAction":[{"@type":"CommentAction","name":"Comment","target":["https:\/\/www.mobilier-design-occasion.fr\/magazine\/10-choses-a-savoir-sur-lincontournable-du-design-la-lampe-pipistrello-de-gae-aulenti-en-collaboration-avec-la-marque-italienne-martinelli-luce\/#respond"]}]},{"@type":"WebPage","@id":"https:\/\/www.mobilier-design-occasion.fr\/magazine\/10-choses-a-savoir-sur-lincontournable-du-design-la-lampe-pipistrello-de-gae-aulenti-en-collaboration-avec-la-marque-italienne-martinelli-luce\/","url":"https:\/\/www.mobilier-design-occasion.fr\/magazine\/10-choses-a-savoir-sur-lincontournable-du-design-la-lampe-pipistrello-de-gae-aulenti-en-collaboration-avec-la-marque-italienne-martinelli-luce\/","name":"10 choses \u00e0 savoir sur l'incontournable du design: la lampe Pipistrello de Gae Aulenti en collaboration avec la marque italienne Martinelli Luce - Mobilier Design Magazine","isPartOf":{"@id":"https:\/\/www.mobilier-design-occasion.fr\/magazine\/#website"},"primaryImageOfPage":{"@id":"https:\/\/www.mobilier-design-occasion.fr\/magazine\/10-choses-a-savoir-sur-lincontournable-du-design-la-lampe-pipistrello-de-gae-aulenti-en-collaboration-avec-la-marque-italienne-martinelli-luce\/#primaryimage"},"image":{"@id":"https:\/\/www.mobilier-design-occasion.fr\/magazine\/10-choses-a-savoir-sur-lincontournable-du-design-la-lampe-pipistrello-de-gae-aulenti-en-collaboration-avec-la-marque-italienne-martinelli-luce\/#primaryimage"},"thumbnailUrl":"https:\/\/www.mobilier-design-occasion.fr\/magazine\/wp-content\/uploads\/2022\/07\/Capture2-2.png","datePublished":"2022-07-25T08:53:21+00:00","dateModified":"2023-09-25T13:40:10+00:00","breadcrumb":{"@id":"https:\/\/www.mobilier-design-occasion.fr\/magazine\/10-choses-a-savoir-sur-lincontournable-du-design-la-lampe-pipistrello-de-gae-aulenti-en-collaboration-avec-la-marque-italienne-martinelli-luce\/#breadcrumb"},"inLanguage":"fr-FR","potentialAction":[{"@type":"ReadAction","target":["https:\/\/www.mobilier-design-occasion.fr\/magazine\/10-choses-a-savoir-sur-lincontournable-du-design-la-lampe-pipistrello-de-gae-aulenti-en-collaboration-avec-la-marque-italienne-martinelli-luce\/"]}]},{"@type":"ImageObject","inLanguage":"fr-FR","@id":"https:\/\/www.mobilier-design-occasion.fr\/magazine\/10-choses-a-savoir-sur-lincontournable-du-design-la-lampe-pipistrello-de-gae-aulenti-en-collaboration-avec-la-marque-italienne-martinelli-luce\/#primaryimage","url":"https:\/\/www.mobilier-design-occasion.fr\/magazine\/wp-content\/uploads\/2022\/07\/Capture2-2.png","contentUrl":"https:\/\/www.mobilier-design-occasion.fr\/magazine\/wp-content\/uploads\/2022\/07\/Capture2-2.png","width":523,"height":523,"caption":"Pipistrello Mobilier Design Occasion"},{"@type":"BreadcrumbList","@id":"https:\/\/www.mobilier-design-occasion.fr\/magazine\/10-choses-a-savoir-sur-lincontournable-du-design-la-lampe-pipistrello-de-gae-aulenti-en-collaboration-avec-la-marque-italienne-martinelli-luce\/#breadcrumb","itemListElement":[{"@type":"ListItem","position":1,"name":"Accueil","item":"https:\/\/www.mobilier-design-occasion.fr\/magazine\/"},{"@type":"ListItem","position":2,"name":"10 choses \u00e0 savoir sur l&rsquo;incontournable du design: la lampe Pipistrello de Gae Aulenti en collaboration avec la marque italienne Martinelli Luce"}]},{"@type":"WebSite","@id":"https:\/\/www.mobilier-design-occasion.fr\/magazine\/#website","url":"https:\/\/www.mobilier-design-occasion.fr\/magazine\/","name":"Mobilier Design Magazine","description":"","publisher":{"@id":"https:\/\/www.mobilier-design-occasion.fr\/magazine\/#organization"},"potentialAction":[{"@type":"SearchAction","target":{"@type":"EntryPoint","urlTemplate":"https:\/\/www.mobilier-design-occasion.fr\/magazine\/?s={search_term_string}"},"query-input":{"@type":"PropertyValueSpecification","valueRequired":true,"valueName":"search_term_string"}}],"inLanguage":"fr-FR"},{"@type":"Organization","@id":"https:\/\/www.mobilier-design-occasion.fr\/magazine\/#organization","name":"Mobilier Design Magazine","url":"https:\/\/www.mobilier-design-occasion.fr\/magazine\/","logo":{"@type":"ImageObject","inLanguage":"fr-FR","@id":"https:\/\/www.mobilier-design-occasion.fr\/magazine\/#\/schema\/logo\/image\/","url":"https:\/\/www.mobilier-design-occasion.fr\/magazine\/wp-content\/uploads\/2024\/02\/android-chrome-192x192-1.png","contentUrl":"https:\/\/www.mobilier-design-occasion.fr\/magazine\/wp-content\/uploads\/2024\/02\/android-chrome-192x192-1.png","width":192,"height":192,"caption":"Mobilier Design Magazine"},"image":{"@id":"https:\/\/www.mobilier-design-occasion.fr\/magazine\/#\/schema\/logo\/image\/"},"sameAs":["https:\/\/www.facebook.com\/mobilierdesignoccasion"]},{"@type":"Person","@id":"https:\/\/www.mobilier-design-occasion.fr\/magazine\/#\/schema\/person\/5b2e5627a714ddadaaf8c9b886c55eff","name":"Cyrielle Poirot","image":{"@type":"ImageObject","inLanguage":"fr-FR","@id":"https:\/\/secure.gravatar.com\/avatar\/c8d2674e093b06894d8d1dc468b626bd752523471f3ac6e75f7c7a1400d40b4d?s=96&d=mm&r=g","url":"https:\/\/secure.gravatar.com\/avatar\/c8d2674e093b06894d8d1dc468b626bd752523471f3ac6e75f7c7a1400d40b4d?s=96&d=mm&r=g","contentUrl":"https:\/\/secure.gravatar.com\/avatar\/c8d2674e093b06894d8d1dc468b626bd752523471f3ac6e75f7c7a1400d40b4d?s=96&d=mm&r=g","caption":"Cyrielle Poirot"},"description":"Cyrielle est passionn\u00e9e par la d\u00e9coration d'int\u00e9rieur et s'est sp\u00e9cialis\u00e9e depuis quelques ann\u00e9es dans l'\u00e9dition du site Mobilier-Design, avec une touche sp\u00e9cifique pour les produits d'occasion.","sameAs":["https:\/\/www.mobilier-design-occasion.fr\/magazine"],"url":"https:\/\/www.mobilier-design-occasion.fr\/magazine\/author\/cyrielle\/"}]}},"_links":{"self":[{"href":"https:\/\/www.mobilier-design-occasion.fr\/magazine\/wp-json\/wp\/v2\/posts\/5501","targetHints":{"allow":["GET"]}}],"collection":[{"href":"https:\/\/www.mobilier-design-occasion.fr\/magazine\/wp-json\/wp\/v2\/posts"}],"about":[{"href":"https:\/\/www.mobilier-design-occasion.fr\/magazine\/wp-json\/wp\/v2\/types\/post"}],"author":[{"embeddable":true,"href":"https:\/\/www.mobilier-design-occasion.fr\/magazine\/wp-json\/wp\/v2\/users\/1"}],"replies":[{"embeddable":true,"href":"https:\/\/www.mobilier-design-occasion.fr\/magazine\/wp-json\/wp\/v2\/comments?post=5501"}],"version-history":[{"count":9,"href":"https:\/\/www.mobilier-design-occasion.fr\/magazine\/wp-json\/wp\/v2\/posts\/5501\/revisions"}],"predecessor-version":[{"id":5564,"href":"https:\/\/www.mobilier-design-occasion.fr\/magazine\/wp-json\/wp\/v2\/posts\/5501\/revisions\/5564"}],"wp:featuredmedia":[{"embeddable":true,"href":"https:\/\/www.mobilier-design-occasion.fr\/magazine\/wp-json\/wp\/v2\/media\/5560"}],"wp:attachment":[{"href":"https:\/\/www.mobilier-design-occasion.fr\/magazine\/wp-json\/wp\/v2\/media?parent=5501"}],"wp:term":[{"taxonomy":"category","embeddable":true,"href":"https:\/\/www.mobilier-design-occasion.fr\/magazine\/wp-json\/wp\/v2\/categories?post=5501"},{"taxonomy":"post_tag","embeddable":true,"href":"https:\/\/www.mobilier-design-occasion.fr\/magazine\/wp-json\/wp\/v2\/tags?post=5501"}],"curies":[{"name":"wp","href":"https:\/\/api.w.org\/{rel}","templated":true}]}}