{"id":5487,"date":"2022-07-20T13:31:01","date_gmt":"2022-07-20T13:31:01","guid":{"rendered":"https:\/\/www.mobilier-design-occasion.fr\/magazine\/?p=5487"},"modified":"2023-09-25T13:39:48","modified_gmt":"2023-09-25T13:39:48","slug":"que-faut-il-savoir-a-propos-du-changement-dun-matelas-dans-une-maison","status":"publish","type":"post","link":"https:\/\/www.mobilier-design-occasion.fr\/magazine\/que-faut-il-savoir-a-propos-du-changement-dun-matelas-dans-une-maison\/","title":{"rendered":"Que faut-il savoir \u00e0 propos du changement d&#8217;un matelas dans une maison ?"},"content":{"rendered":"\n<p>Le matelas est un \u00e9quipement incontournable pour vous procurer un bien-\u00eatre quand vous dormez. Toutefois, il peut s\u2019user avec le temps. Il faudra alors proc\u00e9der \u00e0 son changement. Que faut-il savoir sur cette op\u00e9ration\u2009?<\/p>\n\n\n\n<figure class=\"wp-block-image size-full\"><img loading=\"lazy\" decoding=\"async\" width=\"700\" height=\"489\" src=\"https:\/\/www.mobilier-design-occasion.fr\/magazine\/wp-content\/uploads\/2022\/07\/4c132dda7d9ebbb288492311b33b8a51-1.jpg\" alt=\"\" class=\"wp-image-5489\" srcset=\"https:\/\/www.mobilier-design-occasion.fr\/magazine\/wp-content\/uploads\/2022\/07\/4c132dda7d9ebbb288492311b33b8a51-1.jpg 700w, https:\/\/www.mobilier-design-occasion.fr\/magazine\/wp-content\/uploads\/2022\/07\/4c132dda7d9ebbb288492311b33b8a51-1-300x210.jpg 300w, https:\/\/www.mobilier-design-occasion.fr\/magazine\/wp-content\/uploads\/2022\/07\/4c132dda7d9ebbb288492311b33b8a51-1-145x100.jpg 145w\" sizes=\"auto, (max-width: 700px) 100vw, 700px\" \/><\/figure>\n\n\n\n<h2 class=\"wp-block-heading\"><span class=\"ez-toc-section\" id=\"A_quelle_frequence_faut-il_changer_de_matelas%E2%80%89\"><\/span>\u00c0 quelle fr\u00e9quence faut-il changer de matelas\u2009?<span class=\"ez-toc-section-end\"><\/span><\/h2><div id=\"ez-toc-container\" class=\"ez-toc-v2_0_82_2 counter-hierarchy ez-toc-counter ez-toc-grey ez-toc-container-direction\">\n<div class=\"ez-toc-title-container\">\n<span class=\"ez-toc-title-toggle\"><a href=\"#\" class=\"ez-toc-pull-right ez-toc-btn ez-toc-btn-xs ez-toc-btn-default ez-toc-toggle\" aria-label=\"Toggle Table of Content\"><span class=\"ez-toc-js-icon-con\"><span class=\"\"><span class=\"eztoc-hide\" style=\"display:none;\">Toggle<\/span><span class=\"ez-toc-icon-toggle-span\"><svg style=\"fill: #999;color:#999\" xmlns=\"http:\/\/www.w3.org\/2000\/svg\" class=\"list-377408\" width=\"20px\" height=\"20px\" viewBox=\"0 0 24 24\" fill=\"none\"><path d=\"M6 6H4v2h2V6zm14 0H8v2h12V6zM4 11h2v2H4v-2zm16 0H8v2h12v-2zM4 16h2v2H4v-2zm16 0H8v2h12v-2z\" fill=\"currentColor\"><\/path><\/svg><svg style=\"fill: #999;color:#999\" class=\"arrow-unsorted-368013\" xmlns=\"http:\/\/www.w3.org\/2000\/svg\" width=\"10px\" height=\"10px\" viewBox=\"0 0 24 24\" version=\"1.2\" baseProfile=\"tiny\"><path d=\"M18.2 9.3l-6.2-6.3-6.2 6.3c-.2.2-.3.4-.3.7s.1.5.3.7c.2.2.4.3.7.3h11c.3 0 .5-.1.7-.3.2-.2.3-.5.3-.7s-.1-.5-.3-.7zM5.8 14.7l6.2 6.3 6.2-6.3c.2-.2.3-.5.3-.7s-.1-.5-.3-.7c-.2-.2-.4-.3-.7-.3h-11c-.3 0-.5.1-.7.3-.2.2-.3.5-.3.7s.1.5.3.7z\"\/><\/svg><\/span><\/span><\/span><\/a><\/span><\/div>\n<nav><ul class='ez-toc-list ez-toc-list-level-1 eztoc-toggle-hide-by-default' ><li class='ez-toc-page-1 ez-toc-heading-level-2'><a class=\"ez-toc-link ez-toc-heading-1\" href=\"https:\/\/www.mobilier-design-occasion.fr\/magazine\/que-faut-il-savoir-a-propos-du-changement-dun-matelas-dans-une-maison\/#A_quelle_frequence_faut-il_changer_de_matelas%E2%80%89\" >\u00c0 quelle fr\u00e9quence faut-il changer de matelas\u2009?<\/a><\/li><li class='ez-toc-page-1 ez-toc-heading-level-2'><a class=\"ez-toc-link ez-toc-heading-2\" href=\"https:\/\/www.mobilier-design-occasion.fr\/magazine\/que-faut-il-savoir-a-propos-du-changement-dun-matelas-dans-une-maison\/#Quels_sont_les_signes_qui_montrent_que_vous_devez_changer_de_matelas%E2%80%89\" >Quels sont les signes qui montrent que vous devez changer de matelas\u2009?<\/a><\/li><li class='ez-toc-page-1 ez-toc-heading-level-2'><a class=\"ez-toc-link ez-toc-heading-3\" href=\"https:\/\/www.mobilier-design-occasion.fr\/magazine\/que-faut-il-savoir-a-propos-du-changement-dun-matelas-dans-une-maison\/#Comment_choisir_son_matelas%E2%80%89\" >Comment choisir son matelas\u2009?<\/a><\/li><\/ul><\/nav><\/div>\n\n\n\n\n<p>Les matelas existent en plusieurs mod\u00e8les sur le march\u00e9. Consultez&nbsp;<a href=\"https:\/\/guideliterie.com\/produit\/matelas-emma-original\/\" target=\"_blank\" rel=\"noreferrer noopener\">l&#8217;avis de GuideLiterie sur le matelas Emma original<\/a>. La dur\u00e9e raisonnable de changement d\u2019un matelas est de&nbsp;<strong>10 ans<\/strong>. Ce d\u00e9lai ne s\u2019applique pas aux matelas de mauvaise qualit\u00e9. Si vous disposez d\u2019un matelas de qualit\u00e9 standard, changez-le apr\u00e8s 5 ans.<\/p>\n\n\n\n<h2 class=\"wp-block-heading\"><span class=\"ez-toc-section\" id=\"Quels_sont_les_signes_qui_montrent_que_vous_devez_changer_de_matelas%E2%80%89\"><\/span>Quels sont les signes qui montrent que vous devez changer de matelas\u2009?<span class=\"ez-toc-section-end\"><\/span><\/h2>\n\n\n\n<p>Ces signes sont multiples et sont \u00e9troitement li\u00e9s au&nbsp;<strong>mode d\u2019utilisation du matelas<\/strong>. Il s\u2019agit entre autres&nbsp;:<\/p>\n\n\n\n<ul class=\"wp-block-list\"><li>D\u2019une d\u00e9formation \u00e0 certains endroits du matelas\u2009;<\/li><li>D\u2019une impression des ressorts qui se d\u00e9tachent\u2009;<\/li><li>Des&nbsp;<strong>courbatures intempestives<\/strong>&nbsp;ressenties une fois au r\u00e9veil\u2009;<\/li><li>Des bruits qui peuvent perturber votre <a href=\"https:\/\/www.mobilier-design-occasion.fr\/magazine\/mes-conseils-pour-ameliorer-le-sommeil-de-votre-enfant\/\">sommeil<\/a> ou celui de votre conjoint(e), etc.<\/li><\/ul>\n\n\n\n<h2 class=\"wp-block-heading\"><span class=\"ez-toc-section\" id=\"Comment_choisir_son_matelas%E2%80%89\"><\/span>Comment choisir son matelas\u2009?<span class=\"ez-toc-section-end\"><\/span><\/h2>\n\n\n\n<p>La premi\u00e8re des choses \u00e0 prendre en compte lors de l\u2019achat d\u2019un tout nouveau <a href=\"https:\/\/www.mobilier-design-occasion.fr\/magazine\/combien-dheures-de-sommeil-pour-mon-enfant\/\">lit<\/a>, c\u2019est&nbsp;<strong>l\u2019utilisation de l\u2019accessoire<\/strong>. Une fois connu, vous pourrez vous attarder sur la&nbsp;<strong>taille<\/strong>, le&nbsp;<strong>mode de conception du matelas<\/strong>&nbsp;et le&nbsp;<strong>poids maximal<\/strong>&nbsp;qu\u2019il peut supporter.<\/p>\n\n\n\n<p>En d\u00e9finitive, le&nbsp;<strong>changement de matelas<\/strong>&nbsp;est important pour vous assurer un sommeil des plus agr\u00e9ables. \u00c0 la vue de certains signes comme la&nbsp;<strong>d\u00e9formation<\/strong>&nbsp;\u00e0 certains endroits, n&#8217;h\u00e9sitez pas \u00e0 le changer. Pour le faire, vous pouvez tenir compte de son utilisation.<\/p>\n","protected":false},"excerpt":{"rendered":"<p>Le matelas est un \u00e9quipement incontournable pour vous procurer un bien-\u00eatre quand vous dormez. Toutefois, il peut s\u2019user avec le temps. Il faudra alors proc\u00e9der \u00e0 son changement. Que faut-il savoir sur cette op\u00e9ration\u2009? \u00c0 quelle fr\u00e9quence faut-il changer de matelas\u2009? Les matelas existent en plusieurs mod\u00e8les sur le march\u00e9. Consultez&nbsp;l&#8217;avis de GuideLiterie sur le [&hellip;]<\/p>\n","protected":false},"author":1,"featured_media":5488,"comment_status":"open","ping_status":"open","sticky":false,"template":"","format":"standard","meta":{"footnotes":""},"categories":[2],"tags":[],"class_list":["post-5487","post","type-post","status-publish","format-standard","has-post-thumbnail","hentry","category-tendances"],"yoast_head":"<!-- This site is optimized with the Yoast SEO plugin v27.5 - https:\/\/yoast.com\/product\/yoast-seo-wordpress\/ -->\n<title>Que faut-il savoir \u00e0 propos du changement d&#039;un matelas dans une maison ? - Mobilier Design Magazine<\/title>\n<meta name=\"robots\" content=\"index, follow, max-snippet:-1, max-image-preview:large, max-video-preview:-1\" \/>\n<link rel=\"canonical\" href=\"https:\/\/www.mobilier-design-occasion.fr\/magazine\/que-faut-il-savoir-a-propos-du-changement-dun-matelas-dans-une-maison\/\" \/>\n<meta property=\"og:locale\" content=\"fr_FR\" \/>\n<meta property=\"og:type\" content=\"article\" \/>\n<meta property=\"og:title\" content=\"Que faut-il savoir \u00e0 propos du changement d&#039;un matelas dans une maison ? - Mobilier Design Magazine\" \/>\n<meta property=\"og:description\" content=\"Le matelas est un \u00e9quipement incontournable pour vous procurer un bien-\u00eatre quand vous dormez. Toutefois, il peut s\u2019user avec le temps. Il faudra alors proc\u00e9der \u00e0 son changement. Que faut-il savoir sur cette op\u00e9ration\u2009? \u00c0 quelle fr\u00e9quence faut-il changer de matelas\u2009? Les matelas existent en plusieurs mod\u00e8les sur le march\u00e9. Consultez&nbsp;l&#8217;avis de GuideLiterie sur le [&hellip;]\" \/>\n<meta property=\"og:url\" content=\"https:\/\/www.mobilier-design-occasion.fr\/magazine\/que-faut-il-savoir-a-propos-du-changement-dun-matelas-dans-une-maison\/\" \/>\n<meta property=\"og:site_name\" content=\"Mobilier Design Magazine\" \/>\n<meta property=\"article:publisher\" content=\"https:\/\/www.facebook.com\/mobilierdesignoccasion\" \/>\n<meta property=\"article:published_time\" content=\"2022-07-20T13:31:01+00:00\" \/>\n<meta property=\"article:modified_time\" content=\"2023-09-25T13:39:48+00:00\" \/>\n<meta property=\"og:image\" content=\"https:\/\/www.mobilier-design-occasion.fr\/magazine\/wp-content\/uploads\/2022\/07\/4c132dda7d9ebbb288492311b33b8a51.jpg\" \/>\n\t<meta property=\"og:image:width\" content=\"700\" \/>\n\t<meta property=\"og:image:height\" content=\"489\" \/>\n\t<meta property=\"og:image:type\" content=\"image\/jpeg\" \/>\n<meta name=\"author\" content=\"Cyrielle Poirot\" \/>\n<meta name=\"twitter:card\" content=\"summary_large_image\" \/>\n<meta name=\"twitter:label1\" content=\"\u00c9crit par\" \/>\n\t<meta name=\"twitter:data1\" content=\"Cyrielle Poirot\" \/>\n\t<meta name=\"twitter:label2\" content=\"Dur\u00e9e de lecture estim\u00e9e\" \/>\n\t<meta name=\"twitter:data2\" content=\"1 minute\" \/>\n<script type=\"application\/ld+json\" class=\"yoast-schema-graph\">{\"@context\":\"https:\\\/\\\/schema.org\",\"@graph\":[{\"@type\":\"Article\",\"@id\":\"https:\\\/\\\/www.mobilier-design-occasion.fr\\\/magazine\\\/que-faut-il-savoir-a-propos-du-changement-dun-matelas-dans-une-maison\\\/#article\",\"isPartOf\":{\"@id\":\"https:\\\/\\\/www.mobilier-design-occasion.fr\\\/magazine\\\/que-faut-il-savoir-a-propos-du-changement-dun-matelas-dans-une-maison\\\/\"},\"author\":{\"name\":\"Cyrielle Poirot\",\"@id\":\"https:\\\/\\\/www.mobilier-design-occasion.fr\\\/magazine\\\/#\\\/schema\\\/person\\\/5b2e5627a714ddadaaf8c9b886c55eff\"},\"headline\":\"Que faut-il savoir \u00e0 propos du changement d&#8217;un matelas dans une maison ?\",\"datePublished\":\"2022-07-20T13:31:01+00:00\",\"dateModified\":\"2023-09-25T13:39:48+00:00\",\"mainEntityOfPage\":{\"@id\":\"https:\\\/\\\/www.mobilier-design-occasion.fr\\\/magazine\\\/que-faut-il-savoir-a-propos-du-changement-dun-matelas-dans-une-maison\\\/\"},\"wordCount\":298,\"commentCount\":0,\"publisher\":{\"@id\":\"https:\\\/\\\/www.mobilier-design-occasion.fr\\\/magazine\\\/#organization\"},\"image\":{\"@id\":\"https:\\\/\\\/www.mobilier-design-occasion.fr\\\/magazine\\\/que-faut-il-savoir-a-propos-du-changement-dun-matelas-dans-une-maison\\\/#primaryimage\"},\"thumbnailUrl\":\"https:\\\/\\\/www.mobilier-design-occasion.fr\\\/magazine\\\/wp-content\\\/uploads\\\/2022\\\/07\\\/4c132dda7d9ebbb288492311b33b8a51.jpg\",\"articleSection\":[\"Tendances\"],\"inLanguage\":\"fr-FR\",\"potentialAction\":[{\"@type\":\"CommentAction\",\"name\":\"Comment\",\"target\":[\"https:\\\/\\\/www.mobilier-design-occasion.fr\\\/magazine\\\/que-faut-il-savoir-a-propos-du-changement-dun-matelas-dans-une-maison\\\/#respond\"]}]},{\"@type\":\"WebPage\",\"@id\":\"https:\\\/\\\/www.mobilier-design-occasion.fr\\\/magazine\\\/que-faut-il-savoir-a-propos-du-changement-dun-matelas-dans-une-maison\\\/\",\"url\":\"https:\\\/\\\/www.mobilier-design-occasion.fr\\\/magazine\\\/que-faut-il-savoir-a-propos-du-changement-dun-matelas-dans-une-maison\\\/\",\"name\":\"Que faut-il savoir \u00e0 propos du changement d'un matelas dans une maison ? - Mobilier Design Magazine\",\"isPartOf\":{\"@id\":\"https:\\\/\\\/www.mobilier-design-occasion.fr\\\/magazine\\\/#website\"},\"primaryImageOfPage\":{\"@id\":\"https:\\\/\\\/www.mobilier-design-occasion.fr\\\/magazine\\\/que-faut-il-savoir-a-propos-du-changement-dun-matelas-dans-une-maison\\\/#primaryimage\"},\"image\":{\"@id\":\"https:\\\/\\\/www.mobilier-design-occasion.fr\\\/magazine\\\/que-faut-il-savoir-a-propos-du-changement-dun-matelas-dans-une-maison\\\/#primaryimage\"},\"thumbnailUrl\":\"https:\\\/\\\/www.mobilier-design-occasion.fr\\\/magazine\\\/wp-content\\\/uploads\\\/2022\\\/07\\\/4c132dda7d9ebbb288492311b33b8a51.jpg\",\"datePublished\":\"2022-07-20T13:31:01+00:00\",\"dateModified\":\"2023-09-25T13:39:48+00:00\",\"breadcrumb\":{\"@id\":\"https:\\\/\\\/www.mobilier-design-occasion.fr\\\/magazine\\\/que-faut-il-savoir-a-propos-du-changement-dun-matelas-dans-une-maison\\\/#breadcrumb\"},\"inLanguage\":\"fr-FR\",\"potentialAction\":[{\"@type\":\"ReadAction\",\"target\":[\"https:\\\/\\\/www.mobilier-design-occasion.fr\\\/magazine\\\/que-faut-il-savoir-a-propos-du-changement-dun-matelas-dans-une-maison\\\/\"]}]},{\"@type\":\"ImageObject\",\"inLanguage\":\"fr-FR\",\"@id\":\"https:\\\/\\\/www.mobilier-design-occasion.fr\\\/magazine\\\/que-faut-il-savoir-a-propos-du-changement-dun-matelas-dans-une-maison\\\/#primaryimage\",\"url\":\"https:\\\/\\\/www.mobilier-design-occasion.fr\\\/magazine\\\/wp-content\\\/uploads\\\/2022\\\/07\\\/4c132dda7d9ebbb288492311b33b8a51.jpg\",\"contentUrl\":\"https:\\\/\\\/www.mobilier-design-occasion.fr\\\/magazine\\\/wp-content\\\/uploads\\\/2022\\\/07\\\/4c132dda7d9ebbb288492311b33b8a51.jpg\",\"width\":700,\"height\":489},{\"@type\":\"BreadcrumbList\",\"@id\":\"https:\\\/\\\/www.mobilier-design-occasion.fr\\\/magazine\\\/que-faut-il-savoir-a-propos-du-changement-dun-matelas-dans-une-maison\\\/#breadcrumb\",\"itemListElement\":[{\"@type\":\"ListItem\",\"position\":1,\"name\":\"Accueil\",\"item\":\"https:\\\/\\\/www.mobilier-design-occasion.fr\\\/magazine\\\/\"},{\"@type\":\"ListItem\",\"position\":2,\"name\":\"Que faut-il savoir \u00e0 propos du changement d&rsquo;un matelas dans une maison ?\"}]},{\"@type\":\"WebSite\",\"@id\":\"https:\\\/\\\/www.mobilier-design-occasion.fr\\\/magazine\\\/#website\",\"url\":\"https:\\\/\\\/www.mobilier-design-occasion.fr\\\/magazine\\\/\",\"name\":\"Mobilier Design Magazine\",\"description\":\"\",\"publisher\":{\"@id\":\"https:\\\/\\\/www.mobilier-design-occasion.fr\\\/magazine\\\/#organization\"},\"potentialAction\":[{\"@type\":\"SearchAction\",\"target\":{\"@type\":\"EntryPoint\",\"urlTemplate\":\"https:\\\/\\\/www.mobilier-design-occasion.fr\\\/magazine\\\/?s={search_term_string}\"},\"query-input\":{\"@type\":\"PropertyValueSpecification\",\"valueRequired\":true,\"valueName\":\"search_term_string\"}}],\"inLanguage\":\"fr-FR\"},{\"@type\":\"Organization\",\"@id\":\"https:\\\/\\\/www.mobilier-design-occasion.fr\\\/magazine\\\/#organization\",\"name\":\"Mobilier Design Magazine\",\"url\":\"https:\\\/\\\/www.mobilier-design-occasion.fr\\\/magazine\\\/\",\"logo\":{\"@type\":\"ImageObject\",\"inLanguage\":\"fr-FR\",\"@id\":\"https:\\\/\\\/www.mobilier-design-occasion.fr\\\/magazine\\\/#\\\/schema\\\/logo\\\/image\\\/\",\"url\":\"https:\\\/\\\/www.mobilier-design-occasion.fr\\\/magazine\\\/wp-content\\\/uploads\\\/2024\\\/02\\\/android-chrome-192x192-1.png\",\"contentUrl\":\"https:\\\/\\\/www.mobilier-design-occasion.fr\\\/magazine\\\/wp-content\\\/uploads\\\/2024\\\/02\\\/android-chrome-192x192-1.png\",\"width\":192,\"height\":192,\"caption\":\"Mobilier Design Magazine\"},\"image\":{\"@id\":\"https:\\\/\\\/www.mobilier-design-occasion.fr\\\/magazine\\\/#\\\/schema\\\/logo\\\/image\\\/\"},\"sameAs\":[\"https:\\\/\\\/www.facebook.com\\\/mobilierdesignoccasion\"]},{\"@type\":\"Person\",\"@id\":\"https:\\\/\\\/www.mobilier-design-occasion.fr\\\/magazine\\\/#\\\/schema\\\/person\\\/5b2e5627a714ddadaaf8c9b886c55eff\",\"name\":\"Cyrielle Poirot\",\"image\":{\"@type\":\"ImageObject\",\"inLanguage\":\"fr-FR\",\"@id\":\"https:\\\/\\\/secure.gravatar.com\\\/avatar\\\/c8d2674e093b06894d8d1dc468b626bd752523471f3ac6e75f7c7a1400d40b4d?s=96&d=mm&r=g\",\"url\":\"https:\\\/\\\/secure.gravatar.com\\\/avatar\\\/c8d2674e093b06894d8d1dc468b626bd752523471f3ac6e75f7c7a1400d40b4d?s=96&d=mm&r=g\",\"contentUrl\":\"https:\\\/\\\/secure.gravatar.com\\\/avatar\\\/c8d2674e093b06894d8d1dc468b626bd752523471f3ac6e75f7c7a1400d40b4d?s=96&d=mm&r=g\",\"caption\":\"Cyrielle Poirot\"},\"description\":\"Cyrielle est passionn\u00e9e par la d\u00e9coration d'int\u00e9rieur et s'est sp\u00e9cialis\u00e9e depuis quelques ann\u00e9es dans l'\u00e9dition du site Mobilier-Design, avec une touche sp\u00e9cifique pour les produits d'occasion.\",\"sameAs\":[\"https:\\\/\\\/www.mobilier-design-occasion.fr\\\/magazine\"],\"url\":\"https:\\\/\\\/www.mobilier-design-occasion.fr\\\/magazine\\\/author\\\/cyrielle\\\/\"}]}<\/script>\n<!-- \/ Yoast SEO plugin. -->","yoast_head_json":{"title":"Que faut-il savoir \u00e0 propos du changement d'un matelas dans une maison ? - Mobilier Design Magazine","robots":{"index":"index","follow":"follow","max-snippet":"max-snippet:-1","max-image-preview":"max-image-preview:large","max-video-preview":"max-video-preview:-1"},"canonical":"https:\/\/www.mobilier-design-occasion.fr\/magazine\/que-faut-il-savoir-a-propos-du-changement-dun-matelas-dans-une-maison\/","og_locale":"fr_FR","og_type":"article","og_title":"Que faut-il savoir \u00e0 propos du changement d'un matelas dans une maison ? - Mobilier Design Magazine","og_description":"Le matelas est un \u00e9quipement incontournable pour vous procurer un bien-\u00eatre quand vous dormez. Toutefois, il peut s\u2019user avec le temps. Il faudra alors proc\u00e9der \u00e0 son changement. Que faut-il savoir sur cette op\u00e9ration\u2009? \u00c0 quelle fr\u00e9quence faut-il changer de matelas\u2009? Les matelas existent en plusieurs mod\u00e8les sur le march\u00e9. Consultez&nbsp;l&#8217;avis de GuideLiterie sur le [&hellip;]","og_url":"https:\/\/www.mobilier-design-occasion.fr\/magazine\/que-faut-il-savoir-a-propos-du-changement-dun-matelas-dans-une-maison\/","og_site_name":"Mobilier Design Magazine","article_publisher":"https:\/\/www.facebook.com\/mobilierdesignoccasion","article_published_time":"2022-07-20T13:31:01+00:00","article_modified_time":"2023-09-25T13:39:48+00:00","og_image":[{"width":700,"height":489,"url":"https:\/\/www.mobilier-design-occasion.fr\/magazine\/wp-content\/uploads\/2022\/07\/4c132dda7d9ebbb288492311b33b8a51.jpg","type":"image\/jpeg"}],"author":"Cyrielle Poirot","twitter_card":"summary_large_image","twitter_misc":{"\u00c9crit par":"Cyrielle Poirot","Dur\u00e9e de lecture estim\u00e9e":"1 minute"},"schema":{"@context":"https:\/\/schema.org","@graph":[{"@type":"Article","@id":"https:\/\/www.mobilier-design-occasion.fr\/magazine\/que-faut-il-savoir-a-propos-du-changement-dun-matelas-dans-une-maison\/#article","isPartOf":{"@id":"https:\/\/www.mobilier-design-occasion.fr\/magazine\/que-faut-il-savoir-a-propos-du-changement-dun-matelas-dans-une-maison\/"},"author":{"name":"Cyrielle Poirot","@id":"https:\/\/www.mobilier-design-occasion.fr\/magazine\/#\/schema\/person\/5b2e5627a714ddadaaf8c9b886c55eff"},"headline":"Que faut-il savoir \u00e0 propos du changement d&#8217;un matelas dans une maison ?","datePublished":"2022-07-20T13:31:01+00:00","dateModified":"2023-09-25T13:39:48+00:00","mainEntityOfPage":{"@id":"https:\/\/www.mobilier-design-occasion.fr\/magazine\/que-faut-il-savoir-a-propos-du-changement-dun-matelas-dans-une-maison\/"},"wordCount":298,"commentCount":0,"publisher":{"@id":"https:\/\/www.mobilier-design-occasion.fr\/magazine\/#organization"},"image":{"@id":"https:\/\/www.mobilier-design-occasion.fr\/magazine\/que-faut-il-savoir-a-propos-du-changement-dun-matelas-dans-une-maison\/#primaryimage"},"thumbnailUrl":"https:\/\/www.mobilier-design-occasion.fr\/magazine\/wp-content\/uploads\/2022\/07\/4c132dda7d9ebbb288492311b33b8a51.jpg","articleSection":["Tendances"],"inLanguage":"fr-FR","potentialAction":[{"@type":"CommentAction","name":"Comment","target":["https:\/\/www.mobilier-design-occasion.fr\/magazine\/que-faut-il-savoir-a-propos-du-changement-dun-matelas-dans-une-maison\/#respond"]}]},{"@type":"WebPage","@id":"https:\/\/www.mobilier-design-occasion.fr\/magazine\/que-faut-il-savoir-a-propos-du-changement-dun-matelas-dans-une-maison\/","url":"https:\/\/www.mobilier-design-occasion.fr\/magazine\/que-faut-il-savoir-a-propos-du-changement-dun-matelas-dans-une-maison\/","name":"Que faut-il savoir \u00e0 propos du changement d'un matelas dans une maison ? - Mobilier Design Magazine","isPartOf":{"@id":"https:\/\/www.mobilier-design-occasion.fr\/magazine\/#website"},"primaryImageOfPage":{"@id":"https:\/\/www.mobilier-design-occasion.fr\/magazine\/que-faut-il-savoir-a-propos-du-changement-dun-matelas-dans-une-maison\/#primaryimage"},"image":{"@id":"https:\/\/www.mobilier-design-occasion.fr\/magazine\/que-faut-il-savoir-a-propos-du-changement-dun-matelas-dans-une-maison\/#primaryimage"},"thumbnailUrl":"https:\/\/www.mobilier-design-occasion.fr\/magazine\/wp-content\/uploads\/2022\/07\/4c132dda7d9ebbb288492311b33b8a51.jpg","datePublished":"2022-07-20T13:31:01+00:00","dateModified":"2023-09-25T13:39:48+00:00","breadcrumb":{"@id":"https:\/\/www.mobilier-design-occasion.fr\/magazine\/que-faut-il-savoir-a-propos-du-changement-dun-matelas-dans-une-maison\/#breadcrumb"},"inLanguage":"fr-FR","potentialAction":[{"@type":"ReadAction","target":["https:\/\/www.mobilier-design-occasion.fr\/magazine\/que-faut-il-savoir-a-propos-du-changement-dun-matelas-dans-une-maison\/"]}]},{"@type":"ImageObject","inLanguage":"fr-FR","@id":"https:\/\/www.mobilier-design-occasion.fr\/magazine\/que-faut-il-savoir-a-propos-du-changement-dun-matelas-dans-une-maison\/#primaryimage","url":"https:\/\/www.mobilier-design-occasion.fr\/magazine\/wp-content\/uploads\/2022\/07\/4c132dda7d9ebbb288492311b33b8a51.jpg","contentUrl":"https:\/\/www.mobilier-design-occasion.fr\/magazine\/wp-content\/uploads\/2022\/07\/4c132dda7d9ebbb288492311b33b8a51.jpg","width":700,"height":489},{"@type":"BreadcrumbList","@id":"https:\/\/www.mobilier-design-occasion.fr\/magazine\/que-faut-il-savoir-a-propos-du-changement-dun-matelas-dans-une-maison\/#breadcrumb","itemListElement":[{"@type":"ListItem","position":1,"name":"Accueil","item":"https:\/\/www.mobilier-design-occasion.fr\/magazine\/"},{"@type":"ListItem","position":2,"name":"Que faut-il savoir \u00e0 propos du changement d&rsquo;un matelas dans une maison ?"}]},{"@type":"WebSite","@id":"https:\/\/www.mobilier-design-occasion.fr\/magazine\/#website","url":"https:\/\/www.mobilier-design-occasion.fr\/magazine\/","name":"Mobilier Design Magazine","description":"","publisher":{"@id":"https:\/\/www.mobilier-design-occasion.fr\/magazine\/#organization"},"potentialAction":[{"@type":"SearchAction","target":{"@type":"EntryPoint","urlTemplate":"https:\/\/www.mobilier-design-occasion.fr\/magazine\/?s={search_term_string}"},"query-input":{"@type":"PropertyValueSpecification","valueRequired":true,"valueName":"search_term_string"}}],"inLanguage":"fr-FR"},{"@type":"Organization","@id":"https:\/\/www.mobilier-design-occasion.fr\/magazine\/#organization","name":"Mobilier Design Magazine","url":"https:\/\/www.mobilier-design-occasion.fr\/magazine\/","logo":{"@type":"ImageObject","inLanguage":"fr-FR","@id":"https:\/\/www.mobilier-design-occasion.fr\/magazine\/#\/schema\/logo\/image\/","url":"https:\/\/www.mobilier-design-occasion.fr\/magazine\/wp-content\/uploads\/2024\/02\/android-chrome-192x192-1.png","contentUrl":"https:\/\/www.mobilier-design-occasion.fr\/magazine\/wp-content\/uploads\/2024\/02\/android-chrome-192x192-1.png","width":192,"height":192,"caption":"Mobilier Design Magazine"},"image":{"@id":"https:\/\/www.mobilier-design-occasion.fr\/magazine\/#\/schema\/logo\/image\/"},"sameAs":["https:\/\/www.facebook.com\/mobilierdesignoccasion"]},{"@type":"Person","@id":"https:\/\/www.mobilier-design-occasion.fr\/magazine\/#\/schema\/person\/5b2e5627a714ddadaaf8c9b886c55eff","name":"Cyrielle Poirot","image":{"@type":"ImageObject","inLanguage":"fr-FR","@id":"https:\/\/secure.gravatar.com\/avatar\/c8d2674e093b06894d8d1dc468b626bd752523471f3ac6e75f7c7a1400d40b4d?s=96&d=mm&r=g","url":"https:\/\/secure.gravatar.com\/avatar\/c8d2674e093b06894d8d1dc468b626bd752523471f3ac6e75f7c7a1400d40b4d?s=96&d=mm&r=g","contentUrl":"https:\/\/secure.gravatar.com\/avatar\/c8d2674e093b06894d8d1dc468b626bd752523471f3ac6e75f7c7a1400d40b4d?s=96&d=mm&r=g","caption":"Cyrielle Poirot"},"description":"Cyrielle est passionn\u00e9e par la d\u00e9coration d'int\u00e9rieur et s'est sp\u00e9cialis\u00e9e depuis quelques ann\u00e9es dans l'\u00e9dition du site Mobilier-Design, avec une touche sp\u00e9cifique pour les produits d'occasion.","sameAs":["https:\/\/www.mobilier-design-occasion.fr\/magazine"],"url":"https:\/\/www.mobilier-design-occasion.fr\/magazine\/author\/cyrielle\/"}]}},"_links":{"self":[{"href":"https:\/\/www.mobilier-design-occasion.fr\/magazine\/wp-json\/wp\/v2\/posts\/5487","targetHints":{"allow":["GET"]}}],"collection":[{"href":"https:\/\/www.mobilier-design-occasion.fr\/magazine\/wp-json\/wp\/v2\/posts"}],"about":[{"href":"https:\/\/www.mobilier-design-occasion.fr\/magazine\/wp-json\/wp\/v2\/types\/post"}],"author":[{"embeddable":true,"href":"https:\/\/www.mobilier-design-occasion.fr\/magazine\/wp-json\/wp\/v2\/users\/1"}],"replies":[{"embeddable":true,"href":"https:\/\/www.mobilier-design-occasion.fr\/magazine\/wp-json\/wp\/v2\/comments?post=5487"}],"version-history":[{"count":1,"href":"https:\/\/www.mobilier-design-occasion.fr\/magazine\/wp-json\/wp\/v2\/posts\/5487\/revisions"}],"predecessor-version":[{"id":5490,"href":"https:\/\/www.mobilier-design-occasion.fr\/magazine\/wp-json\/wp\/v2\/posts\/5487\/revisions\/5490"}],"wp:featuredmedia":[{"embeddable":true,"href":"https:\/\/www.mobilier-design-occasion.fr\/magazine\/wp-json\/wp\/v2\/media\/5488"}],"wp:attachment":[{"href":"https:\/\/www.mobilier-design-occasion.fr\/magazine\/wp-json\/wp\/v2\/media?parent=5487"}],"wp:term":[{"taxonomy":"category","embeddable":true,"href":"https:\/\/www.mobilier-design-occasion.fr\/magazine\/wp-json\/wp\/v2\/categories?post=5487"},{"taxonomy":"post_tag","embeddable":true,"href":"https:\/\/www.mobilier-design-occasion.fr\/magazine\/wp-json\/wp\/v2\/tags?post=5487"}],"curies":[{"name":"wp","href":"https:\/\/api.w.org\/{rel}","templated":true}]}}