{"id":5425,"date":"2022-07-17T09:29:44","date_gmt":"2022-07-17T09:29:44","guid":{"rendered":"https:\/\/www.mobilier-design-occasion.fr\/magazine\/?p=5425"},"modified":"2023-09-25T13:39:48","modified_gmt":"2023-09-25T13:39:48","slug":"bien-amenager-une-salle-de-cinema-maison-comment-sy-prendre","status":"publish","type":"post","link":"https:\/\/www.mobilier-design-occasion.fr\/magazine\/bien-amenager-une-salle-de-cinema-maison-comment-sy-prendre\/","title":{"rendered":"Bien am\u00e9nager une salle de cin\u00e9ma maison&nbsp;: comment s\u2019y prendre\u2009?"},"content":{"rendered":"\n<p>Il arrive \u00e0 tout le monde d\u2019avoir envie de s\u2019offrir des moments de d\u00e9tente unique apr\u00e8s de longues heures de travail. \u00c0 cet effet, avoir une&nbsp;<strong>salle de cin\u00e9ma<\/strong>&nbsp;am\u00e9nag\u00e9e chez soi serait int\u00e9ressant. Cependant, une&nbsp;<strong>salle de cin\u00e9ma<\/strong>&nbsp;<strong>maison<\/strong>&nbsp;bien am\u00e9nag\u00e9e implique une bonne organisation. Vous vous demandez peut-\u00eatre comment y parvenir. Obtenez des \u00e9l\u00e9ments de r\u00e9ponse dans cet article.<\/p>\n\n\n\n<h2 class=\"wp-block-heading\">Choisir la pi\u00e8ce id\u00e9ale<\/h2>\n\n\n\n<p>Une salle de&nbsp;<a href=\"https:\/\/decomaisonmoderne.info\/2020\/11\/19\/10-essentiels-cocooning-en-confinement\/\">cin\u00e9mas maison<\/a>&nbsp;reste la pi\u00e8ce id\u00e9ale pour s\u2019\u00e9vader le temps d\u2019un film, tout en restant chez soi. En effet, pour am\u00e9nager cet espace, bien choisir la pi\u00e8ce est un param\u00e8tre important. La pi\u00e8ce id\u00e9ale pour une&nbsp;<strong>salle de cin\u00e9ma<\/strong>&nbsp;est celle qui ne dispose pas de fen\u00eatres et offre un calme absolu.<\/p>\n\n\n\n<p>Privil\u00e9giez une pi\u00e8ce sombre sans ouverture lumineuse. Vous pouvez par exemple choisir de transformer votre sous-sol en&nbsp;<strong>salle de cin\u00e9ma<\/strong>&nbsp;ou encore votre garage. Ces pi\u00e8ces offrent tout le calme n\u00e9cessaire pour profiter au mieux des soir\u00e9es cin\u00e9ma.<\/p>\n\n\n\n<h2 class=\"wp-block-heading\">Trouver les \u00e9quipements id\u00e9aux<\/h2>\n\n\n\n<p>R\u00e9ussir l\u2019am\u00e9nagement d\u2019une salle de&nbsp;<strong>cin\u00e9ma maison<\/strong>&nbsp;implique aussi un choix minutieux des \u00e9quipements n\u00e9cessaires. Des murs \u00e0 la toiture, en passant par la d\u00e9coration, on peut r\u00e9aliser le meilleur agencement possible en d\u00e9nichant les meilleurs accessoires. En effet, vous aurez besoin&nbsp;:<\/p>\n\n\n\n<ul class=\"wp-block-list\"><li>d\u2019un vid\u00e9oprojecteur performant ;<\/li><li>d\u2019un <a href=\"https:\/\/www.mobilier-design-occasion.fr\/magazine\/test-avis-sur-poltronesofa\/\">fauteuil<\/a> pour cin\u00e9ma ou d\u2019un <a href=\"https:\/\/www.mobilier-design-occasion.fr\/magazine\/test-avis-sur-deco-in-paris\/\">canap\u00e9<\/a> ;<\/li><li>des panneaux acoustiques \u00e0 mettre en place sur les murs lat\u00e9raux et le plafond de la pi\u00e8ce.<\/li><\/ul>\n\n\n\n<p>Par ailleurs, pour l\u2019\u00e9clairage, investissez dans des luminaires \u00e0 faible intensit\u00e9. L\u2019usage de variateurs d\u2019intensit\u00e9 pourrait \u00e9galement apporter un coup de modernit\u00e9 \u00e0 votre pi\u00e8ce.&nbsp;<\/p>\n","protected":false},"excerpt":{"rendered":"<p>Il arrive \u00e0 tout le monde d\u2019avoir envie de s\u2019offrir des moments de d\u00e9tente unique apr\u00e8s de longues heures de travail. \u00c0 cet effet, avoir une&nbsp;salle de cin\u00e9ma&nbsp;am\u00e9nag\u00e9e chez soi serait int\u00e9ressant. Cependant, une&nbsp;salle de cin\u00e9ma&nbsp;maison&nbsp;bien am\u00e9nag\u00e9e implique une bonne organisation. Vous vous demandez peut-\u00eatre comment y parvenir. Obtenez des \u00e9l\u00e9ments de r\u00e9ponse dans cet [&hellip;]<\/p>\n","protected":false},"author":1,"featured_media":5426,"comment_status":"open","ping_status":"open","sticky":false,"template":"","format":"standard","meta":{"footnotes":""},"categories":[2],"tags":[],"class_list":["post-5425","post","type-post","status-publish","format-standard","has-post-thumbnail","hentry","category-tendances"],"yoast_head":"<!-- This site is optimized with the Yoast SEO plugin v27.5 - https:\/\/yoast.com\/product\/yoast-seo-wordpress\/ -->\n<title>Bien am\u00e9nager une salle de cin\u00e9ma maison&nbsp;: comment s\u2019y prendre\u2009? - Mobilier Design Magazine<\/title>\n<meta name=\"robots\" content=\"index, follow, max-snippet:-1, max-image-preview:large, max-video-preview:-1\" \/>\n<link rel=\"canonical\" href=\"https:\/\/www.mobilier-design-occasion.fr\/magazine\/bien-amenager-une-salle-de-cinema-maison-comment-sy-prendre\/\" \/>\n<meta property=\"og:locale\" content=\"fr_FR\" \/>\n<meta property=\"og:type\" content=\"article\" \/>\n<meta property=\"og:title\" content=\"Bien am\u00e9nager une salle de cin\u00e9ma maison&nbsp;: comment s\u2019y prendre\u2009? - Mobilier Design Magazine\" \/>\n<meta property=\"og:description\" content=\"Il arrive \u00e0 tout le monde d\u2019avoir envie de s\u2019offrir des moments de d\u00e9tente unique apr\u00e8s de longues heures de travail. \u00c0 cet effet, avoir une&nbsp;salle de cin\u00e9ma&nbsp;am\u00e9nag\u00e9e chez soi serait int\u00e9ressant. Cependant, une&nbsp;salle de cin\u00e9ma&nbsp;maison&nbsp;bien am\u00e9nag\u00e9e implique une bonne organisation. Vous vous demandez peut-\u00eatre comment y parvenir. Obtenez des \u00e9l\u00e9ments de r\u00e9ponse dans cet [&hellip;]\" \/>\n<meta property=\"og:url\" content=\"https:\/\/www.mobilier-design-occasion.fr\/magazine\/bien-amenager-une-salle-de-cinema-maison-comment-sy-prendre\/\" \/>\n<meta property=\"og:site_name\" content=\"Mobilier Design Magazine\" \/>\n<meta property=\"article:publisher\" content=\"https:\/\/www.facebook.com\/mobilierdesignoccasion\" \/>\n<meta property=\"article:published_time\" content=\"2022-07-17T09:29:44+00:00\" \/>\n<meta property=\"article:modified_time\" content=\"2023-09-25T13:39:48+00:00\" \/>\n<meta property=\"og:image\" content=\"https:\/\/www.mobilier-design-occasion.fr\/magazine\/wp-content\/uploads\/2022\/07\/2387b0e6932bfe4e159609f42b712a81.jpeg\" \/>\n\t<meta property=\"og:image:width\" content=\"799\" \/>\n\t<meta property=\"og:image:height\" content=\"599\" \/>\n\t<meta property=\"og:image:type\" content=\"image\/jpeg\" \/>\n<meta name=\"author\" content=\"Cyrielle Poirot\" \/>\n<meta name=\"twitter:card\" content=\"summary_large_image\" \/>\n<meta name=\"twitter:label1\" content=\"\u00c9crit par\" \/>\n\t<meta name=\"twitter:data1\" content=\"Cyrielle Poirot\" \/>\n\t<meta name=\"twitter:label2\" content=\"Dur\u00e9e de lecture estim\u00e9e\" \/>\n\t<meta name=\"twitter:data2\" content=\"2 minutes\" \/>\n<script type=\"application\/ld+json\" class=\"yoast-schema-graph\">{\"@context\":\"https:\\\/\\\/schema.org\",\"@graph\":[{\"@type\":\"Article\",\"@id\":\"https:\\\/\\\/www.mobilier-design-occasion.fr\\\/magazine\\\/bien-amenager-une-salle-de-cinema-maison-comment-sy-prendre\\\/#article\",\"isPartOf\":{\"@id\":\"https:\\\/\\\/www.mobilier-design-occasion.fr\\\/magazine\\\/bien-amenager-une-salle-de-cinema-maison-comment-sy-prendre\\\/\"},\"author\":{\"name\":\"Cyrielle Poirot\",\"@id\":\"https:\\\/\\\/www.mobilier-design-occasion.fr\\\/magazine\\\/#\\\/schema\\\/person\\\/5b2e5627a714ddadaaf8c9b886c55eff\"},\"headline\":\"Bien am\u00e9nager une salle de cin\u00e9ma maison&nbsp;: comment s\u2019y prendre\u2009?\",\"datePublished\":\"2022-07-17T09:29:44+00:00\",\"dateModified\":\"2023-09-25T13:39:48+00:00\",\"mainEntityOfPage\":{\"@id\":\"https:\\\/\\\/www.mobilier-design-occasion.fr\\\/magazine\\\/bien-amenager-une-salle-de-cinema-maison-comment-sy-prendre\\\/\"},\"wordCount\":335,\"commentCount\":0,\"publisher\":{\"@id\":\"https:\\\/\\\/www.mobilier-design-occasion.fr\\\/magazine\\\/#organization\"},\"image\":{\"@id\":\"https:\\\/\\\/www.mobilier-design-occasion.fr\\\/magazine\\\/bien-amenager-une-salle-de-cinema-maison-comment-sy-prendre\\\/#primaryimage\"},\"thumbnailUrl\":\"https:\\\/\\\/www.mobilier-design-occasion.fr\\\/magazine\\\/wp-content\\\/uploads\\\/2022\\\/07\\\/2387b0e6932bfe4e159609f42b712a81.jpeg\",\"articleSection\":[\"Tendances\"],\"inLanguage\":\"fr-FR\",\"potentialAction\":[{\"@type\":\"CommentAction\",\"name\":\"Comment\",\"target\":[\"https:\\\/\\\/www.mobilier-design-occasion.fr\\\/magazine\\\/bien-amenager-une-salle-de-cinema-maison-comment-sy-prendre\\\/#respond\"]}]},{\"@type\":\"WebPage\",\"@id\":\"https:\\\/\\\/www.mobilier-design-occasion.fr\\\/magazine\\\/bien-amenager-une-salle-de-cinema-maison-comment-sy-prendre\\\/\",\"url\":\"https:\\\/\\\/www.mobilier-design-occasion.fr\\\/magazine\\\/bien-amenager-une-salle-de-cinema-maison-comment-sy-prendre\\\/\",\"name\":\"Bien am\u00e9nager une salle de cin\u00e9ma maison&nbsp;: comment s\u2019y prendre\u2009? - Mobilier Design Magazine\",\"isPartOf\":{\"@id\":\"https:\\\/\\\/www.mobilier-design-occasion.fr\\\/magazine\\\/#website\"},\"primaryImageOfPage\":{\"@id\":\"https:\\\/\\\/www.mobilier-design-occasion.fr\\\/magazine\\\/bien-amenager-une-salle-de-cinema-maison-comment-sy-prendre\\\/#primaryimage\"},\"image\":{\"@id\":\"https:\\\/\\\/www.mobilier-design-occasion.fr\\\/magazine\\\/bien-amenager-une-salle-de-cinema-maison-comment-sy-prendre\\\/#primaryimage\"},\"thumbnailUrl\":\"https:\\\/\\\/www.mobilier-design-occasion.fr\\\/magazine\\\/wp-content\\\/uploads\\\/2022\\\/07\\\/2387b0e6932bfe4e159609f42b712a81.jpeg\",\"datePublished\":\"2022-07-17T09:29:44+00:00\",\"dateModified\":\"2023-09-25T13:39:48+00:00\",\"breadcrumb\":{\"@id\":\"https:\\\/\\\/www.mobilier-design-occasion.fr\\\/magazine\\\/bien-amenager-une-salle-de-cinema-maison-comment-sy-prendre\\\/#breadcrumb\"},\"inLanguage\":\"fr-FR\",\"potentialAction\":[{\"@type\":\"ReadAction\",\"target\":[\"https:\\\/\\\/www.mobilier-design-occasion.fr\\\/magazine\\\/bien-amenager-une-salle-de-cinema-maison-comment-sy-prendre\\\/\"]}]},{\"@type\":\"ImageObject\",\"inLanguage\":\"fr-FR\",\"@id\":\"https:\\\/\\\/www.mobilier-design-occasion.fr\\\/magazine\\\/bien-amenager-une-salle-de-cinema-maison-comment-sy-prendre\\\/#primaryimage\",\"url\":\"https:\\\/\\\/www.mobilier-design-occasion.fr\\\/magazine\\\/wp-content\\\/uploads\\\/2022\\\/07\\\/2387b0e6932bfe4e159609f42b712a81.jpeg\",\"contentUrl\":\"https:\\\/\\\/www.mobilier-design-occasion.fr\\\/magazine\\\/wp-content\\\/uploads\\\/2022\\\/07\\\/2387b0e6932bfe4e159609f42b712a81.jpeg\",\"width\":799,\"height\":599,\"caption\":\"Video player app or home cinema concept. Laptop and rows of cinema seats, 3d illustration\"},{\"@type\":\"BreadcrumbList\",\"@id\":\"https:\\\/\\\/www.mobilier-design-occasion.fr\\\/magazine\\\/bien-amenager-une-salle-de-cinema-maison-comment-sy-prendre\\\/#breadcrumb\",\"itemListElement\":[{\"@type\":\"ListItem\",\"position\":1,\"name\":\"Accueil\",\"item\":\"https:\\\/\\\/www.mobilier-design-occasion.fr\\\/magazine\\\/\"},{\"@type\":\"ListItem\",\"position\":2,\"name\":\"Bien am\u00e9nager une salle de cin\u00e9ma maison&nbsp;: comment s\u2019y prendre\u2009?\"}]},{\"@type\":\"WebSite\",\"@id\":\"https:\\\/\\\/www.mobilier-design-occasion.fr\\\/magazine\\\/#website\",\"url\":\"https:\\\/\\\/www.mobilier-design-occasion.fr\\\/magazine\\\/\",\"name\":\"Mobilier Design Magazine\",\"description\":\"\",\"publisher\":{\"@id\":\"https:\\\/\\\/www.mobilier-design-occasion.fr\\\/magazine\\\/#organization\"},\"potentialAction\":[{\"@type\":\"SearchAction\",\"target\":{\"@type\":\"EntryPoint\",\"urlTemplate\":\"https:\\\/\\\/www.mobilier-design-occasion.fr\\\/magazine\\\/?s={search_term_string}\"},\"query-input\":{\"@type\":\"PropertyValueSpecification\",\"valueRequired\":true,\"valueName\":\"search_term_string\"}}],\"inLanguage\":\"fr-FR\"},{\"@type\":\"Organization\",\"@id\":\"https:\\\/\\\/www.mobilier-design-occasion.fr\\\/magazine\\\/#organization\",\"name\":\"Mobilier Design Magazine\",\"url\":\"https:\\\/\\\/www.mobilier-design-occasion.fr\\\/magazine\\\/\",\"logo\":{\"@type\":\"ImageObject\",\"inLanguage\":\"fr-FR\",\"@id\":\"https:\\\/\\\/www.mobilier-design-occasion.fr\\\/magazine\\\/#\\\/schema\\\/logo\\\/image\\\/\",\"url\":\"https:\\\/\\\/www.mobilier-design-occasion.fr\\\/magazine\\\/wp-content\\\/uploads\\\/2024\\\/02\\\/android-chrome-192x192-1.png\",\"contentUrl\":\"https:\\\/\\\/www.mobilier-design-occasion.fr\\\/magazine\\\/wp-content\\\/uploads\\\/2024\\\/02\\\/android-chrome-192x192-1.png\",\"width\":192,\"height\":192,\"caption\":\"Mobilier Design Magazine\"},\"image\":{\"@id\":\"https:\\\/\\\/www.mobilier-design-occasion.fr\\\/magazine\\\/#\\\/schema\\\/logo\\\/image\\\/\"},\"sameAs\":[\"https:\\\/\\\/www.facebook.com\\\/mobilierdesignoccasion\"]},{\"@type\":\"Person\",\"@id\":\"https:\\\/\\\/www.mobilier-design-occasion.fr\\\/magazine\\\/#\\\/schema\\\/person\\\/5b2e5627a714ddadaaf8c9b886c55eff\",\"name\":\"Cyrielle Poirot\",\"image\":{\"@type\":\"ImageObject\",\"inLanguage\":\"fr-FR\",\"@id\":\"https:\\\/\\\/secure.gravatar.com\\\/avatar\\\/c8d2674e093b06894d8d1dc468b626bd752523471f3ac6e75f7c7a1400d40b4d?s=96&d=mm&r=g\",\"url\":\"https:\\\/\\\/secure.gravatar.com\\\/avatar\\\/c8d2674e093b06894d8d1dc468b626bd752523471f3ac6e75f7c7a1400d40b4d?s=96&d=mm&r=g\",\"contentUrl\":\"https:\\\/\\\/secure.gravatar.com\\\/avatar\\\/c8d2674e093b06894d8d1dc468b626bd752523471f3ac6e75f7c7a1400d40b4d?s=96&d=mm&r=g\",\"caption\":\"Cyrielle Poirot\"},\"description\":\"Cyrielle est passionn\u00e9e par la d\u00e9coration d'int\u00e9rieur et s'est sp\u00e9cialis\u00e9e depuis quelques ann\u00e9es dans l'\u00e9dition du site Mobilier-Design, avec une touche sp\u00e9cifique pour les produits d'occasion.\",\"sameAs\":[\"https:\\\/\\\/www.mobilier-design-occasion.fr\\\/magazine\"],\"url\":\"https:\\\/\\\/www.mobilier-design-occasion.fr\\\/magazine\\\/author\\\/cyrielle\\\/\"}]}<\/script>\n<!-- \/ Yoast SEO plugin. -->","yoast_head_json":{"title":"Bien am\u00e9nager une salle de cin\u00e9ma maison&nbsp;: comment s\u2019y prendre\u2009? - Mobilier Design Magazine","robots":{"index":"index","follow":"follow","max-snippet":"max-snippet:-1","max-image-preview":"max-image-preview:large","max-video-preview":"max-video-preview:-1"},"canonical":"https:\/\/www.mobilier-design-occasion.fr\/magazine\/bien-amenager-une-salle-de-cinema-maison-comment-sy-prendre\/","og_locale":"fr_FR","og_type":"article","og_title":"Bien am\u00e9nager une salle de cin\u00e9ma maison&nbsp;: comment s\u2019y prendre\u2009? - Mobilier Design Magazine","og_description":"Il arrive \u00e0 tout le monde d\u2019avoir envie de s\u2019offrir des moments de d\u00e9tente unique apr\u00e8s de longues heures de travail. \u00c0 cet effet, avoir une&nbsp;salle de cin\u00e9ma&nbsp;am\u00e9nag\u00e9e chez soi serait int\u00e9ressant. Cependant, une&nbsp;salle de cin\u00e9ma&nbsp;maison&nbsp;bien am\u00e9nag\u00e9e implique une bonne organisation. Vous vous demandez peut-\u00eatre comment y parvenir. Obtenez des \u00e9l\u00e9ments de r\u00e9ponse dans cet [&hellip;]","og_url":"https:\/\/www.mobilier-design-occasion.fr\/magazine\/bien-amenager-une-salle-de-cinema-maison-comment-sy-prendre\/","og_site_name":"Mobilier Design Magazine","article_publisher":"https:\/\/www.facebook.com\/mobilierdesignoccasion","article_published_time":"2022-07-17T09:29:44+00:00","article_modified_time":"2023-09-25T13:39:48+00:00","og_image":[{"width":799,"height":599,"url":"https:\/\/www.mobilier-design-occasion.fr\/magazine\/wp-content\/uploads\/2022\/07\/2387b0e6932bfe4e159609f42b712a81.jpeg","type":"image\/jpeg"}],"author":"Cyrielle Poirot","twitter_card":"summary_large_image","twitter_misc":{"\u00c9crit par":"Cyrielle Poirot","Dur\u00e9e de lecture estim\u00e9e":"2 minutes"},"schema":{"@context":"https:\/\/schema.org","@graph":[{"@type":"Article","@id":"https:\/\/www.mobilier-design-occasion.fr\/magazine\/bien-amenager-une-salle-de-cinema-maison-comment-sy-prendre\/#article","isPartOf":{"@id":"https:\/\/www.mobilier-design-occasion.fr\/magazine\/bien-amenager-une-salle-de-cinema-maison-comment-sy-prendre\/"},"author":{"name":"Cyrielle Poirot","@id":"https:\/\/www.mobilier-design-occasion.fr\/magazine\/#\/schema\/person\/5b2e5627a714ddadaaf8c9b886c55eff"},"headline":"Bien am\u00e9nager une salle de cin\u00e9ma maison&nbsp;: comment s\u2019y prendre\u2009?","datePublished":"2022-07-17T09:29:44+00:00","dateModified":"2023-09-25T13:39:48+00:00","mainEntityOfPage":{"@id":"https:\/\/www.mobilier-design-occasion.fr\/magazine\/bien-amenager-une-salle-de-cinema-maison-comment-sy-prendre\/"},"wordCount":335,"commentCount":0,"publisher":{"@id":"https:\/\/www.mobilier-design-occasion.fr\/magazine\/#organization"},"image":{"@id":"https:\/\/www.mobilier-design-occasion.fr\/magazine\/bien-amenager-une-salle-de-cinema-maison-comment-sy-prendre\/#primaryimage"},"thumbnailUrl":"https:\/\/www.mobilier-design-occasion.fr\/magazine\/wp-content\/uploads\/2022\/07\/2387b0e6932bfe4e159609f42b712a81.jpeg","articleSection":["Tendances"],"inLanguage":"fr-FR","potentialAction":[{"@type":"CommentAction","name":"Comment","target":["https:\/\/www.mobilier-design-occasion.fr\/magazine\/bien-amenager-une-salle-de-cinema-maison-comment-sy-prendre\/#respond"]}]},{"@type":"WebPage","@id":"https:\/\/www.mobilier-design-occasion.fr\/magazine\/bien-amenager-une-salle-de-cinema-maison-comment-sy-prendre\/","url":"https:\/\/www.mobilier-design-occasion.fr\/magazine\/bien-amenager-une-salle-de-cinema-maison-comment-sy-prendre\/","name":"Bien am\u00e9nager une salle de cin\u00e9ma maison&nbsp;: comment s\u2019y prendre\u2009? - Mobilier Design Magazine","isPartOf":{"@id":"https:\/\/www.mobilier-design-occasion.fr\/magazine\/#website"},"primaryImageOfPage":{"@id":"https:\/\/www.mobilier-design-occasion.fr\/magazine\/bien-amenager-une-salle-de-cinema-maison-comment-sy-prendre\/#primaryimage"},"image":{"@id":"https:\/\/www.mobilier-design-occasion.fr\/magazine\/bien-amenager-une-salle-de-cinema-maison-comment-sy-prendre\/#primaryimage"},"thumbnailUrl":"https:\/\/www.mobilier-design-occasion.fr\/magazine\/wp-content\/uploads\/2022\/07\/2387b0e6932bfe4e159609f42b712a81.jpeg","datePublished":"2022-07-17T09:29:44+00:00","dateModified":"2023-09-25T13:39:48+00:00","breadcrumb":{"@id":"https:\/\/www.mobilier-design-occasion.fr\/magazine\/bien-amenager-une-salle-de-cinema-maison-comment-sy-prendre\/#breadcrumb"},"inLanguage":"fr-FR","potentialAction":[{"@type":"ReadAction","target":["https:\/\/www.mobilier-design-occasion.fr\/magazine\/bien-amenager-une-salle-de-cinema-maison-comment-sy-prendre\/"]}]},{"@type":"ImageObject","inLanguage":"fr-FR","@id":"https:\/\/www.mobilier-design-occasion.fr\/magazine\/bien-amenager-une-salle-de-cinema-maison-comment-sy-prendre\/#primaryimage","url":"https:\/\/www.mobilier-design-occasion.fr\/magazine\/wp-content\/uploads\/2022\/07\/2387b0e6932bfe4e159609f42b712a81.jpeg","contentUrl":"https:\/\/www.mobilier-design-occasion.fr\/magazine\/wp-content\/uploads\/2022\/07\/2387b0e6932bfe4e159609f42b712a81.jpeg","width":799,"height":599,"caption":"Video player app or home cinema concept. Laptop and rows of cinema seats, 3d illustration"},{"@type":"BreadcrumbList","@id":"https:\/\/www.mobilier-design-occasion.fr\/magazine\/bien-amenager-une-salle-de-cinema-maison-comment-sy-prendre\/#breadcrumb","itemListElement":[{"@type":"ListItem","position":1,"name":"Accueil","item":"https:\/\/www.mobilier-design-occasion.fr\/magazine\/"},{"@type":"ListItem","position":2,"name":"Bien am\u00e9nager une salle de cin\u00e9ma maison&nbsp;: comment s\u2019y prendre\u2009?"}]},{"@type":"WebSite","@id":"https:\/\/www.mobilier-design-occasion.fr\/magazine\/#website","url":"https:\/\/www.mobilier-design-occasion.fr\/magazine\/","name":"Mobilier Design Magazine","description":"","publisher":{"@id":"https:\/\/www.mobilier-design-occasion.fr\/magazine\/#organization"},"potentialAction":[{"@type":"SearchAction","target":{"@type":"EntryPoint","urlTemplate":"https:\/\/www.mobilier-design-occasion.fr\/magazine\/?s={search_term_string}"},"query-input":{"@type":"PropertyValueSpecification","valueRequired":true,"valueName":"search_term_string"}}],"inLanguage":"fr-FR"},{"@type":"Organization","@id":"https:\/\/www.mobilier-design-occasion.fr\/magazine\/#organization","name":"Mobilier Design Magazine","url":"https:\/\/www.mobilier-design-occasion.fr\/magazine\/","logo":{"@type":"ImageObject","inLanguage":"fr-FR","@id":"https:\/\/www.mobilier-design-occasion.fr\/magazine\/#\/schema\/logo\/image\/","url":"https:\/\/www.mobilier-design-occasion.fr\/magazine\/wp-content\/uploads\/2024\/02\/android-chrome-192x192-1.png","contentUrl":"https:\/\/www.mobilier-design-occasion.fr\/magazine\/wp-content\/uploads\/2024\/02\/android-chrome-192x192-1.png","width":192,"height":192,"caption":"Mobilier Design Magazine"},"image":{"@id":"https:\/\/www.mobilier-design-occasion.fr\/magazine\/#\/schema\/logo\/image\/"},"sameAs":["https:\/\/www.facebook.com\/mobilierdesignoccasion"]},{"@type":"Person","@id":"https:\/\/www.mobilier-design-occasion.fr\/magazine\/#\/schema\/person\/5b2e5627a714ddadaaf8c9b886c55eff","name":"Cyrielle Poirot","image":{"@type":"ImageObject","inLanguage":"fr-FR","@id":"https:\/\/secure.gravatar.com\/avatar\/c8d2674e093b06894d8d1dc468b626bd752523471f3ac6e75f7c7a1400d40b4d?s=96&d=mm&r=g","url":"https:\/\/secure.gravatar.com\/avatar\/c8d2674e093b06894d8d1dc468b626bd752523471f3ac6e75f7c7a1400d40b4d?s=96&d=mm&r=g","contentUrl":"https:\/\/secure.gravatar.com\/avatar\/c8d2674e093b06894d8d1dc468b626bd752523471f3ac6e75f7c7a1400d40b4d?s=96&d=mm&r=g","caption":"Cyrielle Poirot"},"description":"Cyrielle est passionn\u00e9e par la d\u00e9coration d'int\u00e9rieur et s'est sp\u00e9cialis\u00e9e depuis quelques ann\u00e9es dans l'\u00e9dition du site Mobilier-Design, avec une touche sp\u00e9cifique pour les produits d'occasion.","sameAs":["https:\/\/www.mobilier-design-occasion.fr\/magazine"],"url":"https:\/\/www.mobilier-design-occasion.fr\/magazine\/author\/cyrielle\/"}]}},"_links":{"self":[{"href":"https:\/\/www.mobilier-design-occasion.fr\/magazine\/wp-json\/wp\/v2\/posts\/5425","targetHints":{"allow":["GET"]}}],"collection":[{"href":"https:\/\/www.mobilier-design-occasion.fr\/magazine\/wp-json\/wp\/v2\/posts"}],"about":[{"href":"https:\/\/www.mobilier-design-occasion.fr\/magazine\/wp-json\/wp\/v2\/types\/post"}],"author":[{"embeddable":true,"href":"https:\/\/www.mobilier-design-occasion.fr\/magazine\/wp-json\/wp\/v2\/users\/1"}],"replies":[{"embeddable":true,"href":"https:\/\/www.mobilier-design-occasion.fr\/magazine\/wp-json\/wp\/v2\/comments?post=5425"}],"version-history":[{"count":1,"href":"https:\/\/www.mobilier-design-occasion.fr\/magazine\/wp-json\/wp\/v2\/posts\/5425\/revisions"}],"predecessor-version":[{"id":5427,"href":"https:\/\/www.mobilier-design-occasion.fr\/magazine\/wp-json\/wp\/v2\/posts\/5425\/revisions\/5427"}],"wp:featuredmedia":[{"embeddable":true,"href":"https:\/\/www.mobilier-design-occasion.fr\/magazine\/wp-json\/wp\/v2\/media\/5426"}],"wp:attachment":[{"href":"https:\/\/www.mobilier-design-occasion.fr\/magazine\/wp-json\/wp\/v2\/media?parent=5425"}],"wp:term":[{"taxonomy":"category","embeddable":true,"href":"https:\/\/www.mobilier-design-occasion.fr\/magazine\/wp-json\/wp\/v2\/categories?post=5425"},{"taxonomy":"post_tag","embeddable":true,"href":"https:\/\/www.mobilier-design-occasion.fr\/magazine\/wp-json\/wp\/v2\/tags?post=5425"}],"curies":[{"name":"wp","href":"https:\/\/api.w.org\/{rel}","templated":true}]}}