{"id":5422,"date":"2022-07-20T13:47:24","date_gmt":"2022-07-20T13:47:24","guid":{"rendered":"https:\/\/www.mobilier-design-occasion.fr\/magazine\/?p=5422"},"modified":"2022-07-20T13:48:26","modified_gmt":"2022-07-20T13:48:26","slug":"et-si-on-adoptait-la-couleur-ultra-tendance-vert-canard-a-la-rentree","status":"publish","type":"post","link":"https:\/\/www.mobilier-design-occasion.fr\/magazine\/et-si-on-adoptait-la-couleur-ultra-tendance-vert-canard-a-la-rentree\/","title":{"rendered":"Et si \u00e0 la rentr\u00e9e on adoptait la couleur ultra tendance vert canard?"},"content":{"rendered":"\n<h2 class=\"wp-block-heading\"><span class=\"ez-toc-section\" id=\"A_quoi_ressemble_la_couleur_vert_canard\"><\/span><strong>A quoi ressemble la couleur vert canard?<\/strong><span class=\"ez-toc-section-end\"><\/span><\/h2><div id=\"ez-toc-container\" class=\"ez-toc-v2_0_82_2 counter-hierarchy ez-toc-counter ez-toc-grey ez-toc-container-direction\">\n<div class=\"ez-toc-title-container\">\n<span class=\"ez-toc-title-toggle\"><a href=\"#\" class=\"ez-toc-pull-right ez-toc-btn ez-toc-btn-xs ez-toc-btn-default ez-toc-toggle\" aria-label=\"Toggle Table of Content\"><span class=\"ez-toc-js-icon-con\"><span class=\"\"><span class=\"eztoc-hide\" style=\"display:none;\">Toggle<\/span><span class=\"ez-toc-icon-toggle-span\"><svg style=\"fill: #999;color:#999\" xmlns=\"http:\/\/www.w3.org\/2000\/svg\" class=\"list-377408\" width=\"20px\" height=\"20px\" viewBox=\"0 0 24 24\" fill=\"none\"><path d=\"M6 6H4v2h2V6zm14 0H8v2h12V6zM4 11h2v2H4v-2zm16 0H8v2h12v-2zM4 16h2v2H4v-2zm16 0H8v2h12v-2z\" fill=\"currentColor\"><\/path><\/svg><svg style=\"fill: #999;color:#999\" class=\"arrow-unsorted-368013\" xmlns=\"http:\/\/www.w3.org\/2000\/svg\" width=\"10px\" height=\"10px\" viewBox=\"0 0 24 24\" version=\"1.2\" baseProfile=\"tiny\"><path d=\"M18.2 9.3l-6.2-6.3-6.2 6.3c-.2.2-.3.4-.3.7s.1.5.3.7c.2.2.4.3.7.3h11c.3 0 .5-.1.7-.3.2-.2.3-.5.3-.7s-.1-.5-.3-.7zM5.8 14.7l6.2 6.3 6.2-6.3c.2-.2.3-.5.3-.7s-.1-.5-.3-.7c-.2-.2-.4-.3-.7-.3h-11c-.3 0-.5.1-.7.3-.2.2-.3.5-.3.7s.1.5.3.7z\"\/><\/svg><\/span><\/span><\/span><\/a><\/span><\/div>\n<nav><ul class='ez-toc-list ez-toc-list-level-1 eztoc-toggle-hide-by-default' ><li class='ez-toc-page-1 ez-toc-heading-level-2'><a class=\"ez-toc-link ez-toc-heading-1\" href=\"https:\/\/www.mobilier-design-occasion.fr\/magazine\/et-si-on-adoptait-la-couleur-ultra-tendance-vert-canard-a-la-rentree\/#A_quoi_ressemble_la_couleur_vert_canard\" >A quoi ressemble la couleur vert canard?<\/a><\/li><li class='ez-toc-page-1 ez-toc-heading-level-2'><a class=\"ez-toc-link ez-toc-heading-2\" href=\"https:\/\/www.mobilier-design-occasion.fr\/magazine\/et-si-on-adoptait-la-couleur-ultra-tendance-vert-canard-a-la-rentree\/#Les_differentes_nuances_de_vert_canard\" >Les diff\u00e9rentes nuances de vert canard<\/a><\/li><li class='ez-toc-page-1 ez-toc-heading-level-2'><a class=\"ez-toc-link ez-toc-heading-3\" href=\"https:\/\/www.mobilier-design-occasion.fr\/magazine\/et-si-on-adoptait-la-couleur-ultra-tendance-vert-canard-a-la-rentree\/#Ou_trouver_de_la_peinture_vert_canard\" >O\u00f9 trouver de la peinture vert canard&nbsp;?<\/a><\/li><li class='ez-toc-page-1 ez-toc-heading-level-2'><a class=\"ez-toc-link ez-toc-heading-4\" href=\"https:\/\/www.mobilier-design-occasion.fr\/magazine\/et-si-on-adoptait-la-couleur-ultra-tendance-vert-canard-a-la-rentree\/#Le_vert_canard_dans_la_chambre\" >Le vert canard dans la chambre<\/a><\/li><li class='ez-toc-page-1 ez-toc-heading-level-2'><a class=\"ez-toc-link ez-toc-heading-5\" href=\"https:\/\/www.mobilier-design-occasion.fr\/magazine\/et-si-on-adoptait-la-couleur-ultra-tendance-vert-canard-a-la-rentree\/#Le_vert_canard_dans_la_cuisine\" >Le vert canard dans la cuisine<\/a><\/li><li class='ez-toc-page-1 ez-toc-heading-level-2'><a class=\"ez-toc-link ez-toc-heading-6\" href=\"https:\/\/www.mobilier-design-occasion.fr\/magazine\/et-si-on-adoptait-la-couleur-ultra-tendance-vert-canard-a-la-rentree\/#Le_vert_canard_dans_le_salon\" >Le vert canard dans le salon<\/a><\/li><li class='ez-toc-page-1 ez-toc-heading-level-2'><a class=\"ez-toc-link ez-toc-heading-7\" href=\"https:\/\/www.mobilier-design-occasion.fr\/magazine\/et-si-on-adoptait-la-couleur-ultra-tendance-vert-canard-a-la-rentree\/#Le_vert_canard_dans_le_mobilier\" >Le vert canard dans le mobilier<\/a><\/li><li class='ez-toc-page-1 ez-toc-heading-level-2'><a class=\"ez-toc-link ez-toc-heading-8\" href=\"https:\/\/www.mobilier-design-occasion.fr\/magazine\/et-si-on-adoptait-la-couleur-ultra-tendance-vert-canard-a-la-rentree\/#Comment_assortir_sa_decoration_dinterieur_au_vert_canard\" >Comment assortir sa d\u00e9coration d\u2019int\u00e9rieur au vert canard?<\/a><\/li><\/ul><\/nav><\/div>\n\n\n\n\n<p>Le vert canard est un nom de couleur d\u00e9signant des couleurs interm\u00e9diaires entre le bleu et le vert. C\u2019est une couleur assez intense qui se r\u00e9f\u00e8re \u00e0 certains plumes du canard. Le vert canard fait notamment r\u00e9f\u00e9rence \u00e0 la t\u00eate du canard colvert m\u00e2le. On confond souvent la teinte vert canard avec le bleu canard, mais, ces deux couleurs sont tr\u00e8s distinctes. Le bleu canard fait r\u00e9f\u00e9rence aux plumes des ailes du canard.<\/p>\n\n\n\n<p>Le vert canard est une teinte \u00e9l\u00e9gante et intemporelle, elle s\u2019int\u00e8gre dans n\u2019importe quelle pi\u00e8ce de la maison.<\/p>\n\n\n\n<figure class=\"wp-block-image size-full\"><img loading=\"lazy\" decoding=\"async\" width=\"1000\" height=\"1000\" src=\"https:\/\/www.mobilier-design-occasion.fr\/magazine\/wp-content\/uploads\/2022\/07\/vert-canard.jpg\" alt=\"\" class=\"wp-image-5484\" srcset=\"https:\/\/www.mobilier-design-occasion.fr\/magazine\/wp-content\/uploads\/2022\/07\/vert-canard.jpg 1000w, https:\/\/www.mobilier-design-occasion.fr\/magazine\/wp-content\/uploads\/2022\/07\/vert-canard-300x300.jpg 300w, https:\/\/www.mobilier-design-occasion.fr\/magazine\/wp-content\/uploads\/2022\/07\/vert-canard-150x150.jpg 150w, https:\/\/www.mobilier-design-occasion.fr\/magazine\/wp-content\/uploads\/2022\/07\/vert-canard-768x768.jpg 768w, https:\/\/www.mobilier-design-occasion.fr\/magazine\/wp-content\/uploads\/2022\/07\/vert-canard-810x810.jpg 810w\" sizes=\"auto, (max-width: 1000px) 100vw, 1000px\" \/><\/figure>\n\n\n\n<h2 class=\"wp-block-heading\"><span class=\"ez-toc-section\" id=\"Les_differentes_nuances_de_vert_canard\"><\/span><strong>Les diff\u00e9rentes nuances de vert canard<\/strong><span class=\"ez-toc-section-end\"><\/span><\/h2>\n\n\n\n<p>Il existe un grand nombre de nuance de vert canard. Parmi ces diff\u00e9rentes couleurs, voici quelques teintes qui figurent parmi la famille du vert canard&nbsp;:<\/p>\n\n\n\n<ul class=\"wp-block-list\"><li>Vert givr\u00e9<\/li><li>Bleu canard<\/li><li>Bleu sarcelle<\/li><li>Vert glauque<\/li><li>Vert pin<\/li><li>Vert viride<\/li><li>Bleu-vert<\/li><li>Turquoise menthe<\/li><li>Vert opale<\/li><li>Vert platine<\/li><\/ul>\n\n\n\n<figure class=\"wp-block-image size-full\"><img loading=\"lazy\" decoding=\"async\" width=\"434\" height=\"651\" src=\"https:\/\/www.mobilier-design-occasion.fr\/magazine\/wp-content\/uploads\/2022\/07\/1-2.jpg\" alt=\"\" class=\"wp-image-5472\" srcset=\"https:\/\/www.mobilier-design-occasion.fr\/magazine\/wp-content\/uploads\/2022\/07\/1-2.jpg 434w, https:\/\/www.mobilier-design-occasion.fr\/magazine\/wp-content\/uploads\/2022\/07\/1-2-200x300.jpg 200w\" sizes=\"auto, (max-width: 434px) 100vw, 434px\" \/><figcaption>Clem around the corner<\/figcaption><\/figure>\n\n\n\n<h2 class=\"wp-block-heading\"><span class=\"ez-toc-section\" id=\"Ou_trouver_de_la_peinture_vert_canard\"><\/span><strong>O\u00f9 trouver de la peinture vert canard&nbsp;?<\/strong><span class=\"ez-toc-section-end\"><\/span><\/h2>\n\n\n\n<p>Le vert canard est devenu tr\u00e8s tendance depuis quelques temps. De nombreux grands magasins, fabricants et distributeurs de peintures l\u2019ont mis en avant dans leurs collections. Voici quelques marques qui proposent diverses nuances de vert canard dans leur catalogue&nbsp;:<\/p>\n\n\n\n<ul class=\"wp-block-list\"><li>Dulux Valentine<\/li><li>Tollens<\/li><li>Levis<\/li><li>Addict<\/li><li>Luxens<\/li><li>Ripolin<\/li><li>Farrow &amp; Ball<\/li><li>Renaulac<\/li><li>Blanchon<\/li><li>La fabrique<\/li><li>Auchan<\/li><\/ul>\n\n\n\n<figure class=\"wp-block-embed is-type-rich is-provider-twitter wp-block-embed-twitter\"><div class=\"wp-block-embed__wrapper\">\n<blockquote class=\"twitter-tweet\" data-width=\"550\" data-dnt=\"true\"><p lang=\"fr\" dir=\"ltr\">J&#39;ai le plaisir de vous pr\u00e9senter cet article de ma boutique <a href=\"https:\/\/twitter.com\/hashtag\/etsy?src=hash&amp;ref_src=twsrc%5Etfw\">#etsy<\/a>\u00a0: Housse de coussin en velours vert canard <a href=\"https:\/\/t.co\/2Z5QSDSJDQ\">https:\/\/t.co\/2Z5QSDSJDQ<\/a> <a href=\"https:\/\/t.co\/NyYYVwA66U\">pic.twitter.com\/NyYYVwA66U<\/a><\/p>&mdash; estebenia (@estebenia) <a href=\"https:\/\/twitter.com\/estebenia\/status\/1547230837267210246?ref_src=twsrc%5Etfw\">July 13, 2022<\/a><\/blockquote><script async src=\"https:\/\/platform.twitter.com\/widgets.js\" charset=\"utf-8\"><\/script>\n<\/div><\/figure>\n\n\n\n<h2 class=\"wp-block-heading\"><span class=\"ez-toc-section\" id=\"Le_vert_canard_dans_la_chambre\"><\/span><strong>Le vert canard dans la chambre<\/strong><span class=\"ez-toc-section-end\"><\/span><\/h2>\n\n\n\n<p>Si vous souhaitez avoir une <a href=\"https:\/\/www.mobilier-design-occasion.fr\/magazine\/5-elements-pour-amenager-une-chambre-montessori\/\">chambre<\/a> avec un caract\u00e8re assez fort tout en restant \u00e9l\u00e9gant, alors n\u2019h\u00e9sitez pas \u00e0 faire entrer le vert canard dans votre d\u00e9coration. Le vert canard apporte \u00e0 la chambre \u00e0 <a href=\"https:\/\/www.mobilier-design-occasion.fr\/magazine\/combien-dheures-de-sommeil-pour-mon-enfant\/\">coucher<\/a> une ambiance cocooning et apaisante.<\/p>\n\n\n\n<div class=\"wp-block-columns is-layout-flex wp-container-core-columns-is-layout-9d6595d7 wp-block-columns-is-layout-flex\">\n<div class=\"wp-block-column is-layout-flow wp-block-column-is-layout-flow\">\n<figure class=\"wp-block-image size-large\"><img loading=\"lazy\" decoding=\"async\" width=\"1024\" height=\"1024\" src=\"https:\/\/www.mobilier-design-occasion.fr\/magazine\/wp-content\/uploads\/2022\/07\/3-peinture-murale-vert-canard-graham-brown-1024x1024.jpg\" alt=\"\" class=\"wp-image-5474\" srcset=\"https:\/\/www.mobilier-design-occasion.fr\/magazine\/wp-content\/uploads\/2022\/07\/3-peinture-murale-vert-canard-graham-brown.jpg 1024w, https:\/\/www.mobilier-design-occasion.fr\/magazine\/wp-content\/uploads\/2022\/07\/3-peinture-murale-vert-canard-graham-brown-300x300.jpg 300w, https:\/\/www.mobilier-design-occasion.fr\/magazine\/wp-content\/uploads\/2022\/07\/3-peinture-murale-vert-canard-graham-brown-150x150.jpg 150w, https:\/\/www.mobilier-design-occasion.fr\/magazine\/wp-content\/uploads\/2022\/07\/3-peinture-murale-vert-canard-graham-brown-768x768.jpg 768w, https:\/\/www.mobilier-design-occasion.fr\/magazine\/wp-content\/uploads\/2022\/07\/3-peinture-murale-vert-canard-graham-brown-810x810.jpg 810w\" sizes=\"auto, (max-width: 1024px) 100vw, 1024px\" \/><figcaption>20 minutes<\/figcaption><\/figure>\n<\/div>\n\n\n\n<div class=\"wp-block-column is-layout-flow wp-block-column-is-layout-flow\">\n<figure class=\"wp-block-image size-full\"><img loading=\"lazy\" decoding=\"async\" width=\"600\" height=\"568\" src=\"https:\/\/www.mobilier-design-occasion.fr\/magazine\/wp-content\/uploads\/2022\/07\/12.jpg\" alt=\"\" class=\"wp-image-5475\" srcset=\"https:\/\/www.mobilier-design-occasion.fr\/magazine\/wp-content\/uploads\/2022\/07\/12.jpg 600w, https:\/\/www.mobilier-design-occasion.fr\/magazine\/wp-content\/uploads\/2022\/07\/12-300x284.jpg 300w\" sizes=\"auto, (max-width: 600px) 100vw, 600px\" \/><figcaption>Ctendance<\/figcaption><\/figure>\n<\/div>\n<\/div>\n\n\n\n<p>Si on souhaite l\u2019utiliser sur les murs, il est pr\u00e9f\u00e9rable de ne peindre qu\u2019un seul mur avec du vert canard afin de ne pas trop surcharger la pi\u00e8ce. On peut tout \u00e0 fait int\u00e9grer le vert canard dans la chambre par le biais des linges de lits comme les draps, taies d\u2019oreillers, couettes, plaids, couvre-lits\u2026 Les diff\u00e9rents accessoires de d\u00e9coration sont \u00e9galement un moyen d\u2019ajouter du vert canard dans la chambre.<\/p>\n\n\n\n<h2 class=\"wp-block-heading\"><span class=\"ez-toc-section\" id=\"Le_vert_canard_dans_la_cuisine\"><\/span><strong>Le vert canard dans la cuisine<\/strong><span class=\"ez-toc-section-end\"><\/span><\/h2>\n\n\n\n<p><a href=\"https:\/\/maison.20minutes.fr\/mm8600-vert-canard\/\">Le vert canard<\/a> \u00e9voque un certain renouveau, une croissance, il est tout \u00e0 fait normal de l\u2019int\u00e9grer \u00e0 la pi\u00e8ce la plus anim\u00e9 de la maison. Le vert canard fait m\u00eame partie des couleurs de cuisine les plus tendance du moment.<\/p>\n\n\n\n<div class=\"wp-block-columns is-layout-flex wp-container-core-columns-is-layout-9d6595d7 wp-block-columns-is-layout-flex\">\n<div class=\"wp-block-column is-layout-flow wp-block-column-is-layout-flow\">\n<figure class=\"wp-block-image size-large\"><img loading=\"lazy\" decoding=\"async\" width=\"1024\" height=\"724\" src=\"https:\/\/www.mobilier-design-occasion.fr\/magazine\/wp-content\/uploads\/2022\/07\/8-credence-vert-canard-marazzi-1024x724.jpg\" alt=\"\" class=\"wp-image-5476\" srcset=\"https:\/\/www.mobilier-design-occasion.fr\/magazine\/wp-content\/uploads\/2022\/07\/8-credence-vert-canard-marazzi-1024x724.jpg 1024w, https:\/\/www.mobilier-design-occasion.fr\/magazine\/wp-content\/uploads\/2022\/07\/8-credence-vert-canard-marazzi-300x212.jpg 300w, https:\/\/www.mobilier-design-occasion.fr\/magazine\/wp-content\/uploads\/2022\/07\/8-credence-vert-canard-marazzi-768x543.jpg 768w, https:\/\/www.mobilier-design-occasion.fr\/magazine\/wp-content\/uploads\/2022\/07\/8-credence-vert-canard-marazzi-1536x1087.jpg 1536w, https:\/\/www.mobilier-design-occasion.fr\/magazine\/wp-content\/uploads\/2022\/07\/8-credence-vert-canard-marazzi-810x573.jpg 810w, https:\/\/www.mobilier-design-occasion.fr\/magazine\/wp-content\/uploads\/2022\/07\/8-credence-vert-canard-marazzi-1140x807.jpg 1140w, https:\/\/www.mobilier-design-occasion.fr\/magazine\/wp-content\/uploads\/2022\/07\/8-credence-vert-canard-marazzi.jpg 1600w\" sizes=\"auto, (max-width: 1024px) 100vw, 1024px\" \/><figcaption>20 minutes<\/figcaption><\/figure>\n<\/div>\n\n\n\n<div class=\"wp-block-column is-layout-flow wp-block-column-is-layout-flow\">\n<figure class=\"wp-block-image size-full\"><img loading=\"lazy\" decoding=\"async\" width=\"313\" height=\"470\" src=\"https:\/\/www.mobilier-design-occasion.fr\/magazine\/wp-content\/uploads\/2022\/07\/cuisine-vert-canard-et-rose.jpg\" alt=\"\" class=\"wp-image-5477\" srcset=\"https:\/\/www.mobilier-design-occasion.fr\/magazine\/wp-content\/uploads\/2022\/07\/cuisine-vert-canard-et-rose.jpg 313w, https:\/\/www.mobilier-design-occasion.fr\/magazine\/wp-content\/uploads\/2022\/07\/cuisine-vert-canard-et-rose-200x300.jpg 200w\" sizes=\"auto, (max-width: 313px) 100vw, 313px\" \/><figcaption>l&#8217;usine \u00e0 <a href=\"https:\/\/www.mobilier-design-occasion.fr\/magazine\/table-tulipe-knoll-indemodable-du-design\/\">design<\/a><\/figcaption><\/figure>\n<\/div>\n<\/div>\n\n\n\n<p>Le vert canard est parfait pour les murs, les meubles de cuisines, les ustensiles de cuisine, la cr\u00e9dence, les \u00e9tag\u00e8res. Il s\u2019utilise \u00e9galement sur les <a href=\"https:\/\/www.mobilier-design-occasion.fr\/magazine\/pourquoi-adopter-un-tapis-en-jute-dans-son-salon\/\">tapis<\/a> de cuisine ou les divers accessoires de d\u00e9coration.<\/p>\n\n\n\n<h2 class=\"wp-block-heading\"><span class=\"ez-toc-section\" id=\"Le_vert_canard_dans_le_salon\"><\/span><strong>Le vert canard dans le salon<\/strong><span class=\"ez-toc-section-end\"><\/span><\/h2>\n\n\n\n<p>Vous souhaitez avoir un salon chic, moderne et \u00e9l\u00e9gant, alors, n\u2019h\u00e9sitez pas \u00e0 utiliser du vert canard. Il y a de nombreuses fa\u00e7ons d\u2019introduire le vert canard dans la d\u00e9coration du salon.<\/p>\n\n\n\n<div class=\"wp-block-columns is-layout-flex wp-container-core-columns-is-layout-9d6595d7 wp-block-columns-is-layout-flex\">\n<div class=\"wp-block-column is-layout-flow wp-block-column-is-layout-flow\">\n<figure class=\"wp-block-image size-full\"><img loading=\"lazy\" decoding=\"async\" width=\"650\" height=\"800\" src=\"https:\/\/www.mobilier-design-occasion.fr\/magazine\/wp-content\/uploads\/2022\/07\/2433ebbe503894ce7d25aaf4bb0061e3.jpg\" alt=\"\" class=\"wp-image-5470\" srcset=\"https:\/\/www.mobilier-design-occasion.fr\/magazine\/wp-content\/uploads\/2022\/07\/2433ebbe503894ce7d25aaf4bb0061e3.jpg 650w, https:\/\/www.mobilier-design-occasion.fr\/magazine\/wp-content\/uploads\/2022\/07\/2433ebbe503894ce7d25aaf4bb0061e3-244x300.jpg 244w\" sizes=\"auto, (max-width: 650px) 100vw, 650px\" \/><figcaption>Pinterest<\/figcaption><\/figure>\n<\/div>\n\n\n\n<div class=\"wp-block-column is-layout-flow wp-block-column-is-layout-flow\">\n<figure class=\"wp-block-image size-full\"><img loading=\"lazy\" decoding=\"async\" width=\"630\" height=\"630\" src=\"https:\/\/www.mobilier-design-occasion.fr\/magazine\/wp-content\/uploads\/2022\/07\/a9e21018ac3be105b5168a2c76655bb5-living-comedor-boulogne.jpg\" alt=\"\" class=\"wp-image-5471\" srcset=\"https:\/\/www.mobilier-design-occasion.fr\/magazine\/wp-content\/uploads\/2022\/07\/a9e21018ac3be105b5168a2c76655bb5-living-comedor-boulogne.jpg 630w, https:\/\/www.mobilier-design-occasion.fr\/magazine\/wp-content\/uploads\/2022\/07\/a9e21018ac3be105b5168a2c76655bb5-living-comedor-boulogne-300x300.jpg 300w, https:\/\/www.mobilier-design-occasion.fr\/magazine\/wp-content\/uploads\/2022\/07\/a9e21018ac3be105b5168a2c76655bb5-living-comedor-boulogne-150x150.jpg 150w\" sizes=\"auto, (max-width: 630px) 100vw, 630px\" \/><figcaption>Pinterest<\/figcaption><\/figure>\n<\/div>\n<\/div>\n\n\n\n<ul class=\"wp-block-list\"><li>Utilisez du papier peint vert canard uni ou avec motif sur vos murs.<\/li><li>Peignez vos murs avec du vert canard.<\/li><li>Installez un <a href=\"https:\/\/www.mobilier-design-occasion.fr\/magazine\/test-avis-sur-deco-in-paris\/\">canap\u00e9<\/a>, un <a href=\"https:\/\/www.mobilier-design-occasion.fr\/magazine\/test-avis-sur-poltronesofa\/\">fauteuil<\/a> vert canard.<\/li><li>Choisissez des accessoires de d\u00e9corations vert canard.<\/li><li>Utilisez des meubles vert canard.<\/li><\/ul>\n\n\n\n<h2 class=\"wp-block-heading\"><span class=\"ez-toc-section\" id=\"Le_vert_canard_dans_le_mobilier\"><\/span><strong>Le vert canard dans le mobilier<\/strong><span class=\"ez-toc-section-end\"><\/span><\/h2>\n\n\n\n<p>De plus en plus de concepteur, fabriquant et vendeur de mobilier se ruent dans l\u2019utilisation du vert canard. Ils l\u2019appliquent sur tous les mat\u00e9riaux qu\u2019ils utilisent, ils le combinent avec d\u2019autres teintes. On peut trouver diff\u00e9rents mobiliers de couleur vert canard comme&nbsp;:<\/p>\n\n\n\n<div class=\"wp-block-columns is-layout-flex wp-container-core-columns-is-layout-9d6595d7 wp-block-columns-is-layout-flex\">\n<div class=\"wp-block-column is-layout-flow wp-block-column-is-layout-flow\">\n<figure class=\"wp-block-image size-full\"><img loading=\"lazy\" decoding=\"async\" width=\"600\" height=\"800\" src=\"https:\/\/www.mobilier-design-occasion.fr\/magazine\/wp-content\/uploads\/2022\/07\/51ddaeeec7e47ac3d0c636ca494f516a-php.jpg\" alt=\"\" class=\"wp-image-5478\" srcset=\"https:\/\/www.mobilier-design-occasion.fr\/magazine\/wp-content\/uploads\/2022\/07\/51ddaeeec7e47ac3d0c636ca494f516a-php.jpg 600w, https:\/\/www.mobilier-design-occasion.fr\/magazine\/wp-content\/uploads\/2022\/07\/51ddaeeec7e47ac3d0c636ca494f516a-php-225x300.jpg 225w\" sizes=\"auto, (max-width: 600px) 100vw, 600px\" \/><figcaption>Pinterest<\/figcaption><\/figure>\n<\/div>\n\n\n\n<div class=\"wp-block-column is-layout-flow wp-block-column-is-layout-flow\">\n<figure class=\"wp-block-image size-full\"><img loading=\"lazy\" decoding=\"async\" width=\"1024\" height=\"791\" src=\"https:\/\/www.mobilier-design-occasion.fr\/magazine\/wp-content\/uploads\/2022\/07\/boho-2-1024x791-1.jpg\" alt=\"\" class=\"wp-image-5479\" srcset=\"https:\/\/www.mobilier-design-occasion.fr\/magazine\/wp-content\/uploads\/2022\/07\/boho-2-1024x791-1.jpg 1024w, https:\/\/www.mobilier-design-occasion.fr\/magazine\/wp-content\/uploads\/2022\/07\/boho-2-1024x791-1-300x232.jpg 300w, https:\/\/www.mobilier-design-occasion.fr\/magazine\/wp-content\/uploads\/2022\/07\/boho-2-1024x791-1-768x593.jpg 768w, https:\/\/www.mobilier-design-occasion.fr\/magazine\/wp-content\/uploads\/2022\/07\/boho-2-1024x791-1-810x626.jpg 810w\" sizes=\"auto, (max-width: 1024px) 100vw, 1024px\" \/><figcaption>monEquerre<\/figcaption><\/figure>\n<\/div>\n<\/div>\n\n\n\n<ul class=\"wp-block-list\"><li>Canap\u00e9<\/li><li><a href=\"https:\/\/www.mobilier-design-occasion.fr\/magazine\/test-avis-sur-la-redoute-interieurs-am-pm\/\">Fauteuil<\/a><\/li><li>Banc<\/li><li><a href=\"https:\/\/www.mobilier-design-occasion.fr\/magazine\/fermob-occasion\/\">Chaise<\/a><\/li><li>Table<\/li><li><a href=\"https:\/\/www.mobilier-design-occasion.fr\/magazine\/comment-acheter-une-table-basse-pas-chere-sans-compromettre-la-qualite-7-etapes\/\">Table basse<\/a><\/li><li>Gu\u00e9ridon<\/li><li>Armoire<\/li><li>Lit<\/li><li>T\u00eate de lit<\/li><li>\u00c9tag\u00e8re<\/li><li>Meuble de cuisine<\/li><li>\u00celot de cuisine<\/li><li>Biblioth\u00e8que<\/li><li>Vaisselier<\/li><li>Pouf<\/li><\/ul>\n\n\n\n<h2 class=\"wp-block-heading\"><span class=\"ez-toc-section\" id=\"Comment_assortir_sa_decoration_dinterieur_au_vert_canard\"><\/span><strong>Comment assortir sa d\u00e9coration d\u2019int\u00e9rieur au vert canard?<\/strong><span class=\"ez-toc-section-end\"><\/span><\/h2>\n\n\n\n<p>Quel que soit le type de d\u00e9coration que vous aimez, <a href=\"https:\/\/clemaroundthecorner.com\/deco-vert-canard-mur-blog\/\">le vert canard<\/a> se marie parfaitement avec la majorit\u00e9 des couleurs et des mat\u00e9riaux. Voici quelques combinaisons avec le vert canard qui pourront vous int\u00e9resser&nbsp;:<\/p>\n\n\n\n<ul class=\"wp-block-list\"><li>En combinaison avec le dor\u00e9, le vert canard offre un style art d\u00e9co.<\/li><li>En cama\u00efeu de vert, cela procure une ambiance tropicale et naturelle.<\/li><li>Utiliser un velours vert canard donne un effet de mati\u00e8re tr\u00e8s intense et \u00e9l\u00e9gant.<\/li><li>L\u2019ensemble marbre et vert canard donne une d\u00e9coration fabuleuse.<\/li><li>Le vert canard se marie \u00e0 la perfection avec le blanc et le beige pour donner de la luminosit\u00e9 \u00e0 la pi\u00e8ce.<\/li><li>L\u2019association vert canard et rose p\u00e2le ou poudr\u00e9e donne une touche de fra\u00eecheur \u00e0 la pi\u00e8ce.<\/li><li>Combin\u00e9 avec du <a href=\"https:\/\/www.mobilier-design-occasion.fr\/magazine\/avis-mathy-by-bols\/\">bois<\/a> ou du rotin, le vert canard procure une atmosph\u00e8re \u00e0 la fois scandinave et chic.<\/li><\/ul>\n\n\n\n<figure class=\"wp-block-image size-full\"><img loading=\"lazy\" decoding=\"async\" width=\"905\" height=\"652\" src=\"https:\/\/www.mobilier-design-occasion.fr\/magazine\/wp-content\/uploads\/2022\/07\/cl.jpg\" alt=\"\" class=\"wp-image-5481\" srcset=\"https:\/\/www.mobilier-design-occasion.fr\/magazine\/wp-content\/uploads\/2022\/07\/cl.jpg 905w, https:\/\/www.mobilier-design-occasion.fr\/magazine\/wp-content\/uploads\/2022\/07\/cl-300x216.jpg 300w, https:\/\/www.mobilier-design-occasion.fr\/magazine\/wp-content\/uploads\/2022\/07\/cl-768x553.jpg 768w, https:\/\/www.mobilier-design-occasion.fr\/magazine\/wp-content\/uploads\/2022\/07\/cl-810x584.jpg 810w\" sizes=\"auto, (max-width: 905px) 100vw, 905px\" \/><\/figure>\n","protected":false},"excerpt":{"rendered":"<p>A quoi ressemble la couleur vert canard? Le vert canard est un nom de couleur d\u00e9signant des couleurs interm\u00e9diaires entre le bleu et le vert. C\u2019est une couleur assez intense qui se r\u00e9f\u00e8re \u00e0 certains plumes du canard. Le vert canard fait notamment r\u00e9f\u00e9rence \u00e0 la t\u00eate du canard colvert m\u00e2le. On confond souvent la [&hellip;]<\/p>\n","protected":false},"author":1,"featured_media":5483,"comment_status":"open","ping_status":"open","sticky":false,"template":"","format":"standard","meta":{"footnotes":""},"categories":[2],"tags":[],"class_list":["post-5422","post","type-post","status-publish","format-standard","has-post-thumbnail","hentry","category-tendances"],"yoast_head":"<!-- This site is optimized with the Yoast SEO plugin v27.5 - https:\/\/yoast.com\/product\/yoast-seo-wordpress\/ -->\n<title>Et si \u00e0 la rentr\u00e9e on adoptait la couleur ultra tendance vert canard? - Mobilier Design Magazine<\/title>\n<meta name=\"robots\" content=\"index, follow, max-snippet:-1, max-image-preview:large, max-video-preview:-1\" \/>\n<link rel=\"canonical\" href=\"https:\/\/www.mobilier-design-occasion.fr\/magazine\/et-si-on-adoptait-la-couleur-ultra-tendance-vert-canard-a-la-rentree\/\" \/>\n<meta property=\"og:locale\" content=\"fr_FR\" \/>\n<meta property=\"og:type\" content=\"article\" \/>\n<meta property=\"og:title\" content=\"Et si \u00e0 la rentr\u00e9e on adoptait la couleur ultra tendance vert canard? - Mobilier Design Magazine\" \/>\n<meta property=\"og:description\" content=\"A quoi ressemble la couleur vert canard? Le vert canard est un nom de couleur d\u00e9signant des couleurs interm\u00e9diaires entre le bleu et le vert. C\u2019est une couleur assez intense qui se r\u00e9f\u00e8re \u00e0 certains plumes du canard. Le vert canard fait notamment r\u00e9f\u00e9rence \u00e0 la t\u00eate du canard colvert m\u00e2le. On confond souvent la [&hellip;]\" \/>\n<meta property=\"og:url\" content=\"https:\/\/www.mobilier-design-occasion.fr\/magazine\/et-si-on-adoptait-la-couleur-ultra-tendance-vert-canard-a-la-rentree\/\" \/>\n<meta property=\"og:site_name\" content=\"Mobilier Design Magazine\" \/>\n<meta property=\"article:publisher\" content=\"https:\/\/www.facebook.com\/mobilierdesignoccasion\" \/>\n<meta property=\"article:published_time\" content=\"2022-07-20T13:47:24+00:00\" \/>\n<meta property=\"article:modified_time\" content=\"2022-07-20T13:48:26+00:00\" \/>\n<meta property=\"og:image\" content=\"https:\/\/www.mobilier-design-occasion.fr\/magazine\/wp-content\/uploads\/2022\/07\/shutterstock_1056968909.jpeg.webp\" \/>\n\t<meta property=\"og:image:width\" content=\"1000\" \/>\n\t<meta property=\"og:image:height\" content=\"667\" \/>\n\t<meta property=\"og:image:type\" content=\"image\/webp\" \/>\n<meta name=\"author\" content=\"Cyrielle Poirot\" \/>\n<meta name=\"twitter:card\" content=\"summary_large_image\" \/>\n<meta name=\"twitter:label1\" content=\"\u00c9crit par\" \/>\n\t<meta name=\"twitter:data1\" content=\"Cyrielle Poirot\" \/>\n\t<meta name=\"twitter:label2\" content=\"Dur\u00e9e de lecture estim\u00e9e\" \/>\n\t<meta name=\"twitter:data2\" content=\"4 minutes\" \/>\n<script type=\"application\/ld+json\" class=\"yoast-schema-graph\">{\"@context\":\"https:\\\/\\\/schema.org\",\"@graph\":[{\"@type\":\"Article\",\"@id\":\"https:\\\/\\\/www.mobilier-design-occasion.fr\\\/magazine\\\/et-si-on-adoptait-la-couleur-ultra-tendance-vert-canard-a-la-rentree\\\/#article\",\"isPartOf\":{\"@id\":\"https:\\\/\\\/www.mobilier-design-occasion.fr\\\/magazine\\\/et-si-on-adoptait-la-couleur-ultra-tendance-vert-canard-a-la-rentree\\\/\"},\"author\":{\"name\":\"Cyrielle Poirot\",\"@id\":\"https:\\\/\\\/www.mobilier-design-occasion.fr\\\/magazine\\\/#\\\/schema\\\/person\\\/5b2e5627a714ddadaaf8c9b886c55eff\"},\"headline\":\"Et si \u00e0 la rentr\u00e9e on adoptait la couleur ultra tendance vert canard?\",\"datePublished\":\"2022-07-20T13:47:24+00:00\",\"dateModified\":\"2022-07-20T13:48:26+00:00\",\"mainEntityOfPage\":{\"@id\":\"https:\\\/\\\/www.mobilier-design-occasion.fr\\\/magazine\\\/et-si-on-adoptait-la-couleur-ultra-tendance-vert-canard-a-la-rentree\\\/\"},\"wordCount\":808,\"commentCount\":0,\"publisher\":{\"@id\":\"https:\\\/\\\/www.mobilier-design-occasion.fr\\\/magazine\\\/#organization\"},\"image\":{\"@id\":\"https:\\\/\\\/www.mobilier-design-occasion.fr\\\/magazine\\\/et-si-on-adoptait-la-couleur-ultra-tendance-vert-canard-a-la-rentree\\\/#primaryimage\"},\"thumbnailUrl\":\"https:\\\/\\\/www.mobilier-design-occasion.fr\\\/magazine\\\/wp-content\\\/uploads\\\/2022\\\/07\\\/shutterstock_1056968909.jpeg.webp\",\"articleSection\":[\"Tendances\"],\"inLanguage\":\"fr-FR\",\"potentialAction\":[{\"@type\":\"CommentAction\",\"name\":\"Comment\",\"target\":[\"https:\\\/\\\/www.mobilier-design-occasion.fr\\\/magazine\\\/et-si-on-adoptait-la-couleur-ultra-tendance-vert-canard-a-la-rentree\\\/#respond\"]}]},{\"@type\":\"WebPage\",\"@id\":\"https:\\\/\\\/www.mobilier-design-occasion.fr\\\/magazine\\\/et-si-on-adoptait-la-couleur-ultra-tendance-vert-canard-a-la-rentree\\\/\",\"url\":\"https:\\\/\\\/www.mobilier-design-occasion.fr\\\/magazine\\\/et-si-on-adoptait-la-couleur-ultra-tendance-vert-canard-a-la-rentree\\\/\",\"name\":\"Et si \u00e0 la rentr\u00e9e on adoptait la couleur ultra tendance vert canard? - Mobilier Design Magazine\",\"isPartOf\":{\"@id\":\"https:\\\/\\\/www.mobilier-design-occasion.fr\\\/magazine\\\/#website\"},\"primaryImageOfPage\":{\"@id\":\"https:\\\/\\\/www.mobilier-design-occasion.fr\\\/magazine\\\/et-si-on-adoptait-la-couleur-ultra-tendance-vert-canard-a-la-rentree\\\/#primaryimage\"},\"image\":{\"@id\":\"https:\\\/\\\/www.mobilier-design-occasion.fr\\\/magazine\\\/et-si-on-adoptait-la-couleur-ultra-tendance-vert-canard-a-la-rentree\\\/#primaryimage\"},\"thumbnailUrl\":\"https:\\\/\\\/www.mobilier-design-occasion.fr\\\/magazine\\\/wp-content\\\/uploads\\\/2022\\\/07\\\/shutterstock_1056968909.jpeg.webp\",\"datePublished\":\"2022-07-20T13:47:24+00:00\",\"dateModified\":\"2022-07-20T13:48:26+00:00\",\"breadcrumb\":{\"@id\":\"https:\\\/\\\/www.mobilier-design-occasion.fr\\\/magazine\\\/et-si-on-adoptait-la-couleur-ultra-tendance-vert-canard-a-la-rentree\\\/#breadcrumb\"},\"inLanguage\":\"fr-FR\",\"potentialAction\":[{\"@type\":\"ReadAction\",\"target\":[\"https:\\\/\\\/www.mobilier-design-occasion.fr\\\/magazine\\\/et-si-on-adoptait-la-couleur-ultra-tendance-vert-canard-a-la-rentree\\\/\"]}]},{\"@type\":\"ImageObject\",\"inLanguage\":\"fr-FR\",\"@id\":\"https:\\\/\\\/www.mobilier-design-occasion.fr\\\/magazine\\\/et-si-on-adoptait-la-couleur-ultra-tendance-vert-canard-a-la-rentree\\\/#primaryimage\",\"url\":\"https:\\\/\\\/www.mobilier-design-occasion.fr\\\/magazine\\\/wp-content\\\/uploads\\\/2022\\\/07\\\/shutterstock_1056968909.jpeg.webp\",\"contentUrl\":\"https:\\\/\\\/www.mobilier-design-occasion.fr\\\/magazine\\\/wp-content\\\/uploads\\\/2022\\\/07\\\/shutterstock_1056968909.jpeg.webp\",\"width\":1000,\"height\":667},{\"@type\":\"BreadcrumbList\",\"@id\":\"https:\\\/\\\/www.mobilier-design-occasion.fr\\\/magazine\\\/et-si-on-adoptait-la-couleur-ultra-tendance-vert-canard-a-la-rentree\\\/#breadcrumb\",\"itemListElement\":[{\"@type\":\"ListItem\",\"position\":1,\"name\":\"Accueil\",\"item\":\"https:\\\/\\\/www.mobilier-design-occasion.fr\\\/magazine\\\/\"},{\"@type\":\"ListItem\",\"position\":2,\"name\":\"Et si \u00e0 la rentr\u00e9e on adoptait la couleur ultra tendance vert canard?\"}]},{\"@type\":\"WebSite\",\"@id\":\"https:\\\/\\\/www.mobilier-design-occasion.fr\\\/magazine\\\/#website\",\"url\":\"https:\\\/\\\/www.mobilier-design-occasion.fr\\\/magazine\\\/\",\"name\":\"Mobilier Design Magazine\",\"description\":\"\",\"publisher\":{\"@id\":\"https:\\\/\\\/www.mobilier-design-occasion.fr\\\/magazine\\\/#organization\"},\"potentialAction\":[{\"@type\":\"SearchAction\",\"target\":{\"@type\":\"EntryPoint\",\"urlTemplate\":\"https:\\\/\\\/www.mobilier-design-occasion.fr\\\/magazine\\\/?s={search_term_string}\"},\"query-input\":{\"@type\":\"PropertyValueSpecification\",\"valueRequired\":true,\"valueName\":\"search_term_string\"}}],\"inLanguage\":\"fr-FR\"},{\"@type\":\"Organization\",\"@id\":\"https:\\\/\\\/www.mobilier-design-occasion.fr\\\/magazine\\\/#organization\",\"name\":\"Mobilier Design Magazine\",\"url\":\"https:\\\/\\\/www.mobilier-design-occasion.fr\\\/magazine\\\/\",\"logo\":{\"@type\":\"ImageObject\",\"inLanguage\":\"fr-FR\",\"@id\":\"https:\\\/\\\/www.mobilier-design-occasion.fr\\\/magazine\\\/#\\\/schema\\\/logo\\\/image\\\/\",\"url\":\"https:\\\/\\\/www.mobilier-design-occasion.fr\\\/magazine\\\/wp-content\\\/uploads\\\/2024\\\/02\\\/android-chrome-192x192-1.png\",\"contentUrl\":\"https:\\\/\\\/www.mobilier-design-occasion.fr\\\/magazine\\\/wp-content\\\/uploads\\\/2024\\\/02\\\/android-chrome-192x192-1.png\",\"width\":192,\"height\":192,\"caption\":\"Mobilier Design Magazine\"},\"image\":{\"@id\":\"https:\\\/\\\/www.mobilier-design-occasion.fr\\\/magazine\\\/#\\\/schema\\\/logo\\\/image\\\/\"},\"sameAs\":[\"https:\\\/\\\/www.facebook.com\\\/mobilierdesignoccasion\"]},{\"@type\":\"Person\",\"@id\":\"https:\\\/\\\/www.mobilier-design-occasion.fr\\\/magazine\\\/#\\\/schema\\\/person\\\/5b2e5627a714ddadaaf8c9b886c55eff\",\"name\":\"Cyrielle Poirot\",\"image\":{\"@type\":\"ImageObject\",\"inLanguage\":\"fr-FR\",\"@id\":\"https:\\\/\\\/secure.gravatar.com\\\/avatar\\\/c8d2674e093b06894d8d1dc468b626bd752523471f3ac6e75f7c7a1400d40b4d?s=96&d=mm&r=g\",\"url\":\"https:\\\/\\\/secure.gravatar.com\\\/avatar\\\/c8d2674e093b06894d8d1dc468b626bd752523471f3ac6e75f7c7a1400d40b4d?s=96&d=mm&r=g\",\"contentUrl\":\"https:\\\/\\\/secure.gravatar.com\\\/avatar\\\/c8d2674e093b06894d8d1dc468b626bd752523471f3ac6e75f7c7a1400d40b4d?s=96&d=mm&r=g\",\"caption\":\"Cyrielle Poirot\"},\"description\":\"Cyrielle est passionn\u00e9e par la d\u00e9coration d'int\u00e9rieur et s'est sp\u00e9cialis\u00e9e depuis quelques ann\u00e9es dans l'\u00e9dition du site Mobilier-Design, avec une touche sp\u00e9cifique pour les produits d'occasion.\",\"sameAs\":[\"https:\\\/\\\/www.mobilier-design-occasion.fr\\\/magazine\"],\"url\":\"https:\\\/\\\/www.mobilier-design-occasion.fr\\\/magazine\\\/author\\\/cyrielle\\\/\"}]}<\/script>\n<!-- \/ Yoast SEO plugin. -->","yoast_head_json":{"title":"Et si \u00e0 la rentr\u00e9e on adoptait la couleur ultra tendance vert canard? - Mobilier Design Magazine","robots":{"index":"index","follow":"follow","max-snippet":"max-snippet:-1","max-image-preview":"max-image-preview:large","max-video-preview":"max-video-preview:-1"},"canonical":"https:\/\/www.mobilier-design-occasion.fr\/magazine\/et-si-on-adoptait-la-couleur-ultra-tendance-vert-canard-a-la-rentree\/","og_locale":"fr_FR","og_type":"article","og_title":"Et si \u00e0 la rentr\u00e9e on adoptait la couleur ultra tendance vert canard? - Mobilier Design Magazine","og_description":"A quoi ressemble la couleur vert canard? Le vert canard est un nom de couleur d\u00e9signant des couleurs interm\u00e9diaires entre le bleu et le vert. C\u2019est une couleur assez intense qui se r\u00e9f\u00e8re \u00e0 certains plumes du canard. Le vert canard fait notamment r\u00e9f\u00e9rence \u00e0 la t\u00eate du canard colvert m\u00e2le. On confond souvent la [&hellip;]","og_url":"https:\/\/www.mobilier-design-occasion.fr\/magazine\/et-si-on-adoptait-la-couleur-ultra-tendance-vert-canard-a-la-rentree\/","og_site_name":"Mobilier Design Magazine","article_publisher":"https:\/\/www.facebook.com\/mobilierdesignoccasion","article_published_time":"2022-07-20T13:47:24+00:00","article_modified_time":"2022-07-20T13:48:26+00:00","og_image":[{"width":1000,"height":667,"url":"https:\/\/www.mobilier-design-occasion.fr\/magazine\/wp-content\/uploads\/2022\/07\/shutterstock_1056968909.jpeg.webp","type":"image\/webp"}],"author":"Cyrielle Poirot","twitter_card":"summary_large_image","twitter_misc":{"\u00c9crit par":"Cyrielle Poirot","Dur\u00e9e de lecture estim\u00e9e":"4 minutes"},"schema":{"@context":"https:\/\/schema.org","@graph":[{"@type":"Article","@id":"https:\/\/www.mobilier-design-occasion.fr\/magazine\/et-si-on-adoptait-la-couleur-ultra-tendance-vert-canard-a-la-rentree\/#article","isPartOf":{"@id":"https:\/\/www.mobilier-design-occasion.fr\/magazine\/et-si-on-adoptait-la-couleur-ultra-tendance-vert-canard-a-la-rentree\/"},"author":{"name":"Cyrielle Poirot","@id":"https:\/\/www.mobilier-design-occasion.fr\/magazine\/#\/schema\/person\/5b2e5627a714ddadaaf8c9b886c55eff"},"headline":"Et si \u00e0 la rentr\u00e9e on adoptait la couleur ultra tendance vert canard?","datePublished":"2022-07-20T13:47:24+00:00","dateModified":"2022-07-20T13:48:26+00:00","mainEntityOfPage":{"@id":"https:\/\/www.mobilier-design-occasion.fr\/magazine\/et-si-on-adoptait-la-couleur-ultra-tendance-vert-canard-a-la-rentree\/"},"wordCount":808,"commentCount":0,"publisher":{"@id":"https:\/\/www.mobilier-design-occasion.fr\/magazine\/#organization"},"image":{"@id":"https:\/\/www.mobilier-design-occasion.fr\/magazine\/et-si-on-adoptait-la-couleur-ultra-tendance-vert-canard-a-la-rentree\/#primaryimage"},"thumbnailUrl":"https:\/\/www.mobilier-design-occasion.fr\/magazine\/wp-content\/uploads\/2022\/07\/shutterstock_1056968909.jpeg.webp","articleSection":["Tendances"],"inLanguage":"fr-FR","potentialAction":[{"@type":"CommentAction","name":"Comment","target":["https:\/\/www.mobilier-design-occasion.fr\/magazine\/et-si-on-adoptait-la-couleur-ultra-tendance-vert-canard-a-la-rentree\/#respond"]}]},{"@type":"WebPage","@id":"https:\/\/www.mobilier-design-occasion.fr\/magazine\/et-si-on-adoptait-la-couleur-ultra-tendance-vert-canard-a-la-rentree\/","url":"https:\/\/www.mobilier-design-occasion.fr\/magazine\/et-si-on-adoptait-la-couleur-ultra-tendance-vert-canard-a-la-rentree\/","name":"Et si \u00e0 la rentr\u00e9e on adoptait la couleur ultra tendance vert canard? - Mobilier Design Magazine","isPartOf":{"@id":"https:\/\/www.mobilier-design-occasion.fr\/magazine\/#website"},"primaryImageOfPage":{"@id":"https:\/\/www.mobilier-design-occasion.fr\/magazine\/et-si-on-adoptait-la-couleur-ultra-tendance-vert-canard-a-la-rentree\/#primaryimage"},"image":{"@id":"https:\/\/www.mobilier-design-occasion.fr\/magazine\/et-si-on-adoptait-la-couleur-ultra-tendance-vert-canard-a-la-rentree\/#primaryimage"},"thumbnailUrl":"https:\/\/www.mobilier-design-occasion.fr\/magazine\/wp-content\/uploads\/2022\/07\/shutterstock_1056968909.jpeg.webp","datePublished":"2022-07-20T13:47:24+00:00","dateModified":"2022-07-20T13:48:26+00:00","breadcrumb":{"@id":"https:\/\/www.mobilier-design-occasion.fr\/magazine\/et-si-on-adoptait-la-couleur-ultra-tendance-vert-canard-a-la-rentree\/#breadcrumb"},"inLanguage":"fr-FR","potentialAction":[{"@type":"ReadAction","target":["https:\/\/www.mobilier-design-occasion.fr\/magazine\/et-si-on-adoptait-la-couleur-ultra-tendance-vert-canard-a-la-rentree\/"]}]},{"@type":"ImageObject","inLanguage":"fr-FR","@id":"https:\/\/www.mobilier-design-occasion.fr\/magazine\/et-si-on-adoptait-la-couleur-ultra-tendance-vert-canard-a-la-rentree\/#primaryimage","url":"https:\/\/www.mobilier-design-occasion.fr\/magazine\/wp-content\/uploads\/2022\/07\/shutterstock_1056968909.jpeg.webp","contentUrl":"https:\/\/www.mobilier-design-occasion.fr\/magazine\/wp-content\/uploads\/2022\/07\/shutterstock_1056968909.jpeg.webp","width":1000,"height":667},{"@type":"BreadcrumbList","@id":"https:\/\/www.mobilier-design-occasion.fr\/magazine\/et-si-on-adoptait-la-couleur-ultra-tendance-vert-canard-a-la-rentree\/#breadcrumb","itemListElement":[{"@type":"ListItem","position":1,"name":"Accueil","item":"https:\/\/www.mobilier-design-occasion.fr\/magazine\/"},{"@type":"ListItem","position":2,"name":"Et si \u00e0 la rentr\u00e9e on adoptait la couleur ultra tendance vert canard?"}]},{"@type":"WebSite","@id":"https:\/\/www.mobilier-design-occasion.fr\/magazine\/#website","url":"https:\/\/www.mobilier-design-occasion.fr\/magazine\/","name":"Mobilier Design Magazine","description":"","publisher":{"@id":"https:\/\/www.mobilier-design-occasion.fr\/magazine\/#organization"},"potentialAction":[{"@type":"SearchAction","target":{"@type":"EntryPoint","urlTemplate":"https:\/\/www.mobilier-design-occasion.fr\/magazine\/?s={search_term_string}"},"query-input":{"@type":"PropertyValueSpecification","valueRequired":true,"valueName":"search_term_string"}}],"inLanguage":"fr-FR"},{"@type":"Organization","@id":"https:\/\/www.mobilier-design-occasion.fr\/magazine\/#organization","name":"Mobilier Design Magazine","url":"https:\/\/www.mobilier-design-occasion.fr\/magazine\/","logo":{"@type":"ImageObject","inLanguage":"fr-FR","@id":"https:\/\/www.mobilier-design-occasion.fr\/magazine\/#\/schema\/logo\/image\/","url":"https:\/\/www.mobilier-design-occasion.fr\/magazine\/wp-content\/uploads\/2024\/02\/android-chrome-192x192-1.png","contentUrl":"https:\/\/www.mobilier-design-occasion.fr\/magazine\/wp-content\/uploads\/2024\/02\/android-chrome-192x192-1.png","width":192,"height":192,"caption":"Mobilier Design Magazine"},"image":{"@id":"https:\/\/www.mobilier-design-occasion.fr\/magazine\/#\/schema\/logo\/image\/"},"sameAs":["https:\/\/www.facebook.com\/mobilierdesignoccasion"]},{"@type":"Person","@id":"https:\/\/www.mobilier-design-occasion.fr\/magazine\/#\/schema\/person\/5b2e5627a714ddadaaf8c9b886c55eff","name":"Cyrielle Poirot","image":{"@type":"ImageObject","inLanguage":"fr-FR","@id":"https:\/\/secure.gravatar.com\/avatar\/c8d2674e093b06894d8d1dc468b626bd752523471f3ac6e75f7c7a1400d40b4d?s=96&d=mm&r=g","url":"https:\/\/secure.gravatar.com\/avatar\/c8d2674e093b06894d8d1dc468b626bd752523471f3ac6e75f7c7a1400d40b4d?s=96&d=mm&r=g","contentUrl":"https:\/\/secure.gravatar.com\/avatar\/c8d2674e093b06894d8d1dc468b626bd752523471f3ac6e75f7c7a1400d40b4d?s=96&d=mm&r=g","caption":"Cyrielle Poirot"},"description":"Cyrielle est passionn\u00e9e par la d\u00e9coration d'int\u00e9rieur et s'est sp\u00e9cialis\u00e9e depuis quelques ann\u00e9es dans l'\u00e9dition du site Mobilier-Design, avec une touche sp\u00e9cifique pour les produits d'occasion.","sameAs":["https:\/\/www.mobilier-design-occasion.fr\/magazine"],"url":"https:\/\/www.mobilier-design-occasion.fr\/magazine\/author\/cyrielle\/"}]}},"_links":{"self":[{"href":"https:\/\/www.mobilier-design-occasion.fr\/magazine\/wp-json\/wp\/v2\/posts\/5422","targetHints":{"allow":["GET"]}}],"collection":[{"href":"https:\/\/www.mobilier-design-occasion.fr\/magazine\/wp-json\/wp\/v2\/posts"}],"about":[{"href":"https:\/\/www.mobilier-design-occasion.fr\/magazine\/wp-json\/wp\/v2\/types\/post"}],"author":[{"embeddable":true,"href":"https:\/\/www.mobilier-design-occasion.fr\/magazine\/wp-json\/wp\/v2\/users\/1"}],"replies":[{"embeddable":true,"href":"https:\/\/www.mobilier-design-occasion.fr\/magazine\/wp-json\/wp\/v2\/comments?post=5422"}],"version-history":[{"count":7,"href":"https:\/\/www.mobilier-design-occasion.fr\/magazine\/wp-json\/wp\/v2\/posts\/5422\/revisions"}],"predecessor-version":[{"id":5496,"href":"https:\/\/www.mobilier-design-occasion.fr\/magazine\/wp-json\/wp\/v2\/posts\/5422\/revisions\/5496"}],"wp:featuredmedia":[{"embeddable":true,"href":"https:\/\/www.mobilier-design-occasion.fr\/magazine\/wp-json\/wp\/v2\/media\/5483"}],"wp:attachment":[{"href":"https:\/\/www.mobilier-design-occasion.fr\/magazine\/wp-json\/wp\/v2\/media?parent=5422"}],"wp:term":[{"taxonomy":"category","embeddable":true,"href":"https:\/\/www.mobilier-design-occasion.fr\/magazine\/wp-json\/wp\/v2\/categories?post=5422"},{"taxonomy":"post_tag","embeddable":true,"href":"https:\/\/www.mobilier-design-occasion.fr\/magazine\/wp-json\/wp\/v2\/tags?post=5422"}],"curies":[{"name":"wp","href":"https:\/\/api.w.org\/{rel}","templated":true}]}}