{"id":5417,"date":"2022-07-20T13:51:40","date_gmt":"2022-07-20T13:51:40","guid":{"rendered":"https:\/\/www.mobilier-design-occasion.fr\/magazine\/?p=5417"},"modified":"2022-07-20T13:52:23","modified_gmt":"2022-07-20T13:52:23","slug":"couleur-pantone-2022-le-very-peri","status":"publish","type":"post","link":"https:\/\/www.mobilier-design-occasion.fr\/magazine\/couleur-pantone-2022-le-very-peri\/","title":{"rendered":"Couleur Pantone 2022: on vous dit tout ce que vous n&#8217;avez pas encore lu sur le very peri!"},"content":{"rendered":"\n<h2 class=\"wp-block-heading\"><span class=\"ez-toc-section\" id=\"Quelle_est_cette_couleur_Pantone_elue_couleur_de_lannee_2022\"><\/span><strong>Quelle est cette couleur Pantone \u00e9lue couleur de l&#8217;ann\u00e9e 2022?<\/strong><span class=\"ez-toc-section-end\"><\/span><\/h2><div id=\"ez-toc-container\" class=\"ez-toc-v2_0_82_2 counter-hierarchy ez-toc-counter ez-toc-grey ez-toc-container-direction\">\n<div class=\"ez-toc-title-container\">\n<span class=\"ez-toc-title-toggle\"><a href=\"#\" class=\"ez-toc-pull-right ez-toc-btn ez-toc-btn-xs ez-toc-btn-default ez-toc-toggle\" aria-label=\"Toggle Table of Content\"><span class=\"ez-toc-js-icon-con\"><span class=\"\"><span class=\"eztoc-hide\" style=\"display:none;\">Toggle<\/span><span class=\"ez-toc-icon-toggle-span\"><svg style=\"fill: #999;color:#999\" xmlns=\"http:\/\/www.w3.org\/2000\/svg\" class=\"list-377408\" width=\"20px\" height=\"20px\" viewBox=\"0 0 24 24\" fill=\"none\"><path d=\"M6 6H4v2h2V6zm14 0H8v2h12V6zM4 11h2v2H4v-2zm16 0H8v2h12v-2zM4 16h2v2H4v-2zm16 0H8v2h12v-2z\" fill=\"currentColor\"><\/path><\/svg><svg style=\"fill: #999;color:#999\" class=\"arrow-unsorted-368013\" xmlns=\"http:\/\/www.w3.org\/2000\/svg\" width=\"10px\" height=\"10px\" viewBox=\"0 0 24 24\" version=\"1.2\" baseProfile=\"tiny\"><path d=\"M18.2 9.3l-6.2-6.3-6.2 6.3c-.2.2-.3.4-.3.7s.1.5.3.7c.2.2.4.3.7.3h11c.3 0 .5-.1.7-.3.2-.2.3-.5.3-.7s-.1-.5-.3-.7zM5.8 14.7l6.2 6.3 6.2-6.3c.2-.2.3-.5.3-.7s-.1-.5-.3-.7c-.2-.2-.4-.3-.7-.3h-11c-.3 0-.5.1-.7.3-.2.2-.3.5-.3.7s.1.5.3.7z\"\/><\/svg><\/span><\/span><\/span><\/a><\/span><\/div>\n<nav><ul class='ez-toc-list ez-toc-list-level-1 eztoc-toggle-hide-by-default' ><li class='ez-toc-page-1 ez-toc-heading-level-2'><a class=\"ez-toc-link ez-toc-heading-1\" href=\"https:\/\/www.mobilier-design-occasion.fr\/magazine\/couleur-pantone-2022-le-very-peri\/#Quelle_est_cette_couleur_Pantone_elue_couleur_de_lannee_2022\" >Quelle est cette couleur Pantone \u00e9lue couleur de l&#8217;ann\u00e9e 2022?<\/a><\/li><li class='ez-toc-page-1 ez-toc-heading-level-2'><a class=\"ez-toc-link ez-toc-heading-2\" href=\"https:\/\/www.mobilier-design-occasion.fr\/magazine\/couleur-pantone-2022-le-very-peri\/#Comment_utiliser_la_couleur_Pantone_2022_dans_ma_decoration\" >Comment utiliser la couleur Pantone 2022 dans ma d\u00e9coration?<\/a><\/li><li class='ez-toc-page-1 ez-toc-heading-level-2'><a class=\"ez-toc-link ez-toc-heading-3\" href=\"https:\/\/www.mobilier-design-occasion.fr\/magazine\/couleur-pantone-2022-le-very-peri\/#Ou_trouver_la_peinture_Pantone_2022_Very_Peri\" >O\u00f9 trouver la peinture Pantone 2022 Very Peri?<\/a><\/li><li class='ez-toc-page-1 ez-toc-heading-level-2'><a class=\"ez-toc-link ez-toc-heading-4\" href=\"https:\/\/www.mobilier-design-occasion.fr\/magazine\/couleur-pantone-2022-le-very-peri\/#Quelles_couleurs_associer_a_la_couleur_Pantone_2022_Very_Peri\" >Quelles couleurs associer \u00e0 la couleur Pantone 2022 Very Peri?<\/a><\/li><li class='ez-toc-page-1 ez-toc-heading-level-2'><a class=\"ez-toc-link ez-toc-heading-5\" href=\"https:\/\/www.mobilier-design-occasion.fr\/magazine\/couleur-pantone-2022-le-very-peri\/#La_couleur_Pantone_2022_Very_Peri_dans_le_salon\" >La couleur Pantone 2022 Very Peri dans le salon<\/a><\/li><li class='ez-toc-page-1 ez-toc-heading-level-2'><a class=\"ez-toc-link ez-toc-heading-6\" href=\"https:\/\/www.mobilier-design-occasion.fr\/magazine\/couleur-pantone-2022-le-very-peri\/#La_couleur_Pantone_2022_Very_Peri_dans_la_chambre\" >La couleur Pantone 2022 Very Peri dans la chambre<\/a><\/li><li class='ez-toc-page-1 ez-toc-heading-level-2'><a class=\"ez-toc-link ez-toc-heading-7\" href=\"https:\/\/www.mobilier-design-occasion.fr\/magazine\/couleur-pantone-2022-le-very-peri\/#Very_Peri_la_couleur_Pantone_2022_dans_la_cuisine\" >Very Peri, la couleur Pantone 2022 dans la cuisine<\/a><ul class='ez-toc-list-level-3' ><li class='ez-toc-heading-level-3'><a class=\"ez-toc-link ez-toc-heading-8\" href=\"https:\/\/www.mobilier-design-occasion.fr\/magazine\/couleur-pantone-2022-le-very-peri\/#Choisissez_le_Very_Peri_la_couleur_Pantone_2022_pour_vos_meubles\" >Choisissez le Very Peri, la couleur Pantone 2022 pour vos meubles!<\/a><\/li><\/ul><\/li><\/ul><\/nav><\/div>\n\n\n\n\n<p>La <a href=\"https:\/\/photo.femmeactuelle.fr\/very-peri-nos-plus-belles-inspirations-deco-avec-la-couleur-pantone-2022-47538\">couleur Pantone<\/a> est la couleur qui refl\u00e8te ce qui se passe autour de nous et \u00e9galement ce dont nous avons besoins. C\u2019est une couleur unique et exacte avec une r\u00e9f\u00e9rence qui permet de la diff\u00e9rencier parmi les autres couleurs. La couleur Pantone est un indicateur de tendance, ainsi tous les secteurs cr\u00e9atifs peuvent l\u2019adopter pour \u00eatre \u00e0 la pointe de la mode.<\/p>\n\n\n\n<figure class=\"wp-block-image size-large\"><img loading=\"lazy\" decoding=\"async\" width=\"1024\" height=\"716\" src=\"https:\/\/www.mobilier-design-occasion.fr\/magazine\/wp-content\/uploads\/2022\/07\/Pantone-2022-la-couleur-de-l-annee-est-1024x716.jpg\" alt=\"\" class=\"wp-image-5452\" srcset=\"https:\/\/www.mobilier-design-occasion.fr\/magazine\/wp-content\/uploads\/2022\/07\/Pantone-2022-la-couleur-de-l-annee-est-1024x716.jpg 1024w, https:\/\/www.mobilier-design-occasion.fr\/magazine\/wp-content\/uploads\/2022\/07\/Pantone-2022-la-couleur-de-l-annee-est-300x210.jpg 300w, https:\/\/www.mobilier-design-occasion.fr\/magazine\/wp-content\/uploads\/2022\/07\/Pantone-2022-la-couleur-de-l-annee-est-768x537.jpg 768w, https:\/\/www.mobilier-design-occasion.fr\/magazine\/wp-content\/uploads\/2022\/07\/Pantone-2022-la-couleur-de-l-annee-est-810x567.jpg 810w, https:\/\/www.mobilier-design-occasion.fr\/magazine\/wp-content\/uploads\/2022\/07\/Pantone-2022-la-couleur-de-l-annee-est-145x100.jpg 145w, https:\/\/www.mobilier-design-occasion.fr\/magazine\/wp-content\/uploads\/2022\/07\/Pantone-2022-la-couleur-de-l-annee-est.jpg 1098w\" sizes=\"auto, (max-width: 1024px) 100vw, 1024px\" \/><figcaption>Elle<\/figcaption><\/figure>\n\n\n\n<p>&nbsp;Pour cette ann\u00e9e 2022, la couleur Pantone est le 17-3938 Very Peri. Il succ\u00e8de l\u2019Ultimate Gray C\u2019est une nuance de bleu avec une touche de rouge-violet. Elle exprime la joie, la vivacit\u00e9 ainsi que le dynamisme.<\/p>\n\n\n\n<h2 class=\"wp-block-heading\"><span class=\"ez-toc-section\" id=\"Comment_utiliser_la_couleur_Pantone_2022_dans_ma_decoration\"><\/span><strong>Comment utiliser la couleur Pantone 2022 dans ma d\u00e9coration?<\/strong><span class=\"ez-toc-section-end\"><\/span><\/h2>\n\n\n\n<p>La couleur Pantone 2022 s\u2019int\u00e8gre facilement dans les d\u00e9corations. Elle convient \u00e0 toutes les pi\u00e8ces de la maison. Du salon \u00e0 la salle de bain, en passant par la <a href=\"https:\/\/www.mobilier-design-occasion.fr\/magazine\/5-elements-pour-amenager-une-chambre-montessori\/\">chambre<\/a> et la cuisine, le Very Peri s\u2019utilise de mille et une fa\u00e7on.<\/p>\n\n\n\n<div class=\"wp-block-columns is-layout-flex wp-container-core-columns-is-layout-9d6595d7 wp-block-columns-is-layout-flex\">\n<div class=\"wp-block-column is-layout-flow wp-block-column-is-layout-flow\">\n<figure class=\"wp-block-image size-full\"><img loading=\"lazy\" decoding=\"async\" width=\"1000\" height=\"667\" src=\"https:\/\/www.mobilier-design-occasion.fr\/magazine\/wp-content\/uploads\/2022\/07\/shutterstock_2088226276.jpg\" alt=\"\" class=\"wp-image-5453\" srcset=\"https:\/\/www.mobilier-design-occasion.fr\/magazine\/wp-content\/uploads\/2022\/07\/shutterstock_2088226276.jpg 1000w, https:\/\/www.mobilier-design-occasion.fr\/magazine\/wp-content\/uploads\/2022\/07\/shutterstock_2088226276-300x200.jpg 300w, https:\/\/www.mobilier-design-occasion.fr\/magazine\/wp-content\/uploads\/2022\/07\/shutterstock_2088226276-768x512.jpg 768w, https:\/\/www.mobilier-design-occasion.fr\/magazine\/wp-content\/uploads\/2022\/07\/shutterstock_2088226276-810x540.jpg 810w\" sizes=\"auto, (max-width: 1000px) 100vw, 1000px\" \/><figcaption>CDeco<\/figcaption><\/figure>\n<\/div>\n\n\n\n<div class=\"wp-block-column is-layout-flow wp-block-column-is-layout-flow\">\n<figure class=\"wp-block-image size-full\"><img loading=\"lazy\" decoding=\"async\" width=\"800\" height=\"450\" src=\"https:\/\/www.mobilier-design-occasion.fr\/magazine\/wp-content\/uploads\/2022\/07\/couleur-peinture-salon-tendance-2022-decoration-du-salon-en-very-peri.jpg\" alt=\"\" class=\"wp-image-5461\" srcset=\"https:\/\/www.mobilier-design-occasion.fr\/magazine\/wp-content\/uploads\/2022\/07\/couleur-peinture-salon-tendance-2022-decoration-du-salon-en-very-peri.jpg 800w, https:\/\/www.mobilier-design-occasion.fr\/magazine\/wp-content\/uploads\/2022\/07\/couleur-peinture-salon-tendance-2022-decoration-du-salon-en-very-peri-300x169.jpg 300w, https:\/\/www.mobilier-design-occasion.fr\/magazine\/wp-content\/uploads\/2022\/07\/couleur-peinture-salon-tendance-2022-decoration-du-salon-en-very-peri-768x432.jpg 768w\" sizes=\"auto, (max-width: 800px) 100vw, 800px\" \/><figcaption>Archzine<\/figcaption><\/figure>\n<\/div>\n<\/div>\n\n\n\n<p>On peut tout \u00e0 fait l\u2019introduire dans la d\u00e9coration en peignant sur les murs, en l\u2019utilisant sur les linges de maisons, les d\u00e9corations et m\u00eame les meubles.<\/p>\n\n\n\n<h2 class=\"wp-block-heading\"><span class=\"ez-toc-section\" id=\"Ou_trouver_la_peinture_Pantone_2022_Very_Peri\"><\/span><strong>O\u00f9 trouver la peinture Pantone 2022 Very Peri?<\/strong><span class=\"ez-toc-section-end\"><\/span><\/h2>\n\n\n\n<p>Elu <a href=\"https:\/\/www.magazine-avantages.fr\/comment-adopter-la-couleur-pantone-17-3938-very-peri-dans-la-deco,193374.asp\">couleur Pantone 2022<\/a>, le Very Peri est adopt\u00e9 par diff\u00e9rents marques et fabricants de peintures. Voici quelques marques qui proposent du Very Peri dans leur catalogue&nbsp;:<\/p>\n\n\n\n<ul class=\"wp-block-list\"><li>Prestige<\/li><li>Dulux Valentines<\/li><li>Tollens<\/li><li>Luxens<\/li><li>Ripolin<\/li><li>Farrow &amp; Ball<\/li><\/ul>\n\n\n\n<figure class=\"wp-block-embed is-type-rich is-provider-twitter wp-block-embed-twitter\"><div class=\"wp-block-embed__wrapper\">\n<blockquote class=\"twitter-tweet\" data-width=\"550\" data-dnt=\"true\"><p lang=\"fr\" dir=\"ltr\">Pantone d\u00e9voile la couleur de l\u2019ann\u00e9e 2022 : un bleu pervenche baptis\u00e9 Very Peri<br> <br>Plus d\u2019infos : <a href=\"https:\/\/t.co\/kQ1MW5lXxf\">https:\/\/t.co\/kQ1MW5lXxf<\/a> <a href=\"https:\/\/t.co\/fEipcSy7W4\">pic.twitter.com\/fEipcSy7W4<\/a><\/p>&mdash; Creapills \ud83d\udc8a (@creapills) <a href=\"https:\/\/twitter.com\/creapills\/status\/1469290775812972548?ref_src=twsrc%5Etfw\">December 10, 2021<\/a><\/blockquote><script async src=\"https:\/\/platform.twitter.com\/widgets.js\" charset=\"utf-8\"><\/script>\n<\/div><\/figure>\n\n\n\n<h2 class=\"wp-block-heading\"><span class=\"ez-toc-section\" id=\"Quelles_couleurs_associer_a_la_couleur_Pantone_2022_Very_Peri\"><\/span><strong>Quelles couleurs associer \u00e0 la couleur Pantone 2022 Very Peri?<\/strong><span class=\"ez-toc-section-end\"><\/span><\/h2>\n\n\n\n<p>Le c\u00f4t\u00e9 un peu pervenche du<a href=\"https:\/\/www.cdeco.fr\/interieur\/styles-deco-cahiers-inspiration\/very-peri-est-elue-couleur-de-2022-comment-integrer-dans-sa-deco\"> Very Peri<\/a> lui permet de se combiner \u00e0 la majorit\u00e9 des couleurs. Le choix de la combinaison varie selon le go\u00fbt et l\u2019audace de chacun. Voici quelques teintes qui s\u2019associent bien \u00e0 la couleur Pantone 2022 17-3938 Very Peri.<\/p>\n\n\n\n<div class=\"wp-block-columns is-layout-flex wp-container-core-columns-is-layout-9d6595d7 wp-block-columns-is-layout-flex\">\n<div class=\"wp-block-column is-layout-flow wp-block-column-is-layout-flow\">\n<figure class=\"wp-block-image size-full\"><img loading=\"lazy\" decoding=\"async\" width=\"488\" height=\"650\" src=\"https:\/\/www.mobilier-design-occasion.fr\/magazine\/wp-content\/uploads\/2022\/07\/salon-2022-19.jpg\" alt=\"\" class=\"wp-image-5466\" srcset=\"https:\/\/www.mobilier-design-occasion.fr\/magazine\/wp-content\/uploads\/2022\/07\/salon-2022-19.jpg 488w, https:\/\/www.mobilier-design-occasion.fr\/magazine\/wp-content\/uploads\/2022\/07\/salon-2022-19-225x300.jpg 225w\" sizes=\"auto, (max-width: 488px) 100vw, 488px\" \/><figcaption>Westwing<\/figcaption><\/figure>\n<\/div>\n\n\n\n<div class=\"wp-block-column is-layout-flow wp-block-column-is-layout-flow\">\n<figure class=\"wp-block-image size-full\"><img loading=\"lazy\" decoding=\"async\" width=\"564\" height=\"752\" src=\"https:\/\/www.mobilier-design-occasion.fr\/magazine\/wp-content\/uploads\/2022\/07\/c5540ea72a5b0babe86bfc5df8d083a5.jpg\" alt=\"\" class=\"wp-image-5467\" srcset=\"https:\/\/www.mobilier-design-occasion.fr\/magazine\/wp-content\/uploads\/2022\/07\/c5540ea72a5b0babe86bfc5df8d083a5.jpg 564w, https:\/\/www.mobilier-design-occasion.fr\/magazine\/wp-content\/uploads\/2022\/07\/c5540ea72a5b0babe86bfc5df8d083a5-225x300.jpg 225w\" sizes=\"auto, (max-width: 564px) 100vw, 564px\" \/><figcaption>Le journal de la maison<\/figcaption><\/figure>\n<\/div>\n<\/div>\n\n\n\n<ul class=\"wp-block-list\"><li>Gris<\/li><li>Marron<\/li><li>Noir<\/li><li>Bleu marine<\/li><li>Bleu <a href=\"https:\/\/www.mobilier-design-occasion.fr\/magazine\/combien-dheures-de-sommeil-pour-mon-enfant\/\">nuit<\/a><\/li><li>Orange<\/li><li>Terra cotta<\/li><li>Blanc<\/li><li>Vert<\/li><li>Rose poudr\u00e9<\/li><li>Beige<\/li><li>Cama\u00efeu de violet (lavande, lilas, mauve, parme\u2026)<\/li><li>Tourmaline<\/li><li>Taupe<\/li><li>Anthracite<\/li><li>Rouge<\/li><li>Jaune<\/li><\/ul>\n\n\n\n<h2 class=\"wp-block-heading\"><span class=\"ez-toc-section\" id=\"La_couleur_Pantone_2022_Very_Peri_dans_le_salon\"><\/span><strong>La couleur Pantone 2022 Very Peri dans le salon<\/strong><span class=\"ez-toc-section-end\"><\/span><\/h2>\n\n\n\n<p>Afin d\u2019avoir un salon \u00e0 la fois <a href=\"https:\/\/www.mobilier-design-occasion.fr\/magazine\/table-tulipe-knoll-indemodable-du-design\/\">design<\/a> et aussi tendance, n\u2019h\u00e9sitez pas \u00e0 ajouter le Very Peri dans la d\u00e9coration. Peint directement sur le mur ou en papier peint, avec les meubles ou les diff\u00e9rents accessoires d\u00e9corations, la couleur Pantone 2022 apporte une touche d\u00e9contract\u00e9e \u00e0 la pointe de la mode \u00e0 votre salon.<\/p>\n\n\n\n<div class=\"wp-block-columns is-layout-flex wp-container-core-columns-is-layout-9d6595d7 wp-block-columns-is-layout-flex\">\n<div class=\"wp-block-column is-layout-flow wp-block-column-is-layout-flow\">\n<figure class=\"wp-block-image size-full\"><img loading=\"lazy\" decoding=\"async\" width=\"1000\" height=\"667\" src=\"https:\/\/www.mobilier-design-occasion.fr\/magazine\/wp-content\/uploads\/2022\/07\/comment-adopter-la-couleur-very-peri-en-deco.jpg\" alt=\"\" class=\"wp-image-5454\" srcset=\"https:\/\/www.mobilier-design-occasion.fr\/magazine\/wp-content\/uploads\/2022\/07\/comment-adopter-la-couleur-very-peri-en-deco.jpg 1000w, https:\/\/www.mobilier-design-occasion.fr\/magazine\/wp-content\/uploads\/2022\/07\/comment-adopter-la-couleur-very-peri-en-deco-300x200.jpg 300w, https:\/\/www.mobilier-design-occasion.fr\/magazine\/wp-content\/uploads\/2022\/07\/comment-adopter-la-couleur-very-peri-en-deco-768x512.jpg 768w, https:\/\/www.mobilier-design-occasion.fr\/magazine\/wp-content\/uploads\/2022\/07\/comment-adopter-la-couleur-very-peri-en-deco-810x540.jpg 810w\" sizes=\"auto, (max-width: 1000px) 100vw, 1000px\" \/><figcaption>magazine avantages<\/figcaption><\/figure>\n<\/div>\n\n\n\n<div class=\"wp-block-column is-layout-flow wp-block-column-is-layout-flow\">\n<figure class=\"wp-block-image size-large\"><img loading=\"lazy\" decoding=\"async\" width=\"1024\" height=\"682\" src=\"https:\/\/www.mobilier-design-occasion.fr\/magazine\/wp-content\/uploads\/2022\/07\/pantone-1024x682.jpeg\" alt=\"\" class=\"wp-image-5462\" srcset=\"https:\/\/www.mobilier-design-occasion.fr\/magazine\/wp-content\/uploads\/2022\/07\/pantone-1024x682.jpeg 1024w, https:\/\/www.mobilier-design-occasion.fr\/magazine\/wp-content\/uploads\/2022\/07\/pantone-300x200.jpeg 300w, https:\/\/www.mobilier-design-occasion.fr\/magazine\/wp-content\/uploads\/2022\/07\/pantone-768x512.jpeg 768w, https:\/\/www.mobilier-design-occasion.fr\/magazine\/wp-content\/uploads\/2022\/07\/pantone-1536x1024.jpeg 1536w, https:\/\/www.mobilier-design-occasion.fr\/magazine\/wp-content\/uploads\/2022\/07\/pantone-810x540.jpeg 810w, https:\/\/www.mobilier-design-occasion.fr\/magazine\/wp-content\/uploads\/2022\/07\/pantone-1140x760.jpeg 1140w, https:\/\/www.mobilier-design-occasion.fr\/magazine\/wp-content\/uploads\/2022\/07\/pantone.jpeg 2000w\" sizes=\"auto, (max-width: 1024px) 100vw, 1024px\" \/><figcaption>Bonheurs Interieurs<\/figcaption><\/figure>\n<\/div>\n<\/div>\n\n\n\n<h2 class=\"wp-block-heading\"><span class=\"ez-toc-section\" id=\"La_couleur_Pantone_2022_Very_Peri_dans_la_chambre\"><\/span><strong>La couleur Pantone 2022 Very Peri dans la chambre<\/strong><span class=\"ez-toc-section-end\"><\/span><\/h2>\n\n\n\n<p>Le Very Peri est la teinte id\u00e9ale pour une chambre gr\u00e2ce \u00e0 ses caract\u00e8res. La couleur Pantone 2022 Very Peri procure une atmosph\u00e8re sereine, calme et paisible. Le Very Peri offre une ambiance apaisante dans une chambre cocooning.<\/p>\n\n\n\n<p>Il est tr\u00e8s facile d\u2019int\u00e9grer la couleur Pantone 2022 dans la chambre \u00e0 coucher. On peut le voir sur les murs, via les linges de lits, les diff\u00e9rents objets de d\u00e9corations ou m\u00eame les meubles.<\/p>\n\n\n\n<div class=\"wp-block-columns is-layout-flex wp-container-core-columns-is-layout-9d6595d7 wp-block-columns-is-layout-flex\">\n<div class=\"wp-block-column is-layout-flow wp-block-column-is-layout-flow\">\n<figure class=\"wp-block-image size-full\"><img loading=\"lazy\" decoding=\"async\" width=\"1000\" height=\"667\" src=\"https:\/\/www.mobilier-design-occasion.fr\/magazine\/wp-content\/uploads\/2022\/07\/shutterstock_2088078379.jpg\" alt=\"\" class=\"wp-image-5459\" srcset=\"https:\/\/www.mobilier-design-occasion.fr\/magazine\/wp-content\/uploads\/2022\/07\/shutterstock_2088078379.jpg 1000w, https:\/\/www.mobilier-design-occasion.fr\/magazine\/wp-content\/uploads\/2022\/07\/shutterstock_2088078379-300x200.jpg 300w, https:\/\/www.mobilier-design-occasion.fr\/magazine\/wp-content\/uploads\/2022\/07\/shutterstock_2088078379-768x512.jpg 768w, https:\/\/www.mobilier-design-occasion.fr\/magazine\/wp-content\/uploads\/2022\/07\/shutterstock_2088078379-810x540.jpg 810w\" sizes=\"auto, (max-width: 1000px) 100vw, 1000px\" \/><figcaption>CDeco<\/figcaption><\/figure>\n<\/div>\n\n\n\n<div class=\"wp-block-column is-layout-flow wp-block-column-is-layout-flow\">\n<figure class=\"wp-block-image size-full\"><img loading=\"lazy\" decoding=\"async\" width=\"874\" height=\"874\" src=\"https:\/\/www.mobilier-design-occasion.fr\/magazine\/wp-content\/uploads\/2022\/07\/pantone-2022-castorama.jpg\" alt=\"\" class=\"wp-image-5464\" srcset=\"https:\/\/www.mobilier-design-occasion.fr\/magazine\/wp-content\/uploads\/2022\/07\/pantone-2022-castorama.jpg 874w, https:\/\/www.mobilier-design-occasion.fr\/magazine\/wp-content\/uploads\/2022\/07\/pantone-2022-castorama-300x300.jpg 300w, https:\/\/www.mobilier-design-occasion.fr\/magazine\/wp-content\/uploads\/2022\/07\/pantone-2022-castorama-150x150.jpg 150w, https:\/\/www.mobilier-design-occasion.fr\/magazine\/wp-content\/uploads\/2022\/07\/pantone-2022-castorama-768x768.jpg 768w, https:\/\/www.mobilier-design-occasion.fr\/magazine\/wp-content\/uploads\/2022\/07\/pantone-2022-castorama-810x810.jpg 810w\" sizes=\"auto, (max-width: 874px) 100vw, 874px\" \/><figcaption>18h39<\/figcaption><\/figure>\n<\/div>\n<\/div>\n\n\n\n<h2 class=\"wp-block-heading\"><span class=\"ez-toc-section\" id=\"Very_Peri_la_couleur_Pantone_2022_dans_la_cuisine\"><\/span><strong>Very Peri, la couleur Pantone 2022 dans la cuisine<\/strong><span class=\"ez-toc-section-end\"><\/span><\/h2>\n\n\n\n<p>La cuisine est la pi\u00e8ce la plus fonctionnelle de votre maison. Elle est souvent ouverte au salon, elle se doit donc d\u2019\u00eatre belle en plus d\u2019\u00eatre pratique. Si vous souhaitez avoir une cuisine \u00e0 la pointe de la mode, alors, osez int\u00e9grer la couleur Pantone 2022 dans la cuisine.<\/p>\n\n\n\n<div class=\"wp-block-columns is-layout-flex wp-container-core-columns-is-layout-9d6595d7 wp-block-columns-is-layout-flex\">\n<div class=\"wp-block-column is-layout-flow wp-block-column-is-layout-flow\">\n<figure class=\"wp-block-image size-full\"><img loading=\"lazy\" decoding=\"async\" width=\"1000\" height=\"750\" src=\"https:\/\/www.mobilier-design-occasion.fr\/magazine\/wp-content\/uploads\/2022\/07\/20220105_123704_1-mobalpa-signature-pantone.jpg\" alt=\"\" class=\"wp-image-5456\" srcset=\"https:\/\/www.mobilier-design-occasion.fr\/magazine\/wp-content\/uploads\/2022\/07\/20220105_123704_1-mobalpa-signature-pantone.jpg 1000w, https:\/\/www.mobilier-design-occasion.fr\/magazine\/wp-content\/uploads\/2022\/07\/20220105_123704_1-mobalpa-signature-pantone-300x225.jpg 300w, https:\/\/www.mobilier-design-occasion.fr\/magazine\/wp-content\/uploads\/2022\/07\/20220105_123704_1-mobalpa-signature-pantone-768x576.jpg 768w, https:\/\/www.mobilier-design-occasion.fr\/magazine\/wp-content\/uploads\/2022\/07\/20220105_123704_1-mobalpa-signature-pantone-810x608.jpg 810w\" sizes=\"auto, (max-width: 1000px) 100vw, 1000px\" \/><figcaption>Maison \u00e0 part<\/figcaption><\/figure>\n<\/div>\n\n\n\n<div class=\"wp-block-column is-layout-flow wp-block-column-is-layout-flow\">\n<figure class=\"wp-block-image size-full\"><img loading=\"lazy\" decoding=\"async\" width=\"640\" height=\"480\" src=\"https:\/\/www.mobilier-design-occasion.fr\/magazine\/wp-content\/uploads\/2022\/07\/20220105_123954_5-socoocbaroc-rp-very-perih.jpg\" alt=\"\" class=\"wp-image-5468\" srcset=\"https:\/\/www.mobilier-design-occasion.fr\/magazine\/wp-content\/uploads\/2022\/07\/20220105_123954_5-socoocbaroc-rp-very-perih.jpg 640w, https:\/\/www.mobilier-design-occasion.fr\/magazine\/wp-content\/uploads\/2022\/07\/20220105_123954_5-socoocbaroc-rp-very-perih-300x225.jpg 300w\" sizes=\"auto, (max-width: 640px) 100vw, 640px\" \/><figcaption>Maison \u00e0 part<\/figcaption><\/figure>\n<\/div>\n<\/div>\n\n\n\n<p>Le Very Peri apporte une touche chaleureuse et rafra\u00eechissante \u00e0 la cuisine. Il existe plusieurs fa\u00e7ons d\u2019ajouter cette teinte \u00e0 la cuisine. On peut l\u2019utiliser sur l\u2019ensemble ou une partie des meubles de cuisine, tout comme sur les murs. On peut \u00e9galement l\u2019utiliser sur la cr\u00e9dence, les poign\u00e9es, les chaises, les ustensiles de cuisines\u2026<\/p>\n\n\n\n<h3 class=\"wp-block-heading\"><span class=\"ez-toc-section\" id=\"Choisissez_le_Very_Peri_la_couleur_Pantone_2022_pour_vos_meubles\"><\/span><strong>Choisissez le Very Peri, la couleur Pantone 2022 pour vos meubles!<\/strong><span class=\"ez-toc-section-end\"><\/span><\/h3>\n\n\n\n<p><a href=\"https:\/\/www.femmeactuelle.fr\/deco\/tendance-deco\/very-peri-comment-bien-integrer-la-couleur-pantone-2022-dans-son-interieur-2126036\">La couleur Pantone 2022<\/a> est la teinte tendance de cette ann\u00e9e. Ainsi les fabricants de meubles l\u2019ont \u00e9galement adopt\u00e9. Ils l\u2019utilisent sur le <a href=\"https:\/\/www.mobilier-design-occasion.fr\/magazine\/avis-mathy-by-bols\/\">bois<\/a>, l\u2019acier, la m\u00e9lamine, le tissu, et les diff\u00e9rents mat\u00e9riaux utiles pour la fabrication des mobiliers.<\/p>\n\n\n\n<div class=\"wp-block-columns is-layout-flex wp-container-core-columns-is-layout-9d6595d7 wp-block-columns-is-layout-flex\">\n<div class=\"wp-block-column is-layout-flow wp-block-column-is-layout-flow\">\n<figure class=\"wp-block-image size-large\"><img loading=\"lazy\" decoding=\"async\" width=\"1024\" height=\"758\" src=\"https:\/\/www.mobilier-design-occasion.fr\/magazine\/wp-content\/uploads\/2022\/07\/Pantone-Very-Peri-Essential-Home-1024x758.jpg\" alt=\"\" class=\"wp-image-5460\" srcset=\"https:\/\/www.mobilier-design-occasion.fr\/magazine\/wp-content\/uploads\/2022\/07\/Pantone-Very-Peri-Essential-Home-1024x758.jpg 1024w, https:\/\/www.mobilier-design-occasion.fr\/magazine\/wp-content\/uploads\/2022\/07\/Pantone-Very-Peri-Essential-Home-300x222.jpg 300w, https:\/\/www.mobilier-design-occasion.fr\/magazine\/wp-content\/uploads\/2022\/07\/Pantone-Very-Peri-Essential-Home-768x569.jpg 768w, https:\/\/www.mobilier-design-occasion.fr\/magazine\/wp-content\/uploads\/2022\/07\/Pantone-Very-Peri-Essential-Home-1536x1138.jpg 1536w, https:\/\/www.mobilier-design-occasion.fr\/magazine\/wp-content\/uploads\/2022\/07\/Pantone-Very-Peri-Essential-Home-810x600.jpg 810w, https:\/\/www.mobilier-design-occasion.fr\/magazine\/wp-content\/uploads\/2022\/07\/Pantone-Very-Peri-Essential-Home-1140x844.jpg 1140w, https:\/\/www.mobilier-design-occasion.fr\/magazine\/wp-content\/uploads\/2022\/07\/Pantone-Very-Peri-Essential-Home.jpg 1596w\" sizes=\"auto, (max-width: 1024px) 100vw, 1024px\" \/><figcaption>Queer forty<\/figcaption><\/figure>\n<\/div>\n\n\n\n<div class=\"wp-block-column is-layout-flow wp-block-column-is-layout-flow\">\n<figure class=\"wp-block-image size-full\"><img loading=\"lazy\" decoding=\"async\" width=\"479\" height=\"479\" src=\"https:\/\/www.mobilier-design-occasion.fr\/magazine\/wp-content\/uploads\/2022\/07\/Un-fauteuil-Very-Peri-pour-un-salon-pop.jpg\" alt=\"\" class=\"wp-image-5465\" srcset=\"https:\/\/www.mobilier-design-occasion.fr\/magazine\/wp-content\/uploads\/2022\/07\/Un-fauteuil-Very-Peri-pour-un-salon-pop.jpg 479w, https:\/\/www.mobilier-design-occasion.fr\/magazine\/wp-content\/uploads\/2022\/07\/Un-fauteuil-Very-Peri-pour-un-salon-pop-300x300.jpg 300w, https:\/\/www.mobilier-design-occasion.fr\/magazine\/wp-content\/uploads\/2022\/07\/Un-fauteuil-Very-Peri-pour-un-salon-pop-150x150.jpg 150w\" sizes=\"auto, (max-width: 479px) 100vw, 479px\" \/><figcaption>Elle<\/figcaption><\/figure>\n<\/div>\n<\/div>\n\n\n\n<p>A la fois chic et convivial, cette couleur Pantone 2022 fait des ravages. On peut voir du Very Peri sur tous types de mobiliers&nbsp;:<\/p>\n\n\n\n<ul class=\"wp-block-list\"><li><a href=\"https:\/\/www.mobilier-design-occasion.fr\/magazine\/test-avis-sur-poltronesofa\/\">Canap\u00e9<\/a><\/li><li>Pouf<\/li><li>Fauteuils<\/li><li>Banc<\/li><li><a href=\"https:\/\/www.mobilier-design-occasion.fr\/magazine\/fermob-occasion\/\">Chaise<\/a><\/li><li>Table<\/li><li><a href=\"https:\/\/www.mobilier-design-occasion.fr\/magazine\/comment-acheter-une-table-basse-pas-chere-sans-compromettre-la-qualite-7-etapes\/\">Table basse<\/a><\/li><li>Gu\u00e9ridon<\/li><li>Table d\u2019appoint<\/li><li>\u00c9tag\u00e8re<\/li><li>Armoire<\/li><li>Bureau<\/li><li>Lit<\/li><li>T\u00eate de lit<\/li><li>Table de chevet<\/li><li>Biblioth\u00e8que<\/li><li>Buffet<\/li><li>Vaisselier<\/li><li>Coiffeuse<\/li><\/ul>\n\n\n\n<figure class=\"wp-block-image size-large\"><img loading=\"lazy\" decoding=\"async\" width=\"1024\" height=\"576\" src=\"https:\/\/www.mobilier-design-occasion.fr\/magazine\/wp-content\/uploads\/2022\/07\/PROD_Very-Peri-Decor-Banner_1640620933897-1024x576.jpg\" alt=\"\" class=\"wp-image-5458\" srcset=\"https:\/\/www.mobilier-design-occasion.fr\/magazine\/wp-content\/uploads\/2022\/07\/PROD_Very-Peri-Decor-Banner_1640620933897-1024x576.jpg 1024w, https:\/\/www.mobilier-design-occasion.fr\/magazine\/wp-content\/uploads\/2022\/07\/PROD_Very-Peri-Decor-Banner_1640620933897-300x169.jpg 300w, https:\/\/www.mobilier-design-occasion.fr\/magazine\/wp-content\/uploads\/2022\/07\/PROD_Very-Peri-Decor-Banner_1640620933897-768x432.jpg 768w, https:\/\/www.mobilier-design-occasion.fr\/magazine\/wp-content\/uploads\/2022\/07\/PROD_Very-Peri-Decor-Banner_1640620933897-1536x864.jpg 1536w, https:\/\/www.mobilier-design-occasion.fr\/magazine\/wp-content\/uploads\/2022\/07\/PROD_Very-Peri-Decor-Banner_1640620933897-810x456.jpg 810w, https:\/\/www.mobilier-design-occasion.fr\/magazine\/wp-content\/uploads\/2022\/07\/PROD_Very-Peri-Decor-Banner_1640620933897-1140x641.jpg 1140w, https:\/\/www.mobilier-design-occasion.fr\/magazine\/wp-content\/uploads\/2022\/07\/PROD_Very-Peri-Decor-Banner_1640620933897.jpg 1600w\" sizes=\"auto, (max-width: 1024px) 100vw, 1024px\" \/><figcaption>Zee zest<\/figcaption><\/figure>\n","protected":false},"excerpt":{"rendered":"<p>Quelle est cette couleur Pantone \u00e9lue couleur de l&#8217;ann\u00e9e 2022? La couleur Pantone est la couleur qui refl\u00e8te ce qui se passe autour de nous et \u00e9galement ce dont nous avons besoins. C\u2019est une couleur unique et exacte avec une r\u00e9f\u00e9rence qui permet de la diff\u00e9rencier parmi les autres couleurs. La couleur Pantone est un [&hellip;]<\/p>\n","protected":false},"author":1,"featured_media":5457,"comment_status":"open","ping_status":"open","sticky":false,"template":"","format":"standard","meta":{"footnotes":""},"categories":[2],"tags":[],"class_list":["post-5417","post","type-post","status-publish","format-standard","has-post-thumbnail","hentry","category-tendances"],"yoast_head":"<!-- This site is optimized with the Yoast SEO plugin v27.5 - https:\/\/yoast.com\/product\/yoast-seo-wordpress\/ -->\n<title>Couleur Pantone 2022: on vous dit tout ce que vous n&#039;avez pas encore lu sur le very peri! - Mobilier Design Magazine<\/title>\n<meta name=\"robots\" content=\"index, follow, max-snippet:-1, max-image-preview:large, max-video-preview:-1\" \/>\n<link rel=\"canonical\" href=\"https:\/\/www.mobilier-design-occasion.fr\/magazine\/couleur-pantone-2022-le-very-peri\/\" \/>\n<meta property=\"og:locale\" content=\"fr_FR\" \/>\n<meta property=\"og:type\" content=\"article\" \/>\n<meta property=\"og:title\" content=\"Couleur Pantone 2022: on vous dit tout ce que vous n&#039;avez pas encore lu sur le very peri! - Mobilier Design Magazine\" \/>\n<meta property=\"og:description\" content=\"Quelle est cette couleur Pantone \u00e9lue couleur de l&#8217;ann\u00e9e 2022? La couleur Pantone est la couleur qui refl\u00e8te ce qui se passe autour de nous et \u00e9galement ce dont nous avons besoins. C\u2019est une couleur unique et exacte avec une r\u00e9f\u00e9rence qui permet de la diff\u00e9rencier parmi les autres couleurs. La couleur Pantone est un [&hellip;]\" \/>\n<meta property=\"og:url\" content=\"https:\/\/www.mobilier-design-occasion.fr\/magazine\/couleur-pantone-2022-le-very-peri\/\" \/>\n<meta property=\"og:site_name\" content=\"Mobilier Design Magazine\" \/>\n<meta property=\"article:publisher\" content=\"https:\/\/www.facebook.com\/mobilierdesignoccasion\" \/>\n<meta property=\"article:published_time\" content=\"2022-07-20T13:51:40+00:00\" \/>\n<meta property=\"article:modified_time\" content=\"2022-07-20T13:52:23+00:00\" \/>\n<meta property=\"og:image\" content=\"https:\/\/www.mobilier-design-occasion.fr\/magazine\/wp-content\/uploads\/2022\/07\/DZDzd.jpg\" \/>\n\t<meta property=\"og:image:width\" content=\"977\" \/>\n\t<meta property=\"og:image:height\" content=\"654\" \/>\n\t<meta property=\"og:image:type\" content=\"image\/jpeg\" \/>\n<meta name=\"author\" content=\"Cyrielle Poirot\" \/>\n<meta name=\"twitter:card\" content=\"summary_large_image\" \/>\n<meta name=\"twitter:label1\" content=\"\u00c9crit par\" \/>\n\t<meta name=\"twitter:data1\" content=\"Cyrielle Poirot\" \/>\n\t<meta name=\"twitter:label2\" content=\"Dur\u00e9e de lecture estim\u00e9e\" \/>\n\t<meta name=\"twitter:data2\" content=\"4 minutes\" \/>\n<script type=\"application\/ld+json\" class=\"yoast-schema-graph\">{\"@context\":\"https:\\\/\\\/schema.org\",\"@graph\":[{\"@type\":\"Article\",\"@id\":\"https:\\\/\\\/www.mobilier-design-occasion.fr\\\/magazine\\\/couleur-pantone-2022-le-very-peri\\\/#article\",\"isPartOf\":{\"@id\":\"https:\\\/\\\/www.mobilier-design-occasion.fr\\\/magazine\\\/couleur-pantone-2022-le-very-peri\\\/\"},\"author\":{\"name\":\"Cyrielle Poirot\",\"@id\":\"https:\\\/\\\/www.mobilier-design-occasion.fr\\\/magazine\\\/#\\\/schema\\\/person\\\/5b2e5627a714ddadaaf8c9b886c55eff\"},\"headline\":\"Couleur Pantone 2022: on vous dit tout ce que vous n&#8217;avez pas encore lu sur le very peri!\",\"datePublished\":\"2022-07-20T13:51:40+00:00\",\"dateModified\":\"2022-07-20T13:52:23+00:00\",\"mainEntityOfPage\":{\"@id\":\"https:\\\/\\\/www.mobilier-design-occasion.fr\\\/magazine\\\/couleur-pantone-2022-le-very-peri\\\/\"},\"wordCount\":759,\"commentCount\":0,\"publisher\":{\"@id\":\"https:\\\/\\\/www.mobilier-design-occasion.fr\\\/magazine\\\/#organization\"},\"image\":{\"@id\":\"https:\\\/\\\/www.mobilier-design-occasion.fr\\\/magazine\\\/couleur-pantone-2022-le-very-peri\\\/#primaryimage\"},\"thumbnailUrl\":\"https:\\\/\\\/www.mobilier-design-occasion.fr\\\/magazine\\\/wp-content\\\/uploads\\\/2022\\\/07\\\/DZDzd.jpg\",\"articleSection\":[\"Tendances\"],\"inLanguage\":\"fr-FR\",\"potentialAction\":[{\"@type\":\"CommentAction\",\"name\":\"Comment\",\"target\":[\"https:\\\/\\\/www.mobilier-design-occasion.fr\\\/magazine\\\/couleur-pantone-2022-le-very-peri\\\/#respond\"]}]},{\"@type\":\"WebPage\",\"@id\":\"https:\\\/\\\/www.mobilier-design-occasion.fr\\\/magazine\\\/couleur-pantone-2022-le-very-peri\\\/\",\"url\":\"https:\\\/\\\/www.mobilier-design-occasion.fr\\\/magazine\\\/couleur-pantone-2022-le-very-peri\\\/\",\"name\":\"Couleur Pantone 2022: on vous dit tout ce que vous n'avez pas encore lu sur le very peri! - Mobilier Design Magazine\",\"isPartOf\":{\"@id\":\"https:\\\/\\\/www.mobilier-design-occasion.fr\\\/magazine\\\/#website\"},\"primaryImageOfPage\":{\"@id\":\"https:\\\/\\\/www.mobilier-design-occasion.fr\\\/magazine\\\/couleur-pantone-2022-le-very-peri\\\/#primaryimage\"},\"image\":{\"@id\":\"https:\\\/\\\/www.mobilier-design-occasion.fr\\\/magazine\\\/couleur-pantone-2022-le-very-peri\\\/#primaryimage\"},\"thumbnailUrl\":\"https:\\\/\\\/www.mobilier-design-occasion.fr\\\/magazine\\\/wp-content\\\/uploads\\\/2022\\\/07\\\/DZDzd.jpg\",\"datePublished\":\"2022-07-20T13:51:40+00:00\",\"dateModified\":\"2022-07-20T13:52:23+00:00\",\"breadcrumb\":{\"@id\":\"https:\\\/\\\/www.mobilier-design-occasion.fr\\\/magazine\\\/couleur-pantone-2022-le-very-peri\\\/#breadcrumb\"},\"inLanguage\":\"fr-FR\",\"potentialAction\":[{\"@type\":\"ReadAction\",\"target\":[\"https:\\\/\\\/www.mobilier-design-occasion.fr\\\/magazine\\\/couleur-pantone-2022-le-very-peri\\\/\"]}]},{\"@type\":\"ImageObject\",\"inLanguage\":\"fr-FR\",\"@id\":\"https:\\\/\\\/www.mobilier-design-occasion.fr\\\/magazine\\\/couleur-pantone-2022-le-very-peri\\\/#primaryimage\",\"url\":\"https:\\\/\\\/www.mobilier-design-occasion.fr\\\/magazine\\\/wp-content\\\/uploads\\\/2022\\\/07\\\/DZDzd.jpg\",\"contentUrl\":\"https:\\\/\\\/www.mobilier-design-occasion.fr\\\/magazine\\\/wp-content\\\/uploads\\\/2022\\\/07\\\/DZDzd.jpg\",\"width\":977,\"height\":654},{\"@type\":\"BreadcrumbList\",\"@id\":\"https:\\\/\\\/www.mobilier-design-occasion.fr\\\/magazine\\\/couleur-pantone-2022-le-very-peri\\\/#breadcrumb\",\"itemListElement\":[{\"@type\":\"ListItem\",\"position\":1,\"name\":\"Accueil\",\"item\":\"https:\\\/\\\/www.mobilier-design-occasion.fr\\\/magazine\\\/\"},{\"@type\":\"ListItem\",\"position\":2,\"name\":\"Couleur Pantone 2022: on vous dit tout ce que vous n&rsquo;avez pas encore lu sur le very peri!\"}]},{\"@type\":\"WebSite\",\"@id\":\"https:\\\/\\\/www.mobilier-design-occasion.fr\\\/magazine\\\/#website\",\"url\":\"https:\\\/\\\/www.mobilier-design-occasion.fr\\\/magazine\\\/\",\"name\":\"Mobilier Design Magazine\",\"description\":\"\",\"publisher\":{\"@id\":\"https:\\\/\\\/www.mobilier-design-occasion.fr\\\/magazine\\\/#organization\"},\"potentialAction\":[{\"@type\":\"SearchAction\",\"target\":{\"@type\":\"EntryPoint\",\"urlTemplate\":\"https:\\\/\\\/www.mobilier-design-occasion.fr\\\/magazine\\\/?s={search_term_string}\"},\"query-input\":{\"@type\":\"PropertyValueSpecification\",\"valueRequired\":true,\"valueName\":\"search_term_string\"}}],\"inLanguage\":\"fr-FR\"},{\"@type\":\"Organization\",\"@id\":\"https:\\\/\\\/www.mobilier-design-occasion.fr\\\/magazine\\\/#organization\",\"name\":\"Mobilier Design Magazine\",\"url\":\"https:\\\/\\\/www.mobilier-design-occasion.fr\\\/magazine\\\/\",\"logo\":{\"@type\":\"ImageObject\",\"inLanguage\":\"fr-FR\",\"@id\":\"https:\\\/\\\/www.mobilier-design-occasion.fr\\\/magazine\\\/#\\\/schema\\\/logo\\\/image\\\/\",\"url\":\"https:\\\/\\\/www.mobilier-design-occasion.fr\\\/magazine\\\/wp-content\\\/uploads\\\/2024\\\/02\\\/android-chrome-192x192-1.png\",\"contentUrl\":\"https:\\\/\\\/www.mobilier-design-occasion.fr\\\/magazine\\\/wp-content\\\/uploads\\\/2024\\\/02\\\/android-chrome-192x192-1.png\",\"width\":192,\"height\":192,\"caption\":\"Mobilier Design Magazine\"},\"image\":{\"@id\":\"https:\\\/\\\/www.mobilier-design-occasion.fr\\\/magazine\\\/#\\\/schema\\\/logo\\\/image\\\/\"},\"sameAs\":[\"https:\\\/\\\/www.facebook.com\\\/mobilierdesignoccasion\"]},{\"@type\":\"Person\",\"@id\":\"https:\\\/\\\/www.mobilier-design-occasion.fr\\\/magazine\\\/#\\\/schema\\\/person\\\/5b2e5627a714ddadaaf8c9b886c55eff\",\"name\":\"Cyrielle Poirot\",\"image\":{\"@type\":\"ImageObject\",\"inLanguage\":\"fr-FR\",\"@id\":\"https:\\\/\\\/secure.gravatar.com\\\/avatar\\\/c8d2674e093b06894d8d1dc468b626bd752523471f3ac6e75f7c7a1400d40b4d?s=96&d=mm&r=g\",\"url\":\"https:\\\/\\\/secure.gravatar.com\\\/avatar\\\/c8d2674e093b06894d8d1dc468b626bd752523471f3ac6e75f7c7a1400d40b4d?s=96&d=mm&r=g\",\"contentUrl\":\"https:\\\/\\\/secure.gravatar.com\\\/avatar\\\/c8d2674e093b06894d8d1dc468b626bd752523471f3ac6e75f7c7a1400d40b4d?s=96&d=mm&r=g\",\"caption\":\"Cyrielle Poirot\"},\"description\":\"Cyrielle est passionn\u00e9e par la d\u00e9coration d'int\u00e9rieur et s'est sp\u00e9cialis\u00e9e depuis quelques ann\u00e9es dans l'\u00e9dition du site Mobilier-Design, avec une touche sp\u00e9cifique pour les produits d'occasion.\",\"sameAs\":[\"https:\\\/\\\/www.mobilier-design-occasion.fr\\\/magazine\"],\"url\":\"https:\\\/\\\/www.mobilier-design-occasion.fr\\\/magazine\\\/author\\\/cyrielle\\\/\"}]}<\/script>\n<!-- \/ Yoast SEO plugin. -->","yoast_head_json":{"title":"Couleur Pantone 2022: on vous dit tout ce que vous n'avez pas encore lu sur le very peri! - Mobilier Design Magazine","robots":{"index":"index","follow":"follow","max-snippet":"max-snippet:-1","max-image-preview":"max-image-preview:large","max-video-preview":"max-video-preview:-1"},"canonical":"https:\/\/www.mobilier-design-occasion.fr\/magazine\/couleur-pantone-2022-le-very-peri\/","og_locale":"fr_FR","og_type":"article","og_title":"Couleur Pantone 2022: on vous dit tout ce que vous n'avez pas encore lu sur le very peri! - Mobilier Design Magazine","og_description":"Quelle est cette couleur Pantone \u00e9lue couleur de l&#8217;ann\u00e9e 2022? La couleur Pantone est la couleur qui refl\u00e8te ce qui se passe autour de nous et \u00e9galement ce dont nous avons besoins. C\u2019est une couleur unique et exacte avec une r\u00e9f\u00e9rence qui permet de la diff\u00e9rencier parmi les autres couleurs. La couleur Pantone est un [&hellip;]","og_url":"https:\/\/www.mobilier-design-occasion.fr\/magazine\/couleur-pantone-2022-le-very-peri\/","og_site_name":"Mobilier Design Magazine","article_publisher":"https:\/\/www.facebook.com\/mobilierdesignoccasion","article_published_time":"2022-07-20T13:51:40+00:00","article_modified_time":"2022-07-20T13:52:23+00:00","og_image":[{"width":977,"height":654,"url":"https:\/\/www.mobilier-design-occasion.fr\/magazine\/wp-content\/uploads\/2022\/07\/DZDzd.jpg","type":"image\/jpeg"}],"author":"Cyrielle Poirot","twitter_card":"summary_large_image","twitter_misc":{"\u00c9crit par":"Cyrielle Poirot","Dur\u00e9e de lecture estim\u00e9e":"4 minutes"},"schema":{"@context":"https:\/\/schema.org","@graph":[{"@type":"Article","@id":"https:\/\/www.mobilier-design-occasion.fr\/magazine\/couleur-pantone-2022-le-very-peri\/#article","isPartOf":{"@id":"https:\/\/www.mobilier-design-occasion.fr\/magazine\/couleur-pantone-2022-le-very-peri\/"},"author":{"name":"Cyrielle Poirot","@id":"https:\/\/www.mobilier-design-occasion.fr\/magazine\/#\/schema\/person\/5b2e5627a714ddadaaf8c9b886c55eff"},"headline":"Couleur Pantone 2022: on vous dit tout ce que vous n&#8217;avez pas encore lu sur le very peri!","datePublished":"2022-07-20T13:51:40+00:00","dateModified":"2022-07-20T13:52:23+00:00","mainEntityOfPage":{"@id":"https:\/\/www.mobilier-design-occasion.fr\/magazine\/couleur-pantone-2022-le-very-peri\/"},"wordCount":759,"commentCount":0,"publisher":{"@id":"https:\/\/www.mobilier-design-occasion.fr\/magazine\/#organization"},"image":{"@id":"https:\/\/www.mobilier-design-occasion.fr\/magazine\/couleur-pantone-2022-le-very-peri\/#primaryimage"},"thumbnailUrl":"https:\/\/www.mobilier-design-occasion.fr\/magazine\/wp-content\/uploads\/2022\/07\/DZDzd.jpg","articleSection":["Tendances"],"inLanguage":"fr-FR","potentialAction":[{"@type":"CommentAction","name":"Comment","target":["https:\/\/www.mobilier-design-occasion.fr\/magazine\/couleur-pantone-2022-le-very-peri\/#respond"]}]},{"@type":"WebPage","@id":"https:\/\/www.mobilier-design-occasion.fr\/magazine\/couleur-pantone-2022-le-very-peri\/","url":"https:\/\/www.mobilier-design-occasion.fr\/magazine\/couleur-pantone-2022-le-very-peri\/","name":"Couleur Pantone 2022: on vous dit tout ce que vous n'avez pas encore lu sur le very peri! - Mobilier Design Magazine","isPartOf":{"@id":"https:\/\/www.mobilier-design-occasion.fr\/magazine\/#website"},"primaryImageOfPage":{"@id":"https:\/\/www.mobilier-design-occasion.fr\/magazine\/couleur-pantone-2022-le-very-peri\/#primaryimage"},"image":{"@id":"https:\/\/www.mobilier-design-occasion.fr\/magazine\/couleur-pantone-2022-le-very-peri\/#primaryimage"},"thumbnailUrl":"https:\/\/www.mobilier-design-occasion.fr\/magazine\/wp-content\/uploads\/2022\/07\/DZDzd.jpg","datePublished":"2022-07-20T13:51:40+00:00","dateModified":"2022-07-20T13:52:23+00:00","breadcrumb":{"@id":"https:\/\/www.mobilier-design-occasion.fr\/magazine\/couleur-pantone-2022-le-very-peri\/#breadcrumb"},"inLanguage":"fr-FR","potentialAction":[{"@type":"ReadAction","target":["https:\/\/www.mobilier-design-occasion.fr\/magazine\/couleur-pantone-2022-le-very-peri\/"]}]},{"@type":"ImageObject","inLanguage":"fr-FR","@id":"https:\/\/www.mobilier-design-occasion.fr\/magazine\/couleur-pantone-2022-le-very-peri\/#primaryimage","url":"https:\/\/www.mobilier-design-occasion.fr\/magazine\/wp-content\/uploads\/2022\/07\/DZDzd.jpg","contentUrl":"https:\/\/www.mobilier-design-occasion.fr\/magazine\/wp-content\/uploads\/2022\/07\/DZDzd.jpg","width":977,"height":654},{"@type":"BreadcrumbList","@id":"https:\/\/www.mobilier-design-occasion.fr\/magazine\/couleur-pantone-2022-le-very-peri\/#breadcrumb","itemListElement":[{"@type":"ListItem","position":1,"name":"Accueil","item":"https:\/\/www.mobilier-design-occasion.fr\/magazine\/"},{"@type":"ListItem","position":2,"name":"Couleur Pantone 2022: on vous dit tout ce que vous n&rsquo;avez pas encore lu sur le very peri!"}]},{"@type":"WebSite","@id":"https:\/\/www.mobilier-design-occasion.fr\/magazine\/#website","url":"https:\/\/www.mobilier-design-occasion.fr\/magazine\/","name":"Mobilier Design Magazine","description":"","publisher":{"@id":"https:\/\/www.mobilier-design-occasion.fr\/magazine\/#organization"},"potentialAction":[{"@type":"SearchAction","target":{"@type":"EntryPoint","urlTemplate":"https:\/\/www.mobilier-design-occasion.fr\/magazine\/?s={search_term_string}"},"query-input":{"@type":"PropertyValueSpecification","valueRequired":true,"valueName":"search_term_string"}}],"inLanguage":"fr-FR"},{"@type":"Organization","@id":"https:\/\/www.mobilier-design-occasion.fr\/magazine\/#organization","name":"Mobilier Design Magazine","url":"https:\/\/www.mobilier-design-occasion.fr\/magazine\/","logo":{"@type":"ImageObject","inLanguage":"fr-FR","@id":"https:\/\/www.mobilier-design-occasion.fr\/magazine\/#\/schema\/logo\/image\/","url":"https:\/\/www.mobilier-design-occasion.fr\/magazine\/wp-content\/uploads\/2024\/02\/android-chrome-192x192-1.png","contentUrl":"https:\/\/www.mobilier-design-occasion.fr\/magazine\/wp-content\/uploads\/2024\/02\/android-chrome-192x192-1.png","width":192,"height":192,"caption":"Mobilier Design Magazine"},"image":{"@id":"https:\/\/www.mobilier-design-occasion.fr\/magazine\/#\/schema\/logo\/image\/"},"sameAs":["https:\/\/www.facebook.com\/mobilierdesignoccasion"]},{"@type":"Person","@id":"https:\/\/www.mobilier-design-occasion.fr\/magazine\/#\/schema\/person\/5b2e5627a714ddadaaf8c9b886c55eff","name":"Cyrielle Poirot","image":{"@type":"ImageObject","inLanguage":"fr-FR","@id":"https:\/\/secure.gravatar.com\/avatar\/c8d2674e093b06894d8d1dc468b626bd752523471f3ac6e75f7c7a1400d40b4d?s=96&d=mm&r=g","url":"https:\/\/secure.gravatar.com\/avatar\/c8d2674e093b06894d8d1dc468b626bd752523471f3ac6e75f7c7a1400d40b4d?s=96&d=mm&r=g","contentUrl":"https:\/\/secure.gravatar.com\/avatar\/c8d2674e093b06894d8d1dc468b626bd752523471f3ac6e75f7c7a1400d40b4d?s=96&d=mm&r=g","caption":"Cyrielle Poirot"},"description":"Cyrielle est passionn\u00e9e par la d\u00e9coration d'int\u00e9rieur et s'est sp\u00e9cialis\u00e9e depuis quelques ann\u00e9es dans l'\u00e9dition du site Mobilier-Design, avec une touche sp\u00e9cifique pour les produits d'occasion.","sameAs":["https:\/\/www.mobilier-design-occasion.fr\/magazine"],"url":"https:\/\/www.mobilier-design-occasion.fr\/magazine\/author\/cyrielle\/"}]}},"_links":{"self":[{"href":"https:\/\/www.mobilier-design-occasion.fr\/magazine\/wp-json\/wp\/v2\/posts\/5417","targetHints":{"allow":["GET"]}}],"collection":[{"href":"https:\/\/www.mobilier-design-occasion.fr\/magazine\/wp-json\/wp\/v2\/posts"}],"about":[{"href":"https:\/\/www.mobilier-design-occasion.fr\/magazine\/wp-json\/wp\/v2\/types\/post"}],"author":[{"embeddable":true,"href":"https:\/\/www.mobilier-design-occasion.fr\/magazine\/wp-json\/wp\/v2\/users\/1"}],"replies":[{"embeddable":true,"href":"https:\/\/www.mobilier-design-occasion.fr\/magazine\/wp-json\/wp\/v2\/comments?post=5417"}],"version-history":[{"count":8,"href":"https:\/\/www.mobilier-design-occasion.fr\/magazine\/wp-json\/wp\/v2\/posts\/5417\/revisions"}],"predecessor-version":[{"id":5499,"href":"https:\/\/www.mobilier-design-occasion.fr\/magazine\/wp-json\/wp\/v2\/posts\/5417\/revisions\/5499"}],"wp:featuredmedia":[{"embeddable":true,"href":"https:\/\/www.mobilier-design-occasion.fr\/magazine\/wp-json\/wp\/v2\/media\/5457"}],"wp:attachment":[{"href":"https:\/\/www.mobilier-design-occasion.fr\/magazine\/wp-json\/wp\/v2\/media?parent=5417"}],"wp:term":[{"taxonomy":"category","embeddable":true,"href":"https:\/\/www.mobilier-design-occasion.fr\/magazine\/wp-json\/wp\/v2\/categories?post=5417"},{"taxonomy":"post_tag","embeddable":true,"href":"https:\/\/www.mobilier-design-occasion.fr\/magazine\/wp-json\/wp\/v2\/tags?post=5417"}],"curies":[{"name":"wp","href":"https:\/\/api.w.org\/{rel}","templated":true}]}}