{"id":5370,"date":"2023-08-17T07:48:22","date_gmt":"2023-08-17T07:48:22","guid":{"rendered":"https:\/\/www.mobilier-design-occasion.fr\/magazine\/?p=5370"},"modified":"2023-08-17T09:26:40","modified_gmt":"2023-08-17T09:26:40","slug":"vert-sauge-decouvrez-nos-10-astuces-pour-lintegrer-dans-votre-decoration-dinterieur","status":"publish","type":"post","link":"https:\/\/www.mobilier-design-occasion.fr\/magazine\/vert-sauge-decouvrez-nos-10-astuces-pour-lintegrer-dans-votre-decoration-dinterieur\/","title":{"rendered":"Vert sauge: d\u00e9couvrez nos 10 astuces pour l&#8217;int\u00e9grer dans votre d\u00e9coration d&#8217;int\u00e9rieur!"},"content":{"rendered":"\n<h2 class=\"wp-block-heading\"><span class=\"ez-toc-section\" id=\"Quest-ce_quun_vert_sauge\"><\/span><strong>Qu\u2019est-ce qu\u2019un vert sauge ?<\/strong><span class=\"ez-toc-section-end\"><\/span><\/h2><div id=\"ez-toc-container\" class=\"ez-toc-v2_0_82_2 counter-hierarchy ez-toc-counter ez-toc-grey ez-toc-container-direction\">\n<div class=\"ez-toc-title-container\">\n<span class=\"ez-toc-title-toggle\"><a href=\"#\" class=\"ez-toc-pull-right ez-toc-btn ez-toc-btn-xs ez-toc-btn-default ez-toc-toggle\" aria-label=\"Toggle Table of Content\"><span class=\"ez-toc-js-icon-con\"><span class=\"\"><span class=\"eztoc-hide\" style=\"display:none;\">Toggle<\/span><span class=\"ez-toc-icon-toggle-span\"><svg style=\"fill: #999;color:#999\" xmlns=\"http:\/\/www.w3.org\/2000\/svg\" class=\"list-377408\" width=\"20px\" height=\"20px\" viewBox=\"0 0 24 24\" fill=\"none\"><path d=\"M6 6H4v2h2V6zm14 0H8v2h12V6zM4 11h2v2H4v-2zm16 0H8v2h12v-2zM4 16h2v2H4v-2zm16 0H8v2h12v-2z\" fill=\"currentColor\"><\/path><\/svg><svg style=\"fill: #999;color:#999\" class=\"arrow-unsorted-368013\" xmlns=\"http:\/\/www.w3.org\/2000\/svg\" width=\"10px\" height=\"10px\" viewBox=\"0 0 24 24\" version=\"1.2\" baseProfile=\"tiny\"><path d=\"M18.2 9.3l-6.2-6.3-6.2 6.3c-.2.2-.3.4-.3.7s.1.5.3.7c.2.2.4.3.7.3h11c.3 0 .5-.1.7-.3.2-.2.3-.5.3-.7s-.1-.5-.3-.7zM5.8 14.7l6.2 6.3 6.2-6.3c.2-.2.3-.5.3-.7s-.1-.5-.3-.7c-.2-.2-.4-.3-.7-.3h-11c-.3 0-.5.1-.7.3-.2.2-.3.5-.3.7s.1.5.3.7z\"\/><\/svg><\/span><\/span><\/span><\/a><\/span><\/div>\n<nav><ul class='ez-toc-list ez-toc-list-level-1 eztoc-toggle-hide-by-default' ><li class='ez-toc-page-1 ez-toc-heading-level-2'><a class=\"ez-toc-link ez-toc-heading-1\" href=\"https:\/\/www.mobilier-design-occasion.fr\/magazine\/vert-sauge-decouvrez-nos-10-astuces-pour-lintegrer-dans-votre-decoration-dinterieur\/#Quest-ce_quun_vert_sauge\" >Qu\u2019est-ce qu\u2019un vert sauge ?<\/a><\/li><li class='ez-toc-page-1 ez-toc-heading-level-2'><a class=\"ez-toc-link ez-toc-heading-2\" href=\"https:\/\/www.mobilier-design-occasion.fr\/magazine\/vert-sauge-decouvrez-nos-10-astuces-pour-lintegrer-dans-votre-decoration-dinterieur\/#Les_differentes_nuances_de_vert_sauge\" >Les diff\u00e9rentes nuances de vert sauge<\/a><\/li><li class='ez-toc-page-1 ez-toc-heading-level-2'><a class=\"ez-toc-link ez-toc-heading-3\" href=\"https:\/\/www.mobilier-design-occasion.fr\/magazine\/vert-sauge-decouvrez-nos-10-astuces-pour-lintegrer-dans-votre-decoration-dinterieur\/#Ou_acheter_de_la_peinture_vert_sauge\" >O\u00f9 acheter de la peinture vert sauge ?<\/a><\/li><li class='ez-toc-page-1 ez-toc-heading-level-2'><a class=\"ez-toc-link ez-toc-heading-4\" href=\"https:\/\/www.mobilier-design-occasion.fr\/magazine\/vert-sauge-decouvrez-nos-10-astuces-pour-lintegrer-dans-votre-decoration-dinterieur\/#Vert_sauge_dans_la_chambre\" >Vert sauge dans la chambre<\/a><\/li><li class='ez-toc-page-1 ez-toc-heading-level-2'><a class=\"ez-toc-link ez-toc-heading-5\" href=\"https:\/\/www.mobilier-design-occasion.fr\/magazine\/vert-sauge-decouvrez-nos-10-astuces-pour-lintegrer-dans-votre-decoration-dinterieur\/#Vert_sauge_dans_la_cuisine\" >Vert sauge dans la cuisine<\/a><\/li><li class='ez-toc-page-1 ez-toc-heading-level-2'><a class=\"ez-toc-link ez-toc-heading-6\" href=\"https:\/\/www.mobilier-design-occasion.fr\/magazine\/vert-sauge-decouvrez-nos-10-astuces-pour-lintegrer-dans-votre-decoration-dinterieur\/#Vert_sauge_dans_le_salon\" >Vert sauge dans le salon<\/a><\/li><li class='ez-toc-page-1 ez-toc-heading-level-2'><a class=\"ez-toc-link ez-toc-heading-7\" href=\"https:\/\/www.mobilier-design-occasion.fr\/magazine\/vert-sauge-decouvrez-nos-10-astuces-pour-lintegrer-dans-votre-decoration-dinterieur\/#Vert_sauge_dans_le_mobilier\" >Vert sauge dans le mobilier<\/a><\/li><li class='ez-toc-page-1 ez-toc-heading-level-2'><a class=\"ez-toc-link ez-toc-heading-8\" href=\"https:\/\/www.mobilier-design-occasion.fr\/magazine\/vert-sauge-decouvrez-nos-10-astuces-pour-lintegrer-dans-votre-decoration-dinterieur\/#Comment_assortir_sa_decoration_dinterieur_au_vert_sauge\" >Comment assortir sa d\u00e9coration d\u2019int\u00e9rieur au vert sauge?<\/a><\/li><\/ul><\/nav><\/div>\n\n\n\n\n<p>Le vert sauge est un nom de couleur d\u00e9signant une nuance de vert. Il fait principalement r\u00e9f\u00e9rence \u00e0 la couleur de la sauge officinale. La couleur vert sauge est tr\u00e8s souvent utilis\u00e9 dans la d\u00e9coration et la mode. En 1845, le vert sauge d\u00e9crit des c\u00e9ramiques modernes.<\/p>\n\n\n\n<p>Le vert sauge est du vert qui se situe entre un vert-de-gris et un vert c\u00e9ladon. C\u2019est une couleur neutre et \u00e9l\u00e9gante. Tr\u00e8s en vogue dans le monde de la d\u00e9coration int\u00e9rieur, le vert sauge s\u2019int\u00e8gre partout.<\/p>\n\n\n\n<p>Besoin de conseils pour d\u00e9corer votre int\u00e9rieur et peindre une de vos pi\u00e8ces en vert sauge? <a href=\"https:\/\/www.jolichezvous.com\/\">D\u00e9couvrez nos plus beaux conseils<\/a>.<\/p>\n\n\n\n<figure class=\"wp-block-image size-full\"><a href=\"https:\/\/www.jolichezvous.com\/\"><img loading=\"lazy\" decoding=\"async\" width=\"1024\" height=\"768\" src=\"https:\/\/www.mobilier-design-occasion.fr\/magazine\/wp-content\/uploads\/2022\/07\/BY.jpg\" alt=\"\" class=\"wp-image-5387\" srcset=\"https:\/\/www.mobilier-design-occasion.fr\/magazine\/wp-content\/uploads\/2022\/07\/BY.jpg 1024w, https:\/\/www.mobilier-design-occasion.fr\/magazine\/wp-content\/uploads\/2022\/07\/BY-300x225.jpg 300w, https:\/\/www.mobilier-design-occasion.fr\/magazine\/wp-content\/uploads\/2022\/07\/BY-768x576.jpg 768w, https:\/\/www.mobilier-design-occasion.fr\/magazine\/wp-content\/uploads\/2022\/07\/BY-810x608.jpg 810w\" sizes=\"auto, (max-width: 1024px) 100vw, 1024px\" \/><\/a><figcaption class=\"wp-element-caption\">Pinterest<\/figcaption><\/figure>\n\n\n\n<h2 class=\"wp-block-heading\"><span class=\"ez-toc-section\" id=\"Les_differentes_nuances_de_vert_sauge\"><\/span><strong>Les diff\u00e9rentes nuances de vert sauge<\/strong><span class=\"ez-toc-section-end\"><\/span><\/h2>\n\n\n\n<p>On peut trouver un grand nombre de nuances de vert sauge. Parmi ces couleurs, voici quelques tons qui figurent dans la famille du vert sauge&nbsp;:<\/p>\n\n\n\n<ul class=\"wp-block-list\">\n<li>Vert-de-gris<\/li>\n\n\n\n<li>Vert mousse<\/li>\n\n\n\n<li>Vert olive<\/li>\n\n\n\n<li>Vert jade<\/li>\n\n\n\n<li>Vert c\u00e9ladon<\/li>\n\n\n\n<li>Vert viride<\/li>\n\n\n\n<li>Vert prasin<\/li>\n\n\n\n<li>Vert lichen<\/li>\n<\/ul>\n\n\n\n<figure class=\"wp-block-image size-full\"><img loading=\"lazy\" decoding=\"async\" width=\"800\" height=\"667\" src=\"https:\/\/www.mobilier-design-occasion.fr\/magazine\/wp-content\/uploads\/2022\/07\/nuancier-vert-sauge-decoration-interieur-tendances-couleurs.jpg\" alt=\"\" class=\"wp-image-5386\" srcset=\"https:\/\/www.mobilier-design-occasion.fr\/magazine\/wp-content\/uploads\/2022\/07\/nuancier-vert-sauge-decoration-interieur-tendances-couleurs.jpg 800w, https:\/\/www.mobilier-design-occasion.fr\/magazine\/wp-content\/uploads\/2022\/07\/nuancier-vert-sauge-decoration-interieur-tendances-couleurs-300x250.jpg 300w, https:\/\/www.mobilier-design-occasion.fr\/magazine\/wp-content\/uploads\/2022\/07\/nuancier-vert-sauge-decoration-interieur-tendances-couleurs-768x640.jpg 768w\" sizes=\"auto, (max-width: 800px) 100vw, 800px\" \/><figcaption class=\"wp-element-caption\">Archzine<\/figcaption><\/figure>\n\n\n\n<h2 class=\"wp-block-heading\"><span class=\"ez-toc-section\" id=\"Ou_acheter_de_la_peinture_vert_sauge\"><\/span><strong>O\u00f9 acheter de la peinture vert sauge ?<\/strong><span class=\"ez-toc-section-end\"><\/span><\/h2>\n\n\n\n<p>Le vert sauge est devenu tr\u00e8s \u00e0 la mode ces derni\u00e8res ann\u00e9es, c\u2019est pour cela que de nombreux marques ont mis cette couleur en avant dans leurs collections. Voici quelques marques qui produisent de la peinture vert sauge et qui en proposent dans leur catalogue:<\/p>\n\n\n\n<ul class=\"wp-block-list\">\n<li>Tollens<\/li>\n\n\n\n<li>Levis<\/li>\n\n\n\n<li>Ripolin<\/li>\n\n\n\n<li>Luxens<\/li>\n\n\n\n<li>Dulux Valentines<\/li>\n\n\n\n<li>Farrow &amp; Ball, la peinture pr\u00e9f\u00e9r\u00e9e des d\u00e9corateurs et architectes d&#8217;int\u00e9rieur<\/li>\n\n\n\n<li>Peintagone, la petite marque belge qui monte<\/li>\n<\/ul>\n\n\n\n<figure class=\"wp-block-embed is-type-rich is-provider-twitter wp-block-embed-twitter\"><div class=\"wp-block-embed__wrapper\">\n<blockquote class=\"twitter-tweet\" data-width=\"550\" data-dnt=\"true\"><p lang=\"fr\" dir=\"ltr\">Dans cet appartement contemporain, c&#39;est le vert sauge qui sert de fil conducteur \u00e0 la d\u00e9coration <a href=\"https:\/\/t.co\/ibnlHJKFOD\">https:\/\/t.co\/ibnlHJKFOD<\/a> <a href=\"https:\/\/t.co\/uh8obOn0X2\">pic.twitter.com\/uh8obOn0X2<\/a><\/p>&mdash; lilly rose Durand (@planetedeco) <a href=\"https:\/\/twitter.com\/planetedeco\/status\/1315541591675764736?ref_src=twsrc%5Etfw\">October 12, 2020<\/a><\/blockquote><script async src=\"https:\/\/platform.twitter.com\/widgets.js\" charset=\"utf-8\"><\/script>\n<\/div><\/figure>\n\n\n\n<h2 class=\"wp-block-heading\"><span class=\"ez-toc-section\" id=\"Vert_sauge_dans_la_chambre\"><\/span><strong>Vert sauge dans la chambre<\/strong><span class=\"ez-toc-section-end\"><\/span><\/h2>\n\n\n\n<p>Le <a href=\"https:\/\/maison.20minutes.fr\/mm14197-vert-sauge-decoration\/\">vert sauge<\/a> est une couleur douce qui procure une ambiance chaleureuse et conviviale dans une chambre. Pour int\u00e9grer le vert sauge dans la chambre, on peut tout \u00e0 fait l\u2019utiliser sur les murs, adopter du linge de lit vert sauge, une t\u00eate de lit dans ce ton ou l&#8217;utiliser par touche avec diff\u00e9rents accessoires de d\u00e9coration d&#8217;int\u00e9rieur. <\/p>\n\n\n\n<div class=\"wp-block-columns is-layout-flex wp-container-core-columns-is-layout-9d6595d7 wp-block-columns-is-layout-flex\">\n<div class=\"wp-block-column is-layout-flow wp-block-column-is-layout-flow\">\n<figure class=\"wp-block-image size-full is-resized\"><img loading=\"lazy\" decoding=\"async\" src=\"https:\/\/www.mobilier-design-occasion.fr\/magazine\/wp-content\/uploads\/2022\/07\/jolie.jpg\" alt=\"\" class=\"wp-image-5372\" style=\"width:284px;height:213px\" width=\"284\" height=\"213\" srcset=\"https:\/\/www.mobilier-design-occasion.fr\/magazine\/wp-content\/uploads\/2022\/07\/jolie.jpg 564w, https:\/\/www.mobilier-design-occasion.fr\/magazine\/wp-content\/uploads\/2022\/07\/jolie-300x225.jpg 300w\" sizes=\"auto, (max-width: 284px) 100vw, 284px\" \/><figcaption class=\"wp-element-caption\">jolieplace via P\u00efnterest<\/figcaption><\/figure>\n<\/div>\n\n\n\n<div class=\"wp-block-column is-layout-flow wp-block-column-is-layout-flow\">\n<figure class=\"wp-block-image size-full\"><img loading=\"lazy\" decoding=\"async\" width=\"563\" height=\"657\" src=\"https:\/\/www.mobilier-design-occasion.fr\/magazine\/wp-content\/uploads\/2022\/07\/a.jpg\" alt=\"\" class=\"wp-image-5374\" srcset=\"https:\/\/www.mobilier-design-occasion.fr\/magazine\/wp-content\/uploads\/2022\/07\/a.jpg 563w, https:\/\/www.mobilier-design-occasion.fr\/magazine\/wp-content\/uploads\/2022\/07\/a-257x300.jpg 257w\" sizes=\"auto, (max-width: 563px) 100vw, 563px\" \/><figcaption class=\"wp-element-caption\">leannaearle via Pinterest<\/figcaption><\/figure>\n<\/div>\n<\/div>\n\n\n\n<p>Mari\u00e9 \u00e0 une touche de couleur <strong>ocre<\/strong> ou <strong>terracotta<\/strong>, le vert sauge montre son caract\u00e8re \u00e9l\u00e9gant tout en apportant une <strong>atmosph\u00e8re cocooning<\/strong>. Il ne faut pas oublier la teinte rose poudr\u00e9 et l\u2019essence naturel du bois pour accentuer la nature du vert sauge.<\/p>\n\n\n\n<h2 class=\"wp-block-heading\"><span class=\"ez-toc-section\" id=\"Vert_sauge_dans_la_cuisine\"><\/span><strong>Vert sauge dans la cuisine<\/strong><span class=\"ez-toc-section-end\"><\/span><\/h2>\n\n\n\n<p>Dans la cuisine, la teinte vert sauge sublime les diff\u00e9rents mat\u00e9riaux utilis\u00e9s. Parmi ces mat\u00e9riaux mis en exergues par le vert sauge, on peut voir&nbsp;:<\/p>\n\n\n\n<ul class=\"wp-block-list\">\n<li>Le bois<\/li>\n\n\n\n<li>Le verre<\/li>\n\n\n\n<li>Le terrazzo<\/li>\n\n\n\n<li>Le marbre<\/li>\n\n\n\n<li>Le carrelage<\/li>\n\n\n\n<li>La pierre naturelle<\/li>\n\n\n\n<li>Le b\u00e9ton<\/li>\n<\/ul>\n\n\n\n<div class=\"wp-block-columns is-layout-flex wp-container-core-columns-is-layout-9d6595d7 wp-block-columns-is-layout-flex\">\n<div class=\"wp-block-column is-layout-flow wp-block-column-is-layout-flow\">\n<figure class=\"wp-block-image size-full\"><img loading=\"lazy\" decoding=\"async\" width=\"564\" height=\"558\" src=\"https:\/\/www.mobilier-design-occasion.fr\/magazine\/wp-content\/uploads\/2022\/07\/aa.jpg\" alt=\"\" class=\"wp-image-5379\" srcset=\"https:\/\/www.mobilier-design-occasion.fr\/magazine\/wp-content\/uploads\/2022\/07\/aa.jpg 564w, https:\/\/www.mobilier-design-occasion.fr\/magazine\/wp-content\/uploads\/2022\/07\/aa-300x297.jpg 300w\" sizes=\"auto, (max-width: 564px) 100vw, 564px\" \/><figcaption class=\"wp-element-caption\">SoCoo&#8217;c via Pinterest<\/figcaption><\/figure>\n<\/div>\n\n\n\n<div class=\"wp-block-column is-layout-flow wp-block-column-is-layout-flow\">\n<figure class=\"wp-block-image size-full\"><img loading=\"lazy\" decoding=\"async\" width=\"563\" height=\"385\" src=\"https:\/\/www.mobilier-design-occasion.fr\/magazine\/wp-content\/uploads\/2022\/07\/2.jpg\" alt=\"\" class=\"wp-image-5380\" srcset=\"https:\/\/www.mobilier-design-occasion.fr\/magazine\/wp-content\/uploads\/2022\/07\/2.jpg 563w, https:\/\/www.mobilier-design-occasion.fr\/magazine\/wp-content\/uploads\/2022\/07\/2-300x205.jpg 300w, https:\/\/www.mobilier-design-occasion.fr\/magazine\/wp-content\/uploads\/2022\/07\/2-145x100.jpg 145w, https:\/\/www.mobilier-design-occasion.fr\/magazine\/wp-content\/uploads\/2022\/07\/2-380x260.jpg 380w\" sizes=\"auto, (max-width: 563px) 100vw, 563px\" \/><figcaption class=\"wp-element-caption\">20 minutes via Pinterest<\/figcaption><\/figure>\n<\/div>\n<\/div>\n\n\n\n<p>Il y a plusieurs fa\u00e7ons d\u2019int\u00e9grer le <a href=\"https:\/\/clemaroundthecorner.com\/couleur-vert-sauge-blog-deco\/\">vert sauge<\/a> dans la cuisine. On peut l\u2019ajouter aux&nbsp;:<\/p>\n\n\n\n<ul class=\"wp-block-list\">\n<li>Fa\u00e7ades des meubles<\/li>\n\n\n\n<li>Murs<\/li>\n\n\n\n<li>Cr\u00e9dence<\/li>\n\n\n\n<li>Ustensiles de cuisine<\/li>\n\n\n\n<li>Etag\u00e8res<\/li>\n\n\n\n<li>Tapis de cuisine<\/li>\n\n\n\n<li>Objets de d\u00e9corations<\/li>\n<\/ul>\n\n\n\n<h2 class=\"wp-block-heading\"><span class=\"ez-toc-section\" id=\"Vert_sauge_dans_le_salon\"><\/span><strong>Vert sauge dans le salon<\/strong><span class=\"ez-toc-section-end\"><\/span><\/h2>\n\n\n\n<p>Ajouter du vert sauge dans le salon est devenu tr\u00e8s tendance depuis quelques temps. Cette couleur apaisante et intemporelle s\u2019int\u00e8gre de diff\u00e9rentes fa\u00e7ons dans le salon. Il peut recouvrir une partie des murs, on peut aussi le retrouver sur les meubles, sur les rideaux et voilages, les coussins et les plaids. Ajouter du vert sauge gr\u00e2ce aux divers objets de d\u00e9corations s\u2019av\u00e8rent \u00e9galement \u00eatre une bonne id\u00e9e.<\/p>\n\n\n\n<div class=\"wp-block-columns is-layout-flex wp-container-core-columns-is-layout-9d6595d7 wp-block-columns-is-layout-flex\">\n<div class=\"wp-block-column is-layout-flow wp-block-column-is-layout-flow\">\n<figure class=\"wp-block-image size-full\"><img loading=\"lazy\" decoding=\"async\" width=\"564\" height=\"846\" src=\"https:\/\/www.mobilier-design-occasion.fr\/magazine\/wp-content\/uploads\/2022\/07\/bb.jpg\" alt=\"\" class=\"wp-image-5377\" srcset=\"https:\/\/www.mobilier-design-occasion.fr\/magazine\/wp-content\/uploads\/2022\/07\/bb.jpg 564w, https:\/\/www.mobilier-design-occasion.fr\/magazine\/wp-content\/uploads\/2022\/07\/bb-200x300.jpg 200w\" sizes=\"auto, (max-width: 564px) 100vw, 564px\" \/><figcaption class=\"wp-element-caption\">bouvreuil meubles via Pinterest<\/figcaption><\/figure>\n<\/div>\n\n\n\n<div class=\"wp-block-column is-layout-flow wp-block-column-is-layout-flow\">\n<figure class=\"wp-block-image size-full\"><img loading=\"lazy\" decoding=\"async\" width=\"563\" height=\"751\" src=\"https:\/\/www.mobilier-design-occasion.fr\/magazine\/wp-content\/uploads\/2022\/07\/c.jpg\" alt=\"\" class=\"wp-image-5378\" srcset=\"https:\/\/www.mobilier-design-occasion.fr\/magazine\/wp-content\/uploads\/2022\/07\/c.jpg 563w, https:\/\/www.mobilier-design-occasion.fr\/magazine\/wp-content\/uploads\/2022\/07\/c-225x300.jpg 225w\" sizes=\"auto, (max-width: 563px) 100vw, 563px\" \/><figcaption class=\"wp-element-caption\">cocondedecoration via Pinterest<\/figcaption><\/figure>\n<\/div>\n<\/div>\n\n\n\n<h2 class=\"wp-block-heading\"><span class=\"ez-toc-section\" id=\"Vert_sauge_dans_le_mobilier\"><\/span><strong>Vert sauge dans le mobilier<\/strong><span class=\"ez-toc-section-end\"><\/span><\/h2>\n\n\n\n<p>Doux, apaisant et ind\u00e9modable, le vert sauge est l\u2019une des couleurs phares du moment. De plus en plus de designers et de marques l\u2019ont adopt\u00e9 pour la teinte de divers mobiliers. Parmi ces mobiliers, on peut trouver ceux l\u00e0 en vert sauge sur le march\u00e9&nbsp;:<\/p>\n\n\n\n<ul class=\"wp-block-list\">\n<li>Canap\u00e9<\/li>\n\n\n\n<li>Fauteuil<\/li>\n\n\n\n<li>Table<\/li>\n\n\n\n<li>Chaise<\/li>\n\n\n\n<li>Pouf<\/li>\n\n\n\n<li><a href=\"https:\/\/www.mobilier-design-occasion.fr\/magazine\/comment-acheter-une-table-basse-pas-chere-sans-compromettre-la-qualite-7-etapes\/\">Table basse<\/a><\/li>\n\n\n\n<li>\u00c9tag\u00e8re<\/li>\n\n\n\n<li>Meuble de cuisine<\/li>\n\n\n\n<li>Bureau<\/li>\n\n\n\n<li>Lit<\/li>\n<\/ul>\n\n\n\n<div class=\"wp-block-columns is-layout-flex wp-container-core-columns-is-layout-9d6595d7 wp-block-columns-is-layout-flex\">\n<div class=\"wp-block-column is-layout-flow wp-block-column-is-layout-flow\">\n<figure class=\"wp-block-image size-full\"><img loading=\"lazy\" decoding=\"async\" width=\"563\" height=\"423\" src=\"https:\/\/www.mobilier-design-occasion.fr\/magazine\/wp-content\/uploads\/2022\/07\/1.jpg\" alt=\"\" class=\"wp-image-5382\" srcset=\"https:\/\/www.mobilier-design-occasion.fr\/magazine\/wp-content\/uploads\/2022\/07\/1.jpg 563w, https:\/\/www.mobilier-design-occasion.fr\/magazine\/wp-content\/uploads\/2022\/07\/1-300x225.jpg 300w\" sizes=\"auto, (max-width: 563px) 100vw, 563px\" \/><figcaption class=\"wp-element-caption\">joliplace via Pinterest<\/figcaption><\/figure>\n<\/div>\n\n\n\n<div class=\"wp-block-column is-layout-flow wp-block-column-is-layout-flow\">\n<figure class=\"wp-block-image size-full\"><img loading=\"lazy\" decoding=\"async\" width=\"564\" height=\"317\" src=\"https:\/\/www.mobilier-design-occasion.fr\/magazine\/wp-content\/uploads\/2022\/07\/11.jpg\" alt=\"\" class=\"wp-image-5383\" srcset=\"https:\/\/www.mobilier-design-occasion.fr\/magazine\/wp-content\/uploads\/2022\/07\/11.jpg 564w, https:\/\/www.mobilier-design-occasion.fr\/magazine\/wp-content\/uploads\/2022\/07\/11-300x169.jpg 300w\" sizes=\"auto, (max-width: 564px) 100vw, 564px\" \/><figcaption class=\"wp-element-caption\">cocondedecoration via Pinterest<\/figcaption><\/figure>\n<\/div>\n<\/div>\n\n\n\n<h2 class=\"wp-block-heading\"><span class=\"ez-toc-section\" id=\"Comment_assortir_sa_decoration_dinterieur_au_vert_sauge\"><\/span><strong>Comment assortir sa d\u00e9coration d\u2019int\u00e9rieur au vert sauge<\/strong>?<span class=\"ez-toc-section-end\"><\/span><\/h2>\n\n\n\n<p>L\u2019aspect d\u00e9licat, tendre et sophistiqu\u00e9 du vert sauge s\u2019adapte \u00e0 toutes les d\u00e9corations. Il se marie avec diff\u00e9rentes teintes et mat\u00e9riaux.<\/p>\n\n\n\n<ul class=\"wp-block-list\">\n<li>En combinaison avec des couleurs neutres comme le blanc, le gris, le beige, le marron ou la cr\u00e8me, le vert sauge offre une ambiance calme et paisible.<\/li>\n\n\n\n<li>Le ton froid du vert sauge associ\u00e9 \u00e0 la chaleur du bois procure un effet de contraste \u00e0 la fois naturel, doux et accueillant.<\/li>\n\n\n\n<li>Le vert sauge s\u2019assemble parfaitement \u00e0 d\u2019autres nuances de vert ou \u00e0 des motifs de feuillages pour un rendu verdoyant. On peut tout \u00e0 fait utiliser du vert kaki, du vert olive, du vert prairie, du vert anis, du vert amande ou du vert \u00e9meraude.<\/li>\n\n\n\n<li>Le vert sauge s\u2019associe parfaitement \u00e0 la couleur blush ou nude pour une atmosph\u00e8re tr\u00e8s douce et chaleureuse.<\/li>\n\n\n\n<li>L\u2019association du vert sauge \u00e0 du jaune moutarde, du bleu p\u00e9trole, du bleu canard ou du noir donne un effet plus dynamique \u00e0 la pi\u00e8ce.&nbsp;<\/li>\n<\/ul>\n\n\n\n<div class=\"wp-block-columns is-layout-flex wp-container-core-columns-is-layout-9d6595d7 wp-block-columns-is-layout-flex\">\n<div class=\"wp-block-column is-layout-flow wp-block-column-is-layout-flow\">\n<figure class=\"wp-block-image size-full\"><img loading=\"lazy\" decoding=\"async\" width=\"564\" height=\"423\" src=\"https:\/\/www.mobilier-design-occasion.fr\/magazine\/wp-content\/uploads\/2022\/07\/B.jpg\" alt=\"\" class=\"wp-image-5376\" srcset=\"https:\/\/www.mobilier-design-occasion.fr\/magazine\/wp-content\/uploads\/2022\/07\/B.jpg 564w, https:\/\/www.mobilier-design-occasion.fr\/magazine\/wp-content\/uploads\/2022\/07\/B-300x225.jpg 300w\" sizes=\"auto, (max-width: 564px) 100vw, 564px\" \/><figcaption class=\"wp-element-caption\">joliplace via Pinterest<\/figcaption><\/figure>\n<\/div>\n\n\n\n<div class=\"wp-block-column is-layout-flow wp-block-column-is-layout-flow\">\n<figure class=\"wp-block-image size-full\"><img loading=\"lazy\" decoding=\"async\" width=\"564\" height=\"704\" src=\"https:\/\/www.mobilier-design-occasion.fr\/magazine\/wp-content\/uploads\/2022\/07\/111.jpg\" alt=\"\" class=\"wp-image-5384\" srcset=\"https:\/\/www.mobilier-design-occasion.fr\/magazine\/wp-content\/uploads\/2022\/07\/111.jpg 564w, https:\/\/www.mobilier-design-occasion.fr\/magazine\/wp-content\/uploads\/2022\/07\/111-240x300.jpg 240w\" sizes=\"auto, (max-width: 564px) 100vw, 564px\" \/><figcaption class=\"wp-element-caption\">au f\u00e9minin via Pinterest<\/figcaption><\/figure>\n<\/div>\n<\/div>\n","protected":false},"excerpt":{"rendered":"<p>Qu\u2019est-ce qu\u2019un vert sauge ? Le vert sauge est un nom de couleur d\u00e9signant une nuance de vert. Il fait principalement r\u00e9f\u00e9rence \u00e0 la couleur de la sauge officinale. La couleur vert sauge est tr\u00e8s souvent utilis\u00e9 dans la d\u00e9coration et la mode. En 1845, le vert sauge d\u00e9crit des c\u00e9ramiques modernes. Le vert sauge [&hellip;]<\/p>\n","protected":false},"author":1,"featured_media":5388,"comment_status":"open","ping_status":"open","sticky":false,"template":"","format":"standard","meta":{"footnotes":""},"categories":[2],"tags":[],"class_list":["post-5370","post","type-post","status-publish","format-standard","has-post-thumbnail","hentry","category-tendances"],"yoast_head":"<!-- This site is optimized with the Yoast SEO plugin v27.5 - https:\/\/yoast.com\/product\/yoast-seo-wordpress\/ -->\n<title>Vert sauge: d\u00e9couvrez nos 10 astuces pour l&#039;int\u00e9grer dans votre d\u00e9coration d&#039;int\u00e9rieur! - Mobilier Design Magazine<\/title>\n<meta name=\"robots\" content=\"index, follow, max-snippet:-1, max-image-preview:large, max-video-preview:-1\" \/>\n<link rel=\"canonical\" href=\"https:\/\/www.mobilier-design-occasion.fr\/magazine\/vert-sauge-decouvrez-nos-10-astuces-pour-lintegrer-dans-votre-decoration-dinterieur\/\" \/>\n<meta property=\"og:locale\" content=\"fr_FR\" \/>\n<meta property=\"og:type\" content=\"article\" \/>\n<meta property=\"og:title\" content=\"Vert sauge: d\u00e9couvrez nos 10 astuces pour l&#039;int\u00e9grer dans votre d\u00e9coration d&#039;int\u00e9rieur! - Mobilier Design Magazine\" \/>\n<meta property=\"og:description\" content=\"Qu\u2019est-ce qu\u2019un vert sauge ? Le vert sauge est un nom de couleur d\u00e9signant une nuance de vert. Il fait principalement r\u00e9f\u00e9rence \u00e0 la couleur de la sauge officinale. La couleur vert sauge est tr\u00e8s souvent utilis\u00e9 dans la d\u00e9coration et la mode. En 1845, le vert sauge d\u00e9crit des c\u00e9ramiques modernes. Le vert sauge [&hellip;]\" \/>\n<meta property=\"og:url\" content=\"https:\/\/www.mobilier-design-occasion.fr\/magazine\/vert-sauge-decouvrez-nos-10-astuces-pour-lintegrer-dans-votre-decoration-dinterieur\/\" \/>\n<meta property=\"og:site_name\" content=\"Mobilier Design Magazine\" \/>\n<meta property=\"article:publisher\" content=\"https:\/\/www.facebook.com\/mobilierdesignoccasion\" \/>\n<meta property=\"article:published_time\" content=\"2023-08-17T07:48:22+00:00\" \/>\n<meta property=\"article:modified_time\" content=\"2023-08-17T09:26:40+00:00\" \/>\n<meta property=\"og:image\" content=\"https:\/\/www.mobilier-design-occasion.fr\/magazine\/wp-content\/uploads\/2022\/07\/1-cuisine-rustique-tollens.jpg\" \/>\n\t<meta property=\"og:image:width\" content=\"1024\" \/>\n\t<meta property=\"og:image:height\" content=\"769\" \/>\n\t<meta property=\"og:image:type\" content=\"image\/jpeg\" \/>\n<meta name=\"author\" content=\"Cyrielle Poirot\" \/>\n<meta name=\"twitter:card\" content=\"summary_large_image\" \/>\n<meta name=\"twitter:label1\" content=\"\u00c9crit par\" \/>\n\t<meta name=\"twitter:data1\" content=\"Cyrielle Poirot\" \/>\n\t<meta name=\"twitter:label2\" content=\"Dur\u00e9e de lecture estim\u00e9e\" \/>\n\t<meta name=\"twitter:data2\" content=\"4 minutes\" \/>\n<script type=\"application\/ld+json\" class=\"yoast-schema-graph\">{\"@context\":\"https:\\\/\\\/schema.org\",\"@graph\":[{\"@type\":\"Article\",\"@id\":\"https:\\\/\\\/www.mobilier-design-occasion.fr\\\/magazine\\\/vert-sauge-decouvrez-nos-10-astuces-pour-lintegrer-dans-votre-decoration-dinterieur\\\/#article\",\"isPartOf\":{\"@id\":\"https:\\\/\\\/www.mobilier-design-occasion.fr\\\/magazine\\\/vert-sauge-decouvrez-nos-10-astuces-pour-lintegrer-dans-votre-decoration-dinterieur\\\/\"},\"author\":{\"name\":\"Cyrielle Poirot\",\"@id\":\"https:\\\/\\\/www.mobilier-design-occasion.fr\\\/magazine\\\/#\\\/schema\\\/person\\\/5b2e5627a714ddadaaf8c9b886c55eff\"},\"headline\":\"Vert sauge: d\u00e9couvrez nos 10 astuces pour l&#8217;int\u00e9grer dans votre d\u00e9coration d&#8217;int\u00e9rieur!\",\"datePublished\":\"2023-08-17T07:48:22+00:00\",\"dateModified\":\"2023-08-17T09:26:40+00:00\",\"mainEntityOfPage\":{\"@id\":\"https:\\\/\\\/www.mobilier-design-occasion.fr\\\/magazine\\\/vert-sauge-decouvrez-nos-10-astuces-pour-lintegrer-dans-votre-decoration-dinterieur\\\/\"},\"wordCount\":856,\"commentCount\":0,\"publisher\":{\"@id\":\"https:\\\/\\\/www.mobilier-design-occasion.fr\\\/magazine\\\/#organization\"},\"image\":{\"@id\":\"https:\\\/\\\/www.mobilier-design-occasion.fr\\\/magazine\\\/vert-sauge-decouvrez-nos-10-astuces-pour-lintegrer-dans-votre-decoration-dinterieur\\\/#primaryimage\"},\"thumbnailUrl\":\"https:\\\/\\\/www.mobilier-design-occasion.fr\\\/magazine\\\/wp-content\\\/uploads\\\/2022\\\/07\\\/1-cuisine-rustique-tollens.jpg\",\"articleSection\":[\"Tendances\"],\"inLanguage\":\"fr-FR\",\"potentialAction\":[{\"@type\":\"CommentAction\",\"name\":\"Comment\",\"target\":[\"https:\\\/\\\/www.mobilier-design-occasion.fr\\\/magazine\\\/vert-sauge-decouvrez-nos-10-astuces-pour-lintegrer-dans-votre-decoration-dinterieur\\\/#respond\"]}]},{\"@type\":\"WebPage\",\"@id\":\"https:\\\/\\\/www.mobilier-design-occasion.fr\\\/magazine\\\/vert-sauge-decouvrez-nos-10-astuces-pour-lintegrer-dans-votre-decoration-dinterieur\\\/\",\"url\":\"https:\\\/\\\/www.mobilier-design-occasion.fr\\\/magazine\\\/vert-sauge-decouvrez-nos-10-astuces-pour-lintegrer-dans-votre-decoration-dinterieur\\\/\",\"name\":\"Vert sauge: d\u00e9couvrez nos 10 astuces pour l'int\u00e9grer dans votre d\u00e9coration d'int\u00e9rieur! - Mobilier Design Magazine\",\"isPartOf\":{\"@id\":\"https:\\\/\\\/www.mobilier-design-occasion.fr\\\/magazine\\\/#website\"},\"primaryImageOfPage\":{\"@id\":\"https:\\\/\\\/www.mobilier-design-occasion.fr\\\/magazine\\\/vert-sauge-decouvrez-nos-10-astuces-pour-lintegrer-dans-votre-decoration-dinterieur\\\/#primaryimage\"},\"image\":{\"@id\":\"https:\\\/\\\/www.mobilier-design-occasion.fr\\\/magazine\\\/vert-sauge-decouvrez-nos-10-astuces-pour-lintegrer-dans-votre-decoration-dinterieur\\\/#primaryimage\"},\"thumbnailUrl\":\"https:\\\/\\\/www.mobilier-design-occasion.fr\\\/magazine\\\/wp-content\\\/uploads\\\/2022\\\/07\\\/1-cuisine-rustique-tollens.jpg\",\"datePublished\":\"2023-08-17T07:48:22+00:00\",\"dateModified\":\"2023-08-17T09:26:40+00:00\",\"breadcrumb\":{\"@id\":\"https:\\\/\\\/www.mobilier-design-occasion.fr\\\/magazine\\\/vert-sauge-decouvrez-nos-10-astuces-pour-lintegrer-dans-votre-decoration-dinterieur\\\/#breadcrumb\"},\"inLanguage\":\"fr-FR\",\"potentialAction\":[{\"@type\":\"ReadAction\",\"target\":[\"https:\\\/\\\/www.mobilier-design-occasion.fr\\\/magazine\\\/vert-sauge-decouvrez-nos-10-astuces-pour-lintegrer-dans-votre-decoration-dinterieur\\\/\"]}]},{\"@type\":\"ImageObject\",\"inLanguage\":\"fr-FR\",\"@id\":\"https:\\\/\\\/www.mobilier-design-occasion.fr\\\/magazine\\\/vert-sauge-decouvrez-nos-10-astuces-pour-lintegrer-dans-votre-decoration-dinterieur\\\/#primaryimage\",\"url\":\"https:\\\/\\\/www.mobilier-design-occasion.fr\\\/magazine\\\/wp-content\\\/uploads\\\/2022\\\/07\\\/1-cuisine-rustique-tollens.jpg\",\"contentUrl\":\"https:\\\/\\\/www.mobilier-design-occasion.fr\\\/magazine\\\/wp-content\\\/uploads\\\/2022\\\/07\\\/1-cuisine-rustique-tollens.jpg\",\"width\":1024,\"height\":769},{\"@type\":\"BreadcrumbList\",\"@id\":\"https:\\\/\\\/www.mobilier-design-occasion.fr\\\/magazine\\\/vert-sauge-decouvrez-nos-10-astuces-pour-lintegrer-dans-votre-decoration-dinterieur\\\/#breadcrumb\",\"itemListElement\":[{\"@type\":\"ListItem\",\"position\":1,\"name\":\"Accueil\",\"item\":\"https:\\\/\\\/www.mobilier-design-occasion.fr\\\/magazine\\\/\"},{\"@type\":\"ListItem\",\"position\":2,\"name\":\"Vert sauge: d\u00e9couvrez nos 10 astuces pour l&rsquo;int\u00e9grer dans votre d\u00e9coration d&rsquo;int\u00e9rieur!\"}]},{\"@type\":\"WebSite\",\"@id\":\"https:\\\/\\\/www.mobilier-design-occasion.fr\\\/magazine\\\/#website\",\"url\":\"https:\\\/\\\/www.mobilier-design-occasion.fr\\\/magazine\\\/\",\"name\":\"Mobilier Design Magazine\",\"description\":\"\",\"publisher\":{\"@id\":\"https:\\\/\\\/www.mobilier-design-occasion.fr\\\/magazine\\\/#organization\"},\"potentialAction\":[{\"@type\":\"SearchAction\",\"target\":{\"@type\":\"EntryPoint\",\"urlTemplate\":\"https:\\\/\\\/www.mobilier-design-occasion.fr\\\/magazine\\\/?s={search_term_string}\"},\"query-input\":{\"@type\":\"PropertyValueSpecification\",\"valueRequired\":true,\"valueName\":\"search_term_string\"}}],\"inLanguage\":\"fr-FR\"},{\"@type\":\"Organization\",\"@id\":\"https:\\\/\\\/www.mobilier-design-occasion.fr\\\/magazine\\\/#organization\",\"name\":\"Mobilier Design Magazine\",\"url\":\"https:\\\/\\\/www.mobilier-design-occasion.fr\\\/magazine\\\/\",\"logo\":{\"@type\":\"ImageObject\",\"inLanguage\":\"fr-FR\",\"@id\":\"https:\\\/\\\/www.mobilier-design-occasion.fr\\\/magazine\\\/#\\\/schema\\\/logo\\\/image\\\/\",\"url\":\"https:\\\/\\\/www.mobilier-design-occasion.fr\\\/magazine\\\/wp-content\\\/uploads\\\/2024\\\/02\\\/android-chrome-192x192-1.png\",\"contentUrl\":\"https:\\\/\\\/www.mobilier-design-occasion.fr\\\/magazine\\\/wp-content\\\/uploads\\\/2024\\\/02\\\/android-chrome-192x192-1.png\",\"width\":192,\"height\":192,\"caption\":\"Mobilier Design Magazine\"},\"image\":{\"@id\":\"https:\\\/\\\/www.mobilier-design-occasion.fr\\\/magazine\\\/#\\\/schema\\\/logo\\\/image\\\/\"},\"sameAs\":[\"https:\\\/\\\/www.facebook.com\\\/mobilierdesignoccasion\"]},{\"@type\":\"Person\",\"@id\":\"https:\\\/\\\/www.mobilier-design-occasion.fr\\\/magazine\\\/#\\\/schema\\\/person\\\/5b2e5627a714ddadaaf8c9b886c55eff\",\"name\":\"Cyrielle Poirot\",\"image\":{\"@type\":\"ImageObject\",\"inLanguage\":\"fr-FR\",\"@id\":\"https:\\\/\\\/secure.gravatar.com\\\/avatar\\\/c8d2674e093b06894d8d1dc468b626bd752523471f3ac6e75f7c7a1400d40b4d?s=96&d=mm&r=g\",\"url\":\"https:\\\/\\\/secure.gravatar.com\\\/avatar\\\/c8d2674e093b06894d8d1dc468b626bd752523471f3ac6e75f7c7a1400d40b4d?s=96&d=mm&r=g\",\"contentUrl\":\"https:\\\/\\\/secure.gravatar.com\\\/avatar\\\/c8d2674e093b06894d8d1dc468b626bd752523471f3ac6e75f7c7a1400d40b4d?s=96&d=mm&r=g\",\"caption\":\"Cyrielle Poirot\"},\"description\":\"Cyrielle est passionn\u00e9e par la d\u00e9coration d'int\u00e9rieur et s'est sp\u00e9cialis\u00e9e depuis quelques ann\u00e9es dans l'\u00e9dition du site Mobilier-Design, avec une touche sp\u00e9cifique pour les produits d'occasion.\",\"sameAs\":[\"https:\\\/\\\/www.mobilier-design-occasion.fr\\\/magazine\"],\"url\":\"https:\\\/\\\/www.mobilier-design-occasion.fr\\\/magazine\\\/author\\\/cyrielle\\\/\"}]}<\/script>\n<!-- \/ Yoast SEO plugin. -->","yoast_head_json":{"title":"Vert sauge: d\u00e9couvrez nos 10 astuces pour l'int\u00e9grer dans votre d\u00e9coration d'int\u00e9rieur! - Mobilier Design Magazine","robots":{"index":"index","follow":"follow","max-snippet":"max-snippet:-1","max-image-preview":"max-image-preview:large","max-video-preview":"max-video-preview:-1"},"canonical":"https:\/\/www.mobilier-design-occasion.fr\/magazine\/vert-sauge-decouvrez-nos-10-astuces-pour-lintegrer-dans-votre-decoration-dinterieur\/","og_locale":"fr_FR","og_type":"article","og_title":"Vert sauge: d\u00e9couvrez nos 10 astuces pour l'int\u00e9grer dans votre d\u00e9coration d'int\u00e9rieur! - Mobilier Design Magazine","og_description":"Qu\u2019est-ce qu\u2019un vert sauge ? Le vert sauge est un nom de couleur d\u00e9signant une nuance de vert. Il fait principalement r\u00e9f\u00e9rence \u00e0 la couleur de la sauge officinale. La couleur vert sauge est tr\u00e8s souvent utilis\u00e9 dans la d\u00e9coration et la mode. En 1845, le vert sauge d\u00e9crit des c\u00e9ramiques modernes. Le vert sauge [&hellip;]","og_url":"https:\/\/www.mobilier-design-occasion.fr\/magazine\/vert-sauge-decouvrez-nos-10-astuces-pour-lintegrer-dans-votre-decoration-dinterieur\/","og_site_name":"Mobilier Design Magazine","article_publisher":"https:\/\/www.facebook.com\/mobilierdesignoccasion","article_published_time":"2023-08-17T07:48:22+00:00","article_modified_time":"2023-08-17T09:26:40+00:00","og_image":[{"width":1024,"height":769,"url":"https:\/\/www.mobilier-design-occasion.fr\/magazine\/wp-content\/uploads\/2022\/07\/1-cuisine-rustique-tollens.jpg","type":"image\/jpeg"}],"author":"Cyrielle Poirot","twitter_card":"summary_large_image","twitter_misc":{"\u00c9crit par":"Cyrielle Poirot","Dur\u00e9e de lecture estim\u00e9e":"4 minutes"},"schema":{"@context":"https:\/\/schema.org","@graph":[{"@type":"Article","@id":"https:\/\/www.mobilier-design-occasion.fr\/magazine\/vert-sauge-decouvrez-nos-10-astuces-pour-lintegrer-dans-votre-decoration-dinterieur\/#article","isPartOf":{"@id":"https:\/\/www.mobilier-design-occasion.fr\/magazine\/vert-sauge-decouvrez-nos-10-astuces-pour-lintegrer-dans-votre-decoration-dinterieur\/"},"author":{"name":"Cyrielle Poirot","@id":"https:\/\/www.mobilier-design-occasion.fr\/magazine\/#\/schema\/person\/5b2e5627a714ddadaaf8c9b886c55eff"},"headline":"Vert sauge: d\u00e9couvrez nos 10 astuces pour l&#8217;int\u00e9grer dans votre d\u00e9coration d&#8217;int\u00e9rieur!","datePublished":"2023-08-17T07:48:22+00:00","dateModified":"2023-08-17T09:26:40+00:00","mainEntityOfPage":{"@id":"https:\/\/www.mobilier-design-occasion.fr\/magazine\/vert-sauge-decouvrez-nos-10-astuces-pour-lintegrer-dans-votre-decoration-dinterieur\/"},"wordCount":856,"commentCount":0,"publisher":{"@id":"https:\/\/www.mobilier-design-occasion.fr\/magazine\/#organization"},"image":{"@id":"https:\/\/www.mobilier-design-occasion.fr\/magazine\/vert-sauge-decouvrez-nos-10-astuces-pour-lintegrer-dans-votre-decoration-dinterieur\/#primaryimage"},"thumbnailUrl":"https:\/\/www.mobilier-design-occasion.fr\/magazine\/wp-content\/uploads\/2022\/07\/1-cuisine-rustique-tollens.jpg","articleSection":["Tendances"],"inLanguage":"fr-FR","potentialAction":[{"@type":"CommentAction","name":"Comment","target":["https:\/\/www.mobilier-design-occasion.fr\/magazine\/vert-sauge-decouvrez-nos-10-astuces-pour-lintegrer-dans-votre-decoration-dinterieur\/#respond"]}]},{"@type":"WebPage","@id":"https:\/\/www.mobilier-design-occasion.fr\/magazine\/vert-sauge-decouvrez-nos-10-astuces-pour-lintegrer-dans-votre-decoration-dinterieur\/","url":"https:\/\/www.mobilier-design-occasion.fr\/magazine\/vert-sauge-decouvrez-nos-10-astuces-pour-lintegrer-dans-votre-decoration-dinterieur\/","name":"Vert sauge: d\u00e9couvrez nos 10 astuces pour l'int\u00e9grer dans votre d\u00e9coration d'int\u00e9rieur! - Mobilier Design Magazine","isPartOf":{"@id":"https:\/\/www.mobilier-design-occasion.fr\/magazine\/#website"},"primaryImageOfPage":{"@id":"https:\/\/www.mobilier-design-occasion.fr\/magazine\/vert-sauge-decouvrez-nos-10-astuces-pour-lintegrer-dans-votre-decoration-dinterieur\/#primaryimage"},"image":{"@id":"https:\/\/www.mobilier-design-occasion.fr\/magazine\/vert-sauge-decouvrez-nos-10-astuces-pour-lintegrer-dans-votre-decoration-dinterieur\/#primaryimage"},"thumbnailUrl":"https:\/\/www.mobilier-design-occasion.fr\/magazine\/wp-content\/uploads\/2022\/07\/1-cuisine-rustique-tollens.jpg","datePublished":"2023-08-17T07:48:22+00:00","dateModified":"2023-08-17T09:26:40+00:00","breadcrumb":{"@id":"https:\/\/www.mobilier-design-occasion.fr\/magazine\/vert-sauge-decouvrez-nos-10-astuces-pour-lintegrer-dans-votre-decoration-dinterieur\/#breadcrumb"},"inLanguage":"fr-FR","potentialAction":[{"@type":"ReadAction","target":["https:\/\/www.mobilier-design-occasion.fr\/magazine\/vert-sauge-decouvrez-nos-10-astuces-pour-lintegrer-dans-votre-decoration-dinterieur\/"]}]},{"@type":"ImageObject","inLanguage":"fr-FR","@id":"https:\/\/www.mobilier-design-occasion.fr\/magazine\/vert-sauge-decouvrez-nos-10-astuces-pour-lintegrer-dans-votre-decoration-dinterieur\/#primaryimage","url":"https:\/\/www.mobilier-design-occasion.fr\/magazine\/wp-content\/uploads\/2022\/07\/1-cuisine-rustique-tollens.jpg","contentUrl":"https:\/\/www.mobilier-design-occasion.fr\/magazine\/wp-content\/uploads\/2022\/07\/1-cuisine-rustique-tollens.jpg","width":1024,"height":769},{"@type":"BreadcrumbList","@id":"https:\/\/www.mobilier-design-occasion.fr\/magazine\/vert-sauge-decouvrez-nos-10-astuces-pour-lintegrer-dans-votre-decoration-dinterieur\/#breadcrumb","itemListElement":[{"@type":"ListItem","position":1,"name":"Accueil","item":"https:\/\/www.mobilier-design-occasion.fr\/magazine\/"},{"@type":"ListItem","position":2,"name":"Vert sauge: d\u00e9couvrez nos 10 astuces pour l&rsquo;int\u00e9grer dans votre d\u00e9coration d&rsquo;int\u00e9rieur!"}]},{"@type":"WebSite","@id":"https:\/\/www.mobilier-design-occasion.fr\/magazine\/#website","url":"https:\/\/www.mobilier-design-occasion.fr\/magazine\/","name":"Mobilier Design Magazine","description":"","publisher":{"@id":"https:\/\/www.mobilier-design-occasion.fr\/magazine\/#organization"},"potentialAction":[{"@type":"SearchAction","target":{"@type":"EntryPoint","urlTemplate":"https:\/\/www.mobilier-design-occasion.fr\/magazine\/?s={search_term_string}"},"query-input":{"@type":"PropertyValueSpecification","valueRequired":true,"valueName":"search_term_string"}}],"inLanguage":"fr-FR"},{"@type":"Organization","@id":"https:\/\/www.mobilier-design-occasion.fr\/magazine\/#organization","name":"Mobilier Design Magazine","url":"https:\/\/www.mobilier-design-occasion.fr\/magazine\/","logo":{"@type":"ImageObject","inLanguage":"fr-FR","@id":"https:\/\/www.mobilier-design-occasion.fr\/magazine\/#\/schema\/logo\/image\/","url":"https:\/\/www.mobilier-design-occasion.fr\/magazine\/wp-content\/uploads\/2024\/02\/android-chrome-192x192-1.png","contentUrl":"https:\/\/www.mobilier-design-occasion.fr\/magazine\/wp-content\/uploads\/2024\/02\/android-chrome-192x192-1.png","width":192,"height":192,"caption":"Mobilier Design Magazine"},"image":{"@id":"https:\/\/www.mobilier-design-occasion.fr\/magazine\/#\/schema\/logo\/image\/"},"sameAs":["https:\/\/www.facebook.com\/mobilierdesignoccasion"]},{"@type":"Person","@id":"https:\/\/www.mobilier-design-occasion.fr\/magazine\/#\/schema\/person\/5b2e5627a714ddadaaf8c9b886c55eff","name":"Cyrielle Poirot","image":{"@type":"ImageObject","inLanguage":"fr-FR","@id":"https:\/\/secure.gravatar.com\/avatar\/c8d2674e093b06894d8d1dc468b626bd752523471f3ac6e75f7c7a1400d40b4d?s=96&d=mm&r=g","url":"https:\/\/secure.gravatar.com\/avatar\/c8d2674e093b06894d8d1dc468b626bd752523471f3ac6e75f7c7a1400d40b4d?s=96&d=mm&r=g","contentUrl":"https:\/\/secure.gravatar.com\/avatar\/c8d2674e093b06894d8d1dc468b626bd752523471f3ac6e75f7c7a1400d40b4d?s=96&d=mm&r=g","caption":"Cyrielle Poirot"},"description":"Cyrielle est passionn\u00e9e par la d\u00e9coration d'int\u00e9rieur et s'est sp\u00e9cialis\u00e9e depuis quelques ann\u00e9es dans l'\u00e9dition du site Mobilier-Design, avec une touche sp\u00e9cifique pour les produits d'occasion.","sameAs":["https:\/\/www.mobilier-design-occasion.fr\/magazine"],"url":"https:\/\/www.mobilier-design-occasion.fr\/magazine\/author\/cyrielle\/"}]}},"_links":{"self":[{"href":"https:\/\/www.mobilier-design-occasion.fr\/magazine\/wp-json\/wp\/v2\/posts\/5370","targetHints":{"allow":["GET"]}}],"collection":[{"href":"https:\/\/www.mobilier-design-occasion.fr\/magazine\/wp-json\/wp\/v2\/posts"}],"about":[{"href":"https:\/\/www.mobilier-design-occasion.fr\/magazine\/wp-json\/wp\/v2\/types\/post"}],"author":[{"embeddable":true,"href":"https:\/\/www.mobilier-design-occasion.fr\/magazine\/wp-json\/wp\/v2\/users\/1"}],"replies":[{"embeddable":true,"href":"https:\/\/www.mobilier-design-occasion.fr\/magazine\/wp-json\/wp\/v2\/comments?post=5370"}],"version-history":[{"count":9,"href":"https:\/\/www.mobilier-design-occasion.fr\/magazine\/wp-json\/wp\/v2\/posts\/5370\/revisions"}],"predecessor-version":[{"id":6736,"href":"https:\/\/www.mobilier-design-occasion.fr\/magazine\/wp-json\/wp\/v2\/posts\/5370\/revisions\/6736"}],"wp:featuredmedia":[{"embeddable":true,"href":"https:\/\/www.mobilier-design-occasion.fr\/magazine\/wp-json\/wp\/v2\/media\/5388"}],"wp:attachment":[{"href":"https:\/\/www.mobilier-design-occasion.fr\/magazine\/wp-json\/wp\/v2\/media?parent=5370"}],"wp:term":[{"taxonomy":"category","embeddable":true,"href":"https:\/\/www.mobilier-design-occasion.fr\/magazine\/wp-json\/wp\/v2\/categories?post=5370"},{"taxonomy":"post_tag","embeddable":true,"href":"https:\/\/www.mobilier-design-occasion.fr\/magazine\/wp-json\/wp\/v2\/tags?post=5370"}],"curies":[{"name":"wp","href":"https:\/\/api.w.org\/{rel}","templated":true}]}}