{"id":5340,"date":"2022-07-06T06:37:02","date_gmt":"2022-07-06T06:37:02","guid":{"rendered":"https:\/\/www.mobilier-design-occasion.fr\/magazine\/?p=5340"},"modified":"2022-07-06T06:38:49","modified_gmt":"2022-07-06T06:38:49","slug":"collaboration-zara-home-et-vincent-van-duysen","status":"publish","type":"post","link":"https:\/\/www.mobilier-design-occasion.fr\/magazine\/collaboration-zara-home-et-vincent-van-duysen\/","title":{"rendered":"Cette nouvelle collaboration entre Zara Home et Vincent Van Duysen qu&#8217;il ne faut absolument pas manquer!"},"content":{"rendered":"\n<h2 class=\"wp-block-heading\"><span class=\"ez-toc-section\" id=\"Qui_est_Vincent_Van_Duysen\"><\/span><strong>Qui est Vincent Van Duysen&nbsp;?<\/strong><span class=\"ez-toc-section-end\"><\/span><\/h2><div id=\"ez-toc-container\" class=\"ez-toc-v2_0_82_2 counter-hierarchy ez-toc-counter ez-toc-grey ez-toc-container-direction\">\n<div class=\"ez-toc-title-container\">\n<span class=\"ez-toc-title-toggle\"><a href=\"#\" class=\"ez-toc-pull-right ez-toc-btn ez-toc-btn-xs ez-toc-btn-default ez-toc-toggle\" aria-label=\"Toggle Table of Content\"><span class=\"ez-toc-js-icon-con\"><span class=\"\"><span class=\"eztoc-hide\" style=\"display:none;\">Toggle<\/span><span class=\"ez-toc-icon-toggle-span\"><svg style=\"fill: #999;color:#999\" xmlns=\"http:\/\/www.w3.org\/2000\/svg\" class=\"list-377408\" width=\"20px\" height=\"20px\" viewBox=\"0 0 24 24\" fill=\"none\"><path d=\"M6 6H4v2h2V6zm14 0H8v2h12V6zM4 11h2v2H4v-2zm16 0H8v2h12v-2zM4 16h2v2H4v-2zm16 0H8v2h12v-2z\" fill=\"currentColor\"><\/path><\/svg><svg style=\"fill: #999;color:#999\" class=\"arrow-unsorted-368013\" xmlns=\"http:\/\/www.w3.org\/2000\/svg\" width=\"10px\" height=\"10px\" viewBox=\"0 0 24 24\" version=\"1.2\" baseProfile=\"tiny\"><path d=\"M18.2 9.3l-6.2-6.3-6.2 6.3c-.2.2-.3.4-.3.7s.1.5.3.7c.2.2.4.3.7.3h11c.3 0 .5-.1.7-.3.2-.2.3-.5.3-.7s-.1-.5-.3-.7zM5.8 14.7l6.2 6.3 6.2-6.3c.2-.2.3-.5.3-.7s-.1-.5-.3-.7c-.2-.2-.4-.3-.7-.3h-11c-.3 0-.5.1-.7.3-.2.2-.3.5-.3.7s.1.5.3.7z\"\/><\/svg><\/span><\/span><\/span><\/a><\/span><\/div>\n<nav><ul class='ez-toc-list ez-toc-list-level-1 eztoc-toggle-hide-by-default' ><li class='ez-toc-page-1 ez-toc-heading-level-2'><a class=\"ez-toc-link ez-toc-heading-1\" href=\"https:\/\/www.mobilier-design-occasion.fr\/magazine\/collaboration-zara-home-et-vincent-van-duysen\/#Qui_est_Vincent_Van_Duysen\" >Qui est Vincent Van Duysen&nbsp;?<\/a><\/li><li class='ez-toc-page-1 ez-toc-heading-level-2'><a class=\"ez-toc-link ez-toc-heading-2\" href=\"https:\/\/www.mobilier-design-occasion.fr\/magazine\/collaboration-zara-home-et-vincent-van-duysen\/#La_marque_Zara_Home\" >La marque Zara Home<\/a><\/li><li class='ez-toc-page-1 ez-toc-heading-level-2'><a class=\"ez-toc-link ez-toc-heading-3\" href=\"https:\/\/www.mobilier-design-occasion.fr\/magazine\/collaboration-zara-home-et-vincent-van-duysen\/#La_collaboration_entre_les_deux_incontournables_du_monde_de_la_decoration_dinterieur\" >La collaboration entre les deux incontournables du monde de la d\u00e9coration d\u2019int\u00e9rieur<\/a><\/li><li class='ez-toc-page-1 ez-toc-heading-level-2'><a class=\"ez-toc-link ez-toc-heading-4\" href=\"https:\/\/www.mobilier-design-occasion.fr\/magazine\/collaboration-zara-home-et-vincent-van-duysen\/#La_selection_de_la_collaboration_de_Zara_Home_et_de_Vincent_Van_Duysen\" >La s\u00e9lection de la collaboration de Zara Home et de Vincent Van Duysen<\/a><ul class='ez-toc-list-level-3' ><li class='ez-toc-heading-level-3'><a class=\"ez-toc-link ez-toc-heading-5\" href=\"https:\/\/www.mobilier-design-occasion.fr\/magazine\/collaboration-zara-home-et-vincent-van-duysen\/#Le_canape\" >Le canap\u00e9<\/a><\/li><li class='ez-toc-page-1 ez-toc-heading-level-3'><a class=\"ez-toc-link ez-toc-heading-6\" href=\"https:\/\/www.mobilier-design-occasion.fr\/magazine\/collaboration-zara-home-et-vincent-van-duysen\/#_Le_tabouret_et_bout_de_canape_en_bois\" >&nbsp;Le tabouret et bout de canap\u00e9 en bois<\/a><\/li><li class='ez-toc-page-1 ez-toc-heading-level-3'><a class=\"ez-toc-link ez-toc-heading-7\" href=\"https:\/\/www.mobilier-design-occasion.fr\/magazine\/collaboration-zara-home-et-vincent-van-duysen\/#La_chaise\" >La chaise<\/a><\/li><li class='ez-toc-page-1 ez-toc-heading-level-3'><a class=\"ez-toc-link ez-toc-heading-8\" href=\"https:\/\/www.mobilier-design-occasion.fr\/magazine\/collaboration-zara-home-et-vincent-van-duysen\/#Le_fauteuil\" >Le fauteuil<\/a><\/li><\/ul><\/li><\/ul><\/nav><\/div>\n\n\n\n\n<p><a href=\"https:\/\/vincentvanduysen.com\/\">Vincent Van Duysen<\/a> est un designer et architecte belge. On le d\u00e9signe comme l\u2019architecte belge <strong>le plus c\u00e9l\u00e8bre<\/strong> toujours en vie.<\/p>\n\n\n\n<p>En 1986, il obtient son dipl\u00f4me d\u2019architecte \u00e0 Sint-Lucas, \u00e0 Gent, puis travailler \u00e0 Milan pour Aldo Cibic, architecte-designer. De retour en Belgique en 1987, il travaille pour l\u2019architecte d\u2019int\u00e9rieur Jean Jacques Hervy. Il travaille ensuite pour Jean De Meulder durant 2 ans. Il dispose enfin de son propre bureau en 1990.<\/p>\n\n\n\n<p>Depuis 2016, il est le directeur de la cr\u00e9ation chez Molteni&amp;C. En 2020, il s\u2019est m\u00eame occup\u00e9 de l\u2019int\u00e9rieur de la maison de <strong>Kanye West et Kim Kardashian<\/strong>.<\/p>\n\n\n\n<figure class=\"wp-block-image size-large\"><img loading=\"lazy\" decoding=\"async\" width=\"796\" height=\"1024\" src=\"https:\/\/www.mobilier-design-occasion.fr\/magazine\/wp-content\/uploads\/2022\/07\/VincentvanDuysen_08-2000x2573-1-796x1024.jpg\" alt=\"\" class=\"wp-image-5359\" srcset=\"https:\/\/www.mobilier-design-occasion.fr\/magazine\/wp-content\/uploads\/2022\/07\/VincentvanDuysen_08-2000x2573-1-796x1024.jpg 796w, https:\/\/www.mobilier-design-occasion.fr\/magazine\/wp-content\/uploads\/2022\/07\/VincentvanDuysen_08-2000x2573-1-233x300.jpg 233w, https:\/\/www.mobilier-design-occasion.fr\/magazine\/wp-content\/uploads\/2022\/07\/VincentvanDuysen_08-2000x2573-1-768x988.jpg 768w, https:\/\/www.mobilier-design-occasion.fr\/magazine\/wp-content\/uploads\/2022\/07\/VincentvanDuysen_08-2000x2573-1-1194x1536.jpg 1194w, https:\/\/www.mobilier-design-occasion.fr\/magazine\/wp-content\/uploads\/2022\/07\/VincentvanDuysen_08-2000x2573-1-scaled.jpg 1592w, https:\/\/www.mobilier-design-occasion.fr\/magazine\/wp-content\/uploads\/2022\/07\/VincentvanDuysen_08-2000x2573-1-810x1042.jpg 810w, https:\/\/www.mobilier-design-occasion.fr\/magazine\/wp-content\/uploads\/2022\/07\/VincentvanDuysen_08-2000x2573-1-1140x1467.jpg 1140w\" sizes=\"auto, (max-width: 796px) 100vw, 796px\" \/><figcaption>Kinfolk<\/figcaption><\/figure>\n\n\n\n<h2 class=\"wp-block-heading\"><span class=\"ez-toc-section\" id=\"La_marque_Zara_Home\"><\/span><strong>La marque Zara Home<\/strong><span class=\"ez-toc-section-end\"><\/span><\/h2>\n\n\n\n<p>La marque <strong>Zara Home<\/strong> est une&nbsp;cha\u00eene de magasins d\u00e9di\u00e9e \u00e0 la d\u00e9coration d&#8217;int\u00e9rieur cr\u00e9\u00e9e en 2003 et appartenant au groupe&nbsp;Inditex. La collection s&#8217;est \u00e9toff\u00e9e au fil des ann\u00e9es et on retrouve de tr\u00e8s belles s\u00e9lections de linge de maison, vaisselle, d\u00e9coration d&#8217;int\u00e9rieur, textiles, panier et tout une partie d\u00e9di\u00e9e aux enfants.<\/p>\n\n\n\n<p>Zara Home renouvelle ses collections deux fois par an et pr\u00e9sente quatre th\u00e8mes pour chaque collection:<\/p>\n\n\n\n<ul class=\"wp-block-list\"><li>Contemporain<\/li><li>Blanc<\/li><li>Ethnic<\/li><li>Country<\/li><\/ul>\n\n\n\n<h2 class=\"wp-block-heading\"><span class=\"ez-toc-section\" id=\"La_collaboration_entre_les_deux_incontournables_du_monde_de_la_decoration_dinterieur\"><\/span><strong>La collaboration entre les deux incontournables du monde de la d\u00e9coration d\u2019int\u00e9rieur<\/strong><span class=\"ez-toc-section-end\"><\/span><\/h2>\n\n\n\n<p>Vincent Van Duysen et Zara Home s\u2019allient pour proposer une <a href=\"https:\/\/www.zarahome.com\/fr\/zara-home-+\/about-c1020448951.html\">collection d\u00e9co<\/a>. Sortie le 30 juin dernier, cette collection se concentre sur le salon, notamment avec des luminaires, du <a href=\"https:\/\/www.mobilier-design-occasion.fr\/magazine\/test-avis-sur-la-redoute-interieurs-am-pm\/\">mobilier<\/a>, des pi\u00e8ces textiles ainsi que des accessoires.<\/p>\n\n\n\n<p> La <a href=\"https:\/\/www.planete-deco.fr\/2022\/06\/25\/zara-home-et-vincent-dan-duysen-annoncent-une-nouvelle-collaboration\/\">collaboration<\/a> entre la pr\u00e9sidente de Inditex, Marta Ortega et le designer Vincent Van Duysen enthousiasme les adeptes de d\u00e9co <a href=\"https:\/\/www.mobilier-design-occasion.fr\/magazine\/table-tulipe-knoll-indemodable-du-design\/\">design<\/a> chic et sobre. Cette collaboration permet \u00e0 la fois \u00e0 la marque Zara de d\u00e9velopper les cr\u00e9ations de sa marque mais aussi \u00e0 la client\u00e8le d\u2019acqu\u00e9rir des cr\u00e9ations sign\u00e9es Vincent Van Duysen \u00e0 des prix grand public.<\/p>\n\n\n\n<figure class=\"wp-block-embed is-type-rich is-provider-twitter wp-block-embed-twitter\"><div class=\"wp-block-embed__wrapper\">\n<blockquote class=\"twitter-tweet\" data-width=\"550\" data-dnt=\"true\"><p lang=\"fr\" dir=\"ltr\">La collaboration Vincent Van Duysen de Zara Home d\u00e9bute le 30 juin avec sa premi\u00e8re s\u00e9rie de\u00a0designs <a href=\"https:\/\/t.co\/wTkUXcSxNE\">https:\/\/t.co\/wTkUXcSxNE<\/a><\/p>&mdash; Teknomers <a href=\"https:\/\/www.mobilier-design-occasion.fr\/magazine\/test-avis-sur-ripaton\/\">France<\/a> (@teknomers_fr) <a href=\"https:\/\/twitter.com\/teknomers_fr\/status\/1541427265346707457?ref_src=twsrc%5Etfw\">June 27, 2022<\/a><\/blockquote><script async src=\"https:\/\/platform.twitter.com\/widgets.js\" charset=\"utf-8\"><\/script>\n<\/div><\/figure>\n\n\n\n<h2 class=\"wp-block-heading\"><span class=\"ez-toc-section\" id=\"La_selection_de_la_collaboration_de_Zara_Home_et_de_Vincent_Van_Duysen\"><\/span><strong>La s\u00e9lection de la collaboration de Zara Home et de Vincent Van Duysen<\/strong><span class=\"ez-toc-section-end\"><\/span><\/h2>\n\n\n\n<p>La collection r\u00e9sultant de la collaboration entre Zara Home et Vincent Van Duysen est compos\u00e9e de plusieurs grandes familles d&#8217;articles.<\/p>\n\n\n\n<h3 class=\"wp-block-heading\"><span class=\"ez-toc-section\" id=\"Le_canape\"><\/span><strong>Le canap\u00e9<\/strong><span class=\"ez-toc-section-end\"><\/span><\/h3>\n\n\n\n<p>Le <a href=\"https:\/\/www.mobilier-design-occasion.fr\/magazine\/test-avis-sur-deco-in-paris\/\">canap\u00e9<\/a> Zara Home by Vincent Van Duysen est un canap\u00e9 caract\u00e9ris\u00e9 par un confort optimal au design contemporain avec une long\u00e9vit\u00e9 exceptionnelle. Sa structure est en orme, elle dispose d\u2019une base \u00e0 ressort recouverte de mousse de haute qualit\u00e9. Un matelas en mousse et en duvet est pos\u00e9 apr\u00e8s le tapissage.<\/p>\n\n\n\n<p>Il est fait en lin, en coton ou en tissu boucl\u00e9, disponible en 5 couleurs diff\u00e9rentes&nbsp;:<\/p>\n\n\n\n<div class=\"wp-block-columns is-layout-flex wp-container-core-columns-is-layout-9d6595d7 wp-block-columns-is-layout-flex\">\n<div class=\"wp-block-column is-layout-flow wp-block-column-is-layout-flow\">\n<figure class=\"wp-block-image size-full\"><img loading=\"lazy\" decoding=\"async\" width=\"527\" height=\"652\" src=\"https:\/\/www.mobilier-design-occasion.fr\/magazine\/wp-content\/uploads\/2022\/07\/Zara.jpg\" alt=\"\" class=\"wp-image-5341\" srcset=\"https:\/\/www.mobilier-design-occasion.fr\/magazine\/wp-content\/uploads\/2022\/07\/Zara.jpg 527w, https:\/\/www.mobilier-design-occasion.fr\/magazine\/wp-content\/uploads\/2022\/07\/Zara-242x300.jpg 242w\" sizes=\"auto, (max-width: 527px) 100vw, 527px\" \/><figcaption>\u00a9Zara Home<\/figcaption><\/figure>\n<\/div>\n\n\n\n<div class=\"wp-block-column is-layout-flow wp-block-column-is-layout-flow\">\n<figure class=\"wp-block-image size-full\"><img loading=\"lazy\" decoding=\"async\" width=\"527\" height=\"652\" src=\"https:\/\/www.mobilier-design-occasion.fr\/magazine\/wp-content\/uploads\/2022\/07\/Zaraa.jpg\" alt=\"\" class=\"wp-image-5342\" srcset=\"https:\/\/www.mobilier-design-occasion.fr\/magazine\/wp-content\/uploads\/2022\/07\/Zaraa.jpg 527w, https:\/\/www.mobilier-design-occasion.fr\/magazine\/wp-content\/uploads\/2022\/07\/Zaraa-242x300.jpg 242w\" sizes=\"auto, (max-width: 527px) 100vw, 527px\" \/><figcaption>\u00a9Zara Home<\/figcaption><\/figure>\n<\/div>\n<\/div>\n\n\n\n<ul class=\"wp-block-list\"><li>Bleu <a href=\"https:\/\/www.mobilier-design-occasion.fr\/magazine\/combien-dheures-de-sommeil-pour-mon-enfant\/\">nuit<\/a><\/li><li>Naturel<\/li><li>Vert fonc\u00e9<\/li><li>Marron<\/li><li>Ecru<\/li><\/ul>\n\n\n\n<p>Ce canap\u00e9 est disponible en deux tailles diff\u00e9rentes&nbsp;:<\/p>\n\n\n\n<ul class=\"wp-block-list\"><li>Hauteur 85cm \/ Profondeur 106 cm \/ Largeur 220 cm<\/li><li>Hauteur 85cm \/ Profondeur 106 cm \/ Largeur 280 cm<\/li><\/ul>\n\n\n\n<h3 class=\"wp-block-heading\"><span class=\"ez-toc-section\" id=\"_Le_tabouret_et_bout_de_canape_en_bois\"><\/span><strong>&nbsp;Le tabouret et bout de canap\u00e9 en bois<\/strong><span class=\"ez-toc-section-end\"><\/span><\/h3>\n\n\n\n<ul class=\"wp-block-list\"><li><strong>Tabouret<\/strong><\/li><\/ul>\n\n\n\n<p>Le tabouret de Vincent Van Duysen pour Zara Home est unique gr\u00e2ce \u00e0 son assise un peu incurv\u00e9e. Il est con\u00e7u de fa\u00e7on \u00e0 ce que le si\u00e8ge \u00e9pouse les formes lorsque l\u2019on s\u2019assoit dessus. Ce tabouret est en ch\u00eane massif et en cuir de selle de teinte naturelle. Il mesure 46 cm de haut, 35 cm de large et 45 cm de profondeur.<\/p>\n\n\n\n<div class=\"wp-block-columns is-layout-flex wp-container-core-columns-is-layout-9d6595d7 wp-block-columns-is-layout-flex\">\n<div class=\"wp-block-column is-layout-flow wp-block-column-is-layout-flow\">\n<figure class=\"wp-block-image size-full is-resized\"><img loading=\"lazy\" decoding=\"async\" src=\"https:\/\/www.mobilier-design-occasion.fr\/magazine\/wp-content\/uploads\/2022\/07\/ZaraBA.jpg\" alt=\"\" class=\"wp-image-5343\" width=\"284\" height=\"352\" srcset=\"https:\/\/www.mobilier-design-occasion.fr\/magazine\/wp-content\/uploads\/2022\/07\/ZaraBA.jpg 527w, https:\/\/www.mobilier-design-occasion.fr\/magazine\/wp-content\/uploads\/2022\/07\/ZaraBA-241x300.jpg 241w\" sizes=\"auto, (max-width: 284px) 100vw, 284px\" \/><figcaption>\u00a9Zara Home<\/figcaption><\/figure>\n<\/div>\n\n\n\n<div class=\"wp-block-column is-layout-flow wp-block-column-is-layout-flow\">\n<figure class=\"wp-block-image size-full\"><img loading=\"lazy\" decoding=\"async\" width=\"525\" height=\"654\" src=\"https:\/\/www.mobilier-design-occasion.fr\/magazine\/wp-content\/uploads\/2022\/07\/ZaraAAA.jpg\" alt=\"\" class=\"wp-image-5347\" srcset=\"https:\/\/www.mobilier-design-occasion.fr\/magazine\/wp-content\/uploads\/2022\/07\/ZaraAAA.jpg 525w, https:\/\/www.mobilier-design-occasion.fr\/magazine\/wp-content\/uploads\/2022\/07\/ZaraAAA-241x300.jpg 241w\" sizes=\"auto, (max-width: 525px) 100vw, 525px\" \/><figcaption>\u00a9Zara Home<\/figcaption><\/figure>\n<\/div>\n<\/div>\n\n\n\n<ul class=\"wp-block-list\"><li><strong>Bout de canap\u00e9 en <a href=\"https:\/\/www.mobilier-design-occasion.fr\/magazine\/avis-mathy-by-bols\/\">bois<\/a><\/strong><\/li><\/ul>\n\n\n\n<p>Le bout de canap\u00e9 en bois Zara by Vincent Van Duysen peut aussi \u00eatre utilis\u00e9 comme table d\u2019appoint. Ce bout de canap\u00e9 est fait en bois de fr\u00eane thermo trait\u00e9 de couleur marron. Il existe en deux formes diff\u00e9rentes, mais de m\u00eames tailles, 36 cm de haut, 30 cm de profondeur et 90 cm de large.<\/p>\n\n\n\n<div class=\"wp-block-columns is-layout-flex wp-container-core-columns-is-layout-9d6595d7 wp-block-columns-is-layout-flex\">\n<div class=\"wp-block-column is-layout-flow wp-block-column-is-layout-flow\">\n<figure class=\"wp-block-image size-full\"><img loading=\"lazy\" decoding=\"async\" width=\"529\" height=\"654\" src=\"https:\/\/www.mobilier-design-occasion.fr\/magazine\/wp-content\/uploads\/2022\/07\/Zara-BBB.jpg\" alt=\"\" class=\"wp-image-5345\" srcset=\"https:\/\/www.mobilier-design-occasion.fr\/magazine\/wp-content\/uploads\/2022\/07\/Zara-BBB.jpg 529w, https:\/\/www.mobilier-design-occasion.fr\/magazine\/wp-content\/uploads\/2022\/07\/Zara-BBB-243x300.jpg 243w\" sizes=\"auto, (max-width: 529px) 100vw, 529px\" \/><figcaption>\u00a9Zara Home<\/figcaption><\/figure>\n<\/div>\n\n\n\n<div class=\"wp-block-column is-layout-flow wp-block-column-is-layout-flow\">\n<figure class=\"wp-block-image size-full\"><img loading=\"lazy\" decoding=\"async\" width=\"524\" height=\"652\" src=\"https:\/\/www.mobilier-design-occasion.fr\/magazine\/wp-content\/uploads\/2022\/07\/Zara-BBA.jpg\" alt=\"\" class=\"wp-image-5344\" srcset=\"https:\/\/www.mobilier-design-occasion.fr\/magazine\/wp-content\/uploads\/2022\/07\/Zara-BBA.jpg 524w, https:\/\/www.mobilier-design-occasion.fr\/magazine\/wp-content\/uploads\/2022\/07\/Zara-BBA-241x300.jpg 241w\" sizes=\"auto, (max-width: 524px) 100vw, 524px\" \/><figcaption>\u00a9Zara Home<\/figcaption><\/figure>\n<\/div>\n<\/div>\n\n\n\n<h3 class=\"wp-block-heading\"><span class=\"ez-toc-section\" id=\"La_chaise\"><\/span><strong>La chaise<\/strong><span class=\"ez-toc-section-end\"><\/span><\/h3>\n\n\n\n<p>La <a href=\"https:\/\/www.mobilier-design-occasion.fr\/magazine\/fermob-occasion\/\">chaise<\/a> de Vincent Van Duysen pour Zara Home est utilis\u00e9e comme chaise de bureau ou chaise pour salle \u00e0 manger. C\u2019est une chaise qui allie la simplicit\u00e9, l\u2019\u00e9l\u00e9gance et la praticit\u00e9. Elle se d\u00e9marque gr\u00e2ce \u00e0 son dossier \u00e0 trois courbures. Cette chaise peut \u00eatre en ch\u00eane, en fr\u00eane et en combinaison de ch\u00eane et cuir. Elle peut \u00eatre de couleur naturelle ou en noire. La chaise mesure 80 cm de haut, 59 cm de large et 53 cm de profondeur.<\/p>\n\n\n\n<div class=\"wp-block-columns is-layout-flex wp-container-core-columns-is-layout-9d6595d7 wp-block-columns-is-layout-flex\">\n<div class=\"wp-block-column is-layout-flow wp-block-column-is-layout-flow\">\n<figure class=\"wp-block-image size-full\"><img loading=\"lazy\" decoding=\"async\" width=\"527\" height=\"653\" src=\"https:\/\/www.mobilier-design-occasion.fr\/magazine\/wp-content\/uploads\/2022\/07\/ZaraC.jpg\" alt=\"\" class=\"wp-image-5349\" srcset=\"https:\/\/www.mobilier-design-occasion.fr\/magazine\/wp-content\/uploads\/2022\/07\/ZaraC.jpg 527w, https:\/\/www.mobilier-design-occasion.fr\/magazine\/wp-content\/uploads\/2022\/07\/ZaraC-242x300.jpg 242w\" sizes=\"auto, (max-width: 527px) 100vw, 527px\" \/><figcaption>\u00a9Zara Home<\/figcaption><\/figure>\n<\/div>\n\n\n\n<div class=\"wp-block-column is-layout-flow wp-block-column-is-layout-flow\">\n<figure class=\"wp-block-image size-full\"><img loading=\"lazy\" decoding=\"async\" width=\"528\" height=\"654\" src=\"https:\/\/www.mobilier-design-occasion.fr\/magazine\/wp-content\/uploads\/2022\/07\/ZaraCA.jpg\" alt=\"\" class=\"wp-image-5350\" srcset=\"https:\/\/www.mobilier-design-occasion.fr\/magazine\/wp-content\/uploads\/2022\/07\/ZaraCA.jpg 528w, https:\/\/www.mobilier-design-occasion.fr\/magazine\/wp-content\/uploads\/2022\/07\/ZaraCA-242x300.jpg 242w\" sizes=\"auto, (max-width: 528px) 100vw, 528px\" \/><figcaption>\u00a9Zara Home<\/figcaption><\/figure>\n<\/div>\n<\/div>\n\n\n\n<h3 class=\"wp-block-heading\"><span class=\"ez-toc-section\" id=\"Le_fauteuil\"><\/span><strong>Le fauteuil<\/strong><span class=\"ez-toc-section-end\"><\/span><\/h3>\n\n\n\n<ul class=\"wp-block-list\"><li><strong>Armchair<\/strong><\/li><\/ul>\n\n\n\n<p>L\u2019Armchair 01 sign\u00e9 Vincent Van Duysen, est un mod\u00e8le r\u00e9duit du canap\u00e9 de la m\u00eame collection. Ce <a href=\"https:\/\/www.mobilier-design-occasion.fr\/magazine\/test-avis-sur-poltronesofa\/\">fauteuil<\/a> confortable est accompagn\u00e9 d\u2019un coussin de dossier et d\u2019un plus petit coussin pour l\u2019ergonomie du dos. Mesurant 75 cm de haut, 85 cm de large et 96 cm de profondeur, l\u2019Armchair 01 est disponible en coton, en lin et en tissu bouclette. Selon le type de mati\u00e8re, ce fauteuil est disponible en&nbsp;:<\/p>\n\n\n\n<div class=\"wp-block-columns is-layout-flex wp-container-core-columns-is-layout-9d6595d7 wp-block-columns-is-layout-flex\">\n<div class=\"wp-block-column is-layout-flow wp-block-column-is-layout-flow\">\n<figure class=\"wp-block-image size-full\"><img loading=\"lazy\" decoding=\"async\" width=\"527\" height=\"652\" src=\"https:\/\/www.mobilier-design-occasion.fr\/magazine\/wp-content\/uploads\/2022\/07\/Zara-F.jpg\" alt=\"\" class=\"wp-image-5351\" srcset=\"https:\/\/www.mobilier-design-occasion.fr\/magazine\/wp-content\/uploads\/2022\/07\/Zara-F.jpg 527w, https:\/\/www.mobilier-design-occasion.fr\/magazine\/wp-content\/uploads\/2022\/07\/Zara-F-242x300.jpg 242w\" sizes=\"auto, (max-width: 527px) 100vw, 527px\" \/><figcaption>\u00a9Zara Home<\/figcaption><\/figure>\n<\/div>\n\n\n\n<div class=\"wp-block-column is-layout-flow wp-block-column-is-layout-flow\">\n<figure class=\"wp-block-image size-full\"><img loading=\"lazy\" decoding=\"async\" width=\"525\" height=\"656\" src=\"https:\/\/www.mobilier-design-occasion.fr\/magazine\/wp-content\/uploads\/2022\/07\/ZaraEA.jpg\" alt=\"\" class=\"wp-image-5352\" srcset=\"https:\/\/www.mobilier-design-occasion.fr\/magazine\/wp-content\/uploads\/2022\/07\/ZaraEA.jpg 525w, https:\/\/www.mobilier-design-occasion.fr\/magazine\/wp-content\/uploads\/2022\/07\/ZaraEA-240x300.jpg 240w\" sizes=\"auto, (max-width: 525px) 100vw, 525px\" \/><figcaption>\u00a9Zara Home<\/figcaption><\/figure>\n<\/div>\n<\/div>\n\n\n\n<ul class=\"wp-block-list\"><li>Bleu nuit<\/li><li>Naturel<\/li><li>Vert fonc\u00e9<\/li><li>Marron<\/li><li>Ecru<\/li><\/ul>\n\n\n\n<ul class=\"wp-block-list\"><li><strong>Love Seat<\/strong><\/li><\/ul>\n\n\n\n<p>Le love seat est un meuble plus petit qu\u2019un canap\u00e9 deux places mais plus grand qu\u2019un fauteuil une place. Ce fauteuil est fait avec une base \u00e0 ressorts et est compos\u00e9 de mousse et d\u2019un matelas en plumes. Il est accompagn\u00e9 d\u2019un coussin de dossier ainsi que d\u2019un plus petit coussin pour le dos.<\/p>\n\n\n\n<div class=\"wp-block-columns is-layout-flex wp-container-core-columns-is-layout-9d6595d7 wp-block-columns-is-layout-flex\">\n<div class=\"wp-block-column is-layout-flow wp-block-column-is-layout-flow\">\n<figure class=\"wp-block-image size-full\"><img loading=\"lazy\" decoding=\"async\" width=\"527\" height=\"654\" src=\"https:\/\/www.mobilier-design-occasion.fr\/magazine\/wp-content\/uploads\/2022\/07\/ZaraEE.jpg\" alt=\"\" class=\"wp-image-5354\" srcset=\"https:\/\/www.mobilier-design-occasion.fr\/magazine\/wp-content\/uploads\/2022\/07\/ZaraEE.jpg 527w, https:\/\/www.mobilier-design-occasion.fr\/magazine\/wp-content\/uploads\/2022\/07\/ZaraEE-242x300.jpg 242w\" sizes=\"auto, (max-width: 527px) 100vw, 527px\" \/><figcaption>\u00a9Zara Home<\/figcaption><\/figure>\n<\/div>\n\n\n\n<div class=\"wp-block-column is-layout-flow wp-block-column-is-layout-flow\">\n<figure class=\"wp-block-image size-full\"><img loading=\"lazy\" decoding=\"async\" width=\"524\" height=\"651\" src=\"https:\/\/www.mobilier-design-occasion.fr\/magazine\/wp-content\/uploads\/2022\/07\/ZaraE.jpg\" alt=\"\" class=\"wp-image-5353\" srcset=\"https:\/\/www.mobilier-design-occasion.fr\/magazine\/wp-content\/uploads\/2022\/07\/ZaraE.jpg 524w, https:\/\/www.mobilier-design-occasion.fr\/magazine\/wp-content\/uploads\/2022\/07\/ZaraE-241x300.jpg 241w\" sizes=\"auto, (max-width: 524px) 100vw, 524px\" \/><figcaption>\u00a9Zara Home<\/figcaption><\/figure>\n<\/div>\n<\/div>\n\n\n\n<p>Le Love Seat de Zara Home by Vincent Van Duysen mesure 75 cm de haut, 110 cm de large et 140 cm de profondeur. Il est disponible en coton, en tissu bouclette et en lin&nbsp;; et de d\u00e9cline en cinq coloris.<\/p>\n\n\n\n<figure class=\"wp-block-embed is-type-video is-provider-youtube wp-block-embed-youtube wp-embed-aspect-16-9 wp-has-aspect-ratio\"><div class=\"wp-block-embed__wrapper\">\n<iframe loading=\"lazy\" title=\"ZARAHOME+ by @vincentvanduysen\" width=\"810\" height=\"456\" src=\"https:\/\/www.youtube.com\/embed\/8Xn2O9sUzJA?feature=oembed\" frameborder=\"0\" allow=\"accelerometer; autoplay; clipboard-write; encrypted-media; gyroscope; picture-in-picture\" allowfullscreen><\/iframe>\n<\/div><\/figure>\n\n\n\n<ul class=\"wp-block-list\"><li><strong>Lounge Chair<\/strong><\/li><\/ul>\n\n\n\n<p>Le fauteuil \u00ab&nbsp;Lounge Chair&nbsp;\u00bb de Zara Home sign\u00e9 Vincent Van Duysen est un fauteuil artisanal au design ind\u00e9modable. Il est aussi attrayant que confortable. Ce fauteuil de 65 cm de haut, 70 cm de large et 74 cm de profondeur est disponible en une combinaison de ch\u00eane et cuir ou de fr\u00eane et cuir. On peut le trouver soit de couleur naturelle soit de couleur noir.<\/p>\n\n\n\n<div class=\"wp-block-columns is-layout-flex wp-container-core-columns-is-layout-9d6595d7 wp-block-columns-is-layout-flex\">\n<div class=\"wp-block-column is-layout-flow wp-block-column-is-layout-flow\">\n<figure class=\"wp-block-image size-full\"><img loading=\"lazy\" decoding=\"async\" width=\"525\" height=\"653\" src=\"https:\/\/www.mobilier-design-occasion.fr\/magazine\/wp-content\/uploads\/2022\/07\/ZaraDB.jpg\" alt=\"\" class=\"wp-image-5355\" srcset=\"https:\/\/www.mobilier-design-occasion.fr\/magazine\/wp-content\/uploads\/2022\/07\/ZaraDB.jpg 525w, https:\/\/www.mobilier-design-occasion.fr\/magazine\/wp-content\/uploads\/2022\/07\/ZaraDB-241x300.jpg 241w\" sizes=\"auto, (max-width: 525px) 100vw, 525px\" \/><figcaption>\u00a9Zara Home<\/figcaption><\/figure>\n<\/div>\n\n\n\n<div class=\"wp-block-column is-layout-flow wp-block-column-is-layout-flow\">\n<figure class=\"wp-block-image size-full\"><img loading=\"lazy\" decoding=\"async\" width=\"527\" height=\"653\" src=\"https:\/\/www.mobilier-design-occasion.fr\/magazine\/wp-content\/uploads\/2022\/07\/ZaraDA.jpg\" alt=\"\" class=\"wp-image-5356\" srcset=\"https:\/\/www.mobilier-design-occasion.fr\/magazine\/wp-content\/uploads\/2022\/07\/ZaraDA.jpg 527w, https:\/\/www.mobilier-design-occasion.fr\/magazine\/wp-content\/uploads\/2022\/07\/ZaraDA-242x300.jpg 242w\" sizes=\"auto, (max-width: 527px) 100vw, 527px\" \/><figcaption>\u00a9Zara Home<\/figcaption><\/figure>\n<\/div>\n<\/div>\n","protected":false},"excerpt":{"rendered":"<p>Qui est Vincent Van Duysen&nbsp;? Vincent Van Duysen est un designer et architecte belge. On le d\u00e9signe comme l\u2019architecte belge le plus c\u00e9l\u00e8bre toujours en vie. En 1986, il obtient son dipl\u00f4me d\u2019architecte \u00e0 Sint-Lucas, \u00e0 Gent, puis travailler \u00e0 Milan pour Aldo Cibic, architecte-designer. De retour en Belgique en 1987, il travaille pour l\u2019architecte [&hellip;]<\/p>\n","protected":false},"author":1,"featured_media":5359,"comment_status":"open","ping_status":"open","sticky":false,"template":"","format":"standard","meta":{"footnotes":""},"categories":[2],"tags":[],"class_list":["post-5340","post","type-post","status-publish","format-standard","has-post-thumbnail","hentry","category-tendances"],"yoast_head":"<!-- This site is optimized with the Yoast SEO plugin v27.5 - https:\/\/yoast.com\/product\/yoast-seo-wordpress\/ -->\n<title>Cette nouvelle collaboration entre Zara Home et Vincent Van Duysen qu&#039;il ne faut absolument pas manquer! - Mobilier Design Magazine<\/title>\n<meta name=\"robots\" content=\"index, follow, max-snippet:-1, max-image-preview:large, max-video-preview:-1\" \/>\n<link rel=\"canonical\" href=\"https:\/\/www.mobilier-design-occasion.fr\/magazine\/collaboration-zara-home-et-vincent-van-duysen\/\" \/>\n<meta property=\"og:locale\" content=\"fr_FR\" \/>\n<meta property=\"og:type\" content=\"article\" \/>\n<meta property=\"og:title\" content=\"Cette nouvelle collaboration entre Zara Home et Vincent Van Duysen qu&#039;il ne faut absolument pas manquer! - Mobilier Design Magazine\" \/>\n<meta property=\"og:description\" content=\"Qui est Vincent Van Duysen&nbsp;? Vincent Van Duysen est un designer et architecte belge. On le d\u00e9signe comme l\u2019architecte belge le plus c\u00e9l\u00e8bre toujours en vie. En 1986, il obtient son dipl\u00f4me d\u2019architecte \u00e0 Sint-Lucas, \u00e0 Gent, puis travailler \u00e0 Milan pour Aldo Cibic, architecte-designer. De retour en Belgique en 1987, il travaille pour l\u2019architecte [&hellip;]\" \/>\n<meta property=\"og:url\" content=\"https:\/\/www.mobilier-design-occasion.fr\/magazine\/collaboration-zara-home-et-vincent-van-duysen\/\" \/>\n<meta property=\"og:site_name\" content=\"Mobilier Design Magazine\" \/>\n<meta property=\"article:publisher\" content=\"https:\/\/www.facebook.com\/mobilierdesignoccasion\" \/>\n<meta property=\"article:published_time\" content=\"2022-07-06T06:37:02+00:00\" \/>\n<meta property=\"article:modified_time\" content=\"2022-07-06T06:38:49+00:00\" \/>\n<meta property=\"og:image\" content=\"https:\/\/www.mobilier-design-occasion.fr\/magazine\/wp-content\/uploads\/2022\/07\/VincentvanDuysen_08-2000x2573-1-scaled.jpg\" \/>\n\t<meta property=\"og:image:width\" content=\"1592\" \/>\n\t<meta property=\"og:image:height\" content=\"2048\" \/>\n\t<meta property=\"og:image:type\" content=\"image\/jpeg\" \/>\n<meta name=\"author\" content=\"Cyrielle Poirot\" \/>\n<meta name=\"twitter:card\" content=\"summary_large_image\" \/>\n<meta name=\"twitter:label1\" content=\"\u00c9crit par\" \/>\n\t<meta name=\"twitter:data1\" content=\"Cyrielle Poirot\" \/>\n\t<meta name=\"twitter:label2\" content=\"Dur\u00e9e de lecture estim\u00e9e\" \/>\n\t<meta name=\"twitter:data2\" content=\"5 minutes\" \/>\n<script type=\"application\/ld+json\" class=\"yoast-schema-graph\">{\"@context\":\"https:\\\/\\\/schema.org\",\"@graph\":[{\"@type\":\"Article\",\"@id\":\"https:\\\/\\\/www.mobilier-design-occasion.fr\\\/magazine\\\/collaboration-zara-home-et-vincent-van-duysen\\\/#article\",\"isPartOf\":{\"@id\":\"https:\\\/\\\/www.mobilier-design-occasion.fr\\\/magazine\\\/collaboration-zara-home-et-vincent-van-duysen\\\/\"},\"author\":{\"name\":\"Cyrielle Poirot\",\"@id\":\"https:\\\/\\\/www.mobilier-design-occasion.fr\\\/magazine\\\/#\\\/schema\\\/person\\\/5b2e5627a714ddadaaf8c9b886c55eff\"},\"headline\":\"Cette nouvelle collaboration entre Zara Home et Vincent Van Duysen qu&#8217;il ne faut absolument pas manquer!\",\"datePublished\":\"2022-07-06T06:37:02+00:00\",\"dateModified\":\"2022-07-06T06:38:49+00:00\",\"mainEntityOfPage\":{\"@id\":\"https:\\\/\\\/www.mobilier-design-occasion.fr\\\/magazine\\\/collaboration-zara-home-et-vincent-van-duysen\\\/\"},\"wordCount\":1009,\"commentCount\":0,\"publisher\":{\"@id\":\"https:\\\/\\\/www.mobilier-design-occasion.fr\\\/magazine\\\/#organization\"},\"image\":{\"@id\":\"https:\\\/\\\/www.mobilier-design-occasion.fr\\\/magazine\\\/collaboration-zara-home-et-vincent-van-duysen\\\/#primaryimage\"},\"thumbnailUrl\":\"https:\\\/\\\/www.mobilier-design-occasion.fr\\\/magazine\\\/wp-content\\\/uploads\\\/2022\\\/07\\\/VincentvanDuysen_08-2000x2573-1-scaled.jpg\",\"articleSection\":[\"Tendances\"],\"inLanguage\":\"fr-FR\",\"potentialAction\":[{\"@type\":\"CommentAction\",\"name\":\"Comment\",\"target\":[\"https:\\\/\\\/www.mobilier-design-occasion.fr\\\/magazine\\\/collaboration-zara-home-et-vincent-van-duysen\\\/#respond\"]}]},{\"@type\":\"WebPage\",\"@id\":\"https:\\\/\\\/www.mobilier-design-occasion.fr\\\/magazine\\\/collaboration-zara-home-et-vincent-van-duysen\\\/\",\"url\":\"https:\\\/\\\/www.mobilier-design-occasion.fr\\\/magazine\\\/collaboration-zara-home-et-vincent-van-duysen\\\/\",\"name\":\"Cette nouvelle collaboration entre Zara Home et Vincent Van Duysen qu'il ne faut absolument pas manquer! - Mobilier Design Magazine\",\"isPartOf\":{\"@id\":\"https:\\\/\\\/www.mobilier-design-occasion.fr\\\/magazine\\\/#website\"},\"primaryImageOfPage\":{\"@id\":\"https:\\\/\\\/www.mobilier-design-occasion.fr\\\/magazine\\\/collaboration-zara-home-et-vincent-van-duysen\\\/#primaryimage\"},\"image\":{\"@id\":\"https:\\\/\\\/www.mobilier-design-occasion.fr\\\/magazine\\\/collaboration-zara-home-et-vincent-van-duysen\\\/#primaryimage\"},\"thumbnailUrl\":\"https:\\\/\\\/www.mobilier-design-occasion.fr\\\/magazine\\\/wp-content\\\/uploads\\\/2022\\\/07\\\/VincentvanDuysen_08-2000x2573-1-scaled.jpg\",\"datePublished\":\"2022-07-06T06:37:02+00:00\",\"dateModified\":\"2022-07-06T06:38:49+00:00\",\"breadcrumb\":{\"@id\":\"https:\\\/\\\/www.mobilier-design-occasion.fr\\\/magazine\\\/collaboration-zara-home-et-vincent-van-duysen\\\/#breadcrumb\"},\"inLanguage\":\"fr-FR\",\"potentialAction\":[{\"@type\":\"ReadAction\",\"target\":[\"https:\\\/\\\/www.mobilier-design-occasion.fr\\\/magazine\\\/collaboration-zara-home-et-vincent-van-duysen\\\/\"]}]},{\"@type\":\"ImageObject\",\"inLanguage\":\"fr-FR\",\"@id\":\"https:\\\/\\\/www.mobilier-design-occasion.fr\\\/magazine\\\/collaboration-zara-home-et-vincent-van-duysen\\\/#primaryimage\",\"url\":\"https:\\\/\\\/www.mobilier-design-occasion.fr\\\/magazine\\\/wp-content\\\/uploads\\\/2022\\\/07\\\/VincentvanDuysen_08-2000x2573-1-scaled.jpg\",\"contentUrl\":\"https:\\\/\\\/www.mobilier-design-occasion.fr\\\/magazine\\\/wp-content\\\/uploads\\\/2022\\\/07\\\/VincentvanDuysen_08-2000x2573-1-scaled.jpg\",\"width\":1592,\"height\":2048},{\"@type\":\"BreadcrumbList\",\"@id\":\"https:\\\/\\\/www.mobilier-design-occasion.fr\\\/magazine\\\/collaboration-zara-home-et-vincent-van-duysen\\\/#breadcrumb\",\"itemListElement\":[{\"@type\":\"ListItem\",\"position\":1,\"name\":\"Accueil\",\"item\":\"https:\\\/\\\/www.mobilier-design-occasion.fr\\\/magazine\\\/\"},{\"@type\":\"ListItem\",\"position\":2,\"name\":\"Cette nouvelle collaboration entre Zara Home et Vincent Van Duysen qu&rsquo;il ne faut absolument pas manquer!\"}]},{\"@type\":\"WebSite\",\"@id\":\"https:\\\/\\\/www.mobilier-design-occasion.fr\\\/magazine\\\/#website\",\"url\":\"https:\\\/\\\/www.mobilier-design-occasion.fr\\\/magazine\\\/\",\"name\":\"Mobilier Design Magazine\",\"description\":\"\",\"publisher\":{\"@id\":\"https:\\\/\\\/www.mobilier-design-occasion.fr\\\/magazine\\\/#organization\"},\"potentialAction\":[{\"@type\":\"SearchAction\",\"target\":{\"@type\":\"EntryPoint\",\"urlTemplate\":\"https:\\\/\\\/www.mobilier-design-occasion.fr\\\/magazine\\\/?s={search_term_string}\"},\"query-input\":{\"@type\":\"PropertyValueSpecification\",\"valueRequired\":true,\"valueName\":\"search_term_string\"}}],\"inLanguage\":\"fr-FR\"},{\"@type\":\"Organization\",\"@id\":\"https:\\\/\\\/www.mobilier-design-occasion.fr\\\/magazine\\\/#organization\",\"name\":\"Mobilier Design Magazine\",\"url\":\"https:\\\/\\\/www.mobilier-design-occasion.fr\\\/magazine\\\/\",\"logo\":{\"@type\":\"ImageObject\",\"inLanguage\":\"fr-FR\",\"@id\":\"https:\\\/\\\/www.mobilier-design-occasion.fr\\\/magazine\\\/#\\\/schema\\\/logo\\\/image\\\/\",\"url\":\"https:\\\/\\\/www.mobilier-design-occasion.fr\\\/magazine\\\/wp-content\\\/uploads\\\/2024\\\/02\\\/android-chrome-192x192-1.png\",\"contentUrl\":\"https:\\\/\\\/www.mobilier-design-occasion.fr\\\/magazine\\\/wp-content\\\/uploads\\\/2024\\\/02\\\/android-chrome-192x192-1.png\",\"width\":192,\"height\":192,\"caption\":\"Mobilier Design Magazine\"},\"image\":{\"@id\":\"https:\\\/\\\/www.mobilier-design-occasion.fr\\\/magazine\\\/#\\\/schema\\\/logo\\\/image\\\/\"},\"sameAs\":[\"https:\\\/\\\/www.facebook.com\\\/mobilierdesignoccasion\"]},{\"@type\":\"Person\",\"@id\":\"https:\\\/\\\/www.mobilier-design-occasion.fr\\\/magazine\\\/#\\\/schema\\\/person\\\/5b2e5627a714ddadaaf8c9b886c55eff\",\"name\":\"Cyrielle Poirot\",\"image\":{\"@type\":\"ImageObject\",\"inLanguage\":\"fr-FR\",\"@id\":\"https:\\\/\\\/secure.gravatar.com\\\/avatar\\\/c8d2674e093b06894d8d1dc468b626bd752523471f3ac6e75f7c7a1400d40b4d?s=96&d=mm&r=g\",\"url\":\"https:\\\/\\\/secure.gravatar.com\\\/avatar\\\/c8d2674e093b06894d8d1dc468b626bd752523471f3ac6e75f7c7a1400d40b4d?s=96&d=mm&r=g\",\"contentUrl\":\"https:\\\/\\\/secure.gravatar.com\\\/avatar\\\/c8d2674e093b06894d8d1dc468b626bd752523471f3ac6e75f7c7a1400d40b4d?s=96&d=mm&r=g\",\"caption\":\"Cyrielle Poirot\"},\"description\":\"Cyrielle est passionn\u00e9e par la d\u00e9coration d'int\u00e9rieur et s'est sp\u00e9cialis\u00e9e depuis quelques ann\u00e9es dans l'\u00e9dition du site Mobilier-Design, avec une touche sp\u00e9cifique pour les produits d'occasion.\",\"sameAs\":[\"https:\\\/\\\/www.mobilier-design-occasion.fr\\\/magazine\"],\"url\":\"https:\\\/\\\/www.mobilier-design-occasion.fr\\\/magazine\\\/author\\\/cyrielle\\\/\"}]}<\/script>\n<!-- \/ Yoast SEO plugin. -->","yoast_head_json":{"title":"Cette nouvelle collaboration entre Zara Home et Vincent Van Duysen qu'il ne faut absolument pas manquer! - Mobilier Design Magazine","robots":{"index":"index","follow":"follow","max-snippet":"max-snippet:-1","max-image-preview":"max-image-preview:large","max-video-preview":"max-video-preview:-1"},"canonical":"https:\/\/www.mobilier-design-occasion.fr\/magazine\/collaboration-zara-home-et-vincent-van-duysen\/","og_locale":"fr_FR","og_type":"article","og_title":"Cette nouvelle collaboration entre Zara Home et Vincent Van Duysen qu'il ne faut absolument pas manquer! - Mobilier Design Magazine","og_description":"Qui est Vincent Van Duysen&nbsp;? Vincent Van Duysen est un designer et architecte belge. On le d\u00e9signe comme l\u2019architecte belge le plus c\u00e9l\u00e8bre toujours en vie. En 1986, il obtient son dipl\u00f4me d\u2019architecte \u00e0 Sint-Lucas, \u00e0 Gent, puis travailler \u00e0 Milan pour Aldo Cibic, architecte-designer. De retour en Belgique en 1987, il travaille pour l\u2019architecte [&hellip;]","og_url":"https:\/\/www.mobilier-design-occasion.fr\/magazine\/collaboration-zara-home-et-vincent-van-duysen\/","og_site_name":"Mobilier Design Magazine","article_publisher":"https:\/\/www.facebook.com\/mobilierdesignoccasion","article_published_time":"2022-07-06T06:37:02+00:00","article_modified_time":"2022-07-06T06:38:49+00:00","og_image":[{"width":1592,"height":2048,"url":"https:\/\/www.mobilier-design-occasion.fr\/magazine\/wp-content\/uploads\/2022\/07\/VincentvanDuysen_08-2000x2573-1-scaled.jpg","type":"image\/jpeg"}],"author":"Cyrielle Poirot","twitter_card":"summary_large_image","twitter_misc":{"\u00c9crit par":"Cyrielle Poirot","Dur\u00e9e de lecture estim\u00e9e":"5 minutes"},"schema":{"@context":"https:\/\/schema.org","@graph":[{"@type":"Article","@id":"https:\/\/www.mobilier-design-occasion.fr\/magazine\/collaboration-zara-home-et-vincent-van-duysen\/#article","isPartOf":{"@id":"https:\/\/www.mobilier-design-occasion.fr\/magazine\/collaboration-zara-home-et-vincent-van-duysen\/"},"author":{"name":"Cyrielle Poirot","@id":"https:\/\/www.mobilier-design-occasion.fr\/magazine\/#\/schema\/person\/5b2e5627a714ddadaaf8c9b886c55eff"},"headline":"Cette nouvelle collaboration entre Zara Home et Vincent Van Duysen qu&#8217;il ne faut absolument pas manquer!","datePublished":"2022-07-06T06:37:02+00:00","dateModified":"2022-07-06T06:38:49+00:00","mainEntityOfPage":{"@id":"https:\/\/www.mobilier-design-occasion.fr\/magazine\/collaboration-zara-home-et-vincent-van-duysen\/"},"wordCount":1009,"commentCount":0,"publisher":{"@id":"https:\/\/www.mobilier-design-occasion.fr\/magazine\/#organization"},"image":{"@id":"https:\/\/www.mobilier-design-occasion.fr\/magazine\/collaboration-zara-home-et-vincent-van-duysen\/#primaryimage"},"thumbnailUrl":"https:\/\/www.mobilier-design-occasion.fr\/magazine\/wp-content\/uploads\/2022\/07\/VincentvanDuysen_08-2000x2573-1-scaled.jpg","articleSection":["Tendances"],"inLanguage":"fr-FR","potentialAction":[{"@type":"CommentAction","name":"Comment","target":["https:\/\/www.mobilier-design-occasion.fr\/magazine\/collaboration-zara-home-et-vincent-van-duysen\/#respond"]}]},{"@type":"WebPage","@id":"https:\/\/www.mobilier-design-occasion.fr\/magazine\/collaboration-zara-home-et-vincent-van-duysen\/","url":"https:\/\/www.mobilier-design-occasion.fr\/magazine\/collaboration-zara-home-et-vincent-van-duysen\/","name":"Cette nouvelle collaboration entre Zara Home et Vincent Van Duysen qu'il ne faut absolument pas manquer! - Mobilier Design Magazine","isPartOf":{"@id":"https:\/\/www.mobilier-design-occasion.fr\/magazine\/#website"},"primaryImageOfPage":{"@id":"https:\/\/www.mobilier-design-occasion.fr\/magazine\/collaboration-zara-home-et-vincent-van-duysen\/#primaryimage"},"image":{"@id":"https:\/\/www.mobilier-design-occasion.fr\/magazine\/collaboration-zara-home-et-vincent-van-duysen\/#primaryimage"},"thumbnailUrl":"https:\/\/www.mobilier-design-occasion.fr\/magazine\/wp-content\/uploads\/2022\/07\/VincentvanDuysen_08-2000x2573-1-scaled.jpg","datePublished":"2022-07-06T06:37:02+00:00","dateModified":"2022-07-06T06:38:49+00:00","breadcrumb":{"@id":"https:\/\/www.mobilier-design-occasion.fr\/magazine\/collaboration-zara-home-et-vincent-van-duysen\/#breadcrumb"},"inLanguage":"fr-FR","potentialAction":[{"@type":"ReadAction","target":["https:\/\/www.mobilier-design-occasion.fr\/magazine\/collaboration-zara-home-et-vincent-van-duysen\/"]}]},{"@type":"ImageObject","inLanguage":"fr-FR","@id":"https:\/\/www.mobilier-design-occasion.fr\/magazine\/collaboration-zara-home-et-vincent-van-duysen\/#primaryimage","url":"https:\/\/www.mobilier-design-occasion.fr\/magazine\/wp-content\/uploads\/2022\/07\/VincentvanDuysen_08-2000x2573-1-scaled.jpg","contentUrl":"https:\/\/www.mobilier-design-occasion.fr\/magazine\/wp-content\/uploads\/2022\/07\/VincentvanDuysen_08-2000x2573-1-scaled.jpg","width":1592,"height":2048},{"@type":"BreadcrumbList","@id":"https:\/\/www.mobilier-design-occasion.fr\/magazine\/collaboration-zara-home-et-vincent-van-duysen\/#breadcrumb","itemListElement":[{"@type":"ListItem","position":1,"name":"Accueil","item":"https:\/\/www.mobilier-design-occasion.fr\/magazine\/"},{"@type":"ListItem","position":2,"name":"Cette nouvelle collaboration entre Zara Home et Vincent Van Duysen qu&rsquo;il ne faut absolument pas manquer!"}]},{"@type":"WebSite","@id":"https:\/\/www.mobilier-design-occasion.fr\/magazine\/#website","url":"https:\/\/www.mobilier-design-occasion.fr\/magazine\/","name":"Mobilier Design Magazine","description":"","publisher":{"@id":"https:\/\/www.mobilier-design-occasion.fr\/magazine\/#organization"},"potentialAction":[{"@type":"SearchAction","target":{"@type":"EntryPoint","urlTemplate":"https:\/\/www.mobilier-design-occasion.fr\/magazine\/?s={search_term_string}"},"query-input":{"@type":"PropertyValueSpecification","valueRequired":true,"valueName":"search_term_string"}}],"inLanguage":"fr-FR"},{"@type":"Organization","@id":"https:\/\/www.mobilier-design-occasion.fr\/magazine\/#organization","name":"Mobilier Design Magazine","url":"https:\/\/www.mobilier-design-occasion.fr\/magazine\/","logo":{"@type":"ImageObject","inLanguage":"fr-FR","@id":"https:\/\/www.mobilier-design-occasion.fr\/magazine\/#\/schema\/logo\/image\/","url":"https:\/\/www.mobilier-design-occasion.fr\/magazine\/wp-content\/uploads\/2024\/02\/android-chrome-192x192-1.png","contentUrl":"https:\/\/www.mobilier-design-occasion.fr\/magazine\/wp-content\/uploads\/2024\/02\/android-chrome-192x192-1.png","width":192,"height":192,"caption":"Mobilier Design Magazine"},"image":{"@id":"https:\/\/www.mobilier-design-occasion.fr\/magazine\/#\/schema\/logo\/image\/"},"sameAs":["https:\/\/www.facebook.com\/mobilierdesignoccasion"]},{"@type":"Person","@id":"https:\/\/www.mobilier-design-occasion.fr\/magazine\/#\/schema\/person\/5b2e5627a714ddadaaf8c9b886c55eff","name":"Cyrielle Poirot","image":{"@type":"ImageObject","inLanguage":"fr-FR","@id":"https:\/\/secure.gravatar.com\/avatar\/c8d2674e093b06894d8d1dc468b626bd752523471f3ac6e75f7c7a1400d40b4d?s=96&d=mm&r=g","url":"https:\/\/secure.gravatar.com\/avatar\/c8d2674e093b06894d8d1dc468b626bd752523471f3ac6e75f7c7a1400d40b4d?s=96&d=mm&r=g","contentUrl":"https:\/\/secure.gravatar.com\/avatar\/c8d2674e093b06894d8d1dc468b626bd752523471f3ac6e75f7c7a1400d40b4d?s=96&d=mm&r=g","caption":"Cyrielle Poirot"},"description":"Cyrielle est passionn\u00e9e par la d\u00e9coration d'int\u00e9rieur et s'est sp\u00e9cialis\u00e9e depuis quelques ann\u00e9es dans l'\u00e9dition du site Mobilier-Design, avec une touche sp\u00e9cifique pour les produits d'occasion.","sameAs":["https:\/\/www.mobilier-design-occasion.fr\/magazine"],"url":"https:\/\/www.mobilier-design-occasion.fr\/magazine\/author\/cyrielle\/"}]}},"_links":{"self":[{"href":"https:\/\/www.mobilier-design-occasion.fr\/magazine\/wp-json\/wp\/v2\/posts\/5340","targetHints":{"allow":["GET"]}}],"collection":[{"href":"https:\/\/www.mobilier-design-occasion.fr\/magazine\/wp-json\/wp\/v2\/posts"}],"about":[{"href":"https:\/\/www.mobilier-design-occasion.fr\/magazine\/wp-json\/wp\/v2\/types\/post"}],"author":[{"embeddable":true,"href":"https:\/\/www.mobilier-design-occasion.fr\/magazine\/wp-json\/wp\/v2\/users\/1"}],"replies":[{"embeddable":true,"href":"https:\/\/www.mobilier-design-occasion.fr\/magazine\/wp-json\/wp\/v2\/comments?post=5340"}],"version-history":[{"count":7,"href":"https:\/\/www.mobilier-design-occasion.fr\/magazine\/wp-json\/wp\/v2\/posts\/5340\/revisions"}],"predecessor-version":[{"id":5366,"href":"https:\/\/www.mobilier-design-occasion.fr\/magazine\/wp-json\/wp\/v2\/posts\/5340\/revisions\/5366"}],"wp:featuredmedia":[{"embeddable":true,"href":"https:\/\/www.mobilier-design-occasion.fr\/magazine\/wp-json\/wp\/v2\/media\/5359"}],"wp:attachment":[{"href":"https:\/\/www.mobilier-design-occasion.fr\/magazine\/wp-json\/wp\/v2\/media?parent=5340"}],"wp:term":[{"taxonomy":"category","embeddable":true,"href":"https:\/\/www.mobilier-design-occasion.fr\/magazine\/wp-json\/wp\/v2\/categories?post=5340"},{"taxonomy":"post_tag","embeddable":true,"href":"https:\/\/www.mobilier-design-occasion.fr\/magazine\/wp-json\/wp\/v2\/tags?post=5340"}],"curies":[{"name":"wp","href":"https:\/\/api.w.org\/{rel}","templated":true}]}}