{"id":5273,"date":"2022-07-05T12:45:25","date_gmt":"2022-07-05T12:45:25","guid":{"rendered":"https:\/\/www.mobilier-design-occasion.fr\/magazine\/?p=5273"},"modified":"2023-09-25T13:39:48","modified_gmt":"2023-09-25T13:39:48","slug":"10-idees-pour-faire-entrer-le-vert-celadon-dans-votre-deco","status":"publish","type":"post","link":"https:\/\/www.mobilier-design-occasion.fr\/magazine\/10-idees-pour-faire-entrer-le-vert-celadon-dans-votre-deco\/","title":{"rendered":"10 id\u00e9es pour faire entrer le vert c\u00e9ladon dans votre d\u00e9co!"},"content":{"rendered":"\n<h2 class=\"wp-block-heading\"><span class=\"ez-toc-section\" id=\"Quest-ce_quun_vert_celadon\"><\/span><strong>Qu\u2019est-ce qu\u2019un vert c\u00e9ladon ?<\/strong><span class=\"ez-toc-section-end\"><\/span><\/h2><div id=\"ez-toc-container\" class=\"ez-toc-v2_0_82_2 counter-hierarchy ez-toc-counter ez-toc-grey ez-toc-container-direction\">\n<div class=\"ez-toc-title-container\">\n<span class=\"ez-toc-title-toggle\"><a href=\"#\" class=\"ez-toc-pull-right ez-toc-btn ez-toc-btn-xs ez-toc-btn-default ez-toc-toggle\" aria-label=\"Toggle Table of Content\"><span class=\"ez-toc-js-icon-con\"><span class=\"\"><span class=\"eztoc-hide\" style=\"display:none;\">Toggle<\/span><span class=\"ez-toc-icon-toggle-span\"><svg style=\"fill: #999;color:#999\" xmlns=\"http:\/\/www.w3.org\/2000\/svg\" class=\"list-377408\" width=\"20px\" height=\"20px\" viewBox=\"0 0 24 24\" fill=\"none\"><path d=\"M6 6H4v2h2V6zm14 0H8v2h12V6zM4 11h2v2H4v-2zm16 0H8v2h12v-2zM4 16h2v2H4v-2zm16 0H8v2h12v-2z\" fill=\"currentColor\"><\/path><\/svg><svg style=\"fill: #999;color:#999\" class=\"arrow-unsorted-368013\" xmlns=\"http:\/\/www.w3.org\/2000\/svg\" width=\"10px\" height=\"10px\" viewBox=\"0 0 24 24\" version=\"1.2\" baseProfile=\"tiny\"><path d=\"M18.2 9.3l-6.2-6.3-6.2 6.3c-.2.2-.3.4-.3.7s.1.5.3.7c.2.2.4.3.7.3h11c.3 0 .5-.1.7-.3.2-.2.3-.5.3-.7s-.1-.5-.3-.7zM5.8 14.7l6.2 6.3 6.2-6.3c.2-.2.3-.5.3-.7s-.1-.5-.3-.7c-.2-.2-.4-.3-.7-.3h-11c-.3 0-.5.1-.7.3-.2.2-.3.5-.3.7s.1.5.3.7z\"\/><\/svg><\/span><\/span><\/span><\/a><\/span><\/div>\n<nav><ul class='ez-toc-list ez-toc-list-level-1 eztoc-toggle-hide-by-default' ><li class='ez-toc-page-1 ez-toc-heading-level-2'><a class=\"ez-toc-link ez-toc-heading-1\" href=\"https:\/\/www.mobilier-design-occasion.fr\/magazine\/10-idees-pour-faire-entrer-le-vert-celadon-dans-votre-deco\/#Quest-ce_quun_vert_celadon\" >Qu\u2019est-ce qu\u2019un vert c\u00e9ladon ?<\/a><\/li><li class='ez-toc-page-1 ez-toc-heading-level-2'><a class=\"ez-toc-link ez-toc-heading-2\" href=\"https:\/\/www.mobilier-design-occasion.fr\/magazine\/10-idees-pour-faire-entrer-le-vert-celadon-dans-votre-deco\/#Les_nuances_de_vert_celadon\" >Les nuances de vert c\u00e9ladon<\/a><\/li><li class='ez-toc-page-1 ez-toc-heading-level-2'><a class=\"ez-toc-link ez-toc-heading-3\" href=\"https:\/\/www.mobilier-design-occasion.fr\/magazine\/10-idees-pour-faire-entrer-le-vert-celadon-dans-votre-deco\/#Ou_trouver_la_peinture_vert_celadon\" >O\u00f9 trouver la peinture vert c\u00e9ladon?<\/a><\/li><li class='ez-toc-page-1 ez-toc-heading-level-2'><a class=\"ez-toc-link ez-toc-heading-4\" href=\"https:\/\/www.mobilier-design-occasion.fr\/magazine\/10-idees-pour-faire-entrer-le-vert-celadon-dans-votre-deco\/#Vert_celadon_dans_la_chambre\" >Vert c\u00e9ladon dans la chambre<\/a><\/li><li class='ez-toc-page-1 ez-toc-heading-level-2'><a class=\"ez-toc-link ez-toc-heading-5\" href=\"https:\/\/www.mobilier-design-occasion.fr\/magazine\/10-idees-pour-faire-entrer-le-vert-celadon-dans-votre-deco\/#Vert_celadon_dans_la_cuisine\" >Vert c\u00e9ladon dans la cuisine<\/a><\/li><li class='ez-toc-page-1 ez-toc-heading-level-2'><a class=\"ez-toc-link ez-toc-heading-6\" href=\"https:\/\/www.mobilier-design-occasion.fr\/magazine\/10-idees-pour-faire-entrer-le-vert-celadon-dans-votre-deco\/#Le_vert_celadon_dans_le_salon\" >Le vert c\u00e9ladon dans le salon<\/a><\/li><li class='ez-toc-page-1 ez-toc-heading-level-2'><a class=\"ez-toc-link ez-toc-heading-7\" href=\"https:\/\/www.mobilier-design-occasion.fr\/magazine\/10-idees-pour-faire-entrer-le-vert-celadon-dans-votre-deco\/#Vert_celadon_dans_le_mobilier\" >Vert c\u00e9ladon dans le mobilier<\/a><\/li><li class='ez-toc-page-1 ez-toc-heading-level-2'><a class=\"ez-toc-link ez-toc-heading-8\" href=\"https:\/\/www.mobilier-design-occasion.fr\/magazine\/10-idees-pour-faire-entrer-le-vert-celadon-dans-votre-deco\/#Assortir_sa_decoration_dinterieur_au_vert_celadon\" >Assortir sa d\u00e9coration d\u2019int\u00e9rieur au vert c\u00e9ladon<\/a><\/li><\/ul><\/nav><\/div>\n\n\n\n\n<p>Le <a href=\"https:\/\/www.for-interieur.fr\/couleur-vert-celadon\/#:~:text=Afin%20de%20cr%C3%A9er%20une%20ambiance,moutarde%20ou%20un%20rose%20tendre.\">vert c\u00e9ladon<\/a> est un nom de couleur qui d\u00e9signe une nuance de vert. Le nom c\u00e9ladon a \u00e9t\u00e9 tir\u00e9 du berger C\u00e9ladon dont la ceinture \u00e9tait verte. Cette couleur caract\u00e9rise les porcelaines traditionnelles chinoises, tr\u00e8s populaire en <a href=\"https:\/\/www.mobilier-design-occasion.fr\/magazine\/test-avis-sur-ripaton\/\">France<\/a> dans les ann\u00e9es 1600.<\/p>\n\n\n\n<figure class=\"wp-block-image size-full\"><img loading=\"lazy\" decoding=\"async\" width=\"983\" height=\"655\" src=\"https:\/\/www.mobilier-design-occasion.fr\/magazine\/wp-content\/uploads\/2022\/07\/AAAA.jpg\" alt=\"\" class=\"wp-image-5290\" srcset=\"https:\/\/www.mobilier-design-occasion.fr\/magazine\/wp-content\/uploads\/2022\/07\/AAAA.jpg 983w, https:\/\/www.mobilier-design-occasion.fr\/magazine\/wp-content\/uploads\/2022\/07\/AAAA-300x200.jpg 300w, https:\/\/www.mobilier-design-occasion.fr\/magazine\/wp-content\/uploads\/2022\/07\/AAAA-768x512.jpg 768w, https:\/\/www.mobilier-design-occasion.fr\/magazine\/wp-content\/uploads\/2022\/07\/AAAA-810x540.jpg 810w\" sizes=\"auto, (max-width: 983px) 100vw, 983px\" \/><\/figure>\n\n\n\n<p>Le vert c\u00e9ladon est une couleur verte assez p\u00e2le qui se situe entre un vert-d\u2019eau et un vert-de-gris. Le vert c\u00e9ladon est aujourd\u2019hui tr\u00e8s tendance et s\u2019int\u00e8gre dans toutes les pi\u00e8ces de la maison via diff\u00e9rentes fa\u00e7ons.<\/p>\n\n\n\n<h2 class=\"wp-block-heading\"><span class=\"ez-toc-section\" id=\"Les_nuances_de_vert_celadon\"><\/span><strong>Les nuances de vert c\u00e9ladon<\/strong><span class=\"ez-toc-section-end\"><\/span><\/h2>\n\n\n\n<p>Il existe de nombreuses nuances de vert c\u00e9ladon. Voici quelques tons dans la grande famille du vert c\u00e9ladon&nbsp;:<\/p>\n\n\n\n<figure class=\"wp-block-image size-full\"><img loading=\"lazy\" decoding=\"async\" width=\"796\" height=\"1024\" src=\"https:\/\/www.mobilier-design-occasion.fr\/magazine\/wp-content\/uploads\/2022\/07\/pintersest.png\" alt=\"\" class=\"wp-image-5289\" srcset=\"https:\/\/www.mobilier-design-occasion.fr\/magazine\/wp-content\/uploads\/2022\/07\/pintersest.png 796w, https:\/\/www.mobilier-design-occasion.fr\/magazine\/wp-content\/uploads\/2022\/07\/pintersest-233x300.png 233w, https:\/\/www.mobilier-design-occasion.fr\/magazine\/wp-content\/uploads\/2022\/07\/pintersest-768x988.png 768w\" sizes=\"auto, (max-width: 796px) 100vw, 796px\" \/><figcaption>Pinterest<\/figcaption><\/figure>\n\n\n\n<ul class=\"wp-block-list\"><li>Vert jade<\/li><li>Vert d\u2019eau<\/li><li>Vert brume<\/li><li>Vert vif<\/li><li>Vert menthe<\/li><li>Vert Provence<\/li><li>Vert-de-gris<\/li><li>Vert pale<\/li><li>Vert pastel<\/li><li>Vert poudr\u00e9<\/li><\/ul>\n\n\n\n<h2 class=\"wp-block-heading\"><span class=\"ez-toc-section\" id=\"Ou_trouver_la_peinture_vert_celadon\"><\/span><strong>O\u00f9 trouver la peinture vert c\u00e9ladon?<\/strong><span class=\"ez-toc-section-end\"><\/span><\/h2>\n\n\n\n<p>Devenu une teinte tr\u00e8s tendance,&nbsp;le <a href=\"http:\/\/www.achatdesign.com\/magazine\/le-vert-celadon-dans-la-maison\/\">vert c\u00e9ladon<\/a> est de plus en plus en mis en avant chez les grands magasins et distributeurs de peinture. Voici quelques marques qui proposent diverses nuances de vert c\u00e9ladon dans leur catalogue.<\/p>\n\n\n\n<ul class=\"wp-block-list\"><li>Dulux Valentine<\/li><li>Farrow &amp; Ball<\/li><li>La maison Bineau<\/li><li>Pantone<\/li><li>Ripolin<\/li><li>Tollens<\/li><\/ul>\n\n\n\n<figure class=\"wp-block-embed is-type-rich is-provider-twitter wp-block-embed-twitter\"><div class=\"wp-block-embed__wrapper\">\n<blockquote class=\"twitter-tweet\" data-width=\"550\" data-dnt=\"true\"><p lang=\"fr\" dir=\"ltr\">Et si vous osier le salon en total look vert ? <a href=\"https:\/\/twitter.com\/hashtag\/JeudiPhoto?src=hash&amp;ref_src=twsrc%5Etfw\">#JeudiPhoto<\/a><br>Le mur peint en vert c\u00e9ladon avecun <a href=\"https:\/\/www.mobilier-design-occasion.fr\/magazine\/test-avis-sur-poltronesofa\/\">canap\u00e9<\/a> au coloris vert sapin apporte un c\u00f4t\u00e9 tr\u00e9s zen et nature \ud83e\uddd8 <a href=\"https:\/\/t.co\/ZFzUO464B6\">pic.twitter.com\/ZFzUO464B6<\/a><\/p>&mdash; Art&#39;co (@ReseauArtco) <a href=\"https:\/\/twitter.com\/ReseauArtco\/status\/1098503888209145857?ref_src=twsrc%5Etfw\">February 21, 2019<\/a><\/blockquote><script async src=\"https:\/\/platform.twitter.com\/widgets.js\" charset=\"utf-8\"><\/script>\n<\/div><\/figure>\n\n\n\n<h2 class=\"wp-block-heading\"><span class=\"ez-toc-section\" id=\"Vert_celadon_dans_la_chambre\"><\/span><strong>Vert c\u00e9ladon dans la chambre<\/strong><span class=\"ez-toc-section-end\"><\/span><\/h2>\n\n\n\n<p>Le ton pale du vert c\u00e9ladon procure une atmosph\u00e8re calme, douce et cocooning. Dans une <a href=\"https:\/\/www.mobilier-design-occasion.fr\/magazine\/5-elements-pour-amenager-une-chambre-montessori\/\">chambre<\/a>, on peut tout \u00e0 fait le vert c\u00e9ladon sur un meuble, dans les meubles, avec les linges de lits ou les objets de d\u00e9corations. L\u2019utilisation du vert c\u00e9ladon procure un environnement neutre et apaisant. Le vert c\u00e9ladon s\u2019associe parfaitement \u00e0 des petites touches de d\u00e9corations jaune, grise&nbsp;ou \u00e0 des linges bleu lavande.<\/p>\n\n\n\n<div class=\"wp-block-columns is-layout-flex wp-container-core-columns-is-layout-9d6595d7 wp-block-columns-is-layout-flex\">\n<div class=\"wp-block-column is-layout-flow wp-block-column-is-layout-flow\">\n<figure class=\"wp-block-image size-full\"><img loading=\"lazy\" decoding=\"async\" width=\"563\" height=\"655\" src=\"https:\/\/www.mobilier-design-occasion.fr\/magazine\/wp-content\/uploads\/2022\/07\/Clem-aroundthe-corner.jpg\" alt=\"\" class=\"wp-image-5275\" srcset=\"https:\/\/www.mobilier-design-occasion.fr\/magazine\/wp-content\/uploads\/2022\/07\/Clem-aroundthe-corner.jpg 563w, https:\/\/www.mobilier-design-occasion.fr\/magazine\/wp-content\/uploads\/2022\/07\/Clem-aroundthe-corner-258x300.jpg 258w\" sizes=\"auto, (max-width: 563px) 100vw, 563px\" \/><figcaption>Pinterest<\/figcaption><\/figure>\n<\/div>\n\n\n\n<div class=\"wp-block-column is-layout-flow wp-block-column-is-layout-flow\">\n<figure class=\"wp-block-image size-full\"><img loading=\"lazy\" decoding=\"async\" width=\"563\" height=\"560\" src=\"https:\/\/www.mobilier-design-occasion.fr\/magazine\/wp-content\/uploads\/2022\/07\/20-minutes-a.jpg\" alt=\"\" class=\"wp-image-5274\" srcset=\"https:\/\/www.mobilier-design-occasion.fr\/magazine\/wp-content\/uploads\/2022\/07\/20-minutes-a.jpg 563w, https:\/\/www.mobilier-design-occasion.fr\/magazine\/wp-content\/uploads\/2022\/07\/20-minutes-a-300x298.jpg 300w, https:\/\/www.mobilier-design-occasion.fr\/magazine\/wp-content\/uploads\/2022\/07\/20-minutes-a-150x150.jpg 150w\" sizes=\"auto, (max-width: 563px) 100vw, 563px\" \/><figcaption>Pinterest<\/figcaption><\/figure>\n<\/div>\n<\/div>\n\n\n\n<p>On peut ajouter de la couleur rose dans les objets de d\u00e9corations ou dans les mobiliers. Il ne faut surtout pas oublier le <a href=\"https:\/\/www.mobilier-design-occasion.fr\/magazine\/avis-mathy-by-bols\/\">bois<\/a> ou son imitation pour renforcer l\u2019aspect naturel de la teinte c\u00e9ladon.<\/p>\n\n\n\n<h2 class=\"wp-block-heading\"><span class=\"ez-toc-section\" id=\"Vert_celadon_dans_la_cuisine\"><\/span><strong>Vert c\u00e9ladon dans la cuisine<\/strong><span class=\"ez-toc-section-end\"><\/span><\/h2>\n\n\n\n<p>Le vert c\u00e9ladon dans la cuisine donne \u00e0 cette pi\u00e8ce usuelle un look tr\u00e8s tendance et contemporain. On a le choix entre plusieurs fa\u00e7ons pour int\u00e9grer le vert c\u00e9ladon dans la cuisine&nbsp;:<\/p>\n\n\n\n<ul class=\"wp-block-list\"><li>Les murs<\/li><li>Les meubles de cuisine laqu\u00e9s<\/li><li>La cr\u00e9dence<\/li><li>Des objets de d\u00e9corations<\/li><li>Un <a href=\"https:\/\/www.mobilier-design-occasion.fr\/magazine\/pourquoi-adopter-un-tapis-en-jute-dans-son-salon\/\">tapis<\/a> de cuisine<\/li><\/ul>\n\n\n\n<div class=\"wp-block-columns is-layout-flex wp-container-core-columns-is-layout-9d6595d7 wp-block-columns-is-layout-flex\">\n<div class=\"wp-block-column is-layout-flow wp-block-column-is-layout-flow\">\n<figure class=\"wp-block-image size-full\"><img loading=\"lazy\" decoding=\"async\" width=\"527\" height=\"800\" src=\"https:\/\/www.mobilier-design-occasion.fr\/magazine\/wp-content\/uploads\/2022\/07\/20-minutes.jpg\" alt=\"\" class=\"wp-image-5276\" srcset=\"https:\/\/www.mobilier-design-occasion.fr\/magazine\/wp-content\/uploads\/2022\/07\/20-minutes.jpg 527w, https:\/\/www.mobilier-design-occasion.fr\/magazine\/wp-content\/uploads\/2022\/07\/20-minutes-198x300.jpg 198w\" sizes=\"auto, (max-width: 527px) 100vw, 527px\" \/><figcaption>20 minutes via Pinterest<\/figcaption><\/figure>\n<\/div>\n\n\n\n<div class=\"wp-block-column is-layout-flow wp-block-column-is-layout-flow\">\n<figure class=\"wp-block-image size-full\"><img loading=\"lazy\" decoding=\"async\" width=\"509\" height=\"625\" src=\"https:\/\/www.mobilier-design-occasion.fr\/magazine\/wp-content\/uploads\/2022\/07\/le-blog-deco-de-MLC.jpg\" alt=\"\" class=\"wp-image-5277\" srcset=\"https:\/\/www.mobilier-design-occasion.fr\/magazine\/wp-content\/uploads\/2022\/07\/le-blog-deco-de-MLC.jpg 509w, https:\/\/www.mobilier-design-occasion.fr\/magazine\/wp-content\/uploads\/2022\/07\/le-blog-deco-de-MLC-244x300.jpg 244w\" sizes=\"auto, (max-width: 509px) 100vw, 509px\" \/><figcaption>Le blog deco de MLC via Pinterest<\/figcaption><\/figure>\n<\/div>\n<\/div>\n\n\n\n<p>On peut accessoiriser la cuisine avec des ustensiles de couleur verte. Marier avec la couleur blanche ou noire pour un tr\u00e8s jolie contraste. Ajouter quelques touches de bois pour parfaire la d\u00e9coration, vous aurez une cuisine lumineuse, tendre et conviviale.<\/p>\n\n\n\n<h2 class=\"wp-block-heading\"><span class=\"ez-toc-section\" id=\"Le_vert_celadon_dans_le_salon\"><\/span><strong>Le vert c\u00e9ladon dans le salon<\/strong><span class=\"ez-toc-section-end\"><\/span><\/h2>\n\n\n\n<p>Dans le salon, le vert c\u00e9ladon peut se d\u00e9cliner sous diff\u00e9rentes formes, il peut tout \u00e0 fait recouvrir le mur soit en peinture soit en papier peint. On peut \u00e9galement ajouter la touche de vert c\u00e9ladon avec les meubles ou les d\u00e9corations. Dans le salon, le vert c\u00e9ladon combin\u00e9 \u00e0 du bois ou du m\u00e9tal accentue un style scandinave doux et apaisant.<\/p>\n\n\n\n<div class=\"wp-block-columns is-layout-flex wp-container-core-columns-is-layout-9d6595d7 wp-block-columns-is-layout-flex\">\n<div class=\"wp-block-column is-layout-flow wp-block-column-is-layout-flow\">\n<figure class=\"wp-block-image size-full\"><img loading=\"lazy\" decoding=\"async\" width=\"564\" height=\"564\" src=\"https:\/\/www.mobilier-design-occasion.fr\/magazine\/wp-content\/uploads\/2022\/07\/20-m.jpg\" alt=\"\" class=\"wp-image-5287\" srcset=\"https:\/\/www.mobilier-design-occasion.fr\/magazine\/wp-content\/uploads\/2022\/07\/20-m.jpg 564w, https:\/\/www.mobilier-design-occasion.fr\/magazine\/wp-content\/uploads\/2022\/07\/20-m-300x300.jpg 300w, https:\/\/www.mobilier-design-occasion.fr\/magazine\/wp-content\/uploads\/2022\/07\/20-m-150x150.jpg 150w\" sizes=\"auto, (max-width: 564px) 100vw, 564px\" \/><figcaption>20 minutes via Pinterest<\/figcaption><\/figure>\n<\/div>\n\n\n\n<div class=\"wp-block-column is-layout-flow wp-block-column-is-layout-flow\">\n<figure class=\"wp-block-image size-full\"><img loading=\"lazy\" decoding=\"async\" width=\"564\" height=\"752\" src=\"https:\/\/www.mobilier-design-occasion.fr\/magazine\/wp-content\/uploads\/2022\/07\/clem.jpg\" alt=\"\" class=\"wp-image-5279\" srcset=\"https:\/\/www.mobilier-design-occasion.fr\/magazine\/wp-content\/uploads\/2022\/07\/clem.jpg 564w, https:\/\/www.mobilier-design-occasion.fr\/magazine\/wp-content\/uploads\/2022\/07\/clem-225x300.jpg 225w\" sizes=\"auto, (max-width: 564px) 100vw, 564px\" \/><figcaption>Clem around the corner via Pinterest<\/figcaption><\/figure>\n<\/div>\n<\/div>\n\n\n\n<h2 class=\"wp-block-heading\"><span class=\"ez-toc-section\" id=\"Vert_celadon_dans_le_mobilier\"><\/span><strong>Vert c\u00e9ladon dans le mobilier<\/strong><span class=\"ez-toc-section-end\"><\/span><\/h2>\n\n\n\n<p>Tr\u00e8s en vogue, la teinte vert c\u00e9ladon est de plus en plus utilis\u00e9e dans la d\u00e9co <a href=\"https:\/\/www.mobilier-design-occasion.fr\/magazine\/table-tulipe-knoll-indemodable-du-design\/\">design<\/a>. Les fabricants de <a href=\"https:\/\/www.mobilier-design-occasion.fr\/magazine\/test-avis-sur-la-redoute-interieurs-am-pm\/\">mobilier<\/a> s\u2019y sont mis \u00e9galement. De nombreux marques utilisent cette couleur tendance et apaisante pour attirer la client\u00e8le. Sur le march\u00e9, on peut trouver&nbsp;divers meubles vert c\u00e9ladon comme :<\/p>\n\n\n\n<ul class=\"wp-block-list\"><li>Des canap\u00e9s<\/li><li>Des \u00e9tag\u00e8res<\/li><li>Des tables basses<\/li><li>Des poufs<\/li><li>Des chaises<\/li><li>Des tables<\/li><li>Des fa\u00e7ades de meuble de cuisine<\/li><\/ul>\n\n\n\n<div class=\"wp-block-columns is-layout-flex wp-container-core-columns-is-layout-9d6595d7 wp-block-columns-is-layout-flex\">\n<div class=\"wp-block-column is-layout-flow wp-block-column-is-layout-flow\">\n<figure class=\"wp-block-image size-full\"><img loading=\"lazy\" decoding=\"async\" width=\"736\" height=\"979\" src=\"https:\/\/www.mobilier-design-occasion.fr\/magazine\/wp-content\/uploads\/2022\/07\/blog-zodio.jpg\" alt=\"\" class=\"wp-image-5281\" srcset=\"https:\/\/www.mobilier-design-occasion.fr\/magazine\/wp-content\/uploads\/2022\/07\/blog-zodio.jpg 736w, https:\/\/www.mobilier-design-occasion.fr\/magazine\/wp-content\/uploads\/2022\/07\/blog-zodio-226x300.jpg 226w\" sizes=\"auto, (max-width: 736px) 100vw, 736px\" \/><figcaption>Blog Zodio<\/figcaption><\/figure>\n<\/div>\n\n\n\n<div class=\"wp-block-column is-layout-flow wp-block-column-is-layout-flow\">\n<figure class=\"wp-block-image size-full\"><img loading=\"lazy\" decoding=\"async\" width=\"564\" height=\"752\" src=\"https:\/\/www.mobilier-design-occasion.fr\/magazine\/wp-content\/uploads\/2022\/07\/clem-a.jpg\" alt=\"\" class=\"wp-image-5282\" srcset=\"https:\/\/www.mobilier-design-occasion.fr\/magazine\/wp-content\/uploads\/2022\/07\/clem-a.jpg 564w, https:\/\/www.mobilier-design-occasion.fr\/magazine\/wp-content\/uploads\/2022\/07\/clem-a-225x300.jpg 225w\" sizes=\"auto, (max-width: 564px) 100vw, 564px\" \/><figcaption>Clem around the corner via Pinterest<\/figcaption><\/figure>\n<\/div>\n<\/div>\n\n\n\n<p>Il y a \u00e9galement les diff\u00e9rents accessoires en vert c\u00e9ladon, comme les rideaux, les coussins, les plaids, les nappes de tables, les galettes de chaises et bien d\u2019autres encore.<\/p>\n\n\n\n<h2 class=\"wp-block-heading\"><span class=\"ez-toc-section\" id=\"Assortir_sa_decoration_dinterieur_au_vert_celadon\"><\/span><strong>Assortir sa d\u00e9coration d\u2019int\u00e9rieur au vert c\u00e9ladon<\/strong><span class=\"ez-toc-section-end\"><\/span><\/h2>\n\n\n\n<p>Gr\u00e2ce \u00e0 son ton pale, le vert c\u00e9ladon s\u2019accorde avec diff\u00e9rentes couleurs et mat\u00e9riaux. Il s\u2019adapte facilement \u00e0 toutes les d\u00e9corations d\u2019int\u00e9rieur. L\u2019imagination est juste la limite des combinaisons possibles.<\/p>\n\n\n\n<div class=\"wp-block-columns is-layout-flex wp-container-core-columns-is-layout-9d6595d7 wp-block-columns-is-layout-flex\">\n<div class=\"wp-block-column is-layout-flow wp-block-column-is-layout-flow\">\n<figure class=\"wp-block-image size-full\"><img loading=\"lazy\" decoding=\"async\" width=\"564\" height=\"739\" src=\"https:\/\/www.mobilier-design-occasion.fr\/magazine\/wp-content\/uploads\/2022\/07\/Cecile-Kokocinski.jpg\" alt=\"\" class=\"wp-image-5284\" srcset=\"https:\/\/www.mobilier-design-occasion.fr\/magazine\/wp-content\/uploads\/2022\/07\/Cecile-Kokocinski.jpg 564w, https:\/\/www.mobilier-design-occasion.fr\/magazine\/wp-content\/uploads\/2022\/07\/Cecile-Kokocinski-229x300.jpg 229w\" sizes=\"auto, (max-width: 564px) 100vw, 564px\" \/><figcaption>Cecile Kokocinski via Pinterest<\/figcaption><\/figure>\n<\/div>\n\n\n\n<div class=\"wp-block-column is-layout-flow wp-block-column-is-layout-flow\">\n<figure class=\"wp-block-image size-full\"><img loading=\"lazy\" decoding=\"async\" width=\"564\" height=\"645\" src=\"https:\/\/www.mobilier-design-occasion.fr\/magazine\/wp-content\/uploads\/2022\/07\/20-min.jpg\" alt=\"\" class=\"wp-image-5283\" srcset=\"https:\/\/www.mobilier-design-occasion.fr\/magazine\/wp-content\/uploads\/2022\/07\/20-min.jpg 564w, https:\/\/www.mobilier-design-occasion.fr\/magazine\/wp-content\/uploads\/2022\/07\/20-min-262x300.jpg 262w\" sizes=\"auto, (max-width: 564px) 100vw, 564px\" \/><figcaption>20 minutes via Pinterest<\/figcaption><\/figure>\n<\/div>\n<\/div>\n\n\n\n<ul class=\"wp-block-list\"><li>Avec des teintes neutres comme le beige, la cr\u00e8me, le marron ou le blanc, le vert c\u00e9ladon procure une atmosph\u00e8re sobre et paisible.<\/li><li>En combinaison avec du bois naturel ou du placage effet bois, le vert c\u00e9ladon offre un rendu naturel.<\/li><li>Afin d\u2019avoir un th\u00e8me verdoyant ou une ambiance v\u00e9g\u00e9tale, n\u2019h\u00e9sitez pas \u00e0 combiner diverses nuances de vert. On peut utiliser du vert kaki, du vert pomme, vert bouteille.<\/li><li>Combiner le vert c\u00e9ladon avec du jaune moutarde, du bleu intense ou du rose assez poudr\u00e9 pour diversifier le ton de la pi\u00e8ce et procurer un look multicolore.<\/li><\/ul>\n","protected":false},"excerpt":{"rendered":"<p>Qu\u2019est-ce qu\u2019un vert c\u00e9ladon ? Le vert c\u00e9ladon est un nom de couleur qui d\u00e9signe une nuance de vert. Le nom c\u00e9ladon a \u00e9t\u00e9 tir\u00e9 du berger C\u00e9ladon dont la ceinture \u00e9tait verte. Cette couleur caract\u00e9rise les porcelaines traditionnelles chinoises, tr\u00e8s populaire en France dans les ann\u00e9es 1600. Le vert c\u00e9ladon est une couleur verte [&hellip;]<\/p>\n","protected":false},"author":1,"featured_media":5291,"comment_status":"open","ping_status":"open","sticky":false,"template":"","format":"standard","meta":{"footnotes":""},"categories":[2],"tags":[],"class_list":["post-5273","post","type-post","status-publish","format-standard","has-post-thumbnail","hentry","category-tendances"],"yoast_head":"<!-- This site is optimized with the Yoast SEO plugin v27.5 - https:\/\/yoast.com\/product\/yoast-seo-wordpress\/ -->\n<title>10 id\u00e9es pour faire entrer le vert c\u00e9ladon dans votre d\u00e9co! - Mobilier Design Magazine<\/title>\n<meta name=\"robots\" content=\"index, follow, max-snippet:-1, max-image-preview:large, max-video-preview:-1\" \/>\n<link rel=\"canonical\" href=\"https:\/\/www.mobilier-design-occasion.fr\/magazine\/10-idees-pour-faire-entrer-le-vert-celadon-dans-votre-deco\/\" \/>\n<meta property=\"og:locale\" content=\"fr_FR\" \/>\n<meta property=\"og:type\" content=\"article\" \/>\n<meta property=\"og:title\" content=\"10 id\u00e9es pour faire entrer le vert c\u00e9ladon dans votre d\u00e9co! - Mobilier Design Magazine\" \/>\n<meta property=\"og:description\" content=\"Qu\u2019est-ce qu\u2019un vert c\u00e9ladon ? Le vert c\u00e9ladon est un nom de couleur qui d\u00e9signe une nuance de vert. Le nom c\u00e9ladon a \u00e9t\u00e9 tir\u00e9 du berger C\u00e9ladon dont la ceinture \u00e9tait verte. Cette couleur caract\u00e9rise les porcelaines traditionnelles chinoises, tr\u00e8s populaire en France dans les ann\u00e9es 1600. Le vert c\u00e9ladon est une couleur verte [&hellip;]\" \/>\n<meta property=\"og:url\" content=\"https:\/\/www.mobilier-design-occasion.fr\/magazine\/10-idees-pour-faire-entrer-le-vert-celadon-dans-votre-deco\/\" \/>\n<meta property=\"og:site_name\" content=\"Mobilier Design Magazine\" \/>\n<meta property=\"article:publisher\" content=\"https:\/\/www.facebook.com\/mobilierdesignoccasion\" \/>\n<meta property=\"article:published_time\" content=\"2022-07-05T12:45:25+00:00\" \/>\n<meta property=\"article:modified_time\" content=\"2023-09-25T13:39:48+00:00\" \/>\n<meta property=\"og:image\" content=\"https:\/\/www.mobilier-design-occasion.fr\/magazine\/wp-content\/uploads\/2022\/07\/1-1.jpg\" \/>\n\t<meta property=\"og:image:width\" content=\"1080\" \/>\n\t<meta property=\"og:image:height\" content=\"720\" \/>\n\t<meta property=\"og:image:type\" content=\"image\/jpeg\" \/>\n<meta name=\"author\" content=\"Cyrielle Poirot\" \/>\n<meta name=\"twitter:card\" content=\"summary_large_image\" \/>\n<meta name=\"twitter:label1\" content=\"\u00c9crit par\" \/>\n\t<meta name=\"twitter:data1\" content=\"Cyrielle Poirot\" \/>\n\t<meta name=\"twitter:label2\" content=\"Dur\u00e9e de lecture estim\u00e9e\" \/>\n\t<meta name=\"twitter:data2\" content=\"4 minutes\" \/>\n<script type=\"application\/ld+json\" class=\"yoast-schema-graph\">{\"@context\":\"https:\\\/\\\/schema.org\",\"@graph\":[{\"@type\":\"Article\",\"@id\":\"https:\\\/\\\/www.mobilier-design-occasion.fr\\\/magazine\\\/10-idees-pour-faire-entrer-le-vert-celadon-dans-votre-deco\\\/#article\",\"isPartOf\":{\"@id\":\"https:\\\/\\\/www.mobilier-design-occasion.fr\\\/magazine\\\/10-idees-pour-faire-entrer-le-vert-celadon-dans-votre-deco\\\/\"},\"author\":{\"name\":\"Cyrielle Poirot\",\"@id\":\"https:\\\/\\\/www.mobilier-design-occasion.fr\\\/magazine\\\/#\\\/schema\\\/person\\\/5b2e5627a714ddadaaf8c9b886c55eff\"},\"headline\":\"10 id\u00e9es pour faire entrer le vert c\u00e9ladon dans votre d\u00e9co!\",\"datePublished\":\"2022-07-05T12:45:25+00:00\",\"dateModified\":\"2023-09-25T13:39:48+00:00\",\"mainEntityOfPage\":{\"@id\":\"https:\\\/\\\/www.mobilier-design-occasion.fr\\\/magazine\\\/10-idees-pour-faire-entrer-le-vert-celadon-dans-votre-deco\\\/\"},\"wordCount\":840,\"commentCount\":0,\"publisher\":{\"@id\":\"https:\\\/\\\/www.mobilier-design-occasion.fr\\\/magazine\\\/#organization\"},\"image\":{\"@id\":\"https:\\\/\\\/www.mobilier-design-occasion.fr\\\/magazine\\\/10-idees-pour-faire-entrer-le-vert-celadon-dans-votre-deco\\\/#primaryimage\"},\"thumbnailUrl\":\"https:\\\/\\\/www.mobilier-design-occasion.fr\\\/magazine\\\/wp-content\\\/uploads\\\/2022\\\/07\\\/1-1.jpg\",\"articleSection\":[\"Tendances\"],\"inLanguage\":\"fr-FR\",\"potentialAction\":[{\"@type\":\"CommentAction\",\"name\":\"Comment\",\"target\":[\"https:\\\/\\\/www.mobilier-design-occasion.fr\\\/magazine\\\/10-idees-pour-faire-entrer-le-vert-celadon-dans-votre-deco\\\/#respond\"]}]},{\"@type\":\"WebPage\",\"@id\":\"https:\\\/\\\/www.mobilier-design-occasion.fr\\\/magazine\\\/10-idees-pour-faire-entrer-le-vert-celadon-dans-votre-deco\\\/\",\"url\":\"https:\\\/\\\/www.mobilier-design-occasion.fr\\\/magazine\\\/10-idees-pour-faire-entrer-le-vert-celadon-dans-votre-deco\\\/\",\"name\":\"10 id\u00e9es pour faire entrer le vert c\u00e9ladon dans votre d\u00e9co! - Mobilier Design Magazine\",\"isPartOf\":{\"@id\":\"https:\\\/\\\/www.mobilier-design-occasion.fr\\\/magazine\\\/#website\"},\"primaryImageOfPage\":{\"@id\":\"https:\\\/\\\/www.mobilier-design-occasion.fr\\\/magazine\\\/10-idees-pour-faire-entrer-le-vert-celadon-dans-votre-deco\\\/#primaryimage\"},\"image\":{\"@id\":\"https:\\\/\\\/www.mobilier-design-occasion.fr\\\/magazine\\\/10-idees-pour-faire-entrer-le-vert-celadon-dans-votre-deco\\\/#primaryimage\"},\"thumbnailUrl\":\"https:\\\/\\\/www.mobilier-design-occasion.fr\\\/magazine\\\/wp-content\\\/uploads\\\/2022\\\/07\\\/1-1.jpg\",\"datePublished\":\"2022-07-05T12:45:25+00:00\",\"dateModified\":\"2023-09-25T13:39:48+00:00\",\"breadcrumb\":{\"@id\":\"https:\\\/\\\/www.mobilier-design-occasion.fr\\\/magazine\\\/10-idees-pour-faire-entrer-le-vert-celadon-dans-votre-deco\\\/#breadcrumb\"},\"inLanguage\":\"fr-FR\",\"potentialAction\":[{\"@type\":\"ReadAction\",\"target\":[\"https:\\\/\\\/www.mobilier-design-occasion.fr\\\/magazine\\\/10-idees-pour-faire-entrer-le-vert-celadon-dans-votre-deco\\\/\"]}]},{\"@type\":\"ImageObject\",\"inLanguage\":\"fr-FR\",\"@id\":\"https:\\\/\\\/www.mobilier-design-occasion.fr\\\/magazine\\\/10-idees-pour-faire-entrer-le-vert-celadon-dans-votre-deco\\\/#primaryimage\",\"url\":\"https:\\\/\\\/www.mobilier-design-occasion.fr\\\/magazine\\\/wp-content\\\/uploads\\\/2022\\\/07\\\/1-1.jpg\",\"contentUrl\":\"https:\\\/\\\/www.mobilier-design-occasion.fr\\\/magazine\\\/wp-content\\\/uploads\\\/2022\\\/07\\\/1-1.jpg\",\"width\":1080,\"height\":720},{\"@type\":\"BreadcrumbList\",\"@id\":\"https:\\\/\\\/www.mobilier-design-occasion.fr\\\/magazine\\\/10-idees-pour-faire-entrer-le-vert-celadon-dans-votre-deco\\\/#breadcrumb\",\"itemListElement\":[{\"@type\":\"ListItem\",\"position\":1,\"name\":\"Accueil\",\"item\":\"https:\\\/\\\/www.mobilier-design-occasion.fr\\\/magazine\\\/\"},{\"@type\":\"ListItem\",\"position\":2,\"name\":\"10 id\u00e9es pour faire entrer le vert c\u00e9ladon dans votre d\u00e9co!\"}]},{\"@type\":\"WebSite\",\"@id\":\"https:\\\/\\\/www.mobilier-design-occasion.fr\\\/magazine\\\/#website\",\"url\":\"https:\\\/\\\/www.mobilier-design-occasion.fr\\\/magazine\\\/\",\"name\":\"Mobilier Design Magazine\",\"description\":\"\",\"publisher\":{\"@id\":\"https:\\\/\\\/www.mobilier-design-occasion.fr\\\/magazine\\\/#organization\"},\"potentialAction\":[{\"@type\":\"SearchAction\",\"target\":{\"@type\":\"EntryPoint\",\"urlTemplate\":\"https:\\\/\\\/www.mobilier-design-occasion.fr\\\/magazine\\\/?s={search_term_string}\"},\"query-input\":{\"@type\":\"PropertyValueSpecification\",\"valueRequired\":true,\"valueName\":\"search_term_string\"}}],\"inLanguage\":\"fr-FR\"},{\"@type\":\"Organization\",\"@id\":\"https:\\\/\\\/www.mobilier-design-occasion.fr\\\/magazine\\\/#organization\",\"name\":\"Mobilier Design Magazine\",\"url\":\"https:\\\/\\\/www.mobilier-design-occasion.fr\\\/magazine\\\/\",\"logo\":{\"@type\":\"ImageObject\",\"inLanguage\":\"fr-FR\",\"@id\":\"https:\\\/\\\/www.mobilier-design-occasion.fr\\\/magazine\\\/#\\\/schema\\\/logo\\\/image\\\/\",\"url\":\"https:\\\/\\\/www.mobilier-design-occasion.fr\\\/magazine\\\/wp-content\\\/uploads\\\/2024\\\/02\\\/android-chrome-192x192-1.png\",\"contentUrl\":\"https:\\\/\\\/www.mobilier-design-occasion.fr\\\/magazine\\\/wp-content\\\/uploads\\\/2024\\\/02\\\/android-chrome-192x192-1.png\",\"width\":192,\"height\":192,\"caption\":\"Mobilier Design Magazine\"},\"image\":{\"@id\":\"https:\\\/\\\/www.mobilier-design-occasion.fr\\\/magazine\\\/#\\\/schema\\\/logo\\\/image\\\/\"},\"sameAs\":[\"https:\\\/\\\/www.facebook.com\\\/mobilierdesignoccasion\"]},{\"@type\":\"Person\",\"@id\":\"https:\\\/\\\/www.mobilier-design-occasion.fr\\\/magazine\\\/#\\\/schema\\\/person\\\/5b2e5627a714ddadaaf8c9b886c55eff\",\"name\":\"Cyrielle Poirot\",\"image\":{\"@type\":\"ImageObject\",\"inLanguage\":\"fr-FR\",\"@id\":\"https:\\\/\\\/secure.gravatar.com\\\/avatar\\\/c8d2674e093b06894d8d1dc468b626bd752523471f3ac6e75f7c7a1400d40b4d?s=96&d=mm&r=g\",\"url\":\"https:\\\/\\\/secure.gravatar.com\\\/avatar\\\/c8d2674e093b06894d8d1dc468b626bd752523471f3ac6e75f7c7a1400d40b4d?s=96&d=mm&r=g\",\"contentUrl\":\"https:\\\/\\\/secure.gravatar.com\\\/avatar\\\/c8d2674e093b06894d8d1dc468b626bd752523471f3ac6e75f7c7a1400d40b4d?s=96&d=mm&r=g\",\"caption\":\"Cyrielle Poirot\"},\"description\":\"Cyrielle est passionn\u00e9e par la d\u00e9coration d'int\u00e9rieur et s'est sp\u00e9cialis\u00e9e depuis quelques ann\u00e9es dans l'\u00e9dition du site Mobilier-Design, avec une touche sp\u00e9cifique pour les produits d'occasion.\",\"sameAs\":[\"https:\\\/\\\/www.mobilier-design-occasion.fr\\\/magazine\"],\"url\":\"https:\\\/\\\/www.mobilier-design-occasion.fr\\\/magazine\\\/author\\\/cyrielle\\\/\"}]}<\/script>\n<!-- \/ Yoast SEO plugin. -->","yoast_head_json":{"title":"10 id\u00e9es pour faire entrer le vert c\u00e9ladon dans votre d\u00e9co! - Mobilier Design Magazine","robots":{"index":"index","follow":"follow","max-snippet":"max-snippet:-1","max-image-preview":"max-image-preview:large","max-video-preview":"max-video-preview:-1"},"canonical":"https:\/\/www.mobilier-design-occasion.fr\/magazine\/10-idees-pour-faire-entrer-le-vert-celadon-dans-votre-deco\/","og_locale":"fr_FR","og_type":"article","og_title":"10 id\u00e9es pour faire entrer le vert c\u00e9ladon dans votre d\u00e9co! - Mobilier Design Magazine","og_description":"Qu\u2019est-ce qu\u2019un vert c\u00e9ladon ? Le vert c\u00e9ladon est un nom de couleur qui d\u00e9signe une nuance de vert. Le nom c\u00e9ladon a \u00e9t\u00e9 tir\u00e9 du berger C\u00e9ladon dont la ceinture \u00e9tait verte. Cette couleur caract\u00e9rise les porcelaines traditionnelles chinoises, tr\u00e8s populaire en France dans les ann\u00e9es 1600. Le vert c\u00e9ladon est une couleur verte [&hellip;]","og_url":"https:\/\/www.mobilier-design-occasion.fr\/magazine\/10-idees-pour-faire-entrer-le-vert-celadon-dans-votre-deco\/","og_site_name":"Mobilier Design Magazine","article_publisher":"https:\/\/www.facebook.com\/mobilierdesignoccasion","article_published_time":"2022-07-05T12:45:25+00:00","article_modified_time":"2023-09-25T13:39:48+00:00","og_image":[{"width":1080,"height":720,"url":"https:\/\/www.mobilier-design-occasion.fr\/magazine\/wp-content\/uploads\/2022\/07\/1-1.jpg","type":"image\/jpeg"}],"author":"Cyrielle Poirot","twitter_card":"summary_large_image","twitter_misc":{"\u00c9crit par":"Cyrielle Poirot","Dur\u00e9e de lecture estim\u00e9e":"4 minutes"},"schema":{"@context":"https:\/\/schema.org","@graph":[{"@type":"Article","@id":"https:\/\/www.mobilier-design-occasion.fr\/magazine\/10-idees-pour-faire-entrer-le-vert-celadon-dans-votre-deco\/#article","isPartOf":{"@id":"https:\/\/www.mobilier-design-occasion.fr\/magazine\/10-idees-pour-faire-entrer-le-vert-celadon-dans-votre-deco\/"},"author":{"name":"Cyrielle Poirot","@id":"https:\/\/www.mobilier-design-occasion.fr\/magazine\/#\/schema\/person\/5b2e5627a714ddadaaf8c9b886c55eff"},"headline":"10 id\u00e9es pour faire entrer le vert c\u00e9ladon dans votre d\u00e9co!","datePublished":"2022-07-05T12:45:25+00:00","dateModified":"2023-09-25T13:39:48+00:00","mainEntityOfPage":{"@id":"https:\/\/www.mobilier-design-occasion.fr\/magazine\/10-idees-pour-faire-entrer-le-vert-celadon-dans-votre-deco\/"},"wordCount":840,"commentCount":0,"publisher":{"@id":"https:\/\/www.mobilier-design-occasion.fr\/magazine\/#organization"},"image":{"@id":"https:\/\/www.mobilier-design-occasion.fr\/magazine\/10-idees-pour-faire-entrer-le-vert-celadon-dans-votre-deco\/#primaryimage"},"thumbnailUrl":"https:\/\/www.mobilier-design-occasion.fr\/magazine\/wp-content\/uploads\/2022\/07\/1-1.jpg","articleSection":["Tendances"],"inLanguage":"fr-FR","potentialAction":[{"@type":"CommentAction","name":"Comment","target":["https:\/\/www.mobilier-design-occasion.fr\/magazine\/10-idees-pour-faire-entrer-le-vert-celadon-dans-votre-deco\/#respond"]}]},{"@type":"WebPage","@id":"https:\/\/www.mobilier-design-occasion.fr\/magazine\/10-idees-pour-faire-entrer-le-vert-celadon-dans-votre-deco\/","url":"https:\/\/www.mobilier-design-occasion.fr\/magazine\/10-idees-pour-faire-entrer-le-vert-celadon-dans-votre-deco\/","name":"10 id\u00e9es pour faire entrer le vert c\u00e9ladon dans votre d\u00e9co! - Mobilier Design Magazine","isPartOf":{"@id":"https:\/\/www.mobilier-design-occasion.fr\/magazine\/#website"},"primaryImageOfPage":{"@id":"https:\/\/www.mobilier-design-occasion.fr\/magazine\/10-idees-pour-faire-entrer-le-vert-celadon-dans-votre-deco\/#primaryimage"},"image":{"@id":"https:\/\/www.mobilier-design-occasion.fr\/magazine\/10-idees-pour-faire-entrer-le-vert-celadon-dans-votre-deco\/#primaryimage"},"thumbnailUrl":"https:\/\/www.mobilier-design-occasion.fr\/magazine\/wp-content\/uploads\/2022\/07\/1-1.jpg","datePublished":"2022-07-05T12:45:25+00:00","dateModified":"2023-09-25T13:39:48+00:00","breadcrumb":{"@id":"https:\/\/www.mobilier-design-occasion.fr\/magazine\/10-idees-pour-faire-entrer-le-vert-celadon-dans-votre-deco\/#breadcrumb"},"inLanguage":"fr-FR","potentialAction":[{"@type":"ReadAction","target":["https:\/\/www.mobilier-design-occasion.fr\/magazine\/10-idees-pour-faire-entrer-le-vert-celadon-dans-votre-deco\/"]}]},{"@type":"ImageObject","inLanguage":"fr-FR","@id":"https:\/\/www.mobilier-design-occasion.fr\/magazine\/10-idees-pour-faire-entrer-le-vert-celadon-dans-votre-deco\/#primaryimage","url":"https:\/\/www.mobilier-design-occasion.fr\/magazine\/wp-content\/uploads\/2022\/07\/1-1.jpg","contentUrl":"https:\/\/www.mobilier-design-occasion.fr\/magazine\/wp-content\/uploads\/2022\/07\/1-1.jpg","width":1080,"height":720},{"@type":"BreadcrumbList","@id":"https:\/\/www.mobilier-design-occasion.fr\/magazine\/10-idees-pour-faire-entrer-le-vert-celadon-dans-votre-deco\/#breadcrumb","itemListElement":[{"@type":"ListItem","position":1,"name":"Accueil","item":"https:\/\/www.mobilier-design-occasion.fr\/magazine\/"},{"@type":"ListItem","position":2,"name":"10 id\u00e9es pour faire entrer le vert c\u00e9ladon dans votre d\u00e9co!"}]},{"@type":"WebSite","@id":"https:\/\/www.mobilier-design-occasion.fr\/magazine\/#website","url":"https:\/\/www.mobilier-design-occasion.fr\/magazine\/","name":"Mobilier Design Magazine","description":"","publisher":{"@id":"https:\/\/www.mobilier-design-occasion.fr\/magazine\/#organization"},"potentialAction":[{"@type":"SearchAction","target":{"@type":"EntryPoint","urlTemplate":"https:\/\/www.mobilier-design-occasion.fr\/magazine\/?s={search_term_string}"},"query-input":{"@type":"PropertyValueSpecification","valueRequired":true,"valueName":"search_term_string"}}],"inLanguage":"fr-FR"},{"@type":"Organization","@id":"https:\/\/www.mobilier-design-occasion.fr\/magazine\/#organization","name":"Mobilier Design Magazine","url":"https:\/\/www.mobilier-design-occasion.fr\/magazine\/","logo":{"@type":"ImageObject","inLanguage":"fr-FR","@id":"https:\/\/www.mobilier-design-occasion.fr\/magazine\/#\/schema\/logo\/image\/","url":"https:\/\/www.mobilier-design-occasion.fr\/magazine\/wp-content\/uploads\/2024\/02\/android-chrome-192x192-1.png","contentUrl":"https:\/\/www.mobilier-design-occasion.fr\/magazine\/wp-content\/uploads\/2024\/02\/android-chrome-192x192-1.png","width":192,"height":192,"caption":"Mobilier Design Magazine"},"image":{"@id":"https:\/\/www.mobilier-design-occasion.fr\/magazine\/#\/schema\/logo\/image\/"},"sameAs":["https:\/\/www.facebook.com\/mobilierdesignoccasion"]},{"@type":"Person","@id":"https:\/\/www.mobilier-design-occasion.fr\/magazine\/#\/schema\/person\/5b2e5627a714ddadaaf8c9b886c55eff","name":"Cyrielle Poirot","image":{"@type":"ImageObject","inLanguage":"fr-FR","@id":"https:\/\/secure.gravatar.com\/avatar\/c8d2674e093b06894d8d1dc468b626bd752523471f3ac6e75f7c7a1400d40b4d?s=96&d=mm&r=g","url":"https:\/\/secure.gravatar.com\/avatar\/c8d2674e093b06894d8d1dc468b626bd752523471f3ac6e75f7c7a1400d40b4d?s=96&d=mm&r=g","contentUrl":"https:\/\/secure.gravatar.com\/avatar\/c8d2674e093b06894d8d1dc468b626bd752523471f3ac6e75f7c7a1400d40b4d?s=96&d=mm&r=g","caption":"Cyrielle Poirot"},"description":"Cyrielle est passionn\u00e9e par la d\u00e9coration d'int\u00e9rieur et s'est sp\u00e9cialis\u00e9e depuis quelques ann\u00e9es dans l'\u00e9dition du site Mobilier-Design, avec une touche sp\u00e9cifique pour les produits d'occasion.","sameAs":["https:\/\/www.mobilier-design-occasion.fr\/magazine"],"url":"https:\/\/www.mobilier-design-occasion.fr\/magazine\/author\/cyrielle\/"}]}},"_links":{"self":[{"href":"https:\/\/www.mobilier-design-occasion.fr\/magazine\/wp-json\/wp\/v2\/posts\/5273","targetHints":{"allow":["GET"]}}],"collection":[{"href":"https:\/\/www.mobilier-design-occasion.fr\/magazine\/wp-json\/wp\/v2\/posts"}],"about":[{"href":"https:\/\/www.mobilier-design-occasion.fr\/magazine\/wp-json\/wp\/v2\/types\/post"}],"author":[{"embeddable":true,"href":"https:\/\/www.mobilier-design-occasion.fr\/magazine\/wp-json\/wp\/v2\/users\/1"}],"replies":[{"embeddable":true,"href":"https:\/\/www.mobilier-design-occasion.fr\/magazine\/wp-json\/wp\/v2\/comments?post=5273"}],"version-history":[{"count":6,"href":"https:\/\/www.mobilier-design-occasion.fr\/magazine\/wp-json\/wp\/v2\/posts\/5273\/revisions"}],"predecessor-version":[{"id":5339,"href":"https:\/\/www.mobilier-design-occasion.fr\/magazine\/wp-json\/wp\/v2\/posts\/5273\/revisions\/5339"}],"wp:featuredmedia":[{"embeddable":true,"href":"https:\/\/www.mobilier-design-occasion.fr\/magazine\/wp-json\/wp\/v2\/media\/5291"}],"wp:attachment":[{"href":"https:\/\/www.mobilier-design-occasion.fr\/magazine\/wp-json\/wp\/v2\/media?parent=5273"}],"wp:term":[{"taxonomy":"category","embeddable":true,"href":"https:\/\/www.mobilier-design-occasion.fr\/magazine\/wp-json\/wp\/v2\/categories?post=5273"},{"taxonomy":"post_tag","embeddable":true,"href":"https:\/\/www.mobilier-design-occasion.fr\/magazine\/wp-json\/wp\/v2\/tags?post=5273"}],"curies":[{"name":"wp","href":"https:\/\/api.w.org\/{rel}","templated":true}]}}