{"id":5244,"date":"2022-06-29T14:21:09","date_gmt":"2022-06-29T14:21:09","guid":{"rendered":"https:\/\/www.mobilier-design-occasion.fr\/magazine\/?p=5244"},"modified":"2023-09-25T13:40:10","modified_gmt":"2023-09-25T13:40:10","slug":"cette-nouvelle-collaboration-quil-ne-faut-pas-rater-entre-vitra-et-jean-prouve","status":"publish","type":"post","link":"https:\/\/www.mobilier-design-occasion.fr\/magazine\/cette-nouvelle-collaboration-quil-ne-faut-pas-rater-entre-vitra-et-jean-prouve\/","title":{"rendered":"Cette nouvelle collaboration qu&#8217;il ne faut pas rater entre Vitra et Jean Prouv\u00e9!"},"content":{"rendered":"\n<h2 class=\"wp-block-heading\"><span class=\"ez-toc-section\" id=\"Qui_est_Jean_Prouve\"><\/span><strong>Qui est Jean Prouv\u00e9&nbsp;?<\/strong><span class=\"ez-toc-section-end\"><\/span><\/h2><div id=\"ez-toc-container\" class=\"ez-toc-v2_0_82_2 counter-hierarchy ez-toc-counter ez-toc-grey ez-toc-container-direction\">\n<div class=\"ez-toc-title-container\">\n<span class=\"ez-toc-title-toggle\"><a href=\"#\" class=\"ez-toc-pull-right ez-toc-btn ez-toc-btn-xs ez-toc-btn-default ez-toc-toggle\" aria-label=\"Toggle Table of Content\"><span class=\"ez-toc-js-icon-con\"><span class=\"\"><span class=\"eztoc-hide\" style=\"display:none;\">Toggle<\/span><span class=\"ez-toc-icon-toggle-span\"><svg style=\"fill: #999;color:#999\" xmlns=\"http:\/\/www.w3.org\/2000\/svg\" class=\"list-377408\" width=\"20px\" height=\"20px\" viewBox=\"0 0 24 24\" fill=\"none\"><path d=\"M6 6H4v2h2V6zm14 0H8v2h12V6zM4 11h2v2H4v-2zm16 0H8v2h12v-2zM4 16h2v2H4v-2zm16 0H8v2h12v-2z\" fill=\"currentColor\"><\/path><\/svg><svg style=\"fill: #999;color:#999\" class=\"arrow-unsorted-368013\" xmlns=\"http:\/\/www.w3.org\/2000\/svg\" width=\"10px\" height=\"10px\" viewBox=\"0 0 24 24\" version=\"1.2\" baseProfile=\"tiny\"><path d=\"M18.2 9.3l-6.2-6.3-6.2 6.3c-.2.2-.3.4-.3.7s.1.5.3.7c.2.2.4.3.7.3h11c.3 0 .5-.1.7-.3.2-.2.3-.5.3-.7s-.1-.5-.3-.7zM5.8 14.7l6.2 6.3 6.2-6.3c.2-.2.3-.5.3-.7s-.1-.5-.3-.7c-.2-.2-.4-.3-.7-.3h-11c-.3 0-.5.1-.7.3-.2.2-.3.5-.3.7s.1.5.3.7z\"\/><\/svg><\/span><\/span><\/span><\/a><\/span><\/div>\n<nav><ul class='ez-toc-list ez-toc-list-level-1 eztoc-toggle-hide-by-default' ><li class='ez-toc-page-1 ez-toc-heading-level-2'><a class=\"ez-toc-link ez-toc-heading-1\" href=\"https:\/\/www.mobilier-design-occasion.fr\/magazine\/cette-nouvelle-collaboration-quil-ne-faut-pas-rater-entre-vitra-et-jean-prouve\/#Qui_est_Jean_Prouve\" >Qui est Jean Prouv\u00e9&nbsp;?<\/a><\/li><li class='ez-toc-page-1 ez-toc-heading-level-2'><a class=\"ez-toc-link ez-toc-heading-2\" href=\"https:\/\/www.mobilier-design-occasion.fr\/magazine\/cette-nouvelle-collaboration-quil-ne-faut-pas-rater-entre-vitra-et-jean-prouve\/#Lhistoire_de_la_marque_Vitra\" >L&#8217;histoire de la marque Vitra<\/a><\/li><li class='ez-toc-page-1 ez-toc-heading-level-2'><a class=\"ez-toc-link ez-toc-heading-3\" href=\"https:\/\/www.mobilier-design-occasion.fr\/magazine\/cette-nouvelle-collaboration-quil-ne-faut-pas-rater-entre-vitra-et-jean-prouve\/#La_collaboration_entre_Vitra_et_Jean_Prouve\" >La collaboration entre Vitra et Jean Prouv\u00e9<\/a><\/li><li class='ez-toc-page-1 ez-toc-heading-level-2'><a class=\"ez-toc-link ez-toc-heading-4\" href=\"https:\/\/www.mobilier-design-occasion.fr\/magazine\/cette-nouvelle-collaboration-quil-ne-faut-pas-rater-entre-vitra-et-jean-prouve\/#Vitra_remet_sur_le_devant_de_la_scene_le_fauteuil_Kangourou_de_Jean_Prouve\" >Vitra remet sur le devant de la sc\u00e8ne le fauteuil Kangourou de Jean Prouv\u00e9<\/a><ul class='ez-toc-list-level-3' ><li class='ez-toc-heading-level-3'><a class=\"ez-toc-link ez-toc-heading-5\" href=\"https:\/\/www.mobilier-design-occasion.fr\/magazine\/cette-nouvelle-collaboration-quil-ne-faut-pas-rater-entre-vitra-et-jean-prouve\/#Quels_sont_les_caracteristiques_du_fauteuil_Kangourou\" >Quels sont les caract\u00e9ristiques du fauteuil Kangourou&nbsp;?<\/a><\/li><\/ul><\/li><li class='ez-toc-page-1 ez-toc-heading-level-2'><a class=\"ez-toc-link ez-toc-heading-6\" href=\"https:\/\/www.mobilier-design-occasion.fr\/magazine\/cette-nouvelle-collaboration-quil-ne-faut-pas-rater-entre-vitra-et-jean-prouve\/#Voici_notre_selection_des_plus_beaux_fauteuils_Kangourou\" >Voici notre s\u00e9lection des plus beaux fauteuils Kangourou<\/a><\/li><li class='ez-toc-page-1 ez-toc-heading-level-2'><a class=\"ez-toc-link ez-toc-heading-7\" href=\"https:\/\/www.mobilier-design-occasion.fr\/magazine\/cette-nouvelle-collaboration-quil-ne-faut-pas-rater-entre-vitra-et-jean-prouve\/#Pourquoi_acheter_un_fauteuil_Kangourou_doccasion\" >Pourquoi acheter un fauteuil Kangourou d\u2019occasion&nbsp;?<\/a><ul class='ez-toc-list-level-3' ><li class='ez-toc-heading-level-3'><a class=\"ez-toc-link ez-toc-heading-8\" href=\"https:\/\/www.mobilier-design-occasion.fr\/magazine\/cette-nouvelle-collaboration-quil-ne-faut-pas-rater-entre-vitra-et-jean-prouve\/#Rarete\" >Raret\u00e9<\/a><\/li><li class='ez-toc-page-1 ez-toc-heading-level-3'><a class=\"ez-toc-link ez-toc-heading-9\" href=\"https:\/\/www.mobilier-design-occasion.fr\/magazine\/cette-nouvelle-collaboration-quil-ne-faut-pas-rater-entre-vitra-et-jean-prouve\/#Prix\" >Prix<\/a><\/li><\/ul><\/li><li class='ez-toc-page-1 ez-toc-heading-level-2'><a class=\"ez-toc-link ez-toc-heading-10\" href=\"https:\/\/www.mobilier-design-occasion.fr\/magazine\/cette-nouvelle-collaboration-quil-ne-faut-pas-rater-entre-vitra-et-jean-prouve\/#Ou_trouver_un_fauteuil_Kangourou_doccasion\" >O\u00f9 trouver un fauteuil Kangourou d\u2019occasion&nbsp;?<\/a><\/li><\/ul><\/nav><\/div>\n\n\n\n\n<p><a href=\"https:\/\/fr.wikipedia.org\/wiki\/Jean_Prouv%C3%A9\">Jean Prouv\u00e9<\/a> est un architecte et designer fran\u00e7ais. Il est n\u00e9 dans le 14<sup>e<\/sup> arrondissement de Paris le 8 avril 1901 et est mort \u00e0 Nancy le 23 mars 1984. <\/p>\n\n\n\n<p>Jean Prouv\u00e9 suit le mouvement artistique de l\u2019Ecole de Nancy en \u00e9tant ferronnier d\u2019art. Dans les ann\u00e9es 1930, il se lance dans la construction avec des mat\u00e9riaux nouveaux comme l\u2019acier inoxydable. Durant sa carri\u00e8re, Jean Prouv\u00e9 a con\u00e7u des maisons, des fauteuils, des lits, des bureaux et biens d\u2019autres choses.<\/p>\n\n\n\n<figure class=\"wp-block-image size-large\"><img loading=\"lazy\" decoding=\"async\" width=\"1024\" height=\"768\" src=\"https:\/\/www.mobilier-design-occasion.fr\/magazine\/wp-content\/uploads\/2022\/06\/16558759-1024x768.jpg\" alt=\"\" class=\"wp-image-5246\" srcset=\"https:\/\/www.mobilier-design-occasion.fr\/magazine\/wp-content\/uploads\/2022\/06\/16558759-1024x768.jpg 1024w, https:\/\/www.mobilier-design-occasion.fr\/magazine\/wp-content\/uploads\/2022\/06\/16558759-300x225.jpg 300w, https:\/\/www.mobilier-design-occasion.fr\/magazine\/wp-content\/uploads\/2022\/06\/16558759-768x576.jpg 768w, https:\/\/www.mobilier-design-occasion.fr\/magazine\/wp-content\/uploads\/2022\/06\/16558759-810x608.jpg 810w, https:\/\/www.mobilier-design-occasion.fr\/magazine\/wp-content\/uploads\/2022\/06\/16558759-1140x855.jpg 1140w, https:\/\/www.mobilier-design-occasion.fr\/magazine\/wp-content\/uploads\/2022\/06\/16558759.jpg 1440w\" sizes=\"auto, (max-width: 1024px) 100vw, 1024px\" \/><figcaption>\u00a9Vitra<\/figcaption><\/figure>\n\n\n\n<h2 class=\"wp-block-heading\"><span class=\"ez-toc-section\" id=\"Lhistoire_de_la_marque_Vitra\"><\/span><strong>L&#8217;histoire de la marque Vitra<\/strong><span class=\"ez-toc-section-end\"><\/span><\/h2>\n\n\n<div class=\"wp-block-image\">\n<figure class=\"alignleft size-full is-resized\"><img loading=\"lazy\" decoding=\"async\" src=\"https:\/\/www.mobilier-design-occasion.fr\/magazine\/wp-content\/uploads\/2022\/06\/logo-vitra.png\" alt=\"\" class=\"wp-image-5247\" width=\"296\" height=\"165\" srcset=\"https:\/\/www.mobilier-design-occasion.fr\/magazine\/wp-content\/uploads\/2022\/06\/logo-vitra.png 732w, https:\/\/www.mobilier-design-occasion.fr\/magazine\/wp-content\/uploads\/2022\/06\/logo-vitra-300x168.png 300w\" sizes=\"auto, (max-width: 296px) 100vw, 296px\" \/><figcaption>\u00a9Vitra<\/figcaption><\/figure>\n<\/div>\n\n\n<p>La marque <a href=\"https:\/\/www.vitra.com\/fr-fr\/home\">Vitra<\/a> est un fabricant de <a href=\"https:\/\/www.mobilier-design-occasion.fr\/magazine\/test-avis-sur-la-redoute-interieurs-am-pm\/\">mobilier<\/a> <a href=\"https:\/\/www.mobilier-design-occasion.fr\/magazine\/table-tulipe-knoll-indemodable-du-design\/\">design<\/a> suisse. Vitra a \u00e9t\u00e9 fond\u00e9e Allemagne par Willi Fehlbaum en 1950, le si\u00e8ge social a d\u00e9m\u00e9nag\u00e9 en Suisse tandis que le site de production reste \u00e0 Weil-am-Rhein. En 1981, apr\u00e8s l\u2019incendie qui a tout d\u00e9truit, Rolf Fehlbaum, fils de Willi Fehlbaum d\u00e9cide de tout reconstruire. Il fait reconstruire le site dans plusieurs pays avec de nombreux filiales.<\/p>\n\n\n\n<p>La marque Vitra produit des mobiliers de designer du XXe si\u00e8cle. Elle \u00e9dite \u00e9galement des r\u00e9alisations de designers en apportant une touche actuelle au design.<\/p>\n\n\n\n<h2 class=\"wp-block-heading\"><span class=\"ez-toc-section\" id=\"La_collaboration_entre_Vitra_et_Jean_Prouve\"><\/span><strong>La collaboration entre Vitra et Jean Prouv\u00e9<\/strong><span class=\"ez-toc-section-end\"><\/span><\/h2>\n\n\n\n<p>La collaboration entre la famille Prouv\u00e9 et Vitra voit le jour pour la premi\u00e8re fois en 1994. La marque Vitra a commenc\u00e9 \u00e0 rediffuser les cr\u00e9ations de Jean Prouv\u00e9 sous forme de r\u00e9\u00e9ditions. Gr\u00e2ce \u00e0 cette \u00e9troite collaboration, la marque a pu r\u00e9\u00e9diter de nombreux mobiliers sign\u00e9 Jean Prouv\u00e9 comme\u00a0:<\/p>\n\n\n\n<div class=\"wp-block-columns is-layout-flex wp-container-core-columns-is-layout-9d6595d7 wp-block-columns-is-layout-flex\">\n<div class=\"wp-block-column is-layout-flow wp-block-column-is-layout-flow\">\n<figure class=\"wp-block-image size-large\"><img loading=\"lazy\" decoding=\"async\" width=\"1024\" height=\"410\" src=\"https:\/\/www.mobilier-design-occasion.fr\/magazine\/wp-content\/uploads\/2022\/06\/vitraA-1024x410.jpg\" alt=\"\" class=\"wp-image-5249\" srcset=\"https:\/\/www.mobilier-design-occasion.fr\/magazine\/wp-content\/uploads\/2022\/06\/vitraA-1024x410.jpg 1024w, https:\/\/www.mobilier-design-occasion.fr\/magazine\/wp-content\/uploads\/2022\/06\/vitraA-300x120.jpg 300w, https:\/\/www.mobilier-design-occasion.fr\/magazine\/wp-content\/uploads\/2022\/06\/vitraA-768x307.jpg 768w, https:\/\/www.mobilier-design-occasion.fr\/magazine\/wp-content\/uploads\/2022\/06\/vitraA-810x324.jpg 810w, https:\/\/www.mobilier-design-occasion.fr\/magazine\/wp-content\/uploads\/2022\/06\/vitraA-1140x456.jpg 1140w, https:\/\/www.mobilier-design-occasion.fr\/magazine\/wp-content\/uploads\/2022\/06\/vitraA.jpg 1440w\" sizes=\"auto, (max-width: 1024px) 100vw, 1024px\" \/><figcaption>\u00a9Vitra<\/figcaption><\/figure>\n<\/div>\n\n\n\n<div class=\"wp-block-column is-layout-flow wp-block-column-is-layout-flow\">\n<figure class=\"wp-block-image size-large\"><img loading=\"lazy\" decoding=\"async\" width=\"1024\" height=\"410\" src=\"https:\/\/www.mobilier-design-occasion.fr\/magazine\/wp-content\/uploads\/2022\/06\/vitraB-1024x410.jpg\" alt=\"\" class=\"wp-image-5250\" srcset=\"https:\/\/www.mobilier-design-occasion.fr\/magazine\/wp-content\/uploads\/2022\/06\/vitraB-1024x410.jpg 1024w, https:\/\/www.mobilier-design-occasion.fr\/magazine\/wp-content\/uploads\/2022\/06\/vitraB-300x120.jpg 300w, https:\/\/www.mobilier-design-occasion.fr\/magazine\/wp-content\/uploads\/2022\/06\/vitraB-768x307.jpg 768w, https:\/\/www.mobilier-design-occasion.fr\/magazine\/wp-content\/uploads\/2022\/06\/vitraB-810x324.jpg 810w, https:\/\/www.mobilier-design-occasion.fr\/magazine\/wp-content\/uploads\/2022\/06\/vitraB-1140x456.jpg 1140w, https:\/\/www.mobilier-design-occasion.fr\/magazine\/wp-content\/uploads\/2022\/06\/vitraB.jpg 1440w\" sizes=\"auto, (max-width: 1024px) 100vw, 1024px\" \/><figcaption>\u00a9Vitra<\/figcaption><\/figure>\n<\/div>\n<\/div>\n\n\n\n<ul class=\"wp-block-list\"><li>Le <a href=\"https:\/\/www.mobilier-design-occasion.fr\/magazine\/test-avis-sur-poltronesofa\/\">fauteuil<\/a> kangourou<\/li><li>Le fauteuil de direction<\/li><li>Le gu\u00e9ridon<\/li><li>La potence<\/li><li>La <a href=\"https:\/\/www.mobilier-design-occasion.fr\/magazine\/fermob-occasion\/\">chaise<\/a> tout <a href=\"https:\/\/www.mobilier-design-occasion.fr\/magazine\/avis-mathy-by-bols\/\">bois<\/a><\/li><li>La table Solvay<\/li><li>Le trap\u00e8ze<\/li><li>Le tabouret Solvay<\/li><\/ul>\n\n\n\n<h2 class=\"wp-block-heading\"><span class=\"ez-toc-section\" id=\"Vitra_remet_sur_le_devant_de_la_scene_le_fauteuil_Kangourou_de_Jean_Prouve\"><\/span><strong>Vitra remet sur le devant de la sc\u00e8ne le fauteuil Kangourou de Jean Prouv\u00e9<\/strong><span class=\"ez-toc-section-end\"><\/span><\/h2>\n\n\n\n<p>Le fauteuil Kangourou, un mobilier embl\u00e9matique de Jean Prouv\u00e9. Cr\u00e9\u00e9 en 1948, ce fauteuil allie la simplicit\u00e9, le confort, l\u2019\u00e9l\u00e9gance et la fonctionnalit\u00e9. Le fauteuil Kangourou, contrairement aux autres mobiliers du designer, a \u00e9t\u00e9 rediffus\u00e9 \u00e0 une \u00e9dition limit\u00e9e \u00e0 150 exemplaires. Il faut attendre en septembre 2022 pour une nouvelle r\u00e9\u00e9dition.<\/p>\n\n\n\n<figure class=\"wp-block-embed is-type-rich is-provider-twitter wp-block-embed-twitter\"><div class=\"wp-block-embed__wrapper\">\n<blockquote class=\"twitter-tweet\" data-width=\"550\" data-dnt=\"true\"><p lang=\"fr\" dir=\"ltr\">L&#39;h\u00e9ritage de Jean Prouv\u00e9 c\u00e9l\u00e9br\u00e9 dans une r\u00e9\u00e9dition (ultra) limit\u00e9e du fauteuil Kangourou par Vitra <a href=\"https:\/\/t.co\/h2cVxK4XBX\">https:\/\/t.co\/h2cVxK4XBX<\/a><\/p>&mdash; AD <a href=\"https:\/\/www.mobilier-design-occasion.fr\/magazine\/test-avis-sur-ripaton\/\">France<\/a> (@ADmagazinefr) <a href=\"https:\/\/twitter.com\/ADmagazinefr\/status\/1538832472099762176?ref_src=twsrc%5Etfw\">June 20, 2022<\/a><\/blockquote><script async src=\"https:\/\/platform.twitter.com\/widgets.js\" charset=\"utf-8\"><\/script>\n<\/div><\/figure>\n\n\n\n<h3 class=\"wp-block-heading\"><span class=\"ez-toc-section\" id=\"Quels_sont_les_caracteristiques_du_fauteuil_Kangourou\"><\/span><strong>Quels sont les caract\u00e9ristiques du fauteuil Kangourou&nbsp;?<\/strong><span class=\"ez-toc-section-end\"><\/span><\/h3>\n\n\n\n<p>Le fauteuil Kangourou de Jean Prouv\u00e9, r\u00e9\u00e9dit\u00e9 par Vitra poss\u00e8de ses propres caract\u00e9ristiques inchang\u00e9es qui le rend si unique.<\/p>\n\n\n\n<ul class=\"wp-block-list\"><li><strong>Mat\u00e9riaux<\/strong><\/li><\/ul>\n\n\n\n<p>Les parties m\u00e9talliques du pi\u00e8tement du fauteuil Kangourou sont en acier avec une finition \u00e9poxy lisse. Les parties en bois du pi\u00e8tement sont en ch\u00eane massif naturel avec une finition huil\u00e9e. Les accoudoirs sont en ch\u00eane massif naturel avec une finition huil\u00e9e \u00e9galement.<\/p>\n\n\n\n<div class=\"wp-block-columns is-layout-flex wp-container-core-columns-is-layout-9d6595d7 wp-block-columns-is-layout-flex\">\n<div class=\"wp-block-column is-layout-flow wp-block-column-is-layout-flow\">\n<figure class=\"wp-block-image size-large\"><img loading=\"lazy\" decoding=\"async\" width=\"768\" height=\"1024\" src=\"https:\/\/www.mobilier-design-occasion.fr\/magazine\/wp-content\/uploads\/2022\/06\/vitra5-768x1024.jpg\" alt=\"\" class=\"wp-image-5252\" srcset=\"https:\/\/www.mobilier-design-occasion.fr\/magazine\/wp-content\/uploads\/2022\/06\/vitra5-768x1024.jpg 768w, https:\/\/www.mobilier-design-occasion.fr\/magazine\/wp-content\/uploads\/2022\/06\/vitra5-225x300.jpg 225w, https:\/\/www.mobilier-design-occasion.fr\/magazine\/wp-content\/uploads\/2022\/06\/vitra5-1152x1536.jpg 1152w, https:\/\/www.mobilier-design-occasion.fr\/magazine\/wp-content\/uploads\/2022\/06\/vitra5-810x1080.jpg 810w, https:\/\/www.mobilier-design-occasion.fr\/magazine\/wp-content\/uploads\/2022\/06\/vitra5-1140x1520.jpg 1140w, https:\/\/www.mobilier-design-occasion.fr\/magazine\/wp-content\/uploads\/2022\/06\/vitra5.jpg 1440w\" sizes=\"auto, (max-width: 768px) 100vw, 768px\" \/><figcaption>\u00a9Vitra<\/figcaption><\/figure>\n<\/div>\n\n\n\n<div class=\"wp-block-column is-layout-flow wp-block-column-is-layout-flow\">\n<figure class=\"wp-block-image size-large\"><img loading=\"lazy\" decoding=\"async\" width=\"770\" height=\"1024\" src=\"https:\/\/www.mobilier-design-occasion.fr\/magazine\/wp-content\/uploads\/2022\/06\/vitra-2-770x1024.jpg\" alt=\"\" class=\"wp-image-5253\" srcset=\"https:\/\/www.mobilier-design-occasion.fr\/magazine\/wp-content\/uploads\/2022\/06\/vitra-2-770x1024.jpg 770w, https:\/\/www.mobilier-design-occasion.fr\/magazine\/wp-content\/uploads\/2022\/06\/vitra-2-225x300.jpg 225w, https:\/\/www.mobilier-design-occasion.fr\/magazine\/wp-content\/uploads\/2022\/06\/vitra-2-768x1022.jpg 768w, https:\/\/www.mobilier-design-occasion.fr\/magazine\/wp-content\/uploads\/2022\/06\/vitra-2-1154x1536.jpg 1154w, https:\/\/www.mobilier-design-occasion.fr\/magazine\/wp-content\/uploads\/2022\/06\/vitra-2-810x1078.jpg 810w, https:\/\/www.mobilier-design-occasion.fr\/magazine\/wp-content\/uploads\/2022\/06\/vitra-2-1140x1517.jpg 1140w, https:\/\/www.mobilier-design-occasion.fr\/magazine\/wp-content\/uploads\/2022\/06\/vitra-2.jpg 1440w\" sizes=\"auto, (max-width: 770px) 100vw, 770px\" \/><figcaption>\u00a9Vitra<\/figcaption><\/figure>\n<\/div>\n<\/div>\n\n\n\n<ul class=\"wp-block-list\"><li><strong>Couleur<\/strong><\/li><\/ul>\n\n\n\n<p>Lors de la r\u00e9\u00e9dition des fauteuils kangourou de Jean Prouv\u00e9 par Vitra, les pi\u00e8tements m\u00e9talliques ont \u00e9t\u00e9 peints de couleur Prouv\u00e9 Bleu Marcoule. Le rev\u00eatement quant \u00e0 lui est en tissu Karandash (Dedar) de couleur cobalt.<\/p>\n\n\n\n<ul class=\"wp-block-list\"><li><strong>Dimensions<\/strong><\/li><\/ul>\n\n\n\n<p>Voici les dimensions du fauteuil Kangourou Jean Prouv\u00e9 \u00e9dition Vitra&nbsp;:<\/p>\n\n\n\n<ul class=\"wp-block-list\"><li>Hauteur 84 cm<\/li><li>Largeur 68cm<\/li><li>Accoudoir 10 cm<\/li><li>Profondeur 76 cm<\/li><li>Hauteur de l\u2019assise 37,5 cm<\/li><li>Hauteur du dossier 46,5 cm<\/li><\/ul>\n\n\n\n<figure class=\"wp-block-image size-large\"><img loading=\"lazy\" decoding=\"async\" width=\"1024\" height=\"683\" src=\"https:\/\/www.mobilier-design-occasion.fr\/magazine\/wp-content\/uploads\/2022\/06\/FVNwBhqXEAA_g5T-1024x683.jpg\" alt=\"\" class=\"wp-image-5260\" srcset=\"https:\/\/www.mobilier-design-occasion.fr\/magazine\/wp-content\/uploads\/2022\/06\/FVNwBhqXEAA_g5T-1024x683.jpg 1024w, https:\/\/www.mobilier-design-occasion.fr\/magazine\/wp-content\/uploads\/2022\/06\/FVNwBhqXEAA_g5T-300x200.jpg 300w, https:\/\/www.mobilier-design-occasion.fr\/magazine\/wp-content\/uploads\/2022\/06\/FVNwBhqXEAA_g5T-768x512.jpg 768w, https:\/\/www.mobilier-design-occasion.fr\/magazine\/wp-content\/uploads\/2022\/06\/FVNwBhqXEAA_g5T-1536x1024.jpg 1536w, https:\/\/www.mobilier-design-occasion.fr\/magazine\/wp-content\/uploads\/2022\/06\/FVNwBhqXEAA_g5T-scaled.jpg 2048w, https:\/\/www.mobilier-design-occasion.fr\/magazine\/wp-content\/uploads\/2022\/06\/FVNwBhqXEAA_g5T-810x540.jpg 810w, https:\/\/www.mobilier-design-occasion.fr\/magazine\/wp-content\/uploads\/2022\/06\/FVNwBhqXEAA_g5T-1140x760.jpg 1140w\" sizes=\"auto, (max-width: 1024px) 100vw, 1024px\" \/><figcaption>\u00a9Vitra<\/figcaption><\/figure>\n\n\n\n<h2 class=\"wp-block-heading\"><span class=\"ez-toc-section\" id=\"Voici_notre_selection_des_plus_beaux_fauteuils_Kangourou\"><\/span><strong>Voici notre s\u00e9lection des plus beaux fauteuils Kangourou<\/strong><span class=\"ez-toc-section-end\"><\/span><\/h2>\n\n\n\n<div class=\"wp-block-columns is-layout-flex wp-container-core-columns-is-layout-9d6595d7 wp-block-columns-is-layout-flex\">\n<div class=\"wp-block-column is-layout-flow wp-block-column-is-layout-flow\">\n<figure class=\"wp-block-image size-large\"><a href=\"https:\/\/track.effiliation.com\/servlet\/effi.redir?id_compteur=22784688&amp;url=https%3A%2F%2Fwww.selency.fr%2F\"><img loading=\"lazy\" decoding=\"async\" width=\"768\" height=\"1024\" src=\"https:\/\/www.mobilier-design-occasion.fr\/magazine\/wp-content\/uploads\/2022\/06\/christies-768x1024.jpg\" alt=\"\" class=\"wp-image-5262\" srcset=\"https:\/\/www.mobilier-design-occasion.fr\/magazine\/wp-content\/uploads\/2022\/06\/christies-768x1024.jpg 768w, https:\/\/www.mobilier-design-occasion.fr\/magazine\/wp-content\/uploads\/2022\/06\/christies-225x300.jpg 225w, https:\/\/www.mobilier-design-occasion.fr\/magazine\/wp-content\/uploads\/2022\/06\/christies-1152x1536.jpg 1152w, https:\/\/www.mobilier-design-occasion.fr\/magazine\/wp-content\/uploads\/2022\/06\/christies-scaled.jpg 1536w, https:\/\/www.mobilier-design-occasion.fr\/magazine\/wp-content\/uploads\/2022\/06\/christies-810x1080.jpg 810w, https:\/\/www.mobilier-design-occasion.fr\/magazine\/wp-content\/uploads\/2022\/06\/christies-1140x1520.jpg 1140w\" sizes=\"auto, (max-width: 768px) 100vw, 768px\" \/><\/a><figcaption>Christie&#8217;s<\/figcaption><\/figure>\n<\/div>\n\n\n\n<div class=\"wp-block-column is-layout-flow wp-block-column-is-layout-flow\">\n<figure class=\"wp-block-image size-large\"><a href=\"https:\/\/track.effiliation.com\/servlet\/effi.redir?id_compteur=22784688&amp;url=https%3A%2F%2Fwww.selency.fr%2F\"><img loading=\"lazy\" decoding=\"async\" width=\"1024\" height=\"910\" src=\"https:\/\/www.mobilier-design-occasion.fr\/magazine\/wp-content\/uploads\/2022\/06\/sothebys-1-1024x910.jpg\" alt=\"\" class=\"wp-image-5267\" srcset=\"https:\/\/www.mobilier-design-occasion.fr\/magazine\/wp-content\/uploads\/2022\/06\/sothebys-1-1024x910.jpg 1024w, https:\/\/www.mobilier-design-occasion.fr\/magazine\/wp-content\/uploads\/2022\/06\/sothebys-1-300x266.jpg 300w, https:\/\/www.mobilier-design-occasion.fr\/magazine\/wp-content\/uploads\/2022\/06\/sothebys-1-768x682.jpg 768w, https:\/\/www.mobilier-design-occasion.fr\/magazine\/wp-content\/uploads\/2022\/06\/sothebys-1-1536x1364.jpg 1536w, https:\/\/www.mobilier-design-occasion.fr\/magazine\/wp-content\/uploads\/2022\/06\/sothebys-1-810x719.jpg 810w, https:\/\/www.mobilier-design-occasion.fr\/magazine\/wp-content\/uploads\/2022\/06\/sothebys-1-1140x1013.jpg 1140w, https:\/\/www.mobilier-design-occasion.fr\/magazine\/wp-content\/uploads\/2022\/06\/sothebys-1.jpg 2048w\" sizes=\"auto, (max-width: 1024px) 100vw, 1024px\" \/><\/a><figcaption>sotherby&#8217;s<\/figcaption><\/figure>\n<\/div>\n<\/div>\n\n\n\n<div class=\"wp-block-columns is-layout-flex wp-container-core-columns-is-layout-9d6595d7 wp-block-columns-is-layout-flex\">\n<div class=\"wp-block-column is-layout-flow wp-block-column-is-layout-flow\">\n<figure class=\"wp-block-image size-full\"><a href=\"https:\/\/track.effiliation.com\/servlet\/effi.redir?id_compteur=22784688&amp;url=https%3A%2F%2Fwww.selency.fr%2F\"><img loading=\"lazy\" decoding=\"async\" width=\"275\" height=\"183\" src=\"https:\/\/www.mobilier-design-occasion.fr\/magazine\/wp-content\/uploads\/2022\/06\/designboom-1.jpg\" alt=\"\" class=\"wp-image-5266\"\/><\/a><figcaption>designboom<\/figcaption><\/figure>\n<\/div>\n\n\n\n<div class=\"wp-block-column is-layout-flow wp-block-column-is-layout-flow\">\n<figure class=\"wp-block-image size-full\"><a href=\"https:\/\/track.effiliation.com\/servlet\/effi.redir?id_compteur=22784688&amp;url=https%3A%2F%2Fwww.selency.fr%2F\"><img loading=\"lazy\" decoding=\"async\" width=\"299\" height=\"168\" src=\"https:\/\/www.mobilier-design-occasion.fr\/magazine\/wp-content\/uploads\/2022\/06\/vitraC.jpg\" alt=\"\" class=\"wp-image-5264\"\/><\/a><figcaption>\u00a9Vitra<\/figcaption><\/figure>\n<\/div>\n<\/div>\n\n\n\n<h2 class=\"wp-block-heading\"><span class=\"ez-toc-section\" id=\"Pourquoi_acheter_un_fauteuil_Kangourou_doccasion\"><\/span><strong>Pourquoi acheter un fauteuil Kangourou d\u2019occasion&nbsp;?<\/strong><span class=\"ez-toc-section-end\"><\/span><\/h2>\n\n\n\n<h3 class=\"wp-block-heading\"><span class=\"ez-toc-section\" id=\"Rarete\"><\/span><strong>Raret\u00e9<\/strong><span class=\"ez-toc-section-end\"><\/span><\/h3>\n\n\n\n<p>Un fauteuil Kangourou d\u2019occasion ne se trouve pas partout. Apr\u00e8s la fermeture de l\u2019Atelier de Jean Prouv\u00e9 \u00e0 Max\u00e9ville, pr\u00e8s de Nancy en 1954, il n\u2019y avait plus de production de fauteuil Kangourou jusqu\u2019\u00e0 la r\u00e9\u00e9dition du fauteuil par Vitra en 2002. Et m\u00eame \u00e0 ce moment, le fauteuil \u00e9tait produit dans une \u00e9dition limit\u00e9e de 150 exemplaires. C\u2019est pourquoi, l\u2019achat d\u2019un fauteuil Kangourou d\u2019occasion s\u2019av\u00e8re \u00eatre une magnifique trouvaille.<\/p>\n\n\n\n<figure class=\"wp-block-embed is-type-video is-provider-youtube wp-block-embed-youtube wp-embed-aspect-16-9 wp-has-aspect-ratio\"><div class=\"wp-block-embed__wrapper\">\n<iframe loading=\"lazy\" title=\"designboom joins VITRA for a jean prouv\u00e9-infused celebration at the vitra campus\" width=\"810\" height=\"456\" src=\"https:\/\/www.youtube.com\/embed\/NyDNQ90A57Q?feature=oembed\" frameborder=\"0\" allow=\"accelerometer; autoplay; clipboard-write; encrypted-media; gyroscope; picture-in-picture\" allowfullscreen><\/iframe>\n<\/div><\/figure>\n\n\n\n<h3 class=\"wp-block-heading\"><span class=\"ez-toc-section\" id=\"Prix\"><\/span><strong>Prix<\/strong><span class=\"ez-toc-section-end\"><\/span><\/h3>\n\n\n\n<p>Le prix d\u2019un fauteuil Kangourou neuf est bien plus cher qu\u2019un fauteuil Kangourou d\u2019occasion. Le prix d\u2019un fauteuil Kangourou d\u2019occasion d\u00e9pend de l\u2019offre de son propri\u00e9taire et de l\u2019\u00e9tat du si\u00e8ge.<\/p>\n\n\n\n<h2 class=\"wp-block-heading\"><span class=\"ez-toc-section\" id=\"Ou_trouver_un_fauteuil_Kangourou_doccasion\"><\/span><strong>O\u00f9 trouver un fauteuil Kangourou d\u2019occasion&nbsp;?<\/strong><span class=\"ez-toc-section-end\"><\/span><\/h2>\n\n\n\n<p>M\u00eame si le fauteuil Kangourou vintage se fait rare, il y a quand m\u00eame quelques fa\u00e7ons de trouver un fauteuil Kangourou de secondes mains. On peut chercher et chiner les antiquaires, les brocantes et les vide-greniers. Mais, aussi visiter les divers sites sp\u00e9cialis\u00e9s en mobiliers et articles d\u2019occasion. Privil\u00e9giez les sites qui vendent des articles authentifi\u00e9s et certifi\u00e9s comme&nbsp;:<\/p>\n\n\n\n<ul class=\"wp-block-list\"><li><a href=\"https:\/\/track.effiliation.com\/servlet\/effi.redir?id_compteur=22733111&amp;url=https%3A%2F%2Fwww.design-market.fr%2F\">Design Market<\/a><\/li><li><a href=\"https:\/\/www.mobilier-design-occasion.fr\/\">Mobilier Design Occasion<\/a><\/li><li><a href=\"https:\/\/track.effiliation.com\/servlet\/effi.redir?id_compteur=22784688&amp;url=https%3A%2F%2Fwww.selency.fr%2F\">Selency<\/a><\/li><\/ul>\n\n\n\n<div class=\"wp-block-columns is-layout-flex wp-container-core-columns-is-layout-9d6595d7 wp-block-columns-is-layout-flex\">\n<div class=\"wp-block-column is-layout-flow wp-block-column-is-layout-flow\">\n<figure class=\"wp-block-image size-large\"><a href=\"https:\/\/track.effiliation.com\/servlet\/effi.redir?id_compteur=22784688&amp;url=https%3A%2F%2Fwww.selency.fr%2F\"><img loading=\"lazy\" decoding=\"async\" width=\"1024\" height=\"576\" src=\"https:\/\/www.mobilier-design-occasion.fr\/magazine\/wp-content\/uploads\/2022\/06\/vitra-3-1024x576.jpg\" alt=\"\" class=\"wp-image-5255\" srcset=\"https:\/\/www.mobilier-design-occasion.fr\/magazine\/wp-content\/uploads\/2022\/06\/vitra-3-1024x576.jpg 1024w, https:\/\/www.mobilier-design-occasion.fr\/magazine\/wp-content\/uploads\/2022\/06\/vitra-3-300x169.jpg 300w, https:\/\/www.mobilier-design-occasion.fr\/magazine\/wp-content\/uploads\/2022\/06\/vitra-3-768x432.jpg 768w, https:\/\/www.mobilier-design-occasion.fr\/magazine\/wp-content\/uploads\/2022\/06\/vitra-3-810x456.jpg 810w, https:\/\/www.mobilier-design-occasion.fr\/magazine\/wp-content\/uploads\/2022\/06\/vitra-3-1140x641.jpg 1140w, https:\/\/www.mobilier-design-occasion.fr\/magazine\/wp-content\/uploads\/2022\/06\/vitra-3.jpg 1440w\" sizes=\"auto, (max-width: 1024px) 100vw, 1024px\" \/><\/a><figcaption>\u00a9Vitra<\/figcaption><\/figure>\n<\/div>\n\n\n\n<div class=\"wp-block-column is-layout-flow wp-block-column-is-layout-flow\">\n<figure class=\"wp-block-image size-large\"><a href=\"https:\/\/track.effiliation.com\/servlet\/effi.redir?id_compteur=22784688&amp;url=https%3A%2F%2Fwww.selency.fr%2F\"><img loading=\"lazy\" decoding=\"async\" width=\"1024\" height=\"576\" src=\"https:\/\/www.mobilier-design-occasion.fr\/magazine\/wp-content\/uploads\/2022\/06\/vitra1-1-1024x576.jpg\" alt=\"\" class=\"wp-image-5256\" srcset=\"https:\/\/www.mobilier-design-occasion.fr\/magazine\/wp-content\/uploads\/2022\/06\/vitra1-1-1024x576.jpg 1024w, https:\/\/www.mobilier-design-occasion.fr\/magazine\/wp-content\/uploads\/2022\/06\/vitra1-1-300x169.jpg 300w, https:\/\/www.mobilier-design-occasion.fr\/magazine\/wp-content\/uploads\/2022\/06\/vitra1-1-768x432.jpg 768w, https:\/\/www.mobilier-design-occasion.fr\/magazine\/wp-content\/uploads\/2022\/06\/vitra1-1-810x456.jpg 810w, https:\/\/www.mobilier-design-occasion.fr\/magazine\/wp-content\/uploads\/2022\/06\/vitra1-1-1140x641.jpg 1140w, https:\/\/www.mobilier-design-occasion.fr\/magazine\/wp-content\/uploads\/2022\/06\/vitra1-1.jpg 1440w\" sizes=\"auto, (max-width: 1024px) 100vw, 1024px\" \/><\/a><figcaption>\u00a9Vitra<\/figcaption><\/figure>\n<\/div>\n<\/div>\n","protected":false},"excerpt":{"rendered":"<p>Qui est Jean Prouv\u00e9&nbsp;? Jean Prouv\u00e9 est un architecte et designer fran\u00e7ais. Il est n\u00e9 dans le 14e arrondissement de Paris le 8 avril 1901 et est mort \u00e0 Nancy le 23 mars 1984. Jean Prouv\u00e9 suit le mouvement artistique de l\u2019Ecole de Nancy en \u00e9tant ferronnier d\u2019art. Dans les ann\u00e9es 1930, il se lance [&hellip;]<\/p>\n","protected":false},"author":1,"featured_media":5259,"comment_status":"open","ping_status":"open","sticky":false,"template":"","format":"standard","meta":{"footnotes":""},"categories":[2],"tags":[],"class_list":["post-5244","post","type-post","status-publish","format-standard","has-post-thumbnail","hentry","category-tendances"],"yoast_head":"<!-- This site is optimized with the Yoast SEO plugin v27.5 - https:\/\/yoast.com\/product\/yoast-seo-wordpress\/ -->\n<title>Cette nouvelle collaboration qu&#039;il ne faut pas rater entre Vitra et Jean Prouv\u00e9! - Mobilier Design Magazine<\/title>\n<meta name=\"robots\" content=\"index, follow, max-snippet:-1, max-image-preview:large, max-video-preview:-1\" \/>\n<link rel=\"canonical\" href=\"https:\/\/www.mobilier-design-occasion.fr\/magazine\/cette-nouvelle-collaboration-quil-ne-faut-pas-rater-entre-vitra-et-jean-prouve\/\" \/>\n<meta property=\"og:locale\" content=\"fr_FR\" \/>\n<meta property=\"og:type\" content=\"article\" \/>\n<meta property=\"og:title\" content=\"Cette nouvelle collaboration qu&#039;il ne faut pas rater entre Vitra et Jean Prouv\u00e9! - Mobilier Design Magazine\" \/>\n<meta property=\"og:description\" content=\"Qui est Jean Prouv\u00e9&nbsp;? Jean Prouv\u00e9 est un architecte et designer fran\u00e7ais. Il est n\u00e9 dans le 14e arrondissement de Paris le 8 avril 1901 et est mort \u00e0 Nancy le 23 mars 1984. Jean Prouv\u00e9 suit le mouvement artistique de l\u2019Ecole de Nancy en \u00e9tant ferronnier d\u2019art. Dans les ann\u00e9es 1930, il se lance [&hellip;]\" \/>\n<meta property=\"og:url\" content=\"https:\/\/www.mobilier-design-occasion.fr\/magazine\/cette-nouvelle-collaboration-quil-ne-faut-pas-rater-entre-vitra-et-jean-prouve\/\" \/>\n<meta property=\"og:site_name\" content=\"Mobilier Design Magazine\" \/>\n<meta property=\"article:publisher\" content=\"https:\/\/www.facebook.com\/mobilierdesignoccasion\" \/>\n<meta property=\"article:published_time\" content=\"2022-06-29T14:21:09+00:00\" \/>\n<meta property=\"article:modified_time\" content=\"2023-09-25T13:40:10+00:00\" \/>\n<meta property=\"og:image\" content=\"https:\/\/www.mobilier-design-occasion.fr\/magazine\/wp-content\/uploads\/2022\/06\/vitra4.jpg\" \/>\n\t<meta property=\"og:image:width\" content=\"1440\" \/>\n\t<meta property=\"og:image:height\" content=\"1920\" \/>\n\t<meta property=\"og:image:type\" content=\"image\/jpeg\" \/>\n<meta name=\"author\" content=\"Cyrielle Poirot\" \/>\n<meta name=\"twitter:card\" content=\"summary_large_image\" \/>\n<meta name=\"twitter:label1\" content=\"\u00c9crit par\" \/>\n\t<meta name=\"twitter:data1\" content=\"Cyrielle Poirot\" \/>\n\t<meta name=\"twitter:label2\" content=\"Dur\u00e9e de lecture estim\u00e9e\" \/>\n\t<meta name=\"twitter:data2\" content=\"4 minutes\" \/>\n<script type=\"application\/ld+json\" class=\"yoast-schema-graph\">{\"@context\":\"https:\\\/\\\/schema.org\",\"@graph\":[{\"@type\":\"Article\",\"@id\":\"https:\\\/\\\/www.mobilier-design-occasion.fr\\\/magazine\\\/cette-nouvelle-collaboration-quil-ne-faut-pas-rater-entre-vitra-et-jean-prouve\\\/#article\",\"isPartOf\":{\"@id\":\"https:\\\/\\\/www.mobilier-design-occasion.fr\\\/magazine\\\/cette-nouvelle-collaboration-quil-ne-faut-pas-rater-entre-vitra-et-jean-prouve\\\/\"},\"author\":{\"name\":\"Cyrielle Poirot\",\"@id\":\"https:\\\/\\\/www.mobilier-design-occasion.fr\\\/magazine\\\/#\\\/schema\\\/person\\\/5b2e5627a714ddadaaf8c9b886c55eff\"},\"headline\":\"Cette nouvelle collaboration qu&#8217;il ne faut pas rater entre Vitra et Jean Prouv\u00e9!\",\"datePublished\":\"2022-06-29T14:21:09+00:00\",\"dateModified\":\"2023-09-25T13:40:10+00:00\",\"mainEntityOfPage\":{\"@id\":\"https:\\\/\\\/www.mobilier-design-occasion.fr\\\/magazine\\\/cette-nouvelle-collaboration-quil-ne-faut-pas-rater-entre-vitra-et-jean-prouve\\\/\"},\"wordCount\":762,\"commentCount\":0,\"publisher\":{\"@id\":\"https:\\\/\\\/www.mobilier-design-occasion.fr\\\/magazine\\\/#organization\"},\"image\":{\"@id\":\"https:\\\/\\\/www.mobilier-design-occasion.fr\\\/magazine\\\/cette-nouvelle-collaboration-quil-ne-faut-pas-rater-entre-vitra-et-jean-prouve\\\/#primaryimage\"},\"thumbnailUrl\":\"https:\\\/\\\/www.mobilier-design-occasion.fr\\\/magazine\\\/wp-content\\\/uploads\\\/2022\\\/06\\\/vitra4.jpg\",\"articleSection\":[\"Tendances\"],\"inLanguage\":\"fr-FR\",\"potentialAction\":[{\"@type\":\"CommentAction\",\"name\":\"Comment\",\"target\":[\"https:\\\/\\\/www.mobilier-design-occasion.fr\\\/magazine\\\/cette-nouvelle-collaboration-quil-ne-faut-pas-rater-entre-vitra-et-jean-prouve\\\/#respond\"]}]},{\"@type\":\"WebPage\",\"@id\":\"https:\\\/\\\/www.mobilier-design-occasion.fr\\\/magazine\\\/cette-nouvelle-collaboration-quil-ne-faut-pas-rater-entre-vitra-et-jean-prouve\\\/\",\"url\":\"https:\\\/\\\/www.mobilier-design-occasion.fr\\\/magazine\\\/cette-nouvelle-collaboration-quil-ne-faut-pas-rater-entre-vitra-et-jean-prouve\\\/\",\"name\":\"Cette nouvelle collaboration qu'il ne faut pas rater entre Vitra et Jean Prouv\u00e9! - Mobilier Design Magazine\",\"isPartOf\":{\"@id\":\"https:\\\/\\\/www.mobilier-design-occasion.fr\\\/magazine\\\/#website\"},\"primaryImageOfPage\":{\"@id\":\"https:\\\/\\\/www.mobilier-design-occasion.fr\\\/magazine\\\/cette-nouvelle-collaboration-quil-ne-faut-pas-rater-entre-vitra-et-jean-prouve\\\/#primaryimage\"},\"image\":{\"@id\":\"https:\\\/\\\/www.mobilier-design-occasion.fr\\\/magazine\\\/cette-nouvelle-collaboration-quil-ne-faut-pas-rater-entre-vitra-et-jean-prouve\\\/#primaryimage\"},\"thumbnailUrl\":\"https:\\\/\\\/www.mobilier-design-occasion.fr\\\/magazine\\\/wp-content\\\/uploads\\\/2022\\\/06\\\/vitra4.jpg\",\"datePublished\":\"2022-06-29T14:21:09+00:00\",\"dateModified\":\"2023-09-25T13:40:10+00:00\",\"breadcrumb\":{\"@id\":\"https:\\\/\\\/www.mobilier-design-occasion.fr\\\/magazine\\\/cette-nouvelle-collaboration-quil-ne-faut-pas-rater-entre-vitra-et-jean-prouve\\\/#breadcrumb\"},\"inLanguage\":\"fr-FR\",\"potentialAction\":[{\"@type\":\"ReadAction\",\"target\":[\"https:\\\/\\\/www.mobilier-design-occasion.fr\\\/magazine\\\/cette-nouvelle-collaboration-quil-ne-faut-pas-rater-entre-vitra-et-jean-prouve\\\/\"]}]},{\"@type\":\"ImageObject\",\"inLanguage\":\"fr-FR\",\"@id\":\"https:\\\/\\\/www.mobilier-design-occasion.fr\\\/magazine\\\/cette-nouvelle-collaboration-quil-ne-faut-pas-rater-entre-vitra-et-jean-prouve\\\/#primaryimage\",\"url\":\"https:\\\/\\\/www.mobilier-design-occasion.fr\\\/magazine\\\/wp-content\\\/uploads\\\/2022\\\/06\\\/vitra4.jpg\",\"contentUrl\":\"https:\\\/\\\/www.mobilier-design-occasion.fr\\\/magazine\\\/wp-content\\\/uploads\\\/2022\\\/06\\\/vitra4.jpg\",\"width\":1440,\"height\":1920},{\"@type\":\"BreadcrumbList\",\"@id\":\"https:\\\/\\\/www.mobilier-design-occasion.fr\\\/magazine\\\/cette-nouvelle-collaboration-quil-ne-faut-pas-rater-entre-vitra-et-jean-prouve\\\/#breadcrumb\",\"itemListElement\":[{\"@type\":\"ListItem\",\"position\":1,\"name\":\"Accueil\",\"item\":\"https:\\\/\\\/www.mobilier-design-occasion.fr\\\/magazine\\\/\"},{\"@type\":\"ListItem\",\"position\":2,\"name\":\"Cette nouvelle collaboration qu&rsquo;il ne faut pas rater entre Vitra et Jean Prouv\u00e9!\"}]},{\"@type\":\"WebSite\",\"@id\":\"https:\\\/\\\/www.mobilier-design-occasion.fr\\\/magazine\\\/#website\",\"url\":\"https:\\\/\\\/www.mobilier-design-occasion.fr\\\/magazine\\\/\",\"name\":\"Mobilier Design Magazine\",\"description\":\"\",\"publisher\":{\"@id\":\"https:\\\/\\\/www.mobilier-design-occasion.fr\\\/magazine\\\/#organization\"},\"potentialAction\":[{\"@type\":\"SearchAction\",\"target\":{\"@type\":\"EntryPoint\",\"urlTemplate\":\"https:\\\/\\\/www.mobilier-design-occasion.fr\\\/magazine\\\/?s={search_term_string}\"},\"query-input\":{\"@type\":\"PropertyValueSpecification\",\"valueRequired\":true,\"valueName\":\"search_term_string\"}}],\"inLanguage\":\"fr-FR\"},{\"@type\":\"Organization\",\"@id\":\"https:\\\/\\\/www.mobilier-design-occasion.fr\\\/magazine\\\/#organization\",\"name\":\"Mobilier Design Magazine\",\"url\":\"https:\\\/\\\/www.mobilier-design-occasion.fr\\\/magazine\\\/\",\"logo\":{\"@type\":\"ImageObject\",\"inLanguage\":\"fr-FR\",\"@id\":\"https:\\\/\\\/www.mobilier-design-occasion.fr\\\/magazine\\\/#\\\/schema\\\/logo\\\/image\\\/\",\"url\":\"https:\\\/\\\/www.mobilier-design-occasion.fr\\\/magazine\\\/wp-content\\\/uploads\\\/2024\\\/02\\\/android-chrome-192x192-1.png\",\"contentUrl\":\"https:\\\/\\\/www.mobilier-design-occasion.fr\\\/magazine\\\/wp-content\\\/uploads\\\/2024\\\/02\\\/android-chrome-192x192-1.png\",\"width\":192,\"height\":192,\"caption\":\"Mobilier Design Magazine\"},\"image\":{\"@id\":\"https:\\\/\\\/www.mobilier-design-occasion.fr\\\/magazine\\\/#\\\/schema\\\/logo\\\/image\\\/\"},\"sameAs\":[\"https:\\\/\\\/www.facebook.com\\\/mobilierdesignoccasion\"]},{\"@type\":\"Person\",\"@id\":\"https:\\\/\\\/www.mobilier-design-occasion.fr\\\/magazine\\\/#\\\/schema\\\/person\\\/5b2e5627a714ddadaaf8c9b886c55eff\",\"name\":\"Cyrielle Poirot\",\"image\":{\"@type\":\"ImageObject\",\"inLanguage\":\"fr-FR\",\"@id\":\"https:\\\/\\\/secure.gravatar.com\\\/avatar\\\/c8d2674e093b06894d8d1dc468b626bd752523471f3ac6e75f7c7a1400d40b4d?s=96&d=mm&r=g\",\"url\":\"https:\\\/\\\/secure.gravatar.com\\\/avatar\\\/c8d2674e093b06894d8d1dc468b626bd752523471f3ac6e75f7c7a1400d40b4d?s=96&d=mm&r=g\",\"contentUrl\":\"https:\\\/\\\/secure.gravatar.com\\\/avatar\\\/c8d2674e093b06894d8d1dc468b626bd752523471f3ac6e75f7c7a1400d40b4d?s=96&d=mm&r=g\",\"caption\":\"Cyrielle Poirot\"},\"description\":\"Cyrielle est passionn\u00e9e par la d\u00e9coration d'int\u00e9rieur et s'est sp\u00e9cialis\u00e9e depuis quelques ann\u00e9es dans l'\u00e9dition du site Mobilier-Design, avec une touche sp\u00e9cifique pour les produits d'occasion.\",\"sameAs\":[\"https:\\\/\\\/www.mobilier-design-occasion.fr\\\/magazine\"],\"url\":\"https:\\\/\\\/www.mobilier-design-occasion.fr\\\/magazine\\\/author\\\/cyrielle\\\/\"}]}<\/script>\n<!-- \/ Yoast SEO plugin. -->","yoast_head_json":{"title":"Cette nouvelle collaboration qu'il ne faut pas rater entre Vitra et Jean Prouv\u00e9! - Mobilier Design Magazine","robots":{"index":"index","follow":"follow","max-snippet":"max-snippet:-1","max-image-preview":"max-image-preview:large","max-video-preview":"max-video-preview:-1"},"canonical":"https:\/\/www.mobilier-design-occasion.fr\/magazine\/cette-nouvelle-collaboration-quil-ne-faut-pas-rater-entre-vitra-et-jean-prouve\/","og_locale":"fr_FR","og_type":"article","og_title":"Cette nouvelle collaboration qu'il ne faut pas rater entre Vitra et Jean Prouv\u00e9! - Mobilier Design Magazine","og_description":"Qui est Jean Prouv\u00e9&nbsp;? Jean Prouv\u00e9 est un architecte et designer fran\u00e7ais. Il est n\u00e9 dans le 14e arrondissement de Paris le 8 avril 1901 et est mort \u00e0 Nancy le 23 mars 1984. Jean Prouv\u00e9 suit le mouvement artistique de l\u2019Ecole de Nancy en \u00e9tant ferronnier d\u2019art. Dans les ann\u00e9es 1930, il se lance [&hellip;]","og_url":"https:\/\/www.mobilier-design-occasion.fr\/magazine\/cette-nouvelle-collaboration-quil-ne-faut-pas-rater-entre-vitra-et-jean-prouve\/","og_site_name":"Mobilier Design Magazine","article_publisher":"https:\/\/www.facebook.com\/mobilierdesignoccasion","article_published_time":"2022-06-29T14:21:09+00:00","article_modified_time":"2023-09-25T13:40:10+00:00","og_image":[{"width":1440,"height":1920,"url":"https:\/\/www.mobilier-design-occasion.fr\/magazine\/wp-content\/uploads\/2022\/06\/vitra4.jpg","type":"image\/jpeg"}],"author":"Cyrielle Poirot","twitter_card":"summary_large_image","twitter_misc":{"\u00c9crit par":"Cyrielle Poirot","Dur\u00e9e de lecture estim\u00e9e":"4 minutes"},"schema":{"@context":"https:\/\/schema.org","@graph":[{"@type":"Article","@id":"https:\/\/www.mobilier-design-occasion.fr\/magazine\/cette-nouvelle-collaboration-quil-ne-faut-pas-rater-entre-vitra-et-jean-prouve\/#article","isPartOf":{"@id":"https:\/\/www.mobilier-design-occasion.fr\/magazine\/cette-nouvelle-collaboration-quil-ne-faut-pas-rater-entre-vitra-et-jean-prouve\/"},"author":{"name":"Cyrielle Poirot","@id":"https:\/\/www.mobilier-design-occasion.fr\/magazine\/#\/schema\/person\/5b2e5627a714ddadaaf8c9b886c55eff"},"headline":"Cette nouvelle collaboration qu&#8217;il ne faut pas rater entre Vitra et Jean Prouv\u00e9!","datePublished":"2022-06-29T14:21:09+00:00","dateModified":"2023-09-25T13:40:10+00:00","mainEntityOfPage":{"@id":"https:\/\/www.mobilier-design-occasion.fr\/magazine\/cette-nouvelle-collaboration-quil-ne-faut-pas-rater-entre-vitra-et-jean-prouve\/"},"wordCount":762,"commentCount":0,"publisher":{"@id":"https:\/\/www.mobilier-design-occasion.fr\/magazine\/#organization"},"image":{"@id":"https:\/\/www.mobilier-design-occasion.fr\/magazine\/cette-nouvelle-collaboration-quil-ne-faut-pas-rater-entre-vitra-et-jean-prouve\/#primaryimage"},"thumbnailUrl":"https:\/\/www.mobilier-design-occasion.fr\/magazine\/wp-content\/uploads\/2022\/06\/vitra4.jpg","articleSection":["Tendances"],"inLanguage":"fr-FR","potentialAction":[{"@type":"CommentAction","name":"Comment","target":["https:\/\/www.mobilier-design-occasion.fr\/magazine\/cette-nouvelle-collaboration-quil-ne-faut-pas-rater-entre-vitra-et-jean-prouve\/#respond"]}]},{"@type":"WebPage","@id":"https:\/\/www.mobilier-design-occasion.fr\/magazine\/cette-nouvelle-collaboration-quil-ne-faut-pas-rater-entre-vitra-et-jean-prouve\/","url":"https:\/\/www.mobilier-design-occasion.fr\/magazine\/cette-nouvelle-collaboration-quil-ne-faut-pas-rater-entre-vitra-et-jean-prouve\/","name":"Cette nouvelle collaboration qu'il ne faut pas rater entre Vitra et Jean Prouv\u00e9! - Mobilier Design Magazine","isPartOf":{"@id":"https:\/\/www.mobilier-design-occasion.fr\/magazine\/#website"},"primaryImageOfPage":{"@id":"https:\/\/www.mobilier-design-occasion.fr\/magazine\/cette-nouvelle-collaboration-quil-ne-faut-pas-rater-entre-vitra-et-jean-prouve\/#primaryimage"},"image":{"@id":"https:\/\/www.mobilier-design-occasion.fr\/magazine\/cette-nouvelle-collaboration-quil-ne-faut-pas-rater-entre-vitra-et-jean-prouve\/#primaryimage"},"thumbnailUrl":"https:\/\/www.mobilier-design-occasion.fr\/magazine\/wp-content\/uploads\/2022\/06\/vitra4.jpg","datePublished":"2022-06-29T14:21:09+00:00","dateModified":"2023-09-25T13:40:10+00:00","breadcrumb":{"@id":"https:\/\/www.mobilier-design-occasion.fr\/magazine\/cette-nouvelle-collaboration-quil-ne-faut-pas-rater-entre-vitra-et-jean-prouve\/#breadcrumb"},"inLanguage":"fr-FR","potentialAction":[{"@type":"ReadAction","target":["https:\/\/www.mobilier-design-occasion.fr\/magazine\/cette-nouvelle-collaboration-quil-ne-faut-pas-rater-entre-vitra-et-jean-prouve\/"]}]},{"@type":"ImageObject","inLanguage":"fr-FR","@id":"https:\/\/www.mobilier-design-occasion.fr\/magazine\/cette-nouvelle-collaboration-quil-ne-faut-pas-rater-entre-vitra-et-jean-prouve\/#primaryimage","url":"https:\/\/www.mobilier-design-occasion.fr\/magazine\/wp-content\/uploads\/2022\/06\/vitra4.jpg","contentUrl":"https:\/\/www.mobilier-design-occasion.fr\/magazine\/wp-content\/uploads\/2022\/06\/vitra4.jpg","width":1440,"height":1920},{"@type":"BreadcrumbList","@id":"https:\/\/www.mobilier-design-occasion.fr\/magazine\/cette-nouvelle-collaboration-quil-ne-faut-pas-rater-entre-vitra-et-jean-prouve\/#breadcrumb","itemListElement":[{"@type":"ListItem","position":1,"name":"Accueil","item":"https:\/\/www.mobilier-design-occasion.fr\/magazine\/"},{"@type":"ListItem","position":2,"name":"Cette nouvelle collaboration qu&rsquo;il ne faut pas rater entre Vitra et Jean Prouv\u00e9!"}]},{"@type":"WebSite","@id":"https:\/\/www.mobilier-design-occasion.fr\/magazine\/#website","url":"https:\/\/www.mobilier-design-occasion.fr\/magazine\/","name":"Mobilier Design Magazine","description":"","publisher":{"@id":"https:\/\/www.mobilier-design-occasion.fr\/magazine\/#organization"},"potentialAction":[{"@type":"SearchAction","target":{"@type":"EntryPoint","urlTemplate":"https:\/\/www.mobilier-design-occasion.fr\/magazine\/?s={search_term_string}"},"query-input":{"@type":"PropertyValueSpecification","valueRequired":true,"valueName":"search_term_string"}}],"inLanguage":"fr-FR"},{"@type":"Organization","@id":"https:\/\/www.mobilier-design-occasion.fr\/magazine\/#organization","name":"Mobilier Design Magazine","url":"https:\/\/www.mobilier-design-occasion.fr\/magazine\/","logo":{"@type":"ImageObject","inLanguage":"fr-FR","@id":"https:\/\/www.mobilier-design-occasion.fr\/magazine\/#\/schema\/logo\/image\/","url":"https:\/\/www.mobilier-design-occasion.fr\/magazine\/wp-content\/uploads\/2024\/02\/android-chrome-192x192-1.png","contentUrl":"https:\/\/www.mobilier-design-occasion.fr\/magazine\/wp-content\/uploads\/2024\/02\/android-chrome-192x192-1.png","width":192,"height":192,"caption":"Mobilier Design Magazine"},"image":{"@id":"https:\/\/www.mobilier-design-occasion.fr\/magazine\/#\/schema\/logo\/image\/"},"sameAs":["https:\/\/www.facebook.com\/mobilierdesignoccasion"]},{"@type":"Person","@id":"https:\/\/www.mobilier-design-occasion.fr\/magazine\/#\/schema\/person\/5b2e5627a714ddadaaf8c9b886c55eff","name":"Cyrielle Poirot","image":{"@type":"ImageObject","inLanguage":"fr-FR","@id":"https:\/\/secure.gravatar.com\/avatar\/c8d2674e093b06894d8d1dc468b626bd752523471f3ac6e75f7c7a1400d40b4d?s=96&d=mm&r=g","url":"https:\/\/secure.gravatar.com\/avatar\/c8d2674e093b06894d8d1dc468b626bd752523471f3ac6e75f7c7a1400d40b4d?s=96&d=mm&r=g","contentUrl":"https:\/\/secure.gravatar.com\/avatar\/c8d2674e093b06894d8d1dc468b626bd752523471f3ac6e75f7c7a1400d40b4d?s=96&d=mm&r=g","caption":"Cyrielle Poirot"},"description":"Cyrielle est passionn\u00e9e par la d\u00e9coration d'int\u00e9rieur et s'est sp\u00e9cialis\u00e9e depuis quelques ann\u00e9es dans l'\u00e9dition du site Mobilier-Design, avec une touche sp\u00e9cifique pour les produits d'occasion.","sameAs":["https:\/\/www.mobilier-design-occasion.fr\/magazine"],"url":"https:\/\/www.mobilier-design-occasion.fr\/magazine\/author\/cyrielle\/"}]}},"_links":{"self":[{"href":"https:\/\/www.mobilier-design-occasion.fr\/magazine\/wp-json\/wp\/v2\/posts\/5244","targetHints":{"allow":["GET"]}}],"collection":[{"href":"https:\/\/www.mobilier-design-occasion.fr\/magazine\/wp-json\/wp\/v2\/posts"}],"about":[{"href":"https:\/\/www.mobilier-design-occasion.fr\/magazine\/wp-json\/wp\/v2\/types\/post"}],"author":[{"embeddable":true,"href":"https:\/\/www.mobilier-design-occasion.fr\/magazine\/wp-json\/wp\/v2\/users\/1"}],"replies":[{"embeddable":true,"href":"https:\/\/www.mobilier-design-occasion.fr\/magazine\/wp-json\/wp\/v2\/comments?post=5244"}],"version-history":[{"count":7,"href":"https:\/\/www.mobilier-design-occasion.fr\/magazine\/wp-json\/wp\/v2\/posts\/5244\/revisions"}],"predecessor-version":[{"id":5272,"href":"https:\/\/www.mobilier-design-occasion.fr\/magazine\/wp-json\/wp\/v2\/posts\/5244\/revisions\/5272"}],"wp:featuredmedia":[{"embeddable":true,"href":"https:\/\/www.mobilier-design-occasion.fr\/magazine\/wp-json\/wp\/v2\/media\/5259"}],"wp:attachment":[{"href":"https:\/\/www.mobilier-design-occasion.fr\/magazine\/wp-json\/wp\/v2\/media?parent=5244"}],"wp:term":[{"taxonomy":"category","embeddable":true,"href":"https:\/\/www.mobilier-design-occasion.fr\/magazine\/wp-json\/wp\/v2\/categories?post=5244"},{"taxonomy":"post_tag","embeddable":true,"href":"https:\/\/www.mobilier-design-occasion.fr\/magazine\/wp-json\/wp\/v2\/tags?post=5244"}],"curies":[{"name":"wp","href":"https:\/\/api.w.org\/{rel}","templated":true}]}}