{"id":5220,"date":"2022-06-28T07:40:10","date_gmt":"2022-06-28T07:40:10","guid":{"rendered":"https:\/\/www.mobilier-design-occasion.fr\/magazine\/?p=5220"},"modified":"2023-09-25T13:40:10","modified_gmt":"2023-09-25T13:40:10","slug":"decouvrez-tout-ce-que-vous-ne-savez-pas-encore-sur-le-fauteuil-iconique-b3-wassily-de-marcel-breuer-reedite-par-knoll","status":"publish","type":"post","link":"https:\/\/www.mobilier-design-occasion.fr\/magazine\/decouvrez-tout-ce-que-vous-ne-savez-pas-encore-sur-le-fauteuil-iconique-b3-wassily-de-marcel-breuer-reedite-par-knoll\/","title":{"rendered":"D\u00e9couvrez tout ce que vous ne savez pas encore sur le fauteuil iconique B3 Wassily de Marcel Breuer r\u00e9\u00e9dit\u00e9 par Knoll!"},"content":{"rendered":"\n<h2 class=\"wp-block-heading\"><span class=\"ez-toc-section\" id=\"Quelle_est_lhistoire_du_fauteuil_Wassily\"><\/span><strong>Quelle est l\u2019histoire du fauteuil Wassily\u00a0?<\/strong><span class=\"ez-toc-section-end\"><\/span><\/h2><div id=\"ez-toc-container\" class=\"ez-toc-v2_0_82_2 counter-hierarchy ez-toc-counter ez-toc-grey ez-toc-container-direction\">\n<div class=\"ez-toc-title-container\">\n<span class=\"ez-toc-title-toggle\"><a href=\"#\" class=\"ez-toc-pull-right ez-toc-btn ez-toc-btn-xs ez-toc-btn-default ez-toc-toggle\" aria-label=\"Toggle Table of Content\"><span class=\"ez-toc-js-icon-con\"><span class=\"\"><span class=\"eztoc-hide\" style=\"display:none;\">Toggle<\/span><span class=\"ez-toc-icon-toggle-span\"><svg style=\"fill: #999;color:#999\" xmlns=\"http:\/\/www.w3.org\/2000\/svg\" class=\"list-377408\" width=\"20px\" height=\"20px\" viewBox=\"0 0 24 24\" fill=\"none\"><path d=\"M6 6H4v2h2V6zm14 0H8v2h12V6zM4 11h2v2H4v-2zm16 0H8v2h12v-2zM4 16h2v2H4v-2zm16 0H8v2h12v-2z\" fill=\"currentColor\"><\/path><\/svg><svg style=\"fill: #999;color:#999\" class=\"arrow-unsorted-368013\" xmlns=\"http:\/\/www.w3.org\/2000\/svg\" width=\"10px\" height=\"10px\" viewBox=\"0 0 24 24\" version=\"1.2\" baseProfile=\"tiny\"><path d=\"M18.2 9.3l-6.2-6.3-6.2 6.3c-.2.2-.3.4-.3.7s.1.5.3.7c.2.2.4.3.7.3h11c.3 0 .5-.1.7-.3.2-.2.3-.5.3-.7s-.1-.5-.3-.7zM5.8 14.7l6.2 6.3 6.2-6.3c.2-.2.3-.5.3-.7s-.1-.5-.3-.7c-.2-.2-.4-.3-.7-.3h-11c-.3 0-.5.1-.7.3-.2.2-.3.5-.3.7s.1.5.3.7z\"\/><\/svg><\/span><\/span><\/span><\/a><\/span><\/div>\n<nav><ul class='ez-toc-list ez-toc-list-level-1 eztoc-toggle-hide-by-default' ><li class='ez-toc-page-1 ez-toc-heading-level-2'><a class=\"ez-toc-link ez-toc-heading-1\" href=\"https:\/\/www.mobilier-design-occasion.fr\/magazine\/decouvrez-tout-ce-que-vous-ne-savez-pas-encore-sur-le-fauteuil-iconique-b3-wassily-de-marcel-breuer-reedite-par-knoll\/#Quelle_est_lhistoire_du_fauteuil_Wassily\" >Quelle est l\u2019histoire du fauteuil Wassily\u00a0?<\/a><\/li><li class='ez-toc-page-1 ez-toc-heading-level-2'><a class=\"ez-toc-link ez-toc-heading-2\" href=\"https:\/\/www.mobilier-design-occasion.fr\/magazine\/decouvrez-tout-ce-que-vous-ne-savez-pas-encore-sur-le-fauteuil-iconique-b3-wassily-de-marcel-breuer-reedite-par-knoll\/#Quels_sont_les_caracteristiques_de_la_chaise_B3\" >Quels sont les caract\u00e9ristiques de la chaise B3&nbsp;?<\/a><ul class='ez-toc-list-level-3' ><li class='ez-toc-heading-level-3'><a class=\"ez-toc-link ez-toc-heading-3\" href=\"https:\/\/www.mobilier-design-occasion.fr\/magazine\/decouvrez-tout-ce-que-vous-ne-savez-pas-encore-sur-le-fauteuil-iconique-b3-wassily-de-marcel-breuer-reedite-par-knoll\/#Les_materiaux\" >Les mat\u00e9riaux<\/a><\/li><li class='ez-toc-page-1 ez-toc-heading-level-3'><a class=\"ez-toc-link ez-toc-heading-4\" href=\"https:\/\/www.mobilier-design-occasion.fr\/magazine\/decouvrez-tout-ce-que-vous-ne-savez-pas-encore-sur-le-fauteuil-iconique-b3-wassily-de-marcel-breuer-reedite-par-knoll\/#Les_couleurs\" >Les couleurs<\/a><\/li><li class='ez-toc-page-1 ez-toc-heading-level-3'><a class=\"ez-toc-link ez-toc-heading-5\" href=\"https:\/\/www.mobilier-design-occasion.fr\/magazine\/decouvrez-tout-ce-que-vous-ne-savez-pas-encore-sur-le-fauteuil-iconique-b3-wassily-de-marcel-breuer-reedite-par-knoll\/#Les_dimensions\" >Les dimensions<\/a><\/li><\/ul><\/li><li class='ez-toc-page-1 ez-toc-heading-level-2'><a class=\"ez-toc-link ez-toc-heading-6\" href=\"https:\/\/www.mobilier-design-occasion.fr\/magazine\/decouvrez-tout-ce-que-vous-ne-savez-pas-encore-sur-le-fauteuil-iconique-b3-wassily-de-marcel-breuer-reedite-par-knoll\/#Comment_integrer_un_fauteuil_Wassily_dans_sa_decoration\" >Comment int\u00e9grer un fauteuil Wassily dans sa d\u00e9coration\u00a0?<\/a><\/li><li class='ez-toc-page-1 ez-toc-heading-level-2'><a class=\"ez-toc-link ez-toc-heading-7\" href=\"https:\/\/www.mobilier-design-occasion.fr\/magazine\/decouvrez-tout-ce-que-vous-ne-savez-pas-encore-sur-le-fauteuil-iconique-b3-wassily-de-marcel-breuer-reedite-par-knoll\/#Voici_notre_selection_des_plus_beaux_fauteuils_Wassily\" >Voici notre s\u00e9lection des plus beaux fauteuils Wassily<\/a><ul class='ez-toc-list-level-3' ><li class='ez-toc-heading-level-3'><a class=\"ez-toc-link ez-toc-heading-8\" href=\"https:\/\/www.mobilier-design-occasion.fr\/magazine\/decouvrez-tout-ce-que-vous-ne-savez-pas-encore-sur-le-fauteuil-iconique-b3-wassily-de-marcel-breuer-reedite-par-knoll\/#Pourquoi_acheter_un_fauteuil_B3_Wassily_doccasion\" >Pourquoi acheter un fauteuil B3 Wassily d\u2019occasion\u00a0?<\/a><\/li><li class='ez-toc-page-1 ez-toc-heading-level-3'><a class=\"ez-toc-link ez-toc-heading-9\" href=\"https:\/\/www.mobilier-design-occasion.fr\/magazine\/decouvrez-tout-ce-que-vous-ne-savez-pas-encore-sur-le-fauteuil-iconique-b3-wassily-de-marcel-breuer-reedite-par-knoll\/#Le_prix\" >Le prix<\/a><\/li><li class='ez-toc-page-1 ez-toc-heading-level-3'><a class=\"ez-toc-link ez-toc-heading-10\" href=\"https:\/\/www.mobilier-design-occasion.fr\/magazine\/decouvrez-tout-ce-que-vous-ne-savez-pas-encore-sur-le-fauteuil-iconique-b3-wassily-de-marcel-breuer-reedite-par-knoll\/#La_marque\" >La marque<\/a><\/li><li class='ez-toc-page-1 ez-toc-heading-level-3'><a class=\"ez-toc-link ez-toc-heading-11\" href=\"https:\/\/www.mobilier-design-occasion.fr\/magazine\/decouvrez-tout-ce-que-vous-ne-savez-pas-encore-sur-le-fauteuil-iconique-b3-wassily-de-marcel-breuer-reedite-par-knoll\/#Ou_acheter_un_fauteuil_B3_Wassily_doccasion\" >O\u00f9 acheter un fauteuil B3 Wassily d\u2019occasion\u00a0?<\/a><\/li><li class='ez-toc-page-1 ez-toc-heading-level-3'><a class=\"ez-toc-link ez-toc-heading-12\" href=\"https:\/\/www.mobilier-design-occasion.fr\/magazine\/decouvrez-tout-ce-que-vous-ne-savez-pas-encore-sur-le-fauteuil-iconique-b3-wassily-de-marcel-breuer-reedite-par-knoll\/#Comment_reconnaitre_un_fauteuil_B3_Wassily_authentique\" >Comment reconna\u00eetre un fauteuil B3 Wassily authentique\u00a0?<\/a><\/li><\/ul><\/li><\/ul><\/nav><\/div>\n\n\n\n\n<p>Le <a href=\"https:\/\/www.mobilier-design-occasion.fr\/magazine\/test-avis-sur-poltronesofa\/\">fauteuil<\/a> Wassily ou encore <a href=\"https:\/\/www.mobilier-design-occasion.fr\/magazine\/fermob-occasion\/\">chaise<\/a> B3 est un fauteuil con\u00e7u par Marcel <a href=\"https:\/\/www.mobilier-design-occasion.fr\/magazine\/chaise-marcel-breuer\/\">Breuer<\/a> entre 1925 et 1926. Il fait partie du Mouvement moderne <strong>Bauhaus<\/strong>. Marcel Breuer s\u2019est inspir\u00e9 de l\u2019acier du guidon de son v\u00e9lo Adler pour cr\u00e9er cette chaise iconique. La production de cette chaise au <a href=\"https:\/\/www.mobilier-design-occasion.fr\/magazine\/table-tulipe-knoll-indemodable-du-design\/\">design<\/a> unique est aujourd\u2019hui sous les droits de Knoll \u00e0 New York.<\/p>\n\n\n\n<figure class=\"wp-block-image size-large\"><a href=\"https:\/\/track.effiliation.com\/servlet\/effi.redir?id_compteur=22784688&amp;url=https%3A%2F%2Fwww.selency.fr%2Fsearch.html%3Fquery%3Dwassily\"><img loading=\"lazy\" decoding=\"async\" width=\"768\" height=\"1024\" src=\"https:\/\/www.mobilier-design-occasion.fr\/magazine\/wp-content\/uploads\/2022\/06\/Moderne-Era-Vintage-768x1024.jpg\" alt=\"\" class=\"wp-image-5223\" srcset=\"https:\/\/www.mobilier-design-occasion.fr\/magazine\/wp-content\/uploads\/2022\/06\/Moderne-Era-Vintage-768x1024.jpg 768w, https:\/\/www.mobilier-design-occasion.fr\/magazine\/wp-content\/uploads\/2022\/06\/Moderne-Era-Vintage-225x300.jpg 225w, https:\/\/www.mobilier-design-occasion.fr\/magazine\/wp-content\/uploads\/2022\/06\/Moderne-Era-Vintage-810x1080.jpg 810w, https:\/\/www.mobilier-design-occasion.fr\/magazine\/wp-content\/uploads\/2022\/06\/Moderne-Era-Vintage.jpg 1000w\" sizes=\"auto, (max-width: 768px) 100vw, 768px\" \/><\/a><figcaption>Modern Era Vintage Design<\/figcaption><\/figure>\n\n\n\n<p>Wassily Kandinsky, le coll\u00e8gue de Marcel Breuer admirait la forme de la chaise que Breuer lui a fabriqu\u00e9 une chaise pour ses appartements priv\u00e9s. C\u2019est lors de la r\u00e9\u00e9dition de la chaise par l\u2019italien Dino Gavina, qu\u2019il nomme la chaise mod\u00e8le B3 en Wassily en rapport \u00e0 l\u2019anecdote sur Kandinsky.<\/p>\n\n\n\n<h2 class=\"wp-block-heading\"><span class=\"ez-toc-section\" id=\"Quels_sont_les_caracteristiques_de_la_chaise_B3\"><\/span><strong>Quels sont les caract\u00e9ristiques de la chaise B3&nbsp;?<\/strong><span class=\"ez-toc-section-end\"><\/span><\/h2>\n\n\n\n<p>La chaise Wassily ou \u00e9galement chaise B3 a des caract\u00e9ristiques qui lui sont propres:<\/p>\n\n\n\n<div class=\"wp-block-columns is-layout-flex wp-container-core-columns-is-layout-9d6595d7 wp-block-columns-is-layout-flex\">\n<div class=\"wp-block-column is-layout-flow wp-block-column-is-layout-flow\">\n<figure class=\"wp-block-image size-full\"><a href=\"https:\/\/track.effiliation.com\/servlet\/effi.redir?id_compteur=22784688&amp;url=https%3A%2F%2Fwww.selency.fr%2Fsearch.html%3Fquery%3Dwassily\"><img loading=\"lazy\" decoding=\"async\" width=\"654\" height=\"654\" src=\"https:\/\/www.mobilier-design-occasion.fr\/magazine\/wp-content\/uploads\/2022\/06\/k3.jpg\" alt=\"\" class=\"wp-image-5226\" srcset=\"https:\/\/www.mobilier-design-occasion.fr\/magazine\/wp-content\/uploads\/2022\/06\/k3.jpg 654w, https:\/\/www.mobilier-design-occasion.fr\/magazine\/wp-content\/uploads\/2022\/06\/k3-300x300.jpg 300w, https:\/\/www.mobilier-design-occasion.fr\/magazine\/wp-content\/uploads\/2022\/06\/k3-150x150.jpg 150w\" sizes=\"auto, (max-width: 654px) 100vw, 654px\" \/><\/a><\/figure>\n<\/div>\n\n\n\n<div class=\"wp-block-column is-layout-flow wp-block-column-is-layout-flow\">\n<figure class=\"wp-block-image size-full\"><a href=\"https:\/\/track.effiliation.com\/servlet\/effi.redir?id_compteur=22784688&amp;url=https%3A%2F%2Fwww.selency.fr%2Fsearch.html%3Fquery%3Dwassily\"><img loading=\"lazy\" decoding=\"async\" width=\"653\" height=\"653\" src=\"https:\/\/www.mobilier-design-occasion.fr\/magazine\/wp-content\/uploads\/2022\/06\/k5.jpg\" alt=\"\" class=\"wp-image-5227\" srcset=\"https:\/\/www.mobilier-design-occasion.fr\/magazine\/wp-content\/uploads\/2022\/06\/k5.jpg 653w, https:\/\/www.mobilier-design-occasion.fr\/magazine\/wp-content\/uploads\/2022\/06\/k5-300x300.jpg 300w, https:\/\/www.mobilier-design-occasion.fr\/magazine\/wp-content\/uploads\/2022\/06\/k5-150x150.jpg 150w\" sizes=\"auto, (max-width: 653px) 100vw, 653px\" \/><\/a><\/figure>\n<\/div>\n<\/div>\n\n\n\n<h3 class=\"wp-block-heading\"><span class=\"ez-toc-section\" id=\"Les_materiaux\"><\/span><strong>Les mat\u00e9riaux<\/strong><span class=\"ez-toc-section-end\"><\/span><\/h3>\n\n\n\n<p>La cadre du fauteuil Wassily est en <a href=\"https:\/\/www.mobilier-design-occasion.fr\/magazine\/test-avis-sur-ripaton\/\">acier<\/a> tubulaire cintr\u00e9 avec une finition chrom\u00e9e. En 2018, la marque Knoll a introduit une finition en plaqu\u00e9e or 18k pour la c\u00e9l\u00e9bration des 80<sup>e<\/sup> anniversaire de l\u2019entreprise.<\/p>\n\n\n\n<p>L\u2019assise du si\u00e8ge quant \u00e0 elle, est d\u2019abord en fil de coton cir\u00e9, puis plus tard, en cuir. On peut trouver du cuir de ceinturage et du cuir \u00e0 poils.<\/p>\n\n\n\n<div class=\"wp-block-columns is-layout-flex wp-container-core-columns-is-layout-9d6595d7 wp-block-columns-is-layout-flex\">\n<div class=\"wp-block-column is-layout-flow wp-block-column-is-layout-flow\">\n<figure class=\"wp-block-image size-full\"><a href=\"https:\/\/track.effiliation.com\/servlet\/effi.redir?id_compteur=22784688&amp;url=https%3A%2F%2Fwww.selency.fr%2Fsearch.html%3Fquery%3Dwassily\"><img loading=\"lazy\" decoding=\"async\" width=\"653\" height=\"654\" src=\"https:\/\/www.mobilier-design-occasion.fr\/magazine\/wp-content\/uploads\/2022\/06\/k6.jpg\" alt=\"\" class=\"wp-image-5233\" srcset=\"https:\/\/www.mobilier-design-occasion.fr\/magazine\/wp-content\/uploads\/2022\/06\/k6.jpg 653w, https:\/\/www.mobilier-design-occasion.fr\/magazine\/wp-content\/uploads\/2022\/06\/k6-300x300.jpg 300w, https:\/\/www.mobilier-design-occasion.fr\/magazine\/wp-content\/uploads\/2022\/06\/k6-150x150.jpg 150w\" sizes=\"auto, (max-width: 653px) 100vw, 653px\" \/><\/a><\/figure>\n<\/div>\n\n\n\n<div class=\"wp-block-column is-layout-flow wp-block-column-is-layout-flow\">\n<figure class=\"wp-block-image size-full\"><a href=\"https:\/\/track.effiliation.com\/servlet\/effi.redir?id_compteur=22784688&amp;url=https%3A%2F%2Fwww.selency.fr%2Fsearch.html%3Fquery%3Dwassily\"><img loading=\"lazy\" decoding=\"async\" width=\"653\" height=\"651\" src=\"https:\/\/www.mobilier-design-occasion.fr\/magazine\/wp-content\/uploads\/2022\/06\/k7.jpg\" alt=\"\" class=\"wp-image-5234\" srcset=\"https:\/\/www.mobilier-design-occasion.fr\/magazine\/wp-content\/uploads\/2022\/06\/k7.jpg 653w, https:\/\/www.mobilier-design-occasion.fr\/magazine\/wp-content\/uploads\/2022\/06\/k7-300x300.jpg 300w, https:\/\/www.mobilier-design-occasion.fr\/magazine\/wp-content\/uploads\/2022\/06\/k7-150x150.jpg 150w\" sizes=\"auto, (max-width: 653px) 100vw, 653px\" \/><\/a><\/figure>\n<\/div>\n<\/div>\n\n\n\n<h3 class=\"wp-block-heading\"><span class=\"ez-toc-section\" id=\"Les_couleurs\"><\/span><strong>Les couleurs<\/strong><span class=\"ez-toc-section-end\"><\/span><\/h3>\n\n\n\n<p><strong><br><\/strong>La chaise B3 est disponible dans de nombreux coloris:<\/p>\n\n\n\n<ul class=\"wp-block-list\"><li>Noir<\/li><li>Marron fonc\u00e9&nbsp;<\/li><li>Beige chaud<\/li><li>Rouge<\/li><li>Pourpre fonc\u00e9<\/li><li>Cr\u00e8me<\/li><li>Tri-color<\/li><\/ul>\n\n\n\n<h3 class=\"wp-block-heading\"><span class=\"ez-toc-section\" id=\"Les_dimensions\"><\/span><strong>Les dimensions<\/strong><span class=\"ez-toc-section-end\"><\/span><\/h3>\n\n\n\n<p>La chaise Wassily poss\u00e8de des dimensions pr\u00e9cises dont 79 cm de largeur, 69cm de profondeur et 72 cm de hauteur. La hauteur du si\u00e8ge mesure 42 cm tandis que la hauteur de l\u2019accoudoir est de 59cm.<\/p>\n\n\n\n<figure class=\"wp-block-embed is-type-rich is-provider-twitter wp-block-embed-twitter\"><div class=\"wp-block-embed__wrapper\">\n<blockquote class=\"twitter-tweet\" data-width=\"550\" data-dnt=\"true\"><p lang=\"fr\" dir=\"ltr\">Marcel Breuer Chaise Wassily mod\u00e8le B3 <a href=\"https:\/\/t.co\/iYHI7hgQE7\">pic.twitter.com\/iYHI7hgQE7<\/a><\/p>&mdash; Frisco (@DvFrisco) <a href=\"https:\/\/twitter.com\/DvFrisco\/status\/818736655695806465?ref_src=twsrc%5Etfw\">January 10, 2017<\/a><\/blockquote><script async src=\"https:\/\/platform.twitter.com\/widgets.js\" charset=\"utf-8\"><\/script>\n<\/div><\/figure>\n\n\n\n<h2 class=\"wp-block-heading\"><span class=\"ez-toc-section\" id=\"Comment_integrer_un_fauteuil_Wassily_dans_sa_decoration\"><\/span><strong>Comment int\u00e9grer un fauteuil Wassily dans sa d\u00e9coration\u00a0?<\/strong><span class=\"ez-toc-section-end\"><\/span><\/h2>\n\n\n\n<p>Une <a href=\"https:\/\/fr.wikipedia.org\/wiki\/Chaise_Wassily\">chaise Wassily<\/a> est un fauteuil au design unique. Et m\u00eame si il a \u00e9t\u00e9 cr\u00e9\u00e9 dans les ann\u00e9es 1920, cette chaise figure toujours parmi les incontournables pour une d\u00e9coration design. Gr\u00e2ce \u00e0 sa forme et ses divers coloris, la chaise Wassily s\u2019int\u00e8gre tr\u00e8s facilement dans n\u2019importe quel type de d\u00e9coration.<\/p>\n\n\n\n<p>Cette chaise peut se placer dans le salon, dans le bureau ou \u00e9galement dans un coin lecture. Elle se marie \u00e0 la perfection avec tous les styles. Allant du style rustique, campagnard, en passant par le style boh\u00e8me, industriel ou transitionnel jusqu\u2019au style moderne et contemporain.<\/p>\n\n\n\n<div class=\"wp-block-columns is-layout-flex wp-container-core-columns-is-layout-9d6595d7 wp-block-columns-is-layout-flex\">\n<div class=\"wp-block-column is-layout-flow wp-block-column-is-layout-flow\">\n<figure class=\"wp-block-image size-full\"><a href=\"https:\/\/track.effiliation.com\/servlet\/effi.redir?id_compteur=22784688&amp;url=https%3A%2F%2Fwww.selency.fr%2Fsearch.html%3Fquery%3Dwassily\"><img loading=\"lazy\" decoding=\"async\" width=\"653\" height=\"655\" src=\"https:\/\/www.mobilier-design-occasion.fr\/magazine\/wp-content\/uploads\/2022\/06\/k8.jpg\" alt=\"\" class=\"wp-image-5224\" srcset=\"https:\/\/www.mobilier-design-occasion.fr\/magazine\/wp-content\/uploads\/2022\/06\/k8.jpg 653w, https:\/\/www.mobilier-design-occasion.fr\/magazine\/wp-content\/uploads\/2022\/06\/k8-300x300.jpg 300w, https:\/\/www.mobilier-design-occasion.fr\/magazine\/wp-content\/uploads\/2022\/06\/k8-150x150.jpg 150w\" sizes=\"auto, (max-width: 653px) 100vw, 653px\" \/><\/a><\/figure>\n<\/div>\n\n\n\n<div class=\"wp-block-column is-layout-flow wp-block-column-is-layout-flow\">\n<figure class=\"wp-block-image size-full\"><a href=\"https:\/\/track.effiliation.com\/servlet\/effi.redir?id_compteur=22784688&amp;url=https%3A%2F%2Fwww.selency.fr%2Fsearch.html%3Fquery%3Dwassily\"><img loading=\"lazy\" decoding=\"async\" width=\"651\" height=\"653\" src=\"https:\/\/www.mobilier-design-occasion.fr\/magazine\/wp-content\/uploads\/2022\/06\/k9.jpg\" alt=\"\" class=\"wp-image-5225\" srcset=\"https:\/\/www.mobilier-design-occasion.fr\/magazine\/wp-content\/uploads\/2022\/06\/k9.jpg 651w, https:\/\/www.mobilier-design-occasion.fr\/magazine\/wp-content\/uploads\/2022\/06\/k9-300x300.jpg 300w, https:\/\/www.mobilier-design-occasion.fr\/magazine\/wp-content\/uploads\/2022\/06\/k9-150x150.jpg 150w\" sizes=\"auto, (max-width: 651px) 100vw, 651px\" \/><\/a><\/figure>\n<\/div>\n<\/div>\n\n\n\n<h2 class=\"wp-block-heading\"><span class=\"ez-toc-section\" id=\"Voici_notre_selection_des_plus_beaux_fauteuils_Wassily\"><\/span><strong>Voici notre s\u00e9lection des plus beaux fauteuils Wassily<\/strong><span class=\"ez-toc-section-end\"><\/span><\/h2>\n\n\n\n<div class=\"wp-block-columns is-layout-flex wp-container-core-columns-is-layout-9d6595d7 wp-block-columns-is-layout-flex\">\n<div class=\"wp-block-column is-layout-flow wp-block-column-is-layout-flow\">\n<figure class=\"wp-block-image size-full\"><a href=\"https:\/\/www.design-market.fr\/193139-paire-de-fauteuils-vintage-bauhaus-wassily-de-marcel-breuer-pour-knoll-international-1960.html?utm_source=effinity&amp;utm_medium=affiliation&amp;utm_campaign=1395109901_FRA%20&amp;eff_cpt=22670690\"><img loading=\"lazy\" decoding=\"async\" width=\"1000\" height=\"970\" src=\"https:\/\/www.mobilier-design-occasion.fr\/magazine\/wp-content\/uploads\/2022\/06\/paire-de-fauteuils-vintage-bauhaus-wassily-de-marcel-breuer-pour-knoll-international-1960.jpg\" alt=\"\" class=\"wp-image-5235\" srcset=\"https:\/\/www.mobilier-design-occasion.fr\/magazine\/wp-content\/uploads\/2022\/06\/paire-de-fauteuils-vintage-bauhaus-wassily-de-marcel-breuer-pour-knoll-international-1960.jpg 1000w, https:\/\/www.mobilier-design-occasion.fr\/magazine\/wp-content\/uploads\/2022\/06\/paire-de-fauteuils-vintage-bauhaus-wassily-de-marcel-breuer-pour-knoll-international-1960-300x291.jpg 300w, https:\/\/www.mobilier-design-occasion.fr\/magazine\/wp-content\/uploads\/2022\/06\/paire-de-fauteuils-vintage-bauhaus-wassily-de-marcel-breuer-pour-knoll-international-1960-768x745.jpg 768w, https:\/\/www.mobilier-design-occasion.fr\/magazine\/wp-content\/uploads\/2022\/06\/paire-de-fauteuils-vintage-bauhaus-wassily-de-marcel-breuer-pour-knoll-international-1960-810x786.jpg 810w\" sizes=\"auto, (max-width: 1000px) 100vw, 1000px\" \/><\/a><\/figure>\n<\/div>\n\n\n\n<div class=\"wp-block-column is-layout-flow wp-block-column-is-layout-flow\">\n<figure class=\"wp-block-image size-full\"><a href=\"https:\/\/www.design-market.fr\/220684-fauteuil-cantilever-vintage-wassily-bauhaus-par-marcel-breuer-allemagne-1960.html?utm_source=effinity&amp;utm_medium=affiliation&amp;utm_campaign=1395109901_FRA%20&amp;eff_cpt=22670690\"><img loading=\"lazy\" decoding=\"async\" width=\"1000\" height=\"1000\" src=\"https:\/\/www.mobilier-design-occasion.fr\/magazine\/wp-content\/uploads\/2022\/06\/fauteuil-cantilever-vintage-wassily-bauhaus-par-marcel-breuer-allemagne-1960-1.jpg\" alt=\"\" class=\"wp-image-5239\" srcset=\"https:\/\/www.mobilier-design-occasion.fr\/magazine\/wp-content\/uploads\/2022\/06\/fauteuil-cantilever-vintage-wassily-bauhaus-par-marcel-breuer-allemagne-1960-1.jpg 1000w, https:\/\/www.mobilier-design-occasion.fr\/magazine\/wp-content\/uploads\/2022\/06\/fauteuil-cantilever-vintage-wassily-bauhaus-par-marcel-breuer-allemagne-1960-1-300x300.jpg 300w, https:\/\/www.mobilier-design-occasion.fr\/magazine\/wp-content\/uploads\/2022\/06\/fauteuil-cantilever-vintage-wassily-bauhaus-par-marcel-breuer-allemagne-1960-1-150x150.jpg 150w, https:\/\/www.mobilier-design-occasion.fr\/magazine\/wp-content\/uploads\/2022\/06\/fauteuil-cantilever-vintage-wassily-bauhaus-par-marcel-breuer-allemagne-1960-1-768x768.jpg 768w, https:\/\/www.mobilier-design-occasion.fr\/magazine\/wp-content\/uploads\/2022\/06\/fauteuil-cantilever-vintage-wassily-bauhaus-par-marcel-breuer-allemagne-1960-1-810x810.jpg 810w\" sizes=\"auto, (max-width: 1000px) 100vw, 1000px\" \/><\/a><\/figure>\n<\/div>\n<\/div>\n\n\n\n<div class=\"wp-block-columns is-layout-flex wp-container-core-columns-is-layout-9d6595d7 wp-block-columns-is-layout-flex\">\n<div class=\"wp-block-column is-layout-flow wp-block-column-is-layout-flow\">\n<figure class=\"wp-block-image size-full\"><a href=\"https:\/\/www.design-market.fr\/222776-paire-de-fauteuils-club-wassily-vintage-en-blanc-par-marcel-breuer-pour-gavina-1980.html?utm_source=effinity&amp;utm_medium=affiliation&amp;utm_campaign=1395109901_FRA%20&amp;eff_cpt=22670690\"><img loading=\"lazy\" decoding=\"async\" width=\"1000\" height=\"453\" src=\"https:\/\/www.mobilier-design-occasion.fr\/magazine\/wp-content\/uploads\/2022\/06\/paire-de-fauteuils-club-wassily-vintage-en-blanc-par-marcel-breuer-pour-gavina-1980.jpg\" alt=\"\" class=\"wp-image-5237\" srcset=\"https:\/\/www.mobilier-design-occasion.fr\/magazine\/wp-content\/uploads\/2022\/06\/paire-de-fauteuils-club-wassily-vintage-en-blanc-par-marcel-breuer-pour-gavina-1980.jpg 1000w, https:\/\/www.mobilier-design-occasion.fr\/magazine\/wp-content\/uploads\/2022\/06\/paire-de-fauteuils-club-wassily-vintage-en-blanc-par-marcel-breuer-pour-gavina-1980-300x136.jpg 300w, https:\/\/www.mobilier-design-occasion.fr\/magazine\/wp-content\/uploads\/2022\/06\/paire-de-fauteuils-club-wassily-vintage-en-blanc-par-marcel-breuer-pour-gavina-1980-768x348.jpg 768w, https:\/\/www.mobilier-design-occasion.fr\/magazine\/wp-content\/uploads\/2022\/06\/paire-de-fauteuils-club-wassily-vintage-en-blanc-par-marcel-breuer-pour-gavina-1980-810x367.jpg 810w\" sizes=\"auto, (max-width: 1000px) 100vw, 1000px\" \/><\/a><\/figure>\n<\/div>\n\n\n\n<div class=\"wp-block-column is-layout-flow wp-block-column-is-layout-flow\">\n<figure class=\"wp-block-image size-full\"><a href=\"https:\/\/www.design-market.fr\/223449-paire-de-fauteuils-vintage-wassily-b3-en-cuir-noir-par-m-breuer-1925.html?utm_source=effinity&amp;utm_medium=affiliation&amp;utm_campaign=1395109901_FRA%20&amp;eff_cpt=22670690\"><img loading=\"lazy\" decoding=\"async\" width=\"1000\" height=\"495\" src=\"https:\/\/www.mobilier-design-occasion.fr\/magazine\/wp-content\/uploads\/2022\/06\/paire-de-fauteuils-vintage-wassily-b3-en-cuir-noir-par-m-breuer-1925-1.jpg\" alt=\"\" class=\"wp-image-5240\" srcset=\"https:\/\/www.mobilier-design-occasion.fr\/magazine\/wp-content\/uploads\/2022\/06\/paire-de-fauteuils-vintage-wassily-b3-en-cuir-noir-par-m-breuer-1925-1.jpg 1000w, https:\/\/www.mobilier-design-occasion.fr\/magazine\/wp-content\/uploads\/2022\/06\/paire-de-fauteuils-vintage-wassily-b3-en-cuir-noir-par-m-breuer-1925-1-300x149.jpg 300w, https:\/\/www.mobilier-design-occasion.fr\/magazine\/wp-content\/uploads\/2022\/06\/paire-de-fauteuils-vintage-wassily-b3-en-cuir-noir-par-m-breuer-1925-1-768x380.jpg 768w, https:\/\/www.mobilier-design-occasion.fr\/magazine\/wp-content\/uploads\/2022\/06\/paire-de-fauteuils-vintage-wassily-b3-en-cuir-noir-par-m-breuer-1925-1-810x401.jpg 810w\" sizes=\"auto, (max-width: 1000px) 100vw, 1000px\" \/><\/a><\/figure>\n<\/div>\n<\/div>\n\n\n\n<h3 class=\"wp-block-heading\"><span class=\"ez-toc-section\" id=\"Pourquoi_acheter_un_fauteuil_B3_Wassily_doccasion\"><\/span><strong>Pourquoi acheter un fauteuil B3 Wassily d\u2019occasion\u00a0?<\/strong><span class=\"ez-toc-section-end\"><\/span><\/h3>\n\n\n\n<p>L\u2019achat d\u2019une chaise B3 d\u2019occasion peut s\u2019av\u00e9rer \u00eatre une tr\u00e8s bonne id\u00e9e, voici pourquoi&nbsp;:<\/p>\n\n\n\n<h3 class=\"wp-block-heading\"><span class=\"ez-toc-section\" id=\"Le_prix\"><\/span><strong>Le prix<\/strong><span class=\"ez-toc-section-end\"><\/span><\/h3>\n\n\n\n<p>Le prix neuf d\u2019une chaise Wassily co\u00fbte assez cher, voire m\u00eame un petit investissement. Une chaise B3 Wassily neuve co\u00fbte pr\u00e8s de 2.800 \u20ac et elle peut grimper jusqu\u2019\u00e0 4.700\u20ac pour les versions gold. Par contre, vous pouvez trouver une chaise B3 d\u2019occasion entre 1000 et 2000\u20ac selon son \u00e9tat.<\/p>\n\n\n\n<div class=\"wp-block-columns is-layout-flex wp-container-core-columns-is-layout-9d6595d7 wp-block-columns-is-layout-flex\">\n<div class=\"wp-block-column is-layout-flow wp-block-column-is-layout-flow\">\n<figure class=\"wp-block-image size-full\"><a href=\"https:\/\/track.effiliation.com\/servlet\/effi.redir?id_compteur=22784688&amp;url=https%3A%2F%2Fwww.selency.fr%2Fsearch.html%3Fquery%3Dwassily\"><img loading=\"lazy\" decoding=\"async\" width=\"654\" height=\"652\" src=\"https:\/\/www.mobilier-design-occasion.fr\/magazine\/wp-content\/uploads\/2022\/06\/k2.jpg\" alt=\"\" class=\"wp-image-5228\" srcset=\"https:\/\/www.mobilier-design-occasion.fr\/magazine\/wp-content\/uploads\/2022\/06\/k2.jpg 654w, https:\/\/www.mobilier-design-occasion.fr\/magazine\/wp-content\/uploads\/2022\/06\/k2-300x300.jpg 300w, https:\/\/www.mobilier-design-occasion.fr\/magazine\/wp-content\/uploads\/2022\/06\/k2-150x150.jpg 150w\" sizes=\"auto, (max-width: 654px) 100vw, 654px\" \/><\/a><\/figure>\n<\/div>\n\n\n\n<div class=\"wp-block-column is-layout-flow wp-block-column-is-layout-flow\">\n<figure class=\"wp-block-image size-full\"><a href=\"https:\/\/track.effiliation.com\/servlet\/effi.redir?id_compteur=22784688&amp;url=https%3A%2F%2Fwww.selency.fr%2Fsearch.html%3Fquery%3Dwassily\"><img loading=\"lazy\" decoding=\"async\" width=\"655\" height=\"654\" src=\"https:\/\/www.mobilier-design-occasion.fr\/magazine\/wp-content\/uploads\/2022\/06\/k4.jpg\" alt=\"\" class=\"wp-image-5229\" srcset=\"https:\/\/www.mobilier-design-occasion.fr\/magazine\/wp-content\/uploads\/2022\/06\/k4.jpg 655w, https:\/\/www.mobilier-design-occasion.fr\/magazine\/wp-content\/uploads\/2022\/06\/k4-300x300.jpg 300w, https:\/\/www.mobilier-design-occasion.fr\/magazine\/wp-content\/uploads\/2022\/06\/k4-150x150.jpg 150w\" sizes=\"auto, (max-width: 655px) 100vw, 655px\" \/><\/a><\/figure>\n<\/div>\n<\/div>\n\n\n\n<h3 class=\"wp-block-heading\"><span class=\"ez-toc-section\" id=\"La_marque\"><\/span><strong>La marque<\/strong><span class=\"ez-toc-section-end\"><\/span><\/h3>\n\n\n\n<p>Une chaise Wassily B3 est une chaise de designer, elle date des ann\u00e9es 1920. C\u2019est une chaise unique, ind\u00e9modable et tr\u00e8s valeureuse. M\u00eame datant de presque cent ans, la qualit\u00e9 de la chaise Wassily authentique est toujours au rendez-vous.<\/p>\n\n\n\n<h3 class=\"wp-block-heading\"><span class=\"ez-toc-section\" id=\"Ou_acheter_un_fauteuil_B3_Wassily_doccasion\"><\/span><strong>O\u00f9 acheter un fauteuil B3 Wassily d\u2019occasion\u00a0?<\/strong><span class=\"ez-toc-section-end\"><\/span><\/h3>\n\n\n\n<p>Un fauteuil Wassily B3 d\u2019occasion ne se trouve que tr\u00e8s rarement en brocante ou sur les marketplaces g\u00e9n\u00e9ralistes. Pour trouver une authentique chaise B3, l&#8217;id\u00e9al est de surfer sur les diff\u00e9rents sites sp\u00e9cialement d\u00e9di\u00e9s aux articles de design en <a href=\"https:\/\/www.mobilier-design-occasion.fr\/magazine\/reussir-a-vendre-son-mobilier\/\">seconde main<\/a>. Pour cela, on peut visiter\u00a0ceux qui sont r\u00e9put\u00e9s pour des produits authentiques et de qualit\u00e9 comme :<\/p>\n\n\n\n<ul class=\"wp-block-list\"><li><a href=\"https:\/\/www.mobilier-design-occasion.fr\/\">Mobilier Design Occasion<\/a><\/li><li><a href=\"https:\/\/track.effiliation.com\/servlet\/effi.redir?id_compteur=22784688&amp;url=https%3A%2F%2Fwww.selency.fr%2Fsearch.html%3Fquery%3Dwassily\">Selency<\/a><\/li><li><a href=\"https:\/\/track.effiliation.com\/servlet\/effi.redir?id_compteur=22733111&amp;url=https%3A%2F%2Fwww.design-market.fr%2F\">Design Market<\/a><\/li><\/ul>\n\n\n\n<figure class=\"wp-block-embed is-type-video is-provider-youtube wp-block-embed-youtube wp-embed-aspect-4-3 wp-has-aspect-ratio\"><div class=\"wp-block-embed__wrapper\">\n<iframe loading=\"lazy\" title=\"La chaise Wassily, histoire d\u2019une ic\u00f4ne du design\" width=\"810\" height=\"608\" src=\"https:\/\/www.youtube.com\/embed\/mdOva1wB0do?feature=oembed\" frameborder=\"0\" allow=\"accelerometer; autoplay; clipboard-write; encrypted-media; gyroscope; picture-in-picture\" allowfullscreen><\/iframe>\n<\/div><\/figure>\n\n\n\n<h3 class=\"wp-block-heading\"><span class=\"ez-toc-section\" id=\"Comment_reconnaitre_un_fauteuil_B3_Wassily_authentique\"><\/span><strong>Comment reconna\u00eetre un fauteuil B3 Wassily authentique\u00a0?<\/strong><span class=\"ez-toc-section-end\"><\/span><\/h3>\n\n\n\n<p>Le fauteuil<a href=\"https:\/\/www.antiquesmc.fr\/blog\/culture-design\/fauteuil-marcel-breuer-wassily_124.html\"> Wassily<\/a> ou chaise B3 est une chaise tr\u00e8s pris\u00e9e, c\u2019est pourquoi de nombreuses contrefa\u00e7ons se font remarqu\u00e9es. Voici comment on peut reconna\u00eetre une vraie chaise Wassily de Marcel Breuer\u00a0:<\/p>\n\n\n\n<ul class=\"wp-block-list\"><li>La chaise Wassily de Marcel Breuer est compos\u00e9e de neuf tubes d\u2019acier, elle est actuellement en aluminium car cette derni\u00e8re est plus l\u00e9g\u00e8re que l\u2019acier.<\/li><li>Le dossier et les accoudoirs de la chaise Wassily est compos\u00e9 de sept pi\u00e8ces de cuir en cro\u00fbte de b\u0153uf.<\/li><li>La chaise B3 ne contient pas de rembourrage.<\/li><li>Les dimensions de la chaise Wassily n\u2019ont pas chang\u00e9 et sont toujours respect\u00e9s&nbsp;: 79 cm de large, 72 cm de haut et 69 cm de profondeur.<\/li><li>Aucune cheville, visse ou boulon n\u2019est visible.<\/li><li>Une chaise authentique Wassily contient la signature du designer Marcel Breuer ainsi que le logo de la marque Knoll.<\/li><li>Une chaise B3 est une pi\u00e8ce de designer, m\u00e9fiez-vous des prix trop abordables, il peut s\u2019agir d\u2019une contrefa\u00e7on.<\/li><\/ul>\n\n\n\n<div class=\"wp-block-columns is-layout-flex wp-container-core-columns-is-layout-9d6595d7 wp-block-columns-is-layout-flex\">\n<div class=\"wp-block-column is-layout-flow wp-block-column-is-layout-flow\">\n<figure class=\"wp-block-image size-full\"><img loading=\"lazy\" decoding=\"async\" width=\"651\" height=\"653\" src=\"https:\/\/www.mobilier-design-occasion.fr\/magazine\/wp-content\/uploads\/2022\/06\/k12.jpg\" alt=\"\" class=\"wp-image-5230\" srcset=\"https:\/\/www.mobilier-design-occasion.fr\/magazine\/wp-content\/uploads\/2022\/06\/k12.jpg 651w, https:\/\/www.mobilier-design-occasion.fr\/magazine\/wp-content\/uploads\/2022\/06\/k12-300x300.jpg 300w, https:\/\/www.mobilier-design-occasion.fr\/magazine\/wp-content\/uploads\/2022\/06\/k12-150x150.jpg 150w\" sizes=\"auto, (max-width: 651px) 100vw, 651px\" \/><\/figure>\n<\/div>\n\n\n\n<div class=\"wp-block-column is-layout-flow wp-block-column-is-layout-flow\">\n<figure class=\"wp-block-image size-full\"><a href=\"https:\/\/track.effiliation.com\/servlet\/effi.redir?id_compteur=22784688&amp;url=https%3A%2F%2Fwww.selency.fr%2Fsearch.html%3Fquery%3Dwassily\"><img loading=\"lazy\" decoding=\"async\" width=\"651\" height=\"651\" src=\"https:\/\/www.mobilier-design-occasion.fr\/magazine\/wp-content\/uploads\/2022\/06\/k11.jpg\" alt=\"\" class=\"wp-image-5231\" srcset=\"https:\/\/www.mobilier-design-occasion.fr\/magazine\/wp-content\/uploads\/2022\/06\/k11.jpg 651w, https:\/\/www.mobilier-design-occasion.fr\/magazine\/wp-content\/uploads\/2022\/06\/k11-300x300.jpg 300w, https:\/\/www.mobilier-design-occasion.fr\/magazine\/wp-content\/uploads\/2022\/06\/k11-150x150.jpg 150w\" sizes=\"auto, (max-width: 651px) 100vw, 651px\" \/><\/a><\/figure>\n<\/div>\n<\/div>\n","protected":false},"excerpt":{"rendered":"<p>Quelle est l\u2019histoire du fauteuil Wassily\u00a0? Le fauteuil Wassily ou encore chaise B3 est un fauteuil con\u00e7u par Marcel Breuer entre 1925 et 1926. Il fait partie du Mouvement moderne Bauhaus. Marcel Breuer s\u2019est inspir\u00e9 de l\u2019acier du guidon de son v\u00e9lo Adler pour cr\u00e9er cette chaise iconique. La production de cette chaise au design [&hellip;]<\/p>\n","protected":false},"author":1,"featured_media":5232,"comment_status":"open","ping_status":"open","sticky":false,"template":"","format":"standard","meta":{"footnotes":""},"categories":[2],"tags":[],"class_list":["post-5220","post","type-post","status-publish","format-standard","has-post-thumbnail","hentry","category-tendances"],"yoast_head":"<!-- This site is optimized with the Yoast SEO plugin v27.5 - https:\/\/yoast.com\/product\/yoast-seo-wordpress\/ -->\n<title>D\u00e9couvrez tout ce que vous ne savez pas encore sur le fauteuil iconique B3 Wassily de Marcel Breuer r\u00e9\u00e9dit\u00e9 par Knoll! - Mobilier Design Magazine<\/title>\n<meta name=\"robots\" content=\"index, follow, max-snippet:-1, max-image-preview:large, max-video-preview:-1\" \/>\n<link rel=\"canonical\" href=\"https:\/\/www.mobilier-design-occasion.fr\/magazine\/decouvrez-tout-ce-que-vous-ne-savez-pas-encore-sur-le-fauteuil-iconique-b3-wassily-de-marcel-breuer-reedite-par-knoll\/\" \/>\n<meta property=\"og:locale\" content=\"fr_FR\" \/>\n<meta property=\"og:type\" content=\"article\" \/>\n<meta property=\"og:title\" content=\"D\u00e9couvrez tout ce que vous ne savez pas encore sur le fauteuil iconique B3 Wassily de Marcel Breuer r\u00e9\u00e9dit\u00e9 par Knoll! - Mobilier Design Magazine\" \/>\n<meta property=\"og:description\" content=\"Quelle est l\u2019histoire du fauteuil Wassily\u00a0? Le fauteuil Wassily ou encore chaise B3 est un fauteuil con\u00e7u par Marcel Breuer entre 1925 et 1926. Il fait partie du Mouvement moderne Bauhaus. Marcel Breuer s\u2019est inspir\u00e9 de l\u2019acier du guidon de son v\u00e9lo Adler pour cr\u00e9er cette chaise iconique. La production de cette chaise au design [&hellip;]\" \/>\n<meta property=\"og:url\" content=\"https:\/\/www.mobilier-design-occasion.fr\/magazine\/decouvrez-tout-ce-que-vous-ne-savez-pas-encore-sur-le-fauteuil-iconique-b3-wassily-de-marcel-breuer-reedite-par-knoll\/\" \/>\n<meta property=\"og:site_name\" content=\"Mobilier Design Magazine\" \/>\n<meta property=\"article:publisher\" content=\"https:\/\/www.facebook.com\/mobilierdesignoccasion\" \/>\n<meta property=\"article:published_time\" content=\"2022-06-28T07:40:10+00:00\" \/>\n<meta property=\"article:modified_time\" content=\"2023-09-25T13:40:10+00:00\" \/>\n<meta property=\"og:image\" content=\"https:\/\/www.mobilier-design-occasion.fr\/magazine\/wp-content\/uploads\/2022\/06\/knoll-intl-wassily-ambiente-02.jpg\" \/>\n\t<meta property=\"og:image:width\" content=\"1200\" \/>\n\t<meta property=\"og:image:height\" content=\"900\" \/>\n\t<meta property=\"og:image:type\" content=\"image\/jpeg\" \/>\n<meta name=\"author\" content=\"Cyrielle Poirot\" \/>\n<meta name=\"twitter:card\" content=\"summary_large_image\" \/>\n<meta name=\"twitter:label1\" content=\"\u00c9crit par\" \/>\n\t<meta name=\"twitter:data1\" content=\"Cyrielle Poirot\" \/>\n\t<meta name=\"twitter:label2\" content=\"Dur\u00e9e de lecture estim\u00e9e\" \/>\n\t<meta name=\"twitter:data2\" content=\"4 minutes\" \/>\n<script type=\"application\/ld+json\" class=\"yoast-schema-graph\">{\"@context\":\"https:\\\/\\\/schema.org\",\"@graph\":[{\"@type\":\"Article\",\"@id\":\"https:\\\/\\\/www.mobilier-design-occasion.fr\\\/magazine\\\/decouvrez-tout-ce-que-vous-ne-savez-pas-encore-sur-le-fauteuil-iconique-b3-wassily-de-marcel-breuer-reedite-par-knoll\\\/#article\",\"isPartOf\":{\"@id\":\"https:\\\/\\\/www.mobilier-design-occasion.fr\\\/magazine\\\/decouvrez-tout-ce-que-vous-ne-savez-pas-encore-sur-le-fauteuil-iconique-b3-wassily-de-marcel-breuer-reedite-par-knoll\\\/\"},\"author\":{\"name\":\"Cyrielle Poirot\",\"@id\":\"https:\\\/\\\/www.mobilier-design-occasion.fr\\\/magazine\\\/#\\\/schema\\\/person\\\/5b2e5627a714ddadaaf8c9b886c55eff\"},\"headline\":\"D\u00e9couvrez tout ce que vous ne savez pas encore sur le fauteuil iconique B3 Wassily de Marcel Breuer r\u00e9\u00e9dit\u00e9 par Knoll!\",\"datePublished\":\"2022-06-28T07:40:10+00:00\",\"dateModified\":\"2023-09-25T13:40:10+00:00\",\"mainEntityOfPage\":{\"@id\":\"https:\\\/\\\/www.mobilier-design-occasion.fr\\\/magazine\\\/decouvrez-tout-ce-que-vous-ne-savez-pas-encore-sur-le-fauteuil-iconique-b3-wassily-de-marcel-breuer-reedite-par-knoll\\\/\"},\"wordCount\":847,\"commentCount\":0,\"publisher\":{\"@id\":\"https:\\\/\\\/www.mobilier-design-occasion.fr\\\/magazine\\\/#organization\"},\"image\":{\"@id\":\"https:\\\/\\\/www.mobilier-design-occasion.fr\\\/magazine\\\/decouvrez-tout-ce-que-vous-ne-savez-pas-encore-sur-le-fauteuil-iconique-b3-wassily-de-marcel-breuer-reedite-par-knoll\\\/#primaryimage\"},\"thumbnailUrl\":\"https:\\\/\\\/www.mobilier-design-occasion.fr\\\/magazine\\\/wp-content\\\/uploads\\\/2022\\\/06\\\/knoll-intl-wassily-ambiente-02.jpg\",\"articleSection\":[\"Tendances\"],\"inLanguage\":\"fr-FR\",\"potentialAction\":[{\"@type\":\"CommentAction\",\"name\":\"Comment\",\"target\":[\"https:\\\/\\\/www.mobilier-design-occasion.fr\\\/magazine\\\/decouvrez-tout-ce-que-vous-ne-savez-pas-encore-sur-le-fauteuil-iconique-b3-wassily-de-marcel-breuer-reedite-par-knoll\\\/#respond\"]}]},{\"@type\":\"WebPage\",\"@id\":\"https:\\\/\\\/www.mobilier-design-occasion.fr\\\/magazine\\\/decouvrez-tout-ce-que-vous-ne-savez-pas-encore-sur-le-fauteuil-iconique-b3-wassily-de-marcel-breuer-reedite-par-knoll\\\/\",\"url\":\"https:\\\/\\\/www.mobilier-design-occasion.fr\\\/magazine\\\/decouvrez-tout-ce-que-vous-ne-savez-pas-encore-sur-le-fauteuil-iconique-b3-wassily-de-marcel-breuer-reedite-par-knoll\\\/\",\"name\":\"D\u00e9couvrez tout ce que vous ne savez pas encore sur le fauteuil iconique B3 Wassily de Marcel Breuer r\u00e9\u00e9dit\u00e9 par Knoll! - Mobilier Design Magazine\",\"isPartOf\":{\"@id\":\"https:\\\/\\\/www.mobilier-design-occasion.fr\\\/magazine\\\/#website\"},\"primaryImageOfPage\":{\"@id\":\"https:\\\/\\\/www.mobilier-design-occasion.fr\\\/magazine\\\/decouvrez-tout-ce-que-vous-ne-savez-pas-encore-sur-le-fauteuil-iconique-b3-wassily-de-marcel-breuer-reedite-par-knoll\\\/#primaryimage\"},\"image\":{\"@id\":\"https:\\\/\\\/www.mobilier-design-occasion.fr\\\/magazine\\\/decouvrez-tout-ce-que-vous-ne-savez-pas-encore-sur-le-fauteuil-iconique-b3-wassily-de-marcel-breuer-reedite-par-knoll\\\/#primaryimage\"},\"thumbnailUrl\":\"https:\\\/\\\/www.mobilier-design-occasion.fr\\\/magazine\\\/wp-content\\\/uploads\\\/2022\\\/06\\\/knoll-intl-wassily-ambiente-02.jpg\",\"datePublished\":\"2022-06-28T07:40:10+00:00\",\"dateModified\":\"2023-09-25T13:40:10+00:00\",\"breadcrumb\":{\"@id\":\"https:\\\/\\\/www.mobilier-design-occasion.fr\\\/magazine\\\/decouvrez-tout-ce-que-vous-ne-savez-pas-encore-sur-le-fauteuil-iconique-b3-wassily-de-marcel-breuer-reedite-par-knoll\\\/#breadcrumb\"},\"inLanguage\":\"fr-FR\",\"potentialAction\":[{\"@type\":\"ReadAction\",\"target\":[\"https:\\\/\\\/www.mobilier-design-occasion.fr\\\/magazine\\\/decouvrez-tout-ce-que-vous-ne-savez-pas-encore-sur-le-fauteuil-iconique-b3-wassily-de-marcel-breuer-reedite-par-knoll\\\/\"]}]},{\"@type\":\"ImageObject\",\"inLanguage\":\"fr-FR\",\"@id\":\"https:\\\/\\\/www.mobilier-design-occasion.fr\\\/magazine\\\/decouvrez-tout-ce-que-vous-ne-savez-pas-encore-sur-le-fauteuil-iconique-b3-wassily-de-marcel-breuer-reedite-par-knoll\\\/#primaryimage\",\"url\":\"https:\\\/\\\/www.mobilier-design-occasion.fr\\\/magazine\\\/wp-content\\\/uploads\\\/2022\\\/06\\\/knoll-intl-wassily-ambiente-02.jpg\",\"contentUrl\":\"https:\\\/\\\/www.mobilier-design-occasion.fr\\\/magazine\\\/wp-content\\\/uploads\\\/2022\\\/06\\\/knoll-intl-wassily-ambiente-02.jpg\",\"width\":1200,\"height\":900},{\"@type\":\"BreadcrumbList\",\"@id\":\"https:\\\/\\\/www.mobilier-design-occasion.fr\\\/magazine\\\/decouvrez-tout-ce-que-vous-ne-savez-pas-encore-sur-le-fauteuil-iconique-b3-wassily-de-marcel-breuer-reedite-par-knoll\\\/#breadcrumb\",\"itemListElement\":[{\"@type\":\"ListItem\",\"position\":1,\"name\":\"Accueil\",\"item\":\"https:\\\/\\\/www.mobilier-design-occasion.fr\\\/magazine\\\/\"},{\"@type\":\"ListItem\",\"position\":2,\"name\":\"D\u00e9couvrez tout ce que vous ne savez pas encore sur le fauteuil iconique B3 Wassily de Marcel Breuer r\u00e9\u00e9dit\u00e9 par Knoll!\"}]},{\"@type\":\"WebSite\",\"@id\":\"https:\\\/\\\/www.mobilier-design-occasion.fr\\\/magazine\\\/#website\",\"url\":\"https:\\\/\\\/www.mobilier-design-occasion.fr\\\/magazine\\\/\",\"name\":\"Mobilier Design Magazine\",\"description\":\"\",\"publisher\":{\"@id\":\"https:\\\/\\\/www.mobilier-design-occasion.fr\\\/magazine\\\/#organization\"},\"potentialAction\":[{\"@type\":\"SearchAction\",\"target\":{\"@type\":\"EntryPoint\",\"urlTemplate\":\"https:\\\/\\\/www.mobilier-design-occasion.fr\\\/magazine\\\/?s={search_term_string}\"},\"query-input\":{\"@type\":\"PropertyValueSpecification\",\"valueRequired\":true,\"valueName\":\"search_term_string\"}}],\"inLanguage\":\"fr-FR\"},{\"@type\":\"Organization\",\"@id\":\"https:\\\/\\\/www.mobilier-design-occasion.fr\\\/magazine\\\/#organization\",\"name\":\"Mobilier Design Magazine\",\"url\":\"https:\\\/\\\/www.mobilier-design-occasion.fr\\\/magazine\\\/\",\"logo\":{\"@type\":\"ImageObject\",\"inLanguage\":\"fr-FR\",\"@id\":\"https:\\\/\\\/www.mobilier-design-occasion.fr\\\/magazine\\\/#\\\/schema\\\/logo\\\/image\\\/\",\"url\":\"https:\\\/\\\/www.mobilier-design-occasion.fr\\\/magazine\\\/wp-content\\\/uploads\\\/2024\\\/02\\\/android-chrome-192x192-1.png\",\"contentUrl\":\"https:\\\/\\\/www.mobilier-design-occasion.fr\\\/magazine\\\/wp-content\\\/uploads\\\/2024\\\/02\\\/android-chrome-192x192-1.png\",\"width\":192,\"height\":192,\"caption\":\"Mobilier Design Magazine\"},\"image\":{\"@id\":\"https:\\\/\\\/www.mobilier-design-occasion.fr\\\/magazine\\\/#\\\/schema\\\/logo\\\/image\\\/\"},\"sameAs\":[\"https:\\\/\\\/www.facebook.com\\\/mobilierdesignoccasion\"]},{\"@type\":\"Person\",\"@id\":\"https:\\\/\\\/www.mobilier-design-occasion.fr\\\/magazine\\\/#\\\/schema\\\/person\\\/5b2e5627a714ddadaaf8c9b886c55eff\",\"name\":\"Cyrielle Poirot\",\"image\":{\"@type\":\"ImageObject\",\"inLanguage\":\"fr-FR\",\"@id\":\"https:\\\/\\\/secure.gravatar.com\\\/avatar\\\/c8d2674e093b06894d8d1dc468b626bd752523471f3ac6e75f7c7a1400d40b4d?s=96&d=mm&r=g\",\"url\":\"https:\\\/\\\/secure.gravatar.com\\\/avatar\\\/c8d2674e093b06894d8d1dc468b626bd752523471f3ac6e75f7c7a1400d40b4d?s=96&d=mm&r=g\",\"contentUrl\":\"https:\\\/\\\/secure.gravatar.com\\\/avatar\\\/c8d2674e093b06894d8d1dc468b626bd752523471f3ac6e75f7c7a1400d40b4d?s=96&d=mm&r=g\",\"caption\":\"Cyrielle Poirot\"},\"description\":\"Cyrielle est passionn\u00e9e par la d\u00e9coration d'int\u00e9rieur et s'est sp\u00e9cialis\u00e9e depuis quelques ann\u00e9es dans l'\u00e9dition du site Mobilier-Design, avec une touche sp\u00e9cifique pour les produits d'occasion.\",\"sameAs\":[\"https:\\\/\\\/www.mobilier-design-occasion.fr\\\/magazine\"],\"url\":\"https:\\\/\\\/www.mobilier-design-occasion.fr\\\/magazine\\\/author\\\/cyrielle\\\/\"}]}<\/script>\n<!-- \/ Yoast SEO plugin. -->","yoast_head_json":{"title":"D\u00e9couvrez tout ce que vous ne savez pas encore sur le fauteuil iconique B3 Wassily de Marcel Breuer r\u00e9\u00e9dit\u00e9 par Knoll! - Mobilier Design Magazine","robots":{"index":"index","follow":"follow","max-snippet":"max-snippet:-1","max-image-preview":"max-image-preview:large","max-video-preview":"max-video-preview:-1"},"canonical":"https:\/\/www.mobilier-design-occasion.fr\/magazine\/decouvrez-tout-ce-que-vous-ne-savez-pas-encore-sur-le-fauteuil-iconique-b3-wassily-de-marcel-breuer-reedite-par-knoll\/","og_locale":"fr_FR","og_type":"article","og_title":"D\u00e9couvrez tout ce que vous ne savez pas encore sur le fauteuil iconique B3 Wassily de Marcel Breuer r\u00e9\u00e9dit\u00e9 par Knoll! - Mobilier Design Magazine","og_description":"Quelle est l\u2019histoire du fauteuil Wassily\u00a0? Le fauteuil Wassily ou encore chaise B3 est un fauteuil con\u00e7u par Marcel Breuer entre 1925 et 1926. Il fait partie du Mouvement moderne Bauhaus. Marcel Breuer s\u2019est inspir\u00e9 de l\u2019acier du guidon de son v\u00e9lo Adler pour cr\u00e9er cette chaise iconique. La production de cette chaise au design [&hellip;]","og_url":"https:\/\/www.mobilier-design-occasion.fr\/magazine\/decouvrez-tout-ce-que-vous-ne-savez-pas-encore-sur-le-fauteuil-iconique-b3-wassily-de-marcel-breuer-reedite-par-knoll\/","og_site_name":"Mobilier Design Magazine","article_publisher":"https:\/\/www.facebook.com\/mobilierdesignoccasion","article_published_time":"2022-06-28T07:40:10+00:00","article_modified_time":"2023-09-25T13:40:10+00:00","og_image":[{"width":1200,"height":900,"url":"https:\/\/www.mobilier-design-occasion.fr\/magazine\/wp-content\/uploads\/2022\/06\/knoll-intl-wassily-ambiente-02.jpg","type":"image\/jpeg"}],"author":"Cyrielle Poirot","twitter_card":"summary_large_image","twitter_misc":{"\u00c9crit par":"Cyrielle Poirot","Dur\u00e9e de lecture estim\u00e9e":"4 minutes"},"schema":{"@context":"https:\/\/schema.org","@graph":[{"@type":"Article","@id":"https:\/\/www.mobilier-design-occasion.fr\/magazine\/decouvrez-tout-ce-que-vous-ne-savez-pas-encore-sur-le-fauteuil-iconique-b3-wassily-de-marcel-breuer-reedite-par-knoll\/#article","isPartOf":{"@id":"https:\/\/www.mobilier-design-occasion.fr\/magazine\/decouvrez-tout-ce-que-vous-ne-savez-pas-encore-sur-le-fauteuil-iconique-b3-wassily-de-marcel-breuer-reedite-par-knoll\/"},"author":{"name":"Cyrielle Poirot","@id":"https:\/\/www.mobilier-design-occasion.fr\/magazine\/#\/schema\/person\/5b2e5627a714ddadaaf8c9b886c55eff"},"headline":"D\u00e9couvrez tout ce que vous ne savez pas encore sur le fauteuil iconique B3 Wassily de Marcel Breuer r\u00e9\u00e9dit\u00e9 par Knoll!","datePublished":"2022-06-28T07:40:10+00:00","dateModified":"2023-09-25T13:40:10+00:00","mainEntityOfPage":{"@id":"https:\/\/www.mobilier-design-occasion.fr\/magazine\/decouvrez-tout-ce-que-vous-ne-savez-pas-encore-sur-le-fauteuil-iconique-b3-wassily-de-marcel-breuer-reedite-par-knoll\/"},"wordCount":847,"commentCount":0,"publisher":{"@id":"https:\/\/www.mobilier-design-occasion.fr\/magazine\/#organization"},"image":{"@id":"https:\/\/www.mobilier-design-occasion.fr\/magazine\/decouvrez-tout-ce-que-vous-ne-savez-pas-encore-sur-le-fauteuil-iconique-b3-wassily-de-marcel-breuer-reedite-par-knoll\/#primaryimage"},"thumbnailUrl":"https:\/\/www.mobilier-design-occasion.fr\/magazine\/wp-content\/uploads\/2022\/06\/knoll-intl-wassily-ambiente-02.jpg","articleSection":["Tendances"],"inLanguage":"fr-FR","potentialAction":[{"@type":"CommentAction","name":"Comment","target":["https:\/\/www.mobilier-design-occasion.fr\/magazine\/decouvrez-tout-ce-que-vous-ne-savez-pas-encore-sur-le-fauteuil-iconique-b3-wassily-de-marcel-breuer-reedite-par-knoll\/#respond"]}]},{"@type":"WebPage","@id":"https:\/\/www.mobilier-design-occasion.fr\/magazine\/decouvrez-tout-ce-que-vous-ne-savez-pas-encore-sur-le-fauteuil-iconique-b3-wassily-de-marcel-breuer-reedite-par-knoll\/","url":"https:\/\/www.mobilier-design-occasion.fr\/magazine\/decouvrez-tout-ce-que-vous-ne-savez-pas-encore-sur-le-fauteuil-iconique-b3-wassily-de-marcel-breuer-reedite-par-knoll\/","name":"D\u00e9couvrez tout ce que vous ne savez pas encore sur le fauteuil iconique B3 Wassily de Marcel Breuer r\u00e9\u00e9dit\u00e9 par Knoll! - Mobilier Design Magazine","isPartOf":{"@id":"https:\/\/www.mobilier-design-occasion.fr\/magazine\/#website"},"primaryImageOfPage":{"@id":"https:\/\/www.mobilier-design-occasion.fr\/magazine\/decouvrez-tout-ce-que-vous-ne-savez-pas-encore-sur-le-fauteuil-iconique-b3-wassily-de-marcel-breuer-reedite-par-knoll\/#primaryimage"},"image":{"@id":"https:\/\/www.mobilier-design-occasion.fr\/magazine\/decouvrez-tout-ce-que-vous-ne-savez-pas-encore-sur-le-fauteuil-iconique-b3-wassily-de-marcel-breuer-reedite-par-knoll\/#primaryimage"},"thumbnailUrl":"https:\/\/www.mobilier-design-occasion.fr\/magazine\/wp-content\/uploads\/2022\/06\/knoll-intl-wassily-ambiente-02.jpg","datePublished":"2022-06-28T07:40:10+00:00","dateModified":"2023-09-25T13:40:10+00:00","breadcrumb":{"@id":"https:\/\/www.mobilier-design-occasion.fr\/magazine\/decouvrez-tout-ce-que-vous-ne-savez-pas-encore-sur-le-fauteuil-iconique-b3-wassily-de-marcel-breuer-reedite-par-knoll\/#breadcrumb"},"inLanguage":"fr-FR","potentialAction":[{"@type":"ReadAction","target":["https:\/\/www.mobilier-design-occasion.fr\/magazine\/decouvrez-tout-ce-que-vous-ne-savez-pas-encore-sur-le-fauteuil-iconique-b3-wassily-de-marcel-breuer-reedite-par-knoll\/"]}]},{"@type":"ImageObject","inLanguage":"fr-FR","@id":"https:\/\/www.mobilier-design-occasion.fr\/magazine\/decouvrez-tout-ce-que-vous-ne-savez-pas-encore-sur-le-fauteuil-iconique-b3-wassily-de-marcel-breuer-reedite-par-knoll\/#primaryimage","url":"https:\/\/www.mobilier-design-occasion.fr\/magazine\/wp-content\/uploads\/2022\/06\/knoll-intl-wassily-ambiente-02.jpg","contentUrl":"https:\/\/www.mobilier-design-occasion.fr\/magazine\/wp-content\/uploads\/2022\/06\/knoll-intl-wassily-ambiente-02.jpg","width":1200,"height":900},{"@type":"BreadcrumbList","@id":"https:\/\/www.mobilier-design-occasion.fr\/magazine\/decouvrez-tout-ce-que-vous-ne-savez-pas-encore-sur-le-fauteuil-iconique-b3-wassily-de-marcel-breuer-reedite-par-knoll\/#breadcrumb","itemListElement":[{"@type":"ListItem","position":1,"name":"Accueil","item":"https:\/\/www.mobilier-design-occasion.fr\/magazine\/"},{"@type":"ListItem","position":2,"name":"D\u00e9couvrez tout ce que vous ne savez pas encore sur le fauteuil iconique B3 Wassily de Marcel Breuer r\u00e9\u00e9dit\u00e9 par Knoll!"}]},{"@type":"WebSite","@id":"https:\/\/www.mobilier-design-occasion.fr\/magazine\/#website","url":"https:\/\/www.mobilier-design-occasion.fr\/magazine\/","name":"Mobilier Design Magazine","description":"","publisher":{"@id":"https:\/\/www.mobilier-design-occasion.fr\/magazine\/#organization"},"potentialAction":[{"@type":"SearchAction","target":{"@type":"EntryPoint","urlTemplate":"https:\/\/www.mobilier-design-occasion.fr\/magazine\/?s={search_term_string}"},"query-input":{"@type":"PropertyValueSpecification","valueRequired":true,"valueName":"search_term_string"}}],"inLanguage":"fr-FR"},{"@type":"Organization","@id":"https:\/\/www.mobilier-design-occasion.fr\/magazine\/#organization","name":"Mobilier Design Magazine","url":"https:\/\/www.mobilier-design-occasion.fr\/magazine\/","logo":{"@type":"ImageObject","inLanguage":"fr-FR","@id":"https:\/\/www.mobilier-design-occasion.fr\/magazine\/#\/schema\/logo\/image\/","url":"https:\/\/www.mobilier-design-occasion.fr\/magazine\/wp-content\/uploads\/2024\/02\/android-chrome-192x192-1.png","contentUrl":"https:\/\/www.mobilier-design-occasion.fr\/magazine\/wp-content\/uploads\/2024\/02\/android-chrome-192x192-1.png","width":192,"height":192,"caption":"Mobilier Design Magazine"},"image":{"@id":"https:\/\/www.mobilier-design-occasion.fr\/magazine\/#\/schema\/logo\/image\/"},"sameAs":["https:\/\/www.facebook.com\/mobilierdesignoccasion"]},{"@type":"Person","@id":"https:\/\/www.mobilier-design-occasion.fr\/magazine\/#\/schema\/person\/5b2e5627a714ddadaaf8c9b886c55eff","name":"Cyrielle Poirot","image":{"@type":"ImageObject","inLanguage":"fr-FR","@id":"https:\/\/secure.gravatar.com\/avatar\/c8d2674e093b06894d8d1dc468b626bd752523471f3ac6e75f7c7a1400d40b4d?s=96&d=mm&r=g","url":"https:\/\/secure.gravatar.com\/avatar\/c8d2674e093b06894d8d1dc468b626bd752523471f3ac6e75f7c7a1400d40b4d?s=96&d=mm&r=g","contentUrl":"https:\/\/secure.gravatar.com\/avatar\/c8d2674e093b06894d8d1dc468b626bd752523471f3ac6e75f7c7a1400d40b4d?s=96&d=mm&r=g","caption":"Cyrielle Poirot"},"description":"Cyrielle est passionn\u00e9e par la d\u00e9coration d'int\u00e9rieur et s'est sp\u00e9cialis\u00e9e depuis quelques ann\u00e9es dans l'\u00e9dition du site Mobilier-Design, avec une touche sp\u00e9cifique pour les produits d'occasion.","sameAs":["https:\/\/www.mobilier-design-occasion.fr\/magazine"],"url":"https:\/\/www.mobilier-design-occasion.fr\/magazine\/author\/cyrielle\/"}]}},"_links":{"self":[{"href":"https:\/\/www.mobilier-design-occasion.fr\/magazine\/wp-json\/wp\/v2\/posts\/5220","targetHints":{"allow":["GET"]}}],"collection":[{"href":"https:\/\/www.mobilier-design-occasion.fr\/magazine\/wp-json\/wp\/v2\/posts"}],"about":[{"href":"https:\/\/www.mobilier-design-occasion.fr\/magazine\/wp-json\/wp\/v2\/types\/post"}],"author":[{"embeddable":true,"href":"https:\/\/www.mobilier-design-occasion.fr\/magazine\/wp-json\/wp\/v2\/users\/1"}],"replies":[{"embeddable":true,"href":"https:\/\/www.mobilier-design-occasion.fr\/magazine\/wp-json\/wp\/v2\/comments?post=5220"}],"version-history":[{"count":2,"href":"https:\/\/www.mobilier-design-occasion.fr\/magazine\/wp-json\/wp\/v2\/posts\/5220\/revisions"}],"predecessor-version":[{"id":5243,"href":"https:\/\/www.mobilier-design-occasion.fr\/magazine\/wp-json\/wp\/v2\/posts\/5220\/revisions\/5243"}],"wp:featuredmedia":[{"embeddable":true,"href":"https:\/\/www.mobilier-design-occasion.fr\/magazine\/wp-json\/wp\/v2\/media\/5232"}],"wp:attachment":[{"href":"https:\/\/www.mobilier-design-occasion.fr\/magazine\/wp-json\/wp\/v2\/media?parent=5220"}],"wp:term":[{"taxonomy":"category","embeddable":true,"href":"https:\/\/www.mobilier-design-occasion.fr\/magazine\/wp-json\/wp\/v2\/categories?post=5220"},{"taxonomy":"post_tag","embeddable":true,"href":"https:\/\/www.mobilier-design-occasion.fr\/magazine\/wp-json\/wp\/v2\/tags?post=5220"}],"curies":[{"name":"wp","href":"https:\/\/api.w.org\/{rel}","templated":true}]}}