{"id":5193,"date":"2022-06-27T08:28:11","date_gmt":"2022-06-27T08:28:11","guid":{"rendered":"https:\/\/www.mobilier-design-occasion.fr\/magazine\/?p=5193"},"modified":"2023-09-25T13:40:10","modified_gmt":"2023-09-25T13:40:10","slug":"la-chaise-iconique-de-knoll-que-tout-le-monde-veut-la-b32-cesca-de-marcel-breuer","status":"publish","type":"post","link":"https:\/\/www.mobilier-design-occasion.fr\/magazine\/la-chaise-iconique-de-knoll-que-tout-le-monde-veut-la-b32-cesca-de-marcel-breuer\/","title":{"rendered":"La chaise iconique de Knoll que tout le monde veut: la B32 Cesca de Marcel Breuer!"},"content":{"rendered":"\n<h2 class=\"wp-block-heading\"><span class=\"ez-toc-section\" id=\"Quelle_est_lhistoire_de_la_chaise_Breuer_B32\"><\/span><strong>Quelle est l\u2019histoire de la chaise Breuer B32&nbsp;?<\/strong><span class=\"ez-toc-section-end\"><\/span><\/h2><div id=\"ez-toc-container\" class=\"ez-toc-v2_0_82_2 counter-hierarchy ez-toc-counter ez-toc-grey ez-toc-container-direction\">\n<div class=\"ez-toc-title-container\">\n<span class=\"ez-toc-title-toggle\"><a href=\"#\" class=\"ez-toc-pull-right ez-toc-btn ez-toc-btn-xs ez-toc-btn-default ez-toc-toggle\" aria-label=\"Toggle Table of Content\"><span class=\"ez-toc-js-icon-con\"><span class=\"\"><span class=\"eztoc-hide\" style=\"display:none;\">Toggle<\/span><span class=\"ez-toc-icon-toggle-span\"><svg style=\"fill: #999;color:#999\" xmlns=\"http:\/\/www.w3.org\/2000\/svg\" class=\"list-377408\" width=\"20px\" height=\"20px\" viewBox=\"0 0 24 24\" fill=\"none\"><path d=\"M6 6H4v2h2V6zm14 0H8v2h12V6zM4 11h2v2H4v-2zm16 0H8v2h12v-2zM4 16h2v2H4v-2zm16 0H8v2h12v-2z\" fill=\"currentColor\"><\/path><\/svg><svg style=\"fill: #999;color:#999\" class=\"arrow-unsorted-368013\" xmlns=\"http:\/\/www.w3.org\/2000\/svg\" width=\"10px\" height=\"10px\" viewBox=\"0 0 24 24\" version=\"1.2\" baseProfile=\"tiny\"><path d=\"M18.2 9.3l-6.2-6.3-6.2 6.3c-.2.2-.3.4-.3.7s.1.5.3.7c.2.2.4.3.7.3h11c.3 0 .5-.1.7-.3.2-.2.3-.5.3-.7s-.1-.5-.3-.7zM5.8 14.7l6.2 6.3 6.2-6.3c.2-.2.3-.5.3-.7s-.1-.5-.3-.7c-.2-.2-.4-.3-.7-.3h-11c-.3 0-.5.1-.7.3-.2.2-.3.5-.3.7s.1.5.3.7z\"\/><\/svg><\/span><\/span><\/span><\/a><\/span><\/div>\n<nav><ul class='ez-toc-list ez-toc-list-level-1 eztoc-toggle-hide-by-default' ><li class='ez-toc-page-1 ez-toc-heading-level-2'><a class=\"ez-toc-link ez-toc-heading-1\" href=\"https:\/\/www.mobilier-design-occasion.fr\/magazine\/la-chaise-iconique-de-knoll-que-tout-le-monde-veut-la-b32-cesca-de-marcel-breuer\/#Quelle_est_lhistoire_de_la_chaise_Breuer_B32\" >Quelle est l\u2019histoire de la chaise Breuer B32&nbsp;?<\/a><\/li><li class='ez-toc-page-1 ez-toc-heading-level-2'><a class=\"ez-toc-link ez-toc-heading-2\" href=\"https:\/\/www.mobilier-design-occasion.fr\/magazine\/la-chaise-iconique-de-knoll-que-tout-le-monde-veut-la-b32-cesca-de-marcel-breuer\/#Quels_sont_les_caracteristiques_de_la_chaise_B32\" >Quels sont les caract\u00e9ristiques de la chaise B32&nbsp;?<\/a><\/li><li class='ez-toc-page-1 ez-toc-heading-level-2'><a class=\"ez-toc-link ez-toc-heading-3\" href=\"https:\/\/www.mobilier-design-occasion.fr\/magazine\/la-chaise-iconique-de-knoll-que-tout-le-monde-veut-la-b32-cesca-de-marcel-breuer\/#Comment_integrer_une_chaise_Breuer_CESCA_dans_notre_decoration\" >Comment int\u00e9grer une chaise Breuer CESCA dans notre d\u00e9coration&nbsp;?<\/a><\/li><li class='ez-toc-page-1 ez-toc-heading-level-2'><a class=\"ez-toc-link ez-toc-heading-4\" href=\"https:\/\/www.mobilier-design-occasion.fr\/magazine\/la-chaise-iconique-de-knoll-que-tout-le-monde-veut-la-b32-cesca-de-marcel-breuer\/#Voici_notre_selection_des_plus_belles_chaises_Breuer_B32_CESCA\" >Voici notre s\u00e9lection des plus belles chaises Breuer B32 CESCA<\/a><ul class='ez-toc-list-level-3' ><li class='ez-toc-heading-level-3'><a class=\"ez-toc-link ez-toc-heading-5\" href=\"https:\/\/www.mobilier-design-occasion.fr\/magazine\/la-chaise-iconique-de-knoll-que-tout-le-monde-veut-la-b32-cesca-de-marcel-breuer\/#Est-ce_interessant_dacheter_une_chaise_Breuer_B32_doccasion\" >Est-ce int\u00e9ressant d\u2019acheter une chaise Breuer B32 d\u2019occasion&nbsp;?<\/a><\/li><li class='ez-toc-page-1 ez-toc-heading-level-3'><a class=\"ez-toc-link ez-toc-heading-6\" href=\"https:\/\/www.mobilier-design-occasion.fr\/magazine\/la-chaise-iconique-de-knoll-que-tout-le-monde-veut-la-b32-cesca-de-marcel-breuer\/#Ou_trouver_une_chaise_Breuer_B32_doccasion\" >O\u00f9 trouver une chaise Breuer B32 d\u2019occasion&nbsp;?<\/a><\/li><li class='ez-toc-page-1 ez-toc-heading-level-3'><a class=\"ez-toc-link ez-toc-heading-7\" href=\"https:\/\/www.mobilier-design-occasion.fr\/magazine\/la-chaise-iconique-de-knoll-que-tout-le-monde-veut-la-b32-cesca-de-marcel-breuer\/#Comment_reconnaitre_une_vraie_chaise_Breuer_B32\" >Comment reconna\u00eetre une vraie chaise Breuer B32&nbsp;?<\/a><\/li><\/ul><\/li><\/ul><\/nav><\/div>\n\n\n\n\n<p>En 1928, Marcel <a href=\"https:\/\/www.mobilier-design-occasion.fr\/magazine\/chaise-marcel-breuer\/\">Breuer<\/a>, le designer hongrois, d\u00e9cide de cr\u00e9er la <a href=\"https:\/\/www.mobilier-design-occasion.fr\/magazine\/fermob-occasion\/\">chaise<\/a> B32. C\u2019est l\u2019un des meubles embl\u00e9matiques du designer et aussi du mouvement Bauhaus. C\u2019est une chaise au styl\u00e9 a\u00e9rien sans pied arri\u00e8re. La chaise Breuer B32 est \u00e9galement appel\u00e9e chainse Cantilever ou chaise Cesca, Marcel Breuer l\u2019a nomm\u00e9 ainsi en honneur \u00e0 sa fille adoptive Francesca.<\/p>\n\n\n\n<p>Marcel Breuer a vendu sa collection de meuble, dont la chaise B32, \u00e0 la soci\u00e9t\u00e9 de <a href=\"https:\/\/www.mobilier-design-occasion.fr\/magazine\/table-tulipe-knoll-indemodable-du-design\/\">design<\/a> intalienne Gavina SpA. Knoll rach\u00e8te Gavina SpA en 1968 et fabrique toujours de chaises B32 jusqu\u2019\u00e0 maintenant.<\/p>\n\n\n\n<figure class=\"wp-block-image size-large\"><img loading=\"lazy\" decoding=\"async\" width=\"1024\" height=\"768\" src=\"https:\/\/www.mobilier-design-occasion.fr\/magazine\/wp-content\/uploads\/2022\/06\/image-1024x768.jpg\" alt=\"\" class=\"wp-image-5196\" srcset=\"https:\/\/www.mobilier-design-occasion.fr\/magazine\/wp-content\/uploads\/2022\/06\/image-1024x768.jpg 1024w, https:\/\/www.mobilier-design-occasion.fr\/magazine\/wp-content\/uploads\/2022\/06\/image-300x225.jpg 300w, https:\/\/www.mobilier-design-occasion.fr\/magazine\/wp-content\/uploads\/2022\/06\/image-768x576.jpg 768w, https:\/\/www.mobilier-design-occasion.fr\/magazine\/wp-content\/uploads\/2022\/06\/image-1536x1152.jpg 1536w, https:\/\/www.mobilier-design-occasion.fr\/magazine\/wp-content\/uploads\/2022\/06\/image-810x608.jpg 810w, https:\/\/www.mobilier-design-occasion.fr\/magazine\/wp-content\/uploads\/2022\/06\/image-1140x855.jpg 1140w, https:\/\/www.mobilier-design-occasion.fr\/magazine\/wp-content\/uploads\/2022\/06\/image.jpg 2048w\" sizes=\"auto, (max-width: 1024px) 100vw, 1024px\" \/><figcaption>Galat\u00e9e Galerie<\/figcaption><\/figure>\n\n\n\n<h2 class=\"wp-block-heading\"><span class=\"ez-toc-section\" id=\"Quels_sont_les_caracteristiques_de_la_chaise_B32\"><\/span><strong>Quels sont les caract\u00e9ristiques de la chaise B32&nbsp;?<\/strong><span class=\"ez-toc-section-end\"><\/span><\/h2>\n\n\n\n<p>La chaise B32 dispose de ses propres caract\u00e9ristiques qui la rend si unique parmi tant d\u2019autres&nbsp;:<\/p>\n\n\n\n<ul class=\"wp-block-list\"><li><strong>Mati\u00e8re<\/strong><\/li><\/ul>\n\n\n\n<p>Une chaise B32 est constitu\u00e9e d\u2019une base en <a href=\"https:\/\/www.mobilier-design-occasion.fr\/magazine\/test-avis-sur-ripaton\/\">acier<\/a> tubulaire chrom\u00e9 et cintr\u00e9 aux angles. L\u2019assise de la chaise B32 est r\u00e9alis\u00e9e en cannage clair avec un cadre en <a href=\"https:\/\/www.mobilier-design-occasion.fr\/magazine\/avis-mathy-by-bols\/\">bois<\/a> de h\u00eatre pour l\u2019\u00e9dition Knoll et un cadre en bois de h\u00eatre laqu\u00e9 noir pour l\u2019\u00e9dition Thonet.<\/p>\n\n\n\n<p>Avec la chaise B32, on peut trouver trois combinaisons diff\u00e9rentes&nbsp;:<\/p>\n\n\n\n<ul class=\"wp-block-list\"><li>Si\u00e8ge tapiss\u00e9 \/ Dossier tapiss\u00e9<\/li><li>Si\u00e8ge tapiss\u00e9 \/ Dossier cann\u00e9<\/li><li>Si\u00e8ge cann\u00e9 \/ Dossier cann\u00e9<\/li><\/ul>\n\n\n\n<div class=\"wp-block-columns is-layout-flex wp-container-core-columns-is-layout-9d6595d7 wp-block-columns-is-layout-flex\">\n<div class=\"wp-block-column is-layout-flow wp-block-column-is-layout-flow\">\n<figure class=\"wp-block-image size-full\"><img loading=\"lazy\" decoding=\"async\" width=\"792\" height=\"612\" src=\"https:\/\/www.mobilier-design-occasion.fr\/magazine\/wp-content\/uploads\/2022\/06\/33-2.jpg\" alt=\"\" class=\"wp-image-5204\" srcset=\"https:\/\/www.mobilier-design-occasion.fr\/magazine\/wp-content\/uploads\/2022\/06\/33-2.jpg 792w, https:\/\/www.mobilier-design-occasion.fr\/magazine\/wp-content\/uploads\/2022\/06\/33-2-300x232.jpg 300w, https:\/\/www.mobilier-design-occasion.fr\/magazine\/wp-content\/uploads\/2022\/06\/33-2-768x593.jpg 768w\" sizes=\"auto, (max-width: 792px) 100vw, 792px\" \/><figcaption>\u00a9Knoll<\/figcaption><\/figure>\n<\/div>\n\n\n\n<div class=\"wp-block-column is-layout-flow wp-block-column-is-layout-flow\">\n<figure class=\"wp-block-image size-full\"><img loading=\"lazy\" decoding=\"async\" width=\"792\" height=\"612\" src=\"https:\/\/www.mobilier-design-occasion.fr\/magazine\/wp-content\/uploads\/2022\/06\/3-2.jpg\" alt=\"\" class=\"wp-image-5205\" srcset=\"https:\/\/www.mobilier-design-occasion.fr\/magazine\/wp-content\/uploads\/2022\/06\/3-2.jpg 792w, https:\/\/www.mobilier-design-occasion.fr\/magazine\/wp-content\/uploads\/2022\/06\/3-2-300x232.jpg 300w, https:\/\/www.mobilier-design-occasion.fr\/magazine\/wp-content\/uploads\/2022\/06\/3-2-768x593.jpg 768w\" sizes=\"auto, (max-width: 792px) 100vw, 792px\" \/><figcaption>\u00a9Knoll<\/figcaption><\/figure>\n<\/div>\n<\/div>\n\n\n\n<ul class=\"wp-block-list\"><li><strong>Dimensions<\/strong><\/li><\/ul>\n\n\n\n<p>La <a href=\"https:\/\/www.antiquesmc.fr\/blog\/culture-design\/chaise-b32-breuer-original-vintage_148.html\">chaise Breuer B32<\/a> poss\u00e8de une hauteur de 81 cm, sa longueur est de 47 cm et sa profondeur est de 53 cm.<\/p>\n\n\n\n<ul class=\"wp-block-list\"><li><strong>Type de rembourrage<\/strong><\/li><\/ul>\n\n\n\n<p>Une chaise Breuer B32 CESCA peut avoir diff\u00e9rents rembourrages&nbsp;:<\/p>\n\n\n\n<ul class=\"wp-block-list\"><li>Crossroad<\/li><li>Diva<\/li><li>Hourglass<\/li><li>Instinct<\/li><li>Journey<\/li><li>Summit<\/li><li>Circa<\/li><li>Classic boucle<\/li><li>Utopia<\/li><li>Rivington<\/li><li>Ultrasuede<\/li><li>Cato<\/li><li>Knoll velvet<\/li><li>Volo leather<\/li><li>Acqua leather<\/li><li>Sabrina leather<\/li><\/ul>\n\n\n\n<div class=\"wp-block-columns is-layout-flex wp-container-core-columns-is-layout-9d6595d7 wp-block-columns-is-layout-flex\">\n<div class=\"wp-block-column is-layout-flow wp-block-column-is-layout-flow\">\n<figure class=\"wp-block-image size-full\"><img loading=\"lazy\" decoding=\"async\" width=\"880\" height=\"880\" src=\"https:\/\/www.mobilier-design-occasion.fr\/magazine\/wp-content\/uploads\/2022\/06\/22-1.jpg\" alt=\"\" class=\"wp-image-5206\" srcset=\"https:\/\/www.mobilier-design-occasion.fr\/magazine\/wp-content\/uploads\/2022\/06\/22-1.jpg 880w, https:\/\/www.mobilier-design-occasion.fr\/magazine\/wp-content\/uploads\/2022\/06\/22-1-300x300.jpg 300w, https:\/\/www.mobilier-design-occasion.fr\/magazine\/wp-content\/uploads\/2022\/06\/22-1-150x150.jpg 150w, https:\/\/www.mobilier-design-occasion.fr\/magazine\/wp-content\/uploads\/2022\/06\/22-1-768x768.jpg 768w, https:\/\/www.mobilier-design-occasion.fr\/magazine\/wp-content\/uploads\/2022\/06\/22-1-810x810.jpg 810w\" sizes=\"auto, (max-width: 880px) 100vw, 880px\" \/><figcaption>\u00a9Knoll<\/figcaption><\/figure>\n<\/div>\n\n\n\n<div class=\"wp-block-column is-layout-flow wp-block-column-is-layout-flow\">\n<figure class=\"wp-block-image size-full\"><img loading=\"lazy\" decoding=\"async\" width=\"880\" height=\"880\" src=\"https:\/\/www.mobilier-design-occasion.fr\/magazine\/wp-content\/uploads\/2022\/06\/2-2.jpg\" alt=\"\" class=\"wp-image-5207\" srcset=\"https:\/\/www.mobilier-design-occasion.fr\/magazine\/wp-content\/uploads\/2022\/06\/2-2.jpg 880w, https:\/\/www.mobilier-design-occasion.fr\/magazine\/wp-content\/uploads\/2022\/06\/2-2-300x300.jpg 300w, https:\/\/www.mobilier-design-occasion.fr\/magazine\/wp-content\/uploads\/2022\/06\/2-2-150x150.jpg 150w, https:\/\/www.mobilier-design-occasion.fr\/magazine\/wp-content\/uploads\/2022\/06\/2-2-768x768.jpg 768w, https:\/\/www.mobilier-design-occasion.fr\/magazine\/wp-content\/uploads\/2022\/06\/2-2-810x810.jpg 810w\" sizes=\"auto, (max-width: 880px) 100vw, 880px\" \/><figcaption>\u00a9Knoll<\/figcaption><\/figure>\n<\/div>\n<\/div>\n\n\n\n<ul class=\"wp-block-list\"><li><strong>Couleur<\/strong><\/li><\/ul>\n\n\n\n<p>La chaise Breuer B32 est disponible en plusieurs coloris comme par exemple Plum, Jingle, Kilim, Petal, Poppy, Cement, Skylight, Mitten, Banner, Mushroom, Coconut, Candy Apple, Moon, Wallflower, Almond, Mineral, Leaf, Granite, Cabana et bien d\u2019autres encore.<\/p>\n\n\n\n<h2 class=\"wp-block-heading\"><span class=\"ez-toc-section\" id=\"Comment_integrer_une_chaise_Breuer_CESCA_dans_notre_decoration\"><\/span><strong>Comment int\u00e9grer une chaise Breuer CESCA dans notre d\u00e9coration&nbsp;?<\/strong><span class=\"ez-toc-section-end\"><\/span><\/h2>\n\n\n\n<p>Une <a href=\"https:\/\/www.du-grand-art.fr\/arts-decoratifs\/moderne\/bauhaus\/oeuvres\/chaise-cesca-b32\/#:~:text=La%20chaise%20Cesca%20B32%2C%20aussi,mais%20%C3%A9galement%20du%20mouvement%20Bauhaus.\">chaise Breuer CESCA<\/a> est une chaise originale qui s\u2019int\u00e8gre facilement \u00e0 la d\u00e9coration. Quel que soit le style de la pi\u00e8ce, la chaise Breuer B32 y apporte toujours une touche d\u00e9corative gr\u00e2ce \u00e0 son style et sa finition en cannage. Une chaise B32 est la pi\u00e8ce ma\u00eetresse dans un style campagnard, boh\u00e8me, rustique ou vintage. Elle apporte \u00e9galement une part d\u2019originalit\u00e9 \u00e0 un look moderne, contemporain ou m\u00eame industriel.<\/p>\n\n\n\n<div class=\"wp-block-columns is-layout-flex wp-container-core-columns-is-layout-9d6595d7 wp-block-columns-is-layout-flex\">\n<div class=\"wp-block-column is-layout-flow wp-block-column-is-layout-flow\">\n<figure class=\"wp-block-image size-full\"><img loading=\"lazy\" decoding=\"async\" width=\"564\" height=\"846\" src=\"https:\/\/www.mobilier-design-occasion.fr\/magazine\/wp-content\/uploads\/2022\/06\/1-5.jpg\" alt=\"\" class=\"wp-image-5201\" srcset=\"https:\/\/www.mobilier-design-occasion.fr\/magazine\/wp-content\/uploads\/2022\/06\/1-5.jpg 564w, https:\/\/www.mobilier-design-occasion.fr\/magazine\/wp-content\/uploads\/2022\/06\/1-5-200x300.jpg 200w\" sizes=\"auto, (max-width: 564px) 100vw, 564px\" \/><figcaption>Marie Claire Maison via Pinterest<\/figcaption><\/figure>\n<\/div>\n\n\n\n<div class=\"wp-block-column is-layout-flow wp-block-column-is-layout-flow\">\n<figure class=\"wp-block-image size-full\"><img loading=\"lazy\" decoding=\"async\" width=\"564\" height=\"845\" src=\"https:\/\/www.mobilier-design-occasion.fr\/magazine\/wp-content\/uploads\/2022\/06\/11-6.jpg\" alt=\"\" class=\"wp-image-5202\" srcset=\"https:\/\/www.mobilier-design-occasion.fr\/magazine\/wp-content\/uploads\/2022\/06\/11-6.jpg 564w, https:\/\/www.mobilier-design-occasion.fr\/magazine\/wp-content\/uploads\/2022\/06\/11-6-200x300.jpg 200w\" sizes=\"auto, (max-width: 564px) 100vw, 564px\" \/><figcaption>Sloft Magazine via Pinterest<\/figcaption><\/figure>\n<\/div>\n<\/div>\n\n\n\n<h2 class=\"wp-block-heading\"><span class=\"ez-toc-section\" id=\"Voici_notre_selection_des_plus_belles_chaises_Breuer_B32_CESCA\"><\/span><strong>Voici notre s\u00e9lection des plus belles chaises Breuer B32 CESCA<\/strong><span class=\"ez-toc-section-end\"><\/span><\/h2>\n\n\n\n<div class=\"wp-block-columns is-layout-flex wp-container-core-columns-is-layout-9d6595d7 wp-block-columns-is-layout-flex\">\n<div class=\"wp-block-column is-layout-flow wp-block-column-is-layout-flow\">\n<figure class=\"wp-block-image size-full\"><a href=\"https:\/\/www.selency.fr\/produit\/D3XJVRTT\/ensemble-de-4-chaises-cesca-modele-b64-cesca-marcel-breuer.html?utm_source=effinity_fr&amp;utm_medium=affiliation&amp;utm_campaign=1395109901&amp;eff_cpt=22605728\"><img loading=\"lazy\" decoding=\"async\" width=\"780\" height=\"779\" src=\"https:\/\/www.mobilier-design-occasion.fr\/magazine\/wp-content\/uploads\/2022\/06\/b.jpg\" alt=\"\" class=\"wp-image-5212\" srcset=\"https:\/\/www.mobilier-design-occasion.fr\/magazine\/wp-content\/uploads\/2022\/06\/b.jpg 780w, https:\/\/www.mobilier-design-occasion.fr\/magazine\/wp-content\/uploads\/2022\/06\/b-300x300.jpg 300w, https:\/\/www.mobilier-design-occasion.fr\/magazine\/wp-content\/uploads\/2022\/06\/b-150x150.jpg 150w, https:\/\/www.mobilier-design-occasion.fr\/magazine\/wp-content\/uploads\/2022\/06\/b-768x767.jpg 768w\" sizes=\"auto, (max-width: 780px) 100vw, 780px\" \/><\/a><\/figure>\n<\/div>\n\n\n\n<div class=\"wp-block-column is-layout-flow wp-block-column-is-layout-flow\">\n<figure class=\"wp-block-image size-full\"><a href=\"https:\/\/www.selency.fr\/produit\/U6KE6D25\/breuer-noire-cesca-b-32.html?utm_source=effinity_fr&amp;utm_medium=affiliation&amp;utm_campaign=1395109901&amp;eff_cpt=22605728\"><img loading=\"lazy\" decoding=\"async\" width=\"771\" height=\"777\" src=\"https:\/\/www.mobilier-design-occasion.fr\/magazine\/wp-content\/uploads\/2022\/06\/d.jpg\" alt=\"\" class=\"wp-image-5214\" srcset=\"https:\/\/www.mobilier-design-occasion.fr\/magazine\/wp-content\/uploads\/2022\/06\/d.jpg 771w, https:\/\/www.mobilier-design-occasion.fr\/magazine\/wp-content\/uploads\/2022\/06\/d-298x300.jpg 298w, https:\/\/www.mobilier-design-occasion.fr\/magazine\/wp-content\/uploads\/2022\/06\/d-150x150.jpg 150w, https:\/\/www.mobilier-design-occasion.fr\/magazine\/wp-content\/uploads\/2022\/06\/d-768x774.jpg 768w\" sizes=\"auto, (max-width: 771px) 100vw, 771px\" \/><\/a><\/figure>\n<\/div>\n<\/div>\n\n\n\n<div class=\"wp-block-columns is-layout-flex wp-container-core-columns-is-layout-9d6595d7 wp-block-columns-is-layout-flex\">\n<div class=\"wp-block-column is-layout-flow wp-block-column-is-layout-flow\">\n<figure class=\"wp-block-image size-full\"><a href=\"https:\/\/www.design-market.fr\/175762-chaise-vintage-cesca-de-marcel-breuer-italie-1962.html?utm_source=effinity&amp;utm_medium=affiliation&amp;utm_campaign=1395109901_FRA%20&amp;eff_cpt=22670690\"><img loading=\"lazy\" decoding=\"async\" width=\"717\" height=\"1000\" src=\"https:\/\/www.mobilier-design-occasion.fr\/magazine\/wp-content\/uploads\/2022\/06\/c-1.jpg\" alt=\"\" class=\"wp-image-5215\" srcset=\"https:\/\/www.mobilier-design-occasion.fr\/magazine\/wp-content\/uploads\/2022\/06\/c-1.jpg 717w, https:\/\/www.mobilier-design-occasion.fr\/magazine\/wp-content\/uploads\/2022\/06\/c-1-215x300.jpg 215w\" sizes=\"auto, (max-width: 717px) 100vw, 717px\" \/><\/a><\/figure>\n<\/div>\n\n\n\n<div class=\"wp-block-column is-layout-flow wp-block-column-is-layout-flow\">\n<figure class=\"wp-block-image size-full\"><a href=\"https:\/\/www.design-market.fr\/194474-chaise-vintage-b32-cesca-en-hetre-par-marcel-breuer-italie.html?utm_source=effinity&amp;utm_medium=affiliation&amp;utm_campaign=1395109901_FRA%20&amp;eff_cpt=22670690\"><img loading=\"lazy\" decoding=\"async\" width=\"638\" height=\"1000\" src=\"https:\/\/www.mobilier-design-occasion.fr\/magazine\/wp-content\/uploads\/2022\/06\/e.jpg\" alt=\"\" class=\"wp-image-5216\" srcset=\"https:\/\/www.mobilier-design-occasion.fr\/magazine\/wp-content\/uploads\/2022\/06\/e.jpg 638w, https:\/\/www.mobilier-design-occasion.fr\/magazine\/wp-content\/uploads\/2022\/06\/e-191x300.jpg 191w\" sizes=\"auto, (max-width: 638px) 100vw, 638px\" \/><\/a><\/figure>\n<\/div>\n<\/div>\n\n\n\n<h3 class=\"wp-block-heading\"><span class=\"ez-toc-section\" id=\"Est-ce_interessant_dacheter_une_chaise_Breuer_B32_doccasion\"><\/span><strong>Est-ce int\u00e9ressant d\u2019acheter une chaise Breuer B32 d\u2019occasion&nbsp;?<\/strong><span class=\"ez-toc-section-end\"><\/span><\/h3>\n\n\n\n<p>La chaise Breuer B32 est le si\u00e8ge embl\u00e9matique du mouvement Bauhaus et de son cr\u00e9ateur Marcel Breuer. Malgr\u00e9 le fait que la marque Knoll produit toujours cette chaise, en trouver une de <a href=\"https:\/\/www.mobilier-design-occasion.fr\/magazine\/reussir-a-vendre-son-mobilier\/\">seconde main<\/a> peut \u00eatre une tr\u00e8s bonne affaire.<\/p>\n\n\n\n<ul class=\"wp-block-list\"><li><strong>Marque<\/strong><\/li><\/ul>\n\n\n\n<p>La chaise CESCA date des ann\u00e9es 1920 et c\u2019est \u00e9galement un <a href=\"https:\/\/www.mobilier-design-occasion.fr\/magazine\/test-avis-sur-la-redoute-interieurs-am-pm\/\">mobilier<\/a> de designer. C\u2019est une pi\u00e8ce ind\u00e9modable qui prend de plus en plus de valeur au fil des ann\u00e9es.<\/p>\n\n\n\n<figure class=\"wp-block-embed is-type-rich is-provider-twitter wp-block-embed-twitter\"><div class=\"wp-block-embed__wrapper\">\n<blockquote class=\"twitter-tweet\" data-width=\"550\" data-dnt=\"true\"><p lang=\"fr\" dir=\"ltr\">Petit zoom sur la cabine d\u2019essayage de la boutique <a href=\"https:\/\/twitter.com\/poudreorganic?ref_src=twsrc%5Etfw\">@poudreorganic<\/a> avec l\u2019incontournable chaise Cesca B32 de Marcel Breuer \u2728 <a href=\"https:\/\/twitter.com\/hashtag\/hejustudio?src=hash&amp;ref_src=twsrc%5Etfw\">#hejustudio<\/a> <a href=\"https:\/\/twitter.com\/hashtag\/architecture?src=hash&amp;ref_src=twsrc%5Etfw\">#architecture<\/a> <a href=\"https:\/\/twitter.com\/hashtag\/renovation?src=hash&amp;ref_src=twsrc%5Etfw\">#renovation<\/a> <a href=\"https:\/\/twitter.com\/hashtag\/boutique?src=hash&amp;ref_src=twsrc%5Etfw\">#boutique<\/a> <a href=\"https:\/\/twitter.com\/hashtag\/paris?src=hash&amp;ref_src=twsrc%5Etfw\">#paris<\/a> <a href=\"https:\/\/twitter.com\/hashtag\/detail?src=hash&amp;ref_src=twsrc%5Etfw\">#detail<\/a> <a href=\"https:\/\/t.co\/A7JfpVi5Sz\">pic.twitter.com\/A7JfpVi5Sz<\/a><\/p>&mdash; H\u00e9l\u00e8ne &amp; Julien (@hejublog) <a href=\"https:\/\/twitter.com\/hejublog\/status\/1141394375773212672?ref_src=twsrc%5Etfw\">June 19, 2019<\/a><\/blockquote><script async src=\"https:\/\/platform.twitter.com\/widgets.js\" charset=\"utf-8\"><\/script>\n<\/div><\/figure>\n\n\n\n<ul class=\"wp-block-list\"><li><strong>Prix<\/strong><\/li><\/ul>\n\n\n\n<p>La chaise CESCA est une chaise valeureuse dont le prix neuf co\u00fbte tout de m\u00eame un peu cher. C\u2019est pourquoi acheter une chaise Breuer B32 d\u2019occasion est bel et bien un moyen d\u2019acqu\u00e9rir un mobilier de designer authentique, de bonne qualit\u00e9 et \u00e0 prix raisonnable.<\/p>\n\n\n\n<h3 class=\"wp-block-heading\"><span class=\"ez-toc-section\" id=\"Ou_trouver_une_chaise_Breuer_B32_doccasion\"><\/span><strong>O\u00f9 trouver une chaise Breuer B32 d\u2019occasion&nbsp;?<\/strong><span class=\"ez-toc-section-end\"><\/span><\/h3>\n\n\n\n<p>De nos jours, il est plus facile de d\u00e9nicher des chaises Breuer B32 d\u2019occasions. En plus des vide-greniers, antiquaires et brocantes, il existe de nombreux sites sp\u00e9cialis\u00e9s dans la vente de mobilier de seconde main. Parmi eux, il y a ceux qui ne vendent que des produits certifi\u00e9s et authentiques comme&nbsp;:<\/p>\n\n\n\n<ul class=\"wp-block-list\"><li><a href=\"https:\/\/track.effiliation.com\/servlet\/effi.redir?id_compteur=&amp;url=https%3A%2F%2Fwww.selency.fr%2F\">Selency<\/a><\/li><li><a href=\"https:\/\/www.mobilier-design-occasion.fr\/\">Mobilier Design Occasion<\/a><\/li><li><a href=\"https:\/\/track.effiliation.com\/servlet\/effi.redir?id_compteur=22733111&amp;url=https%3A%2F%2Fwww.design-market.fr%2F\">Design Market<\/a><\/li><\/ul>\n\n\n\n<figure class=\"wp-block-embed is-type-video is-provider-youtube wp-block-embed-youtube wp-embed-aspect-16-9 wp-has-aspect-ratio\"><div class=\"wp-block-embed__wrapper\">\n<iframe loading=\"lazy\" title=\"Pr\u00e9sentation de la chaise Cesca B32 de Marcel Breuer\" width=\"810\" height=\"456\" src=\"https:\/\/www.youtube.com\/embed\/9oH2T574LMc?feature=oembed\" frameborder=\"0\" allow=\"accelerometer; autoplay; clipboard-write; encrypted-media; gyroscope; picture-in-picture\" allowfullscreen><\/iframe>\n<\/div><figcaption>Cha\u00eene YouTube Antiques MC<\/figcaption><\/figure>\n\n\n\n<h3 class=\"wp-block-heading\"><span class=\"ez-toc-section\" id=\"Comment_reconnaitre_une_vraie_chaise_Breuer_B32\"><\/span><strong>Comment reconna\u00eetre une vraie chaise Breuer B32&nbsp;?<\/strong><span class=\"ez-toc-section-end\"><\/span><\/h3>\n\n\n\n<p>La chaise Breuer B32 s\u2019est tr\u00e8s vite faite copi\u00e9e \u00e0 cause de son style et son design. Voici comment on peut reconna\u00eetre une chaise Breuer CESCA authentique&nbsp;:<\/p>\n\n\n\n<ul class=\"wp-block-list\"><li>Le cadre est en un seul tube d\u2019acier rond chrom\u00e9 de 2.5 cm de diam\u00e8tre. Il ne doit pas y avoir de soudure ni de colle.<\/li><li>La chaise B32 ne poss\u00e8de pas de pieds arri\u00e8re.<\/li><li>Le plateau de l\u2019assise est droit sur les chaises originales.<\/li><li>Le logo de la marque KnollStudio ainsi que la signature du designer Marcel Breuer se trouve sur a base de la chaise.<\/li><li>Les patins sont en plastique<\/li><\/ul>\n\n\n\n<figure class=\"wp-block-image size-large\"><img loading=\"lazy\" decoding=\"async\" width=\"1024\" height=\"731\" src=\"https:\/\/www.mobilier-design-occasion.fr\/magazine\/wp-content\/uploads\/2022\/06\/4-3-1024x731.jpg\" alt=\"\" class=\"wp-image-5210\" srcset=\"https:\/\/www.mobilier-design-occasion.fr\/magazine\/wp-content\/uploads\/2022\/06\/4-3-1024x731.jpg 1024w, https:\/\/www.mobilier-design-occasion.fr\/magazine\/wp-content\/uploads\/2022\/06\/4-3-300x214.jpg 300w, https:\/\/www.mobilier-design-occasion.fr\/magazine\/wp-content\/uploads\/2022\/06\/4-3-768x548.jpg 768w, https:\/\/www.mobilier-design-occasion.fr\/magazine\/wp-content\/uploads\/2022\/06\/4-3-810x578.jpg 810w, https:\/\/www.mobilier-design-occasion.fr\/magazine\/wp-content\/uploads\/2022\/06\/4-3-1140x814.jpg 1140w, https:\/\/www.mobilier-design-occasion.fr\/magazine\/wp-content\/uploads\/2022\/06\/4-3.jpg 1500w\" sizes=\"auto, (max-width: 1024px) 100vw, 1024px\" \/><figcaption>\u00a9Knoll<\/figcaption><\/figure>\n","protected":false},"excerpt":{"rendered":"<p>Quelle est l\u2019histoire de la chaise Breuer B32&nbsp;? En 1928, Marcel Breuer, le designer hongrois, d\u00e9cide de cr\u00e9er la chaise B32. C\u2019est l\u2019un des meubles embl\u00e9matiques du designer et aussi du mouvement Bauhaus. C\u2019est une chaise au styl\u00e9 a\u00e9rien sans pied arri\u00e8re. La chaise Breuer B32 est \u00e9galement appel\u00e9e chainse Cantilever ou chaise Cesca, Marcel [&hellip;]<\/p>\n","protected":false},"author":1,"featured_media":5211,"comment_status":"open","ping_status":"open","sticky":false,"template":"","format":"standard","meta":{"footnotes":""},"categories":[2],"tags":[],"class_list":["post-5193","post","type-post","status-publish","format-standard","has-post-thumbnail","hentry","category-tendances"],"yoast_head":"<!-- This site is optimized with the Yoast SEO plugin v27.5 - https:\/\/yoast.com\/product\/yoast-seo-wordpress\/ -->\n<title>La chaise iconique de Knoll que tout le monde veut: la B32 Cesca de Marcel Breuer! - Mobilier Design Magazine<\/title>\n<meta name=\"robots\" content=\"index, follow, max-snippet:-1, max-image-preview:large, max-video-preview:-1\" \/>\n<link rel=\"canonical\" href=\"https:\/\/www.mobilier-design-occasion.fr\/magazine\/la-chaise-iconique-de-knoll-que-tout-le-monde-veut-la-b32-cesca-de-marcel-breuer\/\" \/>\n<meta property=\"og:locale\" content=\"fr_FR\" \/>\n<meta property=\"og:type\" content=\"article\" \/>\n<meta property=\"og:title\" content=\"La chaise iconique de Knoll que tout le monde veut: la B32 Cesca de Marcel Breuer! - Mobilier Design Magazine\" \/>\n<meta property=\"og:description\" content=\"Quelle est l\u2019histoire de la chaise Breuer B32&nbsp;? En 1928, Marcel Breuer, le designer hongrois, d\u00e9cide de cr\u00e9er la chaise B32. C\u2019est l\u2019un des meubles embl\u00e9matiques du designer et aussi du mouvement Bauhaus. C\u2019est une chaise au styl\u00e9 a\u00e9rien sans pied arri\u00e8re. La chaise Breuer B32 est \u00e9galement appel\u00e9e chainse Cantilever ou chaise Cesca, Marcel [&hellip;]\" \/>\n<meta property=\"og:url\" content=\"https:\/\/www.mobilier-design-occasion.fr\/magazine\/la-chaise-iconique-de-knoll-que-tout-le-monde-veut-la-b32-cesca-de-marcel-breuer\/\" \/>\n<meta property=\"og:site_name\" content=\"Mobilier Design Magazine\" \/>\n<meta property=\"article:publisher\" content=\"https:\/\/www.facebook.com\/mobilierdesignoccasion\" \/>\n<meta property=\"article:published_time\" content=\"2022-06-27T08:28:11+00:00\" \/>\n<meta property=\"article:modified_time\" content=\"2023-09-25T13:40:10+00:00\" \/>\n<meta property=\"og:image\" content=\"https:\/\/www.mobilier-design-occasion.fr\/magazine\/wp-content\/uploads\/2022\/06\/a.jpg\" \/>\n\t<meta property=\"og:image:width\" content=\"1650\" \/>\n\t<meta property=\"og:image:height\" content=\"851\" \/>\n\t<meta property=\"og:image:type\" content=\"image\/jpeg\" \/>\n<meta name=\"author\" content=\"Cyrielle Poirot\" \/>\n<meta name=\"twitter:card\" content=\"summary_large_image\" \/>\n<meta name=\"twitter:label1\" content=\"\u00c9crit par\" \/>\n\t<meta name=\"twitter:data1\" content=\"Cyrielle Poirot\" \/>\n\t<meta name=\"twitter:label2\" content=\"Dur\u00e9e de lecture estim\u00e9e\" \/>\n\t<meta name=\"twitter:data2\" content=\"4 minutes\" \/>\n<script type=\"application\/ld+json\" class=\"yoast-schema-graph\">{\"@context\":\"https:\\\/\\\/schema.org\",\"@graph\":[{\"@type\":\"Article\",\"@id\":\"https:\\\/\\\/www.mobilier-design-occasion.fr\\\/magazine\\\/la-chaise-iconique-de-knoll-que-tout-le-monde-veut-la-b32-cesca-de-marcel-breuer\\\/#article\",\"isPartOf\":{\"@id\":\"https:\\\/\\\/www.mobilier-design-occasion.fr\\\/magazine\\\/la-chaise-iconique-de-knoll-que-tout-le-monde-veut-la-b32-cesca-de-marcel-breuer\\\/\"},\"author\":{\"name\":\"Cyrielle Poirot\",\"@id\":\"https:\\\/\\\/www.mobilier-design-occasion.fr\\\/magazine\\\/#\\\/schema\\\/person\\\/5b2e5627a714ddadaaf8c9b886c55eff\"},\"headline\":\"La chaise iconique de Knoll que tout le monde veut: la B32 Cesca de Marcel Breuer!\",\"datePublished\":\"2022-06-27T08:28:11+00:00\",\"dateModified\":\"2023-09-25T13:40:10+00:00\",\"mainEntityOfPage\":{\"@id\":\"https:\\\/\\\/www.mobilier-design-occasion.fr\\\/magazine\\\/la-chaise-iconique-de-knoll-que-tout-le-monde-veut-la-b32-cesca-de-marcel-breuer\\\/\"},\"wordCount\":803,\"commentCount\":4,\"publisher\":{\"@id\":\"https:\\\/\\\/www.mobilier-design-occasion.fr\\\/magazine\\\/#organization\"},\"image\":{\"@id\":\"https:\\\/\\\/www.mobilier-design-occasion.fr\\\/magazine\\\/la-chaise-iconique-de-knoll-que-tout-le-monde-veut-la-b32-cesca-de-marcel-breuer\\\/#primaryimage\"},\"thumbnailUrl\":\"https:\\\/\\\/www.mobilier-design-occasion.fr\\\/magazine\\\/wp-content\\\/uploads\\\/2022\\\/06\\\/a.jpg\",\"articleSection\":[\"Tendances\"],\"inLanguage\":\"fr-FR\",\"potentialAction\":[{\"@type\":\"CommentAction\",\"name\":\"Comment\",\"target\":[\"https:\\\/\\\/www.mobilier-design-occasion.fr\\\/magazine\\\/la-chaise-iconique-de-knoll-que-tout-le-monde-veut-la-b32-cesca-de-marcel-breuer\\\/#respond\"]}]},{\"@type\":\"WebPage\",\"@id\":\"https:\\\/\\\/www.mobilier-design-occasion.fr\\\/magazine\\\/la-chaise-iconique-de-knoll-que-tout-le-monde-veut-la-b32-cesca-de-marcel-breuer\\\/\",\"url\":\"https:\\\/\\\/www.mobilier-design-occasion.fr\\\/magazine\\\/la-chaise-iconique-de-knoll-que-tout-le-monde-veut-la-b32-cesca-de-marcel-breuer\\\/\",\"name\":\"La chaise iconique de Knoll que tout le monde veut: la B32 Cesca de Marcel Breuer! - Mobilier Design Magazine\",\"isPartOf\":{\"@id\":\"https:\\\/\\\/www.mobilier-design-occasion.fr\\\/magazine\\\/#website\"},\"primaryImageOfPage\":{\"@id\":\"https:\\\/\\\/www.mobilier-design-occasion.fr\\\/magazine\\\/la-chaise-iconique-de-knoll-que-tout-le-monde-veut-la-b32-cesca-de-marcel-breuer\\\/#primaryimage\"},\"image\":{\"@id\":\"https:\\\/\\\/www.mobilier-design-occasion.fr\\\/magazine\\\/la-chaise-iconique-de-knoll-que-tout-le-monde-veut-la-b32-cesca-de-marcel-breuer\\\/#primaryimage\"},\"thumbnailUrl\":\"https:\\\/\\\/www.mobilier-design-occasion.fr\\\/magazine\\\/wp-content\\\/uploads\\\/2022\\\/06\\\/a.jpg\",\"datePublished\":\"2022-06-27T08:28:11+00:00\",\"dateModified\":\"2023-09-25T13:40:10+00:00\",\"breadcrumb\":{\"@id\":\"https:\\\/\\\/www.mobilier-design-occasion.fr\\\/magazine\\\/la-chaise-iconique-de-knoll-que-tout-le-monde-veut-la-b32-cesca-de-marcel-breuer\\\/#breadcrumb\"},\"inLanguage\":\"fr-FR\",\"potentialAction\":[{\"@type\":\"ReadAction\",\"target\":[\"https:\\\/\\\/www.mobilier-design-occasion.fr\\\/magazine\\\/la-chaise-iconique-de-knoll-que-tout-le-monde-veut-la-b32-cesca-de-marcel-breuer\\\/\"]}]},{\"@type\":\"ImageObject\",\"inLanguage\":\"fr-FR\",\"@id\":\"https:\\\/\\\/www.mobilier-design-occasion.fr\\\/magazine\\\/la-chaise-iconique-de-knoll-que-tout-le-monde-veut-la-b32-cesca-de-marcel-breuer\\\/#primaryimage\",\"url\":\"https:\\\/\\\/www.mobilier-design-occasion.fr\\\/magazine\\\/wp-content\\\/uploads\\\/2022\\\/06\\\/a.jpg\",\"contentUrl\":\"https:\\\/\\\/www.mobilier-design-occasion.fr\\\/magazine\\\/wp-content\\\/uploads\\\/2022\\\/06\\\/a.jpg\",\"width\":1650,\"height\":851},{\"@type\":\"BreadcrumbList\",\"@id\":\"https:\\\/\\\/www.mobilier-design-occasion.fr\\\/magazine\\\/la-chaise-iconique-de-knoll-que-tout-le-monde-veut-la-b32-cesca-de-marcel-breuer\\\/#breadcrumb\",\"itemListElement\":[{\"@type\":\"ListItem\",\"position\":1,\"name\":\"Accueil\",\"item\":\"https:\\\/\\\/www.mobilier-design-occasion.fr\\\/magazine\\\/\"},{\"@type\":\"ListItem\",\"position\":2,\"name\":\"La chaise iconique de Knoll que tout le monde veut: la B32 Cesca de Marcel Breuer!\"}]},{\"@type\":\"WebSite\",\"@id\":\"https:\\\/\\\/www.mobilier-design-occasion.fr\\\/magazine\\\/#website\",\"url\":\"https:\\\/\\\/www.mobilier-design-occasion.fr\\\/magazine\\\/\",\"name\":\"Mobilier Design Magazine\",\"description\":\"\",\"publisher\":{\"@id\":\"https:\\\/\\\/www.mobilier-design-occasion.fr\\\/magazine\\\/#organization\"},\"potentialAction\":[{\"@type\":\"SearchAction\",\"target\":{\"@type\":\"EntryPoint\",\"urlTemplate\":\"https:\\\/\\\/www.mobilier-design-occasion.fr\\\/magazine\\\/?s={search_term_string}\"},\"query-input\":{\"@type\":\"PropertyValueSpecification\",\"valueRequired\":true,\"valueName\":\"search_term_string\"}}],\"inLanguage\":\"fr-FR\"},{\"@type\":\"Organization\",\"@id\":\"https:\\\/\\\/www.mobilier-design-occasion.fr\\\/magazine\\\/#organization\",\"name\":\"Mobilier Design Magazine\",\"url\":\"https:\\\/\\\/www.mobilier-design-occasion.fr\\\/magazine\\\/\",\"logo\":{\"@type\":\"ImageObject\",\"inLanguage\":\"fr-FR\",\"@id\":\"https:\\\/\\\/www.mobilier-design-occasion.fr\\\/magazine\\\/#\\\/schema\\\/logo\\\/image\\\/\",\"url\":\"https:\\\/\\\/www.mobilier-design-occasion.fr\\\/magazine\\\/wp-content\\\/uploads\\\/2024\\\/02\\\/android-chrome-192x192-1.png\",\"contentUrl\":\"https:\\\/\\\/www.mobilier-design-occasion.fr\\\/magazine\\\/wp-content\\\/uploads\\\/2024\\\/02\\\/android-chrome-192x192-1.png\",\"width\":192,\"height\":192,\"caption\":\"Mobilier Design Magazine\"},\"image\":{\"@id\":\"https:\\\/\\\/www.mobilier-design-occasion.fr\\\/magazine\\\/#\\\/schema\\\/logo\\\/image\\\/\"},\"sameAs\":[\"https:\\\/\\\/www.facebook.com\\\/mobilierdesignoccasion\"]},{\"@type\":\"Person\",\"@id\":\"https:\\\/\\\/www.mobilier-design-occasion.fr\\\/magazine\\\/#\\\/schema\\\/person\\\/5b2e5627a714ddadaaf8c9b886c55eff\",\"name\":\"Cyrielle Poirot\",\"image\":{\"@type\":\"ImageObject\",\"inLanguage\":\"fr-FR\",\"@id\":\"https:\\\/\\\/secure.gravatar.com\\\/avatar\\\/c8d2674e093b06894d8d1dc468b626bd752523471f3ac6e75f7c7a1400d40b4d?s=96&d=mm&r=g\",\"url\":\"https:\\\/\\\/secure.gravatar.com\\\/avatar\\\/c8d2674e093b06894d8d1dc468b626bd752523471f3ac6e75f7c7a1400d40b4d?s=96&d=mm&r=g\",\"contentUrl\":\"https:\\\/\\\/secure.gravatar.com\\\/avatar\\\/c8d2674e093b06894d8d1dc468b626bd752523471f3ac6e75f7c7a1400d40b4d?s=96&d=mm&r=g\",\"caption\":\"Cyrielle Poirot\"},\"description\":\"Cyrielle est passionn\u00e9e par la d\u00e9coration d'int\u00e9rieur et s'est sp\u00e9cialis\u00e9e depuis quelques ann\u00e9es dans l'\u00e9dition du site Mobilier-Design, avec une touche sp\u00e9cifique pour les produits d'occasion.\",\"sameAs\":[\"https:\\\/\\\/www.mobilier-design-occasion.fr\\\/magazine\"],\"url\":\"https:\\\/\\\/www.mobilier-design-occasion.fr\\\/magazine\\\/author\\\/cyrielle\\\/\"}]}<\/script>\n<!-- \/ Yoast SEO plugin. -->","yoast_head_json":{"title":"La chaise iconique de Knoll que tout le monde veut: la B32 Cesca de Marcel Breuer! - Mobilier Design Magazine","robots":{"index":"index","follow":"follow","max-snippet":"max-snippet:-1","max-image-preview":"max-image-preview:large","max-video-preview":"max-video-preview:-1"},"canonical":"https:\/\/www.mobilier-design-occasion.fr\/magazine\/la-chaise-iconique-de-knoll-que-tout-le-monde-veut-la-b32-cesca-de-marcel-breuer\/","og_locale":"fr_FR","og_type":"article","og_title":"La chaise iconique de Knoll que tout le monde veut: la B32 Cesca de Marcel Breuer! - Mobilier Design Magazine","og_description":"Quelle est l\u2019histoire de la chaise Breuer B32&nbsp;? En 1928, Marcel Breuer, le designer hongrois, d\u00e9cide de cr\u00e9er la chaise B32. C\u2019est l\u2019un des meubles embl\u00e9matiques du designer et aussi du mouvement Bauhaus. C\u2019est une chaise au styl\u00e9 a\u00e9rien sans pied arri\u00e8re. La chaise Breuer B32 est \u00e9galement appel\u00e9e chainse Cantilever ou chaise Cesca, Marcel [&hellip;]","og_url":"https:\/\/www.mobilier-design-occasion.fr\/magazine\/la-chaise-iconique-de-knoll-que-tout-le-monde-veut-la-b32-cesca-de-marcel-breuer\/","og_site_name":"Mobilier Design Magazine","article_publisher":"https:\/\/www.facebook.com\/mobilierdesignoccasion","article_published_time":"2022-06-27T08:28:11+00:00","article_modified_time":"2023-09-25T13:40:10+00:00","og_image":[{"width":1650,"height":851,"url":"https:\/\/www.mobilier-design-occasion.fr\/magazine\/wp-content\/uploads\/2022\/06\/a.jpg","type":"image\/jpeg"}],"author":"Cyrielle Poirot","twitter_card":"summary_large_image","twitter_misc":{"\u00c9crit par":"Cyrielle Poirot","Dur\u00e9e de lecture estim\u00e9e":"4 minutes"},"schema":{"@context":"https:\/\/schema.org","@graph":[{"@type":"Article","@id":"https:\/\/www.mobilier-design-occasion.fr\/magazine\/la-chaise-iconique-de-knoll-que-tout-le-monde-veut-la-b32-cesca-de-marcel-breuer\/#article","isPartOf":{"@id":"https:\/\/www.mobilier-design-occasion.fr\/magazine\/la-chaise-iconique-de-knoll-que-tout-le-monde-veut-la-b32-cesca-de-marcel-breuer\/"},"author":{"name":"Cyrielle Poirot","@id":"https:\/\/www.mobilier-design-occasion.fr\/magazine\/#\/schema\/person\/5b2e5627a714ddadaaf8c9b886c55eff"},"headline":"La chaise iconique de Knoll que tout le monde veut: la B32 Cesca de Marcel Breuer!","datePublished":"2022-06-27T08:28:11+00:00","dateModified":"2023-09-25T13:40:10+00:00","mainEntityOfPage":{"@id":"https:\/\/www.mobilier-design-occasion.fr\/magazine\/la-chaise-iconique-de-knoll-que-tout-le-monde-veut-la-b32-cesca-de-marcel-breuer\/"},"wordCount":803,"commentCount":4,"publisher":{"@id":"https:\/\/www.mobilier-design-occasion.fr\/magazine\/#organization"},"image":{"@id":"https:\/\/www.mobilier-design-occasion.fr\/magazine\/la-chaise-iconique-de-knoll-que-tout-le-monde-veut-la-b32-cesca-de-marcel-breuer\/#primaryimage"},"thumbnailUrl":"https:\/\/www.mobilier-design-occasion.fr\/magazine\/wp-content\/uploads\/2022\/06\/a.jpg","articleSection":["Tendances"],"inLanguage":"fr-FR","potentialAction":[{"@type":"CommentAction","name":"Comment","target":["https:\/\/www.mobilier-design-occasion.fr\/magazine\/la-chaise-iconique-de-knoll-que-tout-le-monde-veut-la-b32-cesca-de-marcel-breuer\/#respond"]}]},{"@type":"WebPage","@id":"https:\/\/www.mobilier-design-occasion.fr\/magazine\/la-chaise-iconique-de-knoll-que-tout-le-monde-veut-la-b32-cesca-de-marcel-breuer\/","url":"https:\/\/www.mobilier-design-occasion.fr\/magazine\/la-chaise-iconique-de-knoll-que-tout-le-monde-veut-la-b32-cesca-de-marcel-breuer\/","name":"La chaise iconique de Knoll que tout le monde veut: la B32 Cesca de Marcel Breuer! - Mobilier Design Magazine","isPartOf":{"@id":"https:\/\/www.mobilier-design-occasion.fr\/magazine\/#website"},"primaryImageOfPage":{"@id":"https:\/\/www.mobilier-design-occasion.fr\/magazine\/la-chaise-iconique-de-knoll-que-tout-le-monde-veut-la-b32-cesca-de-marcel-breuer\/#primaryimage"},"image":{"@id":"https:\/\/www.mobilier-design-occasion.fr\/magazine\/la-chaise-iconique-de-knoll-que-tout-le-monde-veut-la-b32-cesca-de-marcel-breuer\/#primaryimage"},"thumbnailUrl":"https:\/\/www.mobilier-design-occasion.fr\/magazine\/wp-content\/uploads\/2022\/06\/a.jpg","datePublished":"2022-06-27T08:28:11+00:00","dateModified":"2023-09-25T13:40:10+00:00","breadcrumb":{"@id":"https:\/\/www.mobilier-design-occasion.fr\/magazine\/la-chaise-iconique-de-knoll-que-tout-le-monde-veut-la-b32-cesca-de-marcel-breuer\/#breadcrumb"},"inLanguage":"fr-FR","potentialAction":[{"@type":"ReadAction","target":["https:\/\/www.mobilier-design-occasion.fr\/magazine\/la-chaise-iconique-de-knoll-que-tout-le-monde-veut-la-b32-cesca-de-marcel-breuer\/"]}]},{"@type":"ImageObject","inLanguage":"fr-FR","@id":"https:\/\/www.mobilier-design-occasion.fr\/magazine\/la-chaise-iconique-de-knoll-que-tout-le-monde-veut-la-b32-cesca-de-marcel-breuer\/#primaryimage","url":"https:\/\/www.mobilier-design-occasion.fr\/magazine\/wp-content\/uploads\/2022\/06\/a.jpg","contentUrl":"https:\/\/www.mobilier-design-occasion.fr\/magazine\/wp-content\/uploads\/2022\/06\/a.jpg","width":1650,"height":851},{"@type":"BreadcrumbList","@id":"https:\/\/www.mobilier-design-occasion.fr\/magazine\/la-chaise-iconique-de-knoll-que-tout-le-monde-veut-la-b32-cesca-de-marcel-breuer\/#breadcrumb","itemListElement":[{"@type":"ListItem","position":1,"name":"Accueil","item":"https:\/\/www.mobilier-design-occasion.fr\/magazine\/"},{"@type":"ListItem","position":2,"name":"La chaise iconique de Knoll que tout le monde veut: la B32 Cesca de Marcel Breuer!"}]},{"@type":"WebSite","@id":"https:\/\/www.mobilier-design-occasion.fr\/magazine\/#website","url":"https:\/\/www.mobilier-design-occasion.fr\/magazine\/","name":"Mobilier Design Magazine","description":"","publisher":{"@id":"https:\/\/www.mobilier-design-occasion.fr\/magazine\/#organization"},"potentialAction":[{"@type":"SearchAction","target":{"@type":"EntryPoint","urlTemplate":"https:\/\/www.mobilier-design-occasion.fr\/magazine\/?s={search_term_string}"},"query-input":{"@type":"PropertyValueSpecification","valueRequired":true,"valueName":"search_term_string"}}],"inLanguage":"fr-FR"},{"@type":"Organization","@id":"https:\/\/www.mobilier-design-occasion.fr\/magazine\/#organization","name":"Mobilier Design Magazine","url":"https:\/\/www.mobilier-design-occasion.fr\/magazine\/","logo":{"@type":"ImageObject","inLanguage":"fr-FR","@id":"https:\/\/www.mobilier-design-occasion.fr\/magazine\/#\/schema\/logo\/image\/","url":"https:\/\/www.mobilier-design-occasion.fr\/magazine\/wp-content\/uploads\/2024\/02\/android-chrome-192x192-1.png","contentUrl":"https:\/\/www.mobilier-design-occasion.fr\/magazine\/wp-content\/uploads\/2024\/02\/android-chrome-192x192-1.png","width":192,"height":192,"caption":"Mobilier Design Magazine"},"image":{"@id":"https:\/\/www.mobilier-design-occasion.fr\/magazine\/#\/schema\/logo\/image\/"},"sameAs":["https:\/\/www.facebook.com\/mobilierdesignoccasion"]},{"@type":"Person","@id":"https:\/\/www.mobilier-design-occasion.fr\/magazine\/#\/schema\/person\/5b2e5627a714ddadaaf8c9b886c55eff","name":"Cyrielle Poirot","image":{"@type":"ImageObject","inLanguage":"fr-FR","@id":"https:\/\/secure.gravatar.com\/avatar\/c8d2674e093b06894d8d1dc468b626bd752523471f3ac6e75f7c7a1400d40b4d?s=96&d=mm&r=g","url":"https:\/\/secure.gravatar.com\/avatar\/c8d2674e093b06894d8d1dc468b626bd752523471f3ac6e75f7c7a1400d40b4d?s=96&d=mm&r=g","contentUrl":"https:\/\/secure.gravatar.com\/avatar\/c8d2674e093b06894d8d1dc468b626bd752523471f3ac6e75f7c7a1400d40b4d?s=96&d=mm&r=g","caption":"Cyrielle Poirot"},"description":"Cyrielle est passionn\u00e9e par la d\u00e9coration d'int\u00e9rieur et s'est sp\u00e9cialis\u00e9e depuis quelques ann\u00e9es dans l'\u00e9dition du site Mobilier-Design, avec une touche sp\u00e9cifique pour les produits d'occasion.","sameAs":["https:\/\/www.mobilier-design-occasion.fr\/magazine"],"url":"https:\/\/www.mobilier-design-occasion.fr\/magazine\/author\/cyrielle\/"}]}},"_links":{"self":[{"href":"https:\/\/www.mobilier-design-occasion.fr\/magazine\/wp-json\/wp\/v2\/posts\/5193","targetHints":{"allow":["GET"]}}],"collection":[{"href":"https:\/\/www.mobilier-design-occasion.fr\/magazine\/wp-json\/wp\/v2\/posts"}],"about":[{"href":"https:\/\/www.mobilier-design-occasion.fr\/magazine\/wp-json\/wp\/v2\/types\/post"}],"author":[{"embeddable":true,"href":"https:\/\/www.mobilier-design-occasion.fr\/magazine\/wp-json\/wp\/v2\/users\/1"}],"replies":[{"embeddable":true,"href":"https:\/\/www.mobilier-design-occasion.fr\/magazine\/wp-json\/wp\/v2\/comments?post=5193"}],"version-history":[{"count":8,"href":"https:\/\/www.mobilier-design-occasion.fr\/magazine\/wp-json\/wp\/v2\/posts\/5193\/revisions"}],"predecessor-version":[{"id":5218,"href":"https:\/\/www.mobilier-design-occasion.fr\/magazine\/wp-json\/wp\/v2\/posts\/5193\/revisions\/5218"}],"wp:featuredmedia":[{"embeddable":true,"href":"https:\/\/www.mobilier-design-occasion.fr\/magazine\/wp-json\/wp\/v2\/media\/5211"}],"wp:attachment":[{"href":"https:\/\/www.mobilier-design-occasion.fr\/magazine\/wp-json\/wp\/v2\/media?parent=5193"}],"wp:term":[{"taxonomy":"category","embeddable":true,"href":"https:\/\/www.mobilier-design-occasion.fr\/magazine\/wp-json\/wp\/v2\/categories?post=5193"},{"taxonomy":"post_tag","embeddable":true,"href":"https:\/\/www.mobilier-design-occasion.fr\/magazine\/wp-json\/wp\/v2\/tags?post=5193"}],"curies":[{"name":"wp","href":"https:\/\/api.w.org\/{rel}","templated":true}]}}