{"id":518,"date":"2023-11-13T06:57:20","date_gmt":"2023-11-13T06:57:20","guid":{"rendered":"https:\/\/www.mobilier-design-occasion.fr\/magazine\/?p=518"},"modified":"2023-11-13T07:01:25","modified_gmt":"2023-11-13T07:01:25","slug":"test-avis-sur-poltronesofa","status":"publish","type":"post","link":"https:\/\/www.mobilier-design-occasion.fr\/magazine\/test-avis-sur-poltronesofa\/","title":{"rendered":"Test &#038; avis sur Poltronesof\u00e0 &#8211; Novembre 2023"},"content":{"rendered":"\n<h3 class=\"wp-block-heading\"><span class=\"ez-toc-section\" id=\"Points_Positifs\"><\/span>Points Positifs<span class=\"ez-toc-section-end\"><\/span><\/h3><div id=\"ez-toc-container\" class=\"ez-toc-v2_0_82_2 counter-hierarchy ez-toc-counter ez-toc-grey ez-toc-container-direction\">\n<div class=\"ez-toc-title-container\">\n<span class=\"ez-toc-title-toggle\"><a href=\"#\" class=\"ez-toc-pull-right ez-toc-btn ez-toc-btn-xs ez-toc-btn-default ez-toc-toggle\" aria-label=\"Toggle Table of Content\"><span class=\"ez-toc-js-icon-con\"><span class=\"\"><span class=\"eztoc-hide\" style=\"display:none;\">Toggle<\/span><span class=\"ez-toc-icon-toggle-span\"><svg style=\"fill: #999;color:#999\" xmlns=\"http:\/\/www.w3.org\/2000\/svg\" class=\"list-377408\" width=\"20px\" height=\"20px\" viewBox=\"0 0 24 24\" fill=\"none\"><path d=\"M6 6H4v2h2V6zm14 0H8v2h12V6zM4 11h2v2H4v-2zm16 0H8v2h12v-2zM4 16h2v2H4v-2zm16 0H8v2h12v-2z\" fill=\"currentColor\"><\/path><\/svg><svg style=\"fill: #999;color:#999\" class=\"arrow-unsorted-368013\" xmlns=\"http:\/\/www.w3.org\/2000\/svg\" width=\"10px\" height=\"10px\" viewBox=\"0 0 24 24\" version=\"1.2\" baseProfile=\"tiny\"><path d=\"M18.2 9.3l-6.2-6.3-6.2 6.3c-.2.2-.3.4-.3.7s.1.5.3.7c.2.2.4.3.7.3h11c.3 0 .5-.1.7-.3.2-.2.3-.5.3-.7s-.1-.5-.3-.7zM5.8 14.7l6.2 6.3 6.2-6.3c.2-.2.3-.5.3-.7s-.1-.5-.3-.7c-.2-.2-.4-.3-.7-.3h-11c-.3 0-.5.1-.7.3-.2.2-.3.5-.3.7s.1.5.3.7z\"\/><\/svg><\/span><\/span><\/span><\/a><\/span><\/div>\n<nav><ul class='ez-toc-list ez-toc-list-level-1 eztoc-toggle-hide-by-default' ><ul class='ez-toc-list-level-3' ><li class='ez-toc-heading-level-3'><a class=\"ez-toc-link ez-toc-heading-1\" href=\"https:\/\/www.mobilier-design-occasion.fr\/magazine\/test-avis-sur-poltronesofa\/#Points_Positifs\" >Points Positifs<\/a><\/li><li class='ez-toc-page-1 ez-toc-heading-level-3'><a class=\"ez-toc-link ez-toc-heading-2\" href=\"https:\/\/www.mobilier-design-occasion.fr\/magazine\/test-avis-sur-poltronesofa\/#Points_Negatifs\" >Points N\u00e9gatifs<\/a><\/li><li class='ez-toc-page-1 ez-toc-heading-level-3'><a class=\"ez-toc-link ez-toc-heading-3\" href=\"https:\/\/www.mobilier-design-occasion.fr\/magazine\/test-avis-sur-poltronesofa\/#Notre_avis\" >Notre avis<\/a><\/li><\/ul><\/li><li class='ez-toc-page-1 ez-toc-heading-level-2'><a class=\"ez-toc-link ez-toc-heading-4\" href=\"https:\/\/www.mobilier-design-occasion.fr\/magazine\/test-avis-sur-poltronesofa\/#Qui_est_Poltronesofa\" >Qui est Poltronesof\u00e0?<\/a><\/li><li class='ez-toc-page-1 ez-toc-heading-level-2'><a class=\"ez-toc-link ez-toc-heading-5\" href=\"https:\/\/www.mobilier-design-occasion.fr\/magazine\/test-avis-sur-poltronesofa\/#La_promesse\" >La promesse<\/a><\/li><li class='ez-toc-page-1 ez-toc-heading-level-2'><a class=\"ez-toc-link ez-toc-heading-6\" href=\"https:\/\/www.mobilier-design-occasion.fr\/magazine\/test-avis-sur-poltronesofa\/#Les_coordonnees_de_Poltronesofa\" >Les coordonn\u00e9es de Poltronesof\u00e0<\/a><ul class='ez-toc-list-level-3' ><li class='ez-toc-heading-level-3'><a class=\"ez-toc-link ez-toc-heading-7\" href=\"https:\/\/www.mobilier-design-occasion.fr\/magazine\/test-avis-sur-poltronesofa\/#Comment_contacter_le_service_client_de_Poltronesofa\" >Comment contacter le service client de Poltronesof\u00e0?<\/a><\/li><\/ul><\/li><li class='ez-toc-page-1 ez-toc-heading-level-2'><a class=\"ez-toc-link ez-toc-heading-8\" href=\"https:\/\/www.mobilier-design-occasion.fr\/magazine\/test-avis-sur-poltronesofa\/#Les_magasins_Poltronesofa\" >Les magasins Poltronesof\u00e0<\/a><\/li><li class='ez-toc-page-1 ez-toc-heading-level-2'><a class=\"ez-toc-link ez-toc-heading-9\" href=\"https:\/\/www.mobilier-design-occasion.fr\/magazine\/test-avis-sur-poltronesofa\/#Les_avis_clients_sur_Poltronesofa\" >Les avis clients sur Poltronesof\u00e0<\/a><ul class='ez-toc-list-level-3' ><li class='ez-toc-heading-level-3'><a class=\"ez-toc-link ez-toc-heading-10\" href=\"https:\/\/www.mobilier-design-occasion.fr\/magazine\/test-avis-sur-poltronesofa\/#Avis_negatifs\" >Avis n\u00e9gatifs<\/a><\/li><li class='ez-toc-page-1 ez-toc-heading-level-3'><a class=\"ez-toc-link ez-toc-heading-11\" href=\"https:\/\/www.mobilier-design-occasion.fr\/magazine\/test-avis-sur-poltronesofa\/#Avis_positifs\" >Avis positifs<\/a><\/li><li class='ez-toc-page-1 ez-toc-heading-level-3'><a class=\"ez-toc-link ez-toc-heading-12\" href=\"https:\/\/www.mobilier-design-occasion.fr\/magazine\/test-avis-sur-poltronesofa\/#Quest-ce_qui_nous_manque\" >Qu&#8217;est-ce qui nous manque?<\/a><\/li><\/ul><\/li><\/ul><\/nav><\/div>\n\n\n\n\n<ol class=\"wp-block-list\">\n<li><strong>Am\u00e9nagement et Accueil en Magasin<\/strong>: Les clients appr\u00e9cient particuli\u00e8rement l&#8217;agencement des magasins et le fait que les vendeurs laissent le temps de d\u00e9couvrir les produits sans pression.<\/li>\n\n\n\n<li><strong>Personnalisation des Produits<\/strong>: Beaucoup de clients ont soulign\u00e9 la possibilit\u00e9 de personnaliser les meubles selon leurs go\u00fbts (dimensions, tissus, etc.).<\/li>\n\n\n\n<li><strong>Qualit\u00e9 du Service Client<\/strong>: Les vendeurs sont d\u00e9crits comme professionnels, sympathiques, et donnent de bons conseils.<\/li>\n\n\n\n<li><strong>Respect des D\u00e9lais de Livraison<\/strong>: Plusieurs avis mettent en avant la ponctualit\u00e9 et l&#8217;efficacit\u00e9 du service de livraison.<\/li>\n\n\n\n<li><strong>Satisfaction G\u00e9n\u00e9rale sur le Produit<\/strong>: Les clients expriment une grande satisfaction quant \u00e0 la qualit\u00e9 et le confort des canap\u00e9s achet\u00e9s.<\/li>\n<\/ol>\n\n\n\n<h3 class=\"wp-block-heading\"><span class=\"ez-toc-section\" id=\"Points_Negatifs\"><\/span>Points N\u00e9gatifs<span class=\"ez-toc-section-end\"><\/span><\/h3>\n\n\n\n<ol class=\"wp-block-list\">\n<li><strong>Probl\u00e8mes de Qualit\u00e9<\/strong>: Quelques clients ont fait part de leur d\u00e9ception concernant la qualit\u00e9 des produits, notamment en ce qui concerne la durabilit\u00e9 des mat\u00e9riaux.<\/li>\n\n\n\n<li><strong>Exp\u00e9riences N\u00e9gatives avec le Service Client<\/strong>: Certains clients ont exprim\u00e9 leur frustration face \u00e0 un service client jug\u00e9 inexistant ou d\u00e9cevant, en particulier en cas de probl\u00e8mes avec les produits.<\/li>\n\n\n\n<li><strong>Manque de Flexibilit\u00e9<\/strong>: Un client a mentionn\u00e9 une exp\u00e9rience n\u00e9gative en tentant de modifier sa commande, soulignant un manque de flexibilit\u00e9 de l&#8217;entreprise.<\/li>\n<\/ol>\n\n\n\n<h3 class=\"wp-block-heading\"><span class=\"ez-toc-section\" id=\"Notre_avis\"><\/span>Notre avis<span class=\"ez-toc-section-end\"><\/span><\/h3>\n\n\n\n<p>En g\u00e9n\u00e9ral, la majorit\u00e9 des clients de poltronesof\u00e0 sont satisfaits de leur exp\u00e9rience d&#8217;achat, saluant notamment la qualit\u00e9 du service en magasin, la possibilit\u00e9 de personnalisation des produits, et la qualit\u00e9 des canap\u00e9s. Cependant, il existe des pr\u00e9occupations concernant la durabilit\u00e9 des produits et le service client en cas de probl\u00e8me. Il semble que l&#8217;entreprise ait un bon score global, mais pourrait b\u00e9n\u00e9ficier d&#8217;am\u00e9liorations dans la gestion des services apr\u00e8s-vente et la qualit\u00e9 des mat\u00e9riaux utilis\u00e9s.<\/p>\n\n\n\n<figure class=\"wp-block-image size-full\"><img loading=\"lazy\" decoding=\"async\" width=\"1006\" height=\"529\" src=\"https:\/\/www.mobilier-design-occasion.fr\/magazine\/wp-content\/uploads\/2023\/11\/image-40.png\" alt=\"\" class=\"wp-image-7009\" srcset=\"https:\/\/www.mobilier-design-occasion.fr\/magazine\/wp-content\/uploads\/2023\/11\/image-40.png 1006w, https:\/\/www.mobilier-design-occasion.fr\/magazine\/wp-content\/uploads\/2023\/11\/image-40-300x158.png 300w, https:\/\/www.mobilier-design-occasion.fr\/magazine\/wp-content\/uploads\/2023\/11\/image-40-768x404.png 768w, https:\/\/www.mobilier-design-occasion.fr\/magazine\/wp-content\/uploads\/2023\/11\/image-40-810x426.png 810w\" sizes=\"auto, (max-width: 1006px) 100vw, 1006px\" \/><\/figure>\n\n\n\n<h2 class=\"wp-block-heading\"><span class=\"ez-toc-section\" id=\"Qui_est_Poltronesofa\"><\/span>Qui est Poltronesof\u00e0?<span class=\"ez-toc-section-end\"><\/span><\/h2>\n\n\n\n<p>Poltronesof\u00e0 est une <strong>marque italienne cr\u00e9\u00e9e<\/strong> en 1995 \u00e0 Forl\u00ec. Cette marque qui conna\u00eet un succ\u00e8s grandissant depuis plus de 30 ans maintenant, est sp\u00e9cialis\u00e9e dans la fabrication et la vente <strong>de canap\u00e9s et de fauteuils en tissu<\/strong>. <\/p>\n\n\n\n<p>Poltronesof\u00e0 est devenu <strong>un leader incontournable<\/strong> en Italie, en France et en Belgique. Leur collection est immense: ils proposent plus de 90 mod\u00e8les avec 300 combinaisons de rev\u00eatement possible! Ce qui offre un large choix et de quoi s&#8217;adapter \u00e0 vos envies et votre int\u00e9rieur. <\/p>\n\n\n\n<div class=\"wp-block-columns is-layout-flex wp-container-core-columns-is-layout-9d6595d7 wp-block-columns-is-layout-flex\">\n<div class=\"wp-block-column is-layout-flow wp-block-column-is-layout-flow\">\n<figure class=\"wp-block-image size-large\"><img loading=\"lazy\" decoding=\"async\" width=\"1024\" height=\"1024\" src=\"https:\/\/www.mobilier-design-occasion.fr\/magazine\/wp-content\/uploads\/2022\/05\/43408201_2263095700368776_5774054582774661120_n-1-1024x1024.jpg\" alt=\"\" class=\"wp-image-4344\" srcset=\"https:\/\/www.mobilier-design-occasion.fr\/magazine\/wp-content\/uploads\/2022\/05\/43408201_2263095700368776_5774054582774661120_n-1-1024x1024.jpg 1024w, https:\/\/www.mobilier-design-occasion.fr\/magazine\/wp-content\/uploads\/2022\/05\/43408201_2263095700368776_5774054582774661120_n-1-300x300.jpg 300w, https:\/\/www.mobilier-design-occasion.fr\/magazine\/wp-content\/uploads\/2022\/05\/43408201_2263095700368776_5774054582774661120_n-1-150x150.jpg 150w, https:\/\/www.mobilier-design-occasion.fr\/magazine\/wp-content\/uploads\/2022\/05\/43408201_2263095700368776_5774054582774661120_n-1-768x768.jpg 768w, https:\/\/www.mobilier-design-occasion.fr\/magazine\/wp-content\/uploads\/2022\/05\/43408201_2263095700368776_5774054582774661120_n-1-810x810.jpg 810w, https:\/\/www.mobilier-design-occasion.fr\/magazine\/wp-content\/uploads\/2022\/05\/43408201_2263095700368776_5774054582774661120_n-1-1140x1140.jpg 1140w, https:\/\/www.mobilier-design-occasion.fr\/magazine\/wp-content\/uploads\/2022\/05\/43408201_2263095700368776_5774054582774661120_n-1.jpg 1200w\" sizes=\"auto, (max-width: 1024px) 100vw, 1024px\" \/><\/figure>\n<\/div>\n\n\n\n<div class=\"wp-block-column is-layout-flow wp-block-column-is-layout-flow\"><\/div>\n<\/div>\n\n\n\n<h2 class=\"wp-block-heading\"><span class=\"ez-toc-section\" id=\"La_promesse\"><\/span>La promesse<span class=\"ez-toc-section-end\"><\/span><\/h2>\n\n\n\n<ul class=\"wp-block-list\">\n<li><strong>Du design haut de gamme<\/strong> <strong>accessible<\/strong><br>Plotronesof\u00e0 d\u00e9mocratise l&#8217;acc\u00e8s au design et aux produits aux de gamme. En ma\u00eetrisant parfaitement ses co\u00fbts de production et en limitant les interm\u00e9diaires, la marque propose des canap\u00e9s et des fauteuils sur mesure \u00e0 des prix abordables.<\/li>\n<\/ul>\n\n\n\n<ul class=\"wp-block-list\">\n<li><strong>Une qualit\u00e9 authentique<\/strong><br>Toute la collection de canap\u00e9s et de fauteuils en tissu sont fabriqu\u00e9s en Italie, \u00e0 Forl\u00ec, l\u00e0 o\u00f9 l&#8217;histoire de la marque a commenc\u00e9. Les pi\u00e8ces en cuir sont quant \u00e0 elles fabriqu\u00e9es dans le Sud de L&#8217;Italie, dans les Pouilles. La marque pr\u00e9serve ainsi le savoir-faire et la qualit\u00e9 italienne.<\/li>\n<\/ul>\n\n\n\n<ul class=\"wp-block-list\">\n<li><strong>Des mod\u00e8les personnalisables<\/strong><br>Les canap\u00e9s et les fauteuils de Plotronesof\u00e0 s&#8217;adaptent \u00e0 vos envies et \u00e0 votre int\u00e9rieur gr\u00e2ce \u00e0 plus de 300 tissus diff\u00e9rents et pr\u00e8s de 35 sortes de cuir. Il est \u00e9galement possible de choisir le confort et de personnaliser les tailles des fauteuils.<\/li>\n<\/ul>\n\n\n\n<ul class=\"wp-block-list\">\n<li><strong>Un service d\u2019exception<\/strong><br>Poltronesof\u00e0 met en place des \u00e9quipes de d\u00e9corateurs d&#8217;int\u00e9rieur form\u00e9s pour vous conseiller dans tous les magasins de la marque afin de vous donner des conseils qualitatifs et vous guider pour r\u00e9aliser l&#8217;achat qui r\u00e9pond le mieux \u00e0 vos besoins.<\/li>\n<\/ul>\n\n\n\n<div class=\"wp-block-columns is-layout-flex wp-container-core-columns-is-layout-9d6595d7 wp-block-columns-is-layout-flex\">\n<div class=\"wp-block-column is-layout-flow wp-block-column-is-layout-flow\">\n<figure class=\"wp-block-image size-full\"><img loading=\"lazy\" decoding=\"async\" width=\"960\" height=\"960\" src=\"https:\/\/www.mobilier-design-occasion.fr\/magazine\/wp-content\/uploads\/2022\/05\/45527664_2308196925858653_8956204218977353728_n.jpg\" alt=\"\" class=\"wp-image-4346\" srcset=\"https:\/\/www.mobilier-design-occasion.fr\/magazine\/wp-content\/uploads\/2022\/05\/45527664_2308196925858653_8956204218977353728_n.jpg 960w, https:\/\/www.mobilier-design-occasion.fr\/magazine\/wp-content\/uploads\/2022\/05\/45527664_2308196925858653_8956204218977353728_n-300x300.jpg 300w, https:\/\/www.mobilier-design-occasion.fr\/magazine\/wp-content\/uploads\/2022\/05\/45527664_2308196925858653_8956204218977353728_n-150x150.jpg 150w, https:\/\/www.mobilier-design-occasion.fr\/magazine\/wp-content\/uploads\/2022\/05\/45527664_2308196925858653_8956204218977353728_n-768x768.jpg 768w, https:\/\/www.mobilier-design-occasion.fr\/magazine\/wp-content\/uploads\/2022\/05\/45527664_2308196925858653_8956204218977353728_n-810x810.jpg 810w\" sizes=\"auto, (max-width: 960px) 100vw, 960px\" \/><\/figure>\n<\/div>\n\n\n\n<div class=\"wp-block-column is-layout-flow wp-block-column-is-layout-flow\"><\/div>\n<\/div>\n\n\n\n<h2 class=\"wp-block-heading\"><span class=\"ez-toc-section\" id=\"Les_coordonnees_de_Poltronesofa\"><\/span>Les coordonn\u00e9es de Poltronesof\u00e0<span class=\"ez-toc-section-end\"><\/span><\/h2>\n\n\n\n<p>Poltronesof\u00e0 utilise <a rel=\"noreferrer noopener\" href=\"https:\/\/www.poltronesofa.com\/fr-FR\/Index\" target=\"_blank\">son site internet<\/a> comme vitrine en ligne pour montrer tous les mod\u00e8les de la collection ainsi que les diff\u00e9rentes personnalisations possibles.<\/p>\n\n\n\n<h3 class=\"wp-block-heading\"><span class=\"ez-toc-section\" id=\"Comment_contacter_le_service_client_de_Poltronesofa\"><\/span>Comment contacter le service client de Poltronesof\u00e0?<span class=\"ez-toc-section-end\"><\/span><\/h3>\n\n\n\n<p>Vous pouvez joindre la marque:<\/p>\n\n\n\n<ul class=\"wp-block-list\">\n<li>via leur <a rel=\"noreferrer noopener\" href=\"https:\/\/www.poltronesofa.com\/fr-FR\/Contacts\" target=\"_blank\">formulaire de contact<\/a> disponible directement sur leur site internet<\/li>\n\n\n\n<li>par mail (directement en Italie): <a rel=\"noreferrer noopener\" href=\"mailto:contatti.suggerimenti@poltronesofa.com\" target=\"_blank\">contatti.suggerimenti@poltronesofa.com<\/a><\/li>\n\n\n\n<li>par t\u00e9l\u00e9phone: <strong>&nbsp;<\/strong>+33 (0) 1 40 90 78 10. En appelant ce&nbsp;num\u00e9ro&nbsp;vous tomberez directement sur les&nbsp;conseillers commerciaux du si\u00e8ge social fran\u00e7ais de Poltronesofa, \u00e0 Puteaux (Paris).<\/li>\n\n\n\n<li>adresse du si\u00e8ge social en Italie: Via Lunga n. 16 cap 40053 Valsamoggia (BO) Italia<\/li>\n<\/ul>\n\n\n\n<p>Contacter <strong>Poltronesof\u00e0<\/strong> via les <strong>r\u00e9seaux sociaux:<\/strong><\/p>\n\n\n\n<ul class=\"wp-block-social-links is-layout-flex wp-block-social-links-is-layout-flex\"><li class=\"wp-social-link wp-social-link-facebook  wp-block-social-link\"><a href=\"https:\/\/www.facebook.com\/poltronesofaspa\" class=\"wp-block-social-link-anchor\"><svg width=\"24\" height=\"24\" viewBox=\"0 0 24 24\" version=\"1.1\" xmlns=\"http:\/\/www.w3.org\/2000\/svg\" aria-hidden=\"true\" focusable=\"false\"><path d=\"M12 2C6.5 2 2 6.5 2 12c0 5 3.7 9.1 8.4 9.9v-7H7.9V12h2.5V9.8c0-2.5 1.5-3.9 3.8-3.9 1.1 0 2.2.2 2.2.2v2.5h-1.3c-1.2 0-1.6.8-1.6 1.6V12h2.8l-.4 2.9h-2.3v7C18.3 21.1 22 17 22 12c0-5.5-4.5-10-10-10z\"><\/path><\/svg><span class=\"wp-block-social-link-label screen-reader-text\">Facebook<\/span><\/a><\/li>\n\n<li class=\"wp-social-link wp-social-link-instagram  wp-block-social-link\"><a href=\"https:\/\/www.instagram.com\/poltronesofa_official\/\" class=\"wp-block-social-link-anchor\"><svg width=\"24\" height=\"24\" viewBox=\"0 0 24 24\" version=\"1.1\" xmlns=\"http:\/\/www.w3.org\/2000\/svg\" aria-hidden=\"true\" focusable=\"false\"><path d=\"M12,4.622c2.403,0,2.688,0.009,3.637,0.052c0.877,0.04,1.354,0.187,1.671,0.31c0.42,0.163,0.72,0.358,1.035,0.673 c0.315,0.315,0.51,0.615,0.673,1.035c0.123,0.317,0.27,0.794,0.31,1.671c0.043,0.949,0.052,1.234,0.052,3.637 s-0.009,2.688-0.052,3.637c-0.04,0.877-0.187,1.354-0.31,1.671c-0.163,0.42-0.358,0.72-0.673,1.035 c-0.315,0.315-0.615,0.51-1.035,0.673c-0.317,0.123-0.794,0.27-1.671,0.31c-0.949,0.043-1.233,0.052-3.637,0.052 s-2.688-0.009-3.637-0.052c-0.877-0.04-1.354-0.187-1.671-0.31c-0.42-0.163-0.72-0.358-1.035-0.673 c-0.315-0.315-0.51-0.615-0.673-1.035c-0.123-0.317-0.27-0.794-0.31-1.671C4.631,14.688,4.622,14.403,4.622,12 s0.009-2.688,0.052-3.637c0.04-0.877,0.187-1.354,0.31-1.671c0.163-0.42,0.358-0.72,0.673-1.035 c0.315-0.315,0.615-0.51,1.035-0.673c0.317-0.123,0.794-0.27,1.671-0.31C9.312,4.631,9.597,4.622,12,4.622 M12,3 C9.556,3,9.249,3.01,8.289,3.054C7.331,3.098,6.677,3.25,6.105,3.472C5.513,3.702,5.011,4.01,4.511,4.511 c-0.5,0.5-0.808,1.002-1.038,1.594C3.25,6.677,3.098,7.331,3.054,8.289C3.01,9.249,3,9.556,3,12c0,2.444,0.01,2.751,0.054,3.711 c0.044,0.958,0.196,1.612,0.418,2.185c0.23,0.592,0.538,1.094,1.038,1.594c0.5,0.5,1.002,0.808,1.594,1.038 c0.572,0.222,1.227,0.375,2.185,0.418C9.249,20.99,9.556,21,12,21s2.751-0.01,3.711-0.054c0.958-0.044,1.612-0.196,2.185-0.418 c0.592-0.23,1.094-0.538,1.594-1.038c0.5-0.5,0.808-1.002,1.038-1.594c0.222-0.572,0.375-1.227,0.418-2.185 C20.99,14.751,21,14.444,21,12s-0.01-2.751-0.054-3.711c-0.044-0.958-0.196-1.612-0.418-2.185c-0.23-0.592-0.538-1.094-1.038-1.594 c-0.5-0.5-1.002-0.808-1.594-1.038c-0.572-0.222-1.227-0.375-2.185-0.418C14.751,3.01,14.444,3,12,3L12,3z M12,7.378 c-2.552,0-4.622,2.069-4.622,4.622S9.448,16.622,12,16.622s4.622-2.069,4.622-4.622S14.552,7.378,12,7.378z M12,15 c-1.657,0-3-1.343-3-3s1.343-3,3-3s3,1.343,3,3S13.657,15,12,15z M16.804,6.116c-0.596,0-1.08,0.484-1.08,1.08 s0.484,1.08,1.08,1.08c0.596,0,1.08-0.484,1.08-1.08S17.401,6.116,16.804,6.116z\"><\/path><\/svg><span class=\"wp-block-social-link-label screen-reader-text\">Instagram<\/span><\/a><\/li>\n\n<li class=\"wp-social-link wp-social-link-youtube  wp-block-social-link\"><a href=\"https:\/\/www.youtube.com\/c\/poltronesofaspa\" class=\"wp-block-social-link-anchor\"><svg width=\"24\" height=\"24\" viewBox=\"0 0 24 24\" version=\"1.1\" xmlns=\"http:\/\/www.w3.org\/2000\/svg\" aria-hidden=\"true\" focusable=\"false\"><path d=\"M21.8,8.001c0,0-0.195-1.378-0.795-1.985c-0.76-0.797-1.613-0.801-2.004-0.847c-2.799-0.202-6.997-0.202-6.997-0.202 h-0.009c0,0-4.198,0-6.997,0.202C4.608,5.216,3.756,5.22,2.995,6.016C2.395,6.623,2.2,8.001,2.2,8.001S2,9.62,2,11.238v1.517 c0,1.618,0.2,3.237,0.2,3.237s0.195,1.378,0.795,1.985c0.761,0.797,1.76,0.771,2.205,0.855c1.6,0.153,6.8,0.201,6.8,0.201 s4.203-0.006,7.001-0.209c0.391-0.047,1.243-0.051,2.004-0.847c0.6-0.607,0.795-1.985,0.795-1.985s0.2-1.618,0.2-3.237v-1.517 C22,9.62,21.8,8.001,21.8,8.001z M9.935,14.594l-0.001-5.62l5.404,2.82L9.935,14.594z\"><\/path><\/svg><span class=\"wp-block-social-link-label screen-reader-text\">YouTube<\/span><\/a><\/li>\n\n<li class=\"wp-social-link wp-social-link-linkedin  wp-block-social-link\"><a href=\"https:\/\/www.linkedin.com\/company\/poltronesofa\/\" class=\"wp-block-social-link-anchor\"><svg width=\"24\" height=\"24\" viewBox=\"0 0 24 24\" version=\"1.1\" xmlns=\"http:\/\/www.w3.org\/2000\/svg\" aria-hidden=\"true\" focusable=\"false\"><path d=\"M19.7,3H4.3C3.582,3,3,3.582,3,4.3v15.4C3,20.418,3.582,21,4.3,21h15.4c0.718,0,1.3-0.582,1.3-1.3V4.3 C21,3.582,20.418,3,19.7,3z M8.339,18.338H5.667v-8.59h2.672V18.338z M7.004,8.574c-0.857,0-1.549-0.694-1.549-1.548 c0-0.855,0.691-1.548,1.549-1.548c0.854,0,1.547,0.694,1.547,1.548C8.551,7.881,7.858,8.574,7.004,8.574z M18.339,18.338h-2.669 v-4.177c0-0.996-0.017-2.278-1.387-2.278c-1.389,0-1.601,1.086-1.601,2.206v4.249h-2.667v-8.59h2.559v1.174h0.037 c0.356-0.675,1.227-1.387,2.526-1.387c2.703,0,3.203,1.779,3.203,4.092V18.338z\"><\/path><\/svg><span class=\"wp-block-social-link-label screen-reader-text\">LinkedIn<\/span><\/a><\/li><\/ul>\n\n\n\n<h2 class=\"wp-block-heading\"><span class=\"ez-toc-section\" id=\"Les_magasins_Poltronesofa\"><\/span>Les magasins Poltronesof\u00e0<span class=\"ez-toc-section-end\"><\/span><\/h2>\n\n\n\n<p>Il n&#8217;est pas possible de commander directement en ligne sur le site de la marque Poltronesof\u00e0. En effet, les achats des canap\u00e9s et des fauteuils se font uniquement dans leurs <strong>boutiques physiques<\/strong> pr\u00e9sentent:<\/p>\n\n\n\n<ul class=\"wp-block-list\">\n<li>en <strong>France<\/strong>: 81 boutiques<\/li>\n\n\n\n<li>en<strong> Italie<\/strong>: 162 boutiques<\/li>\n\n\n\n<li>en <strong>Belgique<\/strong>: 6 boutiques<\/li>\n\n\n\n<li>en <strong>Suisse<\/strong>: 4 boutiques<\/li>\n\n\n\n<li>\u00e0 Chypre: 2 boutiques<\/li>\n\n\n\n<li>\u00e0 Malte: 1 boutique<\/li>\n<\/ul>\n\n\n\n<p>Voici un lien pour vous permettre de trouver la boutique <strong>la plus proche de chez vous<\/strong>: http<a rel=\"noreferrer noopener\" href=\"\/\/www.poltronesofa.com\/fr-FR\/MagasinsSitues\" target=\"_blank\">s:\/\/www.poltronesofa.com\/fr-FR\/MagasinsSitues<\/a><\/p>\n\n\n\n<div class=\"wp-block-columns is-layout-flex wp-container-core-columns-is-layout-9d6595d7 wp-block-columns-is-layout-flex\">\n<div class=\"wp-block-column is-layout-flow wp-block-column-is-layout-flow\">\n<figure class=\"wp-block-image size-large\"><img loading=\"lazy\" decoding=\"async\" width=\"1024\" height=\"1024\" src=\"https:\/\/www.mobilier-design-occasion.fr\/magazine\/wp-content\/uploads\/2022\/05\/37303519_2138001726211508_8852693698962522112_n-1024x1024.jpg\" alt=\"\" class=\"wp-image-4348\" srcset=\"https:\/\/www.mobilier-design-occasion.fr\/magazine\/wp-content\/uploads\/2022\/05\/37303519_2138001726211508_8852693698962522112_n-1024x1024.jpg 1024w, https:\/\/www.mobilier-design-occasion.fr\/magazine\/wp-content\/uploads\/2022\/05\/37303519_2138001726211508_8852693698962522112_n-300x300.jpg 300w, https:\/\/www.mobilier-design-occasion.fr\/magazine\/wp-content\/uploads\/2022\/05\/37303519_2138001726211508_8852693698962522112_n-150x150.jpg 150w, https:\/\/www.mobilier-design-occasion.fr\/magazine\/wp-content\/uploads\/2022\/05\/37303519_2138001726211508_8852693698962522112_n-768x768.jpg 768w, https:\/\/www.mobilier-design-occasion.fr\/magazine\/wp-content\/uploads\/2022\/05\/37303519_2138001726211508_8852693698962522112_n-810x810.jpg 810w, https:\/\/www.mobilier-design-occasion.fr\/magazine\/wp-content\/uploads\/2022\/05\/37303519_2138001726211508_8852693698962522112_n-1140x1140.jpg 1140w, https:\/\/www.mobilier-design-occasion.fr\/magazine\/wp-content\/uploads\/2022\/05\/37303519_2138001726211508_8852693698962522112_n.jpg 1200w\" sizes=\"auto, (max-width: 1024px) 100vw, 1024px\" \/><\/figure>\n<\/div>\n\n\n\n<div class=\"wp-block-column is-layout-flow wp-block-column-is-layout-flow\"><\/div>\n<\/div>\n\n\n\n<h2 class=\"wp-block-heading\"><span class=\"ez-toc-section\" id=\"Les_avis_clients_sur_Poltronesofa\"><\/span>Les avis clients sur Poltronesof\u00e0<span class=\"ez-toc-section-end\"><\/span><\/h2>\n\n\n\n<p>Que pensent les clients de la marque Poltronesof\u00e0?<br><strong>Sur Trustpilot la note de la marque est de 4.6\/5, bas\u00e9e  sur plus de 45.000 avis \u00e0 ce jour, ce qui est une excellente note. <\/strong><\/p>\n\n\n\n<p>Mais analysons cela en d\u00e9tail.<\/p>\n\n\n\n<h3 class=\"wp-block-heading\"><span class=\"ez-toc-section\" id=\"Avis_negatifs\"><\/span><strong>Avis n\u00e9gatifs<\/strong><span class=\"ez-toc-section-end\"><\/span><\/h3>\n\n\n\n<p>Apr\u00e8s une analyse en d\u00e9tail des commentaires, voici ce qui ressort le plus des avis n\u00e9gatifs des clients: <\/p>\n\n\n\n<ul class=\"wp-block-list\">\n<li><strong>Produit non conforme : <\/strong>les clients se plaignent d&#8217;avoir re\u00e7u des produits non-conformes \u00e0 leur commande lors de la livraison. <\/li>\n<\/ul>\n\n\n\n<ul class=\"wp-block-list\">\n<li><strong>SAV<\/strong> <strong>inexistant<\/strong>: les clients se plaignent de ne plus avoir de r\u00e9ponses suite \u00e0 leur r\u00e9clamation concernant un produit d\u00e9fectueux. <\/li>\n<\/ul>\n\n\n\n<ul class=\"wp-block-list\">\n<li><strong>D\u00e9lais de livraison<\/strong> : les d\u00e9lais de livraison sont visiblement de plus en plus longs et la date annonc\u00e9e au moment de passer la commande n&#8217;est visiblement pas respect\u00e9e dans de nombreux cas. <\/li>\n<\/ul>\n\n\n\n<div style=\"height:100px\" aria-hidden=\"true\" class=\"wp-block-spacer\"><\/div>\n\n\n\n<blockquote class=\"wp-block-quote is-layout-flow wp-block-quote-is-layout-flow\">\n<p>Livraison non conforme, r\u00e9clamation faite ; aucune r\u00e9ponse depuis 10 jours<\/p>\n<cite><a rel=\"noreferrer noopener\" href=\"https:\/\/www.google.com\/maps\/contrib\/103160252716507698118\/reviews?hl=fr-BE\" target=\"_blank\">Claude H<\/a>.<\/cite><\/blockquote>\n\n\n\n<blockquote class=\"wp-block-quote is-layout-flow wp-block-quote-is-layout-flow\">\n<p>Nous n\u2019avons toujours pas re\u00e7u notre canap\u00e9, command\u00e9 il y a plus de 5 mois\u2026 Malgr\u00e9 nos diff\u00e9rentes prises de contact par mail et par t\u00e9l\u00e9phone, aucune explication ou date de future livraison ne nous a \u00e9t\u00e9 transmises\u2026 \u00e0 chaque fois, le personnel du magasin nous promet de r\u00e9pondre dans quelques jours, mais\u2026Nous sommes confront\u00e9s \u00e0 un grand manque de professionnalisme dont nous n\u2019avions jamais eu l\u2019exp\u00e9rience auparavant avec d\u2019autres magasins.<\/p>\n<cite>Cyrus<\/cite><\/blockquote>\n\n\n\n<blockquote class=\"wp-block-quote is-layout-flow wp-block-quote-is-layout-flow\">\n<p>Trop d\u00e9\u00e7us, apr\u00e8s l&#8217;installation du canap\u00e9 et les livreurs partis, nous avions constat\u00e9 une assise enfonc\u00e9e, des assises qui ne sont pas toutes align\u00e9es de la m\u00eame fa\u00e7on, un pied qui ne touche pas le sol !! Cela fait 2 mois et impossible d&#8217;avoir un contact raisonnable avec le magasin du Mans, ils se renvoient la balle entre vendeurs et nous n&#8217;obtenons aucun recours possible.<\/p>\n<cite>Carole B<\/cite><\/blockquote>\n\n\n\n<blockquote class=\"wp-block-quote is-layout-flow wp-block-quote-is-layout-flow\">\n<p>Nous avons command\u00e9 un canap\u00e9 fin 2021. L&#8217;accueil a \u00e9t\u00e9 tr\u00e8s bien et le vendeur tr\u00e8s comp\u00e9tent. Notre choix c&#8217;est port\u00e9 sur un canap\u00e9 d&#8217;angle qui nous paraissait parfait.<\/p>\n\n\n\n<p>Fin f\u00e9vrier nous avons re\u00e7ut notre canap\u00e9 et apr\u00e8s montage rien \u00e0 voir avec ce qui a \u00e9t\u00e9 command\u00e9. Les angles des coussins sont creux par manque de rembourage, Le dossiers ne sont pas align\u00e9s avec les t\u00eati\u00e8re. Pour les tissus recouvrant la partie basse de la structure, les scratch tiennent \u00e0 moiti\u00e9 et encore par faute de rembourage le tissus fait &#8220;des vagues&#8221;.<\/p>\n\n\n\n<p>Le tissus de l&#8217;assise du pouf est trop court. Quand on ouvre le coffre, sous l&#8217;assise on vois le tisus bien positionn\u00e9 et droit alors que de l&#8217;autre cot\u00e9 \u00e7a fait une courbe. Comme le tissus est trop court et qu&#8217;il a \u00e9t\u00e9 tendu au max, les coutures commencent \u00e0 s&#8217;ouvrir.<\/p>\n\n\n\n<p>On est extr\u00eament dessus de la qualit\u00e9 du canap\u00e9, quand on le regarde dans son ensemble on se dit vraiment qu&#8217;on a gaspill\u00e9 2500\u20ac. On aurait pr\u00e9f\u00e9r\u00e9 prendre un canap\u00e9 d&#8217;angle \u00e0 1500\u20ac chez Ikea et garder les 1000\u20ac qu&#8217;on a mis en plus pour poltronesofa pour l&#8217;arriv\u00e9 de notre premier b\u00e9b\u00e9 dans un mois.<\/p>\n\n\n\n<p>Le vendeur qui nous a vendu le canap\u00e9 a \u00e9t\u00e9 au top, mais \u00e0 chaque fois il se retrouve confront\u00e9 au non du sav qui est en Italie et qui malgr\u00e9 les photos, malgr\u00e9 l&#8217;avis du technicien venu resserr\u00e9 un pied mal fix\u00e9 et malgr\u00e9 l&#8217;avis du vendeur.<\/p>\n\n\n\n<p>Finalement on nous propose de changer les tissus mais ce ne sera pas suffisant au vu des garnitures qui sont de tr\u00e8s mauvaise qualit\u00e9 et de densit\u00e9 diff\u00e9rente d&#8217;un coussin \u00e0 un autre.<\/p>\n\n\n\n<p>Donc voila, apr\u00e8s avoir vu les jolies publicit\u00e9 ventant le slogan de la marque: &#8220;Poltronesofa, artisan de la qualit\u00e9&#8221;&#8230;&#8230;<\/p>\n\n\n\n<p>Malheureusement on attend encore la qualit\u00e9.<\/p>\n<cite>Toffoufou<\/cite><\/blockquote>\n\n\n\n<div class=\"wp-block-columns is-layout-flex wp-container-core-columns-is-layout-9d6595d7 wp-block-columns-is-layout-flex\">\n<div class=\"wp-block-column is-layout-flow wp-block-column-is-layout-flow\">\n<div class=\"wp-block-columns is-layout-flex wp-container-core-columns-is-layout-9d6595d7 wp-block-columns-is-layout-flex\">\n<div class=\"wp-block-column is-layout-flow wp-block-column-is-layout-flow\">\n<figure class=\"wp-block-image size-large\"><img loading=\"lazy\" decoding=\"async\" width=\"1024\" height=\"1024\" src=\"https:\/\/www.mobilier-design-occasion.fr\/magazine\/wp-content\/uploads\/2022\/05\/68423075_2753295991348742_2824344908729417728_n-1024x1024.jpg\" alt=\"\" class=\"wp-image-4349\" srcset=\"https:\/\/www.mobilier-design-occasion.fr\/magazine\/wp-content\/uploads\/2022\/05\/68423075_2753295991348742_2824344908729417728_n-1024x1024.jpg 1024w, https:\/\/www.mobilier-design-occasion.fr\/magazine\/wp-content\/uploads\/2022\/05\/68423075_2753295991348742_2824344908729417728_n-300x300.jpg 300w, https:\/\/www.mobilier-design-occasion.fr\/magazine\/wp-content\/uploads\/2022\/05\/68423075_2753295991348742_2824344908729417728_n-150x150.jpg 150w, https:\/\/www.mobilier-design-occasion.fr\/magazine\/wp-content\/uploads\/2022\/05\/68423075_2753295991348742_2824344908729417728_n-768x768.jpg 768w, https:\/\/www.mobilier-design-occasion.fr\/magazine\/wp-content\/uploads\/2022\/05\/68423075_2753295991348742_2824344908729417728_n-810x810.jpg 810w, https:\/\/www.mobilier-design-occasion.fr\/magazine\/wp-content\/uploads\/2022\/05\/68423075_2753295991348742_2824344908729417728_n.jpg 1080w\" sizes=\"auto, (max-width: 1024px) 100vw, 1024px\" \/><figcaption class=\"wp-element-caption\">Mon moment pr\u00e9f\u00e9r\u00e9?  Une heure, seulement toi et moi.<\/figcaption><\/figure>\n<\/div>\n\n\n\n<div class=\"wp-block-column is-layout-flow wp-block-column-is-layout-flow\"><\/div>\n<\/div>\n<\/div>\n<\/div>\n\n\n\n<h3 class=\"wp-block-heading\"><span class=\"ez-toc-section\" id=\"Avis_positifs\"><\/span><strong>Avis positifs<\/strong><span class=\"ez-toc-section-end\"><\/span><\/h3>\n\n\n\n<ul class=\"wp-block-list\">\n<li><strong>Des conseils de qualit\u00e9: <\/strong>des conseils constructifs et de qualit\u00e9 pour permettre aux clients de trouver le canap\u00e9 ou le fauteuil de leurs r\u00eaves en fonction de leurs besoins et de leur int\u00e9rieur.<\/li>\n\n\n\n<li><strong>Excellent rapport qualit\u00e9\/prix<\/strong><\/li>\n\n\n\n<li><strong>Beaucoup de mod\u00e8les expos\u00e9s<\/strong> dans les magasins<\/li>\n\n\n\n<li><strong>Accueil chaleureux<\/strong><\/li>\n<\/ul>\n\n\n\n<div style=\"height:100px\" aria-hidden=\"true\" class=\"wp-block-spacer\"><\/div>\n\n\n\n<blockquote class=\"wp-block-quote is-layout-flow wp-block-quote-is-layout-flow\">\n<p>Nous avons \u00e9t\u00e9 accueilli chaleureusement, pris en charge et conseill\u00e9 judicieusement en prenant compte de nos dol\u00e9ances. Un grand merci \u00e0 votre conseiller- C&#8217;est une adresse de magasin que je conseillerai tr\u00e8s volontiers. Acceptez nos chaleureux remerciements.<\/p>\n<cite>J\u00e9r\u00e9mie Zuber<\/cite><\/blockquote>\n\n\n\n<blockquote class=\"wp-block-quote is-layout-flow wp-block-quote-is-layout-flow\">\n<p>Nous avons \u00e9t\u00e9 tr\u00e8s bien accueilli et conseill\u00e9 par Victoria. \u00c7a fait plaisir d&#8217;avoir \u00e0 faire \u00e0 une personne comp\u00e9tente qui conna\u00eet tr\u00e8s bien les produits + sympathique. Mille mercis pour votre accueil. Le canap\u00e9 est vraiment confortable et magnifique.<\/p>\n<cite>Brochot D.<\/cite><\/blockquote>\n\n\n\n<blockquote class=\"wp-block-quote is-layout-flow wp-block-quote-is-layout-flow\">\n<p>Mme Cristina \u00e9tait autant ravie que moi, que j&#8217;aie trouv\u00e9 la composition qu&#8217;il me fallait. Comp\u00e9tence et \u00e9change tr\u00e8s agr\u00e9able.<\/p>\n<cite>Nicolette R.<\/cite><\/blockquote>\n\n\n\n<blockquote class=\"wp-block-quote is-layout-flow wp-block-quote-is-layout-flow\">\n<p>Daniel a \u00e9t\u00e9 parfait et a \u00e9t\u00e9 l&#8217;\u00e9l\u00e9ment fort de notre acte d&#8217;achat. Cet avis reste sous r\u00e9serve que la livraison soit conforme \u00e0 la cde (d\u00e9lai et mod\u00e8le)<\/p>\n\n\n\n<p>En revanche, je regrette l&#8217;affichage des prix qui ne mentionne pas le cout de la livraison\/installation qui n&#8217;est pas neutre sans parler qu&#8217;il n&#8217;y a pas de reprise de l&#8217;ancien.<\/p>\n<cite>Fran\u00e7ois G.<\/cite><\/blockquote>\n\n\n\n<div class=\"wp-block-columns is-layout-flex wp-container-core-columns-is-layout-9d6595d7 wp-block-columns-is-layout-flex\">\n<div class=\"wp-block-column is-layout-flow wp-block-column-is-layout-flow\">\n<figure class=\"wp-block-image size-full\"><img loading=\"lazy\" decoding=\"async\" width=\"767\" height=\"767\" src=\"https:\/\/www.mobilier-design-occasion.fr\/magazine\/wp-content\/uploads\/2021\/04\/171254188_4344938355517823_3547129624755661437_n.jpg\" alt=\"\" class=\"wp-image-4343\" srcset=\"https:\/\/www.mobilier-design-occasion.fr\/magazine\/wp-content\/uploads\/2021\/04\/171254188_4344938355517823_3547129624755661437_n.jpg 767w, https:\/\/www.mobilier-design-occasion.fr\/magazine\/wp-content\/uploads\/2021\/04\/171254188_4344938355517823_3547129624755661437_n-300x300.jpg 300w, https:\/\/www.mobilier-design-occasion.fr\/magazine\/wp-content\/uploads\/2021\/04\/171254188_4344938355517823_3547129624755661437_n-150x150.jpg 150w\" sizes=\"auto, (max-width: 767px) 100vw, 767px\" \/><\/figure>\n<\/div>\n\n\n\n<div class=\"wp-block-column is-layout-flow wp-block-column-is-layout-flow\"><\/div>\n<\/div>\n\n\n\n<h3 class=\"wp-block-heading\"><span class=\"ez-toc-section\" id=\"Quest-ce_qui_nous_manque\"><\/span>Qu&#8217;est-ce qui nous manque?<span class=\"ez-toc-section-end\"><\/span><\/h3>\n\n\n\n<ul class=\"wp-block-list\">\n<li><strong>Un site e-commerce<\/strong> pour pouvoir commander directement en ligne<\/li>\n\n\n\n<li>Plus de <strong>transparence<\/strong> sur les<strong> frais de livraison<\/strong> <\/li>\n\n\n\n<li>Un service apr\u00e8s vente de<strong> qualit\u00e9 <\/strong>et plus<strong> r\u00e9actif<\/strong><\/li>\n\n\n\n<li><strong>Une reprise <\/strong>des anciens canap\u00e9s et fauteuils au moment de la livraison<\/li>\n<\/ul>\n\n\n\n<p><strong>Vous avez test\u00e9 et command\u00e9 chez Poltronesof\u00e0? N\u2019h\u00e9sitez pas \u00e0 nous laisser un commentaire sous cet article pour nous faire part de votre exp\u00e9rience. Gr\u00e2ce \u00e0 votre partage d&#8217;exp\u00e9rience, vous allez aider d&#8217;autres personnes.<\/strong><\/p>\n","protected":false},"excerpt":{"rendered":"<p>Points Positifs Points N\u00e9gatifs Notre avis En g\u00e9n\u00e9ral, la majorit\u00e9 des clients de poltronesof\u00e0 sont satisfaits de leur exp\u00e9rience d&#8217;achat, saluant notamment la qualit\u00e9 du service en magasin, la possibilit\u00e9 de personnalisation des produits, et la qualit\u00e9 des canap\u00e9s. Cependant, il existe des pr\u00e9occupations concernant la durabilit\u00e9 des produits et le service client en cas [&hellip;]<\/p>\n","protected":false},"author":1,"featured_media":4357,"comment_status":"open","ping_status":"open","sticky":false,"template":"","format":"standard","meta":{"footnotes":""},"categories":[8],"tags":[],"class_list":["post-518","post","type-post","status-publish","format-standard","has-post-thumbnail","hentry","category-avis"],"yoast_head":"<!-- This site is optimized with the Yoast SEO plugin v27.4 - https:\/\/yoast.com\/product\/yoast-seo-wordpress\/ -->\n<title>Test &amp; avis sur Poltronesof\u00e0 - Novembre 2023 - Mobilier Design Magazine<\/title>\n<meta name=\"robots\" content=\"index, follow, max-snippet:-1, max-image-preview:large, max-video-preview:-1\" \/>\n<link rel=\"canonical\" href=\"https:\/\/www.mobilier-design-occasion.fr\/magazine\/test-avis-sur-poltronesofa\/\" \/>\n<meta property=\"og:locale\" content=\"fr_FR\" \/>\n<meta property=\"og:type\" content=\"article\" \/>\n<meta property=\"og:title\" content=\"Test &amp; avis sur Poltronesof\u00e0 - Novembre 2023 - Mobilier Design Magazine\" \/>\n<meta property=\"og:description\" content=\"Points Positifs Points N\u00e9gatifs Notre avis En g\u00e9n\u00e9ral, la majorit\u00e9 des clients de poltronesof\u00e0 sont satisfaits de leur exp\u00e9rience d&#8217;achat, saluant notamment la qualit\u00e9 du service en magasin, la possibilit\u00e9 de personnalisation des produits, et la qualit\u00e9 des canap\u00e9s. Cependant, il existe des pr\u00e9occupations concernant la durabilit\u00e9 des produits et le service client en cas [&hellip;]\" \/>\n<meta property=\"og:url\" content=\"https:\/\/www.mobilier-design-occasion.fr\/magazine\/test-avis-sur-poltronesofa\/\" \/>\n<meta property=\"og:site_name\" content=\"Mobilier Design Magazine\" \/>\n<meta property=\"article:publisher\" content=\"https:\/\/www.facebook.com\/mobilierdesignoccasion\" \/>\n<meta property=\"article:published_time\" content=\"2023-11-13T06:57:20+00:00\" \/>\n<meta property=\"article:modified_time\" content=\"2023-11-13T07:01:25+00:00\" \/>\n<meta property=\"og:image\" content=\"https:\/\/www.mobilier-design-occasion.fr\/magazine\/wp-content\/uploads\/2021\/05\/45513719_2308197725858573_7579041518363607040_n.jpg\" \/>\n\t<meta property=\"og:image:width\" content=\"902\" \/>\n\t<meta property=\"og:image:height\" content=\"668\" \/>\n\t<meta property=\"og:image:type\" content=\"image\/jpeg\" \/>\n<meta name=\"author\" content=\"Cyrielle Poirot\" \/>\n<meta name=\"twitter:card\" content=\"summary_large_image\" \/>\n<meta name=\"twitter:label1\" content=\"\u00c9crit par\" \/>\n\t<meta name=\"twitter:data1\" content=\"Cyrielle Poirot\" \/>\n\t<meta name=\"twitter:label2\" content=\"Dur\u00e9e de lecture estim\u00e9e\" \/>\n\t<meta name=\"twitter:data2\" content=\"9 minutes\" \/>\n<script type=\"application\/ld+json\" class=\"yoast-schema-graph\">{\"@context\":\"https:\\\/\\\/schema.org\",\"@graph\":[{\"@type\":\"Article\",\"@id\":\"https:\\\/\\\/www.mobilier-design-occasion.fr\\\/magazine\\\/test-avis-sur-poltronesofa\\\/#article\",\"isPartOf\":{\"@id\":\"https:\\\/\\\/www.mobilier-design-occasion.fr\\\/magazine\\\/test-avis-sur-poltronesofa\\\/\"},\"author\":{\"name\":\"Cyrielle Poirot\",\"@id\":\"https:\\\/\\\/www.mobilier-design-occasion.fr\\\/magazine\\\/#\\\/schema\\\/person\\\/5b2e5627a714ddadaaf8c9b886c55eff\"},\"headline\":\"Test &#038; avis sur Poltronesof\u00e0 &#8211; Novembre 2023\",\"datePublished\":\"2023-11-13T06:57:20+00:00\",\"dateModified\":\"2023-11-13T07:01:25+00:00\",\"mainEntityOfPage\":{\"@id\":\"https:\\\/\\\/www.mobilier-design-occasion.fr\\\/magazine\\\/test-avis-sur-poltronesofa\\\/\"},\"wordCount\":1769,\"commentCount\":19,\"publisher\":{\"@id\":\"https:\\\/\\\/www.mobilier-design-occasion.fr\\\/magazine\\\/#organization\"},\"image\":{\"@id\":\"https:\\\/\\\/www.mobilier-design-occasion.fr\\\/magazine\\\/test-avis-sur-poltronesofa\\\/#primaryimage\"},\"thumbnailUrl\":\"https:\\\/\\\/www.mobilier-design-occasion.fr\\\/magazine\\\/wp-content\\\/uploads\\\/2021\\\/05\\\/45513719_2308197725858573_7579041518363607040_n.jpg\",\"articleSection\":[\"Avis marques d\u00e9co\"],\"inLanguage\":\"fr-FR\",\"potentialAction\":[{\"@type\":\"CommentAction\",\"name\":\"Comment\",\"target\":[\"https:\\\/\\\/www.mobilier-design-occasion.fr\\\/magazine\\\/test-avis-sur-poltronesofa\\\/#respond\"]}]},{\"@type\":\"WebPage\",\"@id\":\"https:\\\/\\\/www.mobilier-design-occasion.fr\\\/magazine\\\/test-avis-sur-poltronesofa\\\/\",\"url\":\"https:\\\/\\\/www.mobilier-design-occasion.fr\\\/magazine\\\/test-avis-sur-poltronesofa\\\/\",\"name\":\"Test & avis sur Poltronesof\u00e0 - Novembre 2023 - Mobilier Design Magazine\",\"isPartOf\":{\"@id\":\"https:\\\/\\\/www.mobilier-design-occasion.fr\\\/magazine\\\/#website\"},\"primaryImageOfPage\":{\"@id\":\"https:\\\/\\\/www.mobilier-design-occasion.fr\\\/magazine\\\/test-avis-sur-poltronesofa\\\/#primaryimage\"},\"image\":{\"@id\":\"https:\\\/\\\/www.mobilier-design-occasion.fr\\\/magazine\\\/test-avis-sur-poltronesofa\\\/#primaryimage\"},\"thumbnailUrl\":\"https:\\\/\\\/www.mobilier-design-occasion.fr\\\/magazine\\\/wp-content\\\/uploads\\\/2021\\\/05\\\/45513719_2308197725858573_7579041518363607040_n.jpg\",\"datePublished\":\"2023-11-13T06:57:20+00:00\",\"dateModified\":\"2023-11-13T07:01:25+00:00\",\"breadcrumb\":{\"@id\":\"https:\\\/\\\/www.mobilier-design-occasion.fr\\\/magazine\\\/test-avis-sur-poltronesofa\\\/#breadcrumb\"},\"inLanguage\":\"fr-FR\",\"potentialAction\":[{\"@type\":\"ReadAction\",\"target\":[\"https:\\\/\\\/www.mobilier-design-occasion.fr\\\/magazine\\\/test-avis-sur-poltronesofa\\\/\"]}]},{\"@type\":\"ImageObject\",\"inLanguage\":\"fr-FR\",\"@id\":\"https:\\\/\\\/www.mobilier-design-occasion.fr\\\/magazine\\\/test-avis-sur-poltronesofa\\\/#primaryimage\",\"url\":\"https:\\\/\\\/www.mobilier-design-occasion.fr\\\/magazine\\\/wp-content\\\/uploads\\\/2021\\\/05\\\/45513719_2308197725858573_7579041518363607040_n.jpg\",\"contentUrl\":\"https:\\\/\\\/www.mobilier-design-occasion.fr\\\/magazine\\\/wp-content\\\/uploads\\\/2021\\\/05\\\/45513719_2308197725858573_7579041518363607040_n.jpg\",\"width\":902,\"height\":668},{\"@type\":\"BreadcrumbList\",\"@id\":\"https:\\\/\\\/www.mobilier-design-occasion.fr\\\/magazine\\\/test-avis-sur-poltronesofa\\\/#breadcrumb\",\"itemListElement\":[{\"@type\":\"ListItem\",\"position\":1,\"name\":\"Accueil\",\"item\":\"https:\\\/\\\/www.mobilier-design-occasion.fr\\\/magazine\\\/\"},{\"@type\":\"ListItem\",\"position\":2,\"name\":\"Test &#038; avis sur Poltronesof\u00e0 &#8211; Novembre 2023\"}]},{\"@type\":\"WebSite\",\"@id\":\"https:\\\/\\\/www.mobilier-design-occasion.fr\\\/magazine\\\/#website\",\"url\":\"https:\\\/\\\/www.mobilier-design-occasion.fr\\\/magazine\\\/\",\"name\":\"Mobilier Design Magazine\",\"description\":\"\",\"publisher\":{\"@id\":\"https:\\\/\\\/www.mobilier-design-occasion.fr\\\/magazine\\\/#organization\"},\"potentialAction\":[{\"@type\":\"SearchAction\",\"target\":{\"@type\":\"EntryPoint\",\"urlTemplate\":\"https:\\\/\\\/www.mobilier-design-occasion.fr\\\/magazine\\\/?s={search_term_string}\"},\"query-input\":{\"@type\":\"PropertyValueSpecification\",\"valueRequired\":true,\"valueName\":\"search_term_string\"}}],\"inLanguage\":\"fr-FR\"},{\"@type\":\"Organization\",\"@id\":\"https:\\\/\\\/www.mobilier-design-occasion.fr\\\/magazine\\\/#organization\",\"name\":\"Mobilier Design Magazine\",\"url\":\"https:\\\/\\\/www.mobilier-design-occasion.fr\\\/magazine\\\/\",\"logo\":{\"@type\":\"ImageObject\",\"inLanguage\":\"fr-FR\",\"@id\":\"https:\\\/\\\/www.mobilier-design-occasion.fr\\\/magazine\\\/#\\\/schema\\\/logo\\\/image\\\/\",\"url\":\"https:\\\/\\\/www.mobilier-design-occasion.fr\\\/magazine\\\/wp-content\\\/uploads\\\/2024\\\/02\\\/android-chrome-192x192-1.png\",\"contentUrl\":\"https:\\\/\\\/www.mobilier-design-occasion.fr\\\/magazine\\\/wp-content\\\/uploads\\\/2024\\\/02\\\/android-chrome-192x192-1.png\",\"width\":192,\"height\":192,\"caption\":\"Mobilier Design Magazine\"},\"image\":{\"@id\":\"https:\\\/\\\/www.mobilier-design-occasion.fr\\\/magazine\\\/#\\\/schema\\\/logo\\\/image\\\/\"},\"sameAs\":[\"https:\\\/\\\/www.facebook.com\\\/mobilierdesignoccasion\"]},{\"@type\":\"Person\",\"@id\":\"https:\\\/\\\/www.mobilier-design-occasion.fr\\\/magazine\\\/#\\\/schema\\\/person\\\/5b2e5627a714ddadaaf8c9b886c55eff\",\"name\":\"Cyrielle Poirot\",\"image\":{\"@type\":\"ImageObject\",\"inLanguage\":\"fr-FR\",\"@id\":\"https:\\\/\\\/secure.gravatar.com\\\/avatar\\\/c8d2674e093b06894d8d1dc468b626bd752523471f3ac6e75f7c7a1400d40b4d?s=96&d=mm&r=g\",\"url\":\"https:\\\/\\\/secure.gravatar.com\\\/avatar\\\/c8d2674e093b06894d8d1dc468b626bd752523471f3ac6e75f7c7a1400d40b4d?s=96&d=mm&r=g\",\"contentUrl\":\"https:\\\/\\\/secure.gravatar.com\\\/avatar\\\/c8d2674e093b06894d8d1dc468b626bd752523471f3ac6e75f7c7a1400d40b4d?s=96&d=mm&r=g\",\"caption\":\"Cyrielle Poirot\"},\"description\":\"Cyrielle est passionn\u00e9e par la d\u00e9coration d'int\u00e9rieur et s'est sp\u00e9cialis\u00e9e depuis quelques ann\u00e9es dans l'\u00e9dition du site Mobilier-Design, avec une touche sp\u00e9cifique pour les produits d'occasion.\",\"sameAs\":[\"https:\\\/\\\/www.mobilier-design-occasion.fr\\\/magazine\"],\"url\":\"https:\\\/\\\/www.mobilier-design-occasion.fr\\\/magazine\\\/author\\\/cyrielle\\\/\"}]}<\/script>\n<!-- \/ Yoast SEO plugin. -->","yoast_head_json":{"title":"Test & avis sur Poltronesof\u00e0 - Novembre 2023 - Mobilier Design Magazine","robots":{"index":"index","follow":"follow","max-snippet":"max-snippet:-1","max-image-preview":"max-image-preview:large","max-video-preview":"max-video-preview:-1"},"canonical":"https:\/\/www.mobilier-design-occasion.fr\/magazine\/test-avis-sur-poltronesofa\/","og_locale":"fr_FR","og_type":"article","og_title":"Test & avis sur Poltronesof\u00e0 - Novembre 2023 - Mobilier Design Magazine","og_description":"Points Positifs Points N\u00e9gatifs Notre avis En g\u00e9n\u00e9ral, la majorit\u00e9 des clients de poltronesof\u00e0 sont satisfaits de leur exp\u00e9rience d&#8217;achat, saluant notamment la qualit\u00e9 du service en magasin, la possibilit\u00e9 de personnalisation des produits, et la qualit\u00e9 des canap\u00e9s. Cependant, il existe des pr\u00e9occupations concernant la durabilit\u00e9 des produits et le service client en cas [&hellip;]","og_url":"https:\/\/www.mobilier-design-occasion.fr\/magazine\/test-avis-sur-poltronesofa\/","og_site_name":"Mobilier Design Magazine","article_publisher":"https:\/\/www.facebook.com\/mobilierdesignoccasion","article_published_time":"2023-11-13T06:57:20+00:00","article_modified_time":"2023-11-13T07:01:25+00:00","og_image":[{"width":902,"height":668,"url":"https:\/\/www.mobilier-design-occasion.fr\/magazine\/wp-content\/uploads\/2021\/05\/45513719_2308197725858573_7579041518363607040_n.jpg","type":"image\/jpeg"}],"author":"Cyrielle Poirot","twitter_card":"summary_large_image","twitter_misc":{"\u00c9crit par":"Cyrielle Poirot","Dur\u00e9e de lecture estim\u00e9e":"9 minutes"},"schema":{"@context":"https:\/\/schema.org","@graph":[{"@type":"Article","@id":"https:\/\/www.mobilier-design-occasion.fr\/magazine\/test-avis-sur-poltronesofa\/#article","isPartOf":{"@id":"https:\/\/www.mobilier-design-occasion.fr\/magazine\/test-avis-sur-poltronesofa\/"},"author":{"name":"Cyrielle Poirot","@id":"https:\/\/www.mobilier-design-occasion.fr\/magazine\/#\/schema\/person\/5b2e5627a714ddadaaf8c9b886c55eff"},"headline":"Test &#038; avis sur Poltronesof\u00e0 &#8211; Novembre 2023","datePublished":"2023-11-13T06:57:20+00:00","dateModified":"2023-11-13T07:01:25+00:00","mainEntityOfPage":{"@id":"https:\/\/www.mobilier-design-occasion.fr\/magazine\/test-avis-sur-poltronesofa\/"},"wordCount":1769,"commentCount":19,"publisher":{"@id":"https:\/\/www.mobilier-design-occasion.fr\/magazine\/#organization"},"image":{"@id":"https:\/\/www.mobilier-design-occasion.fr\/magazine\/test-avis-sur-poltronesofa\/#primaryimage"},"thumbnailUrl":"https:\/\/www.mobilier-design-occasion.fr\/magazine\/wp-content\/uploads\/2021\/05\/45513719_2308197725858573_7579041518363607040_n.jpg","articleSection":["Avis marques d\u00e9co"],"inLanguage":"fr-FR","potentialAction":[{"@type":"CommentAction","name":"Comment","target":["https:\/\/www.mobilier-design-occasion.fr\/magazine\/test-avis-sur-poltronesofa\/#respond"]}]},{"@type":"WebPage","@id":"https:\/\/www.mobilier-design-occasion.fr\/magazine\/test-avis-sur-poltronesofa\/","url":"https:\/\/www.mobilier-design-occasion.fr\/magazine\/test-avis-sur-poltronesofa\/","name":"Test & avis sur Poltronesof\u00e0 - Novembre 2023 - Mobilier Design Magazine","isPartOf":{"@id":"https:\/\/www.mobilier-design-occasion.fr\/magazine\/#website"},"primaryImageOfPage":{"@id":"https:\/\/www.mobilier-design-occasion.fr\/magazine\/test-avis-sur-poltronesofa\/#primaryimage"},"image":{"@id":"https:\/\/www.mobilier-design-occasion.fr\/magazine\/test-avis-sur-poltronesofa\/#primaryimage"},"thumbnailUrl":"https:\/\/www.mobilier-design-occasion.fr\/magazine\/wp-content\/uploads\/2021\/05\/45513719_2308197725858573_7579041518363607040_n.jpg","datePublished":"2023-11-13T06:57:20+00:00","dateModified":"2023-11-13T07:01:25+00:00","breadcrumb":{"@id":"https:\/\/www.mobilier-design-occasion.fr\/magazine\/test-avis-sur-poltronesofa\/#breadcrumb"},"inLanguage":"fr-FR","potentialAction":[{"@type":"ReadAction","target":["https:\/\/www.mobilier-design-occasion.fr\/magazine\/test-avis-sur-poltronesofa\/"]}]},{"@type":"ImageObject","inLanguage":"fr-FR","@id":"https:\/\/www.mobilier-design-occasion.fr\/magazine\/test-avis-sur-poltronesofa\/#primaryimage","url":"https:\/\/www.mobilier-design-occasion.fr\/magazine\/wp-content\/uploads\/2021\/05\/45513719_2308197725858573_7579041518363607040_n.jpg","contentUrl":"https:\/\/www.mobilier-design-occasion.fr\/magazine\/wp-content\/uploads\/2021\/05\/45513719_2308197725858573_7579041518363607040_n.jpg","width":902,"height":668},{"@type":"BreadcrumbList","@id":"https:\/\/www.mobilier-design-occasion.fr\/magazine\/test-avis-sur-poltronesofa\/#breadcrumb","itemListElement":[{"@type":"ListItem","position":1,"name":"Accueil","item":"https:\/\/www.mobilier-design-occasion.fr\/magazine\/"},{"@type":"ListItem","position":2,"name":"Test &#038; avis sur Poltronesof\u00e0 &#8211; Novembre 2023"}]},{"@type":"WebSite","@id":"https:\/\/www.mobilier-design-occasion.fr\/magazine\/#website","url":"https:\/\/www.mobilier-design-occasion.fr\/magazine\/","name":"Mobilier Design Magazine","description":"","publisher":{"@id":"https:\/\/www.mobilier-design-occasion.fr\/magazine\/#organization"},"potentialAction":[{"@type":"SearchAction","target":{"@type":"EntryPoint","urlTemplate":"https:\/\/www.mobilier-design-occasion.fr\/magazine\/?s={search_term_string}"},"query-input":{"@type":"PropertyValueSpecification","valueRequired":true,"valueName":"search_term_string"}}],"inLanguage":"fr-FR"},{"@type":"Organization","@id":"https:\/\/www.mobilier-design-occasion.fr\/magazine\/#organization","name":"Mobilier Design Magazine","url":"https:\/\/www.mobilier-design-occasion.fr\/magazine\/","logo":{"@type":"ImageObject","inLanguage":"fr-FR","@id":"https:\/\/www.mobilier-design-occasion.fr\/magazine\/#\/schema\/logo\/image\/","url":"https:\/\/www.mobilier-design-occasion.fr\/magazine\/wp-content\/uploads\/2024\/02\/android-chrome-192x192-1.png","contentUrl":"https:\/\/www.mobilier-design-occasion.fr\/magazine\/wp-content\/uploads\/2024\/02\/android-chrome-192x192-1.png","width":192,"height":192,"caption":"Mobilier Design Magazine"},"image":{"@id":"https:\/\/www.mobilier-design-occasion.fr\/magazine\/#\/schema\/logo\/image\/"},"sameAs":["https:\/\/www.facebook.com\/mobilierdesignoccasion"]},{"@type":"Person","@id":"https:\/\/www.mobilier-design-occasion.fr\/magazine\/#\/schema\/person\/5b2e5627a714ddadaaf8c9b886c55eff","name":"Cyrielle Poirot","image":{"@type":"ImageObject","inLanguage":"fr-FR","@id":"https:\/\/secure.gravatar.com\/avatar\/c8d2674e093b06894d8d1dc468b626bd752523471f3ac6e75f7c7a1400d40b4d?s=96&d=mm&r=g","url":"https:\/\/secure.gravatar.com\/avatar\/c8d2674e093b06894d8d1dc468b626bd752523471f3ac6e75f7c7a1400d40b4d?s=96&d=mm&r=g","contentUrl":"https:\/\/secure.gravatar.com\/avatar\/c8d2674e093b06894d8d1dc468b626bd752523471f3ac6e75f7c7a1400d40b4d?s=96&d=mm&r=g","caption":"Cyrielle Poirot"},"description":"Cyrielle est passionn\u00e9e par la d\u00e9coration d'int\u00e9rieur et s'est sp\u00e9cialis\u00e9e depuis quelques ann\u00e9es dans l'\u00e9dition du site Mobilier-Design, avec une touche sp\u00e9cifique pour les produits d'occasion.","sameAs":["https:\/\/www.mobilier-design-occasion.fr\/magazine"],"url":"https:\/\/www.mobilier-design-occasion.fr\/magazine\/author\/cyrielle\/"}]}},"_links":{"self":[{"href":"https:\/\/www.mobilier-design-occasion.fr\/magazine\/wp-json\/wp\/v2\/posts\/518","targetHints":{"allow":["GET"]}}],"collection":[{"href":"https:\/\/www.mobilier-design-occasion.fr\/magazine\/wp-json\/wp\/v2\/posts"}],"about":[{"href":"https:\/\/www.mobilier-design-occasion.fr\/magazine\/wp-json\/wp\/v2\/types\/post"}],"author":[{"embeddable":true,"href":"https:\/\/www.mobilier-design-occasion.fr\/magazine\/wp-json\/wp\/v2\/users\/1"}],"replies":[{"embeddable":true,"href":"https:\/\/www.mobilier-design-occasion.fr\/magazine\/wp-json\/wp\/v2\/comments?post=518"}],"version-history":[{"count":23,"href":"https:\/\/www.mobilier-design-occasion.fr\/magazine\/wp-json\/wp\/v2\/posts\/518\/revisions"}],"predecessor-version":[{"id":7013,"href":"https:\/\/www.mobilier-design-occasion.fr\/magazine\/wp-json\/wp\/v2\/posts\/518\/revisions\/7013"}],"wp:featuredmedia":[{"embeddable":true,"href":"https:\/\/www.mobilier-design-occasion.fr\/magazine\/wp-json\/wp\/v2\/media\/4357"}],"wp:attachment":[{"href":"https:\/\/www.mobilier-design-occasion.fr\/magazine\/wp-json\/wp\/v2\/media?parent=518"}],"wp:term":[{"taxonomy":"category","embeddable":true,"href":"https:\/\/www.mobilier-design-occasion.fr\/magazine\/wp-json\/wp\/v2\/categories?post=518"},{"taxonomy":"post_tag","embeddable":true,"href":"https:\/\/www.mobilier-design-occasion.fr\/magazine\/wp-json\/wp\/v2\/tags?post=518"}],"curies":[{"name":"wp","href":"https:\/\/api.w.org\/{rel}","templated":true}]}}