{"id":5039,"date":"2022-06-14T13:09:52","date_gmt":"2022-06-14T13:09:52","guid":{"rendered":"https:\/\/www.mobilier-design-occasion.fr\/magazine\/?p=5039"},"modified":"2023-09-25T13:39:48","modified_gmt":"2023-09-25T13:39:48","slug":"ikea-et-marimekko-cette-nouvelle-collaboration-qui-va-faire-sensation","status":"publish","type":"post","link":"https:\/\/www.mobilier-design-occasion.fr\/magazine\/ikea-et-marimekko-cette-nouvelle-collaboration-qui-va-faire-sensation\/","title":{"rendered":"Ikea et Marimekko: cette nouvelle collaboration qui va faire sensation!"},"content":{"rendered":"\n<p>Lors de la derni\u00e8re \u00e9dition de Fuorisalone \u00e0 Milan, pendant le &#8220;Festival Ikea&#8221;, le g\u00e9ant su\u00e9dois a d\u00e9voil\u00e9 en avant-premi\u00e8re quelques pi\u00e8ces de cette collaboration avec Marimekko. De quoi faire languir les fans&#8230; jusqu&#8217;en mars 2023!<\/p>\n\n\n\n<p>La<strong> maison finlandaise Marimekko<\/strong> a cr\u00e9\u00e9 des imprim\u00e9s uniques sp\u00e9cialement pour cette collaboration, inspir\u00e9s de la <strong>nature<\/strong> et c\u00e9l\u00e9brant <strong>la joie du temps pass\u00e9 \u00e0 l\u2019<a href=\"https:\/\/www.mobilier-design-occasion.fr\/magazine\/fermob-occasion\/\">ext\u00e9rieur<\/a><\/strong>.<\/p>\n\n\n\n<p>Une collection titillant tous les sens, n\u00e9e des rituels de soins de la <strong>culture nordique<\/strong> du sauna.<\/p>\n\n\n\n<h2 class=\"wp-block-heading\"><span class=\"ez-toc-section\" id=\"Qui_est_Marimekko\"><\/span>Qui est Marimekko?<span class=\"ez-toc-section-end\"><\/span><\/h2><div id=\"ez-toc-container\" class=\"ez-toc-v2_0_82_2 counter-hierarchy ez-toc-counter ez-toc-grey ez-toc-container-direction\">\n<div class=\"ez-toc-title-container\">\n<span class=\"ez-toc-title-toggle\"><a href=\"#\" class=\"ez-toc-pull-right ez-toc-btn ez-toc-btn-xs ez-toc-btn-default ez-toc-toggle\" aria-label=\"Toggle Table of Content\"><span class=\"ez-toc-js-icon-con\"><span class=\"\"><span class=\"eztoc-hide\" style=\"display:none;\">Toggle<\/span><span class=\"ez-toc-icon-toggle-span\"><svg style=\"fill: #999;color:#999\" xmlns=\"http:\/\/www.w3.org\/2000\/svg\" class=\"list-377408\" width=\"20px\" height=\"20px\" viewBox=\"0 0 24 24\" fill=\"none\"><path d=\"M6 6H4v2h2V6zm14 0H8v2h12V6zM4 11h2v2H4v-2zm16 0H8v2h12v-2zM4 16h2v2H4v-2zm16 0H8v2h12v-2z\" fill=\"currentColor\"><\/path><\/svg><svg style=\"fill: #999;color:#999\" class=\"arrow-unsorted-368013\" xmlns=\"http:\/\/www.w3.org\/2000\/svg\" width=\"10px\" height=\"10px\" viewBox=\"0 0 24 24\" version=\"1.2\" baseProfile=\"tiny\"><path d=\"M18.2 9.3l-6.2-6.3-6.2 6.3c-.2.2-.3.4-.3.7s.1.5.3.7c.2.2.4.3.7.3h11c.3 0 .5-.1.7-.3.2-.2.3-.5.3-.7s-.1-.5-.3-.7zM5.8 14.7l6.2 6.3 6.2-6.3c.2-.2.3-.5.3-.7s-.1-.5-.3-.7c-.2-.2-.4-.3-.7-.3h-11c-.3 0-.5.1-.7.3-.2.2-.3.5-.3.7s.1.5.3.7z\"\/><\/svg><\/span><\/span><\/span><\/a><\/span><\/div>\n<nav><ul class='ez-toc-list ez-toc-list-level-1 eztoc-toggle-hide-by-default' ><li class='ez-toc-page-1 ez-toc-heading-level-2'><a class=\"ez-toc-link ez-toc-heading-1\" href=\"https:\/\/www.mobilier-design-occasion.fr\/magazine\/ikea-et-marimekko-cette-nouvelle-collaboration-qui-va-faire-sensation\/#Qui_est_Marimekko\" >Qui est Marimekko?<\/a><\/li><li class='ez-toc-page-1 ez-toc-heading-level-2'><a class=\"ez-toc-link ez-toc-heading-2\" href=\"https:\/\/www.mobilier-design-occasion.fr\/magazine\/ikea-et-marimekko-cette-nouvelle-collaboration-qui-va-faire-sensation\/#Une_edition_Marimekko_x_IKEA_ultra_limitee\" >Une \u00e9dition Marimekko x IKEA ultra limit\u00e9e<\/a><ul class='ez-toc-list-level-3' ><li class='ez-toc-heading-level-3'><a class=\"ez-toc-link ez-toc-heading-3\" href=\"https:\/\/www.mobilier-design-occasion.fr\/magazine\/ikea-et-marimekko-cette-nouvelle-collaboration-qui-va-faire-sensation\/#Collaboration_inspiree_de_la_culture_du_sauna\" >Collaboration inspir\u00e9e de la culture du sauna<\/a><\/li><li class='ez-toc-page-1 ez-toc-heading-level-3'><a class=\"ez-toc-link ez-toc-heading-4\" href=\"https:\/\/www.mobilier-design-occasion.fr\/magazine\/ikea-et-marimekko-cette-nouvelle-collaboration-qui-va-faire-sensation\/#Revelation_du_premier_motif_de_la_collection_BASTUA_chez_IKEA\" >R\u00e9v\u00e9lation du premier motif de la collection BASTUA chez IKEA<\/a><\/li><\/ul><\/li><\/ul><\/nav><\/div>\n\n\n\n\n<figure class=\"wp-block-image size-full\"><img loading=\"lazy\" decoding=\"async\" width=\"628\" height=\"696\" src=\"https:\/\/www.mobilier-design-occasion.fr\/magazine\/wp-content\/uploads\/2022\/06\/Capture2.png\" alt=\"\" class=\"wp-image-5042\" srcset=\"https:\/\/www.mobilier-design-occasion.fr\/magazine\/wp-content\/uploads\/2022\/06\/Capture2.png 628w, https:\/\/www.mobilier-design-occasion.fr\/magazine\/wp-content\/uploads\/2022\/06\/Capture2-271x300.png 271w\" sizes=\"auto, (max-width: 628px) 100vw, 628px\" \/><figcaption>\u00a9Marimekko &#8211; Photography by Tony Vaccaro, 1964<\/figcaption><\/figure>\n\n\n\n<p>Peu connue en <a href=\"https:\/\/www.mobilier-design-occasion.fr\/magazine\/test-avis-sur-ripaton\/\">France<\/a> et en Belgique, Marimekko est une <strong>maison de <a href=\"https:\/\/www.mobilier-design-occasion.fr\/magazine\/table-tulipe-knoll-indemodable-du-design\/\">design<\/a> finlandaise<\/strong> r\u00e9put\u00e9e fond\u00e9e en 1951.<\/p>\n\n\n\n<p>Depuis plus de 70 ans,<strong> la cr\u00e9ativit\u00e9<\/strong> et <strong>l&#8217;innovation<\/strong> sont les moteurs de la maison Marimekko et les valeurs fondamentales qui guident tout ce que fait la maison. <\/p>\n\n\n\n<p>Les id\u00e9es audacieuses naissent d&#8217;une multitude d&#8217;influences, comme par exemple:<\/p>\n\n\n\n<ul class=\"wp-block-list\"><li> la nature<\/li><li>les arts<\/li><li>la technologie <\/li><li>la soci\u00e9t\u00e9<\/li><\/ul>\n\n\n\n<p>Marimekko aime explorer de nouvelles fa\u00e7ons de penser et de faire, et aborde chaque nouveau challenge avec enthousiasme. La fondatrice croit tr\u00e8s fort au fait que <strong>la beaut\u00e9 est \u00e0 la port\u00e9e de tout le monde<\/strong>. <\/p>\n\n\n\n<figure class=\"wp-block-embed is-type-rich is-provider-twitter wp-block-embed-twitter\"><div class=\"wp-block-embed__wrapper\">\n<blockquote class=\"twitter-tweet\" data-width=\"550\" data-dnt=\"true\"><p lang=\"en\" dir=\"ltr\">Marimekko? She was the ultimate one hit wonder <a href=\"https:\/\/t.co\/6BDSQqJW18\">pic.twitter.com\/6BDSQqJW18<\/a><\/p>&mdash; camilla franklin (@camillastrator) <a href=\"https:\/\/twitter.com\/camillastrator\/status\/1534927590552502274?ref_src=twsrc%5Etfw\">June 9, 2022<\/a><\/blockquote><script async src=\"https:\/\/platform.twitter.com\/widgets.js\" charset=\"utf-8\"><\/script>\n<\/div><\/figure>\n\n\n\n<p>Les <strong>imprim\u00e9s ray\u00e9s<\/strong>, <strong>\u00e0 carreaux <\/strong>et <strong>floraux<\/strong> aux <strong>couleurs vives<\/strong> constituent un riche h\u00e9ritage artistique. Au fil des collections, les designers ont cr\u00e9\u00e9 plus de<strong> 3 500 motifs <\/strong>imprim\u00e9s, qui ont orn\u00e9 tous les objets, des robes aux sacs en passant par les c\u00e9ramiques et les tissus.<\/p>\n\n\n\n<blockquote class=\"wp-block-quote is-layout-flow wp-block-quote-is-layout-flow\"><p>Marimekko ne s&#8217;int\u00e9resse pas aux tendances de la mode. Nous fabriquons des produits intemporels et durables, qui, par hasard, sont souvent tr\u00e8s \u00e0 la mode.<\/p><cite>Armi Ratia, fondatrice de Marimekko<\/cite><\/blockquote>\n\n\n\n<h2 class=\"wp-block-heading\"><span class=\"ez-toc-section\" id=\"Une_edition_Marimekko_x_IKEA_ultra_limitee\"><\/span>Une \u00e9dition Marimekko x IKEA ultra limit\u00e9e<span class=\"ez-toc-section-end\"><\/span><\/h2>\n\n\n\n<div style=\"height:39px\" aria-hidden=\"true\" class=\"wp-block-spacer\"><\/div>\n\n\n\n<figure class=\"wp-block-embed is-type-video is-provider-youtube wp-block-embed-youtube wp-embed-aspect-16-9 wp-has-aspect-ratio\"><div class=\"wp-block-embed__wrapper\">\n<iframe loading=\"lazy\" title=\"IKEA and Marimekko design collaboration\" width=\"810\" height=\"456\" src=\"https:\/\/www.youtube.com\/embed\/rYahI9Rn-WE?feature=oembed\" frameborder=\"0\" allow=\"accelerometer; autoplay; clipboard-write; encrypted-media; gyroscope; picture-in-picture\" allowfullscreen><\/iframe>\n<\/div><\/figure>\n\n\n\n<p>La collection, qui sera lanc\u00e9e <strong>en mars 2023<\/strong>, associe l&#8217;art de Marimekko au <a href=\"https:\/\/www.mobilier-design-occasion.fr\/magazine\/test-avis-sur-poltronesofa\/\">savoir-faire<\/a> d&#8217;IKEA en mati\u00e8re d&#8217;am\u00e9nagement et de d\u00e9coration int\u00e9rieure.<\/p>\n\n\n\n<h3 class=\"wp-block-heading\"><span class=\"ez-toc-section\" id=\"Collaboration_inspiree_de_la_culture_du_sauna\"><\/span>Collaboration inspir\u00e9e de la culture du sauna<span class=\"ez-toc-section-end\"><\/span><\/h3>\n\n\n\n<p><strong>La collection est pr\u00e9nomm\u00e9e &#8220;BASTUA&#8221;<\/strong>. Ce mot est la traduction du mot &#8220;sauna&#8221; en Sm\u00e5land, lieu o\u00f9 IKEA a \u00e9t\u00e9 fond\u00e9. Le sauna est un endroit incontournable dans la culture nordique, il conna\u00eet un v\u00e9ritable engouement dans le reste de l&#8217;Europe depuis une trentaine d&#8217;ann\u00e9e. D&#8217;ailleurs, le mot finlandais &#8220;sauna&#8221; a \u00e9t\u00e9 adopt\u00e9 par de nombreuses langues. Alors que le mot su\u00e9dois &#8220;bastu&#8221; qui signifie \u00e9galement &#8220;sauna&#8221; est assez peu connu, voir inconnu.<\/p>\n\n\n\n<p>En 2020, <strong>l&#8217;UNESCO <\/strong>a ajout\u00e9 <strong>la culture finlandaise du sauna <\/strong>\u00e0 sa liste repr\u00e9sentative du <strong>patrimoine culturel<\/strong> immat\u00e9riel de l&#8217;humanit\u00e9.<\/p>\n\n\n\n<p>La collection BASTUA est con\u00e7ue pour apporter <strong>de la l\u00e9g\u00e8ret\u00e9<\/strong> et de <strong>la joie<\/strong> dans la vie quotidienne des gens avec ses contradictions entre<strong> le chaud <\/strong>et <strong>le froid<\/strong>, la <strong>simplicit\u00e9 <\/strong>et <strong>l&#8217;audace<\/strong>, le <strong>jeu <\/strong>et le <strong>calme<\/strong>.<\/p>\n\n\n\n<p>Pour cette collaboration unique et sans pr\u00e9c\u00e9dent Marimekko a con\u00e7u des imprim\u00e9s in\u00e9dits distribu\u00e9s en exclusivit\u00e9 sur le site de la marque et \u00e0 travers les magasins du monde entier au printemps 2023. Visiblement les articles de la collaboration Marimekko pour Ikea seront d\u00e9voil\u00e9s au compte-goutte. De quoi nous donner une bonne le\u00e7on de patience \ud83d\ude42<\/p>\n\n\n\n<figure class=\"wp-block-image size-large\"><img loading=\"lazy\" decoding=\"async\" width=\"1024\" height=\"327\" src=\"https:\/\/www.mobilier-design-occasion.fr\/magazine\/wp-content\/uploads\/2022\/06\/Capture-6-1024x327.png\" alt=\"\" class=\"wp-image-5049\" srcset=\"https:\/\/www.mobilier-design-occasion.fr\/magazine\/wp-content\/uploads\/2022\/06\/Capture-6-1024x327.png 1024w, https:\/\/www.mobilier-design-occasion.fr\/magazine\/wp-content\/uploads\/2022\/06\/Capture-6-300x96.png 300w, https:\/\/www.mobilier-design-occasion.fr\/magazine\/wp-content\/uploads\/2022\/06\/Capture-6-768x245.png 768w, https:\/\/www.mobilier-design-occasion.fr\/magazine\/wp-content\/uploads\/2022\/06\/Capture-6-1536x491.png 1536w, https:\/\/www.mobilier-design-occasion.fr\/magazine\/wp-content\/uploads\/2022\/06\/Capture-6-810x259.png 810w, https:\/\/www.mobilier-design-occasion.fr\/magazine\/wp-content\/uploads\/2022\/06\/Capture-6-1140x364.png 1140w, https:\/\/www.mobilier-design-occasion.fr\/magazine\/wp-content\/uploads\/2022\/06\/Capture-6.png 1853w\" sizes=\"auto, (max-width: 1024px) 100vw, 1024px\" \/><figcaption>\u00a9Marimekko <\/figcaption><\/figure>\n\n\n\n<figure class=\"wp-block-image size-large\"><img loading=\"lazy\" decoding=\"async\" width=\"1024\" height=\"330\" src=\"https:\/\/www.mobilier-design-occasion.fr\/magazine\/wp-content\/uploads\/2022\/06\/Capture-7-1024x330.png\" alt=\"\" class=\"wp-image-5051\" srcset=\"https:\/\/www.mobilier-design-occasion.fr\/magazine\/wp-content\/uploads\/2022\/06\/Capture-7-1024x330.png 1024w, https:\/\/www.mobilier-design-occasion.fr\/magazine\/wp-content\/uploads\/2022\/06\/Capture-7-300x97.png 300w, https:\/\/www.mobilier-design-occasion.fr\/magazine\/wp-content\/uploads\/2022\/06\/Capture-7-768x248.png 768w, https:\/\/www.mobilier-design-occasion.fr\/magazine\/wp-content\/uploads\/2022\/06\/Capture-7-1536x495.png 1536w, https:\/\/www.mobilier-design-occasion.fr\/magazine\/wp-content\/uploads\/2022\/06\/Capture-7-810x261.png 810w, https:\/\/www.mobilier-design-occasion.fr\/magazine\/wp-content\/uploads\/2022\/06\/Capture-7-1140x368.png 1140w, https:\/\/www.mobilier-design-occasion.fr\/magazine\/wp-content\/uploads\/2022\/06\/Capture-7.png 1851w\" sizes=\"auto, (max-width: 1024px) 100vw, 1024px\" \/><figcaption>\u00a9Marimekko <\/figcaption><\/figure>\n\n\n\n<h3 class=\"wp-block-heading\"><span class=\"ez-toc-section\" id=\"Revelation_du_premier_motif_de_la_collection_BASTUA_chez_IKEA\"><\/span>R\u00e9v\u00e9lation du premier motif de la collection BASTUA chez IKEA<span class=\"ez-toc-section-end\"><\/span><\/h3>\n\n\n\n<p>C&#8217;est fin mai, lors du salon Fuorisalone \u00e0 Milan qu&#8217;a \u00e9t\u00e9 r\u00e9v\u00e9l\u00e9 le tout premier motif qui fera partie de la collaboration de Marimekko pour Ikea. <\/p>\n\n\n\n<p>Tous les acteurs de la d\u00e9coration d&#8217;int\u00e9rieur l&#8217;attendaient avec impatience et sa r\u00e9v\u00e9lation a \u00e9t\u00e9 \u00e0 la hauteur des esp\u00e9rances. <\/p>\n\n\n\n<p>Con\u00e7u par<strong><a href=\"https:\/\/lb.affilae.com\/r\/?p=5f61d4e3d0eef3428afb6d9e&amp;af=171&amp;lp=https%3A%2F%2Fwww.madeindesign.com%2Fd-maija-louekari.html%3Feaf-publisher%3Daffilae%26eaf-name%3Dmobilierdesignoccasion-affilae%26eaf-creative%3DContenu%26eaf-creativetype%3D1x1%26eseg-name%3Daffilie%26eseg-item%3DContenu_mobilierdesignoccasion-171%26utm_source%3Daffilae%26utm_medium%3Daffiliation%26utm_campaign%3Dmobilierdesignoccasion%26utm_term%3Dcontenu%26utm_content%3Dcontenu_mobilierdesignoccasion-171\"> Maija Louekari <\/a><\/strong>pour la collection BASTUA d&#8217;Ikea, le motif expressif <strong>Raparperi<\/strong>, qui repr\u00e9sente la rhubarbe, s&#8217;inspire des grandes feuilles de rhubarbe que l&#8217;on voit souvent pousser pr\u00e8s des saunas dans la campagne finlandaise.<\/p>\n\n\n\n<figure class=\"wp-block-image size-large\"><img loading=\"lazy\" decoding=\"async\" width=\"1024\" height=\"662\" src=\"https:\/\/www.mobilier-design-occasion.fr\/magazine\/wp-content\/uploads\/2022\/06\/Capture-5-1024x662.png\" alt=\"\" class=\"wp-image-5046\" srcset=\"https:\/\/www.mobilier-design-occasion.fr\/magazine\/wp-content\/uploads\/2022\/06\/Capture-5-1024x662.png 1024w, https:\/\/www.mobilier-design-occasion.fr\/magazine\/wp-content\/uploads\/2022\/06\/Capture-5-300x194.png 300w, https:\/\/www.mobilier-design-occasion.fr\/magazine\/wp-content\/uploads\/2022\/06\/Capture-5-768x496.png 768w, https:\/\/www.mobilier-design-occasion.fr\/magazine\/wp-content\/uploads\/2022\/06\/Capture-5-810x523.png 810w, https:\/\/www.mobilier-design-occasion.fr\/magazine\/wp-content\/uploads\/2022\/06\/Capture-5-1140x737.png 1140w, https:\/\/www.mobilier-design-occasion.fr\/magazine\/wp-content\/uploads\/2022\/06\/Capture-5.png 1255w\" sizes=\"auto, (max-width: 1024px) 100vw, 1024px\" \/><figcaption>Motif <strong>Raparperi<\/strong> issu de la collaboration Marimekko pour Ikea<\/figcaption><\/figure>\n\n\n\n<p>Ce motif a \u00e9t\u00e9 utilis\u00e9 pour r\u00e9aliser un<strong>&nbsp;rideau de douche en polyester recycl\u00e9.<\/strong>&nbsp;Ce produit a \u00e9t\u00e9 mis en vente en exclusivit\u00e9 et en quantit\u00e9 ultra limit\u00e9e aux visiteurs du salon&nbsp;H22 \u00e0 Helsingborg et du Fuorisalone<\/p>\n\n\n\n<p>Dans tous les cas, cela annonce en avant premi\u00e8re de belles couleurs vives pour le reste de la collection, \u00e0 l&#8217;image et la hauteur de la c\u00e9l\u00e8bre maison finlandaise. <\/p>\n\n\n\n<p><\/p>\n","protected":false},"excerpt":{"rendered":"<p>Lors de la derni\u00e8re \u00e9dition de Fuorisalone \u00e0 Milan, pendant le &#8220;Festival Ikea&#8221;, le g\u00e9ant su\u00e9dois a d\u00e9voil\u00e9 en avant-premi\u00e8re quelques pi\u00e8ces de cette collaboration avec Marimekko. De quoi faire languir les fans&#8230; jusqu&#8217;en mars 2023! La maison finlandaise Marimekko a cr\u00e9\u00e9 des imprim\u00e9s uniques sp\u00e9cialement pour cette collaboration, inspir\u00e9s de la nature et c\u00e9l\u00e9brant [&hellip;]<\/p>\n","protected":false},"author":1,"featured_media":5048,"comment_status":"open","ping_status":"open","sticky":false,"template":"","format":"standard","meta":{"footnotes":""},"categories":[2],"tags":[],"class_list":["post-5039","post","type-post","status-publish","format-standard","has-post-thumbnail","hentry","category-tendances"],"yoast_head":"<!-- This site is optimized with the Yoast SEO plugin v27.5 - https:\/\/yoast.com\/product\/yoast-seo-wordpress\/ -->\n<title>Ikea et Marimekko: cette nouvelle collaboration qui va faire sensation! - Mobilier Design Magazine<\/title>\n<meta name=\"robots\" content=\"index, follow, max-snippet:-1, max-image-preview:large, max-video-preview:-1\" \/>\n<link rel=\"canonical\" href=\"https:\/\/www.mobilier-design-occasion.fr\/magazine\/ikea-et-marimekko-cette-nouvelle-collaboration-qui-va-faire-sensation\/\" \/>\n<meta property=\"og:locale\" content=\"fr_FR\" \/>\n<meta property=\"og:type\" content=\"article\" \/>\n<meta property=\"og:title\" content=\"Ikea et Marimekko: cette nouvelle collaboration qui va faire sensation! - Mobilier Design Magazine\" \/>\n<meta property=\"og:description\" content=\"Lors de la derni\u00e8re \u00e9dition de Fuorisalone \u00e0 Milan, pendant le &#8220;Festival Ikea&#8221;, le g\u00e9ant su\u00e9dois a d\u00e9voil\u00e9 en avant-premi\u00e8re quelques pi\u00e8ces de cette collaboration avec Marimekko. De quoi faire languir les fans&#8230; jusqu&#8217;en mars 2023! La maison finlandaise Marimekko a cr\u00e9\u00e9 des imprim\u00e9s uniques sp\u00e9cialement pour cette collaboration, inspir\u00e9s de la nature et c\u00e9l\u00e9brant [&hellip;]\" \/>\n<meta property=\"og:url\" content=\"https:\/\/www.mobilier-design-occasion.fr\/magazine\/ikea-et-marimekko-cette-nouvelle-collaboration-qui-va-faire-sensation\/\" \/>\n<meta property=\"og:site_name\" content=\"Mobilier Design Magazine\" \/>\n<meta property=\"article:publisher\" content=\"https:\/\/www.facebook.com\/mobilierdesignoccasion\" \/>\n<meta property=\"article:published_time\" content=\"2022-06-14T13:09:52+00:00\" \/>\n<meta property=\"article:modified_time\" content=\"2023-09-25T13:39:48+00:00\" \/>\n<meta property=\"og:image\" content=\"https:\/\/www.mobilier-design-occasion.fr\/magazine\/wp-content\/uploads\/2022\/06\/Capture2-1.png\" \/>\n\t<meta property=\"og:image:width\" content=\"950\" \/>\n\t<meta property=\"og:image:height\" content=\"742\" \/>\n\t<meta property=\"og:image:type\" content=\"image\/png\" \/>\n<meta name=\"author\" content=\"Cyrielle Poirot\" \/>\n<meta name=\"twitter:card\" content=\"summary_large_image\" \/>\n<meta name=\"twitter:label1\" content=\"\u00c9crit par\" \/>\n\t<meta name=\"twitter:data1\" content=\"Cyrielle Poirot\" \/>\n\t<meta name=\"twitter:label2\" content=\"Dur\u00e9e de lecture estim\u00e9e\" \/>\n\t<meta name=\"twitter:data2\" content=\"4 minutes\" \/>\n<script type=\"application\/ld+json\" class=\"yoast-schema-graph\">{\"@context\":\"https:\\\/\\\/schema.org\",\"@graph\":[{\"@type\":\"Article\",\"@id\":\"https:\\\/\\\/www.mobilier-design-occasion.fr\\\/magazine\\\/ikea-et-marimekko-cette-nouvelle-collaboration-qui-va-faire-sensation\\\/#article\",\"isPartOf\":{\"@id\":\"https:\\\/\\\/www.mobilier-design-occasion.fr\\\/magazine\\\/ikea-et-marimekko-cette-nouvelle-collaboration-qui-va-faire-sensation\\\/\"},\"author\":{\"name\":\"Cyrielle Poirot\",\"@id\":\"https:\\\/\\\/www.mobilier-design-occasion.fr\\\/magazine\\\/#\\\/schema\\\/person\\\/5b2e5627a714ddadaaf8c9b886c55eff\"},\"headline\":\"Ikea et Marimekko: cette nouvelle collaboration qui va faire sensation!\",\"datePublished\":\"2022-06-14T13:09:52+00:00\",\"dateModified\":\"2023-09-25T13:39:48+00:00\",\"mainEntityOfPage\":{\"@id\":\"https:\\\/\\\/www.mobilier-design-occasion.fr\\\/magazine\\\/ikea-et-marimekko-cette-nouvelle-collaboration-qui-va-faire-sensation\\\/\"},\"wordCount\":790,\"commentCount\":0,\"publisher\":{\"@id\":\"https:\\\/\\\/www.mobilier-design-occasion.fr\\\/magazine\\\/#organization\"},\"image\":{\"@id\":\"https:\\\/\\\/www.mobilier-design-occasion.fr\\\/magazine\\\/ikea-et-marimekko-cette-nouvelle-collaboration-qui-va-faire-sensation\\\/#primaryimage\"},\"thumbnailUrl\":\"https:\\\/\\\/www.mobilier-design-occasion.fr\\\/magazine\\\/wp-content\\\/uploads\\\/2022\\\/06\\\/Capture2-1.png\",\"articleSection\":[\"Tendances\"],\"inLanguage\":\"fr-FR\",\"potentialAction\":[{\"@type\":\"CommentAction\",\"name\":\"Comment\",\"target\":[\"https:\\\/\\\/www.mobilier-design-occasion.fr\\\/magazine\\\/ikea-et-marimekko-cette-nouvelle-collaboration-qui-va-faire-sensation\\\/#respond\"]}]},{\"@type\":\"WebPage\",\"@id\":\"https:\\\/\\\/www.mobilier-design-occasion.fr\\\/magazine\\\/ikea-et-marimekko-cette-nouvelle-collaboration-qui-va-faire-sensation\\\/\",\"url\":\"https:\\\/\\\/www.mobilier-design-occasion.fr\\\/magazine\\\/ikea-et-marimekko-cette-nouvelle-collaboration-qui-va-faire-sensation\\\/\",\"name\":\"Ikea et Marimekko: cette nouvelle collaboration qui va faire sensation! - Mobilier Design Magazine\",\"isPartOf\":{\"@id\":\"https:\\\/\\\/www.mobilier-design-occasion.fr\\\/magazine\\\/#website\"},\"primaryImageOfPage\":{\"@id\":\"https:\\\/\\\/www.mobilier-design-occasion.fr\\\/magazine\\\/ikea-et-marimekko-cette-nouvelle-collaboration-qui-va-faire-sensation\\\/#primaryimage\"},\"image\":{\"@id\":\"https:\\\/\\\/www.mobilier-design-occasion.fr\\\/magazine\\\/ikea-et-marimekko-cette-nouvelle-collaboration-qui-va-faire-sensation\\\/#primaryimage\"},\"thumbnailUrl\":\"https:\\\/\\\/www.mobilier-design-occasion.fr\\\/magazine\\\/wp-content\\\/uploads\\\/2022\\\/06\\\/Capture2-1.png\",\"datePublished\":\"2022-06-14T13:09:52+00:00\",\"dateModified\":\"2023-09-25T13:39:48+00:00\",\"breadcrumb\":{\"@id\":\"https:\\\/\\\/www.mobilier-design-occasion.fr\\\/magazine\\\/ikea-et-marimekko-cette-nouvelle-collaboration-qui-va-faire-sensation\\\/#breadcrumb\"},\"inLanguage\":\"fr-FR\",\"potentialAction\":[{\"@type\":\"ReadAction\",\"target\":[\"https:\\\/\\\/www.mobilier-design-occasion.fr\\\/magazine\\\/ikea-et-marimekko-cette-nouvelle-collaboration-qui-va-faire-sensation\\\/\"]}]},{\"@type\":\"ImageObject\",\"inLanguage\":\"fr-FR\",\"@id\":\"https:\\\/\\\/www.mobilier-design-occasion.fr\\\/magazine\\\/ikea-et-marimekko-cette-nouvelle-collaboration-qui-va-faire-sensation\\\/#primaryimage\",\"url\":\"https:\\\/\\\/www.mobilier-design-occasion.fr\\\/magazine\\\/wp-content\\\/uploads\\\/2022\\\/06\\\/Capture2-1.png\",\"contentUrl\":\"https:\\\/\\\/www.mobilier-design-occasion.fr\\\/magazine\\\/wp-content\\\/uploads\\\/2022\\\/06\\\/Capture2-1.png\",\"width\":950,\"height\":742},{\"@type\":\"BreadcrumbList\",\"@id\":\"https:\\\/\\\/www.mobilier-design-occasion.fr\\\/magazine\\\/ikea-et-marimekko-cette-nouvelle-collaboration-qui-va-faire-sensation\\\/#breadcrumb\",\"itemListElement\":[{\"@type\":\"ListItem\",\"position\":1,\"name\":\"Accueil\",\"item\":\"https:\\\/\\\/www.mobilier-design-occasion.fr\\\/magazine\\\/\"},{\"@type\":\"ListItem\",\"position\":2,\"name\":\"Ikea et Marimekko: cette nouvelle collaboration qui va faire sensation!\"}]},{\"@type\":\"WebSite\",\"@id\":\"https:\\\/\\\/www.mobilier-design-occasion.fr\\\/magazine\\\/#website\",\"url\":\"https:\\\/\\\/www.mobilier-design-occasion.fr\\\/magazine\\\/\",\"name\":\"Mobilier Design Magazine\",\"description\":\"\",\"publisher\":{\"@id\":\"https:\\\/\\\/www.mobilier-design-occasion.fr\\\/magazine\\\/#organization\"},\"potentialAction\":[{\"@type\":\"SearchAction\",\"target\":{\"@type\":\"EntryPoint\",\"urlTemplate\":\"https:\\\/\\\/www.mobilier-design-occasion.fr\\\/magazine\\\/?s={search_term_string}\"},\"query-input\":{\"@type\":\"PropertyValueSpecification\",\"valueRequired\":true,\"valueName\":\"search_term_string\"}}],\"inLanguage\":\"fr-FR\"},{\"@type\":\"Organization\",\"@id\":\"https:\\\/\\\/www.mobilier-design-occasion.fr\\\/magazine\\\/#organization\",\"name\":\"Mobilier Design Magazine\",\"url\":\"https:\\\/\\\/www.mobilier-design-occasion.fr\\\/magazine\\\/\",\"logo\":{\"@type\":\"ImageObject\",\"inLanguage\":\"fr-FR\",\"@id\":\"https:\\\/\\\/www.mobilier-design-occasion.fr\\\/magazine\\\/#\\\/schema\\\/logo\\\/image\\\/\",\"url\":\"https:\\\/\\\/www.mobilier-design-occasion.fr\\\/magazine\\\/wp-content\\\/uploads\\\/2024\\\/02\\\/android-chrome-192x192-1.png\",\"contentUrl\":\"https:\\\/\\\/www.mobilier-design-occasion.fr\\\/magazine\\\/wp-content\\\/uploads\\\/2024\\\/02\\\/android-chrome-192x192-1.png\",\"width\":192,\"height\":192,\"caption\":\"Mobilier Design Magazine\"},\"image\":{\"@id\":\"https:\\\/\\\/www.mobilier-design-occasion.fr\\\/magazine\\\/#\\\/schema\\\/logo\\\/image\\\/\"},\"sameAs\":[\"https:\\\/\\\/www.facebook.com\\\/mobilierdesignoccasion\"]},{\"@type\":\"Person\",\"@id\":\"https:\\\/\\\/www.mobilier-design-occasion.fr\\\/magazine\\\/#\\\/schema\\\/person\\\/5b2e5627a714ddadaaf8c9b886c55eff\",\"name\":\"Cyrielle Poirot\",\"image\":{\"@type\":\"ImageObject\",\"inLanguage\":\"fr-FR\",\"@id\":\"https:\\\/\\\/secure.gravatar.com\\\/avatar\\\/c8d2674e093b06894d8d1dc468b626bd752523471f3ac6e75f7c7a1400d40b4d?s=96&d=mm&r=g\",\"url\":\"https:\\\/\\\/secure.gravatar.com\\\/avatar\\\/c8d2674e093b06894d8d1dc468b626bd752523471f3ac6e75f7c7a1400d40b4d?s=96&d=mm&r=g\",\"contentUrl\":\"https:\\\/\\\/secure.gravatar.com\\\/avatar\\\/c8d2674e093b06894d8d1dc468b626bd752523471f3ac6e75f7c7a1400d40b4d?s=96&d=mm&r=g\",\"caption\":\"Cyrielle Poirot\"},\"description\":\"Cyrielle est passionn\u00e9e par la d\u00e9coration d'int\u00e9rieur et s'est sp\u00e9cialis\u00e9e depuis quelques ann\u00e9es dans l'\u00e9dition du site Mobilier-Design, avec une touche sp\u00e9cifique pour les produits d'occasion.\",\"sameAs\":[\"https:\\\/\\\/www.mobilier-design-occasion.fr\\\/magazine\"],\"url\":\"https:\\\/\\\/www.mobilier-design-occasion.fr\\\/magazine\\\/author\\\/cyrielle\\\/\"}]}<\/script>\n<!-- \/ Yoast SEO plugin. -->","yoast_head_json":{"title":"Ikea et Marimekko: cette nouvelle collaboration qui va faire sensation! - Mobilier Design Magazine","robots":{"index":"index","follow":"follow","max-snippet":"max-snippet:-1","max-image-preview":"max-image-preview:large","max-video-preview":"max-video-preview:-1"},"canonical":"https:\/\/www.mobilier-design-occasion.fr\/magazine\/ikea-et-marimekko-cette-nouvelle-collaboration-qui-va-faire-sensation\/","og_locale":"fr_FR","og_type":"article","og_title":"Ikea et Marimekko: cette nouvelle collaboration qui va faire sensation! - Mobilier Design Magazine","og_description":"Lors de la derni\u00e8re \u00e9dition de Fuorisalone \u00e0 Milan, pendant le &#8220;Festival Ikea&#8221;, le g\u00e9ant su\u00e9dois a d\u00e9voil\u00e9 en avant-premi\u00e8re quelques pi\u00e8ces de cette collaboration avec Marimekko. De quoi faire languir les fans&#8230; jusqu&#8217;en mars 2023! La maison finlandaise Marimekko a cr\u00e9\u00e9 des imprim\u00e9s uniques sp\u00e9cialement pour cette collaboration, inspir\u00e9s de la nature et c\u00e9l\u00e9brant [&hellip;]","og_url":"https:\/\/www.mobilier-design-occasion.fr\/magazine\/ikea-et-marimekko-cette-nouvelle-collaboration-qui-va-faire-sensation\/","og_site_name":"Mobilier Design Magazine","article_publisher":"https:\/\/www.facebook.com\/mobilierdesignoccasion","article_published_time":"2022-06-14T13:09:52+00:00","article_modified_time":"2023-09-25T13:39:48+00:00","og_image":[{"width":950,"height":742,"url":"https:\/\/www.mobilier-design-occasion.fr\/magazine\/wp-content\/uploads\/2022\/06\/Capture2-1.png","type":"image\/png"}],"author":"Cyrielle Poirot","twitter_card":"summary_large_image","twitter_misc":{"\u00c9crit par":"Cyrielle Poirot","Dur\u00e9e de lecture estim\u00e9e":"4 minutes"},"schema":{"@context":"https:\/\/schema.org","@graph":[{"@type":"Article","@id":"https:\/\/www.mobilier-design-occasion.fr\/magazine\/ikea-et-marimekko-cette-nouvelle-collaboration-qui-va-faire-sensation\/#article","isPartOf":{"@id":"https:\/\/www.mobilier-design-occasion.fr\/magazine\/ikea-et-marimekko-cette-nouvelle-collaboration-qui-va-faire-sensation\/"},"author":{"name":"Cyrielle Poirot","@id":"https:\/\/www.mobilier-design-occasion.fr\/magazine\/#\/schema\/person\/5b2e5627a714ddadaaf8c9b886c55eff"},"headline":"Ikea et Marimekko: cette nouvelle collaboration qui va faire sensation!","datePublished":"2022-06-14T13:09:52+00:00","dateModified":"2023-09-25T13:39:48+00:00","mainEntityOfPage":{"@id":"https:\/\/www.mobilier-design-occasion.fr\/magazine\/ikea-et-marimekko-cette-nouvelle-collaboration-qui-va-faire-sensation\/"},"wordCount":790,"commentCount":0,"publisher":{"@id":"https:\/\/www.mobilier-design-occasion.fr\/magazine\/#organization"},"image":{"@id":"https:\/\/www.mobilier-design-occasion.fr\/magazine\/ikea-et-marimekko-cette-nouvelle-collaboration-qui-va-faire-sensation\/#primaryimage"},"thumbnailUrl":"https:\/\/www.mobilier-design-occasion.fr\/magazine\/wp-content\/uploads\/2022\/06\/Capture2-1.png","articleSection":["Tendances"],"inLanguage":"fr-FR","potentialAction":[{"@type":"CommentAction","name":"Comment","target":["https:\/\/www.mobilier-design-occasion.fr\/magazine\/ikea-et-marimekko-cette-nouvelle-collaboration-qui-va-faire-sensation\/#respond"]}]},{"@type":"WebPage","@id":"https:\/\/www.mobilier-design-occasion.fr\/magazine\/ikea-et-marimekko-cette-nouvelle-collaboration-qui-va-faire-sensation\/","url":"https:\/\/www.mobilier-design-occasion.fr\/magazine\/ikea-et-marimekko-cette-nouvelle-collaboration-qui-va-faire-sensation\/","name":"Ikea et Marimekko: cette nouvelle collaboration qui va faire sensation! - Mobilier Design Magazine","isPartOf":{"@id":"https:\/\/www.mobilier-design-occasion.fr\/magazine\/#website"},"primaryImageOfPage":{"@id":"https:\/\/www.mobilier-design-occasion.fr\/magazine\/ikea-et-marimekko-cette-nouvelle-collaboration-qui-va-faire-sensation\/#primaryimage"},"image":{"@id":"https:\/\/www.mobilier-design-occasion.fr\/magazine\/ikea-et-marimekko-cette-nouvelle-collaboration-qui-va-faire-sensation\/#primaryimage"},"thumbnailUrl":"https:\/\/www.mobilier-design-occasion.fr\/magazine\/wp-content\/uploads\/2022\/06\/Capture2-1.png","datePublished":"2022-06-14T13:09:52+00:00","dateModified":"2023-09-25T13:39:48+00:00","breadcrumb":{"@id":"https:\/\/www.mobilier-design-occasion.fr\/magazine\/ikea-et-marimekko-cette-nouvelle-collaboration-qui-va-faire-sensation\/#breadcrumb"},"inLanguage":"fr-FR","potentialAction":[{"@type":"ReadAction","target":["https:\/\/www.mobilier-design-occasion.fr\/magazine\/ikea-et-marimekko-cette-nouvelle-collaboration-qui-va-faire-sensation\/"]}]},{"@type":"ImageObject","inLanguage":"fr-FR","@id":"https:\/\/www.mobilier-design-occasion.fr\/magazine\/ikea-et-marimekko-cette-nouvelle-collaboration-qui-va-faire-sensation\/#primaryimage","url":"https:\/\/www.mobilier-design-occasion.fr\/magazine\/wp-content\/uploads\/2022\/06\/Capture2-1.png","contentUrl":"https:\/\/www.mobilier-design-occasion.fr\/magazine\/wp-content\/uploads\/2022\/06\/Capture2-1.png","width":950,"height":742},{"@type":"BreadcrumbList","@id":"https:\/\/www.mobilier-design-occasion.fr\/magazine\/ikea-et-marimekko-cette-nouvelle-collaboration-qui-va-faire-sensation\/#breadcrumb","itemListElement":[{"@type":"ListItem","position":1,"name":"Accueil","item":"https:\/\/www.mobilier-design-occasion.fr\/magazine\/"},{"@type":"ListItem","position":2,"name":"Ikea et Marimekko: cette nouvelle collaboration qui va faire sensation!"}]},{"@type":"WebSite","@id":"https:\/\/www.mobilier-design-occasion.fr\/magazine\/#website","url":"https:\/\/www.mobilier-design-occasion.fr\/magazine\/","name":"Mobilier Design Magazine","description":"","publisher":{"@id":"https:\/\/www.mobilier-design-occasion.fr\/magazine\/#organization"},"potentialAction":[{"@type":"SearchAction","target":{"@type":"EntryPoint","urlTemplate":"https:\/\/www.mobilier-design-occasion.fr\/magazine\/?s={search_term_string}"},"query-input":{"@type":"PropertyValueSpecification","valueRequired":true,"valueName":"search_term_string"}}],"inLanguage":"fr-FR"},{"@type":"Organization","@id":"https:\/\/www.mobilier-design-occasion.fr\/magazine\/#organization","name":"Mobilier Design Magazine","url":"https:\/\/www.mobilier-design-occasion.fr\/magazine\/","logo":{"@type":"ImageObject","inLanguage":"fr-FR","@id":"https:\/\/www.mobilier-design-occasion.fr\/magazine\/#\/schema\/logo\/image\/","url":"https:\/\/www.mobilier-design-occasion.fr\/magazine\/wp-content\/uploads\/2024\/02\/android-chrome-192x192-1.png","contentUrl":"https:\/\/www.mobilier-design-occasion.fr\/magazine\/wp-content\/uploads\/2024\/02\/android-chrome-192x192-1.png","width":192,"height":192,"caption":"Mobilier Design Magazine"},"image":{"@id":"https:\/\/www.mobilier-design-occasion.fr\/magazine\/#\/schema\/logo\/image\/"},"sameAs":["https:\/\/www.facebook.com\/mobilierdesignoccasion"]},{"@type":"Person","@id":"https:\/\/www.mobilier-design-occasion.fr\/magazine\/#\/schema\/person\/5b2e5627a714ddadaaf8c9b886c55eff","name":"Cyrielle Poirot","image":{"@type":"ImageObject","inLanguage":"fr-FR","@id":"https:\/\/secure.gravatar.com\/avatar\/c8d2674e093b06894d8d1dc468b626bd752523471f3ac6e75f7c7a1400d40b4d?s=96&d=mm&r=g","url":"https:\/\/secure.gravatar.com\/avatar\/c8d2674e093b06894d8d1dc468b626bd752523471f3ac6e75f7c7a1400d40b4d?s=96&d=mm&r=g","contentUrl":"https:\/\/secure.gravatar.com\/avatar\/c8d2674e093b06894d8d1dc468b626bd752523471f3ac6e75f7c7a1400d40b4d?s=96&d=mm&r=g","caption":"Cyrielle Poirot"},"description":"Cyrielle est passionn\u00e9e par la d\u00e9coration d'int\u00e9rieur et s'est sp\u00e9cialis\u00e9e depuis quelques ann\u00e9es dans l'\u00e9dition du site Mobilier-Design, avec une touche sp\u00e9cifique pour les produits d'occasion.","sameAs":["https:\/\/www.mobilier-design-occasion.fr\/magazine"],"url":"https:\/\/www.mobilier-design-occasion.fr\/magazine\/author\/cyrielle\/"}]}},"_links":{"self":[{"href":"https:\/\/www.mobilier-design-occasion.fr\/magazine\/wp-json\/wp\/v2\/posts\/5039","targetHints":{"allow":["GET"]}}],"collection":[{"href":"https:\/\/www.mobilier-design-occasion.fr\/magazine\/wp-json\/wp\/v2\/posts"}],"about":[{"href":"https:\/\/www.mobilier-design-occasion.fr\/magazine\/wp-json\/wp\/v2\/types\/post"}],"author":[{"embeddable":true,"href":"https:\/\/www.mobilier-design-occasion.fr\/magazine\/wp-json\/wp\/v2\/users\/1"}],"replies":[{"embeddable":true,"href":"https:\/\/www.mobilier-design-occasion.fr\/magazine\/wp-json\/wp\/v2\/comments?post=5039"}],"version-history":[{"count":6,"href":"https:\/\/www.mobilier-design-occasion.fr\/magazine\/wp-json\/wp\/v2\/posts\/5039\/revisions"}],"predecessor-version":[{"id":5053,"href":"https:\/\/www.mobilier-design-occasion.fr\/magazine\/wp-json\/wp\/v2\/posts\/5039\/revisions\/5053"}],"wp:featuredmedia":[{"embeddable":true,"href":"https:\/\/www.mobilier-design-occasion.fr\/magazine\/wp-json\/wp\/v2\/media\/5048"}],"wp:attachment":[{"href":"https:\/\/www.mobilier-design-occasion.fr\/magazine\/wp-json\/wp\/v2\/media?parent=5039"}],"wp:term":[{"taxonomy":"category","embeddable":true,"href":"https:\/\/www.mobilier-design-occasion.fr\/magazine\/wp-json\/wp\/v2\/categories?post=5039"},{"taxonomy":"post_tag","embeddable":true,"href":"https:\/\/www.mobilier-design-occasion.fr\/magazine\/wp-json\/wp\/v2\/tags?post=5039"}],"curies":[{"name":"wp","href":"https:\/\/api.w.org\/{rel}","templated":true}]}}