{"id":4961,"date":"2022-06-09T13:59:44","date_gmt":"2022-06-09T13:59:44","guid":{"rendered":"https:\/\/www.mobilier-design-occasion.fr\/magazine\/?p=4961"},"modified":"2023-09-25T13:39:48","modified_gmt":"2023-09-25T13:39:48","slug":"pollution-de-lair-dans-la-chambre-comment-proteger-nos-enfants","status":"publish","type":"post","link":"https:\/\/www.mobilier-design-occasion.fr\/magazine\/pollution-de-lair-dans-la-chambre-comment-proteger-nos-enfants\/","title":{"rendered":"Pollution de l&#8217;air dans la chambre: comment prot\u00e9ger nos enfants?"},"content":{"rendered":"\n<p>Depuis ses premiers mois, ma fille a des probl\u00e8mes d&#8217;asthme. Sur les conseils de ma p\u00e9diatre, je me suis pench\u00e9e sur son environnement, l\u00e0 o\u00f9 elle passe le plus de temps \u00e0 sa savoir sa <a href=\"https:\/\/www.mobilier-design-occasion.fr\/magazine\/5-elements-pour-amenager-une-chambre-montessori\/\">chambre<\/a>. <\/p>\n\n\n\n<p>A l&#8217;heure actuelle les \u00e9tudes montrent que nos int\u00e9rieurs sont 2 \u00e0 5 fois plus pollu\u00e9s que l&#8217;air <a href=\"https:\/\/www.mobilier-design-occasion.fr\/magazine\/fermob-occasion\/\">ext\u00e9rieur<\/a>. Alors qu&#8217;il existe de nombreuses applications pour nous alerter des pics de pollution, tr\u00e8s peu d&#8217;actions concr\u00e8tes sont r\u00e9alis\u00e9es pour am\u00e9liorer la qualit\u00e9 de l&#8217;air de nos int\u00e9rieurs, sp\u00e9cialement dans les chambres des enfants.<\/p>\n\n\n\n<p>On estime que plus de 40 millions de personnes souffrent aujourd&#8217;hui d&#8217;une forme de maladie environnementale due \u00e0 des r\u00e9actions allergiques ou toxiques \u00e0 diverses substances pr\u00e9sentes dans leur environnement.<\/p>\n\n\n\n<h2 class=\"wp-block-heading\"><span class=\"ez-toc-section\" id=\"Que_peut_provoquer_la_pollution_de_lair_chez_nos_enfants\"><\/span>Que peut provoquer la pollution de l&#8217;air chez nos enfants?<span class=\"ez-toc-section-end\"><\/span><\/h2><div id=\"ez-toc-container\" class=\"ez-toc-v2_0_82_2 counter-hierarchy ez-toc-counter ez-toc-grey ez-toc-container-direction\">\n<div class=\"ez-toc-title-container\">\n<span class=\"ez-toc-title-toggle\"><a href=\"#\" class=\"ez-toc-pull-right ez-toc-btn ez-toc-btn-xs ez-toc-btn-default ez-toc-toggle\" aria-label=\"Toggle Table of Content\"><span class=\"ez-toc-js-icon-con\"><span class=\"\"><span class=\"eztoc-hide\" style=\"display:none;\">Toggle<\/span><span class=\"ez-toc-icon-toggle-span\"><svg style=\"fill: #999;color:#999\" xmlns=\"http:\/\/www.w3.org\/2000\/svg\" class=\"list-377408\" width=\"20px\" height=\"20px\" viewBox=\"0 0 24 24\" fill=\"none\"><path d=\"M6 6H4v2h2V6zm14 0H8v2h12V6zM4 11h2v2H4v-2zm16 0H8v2h12v-2zM4 16h2v2H4v-2zm16 0H8v2h12v-2z\" fill=\"currentColor\"><\/path><\/svg><svg style=\"fill: #999;color:#999\" class=\"arrow-unsorted-368013\" xmlns=\"http:\/\/www.w3.org\/2000\/svg\" width=\"10px\" height=\"10px\" viewBox=\"0 0 24 24\" version=\"1.2\" baseProfile=\"tiny\"><path d=\"M18.2 9.3l-6.2-6.3-6.2 6.3c-.2.2-.3.4-.3.7s.1.5.3.7c.2.2.4.3.7.3h11c.3 0 .5-.1.7-.3.2-.2.3-.5.3-.7s-.1-.5-.3-.7zM5.8 14.7l6.2 6.3 6.2-6.3c.2-.2.3-.5.3-.7s-.1-.5-.3-.7c-.2-.2-.4-.3-.7-.3h-11c-.3 0-.5.1-.7.3-.2.2-.3.5-.3.7s.1.5.3.7z\"\/><\/svg><\/span><\/span><\/span><\/a><\/span><\/div>\n<nav><ul class='ez-toc-list ez-toc-list-level-1 eztoc-toggle-hide-by-default' ><li class='ez-toc-page-1 ez-toc-heading-level-2'><a class=\"ez-toc-link ez-toc-heading-1\" href=\"https:\/\/www.mobilier-design-occasion.fr\/magazine\/pollution-de-lair-dans-la-chambre-comment-proteger-nos-enfants\/#Que_peut_provoquer_la_pollution_de_lair_chez_nos_enfants\" >Que peut provoquer la pollution de l&#8217;air chez nos enfants?<\/a><\/li><li class='ez-toc-page-1 ez-toc-heading-level-2'><a class=\"ez-toc-link ez-toc-heading-2\" href=\"https:\/\/www.mobilier-design-occasion.fr\/magazine\/pollution-de-lair-dans-la-chambre-comment-proteger-nos-enfants\/#Mauvaise_note_pour_les_lits_des_enfants\" >Mauvaise note pour les lits des enfants<\/a><ul class='ez-toc-list-level-3' ><li class='ez-toc-heading-level-3'><a class=\"ez-toc-link ez-toc-heading-3\" href=\"https:\/\/www.mobilier-design-occasion.fr\/magazine\/pollution-de-lair-dans-la-chambre-comment-proteger-nos-enfants\/#Le_matelas\" >Le matelas<\/a><\/li><li class='ez-toc-page-1 ez-toc-heading-level-3'><a class=\"ez-toc-link ez-toc-heading-4\" href=\"https:\/\/www.mobilier-design-occasion.fr\/magazine\/pollution-de-lair-dans-la-chambre-comment-proteger-nos-enfants\/#Le_lit\" >Le lit<\/a><ul class='ez-toc-list-level-4' ><li class='ez-toc-heading-level-4'><a class=\"ez-toc-link ez-toc-heading-5\" href=\"https:\/\/www.mobilier-design-occasion.fr\/magazine\/pollution-de-lair-dans-la-chambre-comment-proteger-nos-enfants\/#Quest_ce_que_le_formaldehyde\" >*Qu&#8217;est ce que le formald\u00e9hyde?<\/a><\/li><\/ul><\/li><li class='ez-toc-page-1 ez-toc-heading-level-3'><a class=\"ez-toc-link ez-toc-heading-6\" href=\"https:\/\/www.mobilier-design-occasion.fr\/magazine\/pollution-de-lair-dans-la-chambre-comment-proteger-nos-enfants\/#Les_habitudes_indispensables_pour_ameliorer_la_qualite_de_lair_dans_la_chambre_de_votre_enfant\" >Les habitudes indispensables pour am\u00e9liorer la qualit\u00e9 de l&#8217;air dans la chambre de votre enfant<\/a><\/li><\/ul><\/li><\/ul><\/nav><\/div>\n\n\n\n\n<figure class=\"wp-block-image size-medium\"><img loading=\"lazy\" decoding=\"async\" width=\"300\" height=\"300\" src=\"https:\/\/www.mobilier-design-occasion.fr\/magazine\/wp-content\/uploads\/2022\/06\/9-1-300x300.jpg\" alt=\"\" class=\"wp-image-4964\" srcset=\"https:\/\/www.mobilier-design-occasion.fr\/magazine\/wp-content\/uploads\/2022\/06\/9-1-300x300.jpg 300w, https:\/\/www.mobilier-design-occasion.fr\/magazine\/wp-content\/uploads\/2022\/06\/9-1-1024x1024.jpg 1024w, https:\/\/www.mobilier-design-occasion.fr\/magazine\/wp-content\/uploads\/2022\/06\/9-1-150x150.jpg 150w, https:\/\/www.mobilier-design-occasion.fr\/magazine\/wp-content\/uploads\/2022\/06\/9-1-768x768.jpg 768w, https:\/\/www.mobilier-design-occasion.fr\/magazine\/wp-content\/uploads\/2022\/06\/9-1-810x810.jpg 810w, https:\/\/www.mobilier-design-occasion.fr\/magazine\/wp-content\/uploads\/2022\/06\/9-1.jpg 1080w\" sizes=\"auto, (max-width: 300px) 100vw, 300px\" \/><\/figure>\n\n\n\n<p>Il existe diff\u00e9rents types de r\u00e9actions et l&#8217;on peut r\u00e9agir \u00e0 certains \u00e9l\u00e9ments et pas \u00e0 d&#8217;autres. Dans les grandes lignes nous avons par exemple des r\u00e9actions \u00e0:<\/p>\n\n\n\n<ul class=\"wp-block-list\"><li>du <a href=\"https:\/\/www.mobilier-design-occasion.fr\/magazine\/test-avis-essix-home\/\">textile<\/a> pr\u00e9sent dans la chambre (doudous, rideaux, tapis&#8230;)<\/li><li>de la peinture, <\/li><li>des produits de nettoyage, <\/li><li>les d\u00e9gagements de particules et de gaz \u00e0 cause des meubles<\/li><li>les moisissures ou le pollen<\/li><\/ul>\n\n\n\n<p>Les allerg\u00e8nes pr\u00e9sents dans l&#8217;air peuvent aggraver la sant\u00e9 de votre <a href=\"https:\/\/www.mobilier-design-occasion.fr\/magazine\/test-avis-sur-ripaton\/\">enfant<\/a> allant m\u00eame jusqu&#8217;\u00e0 d\u00e9clencher des crises d&#8217;asthme. Ce qui \u00e9tait le cas pour ma fille. <\/p>\n\n\n\n<p>Quand je la couchais, 10 minutes plus tard elle commen\u00e7ait \u00e0 tousser. J&#8217;ai bien pens\u00e9 \u00e0 une r\u00e9action allergique de type acariens dans le matelas, mais \u00e7a aurait \u00e9t\u00e9 presque trop simple. Il a donc fallu chercher, \u00e9liminer les \u00e9l\u00e9ments les uns apr\u00e8s les autres dans sa chambre&#8230; jusqu&#8217;\u00e0 ce que je comprenne que c&#8217;\u00e9tait le <a href=\"https:\/\/www.mobilier-design-occasion.fr\/magazine\/test-avis-sur-la-redoute-interieurs-am-pm\/\">mobilier<\/a> de sa chambre qui \u00e9tait \u00e0 l&#8217;origine de ses crises.<\/p>\n\n\n\n<h2 class=\"wp-block-heading\"><span class=\"ez-toc-section\" id=\"Mauvaise_note_pour_les_lits_des_enfants\"><\/span>Mauvaise note pour les lits des enfants<span class=\"ez-toc-section-end\"><\/span><\/h2>\n\n\n\n<h3 class=\"wp-block-heading\"><span class=\"ez-toc-section\" id=\"Le_matelas\"><\/span>Le matelas<span class=\"ez-toc-section-end\"><\/span><\/h3>\n\n\n\n<p>Il est primordial d&#8217;investir dans un matelas de qualit\u00e9, si possible biologique et qui ne d\u00e9gage pas de gaz. <\/p>\n\n\n\n<p>Il est imp\u00e9ratif de remplacer tous les matelas qui contiennent ce type de substances nocives pour la sant\u00e9 de nos enfants:<\/p>\n\n\n\n<ul class=\"wp-block-list\"><li>des produits ignifuges <\/li><li>du vinyle<\/li><li>de la mousse de polyur\u00e9thane et d&#8217;autres mat\u00e9riaux toxiques.<\/li><\/ul>\n\n\n\n<p>De plus en plus de marques \u00e9cologiques travaillent sur la composition des matelas pour enfant afin de limiter le plus possible des \u00e9l\u00e9ments toxiques.<\/p>\n\n\n\n<figure class=\"wp-block-embed is-type-video is-provider-youtube wp-block-embed-youtube wp-embed-aspect-16-9 wp-has-aspect-ratio\"><div class=\"wp-block-embed__wrapper\">\n<iframe loading=\"lazy\" title=\"Kipli - D\u00e9couvrez le matelas 100% naturel\" width=\"810\" height=\"456\" src=\"https:\/\/www.youtube.com\/embed\/76kxdY3ZrZY?feature=oembed\" frameborder=\"0\" allow=\"accelerometer; autoplay; clipboard-write; encrypted-media; gyroscope; picture-in-picture\" allowfullscreen><\/iframe>\n<\/div><\/figure>\n\n\n\n<h3 class=\"wp-block-heading\"><span class=\"ez-toc-section\" id=\"Le_lit\"><\/span>Le lit<span class=\"ez-toc-section-end\"><\/span><\/h3>\n\n\n\n<p>La grande majorit\u00e9 des lits, berceaux, tables \u00e0 langer, commode ou autre mobilier, vendus en boutique ou sur les sites e-commerce, sont fabriqu\u00e9s <strong>\u00e0 partir de <a href=\"https:\/\/www.mobilier-design-occasion.fr\/magazine\/avis-mathy-by-bols\/\">bois<\/a> composite<\/strong> ou <strong>press\u00e9<\/strong> (et assembl\u00e9 avec une grande quantit\u00e9 de colle toxique) qui <strong>\u00e9mettent du formald\u00e9hyde<\/strong>*.<\/p>\n\n\n\n<p>A cela on ajoute g\u00e9n\u00e9ralement un vernis ou une peinture qui <strong>\u00e9mettent \u00e9galement des toxines<\/strong>&#8230; un cocktail parfait pour d\u00e9truire la sant\u00e9 de nos enfants et dont nous conna\u00eetrons r\u00e9ellement les cons\u00e9quences dans quelques d\u00e9cennies. <\/p>\n\n\n\n<p>Il est donc id\u00e9al de pouvoir <strong>remplacer ces meubles par du bois massif<\/strong> avec des finitions naturelles. <\/p>\n\n\n\n<div class=\"wp-block-columns is-layout-flex wp-container-core-columns-is-layout-9d6595d7 wp-block-columns-is-layout-flex\">\n<div class=\"wp-block-column is-layout-flow wp-block-column-is-layout-flow\">\n<figure class=\"wp-block-image size-large\"><img loading=\"lazy\" decoding=\"async\" width=\"1024\" height=\"1024\" src=\"https:\/\/www.mobilier-design-occasion.fr\/magazine\/wp-content\/uploads\/2022\/06\/6-1-1024x1024.jpg\" alt=\"\" class=\"wp-image-4966\" srcset=\"https:\/\/www.mobilier-design-occasion.fr\/magazine\/wp-content\/uploads\/2022\/06\/6-1-1024x1024.jpg 1024w, https:\/\/www.mobilier-design-occasion.fr\/magazine\/wp-content\/uploads\/2022\/06\/6-1-300x300.jpg 300w, https:\/\/www.mobilier-design-occasion.fr\/magazine\/wp-content\/uploads\/2022\/06\/6-1-150x150.jpg 150w, https:\/\/www.mobilier-design-occasion.fr\/magazine\/wp-content\/uploads\/2022\/06\/6-1-768x768.jpg 768w, https:\/\/www.mobilier-design-occasion.fr\/magazine\/wp-content\/uploads\/2022\/06\/6-1-810x810.jpg 810w, https:\/\/www.mobilier-design-occasion.fr\/magazine\/wp-content\/uploads\/2022\/06\/6-1.jpg 1080w\" sizes=\"auto, (max-width: 1024px) 100vw, 1024px\" \/><\/figure>\n<\/div>\n\n\n\n<div class=\"wp-block-column is-layout-flow wp-block-column-is-layout-flow\">\n<figure class=\"wp-block-image size-large\"><img loading=\"lazy\" decoding=\"async\" width=\"1024\" height=\"1024\" src=\"https:\/\/www.mobilier-design-occasion.fr\/magazine\/wp-content\/uploads\/2022\/06\/7-1-1024x1024.jpg\" alt=\"\" class=\"wp-image-4967\" srcset=\"https:\/\/www.mobilier-design-occasion.fr\/magazine\/wp-content\/uploads\/2022\/06\/7-1-1024x1024.jpg 1024w, https:\/\/www.mobilier-design-occasion.fr\/magazine\/wp-content\/uploads\/2022\/06\/7-1-300x300.jpg 300w, https:\/\/www.mobilier-design-occasion.fr\/magazine\/wp-content\/uploads\/2022\/06\/7-1-150x150.jpg 150w, https:\/\/www.mobilier-design-occasion.fr\/magazine\/wp-content\/uploads\/2022\/06\/7-1-768x768.jpg 768w, https:\/\/www.mobilier-design-occasion.fr\/magazine\/wp-content\/uploads\/2022\/06\/7-1-810x810.jpg 810w, https:\/\/www.mobilier-design-occasion.fr\/magazine\/wp-content\/uploads\/2022\/06\/7-1.jpg 1080w\" sizes=\"auto, (max-width: 1024px) 100vw, 1024px\" \/><\/figure>\n<\/div>\n<\/div>\n\n\n\n<h4 class=\"wp-block-heading\"><span class=\"ez-toc-section\" id=\"Quest_ce_que_le_formaldehyde\"><\/span>*Qu&#8217;est ce que le formald\u00e9hyde?<span class=\"ez-toc-section-end\"><\/span><\/h4>\n\n\n\n<p>Le formald\u00e9hyde, qui est un\u00a0COV, issu des mousses isolantes, mobilier en bois agglom\u00e9r\u00e9, parquet, peintures, moquettes, <a href=\"https:\/\/www.mobilier-design-occasion.fr\/magazine\/pourquoi-adopter-un-tapis-en-jute-dans-son-salon\/\">tapis<\/a>, laques, colles, vernis\u2026<\/p>\n\n\n\n<p>Les effets des\u00a0COV\u00a0sont tr\u00e8s variables selon la nature du\u00a0polluant\u00a0consid\u00e9r\u00e9: ils vont d\u2019une certaine g\u00eane olfactive \u00e0 des effets mutag\u00e8nes et canc\u00e9rig\u00e8nes (benz\u00e8ne, benzo(a)pyr\u00e8ne, perchloro\u00e9thyl\u00e8ne) en passant par des irritations diverses et une diminution de la capacit\u00e9 respiratoire. Le formald\u00e9hyde est particuli\u00e8rement irritant pour les yeux, le nez et la gorge. <strong>Depuis 2004, il est consid\u00e9r\u00e9 par l\u2019OMS\u00a0comme canc\u00e9rog\u00e8ne pour les zones du nasopharynx et des fosses nasales.<\/strong><\/p>\n\n\n\n<h3 class=\"wp-block-heading\"><span class=\"ez-toc-section\" id=\"Les_habitudes_indispensables_pour_ameliorer_la_qualite_de_lair_dans_la_chambre_de_votre_enfant\"><\/span>Les habitudes indispensables pour am\u00e9liorer la qualit\u00e9 de l&#8217;air dans la chambre de votre enfant<span class=\"ez-toc-section-end\"><\/span><\/h3>\n\n\n\n<p>Pour r\u00e9duire les allerg\u00e8nes et les toxines dans la chambre de votre enfant, je vous mets ci-dessous un r\u00e9sum\u00e9 des informations trouv\u00e9es et qui ont \u00e9t\u00e9 largement b\u00e9n\u00e9fiques dans l&#8217;am\u00e9lioration de la sant\u00e9 de ma fille.<\/p>\n\n\n\n<p>Il ne s&#8217;agit l\u00e0 que de conseils qui ne peuvent en aucun cas remplacer l&#8217;avis d&#8217;un m\u00e9decin. N&#8217;h\u00e9sitez pas \u00e0 consulter si les sympt\u00f4mes de votre enfant persistent ou vous inqui\u00e8tent.<\/p>\n\n\n\n<ul class=\"wp-block-list\"><li>Recouvrez les oreillers et les matelas de housses anti acariens en coton biologique non toxique.<\/li><\/ul>\n\n\n\n<ul class=\"wp-block-list\"><li>Envisagez l&#8217;achat d&#8217;un matelas biologique non toxique pour enfants.<\/li><\/ul>\n\n\n\n<ul class=\"wp-block-list\"><li>R\u00e9parez rapidement toutes sortes de fuites d&#8217;eau pour \u00e9viter la formation de moisissures dans la maison.<\/li><\/ul>\n\n\n\n<ul class=\"wp-block-list\"><li>Passez l&#8217;aspirateur 2 x par semaine avec un aspirateur \u00e9quip\u00e9 d&#8217;un filtre HEPA. Tous les jours si vous avez des animaux domestiques avec des poils.<\/li><\/ul>\n\n\n\n<ul class=\"wp-block-list\"><li>Passez en machine 1 fois par mois les doudous et autres peluches pr\u00e9sents dans la chambre.<\/li><\/ul>\n\n\n\n<ul class=\"wp-block-list\"><li>\u00c9vitez les meubles en composite ou en panneaux de particules et achetez du mobilier en bois massif. Vous avez peur pour votre budget? Optez pour des menuisiers proches de votre domicile ou tournez-vous vers la <a href=\"https:\/\/www.mobilier-design-occasion.fr\/magazine\/reussir-a-vendre-son-mobilier\/\">seconde main<\/a>. Marketplace et LeBonCoin regorgent de p\u00e9pites \u00e0 des prix vraiment abordables.<\/li><\/ul>\n\n\n\n<ul class=\"wp-block-list\"><li>A\u00e9rez au moins 20min par jours par tous les temps et durant toutes les saisons pour am\u00e9liorer la qualit\u00e9 de l&#8217;air int\u00e9rieur.<\/li><\/ul>\n\n\n\n<ul class=\"wp-block-list\"><li>Ne fumez pas \u00e0 l&#8217;int\u00e9rieur et encore moins en pr\u00e9sence de vos enfants.<\/li><\/ul>\n\n\n\n<ul class=\"wp-block-list\"><li>Nettoyez avec un chiffon humide ou une serpill\u00e8re en privil\u00e9giant des produits sains comme le vinaigre m\u00e9nager ou vinaigre blanc qui d\u00e9sinfectent tout aussi bien que les marques connues sans \u00eatre toxique.<\/li><\/ul>\n\n\n\n<ul class=\"wp-block-list\"><li>Si vous ne pouvez pas vous en passer, privil\u00e9giez les tapis naturels et\/ou pouvant se laver en machine<\/li><\/ul>\n\n\n\n<p><\/p>\n","protected":false},"excerpt":{"rendered":"<p>Depuis ses premiers mois, ma fille a des probl\u00e8mes d&#8217;asthme. Sur les conseils de ma p\u00e9diatre, je me suis pench\u00e9e sur son environnement, l\u00e0 o\u00f9 elle passe le plus de temps \u00e0 sa savoir sa chambre. A l&#8217;heure actuelle les \u00e9tudes montrent que nos int\u00e9rieurs sont 2 \u00e0 5 fois plus pollu\u00e9s que l&#8217;air ext\u00e9rieur. [&hellip;]<\/p>\n","protected":false},"author":1,"featured_media":4969,"comment_status":"open","ping_status":"open","sticky":false,"template":"","format":"standard","meta":{"footnotes":""},"categories":[2],"tags":[],"class_list":["post-4961","post","type-post","status-publish","format-standard","has-post-thumbnail","hentry","category-tendances"],"yoast_head":"<!-- This site is optimized with the Yoast SEO plugin v27.5 - https:\/\/yoast.com\/product\/yoast-seo-wordpress\/ -->\n<title>Pollution de l&#039;air dans la chambre: comment prot\u00e9ger nos enfants? - Mobilier Design Magazine<\/title>\n<meta name=\"robots\" content=\"index, follow, max-snippet:-1, max-image-preview:large, max-video-preview:-1\" \/>\n<link rel=\"canonical\" href=\"https:\/\/www.mobilier-design-occasion.fr\/magazine\/pollution-de-lair-dans-la-chambre-comment-proteger-nos-enfants\/\" \/>\n<meta property=\"og:locale\" content=\"fr_FR\" \/>\n<meta property=\"og:type\" content=\"article\" \/>\n<meta property=\"og:title\" content=\"Pollution de l&#039;air dans la chambre: comment prot\u00e9ger nos enfants? - Mobilier Design Magazine\" \/>\n<meta property=\"og:description\" content=\"Depuis ses premiers mois, ma fille a des probl\u00e8mes d&#8217;asthme. Sur les conseils de ma p\u00e9diatre, je me suis pench\u00e9e sur son environnement, l\u00e0 o\u00f9 elle passe le plus de temps \u00e0 sa savoir sa chambre. A l&#8217;heure actuelle les \u00e9tudes montrent que nos int\u00e9rieurs sont 2 \u00e0 5 fois plus pollu\u00e9s que l&#8217;air ext\u00e9rieur. [&hellip;]\" \/>\n<meta property=\"og:url\" content=\"https:\/\/www.mobilier-design-occasion.fr\/magazine\/pollution-de-lair-dans-la-chambre-comment-proteger-nos-enfants\/\" \/>\n<meta property=\"og:site_name\" content=\"Mobilier Design Magazine\" \/>\n<meta property=\"article:publisher\" content=\"https:\/\/www.facebook.com\/mobilierdesignoccasion\" \/>\n<meta property=\"article:published_time\" content=\"2022-06-09T13:59:44+00:00\" \/>\n<meta property=\"article:modified_time\" content=\"2023-09-25T13:39:48+00:00\" \/>\n<meta property=\"og:image\" content=\"https:\/\/www.mobilier-design-occasion.fr\/magazine\/wp-content\/uploads\/2022\/06\/6-2.jpg\" \/>\n\t<meta property=\"og:image:width\" content=\"1080\" \/>\n\t<meta property=\"og:image:height\" content=\"1080\" \/>\n\t<meta property=\"og:image:type\" content=\"image\/jpeg\" \/>\n<meta name=\"author\" content=\"Cyrielle Poirot\" \/>\n<meta name=\"twitter:card\" content=\"summary_large_image\" \/>\n<meta name=\"twitter:label1\" content=\"\u00c9crit par\" \/>\n\t<meta name=\"twitter:data1\" content=\"Cyrielle Poirot\" \/>\n\t<meta name=\"twitter:label2\" content=\"Dur\u00e9e de lecture estim\u00e9e\" \/>\n\t<meta name=\"twitter:data2\" content=\"5 minutes\" \/>\n<script type=\"application\/ld+json\" class=\"yoast-schema-graph\">{\"@context\":\"https:\\\/\\\/schema.org\",\"@graph\":[{\"@type\":\"Article\",\"@id\":\"https:\\\/\\\/www.mobilier-design-occasion.fr\\\/magazine\\\/pollution-de-lair-dans-la-chambre-comment-proteger-nos-enfants\\\/#article\",\"isPartOf\":{\"@id\":\"https:\\\/\\\/www.mobilier-design-occasion.fr\\\/magazine\\\/pollution-de-lair-dans-la-chambre-comment-proteger-nos-enfants\\\/\"},\"author\":{\"name\":\"Cyrielle Poirot\",\"@id\":\"https:\\\/\\\/www.mobilier-design-occasion.fr\\\/magazine\\\/#\\\/schema\\\/person\\\/5b2e5627a714ddadaaf8c9b886c55eff\"},\"headline\":\"Pollution de l&#8217;air dans la chambre: comment prot\u00e9ger nos enfants?\",\"datePublished\":\"2022-06-09T13:59:44+00:00\",\"dateModified\":\"2023-09-25T13:39:48+00:00\",\"mainEntityOfPage\":{\"@id\":\"https:\\\/\\\/www.mobilier-design-occasion.fr\\\/magazine\\\/pollution-de-lair-dans-la-chambre-comment-proteger-nos-enfants\\\/\"},\"wordCount\":979,\"commentCount\":0,\"publisher\":{\"@id\":\"https:\\\/\\\/www.mobilier-design-occasion.fr\\\/magazine\\\/#organization\"},\"image\":{\"@id\":\"https:\\\/\\\/www.mobilier-design-occasion.fr\\\/magazine\\\/pollution-de-lair-dans-la-chambre-comment-proteger-nos-enfants\\\/#primaryimage\"},\"thumbnailUrl\":\"https:\\\/\\\/www.mobilier-design-occasion.fr\\\/magazine\\\/wp-content\\\/uploads\\\/2022\\\/06\\\/6-2.jpg\",\"articleSection\":[\"Tendances\"],\"inLanguage\":\"fr-FR\",\"potentialAction\":[{\"@type\":\"CommentAction\",\"name\":\"Comment\",\"target\":[\"https:\\\/\\\/www.mobilier-design-occasion.fr\\\/magazine\\\/pollution-de-lair-dans-la-chambre-comment-proteger-nos-enfants\\\/#respond\"]}]},{\"@type\":\"WebPage\",\"@id\":\"https:\\\/\\\/www.mobilier-design-occasion.fr\\\/magazine\\\/pollution-de-lair-dans-la-chambre-comment-proteger-nos-enfants\\\/\",\"url\":\"https:\\\/\\\/www.mobilier-design-occasion.fr\\\/magazine\\\/pollution-de-lair-dans-la-chambre-comment-proteger-nos-enfants\\\/\",\"name\":\"Pollution de l'air dans la chambre: comment prot\u00e9ger nos enfants? - Mobilier Design Magazine\",\"isPartOf\":{\"@id\":\"https:\\\/\\\/www.mobilier-design-occasion.fr\\\/magazine\\\/#website\"},\"primaryImageOfPage\":{\"@id\":\"https:\\\/\\\/www.mobilier-design-occasion.fr\\\/magazine\\\/pollution-de-lair-dans-la-chambre-comment-proteger-nos-enfants\\\/#primaryimage\"},\"image\":{\"@id\":\"https:\\\/\\\/www.mobilier-design-occasion.fr\\\/magazine\\\/pollution-de-lair-dans-la-chambre-comment-proteger-nos-enfants\\\/#primaryimage\"},\"thumbnailUrl\":\"https:\\\/\\\/www.mobilier-design-occasion.fr\\\/magazine\\\/wp-content\\\/uploads\\\/2022\\\/06\\\/6-2.jpg\",\"datePublished\":\"2022-06-09T13:59:44+00:00\",\"dateModified\":\"2023-09-25T13:39:48+00:00\",\"breadcrumb\":{\"@id\":\"https:\\\/\\\/www.mobilier-design-occasion.fr\\\/magazine\\\/pollution-de-lair-dans-la-chambre-comment-proteger-nos-enfants\\\/#breadcrumb\"},\"inLanguage\":\"fr-FR\",\"potentialAction\":[{\"@type\":\"ReadAction\",\"target\":[\"https:\\\/\\\/www.mobilier-design-occasion.fr\\\/magazine\\\/pollution-de-lair-dans-la-chambre-comment-proteger-nos-enfants\\\/\"]}]},{\"@type\":\"ImageObject\",\"inLanguage\":\"fr-FR\",\"@id\":\"https:\\\/\\\/www.mobilier-design-occasion.fr\\\/magazine\\\/pollution-de-lair-dans-la-chambre-comment-proteger-nos-enfants\\\/#primaryimage\",\"url\":\"https:\\\/\\\/www.mobilier-design-occasion.fr\\\/magazine\\\/wp-content\\\/uploads\\\/2022\\\/06\\\/6-2.jpg\",\"contentUrl\":\"https:\\\/\\\/www.mobilier-design-occasion.fr\\\/magazine\\\/wp-content\\\/uploads\\\/2022\\\/06\\\/6-2.jpg\",\"width\":1080,\"height\":1080},{\"@type\":\"BreadcrumbList\",\"@id\":\"https:\\\/\\\/www.mobilier-design-occasion.fr\\\/magazine\\\/pollution-de-lair-dans-la-chambre-comment-proteger-nos-enfants\\\/#breadcrumb\",\"itemListElement\":[{\"@type\":\"ListItem\",\"position\":1,\"name\":\"Accueil\",\"item\":\"https:\\\/\\\/www.mobilier-design-occasion.fr\\\/magazine\\\/\"},{\"@type\":\"ListItem\",\"position\":2,\"name\":\"Pollution de l&rsquo;air dans la chambre: comment prot\u00e9ger nos enfants?\"}]},{\"@type\":\"WebSite\",\"@id\":\"https:\\\/\\\/www.mobilier-design-occasion.fr\\\/magazine\\\/#website\",\"url\":\"https:\\\/\\\/www.mobilier-design-occasion.fr\\\/magazine\\\/\",\"name\":\"Mobilier Design Magazine\",\"description\":\"\",\"publisher\":{\"@id\":\"https:\\\/\\\/www.mobilier-design-occasion.fr\\\/magazine\\\/#organization\"},\"potentialAction\":[{\"@type\":\"SearchAction\",\"target\":{\"@type\":\"EntryPoint\",\"urlTemplate\":\"https:\\\/\\\/www.mobilier-design-occasion.fr\\\/magazine\\\/?s={search_term_string}\"},\"query-input\":{\"@type\":\"PropertyValueSpecification\",\"valueRequired\":true,\"valueName\":\"search_term_string\"}}],\"inLanguage\":\"fr-FR\"},{\"@type\":\"Organization\",\"@id\":\"https:\\\/\\\/www.mobilier-design-occasion.fr\\\/magazine\\\/#organization\",\"name\":\"Mobilier Design Magazine\",\"url\":\"https:\\\/\\\/www.mobilier-design-occasion.fr\\\/magazine\\\/\",\"logo\":{\"@type\":\"ImageObject\",\"inLanguage\":\"fr-FR\",\"@id\":\"https:\\\/\\\/www.mobilier-design-occasion.fr\\\/magazine\\\/#\\\/schema\\\/logo\\\/image\\\/\",\"url\":\"https:\\\/\\\/www.mobilier-design-occasion.fr\\\/magazine\\\/wp-content\\\/uploads\\\/2024\\\/02\\\/android-chrome-192x192-1.png\",\"contentUrl\":\"https:\\\/\\\/www.mobilier-design-occasion.fr\\\/magazine\\\/wp-content\\\/uploads\\\/2024\\\/02\\\/android-chrome-192x192-1.png\",\"width\":192,\"height\":192,\"caption\":\"Mobilier Design Magazine\"},\"image\":{\"@id\":\"https:\\\/\\\/www.mobilier-design-occasion.fr\\\/magazine\\\/#\\\/schema\\\/logo\\\/image\\\/\"},\"sameAs\":[\"https:\\\/\\\/www.facebook.com\\\/mobilierdesignoccasion\"]},{\"@type\":\"Person\",\"@id\":\"https:\\\/\\\/www.mobilier-design-occasion.fr\\\/magazine\\\/#\\\/schema\\\/person\\\/5b2e5627a714ddadaaf8c9b886c55eff\",\"name\":\"Cyrielle Poirot\",\"image\":{\"@type\":\"ImageObject\",\"inLanguage\":\"fr-FR\",\"@id\":\"https:\\\/\\\/secure.gravatar.com\\\/avatar\\\/c8d2674e093b06894d8d1dc468b626bd752523471f3ac6e75f7c7a1400d40b4d?s=96&d=mm&r=g\",\"url\":\"https:\\\/\\\/secure.gravatar.com\\\/avatar\\\/c8d2674e093b06894d8d1dc468b626bd752523471f3ac6e75f7c7a1400d40b4d?s=96&d=mm&r=g\",\"contentUrl\":\"https:\\\/\\\/secure.gravatar.com\\\/avatar\\\/c8d2674e093b06894d8d1dc468b626bd752523471f3ac6e75f7c7a1400d40b4d?s=96&d=mm&r=g\",\"caption\":\"Cyrielle Poirot\"},\"description\":\"Cyrielle est passionn\u00e9e par la d\u00e9coration d'int\u00e9rieur et s'est sp\u00e9cialis\u00e9e depuis quelques ann\u00e9es dans l'\u00e9dition du site Mobilier-Design, avec une touche sp\u00e9cifique pour les produits d'occasion.\",\"sameAs\":[\"https:\\\/\\\/www.mobilier-design-occasion.fr\\\/magazine\"],\"url\":\"https:\\\/\\\/www.mobilier-design-occasion.fr\\\/magazine\\\/author\\\/cyrielle\\\/\"}]}<\/script>\n<!-- \/ Yoast SEO plugin. -->","yoast_head_json":{"title":"Pollution de l'air dans la chambre: comment prot\u00e9ger nos enfants? - Mobilier Design Magazine","robots":{"index":"index","follow":"follow","max-snippet":"max-snippet:-1","max-image-preview":"max-image-preview:large","max-video-preview":"max-video-preview:-1"},"canonical":"https:\/\/www.mobilier-design-occasion.fr\/magazine\/pollution-de-lair-dans-la-chambre-comment-proteger-nos-enfants\/","og_locale":"fr_FR","og_type":"article","og_title":"Pollution de l'air dans la chambre: comment prot\u00e9ger nos enfants? - Mobilier Design Magazine","og_description":"Depuis ses premiers mois, ma fille a des probl\u00e8mes d&#8217;asthme. Sur les conseils de ma p\u00e9diatre, je me suis pench\u00e9e sur son environnement, l\u00e0 o\u00f9 elle passe le plus de temps \u00e0 sa savoir sa chambre. A l&#8217;heure actuelle les \u00e9tudes montrent que nos int\u00e9rieurs sont 2 \u00e0 5 fois plus pollu\u00e9s que l&#8217;air ext\u00e9rieur. [&hellip;]","og_url":"https:\/\/www.mobilier-design-occasion.fr\/magazine\/pollution-de-lair-dans-la-chambre-comment-proteger-nos-enfants\/","og_site_name":"Mobilier Design Magazine","article_publisher":"https:\/\/www.facebook.com\/mobilierdesignoccasion","article_published_time":"2022-06-09T13:59:44+00:00","article_modified_time":"2023-09-25T13:39:48+00:00","og_image":[{"width":1080,"height":1080,"url":"https:\/\/www.mobilier-design-occasion.fr\/magazine\/wp-content\/uploads\/2022\/06\/6-2.jpg","type":"image\/jpeg"}],"author":"Cyrielle Poirot","twitter_card":"summary_large_image","twitter_misc":{"\u00c9crit par":"Cyrielle Poirot","Dur\u00e9e de lecture estim\u00e9e":"5 minutes"},"schema":{"@context":"https:\/\/schema.org","@graph":[{"@type":"Article","@id":"https:\/\/www.mobilier-design-occasion.fr\/magazine\/pollution-de-lair-dans-la-chambre-comment-proteger-nos-enfants\/#article","isPartOf":{"@id":"https:\/\/www.mobilier-design-occasion.fr\/magazine\/pollution-de-lair-dans-la-chambre-comment-proteger-nos-enfants\/"},"author":{"name":"Cyrielle Poirot","@id":"https:\/\/www.mobilier-design-occasion.fr\/magazine\/#\/schema\/person\/5b2e5627a714ddadaaf8c9b886c55eff"},"headline":"Pollution de l&#8217;air dans la chambre: comment prot\u00e9ger nos enfants?","datePublished":"2022-06-09T13:59:44+00:00","dateModified":"2023-09-25T13:39:48+00:00","mainEntityOfPage":{"@id":"https:\/\/www.mobilier-design-occasion.fr\/magazine\/pollution-de-lair-dans-la-chambre-comment-proteger-nos-enfants\/"},"wordCount":979,"commentCount":0,"publisher":{"@id":"https:\/\/www.mobilier-design-occasion.fr\/magazine\/#organization"},"image":{"@id":"https:\/\/www.mobilier-design-occasion.fr\/magazine\/pollution-de-lair-dans-la-chambre-comment-proteger-nos-enfants\/#primaryimage"},"thumbnailUrl":"https:\/\/www.mobilier-design-occasion.fr\/magazine\/wp-content\/uploads\/2022\/06\/6-2.jpg","articleSection":["Tendances"],"inLanguage":"fr-FR","potentialAction":[{"@type":"CommentAction","name":"Comment","target":["https:\/\/www.mobilier-design-occasion.fr\/magazine\/pollution-de-lair-dans-la-chambre-comment-proteger-nos-enfants\/#respond"]}]},{"@type":"WebPage","@id":"https:\/\/www.mobilier-design-occasion.fr\/magazine\/pollution-de-lair-dans-la-chambre-comment-proteger-nos-enfants\/","url":"https:\/\/www.mobilier-design-occasion.fr\/magazine\/pollution-de-lair-dans-la-chambre-comment-proteger-nos-enfants\/","name":"Pollution de l'air dans la chambre: comment prot\u00e9ger nos enfants? - Mobilier Design Magazine","isPartOf":{"@id":"https:\/\/www.mobilier-design-occasion.fr\/magazine\/#website"},"primaryImageOfPage":{"@id":"https:\/\/www.mobilier-design-occasion.fr\/magazine\/pollution-de-lair-dans-la-chambre-comment-proteger-nos-enfants\/#primaryimage"},"image":{"@id":"https:\/\/www.mobilier-design-occasion.fr\/magazine\/pollution-de-lair-dans-la-chambre-comment-proteger-nos-enfants\/#primaryimage"},"thumbnailUrl":"https:\/\/www.mobilier-design-occasion.fr\/magazine\/wp-content\/uploads\/2022\/06\/6-2.jpg","datePublished":"2022-06-09T13:59:44+00:00","dateModified":"2023-09-25T13:39:48+00:00","breadcrumb":{"@id":"https:\/\/www.mobilier-design-occasion.fr\/magazine\/pollution-de-lair-dans-la-chambre-comment-proteger-nos-enfants\/#breadcrumb"},"inLanguage":"fr-FR","potentialAction":[{"@type":"ReadAction","target":["https:\/\/www.mobilier-design-occasion.fr\/magazine\/pollution-de-lair-dans-la-chambre-comment-proteger-nos-enfants\/"]}]},{"@type":"ImageObject","inLanguage":"fr-FR","@id":"https:\/\/www.mobilier-design-occasion.fr\/magazine\/pollution-de-lair-dans-la-chambre-comment-proteger-nos-enfants\/#primaryimage","url":"https:\/\/www.mobilier-design-occasion.fr\/magazine\/wp-content\/uploads\/2022\/06\/6-2.jpg","contentUrl":"https:\/\/www.mobilier-design-occasion.fr\/magazine\/wp-content\/uploads\/2022\/06\/6-2.jpg","width":1080,"height":1080},{"@type":"BreadcrumbList","@id":"https:\/\/www.mobilier-design-occasion.fr\/magazine\/pollution-de-lair-dans-la-chambre-comment-proteger-nos-enfants\/#breadcrumb","itemListElement":[{"@type":"ListItem","position":1,"name":"Accueil","item":"https:\/\/www.mobilier-design-occasion.fr\/magazine\/"},{"@type":"ListItem","position":2,"name":"Pollution de l&rsquo;air dans la chambre: comment prot\u00e9ger nos enfants?"}]},{"@type":"WebSite","@id":"https:\/\/www.mobilier-design-occasion.fr\/magazine\/#website","url":"https:\/\/www.mobilier-design-occasion.fr\/magazine\/","name":"Mobilier Design Magazine","description":"","publisher":{"@id":"https:\/\/www.mobilier-design-occasion.fr\/magazine\/#organization"},"potentialAction":[{"@type":"SearchAction","target":{"@type":"EntryPoint","urlTemplate":"https:\/\/www.mobilier-design-occasion.fr\/magazine\/?s={search_term_string}"},"query-input":{"@type":"PropertyValueSpecification","valueRequired":true,"valueName":"search_term_string"}}],"inLanguage":"fr-FR"},{"@type":"Organization","@id":"https:\/\/www.mobilier-design-occasion.fr\/magazine\/#organization","name":"Mobilier Design Magazine","url":"https:\/\/www.mobilier-design-occasion.fr\/magazine\/","logo":{"@type":"ImageObject","inLanguage":"fr-FR","@id":"https:\/\/www.mobilier-design-occasion.fr\/magazine\/#\/schema\/logo\/image\/","url":"https:\/\/www.mobilier-design-occasion.fr\/magazine\/wp-content\/uploads\/2024\/02\/android-chrome-192x192-1.png","contentUrl":"https:\/\/www.mobilier-design-occasion.fr\/magazine\/wp-content\/uploads\/2024\/02\/android-chrome-192x192-1.png","width":192,"height":192,"caption":"Mobilier Design Magazine"},"image":{"@id":"https:\/\/www.mobilier-design-occasion.fr\/magazine\/#\/schema\/logo\/image\/"},"sameAs":["https:\/\/www.facebook.com\/mobilierdesignoccasion"]},{"@type":"Person","@id":"https:\/\/www.mobilier-design-occasion.fr\/magazine\/#\/schema\/person\/5b2e5627a714ddadaaf8c9b886c55eff","name":"Cyrielle Poirot","image":{"@type":"ImageObject","inLanguage":"fr-FR","@id":"https:\/\/secure.gravatar.com\/avatar\/c8d2674e093b06894d8d1dc468b626bd752523471f3ac6e75f7c7a1400d40b4d?s=96&d=mm&r=g","url":"https:\/\/secure.gravatar.com\/avatar\/c8d2674e093b06894d8d1dc468b626bd752523471f3ac6e75f7c7a1400d40b4d?s=96&d=mm&r=g","contentUrl":"https:\/\/secure.gravatar.com\/avatar\/c8d2674e093b06894d8d1dc468b626bd752523471f3ac6e75f7c7a1400d40b4d?s=96&d=mm&r=g","caption":"Cyrielle Poirot"},"description":"Cyrielle est passionn\u00e9e par la d\u00e9coration d'int\u00e9rieur et s'est sp\u00e9cialis\u00e9e depuis quelques ann\u00e9es dans l'\u00e9dition du site Mobilier-Design, avec une touche sp\u00e9cifique pour les produits d'occasion.","sameAs":["https:\/\/www.mobilier-design-occasion.fr\/magazine"],"url":"https:\/\/www.mobilier-design-occasion.fr\/magazine\/author\/cyrielle\/"}]}},"_links":{"self":[{"href":"https:\/\/www.mobilier-design-occasion.fr\/magazine\/wp-json\/wp\/v2\/posts\/4961","targetHints":{"allow":["GET"]}}],"collection":[{"href":"https:\/\/www.mobilier-design-occasion.fr\/magazine\/wp-json\/wp\/v2\/posts"}],"about":[{"href":"https:\/\/www.mobilier-design-occasion.fr\/magazine\/wp-json\/wp\/v2\/types\/post"}],"author":[{"embeddable":true,"href":"https:\/\/www.mobilier-design-occasion.fr\/magazine\/wp-json\/wp\/v2\/users\/1"}],"replies":[{"embeddable":true,"href":"https:\/\/www.mobilier-design-occasion.fr\/magazine\/wp-json\/wp\/v2\/comments?post=4961"}],"version-history":[{"count":3,"href":"https:\/\/www.mobilier-design-occasion.fr\/magazine\/wp-json\/wp\/v2\/posts\/4961\/revisions"}],"predecessor-version":[{"id":4972,"href":"https:\/\/www.mobilier-design-occasion.fr\/magazine\/wp-json\/wp\/v2\/posts\/4961\/revisions\/4972"}],"wp:featuredmedia":[{"embeddable":true,"href":"https:\/\/www.mobilier-design-occasion.fr\/magazine\/wp-json\/wp\/v2\/media\/4969"}],"wp:attachment":[{"href":"https:\/\/www.mobilier-design-occasion.fr\/magazine\/wp-json\/wp\/v2\/media?parent=4961"}],"wp:term":[{"taxonomy":"category","embeddable":true,"href":"https:\/\/www.mobilier-design-occasion.fr\/magazine\/wp-json\/wp\/v2\/categories?post=4961"},{"taxonomy":"post_tag","embeddable":true,"href":"https:\/\/www.mobilier-design-occasion.fr\/magazine\/wp-json\/wp\/v2\/tags?post=4961"}],"curies":[{"name":"wp","href":"https:\/\/api.w.org\/{rel}","templated":true}]}}