{"id":4915,"date":"2022-06-08T09:36:43","date_gmt":"2022-06-08T09:36:43","guid":{"rendered":"https:\/\/www.mobilier-design-occasion.fr\/magazine\/?p=4915"},"modified":"2023-09-25T13:39:48","modified_gmt":"2023-09-25T13:39:48","slug":"on-valide-ou-pas-la-collab-de-lisa-gachet-avec-maisons-du-monde","status":"publish","type":"post","link":"https:\/\/www.mobilier-design-occasion.fr\/magazine\/on-valide-ou-pas-la-collab-de-lisa-gachet-avec-maisons-du-monde\/","title":{"rendered":"On valide (ou pas) la collab de Lisa Gachet avec Maisons du Monde?"},"content":{"rendered":"\n<p>Enfin! Maisons du Monde nous aura fait patienter des mois avant de sortir sa collaboration avec l&#8217;artiste Lisa Gachet. Depuis mai, <strong>l&#8217;\u00e9dition limit\u00e9e<\/strong> est disponible en ligne et dans la majorit\u00e9 des magasins Maisons du Monde \u00e0 travers la <a href=\"https:\/\/www.mobilier-design-occasion.fr\/magazine\/test-avis-sur-ripaton\/\">France<\/a> et la Belgique.<\/p>\n\n\n\n<p>Le r\u00e9sultat de cette collaboration est une collection d&#8217;une quinzaine de pi\u00e8ces, toutes plus <strong>originales <\/strong>les unes que les autres! Parmi elles, on retrouve des coussins color\u00e9s, des vases en <a href=\"https:\/\/www.mobilier-design-occasion.fr\/magazine\/avis-calm-for-dreamers\/\">c\u00e9ramique<\/a> aux couleurs acidul\u00e9es, de la jolie vaisselle, une parure de lit\u2026 De quoi s&#8217;inspirer pour cr\u00e9er <strong>un int\u00e9rieur unique<\/strong>!<\/p>\n\n\n\n<p><br>Une collection \u00e0 la fois chic et d\u00e9contract\u00e9e, parfaite pour cr\u00e9er une atmosph\u00e8re chaleureuse et accueillante dans votre int\u00e9rieur.<\/p>\n\n\n\n<h2 class=\"wp-block-heading\"><span class=\"ez-toc-section\" id=\"Qui_est_Lisa_Gachet\"><\/span>Qui est Lisa Gachet?<span class=\"ez-toc-section-end\"><\/span><\/h2><div id=\"ez-toc-container\" class=\"ez-toc-v2_0_82_2 counter-hierarchy ez-toc-counter ez-toc-grey ez-toc-container-direction\">\n<div class=\"ez-toc-title-container\">\n<span class=\"ez-toc-title-toggle\"><a href=\"#\" class=\"ez-toc-pull-right ez-toc-btn ez-toc-btn-xs ez-toc-btn-default ez-toc-toggle\" aria-label=\"Toggle Table of Content\"><span class=\"ez-toc-js-icon-con\"><span class=\"\"><span class=\"eztoc-hide\" style=\"display:none;\">Toggle<\/span><span class=\"ez-toc-icon-toggle-span\"><svg style=\"fill: #999;color:#999\" xmlns=\"http:\/\/www.w3.org\/2000\/svg\" class=\"list-377408\" width=\"20px\" height=\"20px\" viewBox=\"0 0 24 24\" fill=\"none\"><path d=\"M6 6H4v2h2V6zm14 0H8v2h12V6zM4 11h2v2H4v-2zm16 0H8v2h12v-2zM4 16h2v2H4v-2zm16 0H8v2h12v-2z\" fill=\"currentColor\"><\/path><\/svg><svg style=\"fill: #999;color:#999\" class=\"arrow-unsorted-368013\" xmlns=\"http:\/\/www.w3.org\/2000\/svg\" width=\"10px\" height=\"10px\" viewBox=\"0 0 24 24\" version=\"1.2\" baseProfile=\"tiny\"><path d=\"M18.2 9.3l-6.2-6.3-6.2 6.3c-.2.2-.3.4-.3.7s.1.5.3.7c.2.2.4.3.7.3h11c.3 0 .5-.1.7-.3.2-.2.3-.5.3-.7s-.1-.5-.3-.7zM5.8 14.7l6.2 6.3 6.2-6.3c.2-.2.3-.5.3-.7s-.1-.5-.3-.7c-.2-.2-.4-.3-.7-.3h-11c-.3 0-.5.1-.7.3-.2.2-.3.5-.3.7s.1.5.3.7z\"\/><\/svg><\/span><\/span><\/span><\/a><\/span><\/div>\n<nav><ul class='ez-toc-list ez-toc-list-level-1 eztoc-toggle-hide-by-default' ><li class='ez-toc-page-1 ez-toc-heading-level-2'><a class=\"ez-toc-link ez-toc-heading-1\" href=\"https:\/\/www.mobilier-design-occasion.fr\/magazine\/on-valide-ou-pas-la-collab-de-lisa-gachet-avec-maisons-du-monde\/#Qui_est_Lisa_Gachet\" >Qui est Lisa Gachet?<\/a><ul class='ez-toc-list-level-3' ><li class='ez-toc-heading-level-3'><a class=\"ez-toc-link ez-toc-heading-2\" href=\"https:\/\/www.mobilier-design-occasion.fr\/magazine\/on-valide-ou-pas-la-collab-de-lisa-gachet-avec-maisons-du-monde\/#Du_DIY_a_lentrepreneuriat\" >Du DIY \u00e0 l&#8217;entrepreneuriat<\/a><\/li><\/ul><\/li><li class='ez-toc-page-1 ez-toc-heading-level-2'><a class=\"ez-toc-link ez-toc-heading-3\" href=\"https:\/\/www.mobilier-design-occasion.fr\/magazine\/on-valide-ou-pas-la-collab-de-lisa-gachet-avec-maisons-du-monde\/#La_collection_Lisa_Gachet_pour_Maisons_du_Monde\" >La collection Lisa Gachet pour Maisons du Monde<\/a><ul class='ez-toc-list-level-3' ><li class='ez-toc-heading-level-3'><a class=\"ez-toc-link ez-toc-heading-4\" href=\"https:\/\/www.mobilier-design-occasion.fr\/magazine\/on-valide-ou-pas-la-collab-de-lisa-gachet-avec-maisons-du-monde\/#Les_couleurs_au_centre_de_cette_collaboration\" >Les couleurs, au centre de cette collaboration<\/a><\/li><\/ul><\/li><li class='ez-toc-page-1 ez-toc-heading-level-2'><a class=\"ez-toc-link ez-toc-heading-5\" href=\"https:\/\/www.mobilier-design-occasion.fr\/magazine\/on-valide-ou-pas-la-collab-de-lisa-gachet-avec-maisons-du-monde\/#Ou_acheter_la_collection_de_Lisa_Gachet_pour_Maisons_du_Monde\" >O\u00f9 acheter la collection de Lisa Gachet pour Maisons du Monde?<\/a><ul class='ez-toc-list-level-3' ><li class='ez-toc-heading-level-3'><a class=\"ez-toc-link ez-toc-heading-6\" href=\"https:\/\/www.mobilier-design-occasion.fr\/magazine\/on-valide-ou-pas-la-collab-de-lisa-gachet-avec-maisons-du-monde\/#Sur_le_site_internet_de_Maison_du_Monde\" >Sur le site internet de Maison du Monde<\/a><\/li><li class='ez-toc-page-1 ez-toc-heading-level-3'><a class=\"ez-toc-link ez-toc-heading-7\" href=\"https:\/\/www.mobilier-design-occasion.fr\/magazine\/on-valide-ou-pas-la-collab-de-lisa-gachet-avec-maisons-du-monde\/#Dans_un_magasin_Maisons_du_Monde\" >Dans un magasin Maisons du Monde<\/a><\/li><\/ul><\/li><li class='ez-toc-page-1 ez-toc-heading-level-2'><a class=\"ez-toc-link ez-toc-heading-8\" href=\"https:\/\/www.mobilier-design-occasion.fr\/magazine\/on-valide-ou-pas-la-collab-de-lisa-gachet-avec-maisons-du-monde\/#En_seconde_main\" >En seconde main<\/a><\/li><\/ul><\/nav><\/div>\n\n\n\n\n<figure class=\"wp-block-image size-full\"><img loading=\"lazy\" decoding=\"async\" width=\"650\" height=\"810\" src=\"https:\/\/www.mobilier-design-occasion.fr\/magazine\/wp-content\/uploads\/2022\/06\/lisagachet.jpg\" alt=\"\" class=\"wp-image-4917\" srcset=\"https:\/\/www.mobilier-design-occasion.fr\/magazine\/wp-content\/uploads\/2022\/06\/lisagachet.jpg 650w, https:\/\/www.mobilier-design-occasion.fr\/magazine\/wp-content\/uploads\/2022\/06\/lisagachet-241x300.jpg 241w\" sizes=\"auto, (max-width: 650px) 100vw, 650px\" \/><figcaption>\u00a9Herv\u00e9 Goluza<\/figcaption><\/figure>\n\n\n\n<p>Entrepreneure \u00e0 succ\u00e8s, la fondatrice de la marque de v\u00eatements Make My Lemonade est un mod\u00e8le d&#8217;inspiration.<\/p>\n\n\n\n<h3 class=\"wp-block-heading\"><span class=\"ez-toc-section\" id=\"Du_DIY_a_lentrepreneuriat\"><\/span>Du DIY \u00e0 l&#8217;entrepreneuriat<span class=\"ez-toc-section-end\"><\/span><\/h3>\n\n\n\n<p>Lisa Gachet fait partie de la nouvelle ge\u0301ne\u0301ration d\u2019entre- preneuses 2.0, avec une success-story comme seul Internet sait les fabriquer. Elle a suivi une formation de styliste puis \u00e0 commencer \u00e0 travailler pour plusieurs marques de luxe avant de lancer Make My Lemonade en 2012. A\u0300 l\u2019e\u0301poque, il s\u2019agissait encore d\u2019un blog lifestyle sur lequel elle partageait des tutos de do-it-yourself.<\/p>\n\n\n\n<p>Un jour, elle de\u0301cide de fabriquer son propre savon en utilisant un mode\u0300le de forme de citron. Le savon est un succe\u0300s, et les commandes commencent a\u0300 affluer. <\/p>\n\n\n\n<p>Elle fonde alors sa propre entreprise. Aujourd\u2019hui, Make My Lemonade compte plus de 200 produits, et ses savons sont vendus dans le monde entier. <\/p>\n\n\n\n<p>La marque a e\u0301te\u0301 nomme\u0301e \u201cmeilleure marque de savon\u201d par <a rel=\"noreferrer noopener\" href=\"https:\/\/www.cosmopolitan.fr\/le-savon-fait-son-grand-retour-dans-notre-salle-de-bain,2005642.asp\" target=\"_blank\">Cosmopolitan<\/a> en 2017, et Lisa Gachet a e\u0301te\u0301 nomme\u0301e \u201centrepreneuse de l\u2019anne\u0301e\u201d par <a rel=\"noreferrer noopener\" href=\"https:\/\/www.elle.fr\/Mode\/Les-news-mode\/Qui-est-Lisa-Gachet-la-creatrice-de-Make-My-Lemonade-3741988\" target=\"_blank\">Elle<\/a> en 2018. Trois ans plus tard, le concept a \u00e9volu\u00e9 pour devenir une marque de v\u00eatements&nbsp;<em>\u201cen \u00e9dition limit\u00e9e, \u00e0 faire soi-m\u00eame ou \u00e0 acheter tout pr\u00eats\u201d<\/em>.<\/p>\n\n\n\n<figure class=\"wp-block-embed is-type-rich is-provider-twitter wp-block-embed-twitter\"><div class=\"wp-block-embed__wrapper\">\n<blockquote class=\"twitter-tweet\" data-width=\"550\" data-dnt=\"true\"><p lang=\"en\" dir=\"ltr\">\u00ab Make My Lemonade \u00bb : Lisa Gachet lance son e-shop <a href=\"http:\/\/t.co\/sHtjJO3neS\">http:\/\/t.co\/sHtjJO3neS<\/a> <a href=\"http:\/\/t.co\/Qqe6WkNdlE\">pic.twitter.com\/Qqe6WkNdlE<\/a><\/p>&mdash; ELLE (@ELLEfrance) <a href=\"https:\/\/twitter.com\/ELLEfrance\/status\/598553706385178624?ref_src=twsrc%5Etfw\">May 13, 2015<\/a><\/blockquote><script async src=\"https:\/\/platform.twitter.com\/widgets.js\" charset=\"utf-8\"><\/script>\n<\/div><\/figure>\n\n\n\n<h2 class=\"wp-block-heading\"><span class=\"ez-toc-section\" id=\"La_collection_Lisa_Gachet_pour_Maisons_du_Monde\"><\/span>La collection Lisa Gachet pour Maisons du Monde<span class=\"ez-toc-section-end\"><\/span><\/h2>\n\n\n\n<div style=\"height:53px\" aria-hidden=\"true\" class=\"wp-block-spacer\"><\/div>\n\n\n\n<figure class=\"wp-block-embed is-type-video is-provider-youtube wp-block-embed-youtube wp-embed-aspect-16-9 wp-has-aspect-ratio\"><div class=\"wp-block-embed__wrapper\">\n<iframe loading=\"lazy\" title=\"Lisa Gachet x Maisons du Monde\" width=\"810\" height=\"456\" src=\"https:\/\/www.youtube.com\/embed\/jX3eFvtRkO8?feature=oembed\" frameborder=\"0\" allow=\"accelerometer; autoplay; clipboard-write; encrypted-media; gyroscope; picture-in-picture\" allowfullscreen><\/iframe>\n<\/div><\/figure>\n\n\n\n<div class=\"wp-block-buttons is-layout-flex wp-block-buttons-is-layout-flex\">\n<div class=\"wp-block-button aligncenter\"><a class=\"wp-block-button__link\" href=\"https:\/\/www.maisonsdumonde.com\/FR\/fr\/e\/collaboration-lisa-gachet?utm_source=effiliation_fr&amp;utm_campaign=generique_fil_rouge&amp;utm_medium=affiliation&amp;utm_content=1395109901&amp;eff_cpt=22779644\">Shoppez les derni\u00e8res pi\u00e8ces!<\/a><\/div>\n<\/div>\n\n\n\n<p>Disponible depuis mai 2022, la collection limit\u00e9e de Lisa Gachet pour Maison du Monde souhaite \u00e9galement faire passer un message plus profond. <\/p>\n\n\n\n<p>En effet, les fonds collect\u00e9s par cette <strong>capsule joyeuse au <a href=\"https:\/\/www.mobilier-design-occasion.fr\/magazine\/table-tulipe-knoll-indemodable-du-design\/\">design<\/a> lib\u00e9r\u00e9<\/strong>, seront revers\u00e9s int\u00e9gralement \u00e0 l&#8217;association En Avant Toutes \ud83e\udd70 qui \u0153uvre pour <strong>l\u2019\u00e9galit\u00e9 des genres<\/strong> et la fin des violences faites aux femmes et aux personnes LGBTQI+.<\/p>\n\n\n\n<p>De plus, toute la collection fait partie de la s\u00e9lection responsable &#8220;Good is beautiful&#8221; de&nbsp;Maisons du Monde, qui garantit une production respectueuse de l&#8217;environnement et de l&#8217;Humain.&nbsp;<\/p>\n\n\n\n<h3 class=\"wp-block-heading\"><span class=\"ez-toc-section\" id=\"Les_couleurs_au_centre_de_cette_collaboration\"><\/span>Les couleurs, au centre de cette collaboration<span class=\"ez-toc-section-end\"><\/span><\/h3>\n\n\n\n<figure class=\"wp-block-image size-full\"><a href=\"https:\/\/www.maisonsdumonde.com\/FR\/fr\/e\/collaboration-lisa-gachet?utm_source=effiliation_fr&amp;utm_campaign=generique_fil_rouge&amp;utm_medium=affiliation&amp;utm_content=1395109901&amp;eff_cpt=22779644\"><img loading=\"lazy\" decoding=\"async\" width=\"531\" height=\"693\" src=\"https:\/\/www.mobilier-design-occasion.fr\/magazine\/wp-content\/uploads\/2022\/06\/TableLisaGachet.png\" alt=\"\" class=\"wp-image-4923\" srcset=\"https:\/\/www.mobilier-design-occasion.fr\/magazine\/wp-content\/uploads\/2022\/06\/TableLisaGachet.png 531w, https:\/\/www.mobilier-design-occasion.fr\/magazine\/wp-content\/uploads\/2022\/06\/TableLisaGachet-230x300.png 230w\" sizes=\"auto, (max-width: 531px) 100vw, 531px\" \/><\/a><figcaption>Lisa Gachet x Maisons du Monde<\/figcaption><\/figure>\n\n\n\n<p>Lisa Gachet nous fait r\u00eaver et aussi un peu retomber en enfance en nous proposant <strong>des objets de d\u00e9coration color\u00e9s<\/strong>. Qui n&#8217;a jamais r\u00eav\u00e9 de poser sur sa table de <a href=\"https:\/\/www.mobilier-design-occasion.fr\/magazine\/combien-dheures-de-sommeil-pour-mon-enfant\/\">nuit<\/a> une lampe de chevet rose bonbon? <\/p>\n\n\n\n<p><strong>Du jaune, de l&#8217;orange, du vert, du rose<\/strong>&#8230; des couleurs dynamiques et franches, parfaites pour \u00e9gayer nos int\u00e9rieurs \u00e0 l&#8217;approche de l&#8217;\u00e9t\u00e9. <\/p>\n\n\n\n<div class=\"wp-block-columns is-layout-flex wp-container-core-columns-is-layout-9d6595d7 wp-block-columns-is-layout-flex\">\n<div class=\"wp-block-column is-layout-flow wp-block-column-is-layout-flow\">\n<figure class=\"wp-block-image size-full\"><a href=\"https:\/\/www.maisonsdumonde.com\/FR\/fr\/e\/collaboration-lisa-gachet?utm_source=effiliation_fr&amp;utm_campaign=generique_fil_rouge&amp;utm_medium=affiliation&amp;utm_content=1395109901&amp;eff_cpt=22779644\"><img loading=\"lazy\" decoding=\"async\" width=\"860\" height=\"569\" src=\"https:\/\/www.mobilier-design-occasion.fr\/magazine\/wp-content\/uploads\/2022\/06\/VerresLisaGachet.png\" alt=\"\" class=\"wp-image-4921\" srcset=\"https:\/\/www.mobilier-design-occasion.fr\/magazine\/wp-content\/uploads\/2022\/06\/VerresLisaGachet.png 860w, https:\/\/www.mobilier-design-occasion.fr\/magazine\/wp-content\/uploads\/2022\/06\/VerresLisaGachet-300x198.png 300w, https:\/\/www.mobilier-design-occasion.fr\/magazine\/wp-content\/uploads\/2022\/06\/VerresLisaGachet-768x508.png 768w, https:\/\/www.mobilier-design-occasion.fr\/magazine\/wp-content\/uploads\/2022\/06\/VerresLisaGachet-810x536.png 810w\" sizes=\"auto, (max-width: 860px) 100vw, 860px\" \/><\/a><\/figure>\n<\/div>\n\n\n\n<div class=\"wp-block-column is-layout-flow wp-block-column-is-layout-flow\">\n<figure class=\"wp-block-image size-full\"><a href=\"https:\/\/www.maisonsdumonde.com\/FR\/fr\/e\/collaboration-lisa-gachet?utm_source=effiliation_fr&amp;utm_campaign=generique_fil_rouge&amp;utm_medium=affiliation&amp;utm_content=1395109901&amp;eff_cpt=22779644\"><img loading=\"lazy\" decoding=\"async\" width=\"789\" height=\"620\" src=\"https:\/\/www.mobilier-design-occasion.fr\/magazine\/wp-content\/uploads\/2022\/06\/Vase2LisaGachet.png\" alt=\"\" class=\"wp-image-4922\" srcset=\"https:\/\/www.mobilier-design-occasion.fr\/magazine\/wp-content\/uploads\/2022\/06\/Vase2LisaGachet.png 789w, https:\/\/www.mobilier-design-occasion.fr\/magazine\/wp-content\/uploads\/2022\/06\/Vase2LisaGachet-300x236.png 300w, https:\/\/www.mobilier-design-occasion.fr\/magazine\/wp-content\/uploads\/2022\/06\/Vase2LisaGachet-768x603.png 768w\" sizes=\"auto, (max-width: 789px) 100vw, 789px\" \/><\/a><\/figure>\n<\/div>\n<\/div>\n\n\n\n<div class=\"wp-block-columns is-layout-flex wp-container-core-columns-is-layout-9d6595d7 wp-block-columns-is-layout-flex\">\n<div class=\"wp-block-column is-layout-flow wp-block-column-is-layout-flow\">\n<figure class=\"wp-block-image size-full\"><a href=\"https:\/\/www.maisonsdumonde.com\/FR\/fr\/e\/collaboration-lisa-gachet?utm_source=effiliation_fr&amp;utm_campaign=generique_fil_rouge&amp;utm_medium=affiliation&amp;utm_content=1395109901&amp;eff_cpt=22779644\"><img loading=\"lazy\" decoding=\"async\" width=\"775\" height=\"730\" src=\"https:\/\/www.mobilier-design-occasion.fr\/magazine\/wp-content\/uploads\/2022\/06\/Coussin2LisaGachet.png\" alt=\"\" class=\"wp-image-4924\" srcset=\"https:\/\/www.mobilier-design-occasion.fr\/magazine\/wp-content\/uploads\/2022\/06\/Coussin2LisaGachet.png 775w, https:\/\/www.mobilier-design-occasion.fr\/magazine\/wp-content\/uploads\/2022\/06\/Coussin2LisaGachet-300x283.png 300w, https:\/\/www.mobilier-design-occasion.fr\/magazine\/wp-content\/uploads\/2022\/06\/Coussin2LisaGachet-768x723.png 768w\" sizes=\"auto, (max-width: 775px) 100vw, 775px\" \/><\/a><\/figure>\n<\/div>\n\n\n\n<div class=\"wp-block-column is-layout-flow wp-block-column-is-layout-flow\">\n<figure class=\"wp-block-image size-full\"><a href=\"https:\/\/www.maisonsdumonde.com\/FR\/fr\/e\/collaboration-lisa-gachet?utm_source=effiliation_fr&amp;utm_campaign=generique_fil_rouge&amp;utm_medium=affiliation&amp;utm_content=1395109901&amp;eff_cpt=22779644\"><img loading=\"lazy\" decoding=\"async\" width=\"847\" height=\"540\" src=\"https:\/\/www.mobilier-design-occasion.fr\/magazine\/wp-content\/uploads\/2022\/06\/CoussinLisaGachet.png\" alt=\"\" class=\"wp-image-4925\" srcset=\"https:\/\/www.mobilier-design-occasion.fr\/magazine\/wp-content\/uploads\/2022\/06\/CoussinLisaGachet.png 847w, https:\/\/www.mobilier-design-occasion.fr\/magazine\/wp-content\/uploads\/2022\/06\/CoussinLisaGachet-300x191.png 300w, https:\/\/www.mobilier-design-occasion.fr\/magazine\/wp-content\/uploads\/2022\/06\/CoussinLisaGachet-768x490.png 768w, https:\/\/www.mobilier-design-occasion.fr\/magazine\/wp-content\/uploads\/2022\/06\/CoussinLisaGachet-810x516.png 810w\" sizes=\"auto, (max-width: 847px) 100vw, 847px\" \/><\/a><\/figure>\n<\/div>\n<\/div>\n\n\n\n<div class=\"wp-block-buttons is-layout-flex wp-block-buttons-is-layout-flex\">\n<div class=\"wp-block-button aligncenter\"><a class=\"wp-block-button__link\" href=\"https:\/\/www.maisonsdumonde.com\/FR\/fr\/e\/collaboration-lisa-gachet?utm_source=effiliation_fr&amp;utm_campaign=generique_fil_rouge&amp;utm_medium=affiliation&amp;utm_content=1395109901&amp;eff_cpt=22779644\">Voir les autres articles<\/a><\/div>\n<\/div>\n\n\n\n<div style=\"height:22px\" aria-hidden=\"true\" class=\"wp-block-spacer\"><\/div>\n\n\n\n<p>Pour la <a href=\"https:\/\/www.mobilier-design-occasion.fr\/magazine\/5-elements-pour-amenager-une-chambre-montessori\/\">chambre<\/a>, Lisa Gachet nous offre <strong>une parure de lit joyeuse et r\u00e9gressive<\/strong> \u00e0 souhait, parfaite pour illuminer l&#8217;espace.<\/p>\n\n\n\n<p>On retrouve ainsi une magnifique parure de lit, compos\u00e9e d&#8217;un couvre-lit et de deux taies d&#8217;oreiller, aux couleurs vives et joyeuses. Le tout est imprim\u00e9 d&#8217;un motif g\u00e9om\u00e9trique qui rappelle les ann\u00e9es 80, avec des touches de jaune, de rose et de bleu. Cette parure de lit est parfaite pour apporter une touche de gaiet\u00e9 \u00e0 la chambre, et elle est id\u00e9ale pour les amateurs de d\u00e9co r\u00e9tro.<\/p>\n\n\n\n<p>Elle se compose:<\/p>\n\n\n\n<ul class=\"wp-block-list\"><li>d&#8217;un couvre-lit en coton imprim\u00e9 (149 euros)<\/li><li>d&#8217;une housse de couette (69 euros) <\/li><li>d&#8217;une taie d&#8217;oreiller (19 euros) <\/li><li>d&#8217;un coussin (29 euros) <\/li><\/ul>\n\n\n\n<p>Les couleurs vives et les motifs g\u00e9om\u00e9triques sont en totale harmonie avec l&#8217;esprit color\u00e9 et festif de la collection.<\/p>\n\n\n\n<figure class=\"wp-block-image size-full\"><a href=\"https:\/\/www.maisonsdumonde.com\/FR\/fr\/e\/collaboration-lisa-gachet?utm_source=effiliation_fr&amp;utm_campaign=generique_fil_rouge&amp;utm_medium=affiliation&amp;utm_content=1395109901&amp;eff_cpt=22779644\"><img loading=\"lazy\" decoding=\"async\" width=\"535\" height=\"633\" src=\"https:\/\/www.mobilier-design-occasion.fr\/magazine\/wp-content\/uploads\/2022\/06\/ParuredeLitLisaGachet.png\" alt=\"\" class=\"wp-image-4926\" srcset=\"https:\/\/www.mobilier-design-occasion.fr\/magazine\/wp-content\/uploads\/2022\/06\/ParuredeLitLisaGachet.png 535w, https:\/\/www.mobilier-design-occasion.fr\/magazine\/wp-content\/uploads\/2022\/06\/ParuredeLitLisaGachet-254x300.png 254w\" sizes=\"auto, (max-width: 535px) 100vw, 535px\" \/><\/a><figcaption>Lisa Gachet x Maisons du monde<\/figcaption><\/figure>\n\n\n\n<div class=\"wp-block-buttons is-content-justification-right is-layout-flex wp-container-core-buttons-is-layout-765c4724 wp-block-buttons-is-layout-flex\">\n<div class=\"wp-block-button\"><a class=\"wp-block-button__link\" href=\"https:\/\/www.maisonsdumonde.com\/FR\/fr\/e\/collaboration-lisa-gachet?utm_source=effiliation_fr&amp;utm_campaign=generique_fil_rouge&amp;utm_medium=affiliation&amp;utm_content=1395109901&amp;eff_cpt=22779644\">Voir plus<\/a><\/div>\n<\/div>\n\n\n\n<h2 class=\"wp-block-heading\"><span class=\"ez-toc-section\" id=\"Ou_acheter_la_collection_de_Lisa_Gachet_pour_Maisons_du_Monde\"><\/span>O\u00f9 acheter la collection de Lisa Gachet pour Maisons du Monde?<span class=\"ez-toc-section-end\"><\/span><\/h2>\n\n\n\n<p>Attention, comme c&#8217;est une collection ultra limit\u00e9e, la collection n&#8217;est disponible que jusqu&#8217;au 12 juin 2022&#8230; d\u00e9p\u00eachez-vous il n&#8217;y en aura pas pour tout le monde!<\/p>\n\n\n\n<h3 class=\"wp-block-heading\"><span class=\"ez-toc-section\" id=\"Sur_le_site_internet_de_Maison_du_Monde\"><\/span>Sur le site internet de Maison du Monde <span class=\"ez-toc-section-end\"><\/span><\/h3>\n\n\n\n<p>La collection capsule de Lisa Gachet pour Maisons du Monde est disponible sur le <a href=\"https:\/\/track.effiliation.com\/servlet\/effi.redir?id_compteur=22779644&amp;url=https%3A%2F%2Fwww.maisonsdumonde.com%2FFR%2Ffr%2Fe%2Fcollaboration-lisa-gachet\">site internet de Maisons du monde<\/a><\/p>\n\n\n\n<p>Cependant, \u00e0 l&#8217;heure o\u00f9 j&#8217;\u00e9cris cet article, de nombreuses pi\u00e8ces sont d\u00e9j\u00e0 \u00e9puis\u00e9es. Il ne vous reste plus que quelques jours pour craquer sur cette jolie collection \u00e9ph\u00e9m\u00e8re. <\/p>\n\n\n\n<figure class=\"wp-block-image size-large\"><a href=\"https:\/\/www.maisonsdumonde.com\/FR\/fr\/e\/collaboration-lisa-gachet?utm_source=effiliation_fr&amp;utm_campaign=generique_fil_rouge&amp;utm_medium=affiliation&amp;utm_content=1395109901&amp;eff_cpt=22779644\"><img loading=\"lazy\" decoding=\"async\" width=\"1024\" height=\"647\" src=\"https:\/\/www.mobilier-design-occasion.fr\/magazine\/wp-content\/uploads\/2022\/06\/Insta-1024x647.png\" alt=\"\" class=\"wp-image-4927\" srcset=\"https:\/\/www.mobilier-design-occasion.fr\/magazine\/wp-content\/uploads\/2022\/06\/Insta-1024x647.png 1024w, https:\/\/www.mobilier-design-occasion.fr\/magazine\/wp-content\/uploads\/2022\/06\/Insta-300x189.png 300w, https:\/\/www.mobilier-design-occasion.fr\/magazine\/wp-content\/uploads\/2022\/06\/Insta-768x485.png 768w, https:\/\/www.mobilier-design-occasion.fr\/magazine\/wp-content\/uploads\/2022\/06\/Insta-810x512.png 810w, https:\/\/www.mobilier-design-occasion.fr\/magazine\/wp-content\/uploads\/2022\/06\/Insta-1140x720.png 1140w, https:\/\/www.mobilier-design-occasion.fr\/magazine\/wp-content\/uploads\/2022\/06\/Insta.png 1327w\" sizes=\"auto, (max-width: 1024px) 100vw, 1024px\" \/><\/a><\/figure>\n\n\n\n<h3 class=\"wp-block-heading\"><span class=\"ez-toc-section\" id=\"Dans_un_magasin_Maisons_du_Monde\"><\/span>Dans un magasin Maisons du Monde<span class=\"ez-toc-section-end\"><\/span><\/h3>\n\n\n\n<p>Retrouvez tous le magasin Maison du Monde le plus proche de chez vous en tapant votre code postal <a href=\"https:\/\/www.maisonsdumonde.com\/FR\/fr\/store-locator\">ici<\/a><\/p>\n\n\n\n<figure class=\"wp-block-image size-full\"><a href=\"https:\/\/www.maisonsdumonde.com\/FR\/fr\/e\/collaboration-lisa-gachet?utm_source=effiliation_fr&amp;utm_campaign=generique_fil_rouge&amp;utm_medium=affiliation&amp;utm_content=1395109901&amp;eff_cpt=22779644\"><img loading=\"lazy\" decoding=\"async\" width=\"534\" height=\"690\" src=\"https:\/\/www.mobilier-design-occasion.fr\/magazine\/wp-content\/uploads\/2022\/06\/VasesLisaGachet.png\" alt=\"\" class=\"wp-image-4928\" srcset=\"https:\/\/www.mobilier-design-occasion.fr\/magazine\/wp-content\/uploads\/2022\/06\/VasesLisaGachet.png 534w, https:\/\/www.mobilier-design-occasion.fr\/magazine\/wp-content\/uploads\/2022\/06\/VasesLisaGachet-232x300.png 232w\" sizes=\"auto, (max-width: 534px) 100vw, 534px\" \/><\/a><\/figure>\n\n\n\n<h2 class=\"wp-block-heading\"><span class=\"ez-toc-section\" id=\"En_seconde_main\"><\/span>En seconde main<span class=\"ez-toc-section-end\"><\/span><\/h2>\n\n\n\n<p>Et pour les retardataires, o\u00f9 ceux et celles comme moi qui sont toujours \u00e0 la bourre pour shopper les \u00e9ditions limit\u00e9es des artistes, rendez-vous sur les sites de <a href=\"https:\/\/www.mobilier-design-occasion.fr\/magazine\/reussir-a-vendre-son-mobilier\/\">seconde main<\/a>!<\/p>\n\n\n\n<ul class=\"wp-block-list\"><li>LeBonCoin arrive en t\u00eate avec un large choix d\u00e9j\u00e0 disponible<\/li><li><a href=\"https:\/\/www.mobilier-design-occasion.fr\/\">Mobilier Design Occasion<\/a><\/li><li>Ebay<\/li><\/ul>\n\n\n\n<p>On y trouve des p\u00e9pites, mais attention \u00e0 ne pas vous faire avoir avec les prix. N\u00e9gociez pour ne pas contribuer \u00e0 cet engrenage infernal de la flamb\u00e9e des prix des collections pop up des artistes, comme \u00e7a \u00e9t\u00e9 le cas la semaine derni\u00e8re avec la collection de <a href=\"https:\/\/www.mobilier-design-occasion.fr\/magazine\/collection-margaux-keller-pour-monoprix\/\">Margaux Keller pour Monoprix<\/a>.<\/p>\n\n\n\n<div class=\"wp-block-buttons is-layout-flex wp-block-buttons-is-layout-flex\">\n<div class=\"wp-block-button\"><a class=\"wp-block-button__link\" href=\"https:\/\/www.maisonsdumonde.com\/FR\/fr\/e\/collaboration-lisa-gachet?utm_source=effiliation_fr&amp;utm_campaign=generique_fil_rouge&amp;utm_medium=affiliation&amp;utm_content=1395109901&amp;eff_cpt=22779644\">Voir la collaboration<\/a><\/div>\n<\/div>\n\n\n\n<div style=\"height:44px\" aria-hidden=\"true\" class=\"wp-block-spacer\"><\/div>\n\n\n\n<p>De mon c\u00f4t\u00e9, je vais passer mon tour pour cette collection limit\u00e9e de Lisa Gachet x Maisons du Monde. M\u00eame si j&#8217;aime beaucoup la femme entrepreneure et que je suis admirative de son parcours, je ne suis pas tr\u00e8s fan des pi\u00e8ces acidul\u00e9es. Je m&#8217;en lasse trop vite et ces pi\u00e8ces s&#8217;int\u00e9greraient assez difficilement dans notre int\u00e9rieur au style minimaliste blanc \u00e9pur\u00e9. <\/p>\n\n\n\n<div style=\"height:44px\" aria-hidden=\"true\" class=\"wp-block-spacer\"><\/div>\n\n\n\n<figure class=\"wp-block-embed is-type-video is-provider-youtube wp-block-embed-youtube wp-embed-aspect-16-9 wp-has-aspect-ratio\"><div class=\"wp-block-embed__wrapper\">\n<iframe loading=\"lazy\" title=\"Home Tour - Chez Lisa Gachet, fondatrice de Make my Lemonade\" width=\"810\" height=\"456\" src=\"https:\/\/www.youtube.com\/embed\/FEXDErYvJo0?feature=oembed\" frameborder=\"0\" allow=\"accelerometer; autoplay; clipboard-write; encrypted-media; gyroscope; picture-in-picture\" allowfullscreen><\/iframe>\n<\/div><\/figure>\n","protected":false},"excerpt":{"rendered":"<p>Enfin! Maisons du Monde nous aura fait patienter des mois avant de sortir sa collaboration avec l&#8217;artiste Lisa Gachet. Depuis mai, l&#8217;\u00e9dition limit\u00e9e est disponible en ligne et dans la majorit\u00e9 des magasins Maisons du Monde \u00e0 travers la France et la Belgique. Le r\u00e9sultat de cette collaboration est une collection d&#8217;une quinzaine de pi\u00e8ces, [&hellip;]<\/p>\n","protected":false},"author":1,"featured_media":4931,"comment_status":"open","ping_status":"open","sticky":false,"template":"","format":"standard","meta":{"footnotes":""},"categories":[2],"tags":[],"class_list":["post-4915","post","type-post","status-publish","format-standard","has-post-thumbnail","hentry","category-tendances"],"yoast_head":"<!-- This site is optimized with the Yoast SEO plugin v27.5 - https:\/\/yoast.com\/product\/yoast-seo-wordpress\/ -->\n<title>On valide (ou pas) la collab de Lisa Gachet avec Maisons du Monde? - Mobilier Design Magazine<\/title>\n<meta name=\"robots\" content=\"index, follow, max-snippet:-1, max-image-preview:large, max-video-preview:-1\" \/>\n<link rel=\"canonical\" href=\"https:\/\/www.mobilier-design-occasion.fr\/magazine\/on-valide-ou-pas-la-collab-de-lisa-gachet-avec-maisons-du-monde\/\" \/>\n<meta property=\"og:locale\" content=\"fr_FR\" \/>\n<meta property=\"og:type\" content=\"article\" \/>\n<meta property=\"og:title\" content=\"On valide (ou pas) la collab de Lisa Gachet avec Maisons du Monde? - Mobilier Design Magazine\" \/>\n<meta property=\"og:description\" content=\"Enfin! Maisons du Monde nous aura fait patienter des mois avant de sortir sa collaboration avec l&#8217;artiste Lisa Gachet. Depuis mai, l&#8217;\u00e9dition limit\u00e9e est disponible en ligne et dans la majorit\u00e9 des magasins Maisons du Monde \u00e0 travers la France et la Belgique. Le r\u00e9sultat de cette collaboration est une collection d&#8217;une quinzaine de pi\u00e8ces, [&hellip;]\" \/>\n<meta property=\"og:url\" content=\"https:\/\/www.mobilier-design-occasion.fr\/magazine\/on-valide-ou-pas-la-collab-de-lisa-gachet-avec-maisons-du-monde\/\" \/>\n<meta property=\"og:site_name\" content=\"Mobilier Design Magazine\" \/>\n<meta property=\"article:publisher\" content=\"https:\/\/www.facebook.com\/mobilierdesignoccasion\" \/>\n<meta property=\"article:published_time\" content=\"2022-06-08T09:36:43+00:00\" \/>\n<meta property=\"article:modified_time\" content=\"2023-09-25T13:39:48+00:00\" \/>\n<meta property=\"og:image\" content=\"https:\/\/www.mobilier-design-occasion.fr\/magazine\/wp-content\/uploads\/2022\/06\/MDOLisaGachet.jpg\" \/>\n\t<meta property=\"og:image:width\" content=\"1276\" \/>\n\t<meta property=\"og:image:height\" content=\"850\" \/>\n\t<meta property=\"og:image:type\" content=\"image\/jpeg\" \/>\n<meta name=\"author\" content=\"Cyrielle Poirot\" \/>\n<meta name=\"twitter:card\" content=\"summary_large_image\" \/>\n<meta name=\"twitter:label1\" content=\"\u00c9crit par\" \/>\n\t<meta name=\"twitter:data1\" content=\"Cyrielle Poirot\" \/>\n\t<meta name=\"twitter:label2\" content=\"Dur\u00e9e de lecture estim\u00e9e\" \/>\n\t<meta name=\"twitter:data2\" content=\"5 minutes\" \/>\n<script type=\"application\/ld+json\" class=\"yoast-schema-graph\">{\"@context\":\"https:\\\/\\\/schema.org\",\"@graph\":[{\"@type\":\"Article\",\"@id\":\"https:\\\/\\\/www.mobilier-design-occasion.fr\\\/magazine\\\/on-valide-ou-pas-la-collab-de-lisa-gachet-avec-maisons-du-monde\\\/#article\",\"isPartOf\":{\"@id\":\"https:\\\/\\\/www.mobilier-design-occasion.fr\\\/magazine\\\/on-valide-ou-pas-la-collab-de-lisa-gachet-avec-maisons-du-monde\\\/\"},\"author\":{\"name\":\"Cyrielle Poirot\",\"@id\":\"https:\\\/\\\/www.mobilier-design-occasion.fr\\\/magazine\\\/#\\\/schema\\\/person\\\/5b2e5627a714ddadaaf8c9b886c55eff\"},\"headline\":\"On valide (ou pas) la collab de Lisa Gachet avec Maisons du Monde?\",\"datePublished\":\"2022-06-08T09:36:43+00:00\",\"dateModified\":\"2023-09-25T13:39:48+00:00\",\"mainEntityOfPage\":{\"@id\":\"https:\\\/\\\/www.mobilier-design-occasion.fr\\\/magazine\\\/on-valide-ou-pas-la-collab-de-lisa-gachet-avec-maisons-du-monde\\\/\"},\"wordCount\":1053,\"commentCount\":0,\"publisher\":{\"@id\":\"https:\\\/\\\/www.mobilier-design-occasion.fr\\\/magazine\\\/#organization\"},\"image\":{\"@id\":\"https:\\\/\\\/www.mobilier-design-occasion.fr\\\/magazine\\\/on-valide-ou-pas-la-collab-de-lisa-gachet-avec-maisons-du-monde\\\/#primaryimage\"},\"thumbnailUrl\":\"https:\\\/\\\/www.mobilier-design-occasion.fr\\\/magazine\\\/wp-content\\\/uploads\\\/2022\\\/06\\\/MDOLisaGachet.jpg\",\"articleSection\":[\"Tendances\"],\"inLanguage\":\"fr-FR\",\"potentialAction\":[{\"@type\":\"CommentAction\",\"name\":\"Comment\",\"target\":[\"https:\\\/\\\/www.mobilier-design-occasion.fr\\\/magazine\\\/on-valide-ou-pas-la-collab-de-lisa-gachet-avec-maisons-du-monde\\\/#respond\"]}]},{\"@type\":\"WebPage\",\"@id\":\"https:\\\/\\\/www.mobilier-design-occasion.fr\\\/magazine\\\/on-valide-ou-pas-la-collab-de-lisa-gachet-avec-maisons-du-monde\\\/\",\"url\":\"https:\\\/\\\/www.mobilier-design-occasion.fr\\\/magazine\\\/on-valide-ou-pas-la-collab-de-lisa-gachet-avec-maisons-du-monde\\\/\",\"name\":\"On valide (ou pas) la collab de Lisa Gachet avec Maisons du Monde? - Mobilier Design Magazine\",\"isPartOf\":{\"@id\":\"https:\\\/\\\/www.mobilier-design-occasion.fr\\\/magazine\\\/#website\"},\"primaryImageOfPage\":{\"@id\":\"https:\\\/\\\/www.mobilier-design-occasion.fr\\\/magazine\\\/on-valide-ou-pas-la-collab-de-lisa-gachet-avec-maisons-du-monde\\\/#primaryimage\"},\"image\":{\"@id\":\"https:\\\/\\\/www.mobilier-design-occasion.fr\\\/magazine\\\/on-valide-ou-pas-la-collab-de-lisa-gachet-avec-maisons-du-monde\\\/#primaryimage\"},\"thumbnailUrl\":\"https:\\\/\\\/www.mobilier-design-occasion.fr\\\/magazine\\\/wp-content\\\/uploads\\\/2022\\\/06\\\/MDOLisaGachet.jpg\",\"datePublished\":\"2022-06-08T09:36:43+00:00\",\"dateModified\":\"2023-09-25T13:39:48+00:00\",\"breadcrumb\":{\"@id\":\"https:\\\/\\\/www.mobilier-design-occasion.fr\\\/magazine\\\/on-valide-ou-pas-la-collab-de-lisa-gachet-avec-maisons-du-monde\\\/#breadcrumb\"},\"inLanguage\":\"fr-FR\",\"potentialAction\":[{\"@type\":\"ReadAction\",\"target\":[\"https:\\\/\\\/www.mobilier-design-occasion.fr\\\/magazine\\\/on-valide-ou-pas-la-collab-de-lisa-gachet-avec-maisons-du-monde\\\/\"]}]},{\"@type\":\"ImageObject\",\"inLanguage\":\"fr-FR\",\"@id\":\"https:\\\/\\\/www.mobilier-design-occasion.fr\\\/magazine\\\/on-valide-ou-pas-la-collab-de-lisa-gachet-avec-maisons-du-monde\\\/#primaryimage\",\"url\":\"https:\\\/\\\/www.mobilier-design-occasion.fr\\\/magazine\\\/wp-content\\\/uploads\\\/2022\\\/06\\\/MDOLisaGachet.jpg\",\"contentUrl\":\"https:\\\/\\\/www.mobilier-design-occasion.fr\\\/magazine\\\/wp-content\\\/uploads\\\/2022\\\/06\\\/MDOLisaGachet.jpg\",\"width\":1276,\"height\":850},{\"@type\":\"BreadcrumbList\",\"@id\":\"https:\\\/\\\/www.mobilier-design-occasion.fr\\\/magazine\\\/on-valide-ou-pas-la-collab-de-lisa-gachet-avec-maisons-du-monde\\\/#breadcrumb\",\"itemListElement\":[{\"@type\":\"ListItem\",\"position\":1,\"name\":\"Accueil\",\"item\":\"https:\\\/\\\/www.mobilier-design-occasion.fr\\\/magazine\\\/\"},{\"@type\":\"ListItem\",\"position\":2,\"name\":\"On valide (ou pas) la collab de Lisa Gachet avec Maisons du Monde?\"}]},{\"@type\":\"WebSite\",\"@id\":\"https:\\\/\\\/www.mobilier-design-occasion.fr\\\/magazine\\\/#website\",\"url\":\"https:\\\/\\\/www.mobilier-design-occasion.fr\\\/magazine\\\/\",\"name\":\"Mobilier Design Magazine\",\"description\":\"\",\"publisher\":{\"@id\":\"https:\\\/\\\/www.mobilier-design-occasion.fr\\\/magazine\\\/#organization\"},\"potentialAction\":[{\"@type\":\"SearchAction\",\"target\":{\"@type\":\"EntryPoint\",\"urlTemplate\":\"https:\\\/\\\/www.mobilier-design-occasion.fr\\\/magazine\\\/?s={search_term_string}\"},\"query-input\":{\"@type\":\"PropertyValueSpecification\",\"valueRequired\":true,\"valueName\":\"search_term_string\"}}],\"inLanguage\":\"fr-FR\"},{\"@type\":\"Organization\",\"@id\":\"https:\\\/\\\/www.mobilier-design-occasion.fr\\\/magazine\\\/#organization\",\"name\":\"Mobilier Design Magazine\",\"url\":\"https:\\\/\\\/www.mobilier-design-occasion.fr\\\/magazine\\\/\",\"logo\":{\"@type\":\"ImageObject\",\"inLanguage\":\"fr-FR\",\"@id\":\"https:\\\/\\\/www.mobilier-design-occasion.fr\\\/magazine\\\/#\\\/schema\\\/logo\\\/image\\\/\",\"url\":\"https:\\\/\\\/www.mobilier-design-occasion.fr\\\/magazine\\\/wp-content\\\/uploads\\\/2024\\\/02\\\/android-chrome-192x192-1.png\",\"contentUrl\":\"https:\\\/\\\/www.mobilier-design-occasion.fr\\\/magazine\\\/wp-content\\\/uploads\\\/2024\\\/02\\\/android-chrome-192x192-1.png\",\"width\":192,\"height\":192,\"caption\":\"Mobilier Design Magazine\"},\"image\":{\"@id\":\"https:\\\/\\\/www.mobilier-design-occasion.fr\\\/magazine\\\/#\\\/schema\\\/logo\\\/image\\\/\"},\"sameAs\":[\"https:\\\/\\\/www.facebook.com\\\/mobilierdesignoccasion\"]},{\"@type\":\"Person\",\"@id\":\"https:\\\/\\\/www.mobilier-design-occasion.fr\\\/magazine\\\/#\\\/schema\\\/person\\\/5b2e5627a714ddadaaf8c9b886c55eff\",\"name\":\"Cyrielle Poirot\",\"image\":{\"@type\":\"ImageObject\",\"inLanguage\":\"fr-FR\",\"@id\":\"https:\\\/\\\/secure.gravatar.com\\\/avatar\\\/c8d2674e093b06894d8d1dc468b626bd752523471f3ac6e75f7c7a1400d40b4d?s=96&d=mm&r=g\",\"url\":\"https:\\\/\\\/secure.gravatar.com\\\/avatar\\\/c8d2674e093b06894d8d1dc468b626bd752523471f3ac6e75f7c7a1400d40b4d?s=96&d=mm&r=g\",\"contentUrl\":\"https:\\\/\\\/secure.gravatar.com\\\/avatar\\\/c8d2674e093b06894d8d1dc468b626bd752523471f3ac6e75f7c7a1400d40b4d?s=96&d=mm&r=g\",\"caption\":\"Cyrielle Poirot\"},\"description\":\"Cyrielle est passionn\u00e9e par la d\u00e9coration d'int\u00e9rieur et s'est sp\u00e9cialis\u00e9e depuis quelques ann\u00e9es dans l'\u00e9dition du site Mobilier-Design, avec une touche sp\u00e9cifique pour les produits d'occasion.\",\"sameAs\":[\"https:\\\/\\\/www.mobilier-design-occasion.fr\\\/magazine\"],\"url\":\"https:\\\/\\\/www.mobilier-design-occasion.fr\\\/magazine\\\/author\\\/cyrielle\\\/\"}]}<\/script>\n<!-- \/ Yoast SEO plugin. -->","yoast_head_json":{"title":"On valide (ou pas) la collab de Lisa Gachet avec Maisons du Monde? - Mobilier Design Magazine","robots":{"index":"index","follow":"follow","max-snippet":"max-snippet:-1","max-image-preview":"max-image-preview:large","max-video-preview":"max-video-preview:-1"},"canonical":"https:\/\/www.mobilier-design-occasion.fr\/magazine\/on-valide-ou-pas-la-collab-de-lisa-gachet-avec-maisons-du-monde\/","og_locale":"fr_FR","og_type":"article","og_title":"On valide (ou pas) la collab de Lisa Gachet avec Maisons du Monde? - Mobilier Design Magazine","og_description":"Enfin! Maisons du Monde nous aura fait patienter des mois avant de sortir sa collaboration avec l&#8217;artiste Lisa Gachet. Depuis mai, l&#8217;\u00e9dition limit\u00e9e est disponible en ligne et dans la majorit\u00e9 des magasins Maisons du Monde \u00e0 travers la France et la Belgique. Le r\u00e9sultat de cette collaboration est une collection d&#8217;une quinzaine de pi\u00e8ces, [&hellip;]","og_url":"https:\/\/www.mobilier-design-occasion.fr\/magazine\/on-valide-ou-pas-la-collab-de-lisa-gachet-avec-maisons-du-monde\/","og_site_name":"Mobilier Design Magazine","article_publisher":"https:\/\/www.facebook.com\/mobilierdesignoccasion","article_published_time":"2022-06-08T09:36:43+00:00","article_modified_time":"2023-09-25T13:39:48+00:00","og_image":[{"width":1276,"height":850,"url":"https:\/\/www.mobilier-design-occasion.fr\/magazine\/wp-content\/uploads\/2022\/06\/MDOLisaGachet.jpg","type":"image\/jpeg"}],"author":"Cyrielle Poirot","twitter_card":"summary_large_image","twitter_misc":{"\u00c9crit par":"Cyrielle Poirot","Dur\u00e9e de lecture estim\u00e9e":"5 minutes"},"schema":{"@context":"https:\/\/schema.org","@graph":[{"@type":"Article","@id":"https:\/\/www.mobilier-design-occasion.fr\/magazine\/on-valide-ou-pas-la-collab-de-lisa-gachet-avec-maisons-du-monde\/#article","isPartOf":{"@id":"https:\/\/www.mobilier-design-occasion.fr\/magazine\/on-valide-ou-pas-la-collab-de-lisa-gachet-avec-maisons-du-monde\/"},"author":{"name":"Cyrielle Poirot","@id":"https:\/\/www.mobilier-design-occasion.fr\/magazine\/#\/schema\/person\/5b2e5627a714ddadaaf8c9b886c55eff"},"headline":"On valide (ou pas) la collab de Lisa Gachet avec Maisons du Monde?","datePublished":"2022-06-08T09:36:43+00:00","dateModified":"2023-09-25T13:39:48+00:00","mainEntityOfPage":{"@id":"https:\/\/www.mobilier-design-occasion.fr\/magazine\/on-valide-ou-pas-la-collab-de-lisa-gachet-avec-maisons-du-monde\/"},"wordCount":1053,"commentCount":0,"publisher":{"@id":"https:\/\/www.mobilier-design-occasion.fr\/magazine\/#organization"},"image":{"@id":"https:\/\/www.mobilier-design-occasion.fr\/magazine\/on-valide-ou-pas-la-collab-de-lisa-gachet-avec-maisons-du-monde\/#primaryimage"},"thumbnailUrl":"https:\/\/www.mobilier-design-occasion.fr\/magazine\/wp-content\/uploads\/2022\/06\/MDOLisaGachet.jpg","articleSection":["Tendances"],"inLanguage":"fr-FR","potentialAction":[{"@type":"CommentAction","name":"Comment","target":["https:\/\/www.mobilier-design-occasion.fr\/magazine\/on-valide-ou-pas-la-collab-de-lisa-gachet-avec-maisons-du-monde\/#respond"]}]},{"@type":"WebPage","@id":"https:\/\/www.mobilier-design-occasion.fr\/magazine\/on-valide-ou-pas-la-collab-de-lisa-gachet-avec-maisons-du-monde\/","url":"https:\/\/www.mobilier-design-occasion.fr\/magazine\/on-valide-ou-pas-la-collab-de-lisa-gachet-avec-maisons-du-monde\/","name":"On valide (ou pas) la collab de Lisa Gachet avec Maisons du Monde? - Mobilier Design Magazine","isPartOf":{"@id":"https:\/\/www.mobilier-design-occasion.fr\/magazine\/#website"},"primaryImageOfPage":{"@id":"https:\/\/www.mobilier-design-occasion.fr\/magazine\/on-valide-ou-pas-la-collab-de-lisa-gachet-avec-maisons-du-monde\/#primaryimage"},"image":{"@id":"https:\/\/www.mobilier-design-occasion.fr\/magazine\/on-valide-ou-pas-la-collab-de-lisa-gachet-avec-maisons-du-monde\/#primaryimage"},"thumbnailUrl":"https:\/\/www.mobilier-design-occasion.fr\/magazine\/wp-content\/uploads\/2022\/06\/MDOLisaGachet.jpg","datePublished":"2022-06-08T09:36:43+00:00","dateModified":"2023-09-25T13:39:48+00:00","breadcrumb":{"@id":"https:\/\/www.mobilier-design-occasion.fr\/magazine\/on-valide-ou-pas-la-collab-de-lisa-gachet-avec-maisons-du-monde\/#breadcrumb"},"inLanguage":"fr-FR","potentialAction":[{"@type":"ReadAction","target":["https:\/\/www.mobilier-design-occasion.fr\/magazine\/on-valide-ou-pas-la-collab-de-lisa-gachet-avec-maisons-du-monde\/"]}]},{"@type":"ImageObject","inLanguage":"fr-FR","@id":"https:\/\/www.mobilier-design-occasion.fr\/magazine\/on-valide-ou-pas-la-collab-de-lisa-gachet-avec-maisons-du-monde\/#primaryimage","url":"https:\/\/www.mobilier-design-occasion.fr\/magazine\/wp-content\/uploads\/2022\/06\/MDOLisaGachet.jpg","contentUrl":"https:\/\/www.mobilier-design-occasion.fr\/magazine\/wp-content\/uploads\/2022\/06\/MDOLisaGachet.jpg","width":1276,"height":850},{"@type":"BreadcrumbList","@id":"https:\/\/www.mobilier-design-occasion.fr\/magazine\/on-valide-ou-pas-la-collab-de-lisa-gachet-avec-maisons-du-monde\/#breadcrumb","itemListElement":[{"@type":"ListItem","position":1,"name":"Accueil","item":"https:\/\/www.mobilier-design-occasion.fr\/magazine\/"},{"@type":"ListItem","position":2,"name":"On valide (ou pas) la collab de Lisa Gachet avec Maisons du Monde?"}]},{"@type":"WebSite","@id":"https:\/\/www.mobilier-design-occasion.fr\/magazine\/#website","url":"https:\/\/www.mobilier-design-occasion.fr\/magazine\/","name":"Mobilier Design Magazine","description":"","publisher":{"@id":"https:\/\/www.mobilier-design-occasion.fr\/magazine\/#organization"},"potentialAction":[{"@type":"SearchAction","target":{"@type":"EntryPoint","urlTemplate":"https:\/\/www.mobilier-design-occasion.fr\/magazine\/?s={search_term_string}"},"query-input":{"@type":"PropertyValueSpecification","valueRequired":true,"valueName":"search_term_string"}}],"inLanguage":"fr-FR"},{"@type":"Organization","@id":"https:\/\/www.mobilier-design-occasion.fr\/magazine\/#organization","name":"Mobilier Design Magazine","url":"https:\/\/www.mobilier-design-occasion.fr\/magazine\/","logo":{"@type":"ImageObject","inLanguage":"fr-FR","@id":"https:\/\/www.mobilier-design-occasion.fr\/magazine\/#\/schema\/logo\/image\/","url":"https:\/\/www.mobilier-design-occasion.fr\/magazine\/wp-content\/uploads\/2024\/02\/android-chrome-192x192-1.png","contentUrl":"https:\/\/www.mobilier-design-occasion.fr\/magazine\/wp-content\/uploads\/2024\/02\/android-chrome-192x192-1.png","width":192,"height":192,"caption":"Mobilier Design Magazine"},"image":{"@id":"https:\/\/www.mobilier-design-occasion.fr\/magazine\/#\/schema\/logo\/image\/"},"sameAs":["https:\/\/www.facebook.com\/mobilierdesignoccasion"]},{"@type":"Person","@id":"https:\/\/www.mobilier-design-occasion.fr\/magazine\/#\/schema\/person\/5b2e5627a714ddadaaf8c9b886c55eff","name":"Cyrielle Poirot","image":{"@type":"ImageObject","inLanguage":"fr-FR","@id":"https:\/\/secure.gravatar.com\/avatar\/c8d2674e093b06894d8d1dc468b626bd752523471f3ac6e75f7c7a1400d40b4d?s=96&d=mm&r=g","url":"https:\/\/secure.gravatar.com\/avatar\/c8d2674e093b06894d8d1dc468b626bd752523471f3ac6e75f7c7a1400d40b4d?s=96&d=mm&r=g","contentUrl":"https:\/\/secure.gravatar.com\/avatar\/c8d2674e093b06894d8d1dc468b626bd752523471f3ac6e75f7c7a1400d40b4d?s=96&d=mm&r=g","caption":"Cyrielle Poirot"},"description":"Cyrielle est passionn\u00e9e par la d\u00e9coration d'int\u00e9rieur et s'est sp\u00e9cialis\u00e9e depuis quelques ann\u00e9es dans l'\u00e9dition du site Mobilier-Design, avec une touche sp\u00e9cifique pour les produits d'occasion.","sameAs":["https:\/\/www.mobilier-design-occasion.fr\/magazine"],"url":"https:\/\/www.mobilier-design-occasion.fr\/magazine\/author\/cyrielle\/"}]}},"_links":{"self":[{"href":"https:\/\/www.mobilier-design-occasion.fr\/magazine\/wp-json\/wp\/v2\/posts\/4915","targetHints":{"allow":["GET"]}}],"collection":[{"href":"https:\/\/www.mobilier-design-occasion.fr\/magazine\/wp-json\/wp\/v2\/posts"}],"about":[{"href":"https:\/\/www.mobilier-design-occasion.fr\/magazine\/wp-json\/wp\/v2\/types\/post"}],"author":[{"embeddable":true,"href":"https:\/\/www.mobilier-design-occasion.fr\/magazine\/wp-json\/wp\/v2\/users\/1"}],"replies":[{"embeddable":true,"href":"https:\/\/www.mobilier-design-occasion.fr\/magazine\/wp-json\/wp\/v2\/comments?post=4915"}],"version-history":[{"count":7,"href":"https:\/\/www.mobilier-design-occasion.fr\/magazine\/wp-json\/wp\/v2\/posts\/4915\/revisions"}],"predecessor-version":[{"id":5003,"href":"https:\/\/www.mobilier-design-occasion.fr\/magazine\/wp-json\/wp\/v2\/posts\/4915\/revisions\/5003"}],"wp:featuredmedia":[{"embeddable":true,"href":"https:\/\/www.mobilier-design-occasion.fr\/magazine\/wp-json\/wp\/v2\/media\/4931"}],"wp:attachment":[{"href":"https:\/\/www.mobilier-design-occasion.fr\/magazine\/wp-json\/wp\/v2\/media?parent=4915"}],"wp:term":[{"taxonomy":"category","embeddable":true,"href":"https:\/\/www.mobilier-design-occasion.fr\/magazine\/wp-json\/wp\/v2\/categories?post=4915"},{"taxonomy":"post_tag","embeddable":true,"href":"https:\/\/www.mobilier-design-occasion.fr\/magazine\/wp-json\/wp\/v2\/tags?post=4915"}],"curies":[{"name":"wp","href":"https:\/\/api.w.org\/{rel}","templated":true}]}}