{"id":4897,"date":"2022-06-07T06:59:21","date_gmt":"2022-06-07T06:59:21","guid":{"rendered":"https:\/\/www.mobilier-design-occasion.fr\/magazine\/?p=4897"},"modified":"2023-09-25T13:39:48","modified_gmt":"2023-09-25T13:39:48","slug":"pourquoi-adopter-un-arrosoir-design-pour-decorer-son-interieur","status":"publish","type":"post","link":"https:\/\/www.mobilier-design-occasion.fr\/magazine\/pourquoi-adopter-un-arrosoir-design-pour-decorer-son-interieur\/","title":{"rendered":"Pourquoi adopter un arrosoir design pour d\u00e9corer son int\u00e9rieur\u2009?"},"content":{"rendered":"\n<p>Les arrosoirs <a href=\"https:\/\/www.mobilier-design-occasion.fr\/magazine\/table-tulipe-knoll-indemodable-du-design\/\">design<\/a> permettent non seulement de prendre soin de vos plantes, mais aussi de d\u00e9corer votre int\u00e9rieur. En raison de leur \u00e9l\u00e9gance, ces accessoires d\u2019entretien peuvent \u00eatre affich\u00e9s fi\u00e8rement dans votre int\u00e9rieur. D\u00e9couvrez ici les avantages d\u2019opter pour un arrosoir design.<\/p>\n\n\n\n<h2 class=\"wp-block-heading\">L\u2019arrosoir&nbsp;: un v\u00e9ritable objet d\u00e9coratif<\/h2>\n\n\n\n<p>Contrairement aux arrosoirs communs et classiques, l\u2019<a href=\"https:\/\/arroseur-arrose.com\/collections\/arrosoirs-design\">arrosoir d\u00e9coration design<\/a>&nbsp;est&nbsp;<strong>beau et \u00e9l\u00e9gant<\/strong>. Il se d\u00e9cline sous plusieurs formes et vous pouvez le retrouver sous plusieurs couleurs. Avec sa taille et son goulot, il est possible de l\u2019adapter aux petits pots et aux petits bacs d\u2019int\u00e9rieur. Vous pouvez donc choisir un arrosoir design rond ou cylindrique qui ornera parfaitement votre int\u00e9rieur. Vous pouvez \u00e9galement choisir en fonction de la&nbsp;<strong>mati\u00e8re de fabrication<\/strong>. Vous trouverez des arrosoirs en m\u00e9tal, en inox, en cuivre, etc. Pour ce qui est des couleurs, il est possible de choisir :<\/p>\n\n\n\n<ul class=\"wp-block-list\"><li>un mod\u00e8le dor\u00e9 ;<\/li><li>un mod\u00e8le noir ;<\/li><li>un mod\u00e8le bleu, etc.<\/li><\/ul>\n\n\n\n<h2 class=\"wp-block-heading\">L\u2019arrosoir design pour prendre soin des plantes d\u2019int\u00e9rieur<\/h2>\n\n\n\n<p>Outre son bel aspect, l\u2019arrosoir design est pratique pour&nbsp;<strong>prendre soin des plantes<\/strong>&nbsp;en int\u00e9rieur. Avec votre accessoire d\u00e9licatement pos\u00e9 dans votre int\u00e9rieur, vous n\u2019oublierez plus d\u2019arroser vos plantes. Avec un petit arrosoir au bec fin, vous \u00e9vitez \u00e9galement d\u2019inonder le syst\u00e8me racinaire de vos plantes.Avec leur conception, les&nbsp;<strong>arrosoirs design \u00e0 long bec<\/strong>&nbsp;permettent de r\u00e9aliser un bon dosage pendant l\u2019arrosage. L\u2019arrosoir design est \u00e9galement con\u00e7u avec des mat\u00e9riaux r\u00e9sistants qui lui garantissent une longue dur\u00e9e de vie. Avec un poids et une taille raisonnables, cet accessoire est facile \u00e0 prendre en main et \u00e0 utiliser.<\/p>\n","protected":false},"excerpt":{"rendered":"<p>Les arrosoirs design permettent non seulement de prendre soin de vos plantes, mais aussi de d\u00e9corer votre int\u00e9rieur. En raison de leur \u00e9l\u00e9gance, ces accessoires d\u2019entretien peuvent \u00eatre affich\u00e9s fi\u00e8rement dans votre int\u00e9rieur. D\u00e9couvrez ici les avantages d\u2019opter pour un arrosoir design. L\u2019arrosoir&nbsp;: un v\u00e9ritable objet d\u00e9coratif Contrairement aux arrosoirs communs et classiques, l\u2019arrosoir d\u00e9coration [&hellip;]<\/p>\n","protected":false},"author":1,"featured_media":4898,"comment_status":"open","ping_status":"open","sticky":false,"template":"","format":"standard","meta":{"footnotes":""},"categories":[2],"tags":[],"class_list":["post-4897","post","type-post","status-publish","format-standard","has-post-thumbnail","hentry","category-tendances"],"yoast_head":"<!-- This site is optimized with the Yoast SEO plugin v27.5 - https:\/\/yoast.com\/product\/yoast-seo-wordpress\/ -->\n<title>Pourquoi adopter un arrosoir design pour d\u00e9corer son int\u00e9rieur\u2009? - Mobilier Design Magazine<\/title>\n<meta name=\"robots\" content=\"index, follow, max-snippet:-1, max-image-preview:large, max-video-preview:-1\" \/>\n<link rel=\"canonical\" href=\"https:\/\/www.mobilier-design-occasion.fr\/magazine\/pourquoi-adopter-un-arrosoir-design-pour-decorer-son-interieur\/\" \/>\n<meta property=\"og:locale\" content=\"fr_FR\" \/>\n<meta property=\"og:type\" content=\"article\" \/>\n<meta property=\"og:title\" content=\"Pourquoi adopter un arrosoir design pour d\u00e9corer son int\u00e9rieur\u2009? - Mobilier Design Magazine\" \/>\n<meta property=\"og:description\" content=\"Les arrosoirs design permettent non seulement de prendre soin de vos plantes, mais aussi de d\u00e9corer votre int\u00e9rieur. En raison de leur \u00e9l\u00e9gance, ces accessoires d\u2019entretien peuvent \u00eatre affich\u00e9s fi\u00e8rement dans votre int\u00e9rieur. D\u00e9couvrez ici les avantages d\u2019opter pour un arrosoir design. L\u2019arrosoir&nbsp;: un v\u00e9ritable objet d\u00e9coratif Contrairement aux arrosoirs communs et classiques, l\u2019arrosoir d\u00e9coration [&hellip;]\" \/>\n<meta property=\"og:url\" content=\"https:\/\/www.mobilier-design-occasion.fr\/magazine\/pourquoi-adopter-un-arrosoir-design-pour-decorer-son-interieur\/\" \/>\n<meta property=\"og:site_name\" content=\"Mobilier Design Magazine\" \/>\n<meta property=\"article:publisher\" content=\"https:\/\/www.facebook.com\/mobilierdesignoccasion\" \/>\n<meta property=\"article:published_time\" content=\"2022-06-07T06:59:21+00:00\" \/>\n<meta property=\"article:modified_time\" content=\"2023-09-25T13:39:48+00:00\" \/>\n<meta property=\"og:image\" content=\"https:\/\/www.mobilier-design-occasion.fr\/magazine\/wp-content\/uploads\/2022\/06\/3473d13b4302cbdcb47850504519c90a.jpeg\" \/>\n\t<meta property=\"og:image:width\" content=\"848\" \/>\n\t<meta property=\"og:image:height\" content=\"565\" \/>\n\t<meta property=\"og:image:type\" content=\"image\/jpeg\" \/>\n<meta name=\"author\" content=\"Cyrielle Poirot\" \/>\n<meta name=\"twitter:card\" content=\"summary_large_image\" \/>\n<meta name=\"twitter:label1\" content=\"\u00c9crit par\" \/>\n\t<meta name=\"twitter:data1\" content=\"Cyrielle Poirot\" \/>\n\t<meta name=\"twitter:label2\" content=\"Dur\u00e9e de lecture estim\u00e9e\" \/>\n\t<meta name=\"twitter:data2\" content=\"2 minutes\" \/>\n<script type=\"application\/ld+json\" class=\"yoast-schema-graph\">{\"@context\":\"https:\\\/\\\/schema.org\",\"@graph\":[{\"@type\":\"Article\",\"@id\":\"https:\\\/\\\/www.mobilier-design-occasion.fr\\\/magazine\\\/pourquoi-adopter-un-arrosoir-design-pour-decorer-son-interieur\\\/#article\",\"isPartOf\":{\"@id\":\"https:\\\/\\\/www.mobilier-design-occasion.fr\\\/magazine\\\/pourquoi-adopter-un-arrosoir-design-pour-decorer-son-interieur\\\/\"},\"author\":{\"name\":\"Cyrielle Poirot\",\"@id\":\"https:\\\/\\\/www.mobilier-design-occasion.fr\\\/magazine\\\/#\\\/schema\\\/person\\\/5b2e5627a714ddadaaf8c9b886c55eff\"},\"headline\":\"Pourquoi adopter un arrosoir design pour d\u00e9corer son int\u00e9rieur\u2009?\",\"datePublished\":\"2022-06-07T06:59:21+00:00\",\"dateModified\":\"2023-09-25T13:39:48+00:00\",\"mainEntityOfPage\":{\"@id\":\"https:\\\/\\\/www.mobilier-design-occasion.fr\\\/magazine\\\/pourquoi-adopter-un-arrosoir-design-pour-decorer-son-interieur\\\/\"},\"wordCount\":316,\"commentCount\":0,\"publisher\":{\"@id\":\"https:\\\/\\\/www.mobilier-design-occasion.fr\\\/magazine\\\/#organization\"},\"image\":{\"@id\":\"https:\\\/\\\/www.mobilier-design-occasion.fr\\\/magazine\\\/pourquoi-adopter-un-arrosoir-design-pour-decorer-son-interieur\\\/#primaryimage\"},\"thumbnailUrl\":\"https:\\\/\\\/www.mobilier-design-occasion.fr\\\/magazine\\\/wp-content\\\/uploads\\\/2022\\\/06\\\/3473d13b4302cbdcb47850504519c90a.jpeg\",\"articleSection\":[\"Tendances\"],\"inLanguage\":\"fr-FR\",\"potentialAction\":[{\"@type\":\"CommentAction\",\"name\":\"Comment\",\"target\":[\"https:\\\/\\\/www.mobilier-design-occasion.fr\\\/magazine\\\/pourquoi-adopter-un-arrosoir-design-pour-decorer-son-interieur\\\/#respond\"]}]},{\"@type\":\"WebPage\",\"@id\":\"https:\\\/\\\/www.mobilier-design-occasion.fr\\\/magazine\\\/pourquoi-adopter-un-arrosoir-design-pour-decorer-son-interieur\\\/\",\"url\":\"https:\\\/\\\/www.mobilier-design-occasion.fr\\\/magazine\\\/pourquoi-adopter-un-arrosoir-design-pour-decorer-son-interieur\\\/\",\"name\":\"Pourquoi adopter un arrosoir design pour d\u00e9corer son int\u00e9rieur\u2009? - Mobilier Design Magazine\",\"isPartOf\":{\"@id\":\"https:\\\/\\\/www.mobilier-design-occasion.fr\\\/magazine\\\/#website\"},\"primaryImageOfPage\":{\"@id\":\"https:\\\/\\\/www.mobilier-design-occasion.fr\\\/magazine\\\/pourquoi-adopter-un-arrosoir-design-pour-decorer-son-interieur\\\/#primaryimage\"},\"image\":{\"@id\":\"https:\\\/\\\/www.mobilier-design-occasion.fr\\\/magazine\\\/pourquoi-adopter-un-arrosoir-design-pour-decorer-son-interieur\\\/#primaryimage\"},\"thumbnailUrl\":\"https:\\\/\\\/www.mobilier-design-occasion.fr\\\/magazine\\\/wp-content\\\/uploads\\\/2022\\\/06\\\/3473d13b4302cbdcb47850504519c90a.jpeg\",\"datePublished\":\"2022-06-07T06:59:21+00:00\",\"dateModified\":\"2023-09-25T13:39:48+00:00\",\"breadcrumb\":{\"@id\":\"https:\\\/\\\/www.mobilier-design-occasion.fr\\\/magazine\\\/pourquoi-adopter-un-arrosoir-design-pour-decorer-son-interieur\\\/#breadcrumb\"},\"inLanguage\":\"fr-FR\",\"potentialAction\":[{\"@type\":\"ReadAction\",\"target\":[\"https:\\\/\\\/www.mobilier-design-occasion.fr\\\/magazine\\\/pourquoi-adopter-un-arrosoir-design-pour-decorer-son-interieur\\\/\"]}]},{\"@type\":\"ImageObject\",\"inLanguage\":\"fr-FR\",\"@id\":\"https:\\\/\\\/www.mobilier-design-occasion.fr\\\/magazine\\\/pourquoi-adopter-un-arrosoir-design-pour-decorer-son-interieur\\\/#primaryimage\",\"url\":\"https:\\\/\\\/www.mobilier-design-occasion.fr\\\/magazine\\\/wp-content\\\/uploads\\\/2022\\\/06\\\/3473d13b4302cbdcb47850504519c90a.jpeg\",\"contentUrl\":\"https:\\\/\\\/www.mobilier-design-occasion.fr\\\/magazine\\\/wp-content\\\/uploads\\\/2022\\\/06\\\/3473d13b4302cbdcb47850504519c90a.jpeg\",\"width\":848,\"height\":565,\"caption\":\"Side view of a focused calm female floriculturist holding a watering can over potted succulents\"},{\"@type\":\"BreadcrumbList\",\"@id\":\"https:\\\/\\\/www.mobilier-design-occasion.fr\\\/magazine\\\/pourquoi-adopter-un-arrosoir-design-pour-decorer-son-interieur\\\/#breadcrumb\",\"itemListElement\":[{\"@type\":\"ListItem\",\"position\":1,\"name\":\"Accueil\",\"item\":\"https:\\\/\\\/www.mobilier-design-occasion.fr\\\/magazine\\\/\"},{\"@type\":\"ListItem\",\"position\":2,\"name\":\"Pourquoi adopter un arrosoir design pour d\u00e9corer son int\u00e9rieur\u2009?\"}]},{\"@type\":\"WebSite\",\"@id\":\"https:\\\/\\\/www.mobilier-design-occasion.fr\\\/magazine\\\/#website\",\"url\":\"https:\\\/\\\/www.mobilier-design-occasion.fr\\\/magazine\\\/\",\"name\":\"Mobilier Design Magazine\",\"description\":\"\",\"publisher\":{\"@id\":\"https:\\\/\\\/www.mobilier-design-occasion.fr\\\/magazine\\\/#organization\"},\"potentialAction\":[{\"@type\":\"SearchAction\",\"target\":{\"@type\":\"EntryPoint\",\"urlTemplate\":\"https:\\\/\\\/www.mobilier-design-occasion.fr\\\/magazine\\\/?s={search_term_string}\"},\"query-input\":{\"@type\":\"PropertyValueSpecification\",\"valueRequired\":true,\"valueName\":\"search_term_string\"}}],\"inLanguage\":\"fr-FR\"},{\"@type\":\"Organization\",\"@id\":\"https:\\\/\\\/www.mobilier-design-occasion.fr\\\/magazine\\\/#organization\",\"name\":\"Mobilier Design Magazine\",\"url\":\"https:\\\/\\\/www.mobilier-design-occasion.fr\\\/magazine\\\/\",\"logo\":{\"@type\":\"ImageObject\",\"inLanguage\":\"fr-FR\",\"@id\":\"https:\\\/\\\/www.mobilier-design-occasion.fr\\\/magazine\\\/#\\\/schema\\\/logo\\\/image\\\/\",\"url\":\"https:\\\/\\\/www.mobilier-design-occasion.fr\\\/magazine\\\/wp-content\\\/uploads\\\/2024\\\/02\\\/android-chrome-192x192-1.png\",\"contentUrl\":\"https:\\\/\\\/www.mobilier-design-occasion.fr\\\/magazine\\\/wp-content\\\/uploads\\\/2024\\\/02\\\/android-chrome-192x192-1.png\",\"width\":192,\"height\":192,\"caption\":\"Mobilier Design Magazine\"},\"image\":{\"@id\":\"https:\\\/\\\/www.mobilier-design-occasion.fr\\\/magazine\\\/#\\\/schema\\\/logo\\\/image\\\/\"},\"sameAs\":[\"https:\\\/\\\/www.facebook.com\\\/mobilierdesignoccasion\"]},{\"@type\":\"Person\",\"@id\":\"https:\\\/\\\/www.mobilier-design-occasion.fr\\\/magazine\\\/#\\\/schema\\\/person\\\/5b2e5627a714ddadaaf8c9b886c55eff\",\"name\":\"Cyrielle Poirot\",\"image\":{\"@type\":\"ImageObject\",\"inLanguage\":\"fr-FR\",\"@id\":\"https:\\\/\\\/secure.gravatar.com\\\/avatar\\\/c8d2674e093b06894d8d1dc468b626bd752523471f3ac6e75f7c7a1400d40b4d?s=96&d=mm&r=g\",\"url\":\"https:\\\/\\\/secure.gravatar.com\\\/avatar\\\/c8d2674e093b06894d8d1dc468b626bd752523471f3ac6e75f7c7a1400d40b4d?s=96&d=mm&r=g\",\"contentUrl\":\"https:\\\/\\\/secure.gravatar.com\\\/avatar\\\/c8d2674e093b06894d8d1dc468b626bd752523471f3ac6e75f7c7a1400d40b4d?s=96&d=mm&r=g\",\"caption\":\"Cyrielle Poirot\"},\"description\":\"Cyrielle est passionn\u00e9e par la d\u00e9coration d'int\u00e9rieur et s'est sp\u00e9cialis\u00e9e depuis quelques ann\u00e9es dans l'\u00e9dition du site Mobilier-Design, avec une touche sp\u00e9cifique pour les produits d'occasion.\",\"sameAs\":[\"https:\\\/\\\/www.mobilier-design-occasion.fr\\\/magazine\"],\"url\":\"https:\\\/\\\/www.mobilier-design-occasion.fr\\\/magazine\\\/author\\\/cyrielle\\\/\"}]}<\/script>\n<!-- \/ Yoast SEO plugin. -->","yoast_head_json":{"title":"Pourquoi adopter un arrosoir design pour d\u00e9corer son int\u00e9rieur\u2009? - Mobilier Design Magazine","robots":{"index":"index","follow":"follow","max-snippet":"max-snippet:-1","max-image-preview":"max-image-preview:large","max-video-preview":"max-video-preview:-1"},"canonical":"https:\/\/www.mobilier-design-occasion.fr\/magazine\/pourquoi-adopter-un-arrosoir-design-pour-decorer-son-interieur\/","og_locale":"fr_FR","og_type":"article","og_title":"Pourquoi adopter un arrosoir design pour d\u00e9corer son int\u00e9rieur\u2009? - Mobilier Design Magazine","og_description":"Les arrosoirs design permettent non seulement de prendre soin de vos plantes, mais aussi de d\u00e9corer votre int\u00e9rieur. En raison de leur \u00e9l\u00e9gance, ces accessoires d\u2019entretien peuvent \u00eatre affich\u00e9s fi\u00e8rement dans votre int\u00e9rieur. D\u00e9couvrez ici les avantages d\u2019opter pour un arrosoir design. L\u2019arrosoir&nbsp;: un v\u00e9ritable objet d\u00e9coratif Contrairement aux arrosoirs communs et classiques, l\u2019arrosoir d\u00e9coration [&hellip;]","og_url":"https:\/\/www.mobilier-design-occasion.fr\/magazine\/pourquoi-adopter-un-arrosoir-design-pour-decorer-son-interieur\/","og_site_name":"Mobilier Design Magazine","article_publisher":"https:\/\/www.facebook.com\/mobilierdesignoccasion","article_published_time":"2022-06-07T06:59:21+00:00","article_modified_time":"2023-09-25T13:39:48+00:00","og_image":[{"width":848,"height":565,"url":"https:\/\/www.mobilier-design-occasion.fr\/magazine\/wp-content\/uploads\/2022\/06\/3473d13b4302cbdcb47850504519c90a.jpeg","type":"image\/jpeg"}],"author":"Cyrielle Poirot","twitter_card":"summary_large_image","twitter_misc":{"\u00c9crit par":"Cyrielle Poirot","Dur\u00e9e de lecture estim\u00e9e":"2 minutes"},"schema":{"@context":"https:\/\/schema.org","@graph":[{"@type":"Article","@id":"https:\/\/www.mobilier-design-occasion.fr\/magazine\/pourquoi-adopter-un-arrosoir-design-pour-decorer-son-interieur\/#article","isPartOf":{"@id":"https:\/\/www.mobilier-design-occasion.fr\/magazine\/pourquoi-adopter-un-arrosoir-design-pour-decorer-son-interieur\/"},"author":{"name":"Cyrielle Poirot","@id":"https:\/\/www.mobilier-design-occasion.fr\/magazine\/#\/schema\/person\/5b2e5627a714ddadaaf8c9b886c55eff"},"headline":"Pourquoi adopter un arrosoir design pour d\u00e9corer son int\u00e9rieur\u2009?","datePublished":"2022-06-07T06:59:21+00:00","dateModified":"2023-09-25T13:39:48+00:00","mainEntityOfPage":{"@id":"https:\/\/www.mobilier-design-occasion.fr\/magazine\/pourquoi-adopter-un-arrosoir-design-pour-decorer-son-interieur\/"},"wordCount":316,"commentCount":0,"publisher":{"@id":"https:\/\/www.mobilier-design-occasion.fr\/magazine\/#organization"},"image":{"@id":"https:\/\/www.mobilier-design-occasion.fr\/magazine\/pourquoi-adopter-un-arrosoir-design-pour-decorer-son-interieur\/#primaryimage"},"thumbnailUrl":"https:\/\/www.mobilier-design-occasion.fr\/magazine\/wp-content\/uploads\/2022\/06\/3473d13b4302cbdcb47850504519c90a.jpeg","articleSection":["Tendances"],"inLanguage":"fr-FR","potentialAction":[{"@type":"CommentAction","name":"Comment","target":["https:\/\/www.mobilier-design-occasion.fr\/magazine\/pourquoi-adopter-un-arrosoir-design-pour-decorer-son-interieur\/#respond"]}]},{"@type":"WebPage","@id":"https:\/\/www.mobilier-design-occasion.fr\/magazine\/pourquoi-adopter-un-arrosoir-design-pour-decorer-son-interieur\/","url":"https:\/\/www.mobilier-design-occasion.fr\/magazine\/pourquoi-adopter-un-arrosoir-design-pour-decorer-son-interieur\/","name":"Pourquoi adopter un arrosoir design pour d\u00e9corer son int\u00e9rieur\u2009? - Mobilier Design Magazine","isPartOf":{"@id":"https:\/\/www.mobilier-design-occasion.fr\/magazine\/#website"},"primaryImageOfPage":{"@id":"https:\/\/www.mobilier-design-occasion.fr\/magazine\/pourquoi-adopter-un-arrosoir-design-pour-decorer-son-interieur\/#primaryimage"},"image":{"@id":"https:\/\/www.mobilier-design-occasion.fr\/magazine\/pourquoi-adopter-un-arrosoir-design-pour-decorer-son-interieur\/#primaryimage"},"thumbnailUrl":"https:\/\/www.mobilier-design-occasion.fr\/magazine\/wp-content\/uploads\/2022\/06\/3473d13b4302cbdcb47850504519c90a.jpeg","datePublished":"2022-06-07T06:59:21+00:00","dateModified":"2023-09-25T13:39:48+00:00","breadcrumb":{"@id":"https:\/\/www.mobilier-design-occasion.fr\/magazine\/pourquoi-adopter-un-arrosoir-design-pour-decorer-son-interieur\/#breadcrumb"},"inLanguage":"fr-FR","potentialAction":[{"@type":"ReadAction","target":["https:\/\/www.mobilier-design-occasion.fr\/magazine\/pourquoi-adopter-un-arrosoir-design-pour-decorer-son-interieur\/"]}]},{"@type":"ImageObject","inLanguage":"fr-FR","@id":"https:\/\/www.mobilier-design-occasion.fr\/magazine\/pourquoi-adopter-un-arrosoir-design-pour-decorer-son-interieur\/#primaryimage","url":"https:\/\/www.mobilier-design-occasion.fr\/magazine\/wp-content\/uploads\/2022\/06\/3473d13b4302cbdcb47850504519c90a.jpeg","contentUrl":"https:\/\/www.mobilier-design-occasion.fr\/magazine\/wp-content\/uploads\/2022\/06\/3473d13b4302cbdcb47850504519c90a.jpeg","width":848,"height":565,"caption":"Side view of a focused calm female floriculturist holding a watering can over potted succulents"},{"@type":"BreadcrumbList","@id":"https:\/\/www.mobilier-design-occasion.fr\/magazine\/pourquoi-adopter-un-arrosoir-design-pour-decorer-son-interieur\/#breadcrumb","itemListElement":[{"@type":"ListItem","position":1,"name":"Accueil","item":"https:\/\/www.mobilier-design-occasion.fr\/magazine\/"},{"@type":"ListItem","position":2,"name":"Pourquoi adopter un arrosoir design pour d\u00e9corer son int\u00e9rieur\u2009?"}]},{"@type":"WebSite","@id":"https:\/\/www.mobilier-design-occasion.fr\/magazine\/#website","url":"https:\/\/www.mobilier-design-occasion.fr\/magazine\/","name":"Mobilier Design Magazine","description":"","publisher":{"@id":"https:\/\/www.mobilier-design-occasion.fr\/magazine\/#organization"},"potentialAction":[{"@type":"SearchAction","target":{"@type":"EntryPoint","urlTemplate":"https:\/\/www.mobilier-design-occasion.fr\/magazine\/?s={search_term_string}"},"query-input":{"@type":"PropertyValueSpecification","valueRequired":true,"valueName":"search_term_string"}}],"inLanguage":"fr-FR"},{"@type":"Organization","@id":"https:\/\/www.mobilier-design-occasion.fr\/magazine\/#organization","name":"Mobilier Design Magazine","url":"https:\/\/www.mobilier-design-occasion.fr\/magazine\/","logo":{"@type":"ImageObject","inLanguage":"fr-FR","@id":"https:\/\/www.mobilier-design-occasion.fr\/magazine\/#\/schema\/logo\/image\/","url":"https:\/\/www.mobilier-design-occasion.fr\/magazine\/wp-content\/uploads\/2024\/02\/android-chrome-192x192-1.png","contentUrl":"https:\/\/www.mobilier-design-occasion.fr\/magazine\/wp-content\/uploads\/2024\/02\/android-chrome-192x192-1.png","width":192,"height":192,"caption":"Mobilier Design Magazine"},"image":{"@id":"https:\/\/www.mobilier-design-occasion.fr\/magazine\/#\/schema\/logo\/image\/"},"sameAs":["https:\/\/www.facebook.com\/mobilierdesignoccasion"]},{"@type":"Person","@id":"https:\/\/www.mobilier-design-occasion.fr\/magazine\/#\/schema\/person\/5b2e5627a714ddadaaf8c9b886c55eff","name":"Cyrielle Poirot","image":{"@type":"ImageObject","inLanguage":"fr-FR","@id":"https:\/\/secure.gravatar.com\/avatar\/c8d2674e093b06894d8d1dc468b626bd752523471f3ac6e75f7c7a1400d40b4d?s=96&d=mm&r=g","url":"https:\/\/secure.gravatar.com\/avatar\/c8d2674e093b06894d8d1dc468b626bd752523471f3ac6e75f7c7a1400d40b4d?s=96&d=mm&r=g","contentUrl":"https:\/\/secure.gravatar.com\/avatar\/c8d2674e093b06894d8d1dc468b626bd752523471f3ac6e75f7c7a1400d40b4d?s=96&d=mm&r=g","caption":"Cyrielle Poirot"},"description":"Cyrielle est passionn\u00e9e par la d\u00e9coration d'int\u00e9rieur et s'est sp\u00e9cialis\u00e9e depuis quelques ann\u00e9es dans l'\u00e9dition du site Mobilier-Design, avec une touche sp\u00e9cifique pour les produits d'occasion.","sameAs":["https:\/\/www.mobilier-design-occasion.fr\/magazine"],"url":"https:\/\/www.mobilier-design-occasion.fr\/magazine\/author\/cyrielle\/"}]}},"_links":{"self":[{"href":"https:\/\/www.mobilier-design-occasion.fr\/magazine\/wp-json\/wp\/v2\/posts\/4897","targetHints":{"allow":["GET"]}}],"collection":[{"href":"https:\/\/www.mobilier-design-occasion.fr\/magazine\/wp-json\/wp\/v2\/posts"}],"about":[{"href":"https:\/\/www.mobilier-design-occasion.fr\/magazine\/wp-json\/wp\/v2\/types\/post"}],"author":[{"embeddable":true,"href":"https:\/\/www.mobilier-design-occasion.fr\/magazine\/wp-json\/wp\/v2\/users\/1"}],"replies":[{"embeddable":true,"href":"https:\/\/www.mobilier-design-occasion.fr\/magazine\/wp-json\/wp\/v2\/comments?post=4897"}],"version-history":[{"count":1,"href":"https:\/\/www.mobilier-design-occasion.fr\/magazine\/wp-json\/wp\/v2\/posts\/4897\/revisions"}],"predecessor-version":[{"id":4899,"href":"https:\/\/www.mobilier-design-occasion.fr\/magazine\/wp-json\/wp\/v2\/posts\/4897\/revisions\/4899"}],"wp:featuredmedia":[{"embeddable":true,"href":"https:\/\/www.mobilier-design-occasion.fr\/magazine\/wp-json\/wp\/v2\/media\/4898"}],"wp:attachment":[{"href":"https:\/\/www.mobilier-design-occasion.fr\/magazine\/wp-json\/wp\/v2\/media?parent=4897"}],"wp:term":[{"taxonomy":"category","embeddable":true,"href":"https:\/\/www.mobilier-design-occasion.fr\/magazine\/wp-json\/wp\/v2\/categories?post=4897"},{"taxonomy":"post_tag","embeddable":true,"href":"https:\/\/www.mobilier-design-occasion.fr\/magazine\/wp-json\/wp\/v2\/tags?post=4897"}],"curies":[{"name":"wp","href":"https:\/\/api.w.org\/{rel}","templated":true}]}}