{"id":4895,"date":"2022-06-09T11:52:59","date_gmt":"2022-06-09T11:52:59","guid":{"rendered":"https:\/\/www.mobilier-design-occasion.fr\/magazine\/?p=4895"},"modified":"2023-09-25T13:40:10","modified_gmt":"2023-09-25T13:40:10","slug":"chaise-marcel-breuer","status":"publish","type":"post","link":"https:\/\/www.mobilier-design-occasion.fr\/magazine\/chaise-marcel-breuer\/","title":{"rendered":"Les plus belles chaises iconiques de Marcel Breuer"},"content":{"rendered":"\n<h2 class=\"wp-block-heading\"><span class=\"ez-toc-section\" id=\"Qui_est_Marcel_Breuer\"><\/span><strong>Qui est Marcel Breuer<\/strong>?<span class=\"ez-toc-section-end\"><\/span><\/h2><div id=\"ez-toc-container\" class=\"ez-toc-v2_0_82_2 counter-hierarchy ez-toc-counter ez-toc-grey ez-toc-container-direction\">\n<div class=\"ez-toc-title-container\">\n<span class=\"ez-toc-title-toggle\"><a href=\"#\" class=\"ez-toc-pull-right ez-toc-btn ez-toc-btn-xs ez-toc-btn-default ez-toc-toggle\" aria-label=\"Toggle Table of Content\"><span class=\"ez-toc-js-icon-con\"><span class=\"\"><span class=\"eztoc-hide\" style=\"display:none;\">Toggle<\/span><span class=\"ez-toc-icon-toggle-span\"><svg style=\"fill: #999;color:#999\" xmlns=\"http:\/\/www.w3.org\/2000\/svg\" class=\"list-377408\" width=\"20px\" height=\"20px\" viewBox=\"0 0 24 24\" fill=\"none\"><path d=\"M6 6H4v2h2V6zm14 0H8v2h12V6zM4 11h2v2H4v-2zm16 0H8v2h12v-2zM4 16h2v2H4v-2zm16 0H8v2h12v-2z\" fill=\"currentColor\"><\/path><\/svg><svg style=\"fill: #999;color:#999\" class=\"arrow-unsorted-368013\" xmlns=\"http:\/\/www.w3.org\/2000\/svg\" width=\"10px\" height=\"10px\" viewBox=\"0 0 24 24\" version=\"1.2\" baseProfile=\"tiny\"><path d=\"M18.2 9.3l-6.2-6.3-6.2 6.3c-.2.2-.3.4-.3.7s.1.5.3.7c.2.2.4.3.7.3h11c.3 0 .5-.1.7-.3.2-.2.3-.5.3-.7s-.1-.5-.3-.7zM5.8 14.7l6.2 6.3 6.2-6.3c.2-.2.3-.5.3-.7s-.1-.5-.3-.7c-.2-.2-.4-.3-.7-.3h-11c-.3 0-.5.1-.7.3-.2.2-.3.5-.3.7s.1.5.3.7z\"\/><\/svg><\/span><\/span><\/span><\/a><\/span><\/div>\n<nav><ul class='ez-toc-list ez-toc-list-level-1 eztoc-toggle-hide-by-default' ><li class='ez-toc-page-1 ez-toc-heading-level-2'><a class=\"ez-toc-link ez-toc-heading-1\" href=\"https:\/\/www.mobilier-design-occasion.fr\/magazine\/chaise-marcel-breuer\/#Qui_est_Marcel_Breuer\" >Qui est Marcel Breuer?<\/a><ul class='ez-toc-list-level-3' ><li class='ez-toc-heading-level-3'><a class=\"ez-toc-link ez-toc-heading-2\" href=\"https:\/\/www.mobilier-design-occasion.fr\/magazine\/chaise-marcel-breuer\/#Bauhaus\" >Bauhaus<\/a><\/li><li class='ez-toc-page-1 ez-toc-heading-level-3'><a class=\"ez-toc-link ez-toc-heading-3\" href=\"https:\/\/www.mobilier-design-occasion.fr\/magazine\/chaise-marcel-breuer\/#Marcel_Breuer_et_Bauhaus\" >Marcel Breuer et Bauhaus<\/a><\/li><\/ul><\/li><li class='ez-toc-page-1 ez-toc-heading-level-2'><a class=\"ez-toc-link ez-toc-heading-4\" href=\"https:\/\/www.mobilier-design-occasion.fr\/magazine\/chaise-marcel-breuer\/#Chaise_Wassily_B3\" >Chaise Wassily B3<\/a><ul class='ez-toc-list-level-3' ><li class='ez-toc-heading-level-3'><a class=\"ez-toc-link ez-toc-heading-5\" href=\"https:\/\/www.mobilier-design-occasion.fr\/magazine\/chaise-marcel-breuer\/#Les_caracteristiques_de_la_chaise_Wassily_B3\" >Les caract\u00e9ristiques de la chaise Wassily B3<\/a><\/li><\/ul><\/li><li class='ez-toc-page-1 ez-toc-heading-level-2'><a class=\"ez-toc-link ez-toc-heading-6\" href=\"https:\/\/www.mobilier-design-occasion.fr\/magazine\/chaise-marcel-breuer\/#La_chaise_B32_ou_chaise_Cesca\" >La chaise B32 ou chaise Cesca<\/a><ul class='ez-toc-list-level-3' ><li class='ez-toc-heading-level-3'><a class=\"ez-toc-link ez-toc-heading-7\" href=\"https:\/\/www.mobilier-design-occasion.fr\/magazine\/chaise-marcel-breuer\/#Les_caracteristiques_de_la_chaise_B32\" >Les caract\u00e9ristiques de la chaise B32<\/a><\/li><\/ul><\/li><li class='ez-toc-page-1 ez-toc-heading-level-2'><a class=\"ez-toc-link ez-toc-heading-8\" href=\"https:\/\/www.mobilier-design-occasion.fr\/magazine\/chaise-marcel-breuer\/#Les_meilleures_chaises_de_Marcel_Breuer_doccasions\" >Les meilleures chaises de Marcel Breuer d&#8217;occasions<\/a><\/li><li class='ez-toc-page-1 ez-toc-heading-level-2'><a class=\"ez-toc-link ez-toc-heading-9\" href=\"https:\/\/www.mobilier-design-occasion.fr\/magazine\/chaise-marcel-breuer\/#Comment_verifier_lauthenticite_des_chaises_Marcel_Breuer\" >Comment v\u00e9rifier l\u2019authenticit\u00e9 des chaises Marcel Breuer&nbsp;?<\/a><\/li><\/ul><\/nav><\/div>\n\n\n\n\n<p>Marcel  Breuer est un architecte et designer de <a href=\"https:\/\/www.mobilier-design-occasion.fr\/magazine\/test-avis-sur-la-redoute-interieurs-am-pm\/\">mobilier<\/a>. Il est n\u00e9 en Hongrie le 21 Mai 1902 et est mort \u00e0 New York le 1<sup>er<\/sup> juillet 1981. Il suit une formation \u00e0 Weimar, dans un atelier de meubles du Bauhaus entre 1920 et 1923. Marcel Breuer se d\u00e9marque par son imagination et son inventivit\u00e9. En 1921, il re\u00e7oit une commande pour la cr\u00e9ation de fauteuils et de tables pour la maison Sommerfeld \u00e0 Berlin. Il part ensuite dans un cabinet d\u2019architecture \u00e0 Paris durant un an. <\/p>\n\n\n\n<p><\/p>\n\n\n\n<figure class=\"wp-block-image size-large\"><img loading=\"lazy\" decoding=\"async\" width=\"1024\" height=\"683\" src=\"https:\/\/www.mobilier-design-occasion.fr\/magazine\/wp-content\/uploads\/2022\/06\/marcel-breuer-1024x683.jpg\" alt=\"\" class=\"wp-image-4943\" srcset=\"https:\/\/www.mobilier-design-occasion.fr\/magazine\/wp-content\/uploads\/2022\/06\/marcel-breuer-1024x683.jpg 1024w, https:\/\/www.mobilier-design-occasion.fr\/magazine\/wp-content\/uploads\/2022\/06\/marcel-breuer-300x200.jpg 300w, https:\/\/www.mobilier-design-occasion.fr\/magazine\/wp-content\/uploads\/2022\/06\/marcel-breuer-768x512.jpg 768w, https:\/\/www.mobilier-design-occasion.fr\/magazine\/wp-content\/uploads\/2022\/06\/marcel-breuer-1536x1025.jpg 1536w, https:\/\/www.mobilier-design-occasion.fr\/magazine\/wp-content\/uploads\/2022\/06\/marcel-breuer-810x540.jpg 810w, https:\/\/www.mobilier-design-occasion.fr\/magazine\/wp-content\/uploads\/2022\/06\/marcel-breuer-1140x760.jpg 1140w, https:\/\/www.mobilier-design-occasion.fr\/magazine\/wp-content\/uploads\/2022\/06\/marcel-breuer.jpg 1964w\" sizes=\"auto, (max-width: 1024px) 100vw, 1024px\" \/><figcaption>C86 <a href=\"https:\/\/www.mobilier-design-occasion.fr\/magazine\/table-tulipe-knoll-indemodable-du-design\/\">Design<\/a><\/figcaption><\/figure>\n\n\n\n<h3 class=\"wp-block-heading\"><span class=\"ez-toc-section\" id=\"Bauhaus\"><\/span><strong>Bauhaus<\/strong><span class=\"ez-toc-section-end\"><\/span><\/h3>\n\n\n\n<p>Bauhaus est une \u00e9cole d\u2019architecture et d\u2019arts fond\u00e9e par l&#8217;architecte, urbaniste et designer Walter Gropius en 1919.&nbsp; Lorsque Walter Gropius cr\u00e9e cette \u00e9cole, il veut r\u00e9unier en un seul endroit tous les artistes dans n\u2019importe quelle sp\u00e9cialit\u00e9 pour n\u2019en faire qu\u2019un.<\/p>\n\n\n\n<p>\u00ab&nbsp;Il n\u2019existe aucune diff\u00e9rence essentielle entre l\u2019artiste et l\u2019artisan. [\u2026] Voulons, concevons et cr\u00e9ons ensemble la&nbsp;nouvelle construction&nbsp;de l\u2019avenir, qui embrassera tout en une seule forme&nbsp;: architecture, art plastique et peinture&nbsp;\u00bb Marcel Breuer dans le Manifeste du Bauhaus.<\/p>\n\n\n\n<div class=\"wp-block-columns is-layout-flex wp-container-core-columns-is-layout-9d6595d7 wp-block-columns-is-layout-flex\">\n<div class=\"wp-block-column is-layout-flow wp-block-column-is-layout-flow\">\n<figure class=\"wp-block-image size-full\"><a href=\"https:\/\/track.effiliation.com\/servlet\/effi.redir?id_compteur=&amp;url=https%3A%2F%2Fwww.selency.fr%2Fsearch.html%3Fquery%3Dbreuer%2520chaise\"><img loading=\"lazy\" decoding=\"async\" width=\"596\" height=\"598\" src=\"https:\/\/www.mobilier-design-occasion.fr\/magazine\/wp-content\/uploads\/2022\/06\/wbss.jpg\" alt=\"\" class=\"wp-image-4941\" srcset=\"https:\/\/www.mobilier-design-occasion.fr\/magazine\/wp-content\/uploads\/2022\/06\/wbss.jpg 596w, https:\/\/www.mobilier-design-occasion.fr\/magazine\/wp-content\/uploads\/2022\/06\/wbss-300x300.jpg 300w, https:\/\/www.mobilier-design-occasion.fr\/magazine\/wp-content\/uploads\/2022\/06\/wbss-150x150.jpg 150w\" sizes=\"auto, (max-width: 596px) 100vw, 596px\" \/><\/a><figcaption>\u00a9Knoll<\/figcaption><\/figure>\n<\/div>\n\n\n\n<div class=\"wp-block-column is-layout-flow wp-block-column-is-layout-flow\">\n<figure class=\"wp-block-image size-full\"><a href=\"https:\/\/track.effiliation.com\/servlet\/effi.redir?id_compteur=&amp;url=https%3A%2F%2Fwww.selency.fr%2Fsearch.html%3Fquery%3Dbreuer%2520chaise\"><img loading=\"lazy\" decoding=\"async\" width=\"596\" height=\"598\" src=\"https:\/\/www.mobilier-design-occasion.fr\/magazine\/wp-content\/uploads\/2022\/06\/wass2.jpg\" alt=\"\" class=\"wp-image-4942\" srcset=\"https:\/\/www.mobilier-design-occasion.fr\/magazine\/wp-content\/uploads\/2022\/06\/wass2.jpg 596w, https:\/\/www.mobilier-design-occasion.fr\/magazine\/wp-content\/uploads\/2022\/06\/wass2-300x300.jpg 300w, https:\/\/www.mobilier-design-occasion.fr\/magazine\/wp-content\/uploads\/2022\/06\/wass2-150x150.jpg 150w\" sizes=\"auto, (max-width: 596px) 100vw, 596px\" \/><\/a><figcaption>\u00a9Knoll<\/figcaption><\/figure>\n<\/div>\n<\/div>\n\n\n\n<h3 class=\"wp-block-heading\"><span class=\"ez-toc-section\" id=\"Marcel_Breuer_et_Bauhaus\"><\/span><strong>Marcel Breuer et Bauhaus<\/strong><span class=\"ez-toc-section-end\"><\/span><\/h3>\n\n\n\n<p>Apr\u00e8s avoir pass\u00e9 un an \u00e0 Paris, Marcel Breuer revient en Allemagne. Il devient professeur \u00e0 <strong>l\u2019\u00e9cole du Bauhaus <\/strong>en 1924 puis nomm\u00e9 directeur de la section mobilier en 1926, \u00e0 l\u2019\u00e2ge de 24 ans.<\/p>\n\n\n\n<p>En 1923, lors de l\u2019exposition du Bauhaus, Marcel Breuer r\u00e9alise les mobiliers et l\u2019am\u00e9nagement int\u00e9rieur de la maison prototype Haus am Horn. Apr\u00e8s Bauhaus, plusieurs enseignes se sont succ\u00e9d\u00e9es pour la licence des chaises du designer Marcel Breuer, \u00e0 savoir <strong>Thonet<\/strong>, Cidue, Gavina puis <strong>Knoll<\/strong>.<\/p>\n\n\n\n<figure class=\"wp-block-embed is-type-rich is-provider-twitter wp-block-embed-twitter\"><div class=\"wp-block-embed__wrapper\">\n<blockquote class=\"twitter-tweet\" data-width=\"550\" data-dnt=\"true\"><p lang=\"fr\" dir=\"ltr\">Marcel <a href=\"https:\/\/twitter.com\/hashtag\/Breuer?src=hash&amp;ref_src=twsrc%5Etfw\">#Breuer<\/a> dans sa premi\u00e8re <a href=\"https:\/\/www.mobilier-design-occasion.fr\/magazine\/fermob-occasion\/\">chaise<\/a> tubulaire <a href=\"https:\/\/twitter.com\/hashtag\/Bauhaus?src=hash&amp;ref_src=twsrc%5Etfw\">#Bauhaus<\/a> <a href=\"https:\/\/twitter.com\/artsdecoratifs?ref_src=twsrc%5Etfw\">@artsdecoratifs<\/a> <a href=\"https:\/\/t.co\/wAkUtNKCZM\">pic.twitter.com\/wAkUtNKCZM<\/a><\/p>&mdash; Val\u00e9rie de Maulmin (@v2maulmin) <a href=\"https:\/\/twitter.com\/v2maulmin\/status\/788344328494211072?ref_src=twsrc%5Etfw\">October 18, 2016<\/a><\/blockquote><script async src=\"https:\/\/platform.twitter.com\/widgets.js\" charset=\"utf-8\"><\/script>\n<\/div><\/figure>\n\n\n\n<h2 class=\"wp-block-heading\"><span class=\"ez-toc-section\" id=\"Chaise_Wassily_B3\"><\/span><strong>Chaise Wassily B3<\/strong><span class=\"ez-toc-section-end\"><\/span><\/h2>\n\n\n\n<p>En 1926, \u00e0 la t\u00eate de l\u2019atelier m\u00e9tal du Bauhaus \u00e0 Dessau, Marcel Breuer travaille des tubes d\u2019acier pour en faire des meubles. La chaise B3 et le tabouret B9 voient donc le jour. <\/p>\n\n\n\n<p>Wassily Kandinsky, un coll\u00e8gue de Marcel Breuer au Bauhaus admire tellement la forme de cette chaise que Marcel Breuer lui en fabrique pour ses appartements priv\u00e9s. C\u2019est l\u2019italien Dino Gavina qui donne <strong>le nom Wassily \u00e0 cette chaise <\/strong>apr\u00e8s avoir entendu l\u2019anecdote sur Kandinsky.<\/p>\n\n\n\n<div class=\"wp-block-columns is-layout-flex wp-container-core-columns-is-layout-9d6595d7 wp-block-columns-is-layout-flex\">\n<div class=\"wp-block-column is-layout-flow wp-block-column-is-layout-flow\">\n<figure class=\"wp-block-image size-full\"><a href=\"https:\/\/track.effiliation.com\/servlet\/effi.redir?id_compteur=&amp;url=https%3A%2F%2Fwww.selency.fr%2Fsearch.html%3Fquery%3Dbreuer%2520chaise\"><img loading=\"lazy\" decoding=\"async\" width=\"598\" height=\"595\" src=\"https:\/\/www.mobilier-design-occasion.fr\/magazine\/wp-content\/uploads\/2022\/06\/wass.jpg\" alt=\"\" class=\"wp-image-4939\" srcset=\"https:\/\/www.mobilier-design-occasion.fr\/magazine\/wp-content\/uploads\/2022\/06\/wass.jpg 598w, https:\/\/www.mobilier-design-occasion.fr\/magazine\/wp-content\/uploads\/2022\/06\/wass-300x298.jpg 300w, https:\/\/www.mobilier-design-occasion.fr\/magazine\/wp-content\/uploads\/2022\/06\/wass-150x150.jpg 150w\" sizes=\"auto, (max-width: 598px) 100vw, 598px\" \/><\/a><figcaption>\u00a9Knoll<\/figcaption><\/figure>\n<\/div>\n\n\n\n<div class=\"wp-block-column is-layout-flow wp-block-column-is-layout-flow\">\n<figure class=\"wp-block-image size-full is-resized\"><a href=\"https:\/\/track.effiliation.com\/servlet\/effi.redir?id_compteur=&amp;url=https%3A%2F%2Fwww.selency.fr%2Fsearch.html%3Fquery%3Dbreuer%2520chaise\"><img loading=\"lazy\" decoding=\"async\" src=\"https:\/\/www.mobilier-design-occasion.fr\/magazine\/wp-content\/uploads\/2022\/06\/wass4.jpg\" alt=\"\" class=\"wp-image-4940\" width=\"284\" height=\"284\" srcset=\"https:\/\/www.mobilier-design-occasion.fr\/magazine\/wp-content\/uploads\/2022\/06\/wass4.jpg 596w, https:\/\/www.mobilier-design-occasion.fr\/magazine\/wp-content\/uploads\/2022\/06\/wass4-300x300.jpg 300w, https:\/\/www.mobilier-design-occasion.fr\/magazine\/wp-content\/uploads\/2022\/06\/wass4-150x150.jpg 150w\" sizes=\"auto, (max-width: 284px) 100vw, 284px\" \/><\/a><figcaption><img alt=\"\">\u00a9Knoll<\/figcaption><\/figure>\n<\/div>\n<\/div>\n\n\n\n<p>Marcel Breuer <strong>s\u2019est inspir\u00e9 d\u2019un guidon de v\u00e9lo <\/strong>pour cr\u00e9er la <a href=\"https:\/\/www.marieclaire.fr\/maison\/wassily,1143417.asp\">chaise Wassily<\/a>. Avec ses tubes d\u2019acier et son assise en cuir, la chaise B3 est devenue une ic\u00f4ne au design \u00e9pur\u00e9.<\/p>\n\n\n\n<h3 class=\"wp-block-heading\"><span class=\"ez-toc-section\" id=\"Les_caracteristiques_de_la_chaise_Wassily_B3\"><\/span><strong>Les caract\u00e9ristiques de la chaise Wassily B3<\/strong><span class=\"ez-toc-section-end\"><\/span><\/h3>\n\n\n\n<p>La licence sur la reproduction de la chaise Wassily a \u00e9t\u00e9 rachet\u00e9 par Knoll en 1968 et fait toujours commercialiser cette chaise minimaliste. Voici les caract\u00e9ristiques de cette fameuse chaise B3&nbsp;:<\/p>\n\n\n\n<ul class=\"wp-block-list\"><li>Le ch\u00e2ssis de la chaise Wassily est en <a href=\"https:\/\/www.mobilier-design-occasion.fr\/magazine\/test-avis-sur-ripaton\/\">acier<\/a> tubulaire&nbsp;avec une finition chrom\u00e9.<\/li><li>Des patins en plastiques sont fix\u00e9s sur la base de la chaise.<\/li><li>La chaise B3 mesure 79 cm de large, 69cm de profondeur, 73cm de haut avec 42cm d\u2019assise.<\/li><li>Le cuir utilis\u00e9 est le cuir pour ceinture. C\u2019est un cuir pleine fleur \u00e9pais et ferme.<\/li><li>La chaise Wassily se d\u00e9cline en diff\u00e9rentes couleurs&nbsp;: cr\u00e8me, violet profond, rouge, tricolore, noir, beige chaud, marron fonc\u00e9, blanc\u2026<\/li><\/ul>\n\n\n\n<h2 class=\"wp-block-heading\"><span class=\"ez-toc-section\" id=\"La_chaise_B32_ou_chaise_Cesca\"><\/span><strong>La chaise B32 ou chaise Cesca<\/strong><span class=\"ez-toc-section-end\"><\/span><\/h2>\n\n\n\n<div class=\"wp-block-columns is-layout-flex wp-container-core-columns-is-layout-9d6595d7 wp-block-columns-is-layout-flex\">\n<div class=\"wp-block-column is-layout-flow wp-block-column-is-layout-flow\">\n<figure class=\"wp-block-image size-full\"><a href=\"https:\/\/track.effiliation.com\/servlet\/effi.redir?id_compteur=&amp;url=https%3A%2F%2Fwww.selency.fr%2Fsearch.html%3Fquery%3Dbreuer%2520chaise\"><img loading=\"lazy\" decoding=\"async\" width=\"880\" height=\"880\" src=\"https:\/\/www.mobilier-design-occasion.fr\/magazine\/wp-content\/uploads\/2022\/06\/51C1.jpg\" alt=\"\" class=\"wp-image-4937\" srcset=\"https:\/\/www.mobilier-design-occasion.fr\/magazine\/wp-content\/uploads\/2022\/06\/51C1.jpg 880w, https:\/\/www.mobilier-design-occasion.fr\/magazine\/wp-content\/uploads\/2022\/06\/51C1-300x300.jpg 300w, https:\/\/www.mobilier-design-occasion.fr\/magazine\/wp-content\/uploads\/2022\/06\/51C1-150x150.jpg 150w, https:\/\/www.mobilier-design-occasion.fr\/magazine\/wp-content\/uploads\/2022\/06\/51C1-768x768.jpg 768w, https:\/\/www.mobilier-design-occasion.fr\/magazine\/wp-content\/uploads\/2022\/06\/51C1-810x810.jpg 810w\" sizes=\"auto, (max-width: 880px) 100vw, 880px\" \/><\/a><figcaption>\u00a9Knoll<\/figcaption><\/figure>\n<\/div>\n\n\n\n<div class=\"wp-block-column is-layout-flow wp-block-column-is-layout-flow\">\n<figure class=\"wp-block-image size-full\"><a href=\"https:\/\/track.effiliation.com\/servlet\/effi.redir?id_compteur=&amp;url=https%3A%2F%2Fwww.selency.fr%2Fsearch.html%3Fquery%3Dbreuer%2520chaise\"><img loading=\"lazy\" decoding=\"async\" width=\"593\" height=\"595\" src=\"https:\/\/www.mobilier-design-occasion.fr\/magazine\/wp-content\/uploads\/2022\/06\/51C2.jpg\" alt=\"\" class=\"wp-image-4938\" srcset=\"https:\/\/www.mobilier-design-occasion.fr\/magazine\/wp-content\/uploads\/2022\/06\/51C2.jpg 593w, https:\/\/www.mobilier-design-occasion.fr\/magazine\/wp-content\/uploads\/2022\/06\/51C2-300x300.jpg 300w, https:\/\/www.mobilier-design-occasion.fr\/magazine\/wp-content\/uploads\/2022\/06\/51C2-150x150.jpg 150w\" sizes=\"auto, (max-width: 593px) 100vw, 593px\" \/><\/a><figcaption>\u00a9Knoll<\/figcaption><\/figure>\n<\/div>\n<\/div>\n\n\n\n<p>La chaise B32 est un meuble embl\u00e9matique du mouvement Bauhaus. Apr\u00e8s la chaise B3, cette chaise a\u00e9rienne est une prouesse \u00e0 l\u2019\u00e9poque de son invention en 1928. Marcel Breuer joue avec les forces et les contre-poids pour minimiser la mati\u00e8re utilis\u00e9e. Son \u00e9quilibre repose sur les calculs des porte-\u00e0-faux et des poids. La chaise B32 est aussi appel\u00e9 chaise Cantilever ou chaise Cesca, en hommage \u00e0 la fille adoptive de Marcel Breuer Francesca.<\/p>\n\n\n\n<h3 class=\"wp-block-heading\"><span class=\"ez-toc-section\" id=\"Les_caracteristiques_de_la_chaise_B32\"><\/span><strong>Les caract\u00e9ristiques de la chaise B32<\/strong><span class=\"ez-toc-section-end\"><\/span><\/h3>\n\n\n\n<ul class=\"wp-block-list\"><li>La chaise B32 ou chaise Cesca poss\u00e8de une structure en tube d\u2019acier chrom\u00e9 avec des angles arrondis.<\/li><li>La chaise ne pr\u00e9sente pas de pieds arri\u00e8re.<\/li><li>Son assise et son dossier quant \u00e0 eux sont cann\u00e9s sur un cadre en <a href=\"https:\/\/www.mobilier-design-occasion.fr\/magazine\/avis-mathy-by-bols\/\">bois<\/a> de h\u00eatre.<\/li><li>La chaise Cesca mesure 46,5cm de large, 82cm de haut et 45cm d\u2019hauteur d\u2019assise.<\/li><\/ul>\n\n\n\n<figure class=\"wp-block-embed is-type-video is-provider-youtube wp-block-embed-youtube wp-embed-aspect-16-9 wp-has-aspect-ratio\"><div class=\"wp-block-embed__wrapper\">\n<iframe loading=\"lazy\" title=\"Comment reconna\u00eetre une chaise Cesca B32 de Breuer authentique ?\" width=\"810\" height=\"456\" src=\"https:\/\/www.youtube.com\/embed\/58ofq_8ckIY?feature=oembed\" frameborder=\"0\" allow=\"accelerometer; autoplay; clipboard-write; encrypted-media; gyroscope; picture-in-picture\" allowfullscreen><\/iframe>\n<\/div><\/figure>\n\n\n\n<h2 class=\"wp-block-heading\"><span class=\"ez-toc-section\" id=\"Les_meilleures_chaises_de_Marcel_Breuer_doccasions\"><\/span><strong>Les meilleures chaises de Marcel Breuer d&#8217;occasions<\/strong><span class=\"ez-toc-section-end\"><\/span><\/h2>\n\n\n\n<div class=\"wp-block-columns is-layout-flex wp-container-core-columns-is-layout-9d6595d7 wp-block-columns-is-layout-flex\">\n<div class=\"wp-block-column is-layout-flow wp-block-column-is-layout-flow\">\n<figure class=\"wp-block-image size-full\"><a href=\"https:\/\/www.selency.fr\/produit\/CPRGSFEJ\/chaises-hautes-knoll-cesca-marcel-breuer.html?utm_source=effinity_fr&amp;utm_medium=affiliation&amp;utm_campaign=1395109901&amp;eff_cpt=22605728\"><img loading=\"lazy\" decoding=\"async\" width=\"538\" height=\"537\" src=\"https:\/\/www.mobilier-design-occasion.fr\/magazine\/wp-content\/uploads\/2022\/06\/01.jpg\" alt=\"\" class=\"wp-image-4944\" srcset=\"https:\/\/www.mobilier-design-occasion.fr\/magazine\/wp-content\/uploads\/2022\/06\/01.jpg 538w, https:\/\/www.mobilier-design-occasion.fr\/magazine\/wp-content\/uploads\/2022\/06\/01-300x300.jpg 300w, https:\/\/www.mobilier-design-occasion.fr\/magazine\/wp-content\/uploads\/2022\/06\/01-150x150.jpg 150w\" sizes=\"auto, (max-width: 538px) 100vw, 538px\" \/><\/a><\/figure>\n<\/div>\n\n\n\n<div class=\"wp-block-column is-layout-flow wp-block-column-is-layout-flow\">\n<figure class=\"wp-block-image size-full\"><a href=\"https:\/\/www.selency.fr\/produit\/GF36D8QH\/chaise-marcel-breuer-b32-signe-italy.html?utm_source=effinity_fr&amp;utm_medium=affiliation&amp;utm_campaign=1395109901&amp;eff_cpt=22605728\"><img loading=\"lazy\" decoding=\"async\" width=\"538\" height=\"538\" src=\"https:\/\/www.mobilier-design-occasion.fr\/magazine\/wp-content\/uploads\/2022\/06\/01-1.jpg\" alt=\"\" class=\"wp-image-4945\" srcset=\"https:\/\/www.mobilier-design-occasion.fr\/magazine\/wp-content\/uploads\/2022\/06\/01-1.jpg 538w, https:\/\/www.mobilier-design-occasion.fr\/magazine\/wp-content\/uploads\/2022\/06\/01-1-300x300.jpg 300w, https:\/\/www.mobilier-design-occasion.fr\/magazine\/wp-content\/uploads\/2022\/06\/01-1-150x150.jpg 150w\" sizes=\"auto, (max-width: 538px) 100vw, 538px\" \/><\/a><\/figure>\n<\/div>\n<\/div>\n\n\n\n<div class=\"wp-block-columns is-layout-flex wp-container-core-columns-is-layout-9d6595d7 wp-block-columns-is-layout-flex\">\n<div class=\"wp-block-column is-layout-flow wp-block-column-is-layout-flow\">\n<figure class=\"wp-block-image size-full\"><a href=\"https:\/\/www.selency.fr\/produit\/3DSPFKKH\/marcel-breuer-wassily-b3-chaises-cuir-noir-pour-gavina-set-2.html?utm_source=effinity_fr&amp;utm_medium=affiliation&amp;utm_campaign=1395109901&amp;eff_cpt=22605728\"><img loading=\"lazy\" decoding=\"async\" width=\"539\" height=\"535\" src=\"https:\/\/www.mobilier-design-occasion.fr\/magazine\/wp-content\/uploads\/2022\/06\/01-2.jpg\" alt=\"\" class=\"wp-image-4946\" srcset=\"https:\/\/www.mobilier-design-occasion.fr\/magazine\/wp-content\/uploads\/2022\/06\/01-2.jpg 539w, https:\/\/www.mobilier-design-occasion.fr\/magazine\/wp-content\/uploads\/2022\/06\/01-2-300x298.jpg 300w, https:\/\/www.mobilier-design-occasion.fr\/magazine\/wp-content\/uploads\/2022\/06\/01-2-150x150.jpg 150w\" sizes=\"auto, (max-width: 539px) 100vw, 539px\" \/><\/a><\/figure>\n<\/div>\n\n\n\n<div class=\"wp-block-column is-layout-flow wp-block-column-is-layout-flow\">\n<figure class=\"wp-block-image size-full\"><a href=\"https:\/\/www.selency.fr\/produit\/KRSYKSXW\/fauteuil-marcel-breuer-wassily-b3.html?utm_source=effinity_fr&amp;utm_medium=affiliation&amp;utm_campaign=1395109901&amp;eff_cpt=22605728\"><img loading=\"lazy\" decoding=\"async\" width=\"536\" height=\"536\" src=\"https:\/\/www.mobilier-design-occasion.fr\/magazine\/wp-content\/uploads\/2022\/06\/01-3.jpg\" alt=\"\" class=\"wp-image-4947\" srcset=\"https:\/\/www.mobilier-design-occasion.fr\/magazine\/wp-content\/uploads\/2022\/06\/01-3.jpg 536w, https:\/\/www.mobilier-design-occasion.fr\/magazine\/wp-content\/uploads\/2022\/06\/01-3-300x300.jpg 300w, https:\/\/www.mobilier-design-occasion.fr\/magazine\/wp-content\/uploads\/2022\/06\/01-3-150x150.jpg 150w\" sizes=\"auto, (max-width: 536px) 100vw, 536px\" \/><\/a><\/figure>\n<\/div>\n<\/div>\n\n\n\n<h2 class=\"wp-block-heading\"><span class=\"ez-toc-section\" id=\"Comment_verifier_lauthenticite_des_chaises_Marcel_Breuer\"><\/span><strong>Comment v\u00e9rifier l\u2019authenticit\u00e9 des chaises Marcel Breuer&nbsp;?<\/strong><span class=\"ez-toc-section-end\"><\/span><\/h2>\n\n\n\n<p>Avant d\u2019acheter une <a href=\"https:\/\/deco.journaldesfemmes.fr\/guide-amenagement-et-travaux\/2729855-chaise-marcel-breuer-reconnaitre-la-cesca-b32-d-occasion\/\">chaise Breuer<\/a>, vous devez vous assurez qu\u2019elle est authentique. Voici quelques indices qui prouvent qu\u2019une chaise Marcel Breuer est vraie.<\/p>\n\n\n\n<ul class=\"wp-block-list\"><li>La structure des chaises Breuer est en acier et est fabriqu\u00e9e avec un seul tube.<\/li><li>L\u2019assise d\u2019une vraie chaise Breuer ressemble \u00e0 un plateau<\/li><li>Les pi\u00e8tements sont plus courts que ceux des chaises contrefaites<\/li><li>Les chaises Marcel Breuer doivent \u00eatre sign\u00e9es&nbsp;: vous devez trouver le logo Knoll, la signature de Breuer ainsi qu\u2019un num\u00e9ro de s\u00e9rie.<\/li><li>Les vis, boulons et chevilles ne sont pas visibles.<\/li><li>La qualit\u00e9 des mat\u00e9riaux utilis\u00e9e sont remarquables.<\/li><li>Les dimensions des chaises de Marcel Breuer n\u2019ont pas chang\u00e9 depuis leur conception en 1925 et en 1928.<\/li><\/ul>\n\n\n\n<div class=\"wp-block-columns is-layout-flex wp-container-core-columns-is-layout-9d6595d7 wp-block-columns-is-layout-flex\">\n<div class=\"wp-block-column is-layout-flow wp-block-column-is-layout-flow\">\n<figure class=\"wp-block-image size-full\"><a href=\"https:\/\/track.effiliation.com\/servlet\/effi.redir?id_compteur=&amp;url=https%3A%2F%2Fwww.selency.fr%2Fsearch.html%3Fquery%3Dbreuer%2520chaise\"><img loading=\"lazy\" decoding=\"async\" width=\"564\" height=\"752\" src=\"https:\/\/www.mobilier-design-occasion.fr\/magazine\/wp-content\/uploads\/2022\/06\/breuer-3.jpg\" alt=\"\" class=\"wp-image-4936\" srcset=\"https:\/\/www.mobilier-design-occasion.fr\/magazine\/wp-content\/uploads\/2022\/06\/breuer-3.jpg 564w, https:\/\/www.mobilier-design-occasion.fr\/magazine\/wp-content\/uploads\/2022\/06\/breuer-3-225x300.jpg 225w\" sizes=\"auto, (max-width: 564px) 100vw, 564px\" \/><\/a><figcaption>Vide D\u00e9co via Pinterest<\/figcaption><\/figure>\n<\/div>\n\n\n\n<div class=\"wp-block-column is-layout-flow wp-block-column-is-layout-flow\">\n<figure class=\"wp-block-image size-full is-resized\"><a href=\"https:\/\/track.effiliation.com\/servlet\/effi.redir?id_compteur=&amp;url=https%3A%2F%2Fwww.selency.fr%2Fsearch.html%3Fquery%3Dbreuer%2520chaise\"><img loading=\"lazy\" decoding=\"async\" src=\"https:\/\/www.mobilier-design-occasion.fr\/magazine\/wp-content\/uploads\/2022\/06\/breuer-1.jpg\" alt=\"\" class=\"wp-image-4935\" width=\"284\" height=\"424\" srcset=\"https:\/\/www.mobilier-design-occasion.fr\/magazine\/wp-content\/uploads\/2022\/06\/breuer-1.jpg 564w, https:\/\/www.mobilier-design-occasion.fr\/magazine\/wp-content\/uploads\/2022\/06\/breuer-1-200x300.jpg 200w\" sizes=\"auto, (max-width: 284px) 100vw, 284px\" \/><\/a><figcaption>MatteStudios via Pinterest<\/figcaption><\/figure>\n<\/div>\n<\/div>\n","protected":false},"excerpt":{"rendered":"<p>Qui est Marcel Breuer? Marcel Breuer est un architecte et designer de mobilier. Il est n\u00e9 en Hongrie le 21 Mai 1902 et est mort \u00e0 New York le 1er juillet 1981. Il suit une formation \u00e0 Weimar, dans un atelier de meubles du Bauhaus entre 1920 et 1923. Marcel Breuer se d\u00e9marque par son [&hellip;]<\/p>\n","protected":false},"author":1,"featured_media":4935,"comment_status":"open","ping_status":"open","sticky":false,"template":"","format":"standard","meta":{"footnotes":""},"categories":[2],"tags":[],"class_list":["post-4895","post","type-post","status-publish","format-standard","has-post-thumbnail","hentry","category-tendances"],"yoast_head":"<!-- This site is optimized with the Yoast SEO plugin v27.5 - https:\/\/yoast.com\/product\/yoast-seo-wordpress\/ -->\n<title>Les plus belles chaises iconiques de Marcel Breuer - Mobilier Design Magazine<\/title>\n<meta name=\"robots\" content=\"index, follow, max-snippet:-1, max-image-preview:large, max-video-preview:-1\" \/>\n<link rel=\"canonical\" href=\"https:\/\/www.mobilier-design-occasion.fr\/magazine\/chaise-marcel-breuer\/\" \/>\n<meta property=\"og:locale\" content=\"fr_FR\" \/>\n<meta property=\"og:type\" content=\"article\" \/>\n<meta property=\"og:title\" content=\"Les plus belles chaises iconiques de Marcel Breuer - Mobilier Design Magazine\" \/>\n<meta property=\"og:description\" content=\"Qui est Marcel Breuer? Marcel Breuer est un architecte et designer de mobilier. Il est n\u00e9 en Hongrie le 21 Mai 1902 et est mort \u00e0 New York le 1er juillet 1981. Il suit une formation \u00e0 Weimar, dans un atelier de meubles du Bauhaus entre 1920 et 1923. Marcel Breuer se d\u00e9marque par son [&hellip;]\" \/>\n<meta property=\"og:url\" content=\"https:\/\/www.mobilier-design-occasion.fr\/magazine\/chaise-marcel-breuer\/\" \/>\n<meta property=\"og:site_name\" content=\"Mobilier Design Magazine\" \/>\n<meta property=\"article:publisher\" content=\"https:\/\/www.facebook.com\/mobilierdesignoccasion\" \/>\n<meta property=\"article:published_time\" content=\"2022-06-09T11:52:59+00:00\" \/>\n<meta property=\"article:modified_time\" content=\"2023-09-25T13:40:10+00:00\" \/>\n<meta property=\"og:image\" content=\"https:\/\/www.mobilier-design-occasion.fr\/magazine\/wp-content\/uploads\/2022\/06\/breuer-1.jpg\" \/>\n\t<meta property=\"og:image:width\" content=\"564\" \/>\n\t<meta property=\"og:image:height\" content=\"844\" \/>\n\t<meta property=\"og:image:type\" content=\"image\/jpeg\" \/>\n<meta name=\"author\" content=\"Cyrielle Poirot\" \/>\n<meta name=\"twitter:card\" content=\"summary_large_image\" \/>\n<meta name=\"twitter:label1\" content=\"\u00c9crit par\" \/>\n\t<meta name=\"twitter:data1\" content=\"Cyrielle Poirot\" \/>\n\t<meta name=\"twitter:label2\" content=\"Dur\u00e9e de lecture estim\u00e9e\" \/>\n\t<meta name=\"twitter:data2\" content=\"4 minutes\" \/>\n<script type=\"application\/ld+json\" class=\"yoast-schema-graph\">{\"@context\":\"https:\\\/\\\/schema.org\",\"@graph\":[{\"@type\":\"Article\",\"@id\":\"https:\\\/\\\/www.mobilier-design-occasion.fr\\\/magazine\\\/chaise-marcel-breuer\\\/#article\",\"isPartOf\":{\"@id\":\"https:\\\/\\\/www.mobilier-design-occasion.fr\\\/magazine\\\/chaise-marcel-breuer\\\/\"},\"author\":{\"name\":\"Cyrielle Poirot\",\"@id\":\"https:\\\/\\\/www.mobilier-design-occasion.fr\\\/magazine\\\/#\\\/schema\\\/person\\\/5b2e5627a714ddadaaf8c9b886c55eff\"},\"headline\":\"Les plus belles chaises iconiques de Marcel Breuer\",\"datePublished\":\"2022-06-09T11:52:59+00:00\",\"dateModified\":\"2023-09-25T13:40:10+00:00\",\"mainEntityOfPage\":{\"@id\":\"https:\\\/\\\/www.mobilier-design-occasion.fr\\\/magazine\\\/chaise-marcel-breuer\\\/\"},\"wordCount\":858,\"commentCount\":0,\"publisher\":{\"@id\":\"https:\\\/\\\/www.mobilier-design-occasion.fr\\\/magazine\\\/#organization\"},\"image\":{\"@id\":\"https:\\\/\\\/www.mobilier-design-occasion.fr\\\/magazine\\\/chaise-marcel-breuer\\\/#primaryimage\"},\"thumbnailUrl\":\"https:\\\/\\\/www.mobilier-design-occasion.fr\\\/magazine\\\/wp-content\\\/uploads\\\/2022\\\/06\\\/breuer-1.jpg\",\"articleSection\":[\"Tendances\"],\"inLanguage\":\"fr-FR\",\"potentialAction\":[{\"@type\":\"CommentAction\",\"name\":\"Comment\",\"target\":[\"https:\\\/\\\/www.mobilier-design-occasion.fr\\\/magazine\\\/chaise-marcel-breuer\\\/#respond\"]}]},{\"@type\":\"WebPage\",\"@id\":\"https:\\\/\\\/www.mobilier-design-occasion.fr\\\/magazine\\\/chaise-marcel-breuer\\\/\",\"url\":\"https:\\\/\\\/www.mobilier-design-occasion.fr\\\/magazine\\\/chaise-marcel-breuer\\\/\",\"name\":\"Les plus belles chaises iconiques de Marcel Breuer - Mobilier Design Magazine\",\"isPartOf\":{\"@id\":\"https:\\\/\\\/www.mobilier-design-occasion.fr\\\/magazine\\\/#website\"},\"primaryImageOfPage\":{\"@id\":\"https:\\\/\\\/www.mobilier-design-occasion.fr\\\/magazine\\\/chaise-marcel-breuer\\\/#primaryimage\"},\"image\":{\"@id\":\"https:\\\/\\\/www.mobilier-design-occasion.fr\\\/magazine\\\/chaise-marcel-breuer\\\/#primaryimage\"},\"thumbnailUrl\":\"https:\\\/\\\/www.mobilier-design-occasion.fr\\\/magazine\\\/wp-content\\\/uploads\\\/2022\\\/06\\\/breuer-1.jpg\",\"datePublished\":\"2022-06-09T11:52:59+00:00\",\"dateModified\":\"2023-09-25T13:40:10+00:00\",\"breadcrumb\":{\"@id\":\"https:\\\/\\\/www.mobilier-design-occasion.fr\\\/magazine\\\/chaise-marcel-breuer\\\/#breadcrumb\"},\"inLanguage\":\"fr-FR\",\"potentialAction\":[{\"@type\":\"ReadAction\",\"target\":[\"https:\\\/\\\/www.mobilier-design-occasion.fr\\\/magazine\\\/chaise-marcel-breuer\\\/\"]}]},{\"@type\":\"ImageObject\",\"inLanguage\":\"fr-FR\",\"@id\":\"https:\\\/\\\/www.mobilier-design-occasion.fr\\\/magazine\\\/chaise-marcel-breuer\\\/#primaryimage\",\"url\":\"https:\\\/\\\/www.mobilier-design-occasion.fr\\\/magazine\\\/wp-content\\\/uploads\\\/2022\\\/06\\\/breuer-1.jpg\",\"contentUrl\":\"https:\\\/\\\/www.mobilier-design-occasion.fr\\\/magazine\\\/wp-content\\\/uploads\\\/2022\\\/06\\\/breuer-1.jpg\",\"width\":564,\"height\":844},{\"@type\":\"BreadcrumbList\",\"@id\":\"https:\\\/\\\/www.mobilier-design-occasion.fr\\\/magazine\\\/chaise-marcel-breuer\\\/#breadcrumb\",\"itemListElement\":[{\"@type\":\"ListItem\",\"position\":1,\"name\":\"Accueil\",\"item\":\"https:\\\/\\\/www.mobilier-design-occasion.fr\\\/magazine\\\/\"},{\"@type\":\"ListItem\",\"position\":2,\"name\":\"Les plus belles chaises iconiques de Marcel Breuer\"}]},{\"@type\":\"WebSite\",\"@id\":\"https:\\\/\\\/www.mobilier-design-occasion.fr\\\/magazine\\\/#website\",\"url\":\"https:\\\/\\\/www.mobilier-design-occasion.fr\\\/magazine\\\/\",\"name\":\"Mobilier Design Magazine\",\"description\":\"\",\"publisher\":{\"@id\":\"https:\\\/\\\/www.mobilier-design-occasion.fr\\\/magazine\\\/#organization\"},\"potentialAction\":[{\"@type\":\"SearchAction\",\"target\":{\"@type\":\"EntryPoint\",\"urlTemplate\":\"https:\\\/\\\/www.mobilier-design-occasion.fr\\\/magazine\\\/?s={search_term_string}\"},\"query-input\":{\"@type\":\"PropertyValueSpecification\",\"valueRequired\":true,\"valueName\":\"search_term_string\"}}],\"inLanguage\":\"fr-FR\"},{\"@type\":\"Organization\",\"@id\":\"https:\\\/\\\/www.mobilier-design-occasion.fr\\\/magazine\\\/#organization\",\"name\":\"Mobilier Design Magazine\",\"url\":\"https:\\\/\\\/www.mobilier-design-occasion.fr\\\/magazine\\\/\",\"logo\":{\"@type\":\"ImageObject\",\"inLanguage\":\"fr-FR\",\"@id\":\"https:\\\/\\\/www.mobilier-design-occasion.fr\\\/magazine\\\/#\\\/schema\\\/logo\\\/image\\\/\",\"url\":\"https:\\\/\\\/www.mobilier-design-occasion.fr\\\/magazine\\\/wp-content\\\/uploads\\\/2024\\\/02\\\/android-chrome-192x192-1.png\",\"contentUrl\":\"https:\\\/\\\/www.mobilier-design-occasion.fr\\\/magazine\\\/wp-content\\\/uploads\\\/2024\\\/02\\\/android-chrome-192x192-1.png\",\"width\":192,\"height\":192,\"caption\":\"Mobilier Design Magazine\"},\"image\":{\"@id\":\"https:\\\/\\\/www.mobilier-design-occasion.fr\\\/magazine\\\/#\\\/schema\\\/logo\\\/image\\\/\"},\"sameAs\":[\"https:\\\/\\\/www.facebook.com\\\/mobilierdesignoccasion\"]},{\"@type\":\"Person\",\"@id\":\"https:\\\/\\\/www.mobilier-design-occasion.fr\\\/magazine\\\/#\\\/schema\\\/person\\\/5b2e5627a714ddadaaf8c9b886c55eff\",\"name\":\"Cyrielle Poirot\",\"image\":{\"@type\":\"ImageObject\",\"inLanguage\":\"fr-FR\",\"@id\":\"https:\\\/\\\/secure.gravatar.com\\\/avatar\\\/c8d2674e093b06894d8d1dc468b626bd752523471f3ac6e75f7c7a1400d40b4d?s=96&d=mm&r=g\",\"url\":\"https:\\\/\\\/secure.gravatar.com\\\/avatar\\\/c8d2674e093b06894d8d1dc468b626bd752523471f3ac6e75f7c7a1400d40b4d?s=96&d=mm&r=g\",\"contentUrl\":\"https:\\\/\\\/secure.gravatar.com\\\/avatar\\\/c8d2674e093b06894d8d1dc468b626bd752523471f3ac6e75f7c7a1400d40b4d?s=96&d=mm&r=g\",\"caption\":\"Cyrielle Poirot\"},\"description\":\"Cyrielle est passionn\u00e9e par la d\u00e9coration d'int\u00e9rieur et s'est sp\u00e9cialis\u00e9e depuis quelques ann\u00e9es dans l'\u00e9dition du site Mobilier-Design, avec une touche sp\u00e9cifique pour les produits d'occasion.\",\"sameAs\":[\"https:\\\/\\\/www.mobilier-design-occasion.fr\\\/magazine\"],\"url\":\"https:\\\/\\\/www.mobilier-design-occasion.fr\\\/magazine\\\/author\\\/cyrielle\\\/\"}]}<\/script>\n<!-- \/ Yoast SEO plugin. -->","yoast_head_json":{"title":"Les plus belles chaises iconiques de Marcel Breuer - Mobilier Design Magazine","robots":{"index":"index","follow":"follow","max-snippet":"max-snippet:-1","max-image-preview":"max-image-preview:large","max-video-preview":"max-video-preview:-1"},"canonical":"https:\/\/www.mobilier-design-occasion.fr\/magazine\/chaise-marcel-breuer\/","og_locale":"fr_FR","og_type":"article","og_title":"Les plus belles chaises iconiques de Marcel Breuer - Mobilier Design Magazine","og_description":"Qui est Marcel Breuer? Marcel Breuer est un architecte et designer de mobilier. Il est n\u00e9 en Hongrie le 21 Mai 1902 et est mort \u00e0 New York le 1er juillet 1981. Il suit une formation \u00e0 Weimar, dans un atelier de meubles du Bauhaus entre 1920 et 1923. Marcel Breuer se d\u00e9marque par son [&hellip;]","og_url":"https:\/\/www.mobilier-design-occasion.fr\/magazine\/chaise-marcel-breuer\/","og_site_name":"Mobilier Design Magazine","article_publisher":"https:\/\/www.facebook.com\/mobilierdesignoccasion","article_published_time":"2022-06-09T11:52:59+00:00","article_modified_time":"2023-09-25T13:40:10+00:00","og_image":[{"width":564,"height":844,"url":"https:\/\/www.mobilier-design-occasion.fr\/magazine\/wp-content\/uploads\/2022\/06\/breuer-1.jpg","type":"image\/jpeg"}],"author":"Cyrielle Poirot","twitter_card":"summary_large_image","twitter_misc":{"\u00c9crit par":"Cyrielle Poirot","Dur\u00e9e de lecture estim\u00e9e":"4 minutes"},"schema":{"@context":"https:\/\/schema.org","@graph":[{"@type":"Article","@id":"https:\/\/www.mobilier-design-occasion.fr\/magazine\/chaise-marcel-breuer\/#article","isPartOf":{"@id":"https:\/\/www.mobilier-design-occasion.fr\/magazine\/chaise-marcel-breuer\/"},"author":{"name":"Cyrielle Poirot","@id":"https:\/\/www.mobilier-design-occasion.fr\/magazine\/#\/schema\/person\/5b2e5627a714ddadaaf8c9b886c55eff"},"headline":"Les plus belles chaises iconiques de Marcel Breuer","datePublished":"2022-06-09T11:52:59+00:00","dateModified":"2023-09-25T13:40:10+00:00","mainEntityOfPage":{"@id":"https:\/\/www.mobilier-design-occasion.fr\/magazine\/chaise-marcel-breuer\/"},"wordCount":858,"commentCount":0,"publisher":{"@id":"https:\/\/www.mobilier-design-occasion.fr\/magazine\/#organization"},"image":{"@id":"https:\/\/www.mobilier-design-occasion.fr\/magazine\/chaise-marcel-breuer\/#primaryimage"},"thumbnailUrl":"https:\/\/www.mobilier-design-occasion.fr\/magazine\/wp-content\/uploads\/2022\/06\/breuer-1.jpg","articleSection":["Tendances"],"inLanguage":"fr-FR","potentialAction":[{"@type":"CommentAction","name":"Comment","target":["https:\/\/www.mobilier-design-occasion.fr\/magazine\/chaise-marcel-breuer\/#respond"]}]},{"@type":"WebPage","@id":"https:\/\/www.mobilier-design-occasion.fr\/magazine\/chaise-marcel-breuer\/","url":"https:\/\/www.mobilier-design-occasion.fr\/magazine\/chaise-marcel-breuer\/","name":"Les plus belles chaises iconiques de Marcel Breuer - Mobilier Design Magazine","isPartOf":{"@id":"https:\/\/www.mobilier-design-occasion.fr\/magazine\/#website"},"primaryImageOfPage":{"@id":"https:\/\/www.mobilier-design-occasion.fr\/magazine\/chaise-marcel-breuer\/#primaryimage"},"image":{"@id":"https:\/\/www.mobilier-design-occasion.fr\/magazine\/chaise-marcel-breuer\/#primaryimage"},"thumbnailUrl":"https:\/\/www.mobilier-design-occasion.fr\/magazine\/wp-content\/uploads\/2022\/06\/breuer-1.jpg","datePublished":"2022-06-09T11:52:59+00:00","dateModified":"2023-09-25T13:40:10+00:00","breadcrumb":{"@id":"https:\/\/www.mobilier-design-occasion.fr\/magazine\/chaise-marcel-breuer\/#breadcrumb"},"inLanguage":"fr-FR","potentialAction":[{"@type":"ReadAction","target":["https:\/\/www.mobilier-design-occasion.fr\/magazine\/chaise-marcel-breuer\/"]}]},{"@type":"ImageObject","inLanguage":"fr-FR","@id":"https:\/\/www.mobilier-design-occasion.fr\/magazine\/chaise-marcel-breuer\/#primaryimage","url":"https:\/\/www.mobilier-design-occasion.fr\/magazine\/wp-content\/uploads\/2022\/06\/breuer-1.jpg","contentUrl":"https:\/\/www.mobilier-design-occasion.fr\/magazine\/wp-content\/uploads\/2022\/06\/breuer-1.jpg","width":564,"height":844},{"@type":"BreadcrumbList","@id":"https:\/\/www.mobilier-design-occasion.fr\/magazine\/chaise-marcel-breuer\/#breadcrumb","itemListElement":[{"@type":"ListItem","position":1,"name":"Accueil","item":"https:\/\/www.mobilier-design-occasion.fr\/magazine\/"},{"@type":"ListItem","position":2,"name":"Les plus belles chaises iconiques de Marcel Breuer"}]},{"@type":"WebSite","@id":"https:\/\/www.mobilier-design-occasion.fr\/magazine\/#website","url":"https:\/\/www.mobilier-design-occasion.fr\/magazine\/","name":"Mobilier Design Magazine","description":"","publisher":{"@id":"https:\/\/www.mobilier-design-occasion.fr\/magazine\/#organization"},"potentialAction":[{"@type":"SearchAction","target":{"@type":"EntryPoint","urlTemplate":"https:\/\/www.mobilier-design-occasion.fr\/magazine\/?s={search_term_string}"},"query-input":{"@type":"PropertyValueSpecification","valueRequired":true,"valueName":"search_term_string"}}],"inLanguage":"fr-FR"},{"@type":"Organization","@id":"https:\/\/www.mobilier-design-occasion.fr\/magazine\/#organization","name":"Mobilier Design Magazine","url":"https:\/\/www.mobilier-design-occasion.fr\/magazine\/","logo":{"@type":"ImageObject","inLanguage":"fr-FR","@id":"https:\/\/www.mobilier-design-occasion.fr\/magazine\/#\/schema\/logo\/image\/","url":"https:\/\/www.mobilier-design-occasion.fr\/magazine\/wp-content\/uploads\/2024\/02\/android-chrome-192x192-1.png","contentUrl":"https:\/\/www.mobilier-design-occasion.fr\/magazine\/wp-content\/uploads\/2024\/02\/android-chrome-192x192-1.png","width":192,"height":192,"caption":"Mobilier Design Magazine"},"image":{"@id":"https:\/\/www.mobilier-design-occasion.fr\/magazine\/#\/schema\/logo\/image\/"},"sameAs":["https:\/\/www.facebook.com\/mobilierdesignoccasion"]},{"@type":"Person","@id":"https:\/\/www.mobilier-design-occasion.fr\/magazine\/#\/schema\/person\/5b2e5627a714ddadaaf8c9b886c55eff","name":"Cyrielle Poirot","image":{"@type":"ImageObject","inLanguage":"fr-FR","@id":"https:\/\/secure.gravatar.com\/avatar\/c8d2674e093b06894d8d1dc468b626bd752523471f3ac6e75f7c7a1400d40b4d?s=96&d=mm&r=g","url":"https:\/\/secure.gravatar.com\/avatar\/c8d2674e093b06894d8d1dc468b626bd752523471f3ac6e75f7c7a1400d40b4d?s=96&d=mm&r=g","contentUrl":"https:\/\/secure.gravatar.com\/avatar\/c8d2674e093b06894d8d1dc468b626bd752523471f3ac6e75f7c7a1400d40b4d?s=96&d=mm&r=g","caption":"Cyrielle Poirot"},"description":"Cyrielle est passionn\u00e9e par la d\u00e9coration d'int\u00e9rieur et s'est sp\u00e9cialis\u00e9e depuis quelques ann\u00e9es dans l'\u00e9dition du site Mobilier-Design, avec une touche sp\u00e9cifique pour les produits d'occasion.","sameAs":["https:\/\/www.mobilier-design-occasion.fr\/magazine"],"url":"https:\/\/www.mobilier-design-occasion.fr\/magazine\/author\/cyrielle\/"}]}},"_links":{"self":[{"href":"https:\/\/www.mobilier-design-occasion.fr\/magazine\/wp-json\/wp\/v2\/posts\/4895","targetHints":{"allow":["GET"]}}],"collection":[{"href":"https:\/\/www.mobilier-design-occasion.fr\/magazine\/wp-json\/wp\/v2\/posts"}],"about":[{"href":"https:\/\/www.mobilier-design-occasion.fr\/magazine\/wp-json\/wp\/v2\/types\/post"}],"author":[{"embeddable":true,"href":"https:\/\/www.mobilier-design-occasion.fr\/magazine\/wp-json\/wp\/v2\/users\/1"}],"replies":[{"embeddable":true,"href":"https:\/\/www.mobilier-design-occasion.fr\/magazine\/wp-json\/wp\/v2\/comments?post=4895"}],"version-history":[{"count":6,"href":"https:\/\/www.mobilier-design-occasion.fr\/magazine\/wp-json\/wp\/v2\/posts\/4895\/revisions"}],"predecessor-version":[{"id":4960,"href":"https:\/\/www.mobilier-design-occasion.fr\/magazine\/wp-json\/wp\/v2\/posts\/4895\/revisions\/4960"}],"wp:featuredmedia":[{"embeddable":true,"href":"https:\/\/www.mobilier-design-occasion.fr\/magazine\/wp-json\/wp\/v2\/media\/4935"}],"wp:attachment":[{"href":"https:\/\/www.mobilier-design-occasion.fr\/magazine\/wp-json\/wp\/v2\/media?parent=4895"}],"wp:term":[{"taxonomy":"category","embeddable":true,"href":"https:\/\/www.mobilier-design-occasion.fr\/magazine\/wp-json\/wp\/v2\/categories?post=4895"},{"taxonomy":"post_tag","embeddable":true,"href":"https:\/\/www.mobilier-design-occasion.fr\/magazine\/wp-json\/wp\/v2\/tags?post=4895"}],"curies":[{"name":"wp","href":"https:\/\/api.w.org\/{rel}","templated":true}]}}