{"id":4842,"date":"2022-06-07T10:14:51","date_gmt":"2022-06-07T10:14:51","guid":{"rendered":"https:\/\/www.mobilier-design-occasion.fr\/magazine\/?p=4842"},"modified":"2023-09-25T13:40:10","modified_gmt":"2023-09-25T13:40:10","slug":"lindemodable-togo-de-ligne-roset","status":"publish","type":"post","link":"https:\/\/www.mobilier-design-occasion.fr\/magazine\/lindemodable-togo-de-ligne-roset\/","title":{"rendered":"L&#8217;ind\u00e9modable Togo de Ligne Roset"},"content":{"rendered":"\n<h2 class=\"wp-block-heading\"><span class=\"ez-toc-section\" id=\"Histoire_du_Togo_de_Ligne_Roset\"><\/span><strong>Histoire du Togo de Ligne Roset<\/strong><span class=\"ez-toc-section-end\"><\/span><\/h2><div id=\"ez-toc-container\" class=\"ez-toc-v2_0_82_2 counter-hierarchy ez-toc-counter ez-toc-grey ez-toc-container-direction\">\n<div class=\"ez-toc-title-container\">\n<span class=\"ez-toc-title-toggle\"><a href=\"#\" class=\"ez-toc-pull-right ez-toc-btn ez-toc-btn-xs ez-toc-btn-default ez-toc-toggle\" aria-label=\"Toggle Table of Content\"><span class=\"ez-toc-js-icon-con\"><span class=\"\"><span class=\"eztoc-hide\" style=\"display:none;\">Toggle<\/span><span class=\"ez-toc-icon-toggle-span\"><svg style=\"fill: #999;color:#999\" xmlns=\"http:\/\/www.w3.org\/2000\/svg\" class=\"list-377408\" width=\"20px\" height=\"20px\" viewBox=\"0 0 24 24\" fill=\"none\"><path d=\"M6 6H4v2h2V6zm14 0H8v2h12V6zM4 11h2v2H4v-2zm16 0H8v2h12v-2zM4 16h2v2H4v-2zm16 0H8v2h12v-2z\" fill=\"currentColor\"><\/path><\/svg><svg style=\"fill: #999;color:#999\" class=\"arrow-unsorted-368013\" xmlns=\"http:\/\/www.w3.org\/2000\/svg\" width=\"10px\" height=\"10px\" viewBox=\"0 0 24 24\" version=\"1.2\" baseProfile=\"tiny\"><path d=\"M18.2 9.3l-6.2-6.3-6.2 6.3c-.2.2-.3.4-.3.7s.1.5.3.7c.2.2.4.3.7.3h11c.3 0 .5-.1.7-.3.2-.2.3-.5.3-.7s-.1-.5-.3-.7zM5.8 14.7l6.2 6.3 6.2-6.3c.2-.2.3-.5.3-.7s-.1-.5-.3-.7c-.2-.2-.4-.3-.7-.3h-11c-.3 0-.5.1-.7.3-.2.2-.3.5-.3.7s.1.5.3.7z\"\/><\/svg><\/span><\/span><\/span><\/a><\/span><\/div>\n<nav><ul class='ez-toc-list ez-toc-list-level-1 eztoc-toggle-hide-by-default' ><li class='ez-toc-page-1 ez-toc-heading-level-2'><a class=\"ez-toc-link ez-toc-heading-1\" href=\"https:\/\/www.mobilier-design-occasion.fr\/magazine\/lindemodable-togo-de-ligne-roset\/#Histoire_du_Togo_de_Ligne_Roset\" >Histoire du Togo de Ligne Roset<\/a><\/li><li class='ez-toc-page-1 ez-toc-heading-level-2'><a class=\"ez-toc-link ez-toc-heading-2\" href=\"https:\/\/www.mobilier-design-occasion.fr\/magazine\/lindemodable-togo-de-ligne-roset\/#Quels_articles_composent_la_collection_Togo\" >Quels articles composent la collection Togo&nbsp;?<\/a><ul class='ez-toc-list-level-3' ><li class='ez-toc-heading-level-3'><a class=\"ez-toc-link ez-toc-heading-3\" href=\"https:\/\/www.mobilier-design-occasion.fr\/magazine\/lindemodable-togo-de-ligne-roset\/#Canape_Togo\" >Canap\u00e9 Togo<\/a><\/li><li class='ez-toc-page-1 ez-toc-heading-level-3'><a class=\"ez-toc-link ez-toc-heading-4\" href=\"https:\/\/www.mobilier-design-occasion.fr\/magazine\/lindemodable-togo-de-ligne-roset\/#Chauffeuse_Togo\" >Chauffeuse Togo<\/a><\/li><li class='ez-toc-page-1 ez-toc-heading-level-3'><a class=\"ez-toc-link ez-toc-heading-5\" href=\"https:\/\/www.mobilier-design-occasion.fr\/magazine\/lindemodable-togo-de-ligne-roset\/#Pouf_Togo\" >Pouf Togo<\/a><\/li><\/ul><\/li><li class='ez-toc-page-1 ez-toc-heading-level-2'><a class=\"ez-toc-link ez-toc-heading-6\" href=\"https:\/\/www.mobilier-design-occasion.fr\/magazine\/lindemodable-togo-de-ligne-roset\/#Comment_integrer_un_Togo_dans_sa_decoration\" >Comment int\u00e9grer un Togo dans sa d\u00e9coration?<\/a><ul class='ez-toc-list-level-3' ><li class='ez-toc-heading-level-3'><a class=\"ez-toc-link ez-toc-heading-7\" href=\"https:\/\/www.mobilier-design-occasion.fr\/magazine\/lindemodable-togo-de-ligne-roset\/#Avec_quelle_matiere_est_fabrique_le_Togo\" >Avec quelle mati\u00e8re est fabriqu\u00e9 le Togo&nbsp;?<\/a><\/li><li class='ez-toc-page-1 ez-toc-heading-level-3'><a class=\"ez-toc-link ez-toc-heading-8\" href=\"https:\/\/www.mobilier-design-occasion.fr\/magazine\/lindemodable-togo-de-ligne-roset\/#En_quelle_couleur_peut-on_voir_un_Togo_de_Ligne_Roset\" >En quelle couleur peut-on voir un Togo de Ligne Roset&nbsp;?<\/a><\/li><li class='ez-toc-page-1 ez-toc-heading-level-3'><a class=\"ez-toc-link ez-toc-heading-9\" href=\"https:\/\/www.mobilier-design-occasion.fr\/magazine\/lindemodable-togo-de-ligne-roset\/#Ou_peut-on_acheter_un_Togo_de_Ligne_Roset\" >O\u00f9 peut-on acheter un Togo de Ligne Roset&nbsp;?<\/a><\/li><\/ul><\/li><li class='ez-toc-page-1 ez-toc-heading-level-2'><a class=\"ez-toc-link ez-toc-heading-10\" href=\"https:\/\/www.mobilier-design-occasion.fr\/magazine\/lindemodable-togo-de-ligne-roset\/#Notre_selection_des_meilleurs_Togo_doccasion\" >Notre s\u00e9lection des meilleurs Togo d\u2019occasion<\/a><\/li><li class='ez-toc-page-1 ez-toc-heading-level-2'><a class=\"ez-toc-link ez-toc-heading-11\" href=\"https:\/\/www.mobilier-design-occasion.fr\/magazine\/lindemodable-togo-de-ligne-roset\/#Pourquoi_acheter_un_Togo_de_Ligne_Roset\" >Pourquoi acheter un Togo de Ligne Roset&nbsp;?<\/a><ul class='ez-toc-list-level-3' ><li class='ez-toc-heading-level-3'><a class=\"ez-toc-link ez-toc-heading-12\" href=\"https:\/\/www.mobilier-design-occasion.fr\/magazine\/lindemodable-togo-de-ligne-roset\/#La_marque\" >La marque<\/a><\/li><li class='ez-toc-page-1 ez-toc-heading-level-3'><a class=\"ez-toc-link ez-toc-heading-13\" href=\"https:\/\/www.mobilier-design-occasion.fr\/magazine\/lindemodable-togo-de-ligne-roset\/#La_qualite\" >La qualit\u00e9<\/a><\/li><li class='ez-toc-page-1 ez-toc-heading-level-3'><a class=\"ez-toc-link ez-toc-heading-14\" href=\"https:\/\/www.mobilier-design-occasion.fr\/magazine\/lindemodable-togo-de-ligne-roset\/#Le_prix\" >Le prix<\/a><\/li><\/ul><\/li><\/ul><\/nav><\/div>\n\n\n\n\n<p>Ligne Roset qui s\u2019est longtemps focalis\u00e9 sur la fabrication de <a href=\"https:\/\/www.mobilier-design-occasion.fr\/magazine\/test-avis-sur-la-redoute-interieurs-am-pm\/\">mobilier<\/a> pour les collectivit\u00e9s s\u2019est pench\u00e9 vers une client\u00e8le priv\u00e9e avec la direction de Jean Roset&nbsp;; le petit-fils du fondateur. Jean Roset travaille avec Michel Ducaroy, un designer issu de l\u2019\u00e9cole des Beaux-Arts de Lyon. Le designer s\u2019int\u00e9resse aux nouveaux mat\u00e9riaux comme la ouate et la mousse et l\u2019utilise pour cr\u00e9er le l\u00e9gendaire si\u00e8ge-coussin <a href=\"https:\/\/www.mobilier-design-occasion.fr\/magazine\/le-canape-togo-doccasion\/\">Togo<\/a>.<\/p>\n\n\n\n<p>Le Togo se diff\u00e9rencie par sa forme matelass\u00e9e, \u00e0 vrai dire, Michel Ducaroy l\u2019a imagin\u00e9 comme \u00ab&nbsp;un tube de dentifrice repli\u00e9 sur lui-m\u00eame&nbsp;\u00bb. Depuis sa cr\u00e9ation en 1973, le Togo est devenu l&#8217;\u00e9l\u00e9ment incontournable des collections de la marque, mais a aussi s&#8217;imposer au fil des d\u00e9cennies comme un meuble <a href=\"https:\/\/www.mobilier-design-occasion.fr\/magazine\/table-tulipe-knoll-indemodable-du-design\/\">design<\/a> ind\u00e9modable.<\/p>\n\n\n\n<figure class=\"wp-block-image size-large\"><img loading=\"lazy\" decoding=\"async\" width=\"1024\" height=\"656\" src=\"https:\/\/www.mobilier-design-occasion.fr\/magazine\/wp-content\/uploads\/2022\/06\/canape-togo_seconde-main_ideat-scaled-2-1024x656.jpg\" alt=\"\" class=\"wp-image-4856\" srcset=\"https:\/\/www.mobilier-design-occasion.fr\/magazine\/wp-content\/uploads\/2022\/06\/canape-togo_seconde-main_ideat-scaled-2-1024x656.jpg 1024w, https:\/\/www.mobilier-design-occasion.fr\/magazine\/wp-content\/uploads\/2022\/06\/canape-togo_seconde-main_ideat-scaled-2-300x192.jpg 300w, https:\/\/www.mobilier-design-occasion.fr\/magazine\/wp-content\/uploads\/2022\/06\/canape-togo_seconde-main_ideat-scaled-2-768x492.jpg 768w, https:\/\/www.mobilier-design-occasion.fr\/magazine\/wp-content\/uploads\/2022\/06\/canape-togo_seconde-main_ideat-scaled-2-1536x985.jpg 1536w, https:\/\/www.mobilier-design-occasion.fr\/magazine\/wp-content\/uploads\/2022\/06\/canape-togo_seconde-main_ideat-scaled-2-scaled.jpg 2048w, https:\/\/www.mobilier-design-occasion.fr\/magazine\/wp-content\/uploads\/2022\/06\/canape-togo_seconde-main_ideat-scaled-2-810x519.jpg 810w, https:\/\/www.mobilier-design-occasion.fr\/magazine\/wp-content\/uploads\/2022\/06\/canape-togo_seconde-main_ideat-scaled-2-1140x731.jpg 1140w\" sizes=\"auto, (max-width: 1024px) 100vw, 1024px\" \/><figcaption>source ideat.thegoodhub.com<\/figcaption><\/figure>\n\n\n\n<h2 class=\"wp-block-heading\"><span class=\"ez-toc-section\" id=\"Quels_articles_composent_la_collection_Togo\"><\/span><strong>Quels articles composent la collection Togo&nbsp;?<\/strong><span class=\"ez-toc-section-end\"><\/span><\/h2>\n\n\n\n<p>La collection Togo de Ligne Roset est compos\u00e9e de trois articles distincts&nbsp;:<\/p>\n\n\n\n<h3 class=\"wp-block-heading\"><span class=\"ez-toc-section\" id=\"Canape_Togo\"><\/span><strong>Canap\u00e9<\/strong> <strong>Togo<\/strong><span class=\"ez-toc-section-end\"><\/span><\/h3>\n\n\n\n<div class=\"wp-block-columns is-layout-flex wp-container-core-columns-is-layout-9d6595d7 wp-block-columns-is-layout-flex\">\n<div class=\"wp-block-column is-layout-flow wp-block-column-is-layout-flow\">\n<figure class=\"wp-block-image size-large\"><img loading=\"lazy\" decoding=\"async\" width=\"1024\" height=\"1024\" src=\"https:\/\/www.mobilier-design-occasion.fr\/magazine\/wp-content\/uploads\/2022\/06\/15820003_4563_vue1_1500x1500-1-1024x1024.jpg\" alt=\"\" class=\"wp-image-4850\" srcset=\"https:\/\/www.mobilier-design-occasion.fr\/magazine\/wp-content\/uploads\/2022\/06\/15820003_4563_vue1_1500x1500-1-1024x1024.jpg 1024w, https:\/\/www.mobilier-design-occasion.fr\/magazine\/wp-content\/uploads\/2022\/06\/15820003_4563_vue1_1500x1500-1-300x300.jpg 300w, https:\/\/www.mobilier-design-occasion.fr\/magazine\/wp-content\/uploads\/2022\/06\/15820003_4563_vue1_1500x1500-1-150x150.jpg 150w, https:\/\/www.mobilier-design-occasion.fr\/magazine\/wp-content\/uploads\/2022\/06\/15820003_4563_vue1_1500x1500-1-768x768.jpg 768w, https:\/\/www.mobilier-design-occasion.fr\/magazine\/wp-content\/uploads\/2022\/06\/15820003_4563_vue1_1500x1500-1-810x810.jpg 810w, https:\/\/www.mobilier-design-occasion.fr\/magazine\/wp-content\/uploads\/2022\/06\/15820003_4563_vue1_1500x1500-1-1140x1140.jpg 1140w, https:\/\/www.mobilier-design-occasion.fr\/magazine\/wp-content\/uploads\/2022\/06\/15820003_4563_vue1_1500x1500-1.jpg 1500w\" sizes=\"auto, (max-width: 1024px) 100vw, 1024px\" \/><figcaption>\u00a9Ligne Roset<\/figcaption><\/figure>\n<\/div>\n\n\n\n<div class=\"wp-block-column is-layout-flow wp-block-column-is-layout-flow\">\n<figure class=\"wp-block-image size-large\"><img loading=\"lazy\" decoding=\"async\" width=\"1024\" height=\"1024\" src=\"https:\/\/www.mobilier-design-occasion.fr\/magazine\/wp-content\/uploads\/2022\/06\/15920002_4499_vue1_1500x1500-1-1024x1024.jpg\" alt=\"\" class=\"wp-image-4851\" srcset=\"https:\/\/www.mobilier-design-occasion.fr\/magazine\/wp-content\/uploads\/2022\/06\/15920002_4499_vue1_1500x1500-1-1024x1024.jpg 1024w, https:\/\/www.mobilier-design-occasion.fr\/magazine\/wp-content\/uploads\/2022\/06\/15920002_4499_vue1_1500x1500-1-300x300.jpg 300w, https:\/\/www.mobilier-design-occasion.fr\/magazine\/wp-content\/uploads\/2022\/06\/15920002_4499_vue1_1500x1500-1-150x150.jpg 150w, https:\/\/www.mobilier-design-occasion.fr\/magazine\/wp-content\/uploads\/2022\/06\/15920002_4499_vue1_1500x1500-1-768x768.jpg 768w, https:\/\/www.mobilier-design-occasion.fr\/magazine\/wp-content\/uploads\/2022\/06\/15920002_4499_vue1_1500x1500-1-810x810.jpg 810w, https:\/\/www.mobilier-design-occasion.fr\/magazine\/wp-content\/uploads\/2022\/06\/15920002_4499_vue1_1500x1500-1-1140x1140.jpg 1140w, https:\/\/www.mobilier-design-occasion.fr\/magazine\/wp-content\/uploads\/2022\/06\/15920002_4499_vue1_1500x1500-1.jpg 1500w\" sizes=\"auto, (max-width: 1024px) 100vw, 1024px\" \/><figcaption>\u00a9Ligne Roset<\/figcaption><\/figure>\n<\/div>\n<\/div>\n\n\n\n<p>Le <a href=\"https:\/\/www.mobilier-design-occasion.fr\/magazine\/test-avis-sur-poltronesofa\/\">canap\u00e9<\/a> Togo de Ligne Roset se d\u00e9cline en deux, trois ou quatre places. On peut tr\u00e8s bien adapter le canap\u00e9 Togo selon nos envies et selon la forme de notre int\u00e9rieur. Voici les variations de mod\u00e8le de canap\u00e9 Togo&nbsp;:<\/p>\n\n\n\n<ul class=\"wp-block-list\"><li>La Petite banquette&nbsp;<\/li><li>La Grande banquette&nbsp;<\/li><li>Le Lounge&nbsp;<\/li><li>L\u2019Angle&nbsp;<\/li><li>Le Moyen canap\u00e9&nbsp;<\/li><\/ul>\n\n\n\n<h3 class=\"wp-block-heading\"><span class=\"ez-toc-section\" id=\"Chauffeuse_Togo\"><\/span><strong>Chauffeuse<\/strong> <strong>Togo<\/strong><span class=\"ez-toc-section-end\"><\/span><\/h3>\n\n\n\n<div class=\"wp-block-columns is-layout-flex wp-container-core-columns-is-layout-9d6595d7 wp-block-columns-is-layout-flex\">\n<div class=\"wp-block-column is-layout-flow wp-block-column-is-layout-flow\" style=\"flex-basis:100%\">\n<div class=\"wp-block-columns is-layout-flex wp-container-core-columns-is-layout-9d6595d7 wp-block-columns-is-layout-flex\">\n<div class=\"wp-block-column is-layout-flow wp-block-column-is-layout-flow\">\n<figure class=\"wp-block-image size-large\"><img loading=\"lazy\" decoding=\"async\" width=\"1024\" height=\"1024\" src=\"https:\/\/www.mobilier-design-occasion.fr\/magazine\/wp-content\/uploads\/2022\/06\/15420000_4561_vue1_1500x1500-2-1024x1024.jpg\" alt=\"\" class=\"wp-image-4853\" srcset=\"https:\/\/www.mobilier-design-occasion.fr\/magazine\/wp-content\/uploads\/2022\/06\/15420000_4561_vue1_1500x1500-2-1024x1024.jpg 1024w, https:\/\/www.mobilier-design-occasion.fr\/magazine\/wp-content\/uploads\/2022\/06\/15420000_4561_vue1_1500x1500-2-300x300.jpg 300w, https:\/\/www.mobilier-design-occasion.fr\/magazine\/wp-content\/uploads\/2022\/06\/15420000_4561_vue1_1500x1500-2-150x150.jpg 150w, https:\/\/www.mobilier-design-occasion.fr\/magazine\/wp-content\/uploads\/2022\/06\/15420000_4561_vue1_1500x1500-2-768x768.jpg 768w, https:\/\/www.mobilier-design-occasion.fr\/magazine\/wp-content\/uploads\/2022\/06\/15420000_4561_vue1_1500x1500-2-810x810.jpg 810w, https:\/\/www.mobilier-design-occasion.fr\/magazine\/wp-content\/uploads\/2022\/06\/15420000_4561_vue1_1500x1500-2-1140x1140.jpg 1140w, https:\/\/www.mobilier-design-occasion.fr\/magazine\/wp-content\/uploads\/2022\/06\/15420000_4561_vue1_1500x1500-2.jpg 1500w\" sizes=\"auto, (max-width: 1024px) 100vw, 1024px\" \/><figcaption>\u00a9Ligne Roset<\/figcaption><\/figure>\n<\/div>\n\n\n\n<div class=\"wp-block-column is-layout-flow wp-block-column-is-layout-flow\">\n<p><\/p>\n<\/div>\n<\/div>\n<\/div>\n<\/div>\n\n\n\n<p>La chauffeuse Togo est l\u2019une des pi\u00e8ces embl\u00e9matiques de la collection. Avec ses 700mm de hauteur, 870mm de large, 1020mm de profondeur, 380mm d\u2019assise, et ses 11kg&nbsp;; elle s\u2019installe facilement dans n\u2019importe quelle pi\u00e8ce.<\/p>\n\n\n\n<h3 class=\"wp-block-heading\"><span class=\"ez-toc-section\" id=\"Pouf_Togo\"><\/span><strong>Pouf<\/strong> <strong>Togo<\/strong><span class=\"ez-toc-section-end\"><\/span><\/h3>\n\n\n\n<div class=\"wp-block-columns is-layout-flex wp-container-core-columns-is-layout-9d6595d7 wp-block-columns-is-layout-flex\">\n<div class=\"wp-block-column is-layout-flow wp-block-column-is-layout-flow\">\n<figure class=\"wp-block-image size-large is-resized\"><img loading=\"lazy\" decoding=\"async\" src=\"https:\/\/www.mobilier-design-occasion.fr\/magazine\/wp-content\/uploads\/2022\/06\/15520006_3100_vue1_1500x1500-1024x1024.jpg\" alt=\"\" class=\"wp-image-4847\" width=\"284\" height=\"284\" srcset=\"https:\/\/www.mobilier-design-occasion.fr\/magazine\/wp-content\/uploads\/2022\/06\/15520006_3100_vue1_1500x1500-1024x1024.jpg 1024w, https:\/\/www.mobilier-design-occasion.fr\/magazine\/wp-content\/uploads\/2022\/06\/15520006_3100_vue1_1500x1500-300x300.jpg 300w, https:\/\/www.mobilier-design-occasion.fr\/magazine\/wp-content\/uploads\/2022\/06\/15520006_3100_vue1_1500x1500-150x150.jpg 150w, https:\/\/www.mobilier-design-occasion.fr\/magazine\/wp-content\/uploads\/2022\/06\/15520006_3100_vue1_1500x1500-768x768.jpg 768w, https:\/\/www.mobilier-design-occasion.fr\/magazine\/wp-content\/uploads\/2022\/06\/15520006_3100_vue1_1500x1500-810x810.jpg 810w, https:\/\/www.mobilier-design-occasion.fr\/magazine\/wp-content\/uploads\/2022\/06\/15520006_3100_vue1_1500x1500-1140x1140.jpg 1140w, https:\/\/www.mobilier-design-occasion.fr\/magazine\/wp-content\/uploads\/2022\/06\/15520006_3100_vue1_1500x1500.jpg 1500w\" sizes=\"auto, (max-width: 284px) 100vw, 284px\" \/><figcaption>\u00a9Ligne Roset<\/figcaption><\/figure>\n<\/div>\n\n\n\n<div class=\"wp-block-column is-layout-flow wp-block-column-is-layout-flow\"><\/div>\n<\/div>\n\n\n\n<p>Le pouf Togo est le compl\u00e9ment id\u00e9al pour votre int\u00e9rieur. Mesurant 87cm de large, 80cm de profondeur et 38cm d\u2019assise. Ce pouf s\u2019int\u00e8gre \u00e0 tous les int\u00e9rieurs et peut en s&#8217;utilisant seul ou en compl\u00e9ment des autres pi\u00e8ces Togo.<\/p>\n\n\n\n<h2 class=\"wp-block-heading\"><span class=\"ez-toc-section\" id=\"Comment_integrer_un_Togo_dans_sa_decoration\"><\/span><strong>Comment int\u00e9grer un Togo dans sa d\u00e9coration?<\/strong><span class=\"ez-toc-section-end\"><\/span><\/h2>\n\n\n\n<p>Un Togo s\u2019adapte facilement \u00e0 n\u2019importe quelle d\u00e9coration: que votre int\u00e9rieur soit plut\u00f4t dans la tendance industrielle ou classique, ou dans le style boh\u00e8me, en fonction du coloris et de la mati\u00e8re choisie le rendu ne sera pas le m\u00eame. Le Togo est LA pi\u00e8ce design ind\u00e9modable qui apporte une touche de gaiet\u00e9 et de modernit\u00e9 \u00e0 votre pi\u00e8ce.<\/p>\n\n\n\n<div class=\"wp-block-columns is-layout-flex wp-container-core-columns-is-layout-9d6595d7 wp-block-columns-is-layout-flex\">\n<div class=\"wp-block-column is-layout-flow wp-block-column-is-layout-flow\">\n<figure class=\"wp-block-image size-full\"><img loading=\"lazy\" decoding=\"async\" width=\"564\" height=\"844\" src=\"https:\/\/www.mobilier-design-occasion.fr\/magazine\/wp-content\/uploads\/2022\/06\/a993b9c7498ef3a26a21d3225dba3344.jpg\" alt=\"\" class=\"wp-image-4858\" srcset=\"https:\/\/www.mobilier-design-occasion.fr\/magazine\/wp-content\/uploads\/2022\/06\/a993b9c7498ef3a26a21d3225dba3344.jpg 564w, https:\/\/www.mobilier-design-occasion.fr\/magazine\/wp-content\/uploads\/2022\/06\/a993b9c7498ef3a26a21d3225dba3344-200x300.jpg 200w\" sizes=\"auto, (max-width: 564px) 100vw, 564px\" \/><figcaption>ArchZine FR via Pinterest<\/figcaption><\/figure>\n<\/div>\n\n\n\n<div class=\"wp-block-column is-layout-flow wp-block-column-is-layout-flow\">\n<figure class=\"wp-block-image size-full\"><img loading=\"lazy\" decoding=\"async\" width=\"563\" height=\"727\" src=\"https:\/\/www.mobilier-design-occasion.fr\/magazine\/wp-content\/uploads\/2022\/06\/390a934d795da05eb61ec8d8f838e777.jpg\" alt=\"\" class=\"wp-image-4859\" srcset=\"https:\/\/www.mobilier-design-occasion.fr\/magazine\/wp-content\/uploads\/2022\/06\/390a934d795da05eb61ec8d8f838e777.jpg 563w, https:\/\/www.mobilier-design-occasion.fr\/magazine\/wp-content\/uploads\/2022\/06\/390a934d795da05eb61ec8d8f838e777-232x300.jpg 232w\" sizes=\"auto, (max-width: 563px) 100vw, 563px\" \/><figcaption>Maison &amp; Demeure via Pinterest<\/figcaption><\/figure>\n<\/div>\n<\/div>\n\n\n\n<h3 class=\"wp-block-heading\"><span class=\"ez-toc-section\" id=\"Avec_quelle_matiere_est_fabrique_le_Togo\"><\/span><strong>Avec quelle mati\u00e8re est fabriqu\u00e9 le Togo&nbsp;?<\/strong><span class=\"ez-toc-section-end\"><\/span><\/h3>\n\n\n\n<p>L\u2019embl\u00e9matique Togo de Ligne Roset est fabriqu\u00e9 \u00e0 partir d\u2019un assemblement de trois mousses de diff\u00e9rentes densit\u00e9s afin d\u2019assurer un maximum de confort.<\/p>\n\n\n\n<ul class=\"wp-block-list\"><li>Poly\u00e9ther 21 kg\/m3 \u2013 3,2 kPa<\/li><li>Poly\u00e9ther 28 kg\/m3 \u2013 4,8 kPa<\/li><li>Polyur\u00e9thane haute r\u00e9silience 26 kg\/m3 \u2013 1,4 kPa<\/li><\/ul>\n\n\n\n<p>Son <a href=\"https:\/\/www.mobilier-design-occasion.fr\/magazine\/fermob-occasion\/\">ext\u00e9rieur<\/a> quant \u00e0 lui peut \u00eatre soit en tissu d\u2019ameublement, soit en velours, soit en cuir.<\/p>\n\n\n\n<figure class=\"wp-block-embed is-type-rich is-provider-twitter wp-block-embed-twitter\"><div class=\"wp-block-embed__wrapper\">\n<blockquote class=\"twitter-tweet\" data-width=\"550\" data-dnt=\"true\"><p lang=\"fr\" dir=\"ltr\">Le canap\u00e9 Togo une invitation moelleuse et originale dans votre s\u00e9jour <a href=\"https:\/\/twitter.com\/hashtag\/decorationinterieure?src=hash&amp;ref_src=twsrc%5Etfw\">#decorationinterieure<\/a> <a href=\"https:\/\/twitter.com\/hashtag\/design?src=hash&amp;ref_src=twsrc%5Etfw\">#design<\/a>  <a href=\"https:\/\/twitter.com\/hashtag\/cosy?src=hash&amp;ref_src=twsrc%5Etfw\">#cosy<\/a> <a href=\"https:\/\/twitter.com\/hashtag\/interiordesign?src=hash&amp;ref_src=twsrc%5Etfw\">#interiordesign<\/a> <a href=\"https:\/\/twitter.com\/hashtag\/decoaddict?src=hash&amp;ref_src=twsrc%5Etfw\">#decoaddict<\/a> <a href=\"https:\/\/twitter.com\/hashtag\/saintgermainenelaye?src=hash&amp;ref_src=twsrc%5Etfw\">#saintgermainenelaye<\/a> <a href=\"https:\/\/twitter.com\/hashtag\/paris?src=hash&amp;ref_src=twsrc%5Etfw\">#paris<\/a> <a href=\"https:\/\/t.co\/9P7dpmgynW\">pic.twitter.com\/9P7dpmgynW<\/a><\/p>&mdash; Kokouna interiors (@kokounadeco) <a href=\"https:\/\/twitter.com\/kokounadeco\/status\/1138008030870740993?ref_src=twsrc%5Etfw\">June 10, 2019<\/a><\/blockquote><script async src=\"https:\/\/platform.twitter.com\/widgets.js\" charset=\"utf-8\"><\/script>\n<\/div><\/figure>\n\n\n\n<h3 class=\"wp-block-heading\"><span class=\"ez-toc-section\" id=\"En_quelle_couleur_peut-on_voir_un_Togo_de_Ligne_Roset\"><\/span><strong>En quelle couleur peut-on voir un Togo de Ligne Roset&nbsp;?<\/strong><span class=\"ez-toc-section-end\"><\/span><\/h3>\n\n\n\n<figure class=\"wp-block-image size-full\"><img loading=\"lazy\" decoding=\"async\" width=\"828\" height=\"537\" src=\"https:\/\/www.mobilier-design-occasion.fr\/magazine\/wp-content\/uploads\/2022\/06\/erdrfgerg.jpg\" alt=\"\" class=\"wp-image-4860\" srcset=\"https:\/\/www.mobilier-design-occasion.fr\/magazine\/wp-content\/uploads\/2022\/06\/erdrfgerg.jpg 828w, https:\/\/www.mobilier-design-occasion.fr\/magazine\/wp-content\/uploads\/2022\/06\/erdrfgerg-300x195.jpg 300w, https:\/\/www.mobilier-design-occasion.fr\/magazine\/wp-content\/uploads\/2022\/06\/erdrfgerg-768x498.jpg 768w, https:\/\/www.mobilier-design-occasion.fr\/magazine\/wp-content\/uploads\/2022\/06\/erdrfgerg-810x525.jpg 810w\" sizes=\"auto, (max-width: 828px) 100vw, 828px\" \/><figcaption>Exemples de couleur disponible<\/figcaption><\/figure>\n\n\n\n<p>Un Togo de Ligne Roset se d\u00e9cline en plus de 800 coloris diff\u00e9rents. Chaque type de tissu, de velours et de cuir sont disponibles en plusieurs teintes. &nbsp;Voici quelques exemples&nbsp;:<\/p>\n\n\n\n<ul class=\"wp-block-list\"><li>Tissus d\u2019ameublement&nbsp;: citrouille, moutarde, anis, craie, \u00e9cru, lin, f\u00f4ret, perle, prune, pigeon&nbsp;; \u00e9corce, orange, azur\u2026<\/li><li>Velours&nbsp;: abricot, cerise, ciel, rouille, fiesta, marsala, canard, cardinal, meleze, jade\u2026<\/li><li>Cuir&nbsp;: ardoise, camel, gold, indigo, pierre, noisette, schiste, mastic, brun, argile, make up, taupe, ivoire\u2026<\/li><\/ul>\n\n\n\n<h3 class=\"wp-block-heading\"><span class=\"ez-toc-section\" id=\"Ou_peut-on_acheter_un_Togo_de_Ligne_Roset\"><\/span><strong>O\u00f9 peut-on acheter un Togo de Ligne Roset&nbsp;?<\/strong><span class=\"ez-toc-section-end\"><\/span><\/h3>\n\n\n\n<p>Il est pr\u00e9f\u00e9rable de se fournir un Togo neuf aupr\u00e8s du fabricant ou d\u2019un revendeur agr\u00e9\u00e9. En revanche, pour un Togo d\u2019occasion, il existe plusieurs fa\u00e7ons d\u2019en d\u00e9nicher un. Vous avez le choix entre chiner dans les brocantes ainsi que les vide-greniers et aller surfer sur les diff\u00e9rents sites de secondes mains. Pour ces derniers, voici quelques exemples de sites que vous pouvez visiter&nbsp;:<\/p>\n\n\n\n<ul class=\"wp-block-list\"><li><a href=\"https:\/\/track.effiliation.com\/servlet\/effi.redir?id_compteur=&amp;url=https%3A%2F%2Fwww.selency.fr%2F\">Selency<\/a><\/li><li><a href=\"https:\/\/www.mobilier-design-occasion.fr\/\">Mobilier Design d\u2019Occasion<\/a><\/li><li><a href=\"https:\/\/www.design-market.eu\/\">Design Market<\/a><\/li><li>Le bon coin<\/li><li>Rakuten<\/li><\/ul>\n\n\n\n<h2 class=\"wp-block-heading\"><span class=\"ez-toc-section\" id=\"Notre_selection_des_meilleurs_Togo_doccasion\"><\/span><strong>Notre s\u00e9lection des meilleurs Togo d\u2019occasion<\/strong><span class=\"ez-toc-section-end\"><\/span><\/h2>\n\n\n\n<div class=\"wp-block-columns is-layout-flex wp-container-core-columns-is-layout-9d6595d7 wp-block-columns-is-layout-flex\">\n<div class=\"wp-block-column is-layout-flow wp-block-column-is-layout-flow\">\n<figure class=\"wp-block-image size-full\"><a href=\"https:\/\/www.selency.fr\/produit\/5UkuQ4K\/chauffeuse-togo-en-bleu-microfibre-par-michel-ducaroy-pour-ligne-roset.html?utm_source=effinity_fr&amp;utm_medium=affiliation&amp;utm_campaign=1395109901&amp;eff_cpt=22605728\"><img loading=\"lazy\" decoding=\"async\" width=\"779\" height=\"777\" src=\"https:\/\/www.mobilier-design-occasion.fr\/magazine\/wp-content\/uploads\/2022\/06\/1.jpg\" alt=\"\" class=\"wp-image-4861\" srcset=\"https:\/\/www.mobilier-design-occasion.fr\/magazine\/wp-content\/uploads\/2022\/06\/1.jpg 779w, https:\/\/www.mobilier-design-occasion.fr\/magazine\/wp-content\/uploads\/2022\/06\/1-300x300.jpg 300w, https:\/\/www.mobilier-design-occasion.fr\/magazine\/wp-content\/uploads\/2022\/06\/1-150x150.jpg 150w, https:\/\/www.mobilier-design-occasion.fr\/magazine\/wp-content\/uploads\/2022\/06\/1-768x766.jpg 768w\" sizes=\"auto, (max-width: 779px) 100vw, 779px\" \/><\/a><\/figure>\n<\/div>\n\n\n\n<div class=\"wp-block-column is-layout-flow wp-block-column-is-layout-flow\">\n<figure class=\"wp-block-image size-full\"><a href=\"https:\/\/www.design-market.eu\/fr\/d\/351-ducaroy  \"><img loading=\"lazy\" decoding=\"async\" width=\"980\" height=\"717\" src=\"https:\/\/www.mobilier-design-occasion.fr\/magazine\/wp-content\/uploads\/2022\/06\/2.jpg\" alt=\"\" class=\"wp-image-4862\" srcset=\"https:\/\/www.mobilier-design-occasion.fr\/magazine\/wp-content\/uploads\/2022\/06\/2.jpg 980w, https:\/\/www.mobilier-design-occasion.fr\/magazine\/wp-content\/uploads\/2022\/06\/2-300x219.jpg 300w, https:\/\/www.mobilier-design-occasion.fr\/magazine\/wp-content\/uploads\/2022\/06\/2-768x562.jpg 768w, https:\/\/www.mobilier-design-occasion.fr\/magazine\/wp-content\/uploads\/2022\/06\/2-810x593.jpg 810w\" sizes=\"auto, (max-width: 980px) 100vw, 980px\" \/><\/a><\/figure>\n<\/div>\n<\/div>\n\n\n\n<div class=\"wp-block-columns is-layout-flex wp-container-core-columns-is-layout-9d6595d7 wp-block-columns-is-layout-flex\">\n<div class=\"wp-block-column is-layout-flow wp-block-column-is-layout-flow\">\n<figure class=\"wp-block-image size-full\"><a href=\"https:\/\/www.design-market.eu\/fr\/d\/351-ducaroy  \"><img loading=\"lazy\" decoding=\"async\" width=\"612\" height=\"408\" src=\"https:\/\/www.mobilier-design-occasion.fr\/magazine\/wp-content\/uploads\/2022\/06\/canape-vintage-togo-pour-ligne-roset-en-velours-ambre-1970.jpg\" alt=\"\" class=\"wp-image-4863\" srcset=\"https:\/\/www.mobilier-design-occasion.fr\/magazine\/wp-content\/uploads\/2022\/06\/canape-vintage-togo-pour-ligne-roset-en-velours-ambre-1970.jpg 612w, https:\/\/www.mobilier-design-occasion.fr\/magazine\/wp-content\/uploads\/2022\/06\/canape-vintage-togo-pour-ligne-roset-en-velours-ambre-1970-300x200.jpg 300w\" sizes=\"auto, (max-width: 612px) 100vw, 612px\" \/><\/a><\/figure>\n<\/div>\n\n\n\n<div class=\"wp-block-column is-layout-flow wp-block-column-is-layout-flow\">\n<figure class=\"wp-block-image size-full\"><a href=\"https:\/\/www.design-market.eu\/fr\/d\/351-ducaroy  \"><img loading=\"lazy\" decoding=\"async\" width=\"1000\" height=\"558\" src=\"https:\/\/www.mobilier-design-occasion.fr\/magazine\/wp-content\/uploads\/2022\/06\/canape-2-places-togo-vintage-dessine-par-michel-ducaroy-1973.jpg\" alt=\"\" class=\"wp-image-4864\" srcset=\"https:\/\/www.mobilier-design-occasion.fr\/magazine\/wp-content\/uploads\/2022\/06\/canape-2-places-togo-vintage-dessine-par-michel-ducaroy-1973.jpg 1000w, https:\/\/www.mobilier-design-occasion.fr\/magazine\/wp-content\/uploads\/2022\/06\/canape-2-places-togo-vintage-dessine-par-michel-ducaroy-1973-300x167.jpg 300w, https:\/\/www.mobilier-design-occasion.fr\/magazine\/wp-content\/uploads\/2022\/06\/canape-2-places-togo-vintage-dessine-par-michel-ducaroy-1973-768x429.jpg 768w, https:\/\/www.mobilier-design-occasion.fr\/magazine\/wp-content\/uploads\/2022\/06\/canape-2-places-togo-vintage-dessine-par-michel-ducaroy-1973-810x452.jpg 810w\" sizes=\"auto, (max-width: 1000px) 100vw, 1000px\" \/><\/a><\/figure>\n<\/div>\n<\/div>\n\n\n\n<h2 class=\"wp-block-heading\"><span class=\"ez-toc-section\" id=\"Pourquoi_acheter_un_Togo_de_Ligne_Roset\"><\/span><strong>Pourquoi acheter un Togo de Ligne Roset&nbsp;?<\/strong><span class=\"ez-toc-section-end\"><\/span><\/h2>\n\n\n\n<figure class=\"wp-block-embed is-type-video is-provider-youtube wp-block-embed-youtube wp-embed-aspect-16-9 wp-has-aspect-ratio\"><div class=\"wp-block-embed__wrapper\">\n<iframe loading=\"lazy\" title=\"TOGO TO GO\" width=\"810\" height=\"456\" src=\"https:\/\/www.youtube.com\/embed\/cbh4oEu3YCY?feature=oembed\" frameborder=\"0\" allow=\"accelerometer; autoplay; clipboard-write; encrypted-media; gyroscope; picture-in-picture\" allowfullscreen><\/iframe>\n<\/div><\/figure>\n\n\n\n<h3 class=\"wp-block-heading\"><span class=\"ez-toc-section\" id=\"La_marque\"><\/span><strong>La marque<\/strong><span class=\"ez-toc-section-end\"><\/span><\/h3>\n\n\n\n<p>Un Togo de Ligne Roset est une pi\u00e8ce de designer qui au fil du temps n\u2019a pas perdu son charme et reste un mod\u00e8le tr\u00e8s pris\u00e9 des amateurs de design.<\/p>\n\n\n\n<h3 class=\"wp-block-heading\"><span class=\"ez-toc-section\" id=\"La_qualite\"><\/span><strong>La qualit\u00e9<\/strong><span class=\"ez-toc-section-end\"><\/span><\/h3>\n\n\n\n<p>La collection Togo de Ligne Roset est connue des consommateurs de par son confort optimal et sa qualit\u00e9 sup\u00e9rieure. Le fabricant utilise des mat\u00e9riaux de haute qualit\u00e9 pour concevoir ses si\u00e8ge-coussins afin de r\u00e9pondre aux besoins exigeants de ses clients.<\/p>\n\n\n\n<h3 class=\"wp-block-heading\"><span class=\"ez-toc-section\" id=\"Le_prix\"><\/span><strong>Le prix<\/strong><span class=\"ez-toc-section-end\"><\/span><\/h3>\n\n\n\n<p>Etant donn\u00e9 qu\u2019un <a href=\"https:\/\/victoriaguittet.myportfolio.com\/togo-ou-maralunga\">Togo<\/a> de Ligne Roset est un mobilier de designer, il faut investir une certaine somme d\u2019argent pour l\u2019avoir. Qu\u2019il soit neuf ou d\u2019occasion, le Togo est un meuble valeureux. Mais malgr\u00e9 son prix assez \u00e9lev\u00e9, le Togo offre un excellent rapport qualit\u00e9\/prix.<\/p>\n\n\n\n<p>Le Togo, qu\u2019il soit en version canap\u00e9, pouf ou chauffeuse est un <a href=\"https:\/\/www.mobilier-design-occasion.fr\/magazine\/nos-idees-pour-amenager-votre-terrasse-avec-fermob\/\">mobilier design<\/a> ind\u00e9modable depuis presque cinquante ans. Cette pi\u00e8ce intemporelle de haute qualit\u00e9 s\u2019int\u00e8gre \u00e0 tout les styles de d\u00e9corations.<\/p>\n","protected":false},"excerpt":{"rendered":"<p>Histoire du Togo de Ligne Roset Ligne Roset qui s\u2019est longtemps focalis\u00e9 sur la fabrication de mobilier pour les collectivit\u00e9s s\u2019est pench\u00e9 vers une client\u00e8le priv\u00e9e avec la direction de Jean Roset&nbsp;; le petit-fils du fondateur. Jean Roset travaille avec Michel Ducaroy, un designer issu de l\u2019\u00e9cole des Beaux-Arts de Lyon. Le designer s\u2019int\u00e9resse aux [&hellip;]<\/p>\n","protected":false},"author":1,"featured_media":4905,"comment_status":"open","ping_status":"open","sticky":false,"template":"","format":"standard","meta":{"footnotes":""},"categories":[2],"tags":[],"class_list":["post-4842","post","type-post","status-publish","format-standard","has-post-thumbnail","hentry","category-tendances"],"yoast_head":"<!-- This site is optimized with the Yoast SEO plugin v27.5 - https:\/\/yoast.com\/product\/yoast-seo-wordpress\/ -->\n<title>L&#039;ind\u00e9modable Togo de Ligne Roset - Mobilier Design Magazine<\/title>\n<meta name=\"robots\" content=\"index, follow, max-snippet:-1, max-image-preview:large, max-video-preview:-1\" \/>\n<link rel=\"canonical\" href=\"https:\/\/www.mobilier-design-occasion.fr\/magazine\/lindemodable-togo-de-ligne-roset\/\" \/>\n<meta property=\"og:locale\" content=\"fr_FR\" \/>\n<meta property=\"og:type\" content=\"article\" \/>\n<meta property=\"og:title\" content=\"L&#039;ind\u00e9modable Togo de Ligne Roset - Mobilier Design Magazine\" \/>\n<meta property=\"og:description\" content=\"Histoire du Togo de Ligne Roset Ligne Roset qui s\u2019est longtemps focalis\u00e9 sur la fabrication de mobilier pour les collectivit\u00e9s s\u2019est pench\u00e9 vers une client\u00e8le priv\u00e9e avec la direction de Jean Roset&nbsp;; le petit-fils du fondateur. Jean Roset travaille avec Michel Ducaroy, un designer issu de l\u2019\u00e9cole des Beaux-Arts de Lyon. Le designer s\u2019int\u00e9resse aux [&hellip;]\" \/>\n<meta property=\"og:url\" content=\"https:\/\/www.mobilier-design-occasion.fr\/magazine\/lindemodable-togo-de-ligne-roset\/\" \/>\n<meta property=\"og:site_name\" content=\"Mobilier Design Magazine\" \/>\n<meta property=\"article:publisher\" content=\"https:\/\/www.facebook.com\/mobilierdesignoccasion\" \/>\n<meta property=\"article:published_time\" content=\"2022-06-07T10:14:51+00:00\" \/>\n<meta property=\"article:modified_time\" content=\"2023-09-25T13:40:10+00:00\" \/>\n<meta property=\"og:image\" content=\"https:\/\/www.mobilier-design-occasion.fr\/magazine\/wp-content\/uploads\/2022\/06\/Capture-1.png\" \/>\n\t<meta property=\"og:image:width\" content=\"564\" \/>\n\t<meta property=\"og:image:height\" content=\"532\" \/>\n\t<meta property=\"og:image:type\" content=\"image\/png\" \/>\n<meta name=\"author\" content=\"Cyrielle Poirot\" \/>\n<meta name=\"twitter:card\" content=\"summary_large_image\" \/>\n<meta name=\"twitter:label1\" content=\"\u00c9crit par\" \/>\n\t<meta name=\"twitter:data1\" content=\"Cyrielle Poirot\" \/>\n\t<meta name=\"twitter:label2\" content=\"Dur\u00e9e de lecture estim\u00e9e\" \/>\n\t<meta name=\"twitter:data2\" content=\"4 minutes\" \/>\n<script type=\"application\/ld+json\" class=\"yoast-schema-graph\">{\"@context\":\"https:\\\/\\\/schema.org\",\"@graph\":[{\"@type\":\"Article\",\"@id\":\"https:\\\/\\\/www.mobilier-design-occasion.fr\\\/magazine\\\/lindemodable-togo-de-ligne-roset\\\/#article\",\"isPartOf\":{\"@id\":\"https:\\\/\\\/www.mobilier-design-occasion.fr\\\/magazine\\\/lindemodable-togo-de-ligne-roset\\\/\"},\"author\":{\"name\":\"Cyrielle Poirot\",\"@id\":\"https:\\\/\\\/www.mobilier-design-occasion.fr\\\/magazine\\\/#\\\/schema\\\/person\\\/5b2e5627a714ddadaaf8c9b886c55eff\"},\"headline\":\"L&#8217;ind\u00e9modable Togo de Ligne Roset\",\"datePublished\":\"2022-06-07T10:14:51+00:00\",\"dateModified\":\"2023-09-25T13:40:10+00:00\",\"mainEntityOfPage\":{\"@id\":\"https:\\\/\\\/www.mobilier-design-occasion.fr\\\/magazine\\\/lindemodable-togo-de-ligne-roset\\\/\"},\"wordCount\":896,\"commentCount\":0,\"publisher\":{\"@id\":\"https:\\\/\\\/www.mobilier-design-occasion.fr\\\/magazine\\\/#organization\"},\"image\":{\"@id\":\"https:\\\/\\\/www.mobilier-design-occasion.fr\\\/magazine\\\/lindemodable-togo-de-ligne-roset\\\/#primaryimage\"},\"thumbnailUrl\":\"https:\\\/\\\/www.mobilier-design-occasion.fr\\\/magazine\\\/wp-content\\\/uploads\\\/2022\\\/06\\\/Capture-1.png\",\"articleSection\":[\"Tendances\"],\"inLanguage\":\"fr-FR\",\"potentialAction\":[{\"@type\":\"CommentAction\",\"name\":\"Comment\",\"target\":[\"https:\\\/\\\/www.mobilier-design-occasion.fr\\\/magazine\\\/lindemodable-togo-de-ligne-roset\\\/#respond\"]}]},{\"@type\":\"WebPage\",\"@id\":\"https:\\\/\\\/www.mobilier-design-occasion.fr\\\/magazine\\\/lindemodable-togo-de-ligne-roset\\\/\",\"url\":\"https:\\\/\\\/www.mobilier-design-occasion.fr\\\/magazine\\\/lindemodable-togo-de-ligne-roset\\\/\",\"name\":\"L'ind\u00e9modable Togo de Ligne Roset - Mobilier Design Magazine\",\"isPartOf\":{\"@id\":\"https:\\\/\\\/www.mobilier-design-occasion.fr\\\/magazine\\\/#website\"},\"primaryImageOfPage\":{\"@id\":\"https:\\\/\\\/www.mobilier-design-occasion.fr\\\/magazine\\\/lindemodable-togo-de-ligne-roset\\\/#primaryimage\"},\"image\":{\"@id\":\"https:\\\/\\\/www.mobilier-design-occasion.fr\\\/magazine\\\/lindemodable-togo-de-ligne-roset\\\/#primaryimage\"},\"thumbnailUrl\":\"https:\\\/\\\/www.mobilier-design-occasion.fr\\\/magazine\\\/wp-content\\\/uploads\\\/2022\\\/06\\\/Capture-1.png\",\"datePublished\":\"2022-06-07T10:14:51+00:00\",\"dateModified\":\"2023-09-25T13:40:10+00:00\",\"breadcrumb\":{\"@id\":\"https:\\\/\\\/www.mobilier-design-occasion.fr\\\/magazine\\\/lindemodable-togo-de-ligne-roset\\\/#breadcrumb\"},\"inLanguage\":\"fr-FR\",\"potentialAction\":[{\"@type\":\"ReadAction\",\"target\":[\"https:\\\/\\\/www.mobilier-design-occasion.fr\\\/magazine\\\/lindemodable-togo-de-ligne-roset\\\/\"]}]},{\"@type\":\"ImageObject\",\"inLanguage\":\"fr-FR\",\"@id\":\"https:\\\/\\\/www.mobilier-design-occasion.fr\\\/magazine\\\/lindemodable-togo-de-ligne-roset\\\/#primaryimage\",\"url\":\"https:\\\/\\\/www.mobilier-design-occasion.fr\\\/magazine\\\/wp-content\\\/uploads\\\/2022\\\/06\\\/Capture-1.png\",\"contentUrl\":\"https:\\\/\\\/www.mobilier-design-occasion.fr\\\/magazine\\\/wp-content\\\/uploads\\\/2022\\\/06\\\/Capture-1.png\",\"width\":564,\"height\":532},{\"@type\":\"BreadcrumbList\",\"@id\":\"https:\\\/\\\/www.mobilier-design-occasion.fr\\\/magazine\\\/lindemodable-togo-de-ligne-roset\\\/#breadcrumb\",\"itemListElement\":[{\"@type\":\"ListItem\",\"position\":1,\"name\":\"Accueil\",\"item\":\"https:\\\/\\\/www.mobilier-design-occasion.fr\\\/magazine\\\/\"},{\"@type\":\"ListItem\",\"position\":2,\"name\":\"L&rsquo;ind\u00e9modable Togo de Ligne Roset\"}]},{\"@type\":\"WebSite\",\"@id\":\"https:\\\/\\\/www.mobilier-design-occasion.fr\\\/magazine\\\/#website\",\"url\":\"https:\\\/\\\/www.mobilier-design-occasion.fr\\\/magazine\\\/\",\"name\":\"Mobilier Design Magazine\",\"description\":\"\",\"publisher\":{\"@id\":\"https:\\\/\\\/www.mobilier-design-occasion.fr\\\/magazine\\\/#organization\"},\"potentialAction\":[{\"@type\":\"SearchAction\",\"target\":{\"@type\":\"EntryPoint\",\"urlTemplate\":\"https:\\\/\\\/www.mobilier-design-occasion.fr\\\/magazine\\\/?s={search_term_string}\"},\"query-input\":{\"@type\":\"PropertyValueSpecification\",\"valueRequired\":true,\"valueName\":\"search_term_string\"}}],\"inLanguage\":\"fr-FR\"},{\"@type\":\"Organization\",\"@id\":\"https:\\\/\\\/www.mobilier-design-occasion.fr\\\/magazine\\\/#organization\",\"name\":\"Mobilier Design Magazine\",\"url\":\"https:\\\/\\\/www.mobilier-design-occasion.fr\\\/magazine\\\/\",\"logo\":{\"@type\":\"ImageObject\",\"inLanguage\":\"fr-FR\",\"@id\":\"https:\\\/\\\/www.mobilier-design-occasion.fr\\\/magazine\\\/#\\\/schema\\\/logo\\\/image\\\/\",\"url\":\"https:\\\/\\\/www.mobilier-design-occasion.fr\\\/magazine\\\/wp-content\\\/uploads\\\/2024\\\/02\\\/android-chrome-192x192-1.png\",\"contentUrl\":\"https:\\\/\\\/www.mobilier-design-occasion.fr\\\/magazine\\\/wp-content\\\/uploads\\\/2024\\\/02\\\/android-chrome-192x192-1.png\",\"width\":192,\"height\":192,\"caption\":\"Mobilier Design Magazine\"},\"image\":{\"@id\":\"https:\\\/\\\/www.mobilier-design-occasion.fr\\\/magazine\\\/#\\\/schema\\\/logo\\\/image\\\/\"},\"sameAs\":[\"https:\\\/\\\/www.facebook.com\\\/mobilierdesignoccasion\"]},{\"@type\":\"Person\",\"@id\":\"https:\\\/\\\/www.mobilier-design-occasion.fr\\\/magazine\\\/#\\\/schema\\\/person\\\/5b2e5627a714ddadaaf8c9b886c55eff\",\"name\":\"Cyrielle Poirot\",\"image\":{\"@type\":\"ImageObject\",\"inLanguage\":\"fr-FR\",\"@id\":\"https:\\\/\\\/secure.gravatar.com\\\/avatar\\\/c8d2674e093b06894d8d1dc468b626bd752523471f3ac6e75f7c7a1400d40b4d?s=96&d=mm&r=g\",\"url\":\"https:\\\/\\\/secure.gravatar.com\\\/avatar\\\/c8d2674e093b06894d8d1dc468b626bd752523471f3ac6e75f7c7a1400d40b4d?s=96&d=mm&r=g\",\"contentUrl\":\"https:\\\/\\\/secure.gravatar.com\\\/avatar\\\/c8d2674e093b06894d8d1dc468b626bd752523471f3ac6e75f7c7a1400d40b4d?s=96&d=mm&r=g\",\"caption\":\"Cyrielle Poirot\"},\"description\":\"Cyrielle est passionn\u00e9e par la d\u00e9coration d'int\u00e9rieur et s'est sp\u00e9cialis\u00e9e depuis quelques ann\u00e9es dans l'\u00e9dition du site Mobilier-Design, avec une touche sp\u00e9cifique pour les produits d'occasion.\",\"sameAs\":[\"https:\\\/\\\/www.mobilier-design-occasion.fr\\\/magazine\"],\"url\":\"https:\\\/\\\/www.mobilier-design-occasion.fr\\\/magazine\\\/author\\\/cyrielle\\\/\"}]}<\/script>\n<!-- \/ Yoast SEO plugin. -->","yoast_head_json":{"title":"L'ind\u00e9modable Togo de Ligne Roset - Mobilier Design Magazine","robots":{"index":"index","follow":"follow","max-snippet":"max-snippet:-1","max-image-preview":"max-image-preview:large","max-video-preview":"max-video-preview:-1"},"canonical":"https:\/\/www.mobilier-design-occasion.fr\/magazine\/lindemodable-togo-de-ligne-roset\/","og_locale":"fr_FR","og_type":"article","og_title":"L'ind\u00e9modable Togo de Ligne Roset - Mobilier Design Magazine","og_description":"Histoire du Togo de Ligne Roset Ligne Roset qui s\u2019est longtemps focalis\u00e9 sur la fabrication de mobilier pour les collectivit\u00e9s s\u2019est pench\u00e9 vers une client\u00e8le priv\u00e9e avec la direction de Jean Roset&nbsp;; le petit-fils du fondateur. Jean Roset travaille avec Michel Ducaroy, un designer issu de l\u2019\u00e9cole des Beaux-Arts de Lyon. Le designer s\u2019int\u00e9resse aux [&hellip;]","og_url":"https:\/\/www.mobilier-design-occasion.fr\/magazine\/lindemodable-togo-de-ligne-roset\/","og_site_name":"Mobilier Design Magazine","article_publisher":"https:\/\/www.facebook.com\/mobilierdesignoccasion","article_published_time":"2022-06-07T10:14:51+00:00","article_modified_time":"2023-09-25T13:40:10+00:00","og_image":[{"width":564,"height":532,"url":"https:\/\/www.mobilier-design-occasion.fr\/magazine\/wp-content\/uploads\/2022\/06\/Capture-1.png","type":"image\/png"}],"author":"Cyrielle Poirot","twitter_card":"summary_large_image","twitter_misc":{"\u00c9crit par":"Cyrielle Poirot","Dur\u00e9e de lecture estim\u00e9e":"4 minutes"},"schema":{"@context":"https:\/\/schema.org","@graph":[{"@type":"Article","@id":"https:\/\/www.mobilier-design-occasion.fr\/magazine\/lindemodable-togo-de-ligne-roset\/#article","isPartOf":{"@id":"https:\/\/www.mobilier-design-occasion.fr\/magazine\/lindemodable-togo-de-ligne-roset\/"},"author":{"name":"Cyrielle Poirot","@id":"https:\/\/www.mobilier-design-occasion.fr\/magazine\/#\/schema\/person\/5b2e5627a714ddadaaf8c9b886c55eff"},"headline":"L&#8217;ind\u00e9modable Togo de Ligne Roset","datePublished":"2022-06-07T10:14:51+00:00","dateModified":"2023-09-25T13:40:10+00:00","mainEntityOfPage":{"@id":"https:\/\/www.mobilier-design-occasion.fr\/magazine\/lindemodable-togo-de-ligne-roset\/"},"wordCount":896,"commentCount":0,"publisher":{"@id":"https:\/\/www.mobilier-design-occasion.fr\/magazine\/#organization"},"image":{"@id":"https:\/\/www.mobilier-design-occasion.fr\/magazine\/lindemodable-togo-de-ligne-roset\/#primaryimage"},"thumbnailUrl":"https:\/\/www.mobilier-design-occasion.fr\/magazine\/wp-content\/uploads\/2022\/06\/Capture-1.png","articleSection":["Tendances"],"inLanguage":"fr-FR","potentialAction":[{"@type":"CommentAction","name":"Comment","target":["https:\/\/www.mobilier-design-occasion.fr\/magazine\/lindemodable-togo-de-ligne-roset\/#respond"]}]},{"@type":"WebPage","@id":"https:\/\/www.mobilier-design-occasion.fr\/magazine\/lindemodable-togo-de-ligne-roset\/","url":"https:\/\/www.mobilier-design-occasion.fr\/magazine\/lindemodable-togo-de-ligne-roset\/","name":"L'ind\u00e9modable Togo de Ligne Roset - Mobilier Design Magazine","isPartOf":{"@id":"https:\/\/www.mobilier-design-occasion.fr\/magazine\/#website"},"primaryImageOfPage":{"@id":"https:\/\/www.mobilier-design-occasion.fr\/magazine\/lindemodable-togo-de-ligne-roset\/#primaryimage"},"image":{"@id":"https:\/\/www.mobilier-design-occasion.fr\/magazine\/lindemodable-togo-de-ligne-roset\/#primaryimage"},"thumbnailUrl":"https:\/\/www.mobilier-design-occasion.fr\/magazine\/wp-content\/uploads\/2022\/06\/Capture-1.png","datePublished":"2022-06-07T10:14:51+00:00","dateModified":"2023-09-25T13:40:10+00:00","breadcrumb":{"@id":"https:\/\/www.mobilier-design-occasion.fr\/magazine\/lindemodable-togo-de-ligne-roset\/#breadcrumb"},"inLanguage":"fr-FR","potentialAction":[{"@type":"ReadAction","target":["https:\/\/www.mobilier-design-occasion.fr\/magazine\/lindemodable-togo-de-ligne-roset\/"]}]},{"@type":"ImageObject","inLanguage":"fr-FR","@id":"https:\/\/www.mobilier-design-occasion.fr\/magazine\/lindemodable-togo-de-ligne-roset\/#primaryimage","url":"https:\/\/www.mobilier-design-occasion.fr\/magazine\/wp-content\/uploads\/2022\/06\/Capture-1.png","contentUrl":"https:\/\/www.mobilier-design-occasion.fr\/magazine\/wp-content\/uploads\/2022\/06\/Capture-1.png","width":564,"height":532},{"@type":"BreadcrumbList","@id":"https:\/\/www.mobilier-design-occasion.fr\/magazine\/lindemodable-togo-de-ligne-roset\/#breadcrumb","itemListElement":[{"@type":"ListItem","position":1,"name":"Accueil","item":"https:\/\/www.mobilier-design-occasion.fr\/magazine\/"},{"@type":"ListItem","position":2,"name":"L&rsquo;ind\u00e9modable Togo de Ligne Roset"}]},{"@type":"WebSite","@id":"https:\/\/www.mobilier-design-occasion.fr\/magazine\/#website","url":"https:\/\/www.mobilier-design-occasion.fr\/magazine\/","name":"Mobilier Design Magazine","description":"","publisher":{"@id":"https:\/\/www.mobilier-design-occasion.fr\/magazine\/#organization"},"potentialAction":[{"@type":"SearchAction","target":{"@type":"EntryPoint","urlTemplate":"https:\/\/www.mobilier-design-occasion.fr\/magazine\/?s={search_term_string}"},"query-input":{"@type":"PropertyValueSpecification","valueRequired":true,"valueName":"search_term_string"}}],"inLanguage":"fr-FR"},{"@type":"Organization","@id":"https:\/\/www.mobilier-design-occasion.fr\/magazine\/#organization","name":"Mobilier Design Magazine","url":"https:\/\/www.mobilier-design-occasion.fr\/magazine\/","logo":{"@type":"ImageObject","inLanguage":"fr-FR","@id":"https:\/\/www.mobilier-design-occasion.fr\/magazine\/#\/schema\/logo\/image\/","url":"https:\/\/www.mobilier-design-occasion.fr\/magazine\/wp-content\/uploads\/2024\/02\/android-chrome-192x192-1.png","contentUrl":"https:\/\/www.mobilier-design-occasion.fr\/magazine\/wp-content\/uploads\/2024\/02\/android-chrome-192x192-1.png","width":192,"height":192,"caption":"Mobilier Design Magazine"},"image":{"@id":"https:\/\/www.mobilier-design-occasion.fr\/magazine\/#\/schema\/logo\/image\/"},"sameAs":["https:\/\/www.facebook.com\/mobilierdesignoccasion"]},{"@type":"Person","@id":"https:\/\/www.mobilier-design-occasion.fr\/magazine\/#\/schema\/person\/5b2e5627a714ddadaaf8c9b886c55eff","name":"Cyrielle Poirot","image":{"@type":"ImageObject","inLanguage":"fr-FR","@id":"https:\/\/secure.gravatar.com\/avatar\/c8d2674e093b06894d8d1dc468b626bd752523471f3ac6e75f7c7a1400d40b4d?s=96&d=mm&r=g","url":"https:\/\/secure.gravatar.com\/avatar\/c8d2674e093b06894d8d1dc468b626bd752523471f3ac6e75f7c7a1400d40b4d?s=96&d=mm&r=g","contentUrl":"https:\/\/secure.gravatar.com\/avatar\/c8d2674e093b06894d8d1dc468b626bd752523471f3ac6e75f7c7a1400d40b4d?s=96&d=mm&r=g","caption":"Cyrielle Poirot"},"description":"Cyrielle est passionn\u00e9e par la d\u00e9coration d'int\u00e9rieur et s'est sp\u00e9cialis\u00e9e depuis quelques ann\u00e9es dans l'\u00e9dition du site Mobilier-Design, avec une touche sp\u00e9cifique pour les produits d'occasion.","sameAs":["https:\/\/www.mobilier-design-occasion.fr\/magazine"],"url":"https:\/\/www.mobilier-design-occasion.fr\/magazine\/author\/cyrielle\/"}]}},"_links":{"self":[{"href":"https:\/\/www.mobilier-design-occasion.fr\/magazine\/wp-json\/wp\/v2\/posts\/4842","targetHints":{"allow":["GET"]}}],"collection":[{"href":"https:\/\/www.mobilier-design-occasion.fr\/magazine\/wp-json\/wp\/v2\/posts"}],"about":[{"href":"https:\/\/www.mobilier-design-occasion.fr\/magazine\/wp-json\/wp\/v2\/types\/post"}],"author":[{"embeddable":true,"href":"https:\/\/www.mobilier-design-occasion.fr\/magazine\/wp-json\/wp\/v2\/users\/1"}],"replies":[{"embeddable":true,"href":"https:\/\/www.mobilier-design-occasion.fr\/magazine\/wp-json\/wp\/v2\/comments?post=4842"}],"version-history":[{"count":13,"href":"https:\/\/www.mobilier-design-occasion.fr\/magazine\/wp-json\/wp\/v2\/posts\/4842\/revisions"}],"predecessor-version":[{"id":6105,"href":"https:\/\/www.mobilier-design-occasion.fr\/magazine\/wp-json\/wp\/v2\/posts\/4842\/revisions\/6105"}],"wp:featuredmedia":[{"embeddable":true,"href":"https:\/\/www.mobilier-design-occasion.fr\/magazine\/wp-json\/wp\/v2\/media\/4905"}],"wp:attachment":[{"href":"https:\/\/www.mobilier-design-occasion.fr\/magazine\/wp-json\/wp\/v2\/media?parent=4842"}],"wp:term":[{"taxonomy":"category","embeddable":true,"href":"https:\/\/www.mobilier-design-occasion.fr\/magazine\/wp-json\/wp\/v2\/categories?post=4842"},{"taxonomy":"post_tag","embeddable":true,"href":"https:\/\/www.mobilier-design-occasion.fr\/magazine\/wp-json\/wp\/v2\/tags?post=4842"}],"curies":[{"name":"wp","href":"https:\/\/api.w.org\/{rel}","templated":true}]}}