{"id":4710,"date":"2022-06-02T09:32:27","date_gmt":"2022-06-02T09:32:27","guid":{"rendered":"https:\/\/www.mobilier-design-occasion.fr\/magazine\/?p=4710"},"modified":"2023-09-25T13:40:10","modified_gmt":"2023-09-25T13:40:10","slug":"le-fauteuil-togo-doccasion","status":"publish","type":"post","link":"https:\/\/www.mobilier-design-occasion.fr\/magazine\/le-fauteuil-togo-doccasion\/","title":{"rendered":"Le fauteuil Togo d&#8217;occasion"},"content":{"rendered":"\n<h2 class=\"wp-block-heading\"><span class=\"ez-toc-section\" id=\"Quest-ce_quun_fauteuil_Togo\"><\/span><strong>Qu&#8217;est-ce qu&#8217;un fauteuil Togo?<\/strong><span class=\"ez-toc-section-end\"><\/span><\/h2><div id=\"ez-toc-container\" class=\"ez-toc-v2_0_82_2 counter-hierarchy ez-toc-counter ez-toc-grey ez-toc-container-direction\">\n<div class=\"ez-toc-title-container\">\n<span class=\"ez-toc-title-toggle\"><a href=\"#\" class=\"ez-toc-pull-right ez-toc-btn ez-toc-btn-xs ez-toc-btn-default ez-toc-toggle\" aria-label=\"Toggle Table of Content\"><span class=\"ez-toc-js-icon-con\"><span class=\"\"><span class=\"eztoc-hide\" style=\"display:none;\">Toggle<\/span><span class=\"ez-toc-icon-toggle-span\"><svg style=\"fill: #999;color:#999\" xmlns=\"http:\/\/www.w3.org\/2000\/svg\" class=\"list-377408\" width=\"20px\" height=\"20px\" viewBox=\"0 0 24 24\" fill=\"none\"><path d=\"M6 6H4v2h2V6zm14 0H8v2h12V6zM4 11h2v2H4v-2zm16 0H8v2h12v-2zM4 16h2v2H4v-2zm16 0H8v2h12v-2z\" fill=\"currentColor\"><\/path><\/svg><svg style=\"fill: #999;color:#999\" class=\"arrow-unsorted-368013\" xmlns=\"http:\/\/www.w3.org\/2000\/svg\" width=\"10px\" height=\"10px\" viewBox=\"0 0 24 24\" version=\"1.2\" baseProfile=\"tiny\"><path d=\"M18.2 9.3l-6.2-6.3-6.2 6.3c-.2.2-.3.4-.3.7s.1.5.3.7c.2.2.4.3.7.3h11c.3 0 .5-.1.7-.3.2-.2.3-.5.3-.7s-.1-.5-.3-.7zM5.8 14.7l6.2 6.3 6.2-6.3c.2-.2.3-.5.3-.7s-.1-.5-.3-.7c-.2-.2-.4-.3-.7-.3h-11c-.3 0-.5.1-.7.3-.2.2-.3.5-.3.7s.1.5.3.7z\"\/><\/svg><\/span><\/span><\/span><\/a><\/span><\/div>\n<nav><ul class='ez-toc-list ez-toc-list-level-1 eztoc-toggle-hide-by-default' ><li class='ez-toc-page-1 ez-toc-heading-level-2'><a class=\"ez-toc-link ez-toc-heading-1\" href=\"https:\/\/www.mobilier-design-occasion.fr\/magazine\/le-fauteuil-togo-doccasion\/#Quest-ce_quun_fauteuil_Togo\" >Qu&#8217;est-ce qu&#8217;un fauteuil Togo?<\/a><ul class='ez-toc-list-level-3' ><li class='ez-toc-heading-level-3'><a class=\"ez-toc-link ez-toc-heading-2\" href=\"https:\/\/www.mobilier-design-occasion.fr\/magazine\/le-fauteuil-togo-doccasion\/#Quelles_sont_les_dimensions_dun_fauteuil_Togo\" >Quelles sont les dimensions d&#8217;un fauteuil Togo ?<\/a><\/li><li class='ez-toc-page-1 ez-toc-heading-level-3'><a class=\"ez-toc-link ez-toc-heading-3\" href=\"https:\/\/www.mobilier-design-occasion.fr\/magazine\/le-fauteuil-togo-doccasion\/#Le_fauteuil_Togo_est_disponible_dans_quel_coloris\" >Le fauteuil Togo est disponible dans quel coloris&nbsp;?<\/a><\/li><\/ul><\/li><li class='ez-toc-page-1 ez-toc-heading-level-2'><a class=\"ez-toc-link ez-toc-heading-4\" href=\"https:\/\/www.mobilier-design-occasion.fr\/magazine\/le-fauteuil-togo-doccasion\/#Quelle_decoration_avec_un_fauteuil_Togo\" >Quelle d\u00e9coration avec un fauteuil Togo?<\/a><\/li><li class='ez-toc-page-1 ez-toc-heading-level-2'><a class=\"ez-toc-link ez-toc-heading-5\" href=\"https:\/\/www.mobilier-design-occasion.fr\/magazine\/le-fauteuil-togo-doccasion\/#Ou_puis-je_trouver_un_fauteuil_Togo_doccasion\" >O\u00f9 puis-je trouver un fauteuil Togo d&#8217;occasion&nbsp;?<\/a><ul class='ez-toc-list-level-3' ><li class='ez-toc-heading-level-3'><a class=\"ez-toc-link ez-toc-heading-6\" href=\"https:\/\/www.mobilier-design-occasion.fr\/magazine\/le-fauteuil-togo-doccasion\/#Combien_coute_un_fauteuil_Togo_doccasion\" >Combien co\u00fbte un fauteuil Togo d&#8217;occasion ?<\/a><\/li><\/ul><\/li><li class='ez-toc-page-1 ez-toc-heading-level-2'><a class=\"ez-toc-link ez-toc-heading-7\" href=\"https:\/\/www.mobilier-design-occasion.fr\/magazine\/le-fauteuil-togo-doccasion\/#Les_plus_beaux_fauteuils_Togo_doccasion\" >Les plus beaux fauteuils Togo d&#8217;occasion<\/a><\/li><li class='ez-toc-page-1 ez-toc-heading-level-2'><a class=\"ez-toc-link ez-toc-heading-8\" href=\"https:\/\/www.mobilier-design-occasion.fr\/magazine\/le-fauteuil-togo-doccasion\/#Comment_puis-je_savoir_si_un_fauteuil_Togo_doccasion_est_authentique\" >Comment puis-je savoir si un fauteuil Togo d&#8217;occasion est authentique ?<\/a><ul class='ez-toc-list-level-3' ><li class='ez-toc-heading-level-3'><a class=\"ez-toc-link ez-toc-heading-9\" href=\"https:\/\/www.mobilier-design-occasion.fr\/magazine\/le-fauteuil-togo-doccasion\/#Comment_entretenir_un_fauteuil_Togo\" >Comment entretenir un fauteuil Togo&nbsp;?<\/a><\/li><\/ul><\/li><\/ul><\/nav><\/div>\n\n\n\n\n<p>Un <a href=\"https:\/\/www.cotemaison.fr\/canapes-fauteuils\/diaporama\/togo-canape-banquette-chauffeuse-ou-pouf-inspiration-photos_32513.html\">fauteuil Togo <\/a>est le fruit de l\u2019imagination du designer fran\u00e7ais Michel Ducaroy en pensant \u00e0 un \u00ab&nbsp;tube de dentifrice repli\u00e9 sur lui-m\u00eame&nbsp;\u00bb.<\/p>\n\n\n\n<p> Ce <a href=\"https:\/\/www.mobilier-design-occasion.fr\/magazine\/test-avis-sur-poltronesofa\/\">fauteuil<\/a> au <a href=\"https:\/\/www.mobilier-design-occasion.fr\/magazine\/table-tulipe-knoll-indemodable-du-design\/\">design<\/a> unique et matelass\u00e9 est une pi\u00e8ce ind\u00e9modable depuis sa cr\u00e9ation en 1973.<\/p>\n\n\n\n<figure class=\"wp-block-image size-large\"><img loading=\"lazy\" decoding=\"async\" width=\"1024\" height=\"1024\" src=\"https:\/\/www.mobilier-design-occasion.fr\/magazine\/wp-content\/uploads\/2022\/06\/100420_2000x2000-1-1024x1024.jpg\" alt=\"\" class=\"wp-image-4824\" srcset=\"https:\/\/www.mobilier-design-occasion.fr\/magazine\/wp-content\/uploads\/2022\/06\/100420_2000x2000-1-1024x1024.jpg 1024w, https:\/\/www.mobilier-design-occasion.fr\/magazine\/wp-content\/uploads\/2022\/06\/100420_2000x2000-1-300x300.jpg 300w, https:\/\/www.mobilier-design-occasion.fr\/magazine\/wp-content\/uploads\/2022\/06\/100420_2000x2000-1-150x150.jpg 150w, https:\/\/www.mobilier-design-occasion.fr\/magazine\/wp-content\/uploads\/2022\/06\/100420_2000x2000-1-768x768.jpg 768w, https:\/\/www.mobilier-design-occasion.fr\/magazine\/wp-content\/uploads\/2022\/06\/100420_2000x2000-1-1536x1536.jpg 1536w, https:\/\/www.mobilier-design-occasion.fr\/magazine\/wp-content\/uploads\/2022\/06\/100420_2000x2000-1-810x810.jpg 810w, https:\/\/www.mobilier-design-occasion.fr\/magazine\/wp-content\/uploads\/2022\/06\/100420_2000x2000-1-1140x1140.jpg 1140w, https:\/\/www.mobilier-design-occasion.fr\/magazine\/wp-content\/uploads\/2022\/06\/100420_2000x2000-1.jpg 2000w\" sizes=\"auto, (max-width: 1024px) 100vw, 1024px\" \/><\/figure>\n\n\n\n<h3 class=\"wp-block-heading\"><span class=\"ez-toc-section\" id=\"Quelles_sont_les_dimensions_dun_fauteuil_Togo\"><\/span><strong>Quelles sont les dimensions d&#8217;un fauteuil Togo ?<\/strong><span class=\"ez-toc-section-end\"><\/span><\/h3>\n\n\n\n<p>Les dimensions d\u2019un fauteuil Togo sont tr\u00e8s pr\u00e9cises et n\u2019ont pas chang\u00e9 depuis sa cr\u00e9ation en 1973. C&#8217;est ce qui fait aussi que l&#8217;on distingue les vrais fauteuils Togo des copies de fauteuils Togo.<\/p>\n\n\n\n<ul class=\"wp-block-list\"><li>Togo Lounge&nbsp;: H 700 mm x l 1310 mm x P 1620 mm x A 380 mm<\/li><li>Togo Petite banquette&nbsp;: H 700 mm x l 1310 mm x P 1020 mm x A 380 mm<\/li><\/ul>\n\n\n\n<figure class=\"wp-block-embed is-type-rich is-provider-twitter wp-block-embed-twitter\"><div class=\"wp-block-embed__wrapper\">\n<blockquote class=\"twitter-tweet\" data-width=\"550\" data-dnt=\"true\"><p lang=\"fr\" dir=\"ltr\"><a href=\"https:\/\/twitter.com\/hashtag\/Togo?src=hash&amp;ref_src=twsrc%5Etfw\">#Togo<\/a> <a href=\"https:\/\/twitter.com\/hashtag\/LigneRoset?src=hash&amp;ref_src=twsrc%5Etfw\">#LigneRoset<\/a> en live, cr\u00e9ation d&#39;un fauteuil <a href=\"http:\/\/t.co\/7lSCSfkzvV\">pic.twitter.com\/7lSCSfkzvV<\/a><\/p>&mdash; TheRockingCompany (@RockingCompany) <a href=\"https:\/\/twitter.com\/RockingCompany\/status\/606146175582928896?ref_src=twsrc%5Etfw\">June 3, 2015<\/a><\/blockquote><script async src=\"https:\/\/platform.twitter.com\/widgets.js\" charset=\"utf-8\"><\/script>\n<\/div><\/figure>\n\n\n\n<h3 class=\"wp-block-heading\"><span class=\"ez-toc-section\" id=\"Le_fauteuil_Togo_est_disponible_dans_quel_coloris\"><\/span><strong>Le fauteuil Togo est disponible dans quel coloris&nbsp;?<\/strong><span class=\"ez-toc-section-end\"><\/span><\/h3>\n\n\n\n<p>Que ce soit en tissu, en velours ou en cuir, un fauteuil Togo est disponible dans plus de 800 coloris diff\u00e9rents&#8230; de quoi vous laissez le choix pour l&#8217;int\u00e9grer parfaitement \u00e0 votre int\u00e9rieur!<\/p>\n\n\n\n<ul class=\"wp-block-list\"><li>Les tissus sont disponibles en&nbsp;: anis, moutarde, \u00e9b\u00e8ne, citrouille, p\u00e9trole, taupe, \u00e9cru, violet, velvet, sea sand, kiwi, craie, marine, amande, acier, azur, bl\u00e9, ambre, argent, cacao, cassis, corail, curry, \u00e9cureuil, matelot, menthe, koala, plomb, santal, vert paon, seigle, ta\u00efga, gr\u00e8ge, gris, outremer, brique, rose, terre brul\u00e9e, bouteille, colombin, chardon, coquille, cr\u00e8me, fuchsia, \u00e9corce, papaye, graphite, minuit, mousse, lin de vin, ma\u00efs, vanille, &nbsp;raton, past\u00e8que, treillis, vert pale, vermeil, miel, carmin, veronese\u2026<\/li><\/ul>\n\n\n\n<p><\/p>\n\n\n\n<ul class=\"wp-block-list\"><li>Les velours sont disponibles en&nbsp;: artichaud, aubergine, min\u00e9ral, moutarde, caf\u00e9, sauge, groseille, poudre, vieux rose, terracotta, tourterelle, sienne, anthracite, ciel, herbal, sarcelle, prune, rouille, pin, funghi, tender, marsala, misty, fiesta, iron, breeze, bordeaux, cerise, abricot, onyx, roi, alb\u00e2tre, bouteille, cardinal, canard, c\u00e9leste, \u00e9l\u00e9phant, laterite, jade, chocolat, pigeon, noisette, saphir, soufre, vanille, souris, ocre, sangria\u2026<\/li><\/ul>\n\n\n\n<p><\/p>\n\n\n\n<ul class=\"wp-block-list\"><li>Les cuirs sont disponibles en&nbsp;: anthracite, bronze, fauve, ivoire, make up, for\u00eat, gold, mastic, noir, gris, taupe, ch\u00e2taigne, caf\u00e9, schiste, argile, lin, brun, crie, \u00e9b\u00e8ne, acier, beluga, bisque, amande, ardoise, brume, blush, cachou, camel, cerise, chamois, cypr\u00e8s, chanvre, eg\u00e9e, fauve, courge, fudge, gr\u00e8ge, indigo, fum\u00e9e, lilas, laurier, marine, perle, pierre, platine, pourpre, sable, rouge, silice, silex, taupe, sunset, ocre\u2026 &nbsp;<\/li><\/ul>\n\n\n\n<div class=\"wp-block-columns is-layout-flex wp-container-core-columns-is-layout-9d6595d7 wp-block-columns-is-layout-flex\">\n<div class=\"wp-block-column is-layout-flow wp-block-column-is-layout-flow\">\n<figure class=\"wp-block-image size-large is-resized\"><a href=\"https:\/\/track.effiliation.com\/servlet\/effi.redir?id_compteur=&amp;url=https%3A%2F%2Fwww.selency.fr%2Fsearch.html%3Fquery%3Dtogo\"><img loading=\"lazy\" decoding=\"async\" src=\"https:\/\/www.mobilier-design-occasion.fr\/magazine\/wp-content\/uploads\/2022\/06\/15420000_4315_vue1_1500x1500-1024x1024.jpg\" alt=\"\" class=\"wp-image-4794\" width=\"284\" height=\"284\" srcset=\"https:\/\/www.mobilier-design-occasion.fr\/magazine\/wp-content\/uploads\/2022\/06\/15420000_4315_vue1_1500x1500-1024x1024.jpg 1024w, https:\/\/www.mobilier-design-occasion.fr\/magazine\/wp-content\/uploads\/2022\/06\/15420000_4315_vue1_1500x1500-300x300.jpg 300w, https:\/\/www.mobilier-design-occasion.fr\/magazine\/wp-content\/uploads\/2022\/06\/15420000_4315_vue1_1500x1500-150x150.jpg 150w, https:\/\/www.mobilier-design-occasion.fr\/magazine\/wp-content\/uploads\/2022\/06\/15420000_4315_vue1_1500x1500-768x768.jpg 768w, https:\/\/www.mobilier-design-occasion.fr\/magazine\/wp-content\/uploads\/2022\/06\/15420000_4315_vue1_1500x1500-810x810.jpg 810w, https:\/\/www.mobilier-design-occasion.fr\/magazine\/wp-content\/uploads\/2022\/06\/15420000_4315_vue1_1500x1500-1140x1140.jpg 1140w, https:\/\/www.mobilier-design-occasion.fr\/magazine\/wp-content\/uploads\/2022\/06\/15420000_4315_vue1_1500x1500.jpg 1500w\" sizes=\"auto, (max-width: 284px) 100vw, 284px\" \/><\/a><figcaption>\u00a9Ligne Roset<\/figcaption><\/figure>\n<\/div>\n\n\n\n<div class=\"wp-block-column is-layout-flow wp-block-column-is-layout-flow\">\n<figure class=\"wp-block-image size-large\"><a href=\"https:\/\/track.effiliation.com\/servlet\/effi.redir?id_compteur=&amp;url=https%3A%2F%2Fwww.selency.fr%2Fsearch.html%3Fquery%3Dtogo\"><img loading=\"lazy\" decoding=\"async\" width=\"1024\" height=\"1024\" src=\"https:\/\/www.mobilier-design-occasion.fr\/magazine\/wp-content\/uploads\/2022\/06\/15520006_3096_vue1_1500x1500-1024x1024.jpg\" alt=\"\" class=\"wp-image-4796\" srcset=\"https:\/\/www.mobilier-design-occasion.fr\/magazine\/wp-content\/uploads\/2022\/06\/15520006_3096_vue1_1500x1500-1024x1024.jpg 1024w, https:\/\/www.mobilier-design-occasion.fr\/magazine\/wp-content\/uploads\/2022\/06\/15520006_3096_vue1_1500x1500-300x300.jpg 300w, https:\/\/www.mobilier-design-occasion.fr\/magazine\/wp-content\/uploads\/2022\/06\/15520006_3096_vue1_1500x1500-150x150.jpg 150w, https:\/\/www.mobilier-design-occasion.fr\/magazine\/wp-content\/uploads\/2022\/06\/15520006_3096_vue1_1500x1500-768x768.jpg 768w, https:\/\/www.mobilier-design-occasion.fr\/magazine\/wp-content\/uploads\/2022\/06\/15520006_3096_vue1_1500x1500-810x810.jpg 810w, https:\/\/www.mobilier-design-occasion.fr\/magazine\/wp-content\/uploads\/2022\/06\/15520006_3096_vue1_1500x1500-1140x1140.jpg 1140w, https:\/\/www.mobilier-design-occasion.fr\/magazine\/wp-content\/uploads\/2022\/06\/15520006_3096_vue1_1500x1500.jpg 1500w\" sizes=\"auto, (max-width: 1024px) 100vw, 1024px\" \/><\/a><figcaption>\u00a9Ligne Roset<\/figcaption><\/figure>\n<\/div>\n<\/div>\n\n\n\n<div class=\"wp-block-columns is-layout-flex wp-container-core-columns-is-layout-9d6595d7 wp-block-columns-is-layout-flex\">\n<div class=\"wp-block-column is-layout-flow wp-block-column-is-layout-flow\">\n<figure class=\"wp-block-image size-large\"><a href=\"https:\/\/track.effiliation.com\/servlet\/effi.redir?id_compteur=&amp;url=https%3A%2F%2Fwww.selency.fr%2Fsearch.html%3Fquery%3Dtogo\"><img loading=\"lazy\" decoding=\"async\" width=\"1024\" height=\"1024\" src=\"https:\/\/www.mobilier-design-occasion.fr\/magazine\/wp-content\/uploads\/2022\/06\/15520006_115_vue1_1500x1500-1024x1024.jpg\" alt=\"\" class=\"wp-image-4797\" srcset=\"https:\/\/www.mobilier-design-occasion.fr\/magazine\/wp-content\/uploads\/2022\/06\/15520006_115_vue1_1500x1500-1024x1024.jpg 1024w, https:\/\/www.mobilier-design-occasion.fr\/magazine\/wp-content\/uploads\/2022\/06\/15520006_115_vue1_1500x1500-300x300.jpg 300w, https:\/\/www.mobilier-design-occasion.fr\/magazine\/wp-content\/uploads\/2022\/06\/15520006_115_vue1_1500x1500-150x150.jpg 150w, https:\/\/www.mobilier-design-occasion.fr\/magazine\/wp-content\/uploads\/2022\/06\/15520006_115_vue1_1500x1500-768x768.jpg 768w, https:\/\/www.mobilier-design-occasion.fr\/magazine\/wp-content\/uploads\/2022\/06\/15520006_115_vue1_1500x1500-810x810.jpg 810w, https:\/\/www.mobilier-design-occasion.fr\/magazine\/wp-content\/uploads\/2022\/06\/15520006_115_vue1_1500x1500-1140x1140.jpg 1140w, https:\/\/www.mobilier-design-occasion.fr\/magazine\/wp-content\/uploads\/2022\/06\/15520006_115_vue1_1500x1500.jpg 1500w\" sizes=\"auto, (max-width: 1024px) 100vw, 1024px\" \/><\/a><figcaption>\u00a9Ligne Roset<\/figcaption><\/figure>\n<\/div>\n\n\n\n<div class=\"wp-block-column is-layout-flow wp-block-column-is-layout-flow\">\n<figure class=\"wp-block-image size-large\"><a href=\"https:\/\/track.effiliation.com\/servlet\/effi.redir?id_compteur=&amp;url=https%3A%2F%2Fwww.selency.fr%2Fsearch.html%3Fquery%3Dtogo\"><img loading=\"lazy\" decoding=\"async\" width=\"1024\" height=\"1024\" src=\"https:\/\/www.mobilier-design-occasion.fr\/magazine\/wp-content\/uploads\/2022\/06\/15420000_4490_vue1_1500x1500-1024x1024.jpg\" alt=\"\" class=\"wp-image-4795\" srcset=\"https:\/\/www.mobilier-design-occasion.fr\/magazine\/wp-content\/uploads\/2022\/06\/15420000_4490_vue1_1500x1500-1024x1024.jpg 1024w, https:\/\/www.mobilier-design-occasion.fr\/magazine\/wp-content\/uploads\/2022\/06\/15420000_4490_vue1_1500x1500-300x300.jpg 300w, https:\/\/www.mobilier-design-occasion.fr\/magazine\/wp-content\/uploads\/2022\/06\/15420000_4490_vue1_1500x1500-150x150.jpg 150w, https:\/\/www.mobilier-design-occasion.fr\/magazine\/wp-content\/uploads\/2022\/06\/15420000_4490_vue1_1500x1500-768x768.jpg 768w, https:\/\/www.mobilier-design-occasion.fr\/magazine\/wp-content\/uploads\/2022\/06\/15420000_4490_vue1_1500x1500-810x810.jpg 810w, https:\/\/www.mobilier-design-occasion.fr\/magazine\/wp-content\/uploads\/2022\/06\/15420000_4490_vue1_1500x1500-1140x1140.jpg 1140w, https:\/\/www.mobilier-design-occasion.fr\/magazine\/wp-content\/uploads\/2022\/06\/15420000_4490_vue1_1500x1500.jpg 1500w\" sizes=\"auto, (max-width: 1024px) 100vw, 1024px\" \/><\/a><figcaption>\u00a9Ligne Roset<\/figcaption><\/figure>\n<\/div>\n<\/div>\n\n\n\n<h2 class=\"wp-block-heading\"><span class=\"ez-toc-section\" id=\"Quelle_decoration_avec_un_fauteuil_Togo\"><\/span><strong>Quelle d\u00e9coration avec un fauteuil Togo<\/strong>?<span class=\"ez-toc-section-end\"><\/span><\/h2>\n\n\n\n<p>Un <a href=\"https:\/\/ideat.thegoodhub.com\/2021\/03\/11\/icone-togo-1973-le-canape-fripe-de-michel-ducaroy-na-pas-pris-une-ride\/\">fauteuil Togo<\/a> est une ic\u00f4ne du design depuis sa cr\u00e9ation en 1973 par Michel Ducaroy. Le fauteuil Togo s\u2019int\u00e8gre aussi bien dans <strong>un look vintage<\/strong> que dans un <strong>int\u00e9rieur moderne<\/strong>. <\/p>\n\n\n\n<p>De par son design unique et matelass\u00e9, ses nombreuses couleurs et son assise ultra confortable, le fauteuil Togo, qu\u2019il soit neuf ou d\u2019occasion, s\u2019adapte \u00e0 tous les styles.  Il suffit de marier sa couleur avec le mur, le <a href=\"https:\/\/www.mobilier-design-occasion.fr\/magazine\/pourquoi-adopter-un-tapis-en-jute-dans-son-salon\/\">tapis<\/a>, les meubles ou les objets de d\u00e9corations.<\/p>\n\n\n\n<div class=\"wp-block-columns is-layout-flex wp-container-core-columns-is-layout-9d6595d7 wp-block-columns-is-layout-flex\">\n<div class=\"wp-block-column is-layout-flow wp-block-column-is-layout-flow\">\n<figure class=\"wp-block-image size-full\"><img loading=\"lazy\" decoding=\"async\" width=\"564\" height=\"752\" src=\"https:\/\/www.mobilier-design-occasion.fr\/magazine\/wp-content\/uploads\/2022\/06\/c2e02319f4a5cd0f4d9469e589ac230b.jpg\" alt=\"\" class=\"wp-image-4798\" srcset=\"https:\/\/www.mobilier-design-occasion.fr\/magazine\/wp-content\/uploads\/2022\/06\/c2e02319f4a5cd0f4d9469e589ac230b.jpg 564w, https:\/\/www.mobilier-design-occasion.fr\/magazine\/wp-content\/uploads\/2022\/06\/c2e02319f4a5cd0f4d9469e589ac230b-225x300.jpg 225w\" sizes=\"auto, (max-width: 564px) 100vw, 564px\" \/><figcaption>Annette Hunse via Pinterest<\/figcaption><\/figure>\n<\/div>\n\n\n\n<div class=\"wp-block-column is-layout-flow wp-block-column-is-layout-flow\">\n<figure class=\"wp-block-image size-full\"><img loading=\"lazy\" decoding=\"async\" width=\"564\" height=\"846\" src=\"https:\/\/www.mobilier-design-occasion.fr\/magazine\/wp-content\/uploads\/2022\/06\/d0c966157bc70fe099d93c2d15e2d603.jpg\" alt=\"\" class=\"wp-image-4799\" srcset=\"https:\/\/www.mobilier-design-occasion.fr\/magazine\/wp-content\/uploads\/2022\/06\/d0c966157bc70fe099d93c2d15e2d603.jpg 564w, https:\/\/www.mobilier-design-occasion.fr\/magazine\/wp-content\/uploads\/2022\/06\/d0c966157bc70fe099d93c2d15e2d603-200x300.jpg 200w\" sizes=\"auto, (max-width: 564px) 100vw, 564px\" \/><figcaption>Brit+Co via Pinterest<\/figcaption><\/figure>\n<\/div>\n<\/div>\n\n\n\n<h2 class=\"wp-block-heading\"><span class=\"ez-toc-section\" id=\"Ou_puis-je_trouver_un_fauteuil_Togo_doccasion\"><\/span><strong>O\u00f9 puis-je trouver un fauteuil Togo d&#8217;occasion&nbsp;?<\/strong><span class=\"ez-toc-section-end\"><\/span><\/h2>\n\n\n\n<p>Vous aimeriez vous procurer un fauteuil Togo mais ne souhaitez pas d\u00e9penser tout votre budget dans l\u2019achat d\u2019un fauteuil Togo neuf&nbsp;? <\/p>\n\n\n\n<p>La seconde est votre solution! Optez pour un fauteuil Togo d\u2019occasion. Les brocantes et les vide-greniers sont les meilleures fa\u00e7ons de voir directement des articles d\u2019occasions. <\/p>\n\n\n\n<p>De plus en plus de sites de <a href=\"https:\/\/www.mobilier-design-occasion.fr\/magazine\/reussir-a-vendre-son-mobilier\/\">seconde main<\/a> voient le jour et proposent des produits authentiques et de qualit\u00e9. Pour trouver un fauteuil Togo d\u2019occasion, faites un petit tour sur le site <a href=\"http:\/\/www.mobilier-design-occasion.fr\">www.mobilier-design-occasion.fr<\/a>, &nbsp;sur <a href=\"https:\/\/track.effiliation.com\/servlet\/effi.redir?id_compteur=&amp;url=https%3A%2F%2Fwww.selency.fr%2Fsearch.html%3Fquery%3Dtogo\">www.selency.fr<\/a> ou \u00e9galement sur <a href=\"https:\/\/track.effiliation.com\/servlet\/effi.redir?id_compteur=22733111&amp;url=https%3A%2F%2Fwww.design-market.fr%2F\">www.design-market.fr<\/a> qui sont les <strong>3 grands sites de r\u00e9f\u00e9rence<\/strong> en mati\u00e8re de design de seconde main. Vous y trouverez divers fauteuils Togo avec un large choix de couleurs et des prix vari\u00e9s.<\/p>\n\n\n\n<h3 class=\"wp-block-heading\"><span class=\"ez-toc-section\" id=\"Combien_coute_un_fauteuil_Togo_doccasion\"><\/span><strong>Combien co\u00fbte un fauteuil Togo d&#8217;occasion ?<\/strong><span class=\"ez-toc-section-end\"><\/span><\/h3>\n\n\n\n<p>Un fauteuil Togo est un <strong>mod\u00e8le de designer<\/strong>, cela veut dire que son prix n\u2019est pas accessible \u00e0 tous les portefeuilles. <\/p>\n\n\n\n<p>Heureusement, de nos jours, nous avons la chance d&#8217;avoir acc\u00e8s beaucoup plus facilement \u00e0 la seconde main. Le march\u00e9 de la seconde main ne cesse de grandir, ce qui permet de s&#8217;offrir du <a href=\"https:\/\/www.mobilier-design-occasion.fr\/magazine\/test-avis-sur-la-redoute-interieurs-am-pm\/\">mobilier<\/a> design sans se ruiner et le fauteuil Togo en fait partie. <\/p>\n\n\n\n<p>Cependant, le prix d\u2019un fauteuil Togo, m\u00eame <a href=\"https:\/\/www.mobilier-design-occasion.fr\/magazine\/le-canape-togo-doccasion\/\">occasion<\/a>, reste assez \u00e9lev\u00e9, mais mieux vaut avoir un fauteuil Togo authentique \u00e0 une certaine valeur plut\u00f4t qu\u2019une contrefa\u00e7on peu couteuse dont la qualit\u00e9 n\u2019est pas au rendez-vous. <\/p>\n\n\n\n<p>Par exemple, sur Selency, le prix d\u2019un fauteuil Togo d\u2019occasion varie entre 1200\u20ac et 2700\u20ac.<\/p>\n\n\n\n<h2 class=\"wp-block-heading\"><span class=\"ez-toc-section\" id=\"Les_plus_beaux_fauteuils_Togo_doccasion\"><\/span><strong>Les plus beaux fauteuils Togo d&#8217;occasion<\/strong><span class=\"ez-toc-section-end\"><\/span><\/h2>\n\n\n\n<div class=\"wp-block-columns is-layout-flex wp-container-core-columns-is-layout-9d6595d7 wp-block-columns-is-layout-flex\">\n<div class=\"wp-block-column is-layout-flow wp-block-column-is-layout-flow\">\n<figure class=\"wp-block-image size-full is-resized\"><a href=\"https:\/\/www.selency.fr\/produit\/KDDG6EKG\/fauteuil-de-coin-togo-par-michel-ducaroy-pour-ligne-roset.html?utm_source=effinity_fr&amp;utm_medium=affiliation&amp;utm_campaign=1395109901&amp;eff_cpt=22605728\"><img loading=\"lazy\" decoding=\"async\" src=\"https:\/\/www.mobilier-design-occasion.fr\/magazine\/wp-content\/uploads\/2022\/06\/16.jpg\" alt=\"\" class=\"wp-image-4787\" width=\"284\" height=\"273\" srcset=\"https:\/\/www.mobilier-design-occasion.fr\/magazine\/wp-content\/uploads\/2022\/06\/16.jpg 811w, https:\/\/www.mobilier-design-occasion.fr\/magazine\/wp-content\/uploads\/2022\/06\/16-300x289.jpg 300w, https:\/\/www.mobilier-design-occasion.fr\/magazine\/wp-content\/uploads\/2022\/06\/16-768x739.jpg 768w\" sizes=\"auto, (max-width: 284px) 100vw, 284px\" \/><\/a><\/figure>\n<\/div>\n\n\n\n<div class=\"wp-block-column is-layout-flow wp-block-column-is-layout-flow\">\n<figure class=\"wp-block-image size-full\"><a href=\"https:\/\/www.selency.fr\/produit\/QARPKTP5\/fauteuil-togo-ligne-roset-vintage-liberty-noir-et-blanc.html?utm_source=effinity_fr&amp;utm_medium=affiliation&amp;utm_campaign=1395109901&amp;eff_cpt=22605728\"><img loading=\"lazy\" decoding=\"async\" width=\"814\" height=\"777\" src=\"https:\/\/www.mobilier-design-occasion.fr\/magazine\/wp-content\/uploads\/2022\/06\/17.jpg\" alt=\"\" class=\"wp-image-4788\" srcset=\"https:\/\/www.mobilier-design-occasion.fr\/magazine\/wp-content\/uploads\/2022\/06\/17.jpg 814w, https:\/\/www.mobilier-design-occasion.fr\/magazine\/wp-content\/uploads\/2022\/06\/17-300x286.jpg 300w, https:\/\/www.mobilier-design-occasion.fr\/magazine\/wp-content\/uploads\/2022\/06\/17-768x733.jpg 768w, https:\/\/www.mobilier-design-occasion.fr\/magazine\/wp-content\/uploads\/2022\/06\/17-810x773.jpg 810w\" sizes=\"auto, (max-width: 814px) 100vw, 814px\" \/><\/a><\/figure>\n<\/div>\n<\/div>\n\n\n\n<div class=\"wp-block-columns is-layout-flex wp-container-core-columns-is-layout-9d6595d7 wp-block-columns-is-layout-flex\">\n<div class=\"wp-block-column is-layout-flow wp-block-column-is-layout-flow\">\n<figure class=\"wp-block-image size-full\"><a href=\"https:\/\/www.selency.fr\/produit\/SG7VJCBU\/amchair-et-le-togo-ottoman-de-michel-ducaroy-pour-ligne-roset-cuir-vert-de-dubai.html?utm_source=effinity_fr&amp;utm_medium=affiliation&amp;utm_campaign=1395109901&amp;eff_cpt=22605728\"><img loading=\"lazy\" decoding=\"async\" width=\"806\" height=\"778\" src=\"https:\/\/www.mobilier-design-occasion.fr\/magazine\/wp-content\/uploads\/2022\/06\/18.jpg\" alt=\"\" class=\"wp-image-4790\" srcset=\"https:\/\/www.mobilier-design-occasion.fr\/magazine\/wp-content\/uploads\/2022\/06\/18.jpg 806w, https:\/\/www.mobilier-design-occasion.fr\/magazine\/wp-content\/uploads\/2022\/06\/18-300x290.jpg 300w, https:\/\/www.mobilier-design-occasion.fr\/magazine\/wp-content\/uploads\/2022\/06\/18-768x741.jpg 768w\" sizes=\"auto, (max-width: 806px) 100vw, 806px\" \/><\/a><\/figure>\n<\/div>\n\n\n\n<div class=\"wp-block-column is-layout-flow wp-block-column-is-layout-flow\">\n<figure class=\"wp-block-image size-full\"><a href=\"https:\/\/www.selency.fr\/produit\/YYKR4TVK\/fauteuil-togolais-de-michel-ducaroy-pour-ligne-roset-cuir-vert-de-dubai.html?utm_source=effinity_fr&amp;utm_medium=affiliation&amp;utm_campaign=1395109901&amp;eff_cpt=22605728\"><img loading=\"lazy\" decoding=\"async\" width=\"808\" height=\"778\" src=\"https:\/\/www.mobilier-design-occasion.fr\/magazine\/wp-content\/uploads\/2022\/06\/19.jpg\" alt=\"\" class=\"wp-image-4792\" srcset=\"https:\/\/www.mobilier-design-occasion.fr\/magazine\/wp-content\/uploads\/2022\/06\/19.jpg 808w, https:\/\/www.mobilier-design-occasion.fr\/magazine\/wp-content\/uploads\/2022\/06\/19-300x289.jpg 300w, https:\/\/www.mobilier-design-occasion.fr\/magazine\/wp-content\/uploads\/2022\/06\/19-768x739.jpg 768w\" sizes=\"auto, (max-width: 808px) 100vw, 808px\" \/><\/a><\/figure>\n<\/div>\n<\/div>\n\n\n\n<h2 class=\"wp-block-heading\"><span class=\"ez-toc-section\" id=\"Comment_puis-je_savoir_si_un_fauteuil_Togo_doccasion_est_authentique\"><\/span><strong>Comment puis-je savoir si un fauteuil Togo d&#8217;occasion est authentique ?<\/strong><span class=\"ez-toc-section-end\"><\/span><\/h2>\n\n\n\n<p>Depuis quelques temps, on voit de plus en plus de contrefa\u00e7ons du fauteuil Togo. Lorsque vous achetez un fauteuil Togo, surtout occasion, faites bien attention \u00e0 ces quelques d\u00e9tails&nbsp;:<\/p>\n\n\n\n<ul class=\"wp-block-list\"><li>A premi\u00e8re vue, une fauteuil Togo contrefait ne respecte pas les dimensions tr\u00e8s pr\u00e9cis et inchang\u00e9s du fabricant.<\/li><li>La finition d\u2019un fauteuil Togo contrefait n\u2019est pas tr\u00e8s net.<\/li><li>La qualit\u00e9 des mati\u00e8res utilis\u00e9es n\u2019est pas similaire \u00e0 la qualit\u00e9 des mat\u00e9riaux authentiques, la qualit\u00e9 de la couture n\u2019est pas non plus au rendez-vous.<\/li><li>Un fauteuil authentique poss\u00e8de une \u00e9tiquette du fabricant avec au recto \u00ab&nbsp;LIGNE ROSET&nbsp;\u00bb \u00e9crit blanc sur noir et au verso \u00ab&nbsp;Made in France&nbsp;\u00bb.<\/li><li>Le prix est un indice irr\u00e9futable, il faut savoir qu\u2019un fauteuil Togo est un article de designer, son prix est donc un peu \u00e9lev\u00e9, alors si vous voyez un fauteuil Togo \u00e0 bas prix, il faut quand m\u00eame vous m\u00e9fier.<\/li><\/ul>\n\n\n\n<figure class=\"wp-block-embed is-type-video is-provider-youtube wp-block-embed-youtube wp-embed-aspect-16-9 wp-has-aspect-ratio\"><div class=\"wp-block-embed__wrapper\">\n<iframe loading=\"lazy\" title=\"Hommage au canap\u00e9 Togo de Michel Ducaroy qui f\u00eate ses 40 ans en 2013\" width=\"810\" height=\"456\" src=\"https:\/\/www.youtube.com\/embed\/KrESiRCR9ko?feature=oembed\" frameborder=\"0\" allow=\"accelerometer; autoplay; clipboard-write; encrypted-media; gyroscope; picture-in-picture\" allowfullscreen><\/iframe>\n<\/div><\/figure>\n\n\n\n<h3 class=\"wp-block-heading\"><span class=\"ez-toc-section\" id=\"Comment_entretenir_un_fauteuil_Togo\"><\/span><strong>Comment entretenir un fauteuil Togo&nbsp;?<\/strong><span class=\"ez-toc-section-end\"><\/span><\/h3>\n\n\n\n<p>L\u2019entretient d\u2019un fauteuil Togo d\u00e9pend de la mati\u00e8re utilis\u00e9e, en velours, en cuir ou en tissu d\u2019ameublement. Quel que soit la mati\u00e8re de votre fauteuil Togo, d\u00e9poussi\u00e9rez votre meuble de temps en temps. Pour les cuirs, laver avec un chiffon doux humidifi\u00e9 tous les six mois.<\/p>\n","protected":false},"excerpt":{"rendered":"<p>Qu&#8217;est-ce qu&#8217;un fauteuil Togo? Un fauteuil Togo est le fruit de l\u2019imagination du designer fran\u00e7ais Michel Ducaroy en pensant \u00e0 un \u00ab&nbsp;tube de dentifrice repli\u00e9 sur lui-m\u00eame&nbsp;\u00bb. Ce fauteuil au design unique et matelass\u00e9 est une pi\u00e8ce ind\u00e9modable depuis sa cr\u00e9ation en 1973. Quelles sont les dimensions d&#8217;un fauteuil Togo ? Les dimensions d\u2019un fauteuil [&hellip;]<\/p>\n","protected":false},"author":1,"featured_media":4801,"comment_status":"open","ping_status":"open","sticky":false,"template":"","format":"standard","meta":{"footnotes":""},"categories":[2],"tags":[],"class_list":["post-4710","post","type-post","status-publish","format-standard","has-post-thumbnail","hentry","category-tendances"],"yoast_head":"<!-- This site is optimized with the Yoast SEO plugin v27.5 - https:\/\/yoast.com\/product\/yoast-seo-wordpress\/ -->\n<title>Le fauteuil Togo d&#039;occasion - Mobilier Design Magazine<\/title>\n<meta name=\"robots\" content=\"index, follow, max-snippet:-1, max-image-preview:large, max-video-preview:-1\" \/>\n<link rel=\"canonical\" href=\"https:\/\/www.mobilier-design-occasion.fr\/magazine\/le-fauteuil-togo-doccasion\/\" \/>\n<meta property=\"og:locale\" content=\"fr_FR\" \/>\n<meta property=\"og:type\" content=\"article\" \/>\n<meta property=\"og:title\" content=\"Le fauteuil Togo d&#039;occasion - Mobilier Design Magazine\" \/>\n<meta property=\"og:description\" content=\"Qu&#8217;est-ce qu&#8217;un fauteuil Togo? Un fauteuil Togo est le fruit de l\u2019imagination du designer fran\u00e7ais Michel Ducaroy en pensant \u00e0 un \u00ab&nbsp;tube de dentifrice repli\u00e9 sur lui-m\u00eame&nbsp;\u00bb. Ce fauteuil au design unique et matelass\u00e9 est une pi\u00e8ce ind\u00e9modable depuis sa cr\u00e9ation en 1973. Quelles sont les dimensions d&#8217;un fauteuil Togo ? Les dimensions d\u2019un fauteuil [&hellip;]\" \/>\n<meta property=\"og:url\" content=\"https:\/\/www.mobilier-design-occasion.fr\/magazine\/le-fauteuil-togo-doccasion\/\" \/>\n<meta property=\"og:site_name\" content=\"Mobilier Design Magazine\" \/>\n<meta property=\"article:publisher\" content=\"https:\/\/www.facebook.com\/mobilierdesignoccasion\" \/>\n<meta property=\"article:published_time\" content=\"2022-06-02T09:32:27+00:00\" \/>\n<meta property=\"article:modified_time\" content=\"2023-09-25T13:40:10+00:00\" \/>\n<meta property=\"og:image\" content=\"https:\/\/www.mobilier-design-occasion.fr\/magazine\/wp-content\/uploads\/2022\/06\/c8adf3566fd9abf8cf73d12cabd0d45c.jpg\" \/>\n\t<meta property=\"og:image:width\" content=\"564\" \/>\n\t<meta property=\"og:image:height\" content=\"704\" \/>\n\t<meta property=\"og:image:type\" content=\"image\/jpeg\" \/>\n<meta name=\"author\" content=\"Cyrielle Poirot\" \/>\n<meta name=\"twitter:card\" content=\"summary_large_image\" \/>\n<meta name=\"twitter:label1\" content=\"\u00c9crit par\" \/>\n\t<meta name=\"twitter:data1\" content=\"Cyrielle Poirot\" \/>\n\t<meta name=\"twitter:label2\" content=\"Dur\u00e9e de lecture estim\u00e9e\" \/>\n\t<meta name=\"twitter:data2\" content=\"5 minutes\" \/>\n<script type=\"application\/ld+json\" class=\"yoast-schema-graph\">{\"@context\":\"https:\\\/\\\/schema.org\",\"@graph\":[{\"@type\":\"Article\",\"@id\":\"https:\\\/\\\/www.mobilier-design-occasion.fr\\\/magazine\\\/le-fauteuil-togo-doccasion\\\/#article\",\"isPartOf\":{\"@id\":\"https:\\\/\\\/www.mobilier-design-occasion.fr\\\/magazine\\\/le-fauteuil-togo-doccasion\\\/\"},\"author\":{\"name\":\"Cyrielle Poirot\",\"@id\":\"https:\\\/\\\/www.mobilier-design-occasion.fr\\\/magazine\\\/#\\\/schema\\\/person\\\/5b2e5627a714ddadaaf8c9b886c55eff\"},\"headline\":\"Le fauteuil Togo d&#8217;occasion\",\"datePublished\":\"2022-06-02T09:32:27+00:00\",\"dateModified\":\"2023-09-25T13:40:10+00:00\",\"mainEntityOfPage\":{\"@id\":\"https:\\\/\\\/www.mobilier-design-occasion.fr\\\/magazine\\\/le-fauteuil-togo-doccasion\\\/\"},\"wordCount\":1031,\"commentCount\":0,\"publisher\":{\"@id\":\"https:\\\/\\\/www.mobilier-design-occasion.fr\\\/magazine\\\/#organization\"},\"image\":{\"@id\":\"https:\\\/\\\/www.mobilier-design-occasion.fr\\\/magazine\\\/le-fauteuil-togo-doccasion\\\/#primaryimage\"},\"thumbnailUrl\":\"https:\\\/\\\/www.mobilier-design-occasion.fr\\\/magazine\\\/wp-content\\\/uploads\\\/2022\\\/06\\\/c8adf3566fd9abf8cf73d12cabd0d45c.jpg\",\"articleSection\":[\"Tendances\"],\"inLanguage\":\"fr-FR\",\"potentialAction\":[{\"@type\":\"CommentAction\",\"name\":\"Comment\",\"target\":[\"https:\\\/\\\/www.mobilier-design-occasion.fr\\\/magazine\\\/le-fauteuil-togo-doccasion\\\/#respond\"]}]},{\"@type\":\"WebPage\",\"@id\":\"https:\\\/\\\/www.mobilier-design-occasion.fr\\\/magazine\\\/le-fauteuil-togo-doccasion\\\/\",\"url\":\"https:\\\/\\\/www.mobilier-design-occasion.fr\\\/magazine\\\/le-fauteuil-togo-doccasion\\\/\",\"name\":\"Le fauteuil Togo d'occasion - Mobilier Design Magazine\",\"isPartOf\":{\"@id\":\"https:\\\/\\\/www.mobilier-design-occasion.fr\\\/magazine\\\/#website\"},\"primaryImageOfPage\":{\"@id\":\"https:\\\/\\\/www.mobilier-design-occasion.fr\\\/magazine\\\/le-fauteuil-togo-doccasion\\\/#primaryimage\"},\"image\":{\"@id\":\"https:\\\/\\\/www.mobilier-design-occasion.fr\\\/magazine\\\/le-fauteuil-togo-doccasion\\\/#primaryimage\"},\"thumbnailUrl\":\"https:\\\/\\\/www.mobilier-design-occasion.fr\\\/magazine\\\/wp-content\\\/uploads\\\/2022\\\/06\\\/c8adf3566fd9abf8cf73d12cabd0d45c.jpg\",\"datePublished\":\"2022-06-02T09:32:27+00:00\",\"dateModified\":\"2023-09-25T13:40:10+00:00\",\"breadcrumb\":{\"@id\":\"https:\\\/\\\/www.mobilier-design-occasion.fr\\\/magazine\\\/le-fauteuil-togo-doccasion\\\/#breadcrumb\"},\"inLanguage\":\"fr-FR\",\"potentialAction\":[{\"@type\":\"ReadAction\",\"target\":[\"https:\\\/\\\/www.mobilier-design-occasion.fr\\\/magazine\\\/le-fauteuil-togo-doccasion\\\/\"]}]},{\"@type\":\"ImageObject\",\"inLanguage\":\"fr-FR\",\"@id\":\"https:\\\/\\\/www.mobilier-design-occasion.fr\\\/magazine\\\/le-fauteuil-togo-doccasion\\\/#primaryimage\",\"url\":\"https:\\\/\\\/www.mobilier-design-occasion.fr\\\/magazine\\\/wp-content\\\/uploads\\\/2022\\\/06\\\/c8adf3566fd9abf8cf73d12cabd0d45c.jpg\",\"contentUrl\":\"https:\\\/\\\/www.mobilier-design-occasion.fr\\\/magazine\\\/wp-content\\\/uploads\\\/2022\\\/06\\\/c8adf3566fd9abf8cf73d12cabd0d45c.jpg\",\"width\":564,\"height\":704},{\"@type\":\"BreadcrumbList\",\"@id\":\"https:\\\/\\\/www.mobilier-design-occasion.fr\\\/magazine\\\/le-fauteuil-togo-doccasion\\\/#breadcrumb\",\"itemListElement\":[{\"@type\":\"ListItem\",\"position\":1,\"name\":\"Accueil\",\"item\":\"https:\\\/\\\/www.mobilier-design-occasion.fr\\\/magazine\\\/\"},{\"@type\":\"ListItem\",\"position\":2,\"name\":\"Le fauteuil Togo d&rsquo;occasion\"}]},{\"@type\":\"WebSite\",\"@id\":\"https:\\\/\\\/www.mobilier-design-occasion.fr\\\/magazine\\\/#website\",\"url\":\"https:\\\/\\\/www.mobilier-design-occasion.fr\\\/magazine\\\/\",\"name\":\"Mobilier Design Magazine\",\"description\":\"\",\"publisher\":{\"@id\":\"https:\\\/\\\/www.mobilier-design-occasion.fr\\\/magazine\\\/#organization\"},\"potentialAction\":[{\"@type\":\"SearchAction\",\"target\":{\"@type\":\"EntryPoint\",\"urlTemplate\":\"https:\\\/\\\/www.mobilier-design-occasion.fr\\\/magazine\\\/?s={search_term_string}\"},\"query-input\":{\"@type\":\"PropertyValueSpecification\",\"valueRequired\":true,\"valueName\":\"search_term_string\"}}],\"inLanguage\":\"fr-FR\"},{\"@type\":\"Organization\",\"@id\":\"https:\\\/\\\/www.mobilier-design-occasion.fr\\\/magazine\\\/#organization\",\"name\":\"Mobilier Design Magazine\",\"url\":\"https:\\\/\\\/www.mobilier-design-occasion.fr\\\/magazine\\\/\",\"logo\":{\"@type\":\"ImageObject\",\"inLanguage\":\"fr-FR\",\"@id\":\"https:\\\/\\\/www.mobilier-design-occasion.fr\\\/magazine\\\/#\\\/schema\\\/logo\\\/image\\\/\",\"url\":\"https:\\\/\\\/www.mobilier-design-occasion.fr\\\/magazine\\\/wp-content\\\/uploads\\\/2024\\\/02\\\/android-chrome-192x192-1.png\",\"contentUrl\":\"https:\\\/\\\/www.mobilier-design-occasion.fr\\\/magazine\\\/wp-content\\\/uploads\\\/2024\\\/02\\\/android-chrome-192x192-1.png\",\"width\":192,\"height\":192,\"caption\":\"Mobilier Design Magazine\"},\"image\":{\"@id\":\"https:\\\/\\\/www.mobilier-design-occasion.fr\\\/magazine\\\/#\\\/schema\\\/logo\\\/image\\\/\"},\"sameAs\":[\"https:\\\/\\\/www.facebook.com\\\/mobilierdesignoccasion\"]},{\"@type\":\"Person\",\"@id\":\"https:\\\/\\\/www.mobilier-design-occasion.fr\\\/magazine\\\/#\\\/schema\\\/person\\\/5b2e5627a714ddadaaf8c9b886c55eff\",\"name\":\"Cyrielle Poirot\",\"image\":{\"@type\":\"ImageObject\",\"inLanguage\":\"fr-FR\",\"@id\":\"https:\\\/\\\/secure.gravatar.com\\\/avatar\\\/c8d2674e093b06894d8d1dc468b626bd752523471f3ac6e75f7c7a1400d40b4d?s=96&d=mm&r=g\",\"url\":\"https:\\\/\\\/secure.gravatar.com\\\/avatar\\\/c8d2674e093b06894d8d1dc468b626bd752523471f3ac6e75f7c7a1400d40b4d?s=96&d=mm&r=g\",\"contentUrl\":\"https:\\\/\\\/secure.gravatar.com\\\/avatar\\\/c8d2674e093b06894d8d1dc468b626bd752523471f3ac6e75f7c7a1400d40b4d?s=96&d=mm&r=g\",\"caption\":\"Cyrielle Poirot\"},\"description\":\"Cyrielle est passionn\u00e9e par la d\u00e9coration d'int\u00e9rieur et s'est sp\u00e9cialis\u00e9e depuis quelques ann\u00e9es dans l'\u00e9dition du site Mobilier-Design, avec une touche sp\u00e9cifique pour les produits d'occasion.\",\"sameAs\":[\"https:\\\/\\\/www.mobilier-design-occasion.fr\\\/magazine\"],\"url\":\"https:\\\/\\\/www.mobilier-design-occasion.fr\\\/magazine\\\/author\\\/cyrielle\\\/\"}]}<\/script>\n<!-- \/ Yoast SEO plugin. -->","yoast_head_json":{"title":"Le fauteuil Togo d'occasion - Mobilier Design Magazine","robots":{"index":"index","follow":"follow","max-snippet":"max-snippet:-1","max-image-preview":"max-image-preview:large","max-video-preview":"max-video-preview:-1"},"canonical":"https:\/\/www.mobilier-design-occasion.fr\/magazine\/le-fauteuil-togo-doccasion\/","og_locale":"fr_FR","og_type":"article","og_title":"Le fauteuil Togo d'occasion - Mobilier Design Magazine","og_description":"Qu&#8217;est-ce qu&#8217;un fauteuil Togo? Un fauteuil Togo est le fruit de l\u2019imagination du designer fran\u00e7ais Michel Ducaroy en pensant \u00e0 un \u00ab&nbsp;tube de dentifrice repli\u00e9 sur lui-m\u00eame&nbsp;\u00bb. Ce fauteuil au design unique et matelass\u00e9 est une pi\u00e8ce ind\u00e9modable depuis sa cr\u00e9ation en 1973. Quelles sont les dimensions d&#8217;un fauteuil Togo ? Les dimensions d\u2019un fauteuil [&hellip;]","og_url":"https:\/\/www.mobilier-design-occasion.fr\/magazine\/le-fauteuil-togo-doccasion\/","og_site_name":"Mobilier Design Magazine","article_publisher":"https:\/\/www.facebook.com\/mobilierdesignoccasion","article_published_time":"2022-06-02T09:32:27+00:00","article_modified_time":"2023-09-25T13:40:10+00:00","og_image":[{"width":564,"height":704,"url":"https:\/\/www.mobilier-design-occasion.fr\/magazine\/wp-content\/uploads\/2022\/06\/c8adf3566fd9abf8cf73d12cabd0d45c.jpg","type":"image\/jpeg"}],"author":"Cyrielle Poirot","twitter_card":"summary_large_image","twitter_misc":{"\u00c9crit par":"Cyrielle Poirot","Dur\u00e9e de lecture estim\u00e9e":"5 minutes"},"schema":{"@context":"https:\/\/schema.org","@graph":[{"@type":"Article","@id":"https:\/\/www.mobilier-design-occasion.fr\/magazine\/le-fauteuil-togo-doccasion\/#article","isPartOf":{"@id":"https:\/\/www.mobilier-design-occasion.fr\/magazine\/le-fauteuil-togo-doccasion\/"},"author":{"name":"Cyrielle Poirot","@id":"https:\/\/www.mobilier-design-occasion.fr\/magazine\/#\/schema\/person\/5b2e5627a714ddadaaf8c9b886c55eff"},"headline":"Le fauteuil Togo d&#8217;occasion","datePublished":"2022-06-02T09:32:27+00:00","dateModified":"2023-09-25T13:40:10+00:00","mainEntityOfPage":{"@id":"https:\/\/www.mobilier-design-occasion.fr\/magazine\/le-fauteuil-togo-doccasion\/"},"wordCount":1031,"commentCount":0,"publisher":{"@id":"https:\/\/www.mobilier-design-occasion.fr\/magazine\/#organization"},"image":{"@id":"https:\/\/www.mobilier-design-occasion.fr\/magazine\/le-fauteuil-togo-doccasion\/#primaryimage"},"thumbnailUrl":"https:\/\/www.mobilier-design-occasion.fr\/magazine\/wp-content\/uploads\/2022\/06\/c8adf3566fd9abf8cf73d12cabd0d45c.jpg","articleSection":["Tendances"],"inLanguage":"fr-FR","potentialAction":[{"@type":"CommentAction","name":"Comment","target":["https:\/\/www.mobilier-design-occasion.fr\/magazine\/le-fauteuil-togo-doccasion\/#respond"]}]},{"@type":"WebPage","@id":"https:\/\/www.mobilier-design-occasion.fr\/magazine\/le-fauteuil-togo-doccasion\/","url":"https:\/\/www.mobilier-design-occasion.fr\/magazine\/le-fauteuil-togo-doccasion\/","name":"Le fauteuil Togo d'occasion - Mobilier Design Magazine","isPartOf":{"@id":"https:\/\/www.mobilier-design-occasion.fr\/magazine\/#website"},"primaryImageOfPage":{"@id":"https:\/\/www.mobilier-design-occasion.fr\/magazine\/le-fauteuil-togo-doccasion\/#primaryimage"},"image":{"@id":"https:\/\/www.mobilier-design-occasion.fr\/magazine\/le-fauteuil-togo-doccasion\/#primaryimage"},"thumbnailUrl":"https:\/\/www.mobilier-design-occasion.fr\/magazine\/wp-content\/uploads\/2022\/06\/c8adf3566fd9abf8cf73d12cabd0d45c.jpg","datePublished":"2022-06-02T09:32:27+00:00","dateModified":"2023-09-25T13:40:10+00:00","breadcrumb":{"@id":"https:\/\/www.mobilier-design-occasion.fr\/magazine\/le-fauteuil-togo-doccasion\/#breadcrumb"},"inLanguage":"fr-FR","potentialAction":[{"@type":"ReadAction","target":["https:\/\/www.mobilier-design-occasion.fr\/magazine\/le-fauteuil-togo-doccasion\/"]}]},{"@type":"ImageObject","inLanguage":"fr-FR","@id":"https:\/\/www.mobilier-design-occasion.fr\/magazine\/le-fauteuil-togo-doccasion\/#primaryimage","url":"https:\/\/www.mobilier-design-occasion.fr\/magazine\/wp-content\/uploads\/2022\/06\/c8adf3566fd9abf8cf73d12cabd0d45c.jpg","contentUrl":"https:\/\/www.mobilier-design-occasion.fr\/magazine\/wp-content\/uploads\/2022\/06\/c8adf3566fd9abf8cf73d12cabd0d45c.jpg","width":564,"height":704},{"@type":"BreadcrumbList","@id":"https:\/\/www.mobilier-design-occasion.fr\/magazine\/le-fauteuil-togo-doccasion\/#breadcrumb","itemListElement":[{"@type":"ListItem","position":1,"name":"Accueil","item":"https:\/\/www.mobilier-design-occasion.fr\/magazine\/"},{"@type":"ListItem","position":2,"name":"Le fauteuil Togo d&rsquo;occasion"}]},{"@type":"WebSite","@id":"https:\/\/www.mobilier-design-occasion.fr\/magazine\/#website","url":"https:\/\/www.mobilier-design-occasion.fr\/magazine\/","name":"Mobilier Design Magazine","description":"","publisher":{"@id":"https:\/\/www.mobilier-design-occasion.fr\/magazine\/#organization"},"potentialAction":[{"@type":"SearchAction","target":{"@type":"EntryPoint","urlTemplate":"https:\/\/www.mobilier-design-occasion.fr\/magazine\/?s={search_term_string}"},"query-input":{"@type":"PropertyValueSpecification","valueRequired":true,"valueName":"search_term_string"}}],"inLanguage":"fr-FR"},{"@type":"Organization","@id":"https:\/\/www.mobilier-design-occasion.fr\/magazine\/#organization","name":"Mobilier Design Magazine","url":"https:\/\/www.mobilier-design-occasion.fr\/magazine\/","logo":{"@type":"ImageObject","inLanguage":"fr-FR","@id":"https:\/\/www.mobilier-design-occasion.fr\/magazine\/#\/schema\/logo\/image\/","url":"https:\/\/www.mobilier-design-occasion.fr\/magazine\/wp-content\/uploads\/2024\/02\/android-chrome-192x192-1.png","contentUrl":"https:\/\/www.mobilier-design-occasion.fr\/magazine\/wp-content\/uploads\/2024\/02\/android-chrome-192x192-1.png","width":192,"height":192,"caption":"Mobilier Design Magazine"},"image":{"@id":"https:\/\/www.mobilier-design-occasion.fr\/magazine\/#\/schema\/logo\/image\/"},"sameAs":["https:\/\/www.facebook.com\/mobilierdesignoccasion"]},{"@type":"Person","@id":"https:\/\/www.mobilier-design-occasion.fr\/magazine\/#\/schema\/person\/5b2e5627a714ddadaaf8c9b886c55eff","name":"Cyrielle Poirot","image":{"@type":"ImageObject","inLanguage":"fr-FR","@id":"https:\/\/secure.gravatar.com\/avatar\/c8d2674e093b06894d8d1dc468b626bd752523471f3ac6e75f7c7a1400d40b4d?s=96&d=mm&r=g","url":"https:\/\/secure.gravatar.com\/avatar\/c8d2674e093b06894d8d1dc468b626bd752523471f3ac6e75f7c7a1400d40b4d?s=96&d=mm&r=g","contentUrl":"https:\/\/secure.gravatar.com\/avatar\/c8d2674e093b06894d8d1dc468b626bd752523471f3ac6e75f7c7a1400d40b4d?s=96&d=mm&r=g","caption":"Cyrielle Poirot"},"description":"Cyrielle est passionn\u00e9e par la d\u00e9coration d'int\u00e9rieur et s'est sp\u00e9cialis\u00e9e depuis quelques ann\u00e9es dans l'\u00e9dition du site Mobilier-Design, avec une touche sp\u00e9cifique pour les produits d'occasion.","sameAs":["https:\/\/www.mobilier-design-occasion.fr\/magazine"],"url":"https:\/\/www.mobilier-design-occasion.fr\/magazine\/author\/cyrielle\/"}]}},"_links":{"self":[{"href":"https:\/\/www.mobilier-design-occasion.fr\/magazine\/wp-json\/wp\/v2\/posts\/4710","targetHints":{"allow":["GET"]}}],"collection":[{"href":"https:\/\/www.mobilier-design-occasion.fr\/magazine\/wp-json\/wp\/v2\/posts"}],"about":[{"href":"https:\/\/www.mobilier-design-occasion.fr\/magazine\/wp-json\/wp\/v2\/types\/post"}],"author":[{"embeddable":true,"href":"https:\/\/www.mobilier-design-occasion.fr\/magazine\/wp-json\/wp\/v2\/users\/1"}],"replies":[{"embeddable":true,"href":"https:\/\/www.mobilier-design-occasion.fr\/magazine\/wp-json\/wp\/v2\/comments?post=4710"}],"version-history":[{"count":12,"href":"https:\/\/www.mobilier-design-occasion.fr\/magazine\/wp-json\/wp\/v2\/posts\/4710\/revisions"}],"predecessor-version":[{"id":4836,"href":"https:\/\/www.mobilier-design-occasion.fr\/magazine\/wp-json\/wp\/v2\/posts\/4710\/revisions\/4836"}],"wp:featuredmedia":[{"embeddable":true,"href":"https:\/\/www.mobilier-design-occasion.fr\/magazine\/wp-json\/wp\/v2\/media\/4801"}],"wp:attachment":[{"href":"https:\/\/www.mobilier-design-occasion.fr\/magazine\/wp-json\/wp\/v2\/media?parent=4710"}],"wp:term":[{"taxonomy":"category","embeddable":true,"href":"https:\/\/www.mobilier-design-occasion.fr\/magazine\/wp-json\/wp\/v2\/categories?post=4710"},{"taxonomy":"post_tag","embeddable":true,"href":"https:\/\/www.mobilier-design-occasion.fr\/magazine\/wp-json\/wp\/v2\/tags?post=4710"}],"curies":[{"name":"wp","href":"https:\/\/api.w.org\/{rel}","templated":true}]}}