{"id":4707,"date":"2022-06-01T10:08:41","date_gmt":"2022-06-01T10:08:41","guid":{"rendered":"https:\/\/www.mobilier-design-occasion.fr\/magazine\/?p=4707"},"modified":"2023-09-25T13:40:10","modified_gmt":"2023-09-25T13:40:10","slug":"le-canape-togo-doccasion","status":"publish","type":"post","link":"https:\/\/www.mobilier-design-occasion.fr\/magazine\/le-canape-togo-doccasion\/","title":{"rendered":"Le canap\u00e9 Togo d&#8217;occasion"},"content":{"rendered":"\n<h2 class=\"wp-block-heading\"><span class=\"ez-toc-section\" id=\"Histoire_du_canape_Togo\"><\/span><strong>Histoire du canap\u00e9 Togo<\/strong><span class=\"ez-toc-section-end\"><\/span><\/h2><div id=\"ez-toc-container\" class=\"ez-toc-v2_0_82_2 counter-hierarchy ez-toc-counter ez-toc-grey ez-toc-container-direction\">\n<div class=\"ez-toc-title-container\">\n<span class=\"ez-toc-title-toggle\"><a href=\"#\" class=\"ez-toc-pull-right ez-toc-btn ez-toc-btn-xs ez-toc-btn-default ez-toc-toggle\" aria-label=\"Toggle Table of Content\"><span class=\"ez-toc-js-icon-con\"><span class=\"\"><span class=\"eztoc-hide\" style=\"display:none;\">Toggle<\/span><span class=\"ez-toc-icon-toggle-span\"><svg style=\"fill: #999;color:#999\" xmlns=\"http:\/\/www.w3.org\/2000\/svg\" class=\"list-377408\" width=\"20px\" height=\"20px\" viewBox=\"0 0 24 24\" fill=\"none\"><path d=\"M6 6H4v2h2V6zm14 0H8v2h12V6zM4 11h2v2H4v-2zm16 0H8v2h12v-2zM4 16h2v2H4v-2zm16 0H8v2h12v-2z\" fill=\"currentColor\"><\/path><\/svg><svg style=\"fill: #999;color:#999\" class=\"arrow-unsorted-368013\" xmlns=\"http:\/\/www.w3.org\/2000\/svg\" width=\"10px\" height=\"10px\" viewBox=\"0 0 24 24\" version=\"1.2\" baseProfile=\"tiny\"><path d=\"M18.2 9.3l-6.2-6.3-6.2 6.3c-.2.2-.3.4-.3.7s.1.5.3.7c.2.2.4.3.7.3h11c.3 0 .5-.1.7-.3.2-.2.3-.5.3-.7s-.1-.5-.3-.7zM5.8 14.7l6.2 6.3 6.2-6.3c.2-.2.3-.5.3-.7s-.1-.5-.3-.7c-.2-.2-.4-.3-.7-.3h-11c-.3 0-.5.1-.7.3-.2.2-.3.5-.3.7s.1.5.3.7z\"\/><\/svg><\/span><\/span><\/span><\/a><\/span><\/div>\n<nav><ul class='ez-toc-list ez-toc-list-level-1 eztoc-toggle-hide-by-default' ><li class='ez-toc-page-1 ez-toc-heading-level-2'><a class=\"ez-toc-link ez-toc-heading-1\" href=\"https:\/\/www.mobilier-design-occasion.fr\/magazine\/le-canape-togo-doccasion\/#Histoire_du_canape_Togo\" >Histoire du canap\u00e9 Togo<\/a><\/li><li class='ez-toc-page-1 ez-toc-heading-level-2'><a class=\"ez-toc-link ez-toc-heading-2\" href=\"https:\/\/www.mobilier-design-occasion.fr\/magazine\/le-canape-togo-doccasion\/#Comment_inserer_le_canape_Togo_dans_sa_decoration\" >Comment ins\u00e9rer le canap\u00e9 Togo dans sa d\u00e9coration&nbsp;?<\/a><ul class='ez-toc-list-level-3' ><li class='ez-toc-heading-level-3'><a class=\"ez-toc-link ez-toc-heading-3\" href=\"https:\/\/www.mobilier-design-occasion.fr\/magazine\/le-canape-togo-doccasion\/#Quels_sont_les_dimensions_dun_canape_Togo\" >Quels sont les dimensions d\u2019un canap\u00e9 Togo&nbsp;?<\/a><\/li><li class='ez-toc-page-1 ez-toc-heading-level-3'><a class=\"ez-toc-link ez-toc-heading-4\" href=\"https:\/\/www.mobilier-design-occasion.fr\/magazine\/le-canape-togo-doccasion\/#Quelle_est_la_matiere_du_canape_Togo\" >Quelle est la mati\u00e8re du canap\u00e9 Togo?<\/a><\/li><li class='ez-toc-page-1 ez-toc-heading-level-3'><a class=\"ez-toc-link ez-toc-heading-5\" href=\"https:\/\/www.mobilier-design-occasion.fr\/magazine\/le-canape-togo-doccasion\/#Quelle_matiere_recouvre_le_canape_Togo\" >Quelle mati\u00e8re recouvre le canap\u00e9 Togo&nbsp;?<\/a><\/li><\/ul><\/li><li class='ez-toc-page-1 ez-toc-heading-level-2'><a class=\"ez-toc-link ez-toc-heading-6\" href=\"https:\/\/www.mobilier-design-occasion.fr\/magazine\/le-canape-togo-doccasion\/#Ou_acheter_un_canape_Togo_doccasion\" >O\u00f9 acheter un canap\u00e9 Togo d\u2019occasion&nbsp;?<\/a><ul class='ez-toc-list-level-3' ><li class='ez-toc-heading-level-3'><a class=\"ez-toc-link ez-toc-heading-7\" href=\"https:\/\/www.mobilier-design-occasion.fr\/magazine\/le-canape-togo-doccasion\/#Les_meilleurs_modeles_de_canapes_Togo_doccasion\" >Les meilleurs mod\u00e8les de canap\u00e9s Togo d&#8217;occasion<\/a><\/li><\/ul><\/li><li class='ez-toc-page-1 ez-toc-heading-level-2'><a class=\"ez-toc-link ez-toc-heading-8\" href=\"https:\/\/www.mobilier-design-occasion.fr\/magazine\/le-canape-togo-doccasion\/#Comment_reconnaitre_un_vrai_canape_Togo_lorsquil_est_doccasion\" >Comment reconna\u00eetre un vrai canap\u00e9 Togo lorsqu\u2019il est d&#8217;occasion&nbsp;?<\/a><\/li><li class='ez-toc-page-1 ez-toc-heading-level-2'><a class=\"ez-toc-link ez-toc-heading-9\" href=\"https:\/\/www.mobilier-design-occasion.fr\/magazine\/le-canape-togo-doccasion\/#Pourquoi_acheter_un_canape_Togo_doccasion\" >Pourquoi acheter un canap\u00e9 Togo d&#8217;occasion?<\/a><ul class='ez-toc-list-level-3' ><li class='ez-toc-heading-level-3'><a class=\"ez-toc-link ez-toc-heading-10\" href=\"https:\/\/www.mobilier-design-occasion.fr\/magazine\/le-canape-togo-doccasion\/#Le_prix\" >Le prix<\/a><\/li><li class='ez-toc-page-1 ez-toc-heading-level-3'><a class=\"ez-toc-link ez-toc-heading-11\" href=\"https:\/\/www.mobilier-design-occasion.fr\/magazine\/le-canape-togo-doccasion\/#La_marque\" >La marque<\/a><\/li><li class='ez-toc-page-1 ez-toc-heading-level-3'><a class=\"ez-toc-link ez-toc-heading-12\" href=\"https:\/\/www.mobilier-design-occasion.fr\/magazine\/le-canape-togo-doccasion\/#La_qualite\" >La qualit\u00e9<\/a><\/li><\/ul><\/li><\/ul><\/nav><\/div>\n\n\n\n\n<p>C\u2019est le designer fran\u00e7ais Michel Ducaroy qui a cr\u00e9\u00e9 le fameux <a href=\"https:\/\/www.mobilier-design-occasion.fr\/magazine\/test-avis-sur-poltronesofa\/\">canap\u00e9<\/a> Togo. Michel Ducaroy entre chez Ligne Roset en 1960 et pendant vingt-six ans, il \u00e9tait \u00e0 la t\u00eate du d\u00e9partement <a href=\"https:\/\/www.mobilier-design-occasion.fr\/magazine\/table-tulipe-knoll-indemodable-du-design\/\">design<\/a> du fabricant fran\u00e7ais. <\/p>\n\n\n\n<p>Le designer cr\u00e9e de nombreux si\u00e8ges et parmi eux figure \u00ab&nbsp;Togo&nbsp;\u00bb, cr\u00e9\u00e9 en 1973 mais toujours dans le catalogue de Ligne Roset \u00e0 l&#8217;heure actuelle. <\/p>\n\n\n\n<p>Ind\u00e9tr\u00f4nable il passe les tendances et reste toujours n.1 dans les int\u00e9rieurs modernes. Le canap\u00e9 Togo a re\u00e7u le prix Ren\u00e9-Gabriel pour son design avant-gardiste malgr\u00e9 le m\u00e9contentement des professionnels de la d\u00e9coration de l&#8217;\u00e9poque. <\/p>\n\n\n\n<h2 class=\"wp-block-heading\"><span class=\"ez-toc-section\" id=\"Comment_inserer_le_canape_Togo_dans_sa_decoration\"><\/span><strong>Comment ins\u00e9rer le canap\u00e9 Togo dans sa d\u00e9coration&nbsp;?<\/strong><span class=\"ez-toc-section-end\"><\/span><\/h2>\n\n\n\n<div class=\"wp-block-columns is-layout-flex wp-container-core-columns-is-layout-9d6595d7 wp-block-columns-is-layout-flex\">\n<div class=\"wp-block-column is-layout-flow wp-block-column-is-layout-flow\">\n<figure class=\"wp-block-image size-large\"><img loading=\"lazy\" decoding=\"async\" width=\"1024\" height=\"1024\" src=\"https:\/\/www.mobilier-design-occasion.fr\/magazine\/wp-content\/uploads\/2022\/05\/1005mq_1848x1848-1024x1024.jpg\" alt=\"\" class=\"wp-image-4732\" srcset=\"https:\/\/www.mobilier-design-occasion.fr\/magazine\/wp-content\/uploads\/2022\/05\/1005mq_1848x1848-1024x1024.jpg 1024w, https:\/\/www.mobilier-design-occasion.fr\/magazine\/wp-content\/uploads\/2022\/05\/1005mq_1848x1848-300x300.jpg 300w, https:\/\/www.mobilier-design-occasion.fr\/magazine\/wp-content\/uploads\/2022\/05\/1005mq_1848x1848-150x150.jpg 150w, https:\/\/www.mobilier-design-occasion.fr\/magazine\/wp-content\/uploads\/2022\/05\/1005mq_1848x1848-768x768.jpg 768w, https:\/\/www.mobilier-design-occasion.fr\/magazine\/wp-content\/uploads\/2022\/05\/1005mq_1848x1848-1536x1536.jpg 1536w, https:\/\/www.mobilier-design-occasion.fr\/magazine\/wp-content\/uploads\/2022\/05\/1005mq_1848x1848-810x810.jpg 810w, https:\/\/www.mobilier-design-occasion.fr\/magazine\/wp-content\/uploads\/2022\/05\/1005mq_1848x1848-1140x1140.jpg 1140w, https:\/\/www.mobilier-design-occasion.fr\/magazine\/wp-content\/uploads\/2022\/05\/1005mq_1848x1848.jpg 1848w\" sizes=\"auto, (max-width: 1024px) 100vw, 1024px\" \/><figcaption>\u00a9Ligne Roset<\/figcaption><\/figure>\n<\/div>\n\n\n\n<div class=\"wp-block-column is-layout-flow wp-block-column-is-layout-flow\">\n<figure class=\"wp-block-image size-large\"><img loading=\"lazy\" decoding=\"async\" width=\"1024\" height=\"1024\" src=\"https:\/\/www.mobilier-design-occasion.fr\/magazine\/wp-content\/uploads\/2022\/05\/00qou_c03_2000x2000-1024x1024.jpg\" alt=\"\" class=\"wp-image-4733\" srcset=\"https:\/\/www.mobilier-design-occasion.fr\/magazine\/wp-content\/uploads\/2022\/05\/00qou_c03_2000x2000-1024x1024.jpg 1024w, https:\/\/www.mobilier-design-occasion.fr\/magazine\/wp-content\/uploads\/2022\/05\/00qou_c03_2000x2000-300x300.jpg 300w, https:\/\/www.mobilier-design-occasion.fr\/magazine\/wp-content\/uploads\/2022\/05\/00qou_c03_2000x2000-150x150.jpg 150w, https:\/\/www.mobilier-design-occasion.fr\/magazine\/wp-content\/uploads\/2022\/05\/00qou_c03_2000x2000-768x768.jpg 768w, https:\/\/www.mobilier-design-occasion.fr\/magazine\/wp-content\/uploads\/2022\/05\/00qou_c03_2000x2000-1536x1536.jpg 1536w, https:\/\/www.mobilier-design-occasion.fr\/magazine\/wp-content\/uploads\/2022\/05\/00qou_c03_2000x2000-810x810.jpg 810w, https:\/\/www.mobilier-design-occasion.fr\/magazine\/wp-content\/uploads\/2022\/05\/00qou_c03_2000x2000-1140x1140.jpg 1140w, https:\/\/www.mobilier-design-occasion.fr\/magazine\/wp-content\/uploads\/2022\/05\/00qou_c03_2000x2000.jpg 2000w\" sizes=\"auto, (max-width: 1024px) 100vw, 1024px\" \/><figcaption>\u00a9Ligne Roset<\/figcaption><\/figure>\n<\/div>\n<\/div>\n\n\n\n<p>Le canap\u00e9 cocooning Togo est un mod\u00e8le de canap\u00e9 ind\u00e9modable depuis presque 50 ans. Le canap\u00e9 Togo s&#8217;int\u00e8gre aussi bien dans une pi\u00e8ce au style contemporain que dans un look vintage. <\/p>\n\n\n\n<p>Vous pouvez l\u2019adopter dans une atmosph\u00e8re boh\u00e8me avec un c\u00f4t\u00e9 chic ou dans une ambiance revisit\u00e9e des ann\u00e9es 1970. Pour dire qu\u2019un canap\u00e9 Togo s\u2019accorde avec tous les styles possibles, il suffit simplement de marier sa couleur avec votre d\u00e9co.<\/p>\n\n\n\n<h3 class=\"wp-block-heading\"><span class=\"ez-toc-section\" id=\"Quels_sont_les_dimensions_dun_canape_Togo\"><\/span><strong>Quels sont les dimensions d\u2019un canap\u00e9 Togo&nbsp;?<\/strong><span class=\"ez-toc-section-end\"><\/span><\/h3>\n\n\n\n<p>Le canap\u00e9 deux places Togo a une dimension de H 700 mm, l 1980 mm, P 1020 mm et A 340 mm. <\/p>\n\n\n\n<p>Un angle Togo quant \u00e0 lui mesure H 700 mm, l 1020 mm, P 1020 mm et A 380 mm. <\/p>\n\n\n\n<p>Vous pouvez tout \u00e0 fait combiner les si\u00e8ges Togo afin d\u2019avoir les dimensions de canap\u00e9s que vous souhaitez. Le Togo est totalement modulable de mani\u00e8re \u00e0 s&#8217;adapter \u00e0 tous les int\u00e9rieurs. <\/p>\n\n\n\n<h3 class=\"wp-block-heading\"><span class=\"ez-toc-section\" id=\"Quelle_est_la_matiere_du_canape_Togo\"><\/span><strong>Quelle est la mati\u00e8re du canap\u00e9 Togo?<\/strong><span class=\"ez-toc-section-end\"><\/span><\/h3>\n\n\n\n<figure class=\"wp-block-embed is-type-rich is-provider-twitter wp-block-embed-twitter\"><div class=\"wp-block-embed__wrapper\">\n<blockquote class=\"twitter-tweet\" data-width=\"550\" data-dnt=\"true\"><p lang=\"fr\" dir=\"ltr\">Le canap\u00e9 Togo une invitation moelleuse et originale dans votre s\u00e9jour <a href=\"https:\/\/twitter.com\/hashtag\/decorationinterieure?src=hash&amp;ref_src=twsrc%5Etfw\">#decorationinterieure<\/a> <a href=\"https:\/\/twitter.com\/hashtag\/design?src=hash&amp;ref_src=twsrc%5Etfw\">#design<\/a>  <a href=\"https:\/\/twitter.com\/hashtag\/cosy?src=hash&amp;ref_src=twsrc%5Etfw\">#cosy<\/a> <a href=\"https:\/\/twitter.com\/hashtag\/interiordesign?src=hash&amp;ref_src=twsrc%5Etfw\">#interiordesign<\/a> <a href=\"https:\/\/twitter.com\/hashtag\/decoaddict?src=hash&amp;ref_src=twsrc%5Etfw\">#decoaddict<\/a> <a href=\"https:\/\/twitter.com\/hashtag\/saintgermainenelaye?src=hash&amp;ref_src=twsrc%5Etfw\">#saintgermainenelaye<\/a> <a href=\"https:\/\/twitter.com\/hashtag\/paris?src=hash&amp;ref_src=twsrc%5Etfw\">#paris<\/a> <a href=\"https:\/\/t.co\/9P7dpmgynW\">pic.twitter.com\/9P7dpmgynW<\/a><\/p>&mdash; Kokouna interiors (@kokounadeco) <a href=\"https:\/\/twitter.com\/kokounadeco\/status\/1138008030870740993?ref_src=twsrc%5Etfw\">June 10, 2019<\/a><\/blockquote><script async src=\"https:\/\/platform.twitter.com\/widgets.js\" charset=\"utf-8\"><\/script>\n<\/div><\/figure>\n\n\n\n<p>Le <a href=\"https:\/\/www.elle.fr\/Deco\/Pieces\/Salon\/Meubles-objets\/Canape-Togo-Ligne-Roset\" target=\"_blank\" rel=\"noreferrer noopener\">canap\u00e9 Togo<\/a> est une sorte de si\u00e8ge-coussin qui est constitu\u00e9 de mousse, sans aucun point dur. Le canap\u00e9 Togo est form\u00e9 par trois mousses de diff\u00e9rentes densit\u00e9s pour assurer un maximum de confort.<\/p>\n\n\n\n<ul class=\"wp-block-list\"><li>Poly\u00e9ther 21 kg\/m3 &#8211; 3,2 kPa<\/li><li>Poly\u00e9ther 28 kg\/m3 &#8211; 4,8 kPa<\/li><li>Polyur\u00e9thane haute r\u00e9silience 26 kg\/m3 &#8211; 1,4 kPa<\/li><\/ul>\n\n\n\n<p>Son <a href=\"https:\/\/www.mobilier-design-occasion.fr\/magazine\/fermob-occasion\/\">ext\u00e9rieur<\/a> est une housse matelass\u00e9e de ouate de polyester en nappe.<\/p>\n\n\n\n<h3 class=\"wp-block-heading\"><span class=\"ez-toc-section\" id=\"Quelle_matiere_recouvre_le_canape_Togo\"><\/span><strong>Quelle mati\u00e8re recouvre le canap\u00e9 Togo&nbsp;?<\/strong><span class=\"ez-toc-section-end\"><\/span><\/h3>\n\n\n\n<p>Un <a href=\"https:\/\/www.lejournaldelamaison.fr\/le-journal-de-la-maison\/decoration-par-style\/industriel-et-vintage\/canape-togo-facons-dadopter-ce-mythique-canape-229973.html#item=1\" target=\"_blank\" rel=\"noreferrer noopener\">canap\u00e9 Togo<\/a> peut \u00eatre recouvert dans <strong>un tissu uni<\/strong> ou <strong>imprim\u00e9<\/strong>, dans un <strong>cuir<\/strong> ou dans du <strong>velours<\/strong>. Vous avez un large choix pour ce qui est de l\u2019ameublement du canap\u00e9 Togo. Voici toutes les finitions possibles du Togo:<\/p>\n\n\n\n<ul class=\"wp-block-list\"><li>Acate<\/li><li>Alcantara \u2013 A<\/li><li>Alcantara \u2013 B<\/li><li>Arti<\/li><li>Canvas \u2013 Laine 2 FR<\/li><li>Capa \/ FR<\/li><li>Cloud<\/li><li>Coda \/ FR<\/li><li>Cordoue 2<\/li><li>Davos<\/li><li>Dios<\/li><li>Diva<\/li><li>Divina MD \/ FR<\/li><li>Divina M\u00e9lange \/ FR<\/li><li>Elite<\/li><li>Erpi<\/li><li>Galice \/ FR<\/li><li>Gentle \/ FR<\/li><li>Harald 3<\/li><li>Indiana<\/li><li>Joy \/ FR<\/li><li>Kerala<\/li><li>Kyoto<\/li><li>Lhuis<\/li><li>Litz<\/li><li>Luisa<\/li><li>Maple \/ FR<\/li><li>Maxi \/ FR<\/li><li>Milleraies<\/li><li>Parade<\/li><li>Silvertex \/ FR<\/li><li>Steelcut Trio 3\/ FR<\/li><li>Ulrik<\/li><li>Vera<\/li><li>Vidar \/ FR<\/li><li>Vilo<\/li><li>Wave<\/li><li>Zana<\/li><\/ul>\n\n\n\n<p>Quelques exemples de diff\u00e9rentes finitions:<\/p>\n\n\n\n<div class=\"wp-block-columns is-layout-flex wp-container-core-columns-is-layout-9d6595d7 wp-block-columns-is-layout-flex\">\n<div class=\"wp-block-column is-layout-flow wp-block-column-is-layout-flow\"><div class=\"wp-block-image\">\n<figure class=\"aligncenter size-full is-resized\"><img loading=\"lazy\" decoding=\"async\" src=\"https:\/\/www.mobilier-design-occasion.fr\/magazine\/wp-content\/uploads\/2022\/06\/100688_c01_720x393.jpg\" alt=\"\" class=\"wp-image-4809\" width=\"511\" height=\"279\" srcset=\"https:\/\/www.mobilier-design-occasion.fr\/magazine\/wp-content\/uploads\/2022\/06\/100688_c01_720x393.jpg 720w, https:\/\/www.mobilier-design-occasion.fr\/magazine\/wp-content\/uploads\/2022\/06\/100688_c01_720x393-300x164.jpg 300w\" sizes=\"auto, (max-width: 511px) 100vw, 511px\" \/><figcaption>Finition Cuir Alcantara  &#8211; \u00a9Ligne Roset<\/figcaption><\/figure>\n<\/div><\/div>\n<\/div>\n\n\n\n<div class=\"wp-block-columns is-layout-flex wp-container-core-columns-is-layout-9d6595d7 wp-block-columns-is-layout-flex\">\n<div class=\"wp-block-column is-layout-flow wp-block-column-is-layout-flow\">\n<figure class=\"wp-block-image size-large\"><img loading=\"lazy\" decoding=\"async\" width=\"1024\" height=\"1024\" src=\"https:\/\/www.mobilier-design-occasion.fr\/magazine\/wp-content\/uploads\/2022\/05\/15820003_4561_vue1_1500x1500-1024x1024.jpg\" alt=\"\" class=\"wp-image-4730\" srcset=\"https:\/\/www.mobilier-design-occasion.fr\/magazine\/wp-content\/uploads\/2022\/05\/15820003_4561_vue1_1500x1500-1024x1024.jpg 1024w, https:\/\/www.mobilier-design-occasion.fr\/magazine\/wp-content\/uploads\/2022\/05\/15820003_4561_vue1_1500x1500-300x300.jpg 300w, https:\/\/www.mobilier-design-occasion.fr\/magazine\/wp-content\/uploads\/2022\/05\/15820003_4561_vue1_1500x1500-150x150.jpg 150w, https:\/\/www.mobilier-design-occasion.fr\/magazine\/wp-content\/uploads\/2022\/05\/15820003_4561_vue1_1500x1500-768x768.jpg 768w, https:\/\/www.mobilier-design-occasion.fr\/magazine\/wp-content\/uploads\/2022\/05\/15820003_4561_vue1_1500x1500-810x810.jpg 810w, https:\/\/www.mobilier-design-occasion.fr\/magazine\/wp-content\/uploads\/2022\/05\/15820003_4561_vue1_1500x1500-1140x1140.jpg 1140w, https:\/\/www.mobilier-design-occasion.fr\/magazine\/wp-content\/uploads\/2022\/05\/15820003_4561_vue1_1500x1500.jpg 1500w\" sizes=\"auto, (max-width: 1024px) 100vw, 1024px\" \/><figcaption>Finition Velours jaune<\/figcaption><\/figure>\n<\/div>\n\n\n\n<div class=\"wp-block-column is-layout-flow wp-block-column-is-layout-flow\">\n<figure class=\"wp-block-image size-large\"><img loading=\"lazy\" decoding=\"async\" width=\"1024\" height=\"1024\" src=\"https:\/\/www.mobilier-design-occasion.fr\/magazine\/wp-content\/uploads\/2022\/05\/15820003_4312_vue2_1500x1500-1024x1024.jpg\" alt=\"\" class=\"wp-image-4731\" srcset=\"https:\/\/www.mobilier-design-occasion.fr\/magazine\/wp-content\/uploads\/2022\/05\/15820003_4312_vue2_1500x1500-1024x1024.jpg 1024w, https:\/\/www.mobilier-design-occasion.fr\/magazine\/wp-content\/uploads\/2022\/05\/15820003_4312_vue2_1500x1500-300x300.jpg 300w, https:\/\/www.mobilier-design-occasion.fr\/magazine\/wp-content\/uploads\/2022\/05\/15820003_4312_vue2_1500x1500-150x150.jpg 150w, https:\/\/www.mobilier-design-occasion.fr\/magazine\/wp-content\/uploads\/2022\/05\/15820003_4312_vue2_1500x1500-768x768.jpg 768w, https:\/\/www.mobilier-design-occasion.fr\/magazine\/wp-content\/uploads\/2022\/05\/15820003_4312_vue2_1500x1500-810x810.jpg 810w, https:\/\/www.mobilier-design-occasion.fr\/magazine\/wp-content\/uploads\/2022\/05\/15820003_4312_vue2_1500x1500-1140x1140.jpg 1140w, https:\/\/www.mobilier-design-occasion.fr\/magazine\/wp-content\/uploads\/2022\/05\/15820003_4312_vue2_1500x1500.jpg 1500w\" sizes=\"auto, (max-width: 1024px) 100vw, 1024px\" \/><figcaption>Finition Velours navy<\/figcaption><\/figure>\n<\/div>\n<\/div>\n\n\n\n<figure class=\"wp-block-image size-full\"><img loading=\"lazy\" decoding=\"async\" width=\"871\" height=\"399\" src=\"https:\/\/www.mobilier-design-occasion.fr\/magazine\/wp-content\/uploads\/2022\/06\/Capture.png\" alt=\"\" class=\"wp-image-4810\" srcset=\"https:\/\/www.mobilier-design-occasion.fr\/magazine\/wp-content\/uploads\/2022\/06\/Capture.png 871w, https:\/\/www.mobilier-design-occasion.fr\/magazine\/wp-content\/uploads\/2022\/06\/Capture-300x137.png 300w, https:\/\/www.mobilier-design-occasion.fr\/magazine\/wp-content\/uploads\/2022\/06\/Capture-768x352.png 768w, https:\/\/www.mobilier-design-occasion.fr\/magazine\/wp-content\/uploads\/2022\/06\/Capture-810x371.png 810w\" sizes=\"auto, (max-width: 871px) 100vw, 871px\" \/><figcaption>Exemples de finitions en tissu<\/figcaption><\/figure>\n\n\n\n<h2 class=\"wp-block-heading\"><span class=\"ez-toc-section\" id=\"Ou_acheter_un_canape_Togo_doccasion\"><\/span><strong>O\u00f9 acheter un canap\u00e9 Togo d\u2019occasion&nbsp;?<\/strong><span class=\"ez-toc-section-end\"><\/span><\/h2>\n\n\n\n<p>Passionn\u00e9 d\u2019article de <a href=\"https:\/\/www.mobilier-design-occasion.fr\/magazine\/reussir-a-vendre-son-mobilier\/\">seconde main<\/a>, toujours \u00e0 la recherche de LA perle rare, vous avez un large choix o\u00f9 vous procurez les meilleurs articles d\u2019occasions. Chiner, parcourir les vide-greniers et les brocantes, les divers sites sp\u00e9cialement d\u00e9di\u00e9s aux produits d\u2019occasions\u2026 afin de trouver la bonne affaire pour un canap\u00e9 Togo d\u2019occasions, voici quelques bons plans pour aider dans votre qu\u00eate.<\/p>\n\n\n\n<ul class=\"wp-block-list\"><li><a href=\"https:\/\/track.effiliation.com\/servlet\/effi.redir?id_compteur=&amp;url=https%3A%2F%2Fwww.selency.fr%2F\">Selency<\/a><\/li><li><a href=\"https:\/\/track.effiliation.com\/servlet\/effi.redir?id_compteur=22733111&amp;url=https%3A%2F%2Fwww.design-market.fr%2F\">Design Market<\/a><\/li><li><a href=\"https:\/\/www.mobilier-design-occasion.fr\/\">Mobilier Design Occasion<\/a><\/li><li>Rakuten<\/li><li>LeBonCoin<\/li><li>E-bay<\/li><li>Marketplace<\/li><\/ul>\n\n\n\n<h3 class=\"wp-block-heading\"><span class=\"ez-toc-section\" id=\"Les_meilleurs_modeles_de_canapes_Togo_doccasion\"><\/span>Les meilleurs mod\u00e8les de canap\u00e9s Togo d&#8217;occasion<span class=\"ez-toc-section-end\"><\/span><\/h3>\n\n\n\n<div class=\"wp-block-columns is-layout-flex wp-container-core-columns-is-layout-9d6595d7 wp-block-columns-is-layout-flex\">\n<div class=\"wp-block-column is-layout-flow wp-block-column-is-layout-flow\">\n<figure class=\"wp-block-image size-full\"><a href=\"https:\/\/www.design-market.fr\/98344-canap%C3%A9-vintage-togo-pour-ligne-roset-en-velours-ambre-1970.html?utm_source=effinity&amp;utm_medium=affiliation&amp;utm_campaign=1395109901_FRA+&amp;eff_cpt=22670690\"><img loading=\"lazy\" decoding=\"async\" width=\"612\" height=\"408\" src=\"https:\/\/www.mobilier-design-occasion.fr\/magazine\/wp-content\/uploads\/2022\/05\/canape-vintage-togo-pour-ligne-roset-en-velours-ambre-1970.jpg\" alt=\"\" class=\"wp-image-4744\" srcset=\"https:\/\/www.mobilier-design-occasion.fr\/magazine\/wp-content\/uploads\/2022\/05\/canape-vintage-togo-pour-ligne-roset-en-velours-ambre-1970.jpg 612w, https:\/\/www.mobilier-design-occasion.fr\/magazine\/wp-content\/uploads\/2022\/05\/canape-vintage-togo-pour-ligne-roset-en-velours-ambre-1970-300x200.jpg 300w\" sizes=\"auto, (max-width: 612px) 100vw, 612px\" \/><\/a><\/figure>\n<\/div>\n\n\n\n<div class=\"wp-block-column is-layout-flow wp-block-column-is-layout-flow\">\n<figure class=\"wp-block-image size-full\"><a href=\"https:\/\/www.design-market.fr\/98339-canap%C3%A9-togo-2-places-vintage-pour-ligne-roset-en-cuir-brun-chocolat-1970.html?utm_source=effinity&amp;utm_medium=affiliation&amp;utm_campaign=1395109901_FRA+&amp;eff_cpt=22670690\"><img loading=\"lazy\" decoding=\"async\" width=\"1000\" height=\"562\" src=\"https:\/\/www.mobilier-design-occasion.fr\/magazine\/wp-content\/uploads\/2022\/05\/canape-togo-2-places-vintage-pour-ligne-roset-en-cuir-brun-chocolat-1970.jpg\" alt=\"\" class=\"wp-image-4741\" srcset=\"https:\/\/www.mobilier-design-occasion.fr\/magazine\/wp-content\/uploads\/2022\/05\/canape-togo-2-places-vintage-pour-ligne-roset-en-cuir-brun-chocolat-1970.jpg 1000w, https:\/\/www.mobilier-design-occasion.fr\/magazine\/wp-content\/uploads\/2022\/05\/canape-togo-2-places-vintage-pour-ligne-roset-en-cuir-brun-chocolat-1970-300x169.jpg 300w, https:\/\/www.mobilier-design-occasion.fr\/magazine\/wp-content\/uploads\/2022\/05\/canape-togo-2-places-vintage-pour-ligne-roset-en-cuir-brun-chocolat-1970-768x432.jpg 768w, https:\/\/www.mobilier-design-occasion.fr\/magazine\/wp-content\/uploads\/2022\/05\/canape-togo-2-places-vintage-pour-ligne-roset-en-cuir-brun-chocolat-1970-810x455.jpg 810w\" sizes=\"auto, (max-width: 1000px) 100vw, 1000px\" \/><\/a><\/figure>\n<\/div>\n<\/div>\n\n\n\n<div class=\"wp-block-columns is-layout-flex wp-container-core-columns-is-layout-9d6595d7 wp-block-columns-is-layout-flex\">\n<div class=\"wp-block-column is-layout-flow wp-block-column-is-layout-flow\">\n<figure class=\"wp-block-image size-full\"><a href=\"https:\/\/www.design-market.fr\/106226-canap%C3%A9-2-places-togo-vintage-dessin%C3%A9-par-michel-ducaroy-1973.html?utm_source=effinity&amp;utm_medium=affiliation&amp;utm_campaign=1395109901_FRA+&amp;eff_cpt=22670690 \"><img loading=\"lazy\" decoding=\"async\" width=\"1000\" height=\"558\" src=\"https:\/\/www.mobilier-design-occasion.fr\/magazine\/wp-content\/uploads\/2022\/05\/canape-2-places-togo-vintage-dessine-par-michel-ducaroy-1973.jpg\" alt=\"\" class=\"wp-image-4742\" srcset=\"https:\/\/www.mobilier-design-occasion.fr\/magazine\/wp-content\/uploads\/2022\/05\/canape-2-places-togo-vintage-dessine-par-michel-ducaroy-1973.jpg 1000w, https:\/\/www.mobilier-design-occasion.fr\/magazine\/wp-content\/uploads\/2022\/05\/canape-2-places-togo-vintage-dessine-par-michel-ducaroy-1973-300x167.jpg 300w, https:\/\/www.mobilier-design-occasion.fr\/magazine\/wp-content\/uploads\/2022\/05\/canape-2-places-togo-vintage-dessine-par-michel-ducaroy-1973-768x429.jpg 768w, https:\/\/www.mobilier-design-occasion.fr\/magazine\/wp-content\/uploads\/2022\/05\/canape-2-places-togo-vintage-dessine-par-michel-ducaroy-1973-810x452.jpg 810w\" sizes=\"auto, (max-width: 1000px) 100vw, 1000px\" \/><\/a><\/figure>\n<\/div>\n\n\n\n<div class=\"wp-block-column is-layout-flow wp-block-column-is-layout-flow\">\n<figure class=\"wp-block-image size-full\"><a href=\"https:\/\/www.design-market.fr\/123861-canap%C3%A9-2-places-vintage-togo-en-cuir-michel-ducaroy-pour-ligne-roset-1973.html?utm_source=effinity&amp;utm_medium=affiliation&amp;utm_campaign=1395109901_FRA+&amp;eff_cpt=22670690 \"><img loading=\"lazy\" decoding=\"async\" width=\"640\" height=\"390\" src=\"https:\/\/www.mobilier-design-occasion.fr\/magazine\/wp-content\/uploads\/2022\/05\/canape-2-places-vintage-togo-en-cuir-michel-ducaroy-pour-ligne-roset-1973.jpg\" alt=\"\" class=\"wp-image-4743\" srcset=\"https:\/\/www.mobilier-design-occasion.fr\/magazine\/wp-content\/uploads\/2022\/05\/canape-2-places-vintage-togo-en-cuir-michel-ducaroy-pour-ligne-roset-1973.jpg 640w, https:\/\/www.mobilier-design-occasion.fr\/magazine\/wp-content\/uploads\/2022\/05\/canape-2-places-vintage-togo-en-cuir-michel-ducaroy-pour-ligne-roset-1973-300x183.jpg 300w\" sizes=\"auto, (max-width: 640px) 100vw, 640px\" \/><\/a><\/figure>\n<\/div>\n<\/div>\n\n\n\n<div class=\"wp-block-columns is-layout-flex wp-container-core-columns-is-layout-9d6595d7 wp-block-columns-is-layout-flex\">\n<div class=\"wp-block-column is-layout-flow wp-block-column-is-layout-flow\"><\/div>\n\n\n\n<div class=\"wp-block-column is-layout-flow wp-block-column-is-layout-flow\"><\/div>\n<\/div>\n\n\n\n<h2 class=\"wp-block-heading\"><span class=\"ez-toc-section\" id=\"Comment_reconnaitre_un_vrai_canape_Togo_lorsquil_est_doccasion\"><\/span><strong>Comment reconna\u00eetre un vrai canap\u00e9 Togo lorsqu\u2019il est d&#8217;occasion&nbsp;?<\/strong><span class=\"ez-toc-section-end\"><\/span><\/h2>\n\n\n\n<figure class=\"wp-block-embed is-type-video is-provider-youtube wp-block-embed-youtube wp-embed-aspect-16-9 wp-has-aspect-ratio\"><div class=\"wp-block-embed__wrapper\">\n<iframe loading=\"lazy\" title=\"Identifier un\u00a0v\u00e9ritable canap\u00e9 &quot;Togo&quot; de Ligne Roset et reconna\u00eetre une contrefa\u00e7on\" width=\"810\" height=\"456\" src=\"https:\/\/www.youtube.com\/embed\/UD_Ay9NtZsg?feature=oembed\" frameborder=\"0\" allow=\"accelerometer; autoplay; clipboard-write; encrypted-media; gyroscope; picture-in-picture\" allowfullscreen><\/iframe>\n<\/div><\/figure>\n\n\n\n<p>C\u2019est vrai que c\u2019est tr\u00e8s attrayant de trouver un canap\u00e9 Togo d\u2019occasion \u00e0 un prix plus abordable, mais il faut faire tout de m\u00eame attention. Avant d\u2019acheter un canap\u00e9 Togo d\u2019occasion, prenez le temps de bien v\u00e9rifier l\u2019authenticit\u00e9 du canap\u00e9. <\/p>\n\n\n\n<p>Voici comment vous pouvez reconna\u00eetre un vrai canap\u00e9 Togo d\u2019occasion d\u2019une contrefa\u00e7on:<\/p>\n\n\n\n<ul class=\"wp-block-list\"><li>une \u00e9tiquette du fabricant \u00ab&nbsp;Ligne Roset&nbsp;\u00bb doit \u00eatre pr\u00e9sente au recto de votre canap\u00e9 <\/li><li>mention \u00ab&nbsp;Made in France&nbsp;\u00bb pr\u00e9sente \u00e0 son verso.<\/li><li>la mousse int\u00e9rieure d\u2019un canap\u00e9 Togo d\u2019occasion authentique doit avoi jaunit due \u00e0 l\u2019oxydation naturelle par l\u2019air.<\/li><li>vous devez vous assurer que la housse ext\u00e9rieure matelass\u00e9e est bien ouat\u00e9e de polyester en nappe.<\/li><li>attention au prix. Un canap\u00e9 Togo reste un <a href=\"https:\/\/www.mobilier-design-occasion.fr\/magazine\/test-avis-sur-la-redoute-interieurs-am-pm\/\">mobilier<\/a> de designer et son prix va avec. Si vous trouvez un canap\u00e9 Togo d\u2019occasion \u00e0 un prix tr\u00e8s bas, alors m\u00e9fiez-vous. Pour vous donner une id\u00e9e le canap\u00e9 Togo d&#8217;occasion est g\u00e9n\u00e9ralement vendu entre 1.000\u20ac et 3.000\u20ac en fonction de son \u00e9dition, sa mati\u00e8re, son usure etc&#8230;<\/li><li>V\u00e9rifiez bien les dimensions du canap\u00e9, elles n\u2019ont pas chang\u00e9 depuis la cr\u00e9ation du Togo en 1970.<\/li><\/ul>\n\n\n\n<div class=\"wp-block-columns is-layout-flex wp-container-core-columns-is-layout-9d6595d7 wp-block-columns-is-layout-flex\">\n<div class=\"wp-block-column is-layout-flow wp-block-column-is-layout-flow\">\n<figure class=\"wp-block-image size-full\"><img loading=\"lazy\" decoding=\"async\" width=\"1000\" height=\"500\" src=\"https:\/\/www.mobilier-design-occasion.fr\/magazine\/wp-content\/uploads\/2022\/05\/IMG_2_CONTREFACON.2.jpg\" alt=\"\" class=\"wp-image-4734\" srcset=\"https:\/\/www.mobilier-design-occasion.fr\/magazine\/wp-content\/uploads\/2022\/05\/IMG_2_CONTREFACON.2.jpg 1000w, https:\/\/www.mobilier-design-occasion.fr\/magazine\/wp-content\/uploads\/2022\/05\/IMG_2_CONTREFACON.2-300x150.jpg 300w, https:\/\/www.mobilier-design-occasion.fr\/magazine\/wp-content\/uploads\/2022\/05\/IMG_2_CONTREFACON.2-768x384.jpg 768w, https:\/\/www.mobilier-design-occasion.fr\/magazine\/wp-content\/uploads\/2022\/05\/IMG_2_CONTREFACON.2-810x405.jpg 810w\" sizes=\"auto, (max-width: 1000px) 100vw, 1000px\" \/><figcaption>\u00a9Ligne Roset<\/figcaption><\/figure>\n<\/div>\n\n\n\n<div class=\"wp-block-column is-layout-flow wp-block-column-is-layout-flow\">\n<figure class=\"wp-block-image size-full\"><img loading=\"lazy\" decoding=\"async\" width=\"1000\" height=\"500\" src=\"https:\/\/www.mobilier-design-occasion.fr\/magazine\/wp-content\/uploads\/2022\/05\/IMG_1_CONTREFACON_FOND.jpg\" alt=\"\" class=\"wp-image-4735\" srcset=\"https:\/\/www.mobilier-design-occasion.fr\/magazine\/wp-content\/uploads\/2022\/05\/IMG_1_CONTREFACON_FOND.jpg 1000w, https:\/\/www.mobilier-design-occasion.fr\/magazine\/wp-content\/uploads\/2022\/05\/IMG_1_CONTREFACON_FOND-300x150.jpg 300w, https:\/\/www.mobilier-design-occasion.fr\/magazine\/wp-content\/uploads\/2022\/05\/IMG_1_CONTREFACON_FOND-768x384.jpg 768w, https:\/\/www.mobilier-design-occasion.fr\/magazine\/wp-content\/uploads\/2022\/05\/IMG_1_CONTREFACON_FOND-810x405.jpg 810w\" sizes=\"auto, (max-width: 1000px) 100vw, 1000px\" \/><figcaption>\u00a9Ligne Roset<\/figcaption><\/figure>\n\n\n\n<p><\/p>\n<\/div>\n<\/div>\n\n\n\n<h2 class=\"wp-block-heading\"><span class=\"ez-toc-section\" id=\"Pourquoi_acheter_un_canape_Togo_doccasion\"><\/span>Pourquoi acheter un canap\u00e9 Togo d&#8217;occasion?<span class=\"ez-toc-section-end\"><\/span><\/h2>\n\n\n\n<h3 class=\"wp-block-heading\"><span class=\"ez-toc-section\" id=\"Le_prix\"><\/span>Le prix<span class=\"ez-toc-section-end\"><\/span><\/h3>\n\n\n\n<p>Le prix est l&#8217;un des principal facteur \u00e0 prendre en compte lors de l&#8217;achat d&#8217;un canap\u00e9 Togo d&#8217;occasion. <\/p>\n\n\n\n<p>En effet, en surfant sur les sites mentionn\u00e9s au-dessus vous trouvez des canap\u00e9s Togo d&#8217;occasion \u00e0 des prix int\u00e9ressants. Ce qui vous permet d&#8217;\u00e9conomiser de l\u2019argent et <strong>de vous offrir une pi\u00e8ce design<\/strong> qui n&#8217;\u00e9tait pas forc\u00e9ment dans votre budget en \u00e9tant neuf.<\/p>\n\n\n\n<p>Bien entendu, il est tout \u00e0 fait logique que le prix d\u2019un canap\u00e9 Togo d\u2019occasion soit beaucoup moins cher que celui d\u2019un canap\u00e9 Togo neuf.<\/p>\n\n\n\n<h3 class=\"wp-block-heading\"><span class=\"ez-toc-section\" id=\"La_marque\"><\/span>La marque<span class=\"ez-toc-section-end\"><\/span><\/h3>\n\n\n\n<p>Acheter un canap\u00e9 Togo d&#8217;occasion peut \u00eatre une excellente option si vous \u00eates \u00e0 la recherche d&#8217;un canap\u00e9 de qualit\u00e9 \u00e0 un prix raisonnable et que vous ne voulez pas d\u00e9penser beaucoup d\u2019argent pour un nouveau. <\/p>\n\n\n\n<p>Avec l\u2019achat d\u2019un canap\u00e9 Togo d\u2019occasion, vous poss\u00e9dez un canap\u00e9 d&#8217;une marque fran\u00e7aise haute de gamme renomm\u00e9e et design, \u00e0 un prix accessible (oui oui si vous \u00eates patient il y a de super belles opportunit\u00e9s!).<\/p>\n\n\n\n<h3 class=\"wp-block-heading\"><span class=\"ez-toc-section\" id=\"La_qualite\"><\/span>La qualit\u00e9<span class=\"ez-toc-section-end\"><\/span><\/h3>\n\n\n\n<div class=\"wp-block-columns is-layout-flex wp-container-core-columns-is-layout-9d6595d7 wp-block-columns-is-layout-flex\">\n<div class=\"wp-block-column is-layout-flow wp-block-column-is-layout-flow\">\n<figure class=\"wp-block-image size-full\"><img loading=\"lazy\" decoding=\"async\" width=\"700\" height=\"852\" src=\"https:\/\/www.mobilier-design-occasion.fr\/magazine\/wp-content\/uploads\/2022\/05\/7-1.jpg\" alt=\"\" class=\"wp-image-4737\" srcset=\"https:\/\/www.mobilier-design-occasion.fr\/magazine\/wp-content\/uploads\/2022\/05\/7-1.jpg 700w, https:\/\/www.mobilier-design-occasion.fr\/magazine\/wp-content\/uploads\/2022\/05\/7-1-246x300.jpg 246w\" sizes=\"auto, (max-width: 700px) 100vw, 700px\" \/><\/figure>\n<\/div>\n\n\n\n<div class=\"wp-block-column is-layout-flow wp-block-column-is-layout-flow\"><\/div>\n<\/div>\n\n\n\n<p>Lors de l\u2019achat d\u2019un canap\u00e9, il faut prendre en compte la qualit\u00e9 du produit pour qu&#8217;il dure longtemps. <\/p>\n\n\n\n<p>Le canap\u00e9 Togo figure parmi les canap\u00e9s de qualit\u00e9 sup\u00e9rieure gr\u00e2ce \u00e0 ses mat\u00e9riaux de haute qualit\u00e9. Si vous achetez un canap\u00e9 Togo d\u2019occasion, vous pourrez profiter du confort et du style pendant plusieurs ann\u00e9es.<\/p>\n\n\n\n<p>Acheter un canap\u00e9 Togo d\u2019occasion est donc une occasion d\u2019acqu\u00e9rir un objet \u00e0 la fois design, durable et \u00e0 bas prix. <\/p>\n\n\n\n<p><strong>Acheter un canap\u00e9 Togo d&#8217;occasion, c&#8217;est bon pour votre portefeuille et pour la plan\u00e8te!<\/strong><\/p>\n","protected":false},"excerpt":{"rendered":"<p>Histoire du canap\u00e9 Togo C\u2019est le designer fran\u00e7ais Michel Ducaroy qui a cr\u00e9\u00e9 le fameux canap\u00e9 Togo. Michel Ducaroy entre chez Ligne Roset en 1960 et pendant vingt-six ans, il \u00e9tait \u00e0 la t\u00eate du d\u00e9partement design du fabricant fran\u00e7ais. Le designer cr\u00e9e de nombreux si\u00e8ges et parmi eux figure \u00ab&nbsp;Togo&nbsp;\u00bb, cr\u00e9\u00e9 en 1973 mais [&hellip;]<\/p>\n","protected":false},"author":1,"featured_media":4814,"comment_status":"open","ping_status":"open","sticky":false,"template":"","format":"standard","meta":{"footnotes":""},"categories":[2],"tags":[],"class_list":["post-4707","post","type-post","status-publish","format-standard","has-post-thumbnail","hentry","category-tendances"],"yoast_head":"<!-- This site is optimized with the Yoast SEO plugin v27.5 - https:\/\/yoast.com\/product\/yoast-seo-wordpress\/ -->\n<title>Le canap\u00e9 Togo d&#039;occasion - Mobilier Design Magazine<\/title>\n<meta name=\"robots\" content=\"index, follow, max-snippet:-1, max-image-preview:large, max-video-preview:-1\" \/>\n<link rel=\"canonical\" href=\"https:\/\/www.mobilier-design-occasion.fr\/magazine\/le-canape-togo-doccasion\/\" \/>\n<meta property=\"og:locale\" content=\"fr_FR\" \/>\n<meta property=\"og:type\" content=\"article\" \/>\n<meta property=\"og:title\" content=\"Le canap\u00e9 Togo d&#039;occasion - Mobilier Design Magazine\" \/>\n<meta property=\"og:description\" content=\"Histoire du canap\u00e9 Togo C\u2019est le designer fran\u00e7ais Michel Ducaroy qui a cr\u00e9\u00e9 le fameux canap\u00e9 Togo. Michel Ducaroy entre chez Ligne Roset en 1960 et pendant vingt-six ans, il \u00e9tait \u00e0 la t\u00eate du d\u00e9partement design du fabricant fran\u00e7ais. Le designer cr\u00e9e de nombreux si\u00e8ges et parmi eux figure \u00ab&nbsp;Togo&nbsp;\u00bb, cr\u00e9\u00e9 en 1973 mais [&hellip;]\" \/>\n<meta property=\"og:url\" content=\"https:\/\/www.mobilier-design-occasion.fr\/magazine\/le-canape-togo-doccasion\/\" \/>\n<meta property=\"og:site_name\" content=\"Mobilier Design Magazine\" \/>\n<meta property=\"article:publisher\" content=\"https:\/\/www.facebook.com\/mobilierdesignoccasion\" \/>\n<meta property=\"article:published_time\" content=\"2022-06-01T10:08:41+00:00\" \/>\n<meta property=\"article:modified_time\" content=\"2023-09-25T13:40:10+00:00\" \/>\n<meta property=\"og:image\" content=\"https:\/\/www.mobilier-design-occasion.fr\/magazine\/wp-content\/uploads\/2022\/06\/100420_2000x2000.jpg\" \/>\n\t<meta property=\"og:image:width\" content=\"2000\" \/>\n\t<meta property=\"og:image:height\" content=\"2000\" \/>\n\t<meta property=\"og:image:type\" content=\"image\/jpeg\" \/>\n<meta name=\"author\" content=\"Cyrielle Poirot\" \/>\n<meta name=\"twitter:card\" content=\"summary_large_image\" \/>\n<meta name=\"twitter:label1\" content=\"\u00c9crit par\" \/>\n\t<meta name=\"twitter:data1\" content=\"Cyrielle Poirot\" \/>\n\t<meta name=\"twitter:label2\" content=\"Dur\u00e9e de lecture estim\u00e9e\" \/>\n\t<meta name=\"twitter:data2\" content=\"5 minutes\" \/>\n<script type=\"application\/ld+json\" class=\"yoast-schema-graph\">{\"@context\":\"https:\\\/\\\/schema.org\",\"@graph\":[{\"@type\":\"Article\",\"@id\":\"https:\\\/\\\/www.mobilier-design-occasion.fr\\\/magazine\\\/le-canape-togo-doccasion\\\/#article\",\"isPartOf\":{\"@id\":\"https:\\\/\\\/www.mobilier-design-occasion.fr\\\/magazine\\\/le-canape-togo-doccasion\\\/\"},\"author\":{\"name\":\"Cyrielle Poirot\",\"@id\":\"https:\\\/\\\/www.mobilier-design-occasion.fr\\\/magazine\\\/#\\\/schema\\\/person\\\/5b2e5627a714ddadaaf8c9b886c55eff\"},\"headline\":\"Le canap\u00e9 Togo d&#8217;occasion\",\"datePublished\":\"2022-06-01T10:08:41+00:00\",\"dateModified\":\"2023-09-25T13:40:10+00:00\",\"mainEntityOfPage\":{\"@id\":\"https:\\\/\\\/www.mobilier-design-occasion.fr\\\/magazine\\\/le-canape-togo-doccasion\\\/\"},\"wordCount\":1133,\"commentCount\":0,\"publisher\":{\"@id\":\"https:\\\/\\\/www.mobilier-design-occasion.fr\\\/magazine\\\/#organization\"},\"image\":{\"@id\":\"https:\\\/\\\/www.mobilier-design-occasion.fr\\\/magazine\\\/le-canape-togo-doccasion\\\/#primaryimage\"},\"thumbnailUrl\":\"https:\\\/\\\/www.mobilier-design-occasion.fr\\\/magazine\\\/wp-content\\\/uploads\\\/2022\\\/06\\\/100420_2000x2000.jpg\",\"articleSection\":[\"Tendances\"],\"inLanguage\":\"fr-FR\",\"potentialAction\":[{\"@type\":\"CommentAction\",\"name\":\"Comment\",\"target\":[\"https:\\\/\\\/www.mobilier-design-occasion.fr\\\/magazine\\\/le-canape-togo-doccasion\\\/#respond\"]}]},{\"@type\":\"WebPage\",\"@id\":\"https:\\\/\\\/www.mobilier-design-occasion.fr\\\/magazine\\\/le-canape-togo-doccasion\\\/\",\"url\":\"https:\\\/\\\/www.mobilier-design-occasion.fr\\\/magazine\\\/le-canape-togo-doccasion\\\/\",\"name\":\"Le canap\u00e9 Togo d'occasion - Mobilier Design Magazine\",\"isPartOf\":{\"@id\":\"https:\\\/\\\/www.mobilier-design-occasion.fr\\\/magazine\\\/#website\"},\"primaryImageOfPage\":{\"@id\":\"https:\\\/\\\/www.mobilier-design-occasion.fr\\\/magazine\\\/le-canape-togo-doccasion\\\/#primaryimage\"},\"image\":{\"@id\":\"https:\\\/\\\/www.mobilier-design-occasion.fr\\\/magazine\\\/le-canape-togo-doccasion\\\/#primaryimage\"},\"thumbnailUrl\":\"https:\\\/\\\/www.mobilier-design-occasion.fr\\\/magazine\\\/wp-content\\\/uploads\\\/2022\\\/06\\\/100420_2000x2000.jpg\",\"datePublished\":\"2022-06-01T10:08:41+00:00\",\"dateModified\":\"2023-09-25T13:40:10+00:00\",\"breadcrumb\":{\"@id\":\"https:\\\/\\\/www.mobilier-design-occasion.fr\\\/magazine\\\/le-canape-togo-doccasion\\\/#breadcrumb\"},\"inLanguage\":\"fr-FR\",\"potentialAction\":[{\"@type\":\"ReadAction\",\"target\":[\"https:\\\/\\\/www.mobilier-design-occasion.fr\\\/magazine\\\/le-canape-togo-doccasion\\\/\"]}]},{\"@type\":\"ImageObject\",\"inLanguage\":\"fr-FR\",\"@id\":\"https:\\\/\\\/www.mobilier-design-occasion.fr\\\/magazine\\\/le-canape-togo-doccasion\\\/#primaryimage\",\"url\":\"https:\\\/\\\/www.mobilier-design-occasion.fr\\\/magazine\\\/wp-content\\\/uploads\\\/2022\\\/06\\\/100420_2000x2000.jpg\",\"contentUrl\":\"https:\\\/\\\/www.mobilier-design-occasion.fr\\\/magazine\\\/wp-content\\\/uploads\\\/2022\\\/06\\\/100420_2000x2000.jpg\",\"width\":2000,\"height\":2000},{\"@type\":\"BreadcrumbList\",\"@id\":\"https:\\\/\\\/www.mobilier-design-occasion.fr\\\/magazine\\\/le-canape-togo-doccasion\\\/#breadcrumb\",\"itemListElement\":[{\"@type\":\"ListItem\",\"position\":1,\"name\":\"Accueil\",\"item\":\"https:\\\/\\\/www.mobilier-design-occasion.fr\\\/magazine\\\/\"},{\"@type\":\"ListItem\",\"position\":2,\"name\":\"Le canap\u00e9 Togo d&rsquo;occasion\"}]},{\"@type\":\"WebSite\",\"@id\":\"https:\\\/\\\/www.mobilier-design-occasion.fr\\\/magazine\\\/#website\",\"url\":\"https:\\\/\\\/www.mobilier-design-occasion.fr\\\/magazine\\\/\",\"name\":\"Mobilier Design Magazine\",\"description\":\"\",\"publisher\":{\"@id\":\"https:\\\/\\\/www.mobilier-design-occasion.fr\\\/magazine\\\/#organization\"},\"potentialAction\":[{\"@type\":\"SearchAction\",\"target\":{\"@type\":\"EntryPoint\",\"urlTemplate\":\"https:\\\/\\\/www.mobilier-design-occasion.fr\\\/magazine\\\/?s={search_term_string}\"},\"query-input\":{\"@type\":\"PropertyValueSpecification\",\"valueRequired\":true,\"valueName\":\"search_term_string\"}}],\"inLanguage\":\"fr-FR\"},{\"@type\":\"Organization\",\"@id\":\"https:\\\/\\\/www.mobilier-design-occasion.fr\\\/magazine\\\/#organization\",\"name\":\"Mobilier Design Magazine\",\"url\":\"https:\\\/\\\/www.mobilier-design-occasion.fr\\\/magazine\\\/\",\"logo\":{\"@type\":\"ImageObject\",\"inLanguage\":\"fr-FR\",\"@id\":\"https:\\\/\\\/www.mobilier-design-occasion.fr\\\/magazine\\\/#\\\/schema\\\/logo\\\/image\\\/\",\"url\":\"https:\\\/\\\/www.mobilier-design-occasion.fr\\\/magazine\\\/wp-content\\\/uploads\\\/2024\\\/02\\\/android-chrome-192x192-1.png\",\"contentUrl\":\"https:\\\/\\\/www.mobilier-design-occasion.fr\\\/magazine\\\/wp-content\\\/uploads\\\/2024\\\/02\\\/android-chrome-192x192-1.png\",\"width\":192,\"height\":192,\"caption\":\"Mobilier Design Magazine\"},\"image\":{\"@id\":\"https:\\\/\\\/www.mobilier-design-occasion.fr\\\/magazine\\\/#\\\/schema\\\/logo\\\/image\\\/\"},\"sameAs\":[\"https:\\\/\\\/www.facebook.com\\\/mobilierdesignoccasion\"]},{\"@type\":\"Person\",\"@id\":\"https:\\\/\\\/www.mobilier-design-occasion.fr\\\/magazine\\\/#\\\/schema\\\/person\\\/5b2e5627a714ddadaaf8c9b886c55eff\",\"name\":\"Cyrielle Poirot\",\"image\":{\"@type\":\"ImageObject\",\"inLanguage\":\"fr-FR\",\"@id\":\"https:\\\/\\\/secure.gravatar.com\\\/avatar\\\/c8d2674e093b06894d8d1dc468b626bd752523471f3ac6e75f7c7a1400d40b4d?s=96&d=mm&r=g\",\"url\":\"https:\\\/\\\/secure.gravatar.com\\\/avatar\\\/c8d2674e093b06894d8d1dc468b626bd752523471f3ac6e75f7c7a1400d40b4d?s=96&d=mm&r=g\",\"contentUrl\":\"https:\\\/\\\/secure.gravatar.com\\\/avatar\\\/c8d2674e093b06894d8d1dc468b626bd752523471f3ac6e75f7c7a1400d40b4d?s=96&d=mm&r=g\",\"caption\":\"Cyrielle Poirot\"},\"description\":\"Cyrielle est passionn\u00e9e par la d\u00e9coration d'int\u00e9rieur et s'est sp\u00e9cialis\u00e9e depuis quelques ann\u00e9es dans l'\u00e9dition du site Mobilier-Design, avec une touche sp\u00e9cifique pour les produits d'occasion.\",\"sameAs\":[\"https:\\\/\\\/www.mobilier-design-occasion.fr\\\/magazine\"],\"url\":\"https:\\\/\\\/www.mobilier-design-occasion.fr\\\/magazine\\\/author\\\/cyrielle\\\/\"}]}<\/script>\n<!-- \/ Yoast SEO plugin. -->","yoast_head_json":{"title":"Le canap\u00e9 Togo d'occasion - Mobilier Design Magazine","robots":{"index":"index","follow":"follow","max-snippet":"max-snippet:-1","max-image-preview":"max-image-preview:large","max-video-preview":"max-video-preview:-1"},"canonical":"https:\/\/www.mobilier-design-occasion.fr\/magazine\/le-canape-togo-doccasion\/","og_locale":"fr_FR","og_type":"article","og_title":"Le canap\u00e9 Togo d'occasion - Mobilier Design Magazine","og_description":"Histoire du canap\u00e9 Togo C\u2019est le designer fran\u00e7ais Michel Ducaroy qui a cr\u00e9\u00e9 le fameux canap\u00e9 Togo. Michel Ducaroy entre chez Ligne Roset en 1960 et pendant vingt-six ans, il \u00e9tait \u00e0 la t\u00eate du d\u00e9partement design du fabricant fran\u00e7ais. Le designer cr\u00e9e de nombreux si\u00e8ges et parmi eux figure \u00ab&nbsp;Togo&nbsp;\u00bb, cr\u00e9\u00e9 en 1973 mais [&hellip;]","og_url":"https:\/\/www.mobilier-design-occasion.fr\/magazine\/le-canape-togo-doccasion\/","og_site_name":"Mobilier Design Magazine","article_publisher":"https:\/\/www.facebook.com\/mobilierdesignoccasion","article_published_time":"2022-06-01T10:08:41+00:00","article_modified_time":"2023-09-25T13:40:10+00:00","og_image":[{"width":2000,"height":2000,"url":"https:\/\/www.mobilier-design-occasion.fr\/magazine\/wp-content\/uploads\/2022\/06\/100420_2000x2000.jpg","type":"image\/jpeg"}],"author":"Cyrielle Poirot","twitter_card":"summary_large_image","twitter_misc":{"\u00c9crit par":"Cyrielle Poirot","Dur\u00e9e de lecture estim\u00e9e":"5 minutes"},"schema":{"@context":"https:\/\/schema.org","@graph":[{"@type":"Article","@id":"https:\/\/www.mobilier-design-occasion.fr\/magazine\/le-canape-togo-doccasion\/#article","isPartOf":{"@id":"https:\/\/www.mobilier-design-occasion.fr\/magazine\/le-canape-togo-doccasion\/"},"author":{"name":"Cyrielle Poirot","@id":"https:\/\/www.mobilier-design-occasion.fr\/magazine\/#\/schema\/person\/5b2e5627a714ddadaaf8c9b886c55eff"},"headline":"Le canap\u00e9 Togo d&#8217;occasion","datePublished":"2022-06-01T10:08:41+00:00","dateModified":"2023-09-25T13:40:10+00:00","mainEntityOfPage":{"@id":"https:\/\/www.mobilier-design-occasion.fr\/magazine\/le-canape-togo-doccasion\/"},"wordCount":1133,"commentCount":0,"publisher":{"@id":"https:\/\/www.mobilier-design-occasion.fr\/magazine\/#organization"},"image":{"@id":"https:\/\/www.mobilier-design-occasion.fr\/magazine\/le-canape-togo-doccasion\/#primaryimage"},"thumbnailUrl":"https:\/\/www.mobilier-design-occasion.fr\/magazine\/wp-content\/uploads\/2022\/06\/100420_2000x2000.jpg","articleSection":["Tendances"],"inLanguage":"fr-FR","potentialAction":[{"@type":"CommentAction","name":"Comment","target":["https:\/\/www.mobilier-design-occasion.fr\/magazine\/le-canape-togo-doccasion\/#respond"]}]},{"@type":"WebPage","@id":"https:\/\/www.mobilier-design-occasion.fr\/magazine\/le-canape-togo-doccasion\/","url":"https:\/\/www.mobilier-design-occasion.fr\/magazine\/le-canape-togo-doccasion\/","name":"Le canap\u00e9 Togo d'occasion - Mobilier Design Magazine","isPartOf":{"@id":"https:\/\/www.mobilier-design-occasion.fr\/magazine\/#website"},"primaryImageOfPage":{"@id":"https:\/\/www.mobilier-design-occasion.fr\/magazine\/le-canape-togo-doccasion\/#primaryimage"},"image":{"@id":"https:\/\/www.mobilier-design-occasion.fr\/magazine\/le-canape-togo-doccasion\/#primaryimage"},"thumbnailUrl":"https:\/\/www.mobilier-design-occasion.fr\/magazine\/wp-content\/uploads\/2022\/06\/100420_2000x2000.jpg","datePublished":"2022-06-01T10:08:41+00:00","dateModified":"2023-09-25T13:40:10+00:00","breadcrumb":{"@id":"https:\/\/www.mobilier-design-occasion.fr\/magazine\/le-canape-togo-doccasion\/#breadcrumb"},"inLanguage":"fr-FR","potentialAction":[{"@type":"ReadAction","target":["https:\/\/www.mobilier-design-occasion.fr\/magazine\/le-canape-togo-doccasion\/"]}]},{"@type":"ImageObject","inLanguage":"fr-FR","@id":"https:\/\/www.mobilier-design-occasion.fr\/magazine\/le-canape-togo-doccasion\/#primaryimage","url":"https:\/\/www.mobilier-design-occasion.fr\/magazine\/wp-content\/uploads\/2022\/06\/100420_2000x2000.jpg","contentUrl":"https:\/\/www.mobilier-design-occasion.fr\/magazine\/wp-content\/uploads\/2022\/06\/100420_2000x2000.jpg","width":2000,"height":2000},{"@type":"BreadcrumbList","@id":"https:\/\/www.mobilier-design-occasion.fr\/magazine\/le-canape-togo-doccasion\/#breadcrumb","itemListElement":[{"@type":"ListItem","position":1,"name":"Accueil","item":"https:\/\/www.mobilier-design-occasion.fr\/magazine\/"},{"@type":"ListItem","position":2,"name":"Le canap\u00e9 Togo d&rsquo;occasion"}]},{"@type":"WebSite","@id":"https:\/\/www.mobilier-design-occasion.fr\/magazine\/#website","url":"https:\/\/www.mobilier-design-occasion.fr\/magazine\/","name":"Mobilier Design Magazine","description":"","publisher":{"@id":"https:\/\/www.mobilier-design-occasion.fr\/magazine\/#organization"},"potentialAction":[{"@type":"SearchAction","target":{"@type":"EntryPoint","urlTemplate":"https:\/\/www.mobilier-design-occasion.fr\/magazine\/?s={search_term_string}"},"query-input":{"@type":"PropertyValueSpecification","valueRequired":true,"valueName":"search_term_string"}}],"inLanguage":"fr-FR"},{"@type":"Organization","@id":"https:\/\/www.mobilier-design-occasion.fr\/magazine\/#organization","name":"Mobilier Design Magazine","url":"https:\/\/www.mobilier-design-occasion.fr\/magazine\/","logo":{"@type":"ImageObject","inLanguage":"fr-FR","@id":"https:\/\/www.mobilier-design-occasion.fr\/magazine\/#\/schema\/logo\/image\/","url":"https:\/\/www.mobilier-design-occasion.fr\/magazine\/wp-content\/uploads\/2024\/02\/android-chrome-192x192-1.png","contentUrl":"https:\/\/www.mobilier-design-occasion.fr\/magazine\/wp-content\/uploads\/2024\/02\/android-chrome-192x192-1.png","width":192,"height":192,"caption":"Mobilier Design Magazine"},"image":{"@id":"https:\/\/www.mobilier-design-occasion.fr\/magazine\/#\/schema\/logo\/image\/"},"sameAs":["https:\/\/www.facebook.com\/mobilierdesignoccasion"]},{"@type":"Person","@id":"https:\/\/www.mobilier-design-occasion.fr\/magazine\/#\/schema\/person\/5b2e5627a714ddadaaf8c9b886c55eff","name":"Cyrielle Poirot","image":{"@type":"ImageObject","inLanguage":"fr-FR","@id":"https:\/\/secure.gravatar.com\/avatar\/c8d2674e093b06894d8d1dc468b626bd752523471f3ac6e75f7c7a1400d40b4d?s=96&d=mm&r=g","url":"https:\/\/secure.gravatar.com\/avatar\/c8d2674e093b06894d8d1dc468b626bd752523471f3ac6e75f7c7a1400d40b4d?s=96&d=mm&r=g","contentUrl":"https:\/\/secure.gravatar.com\/avatar\/c8d2674e093b06894d8d1dc468b626bd752523471f3ac6e75f7c7a1400d40b4d?s=96&d=mm&r=g","caption":"Cyrielle Poirot"},"description":"Cyrielle est passionn\u00e9e par la d\u00e9coration d'int\u00e9rieur et s'est sp\u00e9cialis\u00e9e depuis quelques ann\u00e9es dans l'\u00e9dition du site Mobilier-Design, avec une touche sp\u00e9cifique pour les produits d'occasion.","sameAs":["https:\/\/www.mobilier-design-occasion.fr\/magazine"],"url":"https:\/\/www.mobilier-design-occasion.fr\/magazine\/author\/cyrielle\/"}]}},"_links":{"self":[{"href":"https:\/\/www.mobilier-design-occasion.fr\/magazine\/wp-json\/wp\/v2\/posts\/4707","targetHints":{"allow":["GET"]}}],"collection":[{"href":"https:\/\/www.mobilier-design-occasion.fr\/magazine\/wp-json\/wp\/v2\/posts"}],"about":[{"href":"https:\/\/www.mobilier-design-occasion.fr\/magazine\/wp-json\/wp\/v2\/types\/post"}],"author":[{"embeddable":true,"href":"https:\/\/www.mobilier-design-occasion.fr\/magazine\/wp-json\/wp\/v2\/users\/1"}],"replies":[{"embeddable":true,"href":"https:\/\/www.mobilier-design-occasion.fr\/magazine\/wp-json\/wp\/v2\/comments?post=4707"}],"version-history":[{"count":16,"href":"https:\/\/www.mobilier-design-occasion.fr\/magazine\/wp-json\/wp\/v2\/posts\/4707\/revisions"}],"predecessor-version":[{"id":4815,"href":"https:\/\/www.mobilier-design-occasion.fr\/magazine\/wp-json\/wp\/v2\/posts\/4707\/revisions\/4815"}],"wp:featuredmedia":[{"embeddable":true,"href":"https:\/\/www.mobilier-design-occasion.fr\/magazine\/wp-json\/wp\/v2\/media\/4814"}],"wp:attachment":[{"href":"https:\/\/www.mobilier-design-occasion.fr\/magazine\/wp-json\/wp\/v2\/media?parent=4707"}],"wp:term":[{"taxonomy":"category","embeddable":true,"href":"https:\/\/www.mobilier-design-occasion.fr\/magazine\/wp-json\/wp\/v2\/categories?post=4707"},{"taxonomy":"post_tag","embeddable":true,"href":"https:\/\/www.mobilier-design-occasion.fr\/magazine\/wp-json\/wp\/v2\/tags?post=4707"}],"curies":[{"name":"wp","href":"https:\/\/api.w.org\/{rel}","templated":true}]}}