{"id":4676,"date":"2022-05-30T09:24:55","date_gmt":"2022-05-30T09:24:55","guid":{"rendered":"https:\/\/www.mobilier-design-occasion.fr\/magazine\/?p=4676"},"modified":"2022-05-31T13:14:39","modified_gmt":"2022-05-31T13:14:39","slug":"collection-margaux-keller-pour-monoprix","status":"publish","type":"post","link":"https:\/\/www.mobilier-design-occasion.fr\/magazine\/collection-margaux-keller-pour-monoprix\/","title":{"rendered":"Le (bad)buzz de la collection Margaux Keller pour Monoprix?"},"content":{"rendered":"\n<p>Rendre le <a href=\"https:\/\/www.mobilier-design-occasion.fr\/magazine\/table-tulipe-knoll-indemodable-du-design\/\">design<\/a> accessible \u00e0 tous? Monoprix continue sur sa lanc\u00e9e en s&#8217;associant avec des designers de renomm\u00e9e internationale pour cr\u00e9er <strong>des collections capsules qui cartonnent. <\/strong><\/p>\n\n\n\n<p>La date de sortie de cette collection ultra limit\u00e9e de <strong>Margaux Keller pour Monoprix <\/strong>avait \u00e9t\u00e9 <a rel=\"noreferrer noopener\" href=\"https:\/\/fr.fashionnetwork.com\/news\/Monoprix-leve-le-voile-sur-ses-collaborations-du-printemps-ete-2022,1356201.html\" target=\"_blank\">annonc\u00e9e<\/a> il y a des mois (ndlr en novembre 2021 par Fashionnetwork) et \u00e9tait l&#8217;une des collab les plus attendue de l&#8217;ann\u00e9e. <\/p>\n\n\n\n<h2 class=\"wp-block-heading\"><span class=\"ez-toc-section\" id=\"Qui_est_Margaux_Keller\"><\/span>Qui est Margaux Keller?<span class=\"ez-toc-section-end\"><\/span><\/h2><div id=\"ez-toc-container\" class=\"ez-toc-v2_0_82_2 counter-hierarchy ez-toc-counter ez-toc-grey ez-toc-container-direction\">\n<div class=\"ez-toc-title-container\">\n<span class=\"ez-toc-title-toggle\"><a href=\"#\" class=\"ez-toc-pull-right ez-toc-btn ez-toc-btn-xs ez-toc-btn-default ez-toc-toggle\" aria-label=\"Toggle Table of Content\"><span class=\"ez-toc-js-icon-con\"><span class=\"\"><span class=\"eztoc-hide\" style=\"display:none;\">Toggle<\/span><span class=\"ez-toc-icon-toggle-span\"><svg style=\"fill: #999;color:#999\" xmlns=\"http:\/\/www.w3.org\/2000\/svg\" class=\"list-377408\" width=\"20px\" height=\"20px\" viewBox=\"0 0 24 24\" fill=\"none\"><path d=\"M6 6H4v2h2V6zm14 0H8v2h12V6zM4 11h2v2H4v-2zm16 0H8v2h12v-2zM4 16h2v2H4v-2zm16 0H8v2h12v-2z\" fill=\"currentColor\"><\/path><\/svg><svg style=\"fill: #999;color:#999\" class=\"arrow-unsorted-368013\" xmlns=\"http:\/\/www.w3.org\/2000\/svg\" width=\"10px\" height=\"10px\" viewBox=\"0 0 24 24\" version=\"1.2\" baseProfile=\"tiny\"><path d=\"M18.2 9.3l-6.2-6.3-6.2 6.3c-.2.2-.3.4-.3.7s.1.5.3.7c.2.2.4.3.7.3h11c.3 0 .5-.1.7-.3.2-.2.3-.5.3-.7s-.1-.5-.3-.7zM5.8 14.7l6.2 6.3 6.2-6.3c.2-.2.3-.5.3-.7s-.1-.5-.3-.7c-.2-.2-.4-.3-.7-.3h-11c-.3 0-.5.1-.7.3-.2.2-.3.5-.3.7s.1.5.3.7z\"\/><\/svg><\/span><\/span><\/span><\/a><\/span><\/div>\n<nav><ul class='ez-toc-list ez-toc-list-level-1 eztoc-toggle-hide-by-default' ><li class='ez-toc-page-1 ez-toc-heading-level-2'><a class=\"ez-toc-link ez-toc-heading-1\" href=\"https:\/\/www.mobilier-design-occasion.fr\/magazine\/collection-margaux-keller-pour-monoprix\/#Qui_est_Margaux_Keller\" >Qui est Margaux Keller?<\/a><\/li><li class='ez-toc-page-1 ez-toc-heading-level-2'><a class=\"ez-toc-link ez-toc-heading-2\" href=\"https:\/\/www.mobilier-design-occasion.fr\/magazine\/collection-margaux-keller-pour-monoprix\/#La_collection_Margaux_Keller_pour_Monoprix\" >La collection Margaux Keller pour Monoprix<\/a><\/li><li class='ez-toc-page-1 ez-toc-heading-level-2'><a class=\"ez-toc-link ez-toc-heading-3\" href=\"https:\/\/www.mobilier-design-occasion.fr\/magazine\/collection-margaux-keller-pour-monoprix\/#Ou_trouver_les_produits_Margaux_Keller_pour_Monoprix\" >O\u00f9 trouver les produits Margaux Keller pour Monoprix?<\/a><ul class='ez-toc-list-level-3' ><li class='ez-toc-heading-level-3'><a class=\"ez-toc-link ez-toc-heading-4\" href=\"https:\/\/www.mobilier-design-occasion.fr\/magazine\/collection-margaux-keller-pour-monoprix\/#Sur_le_site\" >Sur le site<\/a><\/li><li class='ez-toc-page-1 ez-toc-heading-level-3'><a class=\"ez-toc-link ez-toc-heading-5\" href=\"https:\/\/www.mobilier-design-occasion.fr\/magazine\/collection-margaux-keller-pour-monoprix\/#Dans_un_magasin_Monoprix\" >Dans un magasin Monoprix<\/a><\/li><li class='ez-toc-page-1 ez-toc-heading-level-3'><a class=\"ez-toc-link ez-toc-heading-6\" href=\"https:\/\/www.mobilier-design-occasion.fr\/magazine\/collection-margaux-keller-pour-monoprix\/#En_seconde_main\" >En seconde main<\/a><\/li><li class='ez-toc-page-1 ez-toc-heading-level-3'><a class=\"ez-toc-link ez-toc-heading-7\" href=\"https:\/\/www.mobilier-design-occasion.fr\/magazine\/collection-margaux-keller-pour-monoprix\/#Sur_le-shop_de_Margaux_Keller\" >Sur l&#8217;e-shop de Margaux Keller<\/a><\/li><\/ul><\/li><\/ul><\/nav><\/div>\n\n\n\n\n<figure class=\"wp-block-image size-large\"><img loading=\"lazy\" decoding=\"async\" width=\"1024\" height=\"616\" src=\"https:\/\/www.mobilier-design-occasion.fr\/magazine\/wp-content\/uploads\/2022\/05\/Capture-22-1024x616.png\" alt=\"\" class=\"wp-image-4677\" srcset=\"https:\/\/www.mobilier-design-occasion.fr\/magazine\/wp-content\/uploads\/2022\/05\/Capture-22-1024x616.png 1024w, https:\/\/www.mobilier-design-occasion.fr\/magazine\/wp-content\/uploads\/2022\/05\/Capture-22-300x180.png 300w, https:\/\/www.mobilier-design-occasion.fr\/magazine\/wp-content\/uploads\/2022\/05\/Capture-22-768x462.png 768w, https:\/\/www.mobilier-design-occasion.fr\/magazine\/wp-content\/uploads\/2022\/05\/Capture-22-810x487.png 810w, https:\/\/www.mobilier-design-occasion.fr\/magazine\/wp-content\/uploads\/2022\/05\/Capture-22.png 1026w\" sizes=\"auto, (max-width: 1024px) 100vw, 1024px\" \/><figcaption>\u00a9Laure M\u00e9lone<\/figcaption><\/figure>\n\n\n\n<p>En quelques mots, Margaux Keller est une designer fran\u00e7aise originaire du Sud de la <a href=\"https:\/\/www.mobilier-design-occasion.fr\/magazine\/test-avis-sur-ripaton\/\">France<\/a>. Au d\u00e9but des ann\u00e9es 2000, elle quitte Marseille pour continuer ses \u00e9tudes \u00e0 Paris o\u00f9 elle va se sp\u00e9cialiser en design produit \u00e0 l\u2019\u00e9cole ENSAAMA puis \u00e0 l\u2019\u00e9cole Boulle. Elle int\u00e8gre ensuite la prestigieuse agence de Philippe Starck.<\/p>\n\n\n\n<blockquote class=\"wp-block-quote is-layout-flow wp-block-quote-is-layout-flow\"><p><em>On vit en colocation avec nos objets, ils incarnent une petite pr\u00e9sence sympathique<\/em> qu&#8217;on aimerait transmettre<\/p><cite>Margaux Keller<\/cite><\/blockquote>\n\n\n\n<figure class=\"wp-block-image size-large\"><img loading=\"lazy\" decoding=\"async\" width=\"1024\" height=\"903\" src=\"https:\/\/www.mobilier-design-occasion.fr\/magazine\/wp-content\/uploads\/2022\/05\/T8-1-1024x903.jpg\" alt=\"\" class=\"wp-image-4719\" srcset=\"https:\/\/www.mobilier-design-occasion.fr\/magazine\/wp-content\/uploads\/2022\/05\/T8-1-1024x903.jpg 1024w, https:\/\/www.mobilier-design-occasion.fr\/magazine\/wp-content\/uploads\/2022\/05\/T8-1-300x265.jpg 300w, https:\/\/www.mobilier-design-occasion.fr\/magazine\/wp-content\/uploads\/2022\/05\/T8-1-768x677.jpg 768w, https:\/\/www.mobilier-design-occasion.fr\/magazine\/wp-content\/uploads\/2022\/05\/T8-1-1536x1354.jpg 1536w, https:\/\/www.mobilier-design-occasion.fr\/magazine\/wp-content\/uploads\/2022\/05\/T8-1-scaled.jpg 2048w, https:\/\/www.mobilier-design-occasion.fr\/magazine\/wp-content\/uploads\/2022\/05\/T8-1-810x714.jpg 810w, https:\/\/www.mobilier-design-occasion.fr\/magazine\/wp-content\/uploads\/2022\/05\/T8-1-1140x1005.jpg 1140w\" sizes=\"auto, (max-width: 1024px) 100vw, 1024px\" \/><\/figure>\n\n\n\n<p>En 2012, elle fonde son&nbsp;<strong>studio de design<\/strong>&nbsp;dans sa ville de c\u0153ur &#8211; Marseille &#8211; et d\u00e9veloppe sa ma\u00eetrise du design aupr\u00e8s de marques \u00e9clectiques. De Roche Bobois \u00e0 La Redoute Int\u00e9rieurs, en passant par Vista Alegre ou les portes KparK, sa formation tr\u00e8s compl\u00e8te l\u2019am\u00e8ne \u00e0 multiplier les projets, plus encore, <strong>\u00e0<\/strong> <strong>penser le design dans sa globalit\u00e9.<\/strong><\/p>\n\n\n\n<p>Ce qui me s\u00e9duit peut-\u00eatre le plus chez elle c&#8217;est qu&#8217;\u00e0 l\u2019esth\u00e9tique et la fonction, Margaux Keller a ajout\u00e9 l\u2019\u00e9motion. Ce lien qui parfait nous unit \u00e0 l&#8217;objet de mani\u00e8re d\u00e9raisonn\u00e9e. Qui n&#8217;a jamais eu un coup de c\u0153ur pour un vase, un <a href=\"https:\/\/www.mobilier-design-occasion.fr\/magazine\/test-avis-sur-poltronesofa\/\">fauteuil<\/a> ou de la jolie vaisselle d\u00e9licate? <\/p>\n\n\n\n<p>Selon Margaux, \u00ab&nbsp;Il ne se passe rien si le design n\u2019est pas esth\u00e9tique, pratique et \u00e9motionnel&nbsp;\u00bb. <\/p>\n\n\n\n<h2 class=\"wp-block-heading\"><span class=\"ez-toc-section\" id=\"La_collection_Margaux_Keller_pour_Monoprix\"><\/span>La collection Margaux Keller pour Monoprix<span class=\"ez-toc-section-end\"><\/span><\/h2>\n\n\n\n<figure class=\"wp-block-embed is-type-video is-provider-youtube wp-block-embed-youtube wp-embed-aspect-16-9 wp-has-aspect-ratio\"><div class=\"wp-block-embed__wrapper\">\n<iframe loading=\"lazy\" title=\"MARGAUX KELLER X MONOPRIX\" width=\"810\" height=\"456\" src=\"https:\/\/www.youtube.com\/embed\/nVrGk-r6tco?feature=oembed\" frameborder=\"0\" allow=\"accelerometer; autoplay; clipboard-write; encrypted-media; gyroscope; picture-in-picture\" allowfullscreen><\/iframe>\n<\/div><\/figure>\n\n\n\n<p><strong>\u00c9l\u00e9gance, d\u00e9calage et po\u00e9sie sont ses trois mots d\u2019ordre. <\/strong><\/p>\n\n\n\n<p>Pour Monoprix, Margaux Keller dessine une <strong>collection capsule po\u00e9tique et color\u00e9e<\/strong> aux accents du Sud ! <\/p>\n\n\n\n<p>Les fameux motifs proven\u00e7aux sont repens\u00e9s : la cigale et la mouche pr\u00e9sents sur les tissus traditionnels sont r\u00e9interpr\u00e9t\u00e9s, ils deviennent des motifs graphiques, modernes et r\u00e9confortants. <\/p>\n\n\n\n<div class=\"wp-block-columns is-layout-flex wp-container-core-columns-is-layout-9d6595d7 wp-block-columns-is-layout-flex\">\n<div class=\"wp-block-column is-layout-flow wp-block-column-is-layout-flow\">\n<figure class=\"wp-block-image size-large\"><img loading=\"lazy\" decoding=\"async\" width=\"683\" height=\"1024\" src=\"https:\/\/www.mobilier-design-occasion.fr\/magazine\/wp-content\/uploads\/2022\/05\/BD2022-01MARGAUXKELLERMONOPRIX\u00a9L.Melone-3547-683x1024.jpg\" alt=\"\" class=\"wp-image-4688\" srcset=\"https:\/\/www.mobilier-design-occasion.fr\/magazine\/wp-content\/uploads\/2022\/05\/BD2022-01MARGAUXKELLERMONOPRIX\u00a9L.Melone-3547-683x1024.jpg 683w, https:\/\/www.mobilier-design-occasion.fr\/magazine\/wp-content\/uploads\/2022\/05\/BD2022-01MARGAUXKELLERMONOPRIX\u00a9L.Melone-3547-200x300.jpg 200w, https:\/\/www.mobilier-design-occasion.fr\/magazine\/wp-content\/uploads\/2022\/05\/BD2022-01MARGAUXKELLERMONOPRIX\u00a9L.Melone-3547.jpg 750w\" sizes=\"auto, (max-width: 683px) 100vw, 683px\" \/><\/figure>\n<\/div>\n\n\n\n<div class=\"wp-block-column is-layout-flow wp-block-column-is-layout-flow\"><\/div>\n<\/div>\n\n\n\n<p>Marseille est au c\u0153ur du nuancier de cette nouvelle collaboration : <\/p>\n\n\n\n<ul class=\"wp-block-list\"><li><strong>le bleu azur\u00e9<\/strong><\/li><li>l\u2019ancestral <strong>ocre jaune<\/strong> <\/li><li>le <strong>rose calcaire<\/strong> <\/li><li>et le<strong> vert profond des pins parasol<\/strong><\/li><\/ul>\n\n\n\n<p>On retrouve la po\u00e9sie de Margaux Keller \u00e0 travers une gamme d\u2019objets comme des vases, des assiettes, des saladiers, des bougies, des lampes et de petit <a href=\"https:\/\/www.mobilier-design-occasion.fr\/magazine\/test-avis-sur-la-redoute-interieurs-am-pm\/\">mobilier<\/a> <strong>accessible et d\u00e9mocratique<\/strong>. <\/p>\n\n\n\n<p>La designer s\u2019est aussi mesur\u00e9e pour la premi\u00e8re fois \u00e0 l\u2019exercice du <strong>pr\u00eat-\u00e0-porter<\/strong>: des pi\u00e8ces color\u00e9es, uniques et \u00e9l\u00e9gantes fabriqu\u00e9es par Creative Handicrafts, une association bas\u00e9e en Inde favorisant la r\u00e9insertion des femmes que soutient Monoprix depuis 2006.<\/p>\n\n\n\n<div class=\"wp-block-columns is-layout-flex wp-container-core-columns-is-layout-9d6595d7 wp-block-columns-is-layout-flex\">\n<div class=\"wp-block-column is-layout-flow wp-block-column-is-layout-flow\">\n<figure class=\"wp-block-image size-large\"><img loading=\"lazy\" decoding=\"async\" width=\"683\" height=\"1024\" src=\"https:\/\/www.mobilier-design-occasion.fr\/magazine\/wp-content\/uploads\/2022\/05\/BD2022-01MARGAUXKELLERMONOPRIX\u00a9L.Melone-3513-683x1024.jpg\" alt=\"\" class=\"wp-image-4681\" srcset=\"https:\/\/www.mobilier-design-occasion.fr\/magazine\/wp-content\/uploads\/2022\/05\/BD2022-01MARGAUXKELLERMONOPRIX\u00a9L.Melone-3513-683x1024.jpg 683w, https:\/\/www.mobilier-design-occasion.fr\/magazine\/wp-content\/uploads\/2022\/05\/BD2022-01MARGAUXKELLERMONOPRIX\u00a9L.Melone-3513-200x300.jpg 200w, https:\/\/www.mobilier-design-occasion.fr\/magazine\/wp-content\/uploads\/2022\/05\/BD2022-01MARGAUXKELLERMONOPRIX\u00a9L.Melone-3513.jpg 750w\" sizes=\"auto, (max-width: 683px) 100vw, 683px\" \/><\/figure>\n<\/div>\n\n\n\n<div class=\"wp-block-column is-layout-flow wp-block-column-is-layout-flow\"><\/div>\n<\/div>\n\n\n\n<div class=\"wp-block-columns is-layout-flex wp-container-core-columns-is-layout-9d6595d7 wp-block-columns-is-layout-flex\">\n<div class=\"wp-block-column is-layout-flow wp-block-column-is-layout-flow\">\n<figure class=\"wp-block-image size-large\"><img loading=\"lazy\" decoding=\"async\" width=\"735\" height=\"1024\" src=\"https:\/\/www.mobilier-design-occasion.fr\/magazine\/wp-content\/uploads\/2022\/05\/BD2022-01MARGAUXKELLERMONOPRIX\u00a9L.Melone-3744-1-735x1024.jpg\" alt=\"\" class=\"wp-image-4686\" srcset=\"https:\/\/www.mobilier-design-occasion.fr\/magazine\/wp-content\/uploads\/2022\/05\/BD2022-01MARGAUXKELLERMONOPRIX\u00a9L.Melone-3744-1-735x1024.jpg 735w, https:\/\/www.mobilier-design-occasion.fr\/magazine\/wp-content\/uploads\/2022\/05\/BD2022-01MARGAUXKELLERMONOPRIX\u00a9L.Melone-3744-1-215x300.jpg 215w, https:\/\/www.mobilier-design-occasion.fr\/magazine\/wp-content\/uploads\/2022\/05\/BD2022-01MARGAUXKELLERMONOPRIX\u00a9L.Melone-3744-1.jpg 750w\" sizes=\"auto, (max-width: 735px) 100vw, 735px\" \/><\/figure>\n<\/div>\n\n\n\n<div class=\"wp-block-column is-layout-flow wp-block-column-is-layout-flow\"><\/div>\n<\/div>\n\n\n\n<h2 class=\"wp-block-heading\"><span class=\"ez-toc-section\" id=\"Ou_trouver_les_produits_Margaux_Keller_pour_Monoprix\"><\/span>O\u00f9 trouver les produits Margaux Keller pour Monoprix?<span class=\"ez-toc-section-end\"><\/span><\/h2>\n\n\n\n<h3 class=\"wp-block-heading\"><span class=\"ez-toc-section\" id=\"Sur_le_site\"><\/span>Sur le site<span class=\"ez-toc-section-end\"><\/span><\/h3>\n\n\n\n<p>La collection capsule de Margaux Keller pour Monoprix se trouve sur le site internet de Monoprix, dans la cat\u00e9gorie &#8220;Maison &amp; Loisirs&#8221;: <a href=\"https:\/\/www.monoprix.fr\/maison\">https:\/\/www.monoprix.fr\/maison<\/a><\/p>\n\n\n\n<p>Cependant, \u00e0 l&#8217;heure o\u00f9 vous lisez cet article, il ne restera malheureusement plus beaucoup de stock au vu des nombreux commentaires sur les r\u00e9seaux sociaux de clients insatisfaits du peu de stock disponible seulement quelques jours voir heures apr\u00e8s la mise en ligne de la collection capsule.<\/p>\n\n\n\n<figure class=\"wp-block-image size-large\"><a href=\"https:\/\/www.instagram.com\/p\/Cd-d-7vqu8X\/\"><img loading=\"lazy\" decoding=\"async\" width=\"1024\" height=\"581\" src=\"https:\/\/www.mobilier-design-occasion.fr\/magazine\/wp-content\/uploads\/2022\/05\/Capture-24-1024x581.png\" alt=\"\" class=\"wp-image-4692\" srcset=\"https:\/\/www.mobilier-design-occasion.fr\/magazine\/wp-content\/uploads\/2022\/05\/Capture-24-1024x581.png 1024w, https:\/\/www.mobilier-design-occasion.fr\/magazine\/wp-content\/uploads\/2022\/05\/Capture-24-300x170.png 300w, https:\/\/www.mobilier-design-occasion.fr\/magazine\/wp-content\/uploads\/2022\/05\/Capture-24-768x436.png 768w, https:\/\/www.mobilier-design-occasion.fr\/magazine\/wp-content\/uploads\/2022\/05\/Capture-24-810x460.png 810w, https:\/\/www.mobilier-design-occasion.fr\/magazine\/wp-content\/uploads\/2022\/05\/Capture-24-1140x647.png 1140w, https:\/\/www.mobilier-design-occasion.fr\/magazine\/wp-content\/uploads\/2022\/05\/Capture-24.png 1461w\" sizes=\"auto, (max-width: 1024px) 100vw, 1024px\" \/><\/a><\/figure>\n\n\n\n<h3 class=\"wp-block-heading\"><span class=\"ez-toc-section\" id=\"Dans_un_magasin_Monoprix\"><\/span>Dans un magasin Monoprix<span class=\"ez-toc-section-end\"><\/span><\/h3>\n\n\n\n<p>Si par chance vous habitez Paris ou pr\u00e8s d&#8217;une grande ville, vous pouvez encore vous rendre dans le Monoprix de votre quartier o\u00f9 vous aurez probablement un peu plus de choix qu&#8217;en ligne. <\/p>\n\n\n\n<p>Retrouvez tous les magasins Monoprix en tapant votre code postal <a href=\"https:\/\/www.monoprix.fr\/trouver-nos-magasins\">ici<\/a><\/p>\n\n\n\n<div class=\"wp-block-columns is-layout-flex wp-container-core-columns-is-layout-9d6595d7 wp-block-columns-is-layout-flex\">\n<div class=\"wp-block-column is-layout-flow wp-block-column-is-layout-flow\">\n<figure class=\"wp-block-image size-full\"><a href=\"https:\/\/www.monoprix.fr\/mode\/mk-maison-cat2442248\"><img loading=\"lazy\" decoding=\"async\" width=\"768\" height=\"755\" src=\"https:\/\/www.mobilier-design-occasion.fr\/magazine\/wp-content\/uploads\/2022\/05\/Capture-23.png\" alt=\"\" class=\"wp-image-4679\" srcset=\"https:\/\/www.mobilier-design-occasion.fr\/magazine\/wp-content\/uploads\/2022\/05\/Capture-23.png 768w, https:\/\/www.mobilier-design-occasion.fr\/magazine\/wp-content\/uploads\/2022\/05\/Capture-23-300x295.png 300w\" sizes=\"auto, (max-width: 768px) 100vw, 768px\" \/><\/a><\/figure>\n<\/div>\n\n\n\n<div class=\"wp-block-column is-layout-flow wp-block-column-is-layout-flow\">\n<figure class=\"wp-block-image size-full\"><a href=\"https:\/\/www.monoprix.fr\/mode\/mk-maison-cat2442248\"><img loading=\"lazy\" decoding=\"async\" width=\"789\" height=\"707\" src=\"https:\/\/www.mobilier-design-occasion.fr\/magazine\/wp-content\/uploads\/2022\/05\/Capture2-6.png\" alt=\"\" class=\"wp-image-4680\" srcset=\"https:\/\/www.mobilier-design-occasion.fr\/magazine\/wp-content\/uploads\/2022\/05\/Capture2-6.png 789w, https:\/\/www.mobilier-design-occasion.fr\/magazine\/wp-content\/uploads\/2022\/05\/Capture2-6-300x269.png 300w, https:\/\/www.mobilier-design-occasion.fr\/magazine\/wp-content\/uploads\/2022\/05\/Capture2-6-768x688.png 768w\" sizes=\"auto, (max-width: 789px) 100vw, 789px\" \/><\/a><\/figure>\n<\/div>\n<\/div>\n\n\n\n<figure class=\"wp-block-image size-full\"><img loading=\"lazy\" decoding=\"async\" width=\"1000\" height=\"667\" src=\"https:\/\/www.mobilier-design-occasion.fr\/magazine\/wp-content\/uploads\/2022\/05\/BD2022-01MARGAUXKELLERMONOPRIX\u00a9L.Melone-3647.jpg\" alt=\"\" class=\"wp-image-4683\" srcset=\"https:\/\/www.mobilier-design-occasion.fr\/magazine\/wp-content\/uploads\/2022\/05\/BD2022-01MARGAUXKELLERMONOPRIX\u00a9L.Melone-3647.jpg 1000w, https:\/\/www.mobilier-design-occasion.fr\/magazine\/wp-content\/uploads\/2022\/05\/BD2022-01MARGAUXKELLERMONOPRIX\u00a9L.Melone-3647-300x200.jpg 300w, https:\/\/www.mobilier-design-occasion.fr\/magazine\/wp-content\/uploads\/2022\/05\/BD2022-01MARGAUXKELLERMONOPRIX\u00a9L.Melone-3647-768x512.jpg 768w, https:\/\/www.mobilier-design-occasion.fr\/magazine\/wp-content\/uploads\/2022\/05\/BD2022-01MARGAUXKELLERMONOPRIX\u00a9L.Melone-3647-810x540.jpg 810w\" sizes=\"auto, (max-width: 1000px) 100vw, 1000px\" \/><\/figure>\n\n\n\n<h3 class=\"wp-block-heading\"><span class=\"ez-toc-section\" id=\"En_seconde_main\"><\/span>En seconde main<span class=\"ez-toc-section-end\"><\/span><\/h3>\n\n\n\n<p>Si comme moi, vous n&#8217;habitez pas une grande ville et que vous n&#8217;avez pas \u00e9t\u00e9 assez rapide pour shopper les pi\u00e8ces de vos r\u00eaves (j&#8217;imaginais d\u00e9j\u00e0 le <a href=\"https:\/\/www.mobilier-design-occasion.fr\/magazine\/pourquoi-adopter-un-tapis-en-jute-dans-son-salon\/\">tapis<\/a> dans mon salon et la petite lampe rose sur ma table de <a href=\"https:\/\/www.mobilier-design-occasion.fr\/magazine\/combien-dheures-de-sommeil-pour-mon-enfant\/\">nuit<\/a>..) vous pouvez vous tourner vers les sites de <a href=\"https:\/\/www.mobilier-design-occasion.fr\/magazine\/reussir-a-vendre-son-mobilier\/\">seconde main<\/a>:<\/p>\n\n\n\n<ul class=\"wp-block-list\"><li>LeBonCoin: https:\/\/www.leboncoin.fr\/recherche?text=margaux%20keller<\/li><li>Marketplace<\/li><li>Site-annonce.fr<\/li><li>Vinted<\/li><\/ul>\n\n\n\n<p>Petit b\u00e9mol: soyez pr\u00eats \u00e0 payer le prix fort&#8230; car ceux qui ont eu la chance de pouvoir acheter ces objets directement, n&#8217;ont aucun scrupule <strong>\u00e0 vendre \u00e0 un prix 2 voir 3 fois sup\u00e9rieur au prix de vente<\/strong> affich\u00e9 sur le site de Monoprix quelques jours plus t\u00f4t.<\/p>\n\n\n\n<h3 class=\"wp-block-heading\"><span class=\"ez-toc-section\" id=\"Sur_le-shop_de_Margaux_Keller\"><\/span>Sur l&#8217;e-shop de Margaux Keller<span class=\"ez-toc-section-end\"><\/span><\/h3>\n\n\n\n<p>Si vous avez d\u00e9couvert Margaux Keller et que vous \u00eates tomb\u00e9.e sous le charme de son talent, son e-shop est disponible sur son site internet \u00e0 l&#8217;adresse suivante: <a href=\"https:\/\/www.margauxkellercollections.com\/\">https:\/\/www.margauxkellercollections.com\/<\/a><\/p>\n\n\n\n<p>Loin de la collab avec Monoprix et de la volont\u00e9 de d\u00e9mocratiser le design, vous \u00eates alors dans du &#8220;vrai&#8221; design avec la qualit\u00e9 et les prix en ad\u00e9quation \ud83d\ude42<\/p>\n\n\n\n<figure class=\"wp-block-image size-large\"><img loading=\"lazy\" decoding=\"async\" width=\"1024\" height=\"683\" src=\"https:\/\/www.mobilier-design-occasion.fr\/magazine\/wp-content\/uploads\/2022\/05\/BD2022-01MARGAUXKELLERMONOPRIX\u00a9L.Melone-3556-1024x683.jpg\" alt=\"\" class=\"wp-image-4689\" srcset=\"https:\/\/www.mobilier-design-occasion.fr\/magazine\/wp-content\/uploads\/2022\/05\/BD2022-01MARGAUXKELLERMONOPRIX\u00a9L.Melone-3556-1024x683.jpg 1024w, https:\/\/www.mobilier-design-occasion.fr\/magazine\/wp-content\/uploads\/2022\/05\/BD2022-01MARGAUXKELLERMONOPRIX\u00a9L.Melone-3556-300x200.jpg 300w, https:\/\/www.mobilier-design-occasion.fr\/magazine\/wp-content\/uploads\/2022\/05\/BD2022-01MARGAUXKELLERMONOPRIX\u00a9L.Melone-3556-768x512.jpg 768w, https:\/\/www.mobilier-design-occasion.fr\/magazine\/wp-content\/uploads\/2022\/05\/BD2022-01MARGAUXKELLERMONOPRIX\u00a9L.Melone-3556-810x540.jpg 810w, https:\/\/www.mobilier-design-occasion.fr\/magazine\/wp-content\/uploads\/2022\/05\/BD2022-01MARGAUXKELLERMONOPRIX\u00a9L.Melone-3556-1140x760.jpg 1140w, https:\/\/www.mobilier-design-occasion.fr\/magazine\/wp-content\/uploads\/2022\/05\/BD2022-01MARGAUXKELLERMONOPRIX\u00a9L.Melone-3556.jpg 1500w\" sizes=\"auto, (max-width: 1024px) 100vw, 1024px\" \/><\/figure>\n\n\n\n<p> <\/p>\n","protected":false},"excerpt":{"rendered":"<p>Rendre le design accessible \u00e0 tous? Monoprix continue sur sa lanc\u00e9e en s&#8217;associant avec des designers de renomm\u00e9e internationale pour cr\u00e9er des collections capsules qui cartonnent. La date de sortie de cette collection ultra limit\u00e9e de Margaux Keller pour Monoprix avait \u00e9t\u00e9 annonc\u00e9e il y a des mois (ndlr en novembre 2021 par Fashionnetwork) et [&hellip;]<\/p>\n","protected":false},"author":1,"featured_media":4721,"comment_status":"open","ping_status":"open","sticky":false,"template":"","format":"standard","meta":{"footnotes":""},"categories":[2],"tags":[],"class_list":["post-4676","post","type-post","status-publish","format-standard","has-post-thumbnail","hentry","category-tendances"],"yoast_head":"<!-- This site is optimized with the Yoast SEO plugin v27.5 - https:\/\/yoast.com\/product\/yoast-seo-wordpress\/ -->\n<title>Le (bad)buzz de la collection Margaux Keller pour Monoprix? - Mobilier Design Magazine<\/title>\n<meta name=\"robots\" content=\"index, follow, max-snippet:-1, max-image-preview:large, max-video-preview:-1\" \/>\n<link rel=\"canonical\" href=\"https:\/\/www.mobilier-design-occasion.fr\/magazine\/collection-margaux-keller-pour-monoprix\/\" \/>\n<meta property=\"og:locale\" content=\"fr_FR\" \/>\n<meta property=\"og:type\" content=\"article\" \/>\n<meta property=\"og:title\" content=\"Le (bad)buzz de la collection Margaux Keller pour Monoprix? - Mobilier Design Magazine\" \/>\n<meta property=\"og:description\" content=\"Rendre le design accessible \u00e0 tous? Monoprix continue sur sa lanc\u00e9e en s&#8217;associant avec des designers de renomm\u00e9e internationale pour cr\u00e9er des collections capsules qui cartonnent. La date de sortie de cette collection ultra limit\u00e9e de Margaux Keller pour Monoprix avait \u00e9t\u00e9 annonc\u00e9e il y a des mois (ndlr en novembre 2021 par Fashionnetwork) et [&hellip;]\" \/>\n<meta property=\"og:url\" content=\"https:\/\/www.mobilier-design-occasion.fr\/magazine\/collection-margaux-keller-pour-monoprix\/\" \/>\n<meta property=\"og:site_name\" content=\"Mobilier Design Magazine\" \/>\n<meta property=\"article:publisher\" content=\"https:\/\/www.facebook.com\/mobilierdesignoccasion\" \/>\n<meta property=\"article:published_time\" content=\"2022-05-30T09:24:55+00:00\" \/>\n<meta property=\"article:modified_time\" content=\"2022-05-31T13:14:39+00:00\" \/>\n<meta property=\"og:image\" content=\"https:\/\/www.mobilier-design-occasion.fr\/magazine\/wp-content\/uploads\/2022\/05\/T1.jpg\" \/>\n\t<meta property=\"og:image:width\" content=\"1000\" \/>\n\t<meta property=\"og:image:height\" content=\"1500\" \/>\n\t<meta property=\"og:image:type\" content=\"image\/jpeg\" \/>\n<meta name=\"author\" content=\"Cyrielle Poirot\" \/>\n<meta name=\"twitter:card\" content=\"summary_large_image\" \/>\n<meta name=\"twitter:label1\" content=\"\u00c9crit par\" \/>\n\t<meta name=\"twitter:data1\" content=\"Cyrielle Poirot\" \/>\n\t<meta name=\"twitter:label2\" content=\"Dur\u00e9e de lecture estim\u00e9e\" \/>\n\t<meta name=\"twitter:data2\" content=\"4 minutes\" \/>\n<script type=\"application\/ld+json\" class=\"yoast-schema-graph\">{\"@context\":\"https:\\\/\\\/schema.org\",\"@graph\":[{\"@type\":\"Article\",\"@id\":\"https:\\\/\\\/www.mobilier-design-occasion.fr\\\/magazine\\\/collection-margaux-keller-pour-monoprix\\\/#article\",\"isPartOf\":{\"@id\":\"https:\\\/\\\/www.mobilier-design-occasion.fr\\\/magazine\\\/collection-margaux-keller-pour-monoprix\\\/\"},\"author\":{\"name\":\"Cyrielle Poirot\",\"@id\":\"https:\\\/\\\/www.mobilier-design-occasion.fr\\\/magazine\\\/#\\\/schema\\\/person\\\/5b2e5627a714ddadaaf8c9b886c55eff\"},\"headline\":\"Le (bad)buzz de la collection Margaux Keller pour Monoprix?\",\"datePublished\":\"2022-05-30T09:24:55+00:00\",\"dateModified\":\"2022-05-31T13:14:39+00:00\",\"mainEntityOfPage\":{\"@id\":\"https:\\\/\\\/www.mobilier-design-occasion.fr\\\/magazine\\\/collection-margaux-keller-pour-monoprix\\\/\"},\"wordCount\":827,\"commentCount\":1,\"publisher\":{\"@id\":\"https:\\\/\\\/www.mobilier-design-occasion.fr\\\/magazine\\\/#organization\"},\"image\":{\"@id\":\"https:\\\/\\\/www.mobilier-design-occasion.fr\\\/magazine\\\/collection-margaux-keller-pour-monoprix\\\/#primaryimage\"},\"thumbnailUrl\":\"https:\\\/\\\/www.mobilier-design-occasion.fr\\\/magazine\\\/wp-content\\\/uploads\\\/2022\\\/05\\\/T1.jpg\",\"articleSection\":[\"Tendances\"],\"inLanguage\":\"fr-FR\",\"potentialAction\":[{\"@type\":\"CommentAction\",\"name\":\"Comment\",\"target\":[\"https:\\\/\\\/www.mobilier-design-occasion.fr\\\/magazine\\\/collection-margaux-keller-pour-monoprix\\\/#respond\"]}]},{\"@type\":\"WebPage\",\"@id\":\"https:\\\/\\\/www.mobilier-design-occasion.fr\\\/magazine\\\/collection-margaux-keller-pour-monoprix\\\/\",\"url\":\"https:\\\/\\\/www.mobilier-design-occasion.fr\\\/magazine\\\/collection-margaux-keller-pour-monoprix\\\/\",\"name\":\"Le (bad)buzz de la collection Margaux Keller pour Monoprix? - Mobilier Design Magazine\",\"isPartOf\":{\"@id\":\"https:\\\/\\\/www.mobilier-design-occasion.fr\\\/magazine\\\/#website\"},\"primaryImageOfPage\":{\"@id\":\"https:\\\/\\\/www.mobilier-design-occasion.fr\\\/magazine\\\/collection-margaux-keller-pour-monoprix\\\/#primaryimage\"},\"image\":{\"@id\":\"https:\\\/\\\/www.mobilier-design-occasion.fr\\\/magazine\\\/collection-margaux-keller-pour-monoprix\\\/#primaryimage\"},\"thumbnailUrl\":\"https:\\\/\\\/www.mobilier-design-occasion.fr\\\/magazine\\\/wp-content\\\/uploads\\\/2022\\\/05\\\/T1.jpg\",\"datePublished\":\"2022-05-30T09:24:55+00:00\",\"dateModified\":\"2022-05-31T13:14:39+00:00\",\"breadcrumb\":{\"@id\":\"https:\\\/\\\/www.mobilier-design-occasion.fr\\\/magazine\\\/collection-margaux-keller-pour-monoprix\\\/#breadcrumb\"},\"inLanguage\":\"fr-FR\",\"potentialAction\":[{\"@type\":\"ReadAction\",\"target\":[\"https:\\\/\\\/www.mobilier-design-occasion.fr\\\/magazine\\\/collection-margaux-keller-pour-monoprix\\\/\"]}]},{\"@type\":\"ImageObject\",\"inLanguage\":\"fr-FR\",\"@id\":\"https:\\\/\\\/www.mobilier-design-occasion.fr\\\/magazine\\\/collection-margaux-keller-pour-monoprix\\\/#primaryimage\",\"url\":\"https:\\\/\\\/www.mobilier-design-occasion.fr\\\/magazine\\\/wp-content\\\/uploads\\\/2022\\\/05\\\/T1.jpg\",\"contentUrl\":\"https:\\\/\\\/www.mobilier-design-occasion.fr\\\/magazine\\\/wp-content\\\/uploads\\\/2022\\\/05\\\/T1.jpg\",\"width\":1000,\"height\":1500},{\"@type\":\"BreadcrumbList\",\"@id\":\"https:\\\/\\\/www.mobilier-design-occasion.fr\\\/magazine\\\/collection-margaux-keller-pour-monoprix\\\/#breadcrumb\",\"itemListElement\":[{\"@type\":\"ListItem\",\"position\":1,\"name\":\"Accueil\",\"item\":\"https:\\\/\\\/www.mobilier-design-occasion.fr\\\/magazine\\\/\"},{\"@type\":\"ListItem\",\"position\":2,\"name\":\"Le (bad)buzz de la collection Margaux Keller pour Monoprix?\"}]},{\"@type\":\"WebSite\",\"@id\":\"https:\\\/\\\/www.mobilier-design-occasion.fr\\\/magazine\\\/#website\",\"url\":\"https:\\\/\\\/www.mobilier-design-occasion.fr\\\/magazine\\\/\",\"name\":\"Mobilier Design Magazine\",\"description\":\"\",\"publisher\":{\"@id\":\"https:\\\/\\\/www.mobilier-design-occasion.fr\\\/magazine\\\/#organization\"},\"potentialAction\":[{\"@type\":\"SearchAction\",\"target\":{\"@type\":\"EntryPoint\",\"urlTemplate\":\"https:\\\/\\\/www.mobilier-design-occasion.fr\\\/magazine\\\/?s={search_term_string}\"},\"query-input\":{\"@type\":\"PropertyValueSpecification\",\"valueRequired\":true,\"valueName\":\"search_term_string\"}}],\"inLanguage\":\"fr-FR\"},{\"@type\":\"Organization\",\"@id\":\"https:\\\/\\\/www.mobilier-design-occasion.fr\\\/magazine\\\/#organization\",\"name\":\"Mobilier Design Magazine\",\"url\":\"https:\\\/\\\/www.mobilier-design-occasion.fr\\\/magazine\\\/\",\"logo\":{\"@type\":\"ImageObject\",\"inLanguage\":\"fr-FR\",\"@id\":\"https:\\\/\\\/www.mobilier-design-occasion.fr\\\/magazine\\\/#\\\/schema\\\/logo\\\/image\\\/\",\"url\":\"https:\\\/\\\/www.mobilier-design-occasion.fr\\\/magazine\\\/wp-content\\\/uploads\\\/2024\\\/02\\\/android-chrome-192x192-1.png\",\"contentUrl\":\"https:\\\/\\\/www.mobilier-design-occasion.fr\\\/magazine\\\/wp-content\\\/uploads\\\/2024\\\/02\\\/android-chrome-192x192-1.png\",\"width\":192,\"height\":192,\"caption\":\"Mobilier Design Magazine\"},\"image\":{\"@id\":\"https:\\\/\\\/www.mobilier-design-occasion.fr\\\/magazine\\\/#\\\/schema\\\/logo\\\/image\\\/\"},\"sameAs\":[\"https:\\\/\\\/www.facebook.com\\\/mobilierdesignoccasion\"]},{\"@type\":\"Person\",\"@id\":\"https:\\\/\\\/www.mobilier-design-occasion.fr\\\/magazine\\\/#\\\/schema\\\/person\\\/5b2e5627a714ddadaaf8c9b886c55eff\",\"name\":\"Cyrielle Poirot\",\"image\":{\"@type\":\"ImageObject\",\"inLanguage\":\"fr-FR\",\"@id\":\"https:\\\/\\\/secure.gravatar.com\\\/avatar\\\/c8d2674e093b06894d8d1dc468b626bd752523471f3ac6e75f7c7a1400d40b4d?s=96&d=mm&r=g\",\"url\":\"https:\\\/\\\/secure.gravatar.com\\\/avatar\\\/c8d2674e093b06894d8d1dc468b626bd752523471f3ac6e75f7c7a1400d40b4d?s=96&d=mm&r=g\",\"contentUrl\":\"https:\\\/\\\/secure.gravatar.com\\\/avatar\\\/c8d2674e093b06894d8d1dc468b626bd752523471f3ac6e75f7c7a1400d40b4d?s=96&d=mm&r=g\",\"caption\":\"Cyrielle Poirot\"},\"description\":\"Cyrielle est passionn\u00e9e par la d\u00e9coration d'int\u00e9rieur et s'est sp\u00e9cialis\u00e9e depuis quelques ann\u00e9es dans l'\u00e9dition du site Mobilier-Design, avec une touche sp\u00e9cifique pour les produits d'occasion.\",\"sameAs\":[\"https:\\\/\\\/www.mobilier-design-occasion.fr\\\/magazine\"],\"url\":\"https:\\\/\\\/www.mobilier-design-occasion.fr\\\/magazine\\\/author\\\/cyrielle\\\/\"}]}<\/script>\n<!-- \/ Yoast SEO plugin. -->","yoast_head_json":{"title":"Le (bad)buzz de la collection Margaux Keller pour Monoprix? - Mobilier Design Magazine","robots":{"index":"index","follow":"follow","max-snippet":"max-snippet:-1","max-image-preview":"max-image-preview:large","max-video-preview":"max-video-preview:-1"},"canonical":"https:\/\/www.mobilier-design-occasion.fr\/magazine\/collection-margaux-keller-pour-monoprix\/","og_locale":"fr_FR","og_type":"article","og_title":"Le (bad)buzz de la collection Margaux Keller pour Monoprix? - Mobilier Design Magazine","og_description":"Rendre le design accessible \u00e0 tous? Monoprix continue sur sa lanc\u00e9e en s&#8217;associant avec des designers de renomm\u00e9e internationale pour cr\u00e9er des collections capsules qui cartonnent. La date de sortie de cette collection ultra limit\u00e9e de Margaux Keller pour Monoprix avait \u00e9t\u00e9 annonc\u00e9e il y a des mois (ndlr en novembre 2021 par Fashionnetwork) et [&hellip;]","og_url":"https:\/\/www.mobilier-design-occasion.fr\/magazine\/collection-margaux-keller-pour-monoprix\/","og_site_name":"Mobilier Design Magazine","article_publisher":"https:\/\/www.facebook.com\/mobilierdesignoccasion","article_published_time":"2022-05-30T09:24:55+00:00","article_modified_time":"2022-05-31T13:14:39+00:00","og_image":[{"width":1000,"height":1500,"url":"https:\/\/www.mobilier-design-occasion.fr\/magazine\/wp-content\/uploads\/2022\/05\/T1.jpg","type":"image\/jpeg"}],"author":"Cyrielle Poirot","twitter_card":"summary_large_image","twitter_misc":{"\u00c9crit par":"Cyrielle Poirot","Dur\u00e9e de lecture estim\u00e9e":"4 minutes"},"schema":{"@context":"https:\/\/schema.org","@graph":[{"@type":"Article","@id":"https:\/\/www.mobilier-design-occasion.fr\/magazine\/collection-margaux-keller-pour-monoprix\/#article","isPartOf":{"@id":"https:\/\/www.mobilier-design-occasion.fr\/magazine\/collection-margaux-keller-pour-monoprix\/"},"author":{"name":"Cyrielle Poirot","@id":"https:\/\/www.mobilier-design-occasion.fr\/magazine\/#\/schema\/person\/5b2e5627a714ddadaaf8c9b886c55eff"},"headline":"Le (bad)buzz de la collection Margaux Keller pour Monoprix?","datePublished":"2022-05-30T09:24:55+00:00","dateModified":"2022-05-31T13:14:39+00:00","mainEntityOfPage":{"@id":"https:\/\/www.mobilier-design-occasion.fr\/magazine\/collection-margaux-keller-pour-monoprix\/"},"wordCount":827,"commentCount":1,"publisher":{"@id":"https:\/\/www.mobilier-design-occasion.fr\/magazine\/#organization"},"image":{"@id":"https:\/\/www.mobilier-design-occasion.fr\/magazine\/collection-margaux-keller-pour-monoprix\/#primaryimage"},"thumbnailUrl":"https:\/\/www.mobilier-design-occasion.fr\/magazine\/wp-content\/uploads\/2022\/05\/T1.jpg","articleSection":["Tendances"],"inLanguage":"fr-FR","potentialAction":[{"@type":"CommentAction","name":"Comment","target":["https:\/\/www.mobilier-design-occasion.fr\/magazine\/collection-margaux-keller-pour-monoprix\/#respond"]}]},{"@type":"WebPage","@id":"https:\/\/www.mobilier-design-occasion.fr\/magazine\/collection-margaux-keller-pour-monoprix\/","url":"https:\/\/www.mobilier-design-occasion.fr\/magazine\/collection-margaux-keller-pour-monoprix\/","name":"Le (bad)buzz de la collection Margaux Keller pour Monoprix? - Mobilier Design Magazine","isPartOf":{"@id":"https:\/\/www.mobilier-design-occasion.fr\/magazine\/#website"},"primaryImageOfPage":{"@id":"https:\/\/www.mobilier-design-occasion.fr\/magazine\/collection-margaux-keller-pour-monoprix\/#primaryimage"},"image":{"@id":"https:\/\/www.mobilier-design-occasion.fr\/magazine\/collection-margaux-keller-pour-monoprix\/#primaryimage"},"thumbnailUrl":"https:\/\/www.mobilier-design-occasion.fr\/magazine\/wp-content\/uploads\/2022\/05\/T1.jpg","datePublished":"2022-05-30T09:24:55+00:00","dateModified":"2022-05-31T13:14:39+00:00","breadcrumb":{"@id":"https:\/\/www.mobilier-design-occasion.fr\/magazine\/collection-margaux-keller-pour-monoprix\/#breadcrumb"},"inLanguage":"fr-FR","potentialAction":[{"@type":"ReadAction","target":["https:\/\/www.mobilier-design-occasion.fr\/magazine\/collection-margaux-keller-pour-monoprix\/"]}]},{"@type":"ImageObject","inLanguage":"fr-FR","@id":"https:\/\/www.mobilier-design-occasion.fr\/magazine\/collection-margaux-keller-pour-monoprix\/#primaryimage","url":"https:\/\/www.mobilier-design-occasion.fr\/magazine\/wp-content\/uploads\/2022\/05\/T1.jpg","contentUrl":"https:\/\/www.mobilier-design-occasion.fr\/magazine\/wp-content\/uploads\/2022\/05\/T1.jpg","width":1000,"height":1500},{"@type":"BreadcrumbList","@id":"https:\/\/www.mobilier-design-occasion.fr\/magazine\/collection-margaux-keller-pour-monoprix\/#breadcrumb","itemListElement":[{"@type":"ListItem","position":1,"name":"Accueil","item":"https:\/\/www.mobilier-design-occasion.fr\/magazine\/"},{"@type":"ListItem","position":2,"name":"Le (bad)buzz de la collection Margaux Keller pour Monoprix?"}]},{"@type":"WebSite","@id":"https:\/\/www.mobilier-design-occasion.fr\/magazine\/#website","url":"https:\/\/www.mobilier-design-occasion.fr\/magazine\/","name":"Mobilier Design Magazine","description":"","publisher":{"@id":"https:\/\/www.mobilier-design-occasion.fr\/magazine\/#organization"},"potentialAction":[{"@type":"SearchAction","target":{"@type":"EntryPoint","urlTemplate":"https:\/\/www.mobilier-design-occasion.fr\/magazine\/?s={search_term_string}"},"query-input":{"@type":"PropertyValueSpecification","valueRequired":true,"valueName":"search_term_string"}}],"inLanguage":"fr-FR"},{"@type":"Organization","@id":"https:\/\/www.mobilier-design-occasion.fr\/magazine\/#organization","name":"Mobilier Design Magazine","url":"https:\/\/www.mobilier-design-occasion.fr\/magazine\/","logo":{"@type":"ImageObject","inLanguage":"fr-FR","@id":"https:\/\/www.mobilier-design-occasion.fr\/magazine\/#\/schema\/logo\/image\/","url":"https:\/\/www.mobilier-design-occasion.fr\/magazine\/wp-content\/uploads\/2024\/02\/android-chrome-192x192-1.png","contentUrl":"https:\/\/www.mobilier-design-occasion.fr\/magazine\/wp-content\/uploads\/2024\/02\/android-chrome-192x192-1.png","width":192,"height":192,"caption":"Mobilier Design Magazine"},"image":{"@id":"https:\/\/www.mobilier-design-occasion.fr\/magazine\/#\/schema\/logo\/image\/"},"sameAs":["https:\/\/www.facebook.com\/mobilierdesignoccasion"]},{"@type":"Person","@id":"https:\/\/www.mobilier-design-occasion.fr\/magazine\/#\/schema\/person\/5b2e5627a714ddadaaf8c9b886c55eff","name":"Cyrielle Poirot","image":{"@type":"ImageObject","inLanguage":"fr-FR","@id":"https:\/\/secure.gravatar.com\/avatar\/c8d2674e093b06894d8d1dc468b626bd752523471f3ac6e75f7c7a1400d40b4d?s=96&d=mm&r=g","url":"https:\/\/secure.gravatar.com\/avatar\/c8d2674e093b06894d8d1dc468b626bd752523471f3ac6e75f7c7a1400d40b4d?s=96&d=mm&r=g","contentUrl":"https:\/\/secure.gravatar.com\/avatar\/c8d2674e093b06894d8d1dc468b626bd752523471f3ac6e75f7c7a1400d40b4d?s=96&d=mm&r=g","caption":"Cyrielle Poirot"},"description":"Cyrielle est passionn\u00e9e par la d\u00e9coration d'int\u00e9rieur et s'est sp\u00e9cialis\u00e9e depuis quelques ann\u00e9es dans l'\u00e9dition du site Mobilier-Design, avec une touche sp\u00e9cifique pour les produits d'occasion.","sameAs":["https:\/\/www.mobilier-design-occasion.fr\/magazine"],"url":"https:\/\/www.mobilier-design-occasion.fr\/magazine\/author\/cyrielle\/"}]}},"_links":{"self":[{"href":"https:\/\/www.mobilier-design-occasion.fr\/magazine\/wp-json\/wp\/v2\/posts\/4676","targetHints":{"allow":["GET"]}}],"collection":[{"href":"https:\/\/www.mobilier-design-occasion.fr\/magazine\/wp-json\/wp\/v2\/posts"}],"about":[{"href":"https:\/\/www.mobilier-design-occasion.fr\/magazine\/wp-json\/wp\/v2\/types\/post"}],"author":[{"embeddable":true,"href":"https:\/\/www.mobilier-design-occasion.fr\/magazine\/wp-json\/wp\/v2\/users\/1"}],"replies":[{"embeddable":true,"href":"https:\/\/www.mobilier-design-occasion.fr\/magazine\/wp-json\/wp\/v2\/comments?post=4676"}],"version-history":[{"count":10,"href":"https:\/\/www.mobilier-design-occasion.fr\/magazine\/wp-json\/wp\/v2\/posts\/4676\/revisions"}],"predecessor-version":[{"id":4726,"href":"https:\/\/www.mobilier-design-occasion.fr\/magazine\/wp-json\/wp\/v2\/posts\/4676\/revisions\/4726"}],"wp:featuredmedia":[{"embeddable":true,"href":"https:\/\/www.mobilier-design-occasion.fr\/magazine\/wp-json\/wp\/v2\/media\/4721"}],"wp:attachment":[{"href":"https:\/\/www.mobilier-design-occasion.fr\/magazine\/wp-json\/wp\/v2\/media?parent=4676"}],"wp:term":[{"taxonomy":"category","embeddable":true,"href":"https:\/\/www.mobilier-design-occasion.fr\/magazine\/wp-json\/wp\/v2\/categories?post=4676"},{"taxonomy":"post_tag","embeddable":true,"href":"https:\/\/www.mobilier-design-occasion.fr\/magazine\/wp-json\/wp\/v2\/tags?post=4676"}],"curies":[{"name":"wp","href":"https:\/\/api.w.org\/{rel}","templated":true}]}}