{"id":4666,"date":"2022-05-25T09:07:55","date_gmt":"2022-05-25T09:07:55","guid":{"rendered":"https:\/\/www.mobilier-design-occasion.fr\/magazine\/?p=4666"},"modified":"2023-09-25T13:39:48","modified_gmt":"2023-09-25T13:39:48","slug":"une-decoration-spirituelle-pour-accompagner-son-mobilier-design","status":"publish","type":"post","link":"https:\/\/www.mobilier-design-occasion.fr\/magazine\/une-decoration-spirituelle-pour-accompagner-son-mobilier-design\/","title":{"rendered":"Une d\u00e9coration spirituelle pour accompagner son mobilier design"},"content":{"rendered":"\n<p>Une d\u00e9coration r\u00e9ussie est avant tout celle qui vous ressemble. En effet, que vous optiez pour une&nbsp;<strong>d\u00e9coration \u00e9pur\u00e9e et minimaliste&nbsp;<\/strong>ou pour une d\u00e9coration pleine de petits objets DIY, vous ne pourrez pas transformer un espace sans faire ressortir votre personnalit\u00e9. Il en est de m\u00eame pour les personnes qui sont dans une recherche spirituelle. Si vous en faites partie, d\u00e9couvrez dans la suite quelques astuces dont vous pouvez vous inspirer pour am\u00e9nager votre int\u00e9rieur ainsi que les objets d\u00e9coratifs spirituels que vous pourrez utiliser pour accompagner votre <a href=\"https:\/\/www.mobilier-design-occasion.fr\/magazine\/test-avis-sur-la-redoute-interieurs-am-pm\/\">mobilier<\/a> <a href=\"https:\/\/www.mobilier-design-occasion.fr\/magazine\/table-tulipe-knoll-indemodable-du-design\/\">design<\/a>.<\/p>\n\n\n\n<h2 class=\"wp-block-heading\"><span class=\"ez-toc-section\" id=\"Utilisez_des_objets_de_decoration_spirituels\"><\/span>Utilisez des objets de d\u00e9coration spirituels<span class=\"ez-toc-section-end\"><\/span><\/h2><div id=\"ez-toc-container\" class=\"ez-toc-v2_0_82_2 counter-hierarchy ez-toc-counter ez-toc-grey ez-toc-container-direction\">\n<div class=\"ez-toc-title-container\">\n<span class=\"ez-toc-title-toggle\"><a href=\"#\" class=\"ez-toc-pull-right ez-toc-btn ez-toc-btn-xs ez-toc-btn-default ez-toc-toggle\" aria-label=\"Toggle Table of Content\"><span class=\"ez-toc-js-icon-con\"><span class=\"\"><span class=\"eztoc-hide\" style=\"display:none;\">Toggle<\/span><span class=\"ez-toc-icon-toggle-span\"><svg style=\"fill: #999;color:#999\" xmlns=\"http:\/\/www.w3.org\/2000\/svg\" class=\"list-377408\" width=\"20px\" height=\"20px\" viewBox=\"0 0 24 24\" fill=\"none\"><path d=\"M6 6H4v2h2V6zm14 0H8v2h12V6zM4 11h2v2H4v-2zm16 0H8v2h12v-2zM4 16h2v2H4v-2zm16 0H8v2h12v-2z\" fill=\"currentColor\"><\/path><\/svg><svg style=\"fill: #999;color:#999\" class=\"arrow-unsorted-368013\" xmlns=\"http:\/\/www.w3.org\/2000\/svg\" width=\"10px\" height=\"10px\" viewBox=\"0 0 24 24\" version=\"1.2\" baseProfile=\"tiny\"><path d=\"M18.2 9.3l-6.2-6.3-6.2 6.3c-.2.2-.3.4-.3.7s.1.5.3.7c.2.2.4.3.7.3h11c.3 0 .5-.1.7-.3.2-.2.3-.5.3-.7s-.1-.5-.3-.7zM5.8 14.7l6.2 6.3 6.2-6.3c.2-.2.3-.5.3-.7s-.1-.5-.3-.7c-.2-.2-.4-.3-.7-.3h-11c-.3 0-.5.1-.7.3-.2.2-.3.5-.3.7s.1.5.3.7z\"\/><\/svg><\/span><\/span><\/span><\/a><\/span><\/div>\n<nav><ul class='ez-toc-list ez-toc-list-level-1 eztoc-toggle-hide-by-default' ><li class='ez-toc-page-1 ez-toc-heading-level-2'><a class=\"ez-toc-link ez-toc-heading-1\" href=\"https:\/\/www.mobilier-design-occasion.fr\/magazine\/une-decoration-spirituelle-pour-accompagner-son-mobilier-design\/#Utilisez_des_objets_de_decoration_spirituels\" >Utilisez des objets de d\u00e9coration spirituels<\/a><\/li><li class='ez-toc-page-1 ez-toc-heading-level-2'><a class=\"ez-toc-link ez-toc-heading-2\" href=\"https:\/\/www.mobilier-design-occasion.fr\/magazine\/une-decoration-spirituelle-pour-accompagner-son-mobilier-design\/#Misez_sur_la_luminosite_et_les_senteurs\" >Misez sur la luminosit\u00e9 et les senteurs<\/a><\/li><li class='ez-toc-page-1 ez-toc-heading-level-2'><a class=\"ez-toc-link ez-toc-heading-3\" href=\"https:\/\/www.mobilier-design-occasion.fr\/magazine\/une-decoration-spirituelle-pour-accompagner-son-mobilier-design\/#Privilegiez_les_matieres_naturelles\" >Privil\u00e9giez les mati\u00e8res naturelles<\/a><\/li><\/ul><\/nav><\/div>\n\n\n\n\n<p>Quelles que soient vos convictions spirituelles ou votre religion, il est essentiel que vous sachiez qu\u2019une d\u00e9coration spirituelle r\u00e9ussie d\u00e9pend de plusieurs facteurs et notamment des objets d\u00e9coratifs utilis\u00e9s. Il existe une pluralit\u00e9 d\u2019objets symboliques que vous pourrez utiliser pour accompagner votre <a href=\"https:\/\/www.mobilier-design-occasion.fr\/magazine\/nos-idees-pour-amenager-votre-terrasse-avec-fermob\/\">mobilier design<\/a>. Pour sublimer votre int\u00e9rieur, vous pouvez, par exemple, avoir recours \u00e0&nbsp;un&nbsp;:<\/p>\n\n\n\n<ul class=\"wp-block-list\"><li><strong>Cadre diffuseur d\u2019\u00e9nergie<\/strong>\u2009;<\/li><li>Orgonite\u2009;<\/li><li>Plateau de rechargement\u2009;<\/li><li>Bol chantant tib\u00e9tain, etc.<\/li><\/ul>\n\n\n\n<p>Tous ces objets de d\u00e9coration pr\u00e9cit\u00e9s figurent sur\u00a0<a href=\"https:\/\/www.esensmana.fr\/\">Esensmana<\/a>, une plateforme sp\u00e9cialis\u00e9e dans la commercialisation d\u2019articles orient\u00e9s vers la spiritualit\u00e9. G\u00e9n\u00e9ralement, en m\u00e9tal, en pierre ou en <a href=\"https:\/\/www.mobilier-design-occasion.fr\/magazine\/avis-mathy-by-bols\/\">bois<\/a>, ces objets favorisent la gu\u00e9rison,\u00a0<strong>l\u2019avancement spirituel<\/strong>\u00a0ainsi que la relaxation. Dans le contexte de la d\u00e9coration spirituelle, le choix des symboles est purement individuel.<\/p>\n\n\n\n<figure class=\"wp-block-image size-full\"><img loading=\"lazy\" decoding=\"async\" width=\"848\" height=\"565\" src=\"https:\/\/www.mobilier-design-occasion.fr\/magazine\/wp-content\/uploads\/2022\/05\/22f9b7d1d3767690d13307541b7f2b8e.jpeg\" alt=\"\" class=\"wp-image-4667\" srcset=\"https:\/\/www.mobilier-design-occasion.fr\/magazine\/wp-content\/uploads\/2022\/05\/22f9b7d1d3767690d13307541b7f2b8e.jpeg 848w, https:\/\/www.mobilier-design-occasion.fr\/magazine\/wp-content\/uploads\/2022\/05\/22f9b7d1d3767690d13307541b7f2b8e-300x200.jpeg 300w, https:\/\/www.mobilier-design-occasion.fr\/magazine\/wp-content\/uploads\/2022\/05\/22f9b7d1d3767690d13307541b7f2b8e-768x512.jpeg 768w, https:\/\/www.mobilier-design-occasion.fr\/magazine\/wp-content\/uploads\/2022\/05\/22f9b7d1d3767690d13307541b7f2b8e-810x540.jpeg 810w\" sizes=\"auto, (max-width: 848px) 100vw, 848px\" \/><\/figure>\n\n\n\n<h2 class=\"wp-block-heading\"><span class=\"ez-toc-section\" id=\"Misez_sur_la_luminosite_et_les_senteurs\"><\/span>Misez sur la luminosit\u00e9 et les senteurs<span class=\"ez-toc-section-end\"><\/span><\/h2>\n\n\n\n<p>R\u00e9aliser une d\u00e9coration spirituelle, c\u2019est privil\u00e9gier une atmosph\u00e8re favorisant la d\u00e9tente. Pour ce fait, vous devez&nbsp;<strong>miser sur un bon \u00e9clairage<\/strong>&nbsp;des pi\u00e8ces int\u00e9rieures. Il est recommand\u00e9 de multiplier les sources de lumi\u00e8re dans le but de cr\u00e9er une ambiance chaleureuse.<\/p>\n\n\n\n<p>Par exemple, vous pouvez utiliser des lampes \u00e0 poser ou des appliques pour obtenir un \u00e9clairage doux et modulable. En outre, les&nbsp;<strong>bougies<\/strong>&nbsp;font aujourd\u2019hui partie des indispensables en mati\u00e8re de d\u00e9co. Vous pouvez donc les utiliser pour accentuer l\u2019ambiance zen qui se d\u00e9gage de vos pi\u00e8ces.<\/p>\n\n\n\n<p>Par ailleurs,&nbsp;<strong>multipliez les parfums envo\u00fbtants<\/strong>&nbsp;et les couleurs pour donner vie \u00e0 un v\u00e9ritable cocon. N\u2019h\u00e9sitez surtout pas \u00e0 utiliser les diffuseurs d\u2019huiles essentielles pour parfumer toutes les pi\u00e8ces de votre maison.<\/p>\n\n\n\n<h2 class=\"wp-block-heading\"><span class=\"ez-toc-section\" id=\"Privilegiez_les_matieres_naturelles\"><\/span>Privil\u00e9giez les mati\u00e8res naturelles<span class=\"ez-toc-section-end\"><\/span><\/h2>\n\n\n\n<p>Pour qu\u2019une bonne ambiance zen se d\u00e9gage v\u00e9ritablement de votre int\u00e9rieur, vous devez faire attention au choix des mati\u00e8res. Il est primordial que tous les \u00e9l\u00e9ments figurant dans votre habitation inspirent automatiquement le spirituel. Par cons\u00e9quent, privil\u00e9giez l<strong>e parquet en bois, les <a href=\"https:\/\/www.mobilier-design-occasion.fr\/magazine\/pourquoi-adopter-un-tapis-en-jute-dans-son-salon\/\">tapis<\/a> en jonc<\/strong>&nbsp;et m\u00eame les rideaux en lin pour avoir une d\u00e9co plus zen.<\/p>\n\n\n\n<p>Par ailleurs, le&nbsp;<strong><a href=\"https:\/\/www.mobilier-design-occasion.fr\/magazine\/test-avis-sur-poltronesofa\/\">canap\u00e9<\/a> en velours<\/strong>&nbsp;est aussi un atout de taille pour votre d\u00e9coration spirituelle. Le choix de la forme et de la couleur du canap\u00e9 d\u00e9pend de vos go\u00fbts. Vous pouvez m\u00eame faire entrer la nature chez vous gr\u00e2ce aux plantes d\u2019int\u00e9rieur.<\/p>\n\n\n\n<p>Certaines plantes d\u2019int\u00e9rieur portent bonheur et apportent non seulement la chance, mais aussi le bonheur. Selon le principe du Feng Shui, il s\u2019agit des plantes attirant les \u00e9nergies positives. Au nombre des vari\u00e9t\u00e9s que vous pourrez adopter figurent le&nbsp;<strong>Ginkgo Biloba, le lierre de Su\u00e8de ou l\u2019arbre \u00e0 argent<\/strong>.<\/p>\n","protected":false},"excerpt":{"rendered":"<p>Une d\u00e9coration r\u00e9ussie est avant tout celle qui vous ressemble. En effet, que vous optiez pour une&nbsp;d\u00e9coration \u00e9pur\u00e9e et minimaliste&nbsp;ou pour une d\u00e9coration pleine de petits objets DIY, vous ne pourrez pas transformer un espace sans faire ressortir votre personnalit\u00e9. Il en est de m\u00eame pour les personnes qui sont dans une recherche spirituelle. Si [&hellip;]<\/p>\n","protected":false},"author":1,"featured_media":4667,"comment_status":"open","ping_status":"open","sticky":false,"template":"","format":"standard","meta":{"footnotes":""},"categories":[2],"tags":[],"class_list":["post-4666","post","type-post","status-publish","format-standard","has-post-thumbnail","hentry","category-tendances"],"yoast_head":"<!-- This site is optimized with the Yoast SEO plugin v27.5 - https:\/\/yoast.com\/product\/yoast-seo-wordpress\/ -->\n<title>Une d\u00e9coration spirituelle pour accompagner son mobilier design - Mobilier Design Magazine<\/title>\n<meta name=\"robots\" content=\"index, follow, max-snippet:-1, max-image-preview:large, max-video-preview:-1\" \/>\n<link rel=\"canonical\" href=\"https:\/\/www.mobilier-design-occasion.fr\/magazine\/une-decoration-spirituelle-pour-accompagner-son-mobilier-design\/\" \/>\n<meta property=\"og:locale\" content=\"fr_FR\" \/>\n<meta property=\"og:type\" content=\"article\" \/>\n<meta property=\"og:title\" content=\"Une d\u00e9coration spirituelle pour accompagner son mobilier design - Mobilier Design Magazine\" \/>\n<meta property=\"og:description\" content=\"Une d\u00e9coration r\u00e9ussie est avant tout celle qui vous ressemble. En effet, que vous optiez pour une&nbsp;d\u00e9coration \u00e9pur\u00e9e et minimaliste&nbsp;ou pour une d\u00e9coration pleine de petits objets DIY, vous ne pourrez pas transformer un espace sans faire ressortir votre personnalit\u00e9. Il en est de m\u00eame pour les personnes qui sont dans une recherche spirituelle. Si [&hellip;]\" \/>\n<meta property=\"og:url\" content=\"https:\/\/www.mobilier-design-occasion.fr\/magazine\/une-decoration-spirituelle-pour-accompagner-son-mobilier-design\/\" \/>\n<meta property=\"og:site_name\" content=\"Mobilier Design Magazine\" \/>\n<meta property=\"article:publisher\" content=\"https:\/\/www.facebook.com\/mobilierdesignoccasion\" \/>\n<meta property=\"article:published_time\" content=\"2022-05-25T09:07:55+00:00\" \/>\n<meta property=\"article:modified_time\" content=\"2023-09-25T13:39:48+00:00\" \/>\n<meta property=\"og:image\" content=\"https:\/\/www.mobilier-design-occasion.fr\/magazine\/wp-content\/uploads\/2022\/05\/22f9b7d1d3767690d13307541b7f2b8e.jpeg\" \/>\n\t<meta property=\"og:image:width\" content=\"848\" \/>\n\t<meta property=\"og:image:height\" content=\"565\" \/>\n\t<meta property=\"og:image:type\" content=\"image\/jpeg\" \/>\n<meta name=\"author\" content=\"Cyrielle Poirot\" \/>\n<meta name=\"twitter:card\" content=\"summary_large_image\" \/>\n<meta name=\"twitter:label1\" content=\"\u00c9crit par\" \/>\n\t<meta name=\"twitter:data1\" content=\"Cyrielle Poirot\" \/>\n\t<meta name=\"twitter:label2\" content=\"Dur\u00e9e de lecture estim\u00e9e\" \/>\n\t<meta name=\"twitter:data2\" content=\"3 minutes\" \/>\n<script type=\"application\/ld+json\" class=\"yoast-schema-graph\">{\"@context\":\"https:\\\/\\\/schema.org\",\"@graph\":[{\"@type\":\"Article\",\"@id\":\"https:\\\/\\\/www.mobilier-design-occasion.fr\\\/magazine\\\/une-decoration-spirituelle-pour-accompagner-son-mobilier-design\\\/#article\",\"isPartOf\":{\"@id\":\"https:\\\/\\\/www.mobilier-design-occasion.fr\\\/magazine\\\/une-decoration-spirituelle-pour-accompagner-son-mobilier-design\\\/\"},\"author\":{\"name\":\"Cyrielle Poirot\",\"@id\":\"https:\\\/\\\/www.mobilier-design-occasion.fr\\\/magazine\\\/#\\\/schema\\\/person\\\/5b2e5627a714ddadaaf8c9b886c55eff\"},\"headline\":\"Une d\u00e9coration spirituelle pour accompagner son mobilier design\",\"datePublished\":\"2022-05-25T09:07:55+00:00\",\"dateModified\":\"2023-09-25T13:39:48+00:00\",\"mainEntityOfPage\":{\"@id\":\"https:\\\/\\\/www.mobilier-design-occasion.fr\\\/magazine\\\/une-decoration-spirituelle-pour-accompagner-son-mobilier-design\\\/\"},\"wordCount\":599,\"commentCount\":0,\"publisher\":{\"@id\":\"https:\\\/\\\/www.mobilier-design-occasion.fr\\\/magazine\\\/#organization\"},\"image\":{\"@id\":\"https:\\\/\\\/www.mobilier-design-occasion.fr\\\/magazine\\\/une-decoration-spirituelle-pour-accompagner-son-mobilier-design\\\/#primaryimage\"},\"thumbnailUrl\":\"https:\\\/\\\/www.mobilier-design-occasion.fr\\\/magazine\\\/wp-content\\\/uploads\\\/2022\\\/05\\\/22f9b7d1d3767690d13307541b7f2b8e.jpeg\",\"articleSection\":[\"Tendances\"],\"inLanguage\":\"fr-FR\",\"potentialAction\":[{\"@type\":\"CommentAction\",\"name\":\"Comment\",\"target\":[\"https:\\\/\\\/www.mobilier-design-occasion.fr\\\/magazine\\\/une-decoration-spirituelle-pour-accompagner-son-mobilier-design\\\/#respond\"]}]},{\"@type\":\"WebPage\",\"@id\":\"https:\\\/\\\/www.mobilier-design-occasion.fr\\\/magazine\\\/une-decoration-spirituelle-pour-accompagner-son-mobilier-design\\\/\",\"url\":\"https:\\\/\\\/www.mobilier-design-occasion.fr\\\/magazine\\\/une-decoration-spirituelle-pour-accompagner-son-mobilier-design\\\/\",\"name\":\"Une d\u00e9coration spirituelle pour accompagner son mobilier design - Mobilier Design Magazine\",\"isPartOf\":{\"@id\":\"https:\\\/\\\/www.mobilier-design-occasion.fr\\\/magazine\\\/#website\"},\"primaryImageOfPage\":{\"@id\":\"https:\\\/\\\/www.mobilier-design-occasion.fr\\\/magazine\\\/une-decoration-spirituelle-pour-accompagner-son-mobilier-design\\\/#primaryimage\"},\"image\":{\"@id\":\"https:\\\/\\\/www.mobilier-design-occasion.fr\\\/magazine\\\/une-decoration-spirituelle-pour-accompagner-son-mobilier-design\\\/#primaryimage\"},\"thumbnailUrl\":\"https:\\\/\\\/www.mobilier-design-occasion.fr\\\/magazine\\\/wp-content\\\/uploads\\\/2022\\\/05\\\/22f9b7d1d3767690d13307541b7f2b8e.jpeg\",\"datePublished\":\"2022-05-25T09:07:55+00:00\",\"dateModified\":\"2023-09-25T13:39:48+00:00\",\"breadcrumb\":{\"@id\":\"https:\\\/\\\/www.mobilier-design-occasion.fr\\\/magazine\\\/une-decoration-spirituelle-pour-accompagner-son-mobilier-design\\\/#breadcrumb\"},\"inLanguage\":\"fr-FR\",\"potentialAction\":[{\"@type\":\"ReadAction\",\"target\":[\"https:\\\/\\\/www.mobilier-design-occasion.fr\\\/magazine\\\/une-decoration-spirituelle-pour-accompagner-son-mobilier-design\\\/\"]}]},{\"@type\":\"ImageObject\",\"inLanguage\":\"fr-FR\",\"@id\":\"https:\\\/\\\/www.mobilier-design-occasion.fr\\\/magazine\\\/une-decoration-spirituelle-pour-accompagner-son-mobilier-design\\\/#primaryimage\",\"url\":\"https:\\\/\\\/www.mobilier-design-occasion.fr\\\/magazine\\\/wp-content\\\/uploads\\\/2022\\\/05\\\/22f9b7d1d3767690d13307541b7f2b8e.jpeg\",\"contentUrl\":\"https:\\\/\\\/www.mobilier-design-occasion.fr\\\/magazine\\\/wp-content\\\/uploads\\\/2022\\\/05\\\/22f9b7d1d3767690d13307541b7f2b8e.jpeg\",\"width\":848,\"height\":565,\"caption\":\"Beautiful miniature zen garden on white table indoors\"},{\"@type\":\"BreadcrumbList\",\"@id\":\"https:\\\/\\\/www.mobilier-design-occasion.fr\\\/magazine\\\/une-decoration-spirituelle-pour-accompagner-son-mobilier-design\\\/#breadcrumb\",\"itemListElement\":[{\"@type\":\"ListItem\",\"position\":1,\"name\":\"Accueil\",\"item\":\"https:\\\/\\\/www.mobilier-design-occasion.fr\\\/magazine\\\/\"},{\"@type\":\"ListItem\",\"position\":2,\"name\":\"Une d\u00e9coration spirituelle pour accompagner son mobilier design\"}]},{\"@type\":\"WebSite\",\"@id\":\"https:\\\/\\\/www.mobilier-design-occasion.fr\\\/magazine\\\/#website\",\"url\":\"https:\\\/\\\/www.mobilier-design-occasion.fr\\\/magazine\\\/\",\"name\":\"Mobilier Design Magazine\",\"description\":\"\",\"publisher\":{\"@id\":\"https:\\\/\\\/www.mobilier-design-occasion.fr\\\/magazine\\\/#organization\"},\"potentialAction\":[{\"@type\":\"SearchAction\",\"target\":{\"@type\":\"EntryPoint\",\"urlTemplate\":\"https:\\\/\\\/www.mobilier-design-occasion.fr\\\/magazine\\\/?s={search_term_string}\"},\"query-input\":{\"@type\":\"PropertyValueSpecification\",\"valueRequired\":true,\"valueName\":\"search_term_string\"}}],\"inLanguage\":\"fr-FR\"},{\"@type\":\"Organization\",\"@id\":\"https:\\\/\\\/www.mobilier-design-occasion.fr\\\/magazine\\\/#organization\",\"name\":\"Mobilier Design Magazine\",\"url\":\"https:\\\/\\\/www.mobilier-design-occasion.fr\\\/magazine\\\/\",\"logo\":{\"@type\":\"ImageObject\",\"inLanguage\":\"fr-FR\",\"@id\":\"https:\\\/\\\/www.mobilier-design-occasion.fr\\\/magazine\\\/#\\\/schema\\\/logo\\\/image\\\/\",\"url\":\"https:\\\/\\\/www.mobilier-design-occasion.fr\\\/magazine\\\/wp-content\\\/uploads\\\/2024\\\/02\\\/android-chrome-192x192-1.png\",\"contentUrl\":\"https:\\\/\\\/www.mobilier-design-occasion.fr\\\/magazine\\\/wp-content\\\/uploads\\\/2024\\\/02\\\/android-chrome-192x192-1.png\",\"width\":192,\"height\":192,\"caption\":\"Mobilier Design Magazine\"},\"image\":{\"@id\":\"https:\\\/\\\/www.mobilier-design-occasion.fr\\\/magazine\\\/#\\\/schema\\\/logo\\\/image\\\/\"},\"sameAs\":[\"https:\\\/\\\/www.facebook.com\\\/mobilierdesignoccasion\"]},{\"@type\":\"Person\",\"@id\":\"https:\\\/\\\/www.mobilier-design-occasion.fr\\\/magazine\\\/#\\\/schema\\\/person\\\/5b2e5627a714ddadaaf8c9b886c55eff\",\"name\":\"Cyrielle Poirot\",\"image\":{\"@type\":\"ImageObject\",\"inLanguage\":\"fr-FR\",\"@id\":\"https:\\\/\\\/secure.gravatar.com\\\/avatar\\\/c8d2674e093b06894d8d1dc468b626bd752523471f3ac6e75f7c7a1400d40b4d?s=96&d=mm&r=g\",\"url\":\"https:\\\/\\\/secure.gravatar.com\\\/avatar\\\/c8d2674e093b06894d8d1dc468b626bd752523471f3ac6e75f7c7a1400d40b4d?s=96&d=mm&r=g\",\"contentUrl\":\"https:\\\/\\\/secure.gravatar.com\\\/avatar\\\/c8d2674e093b06894d8d1dc468b626bd752523471f3ac6e75f7c7a1400d40b4d?s=96&d=mm&r=g\",\"caption\":\"Cyrielle Poirot\"},\"description\":\"Cyrielle est passionn\u00e9e par la d\u00e9coration d'int\u00e9rieur et s'est sp\u00e9cialis\u00e9e depuis quelques ann\u00e9es dans l'\u00e9dition du site Mobilier-Design, avec une touche sp\u00e9cifique pour les produits d'occasion.\",\"sameAs\":[\"https:\\\/\\\/www.mobilier-design-occasion.fr\\\/magazine\"],\"url\":\"https:\\\/\\\/www.mobilier-design-occasion.fr\\\/magazine\\\/author\\\/cyrielle\\\/\"}]}<\/script>\n<!-- \/ Yoast SEO plugin. -->","yoast_head_json":{"title":"Une d\u00e9coration spirituelle pour accompagner son mobilier design - Mobilier Design Magazine","robots":{"index":"index","follow":"follow","max-snippet":"max-snippet:-1","max-image-preview":"max-image-preview:large","max-video-preview":"max-video-preview:-1"},"canonical":"https:\/\/www.mobilier-design-occasion.fr\/magazine\/une-decoration-spirituelle-pour-accompagner-son-mobilier-design\/","og_locale":"fr_FR","og_type":"article","og_title":"Une d\u00e9coration spirituelle pour accompagner son mobilier design - Mobilier Design Magazine","og_description":"Une d\u00e9coration r\u00e9ussie est avant tout celle qui vous ressemble. En effet, que vous optiez pour une&nbsp;d\u00e9coration \u00e9pur\u00e9e et minimaliste&nbsp;ou pour une d\u00e9coration pleine de petits objets DIY, vous ne pourrez pas transformer un espace sans faire ressortir votre personnalit\u00e9. Il en est de m\u00eame pour les personnes qui sont dans une recherche spirituelle. Si [&hellip;]","og_url":"https:\/\/www.mobilier-design-occasion.fr\/magazine\/une-decoration-spirituelle-pour-accompagner-son-mobilier-design\/","og_site_name":"Mobilier Design Magazine","article_publisher":"https:\/\/www.facebook.com\/mobilierdesignoccasion","article_published_time":"2022-05-25T09:07:55+00:00","article_modified_time":"2023-09-25T13:39:48+00:00","og_image":[{"width":848,"height":565,"url":"https:\/\/www.mobilier-design-occasion.fr\/magazine\/wp-content\/uploads\/2022\/05\/22f9b7d1d3767690d13307541b7f2b8e.jpeg","type":"image\/jpeg"}],"author":"Cyrielle Poirot","twitter_card":"summary_large_image","twitter_misc":{"\u00c9crit par":"Cyrielle Poirot","Dur\u00e9e de lecture estim\u00e9e":"3 minutes"},"schema":{"@context":"https:\/\/schema.org","@graph":[{"@type":"Article","@id":"https:\/\/www.mobilier-design-occasion.fr\/magazine\/une-decoration-spirituelle-pour-accompagner-son-mobilier-design\/#article","isPartOf":{"@id":"https:\/\/www.mobilier-design-occasion.fr\/magazine\/une-decoration-spirituelle-pour-accompagner-son-mobilier-design\/"},"author":{"name":"Cyrielle Poirot","@id":"https:\/\/www.mobilier-design-occasion.fr\/magazine\/#\/schema\/person\/5b2e5627a714ddadaaf8c9b886c55eff"},"headline":"Une d\u00e9coration spirituelle pour accompagner son mobilier design","datePublished":"2022-05-25T09:07:55+00:00","dateModified":"2023-09-25T13:39:48+00:00","mainEntityOfPage":{"@id":"https:\/\/www.mobilier-design-occasion.fr\/magazine\/une-decoration-spirituelle-pour-accompagner-son-mobilier-design\/"},"wordCount":599,"commentCount":0,"publisher":{"@id":"https:\/\/www.mobilier-design-occasion.fr\/magazine\/#organization"},"image":{"@id":"https:\/\/www.mobilier-design-occasion.fr\/magazine\/une-decoration-spirituelle-pour-accompagner-son-mobilier-design\/#primaryimage"},"thumbnailUrl":"https:\/\/www.mobilier-design-occasion.fr\/magazine\/wp-content\/uploads\/2022\/05\/22f9b7d1d3767690d13307541b7f2b8e.jpeg","articleSection":["Tendances"],"inLanguage":"fr-FR","potentialAction":[{"@type":"CommentAction","name":"Comment","target":["https:\/\/www.mobilier-design-occasion.fr\/magazine\/une-decoration-spirituelle-pour-accompagner-son-mobilier-design\/#respond"]}]},{"@type":"WebPage","@id":"https:\/\/www.mobilier-design-occasion.fr\/magazine\/une-decoration-spirituelle-pour-accompagner-son-mobilier-design\/","url":"https:\/\/www.mobilier-design-occasion.fr\/magazine\/une-decoration-spirituelle-pour-accompagner-son-mobilier-design\/","name":"Une d\u00e9coration spirituelle pour accompagner son mobilier design - Mobilier Design Magazine","isPartOf":{"@id":"https:\/\/www.mobilier-design-occasion.fr\/magazine\/#website"},"primaryImageOfPage":{"@id":"https:\/\/www.mobilier-design-occasion.fr\/magazine\/une-decoration-spirituelle-pour-accompagner-son-mobilier-design\/#primaryimage"},"image":{"@id":"https:\/\/www.mobilier-design-occasion.fr\/magazine\/une-decoration-spirituelle-pour-accompagner-son-mobilier-design\/#primaryimage"},"thumbnailUrl":"https:\/\/www.mobilier-design-occasion.fr\/magazine\/wp-content\/uploads\/2022\/05\/22f9b7d1d3767690d13307541b7f2b8e.jpeg","datePublished":"2022-05-25T09:07:55+00:00","dateModified":"2023-09-25T13:39:48+00:00","breadcrumb":{"@id":"https:\/\/www.mobilier-design-occasion.fr\/magazine\/une-decoration-spirituelle-pour-accompagner-son-mobilier-design\/#breadcrumb"},"inLanguage":"fr-FR","potentialAction":[{"@type":"ReadAction","target":["https:\/\/www.mobilier-design-occasion.fr\/magazine\/une-decoration-spirituelle-pour-accompagner-son-mobilier-design\/"]}]},{"@type":"ImageObject","inLanguage":"fr-FR","@id":"https:\/\/www.mobilier-design-occasion.fr\/magazine\/une-decoration-spirituelle-pour-accompagner-son-mobilier-design\/#primaryimage","url":"https:\/\/www.mobilier-design-occasion.fr\/magazine\/wp-content\/uploads\/2022\/05\/22f9b7d1d3767690d13307541b7f2b8e.jpeg","contentUrl":"https:\/\/www.mobilier-design-occasion.fr\/magazine\/wp-content\/uploads\/2022\/05\/22f9b7d1d3767690d13307541b7f2b8e.jpeg","width":848,"height":565,"caption":"Beautiful miniature zen garden on white table indoors"},{"@type":"BreadcrumbList","@id":"https:\/\/www.mobilier-design-occasion.fr\/magazine\/une-decoration-spirituelle-pour-accompagner-son-mobilier-design\/#breadcrumb","itemListElement":[{"@type":"ListItem","position":1,"name":"Accueil","item":"https:\/\/www.mobilier-design-occasion.fr\/magazine\/"},{"@type":"ListItem","position":2,"name":"Une d\u00e9coration spirituelle pour accompagner son mobilier design"}]},{"@type":"WebSite","@id":"https:\/\/www.mobilier-design-occasion.fr\/magazine\/#website","url":"https:\/\/www.mobilier-design-occasion.fr\/magazine\/","name":"Mobilier Design Magazine","description":"","publisher":{"@id":"https:\/\/www.mobilier-design-occasion.fr\/magazine\/#organization"},"potentialAction":[{"@type":"SearchAction","target":{"@type":"EntryPoint","urlTemplate":"https:\/\/www.mobilier-design-occasion.fr\/magazine\/?s={search_term_string}"},"query-input":{"@type":"PropertyValueSpecification","valueRequired":true,"valueName":"search_term_string"}}],"inLanguage":"fr-FR"},{"@type":"Organization","@id":"https:\/\/www.mobilier-design-occasion.fr\/magazine\/#organization","name":"Mobilier Design Magazine","url":"https:\/\/www.mobilier-design-occasion.fr\/magazine\/","logo":{"@type":"ImageObject","inLanguage":"fr-FR","@id":"https:\/\/www.mobilier-design-occasion.fr\/magazine\/#\/schema\/logo\/image\/","url":"https:\/\/www.mobilier-design-occasion.fr\/magazine\/wp-content\/uploads\/2024\/02\/android-chrome-192x192-1.png","contentUrl":"https:\/\/www.mobilier-design-occasion.fr\/magazine\/wp-content\/uploads\/2024\/02\/android-chrome-192x192-1.png","width":192,"height":192,"caption":"Mobilier Design Magazine"},"image":{"@id":"https:\/\/www.mobilier-design-occasion.fr\/magazine\/#\/schema\/logo\/image\/"},"sameAs":["https:\/\/www.facebook.com\/mobilierdesignoccasion"]},{"@type":"Person","@id":"https:\/\/www.mobilier-design-occasion.fr\/magazine\/#\/schema\/person\/5b2e5627a714ddadaaf8c9b886c55eff","name":"Cyrielle Poirot","image":{"@type":"ImageObject","inLanguage":"fr-FR","@id":"https:\/\/secure.gravatar.com\/avatar\/c8d2674e093b06894d8d1dc468b626bd752523471f3ac6e75f7c7a1400d40b4d?s=96&d=mm&r=g","url":"https:\/\/secure.gravatar.com\/avatar\/c8d2674e093b06894d8d1dc468b626bd752523471f3ac6e75f7c7a1400d40b4d?s=96&d=mm&r=g","contentUrl":"https:\/\/secure.gravatar.com\/avatar\/c8d2674e093b06894d8d1dc468b626bd752523471f3ac6e75f7c7a1400d40b4d?s=96&d=mm&r=g","caption":"Cyrielle Poirot"},"description":"Cyrielle est passionn\u00e9e par la d\u00e9coration d'int\u00e9rieur et s'est sp\u00e9cialis\u00e9e depuis quelques ann\u00e9es dans l'\u00e9dition du site Mobilier-Design, avec une touche sp\u00e9cifique pour les produits d'occasion.","sameAs":["https:\/\/www.mobilier-design-occasion.fr\/magazine"],"url":"https:\/\/www.mobilier-design-occasion.fr\/magazine\/author\/cyrielle\/"}]}},"_links":{"self":[{"href":"https:\/\/www.mobilier-design-occasion.fr\/magazine\/wp-json\/wp\/v2\/posts\/4666","targetHints":{"allow":["GET"]}}],"collection":[{"href":"https:\/\/www.mobilier-design-occasion.fr\/magazine\/wp-json\/wp\/v2\/posts"}],"about":[{"href":"https:\/\/www.mobilier-design-occasion.fr\/magazine\/wp-json\/wp\/v2\/types\/post"}],"author":[{"embeddable":true,"href":"https:\/\/www.mobilier-design-occasion.fr\/magazine\/wp-json\/wp\/v2\/users\/1"}],"replies":[{"embeddable":true,"href":"https:\/\/www.mobilier-design-occasion.fr\/magazine\/wp-json\/wp\/v2\/comments?post=4666"}],"version-history":[{"count":1,"href":"https:\/\/www.mobilier-design-occasion.fr\/magazine\/wp-json\/wp\/v2\/posts\/4666\/revisions"}],"predecessor-version":[{"id":4668,"href":"https:\/\/www.mobilier-design-occasion.fr\/magazine\/wp-json\/wp\/v2\/posts\/4666\/revisions\/4668"}],"wp:featuredmedia":[{"embeddable":true,"href":"https:\/\/www.mobilier-design-occasion.fr\/magazine\/wp-json\/wp\/v2\/media\/4667"}],"wp:attachment":[{"href":"https:\/\/www.mobilier-design-occasion.fr\/magazine\/wp-json\/wp\/v2\/media?parent=4666"}],"wp:term":[{"taxonomy":"category","embeddable":true,"href":"https:\/\/www.mobilier-design-occasion.fr\/magazine\/wp-json\/wp\/v2\/categories?post=4666"},{"taxonomy":"post_tag","embeddable":true,"href":"https:\/\/www.mobilier-design-occasion.fr\/magazine\/wp-json\/wp\/v2\/tags?post=4666"}],"curies":[{"name":"wp","href":"https:\/\/api.w.org\/{rel}","templated":true}]}}