{"id":4661,"date":"2022-05-25T07:17:26","date_gmt":"2022-05-25T07:17:26","guid":{"rendered":"https:\/\/www.mobilier-design-occasion.fr\/magazine\/?p=4661"},"modified":"2023-09-25T13:39:48","modified_gmt":"2023-09-25T13:39:48","slug":"quelles-sont-les-etapes-du-faconnage-de-plinthe-sur-mesure","status":"publish","type":"post","link":"https:\/\/www.mobilier-design-occasion.fr\/magazine\/quelles-sont-les-etapes-du-faconnage-de-plinthe-sur-mesure\/","title":{"rendered":"Quelles sont les \u00e9tapes du fa\u00e7onnage de plinthe sur mesure?"},"content":{"rendered":"\n<p>Les plinthes sont des barri\u00e8res pens\u00e9es en vue de prot\u00e9ger le bas des murs d\u2019un logement. Elles aident donc \u00e0 amortir les \u00e9ventuels impacts provoqu\u00e9s par des coups dus au passage de l&#8217;aspirateur ou au d\u00e9placement du <a href=\"https:\/\/www.mobilier-design-occasion.fr\/magazine\/test-avis-sur-la-redoute-interieurs-am-pm\/\">mobilier<\/a>. Quelles sont les \u00e9tapes pour bien fa\u00e7onner des plinthes sur mesure ? D\u00e9couvrez-les \u00e0 travers ce texte.<\/p>\n\n\n\n<h2 class=\"wp-block-heading\"><span class=\"ez-toc-section\" id=\"Bien_choisir_ses_plinthes\"><\/span><strong>Bien choisir ses plinthes<\/strong><span class=\"ez-toc-section-end\"><\/span><\/h2><div id=\"ez-toc-container\" class=\"ez-toc-v2_0_82_2 counter-hierarchy ez-toc-counter ez-toc-grey ez-toc-container-direction\">\n<div class=\"ez-toc-title-container\">\n<span class=\"ez-toc-title-toggle\"><a href=\"#\" class=\"ez-toc-pull-right ez-toc-btn ez-toc-btn-xs ez-toc-btn-default ez-toc-toggle\" aria-label=\"Toggle Table of Content\"><span class=\"ez-toc-js-icon-con\"><span class=\"\"><span class=\"eztoc-hide\" style=\"display:none;\">Toggle<\/span><span class=\"ez-toc-icon-toggle-span\"><svg style=\"fill: #999;color:#999\" xmlns=\"http:\/\/www.w3.org\/2000\/svg\" class=\"list-377408\" width=\"20px\" height=\"20px\" viewBox=\"0 0 24 24\" fill=\"none\"><path d=\"M6 6H4v2h2V6zm14 0H8v2h12V6zM4 11h2v2H4v-2zm16 0H8v2h12v-2zM4 16h2v2H4v-2zm16 0H8v2h12v-2z\" fill=\"currentColor\"><\/path><\/svg><svg style=\"fill: #999;color:#999\" class=\"arrow-unsorted-368013\" xmlns=\"http:\/\/www.w3.org\/2000\/svg\" width=\"10px\" height=\"10px\" viewBox=\"0 0 24 24\" version=\"1.2\" baseProfile=\"tiny\"><path d=\"M18.2 9.3l-6.2-6.3-6.2 6.3c-.2.2-.3.4-.3.7s.1.5.3.7c.2.2.4.3.7.3h11c.3 0 .5-.1.7-.3.2-.2.3-.5.3-.7s-.1-.5-.3-.7zM5.8 14.7l6.2 6.3 6.2-6.3c.2-.2.3-.5.3-.7s-.1-.5-.3-.7c-.2-.2-.4-.3-.7-.3h-11c-.3 0-.5.1-.7.3-.2.2-.3.5-.3.7s.1.5.3.7z\"\/><\/svg><\/span><\/span><\/span><\/a><\/span><\/div>\n<nav><ul class='ez-toc-list ez-toc-list-level-1 eztoc-toggle-hide-by-default' ><li class='ez-toc-page-1 ez-toc-heading-level-2'><a class=\"ez-toc-link ez-toc-heading-1\" href=\"https:\/\/www.mobilier-design-occasion.fr\/magazine\/quelles-sont-les-etapes-du-faconnage-de-plinthe-sur-mesure\/#Bien_choisir_ses_plinthes\" >Bien choisir ses plinthes<\/a><\/li><li class='ez-toc-page-1 ez-toc-heading-level-2'><a class=\"ez-toc-link ez-toc-heading-2\" href=\"https:\/\/www.mobilier-design-occasion.fr\/magazine\/quelles-sont-les-etapes-du-faconnage-de-plinthe-sur-mesure\/#Faire_une_decoupe_sur_mesure_des_plinthes\" >Faire une d\u00e9coupe sur mesure des plinthes<\/a><\/li><li class='ez-toc-page-1 ez-toc-heading-level-2'><a class=\"ez-toc-link ez-toc-heading-3\" href=\"https:\/\/www.mobilier-design-occasion.fr\/magazine\/quelles-sont-les-etapes-du-faconnage-de-plinthe-sur-mesure\/#Identifier_le_bord_de_plinthe_convenable\" >Identifier le bord de plinthe convenable<\/a><\/li><\/ul><\/nav><\/div>\n\n\n\n\n<p>Sachez qu&#8217;il existe plusieurs types de plinthes et tous ne conviendront pas \u00e0&nbsp;<strong>l\u2019aspect esth\u00e9tique<\/strong>&nbsp;de votre int\u00e9rieur. Il faut donc non seulement tenir compte du type de sol que vous avez, mais aussi de vos go\u00fbts en termes de&nbsp;<strong>d\u00e9co<\/strong>. \u00c0 noter que pour r\u00e9aliser un choix optimal, vous avez la possibilit\u00e9 de suivre les astuces indiqu\u00e9es&nbsp;<a href=\"https:\/\/acjfaconnage.fr\/faconnage-plinthe-carrelage\/\">sur le site ACJ Fa\u00e7onnage<\/a>.<\/p>\n\n\n\n<h2 class=\"wp-block-heading\"><span class=\"ez-toc-section\" id=\"Faire_une_decoupe_sur_mesure_des_plinthes\"><\/span><strong>Faire une d\u00e9coupe sur mesure des plinthes<\/strong><span class=\"ez-toc-section-end\"><\/span><\/h2>\n\n\n\n<p>Le&nbsp;<strong>fa\u00e7onnage des plinthes<\/strong>&nbsp;doit suivre les sp\u00e9cificit\u00e9s de votre am\u00e9nagement afin d\u2019obtenir une&nbsp;<strong>touche esth\u00e9tique<\/strong>&nbsp;incomparable. Cela dit, vous devez savoir que la d\u00e9coupe des plinthes n\u00e9cessite l\u2019utilisation d&#8217;<strong>\u00e9quipements adapt\u00e9s<\/strong>. Il est donc pr\u00e9f\u00e9rable de confier cette t\u00e2che \u00e0 une structure sp\u00e9cialis\u00e9e dans le domaine. En r\u00e9alit\u00e9, seuls des sp\u00e9cialistes sont capables de bien&nbsp;:<\/p>\n\n\n\n<ul class=\"wp-block-list\"><li><strong>arrondir&nbsp;<\/strong>une plinthe ;<\/li><li>d\u00e9couper les plinthes \u00e0 45\u00b0 ;<\/li><li>r\u00e9aliser une d\u00e9coupe de plinthe biseau, etc.<\/li><\/ul>\n\n\n\n<p>Ces diff\u00e9rents modes de fa\u00e7onnage exigent certaines comp\u00e9tences dont disposent les&nbsp;<strong>artisans carreleurs<\/strong>.&nbsp;<\/p>\n\n\n\n<h2 class=\"wp-block-heading\"><span class=\"ez-toc-section\" id=\"Identifier_le_bord_de_plinthe_convenable\"><\/span><strong>Identifier le bord de plinthe convenable<\/strong><span class=\"ez-toc-section-end\"><\/span><\/h2>\n\n\n\n<figure class=\"wp-block-image size-large\"><img loading=\"lazy\" decoding=\"async\" width=\"1024\" height=\"410\" src=\"https:\/\/www.mobilier-design-occasion.fr\/magazine\/wp-content\/uploads\/2022\/05\/e4430fabf0fe81295dd8f47d50475383-1024x410.jpeg\" alt=\"\" class=\"wp-image-4663\" srcset=\"https:\/\/www.mobilier-design-occasion.fr\/magazine\/wp-content\/uploads\/2022\/05\/e4430fabf0fe81295dd8f47d50475383-1024x410.jpeg 1024w, https:\/\/www.mobilier-design-occasion.fr\/magazine\/wp-content\/uploads\/2022\/05\/e4430fabf0fe81295dd8f47d50475383-300x120.jpeg 300w, https:\/\/www.mobilier-design-occasion.fr\/magazine\/wp-content\/uploads\/2022\/05\/e4430fabf0fe81295dd8f47d50475383-768x307.jpeg 768w, https:\/\/www.mobilier-design-occasion.fr\/magazine\/wp-content\/uploads\/2022\/05\/e4430fabf0fe81295dd8f47d50475383-810x324.jpeg 810w, https:\/\/www.mobilier-design-occasion.fr\/magazine\/wp-content\/uploads\/2022\/05\/e4430fabf0fe81295dd8f47d50475383.jpeg 1094w\" sizes=\"auto, (max-width: 1024px) 100vw, 1024px\" \/><\/figure>\n\n\n\n<p>Durant l&#8217;achat de vos plinthes, vous rencontrerez deux diff\u00e9rents types de profil. Celui avec le bord sup\u00e9rieur arrondi est le&nbsp;<strong>format le plus classique<\/strong>&nbsp;et le plus utilis\u00e9. Le second profil dispose en revanche d&#8217;a<strong>r\u00eates vives<\/strong>. Il constitue un&nbsp;<strong>format tr\u00e8s esth\u00e9tique<\/strong>, mais plus sensible \u00e0 la poussi\u00e8re. Par contre, la pose de ce type de plinthes est simple, d\u2019autant plus qu\u2019aucune coupe particuli\u00e8re n\u2019est n\u00e9cessaire pour les angles.<\/p>\n","protected":false},"excerpt":{"rendered":"<p>Les plinthes sont des barri\u00e8res pens\u00e9es en vue de prot\u00e9ger le bas des murs d\u2019un logement. Elles aident donc \u00e0 amortir les \u00e9ventuels impacts provoqu\u00e9s par des coups dus au passage de l&#8217;aspirateur ou au d\u00e9placement du mobilier. Quelles sont les \u00e9tapes pour bien fa\u00e7onner des plinthes sur mesure ? D\u00e9couvrez-les \u00e0 travers ce texte. [&hellip;]<\/p>\n","protected":false},"author":1,"featured_media":4662,"comment_status":"open","ping_status":"open","sticky":false,"template":"","format":"standard","meta":{"footnotes":""},"categories":[2],"tags":[],"class_list":["post-4661","post","type-post","status-publish","format-standard","has-post-thumbnail","hentry","category-tendances"],"yoast_head":"<!-- This site is optimized with the Yoast SEO plugin v27.5 - https:\/\/yoast.com\/product\/yoast-seo-wordpress\/ -->\n<title>Quelles sont les \u00e9tapes du fa\u00e7onnage de plinthe sur mesure? - Mobilier Design Magazine<\/title>\n<meta name=\"robots\" content=\"index, follow, max-snippet:-1, max-image-preview:large, max-video-preview:-1\" \/>\n<link rel=\"canonical\" href=\"https:\/\/www.mobilier-design-occasion.fr\/magazine\/quelles-sont-les-etapes-du-faconnage-de-plinthe-sur-mesure\/\" \/>\n<meta property=\"og:locale\" content=\"fr_FR\" \/>\n<meta property=\"og:type\" content=\"article\" \/>\n<meta property=\"og:title\" content=\"Quelles sont les \u00e9tapes du fa\u00e7onnage de plinthe sur mesure? - Mobilier Design Magazine\" \/>\n<meta property=\"og:description\" content=\"Les plinthes sont des barri\u00e8res pens\u00e9es en vue de prot\u00e9ger le bas des murs d\u2019un logement. Elles aident donc \u00e0 amortir les \u00e9ventuels impacts provoqu\u00e9s par des coups dus au passage de l&#8217;aspirateur ou au d\u00e9placement du mobilier. Quelles sont les \u00e9tapes pour bien fa\u00e7onner des plinthes sur mesure ? D\u00e9couvrez-les \u00e0 travers ce texte. [&hellip;]\" \/>\n<meta property=\"og:url\" content=\"https:\/\/www.mobilier-design-occasion.fr\/magazine\/quelles-sont-les-etapes-du-faconnage-de-plinthe-sur-mesure\/\" \/>\n<meta property=\"og:site_name\" content=\"Mobilier Design Magazine\" \/>\n<meta property=\"article:publisher\" content=\"https:\/\/www.facebook.com\/mobilierdesignoccasion\" \/>\n<meta property=\"article:published_time\" content=\"2022-05-25T07:17:26+00:00\" \/>\n<meta property=\"article:modified_time\" content=\"2023-09-25T13:39:48+00:00\" \/>\n<meta property=\"og:image\" content=\"https:\/\/www.mobilier-design-occasion.fr\/magazine\/wp-content\/uploads\/2022\/05\/885b8f43b96f018b3dd0cd35b4368d22.jpeg\" \/>\n\t<meta property=\"og:image:width\" content=\"862\" \/>\n\t<meta property=\"og:image:height\" content=\"555\" \/>\n\t<meta property=\"og:image:type\" content=\"image\/jpeg\" \/>\n<meta name=\"author\" content=\"Cyrielle Poirot\" \/>\n<meta name=\"twitter:card\" content=\"summary_large_image\" \/>\n<meta name=\"twitter:label1\" content=\"\u00c9crit par\" \/>\n\t<meta name=\"twitter:data1\" content=\"Cyrielle Poirot\" \/>\n\t<meta name=\"twitter:label2\" content=\"Dur\u00e9e de lecture estim\u00e9e\" \/>\n\t<meta name=\"twitter:data2\" content=\"2 minutes\" \/>\n<script type=\"application\/ld+json\" class=\"yoast-schema-graph\">{\"@context\":\"https:\\\/\\\/schema.org\",\"@graph\":[{\"@type\":\"Article\",\"@id\":\"https:\\\/\\\/www.mobilier-design-occasion.fr\\\/magazine\\\/quelles-sont-les-etapes-du-faconnage-de-plinthe-sur-mesure\\\/#article\",\"isPartOf\":{\"@id\":\"https:\\\/\\\/www.mobilier-design-occasion.fr\\\/magazine\\\/quelles-sont-les-etapes-du-faconnage-de-plinthe-sur-mesure\\\/\"},\"author\":{\"name\":\"Cyrielle Poirot\",\"@id\":\"https:\\\/\\\/www.mobilier-design-occasion.fr\\\/magazine\\\/#\\\/schema\\\/person\\\/5b2e5627a714ddadaaf8c9b886c55eff\"},\"headline\":\"Quelles sont les \u00e9tapes du fa\u00e7onnage de plinthe sur mesure?\",\"datePublished\":\"2022-05-25T07:17:26+00:00\",\"dateModified\":\"2023-09-25T13:39:48+00:00\",\"mainEntityOfPage\":{\"@id\":\"https:\\\/\\\/www.mobilier-design-occasion.fr\\\/magazine\\\/quelles-sont-les-etapes-du-faconnage-de-plinthe-sur-mesure\\\/\"},\"wordCount\":360,\"commentCount\":0,\"publisher\":{\"@id\":\"https:\\\/\\\/www.mobilier-design-occasion.fr\\\/magazine\\\/#organization\"},\"image\":{\"@id\":\"https:\\\/\\\/www.mobilier-design-occasion.fr\\\/magazine\\\/quelles-sont-les-etapes-du-faconnage-de-plinthe-sur-mesure\\\/#primaryimage\"},\"thumbnailUrl\":\"https:\\\/\\\/www.mobilier-design-occasion.fr\\\/magazine\\\/wp-content\\\/uploads\\\/2022\\\/05\\\/885b8f43b96f018b3dd0cd35b4368d22.jpeg\",\"articleSection\":[\"Tendances\"],\"inLanguage\":\"fr-FR\",\"potentialAction\":[{\"@type\":\"CommentAction\",\"name\":\"Comment\",\"target\":[\"https:\\\/\\\/www.mobilier-design-occasion.fr\\\/magazine\\\/quelles-sont-les-etapes-du-faconnage-de-plinthe-sur-mesure\\\/#respond\"]}]},{\"@type\":\"WebPage\",\"@id\":\"https:\\\/\\\/www.mobilier-design-occasion.fr\\\/magazine\\\/quelles-sont-les-etapes-du-faconnage-de-plinthe-sur-mesure\\\/\",\"url\":\"https:\\\/\\\/www.mobilier-design-occasion.fr\\\/magazine\\\/quelles-sont-les-etapes-du-faconnage-de-plinthe-sur-mesure\\\/\",\"name\":\"Quelles sont les \u00e9tapes du fa\u00e7onnage de plinthe sur mesure? - Mobilier Design Magazine\",\"isPartOf\":{\"@id\":\"https:\\\/\\\/www.mobilier-design-occasion.fr\\\/magazine\\\/#website\"},\"primaryImageOfPage\":{\"@id\":\"https:\\\/\\\/www.mobilier-design-occasion.fr\\\/magazine\\\/quelles-sont-les-etapes-du-faconnage-de-plinthe-sur-mesure\\\/#primaryimage\"},\"image\":{\"@id\":\"https:\\\/\\\/www.mobilier-design-occasion.fr\\\/magazine\\\/quelles-sont-les-etapes-du-faconnage-de-plinthe-sur-mesure\\\/#primaryimage\"},\"thumbnailUrl\":\"https:\\\/\\\/www.mobilier-design-occasion.fr\\\/magazine\\\/wp-content\\\/uploads\\\/2022\\\/05\\\/885b8f43b96f018b3dd0cd35b4368d22.jpeg\",\"datePublished\":\"2022-05-25T07:17:26+00:00\",\"dateModified\":\"2023-09-25T13:39:48+00:00\",\"breadcrumb\":{\"@id\":\"https:\\\/\\\/www.mobilier-design-occasion.fr\\\/magazine\\\/quelles-sont-les-etapes-du-faconnage-de-plinthe-sur-mesure\\\/#breadcrumb\"},\"inLanguage\":\"fr-FR\",\"potentialAction\":[{\"@type\":\"ReadAction\",\"target\":[\"https:\\\/\\\/www.mobilier-design-occasion.fr\\\/magazine\\\/quelles-sont-les-etapes-du-faconnage-de-plinthe-sur-mesure\\\/\"]}]},{\"@type\":\"ImageObject\",\"inLanguage\":\"fr-FR\",\"@id\":\"https:\\\/\\\/www.mobilier-design-occasion.fr\\\/magazine\\\/quelles-sont-les-etapes-du-faconnage-de-plinthe-sur-mesure\\\/#primaryimage\",\"url\":\"https:\\\/\\\/www.mobilier-design-occasion.fr\\\/magazine\\\/wp-content\\\/uploads\\\/2022\\\/05\\\/885b8f43b96f018b3dd0cd35b4368d22.jpeg\",\"contentUrl\":\"https:\\\/\\\/www.mobilier-design-occasion.fr\\\/magazine\\\/wp-content\\\/uploads\\\/2022\\\/05\\\/885b8f43b96f018b3dd0cd35b4368d22.jpeg\",\"width\":862,\"height\":555,\"caption\":\"Insect powder between parquet and wooden baseboards\"},{\"@type\":\"BreadcrumbList\",\"@id\":\"https:\\\/\\\/www.mobilier-design-occasion.fr\\\/magazine\\\/quelles-sont-les-etapes-du-faconnage-de-plinthe-sur-mesure\\\/#breadcrumb\",\"itemListElement\":[{\"@type\":\"ListItem\",\"position\":1,\"name\":\"Accueil\",\"item\":\"https:\\\/\\\/www.mobilier-design-occasion.fr\\\/magazine\\\/\"},{\"@type\":\"ListItem\",\"position\":2,\"name\":\"Quelles sont les \u00e9tapes du fa\u00e7onnage de plinthe sur mesure?\"}]},{\"@type\":\"WebSite\",\"@id\":\"https:\\\/\\\/www.mobilier-design-occasion.fr\\\/magazine\\\/#website\",\"url\":\"https:\\\/\\\/www.mobilier-design-occasion.fr\\\/magazine\\\/\",\"name\":\"Mobilier Design Magazine\",\"description\":\"\",\"publisher\":{\"@id\":\"https:\\\/\\\/www.mobilier-design-occasion.fr\\\/magazine\\\/#organization\"},\"potentialAction\":[{\"@type\":\"SearchAction\",\"target\":{\"@type\":\"EntryPoint\",\"urlTemplate\":\"https:\\\/\\\/www.mobilier-design-occasion.fr\\\/magazine\\\/?s={search_term_string}\"},\"query-input\":{\"@type\":\"PropertyValueSpecification\",\"valueRequired\":true,\"valueName\":\"search_term_string\"}}],\"inLanguage\":\"fr-FR\"},{\"@type\":\"Organization\",\"@id\":\"https:\\\/\\\/www.mobilier-design-occasion.fr\\\/magazine\\\/#organization\",\"name\":\"Mobilier Design Magazine\",\"url\":\"https:\\\/\\\/www.mobilier-design-occasion.fr\\\/magazine\\\/\",\"logo\":{\"@type\":\"ImageObject\",\"inLanguage\":\"fr-FR\",\"@id\":\"https:\\\/\\\/www.mobilier-design-occasion.fr\\\/magazine\\\/#\\\/schema\\\/logo\\\/image\\\/\",\"url\":\"https:\\\/\\\/www.mobilier-design-occasion.fr\\\/magazine\\\/wp-content\\\/uploads\\\/2024\\\/02\\\/android-chrome-192x192-1.png\",\"contentUrl\":\"https:\\\/\\\/www.mobilier-design-occasion.fr\\\/magazine\\\/wp-content\\\/uploads\\\/2024\\\/02\\\/android-chrome-192x192-1.png\",\"width\":192,\"height\":192,\"caption\":\"Mobilier Design Magazine\"},\"image\":{\"@id\":\"https:\\\/\\\/www.mobilier-design-occasion.fr\\\/magazine\\\/#\\\/schema\\\/logo\\\/image\\\/\"},\"sameAs\":[\"https:\\\/\\\/www.facebook.com\\\/mobilierdesignoccasion\"]},{\"@type\":\"Person\",\"@id\":\"https:\\\/\\\/www.mobilier-design-occasion.fr\\\/magazine\\\/#\\\/schema\\\/person\\\/5b2e5627a714ddadaaf8c9b886c55eff\",\"name\":\"Cyrielle Poirot\",\"image\":{\"@type\":\"ImageObject\",\"inLanguage\":\"fr-FR\",\"@id\":\"https:\\\/\\\/secure.gravatar.com\\\/avatar\\\/c8d2674e093b06894d8d1dc468b626bd752523471f3ac6e75f7c7a1400d40b4d?s=96&d=mm&r=g\",\"url\":\"https:\\\/\\\/secure.gravatar.com\\\/avatar\\\/c8d2674e093b06894d8d1dc468b626bd752523471f3ac6e75f7c7a1400d40b4d?s=96&d=mm&r=g\",\"contentUrl\":\"https:\\\/\\\/secure.gravatar.com\\\/avatar\\\/c8d2674e093b06894d8d1dc468b626bd752523471f3ac6e75f7c7a1400d40b4d?s=96&d=mm&r=g\",\"caption\":\"Cyrielle Poirot\"},\"description\":\"Cyrielle est passionn\u00e9e par la d\u00e9coration d'int\u00e9rieur et s'est sp\u00e9cialis\u00e9e depuis quelques ann\u00e9es dans l'\u00e9dition du site Mobilier-Design, avec une touche sp\u00e9cifique pour les produits d'occasion.\",\"sameAs\":[\"https:\\\/\\\/www.mobilier-design-occasion.fr\\\/magazine\"],\"url\":\"https:\\\/\\\/www.mobilier-design-occasion.fr\\\/magazine\\\/author\\\/cyrielle\\\/\"}]}<\/script>\n<!-- \/ Yoast SEO plugin. -->","yoast_head_json":{"title":"Quelles sont les \u00e9tapes du fa\u00e7onnage de plinthe sur mesure? - Mobilier Design Magazine","robots":{"index":"index","follow":"follow","max-snippet":"max-snippet:-1","max-image-preview":"max-image-preview:large","max-video-preview":"max-video-preview:-1"},"canonical":"https:\/\/www.mobilier-design-occasion.fr\/magazine\/quelles-sont-les-etapes-du-faconnage-de-plinthe-sur-mesure\/","og_locale":"fr_FR","og_type":"article","og_title":"Quelles sont les \u00e9tapes du fa\u00e7onnage de plinthe sur mesure? - Mobilier Design Magazine","og_description":"Les plinthes sont des barri\u00e8res pens\u00e9es en vue de prot\u00e9ger le bas des murs d\u2019un logement. Elles aident donc \u00e0 amortir les \u00e9ventuels impacts provoqu\u00e9s par des coups dus au passage de l&#8217;aspirateur ou au d\u00e9placement du mobilier. Quelles sont les \u00e9tapes pour bien fa\u00e7onner des plinthes sur mesure ? D\u00e9couvrez-les \u00e0 travers ce texte. [&hellip;]","og_url":"https:\/\/www.mobilier-design-occasion.fr\/magazine\/quelles-sont-les-etapes-du-faconnage-de-plinthe-sur-mesure\/","og_site_name":"Mobilier Design Magazine","article_publisher":"https:\/\/www.facebook.com\/mobilierdesignoccasion","article_published_time":"2022-05-25T07:17:26+00:00","article_modified_time":"2023-09-25T13:39:48+00:00","og_image":[{"width":862,"height":555,"url":"https:\/\/www.mobilier-design-occasion.fr\/magazine\/wp-content\/uploads\/2022\/05\/885b8f43b96f018b3dd0cd35b4368d22.jpeg","type":"image\/jpeg"}],"author":"Cyrielle Poirot","twitter_card":"summary_large_image","twitter_misc":{"\u00c9crit par":"Cyrielle Poirot","Dur\u00e9e de lecture estim\u00e9e":"2 minutes"},"schema":{"@context":"https:\/\/schema.org","@graph":[{"@type":"Article","@id":"https:\/\/www.mobilier-design-occasion.fr\/magazine\/quelles-sont-les-etapes-du-faconnage-de-plinthe-sur-mesure\/#article","isPartOf":{"@id":"https:\/\/www.mobilier-design-occasion.fr\/magazine\/quelles-sont-les-etapes-du-faconnage-de-plinthe-sur-mesure\/"},"author":{"name":"Cyrielle Poirot","@id":"https:\/\/www.mobilier-design-occasion.fr\/magazine\/#\/schema\/person\/5b2e5627a714ddadaaf8c9b886c55eff"},"headline":"Quelles sont les \u00e9tapes du fa\u00e7onnage de plinthe sur mesure?","datePublished":"2022-05-25T07:17:26+00:00","dateModified":"2023-09-25T13:39:48+00:00","mainEntityOfPage":{"@id":"https:\/\/www.mobilier-design-occasion.fr\/magazine\/quelles-sont-les-etapes-du-faconnage-de-plinthe-sur-mesure\/"},"wordCount":360,"commentCount":0,"publisher":{"@id":"https:\/\/www.mobilier-design-occasion.fr\/magazine\/#organization"},"image":{"@id":"https:\/\/www.mobilier-design-occasion.fr\/magazine\/quelles-sont-les-etapes-du-faconnage-de-plinthe-sur-mesure\/#primaryimage"},"thumbnailUrl":"https:\/\/www.mobilier-design-occasion.fr\/magazine\/wp-content\/uploads\/2022\/05\/885b8f43b96f018b3dd0cd35b4368d22.jpeg","articleSection":["Tendances"],"inLanguage":"fr-FR","potentialAction":[{"@type":"CommentAction","name":"Comment","target":["https:\/\/www.mobilier-design-occasion.fr\/magazine\/quelles-sont-les-etapes-du-faconnage-de-plinthe-sur-mesure\/#respond"]}]},{"@type":"WebPage","@id":"https:\/\/www.mobilier-design-occasion.fr\/magazine\/quelles-sont-les-etapes-du-faconnage-de-plinthe-sur-mesure\/","url":"https:\/\/www.mobilier-design-occasion.fr\/magazine\/quelles-sont-les-etapes-du-faconnage-de-plinthe-sur-mesure\/","name":"Quelles sont les \u00e9tapes du fa\u00e7onnage de plinthe sur mesure? - Mobilier Design Magazine","isPartOf":{"@id":"https:\/\/www.mobilier-design-occasion.fr\/magazine\/#website"},"primaryImageOfPage":{"@id":"https:\/\/www.mobilier-design-occasion.fr\/magazine\/quelles-sont-les-etapes-du-faconnage-de-plinthe-sur-mesure\/#primaryimage"},"image":{"@id":"https:\/\/www.mobilier-design-occasion.fr\/magazine\/quelles-sont-les-etapes-du-faconnage-de-plinthe-sur-mesure\/#primaryimage"},"thumbnailUrl":"https:\/\/www.mobilier-design-occasion.fr\/magazine\/wp-content\/uploads\/2022\/05\/885b8f43b96f018b3dd0cd35b4368d22.jpeg","datePublished":"2022-05-25T07:17:26+00:00","dateModified":"2023-09-25T13:39:48+00:00","breadcrumb":{"@id":"https:\/\/www.mobilier-design-occasion.fr\/magazine\/quelles-sont-les-etapes-du-faconnage-de-plinthe-sur-mesure\/#breadcrumb"},"inLanguage":"fr-FR","potentialAction":[{"@type":"ReadAction","target":["https:\/\/www.mobilier-design-occasion.fr\/magazine\/quelles-sont-les-etapes-du-faconnage-de-plinthe-sur-mesure\/"]}]},{"@type":"ImageObject","inLanguage":"fr-FR","@id":"https:\/\/www.mobilier-design-occasion.fr\/magazine\/quelles-sont-les-etapes-du-faconnage-de-plinthe-sur-mesure\/#primaryimage","url":"https:\/\/www.mobilier-design-occasion.fr\/magazine\/wp-content\/uploads\/2022\/05\/885b8f43b96f018b3dd0cd35b4368d22.jpeg","contentUrl":"https:\/\/www.mobilier-design-occasion.fr\/magazine\/wp-content\/uploads\/2022\/05\/885b8f43b96f018b3dd0cd35b4368d22.jpeg","width":862,"height":555,"caption":"Insect powder between parquet and wooden baseboards"},{"@type":"BreadcrumbList","@id":"https:\/\/www.mobilier-design-occasion.fr\/magazine\/quelles-sont-les-etapes-du-faconnage-de-plinthe-sur-mesure\/#breadcrumb","itemListElement":[{"@type":"ListItem","position":1,"name":"Accueil","item":"https:\/\/www.mobilier-design-occasion.fr\/magazine\/"},{"@type":"ListItem","position":2,"name":"Quelles sont les \u00e9tapes du fa\u00e7onnage de plinthe sur mesure?"}]},{"@type":"WebSite","@id":"https:\/\/www.mobilier-design-occasion.fr\/magazine\/#website","url":"https:\/\/www.mobilier-design-occasion.fr\/magazine\/","name":"Mobilier Design Magazine","description":"","publisher":{"@id":"https:\/\/www.mobilier-design-occasion.fr\/magazine\/#organization"},"potentialAction":[{"@type":"SearchAction","target":{"@type":"EntryPoint","urlTemplate":"https:\/\/www.mobilier-design-occasion.fr\/magazine\/?s={search_term_string}"},"query-input":{"@type":"PropertyValueSpecification","valueRequired":true,"valueName":"search_term_string"}}],"inLanguage":"fr-FR"},{"@type":"Organization","@id":"https:\/\/www.mobilier-design-occasion.fr\/magazine\/#organization","name":"Mobilier Design Magazine","url":"https:\/\/www.mobilier-design-occasion.fr\/magazine\/","logo":{"@type":"ImageObject","inLanguage":"fr-FR","@id":"https:\/\/www.mobilier-design-occasion.fr\/magazine\/#\/schema\/logo\/image\/","url":"https:\/\/www.mobilier-design-occasion.fr\/magazine\/wp-content\/uploads\/2024\/02\/android-chrome-192x192-1.png","contentUrl":"https:\/\/www.mobilier-design-occasion.fr\/magazine\/wp-content\/uploads\/2024\/02\/android-chrome-192x192-1.png","width":192,"height":192,"caption":"Mobilier Design Magazine"},"image":{"@id":"https:\/\/www.mobilier-design-occasion.fr\/magazine\/#\/schema\/logo\/image\/"},"sameAs":["https:\/\/www.facebook.com\/mobilierdesignoccasion"]},{"@type":"Person","@id":"https:\/\/www.mobilier-design-occasion.fr\/magazine\/#\/schema\/person\/5b2e5627a714ddadaaf8c9b886c55eff","name":"Cyrielle Poirot","image":{"@type":"ImageObject","inLanguage":"fr-FR","@id":"https:\/\/secure.gravatar.com\/avatar\/c8d2674e093b06894d8d1dc468b626bd752523471f3ac6e75f7c7a1400d40b4d?s=96&d=mm&r=g","url":"https:\/\/secure.gravatar.com\/avatar\/c8d2674e093b06894d8d1dc468b626bd752523471f3ac6e75f7c7a1400d40b4d?s=96&d=mm&r=g","contentUrl":"https:\/\/secure.gravatar.com\/avatar\/c8d2674e093b06894d8d1dc468b626bd752523471f3ac6e75f7c7a1400d40b4d?s=96&d=mm&r=g","caption":"Cyrielle Poirot"},"description":"Cyrielle est passionn\u00e9e par la d\u00e9coration d'int\u00e9rieur et s'est sp\u00e9cialis\u00e9e depuis quelques ann\u00e9es dans l'\u00e9dition du site Mobilier-Design, avec une touche sp\u00e9cifique pour les produits d'occasion.","sameAs":["https:\/\/www.mobilier-design-occasion.fr\/magazine"],"url":"https:\/\/www.mobilier-design-occasion.fr\/magazine\/author\/cyrielle\/"}]}},"_links":{"self":[{"href":"https:\/\/www.mobilier-design-occasion.fr\/magazine\/wp-json\/wp\/v2\/posts\/4661","targetHints":{"allow":["GET"]}}],"collection":[{"href":"https:\/\/www.mobilier-design-occasion.fr\/magazine\/wp-json\/wp\/v2\/posts"}],"about":[{"href":"https:\/\/www.mobilier-design-occasion.fr\/magazine\/wp-json\/wp\/v2\/types\/post"}],"author":[{"embeddable":true,"href":"https:\/\/www.mobilier-design-occasion.fr\/magazine\/wp-json\/wp\/v2\/users\/1"}],"replies":[{"embeddable":true,"href":"https:\/\/www.mobilier-design-occasion.fr\/magazine\/wp-json\/wp\/v2\/comments?post=4661"}],"version-history":[{"count":2,"href":"https:\/\/www.mobilier-design-occasion.fr\/magazine\/wp-json\/wp\/v2\/posts\/4661\/revisions"}],"predecessor-version":[{"id":4665,"href":"https:\/\/www.mobilier-design-occasion.fr\/magazine\/wp-json\/wp\/v2\/posts\/4661\/revisions\/4665"}],"wp:featuredmedia":[{"embeddable":true,"href":"https:\/\/www.mobilier-design-occasion.fr\/magazine\/wp-json\/wp\/v2\/media\/4662"}],"wp:attachment":[{"href":"https:\/\/www.mobilier-design-occasion.fr\/magazine\/wp-json\/wp\/v2\/media?parent=4661"}],"wp:term":[{"taxonomy":"category","embeddable":true,"href":"https:\/\/www.mobilier-design-occasion.fr\/magazine\/wp-json\/wp\/v2\/categories?post=4661"},{"taxonomy":"post_tag","embeddable":true,"href":"https:\/\/www.mobilier-design-occasion.fr\/magazine\/wp-json\/wp\/v2\/tags?post=4661"}],"curies":[{"name":"wp","href":"https:\/\/api.w.org\/{rel}","templated":true}]}}