{"id":4570,"date":"2022-05-11T07:34:28","date_gmt":"2022-05-11T07:34:28","guid":{"rendered":"https:\/\/www.mobilier-design-occasion.fr\/magazine\/?p=4570"},"modified":"2023-09-25T13:39:49","modified_gmt":"2023-09-25T13:39:49","slug":"comment-reinventer-son-interieur-avec-un-meuble-doccasion","status":"publish","type":"post","link":"https:\/\/www.mobilier-design-occasion.fr\/magazine\/comment-reinventer-son-interieur-avec-un-meuble-doccasion\/","title":{"rendered":"Comment r\u00e9inventer son int\u00e9rieur avec un meuble d\u2019occasion\u2009?"},"content":{"rendered":"\n<p>Les meubles d\u2019occasion s\u00e9duisent de plus en plus de nombreuses personnes. Au-del\u00e0 de son aspect \u00e9conomique, le <a href=\"https:\/\/www.mobilier-design-occasion.fr\/magazine\/test-avis-sur-la-redoute-interieurs-am-pm\/\">mobilier<\/a> d\u2019occasion est int\u00e9ressant pour non seulement son originalit\u00e9, mais aussi son impact environnemental. Il offre une d\u00e9coration \u00e0 la fois vintage et tendance \u00e0 votre int\u00e9rieur. D\u00e9couvrez dans cet article des astuces pour d\u00e9corer votre int\u00e9rieur avec des meubles d\u2019occasion.<\/p>\n\n\n\n<h2 class=\"wp-block-heading\">M\u00e9langer pour plus d\u2019originalit\u00e9<\/h2>\n\n\n\n<p>Les meubles d\u2019occasion sont&nbsp;<strong>d\u2019excellents objets de d\u00e9coration<\/strong>&nbsp;si vous \u00eates \u00e0 la qu\u00eate d\u2019originalit\u00e9. On les retrouve dans les magasins d\u2019occasion et il y en a pour tous les gouts et pr\u00e9f\u00e9rences. Vous y trouverez certainement le meuble d\u2019occasion qui fera votre bonheur.<\/p>\n\n\n\n<p>De m\u00eame, vous n\u2019aurez&nbsp;<strong>pas besoin d\u2019en avoir assez<\/strong>&nbsp;pour sublimer votre int\u00e9rieur. En fait, les meubles d\u2019occasion se pr\u00e9sentent sous des tons neutres et vous pourrez faire un parfait m\u00e9lange. Ce m\u00e9lange vous \u00e9vite de virer rapidement dans le&nbsp;<strong>too much<\/strong>.<\/p>\n\n\n\n<p>Les meubles d\u2019occasion conviennent bien \u00e0 la\u00a0<strong>d\u00e9coration moderne qu\u2019\u00e0 la d\u00e9coration vintage<\/strong>. \u00c0 vous de choisir le style qui vous convient ou de les m\u00e9langer. D\u2019ailleurs, n\u2019h\u00e9sitez pas \u00e0 visiter\u00a0<a href=\"https:\/\/www.monprojethabitat.com\/\">ce site<\/a>\u00a0pour d\u00e9couvrir d\u2019autres id\u00e9es de d\u00e9coration pour une ambiance cosy dans votre int\u00e9rieur.<\/p>\n\n\n\n<figure class=\"wp-block-image size-full\"><img loading=\"lazy\" decoding=\"async\" width=\"856\" height=\"559\" src=\"https:\/\/www.mobilier-design-occasion.fr\/magazine\/wp-content\/uploads\/2022\/05\/14a479fff6eab0c8446b65dfbee92a04.jpeg\" alt=\"\" class=\"wp-image-4572\" srcset=\"https:\/\/www.mobilier-design-occasion.fr\/magazine\/wp-content\/uploads\/2022\/05\/14a479fff6eab0c8446b65dfbee92a04.jpeg 856w, https:\/\/www.mobilier-design-occasion.fr\/magazine\/wp-content\/uploads\/2022\/05\/14a479fff6eab0c8446b65dfbee92a04-300x196.jpeg 300w, https:\/\/www.mobilier-design-occasion.fr\/magazine\/wp-content\/uploads\/2022\/05\/14a479fff6eab0c8446b65dfbee92a04-768x502.jpeg 768w, https:\/\/www.mobilier-design-occasion.fr\/magazine\/wp-content\/uploads\/2022\/05\/14a479fff6eab0c8446b65dfbee92a04-810x529.jpeg 810w\" sizes=\"auto, (max-width: 856px) 100vw, 856px\" \/><\/figure>\n\n\n\n<h2 class=\"wp-block-heading\">D\u00e9finir une feuille de route<\/h2>\n\n\n\n<p>Une autre astuce pour r\u00e9ussir une d\u00e9coration d\u2019int\u00e9rieur avec des meubles d\u2019occasion est&nbsp;<strong>d\u2019\u00eatre m\u00e9thodique<\/strong>. \u00c0 cet effet, il vous faut&nbsp;:<\/p>\n\n\n\n<ul class=\"wp-block-list\"><li>Noter l\u2019impression que vous d\u00e9sirez transmettre\u2009;<\/li><li>Faire une liste de ce que vous avez d\u00e9j\u00e0\u2009;<\/li><li>D\u00e9finir les meubles manquants \u00e0 acheter en fonction de l\u2019impression \u00e0 transmettre.<\/li><\/ul>\n\n\n\n<p>En suivant cette feuille de route, vous saurez exactement&nbsp;<strong>les meubles \u00e0 choisir<\/strong>&nbsp;lorsque vous irez dans votre magasin de meubles d\u2019occasion.<\/p>\n\n\n\n<p>En somme, si vous choisissez de modifier la d\u00e9coration de votre int\u00e9rieur en optant pour des meubles d\u2019occasion, vous avez de quoi vous guider. Les \u00e9tapes susmentionn\u00e9es vous guideront pour faire de votre int\u00e9rieur un espace plaisant.<\/p>\n","protected":false},"excerpt":{"rendered":"<p>Les meubles d\u2019occasion s\u00e9duisent de plus en plus de nombreuses personnes. Au-del\u00e0 de son aspect \u00e9conomique, le mobilier d\u2019occasion est int\u00e9ressant pour non seulement son originalit\u00e9, mais aussi son impact environnemental. Il offre une d\u00e9coration \u00e0 la fois vintage et tendance \u00e0 votre int\u00e9rieur. D\u00e9couvrez dans cet article des astuces pour d\u00e9corer votre int\u00e9rieur avec [&hellip;]<\/p>\n","protected":false},"author":1,"featured_media":4573,"comment_status":"open","ping_status":"open","sticky":false,"template":"","format":"standard","meta":{"footnotes":""},"categories":[2],"tags":[],"class_list":["post-4570","post","type-post","status-publish","format-standard","has-post-thumbnail","hentry","category-tendances"],"yoast_head":"<!-- This site is optimized with the Yoast SEO plugin v27.5 - https:\/\/yoast.com\/product\/yoast-seo-wordpress\/ -->\n<title>Comment r\u00e9inventer son int\u00e9rieur avec un meuble d\u2019occasion\u2009? - Mobilier Design Magazine<\/title>\n<meta name=\"robots\" content=\"index, follow, max-snippet:-1, max-image-preview:large, max-video-preview:-1\" \/>\n<link rel=\"canonical\" href=\"https:\/\/www.mobilier-design-occasion.fr\/magazine\/comment-reinventer-son-interieur-avec-un-meuble-doccasion\/\" \/>\n<meta property=\"og:locale\" content=\"fr_FR\" \/>\n<meta property=\"og:type\" content=\"article\" \/>\n<meta property=\"og:title\" content=\"Comment r\u00e9inventer son int\u00e9rieur avec un meuble d\u2019occasion\u2009? - Mobilier Design Magazine\" \/>\n<meta property=\"og:description\" content=\"Les meubles d\u2019occasion s\u00e9duisent de plus en plus de nombreuses personnes. Au-del\u00e0 de son aspect \u00e9conomique, le mobilier d\u2019occasion est int\u00e9ressant pour non seulement son originalit\u00e9, mais aussi son impact environnemental. Il offre une d\u00e9coration \u00e0 la fois vintage et tendance \u00e0 votre int\u00e9rieur. D\u00e9couvrez dans cet article des astuces pour d\u00e9corer votre int\u00e9rieur avec [&hellip;]\" \/>\n<meta property=\"og:url\" content=\"https:\/\/www.mobilier-design-occasion.fr\/magazine\/comment-reinventer-son-interieur-avec-un-meuble-doccasion\/\" \/>\n<meta property=\"og:site_name\" content=\"Mobilier Design Magazine\" \/>\n<meta property=\"article:publisher\" content=\"https:\/\/www.facebook.com\/mobilierdesignoccasion\" \/>\n<meta property=\"article:published_time\" content=\"2022-05-11T07:34:28+00:00\" \/>\n<meta property=\"article:modified_time\" content=\"2023-09-25T13:39:49+00:00\" \/>\n<meta property=\"og:image\" content=\"https:\/\/www.mobilier-design-occasion.fr\/magazine\/wp-content\/uploads\/2022\/05\/a5dd9a3e2647ec8e1d1ebf61ef0695a3-1.jpeg\" \/>\n\t<meta property=\"og:image:width\" content=\"847\" \/>\n\t<meta property=\"og:image:height\" content=\"565\" \/>\n\t<meta property=\"og:image:type\" content=\"image\/jpeg\" \/>\n<meta name=\"author\" content=\"Cyrielle Poirot\" \/>\n<meta name=\"twitter:card\" content=\"summary_large_image\" \/>\n<meta name=\"twitter:label1\" content=\"\u00c9crit par\" \/>\n\t<meta name=\"twitter:data1\" content=\"Cyrielle Poirot\" \/>\n\t<meta name=\"twitter:label2\" content=\"Dur\u00e9e de lecture estim\u00e9e\" \/>\n\t<meta name=\"twitter:data2\" content=\"2 minutes\" \/>\n<script type=\"application\/ld+json\" class=\"yoast-schema-graph\">{\"@context\":\"https:\\\/\\\/schema.org\",\"@graph\":[{\"@type\":\"Article\",\"@id\":\"https:\\\/\\\/www.mobilier-design-occasion.fr\\\/magazine\\\/comment-reinventer-son-interieur-avec-un-meuble-doccasion\\\/#article\",\"isPartOf\":{\"@id\":\"https:\\\/\\\/www.mobilier-design-occasion.fr\\\/magazine\\\/comment-reinventer-son-interieur-avec-un-meuble-doccasion\\\/\"},\"author\":{\"name\":\"Cyrielle Poirot\",\"@id\":\"https:\\\/\\\/www.mobilier-design-occasion.fr\\\/magazine\\\/#\\\/schema\\\/person\\\/5b2e5627a714ddadaaf8c9b886c55eff\"},\"headline\":\"Comment r\u00e9inventer son int\u00e9rieur avec un meuble d\u2019occasion\u2009?\",\"datePublished\":\"2022-05-11T07:34:28+00:00\",\"dateModified\":\"2023-09-25T13:39:49+00:00\",\"mainEntityOfPage\":{\"@id\":\"https:\\\/\\\/www.mobilier-design-occasion.fr\\\/magazine\\\/comment-reinventer-son-interieur-avec-un-meuble-doccasion\\\/\"},\"wordCount\":376,\"commentCount\":0,\"publisher\":{\"@id\":\"https:\\\/\\\/www.mobilier-design-occasion.fr\\\/magazine\\\/#organization\"},\"image\":{\"@id\":\"https:\\\/\\\/www.mobilier-design-occasion.fr\\\/magazine\\\/comment-reinventer-son-interieur-avec-un-meuble-doccasion\\\/#primaryimage\"},\"thumbnailUrl\":\"https:\\\/\\\/www.mobilier-design-occasion.fr\\\/magazine\\\/wp-content\\\/uploads\\\/2022\\\/05\\\/a5dd9a3e2647ec8e1d1ebf61ef0695a3-1.jpeg\",\"articleSection\":[\"Tendances\"],\"inLanguage\":\"fr-FR\",\"potentialAction\":[{\"@type\":\"CommentAction\",\"name\":\"Comment\",\"target\":[\"https:\\\/\\\/www.mobilier-design-occasion.fr\\\/magazine\\\/comment-reinventer-son-interieur-avec-un-meuble-doccasion\\\/#respond\"]}]},{\"@type\":\"WebPage\",\"@id\":\"https:\\\/\\\/www.mobilier-design-occasion.fr\\\/magazine\\\/comment-reinventer-son-interieur-avec-un-meuble-doccasion\\\/\",\"url\":\"https:\\\/\\\/www.mobilier-design-occasion.fr\\\/magazine\\\/comment-reinventer-son-interieur-avec-un-meuble-doccasion\\\/\",\"name\":\"Comment r\u00e9inventer son int\u00e9rieur avec un meuble d\u2019occasion\u2009? - Mobilier Design Magazine\",\"isPartOf\":{\"@id\":\"https:\\\/\\\/www.mobilier-design-occasion.fr\\\/magazine\\\/#website\"},\"primaryImageOfPage\":{\"@id\":\"https:\\\/\\\/www.mobilier-design-occasion.fr\\\/magazine\\\/comment-reinventer-son-interieur-avec-un-meuble-doccasion\\\/#primaryimage\"},\"image\":{\"@id\":\"https:\\\/\\\/www.mobilier-design-occasion.fr\\\/magazine\\\/comment-reinventer-son-interieur-avec-un-meuble-doccasion\\\/#primaryimage\"},\"thumbnailUrl\":\"https:\\\/\\\/www.mobilier-design-occasion.fr\\\/magazine\\\/wp-content\\\/uploads\\\/2022\\\/05\\\/a5dd9a3e2647ec8e1d1ebf61ef0695a3-1.jpeg\",\"datePublished\":\"2022-05-11T07:34:28+00:00\",\"dateModified\":\"2023-09-25T13:39:49+00:00\",\"breadcrumb\":{\"@id\":\"https:\\\/\\\/www.mobilier-design-occasion.fr\\\/magazine\\\/comment-reinventer-son-interieur-avec-un-meuble-doccasion\\\/#breadcrumb\"},\"inLanguage\":\"fr-FR\",\"potentialAction\":[{\"@type\":\"ReadAction\",\"target\":[\"https:\\\/\\\/www.mobilier-design-occasion.fr\\\/magazine\\\/comment-reinventer-son-interieur-avec-un-meuble-doccasion\\\/\"]}]},{\"@type\":\"ImageObject\",\"inLanguage\":\"fr-FR\",\"@id\":\"https:\\\/\\\/www.mobilier-design-occasion.fr\\\/magazine\\\/comment-reinventer-son-interieur-avec-un-meuble-doccasion\\\/#primaryimage\",\"url\":\"https:\\\/\\\/www.mobilier-design-occasion.fr\\\/magazine\\\/wp-content\\\/uploads\\\/2022\\\/05\\\/a5dd9a3e2647ec8e1d1ebf61ef0695a3-1.jpeg\",\"contentUrl\":\"https:\\\/\\\/www.mobilier-design-occasion.fr\\\/magazine\\\/wp-content\\\/uploads\\\/2022\\\/05\\\/a5dd9a3e2647ec8e1d1ebf61ef0695a3-1.jpeg\",\"width\":847,\"height\":565,\"caption\":\"An old bright leather couch stands in front of a house wall with a basement window in Germany on the roadside and invites you to sit\"},{\"@type\":\"BreadcrumbList\",\"@id\":\"https:\\\/\\\/www.mobilier-design-occasion.fr\\\/magazine\\\/comment-reinventer-son-interieur-avec-un-meuble-doccasion\\\/#breadcrumb\",\"itemListElement\":[{\"@type\":\"ListItem\",\"position\":1,\"name\":\"Accueil\",\"item\":\"https:\\\/\\\/www.mobilier-design-occasion.fr\\\/magazine\\\/\"},{\"@type\":\"ListItem\",\"position\":2,\"name\":\"Comment r\u00e9inventer son int\u00e9rieur avec un meuble d\u2019occasion\u2009?\"}]},{\"@type\":\"WebSite\",\"@id\":\"https:\\\/\\\/www.mobilier-design-occasion.fr\\\/magazine\\\/#website\",\"url\":\"https:\\\/\\\/www.mobilier-design-occasion.fr\\\/magazine\\\/\",\"name\":\"Mobilier Design Magazine\",\"description\":\"\",\"publisher\":{\"@id\":\"https:\\\/\\\/www.mobilier-design-occasion.fr\\\/magazine\\\/#organization\"},\"potentialAction\":[{\"@type\":\"SearchAction\",\"target\":{\"@type\":\"EntryPoint\",\"urlTemplate\":\"https:\\\/\\\/www.mobilier-design-occasion.fr\\\/magazine\\\/?s={search_term_string}\"},\"query-input\":{\"@type\":\"PropertyValueSpecification\",\"valueRequired\":true,\"valueName\":\"search_term_string\"}}],\"inLanguage\":\"fr-FR\"},{\"@type\":\"Organization\",\"@id\":\"https:\\\/\\\/www.mobilier-design-occasion.fr\\\/magazine\\\/#organization\",\"name\":\"Mobilier Design Magazine\",\"url\":\"https:\\\/\\\/www.mobilier-design-occasion.fr\\\/magazine\\\/\",\"logo\":{\"@type\":\"ImageObject\",\"inLanguage\":\"fr-FR\",\"@id\":\"https:\\\/\\\/www.mobilier-design-occasion.fr\\\/magazine\\\/#\\\/schema\\\/logo\\\/image\\\/\",\"url\":\"https:\\\/\\\/www.mobilier-design-occasion.fr\\\/magazine\\\/wp-content\\\/uploads\\\/2024\\\/02\\\/android-chrome-192x192-1.png\",\"contentUrl\":\"https:\\\/\\\/www.mobilier-design-occasion.fr\\\/magazine\\\/wp-content\\\/uploads\\\/2024\\\/02\\\/android-chrome-192x192-1.png\",\"width\":192,\"height\":192,\"caption\":\"Mobilier Design Magazine\"},\"image\":{\"@id\":\"https:\\\/\\\/www.mobilier-design-occasion.fr\\\/magazine\\\/#\\\/schema\\\/logo\\\/image\\\/\"},\"sameAs\":[\"https:\\\/\\\/www.facebook.com\\\/mobilierdesignoccasion\"]},{\"@type\":\"Person\",\"@id\":\"https:\\\/\\\/www.mobilier-design-occasion.fr\\\/magazine\\\/#\\\/schema\\\/person\\\/5b2e5627a714ddadaaf8c9b886c55eff\",\"name\":\"Cyrielle Poirot\",\"image\":{\"@type\":\"ImageObject\",\"inLanguage\":\"fr-FR\",\"@id\":\"https:\\\/\\\/secure.gravatar.com\\\/avatar\\\/c8d2674e093b06894d8d1dc468b626bd752523471f3ac6e75f7c7a1400d40b4d?s=96&d=mm&r=g\",\"url\":\"https:\\\/\\\/secure.gravatar.com\\\/avatar\\\/c8d2674e093b06894d8d1dc468b626bd752523471f3ac6e75f7c7a1400d40b4d?s=96&d=mm&r=g\",\"contentUrl\":\"https:\\\/\\\/secure.gravatar.com\\\/avatar\\\/c8d2674e093b06894d8d1dc468b626bd752523471f3ac6e75f7c7a1400d40b4d?s=96&d=mm&r=g\",\"caption\":\"Cyrielle Poirot\"},\"description\":\"Cyrielle est passionn\u00e9e par la d\u00e9coration d'int\u00e9rieur et s'est sp\u00e9cialis\u00e9e depuis quelques ann\u00e9es dans l'\u00e9dition du site Mobilier-Design, avec une touche sp\u00e9cifique pour les produits d'occasion.\",\"sameAs\":[\"https:\\\/\\\/www.mobilier-design-occasion.fr\\\/magazine\"],\"url\":\"https:\\\/\\\/www.mobilier-design-occasion.fr\\\/magazine\\\/author\\\/cyrielle\\\/\"}]}<\/script>\n<!-- \/ Yoast SEO plugin. -->","yoast_head_json":{"title":"Comment r\u00e9inventer son int\u00e9rieur avec un meuble d\u2019occasion\u2009? - Mobilier Design Magazine","robots":{"index":"index","follow":"follow","max-snippet":"max-snippet:-1","max-image-preview":"max-image-preview:large","max-video-preview":"max-video-preview:-1"},"canonical":"https:\/\/www.mobilier-design-occasion.fr\/magazine\/comment-reinventer-son-interieur-avec-un-meuble-doccasion\/","og_locale":"fr_FR","og_type":"article","og_title":"Comment r\u00e9inventer son int\u00e9rieur avec un meuble d\u2019occasion\u2009? - Mobilier Design Magazine","og_description":"Les meubles d\u2019occasion s\u00e9duisent de plus en plus de nombreuses personnes. Au-del\u00e0 de son aspect \u00e9conomique, le mobilier d\u2019occasion est int\u00e9ressant pour non seulement son originalit\u00e9, mais aussi son impact environnemental. Il offre une d\u00e9coration \u00e0 la fois vintage et tendance \u00e0 votre int\u00e9rieur. D\u00e9couvrez dans cet article des astuces pour d\u00e9corer votre int\u00e9rieur avec [&hellip;]","og_url":"https:\/\/www.mobilier-design-occasion.fr\/magazine\/comment-reinventer-son-interieur-avec-un-meuble-doccasion\/","og_site_name":"Mobilier Design Magazine","article_publisher":"https:\/\/www.facebook.com\/mobilierdesignoccasion","article_published_time":"2022-05-11T07:34:28+00:00","article_modified_time":"2023-09-25T13:39:49+00:00","og_image":[{"width":847,"height":565,"url":"https:\/\/www.mobilier-design-occasion.fr\/magazine\/wp-content\/uploads\/2022\/05\/a5dd9a3e2647ec8e1d1ebf61ef0695a3-1.jpeg","type":"image\/jpeg"}],"author":"Cyrielle Poirot","twitter_card":"summary_large_image","twitter_misc":{"\u00c9crit par":"Cyrielle Poirot","Dur\u00e9e de lecture estim\u00e9e":"2 minutes"},"schema":{"@context":"https:\/\/schema.org","@graph":[{"@type":"Article","@id":"https:\/\/www.mobilier-design-occasion.fr\/magazine\/comment-reinventer-son-interieur-avec-un-meuble-doccasion\/#article","isPartOf":{"@id":"https:\/\/www.mobilier-design-occasion.fr\/magazine\/comment-reinventer-son-interieur-avec-un-meuble-doccasion\/"},"author":{"name":"Cyrielle Poirot","@id":"https:\/\/www.mobilier-design-occasion.fr\/magazine\/#\/schema\/person\/5b2e5627a714ddadaaf8c9b886c55eff"},"headline":"Comment r\u00e9inventer son int\u00e9rieur avec un meuble d\u2019occasion\u2009?","datePublished":"2022-05-11T07:34:28+00:00","dateModified":"2023-09-25T13:39:49+00:00","mainEntityOfPage":{"@id":"https:\/\/www.mobilier-design-occasion.fr\/magazine\/comment-reinventer-son-interieur-avec-un-meuble-doccasion\/"},"wordCount":376,"commentCount":0,"publisher":{"@id":"https:\/\/www.mobilier-design-occasion.fr\/magazine\/#organization"},"image":{"@id":"https:\/\/www.mobilier-design-occasion.fr\/magazine\/comment-reinventer-son-interieur-avec-un-meuble-doccasion\/#primaryimage"},"thumbnailUrl":"https:\/\/www.mobilier-design-occasion.fr\/magazine\/wp-content\/uploads\/2022\/05\/a5dd9a3e2647ec8e1d1ebf61ef0695a3-1.jpeg","articleSection":["Tendances"],"inLanguage":"fr-FR","potentialAction":[{"@type":"CommentAction","name":"Comment","target":["https:\/\/www.mobilier-design-occasion.fr\/magazine\/comment-reinventer-son-interieur-avec-un-meuble-doccasion\/#respond"]}]},{"@type":"WebPage","@id":"https:\/\/www.mobilier-design-occasion.fr\/magazine\/comment-reinventer-son-interieur-avec-un-meuble-doccasion\/","url":"https:\/\/www.mobilier-design-occasion.fr\/magazine\/comment-reinventer-son-interieur-avec-un-meuble-doccasion\/","name":"Comment r\u00e9inventer son int\u00e9rieur avec un meuble d\u2019occasion\u2009? - Mobilier Design Magazine","isPartOf":{"@id":"https:\/\/www.mobilier-design-occasion.fr\/magazine\/#website"},"primaryImageOfPage":{"@id":"https:\/\/www.mobilier-design-occasion.fr\/magazine\/comment-reinventer-son-interieur-avec-un-meuble-doccasion\/#primaryimage"},"image":{"@id":"https:\/\/www.mobilier-design-occasion.fr\/magazine\/comment-reinventer-son-interieur-avec-un-meuble-doccasion\/#primaryimage"},"thumbnailUrl":"https:\/\/www.mobilier-design-occasion.fr\/magazine\/wp-content\/uploads\/2022\/05\/a5dd9a3e2647ec8e1d1ebf61ef0695a3-1.jpeg","datePublished":"2022-05-11T07:34:28+00:00","dateModified":"2023-09-25T13:39:49+00:00","breadcrumb":{"@id":"https:\/\/www.mobilier-design-occasion.fr\/magazine\/comment-reinventer-son-interieur-avec-un-meuble-doccasion\/#breadcrumb"},"inLanguage":"fr-FR","potentialAction":[{"@type":"ReadAction","target":["https:\/\/www.mobilier-design-occasion.fr\/magazine\/comment-reinventer-son-interieur-avec-un-meuble-doccasion\/"]}]},{"@type":"ImageObject","inLanguage":"fr-FR","@id":"https:\/\/www.mobilier-design-occasion.fr\/magazine\/comment-reinventer-son-interieur-avec-un-meuble-doccasion\/#primaryimage","url":"https:\/\/www.mobilier-design-occasion.fr\/magazine\/wp-content\/uploads\/2022\/05\/a5dd9a3e2647ec8e1d1ebf61ef0695a3-1.jpeg","contentUrl":"https:\/\/www.mobilier-design-occasion.fr\/magazine\/wp-content\/uploads\/2022\/05\/a5dd9a3e2647ec8e1d1ebf61ef0695a3-1.jpeg","width":847,"height":565,"caption":"An old bright leather couch stands in front of a house wall with a basement window in Germany on the roadside and invites you to sit"},{"@type":"BreadcrumbList","@id":"https:\/\/www.mobilier-design-occasion.fr\/magazine\/comment-reinventer-son-interieur-avec-un-meuble-doccasion\/#breadcrumb","itemListElement":[{"@type":"ListItem","position":1,"name":"Accueil","item":"https:\/\/www.mobilier-design-occasion.fr\/magazine\/"},{"@type":"ListItem","position":2,"name":"Comment r\u00e9inventer son int\u00e9rieur avec un meuble d\u2019occasion\u2009?"}]},{"@type":"WebSite","@id":"https:\/\/www.mobilier-design-occasion.fr\/magazine\/#website","url":"https:\/\/www.mobilier-design-occasion.fr\/magazine\/","name":"Mobilier Design Magazine","description":"","publisher":{"@id":"https:\/\/www.mobilier-design-occasion.fr\/magazine\/#organization"},"potentialAction":[{"@type":"SearchAction","target":{"@type":"EntryPoint","urlTemplate":"https:\/\/www.mobilier-design-occasion.fr\/magazine\/?s={search_term_string}"},"query-input":{"@type":"PropertyValueSpecification","valueRequired":true,"valueName":"search_term_string"}}],"inLanguage":"fr-FR"},{"@type":"Organization","@id":"https:\/\/www.mobilier-design-occasion.fr\/magazine\/#organization","name":"Mobilier Design Magazine","url":"https:\/\/www.mobilier-design-occasion.fr\/magazine\/","logo":{"@type":"ImageObject","inLanguage":"fr-FR","@id":"https:\/\/www.mobilier-design-occasion.fr\/magazine\/#\/schema\/logo\/image\/","url":"https:\/\/www.mobilier-design-occasion.fr\/magazine\/wp-content\/uploads\/2024\/02\/android-chrome-192x192-1.png","contentUrl":"https:\/\/www.mobilier-design-occasion.fr\/magazine\/wp-content\/uploads\/2024\/02\/android-chrome-192x192-1.png","width":192,"height":192,"caption":"Mobilier Design Magazine"},"image":{"@id":"https:\/\/www.mobilier-design-occasion.fr\/magazine\/#\/schema\/logo\/image\/"},"sameAs":["https:\/\/www.facebook.com\/mobilierdesignoccasion"]},{"@type":"Person","@id":"https:\/\/www.mobilier-design-occasion.fr\/magazine\/#\/schema\/person\/5b2e5627a714ddadaaf8c9b886c55eff","name":"Cyrielle Poirot","image":{"@type":"ImageObject","inLanguage":"fr-FR","@id":"https:\/\/secure.gravatar.com\/avatar\/c8d2674e093b06894d8d1dc468b626bd752523471f3ac6e75f7c7a1400d40b4d?s=96&d=mm&r=g","url":"https:\/\/secure.gravatar.com\/avatar\/c8d2674e093b06894d8d1dc468b626bd752523471f3ac6e75f7c7a1400d40b4d?s=96&d=mm&r=g","contentUrl":"https:\/\/secure.gravatar.com\/avatar\/c8d2674e093b06894d8d1dc468b626bd752523471f3ac6e75f7c7a1400d40b4d?s=96&d=mm&r=g","caption":"Cyrielle Poirot"},"description":"Cyrielle est passionn\u00e9e par la d\u00e9coration d'int\u00e9rieur et s'est sp\u00e9cialis\u00e9e depuis quelques ann\u00e9es dans l'\u00e9dition du site Mobilier-Design, avec une touche sp\u00e9cifique pour les produits d'occasion.","sameAs":["https:\/\/www.mobilier-design-occasion.fr\/magazine"],"url":"https:\/\/www.mobilier-design-occasion.fr\/magazine\/author\/cyrielle\/"}]}},"_links":{"self":[{"href":"https:\/\/www.mobilier-design-occasion.fr\/magazine\/wp-json\/wp\/v2\/posts\/4570","targetHints":{"allow":["GET"]}}],"collection":[{"href":"https:\/\/www.mobilier-design-occasion.fr\/magazine\/wp-json\/wp\/v2\/posts"}],"about":[{"href":"https:\/\/www.mobilier-design-occasion.fr\/magazine\/wp-json\/wp\/v2\/types\/post"}],"author":[{"embeddable":true,"href":"https:\/\/www.mobilier-design-occasion.fr\/magazine\/wp-json\/wp\/v2\/users\/1"}],"replies":[{"embeddable":true,"href":"https:\/\/www.mobilier-design-occasion.fr\/magazine\/wp-json\/wp\/v2\/comments?post=4570"}],"version-history":[{"count":1,"href":"https:\/\/www.mobilier-design-occasion.fr\/magazine\/wp-json\/wp\/v2\/posts\/4570\/revisions"}],"predecessor-version":[{"id":4574,"href":"https:\/\/www.mobilier-design-occasion.fr\/magazine\/wp-json\/wp\/v2\/posts\/4570\/revisions\/4574"}],"wp:featuredmedia":[{"embeddable":true,"href":"https:\/\/www.mobilier-design-occasion.fr\/magazine\/wp-json\/wp\/v2\/media\/4573"}],"wp:attachment":[{"href":"https:\/\/www.mobilier-design-occasion.fr\/magazine\/wp-json\/wp\/v2\/media?parent=4570"}],"wp:term":[{"taxonomy":"category","embeddable":true,"href":"https:\/\/www.mobilier-design-occasion.fr\/magazine\/wp-json\/wp\/v2\/categories?post=4570"},{"taxonomy":"post_tag","embeddable":true,"href":"https:\/\/www.mobilier-design-occasion.fr\/magazine\/wp-json\/wp\/v2\/tags?post=4570"}],"curies":[{"name":"wp","href":"https:\/\/api.w.org\/{rel}","templated":true}]}}