{"id":453,"date":"2021-04-07T10:44:36","date_gmt":"2021-04-07T10:44:36","guid":{"rendered":"https:\/\/www.mobilier-design-occasion.fr\/magazine\/?p=453"},"modified":"2023-09-25T13:40:10","modified_gmt":"2023-09-25T13:40:10","slug":"choisir-une-chaise-de-bureau","status":"publish","type":"post","link":"https:\/\/www.mobilier-design-occasion.fr\/magazine\/choisir-une-chaise-de-bureau\/","title":{"rendered":"Choisir une chaise de bureau"},"content":{"rendered":"\n<p>Vous travaillez de la maison sur un PC, passez beaucoup de temps \u00e0 \u00e9tudier? Eh bien, il est temps de vous procurer une nouvelle chaise qui vous permettra de vous sentir confortable&nbsp; lorsque vous serez assis pendant de nombreuses heures \u00e0 votre bureau. Parmi les nombreux mod\u00e8les de <a href=\"https:\/\/www.mobilier-design-occasion.fr\/magazine\/tout-sur-les-chaises-doccasion\/\" data-type=\"post\" data-id=\"451\">chaises d&#8217;ordinateur<\/a> disponibles sur le march\u00e9 de la <a href=\"https:\/\/www.mobilier-design-occasion.fr\/magazine\/reussir-a-vendre-son-mobilier\/\">seconde main<\/a>, comment \u00eatre s\u00fbr d&#8217;acheter un produit de qualit\u00e9 ?<\/p>\n\n\n\n<h2 class=\"wp-block-heading\"><span class=\"ez-toc-section\" id=\"Quelles_sont_les_caracteristiques_dune_bonne_chaise_de_bureau_de_seconde_main\"><\/span>Quelles sont les caract\u00e9ristiques d&#8217;une bonne chaise de bureau de seconde main?<span class=\"ez-toc-section-end\"><\/span><\/h2><div id=\"ez-toc-container\" class=\"ez-toc-v2_0_82_2 counter-hierarchy ez-toc-counter ez-toc-grey ez-toc-container-direction\">\n<div class=\"ez-toc-title-container\">\n<span class=\"ez-toc-title-toggle\"><a href=\"#\" class=\"ez-toc-pull-right ez-toc-btn ez-toc-btn-xs ez-toc-btn-default ez-toc-toggle\" aria-label=\"Toggle Table of Content\"><span class=\"ez-toc-js-icon-con\"><span class=\"\"><span class=\"eztoc-hide\" style=\"display:none;\">Toggle<\/span><span class=\"ez-toc-icon-toggle-span\"><svg style=\"fill: #999;color:#999\" xmlns=\"http:\/\/www.w3.org\/2000\/svg\" class=\"list-377408\" width=\"20px\" height=\"20px\" viewBox=\"0 0 24 24\" fill=\"none\"><path d=\"M6 6H4v2h2V6zm14 0H8v2h12V6zM4 11h2v2H4v-2zm16 0H8v2h12v-2zM4 16h2v2H4v-2zm16 0H8v2h12v-2z\" fill=\"currentColor\"><\/path><\/svg><svg style=\"fill: #999;color:#999\" class=\"arrow-unsorted-368013\" xmlns=\"http:\/\/www.w3.org\/2000\/svg\" width=\"10px\" height=\"10px\" viewBox=\"0 0 24 24\" version=\"1.2\" baseProfile=\"tiny\"><path d=\"M18.2 9.3l-6.2-6.3-6.2 6.3c-.2.2-.3.4-.3.7s.1.5.3.7c.2.2.4.3.7.3h11c.3 0 .5-.1.7-.3.2-.2.3-.5.3-.7s-.1-.5-.3-.7zM5.8 14.7l6.2 6.3 6.2-6.3c.2-.2.3-.5.3-.7s-.1-.5-.3-.7c-.2-.2-.4-.3-.7-.3h-11c-.3 0-.5.1-.7.3-.2.2-.3.5-.3.7s.1.5.3.7z\"\/><\/svg><\/span><\/span><\/span><\/a><\/span><\/div>\n<nav><ul class='ez-toc-list ez-toc-list-level-1 eztoc-toggle-hide-by-default' ><li class='ez-toc-page-1 ez-toc-heading-level-2'><a class=\"ez-toc-link ez-toc-heading-1\" href=\"https:\/\/www.mobilier-design-occasion.fr\/magazine\/choisir-une-chaise-de-bureau\/#Quelles_sont_les_caracteristiques_dune_bonne_chaise_de_bureau_de_seconde_main\" >Quelles sont les caract\u00e9ristiques d&#8217;une bonne chaise de bureau de seconde main?<\/a><ul class='ez-toc-list-level-3' ><li class='ez-toc-heading-level-3'><a class=\"ez-toc-link ez-toc-heading-2\" href=\"https:\/\/www.mobilier-design-occasion.fr\/magazine\/choisir-une-chaise-de-bureau\/#Les_chaises_de_bureau_haut_de_gamme_se_caracterisent_par\" >Les chaises de bureau haut de gamme se caract\u00e9risent par :&nbsp;<\/a><\/li><li class='ez-toc-page-1 ez-toc-heading-level-3'><a class=\"ez-toc-link ez-toc-heading-3\" href=\"https:\/\/www.mobilier-design-occasion.fr\/magazine\/choisir-une-chaise-de-bureau\/#Les_fonctionnalites_des_chaises_de_bureau_de_qualite\" >Les fonctionnalit\u00e9s des chaises de bureau de qualit\u00e9<\/a><\/li><li class='ez-toc-page-1 ez-toc-heading-level-3'><a class=\"ez-toc-link ez-toc-heading-4\" href=\"https:\/\/www.mobilier-design-occasion.fr\/magazine\/choisir-une-chaise-de-bureau\/#Conception_et_materiaux_dune_chaise_de_bureau\" >Conception et mat\u00e9riaux d&#8217;une chaise de bureau<\/a><\/li><li class='ez-toc-page-1 ez-toc-heading-level-3'><a class=\"ez-toc-link ez-toc-heading-5\" href=\"https:\/\/www.mobilier-design-occasion.fr\/magazine\/choisir-une-chaise-de-bureau\/#Choix_de_la_matiere\" >Choix de la mati\u00e8re<\/a><\/li><\/ul><\/li><\/ul><\/nav><\/div>\n\n\n\n\n<ul class=\"wp-block-list\"><li>Tenir compte de la taille de la personne<\/li><li>Avec ou sans accoudoir<\/li><li>Rembourrage du si\u00e8ge pour le confort<\/li><\/ul>\n\n\n\n<h3 class=\"wp-block-heading\"><span class=\"ez-toc-section\" id=\"Les_chaises_de_bureau_haut_de_gamme_se_caracterisent_par\"><\/span>Les chaises de bureau haut de gamme se caract\u00e9risent par :&nbsp;<span class=\"ez-toc-section-end\"><\/span><\/h3>\n\n\n\n<ul class=\"wp-block-list\"><li>Options de r\u00e9glages<\/li><li>Intensit\u00e9 de l\u2019inclinaison<\/li><li>Hauteur et largeur des accoudoirs<\/li><li>Profondeur du si\u00e8ge<\/li><\/ul>\n\n\n\n<p>Avant tout, la bonne chaise de bureau doit \u00eatre adapt\u00e9e \u00e0 la personne qui l&#8217;utilisera. Cela semble \u00e9vident, mais il est important de tenir compte de la taille et de la forme du si\u00e8ge pour ne pas se retrouver avec un mod\u00e8le trop bas ou trop haut, qui ne permet pas d&#8217;atteindre correctement le bureau ou qui ne facilite pas une posture correcte. La pr\u00e9sence ou l&#8217;absence d&#8217;accoudoirs et d&#8217;appuis-t\u00eate, la hauteur minimale et maximale par rapport au sol, le type de rembourrage sont autant d&#8217;\u00e9l\u00e9ments qui influencent le niveau de confort.<\/p>\n\n\n\n<p>Les meilleures chaises de bureau poss\u00e8dent certaines caract\u00e9ristiques ergonomiques de base, telles que des options de r\u00e9glage qui vous permettent d&#8217;adapter la chaise \u00e0 vos besoins. Ne pensez pas seulement \u00e0 r\u00e9gler la hauteur du si\u00e8ge : les fauteuils PC les plus avanc\u00e9s sur le plan technologique vous permettent \u00e9galement de r\u00e9gler l&#8217;intensit\u00e9 du m\u00e9canisme d&#8217;inclinaison, la hauteur et la largeur des accoudoirs, et m\u00eame la profondeur du si\u00e8ge.<\/p>\n\n\n\n<h3 class=\"wp-block-heading\"><span class=\"ez-toc-section\" id=\"Les_fonctionnalites_des_chaises_de_bureau_de_qualite\"><\/span>Les fonctionnalit\u00e9s des chaises de bureau de qualit\u00e9<span class=\"ez-toc-section-end\"><\/span><\/h3>\n\n\n\n<p>La plupart des chaises de bureau au meilleur prix ont un m\u00e9canisme de basculement. En d&#8217;autres termes, le si\u00e8ge s&#8217;incline pour accompagner les mouvements de votre corps lorsque vous vous penchez en arri\u00e8re : une chaise d&#8217;ordinateur qui vous permet de soulager les tensions en d\u00e9tendant votre dos est un excellent alli\u00e9 dans votre travail quotidien !<\/p>\n\n\n\n<p>Si vous souffrez d\u00e9j\u00e0 de douleurs dorsales et de contractures, nous vous recommandons d&#8217;opter pour un mod\u00e8le avec soutien lombaire. Il s&#8217;agit d&#8217;un renfort pour le bas du dos qui vous aide \u00e0 maintenir un soutien optimal sans affaissement ni raidissement, m\u00eame apr\u00e8s de nombreuses heures en position assise.<\/p>\n\n\n\n<h3 class=\"wp-block-heading\"><span class=\"ez-toc-section\" id=\"Conception_et_materiaux_dune_chaise_de_bureau\"><\/span>Conception et mat\u00e9riaux d&#8217;une chaise de bureau<span class=\"ez-toc-section-end\"><\/span><\/h3>\n\n\n\n<p>Outre l&#8217;ergonomie, une bonne chaise de bureau ne doit pas n\u00e9gliger son <a href=\"https:\/\/www.mobilier-design-occasion.fr\/magazine\/table-tulipe-knoll-indemodable-du-design\/\">design<\/a>. En fin de compte, c&#8217;est un mobilier comme un autre qui fait plus que jamais partie int\u00e9grante de votre int\u00e9rieur. Choisissez un mod\u00e8le qui soit non seulement fonctionnel, mais aussi beau \u00e0 regarder et en accord avec le style de votre d\u00e9coration.<\/p>\n\n\n\n<p>Les chaises de bureau peuvent \u00eatre fabriqu\u00e9es avec une base robuste en plastique ou en m\u00e9tal : l&#8217;acier ou l&#8217;aluminium sont g\u00e9n\u00e9ralement plus r\u00e9sistants et sont ceux que l&#8217;on retrouve dans la base des chaises XXL, pour ceux qui p\u00e8sent quelques kilos de plus. Mais m\u00eame les bases en plastique renforc\u00e9 peuvent r\u00e9sister longtemps si le <a href=\"https:\/\/www.mobilier-design-occasion.fr\/magazine\/test-avis-sur-poltronesofa\/\">fauteuil<\/a> est bien construit.<\/p>\n\n\n\n<h3 class=\"wp-block-heading\"><span class=\"ez-toc-section\" id=\"Choix_de_la_matiere\"><\/span>Choix de la mati\u00e8re<span class=\"ez-toc-section-end\"><\/span><\/h3>\n\n\n\n<p>La mati\u00e8re dans laquelle est fabriqu\u00e9e la chaise&nbsp; de bureau a, en fait, une fonction \u00e0 la fois pratique et esth\u00e9tique : le cuir ou le similicuir convient bien \u00e0 un environnement professionnel plus \u00e9l\u00e9gant, le tissu respirant est id\u00e9al pour les endroits chauds, le rembourrage recouvert de tissu ou de velours est un choix classique qui apporte une touche de couleur dans le bureau. Si vous savez d\u00e9j\u00e0 que votre chaise va en voir de toutes les couleurs, choisissez un mod\u00e8le rembourr\u00e9 dans un tissu r\u00e9sistant \u00e0 l&#8217;abrasion : ce sont ceux qui ont \u00e9t\u00e9 test\u00e9s pour durer le plus longtemps.<\/p>\n","protected":false},"excerpt":{"rendered":"<p>Vous travaillez de la maison sur un PC, passez beaucoup de temps \u00e0 \u00e9tudier? Eh bien, il est temps de vous procurer une nouvelle chaise qui vous permettra de vous sentir confortable&nbsp; lorsque vous serez assis pendant de nombreuses heures \u00e0 votre bureau. Parmi les nombreux mod\u00e8les de chaises d&#8217;ordinateur disponibles sur le march\u00e9 de [&hellip;]<\/p>\n","protected":false},"author":2,"featured_media":459,"comment_status":"open","ping_status":"open","sticky":false,"template":"","format":"standard","meta":{"footnotes":""},"categories":[2],"tags":[],"class_list":["post-453","post","type-post","status-publish","format-standard","has-post-thumbnail","hentry","category-tendances"],"yoast_head":"<!-- This site is optimized with the Yoast SEO plugin v27.5 - https:\/\/yoast.com\/product\/yoast-seo-wordpress\/ -->\n<title>Choisir une chaise de bureau - Mobilier Design Magazine<\/title>\n<meta name=\"robots\" content=\"index, follow, max-snippet:-1, max-image-preview:large, max-video-preview:-1\" \/>\n<link rel=\"canonical\" href=\"https:\/\/www.mobilier-design-occasion.fr\/magazine\/choisir-une-chaise-de-bureau\/\" \/>\n<meta property=\"og:locale\" content=\"fr_FR\" \/>\n<meta property=\"og:type\" content=\"article\" \/>\n<meta property=\"og:title\" content=\"Choisir une chaise de bureau - Mobilier Design Magazine\" \/>\n<meta property=\"og:description\" content=\"Vous travaillez de la maison sur un PC, passez beaucoup de temps \u00e0 \u00e9tudier? Eh bien, il est temps de vous procurer une nouvelle chaise qui vous permettra de vous sentir confortable&nbsp; lorsque vous serez assis pendant de nombreuses heures \u00e0 votre bureau. Parmi les nombreux mod\u00e8les de chaises d&#8217;ordinateur disponibles sur le march\u00e9 de [&hellip;]\" \/>\n<meta property=\"og:url\" content=\"https:\/\/www.mobilier-design-occasion.fr\/magazine\/choisir-une-chaise-de-bureau\/\" \/>\n<meta property=\"og:site_name\" content=\"Mobilier Design Magazine\" \/>\n<meta property=\"article:publisher\" content=\"https:\/\/www.facebook.com\/mobilierdesignoccasion\" \/>\n<meta property=\"article:published_time\" content=\"2021-04-07T10:44:36+00:00\" \/>\n<meta property=\"article:modified_time\" content=\"2023-09-25T13:40:10+00:00\" \/>\n<meta property=\"og:image\" content=\"https:\/\/www.mobilier-design-occasion.fr\/magazine\/wp-content\/uploads\/2021\/04\/cinna_chaise-de-bureau-cinna-modele-pam-3393.jpg\" \/>\n\t<meta property=\"og:image:width\" content=\"504\" \/>\n\t<meta property=\"og:image:height\" content=\"504\" \/>\n\t<meta property=\"og:image:type\" content=\"image\/jpeg\" \/>\n<meta name=\"author\" content=\"Vincent Vandegans\" \/>\n<meta name=\"twitter:card\" content=\"summary_large_image\" \/>\n<meta name=\"twitter:label1\" content=\"\u00c9crit par\" \/>\n\t<meta name=\"twitter:data1\" content=\"Vincent Vandegans\" \/>\n\t<meta name=\"twitter:label2\" content=\"Dur\u00e9e de lecture estim\u00e9e\" \/>\n\t<meta name=\"twitter:data2\" content=\"3 minutes\" \/>\n<script type=\"application\/ld+json\" class=\"yoast-schema-graph\">{\"@context\":\"https:\\\/\\\/schema.org\",\"@graph\":[{\"@type\":\"Article\",\"@id\":\"https:\\\/\\\/www.mobilier-design-occasion.fr\\\/magazine\\\/choisir-une-chaise-de-bureau\\\/#article\",\"isPartOf\":{\"@id\":\"https:\\\/\\\/www.mobilier-design-occasion.fr\\\/magazine\\\/choisir-une-chaise-de-bureau\\\/\"},\"author\":{\"name\":\"Vincent Vandegans\",\"@id\":\"https:\\\/\\\/www.mobilier-design-occasion.fr\\\/magazine\\\/#\\\/schema\\\/person\\\/af895bedc80bfb6b17730a672fddac9e\"},\"headline\":\"Choisir une chaise de bureau\",\"datePublished\":\"2021-04-07T10:44:36+00:00\",\"dateModified\":\"2023-09-25T13:40:10+00:00\",\"mainEntityOfPage\":{\"@id\":\"https:\\\/\\\/www.mobilier-design-occasion.fr\\\/magazine\\\/choisir-une-chaise-de-bureau\\\/\"},\"wordCount\":697,\"commentCount\":0,\"publisher\":{\"@id\":\"https:\\\/\\\/www.mobilier-design-occasion.fr\\\/magazine\\\/#organization\"},\"image\":{\"@id\":\"https:\\\/\\\/www.mobilier-design-occasion.fr\\\/magazine\\\/choisir-une-chaise-de-bureau\\\/#primaryimage\"},\"thumbnailUrl\":\"https:\\\/\\\/www.mobilier-design-occasion.fr\\\/magazine\\\/wp-content\\\/uploads\\\/2021\\\/04\\\/cinna_chaise-de-bureau-cinna-modele-pam-3393.jpg\",\"articleSection\":[\"Tendances\"],\"inLanguage\":\"fr-FR\",\"potentialAction\":[{\"@type\":\"CommentAction\",\"name\":\"Comment\",\"target\":[\"https:\\\/\\\/www.mobilier-design-occasion.fr\\\/magazine\\\/choisir-une-chaise-de-bureau\\\/#respond\"]}]},{\"@type\":\"WebPage\",\"@id\":\"https:\\\/\\\/www.mobilier-design-occasion.fr\\\/magazine\\\/choisir-une-chaise-de-bureau\\\/\",\"url\":\"https:\\\/\\\/www.mobilier-design-occasion.fr\\\/magazine\\\/choisir-une-chaise-de-bureau\\\/\",\"name\":\"Choisir une chaise de bureau - Mobilier Design Magazine\",\"isPartOf\":{\"@id\":\"https:\\\/\\\/www.mobilier-design-occasion.fr\\\/magazine\\\/#website\"},\"primaryImageOfPage\":{\"@id\":\"https:\\\/\\\/www.mobilier-design-occasion.fr\\\/magazine\\\/choisir-une-chaise-de-bureau\\\/#primaryimage\"},\"image\":{\"@id\":\"https:\\\/\\\/www.mobilier-design-occasion.fr\\\/magazine\\\/choisir-une-chaise-de-bureau\\\/#primaryimage\"},\"thumbnailUrl\":\"https:\\\/\\\/www.mobilier-design-occasion.fr\\\/magazine\\\/wp-content\\\/uploads\\\/2021\\\/04\\\/cinna_chaise-de-bureau-cinna-modele-pam-3393.jpg\",\"datePublished\":\"2021-04-07T10:44:36+00:00\",\"dateModified\":\"2023-09-25T13:40:10+00:00\",\"breadcrumb\":{\"@id\":\"https:\\\/\\\/www.mobilier-design-occasion.fr\\\/magazine\\\/choisir-une-chaise-de-bureau\\\/#breadcrumb\"},\"inLanguage\":\"fr-FR\",\"potentialAction\":[{\"@type\":\"ReadAction\",\"target\":[\"https:\\\/\\\/www.mobilier-design-occasion.fr\\\/magazine\\\/choisir-une-chaise-de-bureau\\\/\"]}]},{\"@type\":\"ImageObject\",\"inLanguage\":\"fr-FR\",\"@id\":\"https:\\\/\\\/www.mobilier-design-occasion.fr\\\/magazine\\\/choisir-une-chaise-de-bureau\\\/#primaryimage\",\"url\":\"https:\\\/\\\/www.mobilier-design-occasion.fr\\\/magazine\\\/wp-content\\\/uploads\\\/2021\\\/04\\\/cinna_chaise-de-bureau-cinna-modele-pam-3393.jpg\",\"contentUrl\":\"https:\\\/\\\/www.mobilier-design-occasion.fr\\\/magazine\\\/wp-content\\\/uploads\\\/2021\\\/04\\\/cinna_chaise-de-bureau-cinna-modele-pam-3393.jpg\",\"width\":504,\"height\":504},{\"@type\":\"BreadcrumbList\",\"@id\":\"https:\\\/\\\/www.mobilier-design-occasion.fr\\\/magazine\\\/choisir-une-chaise-de-bureau\\\/#breadcrumb\",\"itemListElement\":[{\"@type\":\"ListItem\",\"position\":1,\"name\":\"Accueil\",\"item\":\"https:\\\/\\\/www.mobilier-design-occasion.fr\\\/magazine\\\/\"},{\"@type\":\"ListItem\",\"position\":2,\"name\":\"Choisir une chaise de bureau\"}]},{\"@type\":\"WebSite\",\"@id\":\"https:\\\/\\\/www.mobilier-design-occasion.fr\\\/magazine\\\/#website\",\"url\":\"https:\\\/\\\/www.mobilier-design-occasion.fr\\\/magazine\\\/\",\"name\":\"Mobilier Design Magazine\",\"description\":\"\",\"publisher\":{\"@id\":\"https:\\\/\\\/www.mobilier-design-occasion.fr\\\/magazine\\\/#organization\"},\"potentialAction\":[{\"@type\":\"SearchAction\",\"target\":{\"@type\":\"EntryPoint\",\"urlTemplate\":\"https:\\\/\\\/www.mobilier-design-occasion.fr\\\/magazine\\\/?s={search_term_string}\"},\"query-input\":{\"@type\":\"PropertyValueSpecification\",\"valueRequired\":true,\"valueName\":\"search_term_string\"}}],\"inLanguage\":\"fr-FR\"},{\"@type\":\"Organization\",\"@id\":\"https:\\\/\\\/www.mobilier-design-occasion.fr\\\/magazine\\\/#organization\",\"name\":\"Mobilier Design Magazine\",\"url\":\"https:\\\/\\\/www.mobilier-design-occasion.fr\\\/magazine\\\/\",\"logo\":{\"@type\":\"ImageObject\",\"inLanguage\":\"fr-FR\",\"@id\":\"https:\\\/\\\/www.mobilier-design-occasion.fr\\\/magazine\\\/#\\\/schema\\\/logo\\\/image\\\/\",\"url\":\"https:\\\/\\\/www.mobilier-design-occasion.fr\\\/magazine\\\/wp-content\\\/uploads\\\/2024\\\/02\\\/android-chrome-192x192-1.png\",\"contentUrl\":\"https:\\\/\\\/www.mobilier-design-occasion.fr\\\/magazine\\\/wp-content\\\/uploads\\\/2024\\\/02\\\/android-chrome-192x192-1.png\",\"width\":192,\"height\":192,\"caption\":\"Mobilier Design Magazine\"},\"image\":{\"@id\":\"https:\\\/\\\/www.mobilier-design-occasion.fr\\\/magazine\\\/#\\\/schema\\\/logo\\\/image\\\/\"},\"sameAs\":[\"https:\\\/\\\/www.facebook.com\\\/mobilierdesignoccasion\"]},{\"@type\":\"Person\",\"@id\":\"https:\\\/\\\/www.mobilier-design-occasion.fr\\\/magazine\\\/#\\\/schema\\\/person\\\/af895bedc80bfb6b17730a672fddac9e\",\"name\":\"Vincent Vandegans\",\"image\":{\"@type\":\"ImageObject\",\"inLanguage\":\"fr-FR\",\"@id\":\"https:\\\/\\\/secure.gravatar.com\\\/avatar\\\/b984800dabdf722d5e3f03f637c8932dea77d81118467d17ad2953e3b273ec66?s=96&d=mm&r=g\",\"url\":\"https:\\\/\\\/secure.gravatar.com\\\/avatar\\\/b984800dabdf722d5e3f03f637c8932dea77d81118467d17ad2953e3b273ec66?s=96&d=mm&r=g\",\"contentUrl\":\"https:\\\/\\\/secure.gravatar.com\\\/avatar\\\/b984800dabdf722d5e3f03f637c8932dea77d81118467d17ad2953e3b273ec66?s=96&d=mm&r=g\",\"caption\":\"Vincent Vandegans\"},\"description\":\"Vincent est passionn\u00e9 par les produits d'occasion, il a ouvert le site MDO avec Cyrielle pour aider les gens \u00e0 trouver du mobilier d'occasion, vintage ou usag\u00e9. Depuis, ils ont \u00e9tendu leurs activit\u00e9s et conseillent tout le monde sur le mobilier d'int\u00e9rieur et d'ext\u00e9rieur au quotidien \u00e0 travers le magazine MDO.\",\"url\":\"https:\\\/\\\/www.mobilier-design-occasion.fr\\\/magazine\\\/author\\\/vincent\\\/\"}]}<\/script>\n<!-- \/ Yoast SEO plugin. -->","yoast_head_json":{"title":"Choisir une chaise de bureau - Mobilier Design Magazine","robots":{"index":"index","follow":"follow","max-snippet":"max-snippet:-1","max-image-preview":"max-image-preview:large","max-video-preview":"max-video-preview:-1"},"canonical":"https:\/\/www.mobilier-design-occasion.fr\/magazine\/choisir-une-chaise-de-bureau\/","og_locale":"fr_FR","og_type":"article","og_title":"Choisir une chaise de bureau - Mobilier Design Magazine","og_description":"Vous travaillez de la maison sur un PC, passez beaucoup de temps \u00e0 \u00e9tudier? Eh bien, il est temps de vous procurer une nouvelle chaise qui vous permettra de vous sentir confortable&nbsp; lorsque vous serez assis pendant de nombreuses heures \u00e0 votre bureau. Parmi les nombreux mod\u00e8les de chaises d&#8217;ordinateur disponibles sur le march\u00e9 de [&hellip;]","og_url":"https:\/\/www.mobilier-design-occasion.fr\/magazine\/choisir-une-chaise-de-bureau\/","og_site_name":"Mobilier Design Magazine","article_publisher":"https:\/\/www.facebook.com\/mobilierdesignoccasion","article_published_time":"2021-04-07T10:44:36+00:00","article_modified_time":"2023-09-25T13:40:10+00:00","og_image":[{"width":504,"height":504,"url":"https:\/\/www.mobilier-design-occasion.fr\/magazine\/wp-content\/uploads\/2021\/04\/cinna_chaise-de-bureau-cinna-modele-pam-3393.jpg","type":"image\/jpeg"}],"author":"Vincent Vandegans","twitter_card":"summary_large_image","twitter_misc":{"\u00c9crit par":"Vincent Vandegans","Dur\u00e9e de lecture estim\u00e9e":"3 minutes"},"schema":{"@context":"https:\/\/schema.org","@graph":[{"@type":"Article","@id":"https:\/\/www.mobilier-design-occasion.fr\/magazine\/choisir-une-chaise-de-bureau\/#article","isPartOf":{"@id":"https:\/\/www.mobilier-design-occasion.fr\/magazine\/choisir-une-chaise-de-bureau\/"},"author":{"name":"Vincent Vandegans","@id":"https:\/\/www.mobilier-design-occasion.fr\/magazine\/#\/schema\/person\/af895bedc80bfb6b17730a672fddac9e"},"headline":"Choisir une chaise de bureau","datePublished":"2021-04-07T10:44:36+00:00","dateModified":"2023-09-25T13:40:10+00:00","mainEntityOfPage":{"@id":"https:\/\/www.mobilier-design-occasion.fr\/magazine\/choisir-une-chaise-de-bureau\/"},"wordCount":697,"commentCount":0,"publisher":{"@id":"https:\/\/www.mobilier-design-occasion.fr\/magazine\/#organization"},"image":{"@id":"https:\/\/www.mobilier-design-occasion.fr\/magazine\/choisir-une-chaise-de-bureau\/#primaryimage"},"thumbnailUrl":"https:\/\/www.mobilier-design-occasion.fr\/magazine\/wp-content\/uploads\/2021\/04\/cinna_chaise-de-bureau-cinna-modele-pam-3393.jpg","articleSection":["Tendances"],"inLanguage":"fr-FR","potentialAction":[{"@type":"CommentAction","name":"Comment","target":["https:\/\/www.mobilier-design-occasion.fr\/magazine\/choisir-une-chaise-de-bureau\/#respond"]}]},{"@type":"WebPage","@id":"https:\/\/www.mobilier-design-occasion.fr\/magazine\/choisir-une-chaise-de-bureau\/","url":"https:\/\/www.mobilier-design-occasion.fr\/magazine\/choisir-une-chaise-de-bureau\/","name":"Choisir une chaise de bureau - Mobilier Design Magazine","isPartOf":{"@id":"https:\/\/www.mobilier-design-occasion.fr\/magazine\/#website"},"primaryImageOfPage":{"@id":"https:\/\/www.mobilier-design-occasion.fr\/magazine\/choisir-une-chaise-de-bureau\/#primaryimage"},"image":{"@id":"https:\/\/www.mobilier-design-occasion.fr\/magazine\/choisir-une-chaise-de-bureau\/#primaryimage"},"thumbnailUrl":"https:\/\/www.mobilier-design-occasion.fr\/magazine\/wp-content\/uploads\/2021\/04\/cinna_chaise-de-bureau-cinna-modele-pam-3393.jpg","datePublished":"2021-04-07T10:44:36+00:00","dateModified":"2023-09-25T13:40:10+00:00","breadcrumb":{"@id":"https:\/\/www.mobilier-design-occasion.fr\/magazine\/choisir-une-chaise-de-bureau\/#breadcrumb"},"inLanguage":"fr-FR","potentialAction":[{"@type":"ReadAction","target":["https:\/\/www.mobilier-design-occasion.fr\/magazine\/choisir-une-chaise-de-bureau\/"]}]},{"@type":"ImageObject","inLanguage":"fr-FR","@id":"https:\/\/www.mobilier-design-occasion.fr\/magazine\/choisir-une-chaise-de-bureau\/#primaryimage","url":"https:\/\/www.mobilier-design-occasion.fr\/magazine\/wp-content\/uploads\/2021\/04\/cinna_chaise-de-bureau-cinna-modele-pam-3393.jpg","contentUrl":"https:\/\/www.mobilier-design-occasion.fr\/magazine\/wp-content\/uploads\/2021\/04\/cinna_chaise-de-bureau-cinna-modele-pam-3393.jpg","width":504,"height":504},{"@type":"BreadcrumbList","@id":"https:\/\/www.mobilier-design-occasion.fr\/magazine\/choisir-une-chaise-de-bureau\/#breadcrumb","itemListElement":[{"@type":"ListItem","position":1,"name":"Accueil","item":"https:\/\/www.mobilier-design-occasion.fr\/magazine\/"},{"@type":"ListItem","position":2,"name":"Choisir une chaise de bureau"}]},{"@type":"WebSite","@id":"https:\/\/www.mobilier-design-occasion.fr\/magazine\/#website","url":"https:\/\/www.mobilier-design-occasion.fr\/magazine\/","name":"Mobilier Design Magazine","description":"","publisher":{"@id":"https:\/\/www.mobilier-design-occasion.fr\/magazine\/#organization"},"potentialAction":[{"@type":"SearchAction","target":{"@type":"EntryPoint","urlTemplate":"https:\/\/www.mobilier-design-occasion.fr\/magazine\/?s={search_term_string}"},"query-input":{"@type":"PropertyValueSpecification","valueRequired":true,"valueName":"search_term_string"}}],"inLanguage":"fr-FR"},{"@type":"Organization","@id":"https:\/\/www.mobilier-design-occasion.fr\/magazine\/#organization","name":"Mobilier Design Magazine","url":"https:\/\/www.mobilier-design-occasion.fr\/magazine\/","logo":{"@type":"ImageObject","inLanguage":"fr-FR","@id":"https:\/\/www.mobilier-design-occasion.fr\/magazine\/#\/schema\/logo\/image\/","url":"https:\/\/www.mobilier-design-occasion.fr\/magazine\/wp-content\/uploads\/2024\/02\/android-chrome-192x192-1.png","contentUrl":"https:\/\/www.mobilier-design-occasion.fr\/magazine\/wp-content\/uploads\/2024\/02\/android-chrome-192x192-1.png","width":192,"height":192,"caption":"Mobilier Design Magazine"},"image":{"@id":"https:\/\/www.mobilier-design-occasion.fr\/magazine\/#\/schema\/logo\/image\/"},"sameAs":["https:\/\/www.facebook.com\/mobilierdesignoccasion"]},{"@type":"Person","@id":"https:\/\/www.mobilier-design-occasion.fr\/magazine\/#\/schema\/person\/af895bedc80bfb6b17730a672fddac9e","name":"Vincent Vandegans","image":{"@type":"ImageObject","inLanguage":"fr-FR","@id":"https:\/\/secure.gravatar.com\/avatar\/b984800dabdf722d5e3f03f637c8932dea77d81118467d17ad2953e3b273ec66?s=96&d=mm&r=g","url":"https:\/\/secure.gravatar.com\/avatar\/b984800dabdf722d5e3f03f637c8932dea77d81118467d17ad2953e3b273ec66?s=96&d=mm&r=g","contentUrl":"https:\/\/secure.gravatar.com\/avatar\/b984800dabdf722d5e3f03f637c8932dea77d81118467d17ad2953e3b273ec66?s=96&d=mm&r=g","caption":"Vincent Vandegans"},"description":"Vincent est passionn\u00e9 par les produits d'occasion, il a ouvert le site MDO avec Cyrielle pour aider les gens \u00e0 trouver du mobilier d'occasion, vintage ou usag\u00e9. Depuis, ils ont \u00e9tendu leurs activit\u00e9s et conseillent tout le monde sur le mobilier d'int\u00e9rieur et d'ext\u00e9rieur au quotidien \u00e0 travers le magazine MDO.","url":"https:\/\/www.mobilier-design-occasion.fr\/magazine\/author\/vincent\/"}]}},"_links":{"self":[{"href":"https:\/\/www.mobilier-design-occasion.fr\/magazine\/wp-json\/wp\/v2\/posts\/453","targetHints":{"allow":["GET"]}}],"collection":[{"href":"https:\/\/www.mobilier-design-occasion.fr\/magazine\/wp-json\/wp\/v2\/posts"}],"about":[{"href":"https:\/\/www.mobilier-design-occasion.fr\/magazine\/wp-json\/wp\/v2\/types\/post"}],"author":[{"embeddable":true,"href":"https:\/\/www.mobilier-design-occasion.fr\/magazine\/wp-json\/wp\/v2\/users\/2"}],"replies":[{"embeddable":true,"href":"https:\/\/www.mobilier-design-occasion.fr\/magazine\/wp-json\/wp\/v2\/comments?post=453"}],"version-history":[{"count":2,"href":"https:\/\/www.mobilier-design-occasion.fr\/magazine\/wp-json\/wp\/v2\/posts\/453\/revisions"}],"predecessor-version":[{"id":460,"href":"https:\/\/www.mobilier-design-occasion.fr\/magazine\/wp-json\/wp\/v2\/posts\/453\/revisions\/460"}],"wp:featuredmedia":[{"embeddable":true,"href":"https:\/\/www.mobilier-design-occasion.fr\/magazine\/wp-json\/wp\/v2\/media\/459"}],"wp:attachment":[{"href":"https:\/\/www.mobilier-design-occasion.fr\/magazine\/wp-json\/wp\/v2\/media?parent=453"}],"wp:term":[{"taxonomy":"category","embeddable":true,"href":"https:\/\/www.mobilier-design-occasion.fr\/magazine\/wp-json\/wp\/v2\/categories?post=453"},{"taxonomy":"post_tag","embeddable":true,"href":"https:\/\/www.mobilier-design-occasion.fr\/magazine\/wp-json\/wp\/v2\/tags?post=453"}],"curies":[{"name":"wp","href":"https:\/\/api.w.org\/{rel}","templated":true}]}}