{"id":451,"date":"2021-04-07T10:42:55","date_gmt":"2021-04-07T10:42:55","guid":{"rendered":"https:\/\/www.mobilier-design-occasion.fr\/magazine\/?p=451"},"modified":"2023-09-25T13:40:10","modified_gmt":"2023-09-25T13:40:10","slug":"tout-sur-les-chaises-doccasion","status":"publish","type":"post","link":"https:\/\/www.mobilier-design-occasion.fr\/magazine\/tout-sur-les-chaises-doccasion\/","title":{"rendered":"Tout sur les chaises d&#8217;occasion"},"content":{"rendered":"\n<h2 class=\"wp-block-heading\"><span class=\"ez-toc-section\" id=\"Pourquoi_acheter_une_chaise_doccasion\"><\/span>Pourquoi acheter une chaise d\u2019occasion?<span class=\"ez-toc-section-end\"><\/span><\/h2><div id=\"ez-toc-container\" class=\"ez-toc-v2_0_82_2 counter-hierarchy ez-toc-counter ez-toc-grey ez-toc-container-direction\">\n<div class=\"ez-toc-title-container\">\n<span class=\"ez-toc-title-toggle\"><a href=\"#\" class=\"ez-toc-pull-right ez-toc-btn ez-toc-btn-xs ez-toc-btn-default ez-toc-toggle\" aria-label=\"Toggle Table of Content\"><span class=\"ez-toc-js-icon-con\"><span class=\"\"><span class=\"eztoc-hide\" style=\"display:none;\">Toggle<\/span><span class=\"ez-toc-icon-toggle-span\"><svg style=\"fill: #999;color:#999\" xmlns=\"http:\/\/www.w3.org\/2000\/svg\" class=\"list-377408\" width=\"20px\" height=\"20px\" viewBox=\"0 0 24 24\" fill=\"none\"><path d=\"M6 6H4v2h2V6zm14 0H8v2h12V6zM4 11h2v2H4v-2zm16 0H8v2h12v-2zM4 16h2v2H4v-2zm16 0H8v2h12v-2z\" fill=\"currentColor\"><\/path><\/svg><svg style=\"fill: #999;color:#999\" class=\"arrow-unsorted-368013\" xmlns=\"http:\/\/www.w3.org\/2000\/svg\" width=\"10px\" height=\"10px\" viewBox=\"0 0 24 24\" version=\"1.2\" baseProfile=\"tiny\"><path d=\"M18.2 9.3l-6.2-6.3-6.2 6.3c-.2.2-.3.4-.3.7s.1.5.3.7c.2.2.4.3.7.3h11c.3 0 .5-.1.7-.3.2-.2.3-.5.3-.7s-.1-.5-.3-.7zM5.8 14.7l6.2 6.3 6.2-6.3c.2-.2.3-.5.3-.7s-.1-.5-.3-.7c-.2-.2-.4-.3-.7-.3h-11c-.3 0-.5.1-.7.3-.2.2-.3.5-.3.7s.1.5.3.7z\"\/><\/svg><\/span><\/span><\/span><\/a><\/span><\/div>\n<nav><ul class='ez-toc-list ez-toc-list-level-1 eztoc-toggle-hide-by-default' ><li class='ez-toc-page-1 ez-toc-heading-level-2'><a class=\"ez-toc-link ez-toc-heading-1\" href=\"https:\/\/www.mobilier-design-occasion.fr\/magazine\/tout-sur-les-chaises-doccasion\/#Pourquoi_acheter_une_chaise_doccasion\" >Pourquoi acheter une chaise d\u2019occasion?<\/a><\/li><li class='ez-toc-page-1 ez-toc-heading-level-2'><a class=\"ez-toc-link ez-toc-heading-2\" href=\"https:\/\/www.mobilier-design-occasion.fr\/magazine\/tout-sur-les-chaises-doccasion\/#Quel_est_le_prix_dune_chaise_doccasion\" >Quel est le prix d\u2019une chaise d\u2019occasion?<\/a><\/li><li class='ez-toc-page-1 ez-toc-heading-level-2'><a class=\"ez-toc-link ez-toc-heading-3\" href=\"https:\/\/www.mobilier-design-occasion.fr\/magazine\/tout-sur-les-chaises-doccasion\/#Ou_acheter_une_chaise_doccasion\" >O\u00f9 acheter une chaise d&#8217;occasion?<\/a><\/li><li class='ez-toc-page-1 ez-toc-heading-level-2'><a class=\"ez-toc-link ez-toc-heading-4\" href=\"https:\/\/www.mobilier-design-occasion.fr\/magazine\/tout-sur-les-chaises-doccasion\/#Acheter_une_chaise_vintage_ou_doccasion\" >Acheter une chaise vintage ou d\u2019occasion?<\/a><\/li><\/ul><\/nav><\/div>\n\n\n\n\n<p>Que ce soit pour votre salle \u00e0 manger ou votre cuisine, vous avez besoin de chaises. C\u2019est un sacr\u00e9 budget si on veut s\u2019\u00e9quiper avec des chaises designs ou vintage, donc le march\u00e9 de la <a href=\"https:\/\/www.mobilier-design-occasion.fr\/magazine\/reussir-a-vendre-son-mobilier\/\">seconde main<\/a> est une excellente affaire pour acheter<a href=\"https:\/\/www.mobilier-design-occasion.fr\/mobilier\/chaises.html\" data-type=\"URL\" data-id=\"https:\/\/www.mobilier-design-occasion.fr\/mobilier\/chaises.html\"> vos chaises d\u2019occasion.<\/a><\/p>\n\n\n\n<p><br>Vintage? De nombreuses chaises n\u2019existent plus sur le march\u00e9, cela vous permettra d\u2019avoir un exemplaire unique et donner un cachet particulier \u00e0 votre salon.<\/p>\n\n\n\n<p>A quoi faire attention lors de l\u2019achat?&nbsp;<\/p>\n\n\n\n<ul class=\"wp-block-list\"><li>La stabilit\u00e9 des pieds<\/li><li>L\u2019\u00e9tat des accoudoirs<\/li><li>L\u2019\u00e9tat g\u00e9n\u00e9ral du tissu ou des mat\u00e9riaux<\/li><li>L\u2019authenticit\u00e9 si vous partez vers une chaise <a href=\"https:\/\/www.mobilier-design-occasion.fr\/magazine\/table-tulipe-knoll-indemodable-du-design\/\">design<\/a> (certificat \u00e0 demander)<\/li><\/ul>\n\n\n\n<h2 class=\"wp-block-heading\"><span class=\"ez-toc-section\" id=\"Quel_est_le_prix_dune_chaise_doccasion\"><\/span>Quel est le prix d\u2019une chaise d\u2019occasion?<span class=\"ez-toc-section-end\"><\/span><\/h2>\n\n\n\n<ul class=\"wp-block-list\"><li>Une chaise standard, type ikea\/ conforama sera vendue entre 10 et 50\u20ac en fonction de son \u00e9tat.<\/li><li>Une chaise design de chez Habitat peut monter jusqu\u2019\u00e0 100\u20ac<\/li><li>Les grands designers tels que Kartell, Vitra ou Herman Miller peuvent \u00eatre vendus plusieurs centaines d\u2019euros.<\/li><\/ul>\n\n\n\n<h2 class=\"wp-block-heading\"><span class=\"ez-toc-section\" id=\"Ou_acheter_une_chaise_doccasion\"><\/span>O\u00f9 acheter une chaise d&#8217;occasion?<span class=\"ez-toc-section-end\"><\/span><\/h2>\n\n\n\n<ul class=\"wp-block-list\"><li><strong>Leboncoin<\/strong> : c&#8217;est surement l&#8217;endroit le plus connu pour trouver des chaises d&#8217;occasion. Cependant, cela va \u00eatre difficile de trouver des chaises design ou vintage sur ce site.<\/li><li><strong>Selency<\/strong> : la plus grande place de march\u00e9 de <a href=\"https:\/\/www.mobilier-design-occasion.fr\/magazine\/test-avis-sur-la-redoute-interieurs-am-pm\/\">mobilier<\/a>, mais c&#8217;est pas donn\u00e9<\/li><li><strong>Troc<\/strong> : le classique, avec les magasins partout en <a href=\"https:\/\/www.mobilier-design-occasion.fr\/magazine\/test-avis-sur-ripaton\/\">France<\/a>. Il y a des bonnes affaires \u00e0 r\u00e9aliser<\/li><li><strong>Emmaus<\/strong> : cela d\u00e9pend vraiment des arrives, mais vous pouvez y trouver de belles chaises vintage \u00e0 restaurer<\/li><li><strong>LuckyFind<\/strong> : l&#8217;offre n&#8217;est pas \u00e9norme, mais on retrouve du <a href=\"https:\/\/www.mobilier-design-occasion.fr\/magazine\/nos-idees-pour-amenager-votre-terrasse-avec-fermob\/\">mobilier design<\/a> d&#8217;occasion<\/li><\/ul>\n\n\n\n<h2 class=\"wp-block-heading\"><span class=\"ez-toc-section\" id=\"Acheter_une_chaise_vintage_ou_doccasion\"><\/span>Acheter une chaise vintage ou d\u2019occasion?<span class=\"ez-toc-section-end\"><\/span><\/h2>\n\n\n\n<ul class=\"wp-block-list\"><li>Une chaise devient <strong>vintage<\/strong> si elle n\u2019est plus produite et qu\u2019elle est vendue de seconde main. Attention cependant aux copies, vous pouvez toujours demander un certificat d\u2019authenticit\u00e9 ou une facture d\u2019achat. Le c\u00f4t\u00e9 vintage apporte souvent une histoire, un style, un cachet \u00e0 votre meuble.<\/li><li><strong>D\u2019occasion<\/strong>, il existe une multitude de style. De la vieille chaise de cuisine formica \u00e0 la chaise Roche &amp; Bobois. Bien s\u00fbr, les prix varient fortement de l\u2019une \u00e0 l\u2019autre.<\/li><\/ul>\n\n\n\n<p>Personne ne peut choisir \u00e0 votre place mais pensez \u00e0 ces \u00e9l\u00e9ments:<\/p>\n\n\n\n<ul class=\"wp-block-list\"><li>Est-ce un \u00e9l\u00e9ment central de ma pi\u00e8ce?&nbsp;<\/li><li>Doit-il \u00eatre mis en valeur?<\/li><li>Est-il plus pratique que joli, ou invers\u00e9ment ?<\/li><li>Qui va l\u2019utiliser, les adultes, les enfants ?&nbsp;<\/li><li>Est-ce adapt\u00e9s au reste de ma d\u00e9coration int\u00e9rieure?<\/li><\/ul>\n","protected":false},"excerpt":{"rendered":"<p>Pourquoi acheter une chaise d\u2019occasion? Que ce soit pour votre salle \u00e0 manger ou votre cuisine, vous avez besoin de chaises. C\u2019est un sacr\u00e9 budget si on veut s\u2019\u00e9quiper avec des chaises designs ou vintage, donc le march\u00e9 de la seconde main est une excellente affaire pour acheter vos chaises d\u2019occasion. Vintage? De nombreuses chaises [&hellip;]<\/p>\n","protected":false},"author":2,"featured_media":457,"comment_status":"open","ping_status":"open","sticky":false,"template":"","format":"standard","meta":{"footnotes":""},"categories":[2],"tags":[],"class_list":["post-451","post","type-post","status-publish","format-standard","has-post-thumbnail","hentry","category-tendances"],"yoast_head":"<!-- This site is optimized with the Yoast SEO plugin v27.5 - https:\/\/yoast.com\/product\/yoast-seo-wordpress\/ -->\n<title>Tout sur les chaises d&#039;occasion - Mobilier Design Magazine<\/title>\n<meta name=\"robots\" content=\"index, follow, max-snippet:-1, max-image-preview:large, max-video-preview:-1\" \/>\n<link rel=\"canonical\" href=\"https:\/\/www.mobilier-design-occasion.fr\/magazine\/tout-sur-les-chaises-doccasion\/\" \/>\n<meta property=\"og:locale\" content=\"fr_FR\" \/>\n<meta property=\"og:type\" content=\"article\" \/>\n<meta property=\"og:title\" content=\"Tout sur les chaises d&#039;occasion - Mobilier Design Magazine\" \/>\n<meta property=\"og:description\" content=\"Pourquoi acheter une chaise d\u2019occasion? Que ce soit pour votre salle \u00e0 manger ou votre cuisine, vous avez besoin de chaises. C\u2019est un sacr\u00e9 budget si on veut s\u2019\u00e9quiper avec des chaises designs ou vintage, donc le march\u00e9 de la seconde main est une excellente affaire pour acheter vos chaises d\u2019occasion. Vintage? De nombreuses chaises [&hellip;]\" \/>\n<meta property=\"og:url\" content=\"https:\/\/www.mobilier-design-occasion.fr\/magazine\/tout-sur-les-chaises-doccasion\/\" \/>\n<meta property=\"og:site_name\" content=\"Mobilier Design Magazine\" \/>\n<meta property=\"article:publisher\" content=\"https:\/\/www.facebook.com\/mobilierdesignoccasion\" \/>\n<meta property=\"article:published_time\" content=\"2021-04-07T10:42:55+00:00\" \/>\n<meta property=\"article:modified_time\" content=\"2023-09-25T13:40:10+00:00\" \/>\n<meta property=\"og:image\" content=\"https:\/\/www.mobilier-design-occasion.fr\/magazine\/wp-content\/uploads\/2021\/04\/cardif-4-coul-detourees-gris-xl_723063.jpg\" \/>\n\t<meta property=\"og:image:width\" content=\"504\" \/>\n\t<meta property=\"og:image:height\" content=\"284\" \/>\n\t<meta property=\"og:image:type\" content=\"image\/jpeg\" \/>\n<meta name=\"author\" content=\"Vincent Vandegans\" \/>\n<meta name=\"twitter:card\" content=\"summary_large_image\" \/>\n<meta name=\"twitter:label1\" content=\"\u00c9crit par\" \/>\n\t<meta name=\"twitter:data1\" content=\"Vincent Vandegans\" \/>\n\t<meta name=\"twitter:label2\" content=\"Dur\u00e9e de lecture estim\u00e9e\" \/>\n\t<meta name=\"twitter:data2\" content=\"2 minutes\" \/>\n<script type=\"application\/ld+json\" class=\"yoast-schema-graph\">{\"@context\":\"https:\\\/\\\/schema.org\",\"@graph\":[{\"@type\":\"Article\",\"@id\":\"https:\\\/\\\/www.mobilier-design-occasion.fr\\\/magazine\\\/tout-sur-les-chaises-doccasion\\\/#article\",\"isPartOf\":{\"@id\":\"https:\\\/\\\/www.mobilier-design-occasion.fr\\\/magazine\\\/tout-sur-les-chaises-doccasion\\\/\"},\"author\":{\"name\":\"Vincent Vandegans\",\"@id\":\"https:\\\/\\\/www.mobilier-design-occasion.fr\\\/magazine\\\/#\\\/schema\\\/person\\\/af895bedc80bfb6b17730a672fddac9e\"},\"headline\":\"Tout sur les chaises d&#8217;occasion\",\"datePublished\":\"2021-04-07T10:42:55+00:00\",\"dateModified\":\"2023-09-25T13:40:10+00:00\",\"mainEntityOfPage\":{\"@id\":\"https:\\\/\\\/www.mobilier-design-occasion.fr\\\/magazine\\\/tout-sur-les-chaises-doccasion\\\/\"},\"wordCount\":415,\"commentCount\":0,\"publisher\":{\"@id\":\"https:\\\/\\\/www.mobilier-design-occasion.fr\\\/magazine\\\/#organization\"},\"image\":{\"@id\":\"https:\\\/\\\/www.mobilier-design-occasion.fr\\\/magazine\\\/tout-sur-les-chaises-doccasion\\\/#primaryimage\"},\"thumbnailUrl\":\"https:\\\/\\\/www.mobilier-design-occasion.fr\\\/magazine\\\/wp-content\\\/uploads\\\/2021\\\/04\\\/cardif-4-coul-detourees-gris-xl_723063.jpg\",\"articleSection\":[\"Tendances\"],\"inLanguage\":\"fr-FR\",\"potentialAction\":[{\"@type\":\"CommentAction\",\"name\":\"Comment\",\"target\":[\"https:\\\/\\\/www.mobilier-design-occasion.fr\\\/magazine\\\/tout-sur-les-chaises-doccasion\\\/#respond\"]}]},{\"@type\":\"WebPage\",\"@id\":\"https:\\\/\\\/www.mobilier-design-occasion.fr\\\/magazine\\\/tout-sur-les-chaises-doccasion\\\/\",\"url\":\"https:\\\/\\\/www.mobilier-design-occasion.fr\\\/magazine\\\/tout-sur-les-chaises-doccasion\\\/\",\"name\":\"Tout sur les chaises d'occasion - Mobilier Design Magazine\",\"isPartOf\":{\"@id\":\"https:\\\/\\\/www.mobilier-design-occasion.fr\\\/magazine\\\/#website\"},\"primaryImageOfPage\":{\"@id\":\"https:\\\/\\\/www.mobilier-design-occasion.fr\\\/magazine\\\/tout-sur-les-chaises-doccasion\\\/#primaryimage\"},\"image\":{\"@id\":\"https:\\\/\\\/www.mobilier-design-occasion.fr\\\/magazine\\\/tout-sur-les-chaises-doccasion\\\/#primaryimage\"},\"thumbnailUrl\":\"https:\\\/\\\/www.mobilier-design-occasion.fr\\\/magazine\\\/wp-content\\\/uploads\\\/2021\\\/04\\\/cardif-4-coul-detourees-gris-xl_723063.jpg\",\"datePublished\":\"2021-04-07T10:42:55+00:00\",\"dateModified\":\"2023-09-25T13:40:10+00:00\",\"breadcrumb\":{\"@id\":\"https:\\\/\\\/www.mobilier-design-occasion.fr\\\/magazine\\\/tout-sur-les-chaises-doccasion\\\/#breadcrumb\"},\"inLanguage\":\"fr-FR\",\"potentialAction\":[{\"@type\":\"ReadAction\",\"target\":[\"https:\\\/\\\/www.mobilier-design-occasion.fr\\\/magazine\\\/tout-sur-les-chaises-doccasion\\\/\"]}]},{\"@type\":\"ImageObject\",\"inLanguage\":\"fr-FR\",\"@id\":\"https:\\\/\\\/www.mobilier-design-occasion.fr\\\/magazine\\\/tout-sur-les-chaises-doccasion\\\/#primaryimage\",\"url\":\"https:\\\/\\\/www.mobilier-design-occasion.fr\\\/magazine\\\/wp-content\\\/uploads\\\/2021\\\/04\\\/cardif-4-coul-detourees-gris-xl_723063.jpg\",\"contentUrl\":\"https:\\\/\\\/www.mobilier-design-occasion.fr\\\/magazine\\\/wp-content\\\/uploads\\\/2021\\\/04\\\/cardif-4-coul-detourees-gris-xl_723063.jpg\",\"width\":504,\"height\":284},{\"@type\":\"BreadcrumbList\",\"@id\":\"https:\\\/\\\/www.mobilier-design-occasion.fr\\\/magazine\\\/tout-sur-les-chaises-doccasion\\\/#breadcrumb\",\"itemListElement\":[{\"@type\":\"ListItem\",\"position\":1,\"name\":\"Accueil\",\"item\":\"https:\\\/\\\/www.mobilier-design-occasion.fr\\\/magazine\\\/\"},{\"@type\":\"ListItem\",\"position\":2,\"name\":\"Tout sur les chaises d&rsquo;occasion\"}]},{\"@type\":\"WebSite\",\"@id\":\"https:\\\/\\\/www.mobilier-design-occasion.fr\\\/magazine\\\/#website\",\"url\":\"https:\\\/\\\/www.mobilier-design-occasion.fr\\\/magazine\\\/\",\"name\":\"Mobilier Design Magazine\",\"description\":\"\",\"publisher\":{\"@id\":\"https:\\\/\\\/www.mobilier-design-occasion.fr\\\/magazine\\\/#organization\"},\"potentialAction\":[{\"@type\":\"SearchAction\",\"target\":{\"@type\":\"EntryPoint\",\"urlTemplate\":\"https:\\\/\\\/www.mobilier-design-occasion.fr\\\/magazine\\\/?s={search_term_string}\"},\"query-input\":{\"@type\":\"PropertyValueSpecification\",\"valueRequired\":true,\"valueName\":\"search_term_string\"}}],\"inLanguage\":\"fr-FR\"},{\"@type\":\"Organization\",\"@id\":\"https:\\\/\\\/www.mobilier-design-occasion.fr\\\/magazine\\\/#organization\",\"name\":\"Mobilier Design Magazine\",\"url\":\"https:\\\/\\\/www.mobilier-design-occasion.fr\\\/magazine\\\/\",\"logo\":{\"@type\":\"ImageObject\",\"inLanguage\":\"fr-FR\",\"@id\":\"https:\\\/\\\/www.mobilier-design-occasion.fr\\\/magazine\\\/#\\\/schema\\\/logo\\\/image\\\/\",\"url\":\"https:\\\/\\\/www.mobilier-design-occasion.fr\\\/magazine\\\/wp-content\\\/uploads\\\/2024\\\/02\\\/android-chrome-192x192-1.png\",\"contentUrl\":\"https:\\\/\\\/www.mobilier-design-occasion.fr\\\/magazine\\\/wp-content\\\/uploads\\\/2024\\\/02\\\/android-chrome-192x192-1.png\",\"width\":192,\"height\":192,\"caption\":\"Mobilier Design Magazine\"},\"image\":{\"@id\":\"https:\\\/\\\/www.mobilier-design-occasion.fr\\\/magazine\\\/#\\\/schema\\\/logo\\\/image\\\/\"},\"sameAs\":[\"https:\\\/\\\/www.facebook.com\\\/mobilierdesignoccasion\"]},{\"@type\":\"Person\",\"@id\":\"https:\\\/\\\/www.mobilier-design-occasion.fr\\\/magazine\\\/#\\\/schema\\\/person\\\/af895bedc80bfb6b17730a672fddac9e\",\"name\":\"Vincent Vandegans\",\"image\":{\"@type\":\"ImageObject\",\"inLanguage\":\"fr-FR\",\"@id\":\"https:\\\/\\\/secure.gravatar.com\\\/avatar\\\/b984800dabdf722d5e3f03f637c8932dea77d81118467d17ad2953e3b273ec66?s=96&d=mm&r=g\",\"url\":\"https:\\\/\\\/secure.gravatar.com\\\/avatar\\\/b984800dabdf722d5e3f03f637c8932dea77d81118467d17ad2953e3b273ec66?s=96&d=mm&r=g\",\"contentUrl\":\"https:\\\/\\\/secure.gravatar.com\\\/avatar\\\/b984800dabdf722d5e3f03f637c8932dea77d81118467d17ad2953e3b273ec66?s=96&d=mm&r=g\",\"caption\":\"Vincent Vandegans\"},\"description\":\"Vincent est passionn\u00e9 par les produits d'occasion, il a ouvert le site MDO avec Cyrielle pour aider les gens \u00e0 trouver du mobilier d'occasion, vintage ou usag\u00e9. Depuis, ils ont \u00e9tendu leurs activit\u00e9s et conseillent tout le monde sur le mobilier d'int\u00e9rieur et d'ext\u00e9rieur au quotidien \u00e0 travers le magazine MDO.\",\"url\":\"https:\\\/\\\/www.mobilier-design-occasion.fr\\\/magazine\\\/author\\\/vincent\\\/\"}]}<\/script>\n<!-- \/ Yoast SEO plugin. -->","yoast_head_json":{"title":"Tout sur les chaises d'occasion - Mobilier Design Magazine","robots":{"index":"index","follow":"follow","max-snippet":"max-snippet:-1","max-image-preview":"max-image-preview:large","max-video-preview":"max-video-preview:-1"},"canonical":"https:\/\/www.mobilier-design-occasion.fr\/magazine\/tout-sur-les-chaises-doccasion\/","og_locale":"fr_FR","og_type":"article","og_title":"Tout sur les chaises d'occasion - Mobilier Design Magazine","og_description":"Pourquoi acheter une chaise d\u2019occasion? Que ce soit pour votre salle \u00e0 manger ou votre cuisine, vous avez besoin de chaises. C\u2019est un sacr\u00e9 budget si on veut s\u2019\u00e9quiper avec des chaises designs ou vintage, donc le march\u00e9 de la seconde main est une excellente affaire pour acheter vos chaises d\u2019occasion. Vintage? De nombreuses chaises [&hellip;]","og_url":"https:\/\/www.mobilier-design-occasion.fr\/magazine\/tout-sur-les-chaises-doccasion\/","og_site_name":"Mobilier Design Magazine","article_publisher":"https:\/\/www.facebook.com\/mobilierdesignoccasion","article_published_time":"2021-04-07T10:42:55+00:00","article_modified_time":"2023-09-25T13:40:10+00:00","og_image":[{"width":504,"height":284,"url":"https:\/\/www.mobilier-design-occasion.fr\/magazine\/wp-content\/uploads\/2021\/04\/cardif-4-coul-detourees-gris-xl_723063.jpg","type":"image\/jpeg"}],"author":"Vincent Vandegans","twitter_card":"summary_large_image","twitter_misc":{"\u00c9crit par":"Vincent Vandegans","Dur\u00e9e de lecture estim\u00e9e":"2 minutes"},"schema":{"@context":"https:\/\/schema.org","@graph":[{"@type":"Article","@id":"https:\/\/www.mobilier-design-occasion.fr\/magazine\/tout-sur-les-chaises-doccasion\/#article","isPartOf":{"@id":"https:\/\/www.mobilier-design-occasion.fr\/magazine\/tout-sur-les-chaises-doccasion\/"},"author":{"name":"Vincent Vandegans","@id":"https:\/\/www.mobilier-design-occasion.fr\/magazine\/#\/schema\/person\/af895bedc80bfb6b17730a672fddac9e"},"headline":"Tout sur les chaises d&#8217;occasion","datePublished":"2021-04-07T10:42:55+00:00","dateModified":"2023-09-25T13:40:10+00:00","mainEntityOfPage":{"@id":"https:\/\/www.mobilier-design-occasion.fr\/magazine\/tout-sur-les-chaises-doccasion\/"},"wordCount":415,"commentCount":0,"publisher":{"@id":"https:\/\/www.mobilier-design-occasion.fr\/magazine\/#organization"},"image":{"@id":"https:\/\/www.mobilier-design-occasion.fr\/magazine\/tout-sur-les-chaises-doccasion\/#primaryimage"},"thumbnailUrl":"https:\/\/www.mobilier-design-occasion.fr\/magazine\/wp-content\/uploads\/2021\/04\/cardif-4-coul-detourees-gris-xl_723063.jpg","articleSection":["Tendances"],"inLanguage":"fr-FR","potentialAction":[{"@type":"CommentAction","name":"Comment","target":["https:\/\/www.mobilier-design-occasion.fr\/magazine\/tout-sur-les-chaises-doccasion\/#respond"]}]},{"@type":"WebPage","@id":"https:\/\/www.mobilier-design-occasion.fr\/magazine\/tout-sur-les-chaises-doccasion\/","url":"https:\/\/www.mobilier-design-occasion.fr\/magazine\/tout-sur-les-chaises-doccasion\/","name":"Tout sur les chaises d'occasion - Mobilier Design Magazine","isPartOf":{"@id":"https:\/\/www.mobilier-design-occasion.fr\/magazine\/#website"},"primaryImageOfPage":{"@id":"https:\/\/www.mobilier-design-occasion.fr\/magazine\/tout-sur-les-chaises-doccasion\/#primaryimage"},"image":{"@id":"https:\/\/www.mobilier-design-occasion.fr\/magazine\/tout-sur-les-chaises-doccasion\/#primaryimage"},"thumbnailUrl":"https:\/\/www.mobilier-design-occasion.fr\/magazine\/wp-content\/uploads\/2021\/04\/cardif-4-coul-detourees-gris-xl_723063.jpg","datePublished":"2021-04-07T10:42:55+00:00","dateModified":"2023-09-25T13:40:10+00:00","breadcrumb":{"@id":"https:\/\/www.mobilier-design-occasion.fr\/magazine\/tout-sur-les-chaises-doccasion\/#breadcrumb"},"inLanguage":"fr-FR","potentialAction":[{"@type":"ReadAction","target":["https:\/\/www.mobilier-design-occasion.fr\/magazine\/tout-sur-les-chaises-doccasion\/"]}]},{"@type":"ImageObject","inLanguage":"fr-FR","@id":"https:\/\/www.mobilier-design-occasion.fr\/magazine\/tout-sur-les-chaises-doccasion\/#primaryimage","url":"https:\/\/www.mobilier-design-occasion.fr\/magazine\/wp-content\/uploads\/2021\/04\/cardif-4-coul-detourees-gris-xl_723063.jpg","contentUrl":"https:\/\/www.mobilier-design-occasion.fr\/magazine\/wp-content\/uploads\/2021\/04\/cardif-4-coul-detourees-gris-xl_723063.jpg","width":504,"height":284},{"@type":"BreadcrumbList","@id":"https:\/\/www.mobilier-design-occasion.fr\/magazine\/tout-sur-les-chaises-doccasion\/#breadcrumb","itemListElement":[{"@type":"ListItem","position":1,"name":"Accueil","item":"https:\/\/www.mobilier-design-occasion.fr\/magazine\/"},{"@type":"ListItem","position":2,"name":"Tout sur les chaises d&rsquo;occasion"}]},{"@type":"WebSite","@id":"https:\/\/www.mobilier-design-occasion.fr\/magazine\/#website","url":"https:\/\/www.mobilier-design-occasion.fr\/magazine\/","name":"Mobilier Design Magazine","description":"","publisher":{"@id":"https:\/\/www.mobilier-design-occasion.fr\/magazine\/#organization"},"potentialAction":[{"@type":"SearchAction","target":{"@type":"EntryPoint","urlTemplate":"https:\/\/www.mobilier-design-occasion.fr\/magazine\/?s={search_term_string}"},"query-input":{"@type":"PropertyValueSpecification","valueRequired":true,"valueName":"search_term_string"}}],"inLanguage":"fr-FR"},{"@type":"Organization","@id":"https:\/\/www.mobilier-design-occasion.fr\/magazine\/#organization","name":"Mobilier Design Magazine","url":"https:\/\/www.mobilier-design-occasion.fr\/magazine\/","logo":{"@type":"ImageObject","inLanguage":"fr-FR","@id":"https:\/\/www.mobilier-design-occasion.fr\/magazine\/#\/schema\/logo\/image\/","url":"https:\/\/www.mobilier-design-occasion.fr\/magazine\/wp-content\/uploads\/2024\/02\/android-chrome-192x192-1.png","contentUrl":"https:\/\/www.mobilier-design-occasion.fr\/magazine\/wp-content\/uploads\/2024\/02\/android-chrome-192x192-1.png","width":192,"height":192,"caption":"Mobilier Design Magazine"},"image":{"@id":"https:\/\/www.mobilier-design-occasion.fr\/magazine\/#\/schema\/logo\/image\/"},"sameAs":["https:\/\/www.facebook.com\/mobilierdesignoccasion"]},{"@type":"Person","@id":"https:\/\/www.mobilier-design-occasion.fr\/magazine\/#\/schema\/person\/af895bedc80bfb6b17730a672fddac9e","name":"Vincent Vandegans","image":{"@type":"ImageObject","inLanguage":"fr-FR","@id":"https:\/\/secure.gravatar.com\/avatar\/b984800dabdf722d5e3f03f637c8932dea77d81118467d17ad2953e3b273ec66?s=96&d=mm&r=g","url":"https:\/\/secure.gravatar.com\/avatar\/b984800dabdf722d5e3f03f637c8932dea77d81118467d17ad2953e3b273ec66?s=96&d=mm&r=g","contentUrl":"https:\/\/secure.gravatar.com\/avatar\/b984800dabdf722d5e3f03f637c8932dea77d81118467d17ad2953e3b273ec66?s=96&d=mm&r=g","caption":"Vincent Vandegans"},"description":"Vincent est passionn\u00e9 par les produits d'occasion, il a ouvert le site MDO avec Cyrielle pour aider les gens \u00e0 trouver du mobilier d'occasion, vintage ou usag\u00e9. Depuis, ils ont \u00e9tendu leurs activit\u00e9s et conseillent tout le monde sur le mobilier d'int\u00e9rieur et d'ext\u00e9rieur au quotidien \u00e0 travers le magazine MDO.","url":"https:\/\/www.mobilier-design-occasion.fr\/magazine\/author\/vincent\/"}]}},"_links":{"self":[{"href":"https:\/\/www.mobilier-design-occasion.fr\/magazine\/wp-json\/wp\/v2\/posts\/451","targetHints":{"allow":["GET"]}}],"collection":[{"href":"https:\/\/www.mobilier-design-occasion.fr\/magazine\/wp-json\/wp\/v2\/posts"}],"about":[{"href":"https:\/\/www.mobilier-design-occasion.fr\/magazine\/wp-json\/wp\/v2\/types\/post"}],"author":[{"embeddable":true,"href":"https:\/\/www.mobilier-design-occasion.fr\/magazine\/wp-json\/wp\/v2\/users\/2"}],"replies":[{"embeddable":true,"href":"https:\/\/www.mobilier-design-occasion.fr\/magazine\/wp-json\/wp\/v2\/comments?post=451"}],"version-history":[{"count":1,"href":"https:\/\/www.mobilier-design-occasion.fr\/magazine\/wp-json\/wp\/v2\/posts\/451\/revisions"}],"predecessor-version":[{"id":452,"href":"https:\/\/www.mobilier-design-occasion.fr\/magazine\/wp-json\/wp\/v2\/posts\/451\/revisions\/452"}],"wp:featuredmedia":[{"embeddable":true,"href":"https:\/\/www.mobilier-design-occasion.fr\/magazine\/wp-json\/wp\/v2\/media\/457"}],"wp:attachment":[{"href":"https:\/\/www.mobilier-design-occasion.fr\/magazine\/wp-json\/wp\/v2\/media?parent=451"}],"wp:term":[{"taxonomy":"category","embeddable":true,"href":"https:\/\/www.mobilier-design-occasion.fr\/magazine\/wp-json\/wp\/v2\/categories?post=451"},{"taxonomy":"post_tag","embeddable":true,"href":"https:\/\/www.mobilier-design-occasion.fr\/magazine\/wp-json\/wp\/v2\/tags?post=451"}],"curies":[{"name":"wp","href":"https:\/\/api.w.org\/{rel}","templated":true}]}}