{"id":4496,"date":"2022-05-10T14:09:13","date_gmt":"2022-05-10T14:09:13","guid":{"rendered":"https:\/\/www.mobilier-design-occasion.fr\/magazine\/?p=4496"},"modified":"2023-09-25T13:39:49","modified_gmt":"2023-09-25T13:39:49","slug":"nos-idees-pour-amenager-votre-terrasse-avec-fermob","status":"publish","type":"post","link":"https:\/\/www.mobilier-design-occasion.fr\/magazine\/nos-idees-pour-amenager-votre-terrasse-avec-fermob\/","title":{"rendered":"S\u00e9lection pour am\u00e9nager votre terrasse avec Fermob"},"content":{"rendered":"<p><a href=\"https:\/\/www.mobilier-design-occasion.fr\/magazine\/fermob-occasion\/\">Fermob<\/a> est une marque fran\u00e7aise implant\u00e9e dans l&#8217;Ain depuis plus de 65 ans. L&#8217;entreprise produit du <a href=\"https:\/\/www.mobilier-design-occasion.fr\/magazine\/test-avis-sur-la-redoute-interieurs-am-pm\/\">mobilier<\/a> d&#8217;ext\u00e9rieur et des accessoires de d\u00e9coration color\u00e9s. Fermob cr\u00e9\u00e9e du mobilier tendance, innovant et reconnu pour sa solidit\u00e9 et durabilit\u00e9. La marque collabore r\u00e9guli\u00e8rement avec des designers connus ou en devenir comme par exemple: Terence Conran, Pascal Mourgue, Delo Lindo ou Jean-Charles de Castelbajac pour n&#8217;en citer que quelques uns.&nbsp;<\/p>\n<p>J&#8217;ai donc s\u00e9lectionn\u00e9 pour vous les plus belles pi\u00e8ces Fermob issues des collections actuelles pour vous inspirer et cr\u00e9er la terrasse de vos r\u00eaves. Chaises, tables, fauteuils Fermob mais aussi la c\u00e9l\u00e8bre lampe nomade. Retrouvez tous les incontournables de Fermob dans cet article!<\/p>\n<h2><span class=\"ez-toc-section\" id=\"Table_Fermob\"><\/span>Table Fermob<span class=\"ez-toc-section-end\"><\/span><\/h2><div id=\"ez-toc-container\" class=\"ez-toc-v2_0_82_2 counter-hierarchy ez-toc-counter ez-toc-grey ez-toc-container-direction\">\n<div class=\"ez-toc-title-container\">\n<span class=\"ez-toc-title-toggle\"><a href=\"#\" class=\"ez-toc-pull-right ez-toc-btn ez-toc-btn-xs ez-toc-btn-default ez-toc-toggle\" aria-label=\"Toggle Table of Content\"><span class=\"ez-toc-js-icon-con\"><span class=\"\"><span class=\"eztoc-hide\" style=\"display:none;\">Toggle<\/span><span class=\"ez-toc-icon-toggle-span\"><svg style=\"fill: #999;color:#999\" xmlns=\"http:\/\/www.w3.org\/2000\/svg\" class=\"list-377408\" width=\"20px\" height=\"20px\" viewBox=\"0 0 24 24\" fill=\"none\"><path d=\"M6 6H4v2h2V6zm14 0H8v2h12V6zM4 11h2v2H4v-2zm16 0H8v2h12v-2zM4 16h2v2H4v-2zm16 0H8v2h12v-2z\" fill=\"currentColor\"><\/path><\/svg><svg style=\"fill: #999;color:#999\" class=\"arrow-unsorted-368013\" xmlns=\"http:\/\/www.w3.org\/2000\/svg\" width=\"10px\" height=\"10px\" viewBox=\"0 0 24 24\" version=\"1.2\" baseProfile=\"tiny\"><path d=\"M18.2 9.3l-6.2-6.3-6.2 6.3c-.2.2-.3.4-.3.7s.1.5.3.7c.2.2.4.3.7.3h11c.3 0 .5-.1.7-.3.2-.2.3-.5.3-.7s-.1-.5-.3-.7zM5.8 14.7l6.2 6.3 6.2-6.3c.2-.2.3-.5.3-.7s-.1-.5-.3-.7c-.2-.2-.4-.3-.7-.3h-11c-.3 0-.5.1-.7.3-.2.2-.3.5-.3.7s.1.5.3.7z\"\/><\/svg><\/span><\/span><\/span><\/a><\/span><\/div>\n<nav><ul class='ez-toc-list ez-toc-list-level-1 eztoc-toggle-hide-by-default' ><li class='ez-toc-page-1 ez-toc-heading-level-2'><a class=\"ez-toc-link ez-toc-heading-1\" href=\"https:\/\/www.mobilier-design-occasion.fr\/magazine\/nos-idees-pour-amenager-votre-terrasse-avec-fermob\/#Table_Fermob\" >Table Fermob<\/a><\/li><li class='ez-toc-page-1 ez-toc-heading-level-2'><a class=\"ez-toc-link ez-toc-heading-2\" href=\"https:\/\/www.mobilier-design-occasion.fr\/magazine\/nos-idees-pour-amenager-votre-terrasse-avec-fermob\/#Chaise_Fermob\" >Chaise Fermob<\/a><\/li><li class='ez-toc-page-1 ez-toc-heading-level-2'><a class=\"ez-toc-link ez-toc-heading-3\" href=\"https:\/\/www.mobilier-design-occasion.fr\/magazine\/nos-idees-pour-amenager-votre-terrasse-avec-fermob\/#Lampe_Fermob\" >Lampe Fermob<\/a><ul class='ez-toc-list-level-3' ><li class='ez-toc-heading-level-3'><a class=\"ez-toc-link ez-toc-heading-4\" href=\"https:\/\/www.mobilier-design-occasion.fr\/magazine\/nos-idees-pour-amenager-votre-terrasse-avec-fermob\/#Comment_recharger_une_lampe_Fermob\" >Comment recharger une lampe Fermob?<\/a><\/li><\/ul><\/li><\/ul><\/nav><\/div>\n\n<p>Pour cr\u00e9er un espace ext\u00e9rieur <a href=\"https:\/\/www.mobilier-design-occasion.fr\/magazine\/table-tulipe-knoll-indemodable-du-design\/\">design<\/a>, la collection de tables Fermob est un incontournable. Table ronde, table carr\u00e9e ou table rectangulaire avec allonges pour accueillir jusqu&#8217;\u00e0 14 personnes, la s\u00e9lection est immense et les coloris tellement nombreux qu&#8217;il est parfait compliqu\u00e9 de choisir! Alors couleur intemporelle ou flashy?&nbsp;<\/p>\n<p>Laquelle saura vous s\u00e9duire?<\/p>\n<p><a href=\"https:\/\/c3po.link\/QxwrYCa7rD\"><br \/>\n<img decoding=\"async\" width=\"810\" height=\"810\" src=\"https:\/\/www.mobilier-design-occasion.fr\/magazine\/wp-content\/uploads\/2022\/05\/table-pliante-caractere-cerise-noire_madeindesign_386058_original-1024x1024.jpg\" alt=\"\" loading=\"lazy\" srcset=\"https:\/\/www.mobilier-design-occasion.fr\/magazine\/wp-content\/uploads\/2022\/05\/table-pliante-caractere-cerise-noire_madeindesign_386058_original-1024x1024.jpg 1024w, https:\/\/www.mobilier-design-occasion.fr\/magazine\/wp-content\/uploads\/2022\/05\/table-pliante-caractere-cerise-noire_madeindesign_386058_original-300x300.jpg 300w, https:\/\/www.mobilier-design-occasion.fr\/magazine\/wp-content\/uploads\/2022\/05\/table-pliante-caractere-cerise-noire_madeindesign_386058_original-150x150.jpg 150w, https:\/\/www.mobilier-design-occasion.fr\/magazine\/wp-content\/uploads\/2022\/05\/table-pliante-caractere-cerise-noire_madeindesign_386058_original-768x768.jpg 768w, https:\/\/www.mobilier-design-occasion.fr\/magazine\/wp-content\/uploads\/2022\/05\/table-pliante-caractere-cerise-noire_madeindesign_386058_original-810x810.jpg 810w, https:\/\/www.mobilier-design-occasion.fr\/magazine\/wp-content\/uploads\/2022\/05\/table-pliante-caractere-cerise-noire_madeindesign_386058_original.jpg 1086w\" sizes=\"auto, (max-width: 810px) 100vw, 810px\">\t\t\t\t\t\t\t\t<\/a><br \/>\n<a href=\"https:\/\/c3po.link\/QJp6rxQZCN\"><br \/>\n<img decoding=\"async\" width=\"810\" height=\"633\" src=\"https:\/\/www.mobilier-design-occasion.fr\/magazine\/wp-content\/uploads\/2022\/05\/table-rectangulaire-luxembourg-muscade_madeindesign_111229_original-1024x800.jpg\" alt=\"\" loading=\"lazy\" srcset=\"https:\/\/www.mobilier-design-occasion.fr\/magazine\/wp-content\/uploads\/2022\/05\/table-rectangulaire-luxembourg-muscade_madeindesign_111229_original-1024x800.jpg 1024w, https:\/\/www.mobilier-design-occasion.fr\/magazine\/wp-content\/uploads\/2022\/05\/table-rectangulaire-luxembourg-muscade_madeindesign_111229_original-300x234.jpg 300w, https:\/\/www.mobilier-design-occasion.fr\/magazine\/wp-content\/uploads\/2022\/05\/table-rectangulaire-luxembourg-muscade_madeindesign_111229_original-768x600.jpg 768w, https:\/\/www.mobilier-design-occasion.fr\/magazine\/wp-content\/uploads\/2022\/05\/table-rectangulaire-luxembourg-muscade_madeindesign_111229_original-1536x1200.jpg 1536w, https:\/\/www.mobilier-design-occasion.fr\/magazine\/wp-content\/uploads\/2022\/05\/table-rectangulaire-luxembourg-muscade_madeindesign_111229_original-2048x1601.jpg 2048w, https:\/\/www.mobilier-design-occasion.fr\/magazine\/wp-content\/uploads\/2022\/05\/table-rectangulaire-luxembourg-muscade_madeindesign_111229_original-810x633.jpg 810w, https:\/\/www.mobilier-design-occasion.fr\/magazine\/wp-content\/uploads\/2022\/05\/table-rectangulaire-luxembourg-muscade_madeindesign_111229_original-1140x891.jpg 1140w\" sizes=\"auto, (max-width: 810px) 100vw, 810px\">\t\t\t\t\t\t\t\t<\/a><br \/>\n<a href=\"https:\/\/c3po.link\/QxwrYCa7rD\" role=\"button\"><br \/>\nVoir la table pliante<br \/>\n<\/a><br \/>\n<a href=\"https:\/\/c3po.link\/QJp6rxQZCN\" role=\"button\"><br \/>\nVoir la table Luxembourg<br \/>\n<\/a><br \/>\n<a href=\"https:\/\/c3po.link\/QCfxksrUKt\"><br \/>\n<img decoding=\"async\" width=\"810\" height=\"494\" src=\"https:\/\/www.mobilier-design-occasion.fr\/magazine\/wp-content\/uploads\/2022\/05\/table-rectangulaire-monceau-romarin_madeindesign_313195_original-1024x624.jpg\" alt=\"\" loading=\"lazy\" srcset=\"https:\/\/www.mobilier-design-occasion.fr\/magazine\/wp-content\/uploads\/2022\/05\/table-rectangulaire-monceau-romarin_madeindesign_313195_original-1024x624.jpg 1024w, https:\/\/www.mobilier-design-occasion.fr\/magazine\/wp-content\/uploads\/2022\/05\/table-rectangulaire-monceau-romarin_madeindesign_313195_original-300x183.jpg 300w, https:\/\/www.mobilier-design-occasion.fr\/magazine\/wp-content\/uploads\/2022\/05\/table-rectangulaire-monceau-romarin_madeindesign_313195_original-768x468.jpg 768w, https:\/\/www.mobilier-design-occasion.fr\/magazine\/wp-content\/uploads\/2022\/05\/table-rectangulaire-monceau-romarin_madeindesign_313195_original-810x494.jpg 810w, https:\/\/www.mobilier-design-occasion.fr\/magazine\/wp-content\/uploads\/2022\/05\/table-rectangulaire-monceau-romarin_madeindesign_313195_original.jpg 1032w\" sizes=\"auto, (max-width: 810px) 100vw, 810px\">\t\t\t\t\t\t\t\t<\/a><br \/>\n<a href=\"https:\/\/c3po.link\/Q9TxXRwxBg\"><br \/>\n<img decoding=\"async\" width=\"810\" height=\"672\" src=\"https:\/\/www.mobilier-design-occasion.fr\/magazine\/wp-content\/uploads\/2022\/05\/table-pliante-bistro-bleu-acapulco_madeindesign_312654_original-1024x849.jpg\" alt=\"\" loading=\"lazy\" srcset=\"https:\/\/www.mobilier-design-occasion.fr\/magazine\/wp-content\/uploads\/2022\/05\/table-pliante-bistro-bleu-acapulco_madeindesign_312654_original-1024x849.jpg 1024w, https:\/\/www.mobilier-design-occasion.fr\/magazine\/wp-content\/uploads\/2022\/05\/table-pliante-bistro-bleu-acapulco_madeindesign_312654_original-300x249.jpg 300w, https:\/\/www.mobilier-design-occasion.fr\/magazine\/wp-content\/uploads\/2022\/05\/table-pliante-bistro-bleu-acapulco_madeindesign_312654_original-768x637.jpg 768w, https:\/\/www.mobilier-design-occasion.fr\/magazine\/wp-content\/uploads\/2022\/05\/table-pliante-bistro-bleu-acapulco_madeindesign_312654_original-1536x1274.jpg 1536w, https:\/\/www.mobilier-design-occasion.fr\/magazine\/wp-content\/uploads\/2022\/05\/table-pliante-bistro-bleu-acapulco_madeindesign_312654_original-2048x1698.jpg 2048w, https:\/\/www.mobilier-design-occasion.fr\/magazine\/wp-content\/uploads\/2022\/05\/table-pliante-bistro-bleu-acapulco_madeindesign_312654_original-810x672.jpg 810w, https:\/\/www.mobilier-design-occasion.fr\/magazine\/wp-content\/uploads\/2022\/05\/table-pliante-bistro-bleu-acapulco_madeindesign_312654_original-1140x945.jpg 1140w\" sizes=\"auto, (max-width: 810px) 100vw, 810px\">\t\t\t\t\t\t\t\t<\/a><br \/>\n<a href=\"https:\/\/c3po.link\/QCfxksrUKt\" role=\"button\"><br \/>\nVoir la table Monceau<br \/>\n<\/a><br \/>\n<a href=\"https:\/\/c3po.link\/Q9TxXRwxBg\" role=\"button\"><br \/>\nVoir la table pliante Bistro<br \/>\n<\/a><br \/>\n<a href=\"https:\/\/c3po.link\/QZ3XFVPvtT\"><br \/>\n<img decoding=\"async\" width=\"810\" height=\"478\" src=\"https:\/\/www.mobilier-design-occasion.fr\/magazine\/wp-content\/uploads\/2022\/05\/table-rectangulaire-bellevie-reglisse_madeindesign_167850_original-1024x604.jpg\" alt=\"\" loading=\"lazy\" srcset=\"https:\/\/www.mobilier-design-occasion.fr\/magazine\/wp-content\/uploads\/2022\/05\/table-rectangulaire-bellevie-reglisse_madeindesign_167850_original-1024x604.jpg 1024w, https:\/\/www.mobilier-design-occasion.fr\/magazine\/wp-content\/uploads\/2022\/05\/table-rectangulaire-bellevie-reglisse_madeindesign_167850_original-300x177.jpg 300w, https:\/\/www.mobilier-design-occasion.fr\/magazine\/wp-content\/uploads\/2022\/05\/table-rectangulaire-bellevie-reglisse_madeindesign_167850_original-768x453.jpg 768w, https:\/\/www.mobilier-design-occasion.fr\/magazine\/wp-content\/uploads\/2022\/05\/table-rectangulaire-bellevie-reglisse_madeindesign_167850_original-1536x906.jpg 1536w, https:\/\/www.mobilier-design-occasion.fr\/magazine\/wp-content\/uploads\/2022\/05\/table-rectangulaire-bellevie-reglisse_madeindesign_167850_original-2048x1208.jpg 2048w, https:\/\/www.mobilier-design-occasion.fr\/magazine\/wp-content\/uploads\/2022\/05\/table-rectangulaire-bellevie-reglisse_madeindesign_167850_original-810x478.jpg 810w, https:\/\/www.mobilier-design-occasion.fr\/magazine\/wp-content\/uploads\/2022\/05\/table-rectangulaire-bellevie-reglisse_madeindesign_167850_original-1140x672.jpg 1140w\" sizes=\"auto, (max-width: 810px) 100vw, 810px\">\t\t\t\t\t\t\t\t<\/a><br \/>\n<a href=\"https:\/\/c3po.link\/QWtm7Mdr5t\"><br \/>\n<img decoding=\"async\" width=\"810\" height=\"810\" src=\"https:\/\/www.mobilier-design-occasion.fr\/magazine\/wp-content\/uploads\/2022\/05\/table-rectangulaire-luxembourg-menthe-glaciale_madeindesign_334518_original-1024x1024.jpg\" alt=\"\" loading=\"lazy\" srcset=\"https:\/\/www.mobilier-design-occasion.fr\/magazine\/wp-content\/uploads\/2022\/05\/table-rectangulaire-luxembourg-menthe-glaciale_madeindesign_334518_original-1024x1024.jpg 1024w, https:\/\/www.mobilier-design-occasion.fr\/magazine\/wp-content\/uploads\/2022\/05\/table-rectangulaire-luxembourg-menthe-glaciale_madeindesign_334518_original-300x300.jpg 300w, https:\/\/www.mobilier-design-occasion.fr\/magazine\/wp-content\/uploads\/2022\/05\/table-rectangulaire-luxembourg-menthe-glaciale_madeindesign_334518_original-150x150.jpg 150w, https:\/\/www.mobilier-design-occasion.fr\/magazine\/wp-content\/uploads\/2022\/05\/table-rectangulaire-luxembourg-menthe-glaciale_madeindesign_334518_original-768x768.jpg 768w, https:\/\/www.mobilier-design-occasion.fr\/magazine\/wp-content\/uploads\/2022\/05\/table-rectangulaire-luxembourg-menthe-glaciale_madeindesign_334518_original-1536x1536.jpg 1536w, https:\/\/www.mobilier-design-occasion.fr\/magazine\/wp-content\/uploads\/2022\/05\/table-rectangulaire-luxembourg-menthe-glaciale_madeindesign_334518_original-2048x2048.jpg 2048w, https:\/\/www.mobilier-design-occasion.fr\/magazine\/wp-content\/uploads\/2022\/05\/table-rectangulaire-luxembourg-menthe-glaciale_madeindesign_334518_original-810x810.jpg 810w, https:\/\/www.mobilier-design-occasion.fr\/magazine\/wp-content\/uploads\/2022\/05\/table-rectangulaire-luxembourg-menthe-glaciale_madeindesign_334518_original-1140x1140.jpg 1140w\" sizes=\"auto, (max-width: 810px) 100vw, 810px\">\t\t\t\t\t\t\t\t<\/a><br \/>\n<a href=\"https:\/\/c3po.link\/QZ3XFVPvtT\" role=\"button\"><br \/>\nVoir la table Bellevie<br \/>\n<\/a><br \/>\n<a href=\"https:\/\/c3po.link\/QWtm7Mdr5t\" role=\"button\"><br \/>\nVoir la table<br \/>\n<\/a><br \/>\n<a href=\"https:\/\/c3po.link\/QPft3rN3zQ\"><br \/>\n<img decoding=\"async\" width=\"810\" height=\"297\" src=\"https:\/\/www.mobilier-design-occasion.fr\/magazine\/wp-content\/uploads\/2022\/05\/table-a-rallonge-ribambelle-xl-bleu-abysse_madeindesign_294063_original-1024x375.jpg\" alt=\"\" loading=\"lazy\" srcset=\"https:\/\/www.mobilier-design-occasion.fr\/magazine\/wp-content\/uploads\/2022\/05\/table-a-rallonge-ribambelle-xl-bleu-abysse_madeindesign_294063_original-1024x375.jpg 1024w, https:\/\/www.mobilier-design-occasion.fr\/magazine\/wp-content\/uploads\/2022\/05\/table-a-rallonge-ribambelle-xl-bleu-abysse_madeindesign_294063_original-300x110.jpg 300w, https:\/\/www.mobilier-design-occasion.fr\/magazine\/wp-content\/uploads\/2022\/05\/table-a-rallonge-ribambelle-xl-bleu-abysse_madeindesign_294063_original-768x281.jpg 768w, https:\/\/www.mobilier-design-occasion.fr\/magazine\/wp-content\/uploads\/2022\/05\/table-a-rallonge-ribambelle-xl-bleu-abysse_madeindesign_294063_original-1536x562.jpg 1536w, https:\/\/www.mobilier-design-occasion.fr\/magazine\/wp-content\/uploads\/2022\/05\/table-a-rallonge-ribambelle-xl-bleu-abysse_madeindesign_294063_original-2048x750.jpg 2048w, https:\/\/www.mobilier-design-occasion.fr\/magazine\/wp-content\/uploads\/2022\/05\/table-a-rallonge-ribambelle-xl-bleu-abysse_madeindesign_294063_original-810x297.jpg 810w, https:\/\/www.mobilier-design-occasion.fr\/magazine\/wp-content\/uploads\/2022\/05\/table-a-rallonge-ribambelle-xl-bleu-abysse_madeindesign_294063_original-1140x417.jpg 1140w\" sizes=\"auto, (max-width: 810px) 100vw, 810px\">\t\t\t\t\t\t\t\t<\/a><br \/>\n<a href=\"https:\/\/c3po.link\/Q9nXjkNh8B\"><br \/>\n<img decoding=\"async\" width=\"810\" height=\"661\" src=\"https:\/\/www.mobilier-design-occasion.fr\/magazine\/wp-content\/uploads\/2022\/05\/table-enfant-luxembourg-kid-cactus_madeindesign_268441_original.jpg\" alt=\"\" loading=\"lazy\" srcset=\"https:\/\/www.mobilier-design-occasion.fr\/magazine\/wp-content\/uploads\/2022\/05\/table-enfant-luxembourg-kid-cactus_madeindesign_268441_original.jpg 858w, https:\/\/www.mobilier-design-occasion.fr\/magazine\/wp-content\/uploads\/2022\/05\/table-enfant-luxembourg-kid-cactus_madeindesign_268441_original-300x245.jpg 300w, https:\/\/www.mobilier-design-occasion.fr\/magazine\/wp-content\/uploads\/2022\/05\/table-enfant-luxembourg-kid-cactus_madeindesign_268441_original-768x627.jpg 768w, https:\/\/www.mobilier-design-occasion.fr\/magazine\/wp-content\/uploads\/2022\/05\/table-enfant-luxembourg-kid-cactus_madeindesign_268441_original-810x661.jpg 810w\" sizes=\"auto, (max-width: 810px) 100vw, 810px\">\t\t\t\t\t\t\t\t<\/a><br \/>\n<a href=\"https:\/\/c3po.link\/QPft3rN3zQ\" role=\"button\"><br \/>\nVoir la table Ribambelle<br \/>\n<\/a><br \/>\n<a href=\"https:\/\/c3po.link\/Q9nXjkNh8B\" role=\"button\"><br \/>\nVoir la table enfant Luxembourg<br \/>\n<\/a><\/p>\n<h2><span class=\"ez-toc-section\" id=\"Chaise_Fermob\"><\/span>Chaise Fermob<span class=\"ez-toc-section-end\"><\/span><\/h2>\n<p><a href=\"https:\/\/c3po.link\/QPmpC34jzn\"><br \/>\n<img decoding=\"async\" width=\"810\" height=\"616\" src=\"https:\/\/www.mobilier-design-occasion.fr\/magazine\/wp-content\/uploads\/2022\/05\/chaise-empilable-luxembourg-romarin_madeindesign_251500_original.jpg\" alt=\"\" loading=\"lazy\" srcset=\"https:\/\/www.mobilier-design-occasion.fr\/magazine\/wp-content\/uploads\/2022\/05\/chaise-empilable-luxembourg-romarin_madeindesign_251500_original.jpg 1000w, https:\/\/www.mobilier-design-occasion.fr\/magazine\/wp-content\/uploads\/2022\/05\/chaise-empilable-luxembourg-romarin_madeindesign_251500_original-300x228.jpg 300w, https:\/\/www.mobilier-design-occasion.fr\/magazine\/wp-content\/uploads\/2022\/05\/chaise-empilable-luxembourg-romarin_madeindesign_251500_original-768x584.jpg 768w, https:\/\/www.mobilier-design-occasion.fr\/magazine\/wp-content\/uploads\/2022\/05\/chaise-empilable-luxembourg-romarin_madeindesign_251500_original-810x616.jpg 810w\" sizes=\"auto, (max-width: 810px) 100vw, 810px\">\t\t\t\t\t\t\t\t<\/a><\/p>\n<p>Je pense que la chaise Luxembourg de chez Fermob et la pi\u00e8ce que tout le monde conna\u00eet \ud83d\ude42 V\u00e9ritable best-seller de la marque depuis des ann\u00e9es, elle se d\u00e9cline en de nombreux coloris pour s&#8217;adapter \u00e0 toutes les terrasses et jardins. Le confort est incroyable et le fait qu&#8217;elles soient empilables bien pratique.&nbsp;<\/p>\n<p>Envie d&#8217;originalit\u00e9? De nombreux autres mod\u00e8les sont \u00e9galement disponibles dans la collection. De quoi ravir les fans de design contemporain!&nbsp;<\/p>\n<p><a href=\"https:\/\/c3po.link\/QyHccf3rAQ\"><br \/>\n<img decoding=\"async\" width=\"731\" height=\"1024\" src=\"https:\/\/www.mobilier-design-occasion.fr\/magazine\/wp-content\/uploads\/2022\/05\/chaise-empilable-luxembourg-romarin_madeindesign_250331_original-731x1024.jpg\" alt=\"\" loading=\"lazy\" srcset=\"https:\/\/www.mobilier-design-occasion.fr\/magazine\/wp-content\/uploads\/2022\/05\/chaise-empilable-luxembourg-romarin_madeindesign_250331_original-731x1024.jpg 731w, https:\/\/www.mobilier-design-occasion.fr\/magazine\/wp-content\/uploads\/2022\/05\/chaise-empilable-luxembourg-romarin_madeindesign_250331_original-214x300.jpg 214w, https:\/\/www.mobilier-design-occasion.fr\/magazine\/wp-content\/uploads\/2022\/05\/chaise-empilable-luxembourg-romarin_madeindesign_250331_original-768x1076.jpg 768w, https:\/\/www.mobilier-design-occasion.fr\/magazine\/wp-content\/uploads\/2022\/05\/chaise-empilable-luxembourg-romarin_madeindesign_250331_original-1097x1536.jpg 1097w, https:\/\/www.mobilier-design-occasion.fr\/magazine\/wp-content\/uploads\/2022\/05\/chaise-empilable-luxembourg-romarin_madeindesign_250331_original-1462x2048.jpg 1462w, https:\/\/www.mobilier-design-occasion.fr\/magazine\/wp-content\/uploads\/2022\/05\/chaise-empilable-luxembourg-romarin_madeindesign_250331_original-810x1134.jpg 810w, https:\/\/www.mobilier-design-occasion.fr\/magazine\/wp-content\/uploads\/2022\/05\/chaise-empilable-luxembourg-romarin_madeindesign_250331_original-1140x1597.jpg 1140w, https:\/\/www.mobilier-design-occasion.fr\/magazine\/wp-content\/uploads\/2022\/05\/chaise-empilable-luxembourg-romarin_madeindesign_250331_original-scaled.jpg 1828w\" sizes=\"auto, (max-width: 731px) 100vw, 731px\">\t\t\t\t\t\t\t\t<\/a><br \/>\n<a href=\"https:\/\/c3po.link\/QuW7KBt5JD\"><br \/>\n<img decoding=\"async\" width=\"779\" height=\"1024\" src=\"https:\/\/www.mobilier-design-occasion.fr\/magazine\/wp-content\/uploads\/2022\/05\/chaise-empilable-luxembourg-ocre-rouge_madeindesign_312751_original-779x1024.jpg\" alt=\"\" loading=\"lazy\" srcset=\"https:\/\/www.mobilier-design-occasion.fr\/magazine\/wp-content\/uploads\/2022\/05\/chaise-empilable-luxembourg-ocre-rouge_madeindesign_312751_original-779x1024.jpg 779w, https:\/\/www.mobilier-design-occasion.fr\/magazine\/wp-content\/uploads\/2022\/05\/chaise-empilable-luxembourg-ocre-rouge_madeindesign_312751_original-228x300.jpg 228w, https:\/\/www.mobilier-design-occasion.fr\/magazine\/wp-content\/uploads\/2022\/05\/chaise-empilable-luxembourg-ocre-rouge_madeindesign_312751_original-768x1009.jpg 768w, https:\/\/www.mobilier-design-occasion.fr\/magazine\/wp-content\/uploads\/2022\/05\/chaise-empilable-luxembourg-ocre-rouge_madeindesign_312751_original-1169x1536.jpg 1169w, https:\/\/www.mobilier-design-occasion.fr\/magazine\/wp-content\/uploads\/2022\/05\/chaise-empilable-luxembourg-ocre-rouge_madeindesign_312751_original-1559x2048.jpg 1559w, https:\/\/www.mobilier-design-occasion.fr\/magazine\/wp-content\/uploads\/2022\/05\/chaise-empilable-luxembourg-ocre-rouge_madeindesign_312751_original-810x1064.jpg 810w, https:\/\/www.mobilier-design-occasion.fr\/magazine\/wp-content\/uploads\/2022\/05\/chaise-empilable-luxembourg-ocre-rouge_madeindesign_312751_original-1140x1498.jpg 1140w, https:\/\/www.mobilier-design-occasion.fr\/magazine\/wp-content\/uploads\/2022\/05\/chaise-empilable-luxembourg-ocre-rouge_madeindesign_312751_original-scaled.jpg 1948w\" sizes=\"auto, (max-width: 779px) 100vw, 779px\">\t\t\t\t\t\t\t\t<\/a><br \/>\n<a href=\"https:\/\/c3po.link\/QyHccf3rAQ\" role=\"button\"><br \/>\nVoir la chaise  Luxembourg &#8211; Romarin<br \/>\n<\/a><br \/>\n<a href=\"https:\/\/c3po.link\/QuW7KBt5JD\" role=\"button\"><br \/>\nVoir la chaise Luxembourg &#8211; Rouge<br \/>\n<\/a><br \/>\n<a href=\"https:\/\/c3po.link\/Qwfe3R7R3r\"><br \/>\n<img decoding=\"async\" width=\"779\" height=\"1024\" src=\"https:\/\/www.mobilier-design-occasion.fr\/magazine\/wp-content\/uploads\/2022\/05\/chaise-empilable-luxembourg-bleu-acapulco_madeindesign_312758_original-779x1024.jpg\" alt=\"\" loading=\"lazy\" srcset=\"https:\/\/www.mobilier-design-occasion.fr\/magazine\/wp-content\/uploads\/2022\/05\/chaise-empilable-luxembourg-bleu-acapulco_madeindesign_312758_original-779x1024.jpg 779w, https:\/\/www.mobilier-design-occasion.fr\/magazine\/wp-content\/uploads\/2022\/05\/chaise-empilable-luxembourg-bleu-acapulco_madeindesign_312758_original-228x300.jpg 228w, https:\/\/www.mobilier-design-occasion.fr\/magazine\/wp-content\/uploads\/2022\/05\/chaise-empilable-luxembourg-bleu-acapulco_madeindesign_312758_original-768x1009.jpg 768w, https:\/\/www.mobilier-design-occasion.fr\/magazine\/wp-content\/uploads\/2022\/05\/chaise-empilable-luxembourg-bleu-acapulco_madeindesign_312758_original-1169x1536.jpg 1169w, https:\/\/www.mobilier-design-occasion.fr\/magazine\/wp-content\/uploads\/2022\/05\/chaise-empilable-luxembourg-bleu-acapulco_madeindesign_312758_original-1559x2048.jpg 1559w, https:\/\/www.mobilier-design-occasion.fr\/magazine\/wp-content\/uploads\/2022\/05\/chaise-empilable-luxembourg-bleu-acapulco_madeindesign_312758_original-810x1064.jpg 810w, https:\/\/www.mobilier-design-occasion.fr\/magazine\/wp-content\/uploads\/2022\/05\/chaise-empilable-luxembourg-bleu-acapulco_madeindesign_312758_original-1140x1498.jpg 1140w, https:\/\/www.mobilier-design-occasion.fr\/magazine\/wp-content\/uploads\/2022\/05\/chaise-empilable-luxembourg-bleu-acapulco_madeindesign_312758_original-scaled.jpg 1948w\" sizes=\"auto, (max-width: 779px) 100vw, 779px\">\t\t\t\t\t\t\t\t<\/a><br \/>\n<a href=\"https:\/\/c3po.link\/Q94scsugBT\"><br \/>\n<img decoding=\"async\" width=\"722\" height=\"1024\" src=\"https:\/\/www.mobilier-design-occasion.fr\/magazine\/wp-content\/uploads\/2022\/05\/chaise-empilable-luxembourg-muscade_madeindesign_1566_original-722x1024.jpg\" alt=\"\" loading=\"lazy\" srcset=\"https:\/\/www.mobilier-design-occasion.fr\/magazine\/wp-content\/uploads\/2022\/05\/chaise-empilable-luxembourg-muscade_madeindesign_1566_original-722x1024.jpg 722w, https:\/\/www.mobilier-design-occasion.fr\/magazine\/wp-content\/uploads\/2022\/05\/chaise-empilable-luxembourg-muscade_madeindesign_1566_original-212x300.jpg 212w, https:\/\/www.mobilier-design-occasion.fr\/magazine\/wp-content\/uploads\/2022\/05\/chaise-empilable-luxembourg-muscade_madeindesign_1566_original-768x1089.jpg 768w, https:\/\/www.mobilier-design-occasion.fr\/magazine\/wp-content\/uploads\/2022\/05\/chaise-empilable-luxembourg-muscade_madeindesign_1566_original-1083x1536.jpg 1083w, https:\/\/www.mobilier-design-occasion.fr\/magazine\/wp-content\/uploads\/2022\/05\/chaise-empilable-luxembourg-muscade_madeindesign_1566_original-1444x2048.jpg 1444w, https:\/\/www.mobilier-design-occasion.fr\/magazine\/wp-content\/uploads\/2022\/05\/chaise-empilable-luxembourg-muscade_madeindesign_1566_original-810x1148.jpg 810w, https:\/\/www.mobilier-design-occasion.fr\/magazine\/wp-content\/uploads\/2022\/05\/chaise-empilable-luxembourg-muscade_madeindesign_1566_original-1140x1616.jpg 1140w, https:\/\/www.mobilier-design-occasion.fr\/magazine\/wp-content\/uploads\/2022\/05\/chaise-empilable-luxembourg-muscade_madeindesign_1566_original-scaled.jpg 1806w\" sizes=\"auto, (max-width: 722px) 100vw, 722px\">\t\t\t\t\t\t\t\t<\/a><br \/>\n<a href=\"https:\/\/c3po.link\/Qwfe3R7R3r\" role=\"button\"><br \/>\nVoir la chaise Luxembourg &#8211; Bleu Acapulco<br \/>\n<\/a><br \/>\n<a href=\"https:\/\/c3po.link\/Q94scsugBT\" role=\"button\"><br \/>\nVoir la chaise Luxembourg &#8211; Muscade<br \/>\n<\/a><br \/>\n<a href=\"https:\/\/c3po.link\/QC7mXTUujz\"><br \/>\n<img decoding=\"async\" width=\"768\" height=\"1024\" src=\"https:\/\/www.mobilier-design-occasion.fr\/magazine\/wp-content\/uploads\/2022\/05\/chaise-empilable-luxembourg-gris-metal_madeindesign_106593_original-768x1024.jpg\" alt=\"\" loading=\"lazy\" srcset=\"https:\/\/www.mobilier-design-occasion.fr\/magazine\/wp-content\/uploads\/2022\/05\/chaise-empilable-luxembourg-gris-metal_madeindesign_106593_original-768x1024.jpg 768w, https:\/\/www.mobilier-design-occasion.fr\/magazine\/wp-content\/uploads\/2022\/05\/chaise-empilable-luxembourg-gris-metal_madeindesign_106593_original-225x300.jpg 225w, https:\/\/www.mobilier-design-occasion.fr\/magazine\/wp-content\/uploads\/2022\/05\/chaise-empilable-luxembourg-gris-metal_madeindesign_106593_original-1152x1536.jpg 1152w, https:\/\/www.mobilier-design-occasion.fr\/magazine\/wp-content\/uploads\/2022\/05\/chaise-empilable-luxembourg-gris-metal_madeindesign_106593_original-1536x2048.jpg 1536w, https:\/\/www.mobilier-design-occasion.fr\/magazine\/wp-content\/uploads\/2022\/05\/chaise-empilable-luxembourg-gris-metal_madeindesign_106593_original-810x1080.jpg 810w, https:\/\/www.mobilier-design-occasion.fr\/magazine\/wp-content\/uploads\/2022\/05\/chaise-empilable-luxembourg-gris-metal_madeindesign_106593_original-1140x1520.jpg 1140w, https:\/\/www.mobilier-design-occasion.fr\/magazine\/wp-content\/uploads\/2022\/05\/chaise-empilable-luxembourg-gris-metal_madeindesign_106593_original-scaled.jpg 1920w\" sizes=\"auto, (max-width: 768px) 100vw, 768px\">\t\t\t\t\t\t\t\t<\/a><br \/>\n<a href=\"https:\/\/c3po.link\/QJnfjF93h2\"><br \/>\n<img decoding=\"async\" width=\"768\" height=\"1024\" src=\"https:\/\/www.mobilier-design-occasion.fr\/magazine\/wp-content\/uploads\/2022\/05\/chaise-empilable-luxembourg-reglisse_madeindesign_168814_original-768x1024.jpg\" alt=\"\" loading=\"lazy\" srcset=\"https:\/\/www.mobilier-design-occasion.fr\/magazine\/wp-content\/uploads\/2022\/05\/chaise-empilable-luxembourg-reglisse_madeindesign_168814_original-768x1024.jpg 768w, https:\/\/www.mobilier-design-occasion.fr\/magazine\/wp-content\/uploads\/2022\/05\/chaise-empilable-luxembourg-reglisse_madeindesign_168814_original-225x300.jpg 225w, https:\/\/www.mobilier-design-occasion.fr\/magazine\/wp-content\/uploads\/2022\/05\/chaise-empilable-luxembourg-reglisse_madeindesign_168814_original-1152x1536.jpg 1152w, https:\/\/www.mobilier-design-occasion.fr\/magazine\/wp-content\/uploads\/2022\/05\/chaise-empilable-luxembourg-reglisse_madeindesign_168814_original-1536x2048.jpg 1536w, https:\/\/www.mobilier-design-occasion.fr\/magazine\/wp-content\/uploads\/2022\/05\/chaise-empilable-luxembourg-reglisse_madeindesign_168814_original-810x1080.jpg 810w, https:\/\/www.mobilier-design-occasion.fr\/magazine\/wp-content\/uploads\/2022\/05\/chaise-empilable-luxembourg-reglisse_madeindesign_168814_original-1140x1520.jpg 1140w, https:\/\/www.mobilier-design-occasion.fr\/magazine\/wp-content\/uploads\/2022\/05\/chaise-empilable-luxembourg-reglisse_madeindesign_168814_original-scaled.jpg 1920w\" sizes=\"auto, (max-width: 768px) 100vw, 768px\">\t\t\t\t\t\t\t\t<\/a><br \/>\n<a href=\"https:\/\/c3po.link\/QC7mXTUujz\" role=\"button\"><br \/>\nVoir la chaise Luxembourg &#8211; Gris m\u00e9tal<br \/>\n<\/a><br \/>\n<a href=\"https:\/\/c3po.link\/QJnfjF93h2\" role=\"button\"><br \/>\nVoir la chaise Luxembourg &#8211; Noir r\u00e9glisse<br \/>\n<\/a><br \/>\n<a href=\"https:\/\/c3po.link\/QP2Bq49zb6\"><br \/>\n<img decoding=\"async\" width=\"810\" height=\"616\" src=\"https:\/\/www.mobilier-design-occasion.fr\/magazine\/wp-content\/uploads\/2022\/05\/chaise-pliante-bistro-reglisse_madeindesign_178225_original.jpg\" alt=\"\" loading=\"lazy\" srcset=\"https:\/\/www.mobilier-design-occasion.fr\/magazine\/wp-content\/uploads\/2022\/05\/chaise-pliante-bistro-reglisse_madeindesign_178225_original.jpg 1000w, https:\/\/www.mobilier-design-occasion.fr\/magazine\/wp-content\/uploads\/2022\/05\/chaise-pliante-bistro-reglisse_madeindesign_178225_original-300x228.jpg 300w, https:\/\/www.mobilier-design-occasion.fr\/magazine\/wp-content\/uploads\/2022\/05\/chaise-pliante-bistro-reglisse_madeindesign_178225_original-768x584.jpg 768w, https:\/\/www.mobilier-design-occasion.fr\/magazine\/wp-content\/uploads\/2022\/05\/chaise-pliante-bistro-reglisse_madeindesign_178225_original-810x616.jpg 810w\" sizes=\"auto, (max-width: 810px) 100vw, 810px\">\t\t\t\t\t\t\t\t<\/a><br \/>\n<a href=\"https:\/\/c3po.link\/QthCWNxzKr\"><br \/>\n<img decoding=\"async\" width=\"700\" height=\"1024\" src=\"https:\/\/www.mobilier-design-occasion.fr\/magazine\/wp-content\/uploads\/2022\/05\/chaise-pliante-bistro-miel_madeindesign_213881_original-700x1024.jpg\" alt=\"\" loading=\"lazy\" srcset=\"https:\/\/www.mobilier-design-occasion.fr\/magazine\/wp-content\/uploads\/2022\/05\/chaise-pliante-bistro-miel_madeindesign_213881_original-700x1024.jpg 700w, https:\/\/www.mobilier-design-occasion.fr\/magazine\/wp-content\/uploads\/2022\/05\/chaise-pliante-bistro-miel_madeindesign_213881_original-205x300.jpg 205w, https:\/\/www.mobilier-design-occasion.fr\/magazine\/wp-content\/uploads\/2022\/05\/chaise-pliante-bistro-miel_madeindesign_213881_original-768x1124.jpg 768w, https:\/\/www.mobilier-design-occasion.fr\/magazine\/wp-content\/uploads\/2022\/05\/chaise-pliante-bistro-miel_madeindesign_213881_original-1050x1536.jpg 1050w, https:\/\/www.mobilier-design-occasion.fr\/magazine\/wp-content\/uploads\/2022\/05\/chaise-pliante-bistro-miel_madeindesign_213881_original-1400x2048.jpg 1400w, https:\/\/www.mobilier-design-occasion.fr\/magazine\/wp-content\/uploads\/2022\/05\/chaise-pliante-bistro-miel_madeindesign_213881_original-810x1185.jpg 810w, https:\/\/www.mobilier-design-occasion.fr\/magazine\/wp-content\/uploads\/2022\/05\/chaise-pliante-bistro-miel_madeindesign_213881_original-1140x1668.jpg 1140w, https:\/\/www.mobilier-design-occasion.fr\/magazine\/wp-content\/uploads\/2022\/05\/chaise-pliante-bistro-miel_madeindesign_213881_original.jpg 1417w\" sizes=\"auto, (max-width: 700px) 100vw, 700px\">\t\t\t\t\t\t\t\t<\/a><br \/>\n<a href=\"https:\/\/c3po.link\/QxFvCfsFtQ\"><br \/>\n<img decoding=\"async\" width=\"645\" height=\"761\" src=\"https:\/\/www.mobilier-design-occasion.fr\/magazine\/wp-content\/uploads\/2022\/05\/chaise-pliante-bistro-cedre_madeindesign_178116_original.jpg\" alt=\"\" loading=\"lazy\" srcset=\"https:\/\/www.mobilier-design-occasion.fr\/magazine\/wp-content\/uploads\/2022\/05\/chaise-pliante-bistro-cedre_madeindesign_178116_original.jpg 645w, https:\/\/www.mobilier-design-occasion.fr\/magazine\/wp-content\/uploads\/2022\/05\/chaise-pliante-bistro-cedre_madeindesign_178116_original-254x300.jpg 254w\" sizes=\"auto, (max-width: 645px) 100vw, 645px\">\t\t\t\t\t\t\t\t<\/a><br \/>\n<a href=\"https:\/\/c3po.link\/QthCWNxzKr\" role=\"button\"><br \/>\nVoir chaise pliante Bistro<br \/>\n<\/a><br \/>\n<a href=\"https:\/\/c3po.link\/QxFvCfsFtQ\" role=\"button\"><br \/>\nVoir chaise pliante Bistro<br \/>\n<\/a><br \/>\n<a href=\"https:\/\/c3po.link\/QhJK77Jx9t\"><br \/>\n<img decoding=\"async\" width=\"622\" height=\"761\" src=\"https:\/\/www.mobilier-design-occasion.fr\/magazine\/wp-content\/uploads\/2022\/05\/chaise-pliante-bistro-paprika_madeindesign_178128_original.jpg\" alt=\"\" loading=\"lazy\" srcset=\"https:\/\/www.mobilier-design-occasion.fr\/magazine\/wp-content\/uploads\/2022\/05\/chaise-pliante-bistro-paprika_madeindesign_178128_original.jpg 622w, https:\/\/www.mobilier-design-occasion.fr\/magazine\/wp-content\/uploads\/2022\/05\/chaise-pliante-bistro-paprika_madeindesign_178128_original-245x300.jpg 245w\" sizes=\"auto, (max-width: 622px) 100vw, 622px\">\t\t\t\t\t\t\t\t<\/a><br \/>\n<a href=\"https:\/\/c3po.link\/QxYUZFndMr\"><br \/>\n<img decoding=\"async\" width=\"644\" height=\"761\" src=\"https:\/\/www.mobilier-design-occasion.fr\/magazine\/wp-content\/uploads\/2022\/05\/chaise-pliante-bistro-reglisse_madeindesign_178223_original.jpg\" alt=\"\" loading=\"lazy\" srcset=\"https:\/\/www.mobilier-design-occasion.fr\/magazine\/wp-content\/uploads\/2022\/05\/chaise-pliante-bistro-reglisse_madeindesign_178223_original.jpg 644w, https:\/\/www.mobilier-design-occasion.fr\/magazine\/wp-content\/uploads\/2022\/05\/chaise-pliante-bistro-reglisse_madeindesign_178223_original-254x300.jpg 254w\" sizes=\"auto, (max-width: 644px) 100vw, 644px\">\t\t\t\t\t\t\t\t<\/a><br \/>\n<a href=\"https:\/\/c3po.link\/QhJK77Jx9t\" role=\"button\"><br \/>\nVoir chaise pliante Bistro<br \/>\n<\/a><br \/>\n<a href=\"https:\/\/c3po.link\/QxYUZFndMr\" role=\"button\"><br \/>\nVoir chaise pliante Bistro<br \/>\n<\/a><br \/>\n<a href=\"https:\/\/c3po.link\/Qx6tWEAYPd\"><br \/>\n<img decoding=\"async\" width=\"810\" height=\"616\" src=\"https:\/\/www.mobilier-design-occasion.fr\/magazine\/wp-content\/uploads\/2022\/05\/chaise-empilable-costa-rouille_madeindesign_214668_original.jpg\" alt=\"\" loading=\"lazy\" srcset=\"https:\/\/www.mobilier-design-occasion.fr\/magazine\/wp-content\/uploads\/2022\/05\/chaise-empilable-costa-rouille_madeindesign_214668_original.jpg 1000w, https:\/\/www.mobilier-design-occasion.fr\/magazine\/wp-content\/uploads\/2022\/05\/chaise-empilable-costa-rouille_madeindesign_214668_original-300x228.jpg 300w, https:\/\/www.mobilier-design-occasion.fr\/magazine\/wp-content\/uploads\/2022\/05\/chaise-empilable-costa-rouille_madeindesign_214668_original-768x584.jpg 768w, https:\/\/www.mobilier-design-occasion.fr\/magazine\/wp-content\/uploads\/2022\/05\/chaise-empilable-costa-rouille_madeindesign_214668_original-810x616.jpg 810w\" sizes=\"auto, (max-width: 810px) 100vw, 810px\">\t\t\t\t\t\t\t\t<\/a><br \/>\n<a href=\"https:\/\/c3po.link\/QPntHFbH7p\"><br \/>\n<img decoding=\"async\" width=\"733\" height=\"1024\" src=\"https:\/\/www.mobilier-design-occasion.fr\/magazine\/wp-content\/uploads\/2022\/05\/chaise-empilable-costa-rouille_madeindesign_214094_original-733x1024.jpg\" alt=\"\" loading=\"lazy\" srcset=\"https:\/\/www.mobilier-design-occasion.fr\/magazine\/wp-content\/uploads\/2022\/05\/chaise-empilable-costa-rouille_madeindesign_214094_original-733x1024.jpg 733w, https:\/\/www.mobilier-design-occasion.fr\/magazine\/wp-content\/uploads\/2022\/05\/chaise-empilable-costa-rouille_madeindesign_214094_original-215x300.jpg 215w, https:\/\/www.mobilier-design-occasion.fr\/magazine\/wp-content\/uploads\/2022\/05\/chaise-empilable-costa-rouille_madeindesign_214094_original-768x1073.jpg 768w, https:\/\/www.mobilier-design-occasion.fr\/magazine\/wp-content\/uploads\/2022\/05\/chaise-empilable-costa-rouille_madeindesign_214094_original-1099x1536.jpg 1099w, https:\/\/www.mobilier-design-occasion.fr\/magazine\/wp-content\/uploads\/2022\/05\/chaise-empilable-costa-rouille_madeindesign_214094_original-1466x2048.jpg 1466w, https:\/\/www.mobilier-design-occasion.fr\/magazine\/wp-content\/uploads\/2022\/05\/chaise-empilable-costa-rouille_madeindesign_214094_original-810x1132.jpg 810w, https:\/\/www.mobilier-design-occasion.fr\/magazine\/wp-content\/uploads\/2022\/05\/chaise-empilable-costa-rouille_madeindesign_214094_original-1140x1593.jpg 1140w, https:\/\/www.mobilier-design-occasion.fr\/magazine\/wp-content\/uploads\/2022\/05\/chaise-empilable-costa-rouille_madeindesign_214094_original-scaled.jpg 1832w\" sizes=\"auto, (max-width: 733px) 100vw, 733px\">\t\t\t\t\t\t\t\t<\/a><br \/>\n<a href=\"https:\/\/c3po.link\/QJQ7TY2eHw\"><br \/>\n<img decoding=\"async\" width=\"751\" height=\"1024\" src=\"https:\/\/www.mobilier-design-occasion.fr\/magazine\/wp-content\/uploads\/2022\/05\/chaise-empilable-costa-piment_madeindesign_167791_original-751x1024.jpg\" alt=\"\" loading=\"lazy\" srcset=\"https:\/\/www.mobilier-design-occasion.fr\/magazine\/wp-content\/uploads\/2022\/05\/chaise-empilable-costa-piment_madeindesign_167791_original-751x1024.jpg 751w, https:\/\/www.mobilier-design-occasion.fr\/magazine\/wp-content\/uploads\/2022\/05\/chaise-empilable-costa-piment_madeindesign_167791_original-220x300.jpg 220w, https:\/\/www.mobilier-design-occasion.fr\/magazine\/wp-content\/uploads\/2022\/05\/chaise-empilable-costa-piment_madeindesign_167791_original-768x1047.jpg 768w, https:\/\/www.mobilier-design-occasion.fr\/magazine\/wp-content\/uploads\/2022\/05\/chaise-empilable-costa-piment_madeindesign_167791_original-1127x1536.jpg 1127w, https:\/\/www.mobilier-design-occasion.fr\/magazine\/wp-content\/uploads\/2022\/05\/chaise-empilable-costa-piment_madeindesign_167791_original-1503x2048.jpg 1503w, https:\/\/www.mobilier-design-occasion.fr\/magazine\/wp-content\/uploads\/2022\/05\/chaise-empilable-costa-piment_madeindesign_167791_original-810x1104.jpg 810w, https:\/\/www.mobilier-design-occasion.fr\/magazine\/wp-content\/uploads\/2022\/05\/chaise-empilable-costa-piment_madeindesign_167791_original-1140x1553.jpg 1140w, https:\/\/www.mobilier-design-occasion.fr\/magazine\/wp-content\/uploads\/2022\/05\/chaise-empilable-costa-piment_madeindesign_167791_original-scaled.jpg 1879w\" sizes=\"auto, (max-width: 751px) 100vw, 751px\">\t\t\t\t\t\t\t\t<\/a><br \/>\n<a href=\"https:\/\/c3po.link\/QPntHFbH7p\" role=\"button\"><br \/>\nVoir la chaise Costa<br \/>\n<\/a><br \/>\n<a href=\"https:\/\/c3po.link\/QJQ7TY2eHw\" role=\"button\"><br \/>\nVoir la chaise Costa<br \/>\n<\/a><br \/>\n<a href=\"https:\/\/c3po.link\/Qwk7FKhkzg\"><br \/>\n<img decoding=\"async\" width=\"810\" height=\"810\" src=\"https:\/\/www.mobilier-design-occasion.fr\/magazine\/wp-content\/uploads\/2022\/05\/fauteuil-empilable-studie-cactus_madeindesign_385108_original-1024x1024.jpg\" alt=\"\" loading=\"lazy\" srcset=\"https:\/\/www.mobilier-design-occasion.fr\/magazine\/wp-content\/uploads\/2022\/05\/fauteuil-empilable-studie-cactus_madeindesign_385108_original-1024x1024.jpg 1024w, https:\/\/www.mobilier-design-occasion.fr\/magazine\/wp-content\/uploads\/2022\/05\/fauteuil-empilable-studie-cactus_madeindesign_385108_original-300x300.jpg 300w, https:\/\/www.mobilier-design-occasion.fr\/magazine\/wp-content\/uploads\/2022\/05\/fauteuil-empilable-studie-cactus_madeindesign_385108_original-150x150.jpg 150w, https:\/\/www.mobilier-design-occasion.fr\/magazine\/wp-content\/uploads\/2022\/05\/fauteuil-empilable-studie-cactus_madeindesign_385108_original-768x768.jpg 768w, https:\/\/www.mobilier-design-occasion.fr\/magazine\/wp-content\/uploads\/2022\/05\/fauteuil-empilable-studie-cactus_madeindesign_385108_original-810x810.jpg 810w, https:\/\/www.mobilier-design-occasion.fr\/magazine\/wp-content\/uploads\/2022\/05\/fauteuil-empilable-studie-cactus_madeindesign_385108_original-1140x1140.jpg 1140w, https:\/\/www.mobilier-design-occasion.fr\/magazine\/wp-content\/uploads\/2022\/05\/fauteuil-empilable-studie-cactus_madeindesign_385108_original.jpg 1152w\" sizes=\"auto, (max-width: 810px) 100vw, 810px\">\t\t\t\t\t\t\t\t<\/a><br \/>\n<a href=\"https:\/\/c3po.link\/Qh5NkTHWfq\"><br \/>\n<img decoding=\"async\" width=\"781\" height=\"1024\" src=\"https:\/\/www.mobilier-design-occasion.fr\/magazine\/wp-content\/uploads\/2022\/05\/chaise-empilable-cadiz-reglisse_madeindesign_313281_original-781x1024.jpg\" alt=\"\" loading=\"lazy\" srcset=\"https:\/\/www.mobilier-design-occasion.fr\/magazine\/wp-content\/uploads\/2022\/05\/chaise-empilable-cadiz-reglisse_madeindesign_313281_original-781x1024.jpg 781w, https:\/\/www.mobilier-design-occasion.fr\/magazine\/wp-content\/uploads\/2022\/05\/chaise-empilable-cadiz-reglisse_madeindesign_313281_original-229x300.jpg 229w, https:\/\/www.mobilier-design-occasion.fr\/magazine\/wp-content\/uploads\/2022\/05\/chaise-empilable-cadiz-reglisse_madeindesign_313281_original-768x1007.jpg 768w, https:\/\/www.mobilier-design-occasion.fr\/magazine\/wp-content\/uploads\/2022\/05\/chaise-empilable-cadiz-reglisse_madeindesign_313281_original-1171x1536.jpg 1171w, https:\/\/www.mobilier-design-occasion.fr\/magazine\/wp-content\/uploads\/2022\/05\/chaise-empilable-cadiz-reglisse_madeindesign_313281_original-1562x2048.jpg 1562w, https:\/\/www.mobilier-design-occasion.fr\/magazine\/wp-content\/uploads\/2022\/05\/chaise-empilable-cadiz-reglisse_madeindesign_313281_original-810x1062.jpg 810w, https:\/\/www.mobilier-design-occasion.fr\/magazine\/wp-content\/uploads\/2022\/05\/chaise-empilable-cadiz-reglisse_madeindesign_313281_original-1140x1495.jpg 1140w, https:\/\/www.mobilier-design-occasion.fr\/magazine\/wp-content\/uploads\/2022\/05\/chaise-empilable-cadiz-reglisse_madeindesign_313281_original-scaled.jpg 1952w\" sizes=\"auto, (max-width: 781px) 100vw, 781px\">\t\t\t\t\t\t\t\t<\/a><br \/>\n<a href=\"https:\/\/c3po.link\/Qwk7FKhkzg\" role=\"button\"><br \/>\nVoir la chaise Studie<br \/>\n<\/a><br \/>\n<a href=\"https:\/\/c3po.link\/Qh5NkTHWfq\" role=\"button\"><br \/>\nVoir la chaise Cadiz<br \/>\n<\/a><\/p>\n<h2><span class=\"ez-toc-section\" id=\"Lampe_Fermob\"><\/span>Lampe Fermob<span class=\"ez-toc-section-end\"><\/span><\/h2>\n<p><a href=\"https:\/\/c3po.link\/QhnsXcnZeR\"><br \/>\n<img decoding=\"async\" width=\"810\" height=\"540\" src=\"https:\/\/www.mobilier-design-occasion.fr\/magazine\/wp-content\/uploads\/2022\/05\/lampe-sans-fil-balad-bamboo-bambou_madeindesign_359596_original-1024x683.jpg\" alt=\"\" loading=\"lazy\" srcset=\"https:\/\/www.mobilier-design-occasion.fr\/magazine\/wp-content\/uploads\/2022\/05\/lampe-sans-fil-balad-bamboo-bambou_madeindesign_359596_original-1024x683.jpg 1024w, https:\/\/www.mobilier-design-occasion.fr\/magazine\/wp-content\/uploads\/2022\/05\/lampe-sans-fil-balad-bamboo-bambou_madeindesign_359596_original-300x200.jpg 300w, https:\/\/www.mobilier-design-occasion.fr\/magazine\/wp-content\/uploads\/2022\/05\/lampe-sans-fil-balad-bamboo-bambou_madeindesign_359596_original-768x512.jpg 768w, https:\/\/www.mobilier-design-occasion.fr\/magazine\/wp-content\/uploads\/2022\/05\/lampe-sans-fil-balad-bamboo-bambou_madeindesign_359596_original-810x540.jpg 810w, https:\/\/www.mobilier-design-occasion.fr\/magazine\/wp-content\/uploads\/2022\/05\/lampe-sans-fil-balad-bamboo-bambou_madeindesign_359596_original.jpg 1080w\" sizes=\"auto, (max-width: 810px) 100vw, 810px\">\t\t\t\t\t\t\t\t<\/a><\/p>\n<p>Je connais le mobilier Fermob depuis longtemps puisque un souvenir d&#8217;enfance m&#8217;est revenu en \u00e9crivant cet article. Je me revois chez mes grands-parents, manger des cerises fra\u00eechement cueillies, assise \u00e0 l&#8217;ombre de l&#8217;arbre sur une chaise Luxembourg&#8230; mais les lampes LED de la marque m&#8217;\u00e9taient plus inconnues jusqu&#8217;\u00e0 ce que j&#8217;en teste une.&nbsp;<\/p>\n<p>Il faut avouer que le design \u00e9pur\u00e9 alli\u00e9 au concept sans fil est s\u00e9duisant. Les lampes LED Fermob peuvent se poser sur une tale ou \u00e0 m\u00eame le sol, se transporter facilement pour arpenter le jardin ou encore aller \u00e0 la cave.&nbsp;<\/p>\n<p>Joyeuses et color\u00e9es, les lampes LED de la collection Fermob, dessin\u00e9es par le designer Tristant Lohner, s\u00e9duisent tant par le look moderne que le prix tout doux! Reste \u00e0 choisir la couleur \ud83d\ude09<\/p>\n<p><a href=\"https:\/\/c3po.link\/QhnsXcnZeR\"><br \/>\n<img decoding=\"async\" width=\"810\" height=\"810\" src=\"https:\/\/www.mobilier-design-occasion.fr\/magazine\/wp-content\/uploads\/2022\/05\/lampe-sans-fil-balad-bamboo-bambou_madeindesign_359593_original-1.jpg\" alt=\"\" loading=\"lazy\" srcset=\"https:\/\/www.mobilier-design-occasion.fr\/magazine\/wp-content\/uploads\/2022\/05\/lampe-sans-fil-balad-bamboo-bambou_madeindesign_359593_original-1.jpg 1006w, https:\/\/www.mobilier-design-occasion.fr\/magazine\/wp-content\/uploads\/2022\/05\/lampe-sans-fil-balad-bamboo-bambou_madeindesign_359593_original-1-300x300.jpg 300w, https:\/\/www.mobilier-design-occasion.fr\/magazine\/wp-content\/uploads\/2022\/05\/lampe-sans-fil-balad-bamboo-bambou_madeindesign_359593_original-1-150x150.jpg 150w, https:\/\/www.mobilier-design-occasion.fr\/magazine\/wp-content\/uploads\/2022\/05\/lampe-sans-fil-balad-bamboo-bambou_madeindesign_359593_original-1-768x768.jpg 768w, https:\/\/www.mobilier-design-occasion.fr\/magazine\/wp-content\/uploads\/2022\/05\/lampe-sans-fil-balad-bamboo-bambou_madeindesign_359593_original-1-810x810.jpg 810w\" sizes=\"auto, (max-width: 810px) 100vw, 810px\">\t\t\t\t\t\t\t\t<\/a><br \/>\n<a href=\"https:\/\/c3po.link\/QPdSgnXKMK\"><br \/>\n<img decoding=\"async\" width=\"810\" height=\"810\" src=\"https:\/\/www.mobilier-design-occasion.fr\/magazine\/wp-content\/uploads\/2022\/05\/lampe-sans-fil-balad-small-led-cactus_madeindesign_337248_original.jpg\" alt=\"\" loading=\"lazy\" srcset=\"https:\/\/www.mobilier-design-occasion.fr\/magazine\/wp-content\/uploads\/2022\/05\/lampe-sans-fil-balad-small-led-cactus_madeindesign_337248_original.jpg 903w, https:\/\/www.mobilier-design-occasion.fr\/magazine\/wp-content\/uploads\/2022\/05\/lampe-sans-fil-balad-small-led-cactus_madeindesign_337248_original-300x300.jpg 300w, https:\/\/www.mobilier-design-occasion.fr\/magazine\/wp-content\/uploads\/2022\/05\/lampe-sans-fil-balad-small-led-cactus_madeindesign_337248_original-150x150.jpg 150w, https:\/\/www.mobilier-design-occasion.fr\/magazine\/wp-content\/uploads\/2022\/05\/lampe-sans-fil-balad-small-led-cactus_madeindesign_337248_original-768x768.jpg 768w, https:\/\/www.mobilier-design-occasion.fr\/magazine\/wp-content\/uploads\/2022\/05\/lampe-sans-fil-balad-small-led-cactus_madeindesign_337248_original-810x810.jpg 810w\" sizes=\"auto, (max-width: 810px) 100vw, 810px\">\t\t\t\t\t\t\t\t<\/a><br \/>\n<a href=\"https:\/\/c3po.link\/QhnsXcnZeR\" role=\"button\"><br \/>\nVoir lampe sans fil Balad Bamboo<br \/>\n<\/a><br \/>\n<a href=\"https:\/\/c3po.link\/QPdSgnXKMK\" role=\"button\"><br \/>\nVoir lampe sans fil rechargeable<br \/>\n<\/a><br \/>\n<a href=\"https:\/\/c3po.link\/QPdSgnXKMK\"><br \/>\n<img decoding=\"async\" width=\"810\" height=\"540\" src=\"https:\/\/www.mobilier-design-occasion.fr\/magazine\/wp-content\/uploads\/2022\/05\/lampe-sans-fil-balad-small-led-cactus_madeindesign_337255_original-1024x683.jpg\" alt=\"\" loading=\"lazy\" srcset=\"https:\/\/www.mobilier-design-occasion.fr\/magazine\/wp-content\/uploads\/2022\/05\/lampe-sans-fil-balad-small-led-cactus_madeindesign_337255_original-1024x683.jpg 1024w, https:\/\/www.mobilier-design-occasion.fr\/magazine\/wp-content\/uploads\/2022\/05\/lampe-sans-fil-balad-small-led-cactus_madeindesign_337255_original-300x200.jpg 300w, https:\/\/www.mobilier-design-occasion.fr\/magazine\/wp-content\/uploads\/2022\/05\/lampe-sans-fil-balad-small-led-cactus_madeindesign_337255_original-768x512.jpg 768w, https:\/\/www.mobilier-design-occasion.fr\/magazine\/wp-content\/uploads\/2022\/05\/lampe-sans-fil-balad-small-led-cactus_madeindesign_337255_original-1536x1024.jpg 1536w, https:\/\/www.mobilier-design-occasion.fr\/magazine\/wp-content\/uploads\/2022\/05\/lampe-sans-fil-balad-small-led-cactus_madeindesign_337255_original-810x540.jpg 810w, https:\/\/www.mobilier-design-occasion.fr\/magazine\/wp-content\/uploads\/2022\/05\/lampe-sans-fil-balad-small-led-cactus_madeindesign_337255_original-1140x760.jpg 1140w, https:\/\/www.mobilier-design-occasion.fr\/magazine\/wp-content\/uploads\/2022\/05\/lampe-sans-fil-balad-small-led-cactus_madeindesign_337255_original.jpg 1981w\" sizes=\"auto, (max-width: 810px) 100vw, 810px\">\t\t\t\t\t\t\t\t<\/a><br \/>\n<a href=\"https:\/\/c3po.link\/QPdSgnXKMK\"><br \/>\n<img decoding=\"async\" width=\"810\" height=\"540\" src=\"https:\/\/www.mobilier-design-occasion.fr\/magazine\/wp-content\/uploads\/2022\/05\/lampe-sans-fil-balad-small-led-cactus_madeindesign_337252_original-1024x683.jpg\" alt=\"\" loading=\"lazy\" srcset=\"https:\/\/www.mobilier-design-occasion.fr\/magazine\/wp-content\/uploads\/2022\/05\/lampe-sans-fil-balad-small-led-cactus_madeindesign_337252_original-1024x683.jpg 1024w, https:\/\/www.mobilier-design-occasion.fr\/magazine\/wp-content\/uploads\/2022\/05\/lampe-sans-fil-balad-small-led-cactus_madeindesign_337252_original-300x200.jpg 300w, https:\/\/www.mobilier-design-occasion.fr\/magazine\/wp-content\/uploads\/2022\/05\/lampe-sans-fil-balad-small-led-cactus_madeindesign_337252_original-768x512.jpg 768w, https:\/\/www.mobilier-design-occasion.fr\/magazine\/wp-content\/uploads\/2022\/05\/lampe-sans-fil-balad-small-led-cactus_madeindesign_337252_original-810x540.jpg 810w, https:\/\/www.mobilier-design-occasion.fr\/magazine\/wp-content\/uploads\/2022\/05\/lampe-sans-fil-balad-small-led-cactus_madeindesign_337252_original.jpg 1080w\" sizes=\"auto, (max-width: 810px) 100vw, 810px\">\t\t\t\t\t\t\t\t<\/a><br \/>\n<a href=\"https:\/\/c3po.link\/QWKkjx554v\"><br \/>\n<img decoding=\"async\" width=\"810\" height=\"810\" src=\"https:\/\/www.mobilier-design-occasion.fr\/magazine\/wp-content\/uploads\/2022\/05\/lampe-sans-fil-aplo-led-miel_madeindesign_356476_original.jpg\" alt=\"\" loading=\"lazy\" srcset=\"https:\/\/www.mobilier-design-occasion.fr\/magazine\/wp-content\/uploads\/2022\/05\/lampe-sans-fil-aplo-led-miel_madeindesign_356476_original.jpg 1020w, https:\/\/www.mobilier-design-occasion.fr\/magazine\/wp-content\/uploads\/2022\/05\/lampe-sans-fil-aplo-led-miel_madeindesign_356476_original-300x300.jpg 300w, https:\/\/www.mobilier-design-occasion.fr\/magazine\/wp-content\/uploads\/2022\/05\/lampe-sans-fil-aplo-led-miel_madeindesign_356476_original-150x150.jpg 150w, https:\/\/www.mobilier-design-occasion.fr\/magazine\/wp-content\/uploads\/2022\/05\/lampe-sans-fil-aplo-led-miel_madeindesign_356476_original-768x768.jpg 768w, https:\/\/www.mobilier-design-occasion.fr\/magazine\/wp-content\/uploads\/2022\/05\/lampe-sans-fil-aplo-led-miel_madeindesign_356476_original-810x810.jpg 810w\" sizes=\"auto, (max-width: 810px) 100vw, 810px\">\t\t\t\t\t\t\t\t<\/a><br \/>\n<a href=\"https:\/\/c3po.link\/QhDhuZdnKx\"><br \/>\n<img decoding=\"async\" width=\"810\" height=\"810\" src=\"https:\/\/www.mobilier-design-occasion.fr\/magazine\/wp-content\/uploads\/2022\/05\/lampe-sans-fil-aplo-led-carbone_madeindesign_356474_original.jpg\" alt=\"\" loading=\"lazy\" srcset=\"https:\/\/www.mobilier-design-occasion.fr\/magazine\/wp-content\/uploads\/2022\/05\/lampe-sans-fil-aplo-led-carbone_madeindesign_356474_original.jpg 1020w, https:\/\/www.mobilier-design-occasion.fr\/magazine\/wp-content\/uploads\/2022\/05\/lampe-sans-fil-aplo-led-carbone_madeindesign_356474_original-300x300.jpg 300w, https:\/\/www.mobilier-design-occasion.fr\/magazine\/wp-content\/uploads\/2022\/05\/lampe-sans-fil-aplo-led-carbone_madeindesign_356474_original-150x150.jpg 150w, https:\/\/www.mobilier-design-occasion.fr\/magazine\/wp-content\/uploads\/2022\/05\/lampe-sans-fil-aplo-led-carbone_madeindesign_356474_original-768x768.jpg 768w, https:\/\/www.mobilier-design-occasion.fr\/magazine\/wp-content\/uploads\/2022\/05\/lampe-sans-fil-aplo-led-carbone_madeindesign_356474_original-810x810.jpg 810w\" sizes=\"auto, (max-width: 810px) 100vw, 810px\">\t\t\t\t\t\t\t\t<\/a><br \/>\n<a href=\"https:\/\/c3po.link\/QWKkjx554v\" role=\"button\"><br \/>\nVoir lampe sans fil Apl\u00f4 LED<br \/>\n<\/a><br \/>\n<a href=\"https:\/\/c3po.link\/QhDhuZdnKx\" role=\"button\"><br \/>\nVoir lampe sans fil Apl\u00f4 LED<br \/>\n<\/a><br \/>\n<a href=\"https:\/\/c3po.link\/QhgefpZ7C3\"><br \/>\n<img decoding=\"async\" width=\"810\" height=\"810\" src=\"https:\/\/www.mobilier-design-occasion.fr\/magazine\/wp-content\/uploads\/2022\/05\/lampe-sans-fil-mooon-led-ocre-rouge_madeindesign_352221_original.jpg\" alt=\"\" loading=\"lazy\" srcset=\"https:\/\/www.mobilier-design-occasion.fr\/magazine\/wp-content\/uploads\/2022\/05\/lampe-sans-fil-mooon-led-ocre-rouge_madeindesign_352221_original.jpg 863w, https:\/\/www.mobilier-design-occasion.fr\/magazine\/wp-content\/uploads\/2022\/05\/lampe-sans-fil-mooon-led-ocre-rouge_madeindesign_352221_original-300x300.jpg 300w, https:\/\/www.mobilier-design-occasion.fr\/magazine\/wp-content\/uploads\/2022\/05\/lampe-sans-fil-mooon-led-ocre-rouge_madeindesign_352221_original-150x150.jpg 150w, https:\/\/www.mobilier-design-occasion.fr\/magazine\/wp-content\/uploads\/2022\/05\/lampe-sans-fil-mooon-led-ocre-rouge_madeindesign_352221_original-768x768.jpg 768w, https:\/\/www.mobilier-design-occasion.fr\/magazine\/wp-content\/uploads\/2022\/05\/lampe-sans-fil-mooon-led-ocre-rouge_madeindesign_352221_original-810x810.jpg 810w\" sizes=\"auto, (max-width: 810px) 100vw, 810px\">\t\t\t\t\t\t\t\t<\/a><br \/>\n<a href=\"https:\/\/c3po.link\/QJj6aWtDDc\"><br \/>\n<img decoding=\"async\" width=\"810\" height=\"810\" src=\"https:\/\/www.mobilier-design-occasion.fr\/magazine\/wp-content\/uploads\/2022\/05\/lampe-sans-fil-mooon-led-gris-argile_madeindesign_388318_original.jpg\" alt=\"\" loading=\"lazy\" srcset=\"https:\/\/www.mobilier-design-occasion.fr\/magazine\/wp-content\/uploads\/2022\/05\/lampe-sans-fil-mooon-led-gris-argile_madeindesign_388318_original.jpg 863w, https:\/\/www.mobilier-design-occasion.fr\/magazine\/wp-content\/uploads\/2022\/05\/lampe-sans-fil-mooon-led-gris-argile_madeindesign_388318_original-300x300.jpg 300w, https:\/\/www.mobilier-design-occasion.fr\/magazine\/wp-content\/uploads\/2022\/05\/lampe-sans-fil-mooon-led-gris-argile_madeindesign_388318_original-150x150.jpg 150w, https:\/\/www.mobilier-design-occasion.fr\/magazine\/wp-content\/uploads\/2022\/05\/lampe-sans-fil-mooon-led-gris-argile_madeindesign_388318_original-768x768.jpg 768w, https:\/\/www.mobilier-design-occasion.fr\/magazine\/wp-content\/uploads\/2022\/05\/lampe-sans-fil-mooon-led-gris-argile_madeindesign_388318_original-810x810.jpg 810w\" sizes=\"auto, (max-width: 810px) 100vw, 810px\">\t\t\t\t\t\t\t\t<\/a><br \/>\n<a href=\"https:\/\/c3po.link\/QhgefpZ7C3\" role=\"button\"><br \/>\nVoir lampe sans fil LED<br \/>\n<\/a><br \/>\n<a href=\"https:\/\/c3po.link\/QJj6aWtDDc\" role=\"button\"><br \/>\nVoir lampe sans fil LED<br \/>\n<\/a><br \/>\n<a href=\"https:\/\/c3po.link\/QwMAz8FWna\"><br \/>\n<img decoding=\"async\" width=\"810\" height=\"810\" src=\"https:\/\/www.mobilier-design-occasion.fr\/magazine\/wp-content\/uploads\/2022\/05\/applique-mooon-led-carbone_madeindesign_388338_original-1024x1024.jpg\" alt=\"\" loading=\"lazy\" srcset=\"https:\/\/www.mobilier-design-occasion.fr\/magazine\/wp-content\/uploads\/2022\/05\/applique-mooon-led-carbone_madeindesign_388338_original-1024x1024.jpg 1024w, https:\/\/www.mobilier-design-occasion.fr\/magazine\/wp-content\/uploads\/2022\/05\/applique-mooon-led-carbone_madeindesign_388338_original-300x300.jpg 300w, https:\/\/www.mobilier-design-occasion.fr\/magazine\/wp-content\/uploads\/2022\/05\/applique-mooon-led-carbone_madeindesign_388338_original-150x150.jpg 150w, https:\/\/www.mobilier-design-occasion.fr\/magazine\/wp-content\/uploads\/2022\/05\/applique-mooon-led-carbone_madeindesign_388338_original-768x768.jpg 768w, https:\/\/www.mobilier-design-occasion.fr\/magazine\/wp-content\/uploads\/2022\/05\/applique-mooon-led-carbone_madeindesign_388338_original-810x810.jpg 810w, https:\/\/www.mobilier-design-occasion.fr\/magazine\/wp-content\/uploads\/2022\/05\/applique-mooon-led-carbone_madeindesign_388338_original-1140x1140.jpg 1140w, https:\/\/www.mobilier-design-occasion.fr\/magazine\/wp-content\/uploads\/2022\/05\/applique-mooon-led-carbone_madeindesign_388338_original.jpg 1500w\" sizes=\"auto, (max-width: 810px) 100vw, 810px\">\t\t\t\t\t\t\t\t<\/a><br \/>\n<a href=\"https:\/\/c3po.link\/QwzvQ6wFdq\"><br \/>\n<img decoding=\"async\" width=\"810\" height=\"810\" src=\"https:\/\/www.mobilier-design-occasion.fr\/magazine\/wp-content\/uploads\/2022\/05\/applique-mooon-led-bleu-acapulco_madeindesign_388336_original-1024x1024.jpg\" alt=\"\" loading=\"lazy\" srcset=\"https:\/\/www.mobilier-design-occasion.fr\/magazine\/wp-content\/uploads\/2022\/05\/applique-mooon-led-bleu-acapulco_madeindesign_388336_original-1024x1024.jpg 1024w, https:\/\/www.mobilier-design-occasion.fr\/magazine\/wp-content\/uploads\/2022\/05\/applique-mooon-led-bleu-acapulco_madeindesign_388336_original-300x300.jpg 300w, https:\/\/www.mobilier-design-occasion.fr\/magazine\/wp-content\/uploads\/2022\/05\/applique-mooon-led-bleu-acapulco_madeindesign_388336_original-150x150.jpg 150w, https:\/\/www.mobilier-design-occasion.fr\/magazine\/wp-content\/uploads\/2022\/05\/applique-mooon-led-bleu-acapulco_madeindesign_388336_original-768x768.jpg 768w, https:\/\/www.mobilier-design-occasion.fr\/magazine\/wp-content\/uploads\/2022\/05\/applique-mooon-led-bleu-acapulco_madeindesign_388336_original-810x810.jpg 810w, https:\/\/www.mobilier-design-occasion.fr\/magazine\/wp-content\/uploads\/2022\/05\/applique-mooon-led-bleu-acapulco_madeindesign_388336_original-1140x1140.jpg 1140w, https:\/\/www.mobilier-design-occasion.fr\/magazine\/wp-content\/uploads\/2022\/05\/applique-mooon-led-bleu-acapulco_madeindesign_388336_original.jpg 1500w\" sizes=\"auto, (max-width: 810px) 100vw, 810px\">\t\t\t\t\t\t\t\t<\/a><br \/>\n<a href=\"https:\/\/c3po.link\/QwMAz8FWna\" role=\"button\"><br \/>\nVoir l&#8217;applique Mooon LED<br \/>\n<\/a><br \/>\n<a href=\"https:\/\/c3po.link\/QwzvQ6wFdq\" role=\"button\"><br \/>\nVoir l&#8217;applique Mooon LED<br \/>\n<\/a><br \/>\n<a href=\"https:\/\/c3po.link\/QxwJVJxfMD\"><br \/>\n<img decoding=\"async\" width=\"810\" height=\"810\" src=\"https:\/\/www.mobilier-design-occasion.fr\/magazine\/wp-content\/uploads\/2022\/05\/guirlande-lumineuse-exterieur-hoop-bleu-acapulco_madeindesign_334413_original-1024x1024.jpg\" alt=\"\" loading=\"lazy\" srcset=\"https:\/\/www.mobilier-design-occasion.fr\/magazine\/wp-content\/uploads\/2022\/05\/guirlande-lumineuse-exterieur-hoop-bleu-acapulco_madeindesign_334413_original-1024x1024.jpg 1024w, https:\/\/www.mobilier-design-occasion.fr\/magazine\/wp-content\/uploads\/2022\/05\/guirlande-lumineuse-exterieur-hoop-bleu-acapulco_madeindesign_334413_original-300x300.jpg 300w, https:\/\/www.mobilier-design-occasion.fr\/magazine\/wp-content\/uploads\/2022\/05\/guirlande-lumineuse-exterieur-hoop-bleu-acapulco_madeindesign_334413_original-150x150.jpg 150w, https:\/\/www.mobilier-design-occasion.fr\/magazine\/wp-content\/uploads\/2022\/05\/guirlande-lumineuse-exterieur-hoop-bleu-acapulco_madeindesign_334413_original-768x768.jpg 768w, https:\/\/www.mobilier-design-occasion.fr\/magazine\/wp-content\/uploads\/2022\/05\/guirlande-lumineuse-exterieur-hoop-bleu-acapulco_madeindesign_334413_original-1536x1536.jpg 1536w, https:\/\/www.mobilier-design-occasion.fr\/magazine\/wp-content\/uploads\/2022\/05\/guirlande-lumineuse-exterieur-hoop-bleu-acapulco_madeindesign_334413_original-2048x2048.jpg 2048w, https:\/\/www.mobilier-design-occasion.fr\/magazine\/wp-content\/uploads\/2022\/05\/guirlande-lumineuse-exterieur-hoop-bleu-acapulco_madeindesign_334413_original-810x810.jpg 810w, https:\/\/www.mobilier-design-occasion.fr\/magazine\/wp-content\/uploads\/2022\/05\/guirlande-lumineuse-exterieur-hoop-bleu-acapulco_madeindesign_334413_original-1140x1140.jpg 1140w\" sizes=\"auto, (max-width: 810px) 100vw, 810px\">\t\t\t\t\t\t\t\t<\/a><br \/>\n<a href=\"https:\/\/c3po.link\/QxwJVJxfMD\"><br \/>\n<img decoding=\"async\" width=\"683\" height=\"1024\" src=\"https:\/\/www.mobilier-design-occasion.fr\/magazine\/wp-content\/uploads\/2022\/05\/guirlande-lumineuse-exterieur-hoop-bleu-acapulco_madeindesign_334840_original-683x1024.jpg\" alt=\"\" loading=\"lazy\" srcset=\"https:\/\/www.mobilier-design-occasion.fr\/magazine\/wp-content\/uploads\/2022\/05\/guirlande-lumineuse-exterieur-hoop-bleu-acapulco_madeindesign_334840_original-683x1024.jpg 683w, https:\/\/www.mobilier-design-occasion.fr\/magazine\/wp-content\/uploads\/2022\/05\/guirlande-lumineuse-exterieur-hoop-bleu-acapulco_madeindesign_334840_original-200x300.jpg 200w, https:\/\/www.mobilier-design-occasion.fr\/magazine\/wp-content\/uploads\/2022\/05\/guirlande-lumineuse-exterieur-hoop-bleu-acapulco_madeindesign_334840_original.jpg 720w\" sizes=\"auto, (max-width: 683px) 100vw, 683px\">\t\t\t\t\t\t\t\t<\/a><br \/>\n<a href=\"https:\/\/c3po.link\/QxwJVJxfMD\" role=\"button\"><br \/>\nVoir la guirlande lumineuse<br \/>\n<\/a><\/p>\n<h3><span class=\"ez-toc-section\" id=\"Comment_recharger_une_lampe_Fermob\"><\/span>Comment recharger une lampe Fermob?<span class=\"ez-toc-section-end\"><\/span><\/h3>\n<p>Les lampes LED de la collection Fermob ont une autonomie d&#8217;environ 14 heures. Elles se rechargent via un c\u00e2ble USB standard fournit avec chaque lampe.&nbsp;<\/p>\n<p>Le bouton pression situ\u00e9 sur la lampe permet de choisir l&#8217;intensit\u00e9 lumineuse mais \u00e9galement la temp\u00e9rature de la lumi\u00e8re (chaude ou froide).&nbsp;<\/p>\n<p><iframe loading=\"lazy\" title=\"Lampes Balad \/ Fermob\" width=\"810\" height=\"456\" src=\"https:\/\/www.youtube.com\/embed\/rXqwOBvMXPE?feature=oembed\" frameborder=\"0\" allow=\"accelerometer; autoplay; clipboard-write; encrypted-media; gyroscope; picture-in-picture\" allowfullscreen><\/iframe><\/p>\n","protected":false},"excerpt":{"rendered":"<p>Fermob est une marque fran\u00e7aise implant\u00e9e dans l&#8217;Ain depuis plus de 65 ans. L&#8217;entreprise produit du mobilier d&#8217;ext\u00e9rieur et des accessoires de d\u00e9coration color\u00e9s. Fermob cr\u00e9\u00e9e du mobilier tendance, innovant et reconnu pour sa solidit\u00e9 et durabilit\u00e9. La marque collabore r\u00e9guli\u00e8rement avec des designers connus ou en devenir comme par exemple: Terence Conran, Pascal Mourgue, [&hellip;]<\/p>\n","protected":false},"author":1,"featured_media":4564,"comment_status":"open","ping_status":"open","sticky":false,"template":"","format":"standard","meta":{"footnotes":""},"categories":[2],"tags":[],"class_list":["post-4496","post","type-post","status-publish","format-standard","has-post-thumbnail","hentry","category-tendances"],"yoast_head":"<!-- This site is optimized with the Yoast SEO plugin v27.5 - https:\/\/yoast.com\/product\/yoast-seo-wordpress\/ -->\n<title>S\u00e9lection pour am\u00e9nager votre terrasse avec Fermob - Mobilier Design Magazine<\/title>\n<meta name=\"robots\" content=\"index, follow, max-snippet:-1, max-image-preview:large, max-video-preview:-1\" \/>\n<link rel=\"canonical\" href=\"https:\/\/www.mobilier-design-occasion.fr\/magazine\/nos-idees-pour-amenager-votre-terrasse-avec-fermob\/\" \/>\n<meta property=\"og:locale\" content=\"fr_FR\" \/>\n<meta property=\"og:type\" content=\"article\" \/>\n<meta property=\"og:title\" content=\"S\u00e9lection pour am\u00e9nager votre terrasse avec Fermob - Mobilier Design Magazine\" \/>\n<meta property=\"og:description\" content=\"Fermob est une marque fran\u00e7aise implant\u00e9e dans l&#8217;Ain depuis plus de 65 ans. L&#8217;entreprise produit du mobilier d&#8217;ext\u00e9rieur et des accessoires de d\u00e9coration color\u00e9s. Fermob cr\u00e9\u00e9e du mobilier tendance, innovant et reconnu pour sa solidit\u00e9 et durabilit\u00e9. La marque collabore r\u00e9guli\u00e8rement avec des designers connus ou en devenir comme par exemple: Terence Conran, Pascal Mourgue, [&hellip;]\" \/>\n<meta property=\"og:url\" content=\"https:\/\/www.mobilier-design-occasion.fr\/magazine\/nos-idees-pour-amenager-votre-terrasse-avec-fermob\/\" \/>\n<meta property=\"og:site_name\" content=\"Mobilier Design Magazine\" \/>\n<meta property=\"article:publisher\" content=\"https:\/\/www.facebook.com\/mobilierdesignoccasion\" \/>\n<meta property=\"article:published_time\" content=\"2022-05-10T14:09:13+00:00\" \/>\n<meta property=\"article:modified_time\" content=\"2023-09-25T13:39:49+00:00\" \/>\n<meta property=\"og:image\" content=\"https:\/\/www.mobilier-design-occasion.fr\/magazine\/wp-content\/uploads\/2022\/05\/fauteuil-bas-luxembourg-muscade_madeindesign_91399_original.jpg\" \/>\n\t<meta property=\"og:image:width\" content=\"1984\" \/>\n\t<meta property=\"og:image:height\" content=\"1595\" \/>\n\t<meta property=\"og:image:type\" content=\"image\/jpeg\" \/>\n<meta name=\"author\" content=\"Cyrielle Poirot\" \/>\n<meta name=\"twitter:card\" content=\"summary_large_image\" \/>\n<meta name=\"twitter:label1\" content=\"\u00c9crit par\" \/>\n\t<meta name=\"twitter:data1\" content=\"Cyrielle Poirot\" \/>\n\t<meta name=\"twitter:label2\" content=\"Dur\u00e9e de lecture estim\u00e9e\" \/>\n\t<meta name=\"twitter:data2\" content=\"3 minutes\" \/>\n<script type=\"application\/ld+json\" class=\"yoast-schema-graph\">{\"@context\":\"https:\\\/\\\/schema.org\",\"@graph\":[{\"@type\":\"Article\",\"@id\":\"https:\\\/\\\/www.mobilier-design-occasion.fr\\\/magazine\\\/nos-idees-pour-amenager-votre-terrasse-avec-fermob\\\/#article\",\"isPartOf\":{\"@id\":\"https:\\\/\\\/www.mobilier-design-occasion.fr\\\/magazine\\\/nos-idees-pour-amenager-votre-terrasse-avec-fermob\\\/\"},\"author\":{\"name\":\"Cyrielle Poirot\",\"@id\":\"https:\\\/\\\/www.mobilier-design-occasion.fr\\\/magazine\\\/#\\\/schema\\\/person\\\/5b2e5627a714ddadaaf8c9b886c55eff\"},\"headline\":\"S\u00e9lection pour am\u00e9nager votre terrasse avec Fermob\",\"datePublished\":\"2022-05-10T14:09:13+00:00\",\"dateModified\":\"2023-09-25T13:39:49+00:00\",\"mainEntityOfPage\":{\"@id\":\"https:\\\/\\\/www.mobilier-design-occasion.fr\\\/magazine\\\/nos-idees-pour-amenager-votre-terrasse-avec-fermob\\\/\"},\"wordCount\":636,\"commentCount\":0,\"publisher\":{\"@id\":\"https:\\\/\\\/www.mobilier-design-occasion.fr\\\/magazine\\\/#organization\"},\"image\":{\"@id\":\"https:\\\/\\\/www.mobilier-design-occasion.fr\\\/magazine\\\/nos-idees-pour-amenager-votre-terrasse-avec-fermob\\\/#primaryimage\"},\"thumbnailUrl\":\"https:\\\/\\\/www.mobilier-design-occasion.fr\\\/magazine\\\/wp-content\\\/uploads\\\/2022\\\/05\\\/fauteuil-bas-luxembourg-muscade_madeindesign_91399_original.jpg\",\"articleSection\":[\"Tendances\"],\"inLanguage\":\"fr-FR\",\"potentialAction\":[{\"@type\":\"CommentAction\",\"name\":\"Comment\",\"target\":[\"https:\\\/\\\/www.mobilier-design-occasion.fr\\\/magazine\\\/nos-idees-pour-amenager-votre-terrasse-avec-fermob\\\/#respond\"]}]},{\"@type\":\"WebPage\",\"@id\":\"https:\\\/\\\/www.mobilier-design-occasion.fr\\\/magazine\\\/nos-idees-pour-amenager-votre-terrasse-avec-fermob\\\/\",\"url\":\"https:\\\/\\\/www.mobilier-design-occasion.fr\\\/magazine\\\/nos-idees-pour-amenager-votre-terrasse-avec-fermob\\\/\",\"name\":\"S\u00e9lection pour am\u00e9nager votre terrasse avec Fermob - Mobilier Design Magazine\",\"isPartOf\":{\"@id\":\"https:\\\/\\\/www.mobilier-design-occasion.fr\\\/magazine\\\/#website\"},\"primaryImageOfPage\":{\"@id\":\"https:\\\/\\\/www.mobilier-design-occasion.fr\\\/magazine\\\/nos-idees-pour-amenager-votre-terrasse-avec-fermob\\\/#primaryimage\"},\"image\":{\"@id\":\"https:\\\/\\\/www.mobilier-design-occasion.fr\\\/magazine\\\/nos-idees-pour-amenager-votre-terrasse-avec-fermob\\\/#primaryimage\"},\"thumbnailUrl\":\"https:\\\/\\\/www.mobilier-design-occasion.fr\\\/magazine\\\/wp-content\\\/uploads\\\/2022\\\/05\\\/fauteuil-bas-luxembourg-muscade_madeindesign_91399_original.jpg\",\"datePublished\":\"2022-05-10T14:09:13+00:00\",\"dateModified\":\"2023-09-25T13:39:49+00:00\",\"breadcrumb\":{\"@id\":\"https:\\\/\\\/www.mobilier-design-occasion.fr\\\/magazine\\\/nos-idees-pour-amenager-votre-terrasse-avec-fermob\\\/#breadcrumb\"},\"inLanguage\":\"fr-FR\",\"potentialAction\":[{\"@type\":\"ReadAction\",\"target\":[\"https:\\\/\\\/www.mobilier-design-occasion.fr\\\/magazine\\\/nos-idees-pour-amenager-votre-terrasse-avec-fermob\\\/\"]}]},{\"@type\":\"ImageObject\",\"inLanguage\":\"fr-FR\",\"@id\":\"https:\\\/\\\/www.mobilier-design-occasion.fr\\\/magazine\\\/nos-idees-pour-amenager-votre-terrasse-avec-fermob\\\/#primaryimage\",\"url\":\"https:\\\/\\\/www.mobilier-design-occasion.fr\\\/magazine\\\/wp-content\\\/uploads\\\/2022\\\/05\\\/fauteuil-bas-luxembourg-muscade_madeindesign_91399_original.jpg\",\"contentUrl\":\"https:\\\/\\\/www.mobilier-design-occasion.fr\\\/magazine\\\/wp-content\\\/uploads\\\/2022\\\/05\\\/fauteuil-bas-luxembourg-muscade_madeindesign_91399_original.jpg\",\"width\":1984,\"height\":1595},{\"@type\":\"BreadcrumbList\",\"@id\":\"https:\\\/\\\/www.mobilier-design-occasion.fr\\\/magazine\\\/nos-idees-pour-amenager-votre-terrasse-avec-fermob\\\/#breadcrumb\",\"itemListElement\":[{\"@type\":\"ListItem\",\"position\":1,\"name\":\"Accueil\",\"item\":\"https:\\\/\\\/www.mobilier-design-occasion.fr\\\/magazine\\\/\"},{\"@type\":\"ListItem\",\"position\":2,\"name\":\"S\u00e9lection pour am\u00e9nager votre terrasse avec Fermob\"}]},{\"@type\":\"WebSite\",\"@id\":\"https:\\\/\\\/www.mobilier-design-occasion.fr\\\/magazine\\\/#website\",\"url\":\"https:\\\/\\\/www.mobilier-design-occasion.fr\\\/magazine\\\/\",\"name\":\"Mobilier Design Magazine\",\"description\":\"\",\"publisher\":{\"@id\":\"https:\\\/\\\/www.mobilier-design-occasion.fr\\\/magazine\\\/#organization\"},\"potentialAction\":[{\"@type\":\"SearchAction\",\"target\":{\"@type\":\"EntryPoint\",\"urlTemplate\":\"https:\\\/\\\/www.mobilier-design-occasion.fr\\\/magazine\\\/?s={search_term_string}\"},\"query-input\":{\"@type\":\"PropertyValueSpecification\",\"valueRequired\":true,\"valueName\":\"search_term_string\"}}],\"inLanguage\":\"fr-FR\"},{\"@type\":\"Organization\",\"@id\":\"https:\\\/\\\/www.mobilier-design-occasion.fr\\\/magazine\\\/#organization\",\"name\":\"Mobilier Design Magazine\",\"url\":\"https:\\\/\\\/www.mobilier-design-occasion.fr\\\/magazine\\\/\",\"logo\":{\"@type\":\"ImageObject\",\"inLanguage\":\"fr-FR\",\"@id\":\"https:\\\/\\\/www.mobilier-design-occasion.fr\\\/magazine\\\/#\\\/schema\\\/logo\\\/image\\\/\",\"url\":\"https:\\\/\\\/www.mobilier-design-occasion.fr\\\/magazine\\\/wp-content\\\/uploads\\\/2024\\\/02\\\/android-chrome-192x192-1.png\",\"contentUrl\":\"https:\\\/\\\/www.mobilier-design-occasion.fr\\\/magazine\\\/wp-content\\\/uploads\\\/2024\\\/02\\\/android-chrome-192x192-1.png\",\"width\":192,\"height\":192,\"caption\":\"Mobilier Design Magazine\"},\"image\":{\"@id\":\"https:\\\/\\\/www.mobilier-design-occasion.fr\\\/magazine\\\/#\\\/schema\\\/logo\\\/image\\\/\"},\"sameAs\":[\"https:\\\/\\\/www.facebook.com\\\/mobilierdesignoccasion\"]},{\"@type\":\"Person\",\"@id\":\"https:\\\/\\\/www.mobilier-design-occasion.fr\\\/magazine\\\/#\\\/schema\\\/person\\\/5b2e5627a714ddadaaf8c9b886c55eff\",\"name\":\"Cyrielle Poirot\",\"image\":{\"@type\":\"ImageObject\",\"inLanguage\":\"fr-FR\",\"@id\":\"https:\\\/\\\/secure.gravatar.com\\\/avatar\\\/c8d2674e093b06894d8d1dc468b626bd752523471f3ac6e75f7c7a1400d40b4d?s=96&d=mm&r=g\",\"url\":\"https:\\\/\\\/secure.gravatar.com\\\/avatar\\\/c8d2674e093b06894d8d1dc468b626bd752523471f3ac6e75f7c7a1400d40b4d?s=96&d=mm&r=g\",\"contentUrl\":\"https:\\\/\\\/secure.gravatar.com\\\/avatar\\\/c8d2674e093b06894d8d1dc468b626bd752523471f3ac6e75f7c7a1400d40b4d?s=96&d=mm&r=g\",\"caption\":\"Cyrielle Poirot\"},\"description\":\"Cyrielle est passionn\u00e9e par la d\u00e9coration d'int\u00e9rieur et s'est sp\u00e9cialis\u00e9e depuis quelques ann\u00e9es dans l'\u00e9dition du site Mobilier-Design, avec une touche sp\u00e9cifique pour les produits d'occasion.\",\"sameAs\":[\"https:\\\/\\\/www.mobilier-design-occasion.fr\\\/magazine\"],\"url\":\"https:\\\/\\\/www.mobilier-design-occasion.fr\\\/magazine\\\/author\\\/cyrielle\\\/\"}]}<\/script>\n<!-- \/ Yoast SEO plugin. -->","yoast_head_json":{"title":"S\u00e9lection pour am\u00e9nager votre terrasse avec Fermob - Mobilier Design Magazine","robots":{"index":"index","follow":"follow","max-snippet":"max-snippet:-1","max-image-preview":"max-image-preview:large","max-video-preview":"max-video-preview:-1"},"canonical":"https:\/\/www.mobilier-design-occasion.fr\/magazine\/nos-idees-pour-amenager-votre-terrasse-avec-fermob\/","og_locale":"fr_FR","og_type":"article","og_title":"S\u00e9lection pour am\u00e9nager votre terrasse avec Fermob - Mobilier Design Magazine","og_description":"Fermob est une marque fran\u00e7aise implant\u00e9e dans l&#8217;Ain depuis plus de 65 ans. L&#8217;entreprise produit du mobilier d&#8217;ext\u00e9rieur et des accessoires de d\u00e9coration color\u00e9s. Fermob cr\u00e9\u00e9e du mobilier tendance, innovant et reconnu pour sa solidit\u00e9 et durabilit\u00e9. La marque collabore r\u00e9guli\u00e8rement avec des designers connus ou en devenir comme par exemple: Terence Conran, Pascal Mourgue, [&hellip;]","og_url":"https:\/\/www.mobilier-design-occasion.fr\/magazine\/nos-idees-pour-amenager-votre-terrasse-avec-fermob\/","og_site_name":"Mobilier Design Magazine","article_publisher":"https:\/\/www.facebook.com\/mobilierdesignoccasion","article_published_time":"2022-05-10T14:09:13+00:00","article_modified_time":"2023-09-25T13:39:49+00:00","og_image":[{"width":1984,"height":1595,"url":"https:\/\/www.mobilier-design-occasion.fr\/magazine\/wp-content\/uploads\/2022\/05\/fauteuil-bas-luxembourg-muscade_madeindesign_91399_original.jpg","type":"image\/jpeg"}],"author":"Cyrielle Poirot","twitter_card":"summary_large_image","twitter_misc":{"\u00c9crit par":"Cyrielle Poirot","Dur\u00e9e de lecture estim\u00e9e":"3 minutes"},"schema":{"@context":"https:\/\/schema.org","@graph":[{"@type":"Article","@id":"https:\/\/www.mobilier-design-occasion.fr\/magazine\/nos-idees-pour-amenager-votre-terrasse-avec-fermob\/#article","isPartOf":{"@id":"https:\/\/www.mobilier-design-occasion.fr\/magazine\/nos-idees-pour-amenager-votre-terrasse-avec-fermob\/"},"author":{"name":"Cyrielle Poirot","@id":"https:\/\/www.mobilier-design-occasion.fr\/magazine\/#\/schema\/person\/5b2e5627a714ddadaaf8c9b886c55eff"},"headline":"S\u00e9lection pour am\u00e9nager votre terrasse avec Fermob","datePublished":"2022-05-10T14:09:13+00:00","dateModified":"2023-09-25T13:39:49+00:00","mainEntityOfPage":{"@id":"https:\/\/www.mobilier-design-occasion.fr\/magazine\/nos-idees-pour-amenager-votre-terrasse-avec-fermob\/"},"wordCount":636,"commentCount":0,"publisher":{"@id":"https:\/\/www.mobilier-design-occasion.fr\/magazine\/#organization"},"image":{"@id":"https:\/\/www.mobilier-design-occasion.fr\/magazine\/nos-idees-pour-amenager-votre-terrasse-avec-fermob\/#primaryimage"},"thumbnailUrl":"https:\/\/www.mobilier-design-occasion.fr\/magazine\/wp-content\/uploads\/2022\/05\/fauteuil-bas-luxembourg-muscade_madeindesign_91399_original.jpg","articleSection":["Tendances"],"inLanguage":"fr-FR","potentialAction":[{"@type":"CommentAction","name":"Comment","target":["https:\/\/www.mobilier-design-occasion.fr\/magazine\/nos-idees-pour-amenager-votre-terrasse-avec-fermob\/#respond"]}]},{"@type":"WebPage","@id":"https:\/\/www.mobilier-design-occasion.fr\/magazine\/nos-idees-pour-amenager-votre-terrasse-avec-fermob\/","url":"https:\/\/www.mobilier-design-occasion.fr\/magazine\/nos-idees-pour-amenager-votre-terrasse-avec-fermob\/","name":"S\u00e9lection pour am\u00e9nager votre terrasse avec Fermob - Mobilier Design Magazine","isPartOf":{"@id":"https:\/\/www.mobilier-design-occasion.fr\/magazine\/#website"},"primaryImageOfPage":{"@id":"https:\/\/www.mobilier-design-occasion.fr\/magazine\/nos-idees-pour-amenager-votre-terrasse-avec-fermob\/#primaryimage"},"image":{"@id":"https:\/\/www.mobilier-design-occasion.fr\/magazine\/nos-idees-pour-amenager-votre-terrasse-avec-fermob\/#primaryimage"},"thumbnailUrl":"https:\/\/www.mobilier-design-occasion.fr\/magazine\/wp-content\/uploads\/2022\/05\/fauteuil-bas-luxembourg-muscade_madeindesign_91399_original.jpg","datePublished":"2022-05-10T14:09:13+00:00","dateModified":"2023-09-25T13:39:49+00:00","breadcrumb":{"@id":"https:\/\/www.mobilier-design-occasion.fr\/magazine\/nos-idees-pour-amenager-votre-terrasse-avec-fermob\/#breadcrumb"},"inLanguage":"fr-FR","potentialAction":[{"@type":"ReadAction","target":["https:\/\/www.mobilier-design-occasion.fr\/magazine\/nos-idees-pour-amenager-votre-terrasse-avec-fermob\/"]}]},{"@type":"ImageObject","inLanguage":"fr-FR","@id":"https:\/\/www.mobilier-design-occasion.fr\/magazine\/nos-idees-pour-amenager-votre-terrasse-avec-fermob\/#primaryimage","url":"https:\/\/www.mobilier-design-occasion.fr\/magazine\/wp-content\/uploads\/2022\/05\/fauteuil-bas-luxembourg-muscade_madeindesign_91399_original.jpg","contentUrl":"https:\/\/www.mobilier-design-occasion.fr\/magazine\/wp-content\/uploads\/2022\/05\/fauteuil-bas-luxembourg-muscade_madeindesign_91399_original.jpg","width":1984,"height":1595},{"@type":"BreadcrumbList","@id":"https:\/\/www.mobilier-design-occasion.fr\/magazine\/nos-idees-pour-amenager-votre-terrasse-avec-fermob\/#breadcrumb","itemListElement":[{"@type":"ListItem","position":1,"name":"Accueil","item":"https:\/\/www.mobilier-design-occasion.fr\/magazine\/"},{"@type":"ListItem","position":2,"name":"S\u00e9lection pour am\u00e9nager votre terrasse avec Fermob"}]},{"@type":"WebSite","@id":"https:\/\/www.mobilier-design-occasion.fr\/magazine\/#website","url":"https:\/\/www.mobilier-design-occasion.fr\/magazine\/","name":"Mobilier Design Magazine","description":"","publisher":{"@id":"https:\/\/www.mobilier-design-occasion.fr\/magazine\/#organization"},"potentialAction":[{"@type":"SearchAction","target":{"@type":"EntryPoint","urlTemplate":"https:\/\/www.mobilier-design-occasion.fr\/magazine\/?s={search_term_string}"},"query-input":{"@type":"PropertyValueSpecification","valueRequired":true,"valueName":"search_term_string"}}],"inLanguage":"fr-FR"},{"@type":"Organization","@id":"https:\/\/www.mobilier-design-occasion.fr\/magazine\/#organization","name":"Mobilier Design Magazine","url":"https:\/\/www.mobilier-design-occasion.fr\/magazine\/","logo":{"@type":"ImageObject","inLanguage":"fr-FR","@id":"https:\/\/www.mobilier-design-occasion.fr\/magazine\/#\/schema\/logo\/image\/","url":"https:\/\/www.mobilier-design-occasion.fr\/magazine\/wp-content\/uploads\/2024\/02\/android-chrome-192x192-1.png","contentUrl":"https:\/\/www.mobilier-design-occasion.fr\/magazine\/wp-content\/uploads\/2024\/02\/android-chrome-192x192-1.png","width":192,"height":192,"caption":"Mobilier Design Magazine"},"image":{"@id":"https:\/\/www.mobilier-design-occasion.fr\/magazine\/#\/schema\/logo\/image\/"},"sameAs":["https:\/\/www.facebook.com\/mobilierdesignoccasion"]},{"@type":"Person","@id":"https:\/\/www.mobilier-design-occasion.fr\/magazine\/#\/schema\/person\/5b2e5627a714ddadaaf8c9b886c55eff","name":"Cyrielle Poirot","image":{"@type":"ImageObject","inLanguage":"fr-FR","@id":"https:\/\/secure.gravatar.com\/avatar\/c8d2674e093b06894d8d1dc468b626bd752523471f3ac6e75f7c7a1400d40b4d?s=96&d=mm&r=g","url":"https:\/\/secure.gravatar.com\/avatar\/c8d2674e093b06894d8d1dc468b626bd752523471f3ac6e75f7c7a1400d40b4d?s=96&d=mm&r=g","contentUrl":"https:\/\/secure.gravatar.com\/avatar\/c8d2674e093b06894d8d1dc468b626bd752523471f3ac6e75f7c7a1400d40b4d?s=96&d=mm&r=g","caption":"Cyrielle Poirot"},"description":"Cyrielle est passionn\u00e9e par la d\u00e9coration d'int\u00e9rieur et s'est sp\u00e9cialis\u00e9e depuis quelques ann\u00e9es dans l'\u00e9dition du site Mobilier-Design, avec une touche sp\u00e9cifique pour les produits d'occasion.","sameAs":["https:\/\/www.mobilier-design-occasion.fr\/magazine"],"url":"https:\/\/www.mobilier-design-occasion.fr\/magazine\/author\/cyrielle\/"}]}},"_links":{"self":[{"href":"https:\/\/www.mobilier-design-occasion.fr\/magazine\/wp-json\/wp\/v2\/posts\/4496","targetHints":{"allow":["GET"]}}],"collection":[{"href":"https:\/\/www.mobilier-design-occasion.fr\/magazine\/wp-json\/wp\/v2\/posts"}],"about":[{"href":"https:\/\/www.mobilier-design-occasion.fr\/magazine\/wp-json\/wp\/v2\/types\/post"}],"author":[{"embeddable":true,"href":"https:\/\/www.mobilier-design-occasion.fr\/magazine\/wp-json\/wp\/v2\/users\/1"}],"replies":[{"embeddable":true,"href":"https:\/\/www.mobilier-design-occasion.fr\/magazine\/wp-json\/wp\/v2\/comments?post=4496"}],"version-history":[{"count":33,"href":"https:\/\/www.mobilier-design-occasion.fr\/magazine\/wp-json\/wp\/v2\/posts\/4496\/revisions"}],"predecessor-version":[{"id":4582,"href":"https:\/\/www.mobilier-design-occasion.fr\/magazine\/wp-json\/wp\/v2\/posts\/4496\/revisions\/4582"}],"wp:featuredmedia":[{"embeddable":true,"href":"https:\/\/www.mobilier-design-occasion.fr\/magazine\/wp-json\/wp\/v2\/media\/4564"}],"wp:attachment":[{"href":"https:\/\/www.mobilier-design-occasion.fr\/magazine\/wp-json\/wp\/v2\/media?parent=4496"}],"wp:term":[{"taxonomy":"category","embeddable":true,"href":"https:\/\/www.mobilier-design-occasion.fr\/magazine\/wp-json\/wp\/v2\/categories?post=4496"},{"taxonomy":"post_tag","embeddable":true,"href":"https:\/\/www.mobilier-design-occasion.fr\/magazine\/wp-json\/wp\/v2\/tags?post=4496"}],"curies":[{"name":"wp","href":"https:\/\/api.w.org\/{rel}","templated":true}]}}