{"id":426,"date":"2021-04-01T09:24:44","date_gmt":"2021-04-01T09:24:44","guid":{"rendered":"https:\/\/www.mobilier-design-occasion.fr\/magazine\/?p=426"},"modified":"2021-04-01T09:24:44","modified_gmt":"2021-04-01T09:24:44","slug":"edition-limitee-de-la-wishbone-chair-de-hans-wegner","status":"publish","type":"post","link":"https:\/\/www.mobilier-design-occasion.fr\/magazine\/edition-limitee-de-la-wishbone-chair-de-hans-wegner\/","title":{"rendered":"Edition limit\u00e9e de la Wishbone Chair de Hans Wegner"},"content":{"rendered":"\n<p><\/p>\n\n\n\n<p>L&#8217;embl\u00e9matique <a href=\"https:\/\/www.mobilier-design-occasion.fr\/magazine\/fermob-occasion\/\">chaise<\/a> Wishbone, con\u00e7ue par <a href=\"https:\/\/www.mobilier-design-occasion.fr\/designer\/hans-j-wegner.html\">Hans J. Wegner<\/a> en 1949, est propos\u00e9e avec une finition brillante dans une nuance de bleu intense. Une couleur tendance, que Carl Hansen &amp; Son a s\u00e9lectionn\u00e9e en \u00e9troite collaboration avec la designer britannique Ilse Crawford et son \u00e9quipe de Studioilse.<\/p>\n\n\n\n<p><\/p>\n\n\n\n<figure class=\"wp-block-image size-large\"><img loading=\"lazy\" decoding=\"async\" width=\"768\" height=\"1024\" src=\"https:\/\/www.mobilier-design-occasion.fr\/magazine\/wp-content\/uploads\/2021\/04\/wishbone_chair_blue_navy-1.jpg\" alt=\"\" class=\"wp-image-437\" srcset=\"https:\/\/www.mobilier-design-occasion.fr\/magazine\/wp-content\/uploads\/2021\/04\/wishbone_chair_blue_navy-1.jpg 768w, https:\/\/www.mobilier-design-occasion.fr\/magazine\/wp-content\/uploads\/2021\/04\/wishbone_chair_blue_navy-1-225x300.jpg 225w\" sizes=\"auto, (max-width: 768px) 100vw, 768px\" \/><figcaption>Wishbone Chair &#8211; Source Pinterest<\/figcaption><\/figure>\n\n\n\n<p>Le choix d&#8217;une teinte aussi profonde et d&#8217;une finition aussi brillante ne d\u00e9coule toutefois pas tant des tendances actuelles que de l&#8217;amour profond de Wegner pour <strong>le <a href=\"https:\/\/www.mobilier-design-occasion.fr\/magazine\/table-tulipe-knoll-indemodable-du-design\/\">design<\/a><\/strong> et <strong>l&#8217;art oriental<\/strong>. La version sp\u00e9ciale de la Wishbone Chair rappelle, en effet, la couleur de la porcelaine chinoise et sa finition laqu\u00e9e et brillante.<\/p>\n\n\n\n<p>Le caract\u00e8re audacieux et vivant du bleu marine contraste avec l&#8217;assise en cordon de papier tiss\u00e9, offrant une interpr\u00e9tation contemporaine de ce grand classique du design.<\/p>\n\n\n\n<p><\/p>\n\n\n\n<div class=\"wp-block-image\"><figure class=\"alignleft size-large is-resized\"><img loading=\"lazy\" decoding=\"async\" src=\"https:\/\/www.mobilier-design-occasion.fr\/magazine\/wp-content\/uploads\/2021\/04\/wishbone_chair_signee-1.jpg\" alt=\"\" class=\"wp-image-435\" width=\"315\" height=\"236\" srcset=\"https:\/\/www.mobilier-design-occasion.fr\/magazine\/wp-content\/uploads\/2021\/04\/wishbone_chair_signee-1.jpg 768w, https:\/\/www.mobilier-design-occasion.fr\/magazine\/wp-content\/uploads\/2021\/04\/wishbone_chair_signee-1-300x225.jpg 300w\" sizes=\"auto, (max-width: 315px) 100vw, 315px\" \/><\/figure><\/div>\n\n\n\n<p>.<\/p>\n\n\n\n<p>Chaque chaise sera dot\u00e9e d&#8217;une plaque en laiton grav\u00e9e de <strong>la signature<\/strong> et de la <strong>date de naissance<\/strong> de Wegner, plac\u00e9e \u00e0 l&#8217;int\u00e9rieur du cadre, et d&#8217;un certificat d&#8217;authenticit\u00e9.<\/p>\n\n\n\n<p><\/p>\n\n\n\n<p>Outre la d\u00e9sormais c\u00e9l\u00e8bre <a href=\"https:\/\/www.mobilier-design-occasion.fr\/mobilier\/chaises\/2-chaises-ch-24-wishbone-par-hans-j-wegner-pour-carl-hansen-son-1950s.html?cf=4\">Wishbone Chair<\/a>, nom commun du mod\u00e8le CH24, Carl Hansen &amp; Son poss\u00e8de dans sa collection une longue s\u00e9rie de meubles classiques et d&#8217;objets de collection de Hans Wegner. La chaise Wishbone, qui est produite sans interruption depuis 1950, est l&#8217;une des cinq premi\u00e8res chaises con\u00e7ues par Wegner pour la soci\u00e9t\u00e9 danoise. Les autres sont les mod\u00e8les CH22, CH23, CH25 et CH26.<\/p>\n\n\n\n<p><\/p>\n\n\n\n<h2 class=\"wp-block-heading\">2021: nouvelle \u00e9dition limit\u00e9e pour la Wishbone Chair<\/h2>\n\n\n\n<p><\/p>\n\n\n\n<p>Afin de continuer la tradition et c\u00e9l\u00e9brer l&#8217;anniversaire de Hans J. Wegner Carl Hansen &amp; S\u00f8n a r\u00e9imagin\u00e9 l&#8217;embl\u00e9matique Wishbone Chair dans une \u00e9dition sp\u00e9ciale qui ne sera disponible \u00e0 la vente que le 8 avril 2021. <\/p>\n\n\n\n<p>La s\u00e9rie limit\u00e9e, fabriqu\u00e9e \u00e0 partir d&#8217;un <strong>acajou certifi\u00e9<\/strong> <strong>de qualit\u00e9<\/strong>, pr\u00e9sente en effet une superbe surface accentu\u00e9e de rouge-brun, prot\u00e9g\u00e9e par une laque extra-brillante durable qui donne \u00e0 la chaise une finition brillante. &#8220;Les meubles de Wegner occupent une place importante dans l&#8217;imaginaire des gens&#8221;, a d\u00e9clar\u00e9 Knud Erik Hansen, CEO de l&#8217;entreprise, &#8220;et tous les mod\u00e8les ont le potentiel d&#8217;\u00eatre r\u00e9interpr\u00e9t\u00e9s en utilisant diff\u00e9rents types de <a href=\"https:\/\/www.mobilier-design-occasion.fr\/magazine\/avis-mathy-by-bols\/\">bois<\/a>.&#8221;<\/p>\n\n\n\n<figure class=\"wp-block-image size-large\"><img loading=\"lazy\" decoding=\"async\" width=\"683\" height=\"1024\" src=\"https:\/\/www.mobilier-design-occasion.fr\/magazine\/wp-content\/uploads\/2021\/04\/Wishbone-Chair-edition-speciale-2021-683x1024.jpg\" alt=\"\" class=\"wp-image-439\" srcset=\"https:\/\/www.mobilier-design-occasion.fr\/magazine\/wp-content\/uploads\/2021\/04\/Wishbone-Chair-edition-speciale-2021-683x1024.jpg 683w, https:\/\/www.mobilier-design-occasion.fr\/magazine\/wp-content\/uploads\/2021\/04\/Wishbone-Chair-edition-speciale-2021-200x300.jpg 200w, https:\/\/www.mobilier-design-occasion.fr\/magazine\/wp-content\/uploads\/2021\/04\/Wishbone-Chair-edition-speciale-2021.jpg 768w\" sizes=\"auto, (max-width: 683px) 100vw, 683px\" \/><figcaption>Wishbone Chair &#8211; Edition sp\u00e9ciale 2021 &#8211; Source Pinterest<\/figcaption><\/figure>\n\n\n\n<p><\/p>\n","protected":false},"excerpt":{"rendered":"<p>L&#8217;ann\u00e9e derni\u00e8re la chaise Wishbone de Hans J. Wegner s&#8217;est teint\u00e9e de bleu. L&#8217;\u00e9dition limit\u00e9e a \u00e9t\u00e9 cr\u00e9\u00e9e pour c\u00e9l\u00e9brer le 106e anniversaire du grand designer danois  n\u00e9 \u00e0 T\u00f8nder le 2 avril 1914.<\/p>\n","protected":false},"author":1,"featured_media":442,"comment_status":"open","ping_status":"open","sticky":false,"template":"","format":"standard","meta":{"footnotes":""},"categories":[2],"tags":[],"class_list":["post-426","post","type-post","status-publish","format-standard","has-post-thumbnail","hentry","category-tendances"],"yoast_head":"<!-- This site is optimized with the Yoast SEO plugin v27.5 - https:\/\/yoast.com\/product\/yoast-seo-wordpress\/ -->\n<title>Edition limit\u00e9e de la Wishbone Chair de Hans Wegner - Mobilier Design Magazine<\/title>\n<meta name=\"robots\" content=\"index, follow, max-snippet:-1, max-image-preview:large, max-video-preview:-1\" \/>\n<link rel=\"canonical\" href=\"https:\/\/www.mobilier-design-occasion.fr\/magazine\/edition-limitee-de-la-wishbone-chair-de-hans-wegner\/\" \/>\n<meta property=\"og:locale\" content=\"fr_FR\" \/>\n<meta property=\"og:type\" content=\"article\" \/>\n<meta property=\"og:title\" content=\"Edition limit\u00e9e de la Wishbone Chair de Hans Wegner - Mobilier Design Magazine\" \/>\n<meta property=\"og:description\" content=\"L&#039;ann\u00e9e derni\u00e8re la chaise Wishbone de Hans J. Wegner s&#039;est teint\u00e9e de bleu. L&#039;\u00e9dition limit\u00e9e a \u00e9t\u00e9 cr\u00e9\u00e9e pour c\u00e9l\u00e9brer le 106e anniversaire du grand designer danois n\u00e9 \u00e0 T\u00f8nder le 2 avril 1914.\" \/>\n<meta property=\"og:url\" content=\"https:\/\/www.mobilier-design-occasion.fr\/magazine\/edition-limitee-de-la-wishbone-chair-de-hans-wegner\/\" \/>\n<meta property=\"og:site_name\" content=\"Mobilier Design Magazine\" \/>\n<meta property=\"article:publisher\" content=\"https:\/\/www.facebook.com\/mobilierdesignoccasion\" \/>\n<meta property=\"article:published_time\" content=\"2021-04-01T09:24:44+00:00\" \/>\n<meta property=\"og:image\" content=\"https:\/\/www.mobilier-design-occasion.fr\/magazine\/wp-content\/uploads\/2021\/04\/wishbone_chair_blue_navy_3-1.jpg\" \/>\n\t<meta property=\"og:image:width\" content=\"759\" \/>\n\t<meta property=\"og:image:height\" content=\"545\" \/>\n\t<meta property=\"og:image:type\" content=\"image\/jpeg\" \/>\n<meta name=\"author\" content=\"Cyrielle Poirot\" \/>\n<meta name=\"twitter:card\" content=\"summary_large_image\" \/>\n<meta name=\"twitter:label1\" content=\"\u00c9crit par\" \/>\n\t<meta name=\"twitter:data1\" content=\"Cyrielle Poirot\" \/>\n\t<meta name=\"twitter:label2\" content=\"Dur\u00e9e de lecture estim\u00e9e\" \/>\n\t<meta name=\"twitter:data2\" content=\"2 minutes\" \/>\n<script type=\"application\/ld+json\" class=\"yoast-schema-graph\">{\"@context\":\"https:\\\/\\\/schema.org\",\"@graph\":[{\"@type\":\"Article\",\"@id\":\"https:\\\/\\\/www.mobilier-design-occasion.fr\\\/magazine\\\/edition-limitee-de-la-wishbone-chair-de-hans-wegner\\\/#article\",\"isPartOf\":{\"@id\":\"https:\\\/\\\/www.mobilier-design-occasion.fr\\\/magazine\\\/edition-limitee-de-la-wishbone-chair-de-hans-wegner\\\/\"},\"author\":{\"name\":\"Cyrielle Poirot\",\"@id\":\"https:\\\/\\\/www.mobilier-design-occasion.fr\\\/magazine\\\/#\\\/schema\\\/person\\\/5b2e5627a714ddadaaf8c9b886c55eff\"},\"headline\":\"Edition limit\u00e9e de la Wishbone Chair de Hans Wegner\",\"datePublished\":\"2021-04-01T09:24:44+00:00\",\"mainEntityOfPage\":{\"@id\":\"https:\\\/\\\/www.mobilier-design-occasion.fr\\\/magazine\\\/edition-limitee-de-la-wishbone-chair-de-hans-wegner\\\/\"},\"wordCount\":410,\"commentCount\":0,\"publisher\":{\"@id\":\"https:\\\/\\\/www.mobilier-design-occasion.fr\\\/magazine\\\/#organization\"},\"image\":{\"@id\":\"https:\\\/\\\/www.mobilier-design-occasion.fr\\\/magazine\\\/edition-limitee-de-la-wishbone-chair-de-hans-wegner\\\/#primaryimage\"},\"thumbnailUrl\":\"https:\\\/\\\/www.mobilier-design-occasion.fr\\\/magazine\\\/wp-content\\\/uploads\\\/2021\\\/04\\\/wishbone_chair_blue_navy_3-1.jpg\",\"articleSection\":[\"Tendances\"],\"inLanguage\":\"fr-FR\",\"potentialAction\":[{\"@type\":\"CommentAction\",\"name\":\"Comment\",\"target\":[\"https:\\\/\\\/www.mobilier-design-occasion.fr\\\/magazine\\\/edition-limitee-de-la-wishbone-chair-de-hans-wegner\\\/#respond\"]}]},{\"@type\":\"WebPage\",\"@id\":\"https:\\\/\\\/www.mobilier-design-occasion.fr\\\/magazine\\\/edition-limitee-de-la-wishbone-chair-de-hans-wegner\\\/\",\"url\":\"https:\\\/\\\/www.mobilier-design-occasion.fr\\\/magazine\\\/edition-limitee-de-la-wishbone-chair-de-hans-wegner\\\/\",\"name\":\"Edition limit\u00e9e de la Wishbone Chair de Hans Wegner - Mobilier Design Magazine\",\"isPartOf\":{\"@id\":\"https:\\\/\\\/www.mobilier-design-occasion.fr\\\/magazine\\\/#website\"},\"primaryImageOfPage\":{\"@id\":\"https:\\\/\\\/www.mobilier-design-occasion.fr\\\/magazine\\\/edition-limitee-de-la-wishbone-chair-de-hans-wegner\\\/#primaryimage\"},\"image\":{\"@id\":\"https:\\\/\\\/www.mobilier-design-occasion.fr\\\/magazine\\\/edition-limitee-de-la-wishbone-chair-de-hans-wegner\\\/#primaryimage\"},\"thumbnailUrl\":\"https:\\\/\\\/www.mobilier-design-occasion.fr\\\/magazine\\\/wp-content\\\/uploads\\\/2021\\\/04\\\/wishbone_chair_blue_navy_3-1.jpg\",\"datePublished\":\"2021-04-01T09:24:44+00:00\",\"breadcrumb\":{\"@id\":\"https:\\\/\\\/www.mobilier-design-occasion.fr\\\/magazine\\\/edition-limitee-de-la-wishbone-chair-de-hans-wegner\\\/#breadcrumb\"},\"inLanguage\":\"fr-FR\",\"potentialAction\":[{\"@type\":\"ReadAction\",\"target\":[\"https:\\\/\\\/www.mobilier-design-occasion.fr\\\/magazine\\\/edition-limitee-de-la-wishbone-chair-de-hans-wegner\\\/\"]}]},{\"@type\":\"ImageObject\",\"inLanguage\":\"fr-FR\",\"@id\":\"https:\\\/\\\/www.mobilier-design-occasion.fr\\\/magazine\\\/edition-limitee-de-la-wishbone-chair-de-hans-wegner\\\/#primaryimage\",\"url\":\"https:\\\/\\\/www.mobilier-design-occasion.fr\\\/magazine\\\/wp-content\\\/uploads\\\/2021\\\/04\\\/wishbone_chair_blue_navy_3-1.jpg\",\"contentUrl\":\"https:\\\/\\\/www.mobilier-design-occasion.fr\\\/magazine\\\/wp-content\\\/uploads\\\/2021\\\/04\\\/wishbone_chair_blue_navy_3-1.jpg\",\"width\":759,\"height\":545,\"caption\":\"wishbone_chair_blue_navy\"},{\"@type\":\"BreadcrumbList\",\"@id\":\"https:\\\/\\\/www.mobilier-design-occasion.fr\\\/magazine\\\/edition-limitee-de-la-wishbone-chair-de-hans-wegner\\\/#breadcrumb\",\"itemListElement\":[{\"@type\":\"ListItem\",\"position\":1,\"name\":\"Accueil\",\"item\":\"https:\\\/\\\/www.mobilier-design-occasion.fr\\\/magazine\\\/\"},{\"@type\":\"ListItem\",\"position\":2,\"name\":\"Edition limit\u00e9e de la Wishbone Chair de Hans Wegner\"}]},{\"@type\":\"WebSite\",\"@id\":\"https:\\\/\\\/www.mobilier-design-occasion.fr\\\/magazine\\\/#website\",\"url\":\"https:\\\/\\\/www.mobilier-design-occasion.fr\\\/magazine\\\/\",\"name\":\"Mobilier Design Magazine\",\"description\":\"\",\"publisher\":{\"@id\":\"https:\\\/\\\/www.mobilier-design-occasion.fr\\\/magazine\\\/#organization\"},\"potentialAction\":[{\"@type\":\"SearchAction\",\"target\":{\"@type\":\"EntryPoint\",\"urlTemplate\":\"https:\\\/\\\/www.mobilier-design-occasion.fr\\\/magazine\\\/?s={search_term_string}\"},\"query-input\":{\"@type\":\"PropertyValueSpecification\",\"valueRequired\":true,\"valueName\":\"search_term_string\"}}],\"inLanguage\":\"fr-FR\"},{\"@type\":\"Organization\",\"@id\":\"https:\\\/\\\/www.mobilier-design-occasion.fr\\\/magazine\\\/#organization\",\"name\":\"Mobilier Design Magazine\",\"url\":\"https:\\\/\\\/www.mobilier-design-occasion.fr\\\/magazine\\\/\",\"logo\":{\"@type\":\"ImageObject\",\"inLanguage\":\"fr-FR\",\"@id\":\"https:\\\/\\\/www.mobilier-design-occasion.fr\\\/magazine\\\/#\\\/schema\\\/logo\\\/image\\\/\",\"url\":\"https:\\\/\\\/www.mobilier-design-occasion.fr\\\/magazine\\\/wp-content\\\/uploads\\\/2024\\\/02\\\/android-chrome-192x192-1.png\",\"contentUrl\":\"https:\\\/\\\/www.mobilier-design-occasion.fr\\\/magazine\\\/wp-content\\\/uploads\\\/2024\\\/02\\\/android-chrome-192x192-1.png\",\"width\":192,\"height\":192,\"caption\":\"Mobilier Design Magazine\"},\"image\":{\"@id\":\"https:\\\/\\\/www.mobilier-design-occasion.fr\\\/magazine\\\/#\\\/schema\\\/logo\\\/image\\\/\"},\"sameAs\":[\"https:\\\/\\\/www.facebook.com\\\/mobilierdesignoccasion\"]},{\"@type\":\"Person\",\"@id\":\"https:\\\/\\\/www.mobilier-design-occasion.fr\\\/magazine\\\/#\\\/schema\\\/person\\\/5b2e5627a714ddadaaf8c9b886c55eff\",\"name\":\"Cyrielle Poirot\",\"image\":{\"@type\":\"ImageObject\",\"inLanguage\":\"fr-FR\",\"@id\":\"https:\\\/\\\/secure.gravatar.com\\\/avatar\\\/c8d2674e093b06894d8d1dc468b626bd752523471f3ac6e75f7c7a1400d40b4d?s=96&d=mm&r=g\",\"url\":\"https:\\\/\\\/secure.gravatar.com\\\/avatar\\\/c8d2674e093b06894d8d1dc468b626bd752523471f3ac6e75f7c7a1400d40b4d?s=96&d=mm&r=g\",\"contentUrl\":\"https:\\\/\\\/secure.gravatar.com\\\/avatar\\\/c8d2674e093b06894d8d1dc468b626bd752523471f3ac6e75f7c7a1400d40b4d?s=96&d=mm&r=g\",\"caption\":\"Cyrielle Poirot\"},\"description\":\"Cyrielle est passionn\u00e9e par la d\u00e9coration d'int\u00e9rieur et s'est sp\u00e9cialis\u00e9e depuis quelques ann\u00e9es dans l'\u00e9dition du site Mobilier-Design, avec une touche sp\u00e9cifique pour les produits d'occasion.\",\"sameAs\":[\"https:\\\/\\\/www.mobilier-design-occasion.fr\\\/magazine\"],\"url\":\"https:\\\/\\\/www.mobilier-design-occasion.fr\\\/magazine\\\/author\\\/cyrielle\\\/\"}]}<\/script>\n<!-- \/ Yoast SEO plugin. -->","yoast_head_json":{"title":"Edition limit\u00e9e de la Wishbone Chair de Hans Wegner - Mobilier Design Magazine","robots":{"index":"index","follow":"follow","max-snippet":"max-snippet:-1","max-image-preview":"max-image-preview:large","max-video-preview":"max-video-preview:-1"},"canonical":"https:\/\/www.mobilier-design-occasion.fr\/magazine\/edition-limitee-de-la-wishbone-chair-de-hans-wegner\/","og_locale":"fr_FR","og_type":"article","og_title":"Edition limit\u00e9e de la Wishbone Chair de Hans Wegner - Mobilier Design Magazine","og_description":"L'ann\u00e9e derni\u00e8re la chaise Wishbone de Hans J. Wegner s'est teint\u00e9e de bleu. L'\u00e9dition limit\u00e9e a \u00e9t\u00e9 cr\u00e9\u00e9e pour c\u00e9l\u00e9brer le 106e anniversaire du grand designer danois n\u00e9 \u00e0 T\u00f8nder le 2 avril 1914.","og_url":"https:\/\/www.mobilier-design-occasion.fr\/magazine\/edition-limitee-de-la-wishbone-chair-de-hans-wegner\/","og_site_name":"Mobilier Design Magazine","article_publisher":"https:\/\/www.facebook.com\/mobilierdesignoccasion","article_published_time":"2021-04-01T09:24:44+00:00","og_image":[{"width":759,"height":545,"url":"https:\/\/www.mobilier-design-occasion.fr\/magazine\/wp-content\/uploads\/2021\/04\/wishbone_chair_blue_navy_3-1.jpg","type":"image\/jpeg"}],"author":"Cyrielle Poirot","twitter_card":"summary_large_image","twitter_misc":{"\u00c9crit par":"Cyrielle Poirot","Dur\u00e9e de lecture estim\u00e9e":"2 minutes"},"schema":{"@context":"https:\/\/schema.org","@graph":[{"@type":"Article","@id":"https:\/\/www.mobilier-design-occasion.fr\/magazine\/edition-limitee-de-la-wishbone-chair-de-hans-wegner\/#article","isPartOf":{"@id":"https:\/\/www.mobilier-design-occasion.fr\/magazine\/edition-limitee-de-la-wishbone-chair-de-hans-wegner\/"},"author":{"name":"Cyrielle Poirot","@id":"https:\/\/www.mobilier-design-occasion.fr\/magazine\/#\/schema\/person\/5b2e5627a714ddadaaf8c9b886c55eff"},"headline":"Edition limit\u00e9e de la Wishbone Chair de Hans Wegner","datePublished":"2021-04-01T09:24:44+00:00","mainEntityOfPage":{"@id":"https:\/\/www.mobilier-design-occasion.fr\/magazine\/edition-limitee-de-la-wishbone-chair-de-hans-wegner\/"},"wordCount":410,"commentCount":0,"publisher":{"@id":"https:\/\/www.mobilier-design-occasion.fr\/magazine\/#organization"},"image":{"@id":"https:\/\/www.mobilier-design-occasion.fr\/magazine\/edition-limitee-de-la-wishbone-chair-de-hans-wegner\/#primaryimage"},"thumbnailUrl":"https:\/\/www.mobilier-design-occasion.fr\/magazine\/wp-content\/uploads\/2021\/04\/wishbone_chair_blue_navy_3-1.jpg","articleSection":["Tendances"],"inLanguage":"fr-FR","potentialAction":[{"@type":"CommentAction","name":"Comment","target":["https:\/\/www.mobilier-design-occasion.fr\/magazine\/edition-limitee-de-la-wishbone-chair-de-hans-wegner\/#respond"]}]},{"@type":"WebPage","@id":"https:\/\/www.mobilier-design-occasion.fr\/magazine\/edition-limitee-de-la-wishbone-chair-de-hans-wegner\/","url":"https:\/\/www.mobilier-design-occasion.fr\/magazine\/edition-limitee-de-la-wishbone-chair-de-hans-wegner\/","name":"Edition limit\u00e9e de la Wishbone Chair de Hans Wegner - Mobilier Design Magazine","isPartOf":{"@id":"https:\/\/www.mobilier-design-occasion.fr\/magazine\/#website"},"primaryImageOfPage":{"@id":"https:\/\/www.mobilier-design-occasion.fr\/magazine\/edition-limitee-de-la-wishbone-chair-de-hans-wegner\/#primaryimage"},"image":{"@id":"https:\/\/www.mobilier-design-occasion.fr\/magazine\/edition-limitee-de-la-wishbone-chair-de-hans-wegner\/#primaryimage"},"thumbnailUrl":"https:\/\/www.mobilier-design-occasion.fr\/magazine\/wp-content\/uploads\/2021\/04\/wishbone_chair_blue_navy_3-1.jpg","datePublished":"2021-04-01T09:24:44+00:00","breadcrumb":{"@id":"https:\/\/www.mobilier-design-occasion.fr\/magazine\/edition-limitee-de-la-wishbone-chair-de-hans-wegner\/#breadcrumb"},"inLanguage":"fr-FR","potentialAction":[{"@type":"ReadAction","target":["https:\/\/www.mobilier-design-occasion.fr\/magazine\/edition-limitee-de-la-wishbone-chair-de-hans-wegner\/"]}]},{"@type":"ImageObject","inLanguage":"fr-FR","@id":"https:\/\/www.mobilier-design-occasion.fr\/magazine\/edition-limitee-de-la-wishbone-chair-de-hans-wegner\/#primaryimage","url":"https:\/\/www.mobilier-design-occasion.fr\/magazine\/wp-content\/uploads\/2021\/04\/wishbone_chair_blue_navy_3-1.jpg","contentUrl":"https:\/\/www.mobilier-design-occasion.fr\/magazine\/wp-content\/uploads\/2021\/04\/wishbone_chair_blue_navy_3-1.jpg","width":759,"height":545,"caption":"wishbone_chair_blue_navy"},{"@type":"BreadcrumbList","@id":"https:\/\/www.mobilier-design-occasion.fr\/magazine\/edition-limitee-de-la-wishbone-chair-de-hans-wegner\/#breadcrumb","itemListElement":[{"@type":"ListItem","position":1,"name":"Accueil","item":"https:\/\/www.mobilier-design-occasion.fr\/magazine\/"},{"@type":"ListItem","position":2,"name":"Edition limit\u00e9e de la Wishbone Chair de Hans Wegner"}]},{"@type":"WebSite","@id":"https:\/\/www.mobilier-design-occasion.fr\/magazine\/#website","url":"https:\/\/www.mobilier-design-occasion.fr\/magazine\/","name":"Mobilier Design Magazine","description":"","publisher":{"@id":"https:\/\/www.mobilier-design-occasion.fr\/magazine\/#organization"},"potentialAction":[{"@type":"SearchAction","target":{"@type":"EntryPoint","urlTemplate":"https:\/\/www.mobilier-design-occasion.fr\/magazine\/?s={search_term_string}"},"query-input":{"@type":"PropertyValueSpecification","valueRequired":true,"valueName":"search_term_string"}}],"inLanguage":"fr-FR"},{"@type":"Organization","@id":"https:\/\/www.mobilier-design-occasion.fr\/magazine\/#organization","name":"Mobilier Design Magazine","url":"https:\/\/www.mobilier-design-occasion.fr\/magazine\/","logo":{"@type":"ImageObject","inLanguage":"fr-FR","@id":"https:\/\/www.mobilier-design-occasion.fr\/magazine\/#\/schema\/logo\/image\/","url":"https:\/\/www.mobilier-design-occasion.fr\/magazine\/wp-content\/uploads\/2024\/02\/android-chrome-192x192-1.png","contentUrl":"https:\/\/www.mobilier-design-occasion.fr\/magazine\/wp-content\/uploads\/2024\/02\/android-chrome-192x192-1.png","width":192,"height":192,"caption":"Mobilier Design Magazine"},"image":{"@id":"https:\/\/www.mobilier-design-occasion.fr\/magazine\/#\/schema\/logo\/image\/"},"sameAs":["https:\/\/www.facebook.com\/mobilierdesignoccasion"]},{"@type":"Person","@id":"https:\/\/www.mobilier-design-occasion.fr\/magazine\/#\/schema\/person\/5b2e5627a714ddadaaf8c9b886c55eff","name":"Cyrielle Poirot","image":{"@type":"ImageObject","inLanguage":"fr-FR","@id":"https:\/\/secure.gravatar.com\/avatar\/c8d2674e093b06894d8d1dc468b626bd752523471f3ac6e75f7c7a1400d40b4d?s=96&d=mm&r=g","url":"https:\/\/secure.gravatar.com\/avatar\/c8d2674e093b06894d8d1dc468b626bd752523471f3ac6e75f7c7a1400d40b4d?s=96&d=mm&r=g","contentUrl":"https:\/\/secure.gravatar.com\/avatar\/c8d2674e093b06894d8d1dc468b626bd752523471f3ac6e75f7c7a1400d40b4d?s=96&d=mm&r=g","caption":"Cyrielle Poirot"},"description":"Cyrielle est passionn\u00e9e par la d\u00e9coration d'int\u00e9rieur et s'est sp\u00e9cialis\u00e9e depuis quelques ann\u00e9es dans l'\u00e9dition du site Mobilier-Design, avec une touche sp\u00e9cifique pour les produits d'occasion.","sameAs":["https:\/\/www.mobilier-design-occasion.fr\/magazine"],"url":"https:\/\/www.mobilier-design-occasion.fr\/magazine\/author\/cyrielle\/"}]}},"_links":{"self":[{"href":"https:\/\/www.mobilier-design-occasion.fr\/magazine\/wp-json\/wp\/v2\/posts\/426","targetHints":{"allow":["GET"]}}],"collection":[{"href":"https:\/\/www.mobilier-design-occasion.fr\/magazine\/wp-json\/wp\/v2\/posts"}],"about":[{"href":"https:\/\/www.mobilier-design-occasion.fr\/magazine\/wp-json\/wp\/v2\/types\/post"}],"author":[{"embeddable":true,"href":"https:\/\/www.mobilier-design-occasion.fr\/magazine\/wp-json\/wp\/v2\/users\/1"}],"replies":[{"embeddable":true,"href":"https:\/\/www.mobilier-design-occasion.fr\/magazine\/wp-json\/wp\/v2\/comments?post=426"}],"version-history":[{"count":10,"href":"https:\/\/www.mobilier-design-occasion.fr\/magazine\/wp-json\/wp\/v2\/posts\/426\/revisions"}],"predecessor-version":[{"id":444,"href":"https:\/\/www.mobilier-design-occasion.fr\/magazine\/wp-json\/wp\/v2\/posts\/426\/revisions\/444"}],"wp:featuredmedia":[{"embeddable":true,"href":"https:\/\/www.mobilier-design-occasion.fr\/magazine\/wp-json\/wp\/v2\/media\/442"}],"wp:attachment":[{"href":"https:\/\/www.mobilier-design-occasion.fr\/magazine\/wp-json\/wp\/v2\/media?parent=426"}],"wp:term":[{"taxonomy":"category","embeddable":true,"href":"https:\/\/www.mobilier-design-occasion.fr\/magazine\/wp-json\/wp\/v2\/categories?post=426"},{"taxonomy":"post_tag","embeddable":true,"href":"https:\/\/www.mobilier-design-occasion.fr\/magazine\/wp-json\/wp\/v2\/tags?post=426"}],"curies":[{"name":"wp","href":"https:\/\/api.w.org\/{rel}","templated":true}]}}