{"id":4242,"date":"2022-04-29T10:23:02","date_gmt":"2022-04-29T10:23:02","guid":{"rendered":"https:\/\/www.mobilier-design-occasion.fr\/magazine\/?p=4242"},"modified":"2022-04-29T11:07:12","modified_gmt":"2022-04-29T11:07:12","slug":"avis-my-jolie-candle","status":"publish","type":"post","link":"https:\/\/www.mobilier-design-occasion.fr\/magazine\/avis-my-jolie-candle\/","title":{"rendered":"Avis My Jolie Candle"},"content":{"rendered":"\n<h2 class=\"wp-block-heading\"><span class=\"ez-toc-section\" id=\"Qui_est_My_Jolie_Candle\"><\/span>Qui est My Jolie Candle?<span class=\"ez-toc-section-end\"><\/span><\/h2><div id=\"ez-toc-container\" class=\"ez-toc-v2_0_82_2 counter-hierarchy ez-toc-counter ez-toc-grey ez-toc-container-direction\">\n<div class=\"ez-toc-title-container\">\n<span class=\"ez-toc-title-toggle\"><a href=\"#\" class=\"ez-toc-pull-right ez-toc-btn ez-toc-btn-xs ez-toc-btn-default ez-toc-toggle\" aria-label=\"Toggle Table of Content\"><span class=\"ez-toc-js-icon-con\"><span class=\"\"><span class=\"eztoc-hide\" style=\"display:none;\">Toggle<\/span><span class=\"ez-toc-icon-toggle-span\"><svg style=\"fill: #999;color:#999\" xmlns=\"http:\/\/www.w3.org\/2000\/svg\" class=\"list-377408\" width=\"20px\" height=\"20px\" viewBox=\"0 0 24 24\" fill=\"none\"><path d=\"M6 6H4v2h2V6zm14 0H8v2h12V6zM4 11h2v2H4v-2zm16 0H8v2h12v-2zM4 16h2v2H4v-2zm16 0H8v2h12v-2z\" fill=\"currentColor\"><\/path><\/svg><svg style=\"fill: #999;color:#999\" class=\"arrow-unsorted-368013\" xmlns=\"http:\/\/www.w3.org\/2000\/svg\" width=\"10px\" height=\"10px\" viewBox=\"0 0 24 24\" version=\"1.2\" baseProfile=\"tiny\"><path d=\"M18.2 9.3l-6.2-6.3-6.2 6.3c-.2.2-.3.4-.3.7s.1.5.3.7c.2.2.4.3.7.3h11c.3 0 .5-.1.7-.3.2-.2.3-.5.3-.7s-.1-.5-.3-.7zM5.8 14.7l6.2 6.3 6.2-6.3c.2-.2.3-.5.3-.7s-.1-.5-.3-.7c-.2-.2-.4-.3-.7-.3h-11c-.3 0-.5.1-.7.3-.2.2-.3.5-.3.7s.1.5.3.7z\"\/><\/svg><\/span><\/span><\/span><\/a><\/span><\/div>\n<nav><ul class='ez-toc-list ez-toc-list-level-1 eztoc-toggle-hide-by-default' ><li class='ez-toc-page-1 ez-toc-heading-level-2'><a class=\"ez-toc-link ez-toc-heading-1\" href=\"https:\/\/www.mobilier-design-occasion.fr\/magazine\/avis-my-jolie-candle\/#Qui_est_My_Jolie_Candle\" >Qui est My Jolie Candle?<\/a><\/li><li class='ez-toc-page-1 ez-toc-heading-level-2'><a class=\"ez-toc-link ez-toc-heading-2\" href=\"https:\/\/www.mobilier-design-occasion.fr\/magazine\/avis-my-jolie-candle\/#La_promesse\" >La promesse<\/a><\/li><li class='ez-toc-page-1 ez-toc-heading-level-2'><a class=\"ez-toc-link ez-toc-heading-3\" href=\"https:\/\/www.mobilier-design-occasion.fr\/magazine\/avis-my-jolie-candle\/#Les_coordonnees_de_My_Jolie_Candle\" >Les coordonn\u00e9es de&nbsp;My Jolie Candle<\/a><\/li><li class='ez-toc-page-1 ez-toc-heading-level-2'><a class=\"ez-toc-link ez-toc-heading-4\" href=\"https:\/\/www.mobilier-design-occasion.fr\/magazine\/avis-my-jolie-candle\/#Boutiques_My_Jolie_Candle\" >Boutiques My Jolie Candle<\/a><\/li><li class='ez-toc-page-1 ez-toc-heading-level-2'><a class=\"ez-toc-link ez-toc-heading-5\" href=\"https:\/\/www.mobilier-design-occasion.fr\/magazine\/avis-my-jolie-candle\/#Service-client\" >Service-client<\/a><\/li><li class='ez-toc-page-1 ez-toc-heading-level-2'><a class=\"ez-toc-link ez-toc-heading-6\" href=\"https:\/\/www.mobilier-design-occasion.fr\/magazine\/avis-my-jolie-candle\/#Avis_des_clients\" >Avis des clients<\/a><\/li><\/ul><\/nav><\/div>\n\n\n\n\n<p><a href=\"https:\/\/c3po.link\/Q9hcV4QZs5\">My Jolie Candle<\/a> est une marque fran\u00e7aise bas\u00e9e \u00e0 Paris et fond\u00e9e en 2013 par Samuel Guez. <\/p>\n\n\n\n<p>My Jolie Candle est le <strong>sp\u00e9cialiste fran\u00e7ais de la bougie-bijou<\/strong>. La marque propose une large de gamme de bougies parfum\u00e9es qui ont la particularit\u00e9 d&#8217;\u00eatre accompagn\u00e9es de bijoux en argent, plaqu\u00e9s or ou sertis de perles ou de cristaux Swarovski. Tous les produits allient savoir-faire, mati\u00e8res premi\u00e8res respectueuses de l&#8217;environnement et qualit\u00e9 irr\u00e9prochable. <\/p>\n\n\n\n<p>L&#8217;entreprise conna\u00eet une belle croissance depuis son lancement et s&#8217;attaque d\u00e9sormais \u00e0 l&#8217;international en proposant ses produits sur le march\u00e9 espagnol et italien.<\/p>\n\n\n\n<h2 class=\"wp-block-heading\"><span class=\"ez-toc-section\" id=\"La_promesse\"><\/span>La promesse<span class=\"ez-toc-section-end\"><\/span><\/h2>\n\n\n\n<figure class=\"wp-block-gallery has-nested-images columns-default is-cropped wp-block-gallery-1 is-layout-flex wp-block-gallery-is-layout-flex\">\n<figure class=\"wp-block-image size-large\"><img loading=\"lazy\" decoding=\"async\" width=\"832\" height=\"820\" data-id=\"4251\" src=\"https:\/\/www.mobilier-design-occasion.fr\/magazine\/wp-content\/uploads\/2022\/04\/MJC.png\" alt=\"\" class=\"wp-image-4251\" srcset=\"https:\/\/www.mobilier-design-occasion.fr\/magazine\/wp-content\/uploads\/2022\/04\/MJC.png 832w, https:\/\/www.mobilier-design-occasion.fr\/magazine\/wp-content\/uploads\/2022\/04\/MJC-300x296.png 300w, https:\/\/www.mobilier-design-occasion.fr\/magazine\/wp-content\/uploads\/2022\/04\/MJC-768x757.png 768w, https:\/\/www.mobilier-design-occasion.fr\/magazine\/wp-content\/uploads\/2022\/04\/MJC-810x798.png 810w\" sizes=\"auto, (max-width: 832px) 100vw, 832px\" \/><\/figure>\n\n\n\n<figure class=\"wp-block-image size-large\"><img loading=\"lazy\" decoding=\"async\" width=\"736\" height=\"807\" data-id=\"4249\" src=\"https:\/\/www.mobilier-design-occasion.fr\/magazine\/wp-content\/uploads\/2022\/04\/PresentationMJC2.png\" alt=\"\" class=\"wp-image-4249\" srcset=\"https:\/\/www.mobilier-design-occasion.fr\/magazine\/wp-content\/uploads\/2022\/04\/PresentationMJC2.png 736w, https:\/\/www.mobilier-design-occasion.fr\/magazine\/wp-content\/uploads\/2022\/04\/PresentationMJC2-274x300.png 274w\" sizes=\"auto, (max-width: 736px) 100vw, 736px\" \/><\/figure>\n\n\n\n<figure class=\"wp-block-image size-large\"><img loading=\"lazy\" decoding=\"async\" width=\"780\" height=\"807\" data-id=\"4250\" src=\"https:\/\/www.mobilier-design-occasion.fr\/magazine\/wp-content\/uploads\/2022\/04\/PresentationProduitMJC.png\" alt=\"\" class=\"wp-image-4250\" srcset=\"https:\/\/www.mobilier-design-occasion.fr\/magazine\/wp-content\/uploads\/2022\/04\/PresentationProduitMJC.png 780w, https:\/\/www.mobilier-design-occasion.fr\/magazine\/wp-content\/uploads\/2022\/04\/PresentationProduitMJC-290x300.png 290w, https:\/\/www.mobilier-design-occasion.fr\/magazine\/wp-content\/uploads\/2022\/04\/PresentationProduitMJC-768x795.png 768w\" sizes=\"auto, (max-width: 780px) 100vw, 780px\" \/><\/figure>\n<\/figure>\n\n\n\n<p>Se sentir bien chez soit est devenu un incontournable dans notre quotidien. <a href=\"https:\/\/c3po.link\/Q9hcV4QZs5\" target=\"_blank\" rel=\"noreferrer noopener\">My Jolie Candle<\/a> propose de provoquer plus d&#8217;occasions de se faire plaisir \u00e0 la maison. Voici comment elle peut contribuer \u00e0 vous sentir bien chez vous:<\/p>\n\n\n\n<ul class=\"wp-block-list\"><li><strong>Un bijou dans chaque <a href=\"https:\/\/www.mobilier-design-occasion.fr\/magazine\/collection-fete-des-meres-my-jolie-candle\/\">bougie<\/a>!<\/strong> Comment? Apr\u00e8s environ 50h de combustion, chaque bougie parfum\u00e9e \u00e0 la cire 100% v\u00e9g\u00e9tale d\u00e9voile un petit bijou (collier, bracelet, bague) fait-main. Allumez la m\u00e8che et profitez d&#8217;un moment rien qu&#8217;\u00e0 vous dans votre salon ou votre bain \ud83d\ude42 Quand la pochette de protection apparait, \u00e9teignez la bougie et attrapez votre bijou pour le d\u00e9couvrir.<\/li><li><strong>Ingr\u00e9dients naturels<\/strong>: cire 100% v\u00e9g\u00e9tale<\/li><li><strong>Savoir-faire artisanal<\/strong><\/li><li><strong>Parfums fran\u00e7ais<\/strong> \u00e9labor\u00e9s \u00e0 Grasse, ville du Sud de la <a href=\"https:\/\/www.mobilier-design-occasion.fr\/magazine\/test-avis-sur-ripaton\/\">France<\/a> situ\u00e9e dans les collines au nord de la ville de Cannes. Grasse a \u00e9t\u00e9 d\u00e9sign\u00e9e comme capitale mondiale du parfum et sa renomm\u00e9e n&#8217;est plus \u00e0 d\u00e9montrer. Chanel dispose par exemple de ses propres plantations de roses et de jasmins \u00e0 Grasse. <\/li><\/ul>\n\n\n\n<h2 class=\"wp-block-heading\"><span class=\"ez-toc-section\" id=\"Les_coordonnees_de_My_Jolie_Candle\"><\/span>Les coordonn\u00e9es de&nbsp;My Jolie Candle<span class=\"ez-toc-section-end\"><\/span><\/h2>\n\n\n\n<ul class=\"wp-block-list\"><li>La marque vend l&#8217;enti\u00e8ret\u00e9 de sa collection sur <a href=\"https:\/\/c3po.link\/Q9hcV4QZs5\">le site internet<\/a><\/li><li>Il est possible de les contacter via <a href=\"https:\/\/myjoliecandle.com\/pages\/contact\">leur formulaire de contact<\/a><\/li><li>Egalement par t\u00e9l\u00e9phone au: +33 (0)1 86 76 72 65<\/li><li>Sur <a href=\"https:\/\/myjoliecandle.com\/pages\/contact\">le chat du site <\/a>ou via Whatsapp<\/li><\/ul>\n\n\n\n<p>Retrouvez \u00e9galement My Jolie Candle sur les r\u00e9seaux sociaux:<\/p>\n\n\n\n<ul class=\"wp-block-social-links is-layout-flex wp-block-social-links-is-layout-flex\"><li class=\"wp-social-link wp-social-link-facebook  wp-block-social-link\"><a href=\"https:\/\/www.facebook.com\/myjoliecandle\/\" class=\"wp-block-social-link-anchor\"><svg width=\"24\" height=\"24\" viewBox=\"0 0 24 24\" version=\"1.1\" xmlns=\"http:\/\/www.w3.org\/2000\/svg\" aria-hidden=\"true\" focusable=\"false\"><path d=\"M12 2C6.5 2 2 6.5 2 12c0 5 3.7 9.1 8.4 9.9v-7H7.9V12h2.5V9.8c0-2.5 1.5-3.9 3.8-3.9 1.1 0 2.2.2 2.2.2v2.5h-1.3c-1.2 0-1.6.8-1.6 1.6V12h2.8l-.4 2.9h-2.3v7C18.3 21.1 22 17 22 12c0-5.5-4.5-10-10-10z\"><\/path><\/svg><span class=\"wp-block-social-link-label screen-reader-text\">Facebook<\/span><\/a><\/li>\n\n<li class=\"wp-social-link wp-social-link-instagram  wp-block-social-link\"><a href=\"https:\/\/www.instagram.com\/myjoliecandle\/\" class=\"wp-block-social-link-anchor\"><svg width=\"24\" height=\"24\" viewBox=\"0 0 24 24\" version=\"1.1\" xmlns=\"http:\/\/www.w3.org\/2000\/svg\" aria-hidden=\"true\" focusable=\"false\"><path d=\"M12,4.622c2.403,0,2.688,0.009,3.637,0.052c0.877,0.04,1.354,0.187,1.671,0.31c0.42,0.163,0.72,0.358,1.035,0.673 c0.315,0.315,0.51,0.615,0.673,1.035c0.123,0.317,0.27,0.794,0.31,1.671c0.043,0.949,0.052,1.234,0.052,3.637 s-0.009,2.688-0.052,3.637c-0.04,0.877-0.187,1.354-0.31,1.671c-0.163,0.42-0.358,0.72-0.673,1.035 c-0.315,0.315-0.615,0.51-1.035,0.673c-0.317,0.123-0.794,0.27-1.671,0.31c-0.949,0.043-1.233,0.052-3.637,0.052 s-2.688-0.009-3.637-0.052c-0.877-0.04-1.354-0.187-1.671-0.31c-0.42-0.163-0.72-0.358-1.035-0.673 c-0.315-0.315-0.51-0.615-0.673-1.035c-0.123-0.317-0.27-0.794-0.31-1.671C4.631,14.688,4.622,14.403,4.622,12 s0.009-2.688,0.052-3.637c0.04-0.877,0.187-1.354,0.31-1.671c0.163-0.42,0.358-0.72,0.673-1.035 c0.315-0.315,0.615-0.51,1.035-0.673c0.317-0.123,0.794-0.27,1.671-0.31C9.312,4.631,9.597,4.622,12,4.622 M12,3 C9.556,3,9.249,3.01,8.289,3.054C7.331,3.098,6.677,3.25,6.105,3.472C5.513,3.702,5.011,4.01,4.511,4.511 c-0.5,0.5-0.808,1.002-1.038,1.594C3.25,6.677,3.098,7.331,3.054,8.289C3.01,9.249,3,9.556,3,12c0,2.444,0.01,2.751,0.054,3.711 c0.044,0.958,0.196,1.612,0.418,2.185c0.23,0.592,0.538,1.094,1.038,1.594c0.5,0.5,1.002,0.808,1.594,1.038 c0.572,0.222,1.227,0.375,2.185,0.418C9.249,20.99,9.556,21,12,21s2.751-0.01,3.711-0.054c0.958-0.044,1.612-0.196,2.185-0.418 c0.592-0.23,1.094-0.538,1.594-1.038c0.5-0.5,0.808-1.002,1.038-1.594c0.222-0.572,0.375-1.227,0.418-2.185 C20.99,14.751,21,14.444,21,12s-0.01-2.751-0.054-3.711c-0.044-0.958-0.196-1.612-0.418-2.185c-0.23-0.592-0.538-1.094-1.038-1.594 c-0.5-0.5-1.002-0.808-1.594-1.038c-0.572-0.222-1.227-0.375-2.185-0.418C14.751,3.01,14.444,3,12,3L12,3z M12,7.378 c-2.552,0-4.622,2.069-4.622,4.622S9.448,16.622,12,16.622s4.622-2.069,4.622-4.622S14.552,7.378,12,7.378z M12,15 c-1.657,0-3-1.343-3-3s1.343-3,3-3s3,1.343,3,3S13.657,15,12,15z M16.804,6.116c-0.596,0-1.08,0.484-1.08,1.08 s0.484,1.08,1.08,1.08c0.596,0,1.08-0.484,1.08-1.08S17.401,6.116,16.804,6.116z\"><\/path><\/svg><span class=\"wp-block-social-link-label screen-reader-text\">Instagram<\/span><\/a><\/li>\n\n<li class=\"wp-social-link wp-social-link-pinterest  wp-block-social-link\"><a href=\"https:\/\/www.pinterest.fr\/myjoliecandle\/\" class=\"wp-block-social-link-anchor\"><svg width=\"24\" height=\"24\" viewBox=\"0 0 24 24\" version=\"1.1\" xmlns=\"http:\/\/www.w3.org\/2000\/svg\" aria-hidden=\"true\" focusable=\"false\"><path d=\"M12.289,2C6.617,2,3.606,5.648,3.606,9.622c0,1.846,1.025,4.146,2.666,4.878c0.25,0.111,0.381,0.063,0.439-0.169 c0.044-0.175,0.267-1.029,0.365-1.428c0.032-0.128,0.017-0.237-0.091-0.362C6.445,11.911,6.01,10.75,6.01,9.668 c0-2.777,2.194-5.464,5.933-5.464c3.23,0,5.49,2.108,5.49,5.122c0,3.407-1.794,5.768-4.13,5.768c-1.291,0-2.257-1.021-1.948-2.277 c0.372-1.495,1.089-3.112,1.089-4.191c0-0.967-0.542-1.775-1.663-1.775c-1.319,0-2.379,1.309-2.379,3.059 c0,1.115,0.394,1.869,0.394,1.869s-1.302,5.279-1.54,6.261c-0.405,1.666,0.053,4.368,0.094,4.604 c0.021,0.126,0.167,0.169,0.25,0.063c0.129-0.165,1.699-2.419,2.142-4.051c0.158-0.59,0.817-2.995,0.817-2.995 c0.43,0.784,1.681,1.446,3.013,1.446c3.963,0,6.822-3.494,6.822-7.833C20.394,5.112,16.849,2,12.289,2\"><\/path><\/svg><span class=\"wp-block-social-link-label screen-reader-text\">Pinterest<\/span><\/a><\/li>\n\n<li class=\"wp-social-link wp-social-link-tiktok  wp-block-social-link\"><a href=\"https:\/\/www.tiktok.com\/@myjoliecandle\" class=\"wp-block-social-link-anchor\"><svg width=\"24\" height=\"24\" viewBox=\"0 0 32 32\" version=\"1.1\" xmlns=\"http:\/\/www.w3.org\/2000\/svg\" aria-hidden=\"true\" focusable=\"false\"><path d=\"M16.708 0.027c1.745-0.027 3.48-0.011 5.213-0.027 0.105 2.041 0.839 4.12 2.333 5.563 1.491 1.479 3.6 2.156 5.652 2.385v5.369c-1.923-0.063-3.855-0.463-5.6-1.291-0.76-0.344-1.468-0.787-2.161-1.24-0.009 3.896 0.016 7.787-0.025 11.667-0.104 1.864-0.719 3.719-1.803 5.255-1.744 2.557-4.771 4.224-7.88 4.276-1.907 0.109-3.812-0.411-5.437-1.369-2.693-1.588-4.588-4.495-4.864-7.615-0.032-0.667-0.043-1.333-0.016-1.984 0.24-2.537 1.495-4.964 3.443-6.615 2.208-1.923 5.301-2.839 8.197-2.297 0.027 1.975-0.052 3.948-0.052 5.923-1.323-0.428-2.869-0.308-4.025 0.495-0.844 0.547-1.485 1.385-1.819 2.333-0.276 0.676-0.197 1.427-0.181 2.145 0.317 2.188 2.421 4.027 4.667 3.828 1.489-0.016 2.916-0.88 3.692-2.145 0.251-0.443 0.532-0.896 0.547-1.417 0.131-2.385 0.079-4.76 0.095-7.145 0.011-5.375-0.016-10.735 0.025-16.093z\" \/><\/svg><span class=\"wp-block-social-link-label screen-reader-text\">TikTok<\/span><\/a><\/li><\/ul>\n\n\n\n<figure class=\"wp-block-gallery has-nested-images columns-default is-cropped wp-block-gallery-2 is-layout-flex wp-block-gallery-is-layout-flex\">\n<figure class=\"wp-block-image size-large\"><img loading=\"lazy\" decoding=\"async\" width=\"420\" height=\"491\" data-id=\"4253\" src=\"https:\/\/www.mobilier-design-occasion.fr\/magazine\/wp-content\/uploads\/2022\/04\/Capture3.png\" alt=\"\" class=\"wp-image-4253\" srcset=\"https:\/\/www.mobilier-design-occasion.fr\/magazine\/wp-content\/uploads\/2022\/04\/Capture3.png 420w, https:\/\/www.mobilier-design-occasion.fr\/magazine\/wp-content\/uploads\/2022\/04\/Capture3-257x300.png 257w\" sizes=\"auto, (max-width: 420px) 100vw, 420px\" \/><\/figure>\n\n\n\n<figure class=\"wp-block-image size-large\"><img loading=\"lazy\" decoding=\"async\" width=\"833\" height=\"833\" data-id=\"4254\" src=\"https:\/\/www.mobilier-design-occasion.fr\/magazine\/wp-content\/uploads\/2022\/04\/MJC1.png\" alt=\"\" class=\"wp-image-4254\" srcset=\"https:\/\/www.mobilier-design-occasion.fr\/magazine\/wp-content\/uploads\/2022\/04\/MJC1.png 833w, https:\/\/www.mobilier-design-occasion.fr\/magazine\/wp-content\/uploads\/2022\/04\/MJC1-300x300.png 300w, https:\/\/www.mobilier-design-occasion.fr\/magazine\/wp-content\/uploads\/2022\/04\/MJC1-150x150.png 150w, https:\/\/www.mobilier-design-occasion.fr\/magazine\/wp-content\/uploads\/2022\/04\/MJC1-768x768.png 768w, https:\/\/www.mobilier-design-occasion.fr\/magazine\/wp-content\/uploads\/2022\/04\/MJC1-810x810.png 810w\" sizes=\"auto, (max-width: 833px) 100vw, 833px\" \/><\/figure>\n\n\n\n<figure class=\"wp-block-image size-large\"><img loading=\"lazy\" decoding=\"async\" width=\"418\" height=\"493\" data-id=\"4252\" src=\"https:\/\/www.mobilier-design-occasion.fr\/magazine\/wp-content\/uploads\/2022\/04\/Capture5.png\" alt=\"\" class=\"wp-image-4252\" srcset=\"https:\/\/www.mobilier-design-occasion.fr\/magazine\/wp-content\/uploads\/2022\/04\/Capture5.png 418w, https:\/\/www.mobilier-design-occasion.fr\/magazine\/wp-content\/uploads\/2022\/04\/Capture5-254x300.png 254w\" sizes=\"auto, (max-width: 418px) 100vw, 418px\" \/><\/figure>\n<\/figure>\n\n\n\n<h2 class=\"wp-block-heading\"><span class=\"ez-toc-section\" id=\"Boutiques_My_Jolie_Candle\"><\/span>Boutiques My Jolie Candle<span class=\"ez-toc-section-end\"><\/span><\/h2>\n\n\n\n<p>En plus du site internet o\u00f9 vous pouvez trouver tous les produits de la collection de <a href=\"https:\/\/c3po.link\/Q9hcV4QZs5\">My Jolie Candle<\/a>, la marque a ouvert des boutiques partout en France o\u00f9 il est possible de <strong>voir<\/strong>, <strong>sentir<\/strong>, <strong>toucher<\/strong> ces petits tr\u00e9sors et \u00eatre guid\u00e9 gr\u00e2ce \u00e0 <strong>des conseils sur-mesure<\/strong>.<\/p>\n\n\n\n<ul class=\"wp-block-list\"><li>Boutique <strong><a href=\"https:\/\/www.google.com\/maps\/place\/\/data=!4m2!3m1!1s0x47e671b49d028d41:0x30caa73c37374844?source=g.page.share\">Paris Beaugrenelle<\/a><\/strong>: centre commercial Beaugrenelle. Tel +33 (0)6 28 52 21 98<\/li><li>Boutique <strong><a href=\"https:\/\/www.google.com\/maps\/place\/\/data=!4m2!3m1!1s0x47e66e1edbe6aaab:0xc2c10af3e2e9792c?source=g.page.share\">Paris Ch\u00e2telet<\/a><\/strong>: 2 rue de la Ferronnerie &#8211; 75001 Paris. Tel +33 (0)6 34 08 72 63<\/li><li>Boutique <strong><a href=\"https:\/\/www.google.com\/maps\/place\/\/data=!4m2!3m1!1s0x478b8f3658abb857:0xa5e1de7d2ddb98f5?source=g.page.share\">Annecy<\/a><\/strong>: 2 rue Carnot &#8211; 74000 Annecy. Tel +33 (0)6 4 50 77 37 28<\/li><li>Boutique <strong><a href=\"https:\/\/www.google.fr\/maps\/place\/My+Jolie+candle+-+Bordeaux\/@44.8410502,-0.5759499,15z\/data=!4m5!3m4!1s0x0:0xa150838e38439f03!8m2!3d44.8410404!4d-0.5759484\">Bordeaux<\/a><\/strong>: 29 rue de la porte Dijeaux &#8211; 33000 Bordeaux. Tel +33 (0)5 56 52 78 72<\/li><li>Boutique <strong><a href=\"https:\/\/www.google.com\/maps\/place\/\/data=!4m2!3m1!1s0x47c2d5b377b3ed19:0x88704bc23ff8ef56?source=g.page.share\">Lille<\/a><\/strong>: 24 rue Esquermoise &#8211; 59800 Lille. Tel +33 (0)3 20 55 10 91<\/li><li>Boutique <strong><a href=\"https:\/\/www.google.com\/maps\/place\/My+Jolie+candle+-+Lyon+-+Bougies+et+parfums+d'int%C3%A9rieur\/@45.7619132,4.8337589,17z\/data=!3m1!4b1!4m5!3m4!1s0x47f4eb8549f92ff7:0x7fd40b0df6c89e36!8m2!3d45.7619132!4d4.8359476\">Lyon<\/a><\/strong>: 45 rue de la R\u00e9publique &#8211; 69002 Lyon. Tel +33 (0)9 75 32 57 42<\/li><li>Boutique <strong><a href=\"https:\/\/www.google.fr\/maps\/place\/My+Jolie+candle+-+Nantes\/@47.2147308,-1.5589564,17z\/data=!3m1!4b1!4m5!3m4!1s0x4805efa08967b237:0xbb1b34b7e0de3254!8m2!3d47.2147308!4d-1.5567677?shorturl=1\">Nantes<\/a><\/strong>: 5 rue d&#8217;Orl\u00e9ans &#8211; 44000 Nantes. Tel +33 (0)2 51 83 58 49<\/li><li>Boutique <strong><a href=\"https:\/\/www.google.com\/maps\/place\/\/data=!4m2!3m1!1s0x12aebdf3e1244363:0x77ec23871bdfe10a?source=g.page.share\">Toulouse<\/a><\/strong>: 12 rue Alsace Lorraine &#8211; 31000 Toulouse. Tel +33 (0)5 61 29 23 14<\/li><\/ul>\n\n\n\n<figure class=\"wp-block-gallery has-nested-images columns-default is-cropped wp-block-gallery-3 is-layout-flex wp-block-gallery-is-layout-flex\">\n<figure class=\"wp-block-image size-large\"><a href=\"https:\/\/www.google.com\/maps\/place\/\/data=!4m2!3m1!1s0x478b8f3658abb857:0xa5e1de7d2ddb98f5?source=g.page.share\"><img loading=\"lazy\" decoding=\"async\" width=\"901\" height=\"639\" data-id=\"4257\" src=\"https:\/\/www.mobilier-design-occasion.fr\/magazine\/wp-content\/uploads\/2022\/04\/AnnecyMJC.png\" alt=\"\" class=\"wp-image-4257\" srcset=\"https:\/\/www.mobilier-design-occasion.fr\/magazine\/wp-content\/uploads\/2022\/04\/AnnecyMJC.png 901w, https:\/\/www.mobilier-design-occasion.fr\/magazine\/wp-content\/uploads\/2022\/04\/AnnecyMJC-300x213.png 300w, https:\/\/www.mobilier-design-occasion.fr\/magazine\/wp-content\/uploads\/2022\/04\/AnnecyMJC-768x545.png 768w, https:\/\/www.mobilier-design-occasion.fr\/magazine\/wp-content\/uploads\/2022\/04\/AnnecyMJC-810x574.png 810w\" sizes=\"auto, (max-width: 901px) 100vw, 901px\" \/><\/a><\/figure>\n\n\n\n<figure class=\"wp-block-image size-large\"><a href=\"https:\/\/www.google.com\/maps\/place\/\/data=!4m2!3m1!1s0x47e671b49d028d41:0x30caa73c37374844?source=g.page.share\"><img loading=\"lazy\" decoding=\"async\" width=\"903\" height=\"675\" data-id=\"4256\" src=\"https:\/\/www.mobilier-design-occasion.fr\/magazine\/wp-content\/uploads\/2022\/04\/ParisMJC.png\" alt=\"\" class=\"wp-image-4256\" srcset=\"https:\/\/www.mobilier-design-occasion.fr\/magazine\/wp-content\/uploads\/2022\/04\/ParisMJC.png 903w, https:\/\/www.mobilier-design-occasion.fr\/magazine\/wp-content\/uploads\/2022\/04\/ParisMJC-300x224.png 300w, https:\/\/www.mobilier-design-occasion.fr\/magazine\/wp-content\/uploads\/2022\/04\/ParisMJC-768x574.png 768w, https:\/\/www.mobilier-design-occasion.fr\/magazine\/wp-content\/uploads\/2022\/04\/ParisMJC-810x605.png 810w\" sizes=\"auto, (max-width: 903px) 100vw, 903px\" \/><\/a><\/figure>\n\n\n\n<figure class=\"wp-block-image size-large\"><a href=\"https:\/\/www.google.com\/maps\/place\/\/data=!4m2!3m1!1s0x12aebdf3e1244363:0x77ec23871bdfe10a?source=g.page.share\"><img loading=\"lazy\" decoding=\"async\" width=\"903\" height=\"631\" data-id=\"4258\" src=\"https:\/\/www.mobilier-design-occasion.fr\/magazine\/wp-content\/uploads\/2022\/04\/ToulouseMJC.png\" alt=\"\" class=\"wp-image-4258\" srcset=\"https:\/\/www.mobilier-design-occasion.fr\/magazine\/wp-content\/uploads\/2022\/04\/ToulouseMJC.png 903w, https:\/\/www.mobilier-design-occasion.fr\/magazine\/wp-content\/uploads\/2022\/04\/ToulouseMJC-300x210.png 300w, https:\/\/www.mobilier-design-occasion.fr\/magazine\/wp-content\/uploads\/2022\/04\/ToulouseMJC-768x537.png 768w, https:\/\/www.mobilier-design-occasion.fr\/magazine\/wp-content\/uploads\/2022\/04\/ToulouseMJC-810x566.png 810w, https:\/\/www.mobilier-design-occasion.fr\/magazine\/wp-content\/uploads\/2022\/04\/ToulouseMJC-145x100.png 145w\" sizes=\"auto, (max-width: 903px) 100vw, 903px\" \/><\/a><\/figure>\n<\/figure>\n\n\n\n<h2 class=\"wp-block-heading\"><span class=\"ez-toc-section\" id=\"Service-client\"><\/span>Service-client<span class=\"ez-toc-section-end\"><\/span><\/h2>\n\n\n\n<p>L\u2019exp\u00e9rience client est personnalis\u00e9e et ma\u00eetris\u00e9e gr\u00e2ce \u00e0 un canal de distribution propre \u00e0 la marque : un <a href=\"https:\/\/c3po.link\/Q9hcV4QZs5\">site e-commerce <\/a>d\u00e9ploy\u00e9 en France, en Espagne et en <a href=\"https:\/\/www.mobilier-design-occasion.fr\/magazine\/test-avis-sur-poltronesofa\/\">Italie<\/a> ainsi qu\u2019un r\u00e9seau de boutiques physiques en pleine expansion.<\/p>\n\n\n\n<p>Si vous ne le trouvez pas assez r\u00e9actif, ne sous-estimez pas les r\u00e9seaux sociaux. Interpeller la marque publiquement en la mentionnant sur les r\u00e9seaux o\u00f9 elle est la plus active peut vraiment faire bouger les choses&nbsp;\ud83d\ude42<\/p>\n\n\n\n<h2 class=\"wp-block-heading\"><span class=\"ez-toc-section\" id=\"Avis_des_clients\"><\/span>Avis des clients<span class=\"ez-toc-section-end\"><\/span><\/h2>\n\n\n\n<p>La marque My Jolie Candle est plut\u00f4t bien not\u00e9e car elle dispose d&#8217;un 4,9\/5 dans Google, bas\u00e9e sur 151 avis. <\/p>\n\n\n\n<p>Et d&#8217;une note de 9,2\/10 sur le site Avisv\u00e9rifi\u00e9s.com, bas\u00e9e 13 791 avis collect\u00e9s depuis 2016.<\/p>\n\n\n\n<blockquote class=\"wp-block-quote is-layout-flow wp-block-quote-is-layout-flow\"><p>Les bougies sont vraiment de tr\u00e8s bonne qualit\u00e9, nous en sommes \u00e0 notre 3eme ann\u00e9e d\u2019achats r\u00e9guliers et nous ne nous en lassons pas. Les bijoux sont d\u2019assez bonne facture sans \u00eatre de grande qualit\u00e9.. mais cela est combl\u00e9 par les senteurs enivrantes des bougies.<\/p><p><\/p><\/blockquote>\n\n\n\n<blockquote class=\"wp-block-quote is-layout-flow wp-block-quote-is-layout-flow\"><p>Ravie \u00e0 chaque fois! Les commandes sont livr\u00e9es rapidement et la bougie sent merveilleusement bon! Il y a un co\u00fbt mais l\u2019odeur se r\u00e9pand partout dans la pi\u00e8ce et c\u2019est agr\u00e9able. Id\u00e9e de cadeaux \u00e9galement. Je n\u2019ai jamais \u00e9t\u00e9 d\u00e9\u00e7ue jusqu\u2019\u00e0 pr\u00e9sent!<\/p><p><\/p><\/blockquote>\n\n\n\n<blockquote class=\"wp-block-quote is-layout-flow wp-block-quote-is-layout-flow\"><p>J\u2019ai d\u00e9j\u00e0 command\u00e9 3-4 fois sur le site et toujours parfait , livraison rapide , emballage de qualit\u00e9, service apr\u00e8s vente comp\u00e9tent, les odeurs sont exceptionnelles. Et j\u2019ai eu la chance en d\u00e9cembre de gagn\u00e9 \u00e0 la loterie et de recevoir 1 produit gratuitement pendant 1 an , j\u2019ai re\u00e7u le premier je suis vraiment ravie ! Encore merci \u00e0 vous ! Je recommence myjoliecandle les yeux ferm\u00e9s \ud83e\udd29<\/p><\/blockquote>\n\n\n\n<blockquote class=\"wp-block-quote is-layout-flow wp-block-quote-is-layout-flow\"><p>On m&#8217;a conseill\u00e9 cette jolie boutique pour le cadeau de No\u00ebl \u00e0 ma m\u00e8re. Je ne suis pas d\u00e9\u00e7u. J&#8217;ai longuement h\u00e9sit\u00e9 tellement il y avait de belle chose int\u00e9ressante. J&#8217;ai \u00e9t\u00e9 super bien conseill\u00e9 et accueilli. Je pense que ma m\u00e8re ne sera pas d\u00e9\u00e7u. Merci beaucoup pour votre accueil. Je recommande fortement.<\/p><\/blockquote>\n\n\n\n<blockquote class=\"wp-block-quote is-layout-flow wp-block-quote-is-layout-flow\"><p>Parfait pour des cadeaux pour faire plaisir \u00e0 vos proches! Un tr\u00e8s large choix de bougies avec ou sans bijoux! L\u2019id\u00e9e d\u2019avoir des bijoux al\u00e9atoires ou choisi dans les bougies que vous voulez est vraiment tr\u00e8s sympas!<\/p><\/blockquote>\n\n\n\n<blockquote class=\"wp-block-quote is-layout-flow wp-block-quote-is-layout-flow\"><p>Une exp\u00e9rience vraiment sympa et surtout qui fait du bien, on a envie de l&#8217;emporter \u00e0 la maison, c&#8217;est d&#8217;ailleurs se que l&#8217;on a fait !<\/p><p>Normalement je venais juste pour offrir un cadeau pour ma maman au final je suis repartie pour moi et ma copine \u00e9galement..<br>Je me suis fait avoir dans le bon sens du terme, j&#8217;ai vraiment bien \u00e9t\u00e9 accompagner.. moi qui n&#8217;y connais rien du tout en bougie comme au bijou.<\/p><p>Je me suis senti \u00e0 la maison vraiment, j&#8217;\u00e9tais venu lundi ou mardi mais la boutique \u00e9tait ferm\u00e9.. dommage j&#8217;ai d\u00fb revenir mais franchement sans regret.<\/p><p>Merci \u00e9norm\u00e9ment ma maman \u00e0 adorer le concept !!<\/p><\/blockquote>\n\n\n\n<div style=\"height:100px\" aria-hidden=\"true\" class=\"wp-block-spacer\"><\/div>\n\n\n\n<p><strong>Vous souhaitez donner votre avis? Commenter? Apporter votre propre exp\u00e9rience? N&#8217;h\u00e9sitez pas \u00e0 laisser un commentaire sous cet article! <\/strong><\/p>\n","protected":false},"excerpt":{"rendered":"<p>Qui est My Jolie Candle? My Jolie Candle est une marque fran\u00e7aise bas\u00e9e \u00e0 Paris et fond\u00e9e en 2013 par Samuel Guez. My Jolie Candle est le sp\u00e9cialiste fran\u00e7ais de la bougie-bijou. La marque propose une large de gamme de bougies parfum\u00e9es qui ont la particularit\u00e9 d&#8217;\u00eatre accompagn\u00e9es de bijoux en argent, plaqu\u00e9s or ou [&hellip;]<\/p>\n","protected":false},"author":1,"featured_media":4254,"comment_status":"open","ping_status":"open","sticky":false,"template":"","format":"standard","meta":{"footnotes":""},"categories":[8],"tags":[],"class_list":["post-4242","post","type-post","status-publish","format-standard","has-post-thumbnail","hentry","category-avis"],"yoast_head":"<!-- This site is optimized with the Yoast SEO plugin v27.5 - https:\/\/yoast.com\/product\/yoast-seo-wordpress\/ -->\n<title>Avis My Jolie Candle - Mobilier Design Magazine<\/title>\n<meta name=\"robots\" content=\"index, follow, max-snippet:-1, max-image-preview:large, max-video-preview:-1\" \/>\n<link rel=\"canonical\" href=\"https:\/\/www.mobilier-design-occasion.fr\/magazine\/avis-my-jolie-candle\/\" \/>\n<meta property=\"og:locale\" content=\"fr_FR\" \/>\n<meta property=\"og:type\" content=\"article\" \/>\n<meta property=\"og:title\" content=\"Avis My Jolie Candle - Mobilier Design Magazine\" \/>\n<meta property=\"og:description\" content=\"Qui est My Jolie Candle? My Jolie Candle est une marque fran\u00e7aise bas\u00e9e \u00e0 Paris et fond\u00e9e en 2013 par Samuel Guez. My Jolie Candle est le sp\u00e9cialiste fran\u00e7ais de la bougie-bijou. La marque propose une large de gamme de bougies parfum\u00e9es qui ont la particularit\u00e9 d&#8217;\u00eatre accompagn\u00e9es de bijoux en argent, plaqu\u00e9s or ou [&hellip;]\" \/>\n<meta property=\"og:url\" content=\"https:\/\/www.mobilier-design-occasion.fr\/magazine\/avis-my-jolie-candle\/\" \/>\n<meta property=\"og:site_name\" content=\"Mobilier Design Magazine\" \/>\n<meta property=\"article:publisher\" content=\"https:\/\/www.facebook.com\/mobilierdesignoccasion\" \/>\n<meta property=\"article:published_time\" content=\"2022-04-29T10:23:02+00:00\" \/>\n<meta property=\"article:modified_time\" content=\"2022-04-29T11:07:12+00:00\" \/>\n<meta property=\"og:image\" content=\"https:\/\/www.mobilier-design-occasion.fr\/magazine\/wp-content\/uploads\/2022\/04\/MJC1.png\" \/>\n\t<meta property=\"og:image:width\" content=\"833\" \/>\n\t<meta property=\"og:image:height\" content=\"833\" \/>\n\t<meta property=\"og:image:type\" content=\"image\/png\" \/>\n<meta name=\"author\" content=\"Cyrielle Poirot\" \/>\n<meta name=\"twitter:card\" content=\"summary_large_image\" \/>\n<meta name=\"twitter:label1\" content=\"\u00c9crit par\" \/>\n\t<meta name=\"twitter:data1\" content=\"Cyrielle Poirot\" \/>\n\t<meta name=\"twitter:label2\" content=\"Dur\u00e9e de lecture estim\u00e9e\" \/>\n\t<meta name=\"twitter:data2\" content=\"5 minutes\" \/>\n<script type=\"application\/ld+json\" class=\"yoast-schema-graph\">{\"@context\":\"https:\\\/\\\/schema.org\",\"@graph\":[{\"@type\":\"Article\",\"@id\":\"https:\\\/\\\/www.mobilier-design-occasion.fr\\\/magazine\\\/avis-my-jolie-candle\\\/#article\",\"isPartOf\":{\"@id\":\"https:\\\/\\\/www.mobilier-design-occasion.fr\\\/magazine\\\/avis-my-jolie-candle\\\/\"},\"author\":{\"name\":\"Cyrielle Poirot\",\"@id\":\"https:\\\/\\\/www.mobilier-design-occasion.fr\\\/magazine\\\/#\\\/schema\\\/person\\\/5b2e5627a714ddadaaf8c9b886c55eff\"},\"headline\":\"Avis My Jolie Candle\",\"datePublished\":\"2022-04-29T10:23:02+00:00\",\"dateModified\":\"2022-04-29T11:07:12+00:00\",\"mainEntityOfPage\":{\"@id\":\"https:\\\/\\\/www.mobilier-design-occasion.fr\\\/magazine\\\/avis-my-jolie-candle\\\/\"},\"wordCount\":1003,\"commentCount\":2,\"publisher\":{\"@id\":\"https:\\\/\\\/www.mobilier-design-occasion.fr\\\/magazine\\\/#organization\"},\"image\":{\"@id\":\"https:\\\/\\\/www.mobilier-design-occasion.fr\\\/magazine\\\/avis-my-jolie-candle\\\/#primaryimage\"},\"thumbnailUrl\":\"https:\\\/\\\/www.mobilier-design-occasion.fr\\\/magazine\\\/wp-content\\\/uploads\\\/2022\\\/04\\\/MJC1.png\",\"articleSection\":[\"Avis marques d\u00e9co\"],\"inLanguage\":\"fr-FR\",\"potentialAction\":[{\"@type\":\"CommentAction\",\"name\":\"Comment\",\"target\":[\"https:\\\/\\\/www.mobilier-design-occasion.fr\\\/magazine\\\/avis-my-jolie-candle\\\/#respond\"]}]},{\"@type\":\"WebPage\",\"@id\":\"https:\\\/\\\/www.mobilier-design-occasion.fr\\\/magazine\\\/avis-my-jolie-candle\\\/\",\"url\":\"https:\\\/\\\/www.mobilier-design-occasion.fr\\\/magazine\\\/avis-my-jolie-candle\\\/\",\"name\":\"Avis My Jolie Candle - Mobilier Design Magazine\",\"isPartOf\":{\"@id\":\"https:\\\/\\\/www.mobilier-design-occasion.fr\\\/magazine\\\/#website\"},\"primaryImageOfPage\":{\"@id\":\"https:\\\/\\\/www.mobilier-design-occasion.fr\\\/magazine\\\/avis-my-jolie-candle\\\/#primaryimage\"},\"image\":{\"@id\":\"https:\\\/\\\/www.mobilier-design-occasion.fr\\\/magazine\\\/avis-my-jolie-candle\\\/#primaryimage\"},\"thumbnailUrl\":\"https:\\\/\\\/www.mobilier-design-occasion.fr\\\/magazine\\\/wp-content\\\/uploads\\\/2022\\\/04\\\/MJC1.png\",\"datePublished\":\"2022-04-29T10:23:02+00:00\",\"dateModified\":\"2022-04-29T11:07:12+00:00\",\"breadcrumb\":{\"@id\":\"https:\\\/\\\/www.mobilier-design-occasion.fr\\\/magazine\\\/avis-my-jolie-candle\\\/#breadcrumb\"},\"inLanguage\":\"fr-FR\",\"potentialAction\":[{\"@type\":\"ReadAction\",\"target\":[\"https:\\\/\\\/www.mobilier-design-occasion.fr\\\/magazine\\\/avis-my-jolie-candle\\\/\"]}]},{\"@type\":\"ImageObject\",\"inLanguage\":\"fr-FR\",\"@id\":\"https:\\\/\\\/www.mobilier-design-occasion.fr\\\/magazine\\\/avis-my-jolie-candle\\\/#primaryimage\",\"url\":\"https:\\\/\\\/www.mobilier-design-occasion.fr\\\/magazine\\\/wp-content\\\/uploads\\\/2022\\\/04\\\/MJC1.png\",\"contentUrl\":\"https:\\\/\\\/www.mobilier-design-occasion.fr\\\/magazine\\\/wp-content\\\/uploads\\\/2022\\\/04\\\/MJC1.png\",\"width\":833,\"height\":833},{\"@type\":\"BreadcrumbList\",\"@id\":\"https:\\\/\\\/www.mobilier-design-occasion.fr\\\/magazine\\\/avis-my-jolie-candle\\\/#breadcrumb\",\"itemListElement\":[{\"@type\":\"ListItem\",\"position\":1,\"name\":\"Accueil\",\"item\":\"https:\\\/\\\/www.mobilier-design-occasion.fr\\\/magazine\\\/\"},{\"@type\":\"ListItem\",\"position\":2,\"name\":\"Avis My Jolie Candle\"}]},{\"@type\":\"WebSite\",\"@id\":\"https:\\\/\\\/www.mobilier-design-occasion.fr\\\/magazine\\\/#website\",\"url\":\"https:\\\/\\\/www.mobilier-design-occasion.fr\\\/magazine\\\/\",\"name\":\"Mobilier Design Magazine\",\"description\":\"\",\"publisher\":{\"@id\":\"https:\\\/\\\/www.mobilier-design-occasion.fr\\\/magazine\\\/#organization\"},\"potentialAction\":[{\"@type\":\"SearchAction\",\"target\":{\"@type\":\"EntryPoint\",\"urlTemplate\":\"https:\\\/\\\/www.mobilier-design-occasion.fr\\\/magazine\\\/?s={search_term_string}\"},\"query-input\":{\"@type\":\"PropertyValueSpecification\",\"valueRequired\":true,\"valueName\":\"search_term_string\"}}],\"inLanguage\":\"fr-FR\"},{\"@type\":\"Organization\",\"@id\":\"https:\\\/\\\/www.mobilier-design-occasion.fr\\\/magazine\\\/#organization\",\"name\":\"Mobilier Design Magazine\",\"url\":\"https:\\\/\\\/www.mobilier-design-occasion.fr\\\/magazine\\\/\",\"logo\":{\"@type\":\"ImageObject\",\"inLanguage\":\"fr-FR\",\"@id\":\"https:\\\/\\\/www.mobilier-design-occasion.fr\\\/magazine\\\/#\\\/schema\\\/logo\\\/image\\\/\",\"url\":\"https:\\\/\\\/www.mobilier-design-occasion.fr\\\/magazine\\\/wp-content\\\/uploads\\\/2024\\\/02\\\/android-chrome-192x192-1.png\",\"contentUrl\":\"https:\\\/\\\/www.mobilier-design-occasion.fr\\\/magazine\\\/wp-content\\\/uploads\\\/2024\\\/02\\\/android-chrome-192x192-1.png\",\"width\":192,\"height\":192,\"caption\":\"Mobilier Design Magazine\"},\"image\":{\"@id\":\"https:\\\/\\\/www.mobilier-design-occasion.fr\\\/magazine\\\/#\\\/schema\\\/logo\\\/image\\\/\"},\"sameAs\":[\"https:\\\/\\\/www.facebook.com\\\/mobilierdesignoccasion\"]},{\"@type\":\"Person\",\"@id\":\"https:\\\/\\\/www.mobilier-design-occasion.fr\\\/magazine\\\/#\\\/schema\\\/person\\\/5b2e5627a714ddadaaf8c9b886c55eff\",\"name\":\"Cyrielle Poirot\",\"image\":{\"@type\":\"ImageObject\",\"inLanguage\":\"fr-FR\",\"@id\":\"https:\\\/\\\/secure.gravatar.com\\\/avatar\\\/c8d2674e093b06894d8d1dc468b626bd752523471f3ac6e75f7c7a1400d40b4d?s=96&d=mm&r=g\",\"url\":\"https:\\\/\\\/secure.gravatar.com\\\/avatar\\\/c8d2674e093b06894d8d1dc468b626bd752523471f3ac6e75f7c7a1400d40b4d?s=96&d=mm&r=g\",\"contentUrl\":\"https:\\\/\\\/secure.gravatar.com\\\/avatar\\\/c8d2674e093b06894d8d1dc468b626bd752523471f3ac6e75f7c7a1400d40b4d?s=96&d=mm&r=g\",\"caption\":\"Cyrielle Poirot\"},\"description\":\"Cyrielle est passionn\u00e9e par la d\u00e9coration d'int\u00e9rieur et s'est sp\u00e9cialis\u00e9e depuis quelques ann\u00e9es dans l'\u00e9dition du site Mobilier-Design, avec une touche sp\u00e9cifique pour les produits d'occasion.\",\"sameAs\":[\"https:\\\/\\\/www.mobilier-design-occasion.fr\\\/magazine\"],\"url\":\"https:\\\/\\\/www.mobilier-design-occasion.fr\\\/magazine\\\/author\\\/cyrielle\\\/\"}]}<\/script>\n<!-- \/ Yoast SEO plugin. -->","yoast_head_json":{"title":"Avis My Jolie Candle - Mobilier Design Magazine","robots":{"index":"index","follow":"follow","max-snippet":"max-snippet:-1","max-image-preview":"max-image-preview:large","max-video-preview":"max-video-preview:-1"},"canonical":"https:\/\/www.mobilier-design-occasion.fr\/magazine\/avis-my-jolie-candle\/","og_locale":"fr_FR","og_type":"article","og_title":"Avis My Jolie Candle - Mobilier Design Magazine","og_description":"Qui est My Jolie Candle? My Jolie Candle est une marque fran\u00e7aise bas\u00e9e \u00e0 Paris et fond\u00e9e en 2013 par Samuel Guez. My Jolie Candle est le sp\u00e9cialiste fran\u00e7ais de la bougie-bijou. La marque propose une large de gamme de bougies parfum\u00e9es qui ont la particularit\u00e9 d&#8217;\u00eatre accompagn\u00e9es de bijoux en argent, plaqu\u00e9s or ou [&hellip;]","og_url":"https:\/\/www.mobilier-design-occasion.fr\/magazine\/avis-my-jolie-candle\/","og_site_name":"Mobilier Design Magazine","article_publisher":"https:\/\/www.facebook.com\/mobilierdesignoccasion","article_published_time":"2022-04-29T10:23:02+00:00","article_modified_time":"2022-04-29T11:07:12+00:00","og_image":[{"width":833,"height":833,"url":"https:\/\/www.mobilier-design-occasion.fr\/magazine\/wp-content\/uploads\/2022\/04\/MJC1.png","type":"image\/png"}],"author":"Cyrielle Poirot","twitter_card":"summary_large_image","twitter_misc":{"\u00c9crit par":"Cyrielle Poirot","Dur\u00e9e de lecture estim\u00e9e":"5 minutes"},"schema":{"@context":"https:\/\/schema.org","@graph":[{"@type":"Article","@id":"https:\/\/www.mobilier-design-occasion.fr\/magazine\/avis-my-jolie-candle\/#article","isPartOf":{"@id":"https:\/\/www.mobilier-design-occasion.fr\/magazine\/avis-my-jolie-candle\/"},"author":{"name":"Cyrielle Poirot","@id":"https:\/\/www.mobilier-design-occasion.fr\/magazine\/#\/schema\/person\/5b2e5627a714ddadaaf8c9b886c55eff"},"headline":"Avis My Jolie Candle","datePublished":"2022-04-29T10:23:02+00:00","dateModified":"2022-04-29T11:07:12+00:00","mainEntityOfPage":{"@id":"https:\/\/www.mobilier-design-occasion.fr\/magazine\/avis-my-jolie-candle\/"},"wordCount":1003,"commentCount":2,"publisher":{"@id":"https:\/\/www.mobilier-design-occasion.fr\/magazine\/#organization"},"image":{"@id":"https:\/\/www.mobilier-design-occasion.fr\/magazine\/avis-my-jolie-candle\/#primaryimage"},"thumbnailUrl":"https:\/\/www.mobilier-design-occasion.fr\/magazine\/wp-content\/uploads\/2022\/04\/MJC1.png","articleSection":["Avis marques d\u00e9co"],"inLanguage":"fr-FR","potentialAction":[{"@type":"CommentAction","name":"Comment","target":["https:\/\/www.mobilier-design-occasion.fr\/magazine\/avis-my-jolie-candle\/#respond"]}]},{"@type":"WebPage","@id":"https:\/\/www.mobilier-design-occasion.fr\/magazine\/avis-my-jolie-candle\/","url":"https:\/\/www.mobilier-design-occasion.fr\/magazine\/avis-my-jolie-candle\/","name":"Avis My Jolie Candle - Mobilier Design Magazine","isPartOf":{"@id":"https:\/\/www.mobilier-design-occasion.fr\/magazine\/#website"},"primaryImageOfPage":{"@id":"https:\/\/www.mobilier-design-occasion.fr\/magazine\/avis-my-jolie-candle\/#primaryimage"},"image":{"@id":"https:\/\/www.mobilier-design-occasion.fr\/magazine\/avis-my-jolie-candle\/#primaryimage"},"thumbnailUrl":"https:\/\/www.mobilier-design-occasion.fr\/magazine\/wp-content\/uploads\/2022\/04\/MJC1.png","datePublished":"2022-04-29T10:23:02+00:00","dateModified":"2022-04-29T11:07:12+00:00","breadcrumb":{"@id":"https:\/\/www.mobilier-design-occasion.fr\/magazine\/avis-my-jolie-candle\/#breadcrumb"},"inLanguage":"fr-FR","potentialAction":[{"@type":"ReadAction","target":["https:\/\/www.mobilier-design-occasion.fr\/magazine\/avis-my-jolie-candle\/"]}]},{"@type":"ImageObject","inLanguage":"fr-FR","@id":"https:\/\/www.mobilier-design-occasion.fr\/magazine\/avis-my-jolie-candle\/#primaryimage","url":"https:\/\/www.mobilier-design-occasion.fr\/magazine\/wp-content\/uploads\/2022\/04\/MJC1.png","contentUrl":"https:\/\/www.mobilier-design-occasion.fr\/magazine\/wp-content\/uploads\/2022\/04\/MJC1.png","width":833,"height":833},{"@type":"BreadcrumbList","@id":"https:\/\/www.mobilier-design-occasion.fr\/magazine\/avis-my-jolie-candle\/#breadcrumb","itemListElement":[{"@type":"ListItem","position":1,"name":"Accueil","item":"https:\/\/www.mobilier-design-occasion.fr\/magazine\/"},{"@type":"ListItem","position":2,"name":"Avis My Jolie Candle"}]},{"@type":"WebSite","@id":"https:\/\/www.mobilier-design-occasion.fr\/magazine\/#website","url":"https:\/\/www.mobilier-design-occasion.fr\/magazine\/","name":"Mobilier Design Magazine","description":"","publisher":{"@id":"https:\/\/www.mobilier-design-occasion.fr\/magazine\/#organization"},"potentialAction":[{"@type":"SearchAction","target":{"@type":"EntryPoint","urlTemplate":"https:\/\/www.mobilier-design-occasion.fr\/magazine\/?s={search_term_string}"},"query-input":{"@type":"PropertyValueSpecification","valueRequired":true,"valueName":"search_term_string"}}],"inLanguage":"fr-FR"},{"@type":"Organization","@id":"https:\/\/www.mobilier-design-occasion.fr\/magazine\/#organization","name":"Mobilier Design Magazine","url":"https:\/\/www.mobilier-design-occasion.fr\/magazine\/","logo":{"@type":"ImageObject","inLanguage":"fr-FR","@id":"https:\/\/www.mobilier-design-occasion.fr\/magazine\/#\/schema\/logo\/image\/","url":"https:\/\/www.mobilier-design-occasion.fr\/magazine\/wp-content\/uploads\/2024\/02\/android-chrome-192x192-1.png","contentUrl":"https:\/\/www.mobilier-design-occasion.fr\/magazine\/wp-content\/uploads\/2024\/02\/android-chrome-192x192-1.png","width":192,"height":192,"caption":"Mobilier Design Magazine"},"image":{"@id":"https:\/\/www.mobilier-design-occasion.fr\/magazine\/#\/schema\/logo\/image\/"},"sameAs":["https:\/\/www.facebook.com\/mobilierdesignoccasion"]},{"@type":"Person","@id":"https:\/\/www.mobilier-design-occasion.fr\/magazine\/#\/schema\/person\/5b2e5627a714ddadaaf8c9b886c55eff","name":"Cyrielle Poirot","image":{"@type":"ImageObject","inLanguage":"fr-FR","@id":"https:\/\/secure.gravatar.com\/avatar\/c8d2674e093b06894d8d1dc468b626bd752523471f3ac6e75f7c7a1400d40b4d?s=96&d=mm&r=g","url":"https:\/\/secure.gravatar.com\/avatar\/c8d2674e093b06894d8d1dc468b626bd752523471f3ac6e75f7c7a1400d40b4d?s=96&d=mm&r=g","contentUrl":"https:\/\/secure.gravatar.com\/avatar\/c8d2674e093b06894d8d1dc468b626bd752523471f3ac6e75f7c7a1400d40b4d?s=96&d=mm&r=g","caption":"Cyrielle Poirot"},"description":"Cyrielle est passionn\u00e9e par la d\u00e9coration d'int\u00e9rieur et s'est sp\u00e9cialis\u00e9e depuis quelques ann\u00e9es dans l'\u00e9dition du site Mobilier-Design, avec une touche sp\u00e9cifique pour les produits d'occasion.","sameAs":["https:\/\/www.mobilier-design-occasion.fr\/magazine"],"url":"https:\/\/www.mobilier-design-occasion.fr\/magazine\/author\/cyrielle\/"}]}},"_links":{"self":[{"href":"https:\/\/www.mobilier-design-occasion.fr\/magazine\/wp-json\/wp\/v2\/posts\/4242","targetHints":{"allow":["GET"]}}],"collection":[{"href":"https:\/\/www.mobilier-design-occasion.fr\/magazine\/wp-json\/wp\/v2\/posts"}],"about":[{"href":"https:\/\/www.mobilier-design-occasion.fr\/magazine\/wp-json\/wp\/v2\/types\/post"}],"author":[{"embeddable":true,"href":"https:\/\/www.mobilier-design-occasion.fr\/magazine\/wp-json\/wp\/v2\/users\/1"}],"replies":[{"embeddable":true,"href":"https:\/\/www.mobilier-design-occasion.fr\/magazine\/wp-json\/wp\/v2\/comments?post=4242"}],"version-history":[{"count":12,"href":"https:\/\/www.mobilier-design-occasion.fr\/magazine\/wp-json\/wp\/v2\/posts\/4242\/revisions"}],"predecessor-version":[{"id":4268,"href":"https:\/\/www.mobilier-design-occasion.fr\/magazine\/wp-json\/wp\/v2\/posts\/4242\/revisions\/4268"}],"wp:featuredmedia":[{"embeddable":true,"href":"https:\/\/www.mobilier-design-occasion.fr\/magazine\/wp-json\/wp\/v2\/media\/4254"}],"wp:attachment":[{"href":"https:\/\/www.mobilier-design-occasion.fr\/magazine\/wp-json\/wp\/v2\/media?parent=4242"}],"wp:term":[{"taxonomy":"category","embeddable":true,"href":"https:\/\/www.mobilier-design-occasion.fr\/magazine\/wp-json\/wp\/v2\/categories?post=4242"},{"taxonomy":"post_tag","embeddable":true,"href":"https:\/\/www.mobilier-design-occasion.fr\/magazine\/wp-json\/wp\/v2\/tags?post=4242"}],"curies":[{"name":"wp","href":"https:\/\/api.w.org\/{rel}","templated":true}]}}